{"id":7419,"date":"2012-12-17T18:44:31","date_gmt":"2012-12-17T17:44:31","guid":{"rendered":"https:\/\/frank-lovisolo.fr\/WordPress\/?p=7419"},"modified":"2026-04-12T07:31:01","modified_gmt":"2026-04-12T05:31:01","slug":"trois-imposteurs","status":"publish","type":"post","link":"https:\/\/frank-lovisolo.fr\/WordPress\/trois-imposteurs\/","title":{"rendered":"Trois imposteurs &#8211; Composition Musicale ElectroAth\u00e9iste"},"content":{"rendered":"<span class=\"span-reading-time rt-reading-time\" style=\"display: block;\"><span class=\"rt-label rt-prefix\">Reading Time: <\/span> <span class=\"rt-time\"> 9<\/span> <span class=\"rt-label rt-postfix\">minutes<\/span><\/span><p><span style=\"color: #ffffff; font-size: 8px;\">Trois imposteurs &#8211; Trois imposteurs &#8211; Trois imposteurs &#8211; Trois imposteurs &#8211; Trois imposteurs &#8211;<a href=\"#com\"><img decoding=\"async\" class=\"wp-image-15068 size-full alignright\" src=\"https:\/\/frank-lovisolo.fr\/WordPress\/wp-content\/uploads\/2015\/06\/ComOrange.jpg\" alt=\"ComRouge\" title=\"-\"><\/a> <\/span><\/p>\n<h5 style=\"text-align: justify;\"><span class=\"ez-toc-section\" id=\"pour-epicure-%c2%ab-les-dieux-ne-sont-pas-a-craindre-%c2%bb\"><\/span><span style=\"font-size: 20px;\"><img loading=\"lazy\" decoding=\"async\" class=\" wp-image-21626 alignleft\" src=\"https:\/\/frank-lovisolo.fr\/WordPress\/wp-content\/uploads\/2036\/08\/Epikouros_Epicure.jpg\" alt=\"- - -\" width=\"76\" height=\"114\" title=\"-\" srcset=\"https:\/\/frank-lovisolo.fr\/WordPress\/wp-content\/uploads\/2036\/08\/Epikouros_Epicure.jpg 260w, https:\/\/frank-lovisolo.fr\/WordPress\/wp-content\/uploads\/2036\/08\/Epikouros_Epicure-100x150.jpg 100w, https:\/\/frank-lovisolo.fr\/WordPress\/wp-content\/uploads\/2036\/08\/Epikouros_Epicure-150x225.jpg 150w\" sizes=\"auto, (max-width: 76px) 100vw, 76px\" \/>Pour <a href=\"https:\/\/fr.wikipedia.org\/wiki\/%C3%89picure\" target=\"_blank\" rel=\"noopener\">Epicure<\/a> , \u00ab Les dieux ne sont pas \u00e0 craindre. \u00bb<\/span><span class=\"ez-toc-section-end\"><\/span><\/h5>\n<div style=\"text-align: justify;\"><span style=\"font-size: 20px;\"><span style=\"font-size: 20px;\"><em><strong>En effet, pour \u00c9picure, les dieux sont des \u00eatres qui existent dans un \u00e9tat de b\u00e9atitude permanent.<\/strong><br \/>\nLeur nature m\u00eame fait qu&rsquo;ils n&rsquo;interviendront jamais dans la vie des hommes.<br \/>\n<a href=\"https:\/\/frankcesarlovisolo.bandcamp.com\/track\/trois-imposteurs\" target=\"_blank\" rel=\"noopener\"><span style=\"color: #ffffff;\"><img loading=\"lazy\" decoding=\"async\" class=\"alignright size-medium\" src=\"https:\/\/f4.bcbits.com\/img\/a2667503872_2.jpg\" width=\"350\" height=\"350\" alt=\"- - -\" title=\"-\"><\/span><\/a>De ce fait, \u00c9picure combat toute la tradition antique qui veut que les dieux soient jaloux ou rancuniers.<br \/>\nPar cons\u00e9quent, puisque les dieux sont tourn\u00e9s vers leur b\u00e9atitude et leur bonheur, nous ne devons pas les craindre comme pouvant abattre leur divine col\u00e8re ou punition sur nous, <strong>nous devons juste les prendre pour mod\u00e8le de bonheur.<\/strong><\/em><\/span><\/span><\/div>\n<div><\/div>\n<div><a href=\"https:\/\/frankcesarlovisolo.bandcamp.com\/track\/trois-imposteurs\" target=\"_blank\" rel=\"noopener\"><img loading=\"lazy\" decoding=\"async\" class=\"size-full wp-image-51221 alignleft\" src=\"https:\/\/frank-lovisolo.fr\/WordPress\/wp-content\/uploads\/2025\/11\/bandcamp-logotype-color-400-FrankV2.png\" alt=\"- - -\" width=\"400\" height=\"33\" title=\"-\" srcset=\"https:\/\/frank-lovisolo.fr\/WordPress\/wp-content\/uploads\/2025\/11\/bandcamp-logotype-color-400-FrankV2.png 400w, https:\/\/frank-lovisolo.fr\/WordPress\/wp-content\/uploads\/2025\/11\/bandcamp-logotype-color-400-FrankV2-250x21.png 250w, https:\/\/frank-lovisolo.fr\/WordPress\/wp-content\/uploads\/2025\/11\/bandcamp-logotype-color-400-FrankV2-150x12.png 150w\" sizes=\"auto, (max-width: 400px) 100vw, 400px\" \/><\/a><\/div>\n<div><span style=\"color: #ffffff;\">&#8211;<\/span><\/div>\n<div><\/div>\n<div><span style=\"color: #ffffff;\">&#8211;<\/span><\/div>\n<div>\n<h5 style=\"text-align: justify;\"><span class=\"ez-toc-section\" id=\"musique-experimentale-pour\"><\/span><strong><span style=\"font-size: 20px;\">Musique exp\u00e9rimentale pour:<\/span><\/strong><span class=\"ez-toc-section-end\"><\/span><\/h5>\n<p style=\"text-align: justify;\"><strong><span style=\"font-size: 20px;\"> Piano pr\u00e9par\u00e9, Vibraphone, Percussions, Synth\u00e9tiseur, Voix et Waterphone&#8230;.<\/span><\/strong><span style=\"color: #ffffff;\">&#8211;<\/span><span style=\"color: #ffffff;\">&#8211;<\/span><span style=\"font-size: 18px;\">Illustration musicale pour le trait\u00e9 des\u00a0Trois imposteurs. Musique ElectroAth\u00e9iste.Music composition for the Treatise of the Three Impostors. Music ElectroAtheist.<\/span><\/p>\n<\/div>\n<table style=\"width: 100%; border-collapse: collapse;\" cellpadding=\"10\">\n<tbody>\n<tr style=\"height: 42px;\">\n<td style=\"width: 50%; height: 42px;\" colspan=\"2\">\n<div>\n<hr \/>\n<\/div>\n<\/td>\n<\/tr>\n<tr style=\"height: 842px;\">\n<td style=\"height: 842px;\" colspan=\"2\">\n<div id=\"attachment_32318\" style=\"width: 230px\" class=\"wp-caption alignleft\"><img loading=\"lazy\" decoding=\"async\" aria-describedby=\"caption-attachment-32318\" class=\"wp-image-32318 size-full\" src=\"https:\/\/frank-lovisolo.fr\/WordPress\/wp-content\/uploads\/2019\/10\/220px-Paul_Dirac_1933.jpg\" alt=\"Paul Dirac en 1933\" width=\"220\" height=\"325\" title=\"-\" srcset=\"https:\/\/frank-lovisolo.fr\/WordPress\/wp-content\/uploads\/2019\/10\/220px-Paul_Dirac_1933.jpg 220w, https:\/\/frank-lovisolo.fr\/WordPress\/wp-content\/uploads\/2019\/10\/220px-Paul_Dirac_1933-102x150.jpg 102w\" sizes=\"auto, (max-width: 220px) 100vw, 220px\" \/><p id=\"caption-attachment-32318\" class=\"wp-caption-text\">Paul Dirac en 1933<\/p><\/div>\n<p style=\"text-align: justify;\">\u00ab <em><span style=\"font-size: 32px;\">J<\/span><span style=\"font-size: 20px;\">e ne comprends pas pourquoi nous perdons du temps \u00e0 parler de la religion. Si nous \u00e9tions honn\u00eates \u2014 et les scientifiques se doivent de l&rsquo;\u00eatre \u2014 nous devrions alors admettre que la religion est un fatras d&rsquo;assertions inexactes, qui ne reposent sur aucune base dans la r\u00e9alit\u00e9. L&rsquo;id\u00e9e m\u00eame de Dieu est un produit de l&rsquo;imagination humaine. Il est tout \u00e0 fait compr\u00e9hensible pourquoi des personnes primitives, qui \u00e9taient bien plus expos\u00e9es aux forces \u00e9crasantes de la nature que nous le sommes aujourd&rsquo;hui, avaient d\u00fb personnifier ces forces en peur et tremblement.<\/span><\/em><\/p>\n<p style=\"text-align: justify;\"><em><span style=\"font-size: 20px;\">Mais de nos jours, puisque nous comprenons tant de processus naturels, nous n&rsquo;avons pas besoin de ces solutions. Je ne vois absolument pas en quoi le postulat d&rsquo;un Dieu tout-puissant nous aide en quoi que ce soit. Ce que je vois c&rsquo;est que cette hypoth\u00e8se m\u00e8ne \u00e0 de tels questionnements st\u00e9riles comme pourquoi Dieu permet autant de mis\u00e8re et d&rsquo;injustice, l&rsquo;exploitation des pauvres par les riches et toutes les autres horreurs qu&rsquo;Il aurait pu emp\u00eacher.<\/span><\/em><\/p>\n<p style=\"text-align: justify;\"><em><span style=\"font-size: 20px;\">Si la religion est toujours enseign\u00e9e, ce n&rsquo;est pas du tout parce que ses id\u00e9es nous convainquent encore, mais simplement parce que certains parmi nous veulent garder la classe populaire en silence.<\/span><\/em><\/p>\n<p style=\"text-align: justify;\"><em><span style=\"font-size: 20px;\">Des gens silencieux sont bien plus faciles \u00e0 gouverner que les vocif\u00e9rants et insatisfaits. Ils sont aussi plus facilement exploitables. La religion est une sorte d&rsquo;opium qui permet \u00e0 une nation de se bercer elle-m\u00eame de doux r\u00eaves et \u00e0 oublier les injustices qui sont perp\u00e9tr\u00e9es contre les gens. D&rsquo;o\u00f9 l&rsquo;alliance rapproch\u00e9e de ces deux grandes forces politiques, l&rsquo;\u00c9tat et l&rsquo;\u00c9glise.<\/span><\/em><\/p>\n<p style=\"text-align: justify;\"><span style=\"font-size: 20px;\"><em>Les deux ont besoin de l&rsquo;illusion qu&rsquo;un gentil Dieu r\u00e9compense, au paradis si ce n&rsquo;est sur Terre, tous ceux qui ne se sont pas lev\u00e9s contre les injustices, qui ont accompli leur devoir silencieusement et sans plaintes. C&rsquo;est pr\u00e9cis\u00e9ment pourquoi l&rsquo;honn\u00eate assertion qui ve<\/em>ut<em> que Dieu est un simple produit de l&rsquo;imagination humaine est marqu\u00e9 comme le pire des p\u00e9ch\u00e9s mortels.\u00a0\u00bb<\/em><\/span><\/p>\n<p><a href=\"https:\/\/fr.wikipedia.org\/wiki\/Paul_Dirac\" target=\"_blank\" rel=\"noopener noreferrer\">Paul Dirac<\/a><\/p>\n<h5 style=\"text-align: center;\"><span class=\"ez-toc-section\" id=\"-page-suivante-francois-faucon-conference-sur-le-traite-des-3-imposteur\"><\/span><span style=\"background-color: #000000; color: #ffffff;\"><strong><span style=\"font-size: 20px; background-color: #000000;\">\u00a0<span style=\"color: #65b2ff;\"><a style=\"color: #65b2ff;\" href=\"https:\/\/frank-lovisolo.fr\/WordPress\/trois-imposteurs\/2\/\">Page suivante : Fran\u00e7ois FAUCON, conf\u00e9rence sur le Trait\u00e9 des 3 imposteur<\/a>.<\/span>\u00a0<\/span><\/strong><\/span><span class=\"ez-toc-section-end\"><\/span><\/h5>\n<\/td>\n<\/tr>\n<\/tbody>\n<\/table>\n<p><!--nextpage--><\/p>\n<table style=\"width: 100%; border-collapse: collapse;\" cellpadding=\"10\">\n<tbody>\n<tr>\n<td style=\"width: 50%;\" colspan=\"2\">\n<h5 style=\"text-align: center;\"><strong><span style=\"font-size: 20px;\">Fran\u00e7ois FAUCON, conf\u00e9rence sur le Trait\u00e9 des 3 imposteur.\u00a0<\/span><\/strong><\/h5>\n<\/td>\n<\/tr>\n<tr>\n<td style=\"width: 50%; vertical-align: top;\"><strong><img loading=\"lazy\" decoding=\"async\" class=\"wp-image-41893 alignleft\" src=\"https:\/\/frank-lovisolo.fr\/WordPress\/wp-content\/uploads\/2012\/12\/telechargement-e1648144312471.jpg\" alt=\"Fran\u00e7ois faucon\" width=\"147\" height=\"169\" title=\"-\" srcset=\"https:\/\/frank-lovisolo.fr\/WordPress\/wp-content\/uploads\/2012\/12\/telechargement-e1648144312471.jpg 191w, https:\/\/frank-lovisolo.fr\/WordPress\/wp-content\/uploads\/2012\/12\/telechargement-e1648144312471-131x150.jpg 131w\" sizes=\"auto, (max-width: 147px) 100vw, 147px\" \/><\/strong><\/p>\n<p><strong>Fran\u00e7ois FAUCON\u00a0<\/strong><\/p>\n<div style=\"text-align: justify;\"><span style=\"font-size: 20px;\">Professeur certifi\u00e9 d&rsquo;Histoire-G\u00e9ographie-EMC<\/span><\/div>\n<div style=\"text-align: justify;\"><span style=\"font-size: 20px;\">Intervenant \u00e0 la Maison de la Philosophie de Toulouse<\/span><\/div>\n<div style=\"text-align: justify;\"><span style=\"font-size: 20px;\">Dipl\u00f4me d&rsquo;Etudes Musicales du Conservatoire National de R\u00e9gion de Nice<\/span><\/div>\n<div><\/div>\n<div style=\"text-align: justify;\"><span style=\"font-size: 20px;\">N\u00e9 \u00e0 Nice, enfant des Alpes de Haute Provence et d\u2019une lointaine \u00eele Maurice, il se passionne pour le Moyen \u00c2ge, ses mythes et ses mentalit\u00e9s.<\/span><\/div>\n<div style=\"text-align: justify;\"><span style=\"font-size: 20px;\">Entre deux notes de musique, il prend sa plume et couche sur le papier les id\u00e9es qui errent dans son esprit en attente d\u2019une page pour leur donner vie.<\/span><\/div>\n<p style=\"text-align: left;\">Site personnel : https:\/\/lewebpedagogique.com\/perso84100<\/p>\n<\/td>\n<td style=\"width: 50%; text-align: right; vertical-align: middle;\"><div style=\"width: 512px;\" class=\"wp-video\"><video class=\"wp-video-shortcode\" id=\"video-7419-1\" width=\"512\" height=\"277\" poster=\"https:\/\/frank-lovisolo.fr\/WordPress\/wp-content\/uploads\/2012\/12\/traiteimpost.jpg\" controls=\"controls\"><source type=\"video\/mp4\" src=\"https:\/\/frank-lovisolo.fr\/soediv\/traite-trois-imposteurs-fran\u00e7ois-faucon.mp4?_=1\" \/><a href=\"https:\/\/frank-lovisolo.fr\/soediv\/traite-trois-imposteurs-fran\u00e7ois-faucon.mp4\">https:\/\/frank-lovisolo.fr\/soediv\/traite-trois-imposteurs-fran\u00e7ois-faucon.mp4<\/a><\/video><\/div><\/td>\n<\/tr>\n<tr>\n<td style=\"width: 50%;\" colspan=\"2\"><span style=\"text-decoration: underline; font-size: 20px;\">Monsieur Faucon m\u2019avait demand\u00e9 le pourquoi de cette composition. Je lui ai r\u00e9pondu\u00a0:<\/span><\/p>\n<div style=\"text-align: justify; padding-left: 40px;\"><span style=\"font-size: 20px;\"><em>Il faut, tout d\u2019abord, que je retourne en 2012, l\u2019ann\u00e9e de cette composition o\u00f9 j\u2019ai lu plusieurs ouvrages sur l\u2019ath\u00e9isme. Le point de d\u00e9part reste certainement \u00c9picure. <\/em><\/span><\/div>\n<div style=\"text-align: justify; padding-left: 40px;\"><span style=\"font-size: 20px;\"><em>Je trouve les compositeurs assez frileux quand il s\u2019agit d\u2019aborder de mani\u00e8re directe l\u2019ath\u00e9isme. Beaucoup d\u2019entre eux se r\u00e9fugient dans un pseudo-mysticisme rassurant. <\/em><\/span><\/div>\n<div style=\"text-align: justify; padding-left: 40px;\"><span style=\"font-size: 20px;\"><em>Il me fallait rendre hommage aux personnages r\u00e9els ou \u00ab\u2009irr\u00e9els\u2009\u00bb qui ont contribu\u00e9 \u00e0 cet ouvrage \u00e9th\u00e9r\u00e9. <\/em><\/span><\/div>\n<p style=\"text-align: justify; padding-left: 40px;\"><span style=\"font-size: 20px;\"><em>Il \u00e9tait, durant cette p\u00e9riode, plut\u00f4t dangereux de se positionner contre le despotisme religieux. Ainsi, de nos jours, aux \u00c9tats-Unis, il demeure tr\u00e8s mal vu d\u2019afficher son ath\u00e9isme. Cette composition est l\u2019illustration artistique et parfaitement abstraite de mes questionnements, ainsi qu\u2019un hommage \u00e0 ceux qui ont permis aux textes de nous parvenir\u2009! Symboliquement dans notre soci\u00e9t\u00e9, o\u00f9 la la\u00efcit\u00e9 est mise \u00e0 mal par l\u2019imposture des moralines religieuses, ce livre et d\u2019autres deviennent pr\u00e9cieux.<\/em><\/span><\/p>\n<p style=\"text-align: right;\"><span style=\"font-size: 14px;\">F\u00e9vrier 2022<\/span><\/p>\n<\/td>\n<\/tr>\n<\/tbody>\n<\/table>\n<p><!--nextpage--><\/p>\n<table style=\"width: 100%;\" cellpadding=\"10\">\n<tbody>\n<tr>\n<td style=\"text-align: justify; background-color: #ffffff; width: 99.5649%;\">\n<div><span style=\"color: #000000;\"><img loading=\"lazy\" decoding=\"async\" class=\"alignright wp-image-16975 size-medium\" title=\"Trois imposteurs - Lovisolo - Ath\u00e9isme\" src=\"https:\/\/frank-lovisolo.fr\/WordPress\/wp-content\/uploads\/2012\/12\/Triptyque-013-560x332.jpg\" alt=\"Trois imposteurs - Lovisolo - Ath\u00e9isme\" width=\"560\" height=\"332\" srcset=\"https:\/\/frank-lovisolo.fr\/WordPress\/wp-content\/uploads\/2012\/12\/Triptyque-013-560x332.jpg 560w, https:\/\/frank-lovisolo.fr\/WordPress\/wp-content\/uploads\/2012\/12\/Triptyque-013-1024x607.jpg 1024w, https:\/\/frank-lovisolo.fr\/WordPress\/wp-content\/uploads\/2012\/12\/Triptyque-013-250x148.jpg 250w, https:\/\/frank-lovisolo.fr\/WordPress\/wp-content\/uploads\/2012\/12\/Triptyque-013-150x89.jpg 150w, https:\/\/frank-lovisolo.fr\/WordPress\/wp-content\/uploads\/2012\/12\/Triptyque-013.jpg 1200w\" sizes=\"auto, (max-width: 560px) 100vw, 560px\" \/><\/span><\/div>\n<h5><span style=\"color: #000000; font-size: 24px;\">Quelques-uns, de leur vie, ont pay\u00e9 \u00e0 vouloir transmettre la lumi\u00e8re et certains, malgr\u00e9 leur ath\u00e9isme, ont sombr\u00e9 dans d\u2019autres obscurantismes.<\/span><\/h5>\n<div><span style=\"color: #ffffff;\">&#8211;<\/span><\/div>\n<div><span style=\"color: #000000;\"><span style=\"font-size: 14px;\">ALAIN, JEAN D&rsquo;ALEMBERT, WOODY ALLEN, ANAXIMANDRE DE MILET, LOUIS ARAGON, L&rsquo;ARETIN, MARQUIS D&rsquo;ARGENS, ARISTOTE, KAREN ARMSTRONG, AVERROES, FRANCIS BACON, MIKHAIL BAKOUNINE, GEORGES BATAILLE, PIERRE BAYLE, SIMONE DE BEAUVOIR, BALTHAZAR BEKKER, INGMAR BERGMAN, HENRI BERGSON, CLAUDE BERNARD, PAUL BERT, PIERRE BERTHELOT, LEON BLUM, JEAN BOCCACE, JEAN BODIN, BOECE, ABBE BOUCHARD, HENRI DE BOULAINVILLIERS, JACQUES BOUVERESSE, ARISTIDE BRIAND, PAUL BROCA, THOMAS BROWN, GIORDANO BRUNO, LEON BRUNSCHVICG, GEORGES-LOUIS BUFFON, FERDINAND BUISSON, LUIS BUNUEL,<\/span> <span style=\"font-size: 14px;\">CALLIMAQUE, ALBERT CAMUS, RUDOLF CARNAP, LAZARE CARNOT, CASANOVA, CATULLE, FRAN\u00c7OIS CAVANNA, LOUIS-FERDINAND CELINE, CELSE, JEAN-PIERRE CHANGEUX, PIERRE CHARRON, CHRISTINE DE SUEDE, CICERON, EMIL CIORAN, GEORGES CLEMENCEAU, JEAN-BAPTISTE CLEMENT, ANACHARSIS CLOOTS, EMILE COMBES, AUGUSTE COMTE, ANDRE COMTE-SPONVILLE, ABBE DE CONDILLAC, MARQUIS DE CONDORCET, BENEDETTO CROCE, CYRANO DE BERGERAC, CHARLES DARWIN, RICHARD DAWKINS, DEMOCRITE, DIAGORAS L&rsquo;ATHEE, DENIS DIDEROT, DIOGENE LE CYNIQUE, ETIENNE DOLET, CESAR CHESNEAU DUMARSAIS, EMILE DURKHEIM, ALBERT EINSTEIN, SERGUE\u00cf EISENSTEIN, EMPEDOCLE, FRIEDRICH ENGELS, ERASME, EVHEMERE, FEDERICO FELLINI, JULES FERRY, LUDWIG FEUERBACH, JOHANN GOTTLIEB FICHTE, EUGEN FINK, FONTENELLE, BENJAMIN FRANKLIN, FREDERIC II, SIGMUND FREUD, CLAUDE GALIEN, LEON GAMBETTA, GASSENDI, ANDRE GIDE, GORGIAS, THOMAS HARDY, EDUARD VON HARTMANN, STEPHEN HAWKING, MARCEL HEBERT, HEGEL, MARTIN HEIDEGGER, HEINRICH HEINE, CLAUDE HELVETIUS, ERNEST HEMINGWAY, HERACLITE, EDOUARD HERRIOT, HIPPOCRATE, AYAAN HIRSI ALI, CHRISTOPHER HITCHENS, THOMAS HOBBES, BARON D&rsquo;HOLBACH, MICHEL HOUELLEBECQ, ALPHONSE HUMBERT, DAVID HUME, ALBERT JACQUARD, HENRY JAMES, KARL JASPERS, JEAN JAURES, THOMAS JEFFERSON, JAMES JOYCE, CARL GUSTAV JUNG, EMMANUEL KANT, OMAR KHAYYAM, MICHEL DE L&rsquo;HOSPITAL, GUY DE LA BROSSE, JEAN DE LA FONTAINE, LA METTRIE, FRAN\u00c7OIS DE LA MOTHE LE VAYER, HENRI LABORIT, PAUL LAFARGUE, MARQUIS DE LAPLACE, PIERRE LAROUSSE, LENINE, GOTTHOLD EPHRAIM LESSING, LUCIEN LEVY-BRUHL, EMILE LITTRE, JOHN LOCKE, ALFRED LOISY, HOWARD PHILLIPS LOVECRAFT, LUCIEN DE SAMOSATE, LUCRECE, NICCOLO MACHIAVEL, GIULIO MANCINI, MAO ZEDONG, JEAN-PAUL MARAT, SYLVAIN MARECHAL, CHRISTOPHER MARLOWE, KARL MARX, GUY DE MAUPASSANT, MAURICE MERLEAU-PONTY, JULES MICHELET, JOHN STUART MILL, COMTE DE MIRABEAU, MOLIERE, JACQUES MONOD, MICHEL DE MONTAIGNE, TASLIMA NASREEN, MAURICE DE NASSAU, FRIEDRICH NIETZSCHE, MICHEL ONFRAY, FRANK LOVISOLO, GERARD PONTHIEU, JOSE ORTEGA Y GASSET, GEORGE ORWELL, THOMAS PAINE, PIER PAOLO PASOLINI, PETRONE, LUIGI PIRANDELLO, JACQUES PREVERT, ABBE PREVOST, PROTAGORAS, PIERRE-JOSEPH PROUDHON, PYRRHON, FRAN\u00c7OIS RABELAIS, RAVACHOL, ERNEST RENAN, MAXIMILIEN ROBESPIERRE, JEAN ROSTAND, JEAN-JACQUES ROUSSEAU, SALMAN RUSHDIE, BERTRAND RUSSELL, MARQUIS DE SADE, SAINT-EVREMOND, SAINT-JUST, JEAN-PAUL SARTRE, VICTOR SCHOELCHER, ARTHUR SCHOPENHAUER, MICHEL SERVET, SEXTUS EMPIRICUS, SHAFTESBURY, SOCRATE, BARUCH SPINOZA, MAX STIRNER, HIPPOLYTE TAINE, THEODORE L&rsquo;ATHEE, MARK TWAIN, PAUL VALERY, FRANCISCO VAN DEN ENDEN, RAOUL VANEIGEM, VARRON, THEOPHILE DE VIAU, GIAMBATTISTA VICO, VOLTAIRE, MAX WEBER, ADAM WEISHAUPT, ALFRED NORTH WHITEHEAD, LUDWIG WITTGENSTEIN, PAUL DIRAC, EMILE ZOLA <sup><a href=\"#[1]\">[1]<\/a><\/sup><\/span><\/span><\/div>\n<\/td>\n<\/tr>\n<tr>\n<td style=\"background-color: #ebebeb; width: 99.5649%;\">\n<h3><strong><img loading=\"lazy\" decoding=\"async\" class=\"alignright\" title=\"Trois imposteurs\" src=\"https:\/\/frank-lovisolo.fr\/ImagesWPannexe\/TroisImposteurs.jpg\" alt=\"Trois imposteurs\" width=\"235\" height=\"339\" \/><span style=\"font-size: 20px;\">L&rsquo;Art de ne croire en rien suivi du Livre des trois imposteurs<\/span><\/strong><\/h3>\n<h5><span style=\"font-size: 20px;\">Pr\u00e9face de :\u00a0<a href=\"https:\/\/fr.wikipedia.org\/wiki\/Raoul_Vaneigem\" target=\"_blank\" rel=\"noopener noreferrer\">Raoul Vaneigem<\/a>\u00a0&#8211;\u00a0Editions : Rivages<\/span><\/h5>\n<p style=\"text-align: justify;\"><span style=\"font-size: 20px;\">On trouvera ici les t\u00e9moignages de Thomas Scoto, de Herman de Rijswijck, de Jacques Gruet, de No\u00ebl Journet, de Christopher Marlowe et de Geoffroy Vall\u00e9e, pendu en 1574 pour avoir \u00e9crit Le Fl\u00e9au de la foi, jadis cit\u00e9 sous le titre de L&rsquo;Art de ne croire en rien. L&rsquo;histoire de ce qu&rsquo;on appelle une pens\u00e9e libertine et impie contribue \u00e0 rectifier l&rsquo;opinion, g\u00e9n\u00e9ralement re\u00e7ue, d&rsquo;une \u00e9poque o\u00f9 la foi et l&rsquo;esprit religieux r\u00e9gnaient sans partage.<\/span><\/p>\n<p style=\"text-align: justify;\"><span style=\"font-size: 20px;\">Ouvrage mythique qui hanta la conscience d&rsquo;un Moyen Age pr\u00e9tendument chr\u00e9tien, le Livre des trois imposteurs a-t-il circul\u00e9 clandestinement \u00e0 l&rsquo;\u00e9tat de manuscrit du Xe au XVIe si\u00e8cle ? Les deux versions que nous publions ont \u00e9t\u00e9 r\u00e9dig\u00e9es, l&rsquo;une vers 1668, l&rsquo;autre en 1713, dans un esprit qui annonce la critique antireligieuse du baron d&rsquo;Holbach. Depuis Abu Tahir, qui proclama : \u00ab\u00a0En ce monde, trois individus ont tromp\u00e9 les hommes : un berger, un gu\u00e9risseur et un chamelier\u00a0\u00bb; l&rsquo;accusation d&rsquo;imposture \u00e0 l&rsquo;encontre de Mo\u00efse, de J\u00e9sus et de Mahomet se trouve plus d&rsquo;une fois attest\u00e9e comme un d\u00e9fi \u00e0 l&rsquo;oppression religieuse alors omnipr\u00e9sente.<\/span><\/p>\n<p>Wikipedia\u00a0<a href=\"https:\/\/fr.wikipedia.org\/wiki\/Trait%C3%A9_des_trois_imposteurs\" target=\"_blank\" rel=\"noopener noreferrer\">Trait\u00e9 des_trois_imposteurs<\/a><\/td>\n<\/tr>\n<tr>\n<td style=\"width: 99.5649%;\">\n<h3><a href=\"http:\/\/frank-lovisolo.fr\/pdf\/marechaldico.pdf\"><br \/>\nSylvain Mar\u00e9chal\u00a0(1750-1803)\u00a0\u00a0Dictionnaire\u00a0DES ATH\u00c9ES\u00a0ANCIENS ET MODERNES\u00a0(1833)<\/a><\/h3>\n<h4><a href=\"http:\/\/frank-lovisolo.fr\/pdf\/marechaldico.pdf\"><img loading=\"lazy\" decoding=\"async\" class=\"alignleft wp-image-17965\" src=\"https:\/\/frank-lovisolo.fr\/WordPress\/wp-content\/uploads\/2012\/12\/image-product-19.jpg\" alt=\"image-product-19\" width=\"330\" height=\"463\" title=\"-\" srcset=\"https:\/\/frank-lovisolo.fr\/WordPress\/wp-content\/uploads\/2012\/12\/image-product-19.jpg 428w, https:\/\/frank-lovisolo.fr\/WordPress\/wp-content\/uploads\/2012\/12\/image-product-19-107x150.jpg 107w, https:\/\/frank-lovisolo.fr\/WordPress\/wp-content\/uploads\/2012\/12\/image-product-19-150x210.jpg 150w\" sizes=\"auto, (max-width: 330px) 100vw, 330px\" \/><\/a><\/h4>\n<h5 style=\"text-align: justify;\"><span style=\"font-size: 20px;\">Avis de l&rsquo;\u00e9diteur :\u00a0<\/span><\/h5>\n<p style=\"text-align: justify;\"><span style=\"font-size: 20px;\">Le dictionnaire des Ath\u00e9es anciens et modernes, le plus recherch\u00e9\u00a0et le plus extraordinaire des ouvrages de Sylvain Mar\u00e9chal ne se\u00a0trouve plus aujourd&rsquo;hui ; on ne le voit plus que dans quelques\u00a0biblioth\u00e8ques particuli\u00e8res, encore est-il rare de l&rsquo;y rencontrer avec les\u00a0deux suppl\u00e9ments de Lalande, qui ne furent imprim\u00e9s qu&rsquo;\u00e0 un tr\u00e8s\u00a0petit nombre et distribu\u00e9s seulement aux amis de l&rsquo;auteur ; aussi il\u00a0nous e\u00fbt \u00e9t\u00e9 difficile de r\u00e9unir le tout sans la communication pr\u00e9cieuse\u00a0qui nous a \u00e9t\u00e9 faite d&rsquo;un exemplaire destin\u00e9 depuis longtemps par\u00a0Mar\u00e9chal lui-m\u00eame, \u00e0 une seconde \u00e9dition et contenant \u00e0 la fois\u00a0plusieurs articles in\u00e9dits qui devaient y prendre place, l&rsquo;indication d&rsquo;un\u00a0nouvel ordre \u00e0 adopter et la clef des noms qui dans la premi\u00e8re avaient\u00a0\u00e9t\u00e9 abr\u00e9g\u00e9s. <a href=\"http:\/\/frank-lovisolo.fr\/pdf\/marechaldico.pdf\" target=\"_blank\" rel=\"noopener noreferrer\">Lire la Suite et le livre &gt;&gt;&gt;&gt;&gt;<\/a><\/span><\/p>\n<p style=\"text-align: justify;\"><span style=\"font-size: 20px;\"><b><a href=\"https:\/\/fr.wikipedia.org\/wiki\/Sylvain_Mar%C3%A9chal\" target=\"_blank\" rel=\"noopener noreferrer\"><img loading=\"lazy\" decoding=\"async\" class=\"alignright size-full wp-image-17964\" src=\"https:\/\/frank-lovisolo.fr\/WordPress\/wp-content\/uploads\/2012\/12\/Marechal.jpg\" alt=\"Marechal\" width=\"176\" height=\"224\" title=\"-\" srcset=\"https:\/\/frank-lovisolo.fr\/WordPress\/wp-content\/uploads\/2012\/12\/Marechal.jpg 176w, https:\/\/frank-lovisolo.fr\/WordPress\/wp-content\/uploads\/2012\/12\/Marechal-118x150.jpg 118w, https:\/\/frank-lovisolo.fr\/WordPress\/wp-content\/uploads\/2012\/12\/Marechal-150x191.jpg 150w\" sizes=\"auto, (max-width: 176px) 100vw, 176px\" \/>Pierre Sylvain Mar\u00e9chal<\/a><\/b>, n\u00e9 le 15 ao\u00fbt 1750 \u00e0 Paris, et mort le 18 janvier 1803 \u00e0 Montrouge, est un \u00e9crivain, po\u00e8te et pamphl\u00e9taire fran\u00e7ais. Militant r\u00e9publicain, pr\u00e9curseur de la gr\u00e8ve g\u00e9n\u00e9rale et de l\u2019anarchisme, il participa avec Gracchus Babeuf \u00e0 la conjuration des \u00c9gaux.<\/span><\/p>\n<p style=\"text-align: justify;\"><span style=\"font-size: 20px;\">Voulant d\u00e9livrer l\u2019homme de toute servitude, Sylvain Mar\u00e9chal, \u00ab\u00a0l\u2019homme sans Dieu\u00a0\u00bb, est sans doute l\u2019un des plus fervents partisans de l\u2019ath\u00e9isme durant la R\u00e9volution.<\/span><\/p>\n<blockquote>\n<p style=\"text-align: justify;\"><span style=\"color: #000080; font-size: 20px;\"><em>\u00ab\u00a0Le peuple la re\u00e7oit [la religion] sur parole. Il est catholique, comme il serait ath\u00e9e si ses anc\u00eatres l&rsquo;eussent \u00e9t\u00e9. \u00a0Dieu ressemble \u00e0 ces vieux meubles qui, loin de servir, ne font qu&#8217;embarrasser, mais que l&rsquo;on se transmet de la main \u00e0 la main, dans les familles, et que l&rsquo;on garde religieusement, parce que le fils l&rsquo;a re\u00e7u de son p\u00e8re, et son p\u00e8re de son a\u00efeul.\u00a0\u00bb<\/em><\/span><br \/>\n(Sylvain Mar\u00e9chal \/ 1750-1803)<\/p>\n<\/blockquote>\n<p style=\"text-align: justify;\">\n<\/td>\n<\/tr>\n<tr>\n<td style=\"background-color: #ebebeb; width: 99.5649%;\">\n<p style=\"text-align: justify;\"><img loading=\"lazy\" decoding=\"async\" class=\"alignright\" title=\"Trois imposteurs - Dictionnaire des ath\u00e9es, agnostiques, sceptiques et autres m\u00e9cr\u00e9ants\" src=\"https:\/\/frank-lovisolo.fr\/ImagesWPannexe\/dicodesathees.jpg\" alt=\"Trois imposteurs - Dictionnaire des ath\u00e9es, agnostiques, sceptiques et autres m\u00e9cr\u00e9ants\" width=\"330\" height=\"475\" \/> <strong>Dictionnaire des ath\u00e9es, agnostiques, sceptiques et autres m\u00e9cr\u00e9ants<\/strong><\/p>\n<p style=\"text-align: justify;\"><a href=\"https:\/\/fr.wikipedia.org\/wiki\/Georges_Minois\" target=\"_blank\" rel=\"noopener noreferrer\"><img loading=\"lazy\" decoding=\"async\" class=\"wp-image-17966 alignleft\" src=\"https:\/\/frank-lovisolo.fr\/WordPress\/wp-content\/uploads\/2012\/12\/Minois.jpg\" alt=\"Minois\" width=\"125\" height=\"167\" title=\"-\" srcset=\"https:\/\/frank-lovisolo.fr\/WordPress\/wp-content\/uploads\/2012\/12\/Minois.jpg 300w, https:\/\/frank-lovisolo.fr\/WordPress\/wp-content\/uploads\/2012\/12\/Minois-113x150.jpg 113w, https:\/\/frank-lovisolo.fr\/WordPress\/wp-content\/uploads\/2012\/12\/Minois-150x200.jpg 150w\" sizes=\"auto, (max-width: 125px) 100vw, 125px\" \/><span style=\"font-size: 20px;\">Georges MINOIS\u00a0<\/span><\/a><span style=\"font-size: 20px;\">(Auteur),\u00a0<a href=\"https:\/\/fr.wikipedia.org\/wiki\/Andr%C3%A9_Comte-Sponville\" target=\"_blank\" rel=\"noopener noreferrer\">Andr\u00e9 Comte-Sponville\u00a0<\/a>(Pr\u00e9face)<\/span><\/p>\n<p style=\"text-align: justify;\"><span style=\"font-size: 20px;\">R\u00e9sum\u00e9 :<\/span><\/p>\n<p style=\"text-align: justify;\"><span style=\"font-size: 20px;\">\u00ab Il y a plusieurs fa\u00e7ons de ne croire en aucun dieu. On peut douter de tous, juger que la question de leur existence est ind\u00e9cidable, ou encore affirmer leur inexistence. Cela d\u00e9finit trois positions diff\u00e9rentes : le scepticisme, l&rsquo;agnosticisme, l&rsquo;ath\u00e9isme. Ce qui les rapproche ?<\/span><\/p>\n<p style=\"text-align: justify;\"><span style=\"font-size: 20px;\">De n&rsquo;\u00eatre pas religieuses. A la question \u00ab\u00a0Croyez-vous en Dieu ?\u00a0\u00bb, les partisans de l&rsquo;un ou l&rsquo;autre de ces trois courants peuvent en effet, en toute rigueur, apporter la m\u00eame r\u00e9ponse : \u00ab Non. \u00bb C&rsquo;est ce qui justifie que Georges Minois ait pu les rassembler dans un m\u00eame et remarquable dictionnaire : tous sont des\u00a0<i>m\u00e9cr\u00e9ants<\/i>, si l&rsquo;on entend par l\u00e0, conform\u00e9ment \u00e0 l&rsquo;usage, quelqu&rsquo;un qui ne croit pas en Dieu.<\/span><\/p>\n<p style=\"text-align: justify;\"><span style=\"font-size: 20px;\">L&rsquo;ath\u00e9isme n&rsquo;est pas une doctrine. On serait bien en peine de trouver une seule th\u00e8se positive qui soit commune \u00e0 tous ses partisans, ou m\u00eame \u00e0 la plupart d&rsquo;entre eux. C&rsquo;est qu&rsquo;ils ne s&rsquo;accordent que sur ce qu&rsquo;ils refusent. Ils n&rsquo;ont en commun qu&rsquo;une seule th\u00e8se, purement n\u00e9gative, que leur nom r\u00e9sume (<i>ath\u00e9os<\/i>: \u00ab\u00a0sans Dieu\u00a0\u00bb) et qui suffit \u00e0 les d\u00e9finir : ils pensent que Dieu, ou les dieux, n&rsquo;existent pas.<\/span><\/p>\n<p style=\"text-align: justify;\"><span style=\"font-size: 20px;\">Pourquoi ? Comment ? Avec quels arguments ? Contre quels adversaires ? C&rsquo;est ce que ce monumental dictionnaire &#8211; d&rsquo;autant plus impressionnant qu&rsquo;il est l&rsquo;oeuvre d&rsquo;un seul auteur &#8211; permet d&rsquo;explorer. (C&rsquo;est un travail consid\u00e9rable, qui vient \u00e0 son heure. Il \u00e9tait urgent, face \u00e0 ce qu&rsquo;on appelle parfois le \u00ab\u00a0retour du religieux\u00a0\u00bb et qui prend trop souvent la forme d&rsquo;une mont\u00e9e des fanatismes, de faire entendre d&rsquo;autres voix, qui sont de libert\u00e9, de lucidit\u00e9, de r\u00e9volte et d&rsquo;incroyance. \u00bb Andr\u00e9 Comte-Sponville<\/span><\/p>\n<blockquote>\n<p style=\"text-align: justify;\"><span style=\"font-size: 20px;\">Note de l&rsquo;\u00e9diteur :<\/span><\/p>\n<p style=\"text-align: justify;\"><em><img loading=\"lazy\" decoding=\"async\" class=\"alignleft wp-image-19233 size-full\" title=\"Trois imposteurs - Lovisolo - Ath\u00e9isme\" src=\"https:\/\/frank-lovisolo.fr\/WordPress\/wp-content\/uploads\/2012\/12\/ath\u00e9-sign-sign.jpg\" alt=\"Trois imposteurs - Lovisolo - Ath\u00e9isme\" width=\"210\" height=\"210\" srcset=\"https:\/\/frank-lovisolo.fr\/WordPress\/wp-content\/uploads\/2012\/12\/ath\u00e9-sign-sign.jpg 210w, https:\/\/frank-lovisolo.fr\/WordPress\/wp-content\/uploads\/2012\/12\/ath\u00e9-sign-sign-150x150.jpg 150w, https:\/\/frank-lovisolo.fr\/WordPress\/wp-content\/uploads\/2012\/12\/ath\u00e9-sign-sign-50x50.jpg 50w\" sizes=\"auto, (max-width: 210px) 100vw, 210px\" \/><span style=\"font-size: 20px;\">\u00ab A-th\u00e9isme \u00bb : la construction m\u00eame du mot porte la marque de la n\u00e9gativit\u00e9. Les ath\u00e9es penseraient essentiellement \u00ab contre \u00bb la religion, et se placeraient d\u2019eux-m\u00eames en marge de l\u2019histoire de la pens\u00e9e. Isol\u00e9s, solitaires, leur parole ferait figure d\u2019anecdote sans post\u00e9rit\u00e9. Pour d\u00e9montrer qu\u2019au contraire, l\u2019ath\u00e9isme a de tout temps constitu\u00e9 une vision du monde coh\u00e9rente, fertile et largement partag\u00e9e, l\u2019historien Georges Minois leur d\u00e9die un monumental dictionnaire qui va d\u2019Anaximandre de Milet \u00e0 \u00c9mile Zola en passant par Socrate, Voltaire, Aragon ou encore Woody Allen, ainsi que des dizaines de figures m\u00e9connues.<\/span><\/em><\/p>\n<p style=\"text-align: justify;\"><span style=\"font-size: 20px;\"><em> Il apporte par l\u00e0 une contribution pr\u00e9cieuse \u00e0 l\u2019histoire de la pens\u00e9e. Georges Minois, n\u00e9 en 1946, historien fran\u00e7ais sp\u00e9cialiste notamment d\u2019histoire religieuse, compte \u00e0 son actif une impressionnante bibliographie, qui comporte notamment les titres suivants : Histoire du mal de vivre. De la m\u00e9lancolie \u00e0 la d\u00e9pression (La Martini\u00e8re, 2003), Les Origines du mal. <\/em><\/span><\/p>\n<p style=\"text-align: justify;\"><span style=\"font-size: 20px;\"><em>Une histoire du p\u00e9ch\u00e9 originel (Fayard, 2002), Histoire de l\u2019ath\u00e9isme. Les incroyants dans le monde occidental des origines \u00e0 nos jours (Fayard, 1998), Histoire de l&rsquo;avenir. Des proph\u00e8tes \u00e0 la prospective (Fayard, 1996), Censure et culture sous l&rsquo;Ancien R\u00e9gime (Fayard, 1995), L&rsquo;\u00c9glise et la Science. Histoire d&rsquo;un malentendu (2 vol., Fayard, 1990-1991)&#8230; Il a publi\u00e9 en 2009 chez Albin Michel une \u00e9tude sur Le Trait\u00e9 des trois imposteurs : histoire d\u2019un livre blasph\u00e9matoire qui n\u2019existait pas.<\/em><\/span><\/p>\n<\/blockquote>\n<\/td>\n<\/tr>\n<tr>\n<td style=\"width: 99.5649%;\">\n<p><div id=\"attachment_16976\" style=\"width: 1034px\" class=\"wp-caption aligncenter\"><img loading=\"lazy\" decoding=\"async\" aria-describedby=\"caption-attachment-16976\" class=\"wp-image-16976 size-large\" title=\"Trois imposteurs\" src=\"https:\/\/frank-lovisolo.fr\/WordPress\/wp-content\/uploads\/2012\/12\/Triptyque-014-1024x607.jpg\" alt=\"Trois imposteurs\" width=\"1024\" height=\"607\" srcset=\"https:\/\/frank-lovisolo.fr\/WordPress\/wp-content\/uploads\/2012\/12\/Triptyque-014-1024x607.jpg 1024w, https:\/\/frank-lovisolo.fr\/WordPress\/wp-content\/uploads\/2012\/12\/Triptyque-014-560x332.jpg 560w, https:\/\/frank-lovisolo.fr\/WordPress\/wp-content\/uploads\/2012\/12\/Triptyque-014-250x148.jpg 250w, https:\/\/frank-lovisolo.fr\/WordPress\/wp-content\/uploads\/2012\/12\/Triptyque-014-150x89.jpg 150w, https:\/\/frank-lovisolo.fr\/WordPress\/wp-content\/uploads\/2012\/12\/Triptyque-014.jpg 1200w\" sizes=\"auto, (max-width: 1024px) 100vw, 1024px\" \/><p id=\"caption-attachment-16976\" class=\"wp-caption-text\">Illustration sise pour les Trois Imposteurs<\/p><\/div><\/td>\n<\/tr>\n<\/tbody>\n<\/table>\n<div style=\"text-align: center;\"><span style=\"color: #ffffff; font-size: 8px;\">Trois Imposteurs Trois Imposteurs Trois Imposteurs Trois Imposteurs Trois Imposteurs Trois Imposteurs Trois Imposteurs Trois Imposteurs.<\/span><a id=\"com\"><\/a><\/div>\n<div id=\"ez-toc-container\" class=\"ez-toc-v2_0_82_2 ez-toc-wrap-center counter-hierarchy ez-toc-counter ez-toc-light-blue ez-toc-container-direction\">\n<label for=\"ez-toc-cssicon-toggle-item-69efa7c93b9fd\" class=\"ez-toc-cssicon-toggle-label\"><p class=\"ez-toc-title\" style=\"cursor:inherit\">Table des mati\u00e8res<\/p>\n<span class=\"ez-toc-cssicon\"><span class=\"eztoc-hide\" style=\"display:none;\">Toggle<\/span><span class=\"ez-toc-icon-toggle-span\"><svg style=\"fill: #999;color:#999\" xmlns=\"http:\/\/www.w3.org\/2000\/svg\" class=\"list-377408\" width=\"20px\" height=\"20px\" viewBox=\"0 0 24 24\" fill=\"none\"><path d=\"M6 6H4v2h2V6zm14 0H8v2h12V6zM4 11h2v2H4v-2zm16 0H8v2h12v-2zM4 16h2v2H4v-2zm16 0H8v2h12v-2z\" fill=\"currentColor\"><\/path><\/svg><svg style=\"fill: #999;color:#999\" class=\"arrow-unsorted-368013\" xmlns=\"http:\/\/www.w3.org\/2000\/svg\" width=\"10px\" height=\"10px\" viewBox=\"0 0 24 24\" version=\"1.2\" baseProfile=\"tiny\"><path d=\"M18.2 9.3l-6.2-6.3-6.2 6.3c-.2.2-.3.4-.3.7s.1.5.3.7c.2.2.4.3.7.3h11c.3 0 .5-.1.7-.3.2-.2.3-.5.3-.7s-.1-.5-.3-.7zM5.8 14.7l6.2 6.3 6.2-6.3c.2-.2.3-.5.3-.7s-.1-.5-.3-.7c-.2-.2-.4-.3-.7-.3h-11c-.3 0-.5.1-.7.3-.2.2-.3.5-.3.7s.1.5.3.7z\"\/><\/svg><\/span><\/span><\/label><input type=\"checkbox\"  id=\"ez-toc-cssicon-toggle-item-69efa7c93b9fd\" checked \/><nav><ul class='ez-toc-list ez-toc-list-level-1 ' ><ul class='ez-toc-list-level-5' ><li class='ez-toc-heading-level-5'><ul class='ez-toc-list-level-5' ><li class='ez-toc-heading-level-5'><a class=\"ez-toc-link ez-toc-heading-1\" href=\"https:\/\/frank-lovisolo.fr\/WordPress\/trois-imposteurs\/#pour-epicure-%c2%ab-les-dieux-ne-sont-pas-a-craindre-%c2%bb\" >Pour Epicure , \u00ab Les dieux ne sont pas \u00e0 craindre. \u00bb<\/a><\/li><li class='ez-toc-page-1 ez-toc-heading-level-5'><a class=\"ez-toc-link ez-toc-heading-2\" href=\"https:\/\/frank-lovisolo.fr\/WordPress\/trois-imposteurs\/#musique-experimentale-pour\" >Musique exp\u00e9rimentale pour:<\/a><\/li><li class='ez-toc-page-1 ez-toc-heading-level-5'><a class=\"ez-toc-link ez-toc-heading-3\" href=\"https:\/\/frank-lovisolo.fr\/WordPress\/trois-imposteurs\/#-page-suivante-francois-faucon-conference-sur-le-traite-des-3-imposteur\" >\u00a0Page suivante : Fran\u00e7ois FAUCON, conf\u00e9rence sur le Trait\u00e9 des 3 imposteur.\u00a0<\/a><\/li><li class='ez-toc-page-1 ez-toc-heading-level-5'><a class=\"ez-toc-link ez-toc-heading-4\" href=\"https:\/\/frank-lovisolo.fr\/WordPress\/trois-imposteurs\/3\/#quelques-uns-de-leur-vie-ont-paye-a-vouloir-transmettre-la-lumiere-et-certains-malgre-leur-atheisme-ont-sombre-dans-dautres-obscurantismes\" >Quelques-uns, de leur vie, ont pay\u00e9 \u00e0 vouloir transmettre la lumi\u00e8re et certains, malgr\u00e9 leur ath\u00e9isme, ont sombr\u00e9 dans d\u2019autres obscurantismes.<\/a><\/li><\/ul><\/li><\/ul><\/li><li class='ez-toc-page-1 ez-toc-heading-level-3'><a class=\"ez-toc-link ez-toc-heading-5\" href=\"https:\/\/frank-lovisolo.fr\/WordPress\/trois-imposteurs\/3\/#lart-de-ne-croire-en-rien-suivi-du-livre-des-trois-imposteurs\" >L&rsquo;Art de ne croire en rien suivi du Livre des trois imposteurs<\/a><ul class='ez-toc-list-level-5' ><li class='ez-toc-heading-level-5'><ul class='ez-toc-list-level-5' ><li class='ez-toc-heading-level-5'><a class=\"ez-toc-link ez-toc-heading-6\" href=\"https:\/\/frank-lovisolo.fr\/WordPress\/trois-imposteurs\/3\/#preface-de-raoul-vaneigem-%e2%80%93-editions-rivages\" >Pr\u00e9face de :\u00a0Raoul Vaneigem\u00a0&#8211;\u00a0Editions : Rivages<\/a><\/li><\/ul><\/li><\/ul><\/li><li class='ez-toc-page-1 ez-toc-heading-level-3'><a class=\"ez-toc-link ez-toc-heading-7\" href=\"https:\/\/frank-lovisolo.fr\/WordPress\/trois-imposteurs\/3\/#sylvain-marechal-1750-1803-dictionnaire-des-athees-anciens-et-modernes-1833\" >Sylvain Mar\u00e9chal\u00a0(1750-1803)\u00a0\u00a0Dictionnaire\u00a0DES ATH\u00c9ES\u00a0ANCIENS ET MODERNES\u00a0(1833)<\/a><ul class='ez-toc-list-level-5' ><li class='ez-toc-heading-level-5'><ul class='ez-toc-list-level-5' ><li class='ez-toc-heading-level-5'><a class=\"ez-toc-link ez-toc-heading-8\" href=\"https:\/\/frank-lovisolo.fr\/WordPress\/trois-imposteurs\/3\/#avis-de-lediteur\" >Avis de l&rsquo;\u00e9diteur :\u00a0<\/a><\/li><\/ul><\/li><\/ul><\/li><\/ul><\/nav><\/div>\n","protected":false},"excerpt":{"rendered":"<p><span class=\"span-reading-time rt-reading-time\" style=\"display: block;\"><span class=\"rt-label rt-prefix\">Reading Time: <\/span> <span class=\"rt-time\"> 9<\/span> <span class=\"rt-label rt-postfix\">minutes<\/span><\/span>\u00ab Je ne comprends pas pourquoi nous perdons du temps \u00e0 parler de la religion. Si nous \u00e9tions honn\u00eates \u2014 et les scientifiques se doivent de l&rsquo;\u00eatre \u2014 nous devrions alors admettre que la religion est un fatras d&rsquo;assertions inexactes, qui ne reposent sur aucune base dans la r\u00e9alit\u00e9. L&rsquo;id\u00e9e m\u00eame de Dieu est un produit de l&rsquo;imagination humaine. Il est tout \u00e0 fait compr\u00e9hensible pourquoi des personnes primitives, qui \u00e9taient bien plus expos\u00e9es aux forces \u00e9crasantes de la nature que nous le sommes aujourd&rsquo;hui, avaient d\u00fb personnifier ces forces en peur et tremblement. Mais de nos jours, puisque nous comprenons tant de processus naturels, nous n&rsquo;avons pas besoin de ces solutions. Je ne vois absolument pas en quoi le postulat d&rsquo;un Dieu tout-puissant nous aide en quoi que ce soit. Ce que je vois c&rsquo;est que cette hypoth\u00e8se m\u00e8ne \u00e0 de tels questionnements st\u00e9riles comme pourquoi Dieu permet autant de mis\u00e8re et d&rsquo;injustice, l&rsquo;exploitation des pauvres par les riches et toutes les autres horreurs qu&rsquo;Il aurait pu emp\u00eacher. Si la religion est toujours enseign\u00e9e, ce n&rsquo;est pas du tout parce que ses id\u00e9es nous convainquent encore, mais simplement parce que certains parmi nous veulent garder la classe populaire en silence. Des gens silencieux sont bien plus faciles \u00e0 gouverner que les vocif\u00e9rants et insatisfaits. Ils sont aussi plus facilement exploitables. La religion est une sorte d&rsquo;opium qui permet \u00e0 une nation de se bercer elle-m\u00eame de doux r\u00eaves et \u00e0 oublier les injustices qui sont perp\u00e9tr\u00e9es contre les gens. D&rsquo;o\u00f9 l&rsquo;alliance rapproch\u00e9e de ces deux grandes forces politiques, l&rsquo;\u00c9tat et l&rsquo;\u00c9glise. Les deux ont besoin de l&rsquo;illusion qu&rsquo;un gentil Dieu r\u00e9compense, au paradis si ce n&rsquo;est sur Terre, tous ceux qui ne se sont pas lev\u00e9s contre les injustices, qui ont accompli leur devoir silencieusement et sans plaintes. C&rsquo;est pr\u00e9cis\u00e9ment pourquoi l&rsquo;honn\u00eate assertion qui veut que Dieu est un simple produit de l&rsquo;imagination humaine est marqu\u00e9 comme le pire des p\u00e9ch\u00e9s mortels.\u00a0\u00bb<\/p>\n<p>Paul Dirac <a class=\"continue-reading-link\" href=\"https:\/\/frank-lovisolo.fr\/WordPress\/trois-imposteurs\/\">Suite &#8211; Continue reading<\/a><\/p>\n","protected":false},"author":1,"featured_media":48070,"comment_status":"open","ping_status":"open","sticky":false,"template":"","format":"standard","meta":{"footnotes":""},"categories":[3049,1,513,1587],"tags":[3392,2082,1878,1877,739,799,800,600],"class_list":["post-7419","post","type-post","status-publish","format-standard","has-post-thumbnail","hentry","category-insubordination-unruliness","category-tous-les-articles","category-music-compositions","category-philosophy","tag-francois-faucon","tag-libertaire","tag-music-electroatheis","tag-musique-electroatheiste","tag-sylvain-marechal","tag-traite-datheologie","tag-treatise-of-the-three-impostors","tag-trois-imposteurs"],"_links":{"self":[{"href":"https:\/\/frank-lovisolo.fr\/WordPress\/wp-json\/wp\/v2\/posts\/7419","targetHints":{"allow":["GET"]}}],"collection":[{"href":"https:\/\/frank-lovisolo.fr\/WordPress\/wp-json\/wp\/v2\/posts"}],"about":[{"href":"https:\/\/frank-lovisolo.fr\/WordPress\/wp-json\/wp\/v2\/types\/post"}],"author":[{"embeddable":true,"href":"https:\/\/frank-lovisolo.fr\/WordPress\/wp-json\/wp\/v2\/users\/1"}],"replies":[{"embeddable":true,"href":"https:\/\/frank-lovisolo.fr\/WordPress\/wp-json\/wp\/v2\/comments?post=7419"}],"version-history":[{"count":2,"href":"https:\/\/frank-lovisolo.fr\/WordPress\/wp-json\/wp\/v2\/posts\/7419\/revisions"}],"predecessor-version":[{"id":52858,"href":"https:\/\/frank-lovisolo.fr\/WordPress\/wp-json\/wp\/v2\/posts\/7419\/revisions\/52858"}],"wp:featuredmedia":[{"embeddable":true,"href":"https:\/\/frank-lovisolo.fr\/WordPress\/wp-json\/wp\/v2\/media\/48070"}],"wp:attachment":[{"href":"https:\/\/frank-lovisolo.fr\/WordPress\/wp-json\/wp\/v2\/media?parent=7419"}],"wp:term":[{"taxonomy":"category","embeddable":true,"href":"https:\/\/frank-lovisolo.fr\/WordPress\/wp-json\/wp\/v2\/categories?post=7419"},{"taxonomy":"post_tag","embeddable":true,"href":"https:\/\/frank-lovisolo.fr\/WordPress\/wp-json\/wp\/v2\/tags?post=7419"}],"curies":[{"name":"wp","href":"https:\/\/api.w.org\/{rel}","templated":true}]}}