{"id":49819,"date":"2025-03-24T09:01:14","date_gmt":"2025-03-24T08:01:14","guid":{"rendered":"https:\/\/frank-lovisolo.fr\/WordPress\/?p=49819"},"modified":"2026-03-29T09:31:50","modified_gmt":"2026-03-29T07:31:50","slug":"33-projets-de-land-art","status":"publish","type":"post","link":"https:\/\/frank-lovisolo.fr\/WordPress\/33-projets-de-land-art\/","title":{"rendered":"33 Projets de Land Art Virtuels"},"content":{"rendered":"<span class=\"span-reading-time rt-reading-time\" style=\"display: block;\"><span class=\"rt-label rt-prefix\">Reading Time: <\/span> <span class=\"rt-time\"> 10<\/span> <span class=\"rt-label rt-postfix\">minutes<\/span><\/span><div><span style=\"font-size: 10px; color: #ffffff;\">Land Art &#8211;<\/span><\/div>\n<table style=\"width: 100%;\" cellpadding=\"10\">\n<tbody>\n<tr>\n<td style=\"width: 40%; text-align: right; vertical-align: middle;\" colspan=\"3\">\n<div style=\"text-align: center;\"><strong><span style=\"font-size: 16px;\"><span style=\"font-size: 14px;\">Suggestion d&rsquo;\u00e9coute :<\/span><br \/>\n<a href=\"https:\/\/frank-lovisolo.fr\/WordPress\/le-sortilege-du-photographe\/\" target=\"_blank\" rel=\"noopener\">Sortil\u00e8ges<\/a><\/span><\/strong><\/div>\n<\/td>\n<td style=\"width: 40%; text-align: right; vertical-align: middle;\">\n<div><a href=\"https:\/\/frankcesarlovisolo.bandcamp.com\/track\/sortil-ges\" target=\"_blank\" rel=\"noopener\"><img loading=\"lazy\" decoding=\"async\" class=\"aligncenter wp-image-51127\" src=\"https:\/\/frank-lovisolo.fr\/WordPress\/wp-content\/uploads\/2022\/11\/bandcamp-logotype-color-400-Frank.png\" alt=\"- - -\" width=\"303\" height=\"25\" title=\"-\" srcset=\"https:\/\/frank-lovisolo.fr\/WordPress\/wp-content\/uploads\/2022\/11\/bandcamp-logotype-color-400-Frank.png 400w, https:\/\/frank-lovisolo.fr\/WordPress\/wp-content\/uploads\/2022\/11\/bandcamp-logotype-color-400-Frank-250x21.png 250w, https:\/\/frank-lovisolo.fr\/WordPress\/wp-content\/uploads\/2022\/11\/bandcamp-logotype-color-400-Frank-150x12.png 150w\" sizes=\"auto, (max-width: 303px) 100vw, 303px\" \/><\/a><\/div>\n<\/td>\n<td style=\"width: 20%; text-align: left; vertical-align: middle;\"><a href=\"#com\"><span style=\"font-size: 20px;\"><img loading=\"lazy\" decoding=\"async\" class=\"alignnone wp-image-15068\" title=\"Osmophore - darwin - \u00e9volution - lovisolo\" src=\"https:\/\/frank-lovisolo.fr\/WordPress\/wp-content\/uploads\/2015\/06\/ComBleu.jpg\" alt=\"Frank-Cesar-Lovisolo\" width=\"250\" height=\"20\" \/><\/span><\/a><\/td>\n<\/tr>\n<\/tbody>\n<\/table>\n<div><\/div>\n<div><\/div>\n<table style=\"width: 100%;\" cellpadding=\"10\">\n<tbody>\n<tr>\n<td style=\"width: 50.1799%;\" colspan=\"2\">\n<h3 style=\"text-align: justify;\" data-start=\"0\" data-end=\"594\"><span class=\"ez-toc-section\" id=\"le-land-art%e2%80%a6\"><\/span><span style=\"font-size: 22px;\"><strong>Le<\/strong> <strong data-start=\"3\" data-end=\"15\">Land Art&#8230;\u00a0<\/strong><\/span><span class=\"ez-toc-section-end\"><\/span><\/h3>\n<\/td>\n<td style=\"width: 49.5655%;\">\n<h3 style=\"text-align: right;\" data-start=\"0\" data-end=\"594\"><span class=\"ez-toc-section\" id=\"-passer-le-texte\"><\/span><span style=\"font-size: 22px;\"><strong data-start=\"3\" data-end=\"15\"> <span style=\"color: #99ccff; background-color: #001932;\">\u00a0<span style=\"font-size: 14px; background-color: #001932;\"><span style=\"color: #65ffff;\"><a style=\"color: #65ffff;\" href=\"#debut\">PASSER LE TEXTE<\/a><\/span>\u00a0\u00a0<\/span><\/span><\/strong><\/span><span class=\"ez-toc-section-end\"><\/span><\/h3>\n<\/td>\n<\/tr>\n<tr style=\"height: 25px;\">\n<td style=\"height: 25px; width: 99.7454%;\" colspan=\"3\">\n<div style=\"text-align: justify;\" data-start=\"0\" data-end=\"594\"><span style=\"font-size: 18px;\">\u2026 est un mouvement artistique, tendance de l\u2019<a title=\"\" href=\"https:\/\/fr.wikipedia.org\/wiki\/Art_contemporain\" target=\"_blank\" rel=\"noopener\">art contemporain<\/a>,\u00a0 apparu dans les ann\u00e9es\u00a060, principalement aux \u00c9tats-Unis. <\/span><br \/>\n<span style=\"font-size: 18px;\">Cette discipline emploie le paysage comme m\u00e9dium fondamental.<br \/>\n<\/span><br \/>\n<span style=\"font-size: 18px;\">Les artistes de ce mouvement con\u00e7oivent des compositions dans la nature\u00a0 et utilisent des mat\u00e9riaux comme la terre, les pierres, le bois, le sable, l\u2019eau et le m\u00e9tal.<\/span><br \/>\n<span style=\"font-size: 18px;\"><span style=\"font-size: 18px;\">L\u2019intention est de questionner quant \u00e0 l\u2019interaction possible entre l\u2019art, la nature et l\u2019homme et d\u2019en explorer des concepts de persistance et\/ou d\u2019<a href=\"https:\/\/fr.wiktionary.org\/wiki\/%C3%A9ph%C3%A9m%C3%A9rit%C3%A9\" target=\"_blank\" rel=\"noopener\">\u00e9ph\u00e9m\u00e9rit\u00e9<\/a>, les r\u00e9alisations \u00e9tant sujettes aux mutations environnementales, en particulier l\u2019\u00e9rosion.<\/span><\/span><\/div>\n<div style=\"text-align: justify;\" data-start=\"0\" data-end=\"594\"><\/div>\n<div data-start=\"596\" data-end=\"865\"><span style=\"color: #ffffff;\">\u2013<\/span><\/div>\n<div style=\"text-align: justify;\" data-start=\"596\" data-end=\"865\">\n<div id=\"attachment_49824\" style=\"width: 539px\" class=\"wp-caption alignright\"><a href=\"https:\/\/www.diaart.org\/visit\/visit-our-locations-sites\/walter-de-maria-the-lightning-field\" target=\"_blank\" rel=\"noopener\"><img loading=\"lazy\" decoding=\"async\" aria-describedby=\"caption-attachment-49824\" class=\"wp-image-49824\" src=\"https:\/\/frank-lovisolo.fr\/WordPress\/wp-content\/uploads\/2025\/03\/demaria-the-lightning-field-e1742804527663-460x248.jpg\" alt=\"Land art - Walter De Maria, The Lightning Field, 1977. \u00a9 Estate of Walter De Maria. Photo: John Cliett\" width=\"529\" height=\"285\" title=\"-\" srcset=\"https:\/\/frank-lovisolo.fr\/WordPress\/wp-content\/uploads\/2025\/03\/demaria-the-lightning-field-e1742804527663-460x248.jpg 460w, https:\/\/frank-lovisolo.fr\/WordPress\/wp-content\/uploads\/2025\/03\/demaria-the-lightning-field-e1742804527663-768x415.jpg 768w, https:\/\/frank-lovisolo.fr\/WordPress\/wp-content\/uploads\/2025\/03\/demaria-the-lightning-field-e1742804527663-250x135.jpg 250w, https:\/\/frank-lovisolo.fr\/WordPress\/wp-content\/uploads\/2025\/03\/demaria-the-lightning-field-e1742804527663-150x81.jpg 150w, https:\/\/frank-lovisolo.fr\/WordPress\/wp-content\/uploads\/2025\/03\/demaria-the-lightning-field-e1742804527663.jpg 880w\" sizes=\"auto, (max-width: 529px) 100vw, 529px\" \/><\/a><p id=\"caption-attachment-49824\" class=\"wp-caption-text\"><span style=\"font-size: 10px;\">Walter De Maria, <strong>The Lightning Field<\/strong>, 1977. \u00a9 Estate of Walter De Maria. Photo : <strong><a href=\"https:\/\/lannan.org\/bios\/john-cliett\" target=\"_blank\" rel=\"noopener\">John Cliett<\/a><\/strong><\/span><\/p><\/div>\n<p><span style=\"font-size: 18px;\">L\u2019une des \u0153uvres embl\u00e9matiques du Land Art est <strong data-start=\"767\" data-end=\"785\">\u00ab\u2009<a href=\"https:\/\/www.diaart.org\/visit\/visit-our-locations-sites\/walter-de-maria-the-lightning-field\" target=\"_blank\" rel=\"noopener\">The Lightning Field<\/a>\u2009\u00bb<\/strong> con\u00e7u par <a title=\"Walter De Maria\" href=\"https:\/\/en.wikipedia.org\/wiki\/Walter_De_Maria\" target=\"_blank\" rel=\"noopener\">Walter de Maria<\/a>, compos\u00e9 de 400\u00a0poteaux en acier inoxydable aux extr\u00e9mit\u00e9s pointues, dispos\u00e9s selon une grille rectangulaire de 1,6\u00a0km \u00d7 1\u00a0km.<\/span><br \/>\n<span style=\"color: #ffffff;\">\u2013<br \/>\n<\/span><span style=\"font-size: 18px;\">Ce mouvement s\u2019inscrit dans une vision de l\u2019environnement comme repr\u00e9sentant non seulement un sujet artistique, mais \u00e9galement un \u00e9l\u00e9ment collaboratif et transformateur.<\/span><br \/>\n<span style=\"color: #ffffff;\">\u2013<\/span><br \/>\n<span style=\"font-size: 18px;\">Le Land Art cherche \u00e0 concilier l\u2019art avec le monde naturel, tout en mettant en lumi\u00e8re la fragilit\u00e9 et la splendeur des paysages.<\/span><\/p>\n<\/div>\n<\/td>\n<\/tr>\n<\/tbody>\n<\/table>\n<div>\n<p><span style=\"font-size: 10px; color: #ffffff;\"><span style=\"font-size: 10px; color: #ffffff;\">Land Art &#8211; Land Art &#8211; Land Art &#8211; Land Art &#8211;<\/span><\/span><\/p>\n<hr \/>\n<\/div>\n<table style=\"border-collapse: collapse; width: 100%; height: 48px;\">\n<tbody>\n<tr style=\"height: 24px;\">\n<td style=\"width: 100%; height: 24px; text-align: center;\">\n<h3><span class=\"ez-toc-section\" id=\"33-oeuvres-irreellement-imaginaires%e2%80%a6\"><\/span><span style=\"font-size: 22px;\"><a id=\"debut\"><\/a><strong>33 \u0153uvres irr\u00e9ellement imaginaires&#8230;\u00a0<\/strong><\/span><span class=\"ez-toc-section-end\"><\/span><\/h3>\n<div><span style=\"font-size: 20px;\"><br \/>\nD\u00e9serts, lac sal\u00e9, bord de mer, <a href=\"https:\/\/frank-lovisolo.fr\/WordPress\/errance-salin-de-giraud-luce-monier\/\" target=\"_blank\" rel=\"noopener\">marais salants<\/a> sont mes lieux de pr\u00e9dilections pour ces virtuelles installations, de l\u2019espace encore de l\u2019espace.<br \/>\nL\u2019id\u00e9al pour poser un escalier qui ne m\u00e8nera, heureusement, nulle part.<br \/>\n<\/span><\/div>\n<\/td>\n<\/tr>\n<tr style=\"height: 24px;\">\n<td style=\"width: 100%; height: 24px; text-align: center;\">\n<hr \/>\n<h3><div class=\"flagallerywraper\" style=\"text-align:center;\"><div class=\"flagallery flaslider_skin\" id=\"FlaGallery_sc1_349\" style=\"width:1024px;margin:0 auto;\"><script type=\"text\/javascript\">(function(){this['FlaGallery_sc1_349']={'settings':{\"sliderHeightRetio\":\"0.8\",\"sliderPreloaderColor\":\"#ffffff\",\"sliderBgColor\":\"rgba(255, 255, 255, 0.9)\",\"sliderHeaderFooterBgColor\":\"rgb(255, 255, 255)\",\"sliderNavigationColor\":\"rgba(82, 82, 82, 0.81)\",\"sliderNavigationIconColor\":\"rgba(255,255,255,1)\",\"sliderItemDescriptionBlock\":\"1\",\"sliderItemTitleFontSize\":\"13\",\"sliderItemTitleTextColor\":\"#4b4b4b\",\"sliderItemDescriptionFontSize\":\"10\",\"sliderItemDescriptionTextColor\":\"#535353\",\"sliderThumbBarEnable\":\"1\",\"sliderThumbBarHoverColor\":\"#ffffff\",\"sliderThumbSubMenuBackgroundColor\":\"rgb(255, 255, 255)\",\"sliderThumbSubMenuBackgroundColorOver\":\"rgba(255,255,255,1)\",\"sliderThumbSubMenuIconColor\":\"rgb(0, 0, 0)\",\"sliderThumbSubMenuIconHoverColor\":\"rgba(0,0,0,1)\",\"sliderPlayButton\":\"1\",\"sliderZoomButton\":\"1\",\"sliderFullScreen\":\"1\",\"sliderInfoEnable\":\"1\",\"sliderItemDownload\":\"0\",\"sliderSocialShareEnabled\":\"0\",\"sliderLikesEnabled\":\"0\",\"sliderSlideshowEneble\":\"0\",\"slideshowDelay\":\"8\",\"slideshowProgressBarColor\":\"rgba(255,255,255,1)\",\"slideshowProgressBarBGColor\":\"rgb(116, 158, 255)\",\"modaBgColor\":\"rgba(0,0,0,0.9)\",\"modalInfoBoxBgColor\":\"rgba(255,255,255,1)\",\"modalInfoBoxTitleTextColor\":\"#000000\",\"shareTitlePlaceHolder\":\"Share\",\"modalInfoBoxTextColor\":\"#333333\",\"infoBarExifEnable\":\"0\",\"infoBarCountersEnable\":\"0\",\"infoBarDateInfoEnable\":\"0\",\"customCSS\":\"\",\"key\":\"2b91304c71a96bd3dd001bdb3bf4a76f\",\"name\":\"GRANDPackPlus\",\"galleryID\":\"sc1_349\",\"post_url\":\"https:\\\/\\\/frank-lovisolo.fr\\\/WordPress\\\/wp-json\\\/wp\\\/v2\\\/posts\\\/49819\",\"module_url\":\"https:\\\/\\\/frank-lovisolo.fr\\\/WordPress\\\/wp-content\\\/plugins\\\/flagallery-skins\\\/flaslider\\\/\"}, 'data':[{\"gallery\":{\"gid\":\"349\",\"name\":\"landart-01\",\"path\":\"https:\\\/\\\/frank-lovisolo.fr\\\/WordPress\\\/wp-content\\\/flagallery\\\/landart-01\",\"title\":\"LandArt-01\",\"galdesc\":\"\"},\"data\":[{\"pid\":\"29471\",\"filename\":\"landart-project-v1-01.jpg\",\"description\":\"Mar\\u00e9riaux envisag\\u00e9s : B\\u00e9ton - Acier Inoxydable\",\"alttext\":\"Return on itself\",\"link\":null,\"imagedate\":\"2025-03-22 00:33:35\",\"hitcounter\":\"100\",\"total_value\":\"0\",\"total_votes\":\"0\",\"meta_data\":{\"aperture\":false,\"credit\":false,\"camera\":false,\"caption\":\"Mar\\u00e9riaux envisag\\u00e9s : B\\u00e9ton - Acier Inoxydable\",\"created_timestamp\":\"22 mars 2025 0 h 33 min\",\"copyright\":\"Frank C\\u00c3\\u00a9sar Lovisolo \\u00c2\\u00a9 2025\",\"focal_length\":false,\"iso\":false,\"shutter_speed\":false,\"flash\":false,\"title\":\"Return on itself\",\"keywords\":false,\"width\":1440,\"height\":960,\"saved\":true,\"thumbnail\":{\"width\":300,\"height\":200},\"webview\":{\"0\":1440,\"1\":960,\"2\":2,\"3\":\"width=\\\"1440\\\" height=\\\"960\\\"\",\"bits\":8,\"channels\":3,\"mime\":\"image\\\/jpeg\"}}},{\"pid\":\"29472\",\"filename\":\"landart-project-v1-02.jpg\",\"description\":\"Mar\\u00e9riaux envisag\\u00e9s : B\\u00e9ton - Acier Inoxydable\",\"alttext\":\"Stairway to nowhere\",\"link\":null,\"imagedate\":\"2025-03-21 17:14:46\",\"hitcounter\":\"14\",\"total_value\":\"0\",\"total_votes\":\"0\",\"meta_data\":{\"aperture\":false,\"credit\":false,\"camera\":false,\"caption\":\"Mar\\u00e9riaux envisag\\u00e9s : B\\u00e9ton - Acier Inoxydable\",\"created_timestamp\":\"21 mars 2025 17 h 14 min\",\"copyright\":\"Frank C\\u00c3\\u00a9sar Lovisolo \\u00c2\\u00a9 2025\",\"focal_length\":false,\"iso\":false,\"shutter_speed\":false,\"flash\":false,\"title\":\"Stairway to nowhere\",\"keywords\":false,\"width\":1440,\"height\":960,\"saved\":true,\"thumbnail\":{\"width\":300,\"height\":200},\"webview\":{\"0\":1440,\"1\":960,\"2\":2,\"3\":\"width=\\\"1440\\\" height=\\\"960\\\"\",\"bits\":8,\"channels\":3,\"mime\":\"image\\\/jpeg\"}}},{\"pid\":\"29473\",\"filename\":\"landart-project-v1-03.jpg\",\"description\":\"Mar\\u00e9riaux envisag\\u00e9s : B\\u00e9ton -Aluminium\",\"alttext\":\"This door won't open.\",\"link\":null,\"imagedate\":\"2025-04-21 06:59:41\",\"hitcounter\":\"12\",\"total_value\":\"0\",\"total_votes\":\"0\",\"meta_data\":{\"aperture\":false,\"credit\":false,\"camera\":false,\"caption\":\"Mar\\u00e9riaux envisag\\u00e9s : B\\u00e9ton -Aluminium\",\"created_timestamp\":false,\"copyright\":\"Frank C\\u00c3\\u00a9sar Lovisolo \\u00c2\\u00a9 2025\",\"focal_length\":false,\"iso\":false,\"shutter_speed\":false,\"flash\":false,\"title\":\"This door won't open.\",\"keywords\":false,\"width\":1440,\"height\":960,\"saved\":true,\"thumbnail\":{\"width\":300,\"height\":200},\"webview\":{\"0\":1440,\"1\":960,\"2\":2,\"3\":\"width=\\\"1440\\\" height=\\\"960\\\"\",\"bits\":8,\"channels\":3,\"mime\":\"image\\\/jpeg\"}}},{\"pid\":\"29474\",\"filename\":\"landart-project-v1-04.jpg\",\"description\":\"Mar\\u00e9riaux envisag\\u00e9s : B\\u00e9ton Arm\\u00e9\",\"alttext\":\"Slightly suggestive passage and stairs!\",\"link\":null,\"imagedate\":\"2025-03-22 17:18:41\",\"hitcounter\":\"14\",\"total_value\":\"0\",\"total_votes\":\"0\",\"meta_data\":{\"aperture\":false,\"credit\":false,\"camera\":false,\"caption\":\"Mar\\u00e9riaux envisag\\u00e9s : B\\u00e9ton Arm\\u00e9\",\"created_timestamp\":\"22 mars 2025 17 h 18 min\",\"copyright\":\"Frank C\\u00c3\\u00a9sar Lovisolo \\u00c2\\u00a9 2025\",\"focal_length\":false,\"iso\":false,\"shutter_speed\":false,\"flash\":false,\"title\":\"Slightly suggestive passage and stairs!\",\"keywords\":false,\"width\":1440,\"height\":960,\"saved\":true,\"thumbnail\":{\"width\":300,\"height\":200},\"webview\":{\"0\":1440,\"1\":960,\"2\":2,\"3\":\"width=\\\"1440\\\" height=\\\"960\\\"\",\"bits\":8,\"channels\":3,\"mime\":\"image\\\/jpeg\"}}},{\"pid\":\"29475\",\"filename\":\"landart-project-v1-05.jpg\",\"description\":\"Mar\\u00e9riaux envisag\\u00e9s : B\\u00e9ton - Acier Inoxydable\",\"alttext\":\"Stairway to reach a stele where nothing is written.\",\"link\":null,\"imagedate\":\"2025-03-21 17:01:48\",\"hitcounter\":\"14\",\"total_value\":\"0\",\"total_votes\":\"0\",\"meta_data\":{\"aperture\":false,\"credit\":false,\"camera\":false,\"caption\":\"Mar\\u00e9riaux envisag\\u00e9s : B\\u00e9ton - Acier Inoxydable\",\"created_timestamp\":\"21 mars 2025 17 h 01 min\",\"copyright\":\"Frank C\\u00c3\\u00a9sar Lovisolo \\u00c2\\u00a9 2025\",\"focal_length\":false,\"iso\":false,\"shutter_speed\":false,\"flash\":false,\"title\":\"Stairway to reach a stele where nothing is written.\",\"keywords\":false,\"width\":1440,\"height\":960,\"saved\":true,\"thumbnail\":{\"width\":300,\"height\":200},\"webview\":{\"0\":1440,\"1\":960,\"2\":2,\"3\":\"width=\\\"1440\\\" height=\\\"960\\\"\",\"bits\":8,\"channels\":3,\"mime\":\"image\\\/jpeg\"}}},{\"pid\":\"29476\",\"filename\":\"landart-project-v1-06.jpg\",\"description\":\"Mar\\u00e9riaux envisag\\u00e9s : B\\u00e9ton - Acier Inoxydable - Plexyglass.\",\"alttext\":\"A bridge to disturb the seabirds.\",\"link\":null,\"imagedate\":\"2025-03-18 19:11:08\",\"hitcounter\":\"14\",\"total_value\":\"0\",\"total_votes\":\"0\",\"meta_data\":{\"aperture\":false,\"credit\":false,\"camera\":false,\"caption\":\"Mar\\u00e9riaux envisag\\u00e9s : B\\u00e9ton - Acier Inoxydable - Plexyglass.\",\"created_timestamp\":\"18 mars 2025 19 h 11 min\",\"copyright\":\"Frank C\\u00c3\\u00a9sar Lovisolo \\u00c2\\u00a9 2025\",\"focal_length\":false,\"iso\":false,\"shutter_speed\":false,\"flash\":false,\"title\":\"A bridge to disturb the seabirds.\",\"keywords\":false,\"width\":1440,\"height\":960,\"saved\":true,\"thumbnail\":{\"width\":300,\"height\":200},\"webview\":{\"0\":1440,\"1\":960,\"2\":2,\"3\":\"width=\\\"1440\\\" height=\\\"960\\\"\",\"bits\":8,\"channels\":3,\"mime\":\"image\\\/jpeg\"}}},{\"pid\":\"29477\",\"filename\":\"landart-project-v1-07.jpg\",\"description\":\"Mar\\u00e9riaux envisag\\u00e9s : B\\u00e9ton arm\\u00e9\",\"alttext\":\"The Fountain of Aphrodite\",\"link\":null,\"imagedate\":\"2025-03-22 16:34:51\",\"hitcounter\":\"14\",\"total_value\":\"0\",\"total_votes\":\"0\",\"meta_data\":{\"aperture\":false,\"credit\":false,\"camera\":false,\"caption\":\"Mar\\u00e9riaux envisag\\u00e9s : B\\u00e9ton arm\\u00e9\",\"created_timestamp\":\"22 mars 2025 16 h 34 min\",\"copyright\":\"Frank C\\u00c3\\u00a9sar Lovisolo \\u00c2\\u00a9 2025\",\"focal_length\":false,\"iso\":false,\"shutter_speed\":false,\"flash\":false,\"title\":\"The Fountain of Aphrodite\",\"keywords\":false,\"width\":1440,\"height\":958,\"saved\":true,\"thumbnail\":{\"width\":300,\"height\":200},\"webview\":{\"0\":1440,\"1\":958,\"2\":2,\"3\":\"width=\\\"1440\\\" height=\\\"958\\\"\",\"bits\":8,\"channels\":3,\"mime\":\"image\\\/jpeg\"}}},{\"pid\":\"29478\",\"filename\":\"landart-project-v1-08.jpg\",\"description\":\"Mar\\u00e9riaux envisag\\u00e9s : B\\u00e9ton Arm\\u00e9 et d\\u00e9pots de sel.\",\"alttext\":\"Poseidon's Lost Library\",\"link\":null,\"imagedate\":\"2025-03-22 10:20:06\",\"hitcounter\":\"12\",\"total_value\":\"0\",\"total_votes\":\"0\",\"meta_data\":{\"aperture\":false,\"credit\":false,\"camera\":false,\"caption\":\"Mar\\u00e9riaux envisag\\u00e9s : B\\u00e9ton Arm\\u00e9 et d\\u00e9pots de sel.\",\"created_timestamp\":\"22 mars 2025 10 h 20 min\",\"copyright\":\"Frank C\\u00c3\\u00a9sar Lovisolo \\u00c2\\u00a9 2025\",\"focal_length\":false,\"iso\":false,\"shutter_speed\":false,\"flash\":false,\"title\":\"Poseidon's Lost Library\",\"keywords\":false,\"width\":1440,\"height\":960,\"saved\":true,\"thumbnail\":{\"width\":300,\"height\":200},\"webview\":{\"0\":1440,\"1\":960,\"2\":2,\"3\":\"width=\\\"1440\\\" height=\\\"960\\\"\",\"bits\":8,\"channels\":3,\"mime\":\"image\\\/jpeg\"}}},{\"pid\":\"29479\",\"filename\":\"landart-project-v1-09.jpg\",\"description\":\"Acier inoxydable et bois (flott\\u00e9s?)\",\"alttext\":\"A stairway, but not for Heaven\",\"link\":null,\"imagedate\":\"2025-03-21 18:56:48\",\"hitcounter\":\"9\",\"total_value\":\"0\",\"total_votes\":\"0\",\"meta_data\":{\"aperture\":false,\"credit\":false,\"camera\":false,\"caption\":\"Acier inoxydable et bois (flott\\u00e9s?)\",\"created_timestamp\":\"21 mars 2025 18 h 56 min\",\"copyright\":\"Frank C\\u00c3\\u00a9sar Lovisolo \\u00c2\\u00a9 2025\",\"focal_length\":false,\"iso\":false,\"shutter_speed\":false,\"flash\":false,\"title\":\"A stairway, but not for Heaven\",\"keywords\":false,\"width\":1440,\"height\":960,\"saved\":true,\"thumbnail\":{\"width\":300,\"height\":200},\"webview\":{\"0\":1440,\"1\":960,\"2\":2,\"3\":\"width=\\\"1440\\\" height=\\\"960\\\"\",\"bits\":8,\"channels\":3,\"mime\":\"image\\\/jpeg\"}}},{\"pid\":\"29480\",\"filename\":\"landart-project-v1-10.jpg\",\"description\":\"Mar\\u00e9riaux envisag\\u00e9s : B\\u00e9ton - pierres Taill\\u00e9es ( Granit clair brut)\",\"alttext\":\"The Spring Stairway\",\"link\":null,\"imagedate\":\"2025-03-21 17:49:24\",\"hitcounter\":\"9\",\"total_value\":\"0\",\"total_votes\":\"0\",\"meta_data\":{\"aperture\":false,\"credit\":false,\"camera\":false,\"caption\":\"Mar\\u00e9riaux envisag\\u00e9s : B\\u00e9ton - pierres Taill\\u00e9es ( Granit clair brut)\",\"created_timestamp\":\"21 mars 2025 17 h 49 min\",\"copyright\":\"Frank C\\u00c3\\u00a9sar Lovisolo \\u00c2\\u00a9 2025\",\"focal_length\":false,\"iso\":false,\"shutter_speed\":false,\"flash\":false,\"title\":\"The Spring Stairway\",\"keywords\":false,\"width\":1440,\"height\":960,\"saved\":true,\"thumbnail\":{\"width\":300,\"height\":200},\"webview\":{\"0\":1440,\"1\":960,\"2\":2,\"3\":\"width=\\\"1440\\\" height=\\\"960\\\"\",\"bits\":8,\"channels\":3,\"mime\":\"image\\\/jpeg\"}}},{\"pid\":\"29481\",\"filename\":\"landart-project-v1-11.jpg\",\"description\":\"Mar\\u00e9riaux envisag\\u00e9s : B\\u00e9ton arm\\u00e9.\",\"alttext\":\"The reversed fountain of youth.\",\"link\":null,\"imagedate\":\"2025-03-21 17:27:47\",\"hitcounter\":\"9\",\"total_value\":\"0\",\"total_votes\":\"0\",\"meta_data\":{\"aperture\":false,\"credit\":false,\"camera\":false,\"caption\":\"Mar\\u00e9riaux envisag\\u00e9s : B\\u00e9ton arm\\u00e9.\",\"created_timestamp\":\"21 mars 2025 17 h 27 min\",\"copyright\":\"Frank C\\u00c3\\u00a9sar Lovisolo \\u00c2\\u00a9 2025\",\"focal_length\":false,\"iso\":false,\"shutter_speed\":false,\"flash\":false,\"title\":\"The reversed fountain of youth.\",\"keywords\":false,\"width\":1440,\"height\":960,\"saved\":true,\"thumbnail\":{\"width\":300,\"height\":200},\"webview\":{\"0\":1440,\"1\":960,\"2\":2,\"3\":\"width=\\\"1440\\\" height=\\\"960\\\"\",\"bits\":8,\"channels\":3,\"mime\":\"image\\\/jpeg\"}}},{\"pid\":\"29482\",\"filename\":\"landart-project-v1-12.jpg\",\"description\":\"Mar\\u00e9riaux envisag\\u00e9s : B\\u00e9ton - Acier Inoxydable - Verre - Aluminium.\",\"alttext\":\"A fervent phallic escalator in restless bloom.\",\"link\":null,\"imagedate\":\"2025-03-21 17:56:50\",\"hitcounter\":\"7\",\"total_value\":\"0\",\"total_votes\":\"0\",\"meta_data\":{\"aperture\":false,\"credit\":false,\"camera\":false,\"caption\":\"Mar\\u00e9riaux envisag\\u00e9s : B\\u00e9ton - Acier Inoxydable - Verre - Aluminium.\",\"created_timestamp\":\"21 mars 2025 17 h 56 min\",\"copyright\":\"Frank C\\u00c3\\u00a9sar Lovisolo \\u00c2\\u00a9 2025\",\"focal_length\":false,\"iso\":false,\"shutter_speed\":false,\"flash\":false,\"title\":\"A fervent phallic escalator in restless bloom.\",\"keywords\":false,\"width\":1440,\"height\":960,\"saved\":true,\"thumbnail\":{\"width\":300,\"height\":200},\"webview\":{\"0\":1440,\"1\":960,\"2\":2,\"3\":\"width=\\\"1440\\\" height=\\\"960\\\"\",\"bits\":8,\"channels\":3,\"mime\":\"image\\\/jpeg\"}}},{\"pid\":\"29483\",\"filename\":\"landart-project-v1-13.jpg\",\"description\":\"Mar\\u00e9riaux envisag\\u00e9s : B\\u00e9ton arm\\u00e9 et granit brut.\",\"alttext\":\"Climbing the stairs to enjoy the same view.\",\"link\":null,\"imagedate\":\"2025-03-19 09:34:53\",\"hitcounter\":\"7\",\"total_value\":\"0\",\"total_votes\":\"0\",\"meta_data\":{\"aperture\":false,\"credit\":false,\"camera\":false,\"caption\":\"Mar\\u00e9riaux envisag\\u00e9s : B\\u00e9ton arm\\u00e9 et granit brut.\",\"created_timestamp\":\"19 mars 2025 9 h 34 min\",\"copyright\":\"Frank C\\u00c3\\u00a9sar Lovisolo \\u00c2\\u00a9 2025\",\"focal_length\":false,\"iso\":false,\"shutter_speed\":false,\"flash\":false,\"title\":\"Climbing the stairs to enjoy the same view.\",\"keywords\":false,\"width\":1440,\"height\":960,\"saved\":true,\"thumbnail\":{\"width\":300,\"height\":200},\"webview\":{\"0\":1440,\"1\":960,\"2\":2,\"3\":\"width=\\\"1440\\\" height=\\\"960\\\"\",\"bits\":8,\"channels\":3,\"mime\":\"image\\\/jpeg\"}}},{\"pid\":\"29484\",\"filename\":\"landart-project-v1-14.jpg\",\"description\":\"Mar\\u00e9riaux envisag\\u00e9s : B\\u00e9ton (Support) - Tubes aluminium corrod\\u00e9.\",\"alttext\":\"Metal beams and useless parts of an oil refinery on green water.\",\"link\":null,\"imagedate\":\"2025-03-23 07:57:17\",\"hitcounter\":\"7\",\"total_value\":\"0\",\"total_votes\":\"0\",\"meta_data\":{\"aperture\":false,\"credit\":false,\"camera\":false,\"caption\":\"Mar\\u00e9riaux envisag\\u00e9s : B\\u00e9ton (Support) - Tubes aluminium corrod\\u00e9.\",\"created_timestamp\":\"23 mars 2025 7 h 57 min\",\"copyright\":\"Frank C\\u00c3\\u00a9sar Lovisolo \\u00c2\\u00a9 2025\",\"focal_length\":false,\"iso\":false,\"shutter_speed\":false,\"flash\":false,\"title\":\"Metal beams and useless parts of an oil refinery on green water.\",\"keywords\":false,\"width\":1440,\"height\":960,\"saved\":true,\"thumbnail\":{\"width\":300,\"height\":200},\"webview\":{\"0\":1440,\"1\":960,\"2\":2,\"3\":\"width=\\\"1440\\\" height=\\\"960\\\"\",\"bits\":8,\"channels\":3,\"mime\":\"image\\\/jpeg\"}}},{\"pid\":\"29485\",\"filename\":\"landart-project-v1-15.jpg\",\"description\":\"Mar\\u00e9riaux envisag\\u00e9s : B\\u00e9ton - Acier Inoxydable - Verre ou Plexyglass.\",\"alttext\":\"Stairway to watch a sunset.\",\"link\":null,\"imagedate\":\"2025-03-21 18:44:41\",\"hitcounter\":\"7\",\"total_value\":\"0\",\"total_votes\":\"0\",\"meta_data\":{\"aperture\":false,\"credit\":false,\"camera\":false,\"caption\":\"Mar\\u00e9riaux envisag\\u00e9s : B\\u00e9ton - Acier Inoxydable - Verre ou Plexyglass.\",\"created_timestamp\":\"21 mars 2025 18 h 44 min\",\"copyright\":\"Frank C\\u00c3\\u00a9sar Lovisolo \\u00c2\\u00a9 2025\",\"focal_length\":false,\"iso\":false,\"shutter_speed\":false,\"flash\":false,\"title\":\"Stairway to watch a sunset.\",\"keywords\":false,\"width\":1440,\"height\":960,\"saved\":true,\"thumbnail\":{\"width\":300,\"height\":200},\"webview\":{\"0\":1440,\"1\":960,\"2\":2,\"3\":\"width=\\\"1440\\\" height=\\\"960\\\"\",\"bits\":8,\"channels\":3,\"mime\":\"image\\\/jpeg\"}}},{\"pid\":\"29486\",\"filename\":\"landart-project-v1-16.jpg\",\"description\":\"Mar\\u00e9riaux envisag\\u00e9s : B\\u00e9ton - Acier Inoxydable.\",\"alttext\":\"Memorial for sailors lost at sea.\",\"link\":null,\"imagedate\":\"2025-03-22 16:12:01\",\"hitcounter\":\"6\",\"total_value\":\"0\",\"total_votes\":\"0\",\"meta_data\":{\"aperture\":false,\"credit\":false,\"camera\":false,\"caption\":\"Mar\\u00e9riaux envisag\\u00e9s : B\\u00e9ton - Acier Inoxydable.\",\"created_timestamp\":\"22 mars 2025 16 h 12 min\",\"copyright\":\"Frank C\\u00c3\\u00a9sar Lovisolo \\u00c2\\u00a9 2025\",\"focal_length\":false,\"iso\":false,\"shutter_speed\":false,\"flash\":false,\"title\":\"Memorial for sailors lost at sea.\",\"keywords\":false,\"width\":1440,\"height\":960,\"saved\":true,\"thumbnail\":{\"width\":300,\"height\":200},\"webview\":{\"0\":1440,\"1\":960,\"2\":2,\"3\":\"width=\\\"1440\\\" height=\\\"960\\\"\",\"bits\":8,\"channels\":3,\"mime\":\"image\\\/jpeg\"}}},{\"pid\":\"29487\",\"filename\":\"landart-project-v1-17.jpg\",\"description\":\"Mar\\u00e9riaux envisag\\u00e9s : B\\u00e9ton - Acier Inoxydable.\",\"alttext\":\"Stairway to heaven, unfortunately too short.\",\"link\":null,\"imagedate\":\"2025-03-21 16:31:27\",\"hitcounter\":\"6\",\"total_value\":\"0\",\"total_votes\":\"0\",\"meta_data\":{\"aperture\":false,\"credit\":false,\"camera\":false,\"caption\":\"Mar\\u00e9riaux envisag\\u00e9s : B\\u00e9ton - Acier Inoxydable.\",\"created_timestamp\":\"21 mars 2025 16 h 31 min\",\"copyright\":\"Frank C\\u00c3\\u00a9sar Lovisolo \\u00c2\\u00a9 2025\",\"focal_length\":false,\"iso\":false,\"shutter_speed\":false,\"flash\":false,\"title\":\"Stairway to heaven, unfortunately too short.\",\"keywords\":false,\"width\":1440,\"height\":960,\"saved\":true,\"thumbnail\":{\"width\":300,\"height\":200},\"webview\":{\"0\":1440,\"1\":960,\"2\":2,\"3\":\"width=\\\"1440\\\" height=\\\"960\\\"\",\"bits\":8,\"channels\":3,\"mime\":\"image\\\/jpeg\"}}},{\"pid\":\"29488\",\"filename\":\"landart-project-v1-18.jpg\",\"description\":\"Mar\\u00e9riaux envisag\\u00e9s : B\\u00e9ton - Acier Inoxydable.\",\"alttext\":\"Doughnut for Walter de Maria\",\"link\":null,\"imagedate\":\"2025-03-20 09:29:30\",\"hitcounter\":\"5\",\"total_value\":\"0\",\"total_votes\":\"0\",\"meta_data\":{\"aperture\":false,\"credit\":false,\"camera\":false,\"caption\":\"Mar\\u00e9riaux envisag\\u00e9s : B\\u00e9ton - Acier Inoxydable.\",\"created_timestamp\":\"20 mars 2025 9 h 29 min\",\"copyright\":\"Frank C\\u00c3\\u00a9sar Lovisolo \\u00c2\\u00a9 2025\",\"focal_length\":false,\"iso\":false,\"shutter_speed\":false,\"flash\":false,\"title\":\"Doughnut for Walter de Maria\",\"keywords\":false,\"width\":1440,\"height\":960,\"saved\":true,\"thumbnail\":{\"width\":300,\"height\":200},\"webview\":{\"0\":1440,\"1\":960,\"2\":2,\"3\":\"width=\\\"1440\\\" height=\\\"960\\\"\",\"bits\":8,\"channels\":3,\"mime\":\"image\\\/jpeg\"}}},{\"pid\":\"29489\",\"filename\":\"landart-project-v1-19.jpg\",\"description\":\"Mar\\u00e9riaux envisag\\u00e9s : B\\u00e9ton - Acier Inoxydable - Aluminium.\",\"alttext\":\"Terminal of the useless.\",\"link\":null,\"imagedate\":\"2025-03-19 09:34:20\",\"hitcounter\":\"5\",\"total_value\":\"0\",\"total_votes\":\"0\",\"meta_data\":{\"aperture\":false,\"credit\":false,\"camera\":false,\"caption\":\"Mar\\u00e9riaux envisag\\u00e9s : B\\u00e9ton - Acier Inoxydable - Aluminium.\",\"created_timestamp\":\"19 mars 2025 9 h 34 min\",\"copyright\":\"Frank C\\u00c3\\u00a9sar Lovisolo \\u00c2\\u00a9 2025\",\"focal_length\":false,\"iso\":false,\"shutter_speed\":false,\"flash\":false,\"title\":\"Terminal of the useless.\",\"keywords\":false,\"width\":1440,\"height\":960,\"saved\":true,\"thumbnail\":{\"width\":300,\"height\":200},\"webview\":{\"0\":1440,\"1\":960,\"2\":2,\"3\":\"width=\\\"1440\\\" height=\\\"960\\\"\",\"bits\":8,\"channels\":3,\"mime\":\"image\\\/jpeg\"}}},{\"pid\":\"29490\",\"filename\":\"landart-project-v1-20.jpg\",\"description\":\"Mar\\u00e9riaux envisag\\u00e9s : B\\u00e9ton - Pierres Taill\\u00e9es ( Granit clair brut).\",\"alttext\":\"Nevertheless, this is not a Stairway!\",\"link\":null,\"imagedate\":\"2025-03-22 18:49:53\",\"hitcounter\":\"5\",\"total_value\":\"0\",\"total_votes\":\"0\",\"meta_data\":{\"aperture\":false,\"credit\":false,\"camera\":false,\"caption\":\"Mar\\u00e9riaux envisag\\u00e9s : B\\u00e9ton - Pierres Taill\\u00e9es ( Granit clair brut).\",\"created_timestamp\":\"22 mars 2025 18 h 49 min\",\"copyright\":\"Frank C\\u00c3\\u00a9sar Lovisolo \\u00c2\\u00a9 2025\",\"focal_length\":false,\"iso\":false,\"shutter_speed\":false,\"flash\":false,\"title\":\"Nevertheless, this is not a Stairway!\",\"keywords\":false,\"width\":1440,\"height\":960,\"saved\":true,\"thumbnail\":{\"width\":300,\"height\":200},\"webview\":{\"0\":1440,\"1\":960,\"2\":2,\"3\":\"width=\\\"1440\\\" height=\\\"960\\\"\",\"bits\":8,\"channels\":3,\"mime\":\"image\\\/jpeg\"}}},{\"pid\":\"29491\",\"filename\":\"landart-project-v1-21.jpg\",\"description\":\"Mar\\u00e9riaux envisag\\u00e9s : B\\u00e9ton Arm\\u00e9 - Verre Teint\\u00e9 (Bleu).\",\"alttext\":\"The door of the door, of the door, of the door, of the door, of the door...\",\"link\":null,\"imagedate\":\"2025-03-21 18:05:15\",\"hitcounter\":\"4\",\"total_value\":\"0\",\"total_votes\":\"0\",\"meta_data\":{\"aperture\":false,\"credit\":false,\"camera\":false,\"caption\":\"Mar\\u00e9riaux envisag\\u00e9s : B\\u00e9ton Arm\\u00e9 - Verre Teint\\u00e9 (Bleu).\",\"created_timestamp\":\"21 mars 2025 18 h 05 min\",\"copyright\":\"Frank C\\u00c3\\u00a9sar Lovisolo \\u00c2\\u00a9 2025\",\"focal_length\":false,\"iso\":false,\"shutter_speed\":false,\"flash\":false,\"title\":\"The door of the door, of the door, of the door, of the door, of the door...\",\"keywords\":false,\"width\":1440,\"height\":960,\"saved\":true,\"thumbnail\":{\"width\":300,\"height\":200},\"webview\":{\"0\":1440,\"1\":960,\"2\":2,\"3\":\"width=\\\"1440\\\" height=\\\"960\\\"\",\"bits\":8,\"channels\":3,\"mime\":\"image\\\/jpeg\"}}},{\"pid\":\"29492\",\"filename\":\"landart-project-v1-22.jpg\",\"description\":\"Mar\\u00e9riaux envisag\\u00e9s : B\\u00e9ton - Acier Inoxydable - Plexyglass.\",\"alttext\":\"A bridge to disorient the seagulls.\",\"link\":null,\"imagedate\":\"2025-03-19 10:01:19\",\"hitcounter\":\"4\",\"total_value\":\"0\",\"total_votes\":\"0\",\"meta_data\":{\"aperture\":false,\"credit\":false,\"camera\":false,\"caption\":\"Mar\\u00e9riaux envisag\\u00e9s : B\\u00e9ton - Acier Inoxydable - Plexyglass.\",\"created_timestamp\":\"19 mars 2025 10 h 01 min\",\"copyright\":\"Frank C\\u00c3\\u00a9sar Lovisolo \\u00c2\\u00a9 2025\",\"focal_length\":false,\"iso\":false,\"shutter_speed\":false,\"flash\":false,\"title\":\"A bridge to disorient the seagulls.\",\"keywords\":false,\"width\":1440,\"height\":960,\"saved\":true,\"thumbnail\":{\"width\":300,\"height\":200},\"webview\":{\"0\":1440,\"1\":960,\"2\":2,\"3\":\"width=\\\"1440\\\" height=\\\"960\\\"\",\"bits\":8,\"channels\":3,\"mime\":\"image\\\/jpeg\"}}},{\"pid\":\"29493\",\"filename\":\"landart-project-v1-23.jpg\",\"description\":\"Mar\\u00e9riaux envisag\\u00e9s : B\\u00e9ton arm\\u00e9 Bois Flott\\u00e9s.\",\"alttext\":\"Terraces to wait for the water that comes from the desert.\",\"link\":null,\"imagedate\":\"2025-03-19 09:13:52\",\"hitcounter\":\"3\",\"total_value\":\"0\",\"total_votes\":\"0\",\"meta_data\":{\"aperture\":false,\"credit\":false,\"camera\":false,\"caption\":\"Mar\\u00e9riaux envisag\\u00e9s : B\\u00e9ton arm\\u00e9 Bois Flott\\u00e9s.\",\"created_timestamp\":\"19 mars 2025 9 h 13 min\",\"copyright\":\"Frank C\\u00c3\\u00a9sar Lovisolo \\u00c2\\u00a9 2025\",\"focal_length\":false,\"iso\":false,\"shutter_speed\":false,\"flash\":false,\"title\":\"Terraces to wait for the water that comes from the desert.\",\"keywords\":false,\"width\":1440,\"height\":960,\"saved\":true,\"thumbnail\":{\"width\":300,\"height\":200},\"webview\":{\"0\":1440,\"1\":960,\"2\":2,\"3\":\"width=\\\"1440\\\" height=\\\"960\\\"\",\"bits\":8,\"channels\":3,\"mime\":\"image\\\/jpeg\"}}},{\"pid\":\"29494\",\"filename\":\"landart-project-v1-24.jpg\",\"description\":\"Mar\\u00e9riaux envisag\\u00e9s : B\\u00e9ton - Acier Inoxydable.\",\"alttext\":\"Staircase to go in circles.\",\"link\":null,\"imagedate\":\"2025-03-18 18:52:54\",\"hitcounter\":\"3\",\"total_value\":\"0\",\"total_votes\":\"0\",\"meta_data\":{\"aperture\":false,\"credit\":false,\"camera\":false,\"caption\":\"Mar\\u00e9riaux envisag\\u00e9s : B\\u00e9ton - Acier Inoxydable.\",\"created_timestamp\":\"18 mars 2025 18 h 52 min\",\"copyright\":\"Frank C\\u00c3\\u00a9sar Lovisolo \\u00c2\\u00a9 2025\",\"focal_length\":false,\"iso\":false,\"shutter_speed\":false,\"flash\":false,\"title\":\"Staircase to go in circles.\",\"keywords\":false,\"width\":1440,\"height\":960,\"saved\":true,\"thumbnail\":{\"width\":300,\"height\":200},\"webview\":{\"0\":1440,\"1\":960,\"2\":2,\"3\":\"width=\\\"1440\\\" height=\\\"960\\\"\",\"bits\":8,\"channels\":3,\"mime\":\"image\\\/jpeg\"}}},{\"pid\":\"29495\",\"filename\":\"landart-project-v1-25.jpg\",\"description\":\"Mar\\u00e9riaux envisag\\u00e9s : B\\u00e9ton arm\\u00e9 - Bois.\",\"alttext\":\"Stairway to try to touch the clouds: Goodness, still too short!\",\"link\":null,\"imagedate\":\"2025-03-17 11:22:12\",\"hitcounter\":\"3\",\"total_value\":\"0\",\"total_votes\":\"0\",\"meta_data\":{\"aperture\":false,\"credit\":false,\"camera\":false,\"caption\":\"Mar\\u00e9riaux envisag\\u00e9s : B\\u00e9ton arm\\u00e9 - Bois.\",\"created_timestamp\":\"17 mars 2025 11 h 22 min\",\"copyright\":\"Frank C\\u00c3\\u00a9sar Lovisolo \\u00c2\\u00a9 2025\",\"focal_length\":false,\"iso\":false,\"shutter_speed\":false,\"flash\":false,\"title\":\"Stairway to try to touch the clouds: Goodness, still too short!\",\"keywords\":false,\"width\":1440,\"height\":960,\"saved\":true,\"thumbnail\":{\"width\":300,\"height\":200},\"webview\":{\"0\":1440,\"1\":960,\"2\":2,\"3\":\"width=\\\"1440\\\" height=\\\"960\\\"\",\"bits\":8,\"channels\":3,\"mime\":\"image\\\/jpeg\"}}},{\"pid\":\"29496\",\"filename\":\"landart-project-v1-26.jpg\",\"description\":\"Mar\\u00e9riaux envisag\\u00e9s : B\\u00e9ton - Acier Inoxydable.\",\"alttext\":\"The Door of the sun and the Stairway of shadows.\",\"link\":null,\"imagedate\":\"2025-03-21 16:13:54\",\"hitcounter\":\"3\",\"total_value\":\"0\",\"total_votes\":\"0\",\"meta_data\":{\"aperture\":false,\"credit\":false,\"camera\":false,\"caption\":\"Mar\\u00e9riaux envisag\\u00e9s : B\\u00e9ton - Acier Inoxydable.\",\"created_timestamp\":\"21 mars 2025 16 h 13 min\",\"copyright\":\"Frank C\\u00c3\\u00a9sar Lovisolo \\u00c2\\u00a9 2025\",\"focal_length\":false,\"iso\":false,\"shutter_speed\":false,\"flash\":false,\"title\":\"The Door of the sun and the Stairway of shadows.\",\"keywords\":false,\"width\":1440,\"height\":960,\"saved\":true,\"thumbnail\":{\"width\":300,\"height\":200},\"webview\":{\"0\":1440,\"1\":960,\"2\":2,\"3\":\"width=\\\"1440\\\" height=\\\"960\\\"\",\"bits\":8,\"channels\":3,\"mime\":\"image\\\/jpeg\"}}},{\"pid\":\"29497\",\"filename\":\"landart-project-v1-27.jpg\",\"description\":\"Mar\\u00e9riaux envisag\\u00e9s : B\\u00e9ton - Acier Inoxydable.\",\"alttext\":\"A doughnut-shaped formation on a salt evaporation pond, featuring an unnecessary staircase.\",\"link\":null,\"imagedate\":\"2025-03-22 18:29:44\",\"hitcounter\":\"3\",\"total_value\":\"0\",\"total_votes\":\"0\",\"meta_data\":{\"aperture\":false,\"credit\":false,\"camera\":false,\"caption\":\"Mar\\u00e9riaux envisag\\u00e9s : B\\u00e9ton - Acier Inoxydable.\",\"created_timestamp\":\"22 mars 2025 18 h 29 min\",\"copyright\":\"Frank C\\u00c3\\u00a9sar Lovisolo \\u00c2\\u00a9 2025\",\"focal_length\":false,\"iso\":false,\"shutter_speed\":false,\"flash\":false,\"title\":\"A doughnut-shaped formation on a salt evaporation pond, featuring an unnecessary staircase.\",\"keywords\":false,\"width\":1440,\"height\":960,\"saved\":true,\"thumbnail\":{\"width\":300,\"height\":200},\"webview\":{\"0\":1440,\"1\":960,\"2\":2,\"3\":\"width=\\\"1440\\\" height=\\\"960\\\"\",\"bits\":8,\"channels\":3,\"mime\":\"image\\\/jpeg\"}}},{\"pid\":\"29498\",\"filename\":\"landart-project-v1-28.jpg\",\"description\":\"Mar\\u00e9riaux envisag\\u00e9s : Acier Inoxydable. - Bois.\",\"alttext\":\"You can, possibly, walk on it...\",\"link\":null,\"imagedate\":\"2025-03-19 09:42:24\",\"hitcounter\":\"3\",\"total_value\":\"0\",\"total_votes\":\"0\",\"meta_data\":{\"aperture\":false,\"credit\":false,\"camera\":false,\"caption\":\"Mar\\u00e9riaux envisag\\u00e9s : Acier Inoxydable. - Bois.\",\"created_timestamp\":\"19 mars 2025 9 h 42 min\",\"copyright\":\"Frank C\\u00c3\\u00a9sar Lovisolo \\u00c2\\u00a9 2025\",\"focal_length\":false,\"iso\":false,\"shutter_speed\":false,\"flash\":false,\"title\":\"You can, possibly, walk on it...\",\"keywords\":false,\"width\":1440,\"height\":960,\"saved\":true,\"thumbnail\":{\"width\":300,\"height\":200},\"webview\":{\"0\":1440,\"1\":960,\"2\":2,\"3\":\"width=\\\"1440\\\" height=\\\"960\\\"\",\"bits\":8,\"channels\":3,\"mime\":\"image\\\/jpeg\"}}},{\"pid\":\"29499\",\"filename\":\"landart-project-v1-29.jpg\",\"description\":\"Mar\\u00e9riaux envisag\\u00e9s : Pierres Taill\\u00e9es ( Gr\\u00e9s )\",\"alttext\":\"Some say it embodies infinity... Why not embrace that boundless idea?\",\"link\":null,\"imagedate\":\"2025-03-18 18:48:27\",\"hitcounter\":\"3\",\"total_value\":\"0\",\"total_votes\":\"0\",\"meta_data\":{\"aperture\":false,\"credit\":false,\"camera\":false,\"caption\":\"Mar\\u00e9riaux envisag\\u00e9s : Pierres Taill\\u00e9es ( Gr\\u00e9s )\",\"created_timestamp\":\"18 mars 2025 18 h 48 min\",\"copyright\":\"Frank C\\u00c3\\u00a9sar Lovisolo \\u00c2\\u00a9 2025\",\"focal_length\":false,\"iso\":false,\"shutter_speed\":false,\"flash\":false,\"title\":\"Some say it embodies infinity... Why not embrace that boundless idea?\",\"keywords\":false,\"width\":1440,\"height\":960,\"saved\":true,\"thumbnail\":{\"width\":300,\"height\":200},\"webview\":{\"0\":1440,\"1\":960,\"2\":2,\"3\":\"width=\\\"1440\\\" height=\\\"960\\\"\",\"bits\":8,\"channels\":3,\"mime\":\"image\\\/jpeg\"}}},{\"pid\":\"29500\",\"filename\":\"landart-project-v1-30.jpg\",\"description\":\"Mar\\u00e9riaux envisag\\u00e9s : Acier Inoxydable.\",\"alttext\":\"A sound trap for the winds.\",\"link\":null,\"imagedate\":\"2025-03-22 00:21:41\",\"hitcounter\":\"3\",\"total_value\":\"0\",\"total_votes\":\"0\",\"meta_data\":{\"aperture\":false,\"credit\":false,\"camera\":false,\"caption\":\"Mar\\u00e9riaux envisag\\u00e9s : Acier Inoxydable.\",\"created_timestamp\":\"22 mars 2025 0 h 21 min\",\"copyright\":\"Frank C\\u00c3\\u00a9sar Lovisolo \\u00c2\\u00a9 2025\",\"focal_length\":false,\"iso\":false,\"shutter_speed\":false,\"flash\":false,\"title\":\"A sound trap for the winds.\",\"keywords\":false,\"width\":1440,\"height\":960,\"saved\":true,\"thumbnail\":{\"width\":300,\"height\":200},\"webview\":{\"0\":1440,\"1\":960,\"2\":2,\"3\":\"width=\\\"1440\\\" height=\\\"960\\\"\",\"bits\":8,\"channels\":3,\"mime\":\"image\\\/jpeg\"}}},{\"pid\":\"29501\",\"filename\":\"landart-project-v1-31.jpg\",\"description\":\"Mar\\u00e9riaux envisag\\u00e9s : Acier Inoxydable - Bois.\",\"alttext\":\"Yes, you may ascend, yet it serves no purpose.\",\"link\":null,\"imagedate\":\"2025-03-21 18:32:09\",\"hitcounter\":\"3\",\"total_value\":\"0\",\"total_votes\":\"0\",\"meta_data\":{\"aperture\":false,\"credit\":false,\"camera\":false,\"caption\":\"Mar\\u00e9riaux envisag\\u00e9s : Acier Inoxydable - Bois.\",\"created_timestamp\":\"21 mars 2025 18 h 32 min\",\"copyright\":\"Frank C\\u00c3\\u00a9sar Lovisolo \\u00c2\\u00a9 2025\",\"focal_length\":false,\"iso\":false,\"shutter_speed\":false,\"flash\":false,\"title\":\"Yes, you may ascend, yet it serves no purpose.\",\"keywords\":false,\"width\":1440,\"height\":960,\"saved\":true,\"thumbnail\":{\"width\":300,\"height\":200},\"webview\":{\"0\":1440,\"1\":960,\"2\":2,\"3\":\"width=\\\"1440\\\" height=\\\"960\\\"\",\"bits\":8,\"channels\":3,\"mime\":\"image\\\/jpeg\"}}},{\"pid\":\"29502\",\"filename\":\"landart-project-v1-32.jpg\",\"description\":\"Mar\\u00e9riaux envisag\\u00e9s : Acier Inoxydable.\",\"alttext\":\"Blades, without the runner\",\"link\":null,\"imagedate\":\"2025-03-18 18:39:07\",\"hitcounter\":\"3\",\"total_value\":\"0\",\"total_votes\":\"0\",\"meta_data\":{\"aperture\":false,\"credit\":false,\"camera\":false,\"caption\":\"Mar\\u00e9riaux envisag\\u00e9s : Acier Inoxydable.\",\"created_timestamp\":\"18 mars 2025 18 h 39 min\",\"copyright\":\"Frank C\\u00c3\\u00a9sar Lovisolo \\u00c2\\u00a9 2025\",\"focal_length\":false,\"iso\":false,\"shutter_speed\":false,\"flash\":false,\"title\":\"Blades, without the runner\",\"keywords\":false,\"width\":1440,\"height\":960,\"saved\":true,\"thumbnail\":{\"width\":300,\"height\":200},\"webview\":{\"0\":1440,\"1\":960,\"2\":2,\"3\":\"width=\\\"1440\\\" height=\\\"960\\\"\",\"bits\":8,\"channels\":3,\"mime\":\"image\\\/jpeg\"}}},{\"pid\":\"29503\",\"filename\":\"landart-project-v1-33.jpg\",\"description\":\"Mar\\u00e9riaux envisag\\u00e9s :Bois Flott\\u00e9s (Vernis Marine ou Vitrificateur Bois )\",\"alttext\":\"Frames for C\\u00e9zanne, beyond 'La Sainte-Victoire'.\",\"link\":null,\"imagedate\":\"2025-03-23 08:54:35\",\"hitcounter\":\"3\",\"total_value\":\"0\",\"total_votes\":\"0\",\"meta_data\":{\"aperture\":false,\"credit\":false,\"camera\":false,\"caption\":\"Mar\\u00e9riaux envisag\\u00e9s :Bois Flott\\u00e9s (Vernis Marine ou Vitrificateur Bois )\",\"created_timestamp\":\"23 mars 2025 8 h 54 min\",\"copyright\":\"Frank C\\u00c3\\u00a9sar Lovisolo \\u00c2\\u00a9 2025\",\"focal_length\":false,\"iso\":false,\"shutter_speed\":false,\"flash\":false,\"title\":\"Frames for C\\u00e9zanne, beyond 'La Sainte-Victoire'.\",\"keywords\":false,\"width\":1440,\"height\":960,\"saved\":true,\"thumbnail\":{\"width\":300,\"height\":200},\"webview\":{\"0\":1440,\"1\":960,\"2\":2,\"3\":\"width=\\\"1440\\\" height=\\\"960\\\"\",\"bits\":8,\"channels\":3,\"mime\":\"image\\\/jpeg\"}}}]}], };})();<\/script><\/div><\/div><noscript id=\"noscript_FlaGallery_sc1_349\"><img decoding=\"async\" class=\"skip-lazy no-lazyload noLazy\" data-lazy-src=\"\" src=\"https:\/\/frank-lovisolo.fr\/WordPress\/wp-content\/flagallery\/landart-01\/landart-project-v1-01.jpg\" alt=\"Return on itself\" title=\"-\"><img decoding=\"async\" class=\"skip-lazy no-lazyload noLazy\" data-lazy-src=\"\" src=\"https:\/\/frank-lovisolo.fr\/WordPress\/wp-content\/flagallery\/landart-01\/landart-project-v1-02.jpg\" alt=\"Stairway to nowhere\" title=\"-\"><img decoding=\"async\" class=\"skip-lazy no-lazyload noLazy\" data-lazy-src=\"\" src=\"https:\/\/frank-lovisolo.fr\/WordPress\/wp-content\/flagallery\/landart-01\/landart-project-v1-03.jpg\" alt=\"This door won&#039;t open.\" title=\"-\"><img decoding=\"async\" class=\"skip-lazy no-lazyload noLazy\" data-lazy-src=\"\" src=\"https:\/\/frank-lovisolo.fr\/WordPress\/wp-content\/flagallery\/landart-01\/landart-project-v1-04.jpg\" alt=\"Slightly suggestive passage and stairs!\" title=\"-\"><img decoding=\"async\" class=\"skip-lazy no-lazyload noLazy\" data-lazy-src=\"\" src=\"https:\/\/frank-lovisolo.fr\/WordPress\/wp-content\/flagallery\/landart-01\/landart-project-v1-05.jpg\" alt=\"Stairway to reach a stele where nothing is written.\" title=\"-\"><img decoding=\"async\" class=\"skip-lazy no-lazyload noLazy\" data-lazy-src=\"\" src=\"https:\/\/frank-lovisolo.fr\/WordPress\/wp-content\/flagallery\/landart-01\/landart-project-v1-06.jpg\" alt=\"A bridge to disturb the seabirds.\" title=\"-\"><img decoding=\"async\" class=\"skip-lazy no-lazyload noLazy\" data-lazy-src=\"\" src=\"https:\/\/frank-lovisolo.fr\/WordPress\/wp-content\/flagallery\/landart-01\/landart-project-v1-07.jpg\" alt=\"The Fountain of Aphrodite\" title=\"-\"><img decoding=\"async\" class=\"skip-lazy no-lazyload noLazy\" data-lazy-src=\"\" src=\"https:\/\/frank-lovisolo.fr\/WordPress\/wp-content\/flagallery\/landart-01\/landart-project-v1-08.jpg\" alt=\"Poseidon&#039;s Lost Library\" title=\"-\"><img decoding=\"async\" class=\"skip-lazy no-lazyload noLazy\" data-lazy-src=\"\" src=\"https:\/\/frank-lovisolo.fr\/WordPress\/wp-content\/flagallery\/landart-01\/landart-project-v1-09.jpg\" alt=\"A stairway, but not for Heaven\" title=\"-\"><img decoding=\"async\" class=\"skip-lazy no-lazyload noLazy\" data-lazy-src=\"\" src=\"https:\/\/frank-lovisolo.fr\/WordPress\/wp-content\/flagallery\/landart-01\/landart-project-v1-10.jpg\" alt=\"The Spring Stairway\" title=\"-\"><img decoding=\"async\" class=\"skip-lazy no-lazyload noLazy\" data-lazy-src=\"\" src=\"https:\/\/frank-lovisolo.fr\/WordPress\/wp-content\/flagallery\/landart-01\/landart-project-v1-11.jpg\" alt=\"The reversed fountain of youth.\" title=\"-\"><img decoding=\"async\" class=\"skip-lazy no-lazyload noLazy\" data-lazy-src=\"\" src=\"https:\/\/frank-lovisolo.fr\/WordPress\/wp-content\/flagallery\/landart-01\/landart-project-v1-12.jpg\" alt=\"A fervent phallic escalator in restless bloom.\" title=\"-\"><img decoding=\"async\" class=\"skip-lazy no-lazyload noLazy\" data-lazy-src=\"\" src=\"https:\/\/frank-lovisolo.fr\/WordPress\/wp-content\/flagallery\/landart-01\/landart-project-v1-13.jpg\" alt=\"Climbing the stairs to enjoy the same view.\" title=\"-\"><img decoding=\"async\" class=\"skip-lazy no-lazyload noLazy\" data-lazy-src=\"\" src=\"https:\/\/frank-lovisolo.fr\/WordPress\/wp-content\/flagallery\/landart-01\/landart-project-v1-14.jpg\" alt=\"Metal beams and useless parts of an oil refinery on green water.\" title=\"-\"><img decoding=\"async\" class=\"skip-lazy no-lazyload noLazy\" data-lazy-src=\"\" src=\"https:\/\/frank-lovisolo.fr\/WordPress\/wp-content\/flagallery\/landart-01\/landart-project-v1-15.jpg\" alt=\"Stairway to watch a sunset.\" title=\"-\"><img decoding=\"async\" class=\"skip-lazy no-lazyload noLazy\" data-lazy-src=\"\" src=\"https:\/\/frank-lovisolo.fr\/WordPress\/wp-content\/flagallery\/landart-01\/landart-project-v1-16.jpg\" alt=\"Memorial for sailors lost at sea.\" title=\"-\"><img decoding=\"async\" class=\"skip-lazy no-lazyload noLazy\" data-lazy-src=\"\" src=\"https:\/\/frank-lovisolo.fr\/WordPress\/wp-content\/flagallery\/landart-01\/landart-project-v1-17.jpg\" alt=\"Stairway to heaven, unfortunately too short.\" title=\"-\"><img decoding=\"async\" class=\"skip-lazy no-lazyload noLazy\" data-lazy-src=\"\" src=\"https:\/\/frank-lovisolo.fr\/WordPress\/wp-content\/flagallery\/landart-01\/landart-project-v1-18.jpg\" alt=\"Doughnut for Walter de Maria\" title=\"-\"><img decoding=\"async\" class=\"skip-lazy no-lazyload noLazy\" data-lazy-src=\"\" src=\"https:\/\/frank-lovisolo.fr\/WordPress\/wp-content\/flagallery\/landart-01\/landart-project-v1-19.jpg\" alt=\"Terminal of the useless.\" title=\"-\"><img decoding=\"async\" class=\"skip-lazy no-lazyload noLazy\" data-lazy-src=\"\" src=\"https:\/\/frank-lovisolo.fr\/WordPress\/wp-content\/flagallery\/landart-01\/landart-project-v1-20.jpg\" alt=\"Nevertheless, this is not a Stairway!\" title=\"-\"><img decoding=\"async\" class=\"skip-lazy no-lazyload noLazy\" data-lazy-src=\"\" src=\"https:\/\/frank-lovisolo.fr\/WordPress\/wp-content\/flagallery\/landart-01\/landart-project-v1-21.jpg\" alt=\"The door of the door, of the door, of the door, of the door, of the door...\" title=\"-\"><img decoding=\"async\" class=\"skip-lazy no-lazyload noLazy\" data-lazy-src=\"\" src=\"https:\/\/frank-lovisolo.fr\/WordPress\/wp-content\/flagallery\/landart-01\/landart-project-v1-22.jpg\" alt=\"A bridge to disorient the seagulls.\" title=\"-\"><img decoding=\"async\" class=\"skip-lazy no-lazyload noLazy\" data-lazy-src=\"\" src=\"https:\/\/frank-lovisolo.fr\/WordPress\/wp-content\/flagallery\/landart-01\/landart-project-v1-23.jpg\" alt=\"Terraces to wait for the water that comes from the desert.\" title=\"-\"><img decoding=\"async\" class=\"skip-lazy no-lazyload noLazy\" data-lazy-src=\"\" src=\"https:\/\/frank-lovisolo.fr\/WordPress\/wp-content\/flagallery\/landart-01\/landart-project-v1-24.jpg\" alt=\"Staircase to go in circles.\" title=\"-\"><img decoding=\"async\" class=\"skip-lazy no-lazyload noLazy\" data-lazy-src=\"\" src=\"https:\/\/frank-lovisolo.fr\/WordPress\/wp-content\/flagallery\/landart-01\/landart-project-v1-25.jpg\" alt=\"Stairway to try to touch the clouds: Goodness, still too short!\" title=\"-\"><img decoding=\"async\" class=\"skip-lazy no-lazyload noLazy\" data-lazy-src=\"\" src=\"https:\/\/frank-lovisolo.fr\/WordPress\/wp-content\/flagallery\/landart-01\/landart-project-v1-26.jpg\" alt=\"The Door of the sun and the Stairway of shadows.\" title=\"-\"><img decoding=\"async\" class=\"skip-lazy no-lazyload noLazy\" data-lazy-src=\"\" src=\"https:\/\/frank-lovisolo.fr\/WordPress\/wp-content\/flagallery\/landart-01\/landart-project-v1-27.jpg\" alt=\"A doughnut-shaped formation on a salt evaporation pond, featuring an unnecessary staircase.\" title=\"-\"><img decoding=\"async\" class=\"skip-lazy no-lazyload noLazy\" data-lazy-src=\"\" src=\"https:\/\/frank-lovisolo.fr\/WordPress\/wp-content\/flagallery\/landart-01\/landart-project-v1-28.jpg\" alt=\"You can, possibly, walk on it...\" title=\"-\"><img decoding=\"async\" class=\"skip-lazy no-lazyload noLazy\" data-lazy-src=\"\" src=\"https:\/\/frank-lovisolo.fr\/WordPress\/wp-content\/flagallery\/landart-01\/landart-project-v1-29.jpg\" alt=\"Some say it embodies infinity... Why not embrace that boundless idea?\" title=\"-\"><img decoding=\"async\" class=\"skip-lazy no-lazyload noLazy\" data-lazy-src=\"\" src=\"https:\/\/frank-lovisolo.fr\/WordPress\/wp-content\/flagallery\/landart-01\/landart-project-v1-30.jpg\" alt=\"A sound trap for the winds.\" title=\"-\"><img decoding=\"async\" class=\"skip-lazy no-lazyload noLazy\" data-lazy-src=\"\" src=\"https:\/\/frank-lovisolo.fr\/WordPress\/wp-content\/flagallery\/landart-01\/landart-project-v1-31.jpg\" alt=\"Yes, you may ascend, yet it serves no purpose.\" title=\"-\"><img decoding=\"async\" class=\"skip-lazy no-lazyload noLazy\" data-lazy-src=\"\" src=\"https:\/\/frank-lovisolo.fr\/WordPress\/wp-content\/flagallery\/landart-01\/landart-project-v1-32.jpg\" alt=\"Blades, without the runner\" title=\"-\"><img decoding=\"async\" class=\"skip-lazy no-lazyload noLazy\" data-lazy-src=\"\" src=\"https:\/\/frank-lovisolo.fr\/WordPress\/wp-content\/flagallery\/landart-01\/landart-project-v1-33.jpg\" alt=\"Frames for C\u00e9zanne, beyond &#039;La Sainte-Victoire&#039;.\" title=\"-\"><\/noscript><\/h3>\n<hr \/>\n<\/td>\n<\/tr>\n<\/tbody>\n<\/table>\n<div><span style=\"font-size: 10px; color: #ffffff;\">Land Art &#8211;<\/span><\/div>\n<table style=\"width: 100%; border-collapse: collapse;\" cellpadding=\"10\">\n<tbody>\n<tr>\n<td style=\"width: 100%;\">\n<h3><span class=\"ez-toc-section\" id=\"land-art-et-fractales\"><\/span><span style=\"font-size: 22px;\"><strong>Land Art et Fractales.<\/strong><\/span><span class=\"ez-toc-section-end\"><\/span><\/h3>\n<div><span style=\"color: #ffffff;\">\u2013<\/span><\/div>\n<div style=\"text-align: justify;\"><span style=\"font-size: 20px;\">Dans cette s\u00e9rie, le concept est de choisir une figure fractale existante pour l\u2019int\u00e9grer dans un paysage, tout en la rendant \u00e0 peu de choses pr\u00e8s constructible.<br \/>\n<\/span><span style=\"font-size: 20px;\">Si vous connaissez un architecte pugnace, un ing\u00e9nieur b\u00e9ton opini\u00e2tre, un tailleur de pierre ent\u00eat\u00e9 et un ma\u00e7on d\u00e9s\u0153uvr\u00e9 ne sachant pas que faire de ces sacs de ciment, de sa b\u00e9tonni\u00e8re et qui s\u2019entraine, huit heures par jour, au maniement de la truelle dans le vide, je suis preneur\u2009!<br \/>\n<span style=\"color: #ffffff;\">\u2013<\/span><\/span><\/div>\n<div style=\"text-align: justify;\"><span style=\"font-size: 20px;\">J\u2019avais travaill\u00e9 sur deux s\u00e9ries \u00ab\u2009<a href=\"https:\/\/frank-lovisolo.fr\/WordPress\/galerie-jmandelbleu-images-fractales\/\">Julia MandelBleu<\/a>\u2009\u00bb et \u00ab\u2009<a href=\"https:\/\/frank-lovisolo.fr\/WordPress\/galerie-jmandel-rouge-art-fractal\/\">Julia MandelRouge<\/a>\u2009\u00bb, une vari\u00e9t\u00e9 de \u00ab\u2009Math Art\u2009\u00bb, algorithmique et immat\u00e9rielle, tr\u00e8s \u00e9loign\u00e9e de la nature vraie, vous savez celle que l\u2019on est en train de saloper.<br \/>\n<span style=\"color: #ffffff;\">\u2013<\/span><br \/>\nParadoxalement, ces \u00e9tranges objets math\u00e9matiques sont tr\u00e8s pr\u00e9sents et parfois l\u00e0 o\u00f9 on les attend le moins\u00a0: par exemple dans la cuisine si vous aimez le <a title=\"\" href=\"https:\/\/fr.wikipedia.org\/wiki\/Chou_romanesco\" target=\"_blank\" rel=\"noopener\">chou romanesco<\/a>, vous aurez dans votre r\u00e9frig\u00e9rateur un aper\u00e7u de forme fractale biologique.<br \/>\nIl en existe beaucoup d\u2019autres dans la nature\u00a0: les nuages, les flocons de neige, les montagnes, les r\u00e9seaux de rivi\u00e8res, le chou-fleur, le brocoli (cru) et autres foug\u00e8res\u2026\u00a0<\/span><\/div>\n<div><span style=\"color: #ffffff;\">\u2013<\/span><\/div>\n<div style=\"text-align: justify;\"><span style=\"font-size: 20px;\">Cette id\u00e9e de Land Art va et vient dans mon esprit depuis longtemps\u2026<\/span><br \/>\n<span style=\"font-size: 20px;\">C\u2019est amusant la cr\u00e9ativit\u00e9 : il suffit de ne plus penser \u00e0 un sujet pour qu\u2019il revienne derechef vous hanter et d\u00e9cide de s\u2019extraire de sa l\u00e9thargie de sorte que l\u2019on commence \u00e0 \u00e9laborer avec fr\u00e9n\u00e9sie les esquisses, pas tr\u00e8s convaincantes au d\u00e9but\u2026<br \/>\n<span style=\"color: #ffffff;\">\u2013<\/span><br \/>\nPuis, petit \u00e0 petit\u2026 Non\u2009! Rien \u00e0 voir avec l\u2019oiseau, \u00e7a prend forme et devient jubilatoire\u2009!<\/span><\/div>\n<div><\/div>\n<div style=\"text-align: justify;\"><span style=\"font-size: 20px;\">Toutefois, parce que vous \u00eates des millions \u00e0 me lire, je r\u00e9sume comment \u00e7a se passe et vous livre ma recette secr\u00e8te\u00a0:<\/span><\/div>\n<div><span style=\"color: #ffffff;\">&#8211;<\/span><\/div>\n<div><\/div>\n<div><img loading=\"lazy\" decoding=\"async\" class=\"aligncenter wp-image-49861 size-full\" src=\"https:\/\/frank-lovisolo.fr\/WordPress\/wp-content\/uploads\/2025\/03\/Land-Art-Procede.jpg\" alt=\"- - -\" width=\"1024\" height=\"262\" title=\"-\" srcset=\"https:\/\/frank-lovisolo.fr\/WordPress\/wp-content\/uploads\/2025\/03\/Land-Art-Procede.jpg 1024w, https:\/\/frank-lovisolo.fr\/WordPress\/wp-content\/uploads\/2025\/03\/Land-Art-Procede-460x118.jpg 460w, https:\/\/frank-lovisolo.fr\/WordPress\/wp-content\/uploads\/2025\/03\/Land-Art-Procede-768x197.jpg 768w, https:\/\/frank-lovisolo.fr\/WordPress\/wp-content\/uploads\/2025\/03\/Land-Art-Procede-250x64.jpg 250w, https:\/\/frank-lovisolo.fr\/WordPress\/wp-content\/uploads\/2025\/03\/Land-Art-Procede-150x38.jpg 150w\" sizes=\"auto, (max-width: 1024px) 100vw, 1024px\" \/><\/div>\n<div><\/div>\n<div><span style=\"color: #ffffff;\">&#8211;<\/span><\/div>\n<div id=\"attachment_37224\" style=\"width: 370px\" class=\"wp-caption alignleft\"><img loading=\"lazy\" decoding=\"async\" aria-describedby=\"caption-attachment-37224\" class=\"wp-image-37224\" src=\"https:\/\/frank-lovisolo.fr\/WordPress\/wp-content\/uploads\/2020\/10\/Green-over-blue-Rothko-460x648.jpg\" alt=\"Mark Rothko, Blue and Gray, 1962\u00a9 1998 Kate Rothko Prizel &amp; Christopher RothkoGreen-over-blue-Rothko\" width=\"360\" height=\"507\" title=\"-\" srcset=\"https:\/\/frank-lovisolo.fr\/WordPress\/wp-content\/uploads\/2020\/10\/Green-over-blue-Rothko-460x648.jpg 460w, https:\/\/frank-lovisolo.fr\/WordPress\/wp-content\/uploads\/2020\/10\/Green-over-blue-Rothko-768x1082.jpg 768w, https:\/\/frank-lovisolo.fr\/WordPress\/wp-content\/uploads\/2020\/10\/Green-over-blue-Rothko-107x150.jpg 107w, https:\/\/frank-lovisolo.fr\/WordPress\/wp-content\/uploads\/2020\/10\/Green-over-blue-Rothko.jpg 994w\" sizes=\"auto, (max-width: 360px) 100vw, 360px\" \/><p id=\"caption-attachment-37224\" class=\"wp-caption-text\"><span style=\"font-size: 12px;\"><a href=\"https:\/\/fr.wikipedia.org\/wiki\/Mark_Rothko\" target=\"_blank\" rel=\"noopener\">Mark Rothko<\/a>, <a href=\"https:\/\/www.fondationbeyeler.ch\/fr\/collection\/oeuvre?tx_wmdbbasefbey_pi5%5Bartwork%5D=119&amp;cHash=9a435a0ce0890051c0aa9b75074a138c\" target=\"_blank\" rel=\"noopener\">Blue and Gray<\/a>, 1962<\/span><br \/><span style=\"font-size: 12px;\">\u00a9 1998 Kate Rothko Prizel &amp; Christopher Rothko<\/span><\/p><\/div>\n<div style=\"text-align: justify;\"><span style=\"font-size: 20px;\"><span style=\"font-size: 20px;\">Et voil\u00e0\u2026 Une arm\u00e9e de palettes et de pinceaux se l\u00e8ve pour protester la m\u00e9thode.<br \/>\nToujours avec les m\u00eames revendications conformistes que l\u2019on trouve dans toutes les disciplines artistiques, d\u00e8s que l\u2019on sort du cadre quasiment juridique du fameux \u00ab\u2009bien faire comme il faut, comme avant\u2009\u00bb.<\/span><\/span><\/div>\n<div><span style=\"color: #ffffff;\">\u2013<\/span><\/div>\n<div style=\"text-align: justify;\"><span style=\"font-size: 20px;\"><span style=\"font-size: 20px;\">Ho, ceci n\u2019est pas original, l\u2019inventeur du pinceau, il y a fort longtemps, lui aussi a <\/span><\/span><span style=\"font-family: inherit; font-size: 20px;\">eu \u00e0 tor\u00e9er avec ces \u00e9nergum\u00e8nes adeptes de la rassurante conserve\u2009!<\/span><\/div>\n<div style=\"text-align: justify;\"><span style=\"color: #ffffff;\">\u2013<\/span><\/div>\n<div style=\"text-align: justify;\"><span style=\"font-size: 20px;\">Mais ne vous leurrez pas, j\u2019admire ceux qui \u0153uvrent avec les techniques classiques et qui, avec elles, bouleversent et transcendent les traditions, ouvrant de nouvelles perspectives \u00e0 l\u2019art.<\/span><\/div>\n<div><span style=\"color: #ffffff;\">\u2013<\/span><\/div>\n<div style=\"text-align: justify;\"><span style=\"font-size: 20px;\">Quant \u00e0 la critique, bien s\u00fbr, tant qu\u2019elle correspond \u00e0 ce qu\u2019en disait Charles Baudelaire (un autre grand Charles), qui, dit-on, n\u2019appr\u00e9ciait pas vraiment l\u2019art de la photographie, mais n\u2019a pas emp\u00each\u00e9 l\u2019imp\u00e9tueux photographe et a\u00e9ronaute F\u00e9lix Tournachon, dit\u00a0<a href=\"https:\/\/fr.wikipedia.org\/wiki\/Nadar\" target=\"_blank\" rel=\"noopener\">Nadar<\/a>, de lui tirer le portrait\u00a0:<br \/>\n<\/span><\/div>\n<div><span style=\"color: #ffffff;\">\u2013<\/span><\/div>\n<div style=\"text-align: justify;\"><span style=\"font-size: 20px;\"><span style=\"color: #000066;\"><em>\u00ab\u2009Je crois sinc\u00e8rement que la meilleure critique est celle qui est amusante et po\u00e9tique\u2009; non pas celle-ci, froide et alg\u00e9brique, qui, sous pr\u00e9texte de tout expliquer, n\u2019a ni haine ni amour, et se d\u00e9pouille volontairement de toute esp\u00e8ce de temp\u00e9rament\u2009; mais \u2014 un beau tableau \u00e9tant la nature r\u00e9fl\u00e9chie par un artiste \u2014 celle qui sera ce tableau r\u00e9fl\u00e9chi par un esprit intelligent et sensible. <\/em><\/span><\/span><\/div>\n<div style=\"text-align: justify;\"><span style=\"font-size: 20px;\"><span style=\"color: #000066;\"><em>Ainsi le meilleur compte rendu d\u2019un tableau pourra \u00eatre un sonnet ou une \u00e9l\u00e9gie.\u2009\u00bb<\/em><\/span><br \/>\n<\/span><\/div>\n<div style=\"text-align: justify; padding-left: 40px;\"><span style=\"font-size: 16px;\"><em>\u00ab <\/em><a href=\"https:\/\/fr.wikisource.org\/wiki\/Curiosit%C3%A9s_esth%C3%A9tiques\/Salon_de_1846\" target=\"_blank\" rel=\"noopener\">\u00c0 quoi bon la critique\u2009?<\/a>\u2009\u00bb, <a href=\"https:\/\/fr.wikipedia.org\/wiki\/Charles_Baudelaire\" target=\"_blank\" rel=\"noopener\">Charles Baudelaire<\/a> \u2014 Salon de 1846<\/span><\/div>\n<div><span style=\"color: #ffffff;\">\u2013<\/span><\/div>\n<div style=\"text-align: justify;\"><span style=\"color: #ffffff;\">\u2014\u00a0<\/span><span style=\"font-size: 20px;\"><span style=\"font-size: 20px;\">J\u2019affirme sans retenue que l\u2019Art n\u2019a aucun moyen d\u2019\u00e9voluer derri\u00e8re les barri\u00e8res du conservatisme ou dans l\u2019enfermement des id\u00e9ologies les plus souvent mortif\u00e8res.<\/span><\/span><\/div>\n<\/td>\n<\/tr>\n<\/tbody>\n<\/table>\n<div>\n<hr \/>\n<p><span style=\"font-size: 10px; color: #ffffff;\">Land Art &#8211;<\/span><\/p>\n<\/div>\n<table style=\"width: 100%; border-collapse: collapse;\" cellpadding=\"10\">\n<tbody>\n<tr>\n<td style=\"width: 100%;\">\n<h3><span class=\"ez-toc-section\" id=\"parmi-toutes-les-disciplines%e2%80%a6\"><\/span><strong><span style=\"font-size: 20px;\">Parmi toutes les disciplines&#8230;<\/span><\/strong><span class=\"ez-toc-section-end\"><\/span><\/h3>\n<p><span style=\"color: #ffffff;\">&#8211;<\/span><\/p>\n<div><\/div>\n<div style=\"text-align: justify;\"><span style=\"font-size: 20px;\">&#8230;qui s\u2019apparentent \u00e0 \u00ab\u2009<a href=\"https:\/\/fr.wikipedia.org\/wiki\/Art_contemporain\" target=\"_blank\" rel=\"noopener\">l\u2019<\/a><em><a href=\"https:\/\/fr.wikipedia.org\/wiki\/Art_contemporain\" target=\"_blank\" rel=\"noopener\">art contemporain\u2009<\/a>\u00bb, <\/em>le Land Art demeure certainement l\u2019une de mes pr\u00e9f\u00e9r\u00e9es.<br \/>\nIl s\u2019y trouve une puret\u00e9 tout aussi empreinte de primitivisme que de multiplicit\u00e9, ce qui m\u2019\u00e9merveille au plus haut point.<br \/>\nLe fait que les \u0153uvres soient souvent \u00e9ph\u00e9m\u00e8res interroge sur les effets de la temporalit\u00e9 de ce qui r\u00e9side sur terre.<\/span><\/div>\n<div><span style=\"color: #ffffff;\">\u2013<\/span><\/div>\n<div style=\"text-align: justify;\"><span style=\"font-size: 20px;\">Toutes les \u0153uvres sont destin\u00e9es \u00e0 disparaitre, bien que l\u2019on fasse tout pour les conserver (restauration, mus\u00e9e\u2026). Celles du Land Art sont expos\u00e9es dans la nature et subissent l\u2019\u00e9rosion. D\u2019autres ne sont construites que pour une dur\u00e9e d\u00e9finie et seront d\u00e9mantel\u00e9es..<\/span><\/div>\n<div><span style=\"font-size: 20px;\"><span style=\"color: #ffffff;\">&#8211;<\/span><\/span><\/div>\n<div style=\"text-align: justify;\">\n<div id=\"attachment_49841\" style=\"width: 470px\" class=\"wp-caption alignright\"><img loading=\"lazy\" decoding=\"async\" aria-describedby=\"caption-attachment-49841\" class=\"wp-image-49841 size-medium\" src=\"https:\/\/frank-lovisolo.fr\/WordPress\/wp-content\/uploads\/2025\/03\/The-Vertical-Earth-Kilometer-460x345.jpg\" alt=\"The Vertical Earth Kilometer\" width=\"460\" height=\"345\" title=\"-\" srcset=\"https:\/\/frank-lovisolo.fr\/WordPress\/wp-content\/uploads\/2025\/03\/The-Vertical-Earth-Kilometer-460x345.jpg 460w, https:\/\/frank-lovisolo.fr\/WordPress\/wp-content\/uploads\/2025\/03\/The-Vertical-Earth-Kilometer-1024x768.jpg 1024w, https:\/\/frank-lovisolo.fr\/WordPress\/wp-content\/uploads\/2025\/03\/The-Vertical-Earth-Kilometer-768x576.jpg 768w, https:\/\/frank-lovisolo.fr\/WordPress\/wp-content\/uploads\/2025\/03\/The-Vertical-Earth-Kilometer-200x150.jpg 200w, https:\/\/frank-lovisolo.fr\/WordPress\/wp-content\/uploads\/2025\/03\/The-Vertical-Earth-Kilometer-150x113.jpg 150w, https:\/\/frank-lovisolo.fr\/WordPress\/wp-content\/uploads\/2025\/03\/The-Vertical-Earth-Kilometer.jpg 1280w\" sizes=\"auto, (max-width: 460px) 100vw, 460px\" \/><p id=\"caption-attachment-49841\" class=\"wp-caption-text\"><span style=\"font-size: 12px;\">The Vertical Earth Kilometer<\/span><\/p><\/div>\n<p><span style=\"font-size: 20px;\">Si nous prenons pour exemple \u00ab\u2009<a title=\"The Vertical Earth Kilometer\" href=\"https:\/\/fr.wikipedia.org\/wiki\/The_Vertical_Earth_Kilometer\" target=\"_blank\" rel=\"noopener\">The Vertical Earth Kilometer\u2009\u00bb<\/a> de <a title=\"\" href=\"https:\/\/fr.wikipedia.org\/wiki\/Walter_De_Maria\" target=\"_blank\" rel=\"noopener\">Walter De Maria<\/a>, une barre de laiton, de 5 centim\u00e8tres de diam\u00e8tre et de 1 kilom\u00e8tre de long, enti\u00e8rement enfonc\u00e9e dans le sol, de telle fa\u00e7on que seule son extr\u00e9mit\u00e9 sup\u00e9rieure affleure.<\/span><\/p>\n<p><span style=\"font-size: 20px;\">Nous ne savons pas ce qu\u2019il se passe sous la surface\u2009; \u00a0elle traverse six couches g\u00e9ologiques distinctes et l\u2019on sait que ces strates peuvent glisser ind\u00e9pendamment l\u2019une sur l\u2019autre et m\u00eame se d\u00e9former. Peut-\u00eatre, que cette barre minuscule en comparaison de sa longueur est maintenant distordue ou pis : sectionn\u00e9e!<\/span><\/p>\n<\/div>\n<div style=\"text-align: justify;\"><span style=\"font-size: 20px;\"><span style=\"font-size: 20px;\"><span style=\"color: #ffffff;\">&#8211;<\/span><br \/>\n<\/span><\/span><\/p>\n<div id=\"attachment_34277\" style=\"width: 470px\" class=\"wp-caption alignleft\"><a href=\"https:\/\/frank-lovisolo.fr\/WordPress\/emballe-par-christo-floating-piers\/\" target=\"_blank\" rel=\"noopener\"><img loading=\"lazy\" decoding=\"async\" aria-describedby=\"caption-attachment-34277\" class=\"wp-image-34277 size-medium\" src=\"https:\/\/frank-lovisolo.fr\/WordPress\/wp-content\/uploads\/2016\/06\/Christo-The-Floating-Piers-050-460x307.jpg\" alt=\"The Floating Piers\" width=\"460\" height=\"307\" title=\"-\" srcset=\"https:\/\/frank-lovisolo.fr\/WordPress\/wp-content\/uploads\/2016\/06\/Christo-The-Floating-Piers-050-460x307.jpg 460w, https:\/\/frank-lovisolo.fr\/WordPress\/wp-content\/uploads\/2016\/06\/Christo-The-Floating-Piers-050-1024x683.jpg 1024w, https:\/\/frank-lovisolo.fr\/WordPress\/wp-content\/uploads\/2016\/06\/Christo-The-Floating-Piers-050-768x512.jpg 768w, https:\/\/frank-lovisolo.fr\/WordPress\/wp-content\/uploads\/2016\/06\/Christo-The-Floating-Piers-050-225x150.jpg 225w, https:\/\/frank-lovisolo.fr\/WordPress\/wp-content\/uploads\/2016\/06\/Christo-The-Floating-Piers-050-150x100.jpg 150w, https:\/\/frank-lovisolo.fr\/WordPress\/wp-content\/uploads\/2016\/06\/Christo-The-Floating-Piers-050.jpg 1200w\" sizes=\"auto, (max-width: 460px) 100vw, 460px\" \/><\/a><p id=\"caption-attachment-34277\" class=\"wp-caption-text\"><span style=\"font-size: 12px;\">The Floating Piers &#8211; <a href=\"https:\/\/frank-lovisolo.fr\/WordPress\/emballe-par-christo-floating-piers\/\">Photographie FC Lovisolo<\/a><\/span><\/p><\/div>\n<p><span style=\"font-size: 20px;\">A contrario, apr\u00e8s les 16\u00a0jours d\u2019exposition, tous les \u00e9l\u00e9ments de l\u2019\u00e9v\u00e8nement \u00ab\u2009<a href=\"https:\/\/frank-lovisolo.fr\/WordPress\/emballe-par-christo-floating-piers\/\" target=\"_blank\" rel=\"noopener\">The floating Piers<\/a>\u2009\u00bb pens\u00e9 <a href=\"https:\/\/christojeanneclaude.net\/artworks\/realized-projects\" target=\"_blank\" rel=\"noopener noreferrer\">Christo et Jeanne-Claude<\/a>, ont \u00e9t\u00e9 d\u00e9mont\u00e9s et recycl\u00e9s industriellement.<br \/>\n<\/span><span style=\"font-size: 20px;\"><span style=\"color: #ffffff;\">\u2013<\/span><br \/>\nUn Woodstock de l\u2019art contemporain, <a href=\"https:\/\/frank-lovisolo.fr\/WordPress\/emballe-par-christo-floating-piers\/\" target=\"_blank\" rel=\"noopener\">auquel j\u2019ai eu la chance de participer<\/a>, o\u00f9 le lac d\u2019Iseo, en Italie, a \u00e9t\u00e9 r\u00e9imagin\u00e9\u00a0: 100\u2009000\u00a0m<sup>2<\/sup> de tissu jaune, port\u00e9s par un syst\u00e8me de quais flottants form\u00e9 de 220\u2009000\u00a0cubes en poly\u00e9thyl\u00e8ne haute densit\u00e9.<br \/>\nL\u2019ensemble ondulait avec le mouvement des vagues tandis que les jet\u00e9es flottantes s\u2019\u00e9levaient juste au-dessus de la surface de l\u2019eau.<\/span><\/p>\n<\/div>\n<div><\/div>\n<div style=\"text-align: justify;\">\n<hr \/>\n<p style=\"text-align: justify;\"><strong><span style=\"font-size: 20px;\"><a href=\"#lacoste\"><img loading=\"lazy\" decoding=\"async\" class=\" wp-image-49897 alignleft\" src=\"https:\/\/frank-lovisolo.fr\/WordPress\/wp-content\/uploads\/2025\/03\/ChateauLacosteLogo-460x218.jpg\" alt=\"- - -\" width=\"118\" height=\"56\" data-sitemapexclude=\"true\" title=\"-\" srcset=\"https:\/\/frank-lovisolo.fr\/WordPress\/wp-content\/uploads\/2025\/03\/ChateauLacosteLogo-460x218.jpg 460w, https:\/\/frank-lovisolo.fr\/WordPress\/wp-content\/uploads\/2025\/03\/ChateauLacosteLogo-1024x486.jpg 1024w, https:\/\/frank-lovisolo.fr\/WordPress\/wp-content\/uploads\/2025\/03\/ChateauLacosteLogo-768x365.jpg 768w, https:\/\/frank-lovisolo.fr\/WordPress\/wp-content\/uploads\/2025\/03\/ChateauLacosteLogo-250x119.jpg 250w, https:\/\/frank-lovisolo.fr\/WordPress\/wp-content\/uploads\/2025\/03\/ChateauLacosteLogo-150x71.jpg 150w, https:\/\/frank-lovisolo.fr\/WordPress\/wp-content\/uploads\/2025\/03\/ChateauLacosteLogo.jpg 1247w\" sizes=\"auto, (max-width: 118px) 100vw, 118px\" \/><\/a>Une id\u00e9e de promenade dans un haut lieu du Land Art :<\/span><\/strong><\/p>\n<p style=\"text-align: justify;\"><span style=\"font-size: 18px;\">Exposition d&rsquo;\u0153uvres concernant cette discipline en Provence au <strong><a href=\"#lacoste\">Ch\u00e2teau La Coste<\/a> &#8211; (<a href=\"#lacoste\">Voir quelques photos<\/a>)<\/strong><\/span><\/p>\n<\/div>\n<\/td>\n<\/tr>\n<\/tbody>\n<\/table>\n<div>\n<hr \/>\n<\/div>\n<div>\n<table style=\"width: 100%; border-collapse: collapse;\" cellpadding=\"10\">\n<tbody>\n<tr>\n<td style=\"width: 100%; text-align: justify;\">\n<h1 id=\"firstHeading\" class=\"firstHeading mw-first-heading\"><span class=\"ez-toc-section\" id=\"qqoqccp\"><\/span><span class=\"mw-page-title-main\" style=\"font-size: 20px;\"><strong>QQOQCCP ?<\/strong><\/span><span class=\"ez-toc-section-end\"><\/span><\/h1>\n<p><span class=\"mw-page-title-main\" style=\"font-size: 20px;\"><br \/>\n<\/span><span style=\"font-size: 20px;\">Sont-elles artistiques mes virtuelles r\u00e9alisations\u00a0 ?\u00a0<\/span><span style=\"font-size: 18px;\"><span style=\"font-size: 20px;\"><img loading=\"lazy\" decoding=\"async\" class=\"alignleft wp-image-49874\" src=\"https:\/\/frank-lovisolo.fr\/WordPress\/wp-content\/uploads\/2025\/03\/LandArt-Project-ILL-460x307.jpg\" alt=\"Land Art pour Walter Demaria\" width=\"360\" height=\"240\" title=\"-\" srcset=\"https:\/\/frank-lovisolo.fr\/WordPress\/wp-content\/uploads\/2025\/03\/LandArt-Project-ILL-460x307.jpg 460w, https:\/\/frank-lovisolo.fr\/WordPress\/wp-content\/uploads\/2025\/03\/LandArt-Project-ILL-768x512.jpg 768w, https:\/\/frank-lovisolo.fr\/WordPress\/wp-content\/uploads\/2025\/03\/LandArt-Project-ILL-225x150.jpg 225w, https:\/\/frank-lovisolo.fr\/WordPress\/wp-content\/uploads\/2025\/03\/LandArt-Project-ILL-150x100.jpg 150w, https:\/\/frank-lovisolo.fr\/WordPress\/wp-content\/uploads\/2025\/03\/LandArt-Project-ILL.jpg 1024w\" sizes=\"auto, (max-width: 360px) 100vw, 360px\" \/>\u0152uvrer avec le sable, le b\u00e9ton, l\u2019acier, l\u2019aluminium, les pierres, l\u2019eau, indispensable \u00e0 la vie sur notre plan\u00e8te (qu\u2019en est-il ailleurs\u2009?), et choisir un lieu pour y construire un objet sans r\u00e9elle utilit\u00e9 (peut-\u00eatre, repenser la notion d\u2019utilit\u00e9).<\/span><br \/>\n<\/span><span style=\"color: #ffffff;\">\u2013<\/span><br \/>\n<span style=\"font-size: 20px;\">Un travail sans la limitation des murs ou de l\u2019id\u00e9ologie d\u2019un mus\u00e9e ou d\u2019une galerie, pour \u00e9tablir une relation intime entre l\u2019objet (d\u2019art\u2009?) avec le paysage, soit.<\/span><\/p>\n<div id=\"attachment_49854\" style=\"width: 370px\" class=\"wp-caption alignright\"><img loading=\"lazy\" decoding=\"async\" aria-describedby=\"caption-attachment-49854\" class=\"wp-image-49854\" src=\"https:\/\/frank-lovisolo.fr\/WordPress\/wp-content\/uploads\/2025\/03\/Corinth_Ecce_homo-460x586.jpg\" alt=\"- - -\" width=\"360\" height=\"459\" title=\"-\" srcset=\"https:\/\/frank-lovisolo.fr\/WordPress\/wp-content\/uploads\/2025\/03\/Corinth_Ecce_homo-460x586.jpg 460w, https:\/\/frank-lovisolo.fr\/WordPress\/wp-content\/uploads\/2025\/03\/Corinth_Ecce_homo-768x978.jpg 768w, https:\/\/frank-lovisolo.fr\/WordPress\/wp-content\/uploads\/2025\/03\/Corinth_Ecce_homo-118x150.jpg 118w, https:\/\/frank-lovisolo.fr\/WordPress\/wp-content\/uploads\/2025\/03\/Corinth_Ecce_homo.jpg 800w\" sizes=\"auto, (max-width: 360px) 100vw, 360px\" \/><p id=\"caption-attachment-49854\" class=\"wp-caption-text\"><span style=\"font-size: 12px;\"><a href=\"https:\/\/de.wikipedia.org\/wiki\/Lovis_Corinth\" target=\"_blank\" rel=\"noopener\">Lovis Corinth<\/a> \u2014 <a href=\"https:\/\/commons.wikimedia.org\/wiki\/File:Corinth_Ecce_homo.jpg\" target=\"_blank\" rel=\"noopener\">Ecce Homo<\/a> (1925), Kunstmuseum B\u00e2le <br \/>Entartete Kunst &#8211; Tableau \u00e0 la foi, mort et vivant.\u00a0<\/span><\/p><\/div>\n<p><span style=\"font-size: 20px;\">Mais, pour que ce soit de l\u2019art, il faut au minimum deux composantes\u00a0: l\u2019artiste qui affirme avec une ferveur eccl\u00e9siastique qu\u2019il vient de faire un objet d\u2019art (quel qu\u2019il soit) et un spectateur, bard\u00e9 de moult aprioris, qui va le percevoir ou pas comme tel.<br \/>\n<span style=\"color: #ffffff;\">\u2013<\/span><\/span><br \/>\n<span style=\"font-size: 20px;\"><img loading=\"lazy\" decoding=\"async\" class=\"alignleft wp-image-49941\" src=\"https:\/\/frank-lovisolo.fr\/WordPress\/wp-content\/uploads\/2025\/03\/chat-de-schrodinger-460x460.jpg\" alt=\"- - -\" width=\"260\" height=\"260\" title=\"-\" srcset=\"https:\/\/frank-lovisolo.fr\/WordPress\/wp-content\/uploads\/2025\/03\/chat-de-schrodinger-460x460.jpg 460w, https:\/\/frank-lovisolo.fr\/WordPress\/wp-content\/uploads\/2025\/03\/chat-de-schrodinger-150x150.jpg 150w, https:\/\/frank-lovisolo.fr\/WordPress\/wp-content\/uploads\/2025\/03\/chat-de-schrodinger.jpg 512w\" sizes=\"auto, (max-width: 260px) 100vw, 260px\" \/>L\u2019art ressemble \u00e9trangement au <a href=\"https:\/\/fr.wikipedia.org\/wiki\/Chat_de_Schr%C3%B6dinger\" target=\"_blank\" rel=\"noopener\">Chat de Schr\u00f6dinger<\/a>.<br \/>\nUne \u0153uvre enferm\u00e9e dans un emballage est \u00e0 la foi \u00ab\u2009art\u2009\u00bb et \u00ab\u2009non-art\u2009\u00bb, son \u00e9tat peut changer, \u00e0 chaque ouverture de l\u2019emballage, selon celui qui l\u2019observe.<br \/>\n<span style=\"color: #ffffff;\">\u2013<\/span><br \/>\nCeci met en \u00e9vidence une question critique\u00a0: qui d\u00e9cide, \u00e0 l\u2019ouverture de la boite, en vue de montrer cet objet au public, ce qui est art ou pas\u2009? Et surtout, \u00e0 qui donne-t-on le pouvoir d\u2019affirmer qu\u2019il s\u2019agit, oui ou non, d\u2019un objet d\u2019art\u2009?<br \/>\n<span style=\"color: #ffffff;\">\u2013<\/span><\/span><br \/>\n<span style=\"font-size: 20px;\">Ce sont principalement les soci\u00e9t\u00e9s dictatoriales qui posent le probl\u00e8me quant \u00e0 l\u2019ouverture politique de la boite. Mais il existe dans le sein des d\u00e9mocraties des micrototalitarismes diss\u00e9min\u00e9s dans les institutions la\u00efques ou religieuses, les entreprises, les soci\u00e9t\u00e9s, les associations et le m\u00eame dans le milieu familial\u2009; elles sont tout aussi perverses.<br \/>\n<\/span><span style=\"font-size: 20px;\"><span style=\"color: #ffffff;\">mais\u2013<\/span><br \/>\n<\/span><\/p>\n<div id=\"attachment_49884\" style=\"width: 377px\" class=\"wp-caption alignleft\"><img loading=\"lazy\" decoding=\"async\" aria-describedby=\"caption-attachment-49884\" class=\"wp-image-49884 \" src=\"https:\/\/frank-lovisolo.fr\/WordPress\/wp-content\/uploads\/2025\/03\/statue-azteque-460x494.jpg\" alt=\"Statue Azt\u00e8que repr\u00e9sentant dieu Tezcatlipoca\" width=\"367\" height=\"394\" title=\"-\"><p id=\"caption-attachment-49884\" class=\"wp-caption-text\">Statue Azt\u00e8que repr\u00e9sentant dieu Tezcatlipoca<\/p><\/div>\n<p><span style=\"font-size: 20px;\">Un paradoxe fantastique demeure l\u2019exposition <em><a href=\"https:\/\/de.wikipedia.org\/wiki\/Entartete_Kunst\" target=\"_blank\" rel=\"noopener\">Entartete Kunst<\/a><\/em> (Art d\u00e9g\u00e9n\u00e9r\u00e9), organis\u00e9e par des innommables en \u00e9t\u00e9\u00a01937 \u00e0 Berlin, o\u00f9 furent pr\u00e9sent\u00e9s au public une kyrielle de chats pr\u00e9sent\u00e9s comme morts, par les organisateurs, mais per\u00e7us vivant, par une bonne partie des spectateurs qui, n\u00e9anmoins, les ont affirm\u00e9 morts pour rester vivants\u2009!<br \/>\n<span style=\"color: #ffffff;\">\u2013<\/span><br \/>\nMais une nouvelle question se pose, plus g\u00e9n\u00e9rale\u00a0: percevrions-nous l\u2019art, si nous \u00e9tions en contact avec des civilisations compl\u00e8tement inconnues\u2009?<\/span><\/p>\n<p><span style=\"font-size: 20px;\">Par exemple, sur une autre plan\u00e8te (ce n\u2019est pas demain la veille), ou avec plus de pragmatisme, de la m\u00eame mani\u00e8re que les premiers colons confront\u00e9s aux r\u00e9alisations am\u00e9rindiennes, des occupants qui, peu de temps apr\u00e8s, ont tout fait pour an\u00e9antir leurs cultures\u2009?<br \/>\n<span style=\"color: #ffffff;\">\u2013<\/span><br \/>\nVous avez deux heures pour <a href=\"#com\">commenter<\/a>\u2009!<\/span><\/td>\n<\/tr>\n<\/tbody>\n<\/table>\n<p><span style=\"font-size: 10px; color: #ffffff;\"><span style=\"font-size: 10px; color: #ffffff;\">Land Art -Land Art &#8211; Land<a id=\"lacoste\"><\/a><\/span><\/span><\/p>\n<table style=\"width: 100%; border-collapse: collapse;\" cellpadding=\"10\">\n<tbody>\n<tr>\n<td style=\"width: 100%; vertical-align: middle;\">\n<h3 style=\"text-align: center;\"><span class=\"ez-toc-section\" id=\"land-art-en-provence-chateau-la-coste\"><\/span><strong><span style=\"font-size: 22px;\">Land Art en Provence : <a href=\"https:\/\/chateau-la-coste.com\/fr\/\" target=\"_blank\" rel=\"noopener\">Ch\u00e2teau La Coste<\/a><br \/>\n<\/span><\/strong><span class=\"ez-toc-section-end\"><\/span><\/h3>\n<h3><strong><span style=\"font-size: 22px;\"><img loading=\"lazy\" decoding=\"async\" class=\"aligncenter wp-image-49910 size-large\" src=\"https:\/\/frank-lovisolo.fr\/WordPress\/wp-content\/uploads\/2025\/03\/Chateau-Lacoste-001-1024x195.jpg\" alt=\"- - -\" width=\"1024\" height=\"195\" title=\"-\" srcset=\"https:\/\/frank-lovisolo.fr\/WordPress\/wp-content\/uploads\/2025\/03\/Chateau-Lacoste-001-1024x195.jpg 1024w, https:\/\/frank-lovisolo.fr\/WordPress\/wp-content\/uploads\/2025\/03\/Chateau-Lacoste-001-460x88.jpg 460w, https:\/\/frank-lovisolo.fr\/WordPress\/wp-content\/uploads\/2025\/03\/Chateau-Lacoste-001-768x146.jpg 768w, https:\/\/frank-lovisolo.fr\/WordPress\/wp-content\/uploads\/2025\/03\/Chateau-Lacoste-001-250x48.jpg 250w, https:\/\/frank-lovisolo.fr\/WordPress\/wp-content\/uploads\/2025\/03\/Chateau-Lacoste-001-150x29.jpg 150w, https:\/\/frank-lovisolo.fr\/WordPress\/wp-content\/uploads\/2025\/03\/Chateau-Lacoste-001.jpg 1440w\" sizes=\"auto, (max-width: 1024px) 100vw, 1024px\" \/><\/span><\/strong><\/h3>\n<\/td>\n<\/tr>\n<tr>\n<td style=\"width: 100%;\">\n<h3><a href=\"#debut\"><span style=\"font-size: 22px;\"><img loading=\"lazy\" decoding=\"async\" class=\"wp-image-49897 alignleft\" src=\"https:\/\/frank-lovisolo.fr\/WordPress\/wp-content\/uploads\/2025\/03\/ChateauLacosteLogo-460x218.jpg\" alt=\"- - -\" width=\"162\" height=\"77\" data-sitemapexclude=\"true\" title=\"-\" srcset=\"https:\/\/frank-lovisolo.fr\/WordPress\/wp-content\/uploads\/2025\/03\/ChateauLacosteLogo-460x218.jpg 460w, https:\/\/frank-lovisolo.fr\/WordPress\/wp-content\/uploads\/2025\/03\/ChateauLacosteLogo-1024x486.jpg 1024w, https:\/\/frank-lovisolo.fr\/WordPress\/wp-content\/uploads\/2025\/03\/ChateauLacosteLogo-768x365.jpg 768w, https:\/\/frank-lovisolo.fr\/WordPress\/wp-content\/uploads\/2025\/03\/ChateauLacosteLogo-250x119.jpg 250w, https:\/\/frank-lovisolo.fr\/WordPress\/wp-content\/uploads\/2025\/03\/ChateauLacosteLogo-150x71.jpg 150w, https:\/\/frank-lovisolo.fr\/WordPress\/wp-content\/uploads\/2025\/03\/ChateauLacosteLogo.jpg 1247w\" sizes=\"auto, (max-width: 162px) 100vw, 162px\" \/><\/span><\/a><\/h3>\n<p style=\"text-align: justify;\"><span style=\"font-size: 20px;\">Si le <strong>land Art<\/strong> vous inspire, je ne saurais trop vous conseiller de vous rendre au Ch\u00e2teau La Coste, \u00e0 <a href=\"https:\/\/maps.app.goo.gl\/M8EiaQGJwrAweGpR9\" target=\"_blank\" rel=\"noopener\">quelques kilom\u00e8tres<\/a> d&rsquo;Aix-en-Provence.<\/span><br \/>\n<span style=\"font-size: 20px;\">Le lieu est somptueux, les \u0153uvres expos\u00e9es remarquables et le restaurant accueillant.<\/span><\/p>\n<\/td>\n<\/tr>\n<tr>\n<td style=\"width: 100%; text-align: center;\">\n<hr \/>\n<p><span style=\"font-size: 16px;\"><strong>Photos prises lors de ma derni\u00e8re visite en 2019<\/strong><\/span><\/p>\n<h3 style=\"text-align: center;\"><div class=\"flagallerywraper\" style=\"text-align:center;\"><div class=\"flagallery flaslider_skin\" id=\"FlaGallery_sc2_350\" style=\"width:1024px;margin:0 auto;\"><script type=\"text\/javascript\">(function(){this['FlaGallery_sc2_350']={'settings':{\"sliderHeightRetio\":\"0.8\",\"sliderPreloaderColor\":\"#ffffff\",\"sliderBgColor\":\"rgb(255, 255, 255)\",\"sliderHeaderFooterBgColor\":\"rgb(255, 255, 255)\",\"sliderNavigationColor\":\"rgba(82, 82, 82, 0.81)\",\"sliderNavigationIconColor\":\"rgb(255, 255, 255)\",\"sliderItemDescriptionBlock\":\"0\",\"sliderItemTitleFontSize\":\"14\",\"sliderItemTitleTextColor\":\"#515151\",\"sliderItemDescriptionFontSize\":\"14\",\"sliderItemDescriptionTextColor\":\"#545454\",\"sliderThumbBarEnable\":\"1\",\"sliderThumbBarHoverColor\":\"#ffffff\",\"sliderThumbSubMenuBackgroundColor\":\"rgb(255, 255, 255)\",\"sliderThumbSubMenuBackgroundColorOver\":\"rgba(255,255,255,1)\",\"sliderThumbSubMenuIconColor\":\"rgb(0, 0, 0)\",\"sliderThumbSubMenuIconHoverColor\":\"rgba(0,0,0,1)\",\"sliderPlayButton\":\"1\",\"sliderZoomButton\":\"1\",\"sliderFullScreen\":\"1\",\"sliderInfoEnable\":\"1\",\"sliderItemDownload\":\"0\",\"sliderSocialShareEnabled\":\"0\",\"sliderLikesEnabled\":\"0\",\"sliderSlideshowEneble\":\"1\",\"slideshowDelay\":\"8\",\"slideshowProgressBarColor\":\"rgb(0, 0, 0)\",\"slideshowProgressBarBGColor\":\"rgb(137, 176, 255)\",\"modaBgColor\":\"rgba(0,0,0,0.9)\",\"modalInfoBoxBgColor\":\"rgb(255, 255, 255)\",\"modalInfoBoxTitleTextColor\":\"#000000\",\"shareTitlePlaceHolder\":\"Share\",\"modalInfoBoxTextColor\":\"#333333\",\"infoBarExifEnable\":\"0\",\"infoBarCountersEnable\":\"0\",\"infoBarDateInfoEnable\":\"0\",\"customCSS\":\"\",\"key\":\"2b91304c71a96bd3dd001bdb3bf4a76f\",\"name\":\"GRANDPackPlus\",\"galleryID\":\"sc2_350\",\"post_url\":\"https:\\\/\\\/frank-lovisolo.fr\\\/WordPress\\\/wp-json\\\/wp\\\/v2\\\/posts\\\/49819\",\"module_url\":\"https:\\\/\\\/frank-lovisolo.fr\\\/WordPress\\\/wp-content\\\/plugins\\\/flagallery-skins\\\/flaslider\\\/\"}, 'data':[{\"gallery\":{\"gid\":\"350\",\"name\":\"chateau-lacoste-001\",\"path\":\"https:\\\/\\\/frank-lovisolo.fr\\\/WordPress\\\/wp-content\\\/flagallery\\\/chateau-lacoste-001\",\"title\":\"Chateau Lacoste 001\",\"galdesc\":\"\"},\"data\":[{\"pid\":\"29437\",\"filename\":\"chateau-lacoste-001.jpg\",\"description\":\"\",\"alttext\":\"\",\"link\":null,\"imagedate\":\"2019-08-23 09:49:22\",\"hitcounter\":\"218\",\"total_value\":\"0\",\"total_votes\":\"0\",\"meta_data\":{\"aperture\":\"F 16\",\"credit\":false,\"camera\":\"Canon EOS 6D Mark II\",\"caption\":false,\"created_timestamp\":\"23 ao\\u00fbt 2019 9 h 49 min\",\"copyright\":false,\"focal_length\":\"129min\",\"iso\":800,\"shutter_speed\":\"1\\\/200sec\",\"flash\":\"Not fired\",\"title\":false,\"keywords\":false,\"width\":1440,\"height\":960,\"saved\":true,\"thumbnail\":{\"width\":300,\"height\":200},\"webview\":{\"0\":1440,\"1\":960,\"2\":2,\"3\":\"width=\\\"1440\\\" height=\\\"960\\\"\",\"bits\":8,\"channels\":3,\"mime\":\"image\\\/jpeg\"}}},{\"pid\":\"29438\",\"filename\":\"chateau-lacoste-002.jpg\",\"description\":\"\",\"alttext\":\"\",\"link\":null,\"imagedate\":\"2019-08-23 09:55:15\",\"hitcounter\":\"135\",\"total_value\":\"0\",\"total_votes\":\"0\",\"meta_data\":{\"aperture\":false,\"credit\":false,\"camera\":\"Canon EOS 6D Mark II\",\"caption\":false,\"created_timestamp\":\"23 ao\\u00fbt 2019 9 h 55 min\",\"copyright\":false,\"focal_length\":false,\"iso\":800,\"shutter_speed\":\"1\\\/250sec\",\"flash\":\"Not fired\",\"title\":false,\"keywords\":false,\"width\":1440,\"height\":810,\"saved\":true,\"thumbnail\":{\"width\":300,\"height\":168},\"webview\":{\"0\":1440,\"1\":810,\"2\":2,\"3\":\"width=\\\"1440\\\" height=\\\"810\\\"\",\"bits\":8,\"channels\":3,\"mime\":\"image\\\/jpeg\"}}},{\"pid\":\"29439\",\"filename\":\"chateau-lacoste-003.jpg\",\"description\":\"\",\"alttext\":\"\",\"link\":null,\"imagedate\":\"2019-08-23 10:08:37\",\"hitcounter\":\"116\",\"total_value\":\"0\",\"total_votes\":\"0\",\"meta_data\":{\"aperture\":false,\"credit\":false,\"camera\":\"Canon EOS 6D Mark II\",\"caption\":false,\"created_timestamp\":\"23 ao\\u00fbt 2019 10 h 08 min\",\"copyright\":false,\"focal_length\":false,\"iso\":12800,\"shutter_speed\":\"1\\\/3200sec\",\"flash\":\"Not fired\",\"title\":false,\"keywords\":false,\"width\":1440,\"height\":960,\"saved\":true,\"thumbnail\":{\"width\":300,\"height\":200},\"webview\":{\"0\":1440,\"1\":960,\"2\":2,\"3\":\"width=\\\"1440\\\" height=\\\"960\\\"\",\"bits\":8,\"channels\":3,\"mime\":\"image\\\/jpeg\"}}},{\"pid\":\"29440\",\"filename\":\"chateau-lacoste-004.jpg\",\"description\":\"\",\"alttext\":\"\",\"link\":null,\"imagedate\":\"2019-08-23 10:09:21\",\"hitcounter\":\"108\",\"total_value\":\"0\",\"total_votes\":\"0\",\"meta_data\":{\"aperture\":false,\"credit\":false,\"camera\":\"Canon EOS 6D Mark II\",\"caption\":false,\"created_timestamp\":\"23 ao\\u00fbt 2019 10 h 09 min\",\"copyright\":false,\"focal_length\":false,\"iso\":8000,\"shutter_speed\":\"1\\\/3200sec\",\"flash\":\"Not fired\",\"title\":false,\"keywords\":false,\"width\":1440,\"height\":960,\"saved\":true,\"thumbnail\":{\"width\":300,\"height\":200},\"webview\":{\"0\":1440,\"1\":960,\"2\":2,\"3\":\"width=\\\"1440\\\" height=\\\"960\\\"\",\"bits\":8,\"channels\":3,\"mime\":\"image\\\/jpeg\"}}},{\"pid\":\"29441\",\"filename\":\"chateau-lacoste-005.jpg\",\"description\":\"\",\"alttext\":\"\",\"link\":null,\"imagedate\":\"2019-08-23 10:32:31\",\"hitcounter\":\"94\",\"total_value\":\"0\",\"total_votes\":\"0\",\"meta_data\":{\"aperture\":false,\"credit\":false,\"camera\":\"Canon EOS 6D Mark II\",\"caption\":false,\"created_timestamp\":\"23 ao\\u00fbt 2019 10 h 32 min\",\"copyright\":false,\"focal_length\":false,\"iso\":500,\"shutter_speed\":\"1\\\/3200sec\",\"flash\":\"Not fired\",\"title\":false,\"keywords\":false,\"width\":1440,\"height\":960,\"saved\":true,\"thumbnail\":{\"width\":300,\"height\":200},\"webview\":{\"0\":1440,\"1\":960,\"2\":2,\"3\":\"width=\\\"1440\\\" height=\\\"960\\\"\",\"bits\":8,\"channels\":3,\"mime\":\"image\\\/jpeg\"}}},{\"pid\":\"29442\",\"filename\":\"chateau-lacoste-006.jpg\",\"description\":\"\",\"alttext\":\"\",\"link\":null,\"imagedate\":\"2019-08-23 10:44:30\",\"hitcounter\":\"79\",\"total_value\":\"0\",\"total_votes\":\"0\",\"meta_data\":{\"aperture\":\"F 20\",\"credit\":false,\"camera\":\"Canon EOS 6D Mark II\",\"caption\":false,\"created_timestamp\":\"23 ao\\u00fbt 2019 10 h 44 min\",\"copyright\":false,\"focal_length\":\"154min\",\"iso\":640,\"shutter_speed\":\"1\\\/400sec\",\"flash\":\"Not fired\",\"title\":false,\"keywords\":false,\"width\":1440,\"height\":960,\"saved\":true,\"thumbnail\":{\"width\":300,\"height\":200},\"webview\":{\"0\":1440,\"1\":960,\"2\":2,\"3\":\"width=\\\"1440\\\" height=\\\"960\\\"\",\"bits\":8,\"channels\":3,\"mime\":\"image\\\/jpeg\"}}},{\"pid\":\"29443\",\"filename\":\"chateau-lacoste-007.jpg\",\"description\":\"\",\"alttext\":\"\",\"link\":null,\"imagedate\":\"2019-08-23 10:45:51\",\"hitcounter\":\"72\",\"total_value\":\"0\",\"total_votes\":\"0\",\"meta_data\":{\"aperture\":\"F 13\",\"credit\":false,\"camera\":\"Canon EOS 6D Mark II\",\"caption\":false,\"created_timestamp\":\"23 ao\\u00fbt 2019 10 h 45 min\",\"copyright\":false,\"focal_length\":\"168min\",\"iso\":640,\"shutter_speed\":\"1\\\/800sec\",\"flash\":\"Not fired\",\"title\":false,\"keywords\":false,\"width\":1440,\"height\":960,\"saved\":true,\"thumbnail\":{\"width\":300,\"height\":200},\"webview\":{\"0\":1440,\"1\":960,\"2\":2,\"3\":\"width=\\\"1440\\\" height=\\\"960\\\"\",\"bits\":8,\"channels\":3,\"mime\":\"image\\\/jpeg\"}}},{\"pid\":\"29444\",\"filename\":\"chateau-lacoste-008.jpg\",\"description\":\"\",\"alttext\":\"\",\"link\":null,\"imagedate\":\"2019-08-23 10:46:36\",\"hitcounter\":\"66\",\"total_value\":\"0\",\"total_votes\":\"0\",\"meta_data\":{\"aperture\":\"F 13\",\"credit\":false,\"camera\":\"Canon EOS 6D Mark II\",\"caption\":false,\"created_timestamp\":\"23 ao\\u00fbt 2019 10 h 46 min\",\"copyright\":false,\"focal_length\":\"28min\",\"iso\":640,\"shutter_speed\":\"1\\\/1250sec\",\"flash\":\"Not fired\",\"title\":false,\"keywords\":false,\"width\":1440,\"height\":960,\"saved\":true,\"thumbnail\":{\"width\":300,\"height\":200},\"webview\":{\"0\":1440,\"1\":960,\"2\":2,\"3\":\"width=\\\"1440\\\" height=\\\"960\\\"\",\"bits\":8,\"channels\":3,\"mime\":\"image\\\/jpeg\"}}},{\"pid\":\"29446\",\"filename\":\"chateau-lacoste-009_0.jpg\",\"description\":\"\",\"alttext\":\"\",\"link\":null,\"imagedate\":\"2019-08-23 10:56:39\",\"hitcounter\":\"60\",\"total_value\":\"0\",\"total_votes\":\"0\",\"meta_data\":{\"aperture\":\"F 22\",\"credit\":false,\"camera\":\"Canon EOS 6D Mark II\",\"caption\":false,\"created_timestamp\":\"23 ao\\u00fbt 2019 10 h 56 min\",\"copyright\":false,\"focal_length\":\"28min\",\"iso\":640,\"shutter_speed\":\"1\\\/100sec\",\"flash\":\"Not fired\",\"title\":false,\"keywords\":false,\"width\":1440,\"height\":960,\"saved\":true,\"thumbnail\":{\"width\":300,\"height\":200},\"webview\":{\"0\":1440,\"1\":960,\"2\":2,\"3\":\"width=\\\"1440\\\" height=\\\"960\\\"\",\"bits\":8,\"channels\":3,\"mime\":\"image\\\/jpeg\"}}},{\"pid\":\"29447\",\"filename\":\"chateau-lacoste-010.jpg\",\"description\":\"\",\"alttext\":\"\",\"link\":null,\"imagedate\":\"2019-08-23 11:00:43\",\"hitcounter\":\"53\",\"total_value\":\"0\",\"total_votes\":\"0\",\"meta_data\":{\"aperture\":\"F 22\",\"credit\":false,\"camera\":\"Canon EOS 6D Mark II\",\"caption\":false,\"created_timestamp\":\"23 ao\\u00fbt 2019 11 h 00 min\",\"copyright\":false,\"focal_length\":\"46min\",\"iso\":640,\"shutter_speed\":\"1\\\/30sec\",\"flash\":\"Not fired\",\"title\":false,\"keywords\":false,\"width\":1440,\"height\":960,\"saved\":true,\"thumbnail\":{\"width\":300,\"height\":200},\"webview\":{\"0\":1440,\"1\":960,\"2\":2,\"3\":\"width=\\\"1440\\\" height=\\\"960\\\"\",\"bits\":8,\"channels\":3,\"mime\":\"image\\\/jpeg\"}}},{\"pid\":\"29448\",\"filename\":\"chateau-lacoste-011.jpg\",\"description\":\"\",\"alttext\":\"\",\"link\":null,\"imagedate\":\"2019-08-23 11:11:12\",\"hitcounter\":\"50\",\"total_value\":\"0\",\"total_votes\":\"0\",\"meta_data\":{\"aperture\":\"F 13\",\"credit\":false,\"camera\":\"Canon EOS 6D Mark II\",\"caption\":false,\"created_timestamp\":\"23 ao\\u00fbt 2019 11 h 11 min\",\"copyright\":false,\"focal_length\":\"60min\",\"iso\":1600,\"shutter_speed\":\"1\\\/250sec\",\"flash\":\"Not fired\",\"title\":false,\"keywords\":false,\"width\":1440,\"height\":960,\"saved\":true,\"thumbnail\":{\"width\":300,\"height\":200},\"webview\":{\"0\":1440,\"1\":960,\"2\":2,\"3\":\"width=\\\"1440\\\" height=\\\"960\\\"\",\"bits\":8,\"channels\":3,\"mime\":\"image\\\/jpeg\"}}},{\"pid\":\"29449\",\"filename\":\"chateau-lacoste-012.jpg\",\"description\":\"\",\"alttext\":\"\",\"link\":null,\"imagedate\":\"2019-08-23 11:12:45\",\"hitcounter\":\"45\",\"total_value\":\"0\",\"total_votes\":\"0\",\"meta_data\":{\"aperture\":\"F 13\",\"credit\":false,\"camera\":\"Canon EOS 6D Mark II\",\"caption\":false,\"created_timestamp\":\"23 ao\\u00fbt 2019 11 h 12 min\",\"copyright\":false,\"focal_length\":\"28min\",\"iso\":1600,\"shutter_speed\":\"1\\\/1000sec\",\"flash\":\"Not fired\",\"title\":false,\"keywords\":false,\"width\":1440,\"height\":960,\"saved\":true,\"thumbnail\":{\"width\":300,\"height\":200},\"webview\":{\"0\":1440,\"1\":960,\"2\":2,\"3\":\"width=\\\"1440\\\" height=\\\"960\\\"\",\"bits\":8,\"channels\":3,\"mime\":\"image\\\/jpeg\"}}},{\"pid\":\"29450\",\"filename\":\"chateau-lacoste-013.jpg\",\"description\":\"\",\"alttext\":\"\",\"link\":null,\"imagedate\":\"2019-08-23 11:41:39\",\"hitcounter\":\"45\",\"total_value\":\"0\",\"total_votes\":\"0\",\"meta_data\":{\"aperture\":\"F 16\",\"credit\":false,\"camera\":\"Canon EOS 6D Mark II\",\"caption\":false,\"created_timestamp\":\"23 ao\\u00fbt 2019 11 h 41 min\",\"copyright\":false,\"focal_length\":\"92min\",\"iso\":800,\"shutter_speed\":\"1\\\/130sec\",\"flash\":\"Not fired\",\"title\":false,\"keywords\":false,\"width\":1440,\"height\":960,\"saved\":true,\"thumbnail\":{\"width\":300,\"height\":200},\"webview\":{\"0\":1440,\"1\":960,\"2\":2,\"3\":\"width=\\\"1440\\\" height=\\\"960\\\"\",\"bits\":8,\"channels\":3,\"mime\":\"image\\\/jpeg\"}}},{\"pid\":\"29451\",\"filename\":\"chateau-lacoste-014.jpg\",\"description\":\"\",\"alttext\":\"\",\"link\":null,\"imagedate\":\"2019-08-23 11:53:25\",\"hitcounter\":\"42\",\"total_value\":\"0\",\"total_votes\":\"0\",\"meta_data\":{\"aperture\":\"F 10\",\"credit\":false,\"camera\":\"Canon EOS 6D Mark II\",\"caption\":false,\"created_timestamp\":\"23 ao\\u00fbt 2019 11 h 53 min\",\"copyright\":false,\"focal_length\":\"28min\",\"iso\":1000,\"shutter_speed\":\"1\\\/320sec\",\"flash\":\"Not fired\",\"title\":false,\"keywords\":false,\"width\":1440,\"height\":960,\"saved\":true,\"thumbnail\":{\"width\":300,\"height\":200},\"webview\":{\"0\":1440,\"1\":960,\"2\":2,\"3\":\"width=\\\"1440\\\" height=\\\"960\\\"\",\"bits\":8,\"channels\":3,\"mime\":\"image\\\/jpeg\"}}},{\"pid\":\"29452\",\"filename\":\"chateau-lacoste-015.jpg\",\"description\":\"\",\"alttext\":\"\",\"link\":null,\"imagedate\":\"2019-08-23 12:03:43\",\"hitcounter\":\"39\",\"total_value\":\"0\",\"total_votes\":\"0\",\"meta_data\":{\"aperture\":\"F 22\",\"credit\":false,\"camera\":\"Canon EOS 6D Mark II\",\"caption\":false,\"created_timestamp\":\"23 ao\\u00fbt 2019 12 h 03 min\",\"copyright\":false,\"focal_length\":\"28min\",\"iso\":1000,\"shutter_speed\":\"1\\\/320sec\",\"flash\":\"Not fired\",\"title\":false,\"keywords\":false,\"width\":1440,\"height\":960,\"saved\":true,\"thumbnail\":{\"width\":300,\"height\":200},\"webview\":{\"0\":1440,\"1\":960,\"2\":2,\"3\":\"width=\\\"1440\\\" height=\\\"960\\\"\",\"bits\":8,\"channels\":3,\"mime\":\"image\\\/jpeg\"}}},{\"pid\":\"29453\",\"filename\":\"chateau-lacoste-016.jpg\",\"description\":\"\",\"alttext\":\"\",\"link\":null,\"imagedate\":\"2019-08-23 12:13:47\",\"hitcounter\":\"39\",\"total_value\":\"0\",\"total_votes\":\"0\",\"meta_data\":{\"aperture\":\"F 14\",\"credit\":false,\"camera\":\"Canon EOS 6D Mark II\",\"caption\":false,\"created_timestamp\":\"23 ao\\u00fbt 2019 12 h 13 min\",\"copyright\":false,\"focal_length\":\"42min\",\"iso\":640,\"shutter_speed\":\"1\\\/50sec\",\"flash\":\"Not fired\",\"title\":false,\"keywords\":false,\"width\":1440,\"height\":960,\"saved\":true,\"thumbnail\":{\"width\":300,\"height\":200},\"webview\":{\"0\":1440,\"1\":960,\"2\":2,\"3\":\"width=\\\"1440\\\" height=\\\"960\\\"\",\"bits\":8,\"channels\":3,\"mime\":\"image\\\/jpeg\"}}},{\"pid\":\"29454\",\"filename\":\"chateau-lacoste-017.jpg\",\"description\":\"\",\"alttext\":\"\",\"link\":null,\"imagedate\":\"2019-08-23 12:33:17\",\"hitcounter\":\"40\",\"total_value\":\"0\",\"total_votes\":\"0\",\"meta_data\":{\"aperture\":\"F 14\",\"credit\":false,\"camera\":\"Canon EOS 6D Mark II\",\"caption\":false,\"created_timestamp\":\"23 ao\\u00fbt 2019 12 h 33 min\",\"copyright\":false,\"focal_length\":\"28min\",\"iso\":640,\"shutter_speed\":\"1\\\/50sec\",\"flash\":\"Not fired\",\"title\":false,\"keywords\":false,\"width\":960,\"height\":1440,\"saved\":true,\"thumbnail\":{\"width\":200,\"height\":300},\"webview\":{\"0\":960,\"1\":1440,\"2\":2,\"3\":\"width=\\\"960\\\" height=\\\"1440\\\"\",\"bits\":8,\"channels\":3,\"mime\":\"image\\\/jpeg\"}}},{\"pid\":\"29455\",\"filename\":\"chateau-lacoste-018.jpg\",\"description\":\"\",\"alttext\":\"\",\"link\":null,\"imagedate\":\"2019-08-23 12:40:10\",\"hitcounter\":\"36\",\"total_value\":\"0\",\"total_votes\":\"0\",\"meta_data\":{\"aperture\":\"F 22\",\"credit\":false,\"camera\":\"Canon EOS 6D Mark II\",\"caption\":false,\"created_timestamp\":\"23 ao\\u00fbt 2019 12 h 40 min\",\"copyright\":false,\"focal_length\":\"28min\",\"iso\":1000,\"shutter_speed\":\"1\\\/100sec\",\"flash\":\"Not fired\",\"title\":false,\"keywords\":false,\"width\":1440,\"height\":960,\"saved\":true,\"thumbnail\":{\"width\":300,\"height\":200},\"webview\":{\"0\":1440,\"1\":960,\"2\":2,\"3\":\"width=\\\"1440\\\" height=\\\"960\\\"\",\"bits\":8,\"channels\":3,\"mime\":\"image\\\/jpeg\"}}},{\"pid\":\"29456\",\"filename\":\"chateau-lacoste-019.jpg\",\"description\":\"\",\"alttext\":\"\",\"link\":null,\"imagedate\":\"2019-08-23 12:47:31\",\"hitcounter\":\"36\",\"total_value\":\"0\",\"total_votes\":\"0\",\"meta_data\":{\"aperture\":\"F 22\",\"credit\":false,\"camera\":\"Canon EOS 6D Mark II\",\"caption\":false,\"created_timestamp\":\"23 ao\\u00fbt 2019 12 h 47 min\",\"copyright\":false,\"focal_length\":\"46min\",\"iso\":1000,\"shutter_speed\":\"1\\\/250sec\",\"flash\":\"Not fired\",\"title\":false,\"keywords\":false,\"width\":960,\"height\":1440,\"saved\":true,\"thumbnail\":{\"width\":200,\"height\":300},\"webview\":{\"0\":960,\"1\":1440,\"2\":2,\"3\":\"width=\\\"960\\\" height=\\\"1440\\\"\",\"bits\":8,\"channels\":3,\"mime\":\"image\\\/jpeg\"}}},{\"pid\":\"29457\",\"filename\":\"chateau-lacoste-020.jpg\",\"description\":\"\",\"alttext\":\"\",\"link\":null,\"imagedate\":\"2019-08-23 12:47:37\",\"hitcounter\":\"36\",\"total_value\":\"0\",\"total_votes\":\"0\",\"meta_data\":{\"aperture\":\"F 22\",\"credit\":false,\"camera\":\"Canon EOS 6D Mark II\",\"caption\":false,\"created_timestamp\":\"23 ao\\u00fbt 2019 12 h 47 min\",\"copyright\":false,\"focal_length\":\"28min\",\"iso\":1000,\"shutter_speed\":\"1\\\/200sec\",\"flash\":\"Not fired\",\"title\":false,\"keywords\":false,\"width\":960,\"height\":1440,\"saved\":true,\"thumbnail\":{\"width\":200,\"height\":300},\"webview\":{\"0\":960,\"1\":1440,\"2\":2,\"3\":\"width=\\\"960\\\" height=\\\"1440\\\"\",\"bits\":8,\"channels\":3,\"mime\":\"image\\\/jpeg\"}}},{\"pid\":\"29458\",\"filename\":\"chateau-lacoste-021.jpg\",\"description\":\"\",\"alttext\":\"\",\"link\":null,\"imagedate\":\"2019-08-23 12:49:10\",\"hitcounter\":\"35\",\"total_value\":\"0\",\"total_votes\":\"0\",\"meta_data\":{\"aperture\":\"F 22\",\"credit\":false,\"camera\":\"Canon EOS 6D Mark II\",\"caption\":false,\"created_timestamp\":\"23 ao\\u00fbt 2019 12 h 49 min\",\"copyright\":false,\"focal_length\":\"33min\",\"iso\":1000,\"shutter_speed\":\"1\\\/250sec\",\"flash\":\"Not fired\",\"title\":false,\"keywords\":false,\"width\":1440,\"height\":960,\"saved\":true,\"thumbnail\":{\"width\":300,\"height\":200},\"webview\":{\"0\":1440,\"1\":960,\"2\":2,\"3\":\"width=\\\"1440\\\" height=\\\"960\\\"\",\"bits\":8,\"channels\":3,\"mime\":\"image\\\/jpeg\"}}},{\"pid\":\"29459\",\"filename\":\"chateau-lacoste-022.jpg\",\"description\":\"\",\"alttext\":\"\",\"link\":null,\"imagedate\":\"2019-08-23 12:51:01\",\"hitcounter\":\"35\",\"total_value\":\"0\",\"total_votes\":\"0\",\"meta_data\":{\"aperture\":\"F 22\",\"credit\":false,\"camera\":\"Canon EOS 6D Mark II\",\"caption\":false,\"created_timestamp\":\"23 ao\\u00fbt 2019 12 h 51 min\",\"copyright\":false,\"focal_length\":\"28min\",\"iso\":1000,\"shutter_speed\":\"1\\\/160sec\",\"flash\":\"Not fired\",\"title\":false,\"keywords\":false,\"width\":1440,\"height\":960,\"saved\":true,\"thumbnail\":{\"width\":300,\"height\":200},\"webview\":{\"0\":1440,\"1\":960,\"2\":2,\"3\":\"width=\\\"1440\\\" height=\\\"960\\\"\",\"bits\":8,\"channels\":3,\"mime\":\"image\\\/jpeg\"}}},{\"pid\":\"29460\",\"filename\":\"chateau-lacoste-023.jpg\",\"description\":\"\",\"alttext\":\"\",\"link\":null,\"imagedate\":\"2019-08-23 12:51:12\",\"hitcounter\":\"30\",\"total_value\":\"0\",\"total_votes\":\"0\",\"meta_data\":{\"aperture\":\"F 22\",\"credit\":false,\"camera\":\"Canon EOS 6D Mark II\",\"caption\":false,\"created_timestamp\":\"23 ao\\u00fbt 2019 12 h 51 min\",\"copyright\":false,\"focal_length\":\"84min\",\"iso\":1000,\"shutter_speed\":\"1\\\/200sec\",\"flash\":\"Not fired\",\"title\":false,\"keywords\":false,\"width\":960,\"height\":1440,\"saved\":true,\"thumbnail\":{\"width\":200,\"height\":300},\"webview\":{\"0\":960,\"1\":1440,\"2\":2,\"3\":\"width=\\\"960\\\" height=\\\"1440\\\"\",\"bits\":8,\"channels\":3,\"mime\":\"image\\\/jpeg\"}}},{\"pid\":\"29461\",\"filename\":\"chateau-lacoste-024.jpg\",\"description\":\"\",\"alttext\":\"\",\"link\":null,\"imagedate\":\"2019-08-23 12:56:14\",\"hitcounter\":\"29\",\"total_value\":\"0\",\"total_votes\":\"0\",\"meta_data\":{\"aperture\":\"F 22\",\"credit\":false,\"camera\":\"Canon EOS 6D Mark II\",\"caption\":false,\"created_timestamp\":\"23 ao\\u00fbt 2019 12 h 56 min\",\"copyright\":false,\"focal_length\":\"300min\",\"iso\":1000,\"shutter_speed\":\"1\\\/500sec\",\"flash\":\"Not fired\",\"title\":false,\"keywords\":false,\"width\":1440,\"height\":960,\"saved\":true,\"thumbnail\":{\"width\":300,\"height\":200},\"webview\":{\"0\":1440,\"1\":960,\"2\":2,\"3\":\"width=\\\"1440\\\" height=\\\"960\\\"\",\"bits\":8,\"channels\":3,\"mime\":\"image\\\/jpeg\"}}},{\"pid\":\"29462\",\"filename\":\"chateau-lacoste-025.jpg\",\"description\":\"\",\"alttext\":\"\",\"link\":null,\"imagedate\":\"2019-08-23 13:02:41\",\"hitcounter\":\"29\",\"total_value\":\"0\",\"total_votes\":\"0\",\"meta_data\":{\"aperture\":\"F 22\",\"credit\":false,\"camera\":\"Canon EOS 6D Mark II\",\"caption\":false,\"created_timestamp\":\"23 ao\\u00fbt 2019 13 h 02 min\",\"copyright\":false,\"focal_length\":\"28min\",\"iso\":1000,\"shutter_speed\":\"1\\\/640sec\",\"flash\":\"Not fired\",\"title\":false,\"keywords\":false,\"width\":1440,\"height\":960,\"saved\":true,\"thumbnail\":{\"width\":300,\"height\":200},\"webview\":{\"0\":1440,\"1\":960,\"2\":2,\"3\":\"width=\\\"1440\\\" height=\\\"960\\\"\",\"bits\":8,\"channels\":3,\"mime\":\"image\\\/jpeg\"}}},{\"pid\":\"29463\",\"filename\":\"chateau-lacoste-026.jpg\",\"description\":\"\",\"alttext\":\"\",\"link\":null,\"imagedate\":\"2019-08-23 13:41:12\",\"hitcounter\":\"27\",\"total_value\":\"0\",\"total_votes\":\"0\",\"meta_data\":{\"aperture\":\"F 22\",\"credit\":false,\"camera\":\"Canon EOS 6D Mark II\",\"caption\":false,\"created_timestamp\":\"23 ao\\u00fbt 2019 13 h 41 min\",\"copyright\":false,\"focal_length\":\"28min\",\"iso\":1000,\"shutter_speed\":\"1\\\/400sec\",\"flash\":\"Not fired\",\"title\":false,\"keywords\":false,\"width\":1440,\"height\":960,\"saved\":true,\"thumbnail\":{\"width\":300,\"height\":200},\"webview\":{\"0\":1440,\"1\":960,\"2\":2,\"3\":\"width=\\\"1440\\\" height=\\\"960\\\"\",\"bits\":8,\"channels\":3,\"mime\":\"image\\\/jpeg\"}}},{\"pid\":\"29464\",\"filename\":\"chateau-lacoste-027.jpg\",\"description\":\"\",\"alttext\":\"\",\"link\":null,\"imagedate\":\"2019-08-23 13:50:03\",\"hitcounter\":\"25\",\"total_value\":\"0\",\"total_votes\":\"0\",\"meta_data\":{\"aperture\":\"F 22\",\"credit\":false,\"camera\":\"Canon EOS 6D Mark II\",\"caption\":false,\"created_timestamp\":\"23 ao\\u00fbt 2019 13 h 50 min\",\"copyright\":false,\"focal_length\":\"28min\",\"iso\":1000,\"shutter_speed\":\"1\\\/800sec\",\"flash\":\"Not fired\",\"title\":false,\"keywords\":false,\"width\":1440,\"height\":960,\"saved\":true,\"thumbnail\":{\"width\":300,\"height\":200},\"webview\":{\"0\":1440,\"1\":960,\"2\":2,\"3\":\"width=\\\"1440\\\" height=\\\"960\\\"\",\"bits\":8,\"channels\":3,\"mime\":\"image\\\/jpeg\"}}},{\"pid\":\"29465\",\"filename\":\"chateau-lacoste-028.jpg\",\"description\":\"\",\"alttext\":\"\",\"link\":null,\"imagedate\":\"2019-08-23 13:50:59\",\"hitcounter\":\"25\",\"total_value\":\"0\",\"total_votes\":\"0\",\"meta_data\":{\"aperture\":\"F 22\",\"credit\":false,\"camera\":\"Canon EOS 6D Mark II\",\"caption\":false,\"created_timestamp\":\"23 ao\\u00fbt 2019 13 h 50 min\",\"copyright\":false,\"focal_length\":\"28min\",\"iso\":1000,\"shutter_speed\":\"1\\\/160sec\",\"flash\":\"Not fired\",\"title\":false,\"keywords\":false,\"width\":1440,\"height\":960,\"saved\":true,\"thumbnail\":{\"width\":300,\"height\":200},\"webview\":{\"0\":1440,\"1\":960,\"2\":2,\"3\":\"width=\\\"1440\\\" height=\\\"960\\\"\",\"bits\":8,\"channels\":3,\"mime\":\"image\\\/jpeg\"}}},{\"pid\":\"29466\",\"filename\":\"chateau-lacoste-029.jpg\",\"description\":\"\",\"alttext\":\"\",\"link\":null,\"imagedate\":\"2019-08-23 13:52:35\",\"hitcounter\":\"23\",\"total_value\":\"0\",\"total_votes\":\"0\",\"meta_data\":{\"aperture\":\"F 10\",\"credit\":false,\"camera\":\"Canon EOS 6D Mark II\",\"caption\":false,\"created_timestamp\":\"23 ao\\u00fbt 2019 13 h 52 min\",\"copyright\":false,\"focal_length\":\"28min\",\"iso\":1000,\"shutter_speed\":\"1\\\/1600sec\",\"flash\":\"Not fired\",\"title\":false,\"keywords\":false,\"width\":1440,\"height\":960,\"saved\":true,\"thumbnail\":{\"width\":300,\"height\":200},\"webview\":{\"0\":1440,\"1\":960,\"2\":2,\"3\":\"width=\\\"1440\\\" height=\\\"960\\\"\",\"bits\":8,\"channels\":3,\"mime\":\"image\\\/jpeg\"}}},{\"pid\":\"29467\",\"filename\":\"chateau-lacoste-030.jpg\",\"description\":\"\",\"alttext\":\"\",\"link\":null,\"imagedate\":\"2019-08-23 13:53:05\",\"hitcounter\":\"23\",\"total_value\":\"0\",\"total_votes\":\"0\",\"meta_data\":{\"aperture\":\"F 10\",\"credit\":false,\"camera\":\"Canon EOS 6D Mark II\",\"caption\":false,\"created_timestamp\":\"23 ao\\u00fbt 2019 13 h 53 min\",\"copyright\":false,\"focal_length\":\"28min\",\"iso\":1000,\"shutter_speed\":\"1\\\/1600sec\",\"flash\":\"Not fired\",\"title\":false,\"keywords\":false,\"width\":1440,\"height\":960,\"saved\":true,\"thumbnail\":{\"width\":300,\"height\":200},\"webview\":{\"0\":1440,\"1\":960,\"2\":2,\"3\":\"width=\\\"1440\\\" height=\\\"960\\\"\",\"bits\":8,\"channels\":3,\"mime\":\"image\\\/jpeg\"}}},{\"pid\":\"29468\",\"filename\":\"chateau-lacoste-031.jpg\",\"description\":\"\",\"alttext\":\"\",\"link\":null,\"imagedate\":\"2019-08-23 13:53:23\",\"hitcounter\":\"21\",\"total_value\":\"0\",\"total_votes\":\"0\",\"meta_data\":{\"aperture\":\"F 10\",\"credit\":false,\"camera\":\"Canon EOS 6D Mark II\",\"caption\":false,\"created_timestamp\":\"23 ao\\u00fbt 2019 13 h 53 min\",\"copyright\":false,\"focal_length\":\"33min\",\"iso\":1000,\"shutter_speed\":\"1\\\/2500sec\",\"flash\":\"Not fired\",\"title\":false,\"keywords\":false,\"width\":1440,\"height\":960,\"saved\":true,\"thumbnail\":{\"width\":300,\"height\":200},\"webview\":{\"0\":1440,\"1\":960,\"2\":2,\"3\":\"width=\\\"1440\\\" height=\\\"960\\\"\",\"bits\":8,\"channels\":3,\"mime\":\"image\\\/jpeg\"}}},{\"pid\":\"29469\",\"filename\":\"chateau-lacoste-032.jpg\",\"description\":\"\",\"alttext\":\"\",\"link\":null,\"imagedate\":\"2019-08-23 13:55:05\",\"hitcounter\":\"20\",\"total_value\":\"0\",\"total_votes\":\"0\",\"meta_data\":{\"aperture\":\"F 10\",\"credit\":false,\"camera\":\"Canon EOS 6D Mark II\",\"caption\":false,\"created_timestamp\":\"23 ao\\u00fbt 2019 13 h 55 min\",\"copyright\":false,\"focal_length\":\"28min\",\"iso\":1000,\"shutter_speed\":\"1\\\/3200sec\",\"flash\":\"Not fired\",\"title\":false,\"keywords\":false,\"width\":1440,\"height\":960,\"saved\":true,\"thumbnail\":{\"width\":300,\"height\":200},\"webview\":{\"0\":1440,\"1\":960,\"2\":2,\"3\":\"width=\\\"1440\\\" height=\\\"960\\\"\",\"bits\":8,\"channels\":3,\"mime\":\"image\\\/jpeg\"}}},{\"pid\":\"29470\",\"filename\":\"chateau-lacoste-033.jpg\",\"description\":\"\",\"alttext\":\"\",\"link\":null,\"imagedate\":\"2019-08-23 14:08:39\",\"hitcounter\":\"19\",\"total_value\":\"0\",\"total_votes\":\"0\",\"meta_data\":{\"aperture\":\"F 10\",\"credit\":false,\"camera\":\"Canon EOS 6D Mark II\",\"caption\":false,\"created_timestamp\":\"23 ao\\u00fbt 2019 14 h 08 min\",\"copyright\":false,\"focal_length\":\"119min\",\"iso\":1000,\"shutter_speed\":\"1\\\/1250sec\",\"flash\":\"Not fired\",\"title\":false,\"keywords\":false,\"width\":1440,\"height\":960,\"saved\":true,\"thumbnail\":{\"width\":300,\"height\":200},\"webview\":{\"0\":1440,\"1\":960,\"2\":2,\"3\":\"width=\\\"1440\\\" height=\\\"960\\\"\",\"bits\":8,\"channels\":3,\"mime\":\"image\\\/jpeg\"}}}]}], };})();<\/script><\/div><\/div><noscript id=\"noscript_FlaGallery_sc2_350\"><img decoding=\"async\" class=\"skip-lazy no-lazyload noLazy\" data-lazy-src=\"\" src=\"https:\/\/frank-lovisolo.fr\/WordPress\/wp-content\/flagallery\/chateau-lacoste-001\/chateau-lacoste-001.jpg\" alt=\"- - -\" title=\"-\"><img decoding=\"async\" class=\"skip-lazy no-lazyload noLazy\" data-lazy-src=\"\" src=\"https:\/\/frank-lovisolo.fr\/WordPress\/wp-content\/flagallery\/chateau-lacoste-001\/chateau-lacoste-002.jpg\" alt=\"- - -\" title=\"-\"><img decoding=\"async\" class=\"skip-lazy no-lazyload noLazy\" data-lazy-src=\"\" src=\"https:\/\/frank-lovisolo.fr\/WordPress\/wp-content\/flagallery\/chateau-lacoste-001\/chateau-lacoste-003.jpg\" alt=\"- - -\" title=\"-\"><img decoding=\"async\" class=\"skip-lazy no-lazyload noLazy\" data-lazy-src=\"\" src=\"https:\/\/frank-lovisolo.fr\/WordPress\/wp-content\/flagallery\/chateau-lacoste-001\/chateau-lacoste-004.jpg\" alt=\"- - -\" title=\"-\"><img decoding=\"async\" class=\"skip-lazy no-lazyload noLazy\" data-lazy-src=\"\" src=\"https:\/\/frank-lovisolo.fr\/WordPress\/wp-content\/flagallery\/chateau-lacoste-001\/chateau-lacoste-005.jpg\" alt=\"- - -\" title=\"-\"><img decoding=\"async\" class=\"skip-lazy no-lazyload noLazy\" data-lazy-src=\"\" src=\"https:\/\/frank-lovisolo.fr\/WordPress\/wp-content\/flagallery\/chateau-lacoste-001\/chateau-lacoste-006.jpg\" alt=\"- - -\" title=\"-\"><img decoding=\"async\" class=\"skip-lazy no-lazyload noLazy\" data-lazy-src=\"\" src=\"https:\/\/frank-lovisolo.fr\/WordPress\/wp-content\/flagallery\/chateau-lacoste-001\/chateau-lacoste-007.jpg\" alt=\"- - -\" title=\"-\"><img decoding=\"async\" class=\"skip-lazy no-lazyload noLazy\" data-lazy-src=\"\" src=\"https:\/\/frank-lovisolo.fr\/WordPress\/wp-content\/flagallery\/chateau-lacoste-001\/chateau-lacoste-008.jpg\" alt=\"- - -\" title=\"-\"><img decoding=\"async\" class=\"skip-lazy no-lazyload noLazy\" data-lazy-src=\"\" src=\"https:\/\/frank-lovisolo.fr\/WordPress\/wp-content\/flagallery\/chateau-lacoste-001\/chateau-lacoste-009_0.jpg\" alt=\"- - -\" title=\"-\"><img decoding=\"async\" class=\"skip-lazy no-lazyload noLazy\" data-lazy-src=\"\" src=\"https:\/\/frank-lovisolo.fr\/WordPress\/wp-content\/flagallery\/chateau-lacoste-001\/chateau-lacoste-010.jpg\" alt=\"- - -\" title=\"-\"><img decoding=\"async\" class=\"skip-lazy no-lazyload noLazy\" data-lazy-src=\"\" src=\"https:\/\/frank-lovisolo.fr\/WordPress\/wp-content\/flagallery\/chateau-lacoste-001\/chateau-lacoste-011.jpg\" alt=\"- - -\" title=\"-\"><img decoding=\"async\" class=\"skip-lazy no-lazyload noLazy\" data-lazy-src=\"\" src=\"https:\/\/frank-lovisolo.fr\/WordPress\/wp-content\/flagallery\/chateau-lacoste-001\/chateau-lacoste-012.jpg\" alt=\"- - -\" title=\"-\"><img decoding=\"async\" class=\"skip-lazy no-lazyload noLazy\" data-lazy-src=\"\" src=\"https:\/\/frank-lovisolo.fr\/WordPress\/wp-content\/flagallery\/chateau-lacoste-001\/chateau-lacoste-013.jpg\" alt=\"- - -\" title=\"-\"><img decoding=\"async\" class=\"skip-lazy no-lazyload noLazy\" data-lazy-src=\"\" src=\"https:\/\/frank-lovisolo.fr\/WordPress\/wp-content\/flagallery\/chateau-lacoste-001\/chateau-lacoste-014.jpg\" alt=\"- - -\" title=\"-\"><img decoding=\"async\" class=\"skip-lazy no-lazyload noLazy\" data-lazy-src=\"\" src=\"https:\/\/frank-lovisolo.fr\/WordPress\/wp-content\/flagallery\/chateau-lacoste-001\/chateau-lacoste-015.jpg\" alt=\"- - -\" title=\"-\"><img decoding=\"async\" class=\"skip-lazy no-lazyload noLazy\" data-lazy-src=\"\" src=\"https:\/\/frank-lovisolo.fr\/WordPress\/wp-content\/flagallery\/chateau-lacoste-001\/chateau-lacoste-016.jpg\" alt=\"- - -\" title=\"-\"><img decoding=\"async\" class=\"skip-lazy no-lazyload noLazy\" data-lazy-src=\"\" src=\"https:\/\/frank-lovisolo.fr\/WordPress\/wp-content\/flagallery\/chateau-lacoste-001\/chateau-lacoste-017.jpg\" alt=\"- - -\" title=\"-\"><img decoding=\"async\" class=\"skip-lazy no-lazyload noLazy\" data-lazy-src=\"\" src=\"https:\/\/frank-lovisolo.fr\/WordPress\/wp-content\/flagallery\/chateau-lacoste-001\/chateau-lacoste-018.jpg\" alt=\"- - -\" title=\"-\"><img decoding=\"async\" class=\"skip-lazy no-lazyload noLazy\" data-lazy-src=\"\" src=\"https:\/\/frank-lovisolo.fr\/WordPress\/wp-content\/flagallery\/chateau-lacoste-001\/chateau-lacoste-019.jpg\" alt=\"- - -\" title=\"-\"><img decoding=\"async\" class=\"skip-lazy no-lazyload noLazy\" data-lazy-src=\"\" src=\"https:\/\/frank-lovisolo.fr\/WordPress\/wp-content\/flagallery\/chateau-lacoste-001\/chateau-lacoste-020.jpg\" alt=\"- - -\" title=\"-\"><img decoding=\"async\" class=\"skip-lazy no-lazyload noLazy\" data-lazy-src=\"\" src=\"https:\/\/frank-lovisolo.fr\/WordPress\/wp-content\/flagallery\/chateau-lacoste-001\/chateau-lacoste-021.jpg\" alt=\"- - -\" title=\"-\"><img decoding=\"async\" class=\"skip-lazy no-lazyload noLazy\" data-lazy-src=\"\" src=\"https:\/\/frank-lovisolo.fr\/WordPress\/wp-content\/flagallery\/chateau-lacoste-001\/chateau-lacoste-022.jpg\" alt=\"- - -\" title=\"-\"><img decoding=\"async\" class=\"skip-lazy no-lazyload noLazy\" data-lazy-src=\"\" src=\"https:\/\/frank-lovisolo.fr\/WordPress\/wp-content\/flagallery\/chateau-lacoste-001\/chateau-lacoste-023.jpg\" alt=\"- - -\" title=\"-\"><img decoding=\"async\" class=\"skip-lazy no-lazyload noLazy\" data-lazy-src=\"\" src=\"https:\/\/frank-lovisolo.fr\/WordPress\/wp-content\/flagallery\/chateau-lacoste-001\/chateau-lacoste-024.jpg\" alt=\"- - -\" title=\"-\"><img decoding=\"async\" class=\"skip-lazy no-lazyload noLazy\" data-lazy-src=\"\" src=\"https:\/\/frank-lovisolo.fr\/WordPress\/wp-content\/flagallery\/chateau-lacoste-001\/chateau-lacoste-025.jpg\" alt=\"- - -\" title=\"-\"><img decoding=\"async\" class=\"skip-lazy no-lazyload noLazy\" data-lazy-src=\"\" src=\"https:\/\/frank-lovisolo.fr\/WordPress\/wp-content\/flagallery\/chateau-lacoste-001\/chateau-lacoste-026.jpg\" alt=\"- - -\" title=\"-\"><img decoding=\"async\" class=\"skip-lazy no-lazyload noLazy\" data-lazy-src=\"\" src=\"https:\/\/frank-lovisolo.fr\/WordPress\/wp-content\/flagallery\/chateau-lacoste-001\/chateau-lacoste-027.jpg\" alt=\"- - -\" title=\"-\"><img decoding=\"async\" class=\"skip-lazy no-lazyload noLazy\" data-lazy-src=\"\" src=\"https:\/\/frank-lovisolo.fr\/WordPress\/wp-content\/flagallery\/chateau-lacoste-001\/chateau-lacoste-028.jpg\" alt=\"- - -\" title=\"-\"><img decoding=\"async\" class=\"skip-lazy no-lazyload noLazy\" data-lazy-src=\"\" src=\"https:\/\/frank-lovisolo.fr\/WordPress\/wp-content\/flagallery\/chateau-lacoste-001\/chateau-lacoste-029.jpg\" alt=\"- - -\" title=\"-\"><img decoding=\"async\" class=\"skip-lazy no-lazyload noLazy\" data-lazy-src=\"\" src=\"https:\/\/frank-lovisolo.fr\/WordPress\/wp-content\/flagallery\/chateau-lacoste-001\/chateau-lacoste-030.jpg\" alt=\"- - -\" title=\"-\"><img decoding=\"async\" class=\"skip-lazy no-lazyload noLazy\" data-lazy-src=\"\" src=\"https:\/\/frank-lovisolo.fr\/WordPress\/wp-content\/flagallery\/chateau-lacoste-001\/chateau-lacoste-031.jpg\" alt=\"- - -\" title=\"-\"><img decoding=\"async\" class=\"skip-lazy no-lazyload noLazy\" data-lazy-src=\"\" src=\"https:\/\/frank-lovisolo.fr\/WordPress\/wp-content\/flagallery\/chateau-lacoste-001\/chateau-lacoste-032.jpg\" alt=\"- - -\" title=\"-\"><img decoding=\"async\" class=\"skip-lazy no-lazyload noLazy\" data-lazy-src=\"\" src=\"https:\/\/frank-lovisolo.fr\/WordPress\/wp-content\/flagallery\/chateau-lacoste-001\/chateau-lacoste-033.jpg\" alt=\"- - -\" title=\"-\"><\/noscript><\/h3>\n<p><span style=\"font-size: 16px;\"><span style=\"font-size: 16px;\"><strong><a href=\"https:\/\/frank-lovisolo.fr\/pdf\/La-Coste-Plan.pdf\" target=\"_blank\" rel=\"noopener\">Plan<\/a> &#8211; <a href=\"https:\/\/frank-lovisolo.fr\/pdf\/La-Coste-Oeuvres.pdf\" target=\"_blank\" rel=\"noopener\">\u0152uvres expos\u00e9es<\/a><\/strong><\/span><\/span><\/p>\n<hr \/>\n<\/td>\n<\/tr>\n<tr>\n<td style=\"width: 100%; text-align: center;\"><span style=\"color: #000000; font-size: 14px;\"><a style=\"color: #000000;\" href=\"#debut\">\u21d1\u21d1<\/a><br \/>\n<\/span><span class=\"contact-block address\"><span class=\"contact-txt address-street\"><a href=\"https:\/\/chateau-la-coste.com\/fr\/acces.html\" target=\"_blank\" rel=\"noopener\"><strong>Acc\u00e8s<\/strong><\/a> :<br \/>\n2750 Route de la Cride &#8211; <\/span><span class=\"contact-txt address-postalCode\">13610<\/span><span class=\"contact-txt address-locality\">Le Puy-Sainte-R\u00e9parade<br \/>\n<\/span><\/span><span class=\"contact-block telephone\"><span class=\"contact-label telephone-label\">t\u00e9l. :<\/span><a href=\"tel:+33442618998\"><span class=\"contact-txt telephone-value\">+33 4 42 61 89 98<\/span><\/a><span class=\"contact-txt telephone-value\"> \u00a0 \u00a0<\/span><\/span><span class=\"contact-block telephone\"><span class=\"contact-txt telephone-value\"><a href=\"https:\/\/chateau-la-coste.com\/fr\/\" target=\"_blank\" rel=\"noopener\">https:\/\/chateau-la-coste.com<\/a> \u00a0 \u00a0<\/span><\/span><span class=\"contact-block email\"><a href=\"mailto:contact@chateau-la-coste.com\"><span class=\"contact-txt email-value\">contact@chateau-la-coste.com<\/span><\/a><\/span><\/td>\n<\/tr>\n<\/tbody>\n<\/table>\n<p><span style=\"font-size: 10px; color: #ffffff;\"><span style=\"font-size: 10px; color: #ffffff;\">Art -Land Art Land Art -Land Art &#8211;<\/span><\/span><\/p>\n<hr \/>\n<\/div>\n<table style=\"width: 100%; border-collapse: collapse;\" cellpadding=\"10\">\n<tbody>\n<tr>\n<td style=\"width: 100%;\">\n<h3><span class=\"ez-toc-section\" id=\"quelques-acteurs-du-land-art\"><\/span><strong><span style=\"font-size: 22px;\">Quelques acteurs du Land Art<\/span><\/strong><span class=\"ez-toc-section-end\"><\/span><\/h3>\n<p><span style=\"color: #ffffff;\">&#8211;<\/span><\/td>\n<\/tr>\n<tr>\n<td style=\"width: 100%;\">\n<div style=\"text-align: justify;\">\n<div id=\"attachment_49834\" style=\"width: 610px\" class=\"wp-caption alignright\"><img loading=\"lazy\" decoding=\"async\" aria-describedby=\"caption-attachment-49834\" class=\"wp-image-49834\" src=\"https:\/\/frank-lovisolo.fr\/WordPress\/wp-content\/uploads\/2025\/03\/the-broken-kilometer-1979.jpg\" alt=\"Walter De Maria, The Broken Kilometer, 1979. \u00a9 The Estate of Walter De Maria. Photo: Jon Abbott\" width=\"600\" height=\"421\" title=\"-\" srcset=\"https:\/\/frank-lovisolo.fr\/WordPress\/wp-content\/uploads\/2025\/03\/the-broken-kilometer-1979.jpg 998w, https:\/\/frank-lovisolo.fr\/WordPress\/wp-content\/uploads\/2025\/03\/the-broken-kilometer-1979-460x323.jpg 460w, https:\/\/frank-lovisolo.fr\/WordPress\/wp-content\/uploads\/2025\/03\/the-broken-kilometer-1979-768x539.jpg 768w, https:\/\/frank-lovisolo.fr\/WordPress\/wp-content\/uploads\/2025\/03\/the-broken-kilometer-1979-214x150.jpg 214w, https:\/\/frank-lovisolo.fr\/WordPress\/wp-content\/uploads\/2025\/03\/the-broken-kilometer-1979-150x105.jpg 150w\" sizes=\"auto, (max-width: 600px) 100vw, 600px\" \/><p id=\"caption-attachment-49834\" class=\"wp-caption-text\"><span style=\"font-size: 12px;\">Walter De Maria, The Broken Kilometer, 1979. <\/span><br \/><span style=\"font-size: 12px;\">\u00a9 The Estate of Walter De Maria. Photo: Jon Abbott<\/span><\/p><\/div>\n<h5><span class=\"ez-toc-section\" id=\"walter-de-maria\"><\/span><strong><span style=\"font-size: 20px;\"><a title=\"\" href=\"https:\/\/fr.wikipedia.org\/wiki\/Walter_De_Maria\" target=\"_blank\" rel=\"noopener\">Walter De Maria <\/a><\/span><\/strong><span class=\"ez-toc-section-end\"><\/span><\/h5>\n<\/div>\n<div style=\"text-align: justify;\"><span style=\"font-size: 20px;\">n\u00e9 le\u00a0<time class=\"nowrap\" datetime=\"1935-10-01\" data-sort-value=\"1935-10-01\"><abbr class=\"abbr\" title=\"premier\">1<sup>er<\/sup><\/abbr>\u00a0octobre 1935<\/time>\u00a0\u00e0\u00a0<a title=\"Albany (Californie)\" href=\"https:\/\/fr.wikipedia.org\/wiki\/Albany_(Californie)\" target=\"_blank\" rel=\"noopener\">Albany<\/a>\u00a0en\u00a0Californie\u00a0et mort le\u00a0<time class=\"nowrap\" datetime=\"2013-07-25\" data-sort-value=\"2013-07-25\">25\u00a0juillet 2013<\/time> \u00e0\u00a0New York.<\/span><\/div>\n<p style=\"text-align: justify;\"><span style=\"font-size: 20px;\">Avec son ami, le compositeur d\u2019avant garde\u00a0<a title=\"La Monte Young\" href=\"https:\/\/fr.wikipedia.org\/wiki\/La_Monte_Young\" target=\"_blank\" rel=\"noopener\">La Monte Young<\/a>, il participe \u00e0 des\u00a0happenings\u00a0ainsi qu\u2019\u00e0 des productions th\u00e9\u00e2trales dans la r\u00e9gion de\u00a0San Francisco.<\/span><\/p>\n<p><span style=\"font-size: 20px;\">\u0152uvres\u00a0:<\/span><\/p>\n<p><span style=\"font-size: 20px;\"><i><a title=\"The Lightning Field\" href=\"https:\/\/fr.wikipedia.org\/wiki\/The_Lightning_Field\" target=\"_blank\" rel=\"noopener\">The Lightning Field<\/a> (1969)<\/i><\/span><\/p>\n<p><span style=\"font-size: 20px;\"><a title=\"The Vertical Earth Kilometer\" href=\"https:\/\/fr.wikipedia.org\/wiki\/The_Vertical_Earth_Kilometer\" target=\"_blank\" rel=\"noopener\">The Vertical Earth Kilometer<\/a> (1977)<\/span><\/p>\n<p><span style=\"font-size: 20px;\"><a title=\"The New York Earth Room\" href=\"https:\/\/fr.wikipedia.org\/wiki\/The_New_York_Earth_Room\" target=\"_blank\" rel=\"noopener\">The New York Earth Room<\/a> (1977)<\/span><\/p>\n<p><span style=\"font-size: 20px;\"><a title=\"\" href=\"https:\/\/fr.wikipedia.org\/wiki\/The_Broken_Kilometer\" target=\"_blank\" rel=\"noopener\">The Broken Kilometer<\/a> (1979)<\/span><\/p>\n<p>&nbsp;<\/p>\n<div><\/div>\n<div>\n<div class=\"mceTemp\"><\/div>\n<\/div>\n<div>\n<hr \/>\n<h5><span class=\"ez-toc-section\" id=\"christo-et-jeanne-claude%e2%80%93\"><\/span><strong style=\"font-family: inherit; font-size: inherit;\"><span class=\"mw-page-title-main\" style=\"font-size: 20px;\"><a href=\"https:\/\/christojeanneclaude.net\/life-and-work\/\" target=\"_blank\" rel=\"noopener\"><img loading=\"lazy\" decoding=\"async\" class=\" wp-image-49848 alignright\" src=\"https:\/\/frank-lovisolo.fr\/WordPress\/wp-content\/uploads\/2025\/03\/LArc-de-Triomphe-Wrapped-Paris-1961-2021-460x613.webp\" alt=\"- - -\" width=\"382\" height=\"509\" title=\"-\" srcset=\"https:\/\/frank-lovisolo.fr\/WordPress\/wp-content\/uploads\/2025\/03\/LArc-de-Triomphe-Wrapped-Paris-1961-2021-460x613.webp 460w, https:\/\/frank-lovisolo.fr\/WordPress\/wp-content\/uploads\/2025\/03\/LArc-de-Triomphe-Wrapped-Paris-1961-2021-1024x1365.webp 1024w, https:\/\/frank-lovisolo.fr\/WordPress\/wp-content\/uploads\/2025\/03\/LArc-de-Triomphe-Wrapped-Paris-1961-2021-768x1024.webp 768w, https:\/\/frank-lovisolo.fr\/WordPress\/wp-content\/uploads\/2025\/03\/LArc-de-Triomphe-Wrapped-Paris-1961-2021-1152x1536.webp 1152w, https:\/\/frank-lovisolo.fr\/WordPress\/wp-content\/uploads\/2025\/03\/LArc-de-Triomphe-Wrapped-Paris-1961-2021-1536x2048.webp 1536w, https:\/\/frank-lovisolo.fr\/WordPress\/wp-content\/uploads\/2025\/03\/LArc-de-Triomphe-Wrapped-Paris-1961-2021-113x150.webp 113w, https:\/\/frank-lovisolo.fr\/WordPress\/wp-content\/uploads\/2025\/03\/LArc-de-Triomphe-Wrapped-Paris-1961-2021-scaled.webp 1920w\" sizes=\"auto, (max-width: 382px) 100vw, 382px\" \/>Christo et Jeanne-Claude<\/a><\/span><\/strong><span style=\"color: #ffffff;\">&#8211;<\/span><span class=\"ez-toc-section-end\"><\/span><\/h5>\n<\/div>\n<div>\n<p style=\"text-align: justify;\"><span style=\"font-size: 20px;\"><br \/>\nChristo Vladimiroff Javacheff, n\u00e9 le\u00a0<time class=\"nowrap bday\" datetime=\"1935-06-13\" data-sort-value=\"1935-06-13\">13 juin<\/time><\/span><span style=\"font-size: 20px;\"><time class=\"nowrap bday\" datetime=\"1935-06-13\" data-sort-value=\"1935-06-13\">1935<\/time>\u00a0\u00e0\u00a0<a title=\"\" href=\"https:\/\/fr.wikipedia.org\/wiki\/Gabrovo\" target=\"_blank\" rel=\"noopener\">Gabrovo<\/a>\u00a0en\u00a0<a title=\"Royaume de Bulgarie\" href=\"https:\/\/fr.wikipedia.org\/wiki\/Royaume_de_Bulgarie\" target=\"_blank\" rel=\"noopener\">Bulgarie<\/a>, mort le <time class=\"nowrap dday\" datetime=\"2020-05-31\" data-sort-value=\"2020-05-31\">31 mai 2020 (<\/time><span class=\"noprint\">\u00e0 84\u00a0ans)<\/span> \u00e0 New York.<\/span><\/p>\n<p><span style=\"color: #ffffff;\">&#8211;<\/span><\/p>\n<p style=\"text-align: justify;\"><span style=\"font-size: 20px;\">Jeanne-Claude Denat de Guillebon, n\u00e9e le <time class=\"nowrap bday\" datetime=\"1935-06-13\" data-sort-value=\"1935-06-13\">13 juin 1935<\/time>\u00a0\u00e0\u00a0Casablanca\u00a0au\u00a0Maroc\u00a0et morte le\u00a0<time class=\"nowrap dday\" datetime=\"2009-11-18\" data-sort-value=\"2009-11-18\">18 novembre 2009 <\/time><span class=\"noprint\">(\u00e0 74\u00a0ans)<\/span> \u00e0 New York.<\/span><\/p>\n<p><span style=\"color: #ffffff;\">&#8211;<\/span><\/p>\n<p style=\"text-align: justify;\"><span style=\"font-size: 18px;\">Site officiel : <a href=\"https:\/\/christojeanneclaude.net\/\" target=\"_blank\" rel=\"noopener\">https:\/\/christojeanneclaude.net<\/a><br \/>\nR\u00e9alisations : <a href=\"https:\/\/christojeanneclaude.net\/exhibitions\/past\/\" target=\"_blank\" rel=\"noopener\">https:\/\/christojeanneclaude.net\/exhibitions\/past\/<\/a><\/span><\/p>\n<p><span style=\"color: #ffffff;\">&#8211;<\/span><\/p>\n<p id=\"firstHeading\" class=\"firstHeading mw-first-heading\" style=\"text-align: right;\"><span class=\"mw-page-title-main\" style=\"font-size: 15px;\">Christo and Jeanne-Claude L&rsquo;Arc de Triomphe, Wrapped, Paris, 1961-2021 Photo: Benjamin Loyseau<br \/>\n\u00a9 2021 Christo and Jeanne-Claude Foundation<\/span><\/p>\n<\/div>\n<p>&nbsp;<\/p>\n<div>\n<hr \/>\n<h5><span class=\"ez-toc-section\" id=\"richard-long\"><\/span><strong><span style=\"font-size: 20px;\"><a title=\"Richard Long (artiste)\" href=\"https:\/\/fr.wikipedia.org\/wiki\/Richard_Long_(artiste)\" target=\"_blank\" rel=\"noopener\">Richard Long<\/a><br \/>\n<\/span><\/strong><span class=\"ez-toc-section-end\"><\/span><\/h5>\n<div id=\"attachment_49833\" style=\"width: 610px\" class=\"wp-caption alignright\"><img loading=\"lazy\" decoding=\"async\" aria-describedby=\"caption-attachment-49833\" class=\"wp-image-49833\" src=\"https:\/\/frank-lovisolo.fr\/WordPress\/wp-content\/uploads\/2025\/03\/SAGAPONACK_CIRCLE-e1743261677265-1024x526.jpg\" alt=\"SAGAPONACK CIRCLELONG ISLAND NY 2019\" width=\"600\" height=\"308\" title=\"-\" srcset=\"https:\/\/frank-lovisolo.fr\/WordPress\/wp-content\/uploads\/2025\/03\/SAGAPONACK_CIRCLE-e1743261677265-1024x526.jpg 1024w, https:\/\/frank-lovisolo.fr\/WordPress\/wp-content\/uploads\/2025\/03\/SAGAPONACK_CIRCLE-e1743261677265-460x236.jpg 460w, https:\/\/frank-lovisolo.fr\/WordPress\/wp-content\/uploads\/2025\/03\/SAGAPONACK_CIRCLE-e1743261677265-768x394.jpg 768w, https:\/\/frank-lovisolo.fr\/WordPress\/wp-content\/uploads\/2025\/03\/SAGAPONACK_CIRCLE-e1743261677265-250x128.jpg 250w, https:\/\/frank-lovisolo.fr\/WordPress\/wp-content\/uploads\/2025\/03\/SAGAPONACK_CIRCLE-e1743261677265-150x77.jpg 150w, https:\/\/frank-lovisolo.fr\/WordPress\/wp-content\/uploads\/2025\/03\/SAGAPONACK_CIRCLE-e1743261677265.jpg 1200w\" sizes=\"auto, (max-width: 600px) 100vw, 600px\" \/><p id=\"caption-attachment-49833\" class=\"wp-caption-text\"><span style=\"font-size: 12px;\">SAGAPONACK CIRCLE &#8211; LONG ISLAND NY 2019<\/span><\/p><\/div>\n<p><span style=\"font-size: 20px;\">n\u00e9 le\u00a0<\/span><span style=\"font-size: 20px;\"><time class=\"nowrap bday\" datetime=\"1945-06-02\" data-sort-value=\"1945-06-02\">2 juin 1945<\/time>\u00a0\u00e0\u00a0<\/span><span style=\"font-size: 20px;\"><span style=\"font-size: 20px;\"><a class=\"mw-redirect\" title=\"Bristol (Angleterre)\" href=\"https:\/\/fr.wikipedia.org\/wiki\/Bristol_(Angleterre)\" target=\"_blank\" rel=\"noopener\">Bristol<\/a>.<\/span><\/span><\/p>\n<\/div>\n<div style=\"text-align: justify;\"><span style=\"font-size: 20px;\"><span style=\"font-size: 20px;\"><span style=\"font-size: 20px;\"><br \/>\n<\/span><\/span><\/span><i> 1964 &#8211;\u00a0 A Snowball track<\/i>, Bristol.<br \/>\n<i>1978 &#8211;\u00a0 Brittany red stone circle<\/i>,\u00a0 <a title=\"Mus\u00e9e de Grenoble\" href=\"https:\/\/fr.wikipedia.org\/wiki\/Mus%C3%A9e_de_Grenoble\" target=\"_blank\" rel=\"noopener\">mus\u00e9e de Grenoble<\/a><br \/>\n<i>1984 &#8211;\u00a0 Cornish Slate Ring<\/i>, <a title=\"Fonds r\u00e9gional d&#039;art contemporain de Bourgogne\" href=\"https:\/\/fr.wikipedia.org\/wiki\/Fonds_r%C3%A9gional_d%27art_contemporain_de_Bourgogne\" target=\"_blank\" rel=\"noopener\">FRAC Bourgogne<\/a><\/div>\n<div style=\"text-align: justify;\"><i style=\"font-family: inherit; font-size: inherit;\"><span style=\"font-family: inherit; font-size: inherit;\">1986<i> &#8211;\u00a0 <\/i><\/span>Un cercle en Bretagne<\/i><span style=\"font-family: inherit; font-size: inherit;\">, <\/span><a style=\"font-family: inherit; font-size: inherit;\" title=\"Ch\u00e2teau de Kergu\u00e9hennec\" href=\"https:\/\/fr.wikipedia.org\/wiki\/Ch%C3%A2teau_de_Kergu%C3%A9hennec\" target=\"_blank\" rel=\"noopener\">ch\u00e2teau de Kergu\u00e9hennec<\/a><span style=\"font-family: inherit; font-size: inherit;\">, Bignan<br \/>\n<\/span><i style=\"font-family: inherit; font-size: inherit;\"><span style=\"font-family: inherit; font-size: inherit;\">1981 &#8211; <\/span>Richerline<\/i><span style=\"font-family: inherit; font-size: inherit;\">, installation<\/span><span style=\"font-family: inherit; font-size: inherit;\">,<span style=\"background-color: #ffff65;\"><strong>\u00a0<\/strong><\/span><\/span><span style=\"background-color: #ffff65;\"><strong><a class=\"mw-redirect\" style=\"font-family: inherit; font-size: inherit; background-color: #ffff65;\" title=\"Mus\u00e9e d&#039;art de Toulon\" href=\"https:\/\/fr.wikipedia.org\/wiki\/Mus%C3%A9e_d%27art_de_Toulon\" target=\"_blank\" rel=\"noopener\">Mus\u00e9e d&rsquo;art de Toulon<\/a><span style=\"font-family: inherit; font-size: inherit; background-color: #ffff65;\">.<br \/>\n<\/span><\/strong><\/span><i style=\"font-family: inherit; font-size: inherit;\"><span style=\"font-family: inherit; font-size: inherit;\">1967<i> &#8211;\u00a0 <\/i><\/span>Line made by walking.<\/i><\/div>\n<div style=\"text-align: justify;\"><span style=\"font-family: inherit; font-size: inherit;\"> 1990<i> &#8211;\u00a0 <\/i><\/span><i style=\"font-family: inherit; font-size: inherit;\">Cormwall Slate Line<\/i><span style=\"font-family: inherit; font-size: inherit;\">, <\/span><\/div>\n<div style=\"text-align: justify;\"><span style=\"font-family: inherit; font-size: inherit;\">1999<i> &#8211;\u00a0 <\/i><\/span><i style=\"font-family: inherit; font-size: inherit;\"><a title=\"Pontevedra\" href=\"https:\/\/fr.wikipedia.org\/wiki\/Pontevedra\" target=\"_blank\" rel=\"noopener\">Pontevedra<\/a>\u00a0Line<\/i><span style=\"font-family: inherit; font-size: inherit;\">, <\/span><\/div>\n<div style=\"text-align: justify;\"><span style=\"font-family: inherit; font-size: inherit;\">sur l&rsquo;<\/span><a style=\"font-family: inherit; font-size: inherit;\" title=\"\u00cele des Sculptures\" href=\"https:\/\/fr.wikipedia.org\/wiki\/%C3%8Ele_des_Sculptures\" target=\"_blank\" rel=\"noopener\">\u00cele des Sculptures<\/a><span style=\"font-family: inherit; font-size: inherit;\">\u00a0\u00e0\u00a0<\/span><a style=\"font-family: inherit; font-size: inherit;\" title=\"Pontevedra\" href=\"https:\/\/fr.wikipedia.org\/wiki\/Pontevedra\" target=\"_blank\" rel=\"noopener\">Pontevedra<\/a><span style=\"font-family: inherit; font-size: inherit;\">.<br \/>\n<\/span><i style=\"font-family: inherit; font-size: inherit;\"><span style=\"font-family: inherit; font-size: inherit;\">2008<i> &#8211;\u00a0 <\/i><\/span>White Water Falls<\/i><span style=\"font-family: inherit; font-size: inherit;\"><span style=\"font-family: inherit; font-size: inherit;\"><span style=\"font-family: inherit; font-size: inherit;\">,<br \/>\n<span style=\"color: #ffffff;\">&#8211; <\/span><\/span><\/span><\/span><\/div>\n<div style=\"text-align: justify;\"><a href=\"http:\/\/www.richardlong.org\/index.html\" target=\"_blank\" rel=\"noopener\">http:\/\/www.richardlong.org\/<\/a><\/div>\n<div style=\"text-align: justify;\">\n<hr \/>\n<\/div>\n<div><span style=\"color: #ffffff;\">&#8211;<\/span><\/div>\n<h5 style=\"text-align: justify;\"><span class=\"ez-toc-section\" id=\"james-turrell\"><\/span><span style=\"font-size: 24px;\"><strong><a title=\"James Turrell\" href=\"https:\/\/fr.wikipedia.org\/wiki\/James_Turrell\" target=\"_blank\" rel=\"noopener\"><span style=\"font-size: 20px;\">James Turrell<\/span><\/a><\/strong><\/span><span class=\"ez-toc-section-end\"><\/span><\/h5>\n<p style=\"text-align: justify;\"><span style=\"font-size: 24px;\"><span style=\"font-size: 20px;\">\u00a0&#8230;n\u00e9 le <time class=\"nowrap bday\" datetime=\"1943-05-06\" data-sort-value=\"1943-05-06\">6 mai 1943<\/time>\u00a0\u00e0\u00a0<a title=\"\" href=\"https:\/\/fr.wikipedia.org\/wiki\/Los_Angeles\" target=\"_blank\" rel=\"noopener\">Los Angeles<\/a><\/span><\/span><\/p>\n<div id=\"attachment_49835\" style=\"width: 610px\" class=\"wp-caption alignright\"><a href=\"https:\/\/rodencrater.com\/\" target=\"_blank\" rel=\"noopener\"><img loading=\"lazy\" decoding=\"async\" aria-describedby=\"caption-attachment-49835\" class=\"wp-image-49835\" src=\"https:\/\/frank-lovisolo.fr\/WordPress\/wp-content\/uploads\/2025\/03\/Roden-Crater-e1743263421562.jpg\" alt=\"- - -\" width=\"600\" height=\"332\" title=\"-\" srcset=\"https:\/\/frank-lovisolo.fr\/WordPress\/wp-content\/uploads\/2025\/03\/Roden-Crater-e1743263421562.jpg 843w, https:\/\/frank-lovisolo.fr\/WordPress\/wp-content\/uploads\/2025\/03\/Roden-Crater-e1743263421562-460x254.jpg 460w, https:\/\/frank-lovisolo.fr\/WordPress\/wp-content\/uploads\/2025\/03\/Roden-Crater-e1743263421562-768x425.jpg 768w, https:\/\/frank-lovisolo.fr\/WordPress\/wp-content\/uploads\/2025\/03\/Roden-Crater-e1743263421562-250x138.jpg 250w, https:\/\/frank-lovisolo.fr\/WordPress\/wp-content\/uploads\/2025\/03\/Roden-Crater-e1743263421562-150x83.jpg 150w\" sizes=\"auto, (max-width: 600px) 100vw, 600px\" \/><\/a><p id=\"caption-attachment-49835\" class=\"wp-caption-text\"><a href=\"https:\/\/rodencrater.com\/\" target=\"_blank\" rel=\"noopener\"><span style=\"background-color: #ffff65;\">Roden Crate<\/span><\/a><span style=\"font-family: inherit; font-size: inherit;\">1967 :\u00a0<\/span><i style=\"font-family: inherit; font-size: inherit;\"><a class=\"new\" title=\"Afrum (page inexistante)\" href=\"https:\/\/fr.wikipedia.org\/w\/index.php?title=Afrum&amp;action=edit&amp;redlink=1\" target=\"_blank\" rel=\"noopener\">Afrum<\/a><\/i><span style=\"font-family: inherit; font-size: inherit;\">1968 : Alta blue<\/span><\/p><\/div>\n<div>1970 :\u00a0<i><a class=\"new\" title=\"Stuck Red\/Stuck Blue (page inexistante)\" href=\"https:\/\/fr.wikipedia.org\/w\/index.php?title=Stuck_Red\/Stuck_Blue&amp;action=edit&amp;redlink=1\" target=\"_blank\" rel=\"noopener\">Stuck Red\/Stuck Blue<\/a>\u00a0<a class=\"extiw\" title=\"en:Stuck Red\/Stuck Blue\" href=\"https:\/\/en.wikipedia.org\/wiki\/Stuck_Red\/Stuck_Blue\" target=\"_blank\" rel=\"noopener\"><span class=\"indicateur-langue\" title=\"Article en anglais\u00a0: \u00ab\u00a0Stuck Red\/Stuck Blue\u00a0\u00bb\">(en)<\/span><\/a><br \/>\n<\/i>1974\u00a0: d\u00e9but de la s\u00e9rie des\u00a0<i><a title=\"Skyspace\" href=\"https:\/\/fr.wikipedia.org\/wiki\/Skyspace\" target=\"_blank\" rel=\"noopener\">Skyspace<\/a><\/i>\u00a0(lieux multiples)<br \/>\n1976\u00a0: d\u00e9but de la s\u00e9rie des\u00a0<i><a class=\"new\" title=\"Space Division (page inexistante)\" href=\"https:\/\/fr.wikipedia.org\/w\/index.php?title=Space_Division&amp;action=edit&amp;redlink=1\" target=\"_blank\" rel=\"noopener\">Space Division<\/a><\/i>\u00a0(lieux multiples)<br \/>\n1976\u00a0:\u00a0<i><a class=\"new\" title=\"City of Anhirit (page inexistante)\" href=\"https:\/\/fr.wikipedia.org\/w\/index.php?title=City_of_Anhirit&amp;action=edit&amp;redlink=1\" target=\"_blank\" rel=\"noopener\">City of Anhirit<\/a><br \/>\n<\/i>1983\u00a0: d\u00e9but de la construction de\u00a0<span style=\"background-color: #ffff65;\"><a style=\"background-color: #ffff65;\" href=\"https:\/\/rodencrater.com\/\" target=\"_blank\" rel=\"noopener\"><i>Roden Crater<\/i><\/a><\/span>\u00a0(<a title=\"Flagstaff (Arizona)\" href=\"https:\/\/fr.wikipedia.org\/wiki\/Flagstaff_(Arizona)\" target=\"_blank\" rel=\"noopener\">Flagstaff<\/a>)<br \/>\n1983\u00a0:\u00a0<i>Pleiades<br \/>\n<\/i><sup id=\"cite_ref-mattress_11-0\" class=\"reference\"><\/sup>1991\u00a0:\u00a0<i>Irish Sky Garden<\/i>\u00a0(<a title=\"Skibbereen\" href=\"https:\/\/fr.wikipedia.org\/wiki\/Skibbereen\" target=\"_blank\" rel=\"noopener\">Skibbereen<\/a>)<br \/>\n1991\u00a0:\u00a0<i><a class=\"new\" title=\"Heavy Water (Turrell) (page inexistante)\" href=\"https:\/\/fr.wikipedia.org\/w\/index.php?title=Heavy_Water_(Turrell)&amp;action=edit&amp;redlink=1\" target=\"_blank\" rel=\"noopener\">Heavy Water<\/a><br \/>\n<\/i>1994\u00a0:\u00a0<i>Ghost Wedge<br \/>\n<\/i>1996\u00a0:\u00a0<i>Hemels Gewelf<\/i>\u00a0(<a title=\"La Haye\" href=\"https:\/\/fr.wikipedia.org\/wiki\/La_Haye\" target=\"_blank\" rel=\"noopener\">La Haye<\/a>, restaur\u00e9 en 2008)<br \/>\n2000\u00a0: mise en lumi\u00e8re du\u00a0<a title=\"Pont du Gard\" href=\"https:\/\/fr.wikipedia.org\/wiki\/Pont_du_Gard\" target=\"_blank\" rel=\"noopener\">pont du Gard<\/a><br \/>\n2002\u00a0:\u00a0<i>Unseen Blue<br \/>\n<\/i>2002\u00a0:\u00a0<i><a class=\"new\" title=\"Big Red (Turrell) (page inexistante)\" href=\"https:\/\/fr.wikipedia.org\/w\/index.php?title=Big_Red_(Turrell)&amp;action=edit&amp;redlink=1\" target=\"_blank\" rel=\"noopener\">Big Red<\/a><br \/>\n<\/i>2005 : Eclairage variable de l&rsquo;<i>Automotive Design Network<\/i>, centre de design de\u00a0PSA Peugeot Citro\u00ebn\u00a0\u00e0\u00a0V\u00e9lizy-Villacoublay<br \/>\n2006\u00a0:\u00a0<i>Nightlife<\/i>, mise en lumi\u00e8re de la fa\u00e7ade du si\u00e8ge de la\u00a0<a title=\"Caisse des d\u00e9p\u00f4ts et consignations\" href=\"https:\/\/fr.wikipedia.org\/wiki\/Caisse_des_d%C3%A9p%C3%B4ts_et_consignations\" target=\"_blank\" rel=\"noopener\">Caisse des d\u00e9p\u00f4ts et consignations<\/a>\u00a0(<a title=\"Paris\" href=\"https:\/\/fr.wikipedia.org\/wiki\/Paris\" target=\"_blank\" rel=\"noopener\">Paris<\/a>), avec l&rsquo;architecte\u00a0<a title=\"Christian Hauvette\" href=\"https:\/\/fr.wikipedia.org\/wiki\/Christian_Hauvette\" target=\"_blank\" rel=\"noopener\">Christian Hauvette<\/a>.<br \/>\n2009\u00a0: mise en lumi\u00e8re de la fa\u00e7ade du\u00a0<a class=\"new\" title=\"Dornier Museum (page inexistante)\" href=\"https:\/\/fr.wikipedia.org\/w\/index.php?title=Dornier_Museum&amp;action=edit&amp;redlink=1\" target=\"_blank\" rel=\"noopener\">Dornier Museum<\/a>\u00a0<a class=\"extiw\" title=\"de:Dornier Museum\" href=\"https:\/\/de.wikipedia.org\/wiki\/Dornier_Museum\" target=\"_blank\" rel=\"noopener\"><span class=\"indicateur-langue\" title=\"Article en allemand\u00a0: \u00ab\u00a0Dornier Museum\u00a0\u00bb\">(de)<\/span><\/a>\u00a0(<a title=\"Friedrichshafen\" href=\"https:\/\/fr.wikipedia.org\/wiki\/Friedrichshafen\" target=\"_blank\" rel=\"noopener\">Friedrichshafen<\/a>)<br \/>\n2012\u00a0:\u00a0<i>Trace elements: Light into space<br \/>\n<\/i><a href=\"https:\/\/www.thisissocontemporary.fr\/james-turrell\/\" target=\"_blank\" rel=\"noopener\">https:\/\/james-turrell\/<\/a><\/div>\n<hr \/>\n<h5><span class=\"ez-toc-section\" id=\"robert-smithson\"><\/span><span style=\"font-size: 20px;\"><strong><a title=\"Robert Smithson\" href=\"https:\/\/fr.wikipedia.org\/wiki\/Robert_Smithson\" target=\"_blank\" rel=\"noopener\">Robert Smithson<\/a><\/strong><\/span><span style=\"font-size: 20px;\"><span style=\"font-size: 20px;\"><br \/>\n<\/span><\/span><span class=\"ez-toc-section-end\"><\/span><\/h5>\n<p>&nbsp;<\/p>\n<div id=\"attachment_49837\" style=\"width: 610px\" class=\"wp-caption alignright\"><img loading=\"lazy\" decoding=\"async\" aria-describedby=\"caption-attachment-49837\" class=\"wp-image-49837\" src=\"https:\/\/frank-lovisolo.fr\/WordPress\/wp-content\/uploads\/2025\/03\/Smithson-Spiral-Jetty-1024x681.jpg\" alt=\"Spiral JettyRobert Smithson 1970 Great Salt Lake, Utah\" width=\"600\" height=\"399\" title=\"-\" srcset=\"https:\/\/frank-lovisolo.fr\/WordPress\/wp-content\/uploads\/2025\/03\/Smithson-Spiral-Jetty-1024x681.jpg 1024w, https:\/\/frank-lovisolo.fr\/WordPress\/wp-content\/uploads\/2025\/03\/Smithson-Spiral-Jetty-460x306.jpg 460w, https:\/\/frank-lovisolo.fr\/WordPress\/wp-content\/uploads\/2025\/03\/Smithson-Spiral-Jetty-768x510.jpg 768w, https:\/\/frank-lovisolo.fr\/WordPress\/wp-content\/uploads\/2025\/03\/Smithson-Spiral-Jetty-1536x1021.jpg 1536w, https:\/\/frank-lovisolo.fr\/WordPress\/wp-content\/uploads\/2025\/03\/Smithson-Spiral-Jetty-226x150.jpg 226w, https:\/\/frank-lovisolo.fr\/WordPress\/wp-content\/uploads\/2025\/03\/Smithson-Spiral-Jetty-150x100.jpg 150w, https:\/\/frank-lovisolo.fr\/WordPress\/wp-content\/uploads\/2025\/03\/Smithson-Spiral-Jetty.jpg 2048w\" sizes=\"auto, (max-width: 600px) 100vw, 600px\" \/><p id=\"caption-attachment-49837\" class=\"wp-caption-text\">Spiral Jetty &#8211; Robert Smithson &#8211; 1970 &#8211; Great Salt Lake, Utah<\/p><\/div>\n<p><span style=\"font-size: 20px;\">&#8230;n\u00e9 \u00e0 <a title=\"Passaic\" href=\"https:\/\/fr.wikipedia.org\/wiki\/Passaic\" target=\"_blank\" rel=\"noopener\">Passaic<\/a>\u00a0dans le\u00a0<a title=\"New Jersey\" href=\"https:\/\/fr.wikipedia.org\/wiki\/New_Jersey\" target=\"_blank\" rel=\"noopener\">New Jersey <\/a>et d\u00e9c\u00e9d\u00e9 le 20 juillet 1973 (\u00e0 35 ans) <a href=\"https:\/\/fr.wikipedia.org\/wiki\/Texas\" target=\"_blank\" rel=\"noopener\">Texas<\/a>, \u00c9tats-Unis<\/span><\/p>\n<div class=\"mceTemp\" style=\"text-align: justify;\"><\/div>\n<div>1966\u00a0:\u00a0<i>The Cristal Land<\/i>.<br \/>\n<span style=\"font-family: inherit; font-size: inherit;\">1967\u00a0:\u00a0<\/span><i style=\"font-family: inherit; font-size: inherit;\">The Domain of the Great Bear<\/i><span style=\"font-family: inherit; font-size: inherit;\"> avec Mel Bochner.<br \/>\n<\/span>1967\u00a0:\u00a0<i>A Tour of the Monuments of Passaic, New Jersey.<\/i><\/div>\n<div style=\"text-align: justify;\">1968\u00a0:\u00a0<i>A Sedimentation of the Mind : Earth Projects.<\/i><\/div>\n<div style=\"text-align: justify;\">1968-09 \u00a0:\u00a0<i>Incidents of Mirror-Travel in the Yucatan.<\/i><\/div>\n<div style=\"text-align: justify;\">1969\u00a0:\u00a0<i>Mirror Displacement<\/i>.<\/div>\n<div style=\"text-align: justify;\">1969\u00a0:\u00a0<i>Ithaca Mirror Trail, Ithaca, New York<\/i>. 8 photographies, carte, diapositives et dispositif de projection.<\/div>\n<div style=\"text-align: justify;\">1969-72\u00a0:\u00a0<i>Hotel Palenque<\/i> (projection de diapositives comment\u00e9e par l&rsquo;auteur).<\/div>\n<div style=\"text-align: justify;\">1969\u00a0:\u00a0<i>Asphalt Rundown<\/i>: film 16 mm couleurs.<\/div>\n<div style=\"text-align: justify;\">1969\u00a0:\u00a0<i>Chalk-Mirror Displacement<\/i>\u00a0et\u00a0<i>Study for the Sculpture Glass Strata with Mulch and Soil.<\/i><\/div>\n<div style=\"text-align: justify;\">1970\u00a0:\u00a0<i>Partially Buried Woodshed<\/i>, \u00e9v\u00e8nement.<\/div>\n<div style=\"text-align: justify;\">1970\u00a0:\u00a0<i>Spiral Jetty<\/i>, earthwork,\u00a0<a class=\"external text\" href=\"https:\/\/umfa.utah.edu\/spiral-jetty\" rel=\"nofollow noopener\" target=\"_blank\">Photo (Holt\/Smithson Foundation and Dia Art Foundation)<\/a><\/div>\n<div style=\"text-align: justify;\">1970\u00a0:\u00a0<i>Spiral Jetty<\/i>, film 16 mm couleurs, 35 min<br \/>\n1971\u00a0:\u00a0<i>Broken circle \/ Spiral Hill, Emmen<\/i>, earthworks.<\/div>\n<div style=\"text-align: justify;\">1973\u00a0:\u00a0<i>Bingham Canyon Reclamation Project\u00a0<span class=\"indicateur-langue\" title=\"Article en anglais\u00a0: \u00ab\u00a0Bingham Canyon Reclamation Project\u00a0\u00bb\">(en)<\/span><\/i>, projet non abouti.<br \/>\n<span style=\"font-family: inherit; font-size: inherit;\">1973\u00a0: (posthume)\u00a0<\/span><i style=\"font-family: inherit; font-size: inherit;\">Amarillo Ramp<\/i><span style=\"font-family: inherit; font-size: inherit;\">:\u00a0<\/span><a class=\"external text\" style=\"font-family: inherit; font-size: inherit;\" href=\"https:\/\/www.domusweb.it\/en\/from-the-archive\/2012\/07\/28\/amarillo-ramp-robert-smithson-s-last-work.html\" rel=\"nofollow noopener\" target=\"_blank\">Photographie de 1974<\/a><small class=\"cachelinks\" style=\"font-family: inherit;\"> <\/small><span style=\"font-family: inherit; font-size: inherit;\">sur le site de\u00a0<\/span><a style=\"font-family: inherit; font-size: inherit;\" title=\"Domus (revue)\" href=\"https:\/\/fr.wikipedia.org\/wiki\/Domus_(revue)\" target=\"_blank\" rel=\"noopener\">Domus<\/a><span style=\"font-family: inherit; font-size: inherit;\">.<br \/>\n<\/span><a style=\"font-family: inherit; font-size: inherit;\" href=\"https:\/\/holtsmithsonfoundation.org\/\" target=\"_blank\" rel=\"noopener\">https:\/\/holtsmithsonfoundation.org\/<\/a><\/div>\n<div>\n<hr \/>\n<\/div>\n<\/td>\n<\/tr>\n<\/tbody>\n<\/table>\n<div><span style=\"color: #ffffff;\">land art<\/span><\/div>\n<div>\n<table style=\"width: 100%; border-collapse: collapse;\" cellpadding=\"10\">\n<tbody>\n<tr>\n<td style=\"width: 75%; text-align: center;\" colspan=\"3\">\n<h3><span class=\"ez-toc-section\" id=\"des-artistes\"><\/span><span style=\"font-size: 24px;\"><strong>Des artistes<\/strong><\/span><span class=\"ez-toc-section-end\"><\/span><\/h3>\n<p><span style=\"font-size: 18px;\"><span style=\"font-size: 14px;\">(Il en manque certainement)<\/span><\/span><\/td>\n<\/tr>\n<tr>\n<td style=\"width: 25%; text-align: left;\">\n<ul>\n<li style=\"list-style-type: none;\">\n<ul>\n<li><span style=\"font-size: 18px;\"><a title=\"Nils-Udo\" href=\"https:\/\/fr.wikipedia.org\/wiki\/Nils-Udo\" target=\"_blank\" rel=\"noopener\">Nils-Udo<\/a><\/span><\/li>\n<li><span style=\"font-size: 18px;\"><a title=\"Giovanni Anselmo\" href=\"https:\/\/fr.wikipedia.org\/wiki\/Giovanni_Anselmo\" target=\"_blank\" rel=\"noopener\">Giovanni Anselmo<\/a><\/span><\/li>\n<li><span style=\"font-size: 18px;\"><a title=\"Milton Becerra\" href=\"https:\/\/fr.wikipedia.org\/wiki\/Milton_Becerra\" target=\"_blank\" rel=\"noopener\">Milton Becerra<\/a><\/span><\/li>\n<li><span style=\"font-size: 18px;\"><a title=\"Jean Clareboudt\" href=\"https:\/\/fr.wikipedia.org\/wiki\/Jean_Clareboudt\" target=\"_blank\" rel=\"noopener\">Jean Clareboudt<\/a><\/span><\/li>\n<li><span style=\"font-size: 18px;\"><a title=\"Walter De Maria\" href=\"https:\/\/fr.wikipedia.org\/wiki\/Walter_De_Maria\" target=\"_blank\" rel=\"noopener\">Walter De Maria<\/a><\/span><\/li>\n<li><span style=\"font-size: 18px;\"><a title=\"\u00c1gnes D\u00e9nes\" href=\"https:\/\/fr.wikipedia.org\/wiki\/%C3%81gnes_D%C3%A9nes\" target=\"_blank\" rel=\"noopener\">\u00c1gnes D\u00e9nes<\/a><\/span><\/li>\n<li><span style=\"font-size: 18px;\"><a title=\"Jim Denevan\" href=\"https:\/\/fr.wikipedia.org\/wiki\/Jim_Denevan\" target=\"_blank\" rel=\"noopener\">Jim Denevan<\/a><\/span><\/li>\n<li><span style=\"font-size: 18px;\"><a title=\"Jan Dibbets\" href=\"https:\/\/fr.wikipedia.org\/wiki\/Jan_Dibbets\" target=\"_blank\" rel=\"noopener\">Jan Dibbets<\/a><\/span><\/li>\n<li><span style=\"font-size: 18px;\"><a title=\"Jan Dibbets\" href=\"https:\/\/fr.wikipedia.org\/wiki\/Eduardo_Chillida\" target=\"_blank\" rel=\"noopener\">Eduardo Chillida<\/a><\/span><\/li>\n<li><span style=\"font-size: 18px;\"><a title=\"Richard Serra\" href=\"https:\/\/fr.wikipedia.org\/wiki\/Richard_Serra\" target=\"_blank\" rel=\"noopener\">Richard Serra<\/a><br \/>\n<\/span><\/li>\n<li><a href=\"https:\/\/fr.wikipedia.org\/wiki\/Annette_Messager\" target=\"_blank\" rel=\"noopener\"><span style=\"font-size: 18px;\">Annette Messager<\/span><\/a><\/li>\n<li><span style=\"font-size: 18px;\"><span style=\"font-size: 18px;\"><a title=\"James Turrell\" href=\"https:\/\/fr.wikipedia.org\/wiki\/James_Turrell\" target=\"_blank\" rel=\"noopener\">James Turrell<\/a><\/span><\/span><\/li>\n<\/ul>\n<\/li>\n<\/ul>\n<\/td>\n<td style=\"width: 25%; text-align: left;\">\n<ul>\n<li style=\"list-style-type: none;\">\n<ul>\n<li><span style=\"font-size: 18px;\"><a title=\"Ian Hamilton Finlay\" href=\"https:\/\/fr.wikipedia.org\/wiki\/Ian_Hamilton_Finlay\" target=\"_blank\" rel=\"noopener\">Ian Hamilton Finlay<\/a><\/span><\/li>\n<li><span style=\"font-size: 18px;\"><a title=\"Barry Flanagan\" href=\"https:\/\/fr.wikipedia.org\/wiki\/Barry_Flanagan\" target=\"_blank\" rel=\"noopener\">Barry Flanagan<\/a><\/span><\/li>\n<li><span style=\"font-size: 18px;\"><a title=\"Hamish Fulton\" href=\"https:\/\/fr.wikipedia.org\/wiki\/Hamish_Fulton\" target=\"_blank\" rel=\"noopener\">Hamish Fulton<\/a><\/span><\/li>\n<li><span style=\"font-size: 18px;\"><a title=\"Andy Goldsworthy\" href=\"https:\/\/fr.wikipedia.org\/wiki\/Andy_Goldsworthy\" target=\"_blank\" rel=\"noopener\">Andy Goldsworthy<\/a><\/span><\/li>\n<li><span style=\"font-size: 18px;\"><a title=\"Michael Heizer\" href=\"https:\/\/fr.wikipedia.org\/wiki\/Michael_Heizer\" target=\"_blank\" rel=\"noopener\">Michael Heizer<\/a><\/span><\/li>\n<li><span style=\"font-size: 18px;\"><a title=\"Nancy Holt\" href=\"https:\/\/fr.wikipedia.org\/wiki\/Nancy_Holt\" target=\"_blank\" rel=\"noopener\">Nancy Holt<\/a><\/span><\/li>\n<li><span style=\"font-size: 18px;\"><a title=\"Jun&#039;ichi Kakizaki\" href=\"https:\/\/fr.wikipedia.org\/wiki\/Jun%27ichi_Kakizaki\" target=\"_blank\" rel=\"noopener\">Jun&rsquo;ichi Kakizaki<\/a><\/span><\/li>\n<li><span style=\"font-size: 18px;\"><a title=\"Wolfgang Laib\" href=\"https:\/\/fr.wikipedia.org\/wiki\/Wolfgang_Laib\" target=\"_blank\" rel=\"noopener\">Wolfgang Laib<\/a><\/span><\/li>\n<li><span style=\"font-size: 18px;\"><a title=\"Dennis Oppenheim\" href=\"https:\/\/fr.wikipedia.org\/wiki\/Dennis_Oppenheim\" target=\"_blank\" rel=\"noopener\">Dennis Oppenheim<\/a><\/span><\/li>\n<li><span style=\"font-size: 18px;\"><a title=\"Saype\" href=\"https:\/\/fr.wikipedia.org\/wiki\/Saype\" target=\"_blank\" rel=\"noopener\">Saype<\/a><\/span><\/li>\n<li><span style=\"font-size: 18px;\"><a title=\"Teruhisa Suzuki\" href=\"https:\/\/fr.wikipedia.org\/wiki\/Teruhisa_Suzuki\" target=\"_blank\" rel=\"noopener\">Teruhisa Suzuki<\/a><\/span><\/li>\n<li><span style=\"font-size: 18px;\"><a title=\"Robert Smithson\" href=\"https:\/\/fr.wikipedia.org\/wiki\/Robert_Smithson\" target=\"_blank\" rel=\"noopener\">Robert Smithson<\/a><\/span><\/li>\n<\/ul>\n<\/li>\n<\/ul>\n<\/td>\n<td style=\"width: 25%; text-align: left;\">\n<ul>\n<li style=\"list-style-type: none;\">\n<ul style=\"list-style-type: circle;\">\n<li><span style=\"font-size: 18px;\"><a href=\"https:\/\/fr.wikipedia.org\/wiki\/Christo_et_Jeanne-Claude\" target=\"_blank\" rel=\"noopener\">Christo et Jeanne-Claude<\/a><\/span><\/li>\n<li><span style=\"font-size: 18px;\"><a title=\"Maya Lin\" href=\"https:\/\/fr.wikipedia.org\/wiki\/Maya_Lin\" target=\"_blank\" rel=\"noopener\">Maya Lin<\/a><\/span><\/li>\n<li><span style=\"font-size: 18px;\"><a title=\"Richard Long (artiste)\" href=\"https:\/\/fr.wikipedia.org\/wiki\/Richard_Long_(artiste)\" target=\"_blank\" rel=\"noopener\">Richard Long<\/a><\/span><\/li>\n<li><a href=\"https:\/\/it.wikipedia.org\/wiki\/Giuliano_Mauri\" target=\"_blank\" rel=\"noopener\"><span style=\"font-size: 18px;\">Giuliano Mauri\u00a0<span class=\"indicateur-langue\" title=\"Article en italien\u00a0: \u00ab\u00a0Giuliano Mauri\u00a0\u00bb\">(it)<\/span><\/span><\/a><\/li>\n<li><span style=\"font-size: 18px;\"><a title=\"Robert Morris (artiste)\" href=\"https:\/\/fr.wikipedia.org\/wiki\/Robert_Morris_(artiste)\" target=\"_blank\" rel=\"noopener\">Robert Morris<\/a><\/span><\/li>\n<li><span style=\"font-size: 18px;\"><a title=\"Maria Nordman\" href=\"https:\/\/fr.wikipedia.org\/wiki\/Maria_Nordman\" target=\"_blank\" rel=\"noopener\">Maria Nordman<\/a><\/span><\/li>\n<li><span style=\"font-size: 18px;\"><a title=\"Juliana Notari\" href=\"https:\/\/fr.wikipedia.org\/wiki\/Juliana_Notari\" target=\"_blank\" rel=\"noopener\">Juliana Notari<\/a><\/span><\/li>\n<li><span style=\"font-size: 18px;\"><a title=\"Jean V\u00e9rame\" href=\"https:\/\/fr.wikipedia.org\/wiki\/Jean_V%C3%A9rame\" target=\"_blank\" rel=\"noopener\">Jean V\u00e9rame<\/a><\/span><\/li>\n<li><span style=\"font-size: 18px;\"><a title=\"Jacek Tylicki\" href=\"https:\/\/fr.wikipedia.org\/wiki\/Jacek_Tylicki\" target=\"_blank\" rel=\"noopener\">Jacek Tylicki<\/a><\/span><\/li>\n<li><span style=\"font-size: 18px;\"><a title=\"Charles Ross\" href=\"https:\/\/fr.wikipedia.org\/wiki\/Charles_Ross\" target=\"_blank\" rel=\"noopener\">Charles Ross<\/a><\/span><\/li>\n<\/ul>\n<\/li>\n<\/ul>\n<\/td>\n<\/tr>\n<tr>\n<td style=\"width: 25%; text-align: center;\" colspan=\"3\">\n<hr \/>\n<p><span style=\"color: #ffffff;\">&#8211;<\/span><\/p>\n<p><span style=\"color: #ffffff; background-color: #000000;\">\u202f <a style=\"color: #ffffff; background-color: #000000;\" href=\"https:\/\/frank-lovisolo.fr\/WordPress\/report-a-problem\/\" target=\"_blank\" rel=\"noopener noreferrer\">Signaler un probl\u00e8me &#8211; Report a problem<\/a>\u202f <\/span><a id=\"com\"><\/a><\/p>\n<hr \/>\n<\/td>\n<\/tr>\n<\/tbody>\n<\/table>\n<\/div>\n<div id=\"ez-toc-container\" class=\"ez-toc-v2_0_82_2 ez-toc-wrap-center counter-hierarchy ez-toc-counter ez-toc-light-blue ez-toc-container-direction\">\n<label for=\"ez-toc-cssicon-toggle-item-69ef9066f16e7\" class=\"ez-toc-cssicon-toggle-label\"><p class=\"ez-toc-title\" style=\"cursor:inherit\">Table des mati\u00e8res<\/p>\n<span class=\"ez-toc-cssicon\"><span class=\"eztoc-hide\" style=\"display:none;\">Toggle<\/span><span class=\"ez-toc-icon-toggle-span\"><svg style=\"fill: #999;color:#999\" xmlns=\"http:\/\/www.w3.org\/2000\/svg\" class=\"list-377408\" width=\"20px\" height=\"20px\" viewBox=\"0 0 24 24\" fill=\"none\"><path d=\"M6 6H4v2h2V6zm14 0H8v2h12V6zM4 11h2v2H4v-2zm16 0H8v2h12v-2zM4 16h2v2H4v-2zm16 0H8v2h12v-2z\" fill=\"currentColor\"><\/path><\/svg><svg style=\"fill: #999;color:#999\" class=\"arrow-unsorted-368013\" xmlns=\"http:\/\/www.w3.org\/2000\/svg\" width=\"10px\" height=\"10px\" viewBox=\"0 0 24 24\" version=\"1.2\" baseProfile=\"tiny\"><path d=\"M18.2 9.3l-6.2-6.3-6.2 6.3c-.2.2-.3.4-.3.7s.1.5.3.7c.2.2.4.3.7.3h11c.3 0 .5-.1.7-.3.2-.2.3-.5.3-.7s-.1-.5-.3-.7zM5.8 14.7l6.2 6.3 6.2-6.3c.2-.2.3-.5.3-.7s-.1-.5-.3-.7c-.2-.2-.4-.3-.7-.3h-11c-.3 0-.5.1-.7.3-.2.2-.3.5-.3.7s.1.5.3.7z\"\/><\/svg><\/span><\/span><\/label><input type=\"checkbox\"  id=\"ez-toc-cssicon-toggle-item-69ef9066f16e7\" checked \/><nav><ul class='ez-toc-list ez-toc-list-level-1 ' ><ul class='ez-toc-list-level-3' ><li class='ez-toc-heading-level-3'><ul class='ez-toc-list-level-3' ><li class='ez-toc-heading-level-3'><a class=\"ez-toc-link ez-toc-heading-1\" href=\"https:\/\/frank-lovisolo.fr\/WordPress\/33-projets-de-land-art\/#le-land-art%e2%80%a6\" >Le Land Art&#8230;\u00a0<\/a><\/li><li class='ez-toc-page-1 ez-toc-heading-level-3'><a class=\"ez-toc-link ez-toc-heading-2\" href=\"https:\/\/frank-lovisolo.fr\/WordPress\/33-projets-de-land-art\/#-passer-le-texte\" >\u00a0PASSER LE TEXTE\u00a0\u00a0<\/a><\/li><li class='ez-toc-page-1 ez-toc-heading-level-3'><a class=\"ez-toc-link ez-toc-heading-3\" href=\"https:\/\/frank-lovisolo.fr\/WordPress\/33-projets-de-land-art\/#33-oeuvres-irreellement-imaginaires%e2%80%a6\" >33 \u0153uvres irr\u00e9ellement imaginaires&#8230;\u00a0<\/a><\/li><li class='ez-toc-page-1 ez-toc-heading-level-3'><a class=\"ez-toc-link ez-toc-heading-4\" href=\"https:\/\/frank-lovisolo.fr\/WordPress\/33-projets-de-land-art\/#land-art-et-fractales\" >Land Art et Fractales.<\/a><\/li><li class='ez-toc-page-1 ez-toc-heading-level-3'><a class=\"ez-toc-link ez-toc-heading-5\" href=\"https:\/\/frank-lovisolo.fr\/WordPress\/33-projets-de-land-art\/#parmi-toutes-les-disciplines%e2%80%a6\" >Parmi toutes les disciplines&#8230;<\/a><\/li><\/ul><\/li><\/ul><\/li><li class='ez-toc-page-1 ez-toc-heading-level-1'><a class=\"ez-toc-link ez-toc-heading-6\" href=\"https:\/\/frank-lovisolo.fr\/WordPress\/33-projets-de-land-art\/#qqoqccp\" >QQOQCCP ?<\/a><ul class='ez-toc-list-level-3' ><li class='ez-toc-heading-level-3'><ul class='ez-toc-list-level-3' ><li class='ez-toc-heading-level-3'><a class=\"ez-toc-link ez-toc-heading-7\" href=\"https:\/\/frank-lovisolo.fr\/WordPress\/33-projets-de-land-art\/#land-art-en-provence-chateau-la-coste\" >Land Art en Provence : Ch\u00e2teau La Coste<\/a><\/li><li class='ez-toc-page-1 ez-toc-heading-level-3'><a class=\"ez-toc-link ez-toc-heading-8\" href=\"https:\/\/frank-lovisolo.fr\/WordPress\/33-projets-de-land-art\/#quelques-acteurs-du-land-art\" >Quelques acteurs du Land Art<\/a><ul class='ez-toc-list-level-5' ><li class='ez-toc-heading-level-5'><ul class='ez-toc-list-level-5' ><li class='ez-toc-heading-level-5'><a class=\"ez-toc-link ez-toc-heading-9\" href=\"https:\/\/frank-lovisolo.fr\/WordPress\/33-projets-de-land-art\/#walter-de-maria\" >Walter De Maria<\/a><\/li><li class='ez-toc-page-1 ez-toc-heading-level-5'><a class=\"ez-toc-link ez-toc-heading-10\" href=\"https:\/\/frank-lovisolo.fr\/WordPress\/33-projets-de-land-art\/#christo-et-jeanne-claude%e2%80%93\" >Christo et Jeanne-Claude&#8211;<\/a><\/li><li class='ez-toc-page-1 ez-toc-heading-level-5'><a class=\"ez-toc-link ez-toc-heading-11\" href=\"https:\/\/frank-lovisolo.fr\/WordPress\/33-projets-de-land-art\/#richard-long\" >Richard Long<\/a><\/li><li class='ez-toc-page-1 ez-toc-heading-level-5'><a class=\"ez-toc-link ez-toc-heading-12\" href=\"https:\/\/frank-lovisolo.fr\/WordPress\/33-projets-de-land-art\/#james-turrell\" >James Turrell<\/a><\/li><li class='ez-toc-page-1 ez-toc-heading-level-5'><a class=\"ez-toc-link ez-toc-heading-13\" href=\"https:\/\/frank-lovisolo.fr\/WordPress\/33-projets-de-land-art\/#robert-smithson\" >Robert Smithson<\/a><\/li><\/ul><\/li><\/ul><\/li><li class='ez-toc-page-1 ez-toc-heading-level-3'><a class=\"ez-toc-link ez-toc-heading-14\" href=\"https:\/\/frank-lovisolo.fr\/WordPress\/33-projets-de-land-art\/#des-artistes\" >Des artistes<\/a><\/li><\/ul><\/li><\/ul><\/li><\/ul><\/nav><\/div>\n","protected":false},"excerpt":{"rendered":"<p><span class=\"span-reading-time rt-reading-time\" style=\"display: block;\"><span class=\"rt-label rt-prefix\">Reading Time: <\/span> <span class=\"rt-time\"> 10<\/span> <span class=\"rt-label rt-postfix\">minutes<\/span><\/span>\u2026 <a class=\"continue-reading-link\" href=\"https:\/\/frank-lovisolo.fr\/WordPress\/33-projets-de-land-art\/\">Suite &#8211; Continue reading<\/a><\/p>\n","protected":false},"author":1,"featured_media":49872,"comment_status":"open","ping_status":"closed","sticky":false,"template":"","format":"standard","meta":{"footnotes":""},"categories":[2084,1],"tags":[566,4046,895,2911,4044,180,4043,4045,305],"class_list":["post-49819","post","type-post","status-publish","format-standard","has-post-thumbnail","hentry","category-art-libertaire","category-tous-les-articles","tag-art-contemporain-2","tag-chateau-la-coste","tag-christo-et-jeanne-claude","tag-fractales","tag-james-turrell","tag-land-art","tag-richard-long","tag-robert-smithson","tag-walter-de-maria"],"_links":{"self":[{"href":"https:\/\/frank-lovisolo.fr\/WordPress\/wp-json\/wp\/v2\/posts\/49819","targetHints":{"allow":["GET"]}}],"collection":[{"href":"https:\/\/frank-lovisolo.fr\/WordPress\/wp-json\/wp\/v2\/posts"}],"about":[{"href":"https:\/\/frank-lovisolo.fr\/WordPress\/wp-json\/wp\/v2\/types\/post"}],"author":[{"embeddable":true,"href":"https:\/\/frank-lovisolo.fr\/WordPress\/wp-json\/wp\/v2\/users\/1"}],"replies":[{"embeddable":true,"href":"https:\/\/frank-lovisolo.fr\/WordPress\/wp-json\/wp\/v2\/comments?post=49819"}],"version-history":[{"count":2,"href":"https:\/\/frank-lovisolo.fr\/WordPress\/wp-json\/wp\/v2\/posts\/49819\/revisions"}],"predecessor-version":[{"id":52674,"href":"https:\/\/frank-lovisolo.fr\/WordPress\/wp-json\/wp\/v2\/posts\/49819\/revisions\/52674"}],"wp:featuredmedia":[{"embeddable":true,"href":"https:\/\/frank-lovisolo.fr\/WordPress\/wp-json\/wp\/v2\/media\/49872"}],"wp:attachment":[{"href":"https:\/\/frank-lovisolo.fr\/WordPress\/wp-json\/wp\/v2\/media?parent=49819"}],"wp:term":[{"taxonomy":"category","embeddable":true,"href":"https:\/\/frank-lovisolo.fr\/WordPress\/wp-json\/wp\/v2\/categories?post=49819"},{"taxonomy":"post_tag","embeddable":true,"href":"https:\/\/frank-lovisolo.fr\/WordPress\/wp-json\/wp\/v2\/tags?post=49819"}],"curies":[{"name":"wp","href":"https:\/\/api.w.org\/{rel}","templated":true}]}}