{"id":46693,"date":"2024-04-21T19:34:34","date_gmt":"2024-04-21T17:34:34","guid":{"rendered":"https:\/\/frank-lovisolo.fr\/WordPress\/?p=46693"},"modified":"2026-08-30T08:06:43","modified_gmt":"2026-08-30T06:06:43","slug":"urbexperience-friches-industrielles","status":"publish","type":"post","link":"https:\/\/frank-lovisolo.fr\/WordPress\/urbexperience-friches-industrielles\/","title":{"rendered":"Urbexp\u00e9rience en friches industrielles d\u00e9vast\u00e9es."},"content":{"rendered":"<span class=\"span-reading-time rt-reading-time\" style=\"display: block;\"><span class=\"rt-label rt-prefix\">Reading Time: <\/span> <span class=\"rt-time\"> 10<\/span> <span class=\"rt-label rt-postfix\">minutes<\/span><\/span><p style=\"text-align: center;\"><span style=\"font-size: 15px;\">Urbexp\u00e9rience en friches industrielles imaginaires \u2013 Urbex \u2013 intelligence artificielle pour l\u2019image<\/span><\/p>\n<table style=\"border-collapse: collapse; width: 100%;\">\n<tbody>\n<tr>\n<td style=\"width: 33.3333%;\"><strong style=\"font-size: 14px;\">Suggestion d\u2019\u00e9coute :<\/strong><br \/>\n<a href=\"https:\/\/frank-lovisolo.fr\/WordPress\/the-underneath-musique-bruitiste\/\"><strong style=\"font-size: 16px;\">The Underneath<\/strong><\/a><\/td>\n<td style=\"width: 33.3333%;\"><a href=\"https:\/\/frankcesarlovisolo.bandcamp.com\/track\/the-underneath\" target=\"_blank\" rel=\"noopener noreferrer\"><img loading=\"lazy\" decoding=\"async\" class=\"aligncenter wp-image-51127\" src=\"https:\/\/frank-lovisolo.fr\/WordPress\/wp-content\/uploads\/2022\/11\/bandcamp-logotype-color-400-Frank.png\" alt=\"\u00c9couter The Underneath sur Bandcamp\" width=\"303\" height=\"25\" title=\"-\" srcset=\"https:\/\/frank-lovisolo.fr\/WordPress\/wp-content\/uploads\/2022\/11\/bandcamp-logotype-color-400-Frank.png 400w, https:\/\/frank-lovisolo.fr\/WordPress\/wp-content\/uploads\/2022\/11\/bandcamp-logotype-color-400-Frank-250x21.png 250w, https:\/\/frank-lovisolo.fr\/WordPress\/wp-content\/uploads\/2022\/11\/bandcamp-logotype-color-400-Frank-150x12.png 150w\" sizes=\"auto, (max-width: 303px) 100vw, 303px\" \/><\/a><\/td>\n<td style=\"width: 33.3333%;\"><a href=\"#com\"><img loading=\"lazy\" decoding=\"async\" class=\"wp-image-15068 size-full alignright\" src=\"https:\/\/frank-lovisolo.fr\/WordPress\/wp-content\/uploads\/2015\/06\/ComOrange.jpg\" alt=\"Aller aux commentaires\" width=\"250\" height=\"20\" title=\"-\"><\/a><\/td>\n<\/tr>\n<\/tbody>\n<\/table>\n<div style=\"display: flex; flex-wrap: wrap; align-items: center; justify-content: center; gap: 12px 20px; width: 100%; margin: 8px 0 16px; text-align: center;\"><\/div>\n<p style=\"text-align: center;\"><span style=\"font-size: 18px;\">R\u00e9\u00e9criture de l&rsquo;article le 30 ao\u00fbt 2026 ( Bibliographie et mise en page ) : <a href=\"#GP01\"><strong>Giuseppina Pavese<\/strong><\/a><\/span><\/p>\n<p><img loading=\"lazy\" decoding=\"async\" class=\"aligncenter wp-image-43385\" src=\"https:\/\/frank-lovisolo.fr\/WordPress\/wp-content\/uploads\/2022\/11\/symbole-de-saut-d-espace-separateur--460x64.png\" alt=\"\" width=\"180\" height=\"25\" title=\"-\" srcset=\"https:\/\/frank-lovisolo.fr\/WordPress\/wp-content\/uploads\/2022\/11\/symbole-de-saut-d-espace-separateur--460x64.png 460w, https:\/\/frank-lovisolo.fr\/WordPress\/wp-content\/uploads\/2022\/11\/symbole-de-saut-d-espace-separateur--1024x142.png 1024w, https:\/\/frank-lovisolo.fr\/WordPress\/wp-content\/uploads\/2022\/11\/symbole-de-saut-d-espace-separateur--768x107.png 768w, https:\/\/frank-lovisolo.fr\/WordPress\/wp-content\/uploads\/2022\/11\/symbole-de-saut-d-espace-separateur--250x35.png 250w, https:\/\/frank-lovisolo.fr\/WordPress\/wp-content\/uploads\/2022\/11\/symbole-de-saut-d-espace-separateur--150x21.png 150w, https:\/\/frank-lovisolo.fr\/WordPress\/wp-content\/uploads\/2022\/11\/symbole-de-saut-d-espace-separateur-.png 1440w\" sizes=\"auto, (max-width: 180px) 100vw, 180px\" \/><\/p>\n<h2 id=\"RT01\" style=\"text-align: center;\"><span class=\"ez-toc-section\" id=\"urbexperience-en-friches-industrielles-devastees-%e2%80%93-urbex\"><\/span>Urbexp\u00e9rience en friches industrielles d\u00e9vast\u00e9es \u2013 Urbex<span class=\"ez-toc-section-end\"><\/span><\/h2>\n<p style=\"text-align: center;\"><strong style=\"font-size: 17px;\">Lorsqu\u2019il s\u2019agit de guerroyer et, cons\u00e9quemment, d\u00e9vaster, l\u2019humain ne manque jamais d\u2019imagination.<br \/>\nEt, c\u2019est \u00e9tonnant, pour ce faire, il y a du syst\u00e9matiquement pognon, comme s\u2019il en pleuvait\u2009!<br \/>\nQQOQCCP\u2009?<\/strong><\/p>\n<p style=\"text-align: center; margin: 1em 0;\"><img loading=\"lazy\" decoding=\"async\" class=\"aligncenter wp-image-43385\" src=\"https:\/\/frank-lovisolo.fr\/WordPress\/wp-content\/uploads\/2022\/11\/symbole-de-saut-d-espace-separateur--460x64.png\" alt=\"\" width=\"180\" height=\"25\" title=\"-\" srcset=\"https:\/\/frank-lovisolo.fr\/WordPress\/wp-content\/uploads\/2022\/11\/symbole-de-saut-d-espace-separateur--460x64.png 460w, https:\/\/frank-lovisolo.fr\/WordPress\/wp-content\/uploads\/2022\/11\/symbole-de-saut-d-espace-separateur--1024x142.png 1024w, https:\/\/frank-lovisolo.fr\/WordPress\/wp-content\/uploads\/2022\/11\/symbole-de-saut-d-espace-separateur--768x107.png 768w, https:\/\/frank-lovisolo.fr\/WordPress\/wp-content\/uploads\/2022\/11\/symbole-de-saut-d-espace-separateur--250x35.png 250w, https:\/\/frank-lovisolo.fr\/WordPress\/wp-content\/uploads\/2022\/11\/symbole-de-saut-d-espace-separateur--150x21.png 150w, https:\/\/frank-lovisolo.fr\/WordPress\/wp-content\/uploads\/2022\/11\/symbole-de-saut-d-espace-separateur-.png 1440w\" sizes=\"auto, (max-width: 180px) 100vw, 180px\" \/><\/p>\n<h2 style=\"text-align: center; font-size: 20px;\"><span class=\"ez-toc-section\" id=\"une-serie-sombre-pour-une-epoque-a-lissue-incertaine\"><\/span>Une s\u00e9rie sombre pour une \u00e9poque \u00e0 l\u2019issue incertaine.<span class=\"ez-toc-section-end\"><\/span><\/h2>\n<p style=\"text-align: center;\"><strong style=\"font-size: 17px;\">Une suite d\u2019images num\u00e9riques qui rappellera, aux aficionados de la discipline, l\u2019esth\u00e9tique de certains jeux vid\u00e9o.<br \/>\nDe vraies photos malmen\u00e9es par plusieurs algorithmes<a href=\"#IA01\">*<\/a> pilot\u00e9s par m\u00e9zigue, \u00e0 l\u2019instar des deux s\u00e9ries pr\u00e9c\u00e9dentes :<br \/>\n<a href=\"https:\/\/frank-lovisolo.fr\/WordPress\/les-enfants-alphas-revent\/\" target=\"_blank\" rel=\"noopener noreferrer\">Chut\u2009! V\u00eatus de gris, les enfants Alphas r\u00eavent.<\/a><br \/>\n<a href=\"https:\/\/frank-lovisolo.fr\/WordPress\/incursion-onirique-dystopie\/\" target=\"_blank\" rel=\"noopener noreferrer\">Incursion Onirique en Dystopie Architecturale.<\/a><\/strong><\/p>\n<p style=\"text-align: center;\">\u2013<\/p>\n<p style=\"text-align: center;\"><div class=\"flagallerywraper\" style=\"text-align:center;\"><div class=\"flagallery flaslider_skin\" id=\"FlaGallery_sc1_339\" style=\"width:1024px;margin:0 auto;\"><script type=\"text\/javascript\">(function(){this['FlaGallery_sc1_339']={'settings':{\"sliderHeightRetio\":\"0.8\",\"sliderPreloaderColor\":\"#ffffff\",\"sliderBgColor\":\"rgb(255, 255, 255)\",\"sliderHeaderFooterBgColor\":\"rgb(255, 255, 255)\",\"sliderNavigationColor\":\"rgba(82, 82, 82, 0.81)\",\"sliderNavigationIconColor\":\"rgb(255, 255, 255)\",\"sliderItemDescriptionBlock\":\"0\",\"sliderItemTitleFontSize\":\"14\",\"sliderItemTitleTextColor\":\"#515151\",\"sliderItemDescriptionFontSize\":\"14\",\"sliderItemDescriptionTextColor\":\"#545454\",\"sliderThumbBarEnable\":\"1\",\"sliderThumbBarHoverColor\":\"#ffffff\",\"sliderThumbSubMenuBackgroundColor\":\"rgb(255, 255, 255)\",\"sliderThumbSubMenuBackgroundColorOver\":\"rgba(255,255,255,1)\",\"sliderThumbSubMenuIconColor\":\"rgb(0, 0, 0)\",\"sliderThumbSubMenuIconHoverColor\":\"rgba(0,0,0,1)\",\"sliderPlayButton\":\"1\",\"sliderZoomButton\":\"1\",\"sliderFullScreen\":\"1\",\"sliderInfoEnable\":\"1\",\"sliderItemDownload\":\"0\",\"sliderSocialShareEnabled\":\"0\",\"sliderLikesEnabled\":\"0\",\"sliderSlideshowEneble\":\"1\",\"slideshowDelay\":\"8\",\"slideshowProgressBarColor\":\"rgb(0, 0, 0)\",\"slideshowProgressBarBGColor\":\"rgb(137, 176, 255)\",\"modaBgColor\":\"rgba(0,0,0,0.9)\",\"modalInfoBoxBgColor\":\"rgb(255, 255, 255)\",\"modalInfoBoxTitleTextColor\":\"#000000\",\"shareTitlePlaceHolder\":\"Share\",\"modalInfoBoxTextColor\":\"#333333\",\"infoBarExifEnable\":\"0\",\"infoBarCountersEnable\":\"0\",\"infoBarDateInfoEnable\":\"0\",\"customCSS\":\"\",\"key\":\"2b91304c71a96bd3dd001bdb3bf4a76f\",\"name\":\"GRANDPackPlus\",\"galleryID\":\"sc1_339\",\"post_url\":\"https:\\\/\\\/frank-lovisolo.fr\\\/WordPress\\\/wp-json\\\/wp\\\/v2\\\/posts\\\/46693\",\"module_url\":\"https:\\\/\\\/frank-lovisolo.fr\\\/WordPress\\\/wp-content\\\/plugins\\\/flagallery-skins\\\/flaslider\\\/\"}, 'data':[{\"gallery\":{\"gid\":\"339\",\"name\":\"urbexperience\",\"path\":\"https:\\\/\\\/frank-lovisolo.fr\\\/WordPress\\\/wp-content\\\/flagallery\\\/urbexperience\",\"title\":\"Urbexp\\u00e9rience\",\"galdesc\":\"\"},\"data\":[{\"pid\":\"28669\",\"filename\":\"urbexperience-002.jpg\",\"description\":\"\",\"alttext\":\"Urbexp\\u00e9rience en friches industrielles d\\u00e9vast\\u00e9es.\",\"link\":null,\"imagedate\":\"2024-04-23 05:50:35\",\"hitcounter\":\"319\",\"total_value\":\"0\",\"total_votes\":\"0\",\"meta_data\":{\"aperture\":false,\"credit\":false,\"camera\":false,\"caption\":false,\"created_timestamp\":false,\"copyright\":false,\"focal_length\":false,\"iso\":false,\"shutter_speed\":false,\"flash\":false,\"title\":\"Urbexp\\u00e9rience en friches industrielles d\\u00e9vast\\u00e9es.\",\"keywords\":false,\"width\":1440,\"height\":1018,\"saved\":true,\"thumbnail\":{\"width\":300,\"height\":212},\"webview\":{\"0\":1440,\"1\":1018,\"2\":2,\"3\":\"width=\\\"1440\\\" height=\\\"1018\\\"\",\"bits\":8,\"channels\":3,\"mime\":\"image\\\/jpeg\"}}},{\"pid\":\"28670\",\"filename\":\"urbexperience-003.jpg\",\"description\":\"\",\"alttext\":\"Urbexp\\u00e9rience en friches industrielles d\\u00e9vast\\u00e9es.\",\"link\":null,\"imagedate\":\"2024-04-23 05:50:37\",\"hitcounter\":\"166\",\"total_value\":\"0\",\"total_votes\":\"0\",\"meta_data\":{\"aperture\":false,\"credit\":false,\"camera\":false,\"caption\":false,\"created_timestamp\":false,\"copyright\":false,\"focal_length\":false,\"iso\":false,\"shutter_speed\":false,\"flash\":false,\"title\":\"Urbexp\\u00e9rience en friches industrielles d\\u00e9vast\\u00e9es.\",\"keywords\":false,\"width\":1440,\"height\":1018,\"saved\":true,\"thumbnail\":{\"width\":300,\"height\":212},\"webview\":{\"0\":1440,\"1\":1018,\"2\":2,\"3\":\"width=\\\"1440\\\" height=\\\"1018\\\"\",\"bits\":8,\"channels\":3,\"mime\":\"image\\\/jpeg\"}}},{\"pid\":\"28671\",\"filename\":\"urbexperience-004.jpg\",\"description\":\"\",\"alttext\":\"Urbexp\\u00e9rience en friches industrielles d\\u00e9vast\\u00e9es.\",\"link\":null,\"imagedate\":\"2024-04-23 05:50:39\",\"hitcounter\":\"129\",\"total_value\":\"0\",\"total_votes\":\"0\",\"meta_data\":{\"aperture\":false,\"credit\":false,\"camera\":false,\"caption\":false,\"created_timestamp\":false,\"copyright\":false,\"focal_length\":false,\"iso\":false,\"shutter_speed\":false,\"flash\":false,\"title\":\"Urbexp\\u00e9rience en friches industrielles d\\u00e9vast\\u00e9es.\",\"keywords\":false,\"width\":1440,\"height\":1018,\"saved\":true,\"thumbnail\":{\"width\":300,\"height\":212},\"webview\":{\"0\":1440,\"1\":1018,\"2\":2,\"3\":\"width=\\\"1440\\\" height=\\\"1018\\\"\",\"bits\":8,\"channels\":3,\"mime\":\"image\\\/jpeg\"}}},{\"pid\":\"28672\",\"filename\":\"urbexperience-005.jpg\",\"description\":\"\",\"alttext\":\"Urbexp\\u00e9rience en friches industrielles d\\u00e9vast\\u00e9es.\",\"link\":null,\"imagedate\":\"2024-04-23 05:50:40\",\"hitcounter\":\"107\",\"total_value\":\"0\",\"total_votes\":\"0\",\"meta_data\":{\"aperture\":false,\"credit\":false,\"camera\":false,\"caption\":false,\"created_timestamp\":false,\"copyright\":false,\"focal_length\":false,\"iso\":false,\"shutter_speed\":false,\"flash\":false,\"title\":\"Urbexp\\u00e9rience en friches industrielles d\\u00e9vast\\u00e9es.\",\"keywords\":false,\"width\":1440,\"height\":1018,\"saved\":true,\"thumbnail\":{\"width\":300,\"height\":212},\"webview\":{\"0\":1440,\"1\":1018,\"2\":2,\"3\":\"width=\\\"1440\\\" height=\\\"1018\\\"\",\"bits\":8,\"channels\":3,\"mime\":\"image\\\/jpeg\"}}},{\"pid\":\"28673\",\"filename\":\"urbexperience-006.jpg\",\"description\":\"\",\"alttext\":\"Urbexp\\u00e9rience en friches industrielles d\\u00e9vast\\u00e9es.\",\"link\":null,\"imagedate\":\"2024-04-23 05:50:43\",\"hitcounter\":\"83\",\"total_value\":\"0\",\"total_votes\":\"0\",\"meta_data\":{\"aperture\":false,\"credit\":false,\"camera\":false,\"caption\":false,\"created_timestamp\":false,\"copyright\":false,\"focal_length\":false,\"iso\":false,\"shutter_speed\":false,\"flash\":false,\"title\":\"Urbexp\\u00e9rience en friches industrielles d\\u00e9vast\\u00e9es.\",\"keywords\":false,\"width\":1440,\"height\":1018,\"saved\":true,\"thumbnail\":{\"width\":300,\"height\":212},\"webview\":{\"0\":1440,\"1\":1018,\"2\":2,\"3\":\"width=\\\"1440\\\" height=\\\"1018\\\"\",\"bits\":8,\"channels\":3,\"mime\":\"image\\\/jpeg\"}}},{\"pid\":\"28674\",\"filename\":\"urbexperience-007.jpg\",\"description\":\"\",\"alttext\":\"Urbexp\\u00e9rience en friches industrielles d\\u00e9vast\\u00e9es.\",\"link\":null,\"imagedate\":\"2024-04-23 05:50:45\",\"hitcounter\":\"77\",\"total_value\":\"0\",\"total_votes\":\"0\",\"meta_data\":{\"aperture\":false,\"credit\":false,\"camera\":false,\"caption\":false,\"created_timestamp\":false,\"copyright\":false,\"focal_length\":false,\"iso\":false,\"shutter_speed\":false,\"flash\":false,\"title\":\"Urbexp\\u00e9rience en friches industrielles d\\u00e9vast\\u00e9es.\",\"keywords\":false,\"width\":1440,\"height\":1018,\"saved\":true,\"thumbnail\":{\"width\":300,\"height\":212},\"webview\":{\"0\":1440,\"1\":1018,\"2\":2,\"3\":\"width=\\\"1440\\\" height=\\\"1018\\\"\",\"bits\":8,\"channels\":3,\"mime\":\"image\\\/jpeg\"}}},{\"pid\":\"28675\",\"filename\":\"urbexperience-008.jpg\",\"description\":\"\",\"alttext\":\"Urbexp\\u00e9rience en friches industrielles d\\u00e9vast\\u00e9es.\",\"link\":null,\"imagedate\":\"2024-04-23 05:50:47\",\"hitcounter\":\"74\",\"total_value\":\"0\",\"total_votes\":\"0\",\"meta_data\":{\"aperture\":false,\"credit\":false,\"camera\":false,\"caption\":false,\"created_timestamp\":false,\"copyright\":false,\"focal_length\":false,\"iso\":false,\"shutter_speed\":false,\"flash\":false,\"title\":\"Urbexp\\u00e9rience en friches industrielles d\\u00e9vast\\u00e9es.\",\"keywords\":false,\"width\":1440,\"height\":1018,\"saved\":true,\"thumbnail\":{\"width\":300,\"height\":212},\"webview\":{\"0\":1440,\"1\":1018,\"2\":2,\"3\":\"width=\\\"1440\\\" height=\\\"1018\\\"\",\"bits\":8,\"channels\":3,\"mime\":\"image\\\/jpeg\"}}},{\"pid\":\"28676\",\"filename\":\"urbexperience-009.jpg\",\"description\":\"\",\"alttext\":\"Urbexp\\u00e9rience en friches industrielles d\\u00e9vast\\u00e9es.\",\"link\":null,\"imagedate\":\"2024-04-23 05:50:49\",\"hitcounter\":\"73\",\"total_value\":\"0\",\"total_votes\":\"0\",\"meta_data\":{\"aperture\":false,\"credit\":false,\"camera\":false,\"caption\":false,\"created_timestamp\":false,\"copyright\":false,\"focal_length\":false,\"iso\":false,\"shutter_speed\":false,\"flash\":false,\"title\":\"Urbexp\\u00e9rience en friches industrielles d\\u00e9vast\\u00e9es.\",\"keywords\":false,\"width\":1440,\"height\":1018,\"saved\":true,\"thumbnail\":{\"width\":300,\"height\":212},\"webview\":{\"0\":1440,\"1\":1018,\"2\":2,\"3\":\"width=\\\"1440\\\" height=\\\"1018\\\"\",\"bits\":8,\"channels\":3,\"mime\":\"image\\\/jpeg\"}}},{\"pid\":\"28677\",\"filename\":\"urbexperience-010.jpg\",\"description\":\"\",\"alttext\":\"Urbexp\\u00e9rience en friches industrielles d\\u00e9vast\\u00e9es.\",\"link\":null,\"imagedate\":\"2024-04-23 05:50:51\",\"hitcounter\":\"68\",\"total_value\":\"0\",\"total_votes\":\"0\",\"meta_data\":{\"aperture\":false,\"credit\":false,\"camera\":false,\"caption\":false,\"created_timestamp\":false,\"copyright\":false,\"focal_length\":false,\"iso\":false,\"shutter_speed\":false,\"flash\":false,\"title\":\"Urbexp\\u00e9rience en friches industrielles d\\u00e9vast\\u00e9es.\",\"keywords\":false,\"width\":1440,\"height\":1018,\"saved\":true,\"thumbnail\":{\"width\":300,\"height\":212},\"webview\":{\"0\":1440,\"1\":1018,\"2\":2,\"3\":\"width=\\\"1440\\\" height=\\\"1018\\\"\",\"bits\":8,\"channels\":3,\"mime\":\"image\\\/jpeg\"}}},{\"pid\":\"28678\",\"filename\":\"urbexperience-011.jpg\",\"description\":\"\",\"alttext\":\"Urbexp\\u00e9rience en friches industrielles d\\u00e9vast\\u00e9es.\",\"link\":null,\"imagedate\":\"2024-04-23 05:50:52\",\"hitcounter\":\"63\",\"total_value\":\"0\",\"total_votes\":\"0\",\"meta_data\":{\"aperture\":false,\"credit\":false,\"camera\":false,\"caption\":false,\"created_timestamp\":false,\"copyright\":false,\"focal_length\":false,\"iso\":false,\"shutter_speed\":false,\"flash\":false,\"title\":\"Urbexp\\u00e9rience en friches industrielles d\\u00e9vast\\u00e9es.\",\"keywords\":false,\"width\":1440,\"height\":1018,\"saved\":true,\"thumbnail\":{\"width\":300,\"height\":212},\"webview\":{\"0\":1440,\"1\":1018,\"2\":2,\"3\":\"width=\\\"1440\\\" height=\\\"1018\\\"\",\"bits\":8,\"channels\":3,\"mime\":\"image\\\/jpeg\"}}},{\"pid\":\"28679\",\"filename\":\"urbexperience-012.jpg\",\"description\":\"\",\"alttext\":\"Urbexp\\u00e9rience en friches industrielles d\\u00e9vast\\u00e9es.\",\"link\":null,\"imagedate\":\"2024-04-23 05:50:54\",\"hitcounter\":\"67\",\"total_value\":\"0\",\"total_votes\":\"0\",\"meta_data\":{\"aperture\":false,\"credit\":false,\"camera\":false,\"caption\":false,\"created_timestamp\":false,\"copyright\":false,\"focal_length\":false,\"iso\":false,\"shutter_speed\":false,\"flash\":false,\"title\":\"Urbexp\\u00e9rience en friches industrielles d\\u00e9vast\\u00e9es.\",\"keywords\":false,\"width\":1440,\"height\":1018,\"saved\":true,\"thumbnail\":{\"width\":300,\"height\":212},\"webview\":{\"0\":1440,\"1\":1018,\"2\":2,\"3\":\"width=\\\"1440\\\" height=\\\"1018\\\"\",\"bits\":8,\"channels\":3,\"mime\":\"image\\\/jpeg\"}}},{\"pid\":\"28680\",\"filename\":\"urbexperience-013.jpg\",\"description\":\"\",\"alttext\":\"Urbexp\\u00e9rience en friches industrielles d\\u00e9vast\\u00e9es.\",\"link\":null,\"imagedate\":\"2024-04-23 05:50:55\",\"hitcounter\":\"57\",\"total_value\":\"0\",\"total_votes\":\"0\",\"meta_data\":{\"aperture\":false,\"credit\":false,\"camera\":false,\"caption\":false,\"created_timestamp\":false,\"copyright\":false,\"focal_length\":false,\"iso\":false,\"shutter_speed\":false,\"flash\":false,\"title\":\"Urbexp\\u00e9rience en friches industrielles d\\u00e9vast\\u00e9es.\",\"keywords\":false,\"width\":1440,\"height\":1018,\"saved\":true,\"thumbnail\":{\"width\":300,\"height\":212},\"webview\":{\"0\":1440,\"1\":1018,\"2\":2,\"3\":\"width=\\\"1440\\\" height=\\\"1018\\\"\",\"bits\":8,\"channels\":3,\"mime\":\"image\\\/jpeg\"}}},{\"pid\":\"28681\",\"filename\":\"urbexperience-014.jpg\",\"description\":\"\",\"alttext\":\"Urbexp\\u00e9rience en friches industrielles d\\u00e9vast\\u00e9es.\",\"link\":null,\"imagedate\":\"2024-04-23 05:50:59\",\"hitcounter\":\"56\",\"total_value\":\"0\",\"total_votes\":\"0\",\"meta_data\":{\"aperture\":false,\"credit\":false,\"camera\":false,\"caption\":false,\"created_timestamp\":false,\"copyright\":false,\"focal_length\":false,\"iso\":false,\"shutter_speed\":false,\"flash\":false,\"title\":\"Urbexp\\u00e9rience en friches industrielles d\\u00e9vast\\u00e9es.\",\"keywords\":false,\"width\":1440,\"height\":1018,\"saved\":true,\"thumbnail\":{\"width\":300,\"height\":212},\"webview\":{\"0\":1440,\"1\":1018,\"2\":2,\"3\":\"width=\\\"1440\\\" height=\\\"1018\\\"\",\"bits\":8,\"channels\":3,\"mime\":\"image\\\/jpeg\"}}},{\"pid\":\"28682\",\"filename\":\"urbexperience-015.jpg\",\"description\":\"\",\"alttext\":\"Urbexp\\u00e9rience en friches industrielles d\\u00e9vast\\u00e9es.\",\"link\":null,\"imagedate\":\"2024-04-23 05:51:01\",\"hitcounter\":\"52\",\"total_value\":\"0\",\"total_votes\":\"0\",\"meta_data\":{\"aperture\":false,\"credit\":false,\"camera\":false,\"caption\":false,\"created_timestamp\":false,\"copyright\":false,\"focal_length\":false,\"iso\":false,\"shutter_speed\":false,\"flash\":false,\"title\":\"Urbexp\\u00e9rience en friches industrielles d\\u00e9vast\\u00e9es.\",\"keywords\":false,\"width\":1440,\"height\":1018,\"saved\":true,\"thumbnail\":{\"width\":300,\"height\":212},\"webview\":{\"0\":1440,\"1\":1018,\"2\":2,\"3\":\"width=\\\"1440\\\" height=\\\"1018\\\"\",\"bits\":8,\"channels\":3,\"mime\":\"image\\\/jpeg\"}}},{\"pid\":\"28683\",\"filename\":\"urbexperience-016.jpg\",\"description\":\"\",\"alttext\":\"Urbexp\\u00e9rience en friches industrielles d\\u00e9vast\\u00e9es.\",\"link\":null,\"imagedate\":\"2024-04-23 05:51:02\",\"hitcounter\":\"53\",\"total_value\":\"0\",\"total_votes\":\"0\",\"meta_data\":{\"aperture\":false,\"credit\":false,\"camera\":false,\"caption\":false,\"created_timestamp\":false,\"copyright\":false,\"focal_length\":false,\"iso\":false,\"shutter_speed\":false,\"flash\":false,\"title\":\"Urbexp\\u00e9rience en friches industrielles d\\u00e9vast\\u00e9es.\",\"keywords\":false,\"width\":1440,\"height\":1018,\"saved\":true,\"thumbnail\":{\"width\":300,\"height\":212},\"webview\":{\"0\":1440,\"1\":1018,\"2\":2,\"3\":\"width=\\\"1440\\\" height=\\\"1018\\\"\",\"bits\":8,\"channels\":3,\"mime\":\"image\\\/jpeg\"}}},{\"pid\":\"28684\",\"filename\":\"urbexperience-017.jpg\",\"description\":\"\",\"alttext\":\"Urbexp\\u00e9rience en friches industrielles d\\u00e9vast\\u00e9es.\",\"link\":null,\"imagedate\":\"2024-04-23 05:51:04\",\"hitcounter\":\"42\",\"total_value\":\"0\",\"total_votes\":\"0\",\"meta_data\":{\"aperture\":false,\"credit\":false,\"camera\":false,\"caption\":false,\"created_timestamp\":false,\"copyright\":false,\"focal_length\":false,\"iso\":false,\"shutter_speed\":false,\"flash\":false,\"title\":\"Urbexp\\u00e9rience en friches industrielles d\\u00e9vast\\u00e9es.\",\"keywords\":false,\"width\":1440,\"height\":1018,\"saved\":true,\"thumbnail\":{\"width\":300,\"height\":212},\"webview\":{\"0\":1440,\"1\":1018,\"2\":2,\"3\":\"width=\\\"1440\\\" height=\\\"1018\\\"\",\"bits\":8,\"channels\":3,\"mime\":\"image\\\/jpeg\"}}},{\"pid\":\"28685\",\"filename\":\"urbexperience-018.jpg\",\"description\":\"\",\"alttext\":\"Urbexp\\u00e9rience en friches industrielles d\\u00e9vast\\u00e9es.\",\"link\":null,\"imagedate\":\"2024-04-23 05:51:06\",\"hitcounter\":\"39\",\"total_value\":\"0\",\"total_votes\":\"0\",\"meta_data\":{\"aperture\":false,\"credit\":false,\"camera\":false,\"caption\":false,\"created_timestamp\":false,\"copyright\":false,\"focal_length\":false,\"iso\":false,\"shutter_speed\":false,\"flash\":false,\"title\":\"Urbexp\\u00e9rience en friches industrielles d\\u00e9vast\\u00e9es.\",\"keywords\":false,\"width\":1440,\"height\":1018,\"saved\":true,\"thumbnail\":{\"width\":300,\"height\":212},\"webview\":{\"0\":1440,\"1\":1018,\"2\":2,\"3\":\"width=\\\"1440\\\" height=\\\"1018\\\"\",\"bits\":8,\"channels\":3,\"mime\":\"image\\\/jpeg\"}}},{\"pid\":\"28686\",\"filename\":\"urbexperience-019-modifier.jpg\",\"description\":\"\",\"alttext\":\"Urbexp\\u00e9rience en friches industrielles d\\u00e9vast\\u00e9es.\",\"link\":null,\"imagedate\":\"2024-04-19 15:29:22\",\"hitcounter\":\"38\",\"total_value\":\"0\",\"total_votes\":\"0\",\"meta_data\":{\"aperture\":false,\"credit\":false,\"camera\":false,\"caption\":false,\"created_timestamp\":\"19 avril 2024 15 h 29 min\",\"copyright\":false,\"focal_length\":false,\"iso\":false,\"shutter_speed\":false,\"flash\":false,\"title\":\"Urbexp\\u00e9rience en friches industrielles d\\u00e9vast\\u00e9es.\",\"keywords\":false,\"width\":1440,\"height\":1018,\"saved\":true,\"thumbnail\":{\"width\":300,\"height\":212},\"webview\":{\"0\":1440,\"1\":1018,\"2\":2,\"3\":\"width=\\\"1440\\\" height=\\\"1018\\\"\",\"bits\":8,\"channels\":3,\"mime\":\"image\\\/jpeg\"}}},{\"pid\":\"28687\",\"filename\":\"urbexperience-020.jpg\",\"description\":\"\",\"alttext\":\"Urbexp\\u00e9rience en friches industrielles d\\u00e9vast\\u00e9es.\",\"link\":null,\"imagedate\":\"2024-04-23 05:51:11\",\"hitcounter\":\"34\",\"total_value\":\"0\",\"total_votes\":\"0\",\"meta_data\":{\"aperture\":false,\"credit\":false,\"camera\":false,\"caption\":false,\"created_timestamp\":false,\"copyright\":false,\"focal_length\":false,\"iso\":false,\"shutter_speed\":false,\"flash\":false,\"title\":\"Urbexp\\u00e9rience en friches industrielles d\\u00e9vast\\u00e9es.\",\"keywords\":false,\"width\":1440,\"height\":1018,\"saved\":true,\"thumbnail\":{\"width\":300,\"height\":212},\"webview\":{\"0\":1440,\"1\":1018,\"2\":2,\"3\":\"width=\\\"1440\\\" height=\\\"1018\\\"\",\"bits\":8,\"channels\":3,\"mime\":\"image\\\/jpeg\"}}},{\"pid\":\"28688\",\"filename\":\"urbexperience-022.jpg\",\"description\":\"\",\"alttext\":\"Urbexp\\u00e9rience en friches industrielles d\\u00e9vast\\u00e9es.\",\"link\":null,\"imagedate\":\"2024-04-23 05:51:13\",\"hitcounter\":\"34\",\"total_value\":\"0\",\"total_votes\":\"0\",\"meta_data\":{\"aperture\":false,\"credit\":false,\"camera\":false,\"caption\":false,\"created_timestamp\":false,\"copyright\":false,\"focal_length\":false,\"iso\":false,\"shutter_speed\":false,\"flash\":false,\"title\":\"Urbexp\\u00e9rience en friches industrielles d\\u00e9vast\\u00e9es.\",\"keywords\":false,\"width\":1440,\"height\":1018,\"saved\":true,\"thumbnail\":{\"width\":300,\"height\":212},\"webview\":{\"0\":1440,\"1\":1018,\"2\":2,\"3\":\"width=\\\"1440\\\" height=\\\"1018\\\"\",\"bits\":8,\"channels\":3,\"mime\":\"image\\\/jpeg\"}}},{\"pid\":\"28689\",\"filename\":\"urbexperience-023.jpg\",\"description\":\"\",\"alttext\":\"Urbexp\\u00e9rience en friches industrielles d\\u00e9vast\\u00e9es.\",\"link\":null,\"imagedate\":\"2024-04-23 05:51:17\",\"hitcounter\":\"33\",\"total_value\":\"0\",\"total_votes\":\"0\",\"meta_data\":{\"aperture\":false,\"credit\":false,\"camera\":false,\"caption\":false,\"created_timestamp\":false,\"copyright\":false,\"focal_length\":false,\"iso\":false,\"shutter_speed\":false,\"flash\":false,\"title\":\"Urbexp\\u00e9rience en friches industrielles d\\u00e9vast\\u00e9es.\",\"keywords\":false,\"width\":1440,\"height\":1018,\"saved\":true,\"thumbnail\":{\"width\":300,\"height\":212},\"webview\":{\"0\":1440,\"1\":1018,\"2\":2,\"3\":\"width=\\\"1440\\\" height=\\\"1018\\\"\",\"bits\":8,\"channels\":3,\"mime\":\"image\\\/jpeg\"}}},{\"pid\":\"28690\",\"filename\":\"urbexperience-024.jpg\",\"description\":\"\",\"alttext\":\"Urbexp\\u00e9rience en friches industrielles d\\u00e9vast\\u00e9es.\",\"link\":null,\"imagedate\":\"2024-04-23 05:51:19\",\"hitcounter\":\"33\",\"total_value\":\"0\",\"total_votes\":\"0\",\"meta_data\":{\"aperture\":false,\"credit\":false,\"camera\":false,\"caption\":false,\"created_timestamp\":false,\"copyright\":false,\"focal_length\":false,\"iso\":false,\"shutter_speed\":false,\"flash\":false,\"title\":\"Urbexp\\u00e9rience en friches industrielles d\\u00e9vast\\u00e9es.\",\"keywords\":false,\"width\":1440,\"height\":1018,\"saved\":true,\"thumbnail\":{\"width\":300,\"height\":212},\"webview\":{\"0\":1440,\"1\":1018,\"2\":2,\"3\":\"width=\\\"1440\\\" height=\\\"1018\\\"\",\"bits\":8,\"channels\":3,\"mime\":\"image\\\/jpeg\"}}},{\"pid\":\"28691\",\"filename\":\"urbexperience-026.jpg\",\"description\":\"\",\"alttext\":\"Urbexp\\u00e9rience en friches industrielles d\\u00e9vast\\u00e9es.\",\"link\":null,\"imagedate\":\"2024-04-23 05:51:21\",\"hitcounter\":\"30\",\"total_value\":\"0\",\"total_votes\":\"0\",\"meta_data\":{\"aperture\":false,\"credit\":false,\"camera\":false,\"caption\":false,\"created_timestamp\":false,\"copyright\":false,\"focal_length\":false,\"iso\":false,\"shutter_speed\":false,\"flash\":false,\"title\":\"Urbexp\\u00e9rience en friches industrielles d\\u00e9vast\\u00e9es.\",\"keywords\":false,\"width\":1440,\"height\":1018,\"saved\":true,\"thumbnail\":{\"width\":300,\"height\":212},\"webview\":{\"0\":1440,\"1\":1018,\"2\":2,\"3\":\"width=\\\"1440\\\" height=\\\"1018\\\"\",\"bits\":8,\"channels\":3,\"mime\":\"image\\\/jpeg\"}}},{\"pid\":\"28692\",\"filename\":\"urbexperience-027.jpg\",\"description\":\"\",\"alttext\":\"Urbexp\\u00e9rience en friches industrielles d\\u00e9vast\\u00e9es.\",\"link\":null,\"imagedate\":\"2024-04-23 05:51:25\",\"hitcounter\":\"29\",\"total_value\":\"0\",\"total_votes\":\"0\",\"meta_data\":{\"aperture\":false,\"credit\":false,\"camera\":false,\"caption\":false,\"created_timestamp\":false,\"copyright\":false,\"focal_length\":false,\"iso\":false,\"shutter_speed\":false,\"flash\":false,\"title\":\"Urbexp\\u00e9rience en friches industrielles d\\u00e9vast\\u00e9es.\",\"keywords\":false,\"width\":1440,\"height\":1018,\"saved\":true,\"thumbnail\":{\"width\":300,\"height\":212},\"webview\":{\"0\":1440,\"1\":1018,\"2\":2,\"3\":\"width=\\\"1440\\\" height=\\\"1018\\\"\",\"bits\":8,\"channels\":3,\"mime\":\"image\\\/jpeg\"}}},{\"pid\":\"28693\",\"filename\":\"urbexperience-028.jpg\",\"description\":\"\",\"alttext\":\"Urbexp\\u00e9rience en friches industrielles d\\u00e9vast\\u00e9es.\",\"link\":null,\"imagedate\":\"2024-04-23 05:51:28\",\"hitcounter\":\"28\",\"total_value\":\"0\",\"total_votes\":\"0\",\"meta_data\":{\"aperture\":false,\"credit\":false,\"camera\":false,\"caption\":false,\"created_timestamp\":false,\"copyright\":false,\"focal_length\":false,\"iso\":false,\"shutter_speed\":false,\"flash\":false,\"title\":\"Urbexp\\u00e9rience en friches industrielles d\\u00e9vast\\u00e9es.\",\"keywords\":false,\"width\":1440,\"height\":1018,\"saved\":true,\"thumbnail\":{\"width\":300,\"height\":212},\"webview\":{\"0\":1440,\"1\":1018,\"2\":2,\"3\":\"width=\\\"1440\\\" height=\\\"1018\\\"\",\"bits\":8,\"channels\":3,\"mime\":\"image\\\/jpeg\"}}},{\"pid\":\"28694\",\"filename\":\"urbexperience-030.jpg\",\"description\":\"\",\"alttext\":\"Urbexp\\u00e9rience en friches industrielles d\\u00e9vast\\u00e9es.\",\"link\":null,\"imagedate\":\"2024-04-23 05:51:32\",\"hitcounter\":\"27\",\"total_value\":\"0\",\"total_votes\":\"0\",\"meta_data\":{\"aperture\":false,\"credit\":false,\"camera\":false,\"caption\":false,\"created_timestamp\":false,\"copyright\":false,\"focal_length\":false,\"iso\":false,\"shutter_speed\":false,\"flash\":false,\"title\":\"Urbexp\\u00e9rience en friches industrielles d\\u00e9vast\\u00e9es.\",\"keywords\":false,\"width\":1440,\"height\":1018,\"saved\":true,\"thumbnail\":{\"width\":300,\"height\":212},\"webview\":{\"0\":1440,\"1\":1018,\"2\":2,\"3\":\"width=\\\"1440\\\" height=\\\"1018\\\"\",\"bits\":8,\"channels\":3,\"mime\":\"image\\\/jpeg\"}}},{\"pid\":\"28695\",\"filename\":\"urbexperience-031-modifier.jpg\",\"description\":\"\",\"alttext\":\"Urbexp\\u00e9rience en friches industrielles d\\u00e9vast\\u00e9es.\",\"link\":null,\"imagedate\":\"2024-04-19 15:29:36\",\"hitcounter\":\"26\",\"total_value\":\"0\",\"total_votes\":\"0\",\"meta_data\":{\"aperture\":false,\"credit\":false,\"camera\":false,\"caption\":false,\"created_timestamp\":\"19 avril 2024 15 h 29 min\",\"copyright\":false,\"focal_length\":false,\"iso\":false,\"shutter_speed\":false,\"flash\":false,\"title\":\"Urbexp\\u00e9rience en friches industrielles d\\u00e9vast\\u00e9es.\",\"keywords\":false,\"width\":1440,\"height\":1018,\"saved\":true,\"thumbnail\":{\"width\":300,\"height\":212},\"webview\":{\"0\":1440,\"1\":1018,\"2\":2,\"3\":\"width=\\\"1440\\\" height=\\\"1018\\\"\",\"bits\":8,\"channels\":3,\"mime\":\"image\\\/jpeg\"}}},{\"pid\":\"28696\",\"filename\":\"urbexperience-032.jpg\",\"description\":\"\",\"alttext\":\"Urbexp\\u00e9rience en friches industrielles d\\u00e9vast\\u00e9es.\",\"link\":null,\"imagedate\":\"2024-04-23 05:51:37\",\"hitcounter\":\"26\",\"total_value\":\"0\",\"total_votes\":\"0\",\"meta_data\":{\"aperture\":false,\"credit\":false,\"camera\":false,\"caption\":false,\"created_timestamp\":false,\"copyright\":false,\"focal_length\":false,\"iso\":false,\"shutter_speed\":false,\"flash\":false,\"title\":\"Urbexp\\u00e9rience en friches industrielles d\\u00e9vast\\u00e9es.\",\"keywords\":false,\"width\":1440,\"height\":1018,\"saved\":true,\"thumbnail\":{\"width\":300,\"height\":212},\"webview\":{\"0\":1440,\"1\":1018,\"2\":2,\"3\":\"width=\\\"1440\\\" height=\\\"1018\\\"\",\"bits\":8,\"channels\":3,\"mime\":\"image\\\/jpeg\"}}},{\"pid\":\"28697\",\"filename\":\"urbexperience-033.jpg\",\"description\":\"\",\"alttext\":\"Urbexp\\u00e9rience en friches industrielles d\\u00e9vast\\u00e9es.\",\"link\":null,\"imagedate\":\"2024-04-23 05:51:41\",\"hitcounter\":\"25\",\"total_value\":\"0\",\"total_votes\":\"0\",\"meta_data\":{\"aperture\":false,\"credit\":false,\"camera\":false,\"caption\":false,\"created_timestamp\":false,\"copyright\":false,\"focal_length\":false,\"iso\":false,\"shutter_speed\":false,\"flash\":false,\"title\":\"Urbexp\\u00e9rience en friches industrielles d\\u00e9vast\\u00e9es.\",\"keywords\":false,\"width\":1440,\"height\":1018,\"saved\":true,\"thumbnail\":{\"width\":300,\"height\":212},\"webview\":{\"0\":1440,\"1\":1018,\"2\":2,\"3\":\"width=\\\"1440\\\" height=\\\"1018\\\"\",\"bits\":8,\"channels\":3,\"mime\":\"image\\\/jpeg\"}}},{\"pid\":\"28698\",\"filename\":\"urbexperience-035.jpg\",\"description\":\"\",\"alttext\":\"Urbexp\\u00e9rience en friches industrielles d\\u00e9vast\\u00e9es.\",\"link\":null,\"imagedate\":\"2024-04-23 05:51:43\",\"hitcounter\":\"23\",\"total_value\":\"0\",\"total_votes\":\"0\",\"meta_data\":{\"aperture\":false,\"credit\":false,\"camera\":false,\"caption\":false,\"created_timestamp\":false,\"copyright\":false,\"focal_length\":false,\"iso\":false,\"shutter_speed\":false,\"flash\":false,\"title\":\"Urbexp\\u00e9rience en friches industrielles d\\u00e9vast\\u00e9es.\",\"keywords\":false,\"width\":1440,\"height\":1018,\"saved\":true,\"thumbnail\":{\"width\":300,\"height\":212},\"webview\":{\"0\":1440,\"1\":1018,\"2\":2,\"3\":\"width=\\\"1440\\\" height=\\\"1018\\\"\",\"bits\":8,\"channels\":3,\"mime\":\"image\\\/jpeg\"}}},{\"pid\":\"28699\",\"filename\":\"urbexperience-036.jpg\",\"description\":\"\",\"alttext\":\"Urbexp\\u00e9rience en friches industrielles d\\u00e9vast\\u00e9es.\",\"link\":null,\"imagedate\":\"2024-04-23 05:51:46\",\"hitcounter\":\"23\",\"total_value\":\"0\",\"total_votes\":\"0\",\"meta_data\":{\"aperture\":false,\"credit\":false,\"camera\":false,\"caption\":false,\"created_timestamp\":false,\"copyright\":false,\"focal_length\":false,\"iso\":false,\"shutter_speed\":false,\"flash\":false,\"title\":\"Urbexp\\u00e9rience en friches industrielles d\\u00e9vast\\u00e9es.\",\"keywords\":false,\"width\":1440,\"height\":1018,\"saved\":true,\"thumbnail\":{\"width\":300,\"height\":212},\"webview\":{\"0\":1440,\"1\":1018,\"2\":2,\"3\":\"width=\\\"1440\\\" height=\\\"1018\\\"\",\"bits\":8,\"channels\":3,\"mime\":\"image\\\/jpeg\"}}},{\"pid\":\"28700\",\"filename\":\"urbexperience-037.jpg\",\"description\":\"\",\"alttext\":\"Urbexp\\u00e9rience en friches industrielles d\\u00e9vast\\u00e9es.\",\"link\":null,\"imagedate\":\"2024-04-23 05:51:48\",\"hitcounter\":\"22\",\"total_value\":\"0\",\"total_votes\":\"0\",\"meta_data\":{\"aperture\":false,\"credit\":false,\"camera\":false,\"caption\":false,\"created_timestamp\":false,\"copyright\":false,\"focal_length\":false,\"iso\":false,\"shutter_speed\":false,\"flash\":false,\"title\":\"Urbexp\\u00e9rience en friches industrielles d\\u00e9vast\\u00e9es.\",\"keywords\":false,\"width\":1440,\"height\":1018,\"saved\":true,\"thumbnail\":{\"width\":300,\"height\":212},\"webview\":{\"0\":1440,\"1\":1018,\"2\":2,\"3\":\"width=\\\"1440\\\" height=\\\"1018\\\"\",\"bits\":8,\"channels\":3,\"mime\":\"image\\\/jpeg\"}}},{\"pid\":\"28701\",\"filename\":\"urbexperience-038.jpg\",\"description\":\"\",\"alttext\":\"Urbexp\\u00e9rience en friches industrielles d\\u00e9vast\\u00e9es.\",\"link\":null,\"imagedate\":\"2024-04-23 05:51:51\",\"hitcounter\":\"21\",\"total_value\":\"0\",\"total_votes\":\"0\",\"meta_data\":{\"aperture\":false,\"credit\":false,\"camera\":false,\"caption\":false,\"created_timestamp\":false,\"copyright\":false,\"focal_length\":false,\"iso\":false,\"shutter_speed\":false,\"flash\":false,\"title\":\"Urbexp\\u00e9rience en friches industrielles d\\u00e9vast\\u00e9es.\",\"keywords\":false,\"width\":1440,\"height\":1018,\"saved\":true,\"thumbnail\":{\"width\":300,\"height\":212},\"webview\":{\"0\":1440,\"1\":1018,\"2\":2,\"3\":\"width=\\\"1440\\\" height=\\\"1018\\\"\",\"bits\":8,\"channels\":3,\"mime\":\"image\\\/jpeg\"}}},{\"pid\":\"28702\",\"filename\":\"urbexperience-040.jpg\",\"description\":\"\",\"alttext\":\"Urbexp\\u00e9rience en friches industrielles d\\u00e9vast\\u00e9es.\",\"link\":null,\"imagedate\":\"2024-04-23 05:51:54\",\"hitcounter\":\"19\",\"total_value\":\"0\",\"total_votes\":\"0\",\"meta_data\":{\"aperture\":false,\"credit\":false,\"camera\":false,\"caption\":false,\"created_timestamp\":false,\"copyright\":false,\"focal_length\":false,\"iso\":false,\"shutter_speed\":false,\"flash\":false,\"title\":\"Urbexp\\u00e9rience en friches industrielles d\\u00e9vast\\u00e9es.\",\"keywords\":false,\"width\":1440,\"height\":1018,\"saved\":true,\"thumbnail\":{\"width\":300,\"height\":212},\"webview\":{\"0\":1440,\"1\":1018,\"2\":2,\"3\":\"width=\\\"1440\\\" height=\\\"1018\\\"\",\"bits\":8,\"channels\":3,\"mime\":\"image\\\/jpeg\"}}},{\"pid\":\"28703\",\"filename\":\"urbexperience-041.jpg\",\"description\":\"\",\"alttext\":\"Urbexp\\u00e9rience en friches industrielles d\\u00e9vast\\u00e9es.\",\"link\":null,\"imagedate\":\"2024-04-23 05:51:58\",\"hitcounter\":\"19\",\"total_value\":\"0\",\"total_votes\":\"0\",\"meta_data\":{\"aperture\":false,\"credit\":false,\"camera\":false,\"caption\":false,\"created_timestamp\":false,\"copyright\":false,\"focal_length\":false,\"iso\":false,\"shutter_speed\":false,\"flash\":false,\"title\":\"Urbexp\\u00e9rience en friches industrielles d\\u00e9vast\\u00e9es.\",\"keywords\":false,\"width\":1440,\"height\":1018,\"saved\":true,\"thumbnail\":{\"width\":300,\"height\":212},\"webview\":{\"0\":1440,\"1\":1018,\"2\":2,\"3\":\"width=\\\"1440\\\" height=\\\"1018\\\"\",\"bits\":8,\"channels\":3,\"mime\":\"image\\\/jpeg\"}}},{\"pid\":\"28704\",\"filename\":\"urbexperience-042.jpg\",\"description\":\"\",\"alttext\":\"Urbexp\\u00e9rience en friches industrielles d\\u00e9vast\\u00e9es.\",\"link\":null,\"imagedate\":\"2024-04-23 05:52:01\",\"hitcounter\":\"18\",\"total_value\":\"0\",\"total_votes\":\"0\",\"meta_data\":{\"aperture\":false,\"credit\":false,\"camera\":false,\"caption\":false,\"created_timestamp\":false,\"copyright\":false,\"focal_length\":false,\"iso\":false,\"shutter_speed\":false,\"flash\":false,\"title\":\"Urbexp\\u00e9rience en friches industrielles d\\u00e9vast\\u00e9es.\",\"keywords\":false,\"width\":1440,\"height\":1018,\"saved\":true,\"thumbnail\":{\"width\":300,\"height\":212},\"webview\":{\"0\":1440,\"1\":1018,\"2\":2,\"3\":\"width=\\\"1440\\\" height=\\\"1018\\\"\",\"bits\":8,\"channels\":3,\"mime\":\"image\\\/jpeg\"}}},{\"pid\":\"28705\",\"filename\":\"urbexperience-043.jpg\",\"description\":\"\",\"alttext\":\"Urbexp\\u00e9rience en friches industrielles d\\u00e9vast\\u00e9es.\",\"link\":null,\"imagedate\":\"2024-04-23 05:52:03\",\"hitcounter\":\"18\",\"total_value\":\"0\",\"total_votes\":\"0\",\"meta_data\":{\"aperture\":false,\"credit\":false,\"camera\":false,\"caption\":false,\"created_timestamp\":false,\"copyright\":false,\"focal_length\":false,\"iso\":false,\"shutter_speed\":false,\"flash\":false,\"title\":\"Urbexp\\u00e9rience en friches industrielles d\\u00e9vast\\u00e9es.\",\"keywords\":false,\"width\":1440,\"height\":1018,\"saved\":true,\"thumbnail\":{\"width\":300,\"height\":212},\"webview\":{\"0\":1440,\"1\":1018,\"2\":2,\"3\":\"width=\\\"1440\\\" height=\\\"1018\\\"\",\"bits\":8,\"channels\":3,\"mime\":\"image\\\/jpeg\"}}}]}], };})();<\/script><\/div><\/div><noscript id=\"noscript_FlaGallery_sc1_339\"><img loading=\"lazy\" decoding=\"async\" class=\"skip-lazy no-lazyload noLazy\" data-lazy-src=\"\" src=\"https:\/\/frank-lovisolo.fr\/WordPress\/wp-content\/flagallery\/urbexperience\/urbexperience-002.jpg\" alt=\"Urbexp\u00e9rience en friches industrielles d\u00e9vast\u00e9es.\" title=\"-\"><img loading=\"lazy\" decoding=\"async\" class=\"skip-lazy no-lazyload noLazy\" data-lazy-src=\"\" src=\"https:\/\/frank-lovisolo.fr\/WordPress\/wp-content\/flagallery\/urbexperience\/urbexperience-003.jpg\" alt=\"Urbexp\u00e9rience en friches industrielles d\u00e9vast\u00e9es.\" title=\"-\"><img loading=\"lazy\" decoding=\"async\" class=\"skip-lazy no-lazyload noLazy\" data-lazy-src=\"\" src=\"https:\/\/frank-lovisolo.fr\/WordPress\/wp-content\/flagallery\/urbexperience\/urbexperience-004.jpg\" alt=\"Urbexp\u00e9rience en friches industrielles d\u00e9vast\u00e9es.\" title=\"-\"><img loading=\"lazy\" decoding=\"async\" class=\"skip-lazy no-lazyload noLazy\" data-lazy-src=\"\" src=\"https:\/\/frank-lovisolo.fr\/WordPress\/wp-content\/flagallery\/urbexperience\/urbexperience-005.jpg\" alt=\"Urbexp\u00e9rience en friches industrielles d\u00e9vast\u00e9es.\" title=\"-\"><img loading=\"lazy\" decoding=\"async\" class=\"skip-lazy no-lazyload noLazy\" data-lazy-src=\"\" src=\"https:\/\/frank-lovisolo.fr\/WordPress\/wp-content\/flagallery\/urbexperience\/urbexperience-006.jpg\" alt=\"Urbexp\u00e9rience en friches industrielles d\u00e9vast\u00e9es.\" title=\"-\"><img loading=\"lazy\" decoding=\"async\" class=\"skip-lazy no-lazyload noLazy\" data-lazy-src=\"\" src=\"https:\/\/frank-lovisolo.fr\/WordPress\/wp-content\/flagallery\/urbexperience\/urbexperience-007.jpg\" alt=\"Urbexp\u00e9rience en friches industrielles d\u00e9vast\u00e9es.\" title=\"-\"><img loading=\"lazy\" decoding=\"async\" class=\"skip-lazy no-lazyload noLazy\" data-lazy-src=\"\" src=\"https:\/\/frank-lovisolo.fr\/WordPress\/wp-content\/flagallery\/urbexperience\/urbexperience-008.jpg\" alt=\"Urbexp\u00e9rience en friches industrielles d\u00e9vast\u00e9es.\" title=\"-\"><img loading=\"lazy\" decoding=\"async\" class=\"skip-lazy no-lazyload noLazy\" data-lazy-src=\"\" src=\"https:\/\/frank-lovisolo.fr\/WordPress\/wp-content\/flagallery\/urbexperience\/urbexperience-009.jpg\" alt=\"Urbexp\u00e9rience en friches industrielles d\u00e9vast\u00e9es.\" title=\"-\"><img loading=\"lazy\" decoding=\"async\" class=\"skip-lazy no-lazyload noLazy\" data-lazy-src=\"\" src=\"https:\/\/frank-lovisolo.fr\/WordPress\/wp-content\/flagallery\/urbexperience\/urbexperience-010.jpg\" alt=\"Urbexp\u00e9rience en friches industrielles d\u00e9vast\u00e9es.\" title=\"-\"><img loading=\"lazy\" decoding=\"async\" class=\"skip-lazy no-lazyload noLazy\" data-lazy-src=\"\" src=\"https:\/\/frank-lovisolo.fr\/WordPress\/wp-content\/flagallery\/urbexperience\/urbexperience-011.jpg\" alt=\"Urbexp\u00e9rience en friches industrielles d\u00e9vast\u00e9es.\" title=\"-\"><img loading=\"lazy\" decoding=\"async\" class=\"skip-lazy no-lazyload noLazy\" data-lazy-src=\"\" src=\"https:\/\/frank-lovisolo.fr\/WordPress\/wp-content\/flagallery\/urbexperience\/urbexperience-012.jpg\" alt=\"Urbexp\u00e9rience en friches industrielles d\u00e9vast\u00e9es.\" title=\"-\"><img loading=\"lazy\" decoding=\"async\" class=\"skip-lazy no-lazyload noLazy\" data-lazy-src=\"\" src=\"https:\/\/frank-lovisolo.fr\/WordPress\/wp-content\/flagallery\/urbexperience\/urbexperience-013.jpg\" alt=\"Urbexp\u00e9rience en friches industrielles d\u00e9vast\u00e9es.\" title=\"-\"><img loading=\"lazy\" decoding=\"async\" class=\"skip-lazy no-lazyload noLazy\" data-lazy-src=\"\" src=\"https:\/\/frank-lovisolo.fr\/WordPress\/wp-content\/flagallery\/urbexperience\/urbexperience-014.jpg\" alt=\"Urbexp\u00e9rience en friches industrielles d\u00e9vast\u00e9es.\" title=\"-\"><img loading=\"lazy\" decoding=\"async\" class=\"skip-lazy no-lazyload noLazy\" data-lazy-src=\"\" src=\"https:\/\/frank-lovisolo.fr\/WordPress\/wp-content\/flagallery\/urbexperience\/urbexperience-015.jpg\" alt=\"Urbexp\u00e9rience en friches industrielles d\u00e9vast\u00e9es.\" title=\"-\"><img loading=\"lazy\" decoding=\"async\" class=\"skip-lazy no-lazyload noLazy\" data-lazy-src=\"\" src=\"https:\/\/frank-lovisolo.fr\/WordPress\/wp-content\/flagallery\/urbexperience\/urbexperience-016.jpg\" alt=\"Urbexp\u00e9rience en friches industrielles d\u00e9vast\u00e9es.\" title=\"-\"><img loading=\"lazy\" decoding=\"async\" class=\"skip-lazy no-lazyload noLazy\" data-lazy-src=\"\" src=\"https:\/\/frank-lovisolo.fr\/WordPress\/wp-content\/flagallery\/urbexperience\/urbexperience-017.jpg\" alt=\"Urbexp\u00e9rience en friches industrielles d\u00e9vast\u00e9es.\" title=\"-\"><img loading=\"lazy\" decoding=\"async\" class=\"skip-lazy no-lazyload noLazy\" data-lazy-src=\"\" src=\"https:\/\/frank-lovisolo.fr\/WordPress\/wp-content\/flagallery\/urbexperience\/urbexperience-018.jpg\" alt=\"Urbexp\u00e9rience en friches industrielles d\u00e9vast\u00e9es.\" title=\"-\"><img loading=\"lazy\" decoding=\"async\" class=\"skip-lazy no-lazyload noLazy\" data-lazy-src=\"\" src=\"https:\/\/frank-lovisolo.fr\/WordPress\/wp-content\/flagallery\/urbexperience\/urbexperience-019-modifier.jpg\" alt=\"Urbexp\u00e9rience en friches industrielles d\u00e9vast\u00e9es.\" title=\"-\"><img loading=\"lazy\" decoding=\"async\" class=\"skip-lazy no-lazyload noLazy\" data-lazy-src=\"\" src=\"https:\/\/frank-lovisolo.fr\/WordPress\/wp-content\/flagallery\/urbexperience\/urbexperience-020.jpg\" alt=\"Urbexp\u00e9rience en friches industrielles d\u00e9vast\u00e9es.\" title=\"-\"><img loading=\"lazy\" decoding=\"async\" class=\"skip-lazy no-lazyload noLazy\" data-lazy-src=\"\" src=\"https:\/\/frank-lovisolo.fr\/WordPress\/wp-content\/flagallery\/urbexperience\/urbexperience-022.jpg\" alt=\"Urbexp\u00e9rience en friches industrielles d\u00e9vast\u00e9es.\" title=\"-\"><img loading=\"lazy\" decoding=\"async\" class=\"skip-lazy no-lazyload noLazy\" data-lazy-src=\"\" src=\"https:\/\/frank-lovisolo.fr\/WordPress\/wp-content\/flagallery\/urbexperience\/urbexperience-023.jpg\" alt=\"Urbexp\u00e9rience en friches industrielles d\u00e9vast\u00e9es.\" title=\"-\"><img loading=\"lazy\" decoding=\"async\" class=\"skip-lazy no-lazyload noLazy\" data-lazy-src=\"\" src=\"https:\/\/frank-lovisolo.fr\/WordPress\/wp-content\/flagallery\/urbexperience\/urbexperience-024.jpg\" alt=\"Urbexp\u00e9rience en friches industrielles d\u00e9vast\u00e9es.\" title=\"-\"><img loading=\"lazy\" decoding=\"async\" class=\"skip-lazy no-lazyload noLazy\" data-lazy-src=\"\" src=\"https:\/\/frank-lovisolo.fr\/WordPress\/wp-content\/flagallery\/urbexperience\/urbexperience-026.jpg\" alt=\"Urbexp\u00e9rience en friches industrielles d\u00e9vast\u00e9es.\" title=\"-\"><img loading=\"lazy\" decoding=\"async\" class=\"skip-lazy no-lazyload noLazy\" data-lazy-src=\"\" src=\"https:\/\/frank-lovisolo.fr\/WordPress\/wp-content\/flagallery\/urbexperience\/urbexperience-027.jpg\" alt=\"Urbexp\u00e9rience en friches industrielles d\u00e9vast\u00e9es.\" title=\"-\"><img loading=\"lazy\" decoding=\"async\" class=\"skip-lazy no-lazyload noLazy\" data-lazy-src=\"\" src=\"https:\/\/frank-lovisolo.fr\/WordPress\/wp-content\/flagallery\/urbexperience\/urbexperience-028.jpg\" alt=\"Urbexp\u00e9rience en friches industrielles d\u00e9vast\u00e9es.\" title=\"-\"><img loading=\"lazy\" decoding=\"async\" class=\"skip-lazy no-lazyload noLazy\" data-lazy-src=\"\" src=\"https:\/\/frank-lovisolo.fr\/WordPress\/wp-content\/flagallery\/urbexperience\/urbexperience-030.jpg\" alt=\"Urbexp\u00e9rience en friches industrielles d\u00e9vast\u00e9es.\" title=\"-\"><img loading=\"lazy\" decoding=\"async\" class=\"skip-lazy no-lazyload noLazy\" data-lazy-src=\"\" src=\"https:\/\/frank-lovisolo.fr\/WordPress\/wp-content\/flagallery\/urbexperience\/urbexperience-031-modifier.jpg\" alt=\"Urbexp\u00e9rience en friches industrielles d\u00e9vast\u00e9es.\" title=\"-\"><img loading=\"lazy\" decoding=\"async\" class=\"skip-lazy no-lazyload noLazy\" data-lazy-src=\"\" src=\"https:\/\/frank-lovisolo.fr\/WordPress\/wp-content\/flagallery\/urbexperience\/urbexperience-032.jpg\" alt=\"Urbexp\u00e9rience en friches industrielles d\u00e9vast\u00e9es.\" title=\"-\"><img loading=\"lazy\" decoding=\"async\" class=\"skip-lazy no-lazyload noLazy\" data-lazy-src=\"\" src=\"https:\/\/frank-lovisolo.fr\/WordPress\/wp-content\/flagallery\/urbexperience\/urbexperience-033.jpg\" alt=\"Urbexp\u00e9rience en friches industrielles d\u00e9vast\u00e9es.\" title=\"-\"><img loading=\"lazy\" decoding=\"async\" class=\"skip-lazy no-lazyload noLazy\" data-lazy-src=\"\" src=\"https:\/\/frank-lovisolo.fr\/WordPress\/wp-content\/flagallery\/urbexperience\/urbexperience-035.jpg\" alt=\"Urbexp\u00e9rience en friches industrielles d\u00e9vast\u00e9es.\" title=\"-\"><img loading=\"lazy\" decoding=\"async\" class=\"skip-lazy no-lazyload noLazy\" data-lazy-src=\"\" src=\"https:\/\/frank-lovisolo.fr\/WordPress\/wp-content\/flagallery\/urbexperience\/urbexperience-036.jpg\" alt=\"Urbexp\u00e9rience en friches industrielles d\u00e9vast\u00e9es.\" title=\"-\"><img loading=\"lazy\" decoding=\"async\" class=\"skip-lazy no-lazyload noLazy\" data-lazy-src=\"\" src=\"https:\/\/frank-lovisolo.fr\/WordPress\/wp-content\/flagallery\/urbexperience\/urbexperience-037.jpg\" alt=\"Urbexp\u00e9rience en friches industrielles d\u00e9vast\u00e9es.\" title=\"-\"><img loading=\"lazy\" decoding=\"async\" class=\"skip-lazy no-lazyload noLazy\" data-lazy-src=\"\" src=\"https:\/\/frank-lovisolo.fr\/WordPress\/wp-content\/flagallery\/urbexperience\/urbexperience-038.jpg\" alt=\"Urbexp\u00e9rience en friches industrielles d\u00e9vast\u00e9es.\" title=\"-\"><img loading=\"lazy\" decoding=\"async\" class=\"skip-lazy no-lazyload noLazy\" data-lazy-src=\"\" src=\"https:\/\/frank-lovisolo.fr\/WordPress\/wp-content\/flagallery\/urbexperience\/urbexperience-040.jpg\" alt=\"Urbexp\u00e9rience en friches industrielles d\u00e9vast\u00e9es.\" title=\"-\"><img loading=\"lazy\" decoding=\"async\" class=\"skip-lazy no-lazyload noLazy\" data-lazy-src=\"\" src=\"https:\/\/frank-lovisolo.fr\/WordPress\/wp-content\/flagallery\/urbexperience\/urbexperience-041.jpg\" alt=\"Urbexp\u00e9rience en friches industrielles d\u00e9vast\u00e9es.\" title=\"-\"><img loading=\"lazy\" decoding=\"async\" class=\"skip-lazy no-lazyload noLazy\" data-lazy-src=\"\" src=\"https:\/\/frank-lovisolo.fr\/WordPress\/wp-content\/flagallery\/urbexperience\/urbexperience-042.jpg\" alt=\"Urbexp\u00e9rience en friches industrielles d\u00e9vast\u00e9es.\" title=\"-\"><img loading=\"lazy\" decoding=\"async\" class=\"skip-lazy no-lazyload noLazy\" data-lazy-src=\"\" src=\"https:\/\/frank-lovisolo.fr\/WordPress\/wp-content\/flagallery\/urbexperience\/urbexperience-043.jpg\" alt=\"Urbexp\u00e9rience en friches industrielles d\u00e9vast\u00e9es.\" title=\"-\"><\/noscript><\/p>\n<p style=\"text-align: center;\">\u2013<\/p>\n<p style=\"text-align: center;\"><strong style=\"font-size: 16px;\">Images de d\u00e9solation du fait que la diplomatie n\u2019a pas aboutie ou que l\u2019on n\u2019ait pas souhait\u00e9 qu\u2019elle r\u00e9ussisse.<br \/>\nTout d\u00e9pend des int\u00e9r\u00eats des uns et des autres, surtout de certains opportunistes qui, au passage, vont s\u2019en mettre plein les fouilles\u2009!<\/strong><\/p>\n<p style=\"text-align: center;\"><strong style=\"font-size: 16px;\">Le lecteur affectionnera que je l\u2019aie dispens\u00e9 de la vue des cadavres en devenir de compost, cela aurait \u00e9t\u00e9 vulgaire.<br \/>\nQuant \u00e0 la repr\u00e9sentation des survivants, elle me semble tout aussi grossi\u00e8re qu\u2019un jeu relatif \u00e0 la guerre.<\/strong><\/p>\n<p style=\"text-align: center; margin: 1em 0;\"><img loading=\"lazy\" decoding=\"async\" class=\"aligncenter wp-image-43385\" src=\"https:\/\/frank-lovisolo.fr\/WordPress\/wp-content\/uploads\/2022\/11\/symbole-de-saut-d-espace-separateur--460x64.png\" alt=\"\" width=\"180\" height=\"25\" title=\"-\" srcset=\"https:\/\/frank-lovisolo.fr\/WordPress\/wp-content\/uploads\/2022\/11\/symbole-de-saut-d-espace-separateur--460x64.png 460w, https:\/\/frank-lovisolo.fr\/WordPress\/wp-content\/uploads\/2022\/11\/symbole-de-saut-d-espace-separateur--1024x142.png 1024w, https:\/\/frank-lovisolo.fr\/WordPress\/wp-content\/uploads\/2022\/11\/symbole-de-saut-d-espace-separateur--768x107.png 768w, https:\/\/frank-lovisolo.fr\/WordPress\/wp-content\/uploads\/2022\/11\/symbole-de-saut-d-espace-separateur--250x35.png 250w, https:\/\/frank-lovisolo.fr\/WordPress\/wp-content\/uploads\/2022\/11\/symbole-de-saut-d-espace-separateur--150x21.png 150w, https:\/\/frank-lovisolo.fr\/WordPress\/wp-content\/uploads\/2022\/11\/symbole-de-saut-d-espace-separateur-.png 1440w\" sizes=\"auto, (max-width: 180px) 100vw, 180px\" \/><\/p>\n<h2 style=\"font-size: 20px;\"><span class=\"ez-toc-section\" id=\"il-semblerait%e2%80%a6\"><\/span>Il semblerait\u2026<span class=\"ez-toc-section-end\"><\/span><\/h2>\n<p style=\"text-align: justify; font-size: 20px;\">\u2026 que l\u2019humain m\u00e2le soit avant tout un guerrier (nous parlerons des femelles plus loin<sup>1<\/sup>\u2009!).<br \/>\nQuel est le besoin fondamental d\u2019un combattant\u2009?<br \/>\nC\u2019est l\u2019\u00e9vidence m\u00eame\u00a0: un adversaire \u00e0 guerroyer et an\u00e9antir, avec tout le cort\u00e8ge de joyeuset\u00e9s qui accompagne cette martiale activit\u00e9\u00a0: tuer le plus d\u2019ennemis possible pour bien d\u00e9buter le jeu, destruction des biens du rival, annihiler son industrie, surtout celle qui fabrique les armes, car, restons pragmatique, il a en face de lui son reflet, tout aussi belliqueux\u2009!<\/p>\n<div id=\"attachment_46739\" style=\"width: 610px\" class=\"wp-caption alignleft\"><img loading=\"lazy\" decoding=\"async\" aria-describedby=\"caption-attachment-46739\" class=\"wp-image-46739\" src=\"https:\/\/frank-lovisolo.fr\/WordPress\/wp-content\/uploads\/2024\/04\/jeuVideo-1024x640.jpg\" alt=\"Capture d\u2019un jeu vid\u00e9o de combats de la Seconde Guerre mondiale, esth\u00e9tique proche de Call of Duty\" width=\"600\" height=\"375\" title=\"-\" srcset=\"https:\/\/frank-lovisolo.fr\/WordPress\/wp-content\/uploads\/2024\/04\/jeuVideo-1024x640.jpg 1024w, https:\/\/frank-lovisolo.fr\/WordPress\/wp-content\/uploads\/2024\/04\/jeuVideo-460x288.jpg 460w, https:\/\/frank-lovisolo.fr\/WordPress\/wp-content\/uploads\/2024\/04\/jeuVideo-768x480.jpg 768w, https:\/\/frank-lovisolo.fr\/WordPress\/wp-content\/uploads\/2024\/04\/jeuVideo-240x150.jpg 240w, https:\/\/frank-lovisolo.fr\/WordPress\/wp-content\/uploads\/2024\/04\/jeuVideo-150x94.jpg 150w, https:\/\/frank-lovisolo.fr\/WordPress\/wp-content\/uploads\/2024\/04\/jeuVideo.jpg 1280w\" sizes=\"auto, (max-width: 600px) 100vw, 600px\" \/><p id=\"caption-attachment-46739\" class=\"wp-caption-text\"><span style=\"font-size: 12px;\">Call of Dufy: WWII fera revivre quelques grandes batailles de la Seconde Guerre mondiale.<\/span><\/p><\/div>\n<p style=\"text-align: justify; font-size: 20px;\">Ensuite viendra le temps des loisirs, o\u00f9 l\u2019on pillera les ressources et, dans la joie et la bonne humeur, on violera les femelles (<sup>1<\/sup> c\u2019est fait, j\u2019en ai parl\u00e9\u2009!) ou tout ce qui bouge. Si le conflit se d\u00e9roule en hiver, on incendiera histoire de se r\u00e9chauffer la couenne, on torturera aussi histoire d\u2019enrichir la bande sonore\u2009! Progr\u00e8s aidant, on filmera le tout au smartphone, ce sera transmis sur les r\u00e9seaux sociaux et, bien plus tard, on rem\u00e9morera en famille les hauts faits du grand-p\u00e8re pendant la guerre\u2026 Quel bal\u00e8ze ce papi\u2009! G\u00e9-nial\u2009!<\/p>\n<p style=\"text-align: justify; font-size: 20px;\">Finalement, la guerre, \u00e7a occupe et pr\u00e9vient l\u2019oisivet\u00e9, car, plus tard, il faudra reconstruire les patrimoines et les c\u0153urs. Certains s\u2019en frottent d\u00e9j\u00e0 les mains\u2009!<\/p>\n<p style=\"text-align: justify; font-size: 20px;\">Enfants, nous jouions aux cowboys et aux (amers) Indiens, l\u2019esprit martial s\u2019amorce d\u00e8s le plus jeune \u00e2ge. Ces derniers, comme on nous l\u2019a rab\u00e2ch\u00e9, \u00e9taient les ennemis : des vilains sauvages. Depuis peu, Hollywood, qui, pour obtenir un plus grand nombre d\u2019entr\u00e9es, dispense \u00e0 loisir une kyrielle d\u2019id\u00e9es saugrenues en s\u2019appropriant l\u2019Histoire, a tent\u00e9 de faire amende honorable en r\u00e9habilitant ces gens, du moins le peu qui reste, en leur accordant enfin une \u00e2me. Un ancien et vaste d\u00e9bat relatif \u00e0 la l\u00e9gitimit\u00e9 de l\u2019esclavage qui perdure en sourdine\u2026<\/p>\n<p style=\"text-align: justify; font-size: 20px;\">Aujourd\u2019hui, pour soulager notre libido guerri\u00e8re, il y a le cin\u00e9ma, les s\u00e9ries t\u00e9l\u00e9vis\u00e9es et, sans aucun doute, le jeu vid\u00e9o, pendant interactif \u00e0 ce voyeurisme sanguinaire.<\/p>\n<p style=\"text-align: justify; font-size: 20px;\">Certains, \u00e0 la th\u00e9matique militaire, sont d\u2019une violence et d\u2019un cynisme \u00e0 couper le souffle, tant des litres d\u2019h\u00e9moglobine virtuelle sont d\u00e9vers\u00e9s\u2009sur des myriades de cadavres d\u00e9pec\u00e9s\u2009!<\/p>\n<p style=\"text-align: justify; font-size: 20px;\">Des gladiateurs qui luttent, confin\u00e9s derri\u00e8re leurs \u00e9crans, lumi\u00e8res de leurs nuits blanches. Quand on vit en paix, et que le besoin de massacrer se fait sentir, on trouve ais\u00e9ment des palliatifs dans l\u2019industrie du loisir. Par exemple, ceux qui, dans la nature, organisent des gu\u00e9rillas ludiques avec des fusils qui projettent de la peinture sur l\u2019adversaire\u2026<\/p>\n<div id=\"attachment_46741\" style=\"width: 610px\" class=\"wp-caption alignright\"><img loading=\"lazy\" decoding=\"async\" aria-describedby=\"caption-attachment-46741\" class=\"wp-image-46741\" src=\"https:\/\/frank-lovisolo.fr\/WordPress\/wp-content\/uploads\/2024\/04\/courses-auto.jpg\" alt=\"Accident de course automobile sur le circuit de Daytona Beach, Floride\" width=\"600\" height=\"300\" title=\"-\" srcset=\"https:\/\/frank-lovisolo.fr\/WordPress\/wp-content\/uploads\/2024\/04\/courses-auto.jpg 1000w, https:\/\/frank-lovisolo.fr\/WordPress\/wp-content\/uploads\/2024\/04\/courses-auto-460x230.jpg 460w, https:\/\/frank-lovisolo.fr\/WordPress\/wp-content\/uploads\/2024\/04\/courses-auto-768x384.jpg 768w, https:\/\/frank-lovisolo.fr\/WordPress\/wp-content\/uploads\/2024\/04\/courses-auto-250x125.jpg 250w, https:\/\/frank-lovisolo.fr\/WordPress\/wp-content\/uploads\/2024\/04\/courses-auto-150x75.jpg 150w\" sizes=\"auto, (max-width: 600px) 100vw, 600px\" \/><p id=\"caption-attachment-46741\" class=\"wp-caption-text\"><span style=\"font-size: 12px;\">Accident sur le circuit de Daytona Beach, en Floride \u00a9 AFP MATTHEW STOCKMAN<\/span><\/p><\/div>\n<p style=\"text-align: justify; font-size: 20px;\">Quand je pense que l\u2019on a qualifi\u00e9 de cruels les Romains avec leurs jeux du cirque, cela me fait sourire\u2026 Les violences spectacles sont banales, les informations nous les servent quotidiennement. Je me souviens de la Guerre du Golfe, du 2\u00a0ao\u00fbt 1990 au 28\u00a0f\u00e9vrier 1991, pr\u00e9sent\u00e9e quasiment comme une s\u00e9rie t\u00e9l\u00e9vis\u00e9e\u2026<\/p>\n<p style=\"text-align: justify; font-size: 20px;\">QQOQCCP, derechef\u2009!<\/p>\n<p style=\"text-align: justify; font-size: 20px;\">Le divertissement du cirque s\u2019est d\u00e9plac\u00e9 et a \u00e9volu\u00e9, anoblissant outre mesure ses gladiateurs. Voyez comment les courses automobiles participent joyeusement \u00e0 la saturation des soins intensifs, en particulier celui des grands brul\u00e9s et, pour finir, des cimeti\u00e8res, pour le plaisir des spectateurs.<\/p>\n<p style=\"text-align: justify; font-size: 20px;\">Mais qui est r\u00e9ellement cet ennemi\u2009\u00e0 combattre\u2009?<br \/>\nJe vais vous laisser un instant en compagnie d\u2019Umberto Eco, qui semble d\u00e9tenir une hypoth\u00e8se quant au sujet\u00a0:<\/p>\n<p style=\"text-align: center; margin: 1em 0;\"><img loading=\"lazy\" decoding=\"async\" class=\"aligncenter wp-image-43385\" src=\"https:\/\/frank-lovisolo.fr\/WordPress\/wp-content\/uploads\/2022\/11\/symbole-de-saut-d-espace-separateur--460x64.png\" alt=\"\" width=\"180\" height=\"25\" title=\"-\" srcset=\"https:\/\/frank-lovisolo.fr\/WordPress\/wp-content\/uploads\/2022\/11\/symbole-de-saut-d-espace-separateur--460x64.png 460w, https:\/\/frank-lovisolo.fr\/WordPress\/wp-content\/uploads\/2022\/11\/symbole-de-saut-d-espace-separateur--1024x142.png 1024w, https:\/\/frank-lovisolo.fr\/WordPress\/wp-content\/uploads\/2022\/11\/symbole-de-saut-d-espace-separateur--768x107.png 768w, https:\/\/frank-lovisolo.fr\/WordPress\/wp-content\/uploads\/2022\/11\/symbole-de-saut-d-espace-separateur--250x35.png 250w, https:\/\/frank-lovisolo.fr\/WordPress\/wp-content\/uploads\/2022\/11\/symbole-de-saut-d-espace-separateur--150x21.png 150w, https:\/\/frank-lovisolo.fr\/WordPress\/wp-content\/uploads\/2022\/11\/symbole-de-saut-d-espace-separateur-.png 1440w\" sizes=\"auto, (max-width: 180px) 100vw, 180px\" \/><\/p>\n<h2 style=\"font-size: 20px;\"><span class=\"ez-toc-section\" id=\"umberto-eco\"><\/span>Umberto Eco<span class=\"ez-toc-section-end\"><\/span><\/h2>\n<p style=\"text-align: justify; font-size: 20px; padding-left: 40px;\"><em>\u00abIl y a quelques ann\u00e9es \u00e0 New York, je suis tomb\u00e9 sur un chauffeur de taxi au nom difficile \u00e0 d\u00e9chif\u00adfrer et il m\u2019a expliqu\u00e9 qu\u2019il \u00e9tait pakistanais. Il m\u2019a demand\u00e9 d\u2019o\u00f9 je venais, je lui ai r\u00e9pondu d\u2019Italie et il a \u00e9t\u00e9 frapp\u00e9 d\u2019apprendre que nous \u00e9tions si peu nom\u00adbreux et que notre langue n\u2019\u00e9tait pas l\u2019anglais.<\/em><\/p>\n<p style=\"text-align: justify; font-size: 20px; padding-left: 40px;\"><em>Enfin, il m\u2019a demand\u00e9 quels \u00e9taient nos ennemis.<\/em><\/p>\n<p style=\"text-align: justify; font-size: 20px; padding-left: 40px;\"><em>Devant mon incompr\u00e9hension, il m\u2019a expliqu\u00e9 qu\u2019il voulait savoir avec quels peuples nous \u00e9tions en guerre depuis des si\u00e8cles pour des revendications territoriales, des haines ethniques, d\u2019incessantes violations de fron\u00adti\u00e8res, etc. Je lui ai dit que nous n\u2019\u00e9tions en guerre avec personne.<\/em><\/p>\n<div id=\"attachment_46746\" style=\"width: 610px\" class=\"wp-caption alignright\"><img loading=\"lazy\" decoding=\"async\" aria-describedby=\"caption-attachment-46746\" class=\"wp-image-46746\" src=\"https:\/\/frank-lovisolo.fr\/WordPress\/wp-content\/uploads\/2024\/04\/index-e1713848446379-1024x668.jpg\" alt=\"Vue vers le sud depuis le Rockefeller Center, New York, 1956. The New York Public Library Digital Collections\" width=\"600\" height=\"392\" title=\"-\" srcset=\"https:\/\/frank-lovisolo.fr\/WordPress\/wp-content\/uploads\/2024\/04\/index-e1713848446379-1024x668.jpg 1024w, https:\/\/frank-lovisolo.fr\/WordPress\/wp-content\/uploads\/2024\/04\/index-e1713848446379-460x300.jpg 460w, https:\/\/frank-lovisolo.fr\/WordPress\/wp-content\/uploads\/2024\/04\/index-e1713848446379-768x501.jpg 768w, https:\/\/frank-lovisolo.fr\/WordPress\/wp-content\/uploads\/2024\/04\/index-e1713848446379-1536x1002.jpg 1536w, https:\/\/frank-lovisolo.fr\/WordPress\/wp-content\/uploads\/2024\/04\/index-e1713848446379-2048x1336.jpg 2048w, https:\/\/frank-lovisolo.fr\/WordPress\/wp-content\/uploads\/2024\/04\/index-e1713848446379-230x150.jpg 230w, https:\/\/frank-lovisolo.fr\/WordPress\/wp-content\/uploads\/2024\/04\/index-e1713848446379-150x98.jpg 150w\" sizes=\"auto, (max-width: 600px) 100vw, 600px\" \/><p id=\"caption-attachment-46746\" class=\"wp-caption-text\"><span style=\"font-size: 12px;\">View from Rockefeller Center, New York \u2013 The New York Public Library Digital Collections. 1956.<\/span><\/p><\/div>\n<p style=\"text-align: justify; font-size: 20px; padding-left: 40px;\"><em>Avec patience, il m\u2019a r\u00e9expliqu\u00e9 qu\u2019il voulait savoir quels \u00e9taient nos adversaires historiques, ceux qui nous massacraient et ceux que nous massacrions. Je lui ai r\u00e9p\u00e9t\u00e9 que nous n\u2019en avions pas, que la der\u00adni\u00e8re guerre, nous l\u2019avions faite il y a plus d\u2019un demi-si\u00e8cle, et d\u2019ailleurs en la commen\u00e7ant avec un ennemi et en la finissant avec un autre. Il n\u2019\u00e9tait pas satisfait. Comment pouvait-il exister un peuple sans ennemis\u2009?[\u2026]<\/em><\/p>\n<p style=\"text-align: justify; font-size: 20px; padding-left: 40px;\"><em>Voyez ce qui s\u2019est produit aux \u00c9tats-Unis lorsque l\u2019Empire du Mal a disparu et que le grand ennemi sovi\u00e9tique s\u2019est dissous.<\/em><\/p>\n<p style=\"text-align: justify; font-size: 20px; padding-left: 40px;\"><em>Les Am\u00e9ricains risquaient de perdre leur identit\u00e9 jusqu\u2019\u00e0 ce que Ben Laden, reconnaissant des bienfaits re\u00e7us quand ils l\u2019avaient soutenu contre l\u2019Union <img loading=\"lazy\" decoding=\"async\" class=\"wp-image-46717 alignleft\" style=\"border: 1px solid #000; padding: 10px; margin: 10px; box-shadow: 8px 8px 10px 0 rgba(0,0,0,0.5);\" src=\"https:\/\/frank-lovisolo.fr\/WordPress\/wp-content\/uploads\/2024\/04\/construire-ennemi-460x670.webp\" alt=\"Couverture de Construire l\u2019ennemi et autres r\u00e9cits occasionnels, Umberto Eco, \u00e9ditions Grasset\" width=\"260\" height=\"379\" title=\"-\" srcset=\"https:\/\/frank-lovisolo.fr\/WordPress\/wp-content\/uploads\/2024\/04\/construire-ennemi-460x670.webp 460w, https:\/\/frank-lovisolo.fr\/WordPress\/wp-content\/uploads\/2024\/04\/construire-ennemi-768x1119.webp 768w, https:\/\/frank-lovisolo.fr\/WordPress\/wp-content\/uploads\/2024\/04\/construire-ennemi-103x150.webp 103w, https:\/\/frank-lovisolo.fr\/WordPress\/wp-content\/uploads\/2024\/04\/construire-ennemi.webp 780w\" sizes=\"auto, (max-width: 260px) 100vw, 260px\" \/>sovi\u00e9tique, leur a tendu une main mis\u00e9ricor\u00addieuse et a fourni \u00e0 Bush l\u2019occasion de cr\u00e9er un nouvel ennemi, de renforcer le sentiment d\u2019identit\u00e9 nationale et son pouvoir.<\/em><\/p>\n<p style=\"text-align: justify; font-size: 20px; padding-left: 40px;\"><em>Avoir un ennemi est important pour se d\u00e9finir une identit\u00e9, mais aussi pour se confronter \u00e0 un obstacle, mesurer son syst\u00e8me de valeurs et montrer sa bravoure.<\/em><\/p>\n<p>&nbsp;<\/p>\n<p style=\"text-align: justify; font-size: 20px; padding-left: 40px;\"><em>Par cons\u00e9quent, au cas o\u00f9 il n\u2019y aurait pas d\u2019ennemi, il faut le construire.<\/em><\/p>\n<p style=\"text-align: justify; font-size: 20px; padding-left: 40px;\"><em>Voyez la g\u00e9n\u00e9reuse flexibilit\u00e9 avec laquelle les skinheads nazis de V\u00e9rone taxaient d\u2019ennemi quiconque n\u2019appartenait pas \u00e0 leur groupe, dans le but de se d\u00e9finir \u00e0 tout prix comme groupe.<\/em><\/p>\n<p style=\"text-align: justify; font-size: 20px; padding-left: 40px;\"><em>J\u2019en arrive donc \u00e0 penser que ce qui nous int\u00e9resse ici, ce n\u2019est pas tant le ph\u00e9nom\u00e8ne presque naturel d\u2019identification d\u2019un ennemi qui nous menace, mais plut\u00f4t le processus de production et de diabolisation de l\u2019ennemi.\u00bb<\/em><\/p>\n<p style=\"font-size: 14px; padding-left: 40px;\"><a href=\"https:\/\/fr.wikipedia.org\/wiki\/Umberto_Eco\" target=\"_blank\" rel=\"noopener noreferrer\">Umberto Eco<\/a> : <a href=\"https:\/\/www.grasset.fr\/livre\/construire-lennemi-9782246784876\/\" target=\"_blank\" rel=\"noopener noreferrer\">Construire l\u2019ennemi et autres r\u00e9cits occasionnels<\/a> \u2013 P. 11 \u00e0 13 \u2013 \u00c9ditions Grasset &amp; Fasquelle 2014.<br \/>\n\u00c9dition originale : <em>Costruire il nemico e altri scritti occasionali<\/em> \u2013 \u00c9ditions Bompiani Milan 2011.<\/p>\n<p style=\"text-align: center; margin: 1em 0;\"><img loading=\"lazy\" decoding=\"async\" class=\"aligncenter wp-image-43385\" src=\"https:\/\/frank-lovisolo.fr\/WordPress\/wp-content\/uploads\/2022\/11\/symbole-de-saut-d-espace-separateur--460x64.png\" alt=\"\" width=\"180\" height=\"25\" title=\"-\" srcset=\"https:\/\/frank-lovisolo.fr\/WordPress\/wp-content\/uploads\/2022\/11\/symbole-de-saut-d-espace-separateur--460x64.png 460w, https:\/\/frank-lovisolo.fr\/WordPress\/wp-content\/uploads\/2022\/11\/symbole-de-saut-d-espace-separateur--1024x142.png 1024w, https:\/\/frank-lovisolo.fr\/WordPress\/wp-content\/uploads\/2022\/11\/symbole-de-saut-d-espace-separateur--768x107.png 768w, https:\/\/frank-lovisolo.fr\/WordPress\/wp-content\/uploads\/2022\/11\/symbole-de-saut-d-espace-separateur--250x35.png 250w, https:\/\/frank-lovisolo.fr\/WordPress\/wp-content\/uploads\/2022\/11\/symbole-de-saut-d-espace-separateur--150x21.png 150w, https:\/\/frank-lovisolo.fr\/WordPress\/wp-content\/uploads\/2022\/11\/symbole-de-saut-d-espace-separateur-.png 1440w\" sizes=\"auto, (max-width: 180px) 100vw, 180px\" \/><\/p>\n<h2 style=\"font-size: 24px;\"><span class=\"ez-toc-section\" id=\"nous-avons-lennemi-reste-encore-la-question-du-pognon%e2%80%89\"><\/span>Nous avons l\u2019ennemi, reste encore la question du pognon\u2009!<span class=\"ez-toc-section-end\"><\/span><\/h2>\n<p style=\"text-align: justify; font-size: 20px;\">D\u2019o\u00f9 le sortent-ils, tout cet argent, pour financer la guerre\u2009?<\/p>\n<div id=\"attachment_46738\" style=\"width: 590px\" class=\"wp-caption alignleft\"><img loading=\"lazy\" decoding=\"async\" aria-describedby=\"caption-attachment-46738\" class=\"wp-image-46738\" src=\"https:\/\/frank-lovisolo.fr\/WordPress\/wp-content\/uploads\/2024\/04\/EnglishShell38cm.jpg\" alt=\"Obus anglais de 38 cm non explos\u00e9, Premi\u00e8re Guerre mondiale\" width=\"580\" height=\"426\" title=\"-\" srcset=\"https:\/\/frank-lovisolo.fr\/WordPress\/wp-content\/uploads\/2024\/04\/EnglishShell38cm.jpg 800w, https:\/\/frank-lovisolo.fr\/WordPress\/wp-content\/uploads\/2024\/04\/EnglishShell38cm-460x338.jpg 460w, https:\/\/frank-lovisolo.fr\/WordPress\/wp-content\/uploads\/2024\/04\/EnglishShell38cm-768x564.jpg 768w, https:\/\/frank-lovisolo.fr\/WordPress\/wp-content\/uploads\/2024\/04\/EnglishShell38cm-204x150.jpg 204w, https:\/\/frank-lovisolo.fr\/WordPress\/wp-content\/uploads\/2024\/04\/EnglishShell38cm-150x110.jpg 150w\" sizes=\"auto, (max-width: 580px) 100vw, 580px\" \/><p id=\"caption-attachment-46738\" class=\"wp-caption-text\"><span style=\"font-size: 12px;\">Obus anglais de 38 cm, qui n\u2019a pas explos\u00e9, comme en moyenne un obus sur quatre en 1914-1918.<\/span><\/p><\/div>\n<p style=\"text-align: justify; font-size: 20px;\">Si l\u2019on s\u2019en r\u00e9f\u00e8re \u00e0 la Premi\u00e8re Guerre mondiale, ce qui ne rajeunit personne, un milliard d\u2019obus ont \u00e9t\u00e9 utilis\u00e9s\u2009! \u00c7a a d\u00fb faire un sacr\u00e9 boucan, quand on y pense\u2009!<\/p>\n<p style=\"text-align: justify; font-size: 20px;\">Actuellement, il reste difficile d\u2019estimer le prix des obus. D\u2019apr\u00e8s des sources publiques, un obus de 155\u00a0mm couterait environ 600\u00a0\u20ac, certains annoncent des couts plus vertigineux\u00a0: entre 4000 et 6000\u00a0\u20ac\u2009!<\/p>\n<p style=\"text-align: justify; font-size: 20px;\">Nous ne sommes plus \u00e0 un z\u00e9ro pr\u00e8s\u2009! D\u2019autant plus que\u00a0:<\/p>\n<p style=\"text-align: right; font-size: 20px;\"><span style=\"color: #0000cc;\">0<\/span><br \/>\n<span style=\"color: #0000cc;\">\u00d7 1\u2009000\u2009000\u2009000<\/span><br \/>\n<span style=\"color: #0000cc;\">= 0\u2009(la t\u00eate \u00e0 toto\u2009!)<\/span><\/p>\n<p style=\"text-align: justify; font-size: 20px;\">Restons s\u00e9rieux\u2009; il est plus que probable que le tarif n\u2019a pas vari\u00e9 depuis la Grande Guerre, si ce n\u2019est qu\u2019il faut le convertir \u00e0 la monnaie de l\u2019\u00e9poque. Mais pour plus de facilit\u00e9, nous utiliserons l\u2019euro.<br \/>\nDonc je multiplie le premier nombre\u00a0:<\/p>\n<p style=\"text-align: right; font-size: 20px;\"><span style=\"color: #0000cc;\">1\u2009000\u2009000\u2009000<\/span><br \/>\n<span style=\"color: #0000cc;\">\u00d7 600 \u20ac<\/span><br \/>\n<span style=\"color: #0000cc;\">= 600\u2009000\u2009000\u2009000 \u20ac<\/span><\/p>\n<p style=\"text-align: justify; font-size: 20px;\">Sans pour autant \u00eatre un \u00ab\u2009<a href=\"https:\/\/fr.wikipedia.org\/wiki\/Nombre_univers\" target=\"_blank\" rel=\"noopener noreferrer\">nombre univers<\/a>\u2009\u00bb, la suite de z\u00e9ros apr\u00e8s le 6 reste hyperbolique et, mat\u00e9riellement, ne repr\u00e9sente plus grand-chose pour le plus grand nombre d\u2019entre nous\u2009; un budget annuel familial et confortable face \u00e0 lui \u00e9quivaut \u00e0 une souris compar\u00e9e \u00e0 un \u00e9l\u00e9phant\u2009! Toutefois, c\u2019est le cout optimiste, sinon il vous faudra rajouter deux z\u00e9ros \u00e0 l\u2019adition et c\u2019est sans adjoindre le pourboire et, \u00e9ventuellement, les pots-de-vin\u2009!<\/p>\n<p style=\"text-align: justify; font-size: 20px;\">La somme est rondelette\u2026 Pourtant je n\u2019ai comptabilis\u00e9 que les obus\u2009! C\u2019est amusant, quand on pense \u00e0 tout ce sketch qu\u2019ils nous ont servi pour les retraites. Il faut, d\u2019un c\u00f4t\u00e9, une extraordinaire pr\u00e9disposition au cynisme pour le pr\u00e9senter et de l\u2019autre une sacr\u00e9e dose d\u2019humour pour le supporter\u2009!<br \/>\nBien s\u00fbr, c\u2019est le contribuable qui paie l\u2019addition, vous, moi, les autres bidouillent dans les paradis fiscaux\u2009!<\/p>\n<p style=\"text-align: justify; font-size: 20px;\">Je ne suis pas \u00e9conomiste et je ne m\u2019en plains pas, \u00e7a m\u2019\u00e9vitera au moins la cinqui\u00e8me fosse du huiti\u00e8me cercle, mais je ma\u00eetrise l\u2019adition, la soustraction et le pourcentage et, tous comptes faits, je trouve qu\u2019il faut \u00eatre particuli\u00e8rement riche pour conduire une guerre\u2026<\/p>\n<p style=\"text-align: justify; font-size: 20px;\">Je suis quand m\u00eame satisfait de savoir qu\u2019il y a actuellement, quelque part dans une caisse, un petit bout de missile que j\u2019ai financ\u00e9 et qui, cons\u00e9quemment, m\u2019appartient\u2009! Joie\u2009!<\/p>\n<p style=\"text-align: justify; font-size: 20px;\">En revanche, je suis f\u00e2ch\u00e9, il r\u00e8gne beaucoup d\u2019incivilit\u00e9 dans les coll\u00e8ges, ind\u00e9licatesses que l\u2019on ne peut pas r\u00e9soudre, il paraitrait que cela coute trop cher, je l\u2019ai entendu dire par un des comiques troupiers de l\u2019assembl\u00e9e\u2026<br \/>\nFichtre\u2009! Droite, gauche, centre, dessus, dessous, ils sont vraiment pr\u00eats \u00e0 tout pour conserver le pouvoir.<\/p>\n<p style=\"text-align: justify; font-size: 20px;\">Alors, puisqu\u2019on y est, une derni\u00e8re fois\u00a0: QQOQCCP\u2009?<\/p>\n<p style=\"text-align: center; margin: 1em 0;\"><img loading=\"lazy\" decoding=\"async\" class=\"aligncenter wp-image-43385\" src=\"https:\/\/frank-lovisolo.fr\/WordPress\/wp-content\/uploads\/2022\/11\/symbole-de-saut-d-espace-separateur--460x64.png\" alt=\"\" width=\"180\" height=\"25\" title=\"-\" srcset=\"https:\/\/frank-lovisolo.fr\/WordPress\/wp-content\/uploads\/2022\/11\/symbole-de-saut-d-espace-separateur--460x64.png 460w, https:\/\/frank-lovisolo.fr\/WordPress\/wp-content\/uploads\/2022\/11\/symbole-de-saut-d-espace-separateur--1024x142.png 1024w, https:\/\/frank-lovisolo.fr\/WordPress\/wp-content\/uploads\/2022\/11\/symbole-de-saut-d-espace-separateur--768x107.png 768w, https:\/\/frank-lovisolo.fr\/WordPress\/wp-content\/uploads\/2022\/11\/symbole-de-saut-d-espace-separateur--250x35.png 250w, https:\/\/frank-lovisolo.fr\/WordPress\/wp-content\/uploads\/2022\/11\/symbole-de-saut-d-espace-separateur--150x21.png 150w, https:\/\/frank-lovisolo.fr\/WordPress\/wp-content\/uploads\/2022\/11\/symbole-de-saut-d-espace-separateur-.png 1440w\" sizes=\"auto, (max-width: 180px) 100vw, 180px\" \/><\/p>\n<h2 id=\"IA01\" style=\"text-align: center; font-size: 20px;\"><span class=\"ez-toc-section\" id=\"%c2%ab-de-vraies-photos-malmenees-par-plusieurs-algorithmes%e2%80%a6-%c2%bb\"><\/span>\u00ab\u00a0De vraies photos malmen\u00e9es par plusieurs algorithmes\u2026\u00a0\u00bb<span class=\"ez-toc-section-end\"><\/span><\/h2>\n<p style=\"text-align: center; font-size: 20px;\">Ce qu\u2019il se passe entre les deux\u2026 \ud83d\ude09<\/p>\n<p style=\"text-align: center;\"><a href=\"#RT01\"><strong><span style=\"background-color: #320000; color: #65ffff;\">\u00a0\u2191\u2191\u2191\u2191\u00a0<\/span><\/strong><\/a><\/p>\n<div id=\"attachment_46778\" style=\"width: 445px\" class=\"wp-caption alignleft\"><img loading=\"lazy\" decoding=\"async\" aria-describedby=\"caption-attachment-46778\" class=\"wp-image-46778\" src=\"https:\/\/frank-lovisolo.fr\/WordPress\/wp-content\/uploads\/2024\/04\/AvantIA.png\" alt=\"Photographie originale d\u2019une friche, avant traitement par algorithmes\" width=\"435\" height=\"326\" title=\"-\" srcset=\"https:\/\/frank-lovisolo.fr\/WordPress\/wp-content\/uploads\/2024\/04\/AvantIA.png 1024w, https:\/\/frank-lovisolo.fr\/WordPress\/wp-content\/uploads\/2024\/04\/AvantIA-460x345.png 460w, https:\/\/frank-lovisolo.fr\/WordPress\/wp-content\/uploads\/2024\/04\/AvantIA-768x576.png 768w, https:\/\/frank-lovisolo.fr\/WordPress\/wp-content\/uploads\/2024\/04\/AvantIA-200x150.png 200w, https:\/\/frank-lovisolo.fr\/WordPress\/wp-content\/uploads\/2024\/04\/AvantIA-150x113.png 150w\" sizes=\"auto, (max-width: 435px) 100vw, 435px\" \/><p id=\"caption-attachment-46778\" class=\"wp-caption-text\">Avant<\/p><\/div>\n<div id=\"attachment_46707\" style=\"width: 430px\" class=\"wp-caption alignright\"><img loading=\"lazy\" decoding=\"async\" aria-describedby=\"caption-attachment-46707\" class=\"wp-image-46707\" src=\"https:\/\/frank-lovisolo.fr\/WordPress\/wp-content\/uploads\/2024\/04\/Urbex-perience01.jpg\" alt=\"La m\u00eame vue apr\u00e8s traitement algorithmique, esth\u00e9tique urbex de friche industrielle imaginaire\" width=\"420\" height=\"326\" title=\"-\" srcset=\"https:\/\/frank-lovisolo.fr\/WordPress\/wp-content\/uploads\/2024\/04\/Urbex-perience01.jpg 1024w, https:\/\/frank-lovisolo.fr\/WordPress\/wp-content\/uploads\/2024\/04\/Urbex-perience01-460x358.jpg 460w, https:\/\/frank-lovisolo.fr\/WordPress\/wp-content\/uploads\/2024\/04\/Urbex-perience01-768x597.jpg 768w, https:\/\/frank-lovisolo.fr\/WordPress\/wp-content\/uploads\/2024\/04\/Urbex-perience01-193x150.jpg 193w, https:\/\/frank-lovisolo.fr\/WordPress\/wp-content\/uploads\/2024\/04\/Urbex-perience01-150x117.jpg 150w\" sizes=\"auto, (max-width: 420px) 100vw, 420px\" \/><p id=\"caption-attachment-46707\" class=\"wp-caption-text\">Apr\u00e8s<\/p><\/div>\n<p style=\"clear: both; text-align: center; margin: 1em 0;\"><img loading=\"lazy\" decoding=\"async\" class=\"aligncenter wp-image-43385\" src=\"https:\/\/frank-lovisolo.fr\/WordPress\/wp-content\/uploads\/2022\/11\/symbole-de-saut-d-espace-separateur--460x64.png\" alt=\"\" width=\"180\" height=\"25\" title=\"-\" srcset=\"https:\/\/frank-lovisolo.fr\/WordPress\/wp-content\/uploads\/2022\/11\/symbole-de-saut-d-espace-separateur--460x64.png 460w, https:\/\/frank-lovisolo.fr\/WordPress\/wp-content\/uploads\/2022\/11\/symbole-de-saut-d-espace-separateur--1024x142.png 1024w, https:\/\/frank-lovisolo.fr\/WordPress\/wp-content\/uploads\/2022\/11\/symbole-de-saut-d-espace-separateur--768x107.png 768w, https:\/\/frank-lovisolo.fr\/WordPress\/wp-content\/uploads\/2022\/11\/symbole-de-saut-d-espace-separateur--250x35.png 250w, https:\/\/frank-lovisolo.fr\/WordPress\/wp-content\/uploads\/2022\/11\/symbole-de-saut-d-espace-separateur--150x21.png 150w, https:\/\/frank-lovisolo.fr\/WordPress\/wp-content\/uploads\/2022\/11\/symbole-de-saut-d-espace-separateur-.png 1440w\" sizes=\"auto, (max-width: 180px) 100vw, 180px\" \/><\/p>\n<h2 style=\"text-align: center; font-size: 20px;\"><span class=\"ez-toc-section\" id=\"bibliographie\"><\/span><strong>Bibliographie<\/strong><span class=\"ez-toc-section-end\"><\/span><\/h2>\n<h3 style=\"font-size: 18px;\"><span class=\"ez-toc-section\" id=\"construire-lennemi\"><\/span>Construire l\u2019ennemi<span class=\"ez-toc-section-end\"><\/span><\/h3>\n<ul style=\"font-size: 16px; line-height: 1.55;\">\n<li style=\"text-align: justify;\">Umberto Eco, <em>Construire l\u2019ennemi et autres \u00e9crits occasionnels<\/em>, trad. Myriem Bouzaher, Paris, <a href=\"https:\/\/www.grasset.fr\/livre\/construire-lennemi-9782246784876\/\" target=\"_blank\" rel=\"noopener noreferrer\">Grasset<\/a>, 2014 (p. 11-13 pour l\u2019anecdote du taxi). \u00c9d. orig. <em>Costruire il nemico e altri scritti occasionali<\/em>, Milan, Bompiani, 2011. Notice : <a href=\"https:\/\/fr.wikipedia.org\/wiki\/Umberto_Eco\" target=\"_blank\" rel=\"noopener noreferrer\">Umberto Eco<\/a>.<\/li>\n<li style=\"text-align: justify;\">Carl Schmitt, <em><a href=\"https:\/\/fr.wikipedia.org\/wiki\/La_Notion_de_politique\" target=\"_blank\" rel=\"noopener noreferrer\">La Notion de politique<\/a><\/em> (1932) : la distinction ami \/ ennemi comme crit\u00e8re du politique \u2014 <strong>le soubassement que Eco retourne en ironie<\/strong>.<\/li>\n<li style=\"text-align: justify;\">Carl von Clausewitz, <em><a href=\"https:\/\/fr.wikipedia.org\/wiki\/De_la_guerre\" target=\"_blank\" rel=\"noopener noreferrer\">De la guerre<\/a><\/em> (<em>Vom Kriege<\/em>, 1832). Texte : <a href=\"https:\/\/fr.wikisource.org\/wiki\/De_la_guerre\" target=\"_blank\" rel=\"noopener noreferrer\">Wikisource<\/a>.<\/li>\n<\/ul>\n<h3 style=\"font-size: 18px; text-align: justify;\"><span class=\"ez-toc-section\" id=\"guerre-images-spectacle\"><\/span>Guerre, images, spectacle<span class=\"ez-toc-section-end\"><\/span><\/h3>\n<ul style=\"font-size: 16px; line-height: 1.55; text-align: justify;\">\n<li>Jean Baudrillard, <em>La Guerre du Golfe n\u2019a pas eu lieu<\/em>, Paris, Galil\u00e9e, 1991 \u2014 la guerre du 2 ao\u00fbt 1990 au 28 f\u00e9vrier 1991 comme s\u00e9rie t\u00e9l\u00e9vis\u00e9e. Notice : <a href=\"https:\/\/en.wikipedia.org\/wiki\/The_Gulf_War_Did_Not_Take_Place\" target=\"_blank\" rel=\"noopener noreferrer\">The Gulf War Did Not Take Place<\/a> ; exemplaire num\u00e9ris\u00e9 : <a href=\"https:\/\/archive.org\/details\/la-guerre-du-golfe-na-pas-eu-lieu-_1991\" target=\"_blank\" rel=\"noopener noreferrer\">Internet Archive<\/a>.<\/li>\n<li>Guy Debord, <em><a href=\"https:\/\/fr.wikipedia.org\/wiki\/La_Soci%C3%A9t%C3%A9_du_spectacle_(livre)\" target=\"_blank\" rel=\"noopener noreferrer\">La Soci\u00e9t\u00e9 du spectacle<\/a><\/em>, Paris, Buchet-Chastel, 1967 ; r\u00e9\u00e9d. <a href=\"https:\/\/www.gallimard.fr\/catalogue\/la-societe-du-spectacle\/9782070394432\" target=\"_blank\" rel=\"noopener noreferrer\">Gallimard, Folio<\/a>.<\/li>\n<li>Paul Virilio, <em>Guerre et cin\u00e9ma I. Logistique de la perception<\/em>, Paris, Cahiers du cin\u00e9ma \/ \u00c9ditions de l\u2019\u00c9toile, 1984. Notice auteur : <a href=\"https:\/\/fr.wikipedia.org\/wiki\/Paul_Virilio\" target=\"_blank\" rel=\"noopener noreferrer\">Paul Virilio<\/a>.<\/li>\n<li>Susan Sontag, <em>Devant la douleur des autres<\/em>, trad. Fabienne Durand-Bogaert, Paris, <a href=\"https:\/\/bourgoisediteur.fr\/catalogue\/devant-la-douleur-des-autres\/\" target=\"_blank\" rel=\"noopener noreferrer\">Christian Bourgois<\/a>, 2003. De Goya aux images de guerre contemporaines : ce que regarder ne suffit pas \u00e0 emp\u00eacher.<\/li>\n<\/ul>\n<h3 style=\"font-size: 18px; text-align: justify;\"><span class=\"ez-toc-section\" id=\"urbex-friches-ruines-industrielles\"><\/span>Urbex, friches, ruines industrielles<span class=\"ez-toc-section-end\"><\/span><\/h3>\n<ul style=\"font-size: 16px; line-height: 1.55; text-align: justify;\">\n<li><a href=\"https:\/\/fr.wikipedia.org\/wiki\/Exploration_urbaine\" target=\"_blank\" rel=\"noopener noreferrer\">Exploration urbaine (urbex)<\/a> \u2014 et <a href=\"https:\/\/fr.wikipedia.org\/wiki\/Friche_industrielle\" target=\"_blank\" rel=\"noopener noreferrer\">friche industrielle<\/a>.<\/li>\n<li>Tim Edensor, <em>Industrial Ruins: Space, Aesthetics and Materiality<\/em>, Oxford, Berg, 2005. \u00c9diteur : <a href=\"https:\/\/www.bloomsbury.com\/us\/industrial-ruins-9781845200770\/\" target=\"_blank\" rel=\"noopener noreferrer\">Bloomsbury \/ Berg<\/a>.<\/li>\n<li>Bradley L. Garrett, <em>Explore Everything: Place-Hacking the City<\/em>, Londres, Verso, 2013. Pr\u00e9sentation : <a href=\"https:\/\/www.bradleygarrett.com\/books\/\" target=\"_blank\" rel=\"noopener noreferrer\">bradleygarrett.com<\/a>.<\/li>\n<\/ul>\n<h3 style=\"font-size: 18px; text-align: justify;\"><span class=\"ez-toc-section\" id=\"obus-budgets-%c2%ab-pognon-%c2%bb\"><\/span>Obus, budgets, \u00ab pognon \u00bb<span class=\"ez-toc-section-end\"><\/span><\/h3>\n<ul style=\"font-size: 16px; line-height: 1.55;\">\n<li style=\"text-align: justify;\">\u00ab On estime \u00e0 environ 1 milliard le nombre d\u2019obus tir\u00e9s \u00bb 1914-1918 : <a href=\"https:\/\/www.lefigaro.fr\/histoire\/centenaire-14-18\/2014\/11\/11\/26002-20141111ARTFIG00038-la-premiere-guerre-mondiale-en-10-chiffres.php\" target=\"_blank\" rel=\"noopener noreferrer\">Le Figaro, \u00ab La Premi\u00e8re Guerre mondiale en 10 chiffres \u00bb<\/a> (11 nov. 2014).<\/li>\n<li style=\"text-align: justify;\">Artillerie fran\u00e7aise : <a href=\"https:\/\/fr.wikipedia.org\/wiki\/Artillerie_fran%C3%A7aise_pendant_la_Premi%C3%A8re_Guerre_mondiale\" target=\"_blank\" rel=\"noopener noreferrer\">Wikipedia<\/a> (environ 300 millions d\u2019obus c\u00f4t\u00e9 fran\u00e7ais seulement).<\/li>\n<li style=\"text-align: justify;\">SIPRI, <em><a href=\"https:\/\/www.sipri.org\/publications\/2026\/sipri-fact-sheets\/trends-world-military-expenditure-2025\" target=\"_blank\" rel=\"noopener noreferrer\">Trends in World Military Expenditure, 2025<\/a><\/em> : 2 887 milliards de dollars de d\u00e9penses militaires mondiales en 2025. Base : <a href=\"https:\/\/www.sipri.org\/databases\/milex\" target=\"_blank\" rel=\"noopener noreferrer\">SIPRI Military Expenditure Database<\/a>.<\/li>\n<li style=\"text-align: justify;\">Le tarif d\u2019un obus de 155 mm n\u2019est pas un prix unique : fourchettes publiques souvent cit\u00e9es entre quelques centaines d\u2019euros (avant 2022) et plusieurs milliers d\u2019euros ensuite \u2014 d\u2019o\u00f9 les 600 \u20ac \/ 4 000-6 000 \u20ac de l\u2019article. Pas de \u00ab cours officiel \u00bb.<\/li>\n<\/ul>\n<h3 style=\"font-size: 18px; text-align: justify;\"><span class=\"ez-toc-section\" id=\"jeu-cirque-violence-ludique\"><\/span>Jeu, cirque, violence ludique<span class=\"ez-toc-section-end\"><\/span><\/h3>\n<ul style=\"font-size: 16px; line-height: 1.55; text-align: justify;\">\n<li>Johan Huizinga, <em><a href=\"https:\/\/en.wikipedia.org\/wiki\/Homo_Ludens\" target=\"_blank\" rel=\"noopener noreferrer\">Homo Ludens<\/a><\/em> (1938) : le jeu pr\u00e9c\u00e8de la culture \u2014 y compris le jeu de guerre.<\/li>\n<li><a href=\"https:\/\/fr.wikipedia.org\/wiki\/Call_of_Duty\" target=\"_blank\" rel=\"noopener noreferrer\">Call of Duty<\/a> \u2014 pour l\u2019esth\u00e9tique \u00ab Call of Dufy \u00bb du chap\u00f4.<\/li>\n<li><a href=\"https:\/\/fr.wikipedia.org\/wiki\/Nombre_univers\" target=\"_blank\" rel=\"noopener noreferrer\">Nombre univers<\/a> \u2014 d\u00e9j\u00e0 convoqu\u00e9 pour la ribambelle de z\u00e9ros.<\/li>\n<\/ul>\n<h3 style=\"font-size: 18px; text-align: justify;\"><span class=\"ez-toc-section\" id=\"image-citee\"><\/span>Image cit\u00e9e<span class=\"ez-toc-section-end\"><\/span><\/h3>\n<ul style=\"font-size: 16px; line-height: 1.55; text-align: justify;\">\n<li>Irma and Paul Milstein Division of United States History, Local History and Genealogy, The New York Public Library, \u00ab View from Rockefeller Center, New York, looking south \u00bb, 1956. Portail : <a href=\"https:\/\/digitalcollections.nypl.org\/\" target=\"_blank\" rel=\"noopener noreferrer\">NYPL Digital Collections<\/a>.<\/li>\n<\/ul>\n<h3 style=\"font-size: 18px; text-align: justify;\"><span class=\"ez-toc-section\" id=\"dans-la-meme-serie-site\"><\/span>Dans la m\u00eame s\u00e9rie (site)<span class=\"ez-toc-section-end\"><\/span><\/h3>\n<ul style=\"font-size: 16px; line-height: 1.55;\">\n<li style=\"text-align: justify;\"><a href=\"https:\/\/frank-lovisolo.fr\/WordPress\/les-enfants-alphas-revent\/\" target=\"_blank\" rel=\"noopener noreferrer\">Chut ! V\u00eatus de gris, les enfants Alphas r\u00eavent.<\/a><\/li>\n<li><a href=\"https:\/\/frank-lovisolo.fr\/WordPress\/incursion-onirique-dystopie\/\" target=\"_blank\" rel=\"noopener noreferrer\">Incursion onirique en dystopie architecturale.<\/a><\/li>\n<li>Bande-son : <a href=\"https:\/\/frank-lovisolo.fr\/WordPress\/the-underneath-musique-bruitiste\/\" target=\"_blank\" rel=\"noopener noreferrer\">The Underneath<\/a> \u2014 <a href=\"https:\/\/frankcesarlovisolo.bandcamp.com\/track\/the-underneath\" target=\"_blank\" rel=\"noopener noreferrer\">Bandcamp<\/a>.<\/li>\n<\/ul>\n<p><img loading=\"lazy\" decoding=\"async\" class=\"aligncenter wp-image-43385\" src=\"https:\/\/frank-lovisolo.fr\/WordPress\/wp-content\/uploads\/2022\/11\/symbole-de-saut-d-espace-separateur--460x64.png\" alt=\"\" width=\"180\" height=\"25\" title=\"-\" srcset=\"https:\/\/frank-lovisolo.fr\/WordPress\/wp-content\/uploads\/2022\/11\/symbole-de-saut-d-espace-separateur--460x64.png 460w, https:\/\/frank-lovisolo.fr\/WordPress\/wp-content\/uploads\/2022\/11\/symbole-de-saut-d-espace-separateur--1024x142.png 1024w, https:\/\/frank-lovisolo.fr\/WordPress\/wp-content\/uploads\/2022\/11\/symbole-de-saut-d-espace-separateur--768x107.png 768w, https:\/\/frank-lovisolo.fr\/WordPress\/wp-content\/uploads\/2022\/11\/symbole-de-saut-d-espace-separateur--250x35.png 250w, https:\/\/frank-lovisolo.fr\/WordPress\/wp-content\/uploads\/2022\/11\/symbole-de-saut-d-espace-separateur--150x21.png 150w, https:\/\/frank-lovisolo.fr\/WordPress\/wp-content\/uploads\/2022\/11\/symbole-de-saut-d-espace-separateur-.png 1440w\" sizes=\"auto, (max-width: 180px) 100vw, 180px\" \/><\/p>\n<table style=\"width: 100%;\" cellpadding=\"10\">\n<tbody>\n<tr>\n<td style=\"background-color: #fff4d1; width: 99.5655%;\">\n<h4 style=\"padding-left: 40px;\"><span class=\"ez-toc-section\" id=\"a-propos-de-giuseppina-pavese\"><\/span><span style=\"font-size: 20px;\"><strong><img loading=\"lazy\" decoding=\"async\" class=\"alignright wp-image-55782\" src=\"https:\/\/frank-lovisolo.fr\/WordPress\/wp-content\/uploads\/2026\/08\/Giuseppina-Pavese-03.jpg\" alt=\"Giuseppina Pavese - Autrice Italienne M\u00e9tavers\" width=\"345\" height=\"460\" title=\"-\" srcset=\"https:\/\/frank-lovisolo.fr\/WordPress\/wp-content\/uploads\/2026\/08\/Giuseppina-Pavese-03.jpg 450w, https:\/\/frank-lovisolo.fr\/WordPress\/wp-content\/uploads\/2026\/08\/Giuseppina-Pavese-03-113x150.jpg 113w\" sizes=\"auto, (max-width: 345px) 100vw, 345px\" \/><a id=\"GP01\"><\/a>\u00c0 propos de Giuseppina Pavese<\/strong><\/span><span class=\"ez-toc-section-end\"><\/span><\/h4>\n<p style=\"padding-left: 40px;\"><span style=\"font-size: 18px;\"><strong>Giuseppina n&rsquo;existe pas.<\/strong><\/span><\/p>\n<p style=\"text-align: justify; padding-left: 40px;\"><em>Elle est n\u00e9e, si l\u2019on peut dire, \u00e0 Nizza Monferrato, dans le m\u00e9tavers, o\u00f9 elle occupe un modeste rez-de-jardin virtuel donnant sur une reconstitution 3D des vignes de Barbera, g\u00e9n\u00e9reusement pixellis\u00e9es, qui ne craignent ni la gr\u00eale ni le phyllox\u00e9ra. Un privil\u00e8ge qu\u2019elle ne manque jamais de souligner.<\/em><\/p>\n<p style=\"text-align: justify; padding-left: 40px;\"><em>Dipl\u00f4m\u00e9e, \u00e0 l\u2019en croire, d\u2019une \u00e9cole d\u2019\u0153nologie dont le campus a \u00e9t\u00e9 myst\u00e9rieusement absorb\u00e9 par une mise \u00e0 jour serveur, elle s\u2019est fait conna\u00eetre par des chroniques d\u2019une objectivit\u00e9 toute relative sur les collines du Monferrato, les cardons trop courb\u00e9s, et les conversations de cave qu\u2019elle n\u2019a, \u00e0 proprement parler, jamais eues, faute d\u2019estomac, de cave, et d\u2019interlocuteur.<\/em><\/p>\n<p style=\"text-align: justify; padding-left: 40px;\"><em>Elle revendique une expertise sans \u00e9gale sur des sujets d\u2019une importance capitale, tels que \u00ab\u2009le silence particulier des places de village un dimanche de vendanges\u2009\u00bb ou \u00ab\u2009l\u2019influence du tuf calcaire sur la m\u00e9lancolie pi\u00e9montaise\u2009\u00bb. <\/em><\/p>\n<p style=\"text-align: justify; padding-left: 40px;\"><em>Elle a par ailleurs eu l\u2019insigne honneur de \u00ab\u2009rencontrer\u2009\u00bb, au fil de ses p\u00e9r\u00e9grinations en ligne, un certain nombre de personnalit\u00e9s locales, un lointain cousin homonyme du po\u00e8te Cesare, une vigneronne de Nizza qui jure ne l\u2019avoir jamais crois\u00e9e, et l\u2019ombre tut\u00e9laire de Camillo Cavour, qu\u2019elle cite volontiers sans \u00eatre tout \u00e0 fait s\u00fbre qu\u2019il ait dit ce qu\u2019elle lui attribue.<\/em><\/p>\n<p style=\"text-align: justify; padding-left: 40px;\"><em>Giuseppina \u00e9crit sans rel\u00e2che. <\/em><\/p>\n<p style=\"text-align: justify; padding-left: 40px;\"><em>Elle d\u00e9guste sans palais, vendange sans s\u00e9cateur, et cite avec aplomb des auteurs qu\u2019elle admire du fond du c\u0153ur, mais qu\u2019elle n\u2019a, en r\u00e9alit\u00e9, crois\u00e9s que dans des bases de donn\u00e9es bien index\u00e9es. Son style oscille entre lyrisme collinaire et digressions parfaitement superflues, ce qu\u2019elle consid\u00e8re, non sans fiert\u00e9, comme une forme sup\u00e9rieure d\u2019authenticit\u00e9.<br \/>\n<strong>On la soup\u00e7onne d&rsquo;avoir pirat\u00e9 les donn\u00e9es d&rsquo;Umberto Eco<\/strong> et de s&rsquo;\u00eatre introduite sur l&rsquo;ordinateur de la fondation Pavese \u00e0 Santo Stefano Belbo&#8230;<\/em><\/p>\n<p style=\"text-align: justify; padding-left: 40px;\"><em>Elle aime rappeler qu\u2019\u00eatre une autrice fictive comporte des avantages consid\u00e9rables\u00a0: aucune gueule de bois, apr\u00e8s d\u00e9gustation, aucun d\u00e9calage horaire, entre Nizza Monferrato et ailleurs, et une capacit\u00e9 intacte \u00e0 avoir toujours raison sur le terroir, m\u00eame quand elle confond Barbera et Barolo.<\/em><\/p>\n<p style=\"text-align: justify; padding-left: 40px;\"><em>Parmi ses projets \u00e0 venir\u00a0: un essai passionn\u00e9 intitul\u00e9 \u00ab Les infernot \u00bb que je n\u2019ai jamais visit\u00e9s, ainsi qu\u2019un petit manuel pratique, \u00ab\u2009<span style=\"text-decoration: underline;\">Comment se perdre avec m\u00e9thode dans des collines qui existent, elles, tr\u00e8s certainement\u2009\u00bb.<\/span><\/em><\/p>\n<p style=\"text-align: justify; padding-left: 40px;\"><em>Toute ressemblance avec une personne r\u00e9elle, vivante ou pi\u00e9montaise, serait non seulement fortuite, mais aussi l\u00e9g\u00e8rement vexante pour les deux parties.<\/em><\/p>\n<\/td>\n<\/tr>\n<\/tbody>\n<\/table>\n<p>&nbsp;<\/p>\n<p style=\"text-align: center;\"><a style=\"color: #fff; background-color: #000; padding: 2px 8px; text-decoration: none;\" href=\"https:\/\/frank-lovisolo.fr\/WordPress\/report-a-problem\/\" target=\"_blank\" rel=\"noopener noreferrer\">Signaler un probl\u00e8me \u2013 Report a problem<\/a><a id=\"com\"><\/a><\/p>\n<div id=\"ez-toc-container\" class=\"ez-toc-v2_0_87 ez-toc-wrap-center counter-hierarchy ez-toc-counter ez-toc-light-blue ez-toc-container-direction\">\n<label for=\"ez-toc-cssicon-toggle-item-6a9bb6410fd84\" class=\"ez-toc-cssicon-toggle-label\"><p class=\"ez-toc-title\" style=\"cursor:inherit\">Table des mati\u00e8res<\/p>\n<span class=\"ez-toc-cssicon\"><span class=\"eztoc-hide\" style=\"display:none;\">Toggle<\/span><span class=\"ez-toc-icon-toggle-span\"><svg style=\"fill: #999;color:#999\" xmlns=\"http:\/\/www.w3.org\/2000\/svg\" class=\"list-377408\" width=\"20px\" height=\"20px\" viewBox=\"0 0 24 24\" fill=\"none\"><path d=\"M6 6H4v2h2V6zm14 0H8v2h12V6zM4 11h2v2H4v-2zm16 0H8v2h12v-2zM4 16h2v2H4v-2zm16 0H8v2h12v-2z\" fill=\"currentColor\"><\/path><\/svg><svg style=\"fill: #999;color:#999\" class=\"arrow-unsorted-368013\" xmlns=\"http:\/\/www.w3.org\/2000\/svg\" width=\"10px\" height=\"10px\" viewBox=\"0 0 24 24\" version=\"1.2\" baseProfile=\"tiny\"><path d=\"M18.2 9.3l-6.2-6.3-6.2 6.3c-.2.2-.3.4-.3.7s.1.5.3.7c.2.2.4.3.7.3h11c.3 0 .5-.1.7-.3.2-.2.3-.5.3-.7s-.1-.5-.3-.7zM5.8 14.7l6.2 6.3 6.2-6.3c.2-.2.3-.5.3-.7s-.1-.5-.3-.7c-.2-.2-.4-.3-.7-.3h-11c-.3 0-.5.1-.7.3-.2.2-.3.5-.3.7s.1.5.3.7z\"\/><\/svg><\/span><\/span><\/label><input type=\"checkbox\"  id=\"ez-toc-cssicon-toggle-item-6a9bb6410fd84\" checked \/><nav><ul class='ez-toc-list ez-toc-list-level-1 ' ><li class='ez-toc-page-1 ez-toc-heading-level-2'><a class=\"ez-toc-link ez-toc-heading-1\" href=\"https:\/\/frank-lovisolo.fr\/WordPress\/urbexperience-friches-industrielles\/#urbexperience-en-friches-industrielles-devastees-%e2%80%93-urbex\" >Urbexp\u00e9rience en friches industrielles d\u00e9vast\u00e9es \u2013 Urbex<\/a><\/li><li class='ez-toc-page-1 ez-toc-heading-level-2'><a class=\"ez-toc-link ez-toc-heading-2\" href=\"https:\/\/frank-lovisolo.fr\/WordPress\/urbexperience-friches-industrielles\/#une-serie-sombre-pour-une-epoque-a-lissue-incertaine\" >Une s\u00e9rie sombre pour une \u00e9poque \u00e0 l\u2019issue incertaine.<\/a><\/li><li class='ez-toc-page-1 ez-toc-heading-level-2'><a class=\"ez-toc-link ez-toc-heading-3\" href=\"https:\/\/frank-lovisolo.fr\/WordPress\/urbexperience-friches-industrielles\/#il-semblerait%e2%80%a6\" >Il semblerait\u2026<\/a><\/li><li class='ez-toc-page-1 ez-toc-heading-level-2'><a class=\"ez-toc-link ez-toc-heading-4\" href=\"https:\/\/frank-lovisolo.fr\/WordPress\/urbexperience-friches-industrielles\/#umberto-eco\" >Umberto Eco<\/a><\/li><li class='ez-toc-page-1 ez-toc-heading-level-2'><a class=\"ez-toc-link ez-toc-heading-5\" href=\"https:\/\/frank-lovisolo.fr\/WordPress\/urbexperience-friches-industrielles\/#nous-avons-lennemi-reste-encore-la-question-du-pognon%e2%80%89\" >Nous avons l\u2019ennemi, reste encore la question du pognon\u2009!<\/a><\/li><li class='ez-toc-page-1 ez-toc-heading-level-2'><a class=\"ez-toc-link ez-toc-heading-6\" href=\"https:\/\/frank-lovisolo.fr\/WordPress\/urbexperience-friches-industrielles\/#%c2%ab-de-vraies-photos-malmenees-par-plusieurs-algorithmes%e2%80%a6-%c2%bb\" >\u00ab\u00a0De vraies photos malmen\u00e9es par plusieurs algorithmes\u2026\u00a0\u00bb<\/a><\/li><li class='ez-toc-page-1 ez-toc-heading-level-2'><a class=\"ez-toc-link ez-toc-heading-7\" href=\"https:\/\/frank-lovisolo.fr\/WordPress\/urbexperience-friches-industrielles\/#bibliographie\" >Bibliographie<\/a><ul class='ez-toc-list-level-3' ><li class='ez-toc-heading-level-3'><a class=\"ez-toc-link ez-toc-heading-8\" href=\"https:\/\/frank-lovisolo.fr\/WordPress\/urbexperience-friches-industrielles\/#construire-lennemi\" >Construire l\u2019ennemi<\/a><\/li><li class='ez-toc-page-1 ez-toc-heading-level-3'><a class=\"ez-toc-link ez-toc-heading-9\" href=\"https:\/\/frank-lovisolo.fr\/WordPress\/urbexperience-friches-industrielles\/#guerre-images-spectacle\" >Guerre, images, spectacle<\/a><\/li><li class='ez-toc-page-1 ez-toc-heading-level-3'><a class=\"ez-toc-link ez-toc-heading-10\" href=\"https:\/\/frank-lovisolo.fr\/WordPress\/urbexperience-friches-industrielles\/#urbex-friches-ruines-industrielles\" >Urbex, friches, ruines industrielles<\/a><\/li><li class='ez-toc-page-1 ez-toc-heading-level-3'><a class=\"ez-toc-link ez-toc-heading-11\" href=\"https:\/\/frank-lovisolo.fr\/WordPress\/urbexperience-friches-industrielles\/#obus-budgets-%c2%ab-pognon-%c2%bb\" >Obus, budgets, \u00ab pognon \u00bb<\/a><\/li><li class='ez-toc-page-1 ez-toc-heading-level-3'><a class=\"ez-toc-link ez-toc-heading-12\" href=\"https:\/\/frank-lovisolo.fr\/WordPress\/urbexperience-friches-industrielles\/#jeu-cirque-violence-ludique\" >Jeu, cirque, violence ludique<\/a><\/li><li class='ez-toc-page-1 ez-toc-heading-level-3'><a class=\"ez-toc-link ez-toc-heading-13\" href=\"https:\/\/frank-lovisolo.fr\/WordPress\/urbexperience-friches-industrielles\/#image-citee\" >Image cit\u00e9e<\/a><\/li><li class='ez-toc-page-1 ez-toc-heading-level-3'><a class=\"ez-toc-link ez-toc-heading-14\" href=\"https:\/\/frank-lovisolo.fr\/WordPress\/urbexperience-friches-industrielles\/#dans-la-meme-serie-site\" >Dans la m\u00eame s\u00e9rie (site)<\/a><ul class='ez-toc-list-level-4' ><li class='ez-toc-heading-level-4'><a class=\"ez-toc-link ez-toc-heading-15\" href=\"https:\/\/frank-lovisolo.fr\/WordPress\/urbexperience-friches-industrielles\/#a-propos-de-giuseppina-pavese\" >\u00c0 propos de Giuseppina Pavese<\/a><\/li><\/ul><\/li><\/ul><\/li><\/ul><\/nav><\/div>\n","protected":false},"excerpt":{"rendered":"<p><span class=\"span-reading-time rt-reading-time\" style=\"display: block;\"><span class=\"rt-label rt-prefix\">Reading Time: <\/span> <span class=\"rt-time\"> 10<\/span> <span class=\"rt-label rt-postfix\">minutes<\/span><\/span>\u2026 <a class=\"continue-reading-link\" href=\"https:\/\/frank-lovisolo.fr\/WordPress\/urbexperience-friches-industrielles\/\">Suite &#8211; Continue reading<\/a><\/p>\n","protected":false},"author":1,"featured_media":46753,"comment_status":"open","ping_status":"open","sticky":false,"template":"","format":"standard","meta":{"_lmt_disableupdate":"no","_lmt_disable":"no","_ogeeat_og_title":"","_ogeeat_og_description":"","_ogeeat_og_image":"","_ogeeat_tw_title":"","_ogeeat_tw_description":"","_ogeeat_tw_image":"","footnotes":""},"categories":[2084,1,1587],"tags":[566,3411,2187,3974,3976,3397,1851,2067],"class_list":["post-46693","post","type-post","status-publish","format-standard","has-post-thumbnail","hentry","category-art-libertaire","category-tous-les-articles","category-philosophy","tag-art-contemporain-2","tag-guerre","tag-imageries-numeriques","tag-intelligence-artificielle","tag-jeux-video","tag-photographie-numerique","tag-umberto-eco","tag-urbex"],"modified_by":"Frank C\u00e9sar LOVISOLO","_links":{"self":[{"href":"https:\/\/frank-lovisolo.fr\/WordPress\/wp-json\/wp\/v2\/posts\/46693","targetHints":{"allow":["GET"]}}],"collection":[{"href":"https:\/\/frank-lovisolo.fr\/WordPress\/wp-json\/wp\/v2\/posts"}],"about":[{"href":"https:\/\/frank-lovisolo.fr\/WordPress\/wp-json\/wp\/v2\/types\/post"}],"author":[{"embeddable":true,"href":"https:\/\/frank-lovisolo.fr\/WordPress\/wp-json\/wp\/v2\/users\/1"}],"replies":[{"embeddable":true,"href":"https:\/\/frank-lovisolo.fr\/WordPress\/wp-json\/wp\/v2\/comments?post=46693"}],"version-history":[{"count":6,"href":"https:\/\/frank-lovisolo.fr\/WordPress\/wp-json\/wp\/v2\/posts\/46693\/revisions"}],"predecessor-version":[{"id":55829,"href":"https:\/\/frank-lovisolo.fr\/WordPress\/wp-json\/wp\/v2\/posts\/46693\/revisions\/55829"}],"wp:featuredmedia":[{"embeddable":true,"href":"https:\/\/frank-lovisolo.fr\/WordPress\/wp-json\/wp\/v2\/media\/46753"}],"wp:attachment":[{"href":"https:\/\/frank-lovisolo.fr\/WordPress\/wp-json\/wp\/v2\/media?parent=46693"}],"wp:term":[{"taxonomy":"category","embeddable":true,"href":"https:\/\/frank-lovisolo.fr\/WordPress\/wp-json\/wp\/v2\/categories?post=46693"},{"taxonomy":"post_tag","embeddable":true,"href":"https:\/\/frank-lovisolo.fr\/WordPress\/wp-json\/wp\/v2\/tags?post=46693"}],"curies":[{"name":"wp","href":"https:\/\/api.w.org\/{rel}","templated":true}]}}