{"id":398,"date":"2010-01-07T12:59:21","date_gmt":"2010-01-07T11:59:21","guid":{"rendered":"http:\/\/f.lovisolojob.free.fr\/Blog\/?p=398"},"modified":"2020-08-15T08:47:47","modified_gmt":"2020-08-15T06:47:47","slug":"lacrimosa-athees","status":"publish","type":"post","link":"https:\/\/frank-lovisolo.fr\/WordPress\/lacrimosa-athees\/","title":{"rendered":"Lacrimosa &#8211;  musiques liturgiquement ath\u00e9es"},"content":{"rendered":"<span class=\"span-reading-time rt-reading-time\" style=\"display: block;\"><span class=\"rt-label rt-prefix\">Reading Time: <\/span> <span class=\"rt-time\"> 2<\/span> <span class=\"rt-label rt-postfix\">minutes<\/span><\/span><p><span style=\"color: #ffffff;\">ath\u00e9es<\/span><\/p>\n<table style=\"width: 100%;\" cellpadding=\"10\">\n<tbody>\n<tr>\n<td style=\"width: 33.33%; text-align: right; vertical-align: top;\" colspan=\"2\">\u00a0<\/td>\n<td style=\"width: 33.33%; text-align: left; vertical-align: top;\">\n<div><span style=\"font-size: 20px;\"><a href=\"#com\"><img decoding=\"async\" class=\"alignright wp-image-15068 size-full\" title=\"ath\u00e9es\" src=\"https:\/\/frank-lovisolo.fr\/WordPress\/wp-content\/uploads\/2015\/06\/ComVert.jpg\" alt=\"ath\u00e9es\" \/><\/a><\/span><\/div>\n<\/td>\n<\/tr>\n<\/tbody>\n<\/table>\n<h3><span class=\"ez-toc-section\" id=\"ensemble-de-musiques-liturgiquement-athees\"><\/span>Ensemble de musiques liturgiquement ath\u00e9es .<span class=\"ez-toc-section-end\"><\/span><\/h3>\n<table style=\"width: 100%;\" cellpadding=\"10\">\n<tbody>\n<tr>\n<td>Lacrimosa<\/p>\n<audio class=\"wp-audio-shortcode\" id=\"audio-398-1\" autoplay preload=\"none\" style=\"width: 100%;\" controls=\"controls\"><source type=\"audio\/mpeg\" src=\"http:\/\/frank-lovisolo.fr\/cat\/m3p\/Lacrimosa.mp3?_=1\" \/><source type=\"audio\/ogg\" src=\"http:\/\/frank-lovisolo.fr\/cat\/ogg\/Lacrimosa.ogg?_=1\" \/><a href=\"http:\/\/frank-lovisolo.fr\/cat\/m3p\/Lacrimosa.mp3\">http:\/\/frank-lovisolo.fr\/cat\/m3p\/Lacrimosa.mp3<\/a><\/audio>\n<\/td>\n<td>\n<p>Terra Incognita<\/p>\n<audio class=\"wp-audio-shortcode\" id=\"audio-398-2\" style=\"width: 100%;\" controls=\"controls\"><source type=\"audio\/mpeg\" src=\"http:\/\/frank-lovisolo.fr\/cat\/m3p\/Terra%20Incognita.mp3?_=2\" \/><source type=\"audio\/ogg\" src=\"http:\/\/frank-lovisolo.fr\/cat\/ogg\/TerraIncognita.ogg?_=2\" \/><a href=\"http:\/\/frank-lovisolo.fr\/cat\/m3p\/Terra%20Incognita.mp3\">http:\/\/frank-lovisolo.fr\/cat\/m3p\/Terra%20Incognita.mp3<\/a><\/audio>\n<\/td>\n<\/tr>\n<tr>\n<td>\n<p>Veritas Domini<\/p>\n<audio class=\"wp-audio-shortcode\" id=\"audio-398-3\" style=\"width: 100%;\" controls=\"controls\"><source type=\"audio\/mpeg\" src=\"http:\/\/frank-lovisolo.fr\/cat\/m3p\/Veritas%20Domini.mp3?_=3\" \/><source type=\"audio\/ogg\" src=\"http:\/\/frank-lovisolo.fr\/cat\/ogg\/VeritasDomini.ogg?_=3\" \/><a href=\"http:\/\/frank-lovisolo.fr\/cat\/m3p\/Veritas%20Domini.mp3\">http:\/\/frank-lovisolo.fr\/cat\/m3p\/Veritas%20Domini.mp3<\/a><\/audio>\n<\/td>\n<td>\n<p>Lux et Veritas<\/p>\n<audio class=\"wp-audio-shortcode\" id=\"audio-398-4\" style=\"width: 100%;\" controls=\"controls\"><source type=\"audio\/mpeg\" src=\"http:\/\/frank-lovisolo.fr\/cat\/m3p\/Lux%20et%20Veritas.mp3?_=4\" \/><source type=\"audio\/ogg\" src=\"http:\/\/frank-lovisolo.fr\/cat\/ogg\/LuxEtVeritas.ogg?_=4\" \/><a href=\"http:\/\/frank-lovisolo.fr\/cat\/m3p\/Lux%20et%20Veritas.mp3\">http:\/\/frank-lovisolo.fr\/cat\/m3p\/Lux%20et%20Veritas.mp3<\/a><\/audio>\n<\/td>\n<\/tr>\n<tr>\n<td><a href=\"https:\/\/fr.wikipedia.org\/wiki\/Ath%C3%A9isme\" target=\"_blank\" rel=\"noopener noreferrer\"><img loading=\"lazy\" decoding=\"async\" class=\"alignnone\" title=\"Ath\u00e9es\" src=\"\/ImagesWPannexe\/marie1.jpg\" alt=\"Ath\u00e9es\" width=\"300\" height=\"534\" \/><\/a><\/td>\n<td style=\"width: 50%;\">\n<h3><span class=\"ez-toc-section\" id=\"je-suis-athee%e2%80%a6\"><\/span>Je suis <a href=\"https:\/\/fr.wikipedia.org\/wiki\/Ath%C3%A9isme\" target=\"_blank\" rel=\"noopener noreferrer\">ath\u00e9e<\/a>\u2026<span class=\"ez-toc-section-end\"><\/span><\/h3>\n<p>A comme absolument ath\u00e9e T comme totalement ath\u00e9e H comme herm\u00e9tiquement ath\u00e9e \u00c9 accent aigu comme \u00e9tonnamment ath\u00e9e E comme enti\u00e8rement ath\u00e9e\u2026 \u00a0 \u00a0 <a href=\"https:\/\/fr.wikipedia.org\/wiki\/Jacques_Pr%C3%A9vert\" target=\"_blank\" rel=\"noopener noreferrer\">J.Pr\u00e9vert<\/a> (Paroles)<\/p>\n<\/td>\n<\/tr>\n<tr>\n<td>Sculpture: Marie Joseph Jeay<br \/>\nBris\u00e9e par des gens bien attentionn\u00e9s&#8230;<br \/>\nEncore merci&#8230;.<\/td>\n<td>&nbsp;<\/td>\n<\/tr>\n<tr>\n<td colspan=\"2\">\n<div id=\"firstHeading\" lang=\"fr\"><a href=\"https:\/\/fr.wikipedia.org\/wiki\/Ath%C3%A9isme\" target=\"_blank\" rel=\"noopener noreferrer\">Ath\u00e9isme<\/a>\u00a0:\u00a0<\/div>\n<div lang=\"fr\">Personne qui ne reconna\u00eet pas Dieu ou nie l&rsquo;existence de Dieu.<\/div>\n<div lang=\"fr\">\u00a0<\/div>\n<div lang=\"fr\">Celui qui ne croit point que Dieu existe.<\/div>\n<div lang=\"fr\">\u00a0<\/div>\n<div lang=\"fr\"><cite><q>Alors [dans les premiers si\u00e8cles] des ath\u00e9es devenaient chr\u00e9tiens\u00a0; maintenant des chr\u00e9tiens deviennent ath\u00e9es<\/q>, <\/cite><\/div>\n<div lang=\"fr\"><cite><span class=\"src\">[<a class=\"aut\" title=\"Louis BOURDALOUE (1632-1704)\" href=\"https:\/\/www.littre.org\/auteur\/BOURDALOUE\" target=\"_blank\" rel=\"noopener\">Bourdaloue<\/a>,<em class=\"ref\" title=\"Pens\u00e9es\">Pens\u00e9es, t. I, p. 264<\/em>]<\/span><\/cite><\/div>\n<div lang=\"fr\">\u00a0<\/div>\n<div lang=\"fr\"><cite><q>Ath\u00e8nes, la plus polie et la plus savante de toutes les villes grecques, prenait pour ath\u00e9es ceux qui parlaient des choses intellectuelles<\/q>, <span class=\"src\">[<a class=\"aut\" title=\"Jacques-B\u00e9nigne BOSSUET (1627-1704)\" href=\"https:\/\/www.littre.org\/auteur\/BOSSUET\" target=\"_blank\" rel=\"noopener\">Bossuet<\/a>, <em class=\"ref\" title=\"Discours sur l'histoire universelle\">Hist. II, 5<\/em>]<\/span><\/cite><\/div>\n<div lang=\"fr\">\u00a0<\/div>\n<div lang=\"fr\">\u00a0<\/div>\n<div lang=\"fr\"><a href=\"http:\/\/atheisme.org\/\" target=\"_blank\" rel=\"noopener\">http:\/\/atheisme.org\/<\/a><\/div>\n<div>\u00a0<\/div>\n<\/td>\n<\/tr>\n<tr>\n<td colspan=\"2\">\n<blockquote>\n<p style=\"text-align: justify;\"><span style=\"font-size: 24px;\">L\u2019ath\u00e9isme<\/span><\/p>\n<p style=\"text-align: justify;\">est une attitude ou une doctrine qui nie l\u2019existence de quelque dieu ou divinit\u00e9 que ce soit, contrairement, par exemple, au d\u00e9isme et au th\u00e9isme qui soutiennent ces existences, ou \u00e0 l\u2019agnosticisme qui consid\u00e8re que personne ne peut r\u00e9pondre \u00e0 ces questions. C&rsquo;est une position philosophique qui peut \u00eatre formul\u00e9e ainsi : il n&rsquo;existe rien qui ressemble de pr\u00e8s ou de loin \u00e0 ce que les croyants appellent un \u00ab dieu \u00bb, ou \u00ab Dieu \u00bb.\u00a0<\/p>\n<p style=\"text-align: justify;\">La premi\u00e8re occurrence publi\u00e9e retrouv\u00e9e du mot \u00ab ath\u00e9isme \u00bb date du XVI<sup>e<\/sup>\u00a0si\u00e8cle, dans le texte de Fran\u00e7ois de Billon, Le Fort inexpugnable de l\u2019honneur du sexe f\u00e9minin, en 1555. Il d\u00e9signe alors l\u2019incroyance d&rsquo;un peuple. Il d\u00e9rive du mot \u00ab ath\u00e9e \u00bb et du suffixe \u00ab -isme \u00bb et qualifie donc \u00ab la doctrine de l&rsquo;ath\u00e9e \u00bb.<\/p>\n<p style=\"text-align: justify;\">Le mot \u00ab ath\u00e9e \u00bb remonte \u00e9galement au XVI<sup>e<\/sup> si\u00e8cle (Fran\u00e7ois Rabelais dans Lettre \u00e0 \u00c9rasme d\u00e9cembre 1532). Le mot est compos\u00e9 du pr\u00e9fixe \u00ab a \u00bb privatif qui signifie \u00ab sans \u00bb et du radical grec th\u00e9os signifiant \u00ab dieu \u00bb et vient de l&rsquo;acception chez Platon de l&rsquo;adjectif grec atheos [\u0391\u03b8\u03b5\u03bf\u03c2 (1re d\u00e9clinaison)] \u00ab qui ne croit pas aux dieux \u00bb (les dieux grecs) qui sera repris en latin chr\u00e9tien par atheos \u00ab qui ne croit pas en Dieu \u00bb (le dieu biblique).<\/p>\n<p style=\"text-align: justify;\"><a href=\"https:\/\/fr.wikipedia.org\/wiki\/Ath%C3%A9isme\" target=\"_blank\" rel=\"noopener noreferrer\">La suite &gt;&gt;&gt;&gt;&gt;&gt;&gt;&gt;&gt;<\/a><\/p>\n<\/blockquote>\n<\/td>\n<\/tr>\n<\/tbody>\n<\/table>\n<p>&lt; p style=\u00a0\u00bbtext-align: center;\u00a0\u00bb&gt;<span style=\"color: #ffffff;\">&#8230;<\/span><a id=\"com\"><\/a>\u00a0<\/p>\n<div id=\"ez-toc-container\" class=\"ez-toc-v2_0_82_2 ez-toc-wrap-center counter-hierarchy ez-toc-counter ez-toc-light-blue ez-toc-container-direction\">\n<label for=\"ez-toc-cssicon-toggle-item-69edc9ee3cd36\" class=\"ez-toc-cssicon-toggle-label\"><p class=\"ez-toc-title\" style=\"cursor:inherit\">Table des mati\u00e8res<\/p>\n<span class=\"ez-toc-cssicon\"><span class=\"eztoc-hide\" style=\"display:none;\">Toggle<\/span><span class=\"ez-toc-icon-toggle-span\"><svg style=\"fill: #999;color:#999\" xmlns=\"http:\/\/www.w3.org\/2000\/svg\" class=\"list-377408\" width=\"20px\" height=\"20px\" viewBox=\"0 0 24 24\" fill=\"none\"><path d=\"M6 6H4v2h2V6zm14 0H8v2h12V6zM4 11h2v2H4v-2zm16 0H8v2h12v-2zM4 16h2v2H4v-2zm16 0H8v2h12v-2z\" fill=\"currentColor\"><\/path><\/svg><svg style=\"fill: #999;color:#999\" class=\"arrow-unsorted-368013\" xmlns=\"http:\/\/www.w3.org\/2000\/svg\" width=\"10px\" height=\"10px\" viewBox=\"0 0 24 24\" version=\"1.2\" baseProfile=\"tiny\"><path d=\"M18.2 9.3l-6.2-6.3-6.2 6.3c-.2.2-.3.4-.3.7s.1.5.3.7c.2.2.4.3.7.3h11c.3 0 .5-.1.7-.3.2-.2.3-.5.3-.7s-.1-.5-.3-.7zM5.8 14.7l6.2 6.3 6.2-6.3c.2-.2.3-.5.3-.7s-.1-.5-.3-.7c-.2-.2-.4-.3-.7-.3h-11c-.3 0-.5.1-.7.3-.2.2-.3.5-.3.7s.1.5.3.7z\"\/><\/svg><\/span><\/span><\/label><input type=\"checkbox\"  id=\"ez-toc-cssicon-toggle-item-69edc9ee3cd36\" checked \/><nav><ul class='ez-toc-list ez-toc-list-level-1 ' ><li class='ez-toc-page-1 ez-toc-heading-level-3'><a class=\"ez-toc-link ez-toc-heading-1\" href=\"https:\/\/frank-lovisolo.fr\/WordPress\/lacrimosa-athees\/#ensemble-de-musiques-liturgiquement-athees\" >Ensemble de musiques liturgiquement ath\u00e9es .<\/a><\/li><li class='ez-toc-page-1 ez-toc-heading-level-3'><a class=\"ez-toc-link ez-toc-heading-2\" href=\"https:\/\/frank-lovisolo.fr\/WordPress\/lacrimosa-athees\/#je-suis-athee%e2%80%a6\" >Je suis ath\u00e9e\u2026<\/a><\/li><\/ul><\/nav><\/div>\n","protected":false},"excerpt":{"rendered":"<p><span class=\"span-reading-time rt-reading-time\" style=\"display: block;\"><span class=\"rt-label rt-prefix\">Reading Time: <\/span> <span class=\"rt-time\"> 2<\/span> <span class=\"rt-label rt-postfix\">minutes<\/span><\/span>\u2026 <a class=\"continue-reading-link\" href=\"https:\/\/frank-lovisolo.fr\/WordPress\/lacrimosa-athees\/\">Suite &#8211; Continue reading<\/a><\/p>\n","protected":false},"author":1,"featured_media":19885,"comment_status":"open","ping_status":"open","sticky":false,"template":"","format":"standard","meta":{"footnotes":""},"categories":[1,356,513],"tags":[758,179,963,200,13,396,280,962,302],"class_list":["post-398","post","type-post","status-publish","format-standard","has-post-thumbnail","hentry","category-tous-les-articles","category-musique-pour-limage","category-music-compositions","tag-jacques-prevert","tag-lacrimosa","tag-lux-et-veritas","tag-marie-joseph-jeay","tag-music-for-movie","tag-sculpture-marie-joseph-jeay","tag-terra-incognita","tag-veritas-domini","tag-voix"],"_links":{"self":[{"href":"https:\/\/frank-lovisolo.fr\/WordPress\/wp-json\/wp\/v2\/posts\/398","targetHints":{"allow":["GET"]}}],"collection":[{"href":"https:\/\/frank-lovisolo.fr\/WordPress\/wp-json\/wp\/v2\/posts"}],"about":[{"href":"https:\/\/frank-lovisolo.fr\/WordPress\/wp-json\/wp\/v2\/types\/post"}],"author":[{"embeddable":true,"href":"https:\/\/frank-lovisolo.fr\/WordPress\/wp-json\/wp\/v2\/users\/1"}],"replies":[{"embeddable":true,"href":"https:\/\/frank-lovisolo.fr\/WordPress\/wp-json\/wp\/v2\/comments?post=398"}],"version-history":[{"count":0,"href":"https:\/\/frank-lovisolo.fr\/WordPress\/wp-json\/wp\/v2\/posts\/398\/revisions"}],"wp:featuredmedia":[{"embeddable":true,"href":"https:\/\/frank-lovisolo.fr\/WordPress\/wp-json\/wp\/v2\/media\/19885"}],"wp:attachment":[{"href":"https:\/\/frank-lovisolo.fr\/WordPress\/wp-json\/wp\/v2\/media?parent=398"}],"wp:term":[{"taxonomy":"category","embeddable":true,"href":"https:\/\/frank-lovisolo.fr\/WordPress\/wp-json\/wp\/v2\/categories?post=398"},{"taxonomy":"post_tag","embeddable":true,"href":"https:\/\/frank-lovisolo.fr\/WordPress\/wp-json\/wp\/v2\/tags?post=398"}],"curies":[{"name":"wp","href":"https:\/\/api.w.org\/{rel}","templated":true}]}}