{"id":38399,"date":"2021-02-05T11:00:10","date_gmt":"2021-02-05T10:00:10","guid":{"rendered":"https:\/\/frank-lovisolo.fr\/WordPress\/?p=38399"},"modified":"2026-04-24T18:48:20","modified_gmt":"2026-04-24T16:48:20","slug":"sappho-fragments-3","status":"publish","type":"post","link":"https:\/\/frank-lovisolo.fr\/WordPress\/sappho-fragments-3\/","title":{"rendered":"Sappho (\u03a3\u03b1\u03c0\u03c6\u03ce) : Fragments 3"},"content":{"rendered":"<span class=\"span-reading-time rt-reading-time\" style=\"display: block;\"><span class=\"rt-label rt-prefix\">Reading Time: <\/span> <span class=\"rt-time\"> 10<\/span> <span class=\"rt-label rt-postfix\">minutes<\/span><\/span><div><span style=\"font-size: 8px; color: #ffffff;\"><span style=\"font-size: 8px; color: #ffffff;\">Sappho Fragments &#8211; Claire Fran\u00e7oise Dutheil<\/span><\/span><\/div>\n<table style=\"width: 100%; border-collapse: collapse;\" cellpadding=\"10\">\n<tbody>\n<tr>\n<td style=\"width: 33.3333%;\" colspan=\"2\"><a href=\"https:\/\/frankcesarlovisolo.bandcamp.com\/track\/sappho-fragments-3\" target=\"_blank\" rel=\"noopener\"><img loading=\"lazy\" decoding=\"async\" class=\"size-full wp-image-51221 alignleft\" src=\"https:\/\/frank-lovisolo.fr\/WordPress\/wp-content\/uploads\/2025\/11\/bandcamp-logotype-color-400-FrankV2.png\" alt=\"- - -\" width=\"400\" height=\"33\" title=\"-\" srcset=\"https:\/\/frank-lovisolo.fr\/WordPress\/wp-content\/uploads\/2025\/11\/bandcamp-logotype-color-400-FrankV2.png 400w, https:\/\/frank-lovisolo.fr\/WordPress\/wp-content\/uploads\/2025\/11\/bandcamp-logotype-color-400-FrankV2-250x21.png 250w, https:\/\/frank-lovisolo.fr\/WordPress\/wp-content\/uploads\/2025\/11\/bandcamp-logotype-color-400-FrankV2-150x12.png 150w\" sizes=\"auto, (max-width: 400px) 100vw, 400px\" \/><\/a><\/td>\n<td style=\"width: 33.3333%;\"><a href=\"#com\"><img loading=\"lazy\" decoding=\"async\" class=\"size-full wp-image-15071 alignright\" src=\"https:\/\/frank-lovisolo.fr\/WordPress\/wp-content\/uploads\/2015\/06\/ComRouge.jpg\" alt=\"Sappho Fragments\" width=\"250\" height=\"20\" title=\"-\"><\/a><\/td>\n<\/tr>\n<\/tbody>\n<\/table>\n<div>\n<table style=\"height: 945px; width: 100%; border-collapse: collapse;\" cellpadding=\"10\">\n<tbody>\n<tr style=\"height: 24px;\">\n<td style=\"text-align: center; width: 38%; height: 24px;\" colspan=\"2\"><span style=\"font-size: 14px;\"><a href=\"https:\/\/frank-lovisolo.fr\/WordPress\/sappho-1\/\"><strong>Sappho &#8211; Fragments 1<\/strong><\/a><strong>\u00a0 \u00a0&#x2665; \u00a0 <a href=\"https:\/\/frank-lovisolo.fr\/WordPress\/sappho-fragments-2\/\">Sappho &#8211; Fragments 2<\/a>\u00a0 \u00a0&#x2665;\u00a0 \u00a0 <a href=\"https:\/\/frank-lovisolo.fr\/WordPress\/sappho-fragments-3\/\">Sappho &#8211; Fragments 3<\/a><\/strong><br \/>\n<\/span><\/td>\n<\/tr>\n<tr style=\"height: 153px;\">\n<td style=\"width: 49.9638%; height: 153px;\" colspan=\"2\">\n<div style=\"text-align: justify;\">\n<p><span style=\"font-size: 20px;\"><span style=\"font-size: 20px;\"><span style=\"font-size: 16px;\"><a href=\"https:\/\/fr.wikipedia.org\/wiki\/Sappho\" target=\"_blank\" rel=\"noopener\"><img loading=\"lazy\" decoding=\"async\" class=\"wp-image-15456 alignright\" src=\"https:\/\/frank-lovisolo.fr\/WordPress\/wp-content\/uploads\/2010\/05\/Sappho-150x150.jpg\" alt=\"- - -\" width=\"121\" height=\"121\" title=\"-\"><\/a><\/span><\/span><\/span><\/p>\n<div>\n<div style=\"text-align: justify;\">\n<table style=\"height: 96px; width: 30%; border-collapse: collapse;\">\n<tbody>\n<tr style=\"height: 24px;\">\n<td style=\"width: 100%; height: 24px; text-align: left;\"><strong>Extrait <\/strong><\/td>\n<\/tr>\n<tr style=\"height: 24px;\">\n<td style=\"width: 100%;\"><audio class=\"wp-audio-shortcode\" id=\"audio-38399-1\" preload=\"none\" style=\"width: 100%;\" controls=\"controls\"><source type=\"audio\/mpeg\" src=\"https:\/\/frank-lovisolo.fr\/WordPress\/wp-content\/uploads\/2024\/08\/Sappho-3.mp3?_=1\" \/><a href=\"https:\/\/frank-lovisolo.fr\/WordPress\/wp-content\/uploads\/2024\/08\/Sappho-3.mp3\">https:\/\/frank-lovisolo.fr\/WordPress\/wp-content\/uploads\/2024\/08\/Sappho-3.mp3<\/a><\/audio><\/td>\n<\/tr>\n<\/tbody>\n<\/table>\n<div style=\"text-align: justify;\"><span style=\"font-size: 20px; font-family: inherit;\">Sappho (\u03a3\u03b1\u03c0\u03c6\u03ce) : Elle est une <\/span><a style=\"font-size: 20px; font-family: inherit;\" href=\"https:\/\/fr.wikipedia.org\/wiki\/Sappho\" target=\"_blank\" rel=\"noopener noreferrer\">po\u00e9tesse Grecque<\/a><span style=\"font-size: 20px; font-family: inherit;\"> qui a v\u00e9cu au VIIe si\u00e8cle avant J-C. \u00e0 \u00a0Mytil\u00e8ne, sur l\u2019\u00eele de Lesbos.<\/span><\/div>\n<div style=\"text-align: justify;\"><span style=\"font-size: 20px;\">Il ne nous reste d\u2019elle que des fragments de po\u00e8mes et des citations \u00e9parses\u2026<br \/>\n<\/span><\/div>\n<div style=\"text-align: justify;\"><span style=\"font-size: 20px;\">Avec <strong>Fran\u00e7oise Claire Dutheil<\/strong> nous avons voulu illustrer, musicalement, quelques uns de ces fragments\u2026<\/span><\/div>\n<\/div>\n<\/div>\n<\/div>\n<\/td>\n<\/tr>\n<tr style=\"height: 60px;\">\n<td style=\"width: 99.9276%; text-align: justify; height: 60px;\" colspan=\"2\"><strong><span style=\"font-size: 20px;\">Je me demande si, de nos jours, il est de bon ton d\u2019\u00e9voquer l\u2019antique po\u00e9tesse tribade, sans provoquer le courroux d\u2019une bande d\u2019ind\u00e9frich\u00e9s atrabilaires !<\/span><\/strong><\/td>\n<\/tr>\n<tr style=\"height: 708px;\">\n<td style=\"text-align: center; width: 99.9276%; height: 708px;\" colspan=\"2\">\n<div style=\"text-align: justify;\"><span style=\"font-size: 20px; color: #ffffff;\">&#8211;<\/span><\/div>\n<div style=\"text-align: justify;\">\n<p><span style=\"font-size: 20px;\"><span style=\"font-size: 20px;\"><span style=\"color: #ffffff;\">&#8212;&#8212;&#8212;&#8211;<\/span><\/span><\/span><\/p>\n<div id=\"attachment_49551\" style=\"width: 370px\" class=\"wp-caption alignright\"><img loading=\"lazy\" decoding=\"async\" aria-describedby=\"caption-attachment-49551\" class=\"wp-image-49551\" src=\"https:\/\/frank-lovisolo.fr\/WordPress\/wp-content\/uploads\/2021\/02\/Francoise-Claire-Dutheil-02-460x460.jpg\" alt=\"- - -\" width=\"360\" height=\"360\" title=\"-\" srcset=\"https:\/\/frank-lovisolo.fr\/WordPress\/wp-content\/uploads\/2021\/02\/Francoise-Claire-Dutheil-02-460x460.jpg 460w, https:\/\/frank-lovisolo.fr\/WordPress\/wp-content\/uploads\/2021\/02\/Francoise-Claire-Dutheil-02-150x150.jpg 150w, https:\/\/frank-lovisolo.fr\/WordPress\/wp-content\/uploads\/2021\/02\/Francoise-Claire-Dutheil-02.jpg 600w\" sizes=\"auto, (max-width: 360px) 100vw, 360px\" \/><p id=\"caption-attachment-49551\" class=\"wp-caption-text\"><span style=\"color: #000000; font-size: 15px;\">Fran\u00e7oise Claire Dutheil : Diseuse de Texte<\/span><\/p><\/div>\n<p><span style=\"font-size: 20px;\">Composition pour les fragments choisis d&rsquo;une Po\u00e9sie lyrique antique \u00e9crite il y a environ 2600 ans par Sappho. Percussions (Grosse caisse et cymbales), Basse, <a href=\"https:\/\/en.wikipedia.org\/wiki\/Qanun_(instrument)\" target=\"_blank\" rel=\"noopener\">Qanun<\/a>, Sax soprano, Clarinette, <a href=\"https:\/\/en.wikipedia.org\/wiki\/Karamuza\" target=\"_blank\" rel=\"noopener\">Karamuza,<\/a> deux Synth\u00e9tiseurs, dont un pour une s\u00e9quence it\u00e9rative, et, pour finir, diverses ambiances sonores domin\u00e9es par la mer, nous sommes \u00e0 Mytil\u00e8ne sur l&rsquo;\u00eele de Lesbos, nom de <a href=\"https:\/\/fr.wikipedia.org\/wiki\/Zeus\" target=\"_blank\" rel=\"noopener\">Zeus<\/a>, d&rsquo;<a href=\"https:\/\/fr.wikipedia.org\/wiki\/Aphrodite\" target=\"_blank\" rel=\"noopener\">Aphrodite<\/a> et de tout l&rsquo;<a href=\"https:\/\/fr.wikipedia.org\/wiki\/Mont_Olympe\" target=\"_blank\" rel=\"noopener\">Olympe<\/a>!<\/span><\/p>\n<\/div>\n<div style=\"text-align: left;\"><span style=\"font-size: 20px;\">Le texte a \u00e9t\u00e9 enregistr\u00e9 le 11 avril 2010.<\/span><\/div>\n<div><\/div>\n<div><\/div>\n<div style=\"text-align: justify;\"><span style=\"text-decoration: underline;\"><span style=\"font-size: 20px;\">Avec Fran\u00e7oise Claire Dutheil : Diseuse de Texte.<\/span><\/span><\/div>\n<div style=\"text-align: justify;\"><span style=\"color: #ffffff;\">&#8211;<\/span><\/div>\n<div style=\"text-align: justify;\">\n<div><span style=\"font-size: 20px;\"><span style=\"color: #ffffff;\">&#8212;&#8212;&#8212;&#8211; <\/span>Cette composition est la suite in\u00e9luctable des deux pr\u00e9c\u00e9dentes sur le m\u00eame th\u00e8me: <a href=\"https:\/\/frank-lovisolo.fr\/WordPress\/sappho-1\/\">Sappho Fragments 1<\/a> et <a href=\"https:\/\/frank-lovisolo.fr\/WordPress\/sappho-2\/\">Sappho Fragments 2<\/a> compos\u00e9s, respectivement en 2009 et 2011.<\/span><\/div>\n<div><\/div>\n<div><span style=\"font-size: 20px;\">Il faut parfois une p\u00e9riode de r\u00e9flexion pour la poursuite d&rsquo;une \u0153uvre!\u00a0<\/span><\/div>\n<div><span style=\"font-size: 20px;\">Et puis je ne pouvais, d\u00e9cemment, laisser la merveilleuse intonation de la diseuse dans le <a href=\"https:\/\/earth.google.com\/web\/@39.08979726,26.47658062,-12.66805562a,29502.85745208d,35y,0h,0t,0r\" target=\"_blank\" rel=\"noopener\">Kolpos Yieras<\/a>!<\/span><\/div>\n<div><span style=\"font-size: 20px;\">Alors, derechef, <\/span><span style=\"font-family: inherit; font-size: 20px;\">nous devons franchir le temps, un saut de 2600 ans qui ne rajeunira personne!<\/span><\/div>\n<div><span style=\"font-size: 20px;\">C&rsquo;est tout moi \u00e7a, il faut donc que je me sois entich\u00e9 de trois dames antiques, avec l&rsquo;ind\u00e9niable avantage que, si j&rsquo;oublie la ridicule et mercantile Saint-Valentin, il n&rsquo;y aura pas une nouvelle<a href=\"https:\/\/fr.wikipedia.org\/wiki\/Guerre_de_Troie\" target=\"_blank\" rel=\"noopener\"> Guerre de Troie<\/a> ni 150 ans de <a href=\"https:\/\/fr.wikipedia.org\/wiki\/Guerres_puniques\" target=\"_blank\" rel=\"noopener\">Guerres puniques<\/a> ! <\/span><\/div>\n<div><span style=\"font-size: 20px;\">Sappho, <a href=\"https:\/\/fr.wikipedia.org\/wiki\/Hipparchia\" target=\"_blank\" rel=\"noopener\">Hipparchia<\/a>, <a href=\"https:\/\/fr.wikipedia.org\/wiki\/Hypatie\" target=\"_blank\" rel=\"noopener\">Hypatie d&rsquo;Alexandrie<\/a>, mes amours, je vous admire. <\/span><\/div>\n<div><span style=\"font-size: 20px;\">Mais, il y en a tant d&rsquo;autres, m&rsquo;aurait dit <a href=\"https:\/\/fr.wikipedia.org\/wiki\/Liste_des_femmes_mentionn%C3%A9es_sur_The_Dinner_Party\" target=\"_blank\" rel=\"noopener\">Judy Chicago<\/a>&#8230;<\/span><\/div>\n<div><span style=\"color: #ffffff;\">&#8211;<\/span><\/div>\n<div><span style=\"font-size: 20px;\">Quant \u00e0 toi, \u00d4 divine diseuse, j&rsquo;esp\u00e8re de tout c\u0153ur que cette composition te plaira&#8230;<\/span><\/div>\n<\/div>\n<\/td>\n<\/tr>\n<\/tbody>\n<\/table>\n<\/div>\n<div><\/div>\n<address>\n<table style=\"width: 100%; border-collapse: collapse;\" cellpadding=\"20\">\n<tbody>\n<tr>\n<td style=\"width: 50%; vertical-align: top;\">\n<h4><span class=\"ez-toc-section\" id=\"%e2%80%93\"><\/span><span style=\"color: #ffffff;\">&#8211;<\/span><span class=\"ez-toc-section-end\"><\/span><\/h4>\n<div id=\"attachment_38417\" style=\"width: 270px\" class=\"wp-caption alignleft\"><img loading=\"lazy\" decoding=\"async\" aria-describedby=\"caption-attachment-38417\" class=\"wp-image-38417\" title=\"\u00c9tienne-Adolphe Piot: Sappho\" src=\"https:\/\/frank-lovisolo.fr\/WordPress\/wp-content\/uploads\/2021\/05\/Etienne-Adolphe-Piot-Sappho-460x564.jpg\" alt=\"\u00c9tienne-Adolphe Piot: Sappho\" width=\"260\" height=\"319\" srcset=\"https:\/\/frank-lovisolo.fr\/WordPress\/wp-content\/uploads\/2021\/05\/Etienne-Adolphe-Piot-Sappho-460x564.jpg 460w, https:\/\/frank-lovisolo.fr\/WordPress\/wp-content\/uploads\/2021\/05\/Etienne-Adolphe-Piot-Sappho-768x942.jpg 768w, https:\/\/frank-lovisolo.fr\/WordPress\/wp-content\/uploads\/2021\/05\/Etienne-Adolphe-Piot-Sappho-122x150.jpg 122w, https:\/\/frank-lovisolo.fr\/WordPress\/wp-content\/uploads\/2021\/05\/Etienne-Adolphe-Piot-Sappho.jpg 800w\" sizes=\"auto, (max-width: 260px) 100vw, 260px\" \/><p id=\"caption-attachment-38417\" class=\"wp-caption-text\"><span style=\"font-size: 12px;\"><a href=\"https:\/\/en.wikipedia.org\/wiki\/Adolphe_Piot\" target=\"_blank\" rel=\"noopener\">\u00c9tienne-Adolphe Piot<\/a>: Sappho<\/span><\/p><\/div>\n<h5 class=\"MsoTitle\" style=\"text-align: justify; padding-left: 40px;\"><span class=\"ez-toc-section\" id=\"sappho-fragments\"><\/span><span style=\"font-family: georgia, palatino, serif; font-size: 24px; color: #000000;\">Sappho Fragments<\/span><span class=\"ez-toc-section-end\"><\/span><\/h5>\n<p>&nbsp;<\/p>\n<div class=\"MsoNormal\" style=\"margin-bottom: 0cm; text-indent: 35.4pt; padding-left: 120px; text-align: left;\"><span style=\"color: #000000; font-size: 24px;\">Nous\u2026<\/span><\/div>\n<div class=\"MsoNormal\" style=\"text-indent: 35.4pt; margin: 0cm 0cm 0cm 35.4pt; padding-left: 120px; text-align: left;\"><span style=\"color: #000000; font-size: 24px;\">Aphrodite\u2026 <\/span><\/div>\n<div class=\"MsoNormal\" style=\"text-indent: 35.4pt; margin: 0cm 0cm 0cm 70.8pt; padding-left: 120px; text-align: left;\"><span style=\"color: #000000; font-size: 24px;\">Et suaves paroles\u2026 <\/span><\/div>\n<div class=\"MsoNormal\" style=\"margin-bottom: 0cm; text-indent: 35.4pt; padding-left: 160px; text-align: center;\"><span style=\"color: #000000; font-size: 24px;\">Puisse-t-elle lancer\u2026 <\/span><\/div>\n<div class=\"MsoNormal\" style=\"text-indent: 35.4pt; margin: 0cm 0cm 0cm 35.4pt; padding-left: 160px; text-align: center;\"><span style=\"color: #000000; font-size: 24px;\">En ayant\u2026<\/span><\/div>\n<div class=\"MsoNormal\" style=\"text-indent: 35.4pt; margin: 0cm 0cm 0cm 70.8pt; padding-left: 160px; text-align: center;\"><span style=\"color: #000000; font-size: 24px;\">Fleurit\u2026<\/span><\/div>\n<div class=\"MsoNormal\" style=\"text-align: justify; text-indent: 35.4pt; margin: 0cm 0cm 0cm 70.8pt; padding-left: 120px;\"><span style=\"color: #000000; font-size: 24px;\">\u00a0<\/span><\/div>\n<div class=\"MsoNormal\" style=\"text-align: justify; text-indent: 35.4pt; margin: 0cm 0cm 0cm 106.2pt; padding-left: 40px;\"><span style=\"color: #000000; font-size: 24px;\">De la ros\u00e9e\u2026<\/span><\/div>\n<div class=\"MsoNormal\" style=\"margin-bottom: 0cm; text-align: justify; padding-left: 400px;\"><span style=\"color: #000000; font-size: 24px;\">Chevrier\u2026 D\u00e9sir\u2026 Sueur\u2026<\/span><\/div>\n<div class=\"MsoNormal\" style=\"margin-bottom: 0cm; text-align: justify; text-indent: 35.4pt; padding-left: 400px;\"><span style=\"color: #000000; font-size: 24px;\">Rose\u2026<\/span><\/div>\n<div class=\"MsoNormal\" style=\"text-align: justify; text-indent: 35.4pt; margin: 0cm 0cm 0cm 35.4pt; padding-left: 400px;\"><span style=\"color: #000000; font-size: 24px;\">Je dis\u2026<\/span><\/div>\n<p class=\"MsoNormal\" style=\"text-align: justify; text-indent: 35.4pt; margin: 0cm 0cm 0cm 35.4pt;\"><span style=\"color: #000000; font-size: 24px;\">\u00a0<\/span><\/p>\n<div class=\"MsoNormal\" style=\"margin-bottom: 0cm; padding-left: 200px; text-align: left;\"><span style=\"color: #000000; font-size: 24px;\">Devenir\u2026<\/span><\/div>\n<div class=\"MsoNormal\" style=\"margin-bottom: 0cm; text-indent: 35.4pt; padding-left: 200px; text-align: left;\"><span style=\"color: #000000; font-size: 24px;\">Puisse accomplir\u2026<\/span><\/div>\n<div class=\"MsoNormal\" style=\"text-indent: 35.4pt; margin: 0cm 0cm 0cm 35.4pt; padding-left: 200px; text-align: left;\"><span style=\"color: #000000; font-size: 24px;\">Je veux\u2026<\/span><\/div>\n<div class=\"MsoNormal\" style=\"text-indent: 35.4pt; margin: 0cm 0cm 0cm 70.8pt; padding-left: 200px; text-align: left;\"><span style=\"color: #000000; font-size: 24px;\">Avoir\u2026<\/span><\/div>\n<div class=\"MsoNormal\" style=\"text-indent: 35.4pt; margin: 0cm 0cm 0cm 106.2pt; padding-left: 200px; text-align: left;\"><span style=\"color: #000000; font-size: 24px;\">Disait\u2026<\/span><\/div>\n<div style=\"padding-left: 560px;\"><\/div>\n<div class=\"MsoNormal\" style=\"text-align: justify; text-indent: 35.4pt; margin: 0cm 0cm 0cm 106.2pt; padding-left: 320px;\"><span style=\"color: #000000; font-size: 24px;\">Compagne\u2026<\/span><\/div>\n<div class=\"MsoNormal\" style=\"text-align: justify; text-indent: 35.4pt; margin: 0cm 0cm 0cm 35.4pt; padding-left: 320px;\"><span style=\"color: #000000; font-size: 24px;\">Lui\u2026<\/span><\/div>\n<div class=\"MsoNormal\" style=\"text-align: justify; text-indent: 35.4pt; margin: 0cm 0cm 0cm 35.4pt; padding-left: 320px;\"><span style=\"color: #000000; font-size: 24px;\">Tout\u2026 Une autre\u2026 <\/span><\/div>\n<div class=\"MsoNormal\" style=\"text-align: justify; text-indent: 35.4pt; margin: 0cm 0cm 0cm 35.4pt; padding-left: 320px;\"><span style=\"color: #000000; font-size: 24px;\">\u00a0 \u00a0 \u00a0 \u00a0 \u00a0 \u00a0 \u00a0 \u00a0 \u00a0 \u00a0 \u00a0 \u00a0 \u00a0 \u00a0 Boucle\u2026<\/span><\/div>\n<div class=\"MsoNormal\" style=\"text-align: justify; text-indent: 35.4pt; margin: 0cm 0cm 0cm 35.4pt; padding-left: 320px;\"><span style=\"color: #000000; font-size: 24px;\">Pars\u2026\u00a0 <\/span><\/div>\n<div class=\"MsoNormal\" style=\"text-align: justify; text-indent: 35.4pt; margin: 0cm 0cm 0cm 35.4pt; padding-left: 320px;\"><span style=\"color: #000000; font-size: 24px;\">\u00a0 \u00a0 \u00a0 \u00a0 \u00a0 \u00a0 \u00a0 \u00a0 \u00a0 \u00a0 \u00a0 \u00a0 \u00a0 \u00a0 \u00a0 \u00a0 \u00a0 \u00a0 \u00a0 \u00a0Au plus vite\u2026<\/span><\/div>\n<div class=\"MsoNormal\" style=\"text-align: justify; text-indent: 35.4pt; margin: 0cm 0cm 0cm 35.4pt; padding-left: 40px;\"><span style=\"color: #000000; font-size: 24px;\">\u00a0<\/span><\/div>\n<div class=\"MsoNormal\" style=\"margin-bottom: 0cm; text-indent: 35.4pt; text-align: left;\"><span style=\"color: #000000; font-size: 24px;\">Et toi Dika, entoure de couronnes ta chevelure charmante, tress\u00e9es de branche d\u2019aneth par tes mains d\u00e9licates\u00a0;<\/span><\/div>\n<div><\/div>\n<div class=\"MsoNormal\" style=\"margin-bottom: 0cm; text-indent: 35.4pt; padding-left: 200px; text-align: justify;\"><span style=\"font-size: 24px;\"><span style=\"color: #000000;\">car la bien fleurie, les bienheureuses <\/span><a href=\"https:\/\/frank-lovisolo.fr\/WordPress\/pasithea-cale\/\" target=\"_blank\" rel=\"noopener\">Charites<\/a><span style=\"color: #000000;\">, aussi, la regardent plus volontiers, tandis que de celles qui n\u2019ont pas de couronnes elles se d\u00e9tournent.<\/span><\/span><\/div>\n<div class=\"MsoNormal\" style=\"margin-bottom: 0cm; text-align: justify; padding-left: 40px;\"><span style=\"color: #000000; font-size: 24px;\">\u00a0<\/span><\/div>\n<div class=\"MsoNormal\" style=\"margin-bottom: 0cm; text-align: left; padding-left: 200px;\"><span style=\"color: #000000; font-size: 24px;\">Mnasidica est plus belle que la d\u00e9licate Gyrinn\u00f4\u2026<\/span><\/div>\n<div class=\"MsoNormal\" style=\"margin-bottom: 0cm; text-align: justify;\"><\/div>\n<div class=\"MsoNormal\" style=\"margin: 0cm 0cm 0cm 35.4pt; text-align: center;\"><span style=\"color: #000000; font-size: 24px;\">Reste ici\u2026<\/span><\/div>\n<div style=\"text-align: center;\"><\/div>\n<div class=\"MsoNormal\" style=\"text-indent: 35.4pt; margin: 0cm 0cm 0cm 35.4pt; text-align: center;\"><span style=\"color: #000000; font-size: 24px;\">De nouveau vers\u2026<\/span><\/div>\n<div class=\"MsoNormal\" style=\"text-indent: 35.4pt; margin: 0cm 0cm 0cm 141.6pt; text-align: center;\"><span style=\"color: #000000; font-size: 24px;\">En fait\u2026<\/span><\/div>\n<div style=\"text-align: center;\"><span style=\"font-size: 24px; color: #000000;\">En violettes Temp\u00eates&#8230;<\/span><\/div>\n<div style=\"padding-left: 280px; text-align: left;\"><span style=\"font-size: 24px; color: #000000;\">Art\u00e9mis\u2026\u00a0 <\/span><\/div>\n<div style=\"padding-left: 640px; text-align: left;\"><span style=\"font-size: 24px; color: #000000;\">A qui poss\u00e8de\u2026<\/span><\/div>\n<div style=\"padding-left: 560px; text-align: left;\"><span style=\"font-size: 24px; color: #000000;\">Tr\u00e8s riche\u2026 <\/span><\/div>\n<div style=\"padding-left: 400px; text-align: left;\"><span style=\"font-size: 24px; color: #000000;\">Comme le vieux\u2026<\/span><\/div>\n<div style=\"padding-left: 320px; text-align: left;\"><span style=\"font-size: 24px; color: #000000;\">Ecouter\u2026<\/span><\/div>\n<div style=\"padding-left: 160px; text-align: left;\"><span style=\"font-size: 24px; color: #000000;\">A Toi qui de Zeus qui tient l\u2019\u00e9gide as obtenu\u2026<\/span><\/div>\n<div style=\"padding-left: 280px; text-align: left;\"><span style=\"font-size: 24px; color: #000000;\">\u00d4 d\u00e9esse de Cyth\u00e8re, je te prie ayant le c\u0153ur \u2026<\/span><\/div>\n<div style=\"padding-left: 120px; text-align: left;\"><span style=\"font-size: 24px; color: #000000;\">\u00c9coute ma pri\u00e8re, si jamais tu l\u2019as d\u00e9j\u00e0 fait une autre fois\u2026<\/span><\/div>\n<div style=\"padding-left: 200px; text-align: left;\"><span style=\"font-size: 24px; color: #000000;\">Ayant laiss\u00e9\u2026<\/span><\/div>\n<div style=\"padding-left: 280px; text-align: left;\"><span style=\"font-size: 24px; color: #000000;\">\u00c0 la suite de mon cri\u2026<\/span><\/div>\n<div style=\"padding-left: 400px; text-align: left;\"><span style=\"font-size: 24px; color: #000000;\">Difficile\u2026<\/span><\/div>\n<div style=\"padding-left: 120px; text-align: left;\"><span style=\"font-size: 24px; color: #000000;\">Nous\u2026<\/span><\/div>\n<div style=\"padding-left: 240px; text-align: left;\"><span style=\"font-size: 24px; color: #000000;\">Pr\u00e9sage\u2026<\/span><\/div>\n<div style=\"padding-left: 480px; text-align: left;\"><span style=\"font-size: 24px; color: #000000;\">Jeunesse\u2026<\/span><\/div>\n<div style=\"padding-left: 600px; text-align: left;\"><span style=\"font-size: 24px; color: #000000;\">Boucles\u2026<\/span><\/div>\n<div style=\"padding-left: 720px; text-align: left;\"><span style=\"font-size: 24px; color: #000000;\">Etre humain\u2026<\/span><\/div>\n<div style=\"padding-left: 840px; text-align: left;\"><span style=\"font-size: 24px; color: #000000;\">Chagrin\u2026<\/span><\/div>\n<div style=\"padding-left: 280px; text-align: left;\"><span style=\"font-size: 24px; color: #000000;\">Reine\u2026<\/span><\/div>\n<div style=\"text-align: left;\"><\/div>\n<div style=\"padding-left: 600px; text-align: left;\"><span style=\"font-size: 24px; color: #000000;\">Elle, voulant\u2026<\/span><\/div>\n<div style=\"padding-left: 480px; text-align: left;\"><span style=\"font-size: 24px; color: #000000;\">A nous\u2026<\/span><\/div>\n<div style=\"padding-left: 400px; text-align: left;\"><span style=\"font-size: 24px; color: #000000;\">Nous\u2026<\/span><\/div>\n<div style=\"text-align: left;\"><span style=\"font-size: 24px; color: #000000;\">Les mains\u2026<\/span><\/div>\n<div style=\"text-align: center; padding-left: 120px;\"><span style=\"font-size: 24px; color: #000000;\">Insolents\u2026 qui ont trop de privil\u00e8ges\u2026 les femmes de ce genre\u2026\u00a0<\/span><\/div>\n<div style=\"text-align: center; padding-left: 120px;\"><span style=\"font-size: 24px; color: #000000;\">\u00abLa beaut\u00e9 plus grande\u00bb;<\/span><\/div>\n<div style=\"text-align: left; padding-left: 160px;\"><span style=\"font-size: 24px; color: #000000;\">Car qui est-ce qui\u2026\u00a0<\/span><\/div>\n<div style=\"padding-left: 320px; text-align: left;\"><span style=\"font-size: 24px; color: #000000;\">A moi le souffle du Z\u00e9phyr\u2026 \u00e0 toi port\u00e9 par le vent\u2026<\/span><\/div>\n<div style=\"text-align: left; padding-left: 640px;\"><span style=\"font-size: 24px; color: #000000;\">\u00ab\u00a0Fille de la\u2026\u00a0\u00bb<\/span><\/div>\n<div style=\"text-align: left; padding-left: 280px;\"><span style=\"font-size: 24px; color: #000000;\">Cela a \u00e9t\u00e9 \u00e9crit contre Androm\u00e8de\u2026<\/span><\/div>\n<div style=\"text-align: center;\"><span style=\"font-size: 24px; color: #000000;\">Sur Androm\u00e8de\u2026<\/span><\/div>\n<div style=\"text-align: center;\"><span style=\"font-size: 24px; color: #000000;\">\u00ab\u00a0En fait cela vaut mieux\u2026\u00a0\u00bb<\/span><\/div>\n<p>&nbsp;<\/p>\n<p><div id=\"attachment_38405\" style=\"width: 333px\" class=\"wp-caption aligncenter\"><img loading=\"lazy\" decoding=\"async\" aria-describedby=\"caption-attachment-38405\" class=\"wp-image-38405\" src=\"https:\/\/frank-lovisolo.fr\/WordPress\/wp-content\/uploads\/2021\/05\/Andromede-460x667.jpg\" alt=\"- - -\" width=\"323\" height=\"468\" title=\"-\" srcset=\"https:\/\/frank-lovisolo.fr\/WordPress\/wp-content\/uploads\/2021\/05\/Andromede-460x667.jpg 460w, https:\/\/frank-lovisolo.fr\/WordPress\/wp-content\/uploads\/2021\/05\/Andromede-768x1113.jpg 768w, https:\/\/frank-lovisolo.fr\/WordPress\/wp-content\/uploads\/2021\/05\/Andromede-104x150.jpg 104w, https:\/\/frank-lovisolo.fr\/WordPress\/wp-content\/uploads\/2021\/05\/Andromede.jpg 1024w\" sizes=\"auto, (max-width: 323px) 100vw, 323px\" \/><p id=\"caption-attachment-38405\" class=\"wp-caption-text\"><span style=\"font-size: 12px; color: #000000;\">Androm\u00e8de 1869 <\/span><span style=\"font-size: 12px;\"><a href=\"https:\/\/en.wikipedia.org\/wiki\/Edward_Poynter\" target=\"_blank\" rel=\"noopener\">Edward Poynter<\/a><\/span><\/p><\/div><\/td>\n<\/tr>\n<\/tbody>\n<\/table>\n<div><\/div>\n<div><img loading=\"lazy\" decoding=\"async\" class=\"wp-image-38125 aligncenter\" src=\"https:\/\/frank-lovisolo.fr\/WordPress\/wp-content\/uploads\/2021\/03\/Mandel-Rouge-001.jpg\" alt=\"- - -\" width=\"157\" height=\"39\" title=\"-\" srcset=\"https:\/\/frank-lovisolo.fr\/WordPress\/wp-content\/uploads\/2021\/03\/Mandel-Rouge-001.jpg 460w, https:\/\/frank-lovisolo.fr\/WordPress\/wp-content\/uploads\/2021\/03\/Mandel-Rouge-001-250x62.jpg 250w, https:\/\/frank-lovisolo.fr\/WordPress\/wp-content\/uploads\/2021\/03\/Mandel-Rouge-001-150x37.jpg 150w\" sizes=\"auto, (max-width: 157px) 100vw, 157px\" \/><\/div>\n<div><\/div>\n<table style=\"width: 100%; border-collapse: collapse;\" cellpadding=\"10\">\n<tbody>\n<tr>\n<td style=\"width: 50%; text-align: center;\" colspan=\"2\">\n<h5><span class=\"ez-toc-section\" id=\"%e2%80%93-2\"><\/span><span style=\"color: #ffffff;\">&#8211;<\/span><span class=\"ez-toc-section-end\"><\/span><\/h5>\n<h5><span class=\"ez-toc-section\" id=\"en-savoir-plus\"><\/span><span style=\"color: #000000; font-size: 24px;\">En savoir plus<\/span><span class=\"ez-toc-section-end\"><\/span><\/h5>\n<h5><span class=\"ez-toc-section\" id=\"%e2%80%93-3\"><\/span><span style=\"color: #ffffff;\">&#8211;<\/span><span class=\"ez-toc-section-end\"><\/span><\/h5>\n<div id=\"attachment_38438\" style=\"width: 470px\" class=\"wp-caption alignright\"><img loading=\"lazy\" decoding=\"async\" aria-describedby=\"caption-attachment-38438\" class=\"wp-image-38438 size-medium\" src=\"https:\/\/frank-lovisolo.fr\/WordPress\/wp-content\/uploads\/2021\/05\/Gustav-Moreau-001-460x568.jpg\" alt=\"La mort de Sappho - Gustave Moreau - 1872\" width=\"460\" height=\"568\" title=\"-\" srcset=\"https:\/\/frank-lovisolo.fr\/WordPress\/wp-content\/uploads\/2021\/05\/Gustav-Moreau-001-460x568.jpg 460w, https:\/\/frank-lovisolo.fr\/WordPress\/wp-content\/uploads\/2021\/05\/Gustav-Moreau-001-122x150.jpg 122w, https:\/\/frank-lovisolo.fr\/WordPress\/wp-content\/uploads\/2021\/05\/Gustav-Moreau-001.jpg 648w\" sizes=\"auto, (max-width: 460px) 100vw, 460px\" \/><p id=\"caption-attachment-38438\" class=\"wp-caption-text\">La mort de Sappho &#8211; <a href=\"https:\/\/fr.wikipedia.org\/wiki\/Gustave_Moreau\" target=\"_blank\" rel=\"noopener\">Gustave Moreau<\/a> &#8211; 1872<\/p><\/div>\n<div style=\"text-align: justify;\"><span style=\"color: #000000; font-size: 20px;\">\u00ab Il m&rsquo;\u00e9blouit, il goute le bonheur des dieux cet homme qui devant toi prend place et pr\u00e8s de toi \u00e9coute, captiv\u00e9, la douceur de la voix.<\/span><\/div>\n<div><\/div>\n<div style=\"text-align: justify;\"><span style=\"color: #000000; font-size: 20px;\">Ah ! ce d\u00e9sir d&rsquo;aimer qui passe dans ton rire. Et c&rsquo;est bien pour cela qu&rsquo;un spasme \u00e9treint mon c\u0153ur dans ma poitrine.<\/span><\/div>\n<div><\/div>\n<div style=\"text-align: justify;\"><span style=\"color: #000000; font-size: 20px;\">Car si je te regarde, m\u00eame un instant, je ne puis plus parler.<\/span><\/div>\n<div><\/div>\n<div style=\"text-align: justify;\"><span style=\"color: #000000; font-size: 20px;\">Mais d&rsquo;abord ma langue est bris\u00e9e, un feu subtil soudain a couru en frisson sous ma peau, mes yeux ne me laissent plus voir, un sifflement tournoie dans mes oreilles.<\/span><\/div>\n<div><\/div>\n<div style=\"text-align: justify;\"><span style=\"color: #000000; font-size: 20px;\">Une sueur glac\u00e9e couvre mon corps, et je tremble, tout enti\u00e8re poss\u00e9d\u00e9e, et je suis plus verte que l&rsquo;herbe.<\/span><\/div>\n<div><\/div>\n<p style=\"text-align: justify;\"><span style=\"color: #000000; font-size: 20px;\">Me voici presque morte, je crois. Mais il faut tout risquer\u2026 puisque\u2026 \u00bb<\/span><\/p>\n<p style=\"text-align: justify;\"><span style=\"color: #ffffff; font-size: 20px;\">&#8211;<\/span><\/p>\n<h5 style=\"text-align: justify;\"><span class=\"ez-toc-section\" id=\"sappho\"><\/span><span style=\"color: #000000;\">Sappho<\/span><span class=\"ez-toc-section-end\"><\/span><\/h5>\n<h5><\/h5>\n<h5><span class=\"ez-toc-section\" id=\"%e2%80%93-4\"><\/span><span style=\"color: #ffffff;\">&#8211;<\/span><span class=\"ez-toc-section-end\"><\/span><\/h5>\n<\/td>\n<\/tr>\n<tr>\n<td style=\"vertical-align: middle;\" colspan=\"2\"><span style=\"color: #ffffff;\"><strong><span style=\"font-size: 20px;\">&#8211;<\/span><\/strong><\/span><\/p>\n<p><img loading=\"lazy\" decoding=\"async\" class=\"wp-image-38416 alignleft\" src=\"https:\/\/frank-lovisolo.fr\/WordPress\/wp-content\/uploads\/2021\/05\/Sappho-Fragmnets.jpg\" alt=\"Sappho-Fragments\" width=\"318\" height=\"526\" title=\"-\" srcset=\"https:\/\/frank-lovisolo.fr\/WordPress\/wp-content\/uploads\/2021\/05\/Sappho-Fragmnets.jpg 363w, https:\/\/frank-lovisolo.fr\/WordPress\/wp-content\/uploads\/2021\/05\/Sappho-Fragmnets-91x150.jpg 91w\" sizes=\"auto, (max-width: 318px) 100vw, 318px\" \/><\/p>\n<div style=\"font-size: 10px;\"><span style=\"font-size: 14px;\">Acquis en librairie:<strong> <a href=\"https:\/\/www.lajoiedeliretoulon.fr\/infosprat.php\" target=\"_blank\" rel=\"noopener\">La joie de lire<\/a><\/strong>,<\/span><br \/>\n<span style=\"font-size: 14px;\">141 Boulevard de Bazeilles &#8211; 83000 TOULON<\/span><\/div>\n<p>&nbsp;<\/p>\n<p class=\"productStrate__title\"><em><span style=\"font-size: 20px;\">ODES ET FRAGMENTS : R\u00c9SUM\u00c9<\/span><\/em><\/p>\n<p><span style=\"color: #ffffff;\">&#8211;<\/span><\/p>\n<p style=\"text-align: justify;\"><span style=\"color: #000000; font-size: 20px;\">N\u00e9e \u00e0 \u00c9r\u00e8se, pr\u00e8s de Mytil\u00e8ne, en l&rsquo;\u00eele de Lesbos, vers 612 avant notre \u00e8re, Sapph\u00f4 fait partie de l&rsquo;aristocratie. Elle est contrainte \u00e0 un mariage douloureux.<\/span><\/p>\n<p style=\"text-align: justify;\"><span style=\"color: #000000; font-size: 20px;\">Elle est exil\u00e9e en Sicile par le tyran M\u00e9lanchros, puis graci\u00e9e par son successeur Pittacos.<\/span><\/p>\n<p style=\"text-align: justify;\"><span style=\"color: #000000; font-size: 20px;\">De retour \u00e0 Mytil\u00e8ne, elle dirige une acad\u00e9mie accueillant et \u00e9duquant les jeunes filles de la noblesse.<\/span><\/p>\n<p style=\"text-align: justify;\"><span style=\"color: #000000; font-size: 20px;\">La biographie de celle que Platon appelait \u00abla dixi\u00e8me des Muses\u00bb tient donc en quelques indications approximatives, et son \u0153uvre, r\u00e9chapp\u00e9e des d\u00e9sastres du temps et de l&rsquo;histoire, livre aujourd&rsquo;hui \u00e0 peine plus de 600 vers alors qu&rsquo;elle en comptait pr\u00e8s de 12 000.<\/span><\/p>\n<p style=\"text-align: justify;\"><span style=\"color: #000000; font-size: 20px;\">Mais ceux qui nous sont parvenus forment d\u00e9sormais, sur le mode discontinu, autant d&rsquo;aveux oraculaires qui portent la lumi\u00e8re et la force d&rsquo;un feu fougueusement sacr\u00e9 tout entier vou\u00e9 \u00e0 l&rsquo;Amour.<\/span><\/p>\n<div><\/div>\n<div style=\"text-align: right;\"><em><span style=\"font-size: 14px;\"><span class=\"prefix\" style=\"color: #242424;\">Trad. du grec ancien et pr\u00e9fac\u00e9 par\u00a0<\/span><span class=\"collective_work\"><a href=\"https:\/\/fr.wikipedia.org\/wiki\/Yves_Battistini\" target=\"_blank\" rel=\"noopener\">Yves Battistini<\/a><\/span><\/span><\/em><\/div>\n<div class=\"edition_comment\" style=\"text-align: right;\"><span style=\"color: #242424;\"><em><span style=\"font-size: 14px;\">Traduction revue &#8211; <\/span><\/em><\/span><span style=\"color: #242424;\"><em><span style=\"font-size: 14px;\">.\u00c9dition bilingue<\/span><\/em><\/span><\/div>\n<div style=\"text-align: right;\"><em><span style=\"font-size: 14px;\"><span style=\"color: #242424;\">Collection<\/span>\u00a0<a href=\"http:\/\/www.gallimard.fr\/Catalogue\/GALLIMARD\/Poesie-Gallimard\" target=\"_blank\" rel=\"noopener\">Po\u00e9sie\/Gallimard<\/a>\u00a0<span style=\"color: #242424;\">(n\u00b0\u00a0405), Gallimard<\/span><\/span><\/em><\/div>\n<h5><\/h5>\n<\/td>\n<\/tr>\n<tr>\n<td style=\"width: 50%; vertical-align: middle;\" colspan=\"2\"><img loading=\"lazy\" decoding=\"async\" class=\"aligncenter size-full wp-image-40185\" src=\"https:\/\/frank-lovisolo.fr\/WordPress\/wp-content\/uploads\/2021\/02\/La-mort-de-Sappho-1819-Pierre-Antoine-Augustin-Vafflard.jpg\" alt=\"- - -\" width=\"1024\" height=\"821\" title=\"-\" srcset=\"https:\/\/frank-lovisolo.fr\/WordPress\/wp-content\/uploads\/2021\/02\/La-mort-de-Sappho-1819-Pierre-Antoine-Augustin-Vafflard.jpg 1024w, https:\/\/frank-lovisolo.fr\/WordPress\/wp-content\/uploads\/2021\/02\/La-mort-de-Sappho-1819-Pierre-Antoine-Augustin-Vafflard-460x369.jpg 460w, https:\/\/frank-lovisolo.fr\/WordPress\/wp-content\/uploads\/2021\/02\/La-mort-de-Sappho-1819-Pierre-Antoine-Augustin-Vafflard-768x616.jpg 768w, https:\/\/frank-lovisolo.fr\/WordPress\/wp-content\/uploads\/2021\/02\/La-mort-de-Sappho-1819-Pierre-Antoine-Augustin-Vafflard-187x150.jpg 187w, https:\/\/frank-lovisolo.fr\/WordPress\/wp-content\/uploads\/2021\/02\/La-mort-de-Sappho-1819-Pierre-Antoine-Augustin-Vafflard-150x120.jpg 150w\" sizes=\"auto, (max-width: 1024px) 100vw, 1024px\" \/><\/p>\n<div><span style=\"color: #ffffff;\"><strong><span style=\"font-size: 20px;\">\u00a0<\/span><\/strong><\/span><\/div>\n<h5 style=\"text-align: center;\"><span class=\"ez-toc-section\" id=\"la-mort-de-sappho-%e2%80%93-pierre-antoine-augustin-vafflard-%e2%80%93-1819\"><\/span><a href=\"https:\/\/commons.wikimedia.org\/wiki\/File:Death_of_Sappho,_1819_by_Pierre_Antoine_Augustin_Vafflard.jpg\" target=\"_blank\" rel=\"noopener\">La mort de Sappho<\/a> &#8211; <a href=\"https:\/\/en.wikipedia.org\/wiki\/Pierre-Auguste_Vafflard\" target=\"_blank\" rel=\"noopener\">Pierre Antoine Augustin Vafflard<\/a> &#8211; 1819<span class=\"ez-toc-section-end\"><\/span><\/h5>\n<\/td>\n<\/tr>\n<tr>\n<td style=\"vertical-align: middle;\" colspan=\"2\">\n<div id=\"attachment_38446\" style=\"width: 311px\" class=\"wp-caption alignright\"><img loading=\"lazy\" decoding=\"async\" aria-describedby=\"caption-attachment-38446\" class=\"wp-image-38446\" src=\"https:\/\/frank-lovisolo.fr\/WordPress\/wp-content\/uploads\/2021\/05\/Sappho-priant-Aphrodite-460x612.jpg\" alt=\"Margaritis Georgios - Sappho priant Aphrodite vers 1843\" width=\"301\" height=\"400\" title=\"-\" srcset=\"https:\/\/frank-lovisolo.fr\/WordPress\/wp-content\/uploads\/2021\/05\/Sappho-priant-Aphrodite-460x612.jpg 460w, https:\/\/frank-lovisolo.fr\/WordPress\/wp-content\/uploads\/2021\/05\/Sappho-priant-Aphrodite-768x1022.jpg 768w, https:\/\/frank-lovisolo.fr\/WordPress\/wp-content\/uploads\/2021\/05\/Sappho-priant-Aphrodite-113x150.jpg 113w, https:\/\/frank-lovisolo.fr\/WordPress\/wp-content\/uploads\/2021\/05\/Sappho-priant-Aphrodite.jpg 1024w\" sizes=\"auto, (max-width: 301px) 100vw, 301px\" \/><p id=\"caption-attachment-38446\" class=\"wp-caption-text\"><span style=\"font-size: 12px;\">Margaritis Georgios &#8211; Sappho priant Aphrodite vers 1843<\/span><\/p><\/div>\n<div id=\"attachment_38425\" style=\"width: 328px\" class=\"wp-caption alignleft\"><a href=\"https:\/\/fr.wikipedia.org\/wiki\/Ren%C3%A9e_Vivien\" target=\"_blank\" rel=\"noopener\"><img loading=\"lazy\" decoding=\"async\" aria-describedby=\"caption-attachment-38425\" class=\"wp-image-38425 size-full\" src=\"https:\/\/frank-lovisolo.fr\/WordPress\/wp-content\/uploads\/2021\/05\/Renee_Vivien_1.png\" alt=\"Ren\u00e9e Vivien vers 1905\" width=\"318\" height=\"400\" title=\"-\" srcset=\"https:\/\/frank-lovisolo.fr\/WordPress\/wp-content\/uploads\/2021\/05\/Renee_Vivien_1.png 318w, https:\/\/frank-lovisolo.fr\/WordPress\/wp-content\/uploads\/2021\/05\/Renee_Vivien_1-119x150.png 119w\" sizes=\"auto, (max-width: 318px) 100vw, 318px\" \/><\/a><p id=\"caption-attachment-38425\" class=\"wp-caption-text\"><a href=\"https:\/\/fr.wikipedia.org\/wiki\/Ren%C3%A9e_Vivien\" target=\"_blank\" rel=\"noopener\">Ren\u00e9e Vivien<\/a> vers 1905<\/p><\/div>\n<h5 style=\"text-align: center;\"><span class=\"ez-toc-section\" id=\"sapho-traduction-par-renee-vivien\"><\/span><span style=\"font-size: 16px;\"><a href=\"https:\/\/fr.wikisource.org\/wiki\/Sapho_(Vivien)\/Texte_entier\" target=\"_blank\" rel=\"noopener\"><span style=\"font-size: 20px;\">Sapho<\/span><br \/>\nTraduction par Ren\u00e9e Vivien<\/a><\/span><span class=\"ez-toc-section-end\"><\/span><\/h5>\n<h5 style=\"text-align: center;\"><span class=\"ez-toc-section\" id=\"texte-integral\"><\/span><span style=\"font-size: 16px;\"><a href=\"https:\/\/fr.wikisource.org\/wiki\/Sapho_(Vivien)\/Texte_entier\" target=\"_blank\" rel=\"noopener\">Texte int\u00e9gral<\/a><\/span><span class=\"ez-toc-section-end\"><\/span><\/h5>\n<p style=\"text-align: justify;\"><span style=\"color: #ffffff;\">&#8211;<\/span><br \/>\n<span style=\"font-size: 20px;\">Sapho : Traduction nouvelle avec le texte grec, Alphonse Lemerre, \u00e9diteur, 1903 (p. i-149)<\/span><\/p>\n<p>&nbsp;<\/p>\n<p style=\"text-align: justify;\"><span style=\"font-size: 20px;\">Le surnom de \u00ab\u00a0Sapho 1900, Sapho cent pour cent\u00a0\u00bb a \u00e9t\u00e9 donn\u00e9 \u00e0 <a href=\"https:\/\/fr.wikipedia.org\/wiki\/Ren%C3%A9e_Vivien\" target=\"_blank\" rel=\"noopener\"><strong>Ren\u00e9e Vivien<\/strong><\/a> par\u00a0<a title=\"Andr\u00e9 Billy\" href=\"https:\/\/fr.wikipedia.org\/wiki\/Andr%C3%A9_Billy\" target=\"_blank\" rel=\"noopener\">Andr\u00e9 Billy<\/a>, dans\u00a0<i>L&rsquo;\u00c9poque 1900<\/i>.<\/span><\/p>\n<p style=\"text-align: justify;\"><span style=\"font-size: 20px;\">Les alentours de l&rsquo;ann\u00e9e 1900 connaissent une floraison d&rsquo;\u0153uvres \u00e9crites par des femmes (Ren\u00e9e Vivien, Colette,\u00a0Anna de Noailles,\u00a0Lucie Delarue-Mardrus\u2026),<\/span><\/p>\n<p><span style=\"font-size: 20px;\"><a href=\"https:\/\/commons.wikimedia.org\/wiki\/File:Lesbian_Pride_Flag_2019.svg\" target=\"_blank\" rel=\"noopener\"><img loading=\"lazy\" decoding=\"async\" class=\"alignleft\" src=\"https:\/\/upload.wikimedia.org\/wikipedia\/commons\/thumb\/f\/f8\/Lesbian_pride_flag_2018.svg\/1920px-Lesbian_pride_flag_2018.svg.png\" width=\"77\" height=\"51\" alt=\"- - -\" title=\"-\"><\/a><\/span><\/p>\n<p style=\"text-align: justify;\"><span style=\"font-size: 20px;\">dont plusieurs affichent leurs relations homosexuelles.<\/span><\/p>\n<p style=\"text-align: justify;\"><span style=\"font-size: 20px;\">Ce ph\u00e9nom\u00e8ne met au go\u00fbt du jour l&rsquo;\u0153uvre et le personnage de la po\u00e9tesse\u00a0<a title=\"Sappho\" href=\"https:\/\/fr.wikipedia.org\/wiki\/Sappho\" target=\"_blank\" rel=\"noopener\">Sappho<\/a>.<\/span><\/p>\n<p style=\"text-align: justify;\"><span style=\"font-size: 20px;\">Ren\u00e9e Vivien en particulier fait construire une maison \u00e0\u00a0<a title=\"Mytil\u00e8ne\" href=\"https:\/\/fr.wikipedia.org\/wiki\/Mytil%C3%A8ne\" target=\"_blank\" rel=\"noopener\">Mytil\u00e8ne<\/a>, sur l&rsquo;\u00eele de Lesbos.<\/span><\/p>\n<p style=\"text-align: justify;\"><span style=\"font-size: 20px;\">Mais elle fait surtout para\u00eetre en 1903 un\u00a0<i>Sapho<\/i>, dans lequel le texte grec est suivi d&rsquo;une traduction en prose et des propres vers de Ren\u00e9e Vivien, vers dont l&rsquo;atmosph\u00e8re est davantage celle des\u00a0<a href=\"https:\/\/frank-lovisolo.fr\/WordPress\/femmes-damnees\/\"><i>Fleurs du mal<\/i> de Charles Baudelaire<\/a>\u00a0que celle de la\u00a0<a title=\"\u00c9poque archa\u00efque\" href=\"https:\/\/fr.wikipedia.org\/wiki\/%C3%89poque_archa%C3%AFque\" target=\"_blank\" rel=\"noopener\">Gr\u00e8ce archa\u00efque<\/a>.<\/span><\/p>\n<p style=\"text-align: justify;\"><span style=\"font-size: 20px;\">Ses vers ont toutefois une qualit\u00e9 po\u00e9tique proche de l&rsquo;original\u00a0: Vivien utilise la\u00a0<a title=\"Strophe sapphique\" href=\"https:\/\/fr.wikipedia.org\/wiki\/Strophe_sapphique\" target=\"_blank\" rel=\"noopener\">strophe sapphique<\/a> avec une grande aisance. L&rsquo;ouvrage de Vivien a contribu\u00e9 \u00e0 ancrer dans le public la r\u00e9putation d&rsquo;une Sappho avant tout\u00a0lesbienne.<\/span><\/p>\n<p><span style=\"font-size: 14px;\">Source : <a href=\"https:\/\/fr.wikipedia.org\/wiki\/Ren%C3%A9e_Vivien\" target=\"_blank\" rel=\"noopener\">https:\/\/fr.wikipedia.org\/wiki\/ren\u00e9e-vivien<\/a><\/span><\/p>\n<h5><\/h5>\n<\/td>\n<\/tr>\n<\/tbody>\n<\/table>\n<div><\/div>\n<table style=\"width: 100%; border-collapse: collapse;\" cellpadding=\"10\">\n<tbody>\n<tr>\n<td style=\"width: 50%;\">\n<h5 style=\"text-align: center;\"><span class=\"ez-toc-section\" id=\"en-debarquant-a-mytilene\"><\/span><span style=\"font-size: 20px;\">En d\u00e9barquant \u00e0 Mytil\u00e8ne<\/span><span class=\"ez-toc-section-end\"><\/span><\/h5>\n<p style=\"text-align: center;\">Ren\u00e9e Vivien<\/p>\n<p style=\"text-align: center;\"><a href=\"https:\/\/fr.wikisource.org\/wiki\/%C3%80_l%E2%80%99heure_des_mains_jointes_(1906)\" target=\"_blank\" rel=\"noopener\"><em>A l\u2019heure des mains jointes<\/em><\/a><\/p>\n<\/td>\n<\/tr>\n<tr>\n<td style=\"width: 50%;\">\n<p style=\"text-align: center;\"><span style=\"font-size: 20px;\">Du fond de mon pass\u00e9, je retourne vers toi,<\/span><br \/>\n<span style=\"font-size: 20px;\">Mytil\u00e8ne, \u00e0 travers les si\u00e8cles disparates,<\/span><br \/>\n<span style=\"font-size: 20px;\">T\u2019apportant ma ferveur, ma jeunesse et ma foi,<\/span><br \/>\n<span style=\"font-size: 20px;\">Et mon amour, ainsi qu\u2019un pr\u00e9sent d\u2019aromates,<\/span><br \/>\n<span style=\"font-size: 20px;\">Mytil\u00e8ne, \u00e0 travers les si\u00e8cles disparates,<\/span><br \/>\n<span style=\"font-size: 20px;\">Du fond de mon pass\u00e9, je retourne vers toi.<\/span><\/p>\n<p style=\"text-align: center;\"><span style=\"font-size: 20px;\">Je retrouve tes flots, tes oliviers, tes vignes,<\/span><br \/>\n<span style=\"font-size: 20px;\">Et ton azur o\u00f9 je me fonds et me dissous,<\/span><br \/>\n<span style=\"font-size: 20px;\">Tes barques, et tes monts avec leurs nobles lignes,<\/span><br \/>\n<span style=\"font-size: 20px;\">Tes cigales aux cris exasp\u00e9r\u00e9s et fous,<\/span><br \/>\n<span style=\"font-size: 20px;\">Sous ton azur, o\u00f9 je me fonds et me dissous,<\/span><br \/>\n<span style=\"font-size: 20px;\">Je retrouve tes flots, tes oliviers, tes vignes.<\/span><\/p>\n<p style=\"text-align: center;\"><span style=\"font-size: 20px;\">Re\u00e7ois dans tes vergers un couple f\u00e9minin,<\/span><br \/>\n<span style=\"font-size: 20px;\">\u00cele m\u00e9lodieuse et propice aux caresses,<\/span><br \/>\n<span style=\"font-size: 20px;\">Parmi l\u2019asiatique odeur du lourd jasmin,<\/span><br \/>\n<span style=\"font-size: 20px;\">Tu n\u2019as point oubli\u00e9 <a href=\"https:\/\/www.youtube.com\/watch?v=JKQHvYA1p9k\" target=\"_blank\" rel=\"noopener\">Psappha<\/a> ni ses ma\u00eetresses,<\/span><br \/>\n<span style=\"font-size: 20px;\">Ile m\u00e9lodieuse et propice aux caresses,<\/span><br \/>\n<span style=\"font-size: 20px;\">Re\u00e7ois dans tes vergers un couple f\u00e9minin.<\/span><\/p>\n<p style=\"text-align: center;\"><span style=\"font-size: 20px;\">Lesbos aux flancs dor\u00e9s, rends-nous notre \u00e2me antique,<\/span><br \/>\n<span style=\"font-size: 20px;\">Ressuscite pour nous les lyres et les voix,<\/span><br \/>\n<span style=\"font-size: 20px;\">Et les rires anciens, et l\u2019ancienne musique<\/span><\/p>\n<p style=\"text-align: center;\"><span style=\"font-size: 20px;\">Qui rendit si poignants les baisers d\u2019autrefois,<\/span><br \/>\n<span style=\"font-size: 20px;\">Toi qui gardes l\u2019\u00e9cho des lyres et des voix,<\/span><br \/>\n<span style=\"font-size: 20px;\">Lesbos aux flancs dor\u00e9s, rends-nous notre \u00e2me antique,<\/span><\/p>\n<p style=\"text-align: center;\"><span style=\"font-size: 20px;\">\u00c9voque les p\u00e9plos ondoyant dans le soir,<\/span><br \/>\n<span style=\"font-size: 20px;\">Les lueurs blondes et rousses des chevelures,<\/span><br \/>\n<span style=\"font-size: 20px;\">La coupe d\u2019or et les colliers et le miroir,<\/span><br \/>\n<span style=\"font-size: 20px;\">Et la fleur d\u2019hyacinthe et les faibles murmures,<\/span><br \/>\n<span style=\"font-size: 20px;\">\u00c9voque la clart\u00e9 des belles chevelures<\/span><br \/>\n<span style=\"font-size: 20px;\">Et les l\u00e9gers p\u00e9plos qui passaient, dans le soir,<\/span><\/p>\n<p style=\"text-align: center;\"><span style=\"font-size: 20px;\">Quand, disposant leurs corps sur tes lits d\u2019algues s\u00e8ches,<\/span><br \/>\n<span style=\"font-size: 20px;\">Les amantes jetaient des mots las et bris\u00e9s,<\/span><br \/>\n<span style=\"font-size: 20px;\">Tu m\u00ealais tes odeurs de roses et de p\u00eaches<\/span><br \/>\n<span style=\"font-size: 20px;\">Aux longs chuchotements qui suivent les baisers,<\/span><br \/>\n<span style=\"font-size: 20px;\">\u00c0 notre tour, jetant des mots las et bris\u00e9s,<\/span><br \/>\n<span style=\"font-size: 20px;\">Nous disposons nos corps sur tes lits d\u2019algues s\u00e8ches,<\/span><\/p>\n<p style=\"text-align: center;\"><span style=\"font-size: 20px;\">Mythil\u00e8ne, parure et splendeur de la mer,<\/span><br \/>\n<span style=\"font-size: 20px;\">Comme elle versatile et comme elle \u00e9ternelle,<\/span><br \/>\n<span style=\"font-size: 20px;\">Sois l\u2019autel aujourd\u2019hui des ivresses d\u2019hier,<\/span><br \/>\n<span style=\"font-size: 20px;\">Puisque <a href=\"https:\/\/fr.wikisource.org\/wiki\/Sapho_(1903)\/Biographie_de_Psappha\" target=\"_blank\" rel=\"noopener\">Psappha<\/a> couchait avec une immortelle,<\/span><br \/>\n<span style=\"font-size: 20px;\">Accueille-nous avec bont\u00e9, pour l\u2019amour d\u2019elle,<\/span><br \/>\n<span style=\"font-size: 20px;\">Mytil\u00e8ne, parure et splendeur de la mer\u00a0!<\/span><\/p>\n<\/td>\n<\/tr>\n<\/tbody>\n<\/table>\n<div><\/div>\n<table style=\"border-collapse: collapse; width: 100%;\">\n<tbody>\n<tr>\n<td>\n<div style=\"text-align: center;\">\n<div\n    class='wp-block-pdfp-pdf-poster  alignnone'\n    id='block-3'\n    data-attributes='{&quot;uniqueId&quot;:&quot;pdfp2&quot;,&quot;file&quot;:&quot;https:\\\/\\\/frank-lovisolo.fr\\\/pdf\\\/Sapho-Vivien.pdf&quot;,&quot;title&quot;:&quot;Sappho Fragments&quot;,&quot;height&quot;:&quot;1155px&quot;,&quot;width&quot;:&quot;100%&quot;,&quot;print&quot;:false,&quot;fullscreenButton&quot;:true,&quot;fullscreenButtonText&quot;:&quot;View Fullscreen&quot;,&quot;newWindow&quot;:false,&quot;showName&quot;:true,&quot;downloadButton&quot;:true,&quot;downloadButtonText&quot;:&quot;Download File&quot;,&quot;protect&quot;:false,&quot;onlyPDF&quot;:false,&quot;defaultBrowser&quot;:false,&quot;thumbMenu&quot;:false,&quot;initialPage&quot;:&quot;1&quot;,&quot;sidebarOpen&quot;:false,&quot;lastVersion&quot;:false,&quot;hrScroll&quot;:false,&quot;alert&quot;:false,&quot;btnStyles&quot;:{&quot;background&quot;:&quot;#1e73be&quot;,&quot;color&quot;:&quot;#fff&quot;,&quot;fontSize&quot;:&quot;1rem&quot;,&quot;padding&quot;:{&quot;top&quot;:10,&quot;right&quot;:20,&quot;bottom&quot;:10,&quot;left&quot;:10}},&quot;popupOptions&quot;:{&quot;enabled&quot;:0,&quot;text&quot;:&quot;Open PDF&quot;,&quot;triggerType&quot;:&quot;button&quot;,&quot;image&quot;:&quot;&quot;,&quot;imageHeight&quot;:&quot;200px&quot;,&quot;imageWidth&quot;:&quot;300px&quot;,&quot;imagePdfIcon&quot;:true,&quot;triggerAlignment&quot;:&quot;center&quot;,&quot;btnStyle&quot;:{&quot;background&quot;:&quot;#1e73be&quot;,&quot;color&quot;:&quot;#fff&quot;,&quot;fontSize&quot;:&quot;1rem&quot;,&quot;padding&quot;:{&quot;top&quot;:10,&quot;right&quot;:20,&quot;bottom&quot;:10,&quot;left&quot;:10}}},&quot;actionsPosition&quot;:&quot;top&quot;,&quot;socialShare&quot;:{&quot;enabled&quot;:false,&quot;facebook&quot;:false,&quot;twitter&quot;:false,&quot;linkedin&quot;:false,&quot;pinterest&quot;:false,&quot;position&quot;:&quot;top&quot;},&quot;adobeEmbedder&quot;:false,&quot;align&quot;:&quot;none&quot;,&quot;alignment&quot;:&quot;left&quot;,&quot;titleFontSize&quot;:&quot;16px&quot;,&quot;isHideRightToolbar&quot;:false,&quot;additional&quot;:{&quot;ID&quot;:&quot;&quot;,&quot;Class&quot;:&quot;&quot;,&quot;CSS&quot;:&quot;&quot;},&quot;adobeOptions&quot;:{&quot;showDownloadPDF&quot;:true,&quot;showPrintPDF&quot;:true,&quot;showAnnotationTools&quot;:true,&quot;showFullScreen&quot;:false,&quot;embedMode&quot;:&quot;SIZED_CONTAINER&quot;},&quot;popupBtnStyle&quot;:{&quot;background&quot;:&quot;#2271b1&quot;,&quot;color&quot;:&quot;#fff&quot;,&quot;padding&quot;:{&quot;top&quot;:10,&quot;right&quot;:20,&quot;bottom&quot;:10,&quot;left&quot;:10}},&quot;popupBtnText&quot;:&quot;Open Document&quot;,&quot;CSS&quot;:&quot;&quot;,&quot;isPremium&quot;:false}'\n    style=\"text-align: left\">\n            <div class=\"pdfp_loading_placeholder\" style=\"height: 1155px; width: 100%; display: flex; align-items: center; justify-content: center; background: #f5f5f5; border: 1px solid #ddd;\">\n             <p>Loading Viewer...<\/p>\n        <\/div>\n    <\/div>\n<\/div>\n<\/td>\n<\/tr>\n<tr>\n<td style=\"width: 100%;\">\n<h5><span style=\"color: #ffffff;\"><a href=\"https:\/\/frank-lovisolo.fr\/pdf\/Sapho-Vivien.pdf\" target=\"_blank\" rel=\"noopener\"><img loading=\"lazy\" decoding=\"async\" class=\" wp-image-38445 aligncenter\" src=\"https:\/\/frank-lovisolo.fr\/WordPress\/wp-content\/uploads\/2021\/05\/PDF-Logo-02.jpg-150x150.jpg\" alt=\"- - -\" width=\"97\" height=\"97\" title=\"-\"><\/a><\/span><\/h5>\n<\/td>\n<\/tr>\n<\/tbody>\n<\/table>\n<p><span style=\"color: #ffffff;\">&#8211;<\/span><a id=\"com\"><\/a><\/p>\n<\/address>\n<p><!--nextpage--><\/p>\n<div style=\"text-align: justify;\"><span style=\"color: #ffffff; font-size: 14px;\">&#8211;<\/span><\/div>\n<table style=\"width: 100%; border-collapse: collapse;\" cellpadding=\"10\">\n<tbody>\n<tr>\n<td style=\"width: 100%;\">\n<div id=\"attachment_15456\" style=\"width: 332px\" class=\"wp-caption alignright\"><img loading=\"lazy\" decoding=\"async\" aria-describedby=\"caption-attachment-15456\" class=\"wp-image-15456 size-full\" src=\"https:\/\/frank-lovisolo.fr\/WordPress\/wp-content\/uploads\/2010\/05\/Sappho.jpg\" alt=\"- - -\" width=\"322\" height=\"315\" title=\"-\" srcset=\"https:\/\/frank-lovisolo.fr\/WordPress\/wp-content\/uploads\/2010\/05\/Sappho.jpg 322w, https:\/\/frank-lovisolo.fr\/WordPress\/wp-content\/uploads\/2010\/05\/Sappho-153x150.jpg 153w, https:\/\/frank-lovisolo.fr\/WordPress\/wp-content\/uploads\/2010\/05\/Sappho-150x147.jpg 150w\" sizes=\"auto, (max-width: 322px) 100vw, 322px\" \/><p id=\"caption-attachment-15456\" class=\"wp-caption-text\"><span style=\"font-size: 12px;\">Fresque dite de \u201cSappho\u201d \u00e0 Pomp\u00e9i Repr\u00e9sentation d\u2019une jeune femme tenant un stylet et des tablettes, souvent identifi\u00e9e dans l\u2019iconographie populaire \u00e0 Sappho mais sans certitude historique.<\/span><\/p><\/div>\n<h3 style=\"text-align: justify;\"><span style=\"font-size: 22px;\"><strong>Sappho de Lesbos<\/strong>, n\u00e9e vers 630 avant notre \u00e8re et morte aux environs de 570 avant J.-C., est l\u2019une des figures les plus marquantes de la po\u00e9sie grecque archa\u00efque.<\/span><\/h3>\n<p><span style=\"color: #ffffff;\">&#8211;<\/span><\/p>\n<ul>\n<li style=\"text-align: justify;\"><span style=\"font-size: 18px;\">O<span style=\"font-size: 20px;\">riginaire de l\u2019\u00eele de Lesbos, probablement de la cit\u00e9 de Mytil\u00e8ne ou d\u2019\u00c9r\u00e9sos, elle \u00e9volue dans un contexte culturel o\u00f9 la po\u00e9sie lyrique conna\u00eet un essor consid\u00e9rable. L\u2019\u00e9poque archa\u00efque, \u00e0 laquelle elle appartient, marque en effet la transition entre la po\u00e9sie \u00e9pique d\u2019Hom\u00e8re et une po\u00e9sie plus intime, centr\u00e9e sur l\u2019exp\u00e9rience individuelle et les \u00e9motions humaines.<\/span><\/span><\/li>\n<\/ul>\n<p><span style=\"color: #ffffff; font-size: 20px;\">&#8211;<\/span><\/p>\n<ul>\n<li style=\"text-align: justify;\"><span style=\"font-size: 20px;\">Sappho vivait dans une soci\u00e9t\u00e9 aristocratique o\u00f9 la culture musicale et po\u00e9tique faisait partie de l\u2019\u00e9ducation des jeunes filles de bonne naissance. Selon la tradition, elle dirigeait un cercle f\u00e9minin, parfois qualifi\u00e9 de <em>thiasos<\/em>, consacr\u00e9 \u00e0 la d\u00e9esse Aphrodite et aux Muses. Ce cercle n\u2019\u00e9tait pas seulement un lieu d\u2019\u00e9ducation artistique, mais aussi un espace d\u2019expression spirituelle et affective, o\u00f9 les femmes apprenaient \u00e0 chanter, \u00e0 jouer de la lyre et \u00e0 composer des po\u00e8mes. Cette communaut\u00e9 f\u00e9minine a souvent \u00e9t\u00e9 interpr\u00e9t\u00e9e, tant\u00f4t comme une \u00e9cole religieuse, tant\u00f4t comme un c\u00e9nacle litt\u00e9raire pr\u00e9figurant les acad\u00e9mies po\u00e9tiques de l\u2019Antiquit\u00e9 classique.<\/span><\/li>\n<\/ul>\n<p><span style=\"color: #ffffff;\">&#8211;<\/span><\/p>\n<div id=\"attachment_33292\" style=\"width: 510px\" class=\"wp-caption alignleft\"><img loading=\"lazy\" decoding=\"async\" aria-describedby=\"caption-attachment-33292\" class=\"wp-image-33292\" src=\"https:\/\/frank-lovisolo.fr\/WordPress\/wp-content\/uploads\/2011\/07\/Miquel-Carbonell-Selva-Sappho-1881.jpg\" alt=\"Miquel Carbonell i Selva Sappho - 1881\" width=\"500\" height=\"743\" title=\"-\" srcset=\"https:\/\/frank-lovisolo.fr\/WordPress\/wp-content\/uploads\/2011\/07\/Miquel-Carbonell-Selva-Sappho-1881.jpg 460w, https:\/\/frank-lovisolo.fr\/WordPress\/wp-content\/uploads\/2011\/07\/Miquel-Carbonell-Selva-Sappho-1881-101x150.jpg 101w\" sizes=\"auto, (max-width: 500px) 100vw, 500px\" \/><p id=\"caption-attachment-33292\" class=\"wp-caption-text\"><span style=\"font-size: 12px;\">\u00ab La mort de Sappho \u00bb (1881) <\/span><br \/><span style=\"font-size: 12px;\">\u0152uvre de Miguel Carbonell Selva intitul\u00e9e The Death of Sappho.<\/span><\/p><\/div>\n<ul>\n<li style=\"text-align: justify;\"><span style=\"font-size: 20px;\">Les donn\u00e9es biographiques concernant Sappho restent toutefois fragmentaires et incertaines. Selon la <em>Souda<\/em>, une encyclop\u00e9die byzantine du Xe si\u00e8cle, elle aurait eu trois fr\u00e8res et une fille, Cl\u00e9is, \u00e0 laquelle elle adresse parfois ses vers. Certains t\u00e9moignages anciens mentionnent un exil en Sicile, \u00e0 Syracuse, pour des raisons politiques li\u00e9es aux luttes entre factions aristocratiques de Lesbos, bien que cette information demeure hypoth\u00e9tique. De nombreuses l\u00e9gendes se sont ensuite greff\u00e9es sur sa figure, notamment celle de son amour malheureux pour le jeune Phon\u00e9en Phaon et de son suicide depuis la falaise du Leucade, un r\u00e9cit largement mythique popularis\u00e9 par Ovide dans les <em>H\u00e9ro\u00efdes<\/em>.<\/span><\/li>\n<\/ul>\n<p><span style=\"color: #ffffff; font-size: 20px;\">&#8211;<\/span><\/p>\n<ul>\n<li style=\"text-align: justify;\"><span style=\"font-size: 20px;\">L\u2019\u0153uvre de Sappho, \u00e9crite en dialecte \u00e9olien, fut \u00e0 l\u2019origine tr\u00e8s abondante : les \u00e9rudits alexandrins du III\u1d49 si\u00e8cle avant notre \u00e8re en avaient rassembl\u00e9 neuf livres. H\u00e9las, l\u2019immense majorit\u00e9 de cette production a disparu, victime du temps et de la censure morale de certaines \u00e9poques. Seuls un po\u00e8me complet \u2014 l\u2019<em>Hymne \u00e0 Aphrodite<\/em> \u2014 et plusieurs fragments, parfois tr\u00e8s courts, nous sont parvenus gr\u00e2ce \u00e0 des citations d\u2019auteurs anciens ou \u00e0 des d\u00e9couvertes de papyrus \u00e9gyptiens. Ces fragments, bien qu\u2019incomplets, t\u00e9moignent d\u2019un art po\u00e9tique d\u2019une intensit\u00e9 remarquable.<\/span><\/li>\n<\/ul>\n<p><span style=\"color: #ffffff; font-size: 20px;\">&#8211;<\/span><\/p>\n<ul>\n<li style=\"text-align: justify;\"><span style=\"font-size: 20px;\">Sappho s\u2019impose comme la grande voix de la po\u00e9sie lyrique monodique, c\u2019est-\u00e0-dire chant\u00e9e par une seule voix avec accompagnement \u00e0 la lyre. Sa po\u00e9sie se distingue par la pr\u00e9cision de l\u2019\u00e9motion, la musicalit\u00e9 du langage et la richesse des images. Le sentiment amoureux en constitue le th\u00e8me central, envisag\u00e9 \u00e0 la fois dans sa dimension divine et humaine. L\u2019amour est c\u00e9l\u00e9br\u00e9 comme une force irr\u00e9sistible, souvent associ\u00e9e \u00e0 la d\u00e9esse Aphrodite, mais aussi comme une exp\u00e9rience de d\u00e9sir, de joie et de souffrance. \u00c0 travers ses po\u00e8mes, Sappho explore la complexit\u00e9 du sentiment amoureux, oscillant entre l\u2019exaltation et la douleur, la pr\u00e9sence et l\u2019absence, la beaut\u00e9 et le temps qui passe.<\/span><\/li>\n<\/ul>\n<p><span style=\"color: #ffffff;\">&#8211;<\/span><\/p>\n<ul>\n<li style=\"text-align: justify;\"><span style=\"font-size: 20px;\">L\u2019<em>Hymne \u00e0 Aphrodite<\/em>, seul texte int\u00e9gralement conserv\u00e9, illustre parfaitement cette tension entre ferveur religieuse et intensit\u00e9 personnelle. Dans ce po\u00e8me, Sappho invoque la d\u00e9esse pour l\u2019aider \u00e0 surmonter la douleur du d\u00e9sir non partag\u00e9. L\u2019adresse directe \u00e0 la divinit\u00e9, l\u2019alternance de supplication et de souvenir, ainsi que le rythme souple et musical des vers, conf\u00e8rent \u00e0 ce texte une force expressive exceptionnelle. Le m\u00e8tre sapphique, que la po\u00e9tesse aurait contribu\u00e9 \u00e0 codifier, deviendra par la suite un mod\u00e8le de r\u00e9f\u00e9rence dans la po\u00e9sie latine et europ\u00e9enne.<\/span><\/li>\n<\/ul>\n<p><span style=\"color: #ffffff; font-size: 20px;\">&#8211;<\/span><\/p>\n<ul>\n<li style=\"text-align: justify;\"><span style=\"font-size: 20px;\">Sappho ne se limite toutefois pas \u00e0 la th\u00e9matique amoureuse : ses fragments expriment \u00e9galement une r\u00e9flexion sur la beaut\u00e9, la jeunesse, la communaut\u00e9 f\u00e9minine et la fragilit\u00e9 de l\u2019existence humaine. Sa po\u00e9sie accorde une place essentielle \u00e0 la nature \u2014 fleurs, lumi\u00e8re, parfums \u2014 qui devient le miroir des \u00e9motions int\u00e9rieures. L\u2019\u00e9conomie du langage, la puret\u00e9 du style et la densit\u00e9 symbolique de ses images conf\u00e8rent \u00e0 ses po\u00e8mes une qualit\u00e9 quasi musicale, fond\u00e9e sur la suggestion plus que sur la narration.<\/span><\/li>\n<\/ul>\n<p><span style=\"color: #ffffff; font-size: 20px;\">&#8211;<\/span><\/p>\n<ul>\n<li style=\"text-align: justify;\"><span style=\"font-size: 20px;\">D\u00e8s l\u2019Antiquit\u00e9, Sappho fut reconnue comme une figure majeure du g\u00e9nie po\u00e9tique. Platon la qualifie de \u00ab dixi\u00e8me Muse \u00bb, pla\u00e7ant ainsi sa voix au m\u00eame rang que celles des divinit\u00e9s inspiratrices de la po\u00e9sie. Longin, dans son trait\u00e9 <em>Du Sublime<\/em>, la cite comme exemple de grandeur d\u2019\u00e2me et de puissance expressive. Horace, en Rome, s\u2019inspire de son m\u00e8tre et de son ton pour composer ses <em>Odes<\/em>. Cependant, d\u00e8s l\u2019\u00e9poque hell\u00e9nistique, son image commence \u00e0 se troubler : sa libert\u00e9 de ton et la dimension sensuelle de sa po\u00e9sie suscitent des interpr\u00e9tations moralisatrices, souvent d\u00e9formantes, notamment autour de la question de ses relations affectives entre femmes.<\/span><\/li>\n<\/ul>\n<p><span style=\"color: #ffffff; font-size: 20px;\">&#8211;<\/span><\/p>\n<ul>\n<li style=\"text-align: justify;\"><span style=\"font-size: 18px;\"><span style=\"font-size: 20px;\">Red\u00e9couverte \u00e0 la Renaissance, Sappho devient, \u00e0 partir du XVIII\u1d49 si\u00e8cle, une ic\u00f4ne de la passion et du lyrisme f\u00e9minin. Les romantiques la c\u00e9l\u00e8brent comme l\u2019incarnation de la po\u00e9tesse inspir\u00e9e et tragique, tandis que les<\/span> <span style=\"font-size: 20px;\">\u00e9crivaines modernes y voient une figure d\u2019\u00e9mancipation intellectuelle et sensuelle. Au XX\u1d49 si\u00e8cle, son \u0153uvre suscite un renouveau d\u2019int\u00e9r\u00eat dans les \u00e9tudes litt\u00e9raires, f\u00e9ministes et queer, qui y reconnaissent une des premi\u00e8res voix f\u00e9minines autonomes de l\u2019histoire occidentale.<\/span><\/span><\/li>\n<\/ul>\n<p><span style=\"color: #ffffff; font-size: 20px;\">&#8211;<\/span><\/p>\n<ul>\n<li style=\"text-align: justify;\"><span style=\"font-size: 18px;\"><span style=\"font-size: 20px;\">Aujourd\u2019hui encore, malgr\u00e9 la perte de la majeure partie de son \u0153uvre, Sappho demeure une r\u00e9f\u00e9rence incontournable de la litt\u00e9rature universelle. Sa po\u00e9sie, fragile et fragmentaire, t\u00e9moigne de la capacit\u00e9 de la langue \u00e0 exprimer la profondeur du sentiment humain. Elle incarne \u00e0 la fois la naissance du lyrisme, la force de la subjectivit\u00e9 f\u00e9minine et la survivance de la beaut\u00e9 \u00e0 travers les si\u00e8cles. Par son art, Sappho a donn\u00e9 \u00e0 la parole po\u00e9tique une dimension nouvelle : celle de la voix intime, qui traverse le temps pour rejoindre l\u2019universel.<\/span><br \/>\n<span style=\"color: #ffffff;\">&#8211;<a id=\"COM\"><\/a><\/span> <\/span><\/li>\n<\/ul>\n<\/td>\n<\/tr>\n<\/tbody>\n<\/table>\n<div id=\"ez-toc-container\" class=\"ez-toc-v2_0_82_2 ez-toc-wrap-center counter-hierarchy ez-toc-counter ez-toc-light-blue ez-toc-container-direction\">\n<label for=\"ez-toc-cssicon-toggle-item-69ef1e5765256\" class=\"ez-toc-cssicon-toggle-label\"><p class=\"ez-toc-title\" style=\"cursor:inherit\">Table des mati\u00e8res<\/p>\n<span class=\"ez-toc-cssicon\"><span class=\"eztoc-hide\" style=\"display:none;\">Toggle<\/span><span class=\"ez-toc-icon-toggle-span\"><svg style=\"fill: #999;color:#999\" xmlns=\"http:\/\/www.w3.org\/2000\/svg\" class=\"list-377408\" width=\"20px\" height=\"20px\" viewBox=\"0 0 24 24\" fill=\"none\"><path d=\"M6 6H4v2h2V6zm14 0H8v2h12V6zM4 11h2v2H4v-2zm16 0H8v2h12v-2zM4 16h2v2H4v-2zm16 0H8v2h12v-2z\" fill=\"currentColor\"><\/path><\/svg><svg style=\"fill: #999;color:#999\" class=\"arrow-unsorted-368013\" xmlns=\"http:\/\/www.w3.org\/2000\/svg\" width=\"10px\" height=\"10px\" viewBox=\"0 0 24 24\" version=\"1.2\" baseProfile=\"tiny\"><path d=\"M18.2 9.3l-6.2-6.3-6.2 6.3c-.2.2-.3.4-.3.7s.1.5.3.7c.2.2.4.3.7.3h11c.3 0 .5-.1.7-.3.2-.2.3-.5.3-.7s-.1-.5-.3-.7zM5.8 14.7l6.2 6.3 6.2-6.3c.2-.2.3-.5.3-.7s-.1-.5-.3-.7c-.2-.2-.4-.3-.7-.3h-11c-.3 0-.5.1-.7.3-.2.2-.3.5-.3.7s.1.5.3.7z\"\/><\/svg><\/span><\/span><\/label><input type=\"checkbox\"  id=\"ez-toc-cssicon-toggle-item-69ef1e5765256\" checked \/><nav><ul class='ez-toc-list ez-toc-list-level-1 ' ><li class='ez-toc-page-1 ez-toc-heading-level-4'><a class=\"ez-toc-link ez-toc-heading-1\" href=\"https:\/\/frank-lovisolo.fr\/WordPress\/sappho-fragments-3\/#%e2%80%93\" >&#8211;<\/a><ul class='ez-toc-list-level-5' ><li class='ez-toc-heading-level-5'><a class=\"ez-toc-link ez-toc-heading-2\" href=\"https:\/\/frank-lovisolo.fr\/WordPress\/sappho-fragments-3\/#sappho-fragments\" >Sappho Fragments<\/a><\/li><li class='ez-toc-page-1 ez-toc-heading-level-5'><a class=\"ez-toc-link ez-toc-heading-3\" href=\"https:\/\/frank-lovisolo.fr\/WordPress\/sappho-fragments-3\/#%e2%80%93-2\" >&#8211;<\/a><\/li><li class='ez-toc-page-1 ez-toc-heading-level-5'><a class=\"ez-toc-link ez-toc-heading-4\" href=\"https:\/\/frank-lovisolo.fr\/WordPress\/sappho-fragments-3\/#en-savoir-plus\" >En savoir plus<\/a><\/li><li class='ez-toc-page-1 ez-toc-heading-level-5'><a class=\"ez-toc-link ez-toc-heading-5\" href=\"https:\/\/frank-lovisolo.fr\/WordPress\/sappho-fragments-3\/#%e2%80%93-3\" >&#8211;<\/a><\/li><li class='ez-toc-page-1 ez-toc-heading-level-5'><a class=\"ez-toc-link ez-toc-heading-6\" href=\"https:\/\/frank-lovisolo.fr\/WordPress\/sappho-fragments-3\/#sappho\" >Sappho<\/a><\/li><li class='ez-toc-page-1 ez-toc-heading-level-5'><a class=\"ez-toc-link ez-toc-heading-7\" href=\"https:\/\/frank-lovisolo.fr\/WordPress\/sappho-fragments-3\/#%e2%80%93-4\" >&#8211;<\/a><\/li><li class='ez-toc-page-1 ez-toc-heading-level-5'><a class=\"ez-toc-link ez-toc-heading-8\" href=\"https:\/\/frank-lovisolo.fr\/WordPress\/sappho-fragments-3\/#la-mort-de-sappho-%e2%80%93-pierre-antoine-augustin-vafflard-%e2%80%93-1819\" >La mort de Sappho &#8211; Pierre Antoine Augustin Vafflard &#8211; 1819<\/a><\/li><li class='ez-toc-page-1 ez-toc-heading-level-5'><a class=\"ez-toc-link ez-toc-heading-9\" href=\"https:\/\/frank-lovisolo.fr\/WordPress\/sappho-fragments-3\/#sapho-traduction-par-renee-vivien\" >Sapho \nTraduction par Ren\u00e9e Vivien<\/a><\/li><li class='ez-toc-page-1 ez-toc-heading-level-5'><a class=\"ez-toc-link ez-toc-heading-10\" href=\"https:\/\/frank-lovisolo.fr\/WordPress\/sappho-fragments-3\/#texte-integral\" >Texte int\u00e9gral<\/a><\/li><li class='ez-toc-page-1 ez-toc-heading-level-5'><a class=\"ez-toc-link ez-toc-heading-11\" href=\"https:\/\/frank-lovisolo.fr\/WordPress\/sappho-fragments-3\/#en-debarquant-a-mytilene\" >En d\u00e9barquant \u00e0 Mytil\u00e8ne<\/a><\/li><\/ul><\/li><\/ul><\/nav><\/div>\n","protected":false},"excerpt":{"rendered":"<p><span class=\"span-reading-time rt-reading-time\" style=\"display: block;\"><span class=\"rt-label rt-prefix\">Reading Time: <\/span> <span class=\"rt-time\"> 10<\/span> <span class=\"rt-label rt-postfix\">minutes<\/span><\/span>Composition pour les fragments choisis d&rsquo;une Po\u00e9sie lyrique antique \u00e9crite il y a, environ, 2600 ans par Sappho. Percussions (Grosse caisse et cymbales), Basse, Qanun, Sax soprano, Clarinette, Karamuza, deux Synth\u00e9tiseurs dont un pour une s\u00e9quence it\u00e9rative et, pour finir, diverses Ambiances sonores domin\u00e9es par la mer, nous sommes \u00e0 Mytil\u00e8ne sur l&rsquo;\u00eele de Lesbos, nom de Zeus, d&rsquo;Aphrodite et de tout l&rsquo;Olympe !<br \/>\nAvec Fran\u00e7oise Claire Dutheil : Diseuse de Texte. <a class=\"continue-reading-link\" href=\"https:\/\/frank-lovisolo.fr\/WordPress\/sappho-fragments-3\/\">Suite &#8211; Continue reading<\/a><\/p>\n","protected":false},"author":1,"featured_media":38421,"comment_status":"open","ping_status":"open","sticky":false,"template":"","format":"standard","meta":{"footnotes":""},"categories":[19,1,513],"tags":[377,3021,3023,3027,3026,189,3025,2636,3019,3024,1626,3022],"class_list":["post-38399","post","type-post","status-publish","format-standard","has-post-thumbnail","hentry","category-sappho","category-tous-les-articles","category-music-compositions","tag-andromede","tag-edward-poynter","tag-etienne-adolphe-piot","tag-gustave-moreau","tag-judy-chicago","tag-lesbos","tag-margaritis-georgios","tag-percussions","tag-qanun","tag-renee-vivien","tag-sappho","tag-yves-battistini"],"_links":{"self":[{"href":"https:\/\/frank-lovisolo.fr\/WordPress\/wp-json\/wp\/v2\/posts\/38399","targetHints":{"allow":["GET"]}}],"collection":[{"href":"https:\/\/frank-lovisolo.fr\/WordPress\/wp-json\/wp\/v2\/posts"}],"about":[{"href":"https:\/\/frank-lovisolo.fr\/WordPress\/wp-json\/wp\/v2\/types\/post"}],"author":[{"embeddable":true,"href":"https:\/\/frank-lovisolo.fr\/WordPress\/wp-json\/wp\/v2\/users\/1"}],"replies":[{"embeddable":true,"href":"https:\/\/frank-lovisolo.fr\/WordPress\/wp-json\/wp\/v2\/comments?post=38399"}],"version-history":[{"count":4,"href":"https:\/\/frank-lovisolo.fr\/WordPress\/wp-json\/wp\/v2\/posts\/38399\/revisions"}],"predecessor-version":[{"id":53135,"href":"https:\/\/frank-lovisolo.fr\/WordPress\/wp-json\/wp\/v2\/posts\/38399\/revisions\/53135"}],"wp:featuredmedia":[{"embeddable":true,"href":"https:\/\/frank-lovisolo.fr\/WordPress\/wp-json\/wp\/v2\/media\/38421"}],"wp:attachment":[{"href":"https:\/\/frank-lovisolo.fr\/WordPress\/wp-json\/wp\/v2\/media?parent=38399"}],"wp:term":[{"taxonomy":"category","embeddable":true,"href":"https:\/\/frank-lovisolo.fr\/WordPress\/wp-json\/wp\/v2\/categories?post=38399"},{"taxonomy":"post_tag","embeddable":true,"href":"https:\/\/frank-lovisolo.fr\/WordPress\/wp-json\/wp\/v2\/tags?post=38399"}],"curies":[{"name":"wp","href":"https:\/\/api.w.org\/{rel}","templated":true}]}}