{"id":37174,"date":"2020-09-20T07:30:16","date_gmt":"2020-09-20T05:30:16","guid":{"rendered":"https:\/\/frank-lovisolo.fr\/WordPress\/?p=37174"},"modified":"2026-02-14T18:18:32","modified_gmt":"2026-02-14T17:18:32","slug":"bleu-avalon-clair-obscur","status":"publish","type":"post","link":"https:\/\/frank-lovisolo.fr\/WordPress\/bleu-avalon-clair-obscur\/","title":{"rendered":"Un clair-obscur \u00ab Bleu Avalon \u00bb"},"content":{"rendered":"<span class=\"span-reading-time rt-reading-time\" style=\"display: block;\"><span class=\"rt-label rt-prefix\">Reading Time: <\/span> <span class=\"rt-time\"> 10<\/span> <span class=\"rt-label rt-postfix\">minutes<\/span><\/span><div><span style=\"font-size: 4px; color: #ffffff;\">Avalon &#8211; Avalon &#8211; Avalon &#8211; Avalon &#8211; Avalon &#8211; Avalon &#8211; Avalon &#8211; Avalon &#8211; Avalon &#8211; Avalon &#8211; Avalon &#8211; Avalon &#8211; Avalon &#8211; Avalon &#8211; Avalon &#8211; Avalon <\/span><\/div>\n<table style=\"width: 100%;\" cellpadding=\"10\">\n<tbody>\n<tr>\n<td style=\"width: 40%; text-align: right; vertical-align: middle;\" colspan=\"3\">\n<div style=\"text-align: center;\"><strong><span style=\"font-size: 16px;\"><span style=\"font-size: 14px;\">Suggestion d&rsquo;\u00e9coute :<\/span><br \/>\n<span style=\"font-size: 14px;\"><a href=\"https:\/\/frank-lovisolo.fr\/WordPress\/val-sans-retour-photographe\/\" target=\"_blank\" rel=\"noopener\"><span style=\"vertical-align: inherit;\">Le Val sans Retour<\/span><\/a><\/span><br \/>\n<\/span><\/strong><\/div>\n<\/td>\n<td style=\"width: 40%; text-align: right; vertical-align: middle;\">\n<div><a href=\"https:\/\/frankcesarlovisolo.bandcamp.com\/track\/le-val-sans-retour\" target=\"_blank\" rel=\"noopener\"><img loading=\"lazy\" decoding=\"async\" class=\"aligncenter wp-image-51127\" src=\"https:\/\/frank-lovisolo.fr\/WordPress\/wp-content\/uploads\/2022\/11\/bandcamp-logotype-color-400-Frank.png\" alt=\"- - -\" width=\"303\" height=\"25\" title=\"-\" srcset=\"https:\/\/frank-lovisolo.fr\/WordPress\/wp-content\/uploads\/2022\/11\/bandcamp-logotype-color-400-Frank.png 400w, https:\/\/frank-lovisolo.fr\/WordPress\/wp-content\/uploads\/2022\/11\/bandcamp-logotype-color-400-Frank-250x21.png 250w, https:\/\/frank-lovisolo.fr\/WordPress\/wp-content\/uploads\/2022\/11\/bandcamp-logotype-color-400-Frank-150x12.png 150w\" sizes=\"auto, (max-width: 303px) 100vw, 303px\" \/><\/a><\/div>\n<\/td>\n<td style=\"width: 20%; text-align: left; vertical-align: middle;\"><a href=\"#com\"><span style=\"font-size: 20px;\"><img loading=\"lazy\" decoding=\"async\" class=\"alignnone wp-image-15068\" title=\"commentaire\" src=\"https:\/\/frank-lovisolo.fr\/WordPress\/wp-content\/uploads\/2015\/06\/ComBleu.jpg\" alt=\"Osmophore - darwin - \u00e9volution - lovisolo\" width=\"250\" height=\"20\" \/><\/span><\/a><\/td>\n<\/tr>\n<\/tbody>\n<\/table>\n<div><span style=\"font-size: 4px; color: #ffffff;\">Avalon &#8211; Avalon &#8211; Avalon &#8211; Avalon &#8211; Avalon &#8211; Avalon &#8211; Avalon &#8211; Avalon &#8211; Avalon &#8211; Avalon &#8211; Avalon &#8211; Avalon &#8211; Avalon &#8211; Avalon &#8211; Avalon &#8211; Avalon <\/span><\/div>\n<table style=\"width: 100%;\" cellpadding=\"10\">\n<tbody>\n<tr style=\"height: 25px;\">\n<td style=\"height: 400px; text-align: justify; width: 99.4199%; vertical-align: middle;\" colspan=\"2\">\n<h5><span class=\"ez-toc-section\" id=\"%e2%80%93\"><\/span><span style=\"color: #ffffff;\">&#8211;<\/span><span class=\"ez-toc-section-end\"><\/span><\/h5>\n<div style=\"text-align: justify;\"><span style=\"font-size: 20px;\"><span style=\"font-family: inherit;\">Quand, en art, on \u00e9voque le bleu, il est difficile de se soustraire \u00e0 l\u2019\u00ab\u2009<\/span><a style=\"font-family: inherit;\" href=\"#ikb\">I.K.<\/a><a style=\"font-family: inherit;\" href=\"#ikb\">B<\/a> <\/span><span style=\"font-family: inherit;\">\u00bb<span style=\"font-size: 20px;\"> d\u2019<\/span><\/span><span style=\"font-size: 20px;\"><a style=\"font-family: inherit;\" href=\"http:\/\/www.yvesklein.com\/fr\/biographie\/\" target=\"_blank\" rel=\"noopener\">Yves Klein<\/a>.<span style=\"font-family: inherit;\">\u00a0<\/span><\/span><\/div>\n<div style=\"text-align: justify;\"><span style=\"font-size: 20px;\">Un outremer, chimiquement personnalis\u00e9, dont il se sert quant \u00e0 ses monochromes, anthropom\u00e9tries et sculptures souventefois spongieuses. <\/span><\/div>\n<div style=\"text-align: justify;\"><span style=\"font-size: 20px;\">N\u00e9anmoins, loin de moi, cette id\u00e9e saugrenue d\u2019imiter et, qui pis est, plagier Yves Klein. <\/span><\/div>\n<div style=\"text-align: justify;\"><span style=\"font-size: 20px;\">Beaucoup trop d&rsquo;artistes le font.\u00a0<\/span><\/div>\n<div style=\"text-align: justify;\"><span style=\"font-size: 20px;\">Un simple \u00ab Klein d\u2019\u0153il \u00bb, en d\u00e9but et en fin d&rsquo;article, \u00e0 cet artiste trop t\u00f4t disparu dont j\u2019admire, par surcro\u00eet, la cr\u00e9ativit\u00e9.\u00a0<\/span><\/div>\n<div><span style=\"color: #ffffff;\">&#8211;<\/span><\/div>\n<div style=\"text-align: justify;\"><span style=\"font-size: 20px;\">Selon la loi, nul ne peut monopoliser une teinte.<\/span><\/div>\n<div style=\"text-align: justify;\"><span style=\"font-size: 20px;\">Cependant, pour une r\u00e9alisation artistique, au sens de l\u2019<a href=\"https:\/\/fr.wikipedia.org\/wiki\/Art_conceptuel\" target=\"_blank\" rel=\"noopener\">art conceptuel<\/a>, rien ne s\u2019oppose au fait d\u2019en nommer une et se l\u2019approprier\u2009!<\/span><\/div>\n<div><span style=\"color: #ffffff;\">&#8211;<\/span><\/div>\n<div style=\"text-align: justify;\"><span style=\"font-size: 20px;\">Ce \u00ab\u2009Bleu Avalon\u2009\u00bb existera uniquement pour cette nouvelle s\u00e9rie \u00e9picurienne, po\u00e9tiquement libertaire, sur fond de l\u00e9gende polyth\u00e9iste, arthurienne et, in\u00e9luctablement, celtique.<\/span><\/div>\n<div style=\"text-align: justify;\"><span style=\"font-size: 20px;\">Derechef, Morgane la f\u00e9e en sera l\u2019h\u00e9ro\u00efne ecchymos\u00e9e ton sur ton \u00e9tant donn\u00e9 la rudesse bucolique du d\u00e9cor, des ramures assassines jonchant une rocaille f\u00e9egicide!\u00a0<\/span><\/div>\n<div style=\"text-align: justify;\"><span style=\"font-size: 20px;\">Le barbu, chapeautant et chapeaut\u00e9 pointu, a eu connaissance des contusions. Cela a fait des contes \u00e0 n&rsquo;en plus finir. Enfin, morbleu! Il faut bien que les mythes se construisent, palsambleu!<\/span><\/div>\n<div><span style=\"color: #ffffff; font-size: 20px;\">&#8211;<\/span><\/div>\n<\/td>\n<\/tr>\n<tr style=\"height: 24px;\">\n<td style=\"height: 24px; text-align: center; width: 99.4199%;\" colspan=\"2\">\n<h4><div class=\"flagallerywraper\" style=\"text-align:center;\"><div class=\"flagallery flaslider_skin\" id=\"FlaGallery_sc1_291\" style=\"width:1024px;margin:0 auto;\"><script type=\"text\/javascript\">(function(){this['FlaGallery_sc1_291']={'settings':{\"sliderHeightRetio\":\"0.8\",\"sliderPreloaderColor\":\"#ffffff\",\"sliderBgColor\":\"rgb(255, 255, 255)\",\"sliderHeaderFooterBgColor\":\"rgb(255, 255, 255)\",\"sliderNavigationColor\":\"rgba(82, 82, 82, 0.81)\",\"sliderNavigationIconColor\":\"rgb(255, 255, 255)\",\"sliderItemDescriptionBlock\":\"0\",\"sliderItemTitleFontSize\":\"14\",\"sliderItemTitleTextColor\":\"#515151\",\"sliderItemDescriptionFontSize\":\"14\",\"sliderItemDescriptionTextColor\":\"#545454\",\"sliderThumbBarEnable\":\"1\",\"sliderThumbBarHoverColor\":\"#ffffff\",\"sliderThumbSubMenuBackgroundColor\":\"rgb(255, 255, 255)\",\"sliderThumbSubMenuBackgroundColorOver\":\"rgba(255,255,255,1)\",\"sliderThumbSubMenuIconColor\":\"rgb(0, 0, 0)\",\"sliderThumbSubMenuIconHoverColor\":\"rgba(0,0,0,1)\",\"sliderPlayButton\":\"1\",\"sliderZoomButton\":\"1\",\"sliderFullScreen\":\"1\",\"sliderInfoEnable\":\"1\",\"sliderItemDownload\":\"0\",\"sliderSocialShareEnabled\":\"0\",\"sliderLikesEnabled\":\"0\",\"sliderSlideshowEneble\":\"1\",\"slideshowDelay\":\"8\",\"slideshowProgressBarColor\":\"rgb(0, 0, 0)\",\"slideshowProgressBarBGColor\":\"rgb(137, 176, 255)\",\"modaBgColor\":\"rgba(0,0,0,0.9)\",\"modalInfoBoxBgColor\":\"rgb(255, 255, 255)\",\"modalInfoBoxTitleTextColor\":\"#000000\",\"shareTitlePlaceHolder\":\"Share\",\"modalInfoBoxTextColor\":\"#333333\",\"infoBarExifEnable\":\"0\",\"infoBarCountersEnable\":\"0\",\"infoBarDateInfoEnable\":\"0\",\"customCSS\":\"\",\"key\":\"2b91304c71a96bd3dd001bdb3bf4a76f\",\"name\":\"GRANDPackPlus\",\"galleryID\":\"sc1_291\",\"post_url\":\"https:\\\/\\\/frank-lovisolo.fr\\\/WordPress\\\/wp-json\\\/wp\\\/v2\\\/posts\\\/37174\",\"module_url\":\"https:\\\/\\\/frank-lovisolo.fr\\\/WordPress\\\/wp-content\\\/plugins\\\/flagallery-skins\\\/flaslider\\\/\"}, 'data':[{\"gallery\":{\"gid\":\"291\",\"name\":\"bleu-avalon\",\"path\":\"https:\\\/\\\/frank-lovisolo.fr\\\/WordPress\\\/wp-content\\\/flagallery\\\/bleu-avalon\",\"title\":\"Bleu Avalon\",\"galdesc\":\"\"},\"data\":[{\"pid\":\"24055\",\"filename\":\"morgane-bleu-avalon-n001.jpg\",\"description\":\"\",\"alttext\":\"\",\"link\":null,\"imagedate\":\"2020-09-14 16:28:34\",\"hitcounter\":\"544\",\"total_value\":\"0\",\"total_votes\":\"1\",\"meta_data\":{\"aperture\":false,\"credit\":false,\"camera\":false,\"caption\":false,\"created_timestamp\":false,\"copyright\":\"Frank Lovisolo - H\\u00c3\\u00a9l\\u00c3\\u00a8ne Guillou Sept 2020\",\"focal_length\":false,\"iso\":false,\"shutter_speed\":false,\"flash\":false,\"title\":false,\"keywords\":false,\"width\":800,\"height\":1200,\"saved\":true,\"thumbnail\":{\"width\":200,\"height\":300},\"webview\":{\"0\":800,\"1\":1200,\"2\":2,\"3\":\"width=\\\"800\\\" height=\\\"1200\\\"\",\"bits\":8,\"channels\":3,\"mime\":\"image\\\/jpeg\"}}},{\"pid\":\"24056\",\"filename\":\"morgane-bleu-avalon-n002.jpg\",\"description\":\"\",\"alttext\":\"\",\"link\":null,\"imagedate\":\"2020-09-14 16:28:38\",\"hitcounter\":\"114\",\"total_value\":\"0\",\"total_votes\":\"0\",\"meta_data\":{\"aperture\":false,\"credit\":false,\"camera\":false,\"caption\":false,\"created_timestamp\":false,\"copyright\":\"Frank Lovisolo - H\\u00c3\\u00a9l\\u00c3\\u00a8ne Guillou Sept 2020\",\"focal_length\":false,\"iso\":false,\"shutter_speed\":false,\"flash\":false,\"title\":false,\"keywords\":false,\"width\":1200,\"height\":800,\"saved\":true,\"thumbnail\":{\"width\":300,\"height\":200},\"webview\":{\"0\":1200,\"1\":800,\"2\":2,\"3\":\"width=\\\"1200\\\" height=\\\"800\\\"\",\"bits\":8,\"channels\":3,\"mime\":\"image\\\/jpeg\"}}},{\"pid\":\"24057\",\"filename\":\"morgane-bleu-avalon-n003.jpg\",\"description\":\"\",\"alttext\":\"\",\"link\":null,\"imagedate\":\"2020-09-14 16:28:42\",\"hitcounter\":\"93\",\"total_value\":\"0\",\"total_votes\":\"0\",\"meta_data\":{\"aperture\":false,\"credit\":false,\"camera\":false,\"caption\":false,\"created_timestamp\":false,\"copyright\":\"Frank Lovisolo - H\\u00c3\\u00a9l\\u00c3\\u00a8ne Guillou Sept 2020\",\"focal_length\":false,\"iso\":false,\"shutter_speed\":false,\"flash\":false,\"title\":false,\"keywords\":false,\"width\":1200,\"height\":800,\"saved\":true,\"thumbnail\":{\"width\":300,\"height\":200},\"webview\":{\"0\":1200,\"1\":800,\"2\":2,\"3\":\"width=\\\"1200\\\" height=\\\"800\\\"\",\"bits\":8,\"channels\":3,\"mime\":\"image\\\/jpeg\"}}},{\"pid\":\"24058\",\"filename\":\"morgane-bleu-avalon-n004.jpg\",\"description\":\"\",\"alttext\":\"\",\"link\":null,\"imagedate\":\"2020-09-14 16:28:46\",\"hitcounter\":\"86\",\"total_value\":\"0\",\"total_votes\":\"0\",\"meta_data\":{\"aperture\":false,\"credit\":false,\"camera\":false,\"caption\":false,\"created_timestamp\":false,\"copyright\":\"Frank Lovisolo - H\\u00c3\\u00a9l\\u00c3\\u00a8ne Guillou Sept 2020\",\"focal_length\":false,\"iso\":false,\"shutter_speed\":false,\"flash\":false,\"title\":false,\"keywords\":false,\"width\":1200,\"height\":800,\"saved\":true,\"thumbnail\":{\"width\":300,\"height\":200},\"webview\":{\"0\":1200,\"1\":800,\"2\":2,\"3\":\"width=\\\"1200\\\" height=\\\"800\\\"\",\"bits\":8,\"channels\":3,\"mime\":\"image\\\/jpeg\"}}},{\"pid\":\"24059\",\"filename\":\"morgane-bleu-avalon-n005.jpg\",\"description\":\"\",\"alttext\":\"\",\"link\":null,\"imagedate\":\"2020-09-14 16:28:51\",\"hitcounter\":\"72\",\"total_value\":\"0\",\"total_votes\":\"0\",\"meta_data\":{\"aperture\":false,\"credit\":false,\"camera\":false,\"caption\":false,\"created_timestamp\":false,\"copyright\":\"Frank Lovisolo - H\\u00c3\\u00a9l\\u00c3\\u00a8ne Guillou Sept 2020\",\"focal_length\":false,\"iso\":false,\"shutter_speed\":false,\"flash\":false,\"title\":false,\"keywords\":false,\"width\":1200,\"height\":800,\"saved\":true,\"thumbnail\":{\"width\":300,\"height\":200},\"webview\":{\"0\":1200,\"1\":800,\"2\":2,\"3\":\"width=\\\"1200\\\" height=\\\"800\\\"\",\"bits\":8,\"channels\":3,\"mime\":\"image\\\/jpeg\"}}},{\"pid\":\"24060\",\"filename\":\"morgane-bleu-avalon-n006.jpg\",\"description\":\"\",\"alttext\":\"\",\"link\":null,\"imagedate\":\"2020-09-14 16:28:54\",\"hitcounter\":\"57\",\"total_value\":\"0\",\"total_votes\":\"0\",\"meta_data\":{\"aperture\":false,\"credit\":false,\"camera\":false,\"caption\":false,\"created_timestamp\":false,\"copyright\":\"Frank Lovisolo - H\\u00c3\\u00a9l\\u00c3\\u00a8ne Guillou Sept 2020\",\"focal_length\":false,\"iso\":false,\"shutter_speed\":false,\"flash\":false,\"title\":false,\"keywords\":false,\"width\":1200,\"height\":800,\"saved\":true,\"thumbnail\":{\"width\":300,\"height\":200},\"webview\":{\"0\":1200,\"1\":800,\"2\":2,\"3\":\"width=\\\"1200\\\" height=\\\"800\\\"\",\"bits\":8,\"channels\":3,\"mime\":\"image\\\/jpeg\"}}},{\"pid\":\"24061\",\"filename\":\"morgane-bleu-avalon-n007.jpg\",\"description\":\"\",\"alttext\":\"\",\"link\":null,\"imagedate\":\"2020-09-14 16:28:57\",\"hitcounter\":\"45\",\"total_value\":\"0\",\"total_votes\":\"0\",\"meta_data\":{\"aperture\":false,\"credit\":false,\"camera\":false,\"caption\":false,\"created_timestamp\":false,\"copyright\":\"Frank Lovisolo - H\\u00c3\\u00a9l\\u00c3\\u00a8ne Guillou Sept 2020\",\"focal_length\":false,\"iso\":false,\"shutter_speed\":false,\"flash\":false,\"title\":false,\"keywords\":false,\"width\":1200,\"height\":800,\"saved\":true,\"thumbnail\":{\"width\":300,\"height\":200},\"webview\":{\"0\":1200,\"1\":800,\"2\":2,\"3\":\"width=\\\"1200\\\" height=\\\"800\\\"\",\"bits\":8,\"channels\":3,\"mime\":\"image\\\/jpeg\"}}},{\"pid\":\"24062\",\"filename\":\"morgane-bleu-avalon-n008.jpg\",\"description\":\"\",\"alttext\":\"\",\"link\":null,\"imagedate\":\"2020-09-14 16:29:00\",\"hitcounter\":\"45\",\"total_value\":\"0\",\"total_votes\":\"0\",\"meta_data\":{\"aperture\":false,\"credit\":false,\"camera\":false,\"caption\":false,\"created_timestamp\":false,\"copyright\":\"Frank Lovisolo - H\\u00c3\\u00a9l\\u00c3\\u00a8ne Guillou Sept 2020\",\"focal_length\":false,\"iso\":false,\"shutter_speed\":false,\"flash\":false,\"title\":false,\"keywords\":false,\"width\":1200,\"height\":800,\"saved\":true,\"thumbnail\":{\"width\":300,\"height\":200},\"webview\":{\"0\":1200,\"1\":800,\"2\":2,\"3\":\"width=\\\"1200\\\" height=\\\"800\\\"\",\"bits\":8,\"channels\":3,\"mime\":\"image\\\/jpeg\"}}},{\"pid\":\"24063\",\"filename\":\"morgane-bleu-avalon-n009.jpg\",\"description\":\"\",\"alttext\":\"\",\"link\":null,\"imagedate\":\"2020-09-14 16:29:03\",\"hitcounter\":\"40\",\"total_value\":\"0\",\"total_votes\":\"0\",\"meta_data\":{\"aperture\":false,\"credit\":false,\"camera\":false,\"caption\":false,\"created_timestamp\":false,\"copyright\":\"Frank Lovisolo - H\\u00c3\\u00a9l\\u00c3\\u00a8ne Guillou Sept 2020\",\"focal_length\":false,\"iso\":false,\"shutter_speed\":false,\"flash\":false,\"title\":false,\"keywords\":false,\"width\":1200,\"height\":800,\"saved\":true,\"thumbnail\":{\"width\":300,\"height\":200},\"webview\":{\"0\":1200,\"1\":800,\"2\":2,\"3\":\"width=\\\"1200\\\" height=\\\"800\\\"\",\"bits\":8,\"channels\":3,\"mime\":\"image\\\/jpeg\"}}},{\"pid\":\"24064\",\"filename\":\"morgane-bleu-avalon-n010.jpg\",\"description\":\"\",\"alttext\":\"\",\"link\":null,\"imagedate\":\"2020-09-14 16:29:07\",\"hitcounter\":\"38\",\"total_value\":\"0\",\"total_votes\":\"0\",\"meta_data\":{\"aperture\":false,\"credit\":false,\"camera\":false,\"caption\":false,\"created_timestamp\":false,\"copyright\":\"Frank Lovisolo - H\\u00c3\\u00a9l\\u00c3\\u00a8ne Guillou Sept 2020\",\"focal_length\":false,\"iso\":false,\"shutter_speed\":false,\"flash\":false,\"title\":false,\"keywords\":false,\"width\":1200,\"height\":800,\"saved\":true,\"thumbnail\":{\"width\":300,\"height\":200},\"webview\":{\"0\":1200,\"1\":800,\"2\":2,\"3\":\"width=\\\"1200\\\" height=\\\"800\\\"\",\"bits\":8,\"channels\":3,\"mime\":\"image\\\/jpeg\"}}},{\"pid\":\"24065\",\"filename\":\"morgane-bleu-avalon-n011.jpg\",\"description\":\"\",\"alttext\":\"\",\"link\":null,\"imagedate\":\"2020-09-14 16:29:10\",\"hitcounter\":\"36\",\"total_value\":\"0\",\"total_votes\":\"0\",\"meta_data\":{\"aperture\":false,\"credit\":false,\"camera\":false,\"caption\":false,\"created_timestamp\":false,\"copyright\":\"Frank Lovisolo - H\\u00c3\\u00a9l\\u00c3\\u00a8ne Guillou Sept 2020\",\"focal_length\":false,\"iso\":false,\"shutter_speed\":false,\"flash\":false,\"title\":false,\"keywords\":false,\"width\":1200,\"height\":800,\"saved\":true,\"thumbnail\":{\"width\":300,\"height\":200},\"webview\":{\"0\":1200,\"1\":800,\"2\":2,\"3\":\"width=\\\"1200\\\" height=\\\"800\\\"\",\"bits\":8,\"channels\":3,\"mime\":\"image\\\/jpeg\"}}},{\"pid\":\"24066\",\"filename\":\"morgane-bleu-avalon-n012.jpg\",\"description\":\"\",\"alttext\":\"\",\"link\":null,\"imagedate\":\"2020-09-14 16:29:13\",\"hitcounter\":\"33\",\"total_value\":\"0\",\"total_votes\":\"0\",\"meta_data\":{\"aperture\":false,\"credit\":false,\"camera\":false,\"caption\":false,\"created_timestamp\":false,\"copyright\":\"Frank Lovisolo - H\\u00c3\\u00a9l\\u00c3\\u00a8ne Guillou Sept 2020\",\"focal_length\":false,\"iso\":false,\"shutter_speed\":false,\"flash\":false,\"title\":false,\"keywords\":false,\"width\":1200,\"height\":800,\"saved\":true,\"thumbnail\":{\"width\":300,\"height\":200},\"webview\":{\"0\":1200,\"1\":800,\"2\":2,\"3\":\"width=\\\"1200\\\" height=\\\"800\\\"\",\"bits\":8,\"channels\":3,\"mime\":\"image\\\/jpeg\"}}},{\"pid\":\"24067\",\"filename\":\"morgane-bleu-avalon-n013.jpg\",\"description\":\"\",\"alttext\":\"\",\"link\":null,\"imagedate\":\"2020-09-14 16:29:15\",\"hitcounter\":\"31\",\"total_value\":\"0\",\"total_votes\":\"0\",\"meta_data\":{\"aperture\":false,\"credit\":false,\"camera\":false,\"caption\":false,\"created_timestamp\":false,\"copyright\":\"Frank Lovisolo - H\\u00c3\\u00a9l\\u00c3\\u00a8ne Guillou Sept 2020\",\"focal_length\":false,\"iso\":false,\"shutter_speed\":false,\"flash\":false,\"title\":false,\"keywords\":false,\"width\":1200,\"height\":800,\"saved\":true,\"thumbnail\":{\"width\":300,\"height\":200},\"webview\":{\"0\":1200,\"1\":800,\"2\":2,\"3\":\"width=\\\"1200\\\" height=\\\"800\\\"\",\"bits\":8,\"channels\":3,\"mime\":\"image\\\/jpeg\"}}},{\"pid\":\"24068\",\"filename\":\"morgane-bleu-avalon-n014.jpg\",\"description\":\"\",\"alttext\":\"\",\"link\":null,\"imagedate\":\"2020-09-14 16:29:17\",\"hitcounter\":\"30\",\"total_value\":\"0\",\"total_votes\":\"0\",\"meta_data\":{\"aperture\":false,\"credit\":false,\"camera\":false,\"caption\":false,\"created_timestamp\":false,\"copyright\":\"Frank Lovisolo - H\\u00c3\\u00a9l\\u00c3\\u00a8ne Guillou Sept 2020\",\"focal_length\":false,\"iso\":false,\"shutter_speed\":false,\"flash\":false,\"title\":false,\"keywords\":false,\"width\":1200,\"height\":800,\"saved\":true,\"thumbnail\":{\"width\":300,\"height\":200},\"webview\":{\"0\":1200,\"1\":800,\"2\":2,\"3\":\"width=\\\"1200\\\" height=\\\"800\\\"\",\"bits\":8,\"channels\":3,\"mime\":\"image\\\/jpeg\"}}},{\"pid\":\"24069\",\"filename\":\"morgane-bleu-avalon-n015.jpg\",\"description\":\"\",\"alttext\":\"\",\"link\":null,\"imagedate\":\"2020-09-14 16:29:22\",\"hitcounter\":\"28\",\"total_value\":\"0\",\"total_votes\":\"0\",\"meta_data\":{\"aperture\":false,\"credit\":false,\"camera\":false,\"caption\":false,\"created_timestamp\":false,\"copyright\":\"Frank Lovisolo - H\\u00c3\\u00a9l\\u00c3\\u00a8ne Guillou Sept 2020\",\"focal_length\":false,\"iso\":false,\"shutter_speed\":false,\"flash\":false,\"title\":false,\"keywords\":false,\"width\":1200,\"height\":800,\"saved\":true,\"thumbnail\":{\"width\":300,\"height\":200},\"webview\":{\"0\":1200,\"1\":800,\"2\":2,\"3\":\"width=\\\"1200\\\" height=\\\"800\\\"\",\"bits\":8,\"channels\":3,\"mime\":\"image\\\/jpeg\"}}},{\"pid\":\"24070\",\"filename\":\"morgane-bleu-avalon-n016.jpg\",\"description\":\"\",\"alttext\":\"\",\"link\":null,\"imagedate\":\"2020-09-14 16:29:24\",\"hitcounter\":\"26\",\"total_value\":\"0\",\"total_votes\":\"0\",\"meta_data\":{\"aperture\":false,\"credit\":false,\"camera\":false,\"caption\":false,\"created_timestamp\":false,\"copyright\":\"Frank Lovisolo - H\\u00c3\\u00a9l\\u00c3\\u00a8ne Guillou Sept 2020\",\"focal_length\":false,\"iso\":false,\"shutter_speed\":false,\"flash\":false,\"title\":false,\"keywords\":false,\"width\":1200,\"height\":800,\"saved\":true,\"thumbnail\":{\"width\":300,\"height\":200},\"webview\":{\"0\":1200,\"1\":800,\"2\":2,\"3\":\"width=\\\"1200\\\" height=\\\"800\\\"\",\"bits\":8,\"channels\":3,\"mime\":\"image\\\/jpeg\"}}}]}], };})();<\/script><\/div><\/div><noscript id=\"noscript_FlaGallery_sc1_291\"><img decoding=\"async\" class=\"skip-lazy no-lazyload noLazy\" data-lazy-src=\"\" src=\"https:\/\/frank-lovisolo.fr\/WordPress\/wp-content\/flagallery\/bleu-avalon\/morgane-bleu-avalon-n001.jpg\" alt=\"- - -\" title=\"-\"><img decoding=\"async\" class=\"skip-lazy no-lazyload noLazy\" data-lazy-src=\"\" src=\"https:\/\/frank-lovisolo.fr\/WordPress\/wp-content\/flagallery\/bleu-avalon\/morgane-bleu-avalon-n002.jpg\" alt=\"- - -\" title=\"-\"><img decoding=\"async\" class=\"skip-lazy no-lazyload noLazy\" data-lazy-src=\"\" src=\"https:\/\/frank-lovisolo.fr\/WordPress\/wp-content\/flagallery\/bleu-avalon\/morgane-bleu-avalon-n003.jpg\" alt=\"- - -\" title=\"-\"><img decoding=\"async\" class=\"skip-lazy no-lazyload noLazy\" data-lazy-src=\"\" src=\"https:\/\/frank-lovisolo.fr\/WordPress\/wp-content\/flagallery\/bleu-avalon\/morgane-bleu-avalon-n004.jpg\" alt=\"- - -\" title=\"-\"><img decoding=\"async\" class=\"skip-lazy no-lazyload noLazy\" data-lazy-src=\"\" src=\"https:\/\/frank-lovisolo.fr\/WordPress\/wp-content\/flagallery\/bleu-avalon\/morgane-bleu-avalon-n005.jpg\" alt=\"- - -\" title=\"-\"><img decoding=\"async\" class=\"skip-lazy no-lazyload noLazy\" data-lazy-src=\"\" src=\"https:\/\/frank-lovisolo.fr\/WordPress\/wp-content\/flagallery\/bleu-avalon\/morgane-bleu-avalon-n006.jpg\" alt=\"- - -\" title=\"-\"><img decoding=\"async\" class=\"skip-lazy no-lazyload noLazy\" data-lazy-src=\"\" src=\"https:\/\/frank-lovisolo.fr\/WordPress\/wp-content\/flagallery\/bleu-avalon\/morgane-bleu-avalon-n007.jpg\" alt=\"- - -\" title=\"-\"><img decoding=\"async\" class=\"skip-lazy no-lazyload noLazy\" data-lazy-src=\"\" src=\"https:\/\/frank-lovisolo.fr\/WordPress\/wp-content\/flagallery\/bleu-avalon\/morgane-bleu-avalon-n008.jpg\" alt=\"- - -\" title=\"-\"><img decoding=\"async\" class=\"skip-lazy no-lazyload noLazy\" data-lazy-src=\"\" src=\"https:\/\/frank-lovisolo.fr\/WordPress\/wp-content\/flagallery\/bleu-avalon\/morgane-bleu-avalon-n009.jpg\" alt=\"- - -\" title=\"-\"><img decoding=\"async\" class=\"skip-lazy no-lazyload noLazy\" data-lazy-src=\"\" src=\"https:\/\/frank-lovisolo.fr\/WordPress\/wp-content\/flagallery\/bleu-avalon\/morgane-bleu-avalon-n010.jpg\" alt=\"- - -\" title=\"-\"><img decoding=\"async\" class=\"skip-lazy no-lazyload noLazy\" data-lazy-src=\"\" src=\"https:\/\/frank-lovisolo.fr\/WordPress\/wp-content\/flagallery\/bleu-avalon\/morgane-bleu-avalon-n011.jpg\" alt=\"- - -\" title=\"-\"><img decoding=\"async\" class=\"skip-lazy no-lazyload noLazy\" data-lazy-src=\"\" src=\"https:\/\/frank-lovisolo.fr\/WordPress\/wp-content\/flagallery\/bleu-avalon\/morgane-bleu-avalon-n012.jpg\" alt=\"- - -\" title=\"-\"><img decoding=\"async\" class=\"skip-lazy no-lazyload noLazy\" data-lazy-src=\"\" src=\"https:\/\/frank-lovisolo.fr\/WordPress\/wp-content\/flagallery\/bleu-avalon\/morgane-bleu-avalon-n013.jpg\" alt=\"- - -\" title=\"-\"><img decoding=\"async\" class=\"skip-lazy no-lazyload noLazy\" data-lazy-src=\"\" src=\"https:\/\/frank-lovisolo.fr\/WordPress\/wp-content\/flagallery\/bleu-avalon\/morgane-bleu-avalon-n014.jpg\" alt=\"- - -\" title=\"-\"><img decoding=\"async\" class=\"skip-lazy no-lazyload noLazy\" data-lazy-src=\"\" src=\"https:\/\/frank-lovisolo.fr\/WordPress\/wp-content\/flagallery\/bleu-avalon\/morgane-bleu-avalon-n015.jpg\" alt=\"- - -\" title=\"-\"><img decoding=\"async\" class=\"skip-lazy no-lazyload noLazy\" data-lazy-src=\"\" src=\"https:\/\/frank-lovisolo.fr\/WordPress\/wp-content\/flagallery\/bleu-avalon\/morgane-bleu-avalon-n016.jpg\" alt=\"- - -\" title=\"-\"><\/noscript><\/h4>\n<\/td>\n<\/tr>\n<tr style=\"height: 24px;\">\n<td style=\"height: 24px; text-align: center; width: 99.4199%;\" colspan=\"2\">\n<h5><span class=\"ez-toc-section\" id=\"diptyques\"><\/span><span style=\"font-size: 24px;\">Diptyques<\/span><span class=\"ez-toc-section-end\"><\/span><\/h5>\n<h4><div class=\"flagallerywraper\" style=\"text-align:center;\"><div class=\"flagallery paginator_skin\" id=\"FlaGallery_sc2_292\" style=\"width:1024px;margin:0 auto;\"><script type=\"application\/json\" class=\"FlaGallery_sc2_292\">{\"settings\":{\"linkTargetWindow\":\"_blank\",\"collectionThumbsHieghtRatio\":\"0.3\",\"collectionThumbColumns\":\"2\",\"collectionThumbRecomendedWidth\":\"190\",\"collectionThumbsRows\":\"2\",\"thumbSpacing\":\"2\",\"pageControllerTextCollor\":\"rgba(255, 255, 255, 1)\",\"pageControllerCollor\":\"rgba(229, 229, 229, 1)\",\"pageControllerActivCollor\":\"rgba(40, 40, 40, 1)\",\"collectionThumbHoverColor\":\"rgba(0, 0, 0, .5)\",\"collectionThumbTitleShow\":\"1\",\"collectionThumbTitleColor\":\"rgba(255, 255, 255, 1)\",\"collectionThumbFontSize\":\"18\",\"collectionThumbSubMenuVisibility\":\"0\",\"collectionThumbSubMenuInfo\":\"0\",\"collectionThumbSubMenuDownload\":\"0\",\"collectionThumbSubMenuShare\":\"0\",\"collectionThumbSubMenuLikes\":\"1\",\"collectionThumbSubMenuBgColor\":\"rgba(0, 0, 0, 0)\",\"collectionThumbSubMenuBgColorHover\":\"rgba(0, 0, 0, 1)\",\"collectionThumbSubMenuIconColor\":\"rgba(255, 255, 255, 1)\",\"collectionThumbSubMenuIconColorHover\":\"rgba(255, 255, 255, 1)\",\"tagsFilter\":\"1\",\"tagCloudSort\":\"1\",\"tagCloudAll\":\"All\",\"tagCloudAllTagPresented\":\"1\",\"tagCloudStartIndex\":\"0\",\"tagCloudTextColor\":\"#000000\",\"tagCloudBgColor\":\"#eeeeee\",\"modaBgColor\":\"rgba(0,0,0,0.9)\",\"modalInfoBoxBgColor\":\"rgba(255,255,255,1)\",\"modalInfoBoxTitleTextColor\":\"rgba(0,0,0,1)\",\"modalInfoBoxTextColor\":\"rgba(70,70,70,1)\",\"infoBarExifEnable\":\"0\",\"infoBarCountersEnable\":\"1\",\"infoBarDateInfoEnable\":\"0\",\"lightBoxEnable\":\"1\",\"copyR_Protection\":\"1\",\"copyR_Alert\":\"Hello, this photo is mine!\",\"sliderScrollNavi\":\"0\",\"sliderNextPrevAnimation\":\"animation\",\"sliderPreloaderColor\":\"#ffffff\",\"sliderBgColor\":\"rgb(255, 255, 255)\",\"sliderHeaderFooterBgColor\":\"#000000\",\"sliderNavigationColor\":\"rgba(0,0,0,1)\",\"sliderNavigationIconColor\":\"rgba(255,255,255,1)\",\"sliderNavigationColorOver\":\"rgba(255,255,255,1)\",\"sliderNavigationIconColorOver\":\"rgba(0,0,0,1)\",\"sliderItemTitleEnable\":\"1\",\"sliderItemTitleFontSize\":\"24\",\"sliderItemTitleTextColor\":\"#ffffff\",\"sliderThumbBarEnable\":\"1\",\"sliderThumbBarHoverColor\":\"#ffffff\",\"sliderThumbSubMenuBackgroundColor\":\"rgba(0,0,0,1)\",\"sliderThumbSubMenuBackgroundColorOver\":\"rgba(255,255,255,1)\",\"sliderThumbSubMenuIconColor\":\"rgba(255,255,255,1)\",\"sliderThumbSubMenuIconHoverColor\":\"rgba(0,0,0,1)\",\"sliderPlayButton\":\"1\",\"slideshowDelay\":\"8\",\"slideshowProgressBarColor\":\"rgba(255,255,255,1)\",\"slideshowProgressBarBGColor\":\"rgba(255,255,255,0.6)\",\"sliderInfoEnable\":\"1\",\"sliderZoomButton\":\"1\",\"sliderItemDownload\":\"0\",\"sliderSocialShareEnabled\":\"0\",\"sliderLikesEnabled\":\"1\",\"sliderFullScreen\":\"1\",\"customCSS\":\"\",\"key\":\"2b91304c71a96bd3dd001bdb3bf4a76f\",\"name\":\"GRANDPackPlus\",\"galleryID\":\"sc2_292\",\"post_url\":\"https:\\\/\\\/frank-lovisolo.fr\\\/WordPress\\\/wp-json\\\/wp\\\/v2\\\/posts\\\/37174\",\"module_url\":\"https:\\\/\\\/frank-lovisolo.fr\\\/WordPress\\\/wp-content\\\/plugins\\\/flagallery-skins\\\/paginator\\\/\"}, \"data\":[{\"gallery\":{\"gid\":\"292\",\"name\":\"bleu-avalon-diptyques\",\"path\":\"https:\\\/\\\/frank-lovisolo.fr\\\/WordPress\\\/wp-content\\\/flagallery\\\/bleu-avalon-diptyques\",\"title\":\"Bleu Avalon diptyques\",\"galdesc\":\"\"},\"data\":[{\"pid\":\"24075\",\"filename\":\"morgane-bleu-avalon-n017.jpg\",\"description\":\"\",\"alttext\":\"\",\"link\":null,\"imagedate\":\"2020-09-14 18:19:36\",\"hitcounter\":\"13\",\"total_value\":\"0\",\"total_votes\":\"1\",\"meta_data\":{\"aperture\":false,\"credit\":false,\"camera\":false,\"caption\":false,\"created_timestamp\":false,\"copyright\":\"Frank Lovisolo - H\\u00c3\\u00a9l\\u00c3\\u00a8ne Guillou Sept 2020\",\"focal_length\":false,\"iso\":false,\"shutter_speed\":false,\"flash\":false,\"title\":false,\"keywords\":false,\"width\":1200,\"height\":414,\"saved\":true,\"thumbnail\":{\"width\":300,\"height\":103},\"webview\":{\"0\":1200,\"1\":414,\"2\":2,\"3\":\"width=\\\"1200\\\" height=\\\"414\\\"\",\"bits\":8,\"channels\":3,\"mime\":\"image\\\/jpeg\"}}},{\"pid\":\"24076\",\"filename\":\"morgane-bleu-avalon-n018.jpg\",\"description\":\"\",\"alttext\":\"\",\"link\":null,\"imagedate\":\"2020-09-14 18:19:39\",\"hitcounter\":\"12\",\"total_value\":\"0\",\"total_votes\":\"1\",\"meta_data\":{\"aperture\":false,\"credit\":false,\"camera\":false,\"caption\":false,\"created_timestamp\":false,\"copyright\":\"Frank Lovisolo - H\\u00c3\\u00a9l\\u00c3\\u00a8ne Guillou Sept 2020\",\"focal_length\":false,\"iso\":false,\"shutter_speed\":false,\"flash\":false,\"title\":false,\"keywords\":false,\"width\":1200,\"height\":414,\"saved\":true,\"thumbnail\":{\"width\":300,\"height\":103},\"webview\":{\"0\":1200,\"1\":414,\"2\":2,\"3\":\"width=\\\"1200\\\" height=\\\"414\\\"\",\"bits\":8,\"channels\":3,\"mime\":\"image\\\/jpeg\"}}},{\"pid\":\"24077\",\"filename\":\"morgane-bleu-avalon-n019.jpg\",\"description\":\"\",\"alttext\":\"\",\"link\":null,\"imagedate\":\"2020-09-14 18:19:41\",\"hitcounter\":\"14\",\"total_value\":\"0\",\"total_votes\":\"1\",\"meta_data\":{\"aperture\":false,\"credit\":false,\"camera\":false,\"caption\":false,\"created_timestamp\":false,\"copyright\":\"Frank Lovisolo - H\\u00c3\\u00a9l\\u00c3\\u00a8ne Guillou Sept 2020\",\"focal_length\":false,\"iso\":false,\"shutter_speed\":false,\"flash\":false,\"title\":false,\"keywords\":false,\"width\":1200,\"height\":414,\"saved\":true,\"thumbnail\":{\"width\":300,\"height\":103},\"webview\":{\"0\":1200,\"1\":414,\"2\":2,\"3\":\"width=\\\"1200\\\" height=\\\"414\\\"\",\"bits\":8,\"channels\":3,\"mime\":\"image\\\/jpeg\"}}},{\"pid\":\"24078\",\"filename\":\"morgane-bleu-avalon-n020.jpg\",\"description\":\"\",\"alttext\":\"\",\"link\":null,\"imagedate\":\"2020-09-14 18:19:44\",\"hitcounter\":\"10\",\"total_value\":\"0\",\"total_votes\":\"1\",\"meta_data\":{\"aperture\":false,\"credit\":false,\"camera\":false,\"caption\":false,\"created_timestamp\":false,\"copyright\":\"Frank Lovisolo - H\\u00c3\\u00a9l\\u00c3\\u00a8ne Guillou Sept 2020\",\"focal_length\":false,\"iso\":false,\"shutter_speed\":false,\"flash\":false,\"title\":false,\"keywords\":false,\"width\":1200,\"height\":414,\"saved\":true,\"thumbnail\":{\"width\":300,\"height\":103},\"webview\":{\"0\":1200,\"1\":414,\"2\":2,\"3\":\"width=\\\"1200\\\" height=\\\"414\\\"\",\"bits\":8,\"channels\":3,\"mime\":\"image\\\/jpeg\"}}}]}]}<\/script><\/div><\/div><noscript id=\"noscript_FlaGallery_sc2_292\"><img decoding=\"async\" class=\"skip-lazy no-lazyload noLazy\" data-lazy-src=\"\" src=\"https:\/\/frank-lovisolo.fr\/WordPress\/wp-content\/flagallery\/bleu-avalon-diptyques\/morgane-bleu-avalon-n017.jpg\" alt=\"- - -\" title=\"-\"><img decoding=\"async\" class=\"skip-lazy no-lazyload noLazy\" data-lazy-src=\"\" src=\"https:\/\/frank-lovisolo.fr\/WordPress\/wp-content\/flagallery\/bleu-avalon-diptyques\/morgane-bleu-avalon-n018.jpg\" alt=\"- - -\" title=\"-\"><img decoding=\"async\" class=\"skip-lazy no-lazyload noLazy\" data-lazy-src=\"\" src=\"https:\/\/frank-lovisolo.fr\/WordPress\/wp-content\/flagallery\/bleu-avalon-diptyques\/morgane-bleu-avalon-n019.jpg\" alt=\"- - -\" title=\"-\"><img decoding=\"async\" class=\"skip-lazy no-lazyload noLazy\" data-lazy-src=\"\" src=\"https:\/\/frank-lovisolo.fr\/WordPress\/wp-content\/flagallery\/bleu-avalon-diptyques\/morgane-bleu-avalon-n020.jpg\" alt=\"- - -\" title=\"-\"><\/noscript><\/h4>\n<h5><span class=\"ez-toc-section\" id=\"helene-guillou-est-la-fee-morgane-en-voyage-au-cap-brun-aout-2020\"><\/span><span style=\"font-size: 12px;\"><a href=\"https:\/\/www.facebook.com\/helene.guillou.31\" target=\"_blank\" rel=\"noopener noreferrer\">H\u00e9l\u00e8ne Guillou<\/a> est la f\u00e9e Morgane en voyage au Cap-Brun, Aout 2020.<\/span><span class=\"ez-toc-section-end\"><\/span><\/h5>\n<p><img loading=\"lazy\" decoding=\"async\" class=\"aligncenter wp-image-34042\" src=\"https:\/\/frank-lovisolo.fr\/WordPress\/wp-content\/uploads\/2020\/07\/P1190548.jpg\" alt=\"- - -\" width=\"202\" height=\"50\" title=\"-\" srcset=\"https:\/\/frank-lovisolo.fr\/WordPress\/wp-content\/uploads\/2020\/07\/P1190548.jpg 460w, https:\/\/frank-lovisolo.fr\/WordPress\/wp-content\/uploads\/2020\/07\/P1190548-250x62.jpg 250w, https:\/\/frank-lovisolo.fr\/WordPress\/wp-content\/uploads\/2020\/07\/P1190548-150x37.jpg 150w\" sizes=\"auto, (max-width: 202px) 100vw, 202px\" \/><\/td>\n<\/tr>\n<tr>\n<td style=\"text-align: center; width: 99.4199%;\" colspan=\"2\">\n<h5 style=\"text-align: justify;\"><span class=\"ez-toc-section\" id=\"la-pleine-ombre-du-bleu-avalon\"><\/span>La pleine ombre du Bleu Avalon.<span class=\"ez-toc-section-end\"><\/span><\/h5>\n<div><span style=\"color: #ffffff;\">&#8211;<\/span><\/div>\n<div id=\"attachment_37231\" style=\"width: 310px\" class=\"wp-caption alignleft\"><img loading=\"lazy\" decoding=\"async\" aria-describedby=\"caption-attachment-37231\" class=\"wp-image-37231\" title=\"Bleu Avalon\" src=\"https:\/\/frank-lovisolo.fr\/WordPress\/wp-content\/uploads\/2020\/10\/Bleu-Avalon-Def-460x460.jpg\" alt=\"Bleu Avalon\" width=\"300\" height=\"300\" srcset=\"https:\/\/frank-lovisolo.fr\/WordPress\/wp-content\/uploads\/2020\/10\/Bleu-Avalon-Def-460x460.jpg 460w, https:\/\/frank-lovisolo.fr\/WordPress\/wp-content\/uploads\/2020\/10\/Bleu-Avalon-Def-150x150.jpg 150w, https:\/\/frank-lovisolo.fr\/WordPress\/wp-content\/uploads\/2020\/10\/Bleu-Avalon-Def-250x250.jpg 250w, https:\/\/frank-lovisolo.fr\/WordPress\/wp-content\/uploads\/2020\/10\/Bleu-Avalon-Def.jpg 560w\" sizes=\"auto, (max-width: 300px) 100vw, 300px\" \/><p id=\"caption-attachment-37231\" class=\"wp-caption-text\"><span style=\"font-size: 12px;\">Bleu Avalon<\/span><\/p><\/div>\n<p style=\"text-align: justify;\"><span style=\"font-size: 20px;\">La teinte sollicit\u00e9e oscille all\u00e8grement dans un cama\u00efeu dont l\u2019origine serait un bleu \u00c9gyptien sinuant de l\u2019Outremer \u00e0 Nuit, s\u2019attardant du Marine au Roi jouxtant le Safre et le Saphir.<\/span><\/p>\n<p style=\"text-align: justify;\"><span style=\"font-size: 20px;\">Ceci pour le d\u00e9cor myst\u00e9rieusement \u00e9gratign\u00e9, comme la f\u00e9e, de branchages effeuill\u00e9s&#8230;<\/span><\/p>\n<p style=\"text-align: justify;\"><span style=\"font-size: 20px;\">L\u2019ensorceleuse est, pour ce sc\u00e9nario photographique, transpos\u00e9e dans une improbable Avalon \u00aboutrem\u00e9ris\u00e9e\u00bb \u00e0 outrance, pour notre bon plaisir.<\/span><\/p>\n<p style=\"text-align: justify;\"><span style=\"font-size: 20px;\">Si on s\u2019en r\u00e9f\u00e8re \u00e0 la mythologie celte, l\u2019\u00eele serait le pays des morts, tout comme les champs \u00c9lys\u00e9ens des mythologies grecque et romaine, un lieu o\u00f9 les \u00e2mes vertueuses trouveraient la paix.<\/span><\/p>\n<div style=\"text-align: justify;\">\n<div id=\"attachment_37285\" style=\"width: 404px\" class=\"wp-caption alignright\"><img loading=\"lazy\" decoding=\"async\" aria-describedby=\"caption-attachment-37285\" class=\"wp-image-37285\" src=\"https:\/\/frank-lovisolo.fr\/WordPress\/wp-content\/uploads\/2020\/09\/Arnold_Bocklin_-_Die_Toteninsel_III-460x245.jpg\" alt=\"L&#039;\u00eele des morts III (1883), huile sur panneau, 80 x 150 cm, ancienne galerie nationale de Berlin, Berlin .\" width=\"394\" height=\"210\" title=\"-\" srcset=\"https:\/\/frank-lovisolo.fr\/WordPress\/wp-content\/uploads\/2020\/09\/Arnold_Bocklin_-_Die_Toteninsel_III-460x245.jpg 460w, https:\/\/frank-lovisolo.fr\/WordPress\/wp-content\/uploads\/2020\/09\/Arnold_Bocklin_-_Die_Toteninsel_III-1024x546.jpg 1024w, https:\/\/frank-lovisolo.fr\/WordPress\/wp-content\/uploads\/2020\/09\/Arnold_Bocklin_-_Die_Toteninsel_III-768x409.jpg 768w, https:\/\/frank-lovisolo.fr\/WordPress\/wp-content\/uploads\/2020\/09\/Arnold_Bocklin_-_Die_Toteninsel_III-1536x818.jpg 1536w, https:\/\/frank-lovisolo.fr\/WordPress\/wp-content\/uploads\/2020\/09\/Arnold_Bocklin_-_Die_Toteninsel_III-250x133.jpg 250w, https:\/\/frank-lovisolo.fr\/WordPress\/wp-content\/uploads\/2020\/09\/Arnold_Bocklin_-_Die_Toteninsel_III-150x80.jpg 150w, https:\/\/frank-lovisolo.fr\/WordPress\/wp-content\/uploads\/2020\/09\/Arnold_Bocklin_-_Die_Toteninsel_III-1320x703.jpg 1320w, https:\/\/frank-lovisolo.fr\/WordPress\/wp-content\/uploads\/2020\/09\/Arnold_Bocklin_-_Die_Toteninsel_III.jpg 1920w\" sizes=\"auto, (max-width: 394px) 100vw, 394px\" \/><p id=\"caption-attachment-37285\" class=\"wp-caption-text\"><span style=\"font-size: 12px;\"><a href=\"https:\/\/fr.wikipedia.org\/wiki\/L%27%C3%8Ele_des_morts_(B%C3%B6cklin)\" target=\"_blank\" rel=\"noopener noreferrer\">L&rsquo;\u00eele des morts III<\/a> (1883), huile sur panneau, 80 x 150 cm<\/p>\n<p>Ancienne galerie nationale de Berlin.<\/span><\/p><\/div>\n<p><span style=\"font-size: 20px;\">Un arri\u00e8re monde ind\u00e9finissable sans emplacement utile dans la r\u00e9alit\u00e9.\u00a0<\/span><\/p>\n<\/div>\n<div style=\"text-align: justify;\"><span style=\"font-size: 20px;\">Ce n&rsquo;est pas sans rappeler\u00a0 le tableau du peintre symboliste <a class=\"extiw\" title=\"w: est: Arnold B\u00f6cklin\" href=\"https:\/\/en.wikipedia.org\/wiki\/es:Arnold_B%C3%B6cklin\" target=\"_blank\" rel=\"noopener\">Arnold B\u00f6cklin<\/a> \u00ab<a href=\"https:\/\/es.wikipedia.org\/wiki\/La_isla_de_los_muertos_(B%C3%B6cklin)#\/media\/Archivo:Arnold_B%C3%B6cklin_-_Die_Toteninsel_III_(Alte_Nationalgalerie,_Berlin).jpg\" target=\"_blank\" rel=\"noopener noreferrer\">L&rsquo;Ile de Morts<\/a>\u00bb, musicalement illustr\u00e9 par un <a href=\"https:\/\/www.youtube.com\/watch?v=dbbtmskCRUY\" target=\"_blank\" rel=\"noopener noreferrer\">po\u00e8me symphonique<\/a> du compositeur russe <a title=\"Sergue\u00ef Rachmaninov\" href=\"https:\/\/fr.wikipedia.org\/wiki\/Sergue%C3%AF_Rachmaninov\" target=\"_blank\" rel=\"noopener\">Sergue\u00ef Rachmaninov<\/a>, en 1909.<\/span><\/div>\n<div style=\"text-align: justify;\"><span style=\"font-size: 20px;\">Contrairement aux d\u00e9funts, Morgane peut y venir et en repartir comme bon lui semble.<\/span><\/div>\n<div style=\"text-align: justify;\"><span style=\"font-size: 20px;\">Ce qui, je dois l&rsquo;avouer, facilite grandement notre harmonieuse et artistique complicit\u00e9!<\/span><\/div>\n<\/td>\n<\/tr>\n<tr>\n<td style=\"text-align: center; width: 99.4199%;\" colspan=\"2\">\n<h5 style=\"text-align: justify;\"><span class=\"ez-toc-section\" id=\"le-bleu-est-la-couleur-du-ciel-du-lointain-de-la-nostalgie-de-linfini\"><\/span><span style=\"font-size: 24px;\">Le bleu est la couleur du ciel, du lointain, de la nostalgie, de l&rsquo;infini.<\/span><span class=\"ez-toc-section-end\"><\/span><\/h5>\n<div><span style=\"color: #ffffff;\">&#8211;<\/span><\/div>\n<div id=\"attachment_37290\" style=\"width: 310px\" class=\"wp-caption alignleft\"><a href=\"https:\/\/frank-lovisolo.fr\/WordPress\/wp-content\/uploads\/2014\/09\/Goethe_Farbenkreis_zur_Symbolisierung_des_menschlichen_Geistes-_und_Seelenlebens_1809.jpg\" target=\"_blank\" rel=\"noopener noreferrer\"><img loading=\"lazy\" decoding=\"async\" aria-describedby=\"caption-attachment-37290\" class=\"wp-image-37290\" title=\"Aquarelle originale de Goethe (1809), Mus\u00e9e Goethe de Frankfort \u00a0\" src=\"https:\/\/frank-lovisolo.fr\/WordPress\/wp-content\/uploads\/2020\/09\/Goethe-Nuancier-460x460.jpg\" alt=\"Aquarelle originale de Goethe (1809), Mus\u00e9e Goethe de Frankfort \u00a0\" width=\"300\" height=\"300\" srcset=\"https:\/\/frank-lovisolo.fr\/WordPress\/wp-content\/uploads\/2020\/09\/Goethe-Nuancier-460x460.jpg 460w, https:\/\/frank-lovisolo.fr\/WordPress\/wp-content\/uploads\/2020\/09\/Goethe-Nuancier-150x150.jpg 150w, https:\/\/frank-lovisolo.fr\/WordPress\/wp-content\/uploads\/2020\/09\/Goethe-Nuancier-250x250.jpg 250w, https:\/\/frank-lovisolo.fr\/WordPress\/wp-content\/uploads\/2020\/09\/Goethe-Nuancier.jpg 600w\" sizes=\"auto, (max-width: 300px) 100vw, 300px\" \/><\/a><p id=\"caption-attachment-37290\" class=\"wp-caption-text\"><span style=\"font-size: 10px;\">Aquarelle originale de Goethe (1809)<\/p>\n<p>Mus\u00e9e Goethe de Frankfort \u00a0<\/span><\/p><\/div>\n<div style=\"text-align: left;\"><span style=\"color: #ffffff;\">&#8211;<\/span><\/div>\n<div style=\"text-align: left;\"><span style=\"color: #ffffff;\">&#8211;<\/span><\/div>\n<p style=\"text-align: justify;\"><span style=\"font-size: 20px;\"><em>\u00abCette couleur a sur l\u2019\u0153il un effet \u00e9trange presque indicible. Elle est l\u2019\u00e9nergie faite de couleur&#8230; <\/em><\/span><\/p>\n<p style=\"text-align: justify;\"><span style=\"font-size: 20px;\"><em>Elle excite et calme tout \u00e0 la fois. <\/em><\/span><\/p>\n<p style=\"text-align: justify;\"><span style=\"font-size: 20px;\"><em>Comme nous voyons en bleu le ciel au dessus de nous et les montagnes au loin, une surface bleue semble reculer devant nous. <\/em><\/span><\/p>\n<p style=\"text-align: justify;\"><span style=\"font-size: 20px;\"><em>De m\u00eame que nous aimons poursuivre un objet agr\u00e9able qui nous fuit, nous regardons volontiers le bleu, non parce qu&rsquo;il s&rsquo;impose mais parce qu&rsquo;il nous entra\u00eene.\u00bb<\/em><\/span><\/p>\n<div><\/div>\n<div style=\"text-align: justify;\"><span style=\"font-size: 20px;\"><em><a href=\"https:\/\/fr.wikipedia.org\/wiki\/Johann_Wolfgang_von_Goethe\" target=\"_blank\" rel=\"noopener noreferrer\">Johann Wolfang von Goethe<\/a> &#8211; <span class=\"wd_p1476\"><span class=\"lang-de\" lang=\"de\"><a href=\"https:\/\/fr.wikipedia.org\/wiki\/Trait%C3%A9_des_couleurs\" target=\"_blank\" rel=\"noopener noreferrer\">Zur Farbenlehre<\/a> 1810 ( <a href=\"http:\/\/www.deutschestextarchiv.de\/book\/view\/goethe_farbenlehre01_1810?p=1\" target=\"_blank\" rel=\"noopener noreferrer\">Le Trait\u00e9 des couleurs\u00a0<\/a>)\u00a0 \u00a0 \u00a0 \u00a0 \u00a0<\/span><\/span><\/em><\/span><\/div>\n<div><\/div>\n<div><\/div>\n<div><\/div>\n<div style=\"text-align: justify;\"><\/div>\n<\/td>\n<\/tr>\n<tr style=\"height: 24px;\">\n<td style=\"height: 24px; width: 99.4199%;\" colspan=\"2\">\n<h5><span class=\"ez-toc-section\" id=\"note-sur-la-couleur\"><\/span><span style=\"color: #320000;\">Note sur la couleur.<\/span><span class=\"ez-toc-section-end\"><\/span><\/h5>\n<div><span style=\"color: #ffffff;\">&#8211;<\/span><\/div>\n<div id=\"attachment_37193\" style=\"width: 310px\" class=\"wp-caption alignright\"><img loading=\"lazy\" decoding=\"async\" aria-describedby=\"caption-attachment-37193\" class=\"wp-image-37193\" title=\"IKB 191, c'est-\u00e0-dire l'International Klein Blue.\" src=\"https:\/\/frank-lovisolo.fr\/WordPress\/wp-content\/uploads\/2020\/10\/Untitled_blue_monochrome2.png\" alt=\"IKB 191, c'est-\u00e0-dire l'International Klein Blue.\" width=\"300\" height=\"384\" srcset=\"https:\/\/frank-lovisolo.fr\/WordPress\/wp-content\/uploads\/2020\/10\/Untitled_blue_monochrome2.png 450w, https:\/\/frank-lovisolo.fr\/WordPress\/wp-content\/uploads\/2020\/10\/Untitled_blue_monochrome2-117x150.png 117w\" sizes=\"auto, (max-width: 300px) 100vw, 300px\" \/><p id=\"caption-attachment-37193\" class=\"wp-caption-text\"><span style=\"font-size: 12px;\"><strong>IKB 191<\/strong>, c&rsquo;est-\u00e0-dire l&rsquo;International Klein Blue.<\/span><\/p><\/div>\n<div id=\"attachment_40599\" style=\"width: 338px\" class=\"wp-caption alignleft\"><img loading=\"lazy\" decoding=\"async\" aria-describedby=\"caption-attachment-40599\" class=\" wp-image-40599\" src=\"https:\/\/frank-lovisolo.fr\/WordPress\/wp-content\/uploads\/2020\/09\/Cyanometer-1789-460x408.jpg\" alt=\"Cyanom\u00e8tre de 1789 pour \u00e9valuer le bleu du ciel\" width=\"328\" height=\"291\" title=\"-\" srcset=\"https:\/\/frank-lovisolo.fr\/WordPress\/wp-content\/uploads\/2020\/09\/Cyanometer-1789-460x408.jpg 460w, https:\/\/frank-lovisolo.fr\/WordPress\/wp-content\/uploads\/2020\/09\/Cyanometer-1789-768x682.jpg 768w, https:\/\/frank-lovisolo.fr\/WordPress\/wp-content\/uploads\/2020\/09\/Cyanometer-1789-169x150.jpg 169w, https:\/\/frank-lovisolo.fr\/WordPress\/wp-content\/uploads\/2020\/09\/Cyanometer-1789-150x133.jpg 150w, https:\/\/frank-lovisolo.fr\/WordPress\/wp-content\/uploads\/2020\/09\/Cyanometer-1789.jpg 960w\" sizes=\"auto, (max-width: 328px) 100vw, 328px\" \/><p id=\"caption-attachment-40599\" class=\"wp-caption-text\">Cyanom\u00e8tre de 1789 pour \u00e9valuer le bleu du ciel<\/p><\/div>\n<p style=\"text-align: justify;\"><span style=\"font-size: 20px;\">Selon le <a title=\"Mod\u00e8le cosmologique\" href=\"https:\/\/fr.wikipedia.org\/wiki\/Mod%C3%A8le_cosmologique\" target=\"_blank\" rel=\"noopener\">mod\u00e8le cosmologique<\/a> utilis\u00e9 par les scientifiques, l\u2019univers a commenc\u00e9 son \u00e9volution, il y a 13,8 milliards d\u2019ann\u00e9es, d\u2019un \u00ab big bang \u00bb pour le moins spectaculaire, obscur et silencieux.<\/span><\/p>\n<p style=\"text-align: justify;\"><span style=\"font-size: 20px;\">Tout au plus agit\u00e9, \u00e0 partir de 10<sup>-32<\/sup>s, d&rsquo;ondes gravitationnelles et de densit\u00e9. Il lui faut attendre 380 000 ann\u00e9es, d\u2019\u00e9chelle humaine, pour que les <a href=\"https:\/\/fr.wikipedia.org\/wiki\/Onde_%C3%A9lectromagn%C3%A9tique\" target=\"_blank\" rel=\"noopener noreferrer\">ondes \u00e9lectromagn\u00e9tiques<\/a> fassent leur apparition. La lumi\u00e8re est l\u00e0, mais l\u2019univers est toujours aussi sombre et le demeurera. Cette \u00ab lumi\u00e8re \u00bb existe uniquement en tant qu&rsquo;oscillations \u00e9lectromagn\u00e9tiques parcourant l\u2019espace.<\/span><\/p>\n<p style=\"text-align: justify;\"><span style=\"font-size: 20px;\">Ces ondes deviendront lumi\u00e8re seulement quand des \u00eatres vivants, munis d\u2019un organe idoine, seront aptes \u00e0 les capter, les interpr\u00e9ter et les utiliser. Tout d&rsquo;abord pour la survie et depuis peu, \u00e0 l&rsquo;\u00e9chelle g\u00e9ologique terrienne, pour la culture au sens large.<\/span><\/p>\n<div style=\"text-align: justify;\"><a id=\"ikb\"><\/a><span style=\"font-size: 20px;\">Sur notre plan\u00e8te, l\u2019\u00e9volution de la vision du vivant commence au <a href=\"https:\/\/fr.wikipedia.org\/wiki\/Pr%C3%A9cambrien\" target=\"_blank\" rel=\"noopener noreferrer\">pr\u00e9cambrien<\/a>, avec quelques cellules nerveuses photosensibles, reli\u00e9es \u00e0 des neurones qui induisent des r\u00e9flexes. Elle continue jusqu\u2019\u00e0 l\u2019<a href=\"https:\/\/fr.wikipedia.org\/wiki\/%C5%92il\" target=\"_blank\" rel=\"noopener noreferrer\">\u0153il actuel<\/a>, adapt\u00e9 aux besoins de diverses esp\u00e8ces avec ses diff\u00e9rentes morphologies.<\/span><\/div>\n<div><span style=\"color: #ffffff;\">&#8211;<\/span><\/div>\n<div style=\"text-align: justify; padding-left: 80px;\"><span style=\"color: #000099; font-size: 20px;\"><em><span style=\"color: #000099;\">\u00abL&rsquo;\u0153il doit sont existence \u00e0 la lumi\u00e8re. A partir d&rsquo;organes animaux secondaires et indiff\u00e9rents, la lumi\u00e8re produit pour elle un organe qui devient son semblable, et ainsi l&rsquo;\u0153il\u00a0se forme par la lumi\u00e8re et pour la lumi\u00e8re, afin que la lumi\u00e8re int\u00e9rieure vienne r\u00e9pondre \u00e0 la lumi\u00e8re ext\u00e9rieure\u00bb<\/span><\/em><\/span><\/div>\n<div style=\"padding-left: 80px;\"><span style=\"font-size: 20px;\"><em><a href=\"https:\/\/fr.wikipedia.org\/wiki\/Johann_Wolfgang_von_Goethe\" target=\"_blank\" rel=\"noopener noreferrer\">Johann Wolfang von Goethe<\/a> ( Le trait\u00e9 des couleurs )<\/em><\/span><\/div>\n<div><span style=\"color: #ffffff; font-size: 20px;\">&#8211;<\/span><\/div>\n<div id=\"attachment_37238\" style=\"width: 253px\" class=\"wp-caption alignleft\"><img loading=\"lazy\" decoding=\"async\" aria-describedby=\"caption-attachment-37238\" class=\"wp-image-37238\" src=\"https:\/\/frank-lovisolo.fr\/WordPress\/wp-content\/uploads\/2020\/10\/ipomee.jpg\" alt=\"- - -\" width=\"243\" height=\"182\" title=\"-\" srcset=\"https:\/\/frank-lovisolo.fr\/WordPress\/wp-content\/uploads\/2020\/10\/ipomee.jpg 460w, https:\/\/frank-lovisolo.fr\/WordPress\/wp-content\/uploads\/2020\/10\/ipomee-200x150.jpg 200w, https:\/\/frank-lovisolo.fr\/WordPress\/wp-content\/uploads\/2020\/10\/ipomee-150x113.jpg 150w\" sizes=\"auto, (max-width: 243px) 100vw, 243px\" \/><p id=\"caption-attachment-37238\" class=\"wp-caption-text\"><span style=\"font-size: 12px;\">Ouf, elles sont bleues !<\/span><\/p><\/div>\n<div style=\"text-align: justify;\"><span style=\"font-size: 20px;\">Les plantes voient. Le biologiste italien <a href=\"https:\/\/fr.wikipedia.org\/wiki\/Stefano_Mancuso\" target=\"_blank\" rel=\"noopener noreferrer\">Stefano Mancuso<\/a> en est persuad\u00e9 (<a href=\"https:\/\/positivr.fr\/selon-ce-biologiste-les-plantes-seraient-capables-de-voir-une-conference-fascinante\/\" target=\"_blank\" rel=\"noopener noreferrer\">lire l\u2019article<\/a>).<\/span><\/div>\n<div style=\"text-align: justify;\"><span style=\"font-size: 20px;\">Je le crois aussi.<\/span><\/div>\n<div style=\"text-align: justify;\"><span style=\"font-size: 20px;\">J\u2019ai sem\u00e9 dans mon jardin des ipom\u00e9es, des plantes grimpantes\u00a0 que l\u2019on trouve commun\u00e9ment sur la c\u00f4te toulonnaise ( <a href=\"https:\/\/fr.wikipedia.org\/wiki\/Ipomoea_tricolor\" target=\"_blank\" rel=\"noopener noreferrer\">Ipomoea tricolor<\/a> ).<\/span><\/div>\n<div style=\"text-align: justify;\"><span style=\"font-size: 20px;\">Je me suis livr\u00e9 alors \u00e0 une petite exp\u00e9rience. Quand elles ont commenc\u00e9 \u00e0 se d\u00e9velopper, j\u2019ai plant\u00e9 un tuteur \u00e0 une distance d\u2019environ cinquante centim\u00e8tres d\u2019une pousse pour, qu&rsquo;\u00e9ventuellement, elle s&rsquo;y agrippe. Il ne lui a m\u00eame pas fallu une douzaine d\u2019heures pour parvenir \u00e0 s\u2019y accrocher&#8230; La plante a vu le piquet. Comment ? Je ne saurais vous r\u00e9pondre !\u00a0<\/span><\/div>\n<div><span style=\"color: #ffffff; font-size: 20px;\">&#8211;<\/span><\/div>\n<p style=\"text-align: justify;\"><span style=\"font-size: 20px;\">On se doute bien que, dans cette immensit\u00e9 sid\u00e9rale, la vie est indubitablement apparue et disparue \u00e0 diff\u00e9rents endroits et \u00e0 des p\u00e9riodes diff\u00e9rentes, m\u00eame si nous en avons aucune preuve actuellement. Comme notre univers est soumis, en tous lieux, aux m\u00eames lois de la physique on peut supposer qu&rsquo;un \u00e9volutionnisme Darwinien soit la r\u00e8gle cosmique du vivant .<\/span><\/p>\n<p style=\"text-align: justify;\"><span style=\"font-size: 20px;\">L\u2019univers aurait-il cr\u00e9\u00e9 la vie et son \u00e9volution pour arriver \u00e0 des \u00eatres capables de l\u2019observer, le comprendre, et, par cela, se serait-il assur\u00e9 de sa r\u00e9alit\u00e9?<\/span><\/p>\n<p style=\"text-align: justify;\"><span style=\"font-size: 20px;\">Cela impliquerait une conscience cosmologique qui \u00e9chappe, pour l\u2019instant, \u00e0 toute analyse scientifique et reste uniquement dans la sph\u00e8re des mod\u00e8les et des extrapolations ! Les atomistes Grecs, tels <a title=\"Mochus\" href=\"https:\/\/fr.wikipedia.org\/wiki\/Mochus\" target=\"_blank\" rel=\"noopener\">Mochus de Sidon<\/a>, <a title=\"\" href=\"https:\/\/fr.wikipedia.org\/wiki\/D%C3%A9mocrite\" target=\"_blank\" rel=\"noopener\">D\u00e9mocrite<\/a>, <a title=\"Leucippe\" href=\"https:\/\/fr.wikipedia.org\/wiki\/Leucippe\" target=\"_blank\" rel=\"noopener\">Leucippe<\/a>, ont connu ces questionnements. Les r\u00e9ponses sont venues bien plus tard.<\/span><\/p>\n<div style=\"text-align: justify;\"><span style=\"font-size: 20px;\">Tout cela pour dire que le bleu est depuis longtemps dans le domaine public, m\u00eame si l&rsquo;interpr\u00e9tation intellectuelle d&rsquo;icelui est plus que r\u00e9cente, compar\u00e9e aux \u00e9chelles temporelles suscit\u00e9es.<\/span><\/div>\n<div style=\"text-align: justify;\"><span style=\"font-size: 20px;\">Il serait int\u00e9ressant de savoir \u00e0 quel moment, sur Terre, un hominid\u00e9 a su nommer une couleur et l&rsquo;utiliser pour d\u00e9crire, par exemple, le ciel&#8230;<\/span><\/div>\n<p><img loading=\"lazy\" decoding=\"async\" class=\"aligncenter wp-image-34042\" src=\"https:\/\/frank-lovisolo.fr\/WordPress\/wp-content\/uploads\/2020\/07\/P1190548.jpg\" alt=\"- - -\" width=\"202\" height=\"50\" title=\"-\" srcset=\"https:\/\/frank-lovisolo.fr\/WordPress\/wp-content\/uploads\/2020\/07\/P1190548.jpg 460w, https:\/\/frank-lovisolo.fr\/WordPress\/wp-content\/uploads\/2020\/07\/P1190548-250x62.jpg 250w, https:\/\/frank-lovisolo.fr\/WordPress\/wp-content\/uploads\/2020\/07\/P1190548-150x37.jpg 150w\" sizes=\"auto, (max-width: 202px) 100vw, 202px\" \/><\/td>\n<\/tr>\n<\/tbody>\n<\/table>\n<div><\/div>\n<table style=\"width: 100%; border-collapse: collapse;\" cellpadding=\"10\">\n<tbody>\n<tr>\n<td style=\"width: 0.725163%;\" colspan=\"2\">\n<h5 style=\"text-align: center;\"><span class=\"ez-toc-section\" id=\"-de-la-photo-numerique-a-la-peinture-ou-a-contrario%e2%80%a6-et-encore-du-goethe-et-des-bleus-leider-ist-der-franzosische-humor\"><\/span><span style=\"font-size: 14px;\"><span style=\"color: #ffffff; background-color: #000066;\">\u00a0 De la photo num\u00e9rique \u00e0 la peinture ou <b><span class=\"lang-la\" lang=\"la\">\u00e0 contrario<\/span><\/b>&#8230;\u00a0 <\/span><span style=\"color: #ffffff; background-color: #000066;\">Et, encore, du Goethe et des bleus !\u00a0 Leider ist der franz\u00f6sische Humor !\u00a0\u00a0<\/span><\/span><span class=\"ez-toc-section-end\"><\/span><\/h5>\n<\/td>\n<\/tr>\n<tr>\n<td style=\"width: 0.725163%;\" colspan=\"2\">\n<h5><span class=\"ez-toc-section\" id=\"wolfgang-goethe-campagne-in-frankreich-30-aout-1792\"><\/span><span style=\"font-size: 24px;\">Wolfgang GOETHE, <a href=\"https:\/\/de.wikipedia.org\/wiki\/Kampagne_in_Frankreich\" target=\"_blank\" rel=\"noopener noreferrer\">Campagne in Frankreich<\/a>, 30 ao\u00fbt 1792 :<\/span><span class=\"ez-toc-section-end\"><\/span><\/h5>\n<div id=\"attachment_37275\" style=\"width: 470px\" class=\"wp-caption alignleft\"><img loading=\"lazy\" decoding=\"async\" aria-describedby=\"caption-attachment-37275\" class=\"wp-image-37275 size-medium\" title=\"Johann Heinrich Wilhelm Tischbein - Goethe dans la campagne romaine\" src=\"https:\/\/frank-lovisolo.fr\/WordPress\/wp-content\/uploads\/2020\/10\/Johann_Heinrich_Wilhelm_Tischbein_-_Goethe_in_the_Roman_Campagn-460x364.jpg\" alt=\"Johann Heinrich Wilhelm Tischbein - Goethe dans la campagne romaine\" width=\"460\" height=\"364\" srcset=\"https:\/\/frank-lovisolo.fr\/WordPress\/wp-content\/uploads\/2020\/10\/Johann_Heinrich_Wilhelm_Tischbein_-_Goethe_in_the_Roman_Campagn-460x364.jpg 460w, https:\/\/frank-lovisolo.fr\/WordPress\/wp-content\/uploads\/2020\/10\/Johann_Heinrich_Wilhelm_Tischbein_-_Goethe_in_the_Roman_Campagn-1024x810.jpg 1024w, https:\/\/frank-lovisolo.fr\/WordPress\/wp-content\/uploads\/2020\/10\/Johann_Heinrich_Wilhelm_Tischbein_-_Goethe_in_the_Roman_Campagn-768x608.jpg 768w, https:\/\/frank-lovisolo.fr\/WordPress\/wp-content\/uploads\/2020\/10\/Johann_Heinrich_Wilhelm_Tischbein_-_Goethe_in_the_Roman_Campagn-190x150.jpg 190w, https:\/\/frank-lovisolo.fr\/WordPress\/wp-content\/uploads\/2020\/10\/Johann_Heinrich_Wilhelm_Tischbein_-_Goethe_in_the_Roman_Campagn-150x119.jpg 150w, https:\/\/frank-lovisolo.fr\/WordPress\/wp-content\/uploads\/2020\/10\/Johann_Heinrich_Wilhelm_Tischbein_-_Goethe_in_the_Roman_Campagn.jpg 1280w\" sizes=\"auto, (max-width: 460px) 100vw, 460px\" \/><p id=\"caption-attachment-37275\" class=\"wp-caption-text\"><span style=\"font-size: 10px;\"><a href=\"https:\/\/fr.wikipedia.org\/wiki\/Johann_Heinrich_Wilhelm_Tischbein\" target=\"_blank\" rel=\"noopener noreferrer\">Johann Heinrich Wilhelm Tischbein<\/a> &#8211; Goethe dans la campagne romaine &#8211; 1786<\/span><\/p><\/div>\n<p style=\"text-align: justify;\"><span style=\"font-size: 20px;\">\u00ab Apr\u00e8s ces pr\u00e9paratifs concernant l\u2019utilit\u00e9 du futur et la commodit\u00e9 du pr\u00e9sent, je jetai un regard autour de moi sur le pr\u00e9 de notre campement, dont les tentes s\u2019\u00e9chelonnaient jusqu\u2019aux collines. Sur le vaste tapis vert, un spectacle \u00e9trange attira mon attention : quelques soldats, dispos\u00e9s en cercle, s\u2019int\u00e9ressaient \u00e0 quelque chose qui se trouvait au milieu d\u2019eux. En les examinant de plus pr\u00e8s, je vis qu\u2019ils \u00e9taient accroupis autour d\u2019une fosse en entonnoir, pleine de l\u2019eau de source la plus pure et dont l\u2019ouverture pouvait avoir dans les trente pieds de diam\u00e8tre.<\/span><\/p>\n<p style=\"text-align: justify;\"><span style=\"font-size: 20px;\">Il s\u2019y trouvait d\u2019innombrables petits poissons, que les soldats p\u00eachaient \u00e0 l\u2019hame\u00e7on, ayant emport\u00e9 \u00e0 cette fin dans leurs bagages le mat\u00e9riel n\u00e9cessaire. L\u2019eau \u00e9tait la plus limpide du monde et le spectacle de cette p\u00eache assez divertissant. En observant ce jeu, je ne tardai pas \u00e0 m\u2019apercevoir qu\u2019en bougeant les petits poissons refl\u00e9taient des couleurs diverses.<\/span><\/p>\n<p style=\"text-align: justify;\"><span style=\"font-size: 20px;\">Je crus d\u2019abord que ce ph\u00e9nom\u00e8ne \u00e9tait d\u00fb aux couleurs changeantes de ces petits corps, mais une explication plus satisfaisante se r\u00e9v\u00e9la vite \u00e0 mon esprit. Dans la fosse \u00e9tait tomb\u00e9 un tesson de fa\u00efence qui, du fond me montrait les plus belles couleurs du prisme. Plus claire que le fond, se d\u00e9tachant de celui-ci, il pr\u00e9sentait, du c\u00f4t\u00e9 oppos\u00e9 \u00e0 moi, les couleurs bleu clair et violet et au contraire de mon c\u00f4t\u00e9 le rouge et le jaune. Lorsque je fis ensuite le tour de la source, je constatai que le ph\u00e9nom\u00e8ne me suivait et que les couleurs apparaissaient toujours les m\u00eames \u00e0 mon regard, comme il est naturel dans une exp\u00e9rience subjective de ce genre.<\/span><\/p>\n<p style=\"text-align: justify;\"><span style=\"font-size: 20px;\">Ce fut pour moi, qui me passionnais pour ces questions, une grande joie de voir ici reproduit, en plein air, sous une forme aussi simple et naturelle, un ph\u00e9nom\u00e8ne pour lequel, depuis d\u00e9j\u00e0 cent ans, les professeurs de physique ont coutume de s\u2019enfermer dans une pi\u00e8ce obscure avec leurs \u00e9l\u00e8ves.<\/span><\/p>\n<p style=\"text-align: justify;\"><span style=\"font-size: 20px;\">Je me procurai un autre morceau de fa\u00efence, que je jetai dans la fosse, et je pus observer parfaitement que le ph\u00e9nom\u00e8ne se manifestait d\u00e8s que le tesson descendait sous la surface de l\u2019eau, et qu\u2019il devenait plus apparent au fur et \u00e0 mesure que le morceau s\u2019enfon\u00e7ait et que, devenu un petit corps blanc, satur\u00e9 de couleur, il arrivait au fond sous l\u2019aspect d\u2019une petite flamme. Je me souviens alors qu\u2019<strong>Agricola<\/strong>* avait d\u00e9j\u00e0 r\u00e9fl\u00e9chi sur ce fait et l\u2019avait class\u00e9 parmi les ph\u00e9nom\u00e8nes ign\u00e9s. \u00bb<\/span><\/p>\n<p style=\"text-align: justify; padding-left: 40px;\"><span style=\"font-size: 20px;\">*<a href=\"https:\/\/de.wikipedia.org\/wiki\/Georgius_Agricola\" target=\"_blank\" rel=\"noopener noreferrer\"><strong>Georgius Agricola<\/strong><\/a> : n\u00e9 le 24 mars 1494 \u00e0 Glauchau en Saxe &#8211; mort le 21 novembre 1555 \u00e0 Chemnitz, \u00e9tait un savant du XVI<sup>e<\/sup> si\u00e8cle, consid\u00e9r\u00e9 comme le p\u00e8re de la min\u00e9ralogie et de la m\u00e9tallurgie du fait de son ouvrage majeur <em>De Re Metallica<\/em> qui constitue le premier ouvrage de r\u00e9f\u00e9rence sur les techniques mini\u00e8res et le travail du m\u00e9tal, accompagn\u00e9 de nombreuses illustrations.\u00a0<\/span><\/p>\n<div style=\"text-align: center;\">\n<div><span style=\"color: #ffffff;\">\u00a0<\/span><\/div>\n<\/div>\n<\/td>\n<\/tr>\n<tr>\n<td style=\"width: 0.725163%;\" colspan=\"2\">\n<div style=\"text-align: center;\"><span style=\"font-size: 14px;\">Note : Toutes les reproductions qui suivent sont soumises, \u00e0 n\u2019en pas douter, \u00e0 des erreurs de colorim\u00e9trie. <\/span><\/div>\n<div style=\"text-align: center;\"><span style=\"font-size: 14px;\">Malgr\u00e9 l\u2019int\u00e9r\u00eat culturel d\u2019icelles, quant \u00e0 la connaissance de leurs existences, rien n\u2019\u00e9galera une visite au mus\u00e9e pour se d\u00e9lecter de leurs nuances.<\/span><\/div>\n<\/td>\n<\/tr>\n<tr>\n<td style=\"width: 0.725163%;\" colspan=\"2\">\n<div id=\"attachment_37237\" style=\"width: 1025px\" class=\"wp-caption aligncenter\"><img loading=\"lazy\" decoding=\"async\" aria-describedby=\"caption-attachment-37237\" class=\"wp-image-37237\" src=\"https:\/\/frank-lovisolo.fr\/WordPress\/wp-content\/uploads\/2020\/10\/Nicolas-de-stael-1024x669.jpg\" alt=\"Nicolas de STA\u00cbL Paysage, 1954 Huile sur toile, 54 x 81 cm Collection particuli\u00e8re\" width=\"1015\" height=\"663\" title=\"-\" srcset=\"https:\/\/frank-lovisolo.fr\/WordPress\/wp-content\/uploads\/2020\/10\/Nicolas-de-stael-1024x669.jpg 1024w, https:\/\/frank-lovisolo.fr\/WordPress\/wp-content\/uploads\/2020\/10\/Nicolas-de-stael-460x301.jpg 460w, https:\/\/frank-lovisolo.fr\/WordPress\/wp-content\/uploads\/2020\/10\/Nicolas-de-stael-768x502.jpg 768w, https:\/\/frank-lovisolo.fr\/WordPress\/wp-content\/uploads\/2020\/10\/Nicolas-de-stael-230x150.jpg 230w, https:\/\/frank-lovisolo.fr\/WordPress\/wp-content\/uploads\/2020\/10\/Nicolas-de-stael-150x98.jpg 150w, https:\/\/frank-lovisolo.fr\/WordPress\/wp-content\/uploads\/2020\/10\/Nicolas-de-stael-310x201.jpg 310w, https:\/\/frank-lovisolo.fr\/WordPress\/wp-content\/uploads\/2020\/10\/Nicolas-de-stael-1320x863.jpg 1320w, https:\/\/frank-lovisolo.fr\/WordPress\/wp-content\/uploads\/2020\/10\/Nicolas-de-stael.jpg 1365w\" sizes=\"auto, (max-width: 1015px) 100vw, 1015px\" \/><p id=\"caption-attachment-37237\" class=\"wp-caption-text\"><a href=\"https:\/\/fr.wikipedia.org\/wiki\/Nicolas_de_Sta%C3%ABl\" target=\"_blank\" rel=\"noopener noreferrer\">Nicolas de STA\u00cbL<\/a><\/p>\n<p>Paysage, 1954<\/p>\n<p>Huile sur toile, 54 x 81 cm<\/p>\n<p>Collection particuli\u00e8re<\/p><\/div>\n<p style=\"text-align: center;\"><span style=\"font-size: 24px;\"><i><b>\u00a0<\/b><\/i><\/span><\/p>\n<\/td>\n<\/tr>\n<tr>\n<td style=\"width: 0.725163%;\" colspan=\"2\">\n<p style=\"text-align: center;\"><span style=\"font-size: 24px;\"><i><b>Couple dans un paysage bleu<\/b><\/i>\u00a0<\/span><\/p>\n<p style=\"text-align: center;\"><span style=\"font-size: 20px;\">est un\u00a0tableau\u00a0r\u00e9alis\u00e9 par le\u00a0peintre\u00a0fran\u00e7ais\u00a0<a title=\"Marc Chagall\" href=\"https:\/\/fr.wikipedia.org\/wiki\/Marc_Chagall\" target=\"_blank\" rel=\"noopener\">Marc Chagall<\/a>\u00a0en\u00a01969-1971.<\/span><\/p>\n<p style=\"text-align: center;\"><span style=\"font-size: 20px;\">Un homme offrant un bouquet de fleurs \u00e0 une femme devant Saint-Paul-de-Vence. Collection priv\u00e9e.<\/span><\/p>\n<div style=\"text-align: center;\"><img loading=\"lazy\" decoding=\"async\" class=\"aligncenter size-large wp-image-37352\" src=\"https:\/\/frank-lovisolo.fr\/WordPress\/wp-content\/uploads\/2020\/09\/Marc-Chagall-Couple-dans-le-paysage-bleu-1024x576.jpg\" alt=\"- - -\" width=\"1024\" height=\"576\" title=\"-\" srcset=\"https:\/\/frank-lovisolo.fr\/WordPress\/wp-content\/uploads\/2020\/09\/Marc-Chagall-Couple-dans-le-paysage-bleu-1024x576.jpg 1024w, https:\/\/frank-lovisolo.fr\/WordPress\/wp-content\/uploads\/2020\/09\/Marc-Chagall-Couple-dans-le-paysage-bleu-460x259.jpg 460w, https:\/\/frank-lovisolo.fr\/WordPress\/wp-content\/uploads\/2020\/09\/Marc-Chagall-Couple-dans-le-paysage-bleu-768x432.jpg 768w, https:\/\/frank-lovisolo.fr\/WordPress\/wp-content\/uploads\/2020\/09\/Marc-Chagall-Couple-dans-le-paysage-bleu-1536x864.jpg 1536w, https:\/\/frank-lovisolo.fr\/WordPress\/wp-content\/uploads\/2020\/09\/Marc-Chagall-Couple-dans-le-paysage-bleu-2048x1152.jpg 2048w, https:\/\/frank-lovisolo.fr\/WordPress\/wp-content\/uploads\/2020\/09\/Marc-Chagall-Couple-dans-le-paysage-bleu-250x141.jpg 250w, https:\/\/frank-lovisolo.fr\/WordPress\/wp-content\/uploads\/2020\/09\/Marc-Chagall-Couple-dans-le-paysage-bleu-150x84.jpg 150w, https:\/\/frank-lovisolo.fr\/WordPress\/wp-content\/uploads\/2020\/09\/Marc-Chagall-Couple-dans-le-paysage-bleu-1320x742.jpg 1320w\" sizes=\"auto, (max-width: 1024px) 100vw, 1024px\" \/><\/div>\n<\/td>\n<\/tr>\n<tr>\n<td style=\"width: 0.725163%;\" colspan=\"2\">\n<div style=\"text-align: center;\">\n<div><span style=\"color: #ffffff;\">1-<\/span><\/div>\n<div style=\"text-align: center;\"><span style=\"font-size: 24px;\"><span class=\"mw-mmv-author\"><a class=\"extiw\" title=\"w:fr:Joseph Mallord William Turner\" href=\"https:\/\/en.wikipedia.org\/wiki\/fr:Joseph_Mallord_William_Turner\" target=\"_blank\" rel=\"noopener noreferrer\">Joseph Mallord William Turner<\/a>\u00a0 &#8211;\u00a0 <\/span><span class=\"mw-mmv-source\">T<strong>he Blue Rigi, Sunrise &#8211; <\/strong><\/span><\/span><span class=\"mw-mmv-source\" style=\"font-size: 24px;\"><strong>1842. \u00a0<\/strong><\/span><\/div>\n<div style=\"text-align: center;\"><a href=\"https:\/\/www.tate.org.uk\/art\/artworks\/turner-the-blue-rigi-sunrise-t12336\" target=\"_blank\" rel=\"noopener noreferrer\"><span class=\"mw-mmv-source\">Tate Gallery\u00a0<\/span><\/a><\/div>\n<p><img loading=\"lazy\" decoding=\"async\" class=\"aligncenter wp-image-37225 size-large\" src=\"https:\/\/frank-lovisolo.fr\/WordPress\/wp-content\/uploads\/2020\/10\/Blue_Rigi_painting-1024x693.jpg\" alt=\"Joseph Mallord William Turner \u2014 The Blue Rigi, Sunrise 1842.\" width=\"1024\" height=\"693\" title=\"-\" srcset=\"https:\/\/frank-lovisolo.fr\/WordPress\/wp-content\/uploads\/2020\/10\/Blue_Rigi_painting-1024x693.jpg 1024w, https:\/\/frank-lovisolo.fr\/WordPress\/wp-content\/uploads\/2020\/10\/Blue_Rigi_painting-460x311.jpg 460w, https:\/\/frank-lovisolo.fr\/WordPress\/wp-content\/uploads\/2020\/10\/Blue_Rigi_painting-768x520.jpg 768w, https:\/\/frank-lovisolo.fr\/WordPress\/wp-content\/uploads\/2020\/10\/Blue_Rigi_painting-222x150.jpg 222w, https:\/\/frank-lovisolo.fr\/WordPress\/wp-content\/uploads\/2020\/10\/Blue_Rigi_painting-150x102.jpg 150w, https:\/\/frank-lovisolo.fr\/WordPress\/wp-content\/uploads\/2020\/10\/Blue_Rigi_painting-1320x894.jpg 1320w, https:\/\/frank-lovisolo.fr\/WordPress\/wp-content\/uploads\/2020\/10\/Blue_Rigi_painting.jpg 1536w\" sizes=\"auto, (max-width: 1024px) 100vw, 1024px\" \/><\/p>\n<\/div>\n<\/td>\n<\/tr>\n<tr>\n<td style=\"width: 0.725163%;\" colspan=\"2\">\n<div style=\"text-align: center;\"><span style=\"color: #ffffff;\">&#8211;<\/span><\/div>\n<div style=\"text-align: center;\"><span style=\"font-size: 20px;\"><em><span class=\"citation\">\u00ab Le bleu d\u00e9veloppe tr\u00e8s profond\u00e9ment l&rsquo;\u00e9l\u00e9ment du calme. Glissant vers le noir, il prend la consonance d&rsquo;une tristesse inhumaine.<\/span><\/em><\/span><\/div>\n<div style=\"text-align: center;\"><span style=\"font-size: 20px;\"><em><span class=\"citation\"> \u00c0 mesure qu&rsquo;il s&rsquo;\u00e9claircit, ce qui lui convient mo<\/span><span class=\"citation\">ins, le bleu prend un aspect plus indiff\u00e9rent jusqu&rsquo;\u00e0 devenir un calme muet\u00bb<\/span>.<\/em><\/span><br \/>\n<span style=\"font-size: 20px;\"><a title=\"Vassily Kandinsky\" href=\"https:\/\/fr.wikipedia.org\/wiki\/Vassily_Kandinsky\" target=\"_blank\" rel=\"noopener noreferrer\">Vassily\u00a0<span class=\"nom_auteur\">Kandinsky<\/span><\/a>,\u00a0<cite class=\"italique\">Du spirituel dans l&rsquo;art.<\/cite><\/span><\/div>\n<h5><span style=\"color: #320000;\"><img loading=\"lazy\" decoding=\"async\" class=\"aligncenter wp-image-37221 size-large\" src=\"https:\/\/frank-lovisolo.fr\/WordPress\/wp-content\/uploads\/2020\/10\/Kandinsky_-_Jaune_Rouge_Bleu-1-1024x659.jpg\" alt=\"- - -\" width=\"1024\" height=\"659\" title=\"-\" srcset=\"https:\/\/frank-lovisolo.fr\/WordPress\/wp-content\/uploads\/2020\/10\/Kandinsky_-_Jaune_Rouge_Bleu-1-1024x659.jpg 1024w, https:\/\/frank-lovisolo.fr\/WordPress\/wp-content\/uploads\/2020\/10\/Kandinsky_-_Jaune_Rouge_Bleu-1-460x296.jpg 460w, https:\/\/frank-lovisolo.fr\/WordPress\/wp-content\/uploads\/2020\/10\/Kandinsky_-_Jaune_Rouge_Bleu-1-768x494.jpg 768w, https:\/\/frank-lovisolo.fr\/WordPress\/wp-content\/uploads\/2020\/10\/Kandinsky_-_Jaune_Rouge_Bleu-1-1536x988.jpg 1536w, https:\/\/frank-lovisolo.fr\/WordPress\/wp-content\/uploads\/2020\/10\/Kandinsky_-_Jaune_Rouge_Bleu-1-233x150.jpg 233w, https:\/\/frank-lovisolo.fr\/WordPress\/wp-content\/uploads\/2020\/10\/Kandinsky_-_Jaune_Rouge_Bleu-1-150x96.jpg 150w, https:\/\/frank-lovisolo.fr\/WordPress\/wp-content\/uploads\/2020\/10\/Kandinsky_-_Jaune_Rouge_Bleu-1-310x201.jpg 310w, https:\/\/frank-lovisolo.fr\/WordPress\/wp-content\/uploads\/2020\/10\/Kandinsky_-_Jaune_Rouge_Bleu-1-1320x849.jpg 1320w, https:\/\/frank-lovisolo.fr\/WordPress\/wp-content\/uploads\/2020\/10\/Kandinsky_-_Jaune_Rouge_Bleu-1.jpg 1920w\" sizes=\"auto, (max-width: 1024px) 100vw, 1024px\" \/><\/span><\/h5>\n<div style=\"text-align: center;\"><strong>Jaune &#8211; Rouge &#8211; Bleu, <\/strong><\/div>\n<div style=\"text-align: center;\">par Wassily Kandinsky &#8211; 1925<br \/>\nHuile sur toile &#8211; 128 x 201,5 cm<br \/>\n<a href=\"https:\/\/www.centrepompidou.fr\/\" target=\"_blank\" rel=\"noopener noreferrer\">Centre Georges Pompidou<\/a>, Paris, France<\/div>\n<\/td>\n<\/tr>\n<tr>\n<td style=\"width: 0.725163%;\" colspan=\"2\">\n<p style=\"text-align: center;\"><span style=\"color: #ffffff;\">&#8211;<\/span><\/p>\n<p style=\"text-align: center;\"><span style=\"font-size: 20px;\"><em>\u00ab\u2026 Hiroshima, les ombres d\u2019Hiroshima ; dans le d\u00e9sert de la catastrophe atomique, elles ont \u00e9t\u00e9 un t\u00e9moignage sans doute terrible mais cependant un t\u00e9moignage tout de m\u00eame d\u2019espoir de la survie et de la permanence, m\u00eame immat\u00e9rielle, de la chair.\u00bb<\/em><\/span><br \/>\n<span style=\"font-size: 20px;\">Yves Klein, extrait de \u00ab\u00a0<a href=\"http:\/\/derives.tv\/le-vrai-devient-realite\/\" target=\"_blank\" rel=\"noopener noreferrer\">Le vrai devient r\u00e9alit\u00e9<\/a>\u00a0\u00bb 1960<\/span><\/p>\n<p>&nbsp;<\/p>\n<p><div id=\"attachment_37222\" style=\"width: 1034px\" class=\"wp-caption aligncenter\"><img loading=\"lazy\" decoding=\"async\" aria-describedby=\"caption-attachment-37222\" class=\"wp-image-37222 size-large\" src=\"https:\/\/frank-lovisolo.fr\/WordPress\/wp-content\/uploads\/2020\/10\/picture_file_878-1024x515.jpg\" alt=\"Hiroshima- Pigment pur et r\u00e9sine synth\u00e9tique sur papier maroufl\u00e9 sur panneau 139.5 x 280.5 cm The Menil Collection, Houston, \u00c9tats-Unis \u00a9 Succession Yves Klein c\/o ADAGP, Paris\" width=\"1024\" height=\"515\" title=\"-\" srcset=\"https:\/\/frank-lovisolo.fr\/WordPress\/wp-content\/uploads\/2020\/10\/picture_file_878-1024x515.jpg 1024w, https:\/\/frank-lovisolo.fr\/WordPress\/wp-content\/uploads\/2020\/10\/picture_file_878-460x231.jpg 460w, https:\/\/frank-lovisolo.fr\/WordPress\/wp-content\/uploads\/2020\/10\/picture_file_878-768x386.jpg 768w, https:\/\/frank-lovisolo.fr\/WordPress\/wp-content\/uploads\/2020\/10\/picture_file_878-1536x772.jpg 1536w, https:\/\/frank-lovisolo.fr\/WordPress\/wp-content\/uploads\/2020\/10\/picture_file_878-250x126.jpg 250w, https:\/\/frank-lovisolo.fr\/WordPress\/wp-content\/uploads\/2020\/10\/picture_file_878-150x75.jpg 150w, https:\/\/frank-lovisolo.fr\/WordPress\/wp-content\/uploads\/2020\/10\/picture_file_878-1320x663.jpg 1320w, https:\/\/frank-lovisolo.fr\/WordPress\/wp-content\/uploads\/2020\/10\/picture_file_878.jpg 1600w\" sizes=\"auto, (max-width: 1024px) 100vw, 1024px\" \/><p id=\"caption-attachment-37222\" class=\"wp-caption-text\"><span style=\"font-size: 16px;\">Yves Klein &#8211; <strong>Hiroshima<\/strong> &#8211; 1961<\/span><\/p>\n<p><span style=\"font-size: 16px;\">Pigment pur et r\u00e9sine synth\u00e9tique sur papier maroufl\u00e9 sur panneau<\/span><\/p>\n<p><span style=\"font-size: 16px;\">139.5 x 280.5 cm<\/span><\/p>\n<p><span style=\"font-size: 16px;\">The Menil Collection, Houston, \u00c9tats-Unis<\/span><\/p>\n<p><span style=\"font-size: 16px;\">\u00a9 Succession Yves Klein c\/o ADAGP, Paris<\/span><\/p><\/div><\/td>\n<\/tr>\n<tr>\n<td style=\"width: 0.725163%;\" colspan=\"2\"><span style=\"color: #ffffff;\">&#8211;<\/span><\/p>\n<p><img loading=\"lazy\" decoding=\"async\" class=\"aligncenter wp-image-37262 size-full\" src=\"https:\/\/frank-lovisolo.fr\/WordPress\/wp-content\/uploads\/2020\/10\/rothko_focus_blue-and-grey.jpg\" alt=\"- - -\" width=\"700\" height=\"775\" title=\"-\" srcset=\"https:\/\/frank-lovisolo.fr\/WordPress\/wp-content\/uploads\/2020\/10\/rothko_focus_blue-and-grey.jpg 700w, https:\/\/frank-lovisolo.fr\/WordPress\/wp-content\/uploads\/2020\/10\/rothko_focus_blue-and-grey-460x509.jpg 460w, https:\/\/frank-lovisolo.fr\/WordPress\/wp-content\/uploads\/2020\/10\/rothko_focus_blue-and-grey-135x150.jpg 135w\" sizes=\"auto, (max-width: 700px) 100vw, 700px\" \/><\/p>\n<div class=\"artwork__header\">\n<div class=\"susy_container\">\n<div class=\"susy-lg-8 susy-md-8 susy-sm-4 susy-xs-2\">\n<div style=\"text-align: center;\"><a class=\"link-dark c_artist_popup_link\" href=\"https:\/\/arthive.com\/fr\/markrothko\" data-objectid=\"artist_6510\" target=\"_blank\" rel=\"noopener\"><strong>Rothko Mark<\/strong><\/a><\/div>\n<div style=\"text-align: center;\"><\/div>\n<div style=\"text-align: center;\"><strong>Blue and Gray, <\/strong><\/div>\n<div style=\"text-align: center;\">1962, huile sur toile, 193 x 175 cm,<\/div>\n<div style=\"text-align: center;\"><a href=\"https:\/\/www.fondationbeyeler.ch\/fr\/\" target=\"_blank\" rel=\"noopener noreferrer\">Fondation Beyeler,<\/a><\/div>\n<div style=\"text-align: center;\">Collection Beyeler<\/div>\n<div><\/div>\n<\/div>\n<\/div>\n<\/div>\n<\/td>\n<\/tr>\n<tr>\n<td style=\"width: 0.725163%; vertical-align: middle;\" colspan=\"2\" rowspan=\"2\">\n<p style=\"text-align: center;\"><span style=\"font-size: 20px;\">Et mon regrett\u00e9 ami <b>Pierre Anfosso.<\/b><\/span><\/p>\n<p style=\"text-align: center;\"><span style=\"font-size: 20px;\">(<time class=\"nowrap date-lien bday\" datetime=\"1928-12-01\" data-sort-value=\"1928-12-01\">1<sup>er<\/sup>\u00a0d\u00e9cembre\u00a01928<\/time>\u00a0\u00e0\u00a0La Crau\u00a0\u2013\u00a0<time class=\"nowrap date-lien dday\" datetime=\"2004-11-05\" data-sort-value=\"2004-11-05\">5\u00a0novembre\u00a02004<\/time>\u00a0\u00e0\u00a0Hy\u00e8res) est un peintre fran\u00e7ais.<\/span><\/p>\n<p style=\"text-align: center;\"><span style=\"font-size: 20px;\">En\u00a01950, avec des condisciples de l&rsquo;\u00e9cole\u00a0:\u00a0<a title=\"Gilbert Louage\" href=\"https:\/\/fr.wikipedia.org\/wiki\/Gilbert_Louage\" target=\"_blank\" rel=\"noopener noreferrer\">Gilbert Louage<\/a>, Jacques Burois, Monique Ducreux, Monique Roy et Lucien Long.<\/span><\/p>\n<p style=\"text-align: center;\"><span style=\"font-size: 20px;\">Il cr\u00e9e le <i>Groupe 50<\/i>\u00a0qui expose \u00e0 la galerie toulonnaise \u00ab\u00a0La Palette\u00a0\u00bb, au mus\u00e9e des Beaux-Arts de Toulon, \u00e0 la Biennale de\u00a0Menton\u00a0et \u00e0 l&rsquo;exposition de la Jeune Peinture M\u00e9diterran\u00e9enne.<\/span><\/p>\n<p style=\"text-align: center;\"><span style=\"font-size: 20px;\">Dans les ann\u00e9es qui vont suivre, il participe \u00e0 de nombreuses expositions de groupe ou personnelles et recevra plusieurs prix de peinture.<\/span><\/p>\n<p style=\"text-align: center;\"><span style=\"font-size: 20px;\">Au fil des d\u00e9cennies, ses inspirations iront notamment vers\u00a0<a class=\"mw-redirect mw-disambig\" title=\"De Sta\u00ebl\" href=\"https:\/\/fr.wikipedia.org\/wiki\/De_Sta%C3%ABl\" target=\"_blank\" rel=\"noopener noreferrer\">De Sta\u00ebl<\/a>\u00a0et\u00a0<a class=\"mw-redirect\" title=\"Rothko\" href=\"https:\/\/fr.wikipedia.org\/wiki\/Rothko\" target=\"_blank\" rel=\"noopener noreferrer\">Rothko<\/a>.<\/span><\/p>\n<p style=\"text-align: center;\"><span style=\"font-size: 20px;\"><em><a href=\"https:\/\/fr.wikipedia.org\/wiki\/Pierre_Anfosso\" target=\"_blank\" rel=\"noopener noreferrer\">[Source]<\/a><\/em><\/span><\/p>\n<p>&nbsp;<\/p>\n<p><img loading=\"lazy\" decoding=\"async\" class=\"aligncenter wp-image-37234 size-full\" title=\"Pierre Anfosso\" src=\"https:\/\/frank-lovisolo.fr\/WordPress\/wp-content\/uploads\/2020\/10\/12973145_1095788800441605_3970378131467474265_o.jpg\" alt=\"Pierre Anfosso\" width=\"1015\" height=\"837\" srcset=\"https:\/\/frank-lovisolo.fr\/WordPress\/wp-content\/uploads\/2020\/10\/12973145_1095788800441605_3970378131467474265_o.jpg 1015w, https:\/\/frank-lovisolo.fr\/WordPress\/wp-content\/uploads\/2020\/10\/12973145_1095788800441605_3970378131467474265_o-460x379.jpg 460w, https:\/\/frank-lovisolo.fr\/WordPress\/wp-content\/uploads\/2020\/10\/12973145_1095788800441605_3970378131467474265_o-768x633.jpg 768w, https:\/\/frank-lovisolo.fr\/WordPress\/wp-content\/uploads\/2020\/10\/12973145_1095788800441605_3970378131467474265_o-182x150.jpg 182w, https:\/\/frank-lovisolo.fr\/WordPress\/wp-content\/uploads\/2020\/10\/12973145_1095788800441605_3970378131467474265_o-150x124.jpg 150w\" sizes=\"auto, (max-width: 1015px) 100vw, 1015px\" \/><\/p>\n<p><img loading=\"lazy\" decoding=\"async\" class=\"aligncenter wp-image-37233\" title=\"Pierre Anfosso\" src=\"https:\/\/frank-lovisolo.fr\/WordPress\/wp-content\/uploads\/2020\/10\/12961234_1095788783774940_3864518729431616606_o.jpg\" alt=\"Pierre Anfosso\" width=\"1015\" height=\"828\" srcset=\"https:\/\/frank-lovisolo.fr\/WordPress\/wp-content\/uploads\/2020\/10\/12961234_1095788783774940_3864518729431616606_o.jpg 1041w, https:\/\/frank-lovisolo.fr\/WordPress\/wp-content\/uploads\/2020\/10\/12961234_1095788783774940_3864518729431616606_o-460x375.jpg 460w, https:\/\/frank-lovisolo.fr\/WordPress\/wp-content\/uploads\/2020\/10\/12961234_1095788783774940_3864518729431616606_o-1024x835.jpg 1024w, https:\/\/frank-lovisolo.fr\/WordPress\/wp-content\/uploads\/2020\/10\/12961234_1095788783774940_3864518729431616606_o-768x626.jpg 768w, https:\/\/frank-lovisolo.fr\/WordPress\/wp-content\/uploads\/2020\/10\/12961234_1095788783774940_3864518729431616606_o-184x150.jpg 184w, https:\/\/frank-lovisolo.fr\/WordPress\/wp-content\/uploads\/2020\/10\/12961234_1095788783774940_3864518729431616606_o-150x122.jpg 150w\" sizes=\"auto, (max-width: 1015px) 100vw, 1015px\" \/><\/p>\n<p><img loading=\"lazy\" decoding=\"async\" class=\"aligncenter wp-image-37235\" title=\"Pierre Anfosso\" src=\"https:\/\/frank-lovisolo.fr\/WordPress\/wp-content\/uploads\/2020\/10\/Anfosso.jpg\" alt=\"Pierre Anfosso\" width=\"1015\" height=\"665\" srcset=\"https:\/\/frank-lovisolo.fr\/WordPress\/wp-content\/uploads\/2020\/10\/Anfosso.jpg 1128w, https:\/\/frank-lovisolo.fr\/WordPress\/wp-content\/uploads\/2020\/10\/Anfosso-460x301.jpg 460w, https:\/\/frank-lovisolo.fr\/WordPress\/wp-content\/uploads\/2020\/10\/Anfosso-1024x671.jpg 1024w, https:\/\/frank-lovisolo.fr\/WordPress\/wp-content\/uploads\/2020\/10\/Anfosso-768x503.jpg 768w, https:\/\/frank-lovisolo.fr\/WordPress\/wp-content\/uploads\/2020\/10\/Anfosso-229x150.jpg 229w, https:\/\/frank-lovisolo.fr\/WordPress\/wp-content\/uploads\/2020\/10\/Anfosso-150x98.jpg 150w\" sizes=\"auto, (max-width: 1015px) 100vw, 1015px\" \/><\/td>\n<\/tr>\n<\/tbody>\n<\/table>\n<div><img loading=\"lazy\" decoding=\"async\" class=\"aligncenter wp-image-34042\" src=\"https:\/\/frank-lovisolo.fr\/WordPress\/wp-content\/uploads\/2020\/07\/P1190548.jpg\" alt=\"- - -\" width=\"202\" height=\"50\" title=\"-\" srcset=\"https:\/\/frank-lovisolo.fr\/WordPress\/wp-content\/uploads\/2020\/07\/P1190548.jpg 460w, https:\/\/frank-lovisolo.fr\/WordPress\/wp-content\/uploads\/2020\/07\/P1190548-250x62.jpg 250w, https:\/\/frank-lovisolo.fr\/WordPress\/wp-content\/uploads\/2020\/07\/P1190548-150x37.jpg 150w\" sizes=\"auto, (max-width: 202px) 100vw, 202px\" \/><\/div>\n<table style=\"width: 100%; border-collapse: collapse;\" cellpadding=\"10\">\n<tbody>\n<tr>\n<td style=\"width: 50%; text-align: center;\" colspan=\"2\">\n<h5><span class=\"ez-toc-section\" id=\"-tonalites-connexes\"><\/span><span style=\"background-color: #000066; color: #ffffff; font-size: 14px;\">\u00a0 Tonalit\u00e9s connexes\u00a0\u00a0<\/span><span class=\"ez-toc-section-end\"><\/span><\/h5>\n<\/td>\n<\/tr>\n<tr>\n<td style=\"width: 50%; text-align: center;\" colspan=\"2\"><img loading=\"lazy\" decoding=\"async\" class=\"aligncenter wp-image-33968 size-large\" src=\"https:\/\/frank-lovisolo.fr\/WordPress\/wp-content\/uploads\/2020\/06\/Devil023-1024x576.jpg\" alt=\"La galerie Julia Mandelbleu - Images fractales\" width=\"1024\" height=\"576\" title=\"-\" srcset=\"https:\/\/frank-lovisolo.fr\/WordPress\/wp-content\/uploads\/2020\/06\/Devil023-1024x576.jpg 1024w, https:\/\/frank-lovisolo.fr\/WordPress\/wp-content\/uploads\/2020\/06\/Devil023-460x259.jpg 460w, https:\/\/frank-lovisolo.fr\/WordPress\/wp-content\/uploads\/2020\/06\/Devil023-768x432.jpg 768w, https:\/\/frank-lovisolo.fr\/WordPress\/wp-content\/uploads\/2020\/06\/Devil023-250x141.jpg 250w, https:\/\/frank-lovisolo.fr\/WordPress\/wp-content\/uploads\/2020\/06\/Devil023-150x84.jpg 150w, https:\/\/frank-lovisolo.fr\/WordPress\/wp-content\/uploads\/2020\/06\/Devil023-1320x743.jpg 1320w, https:\/\/frank-lovisolo.fr\/WordPress\/wp-content\/uploads\/2020\/06\/Devil023.jpg 1440w\" sizes=\"auto, (max-width: 1024px) 100vw, 1024px\" \/><br \/>\n<span style=\"font-size: 20px;\"><a href=\"https:\/\/frank-lovisolo.fr\/WordPress\/galerie-jmandelbleu-images-fractales\/\" target=\"_blank\" rel=\"noopener noreferrer\">La galerie \u00ab Julia Mandelbleu \u00bb<\/a><\/span><\/td>\n<\/tr>\n<tr>\n<td style=\"width: 50%; text-align: center;\" colspan=\"2\"><img loading=\"lazy\" decoding=\"async\" class=\"aligncenter wp-image-33466 size-large\" src=\"https:\/\/frank-lovisolo.fr\/WordPress\/wp-content\/uploads\/2012\/07\/N\u00b0013-Bleues-Eph\u00e9m\u00e8res-Frank-Lovisolo-Guillard-1024x681.jpg\" alt=\"- - -\" width=\"1024\" height=\"681\" title=\"-\" srcset=\"https:\/\/frank-lovisolo.fr\/WordPress\/wp-content\/uploads\/2012\/07\/N\u00b0013-Bleues-Eph\u00e9m\u00e8res-Frank-Lovisolo-Guillard-1024x681.jpg 1024w, https:\/\/frank-lovisolo.fr\/WordPress\/wp-content\/uploads\/2012\/07\/N\u00b0013-Bleues-Eph\u00e9m\u00e8res-Frank-Lovisolo-Guillard-460x306.jpg 460w, https:\/\/frank-lovisolo.fr\/WordPress\/wp-content\/uploads\/2012\/07\/N\u00b0013-Bleues-Eph\u00e9m\u00e8res-Frank-Lovisolo-Guillard-768x511.jpg 768w, https:\/\/frank-lovisolo.fr\/WordPress\/wp-content\/uploads\/2012\/07\/N\u00b0013-Bleues-Eph\u00e9m\u00e8res-Frank-Lovisolo-Guillard-226x150.jpg 226w, https:\/\/frank-lovisolo.fr\/WordPress\/wp-content\/uploads\/2012\/07\/N\u00b0013-Bleues-Eph\u00e9m\u00e8res-Frank-Lovisolo-Guillard-150x100.jpg 150w, https:\/\/frank-lovisolo.fr\/WordPress\/wp-content\/uploads\/2012\/07\/N\u00b0013-Bleues-Eph\u00e9m\u00e8res-Frank-Lovisolo-Guillard.jpg 1200w\" sizes=\"auto, (max-width: 1024px) 100vw, 1024px\" \/><br \/>\n<a href=\"https:\/\/frank-lovisolo.fr\/WordPress\/bleus-ephemeres\/\" target=\"_blank\" rel=\"noopener noreferrer\"><span style=\"font-size: 20px;\">Bleues Eph\u00e9m\u00e8res<\/span><\/a><\/td>\n<\/tr>\n<tr>\n<td style=\"width: 50%; text-align: center;\" colspan=\"2\"><img loading=\"lazy\" decoding=\"async\" class=\"aligncenter wp-image-32539 size-large\" src=\"https:\/\/frank-lovisolo.fr\/WordPress\/wp-content\/uploads\/2020\/01\/Tout-ceci-demeure-finalement-tr\u00e8s-vague-N\u00b0012-1024x576.jpg\" alt=\"tr\u00e8s vague\" width=\"1024\" height=\"576\" title=\"-\" srcset=\"https:\/\/frank-lovisolo.fr\/WordPress\/wp-content\/uploads\/2020\/01\/Tout-ceci-demeure-finalement-tr\u00e8s-vague-N\u00b0012-1024x576.jpg 1024w, https:\/\/frank-lovisolo.fr\/WordPress\/wp-content\/uploads\/2020\/01\/Tout-ceci-demeure-finalement-tr\u00e8s-vague-N\u00b0012-460x259.jpg 460w, https:\/\/frank-lovisolo.fr\/WordPress\/wp-content\/uploads\/2020\/01\/Tout-ceci-demeure-finalement-tr\u00e8s-vague-N\u00b0012-768x432.jpg 768w, https:\/\/frank-lovisolo.fr\/WordPress\/wp-content\/uploads\/2020\/01\/Tout-ceci-demeure-finalement-tr\u00e8s-vague-N\u00b0012-250x141.jpg 250w, https:\/\/frank-lovisolo.fr\/WordPress\/wp-content\/uploads\/2020\/01\/Tout-ceci-demeure-finalement-tr\u00e8s-vague-N\u00b0012-150x84.jpg 150w, https:\/\/frank-lovisolo.fr\/WordPress\/wp-content\/uploads\/2020\/01\/Tout-ceci-demeure-finalement-tr\u00e8s-vague-N\u00b0012-1320x743.jpg 1320w, https:\/\/frank-lovisolo.fr\/WordPress\/wp-content\/uploads\/2020\/01\/Tout-ceci-demeure-finalement-tr\u00e8s-vague-N\u00b0012.jpg 1351w\" sizes=\"auto, (max-width: 1024px) 100vw, 1024px\" \/><br \/>\n<a href=\"https:\/\/frank-lovisolo.fr\/WordPress\/finalement-vague-lautreamont\/\" target=\"_blank\" rel=\"noopener noreferrer\"><span style=\"font-size: 20px;\">Tout ceci demeure, finalement, tr\u00e8s vague<\/span><\/a><\/td>\n<\/tr>\n<\/tbody>\n<\/table>\n<h5 style=\"text-align: center;\"><span class=\"ez-toc-section\" id=\"-les-bleus-restons-nuances\"><\/span><span style=\"background-color: #000066; color: #ffffff; font-size: 12px;\">\u00a0Les Bleus : restons nuanc\u00e9s.\u00a0<\/span><span class=\"ez-toc-section-end\"><\/span><\/h5>\n<table class=\"navbox noprint aligncenter\" style=\"width: 100%; text-align: left; margin: 0px; background-color: #ffffff;\" cellpadding=\"1px 3px\">\n<tbody>\n<tr style=\"vertical-align: top;\">\n<td style=\"padding: 1px 3px; margin: 0px; width: 10em; text-align: center;\" colspan=\"\" rowspan=\"\">\n<div>\n<p><span style=\"font-size: 12px;\">Acier<\/span><\/p>\n<div style=\"background: #1A2B3C; border: 1px #CCCCCC solid;\"><\/div>\n<\/div>\n<\/td>\n<td style=\"padding: 1px 3px; text-align: center; background-color: #f9f9f9; margin: 0; ;;width: 10em;\" colspan=\"\" rowspan=\"\">\n<div>\n<p><span style=\"font-size: 12px;\">Aigue-marine<\/span><\/p>\n<div style=\"background: #79F8F8; border: 1px #CCCCCC solid;\"><\/div>\n<\/div>\n<\/td>\n<td style=\"padding: 1px 3px; text-align: center; background-color: #f9f9f9; margin: 0; ;;width: 10em;\" colspan=\"\" rowspan=\"\">\n<div>\n<p><span style=\"font-size: 12px;\">Azur<\/span><\/p>\n<div style=\"background: #007FFF; border: 1px #CCCCCC solid;\"><\/div>\n<\/div>\n<\/td>\n<td style=\"padding: 1px 3px; text-align: center; background-color: #f9f9f9; margin: 0; ;;width: 10em;\" colspan=\"\" rowspan=\"\">\n<div>\n<p><span style=\"font-size: 12px;\">Azur\u00e9<\/span><\/p>\n<div style=\"background: #F0FFFF; border: 1px #CCCCCC solid;\"><\/div>\n<\/div>\n<\/td>\n<td style=\"padding: 1px 3px; text-align: center; background-color: #f9f9f9; margin: 0; ;;width: 10em;\" colspan=\"\" rowspan=\"\">\n<div>\n<p><span style=\"font-size: 12px;\">Barbeau<\/span><\/p>\n<div style=\"background: #5472AE; border: 1px #CCCCCC solid;\"><\/div>\n<\/div>\n<\/td>\n<td style=\"padding: 1px 3px; text-align: center; background-color: #f9f9f9; margin: 0; ;;width: 10em;\" colspan=\"\" rowspan=\"\">\n<div>\n<p><span style=\"font-size: 12px;\">Bleu<\/span><\/p>\n<div style=\"background: #0040D0; border: 1px #CCCCCC solid;\"><\/div>\n<\/div>\n<\/td>\n<td style=\"padding: 1px 3px; text-align: center; background-color: #f9f9f9; margin: 0; ;;width: 10em;\" colspan=\"\" rowspan=\"\">\n<div>\n<p><span style=\"font-size: 12px;\">Bleu-vert<\/span><\/p>\n<div style=\"background: #0098BF; border: 1px #CCCCCC solid;\"><\/div>\n<\/div>\n<\/td>\n<td style=\"padding: 1px 3px; text-align: center; background-color: #f9f9f9; margin: 0; ;;width: 10em;\" colspan=\"\" rowspan=\"\">\n<div>\n<p><span style=\"font-size: 12px;\">Bleu-violet<\/span><\/p>\n<div style=\"background: #4B0082; border: 1px #CCCCCC solid;\"><\/div>\n<\/div>\n<\/td>\n<td style=\"padding: 1px 3px; text-align: center; background-color: #f9f9f9; margin: 0; ;;width: 10em;\" colspan=\"\" rowspan=\"\">\n<div>\n<p><span style=\"font-size: 12px;\">Bleuet<\/span><\/p>\n<div style=\"background: #5472AE; border: 1px #CCCCCC solid;\"><\/div>\n<\/div>\n<\/td>\n<td style=\"padding: 1px 3px; text-align: center; background-color: #f9f9f9; margin: 0; ;;width: 10em;\" colspan=\"\" rowspan=\"\">\n<div>\n<p><span style=\"font-size: 12px;\">C\u00e6ruleum<\/span><\/p>\n<div style=\"background: #007BA7; border: 1px #CCCCCC solid;\"><\/div>\n<\/div>\n<\/td>\n<\/tr>\n<tr style=\"vertical-align: top;\">\n<td style=\"padding: 1px 3px; text-align: center; background-color: #f9f9f9; margin: 0; ;;width: 10em;\" colspan=\"\" rowspan=\"\">\n<div>\n<p><span style=\"font-size: 12px;\">Canard<\/span><\/p>\n<div style=\"background: #048B9A; border: 1px #CCCCCC solid;\"><\/div>\n<\/div>\n<\/td>\n<td style=\"padding: 1px 3px; text-align: center; background-color: #f9f9f9; margin: 0; ;;width: 10em;\" colspan=\"\" rowspan=\"\">\n<div>\n<p><span style=\"font-size: 12px;\">C\u00e9leste<\/span><\/p>\n<div style=\"background: #26C4EC; border: 1px #CCCCCC solid;\"><\/div>\n<\/div>\n<\/td>\n<td style=\"padding: 1px 3px; text-align: center; background-color: #f9f9f9; margin: 0; ;;width: 10em;\" colspan=\"\" rowspan=\"\">\n<div>\n<p><span style=\"font-size: 12px;\">Charrette<\/span><\/p>\n<div style=\"background: #8EA2C6; border: 1px #CCCCCC solid;\"><\/div>\n<\/div>\n<\/td>\n<td style=\"padding: 1px 3px; text-align: center; background-color: #f9f9f9; margin: 0; ;;width: 10em;\" colspan=\"\" rowspan=\"\">\n<div>\n<p><span style=\"font-size: 12px;\">Ciel<\/span><\/p>\n<div style=\"background: #007CB0; border: 1px #CCCCCC solid;\"><\/div>\n<\/div>\n<\/td>\n<td style=\"padding: 1px 3px; text-align: center; background-color: #f9f9f9; margin: 0; ;;width: 10em;\" colspan=\"\" rowspan=\"\">\n<div>\n<p><span style=\"font-size: 12px;\">Cobalt<\/span><\/p>\n<div style=\"background: #22427C; border: 1px #CCCCCC solid;\"><\/div>\n<\/div>\n<\/td>\n<td style=\"padding: 1px 3px; text-align: center; background-color: #f9f9f9; margin: 0; ;;width: 10em;\" colspan=\"\" rowspan=\"\">\n<div>\n<p><span style=\"font-size: 12px;\">Cyan<\/span><\/p>\n<div style=\"background: #00FFFF; border: 1px #CCCCCC solid;\"><\/div>\n<\/div>\n<\/td>\n<td style=\"padding: 1px 3px; text-align: center; background-color: #f9f9f9; margin: 0; ;;width: 10em;\" colspan=\"\" rowspan=\"\">\n<div>\n<p><span style=\"font-size: 12px;\">Denim<\/span><\/p>\n<div style=\"background: #1560BD; border: 1px #CCCCCC solid;\"><\/div>\n<\/div>\n<\/td>\n<td style=\"padding: 1px 3px; text-align: center; background-color: #f9f9f9; margin: 0; ;;width: 10em;\" colspan=\"\" rowspan=\"\">\n<div>\n<p><span style=\"font-size: 12px;\">Drag\u00e9e<\/span><\/p>\n<div style=\"background: #DFF2FF; border: 1px #CCCCCC solid;\"><\/div>\n<\/div>\n<\/td>\n<td style=\"padding: 1px 3px; text-align: center; background-color: #f9f9f9; margin: 0; ;;width: 10em;\" colspan=\"\" rowspan=\"\">\n<div>\n<p><span style=\"font-size: 12px;\">\u00c9gyptien<\/span><\/p>\n<div style=\"background: #1034A6; border: 1px #CCCCCC solid;\"><\/div>\n<\/div>\n<\/td>\n<td style=\"padding: 1px 3px; text-align: center; background-color: #f9f9f9; margin: 0; ;;width: 10em;\" colspan=\"\" rowspan=\"\">\n<div>\n<p><span style=\"font-size: 12px;\">\u00c9lectrique<\/span><\/p>\n<div style=\"background: #2C75FF; border: 1px #CCCCCC solid;\"><\/div>\n<\/div>\n<\/td>\n<\/tr>\n<tr style=\"vertical-align: top;\">\n<td style=\"padding: 1px 3px; text-align: center; background-color: #f9f9f9; margin: 0; ;;width: 10em;\" colspan=\"\" rowspan=\"\">\n<div>\n<p><span style=\"font-size: 12px;\">France (de)<\/span><\/p>\n<div style=\"background: #318CE7; border: 1px #CCCCCC solid;\"><\/div>\n<\/div>\n<\/td>\n<td style=\"padding: 1px 3px; text-align: center; background-color: #f9f9f9; margin: 0; ;;width: 10em;\" colspan=\"\" rowspan=\"\">\n<div>\n<p><span style=\"font-size: 12px;\">Fum\u00e9e<\/span><\/p>\n<div style=\"background: #BBD2E1; border: 1px #CCCCCC solid;\"><\/div>\n<\/div>\n<\/td>\n<td style=\"padding: 1px 3px; text-align: center; background-color: #f9f9f9; margin: 0; ;;width: 10em;\" colspan=\"\" rowspan=\"\">\n<div>\n<p><span style=\"font-size: 12px;\">Givr\u00e9<\/span><\/p>\n<div style=\"background: #80D0D0; border: 1px #CCCCCC solid;\"><\/div>\n<\/div>\n<\/td>\n<td style=\"padding: 1px 3px; text-align: center; background-color: #f9f9f9; margin: 0; ;;width: 10em;\" colspan=\"\" rowspan=\"\">\n<div>\n<p><span style=\"font-size: 12px;\">Gris de lin<\/span><\/p>\n<div style=\"background: #D2CAEC; border: 1px #CCCCCC solid;\"><\/div>\n<\/div>\n<\/td>\n<td style=\"padding: 1px 3px; text-align: center; background-color: #f9f9f9; margin: 0; ;;width: 10em;\" colspan=\"\" rowspan=\"\">\n<div>\n<p><span style=\"font-size: 12px;\">Horizon<\/span><\/p>\n<div style=\"background: #7F8FA6; border: 1px #CCCCCC solid;\"><\/div>\n<\/div>\n<\/td>\n<td style=\"padding: 1px 3px; text-align: center; background-color: #f9f9f9; margin: 0; ;;width: 10em;\" colspan=\"\" rowspan=\"\">\n<div>\n<p><span style=\"font-size: 12px;\">Indigo<\/span><\/p>\n<div style=\"background: #23446B; border: 1px #CCCCCC solid;\"><\/div>\n<\/div>\n<\/td>\n<td style=\"padding: 1px 3px; text-align: center; background-color: #f9f9f9; margin: 0; ;;width: 10em;\" colspan=\"\" rowspan=\"\">\n<div>\n<p><span style=\"font-size: 12px;\">Lavande<\/span><\/p>\n<div style=\"background: #9683EC; border: 1px #CCCCCC solid;\"><\/div>\n<\/div>\n<\/td>\n<td style=\"padding: 1px 3px; text-align: center; background-color: #f9f9f9; margin: 0; ;;width: 10em;\" colspan=\"\" rowspan=\"\">\n<div>\n<p><span style=\"font-size: 12px;\">Majorelle<\/span><\/p>\n<div style=\"background: #6050DC; border: 1px #CCCCCC solid;\"><\/div>\n<\/div>\n<\/td>\n<td style=\"padding: 1px 3px; text-align: center; background-color: #f9f9f9; margin: 0; ;;width: 10em;\" colspan=\"\" rowspan=\"\">\n<div>\n<p><span style=\"font-size: 12px;\">Marine<\/span><\/p>\n<div style=\"background: #000080; border: 1px #CCCCCC solid;\"><\/div>\n<\/div>\n<\/td>\n<td style=\"padding: 1px 3px; text-align: center; background-color: #f9f9f9; margin: 0; ;;width: 10em;\" colspan=\"\" rowspan=\"\">\n<div>\n<p><span style=\"font-size: 12px;\">Minuit (de)<\/span><\/p>\n<div style=\"background: #003366; border: 1px #CCCCCC solid;\"><\/div>\n<\/div>\n<\/td>\n<\/tr>\n<tr style=\"vertical-align: top;\">\n<td style=\"padding: 1px 3px; text-align: center; background-color: #f9f9f9; margin: 0; ;;width: 10em;\" colspan=\"\" rowspan=\"\">\n<div>\n<p><span style=\"font-size: 12px;\">Nuit<\/span><\/p>\n<div style=\"background: #0F056B; border: 1px #CCCCCC solid;\"><\/div>\n<\/div>\n<\/td>\n<td style=\"padding: 1px 3px; text-align: center; background-color: #f9f9f9; margin: 0; ;;width: 10em;\" colspan=\"\" rowspan=\"\">\n<div>\n<p><span style=\"font-size: 12px;\">Outremer<\/span><\/p>\n<div style=\"background: #1B019B; border: 1px #CCCCCC solid;\"><\/div>\n<\/div>\n<\/td>\n<td style=\"padding: 1px 3px; text-align: center; background-color: #f9f9f9; margin: 0; ;;width: 10em;\" colspan=\"\" rowspan=\"\">\n<div>\n<p><span style=\"font-size: 12px;\">Paon<\/span><\/p>\n<div style=\"background: #067790; border: 1px #CCCCCC solid;\"><\/div>\n<\/div>\n<\/td>\n<td style=\"padding: 1px 3px; text-align: center; background-color: #f9f9f9; margin: 0; ;;width: 10em;\" colspan=\"\" rowspan=\"\">\n<div>\n<p><span style=\"font-size: 12px;\">Pastel<\/span><\/p>\n<div style=\"background: #56739A; border: 1px #CCCCCC solid;\"><\/div>\n<\/div>\n<\/td>\n<td style=\"padding: 1px 3px; text-align: center; background-color: #f9f9f9; margin: 0; ;;width: 10em;\" colspan=\"\" rowspan=\"\">\n<div>\n<p><span style=\"font-size: 12px;\">Persan<\/span><\/p>\n<div style=\"background: #458E9D; border: 1px #CCCCCC solid;\"><\/div>\n<\/div>\n<\/td>\n<td style=\"padding: 1px 3px; text-align: center; background-color: #f9f9f9; margin: 0; ;;width: 10em;\" colspan=\"\" rowspan=\"\">\n<div>\n<p><span style=\"font-size: 12px;\">Pervenche<\/span><\/p>\n<div style=\"background: #CCCCFF; border: 1px #CCCCCC solid;\"><\/div>\n<\/div>\n<\/td>\n<td style=\"padding: 1px 3px; text-align: center; background-color: #f9f9f9; margin: 0; ;;width: 10em;\" colspan=\"\" rowspan=\"\">\n<div>\n<p><span style=\"font-size: 12px;\">P\u00e9trole<\/span><\/p>\n<div style=\"background: #006374; border: 1px #CCCCCC solid;\"><\/div>\n<\/div>\n<\/td>\n<td style=\"padding: 1px 3px; text-align: center; background-color: #f9f9f9; margin: 0; ;;width: 10em;\" colspan=\"\" rowspan=\"\">\n<div>\n<p><span style=\"font-size: 12px;\">Prusse (de)<\/span><\/p>\n<div style=\"background: #24445C; border: 1px #CCCCCC solid;\"><\/div>\n<\/div>\n<\/td>\n<td style=\"padding: 1px 3px; text-align: center; background-color: #f9f9f9; margin: 0; ;;width: 10em;\" colspan=\"\" rowspan=\"\">\n<div>\n<p><span style=\"font-size: 12px;\">Roi<\/span><\/p>\n<div style=\"background: #002366; border: 1px #CCCCCC solid;\"><\/div>\n<\/div>\n<\/td>\n<td style=\"padding: 1px 3px; text-align: center; background-color: #f9f9f9; margin: 0; ;;width: 10em;\" colspan=\"\" rowspan=\"\">\n<div>\n<p><span style=\"font-size: 12px;\">Safre<\/span><\/p>\n<div style=\"background: #0131B4; border: 1px #CCCCCC solid;\"><\/div>\n<\/div>\n<\/td>\n<\/tr>\n<tr style=\"vertical-align: top;\">\n<td style=\"padding: 1px 3px; background-color: #f9f9f9; margin: 0px; width: 10em; text-align: center;\" colspan=\"\" rowspan=\"\">\n<div>\n<p><span style=\"font-size: 12px;\">Saphir<\/span><\/p>\n<div style=\"background: #0131B4; border: 1px #CCCCCC solid;\"><\/div>\n<\/div>\n<\/td>\n<td style=\"padding: 1px 3px; text-align: center; background-color: #f9f9f9; margin: 0; ;;width: 10em;\" colspan=\"\" rowspan=\"\">\n<div>\n<p><span style=\"font-size: 12px;\">Sarcelle<\/span><\/p>\n<div style=\"background: #008080; border: 1px #CCCCCC solid;\"><\/div>\n<\/div>\n<\/td>\n<td style=\"padding: 1px 3px; text-align: center; background-color: #f9f9f9; margin: 0; ;;width: 10em;\" colspan=\"\" rowspan=\"\">\n<div>\n<p><span style=\"font-size: 12px;\">Smalt<\/span><\/p>\n<div style=\"background: #003399; border: 1px #CCCCCC solid;\"><\/div>\n<\/div>\n<\/td>\n<td style=\"padding: 1px 3px; text-align: center; background-color: #f9f9f9; margin: 0; ;;width: 10em;\" colspan=\"\" rowspan=\"\">\n<div>\n<p><span style=\"font-size: 12px;\">Tiffany<\/span><\/p>\n<div style=\"background: #0ABAB5; border: 1px #CCCCCC solid;\"><\/div>\n<\/div>\n<\/td>\n<td style=\"padding: 1px 3px; text-align: center; background-color: #f9f9f9; margin: 0; ;;width: 10em;\" colspan=\"\" rowspan=\"\">\n<div>\n<p><span style=\"font-size: 12px;\">Turquin<\/span><\/p>\n<div style=\"background: #425B8A; border: 1px #CCCCCC solid;\"><\/div>\n<\/div>\n<\/td>\n<td style=\"padding: 1px 3px; text-align: center; background-color: #f9f9f9; margin: 0; ;;width: 10em;\" colspan=\"\" rowspan=\"\">\n<div>\n<p><span style=\"font-size: 12px;\">Turquoise<\/span><\/p>\n<div style=\"background: #25FDE9; border: 1px #CCCCCC solid;\"><\/div>\n<\/div>\n<\/td>\n<td style=\"padding: 1px 3px; text-align: center; background-color: #f9f9f9; margin: 0; ;;width: 10em;\" colspan=\"\" rowspan=\"\">\n<div><\/div>\n<div><em><a href=\"https:\/\/fr.wikipedia.org\/wiki\/Mod%C3%A8le:Palette_Teintes_de_bleu\" target=\"_blank\" rel=\"noopener noreferrer\">[source]<\/a><\/em><\/div>\n<\/td>\n<\/tr>\n<\/tbody>\n<\/table>\n<p><img loading=\"lazy\" decoding=\"async\" class=\"aligncenter wp-image-34042\" src=\"https:\/\/frank-lovisolo.fr\/WordPress\/wp-content\/uploads\/2020\/07\/P1190548.jpg\" alt=\"- - -\" width=\"202\" height=\"50\" title=\"-\" srcset=\"https:\/\/frank-lovisolo.fr\/WordPress\/wp-content\/uploads\/2020\/07\/P1190548.jpg 460w, https:\/\/frank-lovisolo.fr\/WordPress\/wp-content\/uploads\/2020\/07\/P1190548-250x62.jpg 250w, https:\/\/frank-lovisolo.fr\/WordPress\/wp-content\/uploads\/2020\/07\/P1190548-150x37.jpg 150w\" sizes=\"auto, (max-width: 202px) 100vw, 202px\" \/><\/p>\n<div><span style=\"color: #ffffff;\">&#8211;<\/span><\/div>\n<table style=\"height: 20px; width: 100%; border-collapse: collapse;\">\n<tbody>\n<tr>\n<td style=\"width: 100%; text-align: center;\"><span style=\"color: #ff007f;\"><span style=\"background-color: #320000;\">\u00a0 \u00a0<\/span><a style=\"color: #ff007f;\" href=\"https:\/\/frank-lovisolo.fr\/WordPress\/report-a-problem\/\" target=\"_blank\" rel=\"noopener noreferrer\"><span style=\"background-color: #320000;\">Signaler un probl\u00e8me &#8211; Report a problem<\/span><\/a><span style=\"background-color: #320000;\"> \u00a0\u00a0<\/span><\/span><a id=\"com\"><\/a><\/td>\n<\/tr>\n<\/tbody>\n<\/table>\n<div id=\"ez-toc-container\" class=\"ez-toc-v2_0_82_2 ez-toc-wrap-center counter-hierarchy ez-toc-counter ez-toc-light-blue ez-toc-container-direction\">\n<label for=\"ez-toc-cssicon-toggle-item-69f01cb65398b\" class=\"ez-toc-cssicon-toggle-label\"><p class=\"ez-toc-title\" style=\"cursor:inherit\">Table des mati\u00e8res<\/p>\n<span class=\"ez-toc-cssicon\"><span class=\"eztoc-hide\" style=\"display:none;\">Toggle<\/span><span class=\"ez-toc-icon-toggle-span\"><svg style=\"fill: #999;color:#999\" xmlns=\"http:\/\/www.w3.org\/2000\/svg\" class=\"list-377408\" width=\"20px\" height=\"20px\" viewBox=\"0 0 24 24\" fill=\"none\"><path d=\"M6 6H4v2h2V6zm14 0H8v2h12V6zM4 11h2v2H4v-2zm16 0H8v2h12v-2zM4 16h2v2H4v-2zm16 0H8v2h12v-2z\" fill=\"currentColor\"><\/path><\/svg><svg style=\"fill: #999;color:#999\" class=\"arrow-unsorted-368013\" xmlns=\"http:\/\/www.w3.org\/2000\/svg\" width=\"10px\" height=\"10px\" viewBox=\"0 0 24 24\" version=\"1.2\" baseProfile=\"tiny\"><path d=\"M18.2 9.3l-6.2-6.3-6.2 6.3c-.2.2-.3.4-.3.7s.1.5.3.7c.2.2.4.3.7.3h11c.3 0 .5-.1.7-.3.2-.2.3-.5.3-.7s-.1-.5-.3-.7zM5.8 14.7l6.2 6.3 6.2-6.3c.2-.2.3-.5.3-.7s-.1-.5-.3-.7c-.2-.2-.4-.3-.7-.3h-11c-.3 0-.5.1-.7.3-.2.2-.3.5-.3.7s.1.5.3.7z\"\/><\/svg><\/span><\/span><\/label><input type=\"checkbox\"  id=\"ez-toc-cssicon-toggle-item-69f01cb65398b\" checked \/><nav><ul class='ez-toc-list ez-toc-list-level-1 ' ><li class='ez-toc-page-1 ez-toc-heading-level-5'><a class=\"ez-toc-link ez-toc-heading-1\" href=\"https:\/\/frank-lovisolo.fr\/WordPress\/bleu-avalon-clair-obscur\/#%e2%80%93\" >&#8211;<\/a><\/li><li class='ez-toc-page-1 ez-toc-heading-level-5'><a class=\"ez-toc-link ez-toc-heading-2\" href=\"https:\/\/frank-lovisolo.fr\/WordPress\/bleu-avalon-clair-obscur\/#diptyques\" >Diptyques<\/a><\/li><li class='ez-toc-page-1 ez-toc-heading-level-5'><a class=\"ez-toc-link ez-toc-heading-3\" href=\"https:\/\/frank-lovisolo.fr\/WordPress\/bleu-avalon-clair-obscur\/#helene-guillou-est-la-fee-morgane-en-voyage-au-cap-brun-aout-2020\" >H\u00e9l\u00e8ne Guillou est la f\u00e9e Morgane en voyage au Cap-Brun, Aout 2020.<\/a><\/li><li class='ez-toc-page-1 ez-toc-heading-level-5'><a class=\"ez-toc-link ez-toc-heading-4\" href=\"https:\/\/frank-lovisolo.fr\/WordPress\/bleu-avalon-clair-obscur\/#la-pleine-ombre-du-bleu-avalon\" >La pleine ombre du Bleu Avalon.<\/a><\/li><li class='ez-toc-page-1 ez-toc-heading-level-5'><a class=\"ez-toc-link ez-toc-heading-5\" href=\"https:\/\/frank-lovisolo.fr\/WordPress\/bleu-avalon-clair-obscur\/#le-bleu-est-la-couleur-du-ciel-du-lointain-de-la-nostalgie-de-linfini\" >Le bleu est la couleur du ciel, du lointain, de la nostalgie, de l&rsquo;infini.<\/a><\/li><li class='ez-toc-page-1 ez-toc-heading-level-5'><a class=\"ez-toc-link ez-toc-heading-6\" href=\"https:\/\/frank-lovisolo.fr\/WordPress\/bleu-avalon-clair-obscur\/#note-sur-la-couleur\" >Note sur la couleur.<\/a><\/li><li class='ez-toc-page-1 ez-toc-heading-level-5'><a class=\"ez-toc-link ez-toc-heading-7\" href=\"https:\/\/frank-lovisolo.fr\/WordPress\/bleu-avalon-clair-obscur\/#-de-la-photo-numerique-a-la-peinture-ou-a-contrario%e2%80%a6-et-encore-du-goethe-et-des-bleus-leider-ist-der-franzosische-humor\" >\u00a0 De la photo num\u00e9rique \u00e0 la peinture ou \u00e0 contrario&#8230;\u00a0 Et, encore, du Goethe et des bleus !\u00a0 Leider ist der franz\u00f6sische Humor !\u00a0\u00a0<\/a><\/li><li class='ez-toc-page-1 ez-toc-heading-level-5'><a class=\"ez-toc-link ez-toc-heading-8\" href=\"https:\/\/frank-lovisolo.fr\/WordPress\/bleu-avalon-clair-obscur\/#wolfgang-goethe-campagne-in-frankreich-30-aout-1792\" >Wolfgang GOETHE, Campagne in Frankreich, 30 ao\u00fbt 1792 :<\/a><\/li><li class='ez-toc-page-1 ez-toc-heading-level-5'><a class=\"ez-toc-link ez-toc-heading-9\" href=\"https:\/\/frank-lovisolo.fr\/WordPress\/bleu-avalon-clair-obscur\/#-tonalites-connexes\" >\u00a0 Tonalit\u00e9s connexes\u00a0\u00a0<\/a><\/li><li class='ez-toc-page-1 ez-toc-heading-level-5'><a class=\"ez-toc-link ez-toc-heading-10\" href=\"https:\/\/frank-lovisolo.fr\/WordPress\/bleu-avalon-clair-obscur\/#-les-bleus-restons-nuances\" >\u00a0Les Bleus : restons nuanc\u00e9s.\u00a0<\/a><\/li><\/ul><\/nav><\/div>\n","protected":false},"excerpt":{"rendered":"<p><span class=\"span-reading-time rt-reading-time\" style=\"display: block;\"><span class=\"rt-label rt-prefix\">Reading Time: <\/span> <span class=\"rt-time\"> 10<\/span> <span class=\"rt-label rt-postfix\">minutes<\/span><\/span>S\u00e9rie de vingt photographies o\u00f9 l\u2019ensorceleuse est, pour ce sc\u00e9nario, transpos\u00e9e dans une improbable Avalon \u00ab outrem\u00e9ris\u00e9e \u00bb \u00e0 outrance, pour notre bon plaisir.<br \/>\nCe \u00abBleu Avalon\u00bb existera uniquement pour cette nouvelle s\u00e9rie \u00e9picurienne, po\u00e9tiquement libertaire, sur fond de l\u00e9gende polyth\u00e9iste, arthurienne et cons\u00e9quemment celtique. <a class=\"continue-reading-link\" href=\"https:\/\/frank-lovisolo.fr\/WordPress\/bleu-avalon-clair-obscur\/\">Suite &#8211; Continue reading<\/a><\/p>\n","protected":false},"author":1,"featured_media":52270,"comment_status":"open","ping_status":"open","sticky":false,"template":"","format":"standard","meta":{"footnotes":""},"categories":[2108,1],"tags":[2965,2955,2377,663,1696,2963,2956,2967,2962,2968,2961,2964,2960,2958,2957,2966,2959,1348],"class_list":["post-37174","post","type-post","status-publish","format-standard","has-post-thumbnail","hentry","category-photographies-libertaires","category-tous-les-articles","tag-arnold-bocklin","tag-avalon","tag-bleu","tag-democrite","tag-goethe","tag-johann-heinrich-wilhelm-tischbein","tag-kandinsky","tag-lile-de-morts","tag-leucippe","tag-marc-chagall","tag-mochus-de-sidon","tag-morgane-la-fait","tag-nicolas-de-stael","tag-pierre-anfosso","tag-rothko-mark","tag-serguei-rachmaninov","tag-stefano-mancuso","tag-yves-klein"],"_links":{"self":[{"href":"https:\/\/frank-lovisolo.fr\/WordPress\/wp-json\/wp\/v2\/posts\/37174","targetHints":{"allow":["GET"]}}],"collection":[{"href":"https:\/\/frank-lovisolo.fr\/WordPress\/wp-json\/wp\/v2\/posts"}],"about":[{"href":"https:\/\/frank-lovisolo.fr\/WordPress\/wp-json\/wp\/v2\/types\/post"}],"author":[{"embeddable":true,"href":"https:\/\/frank-lovisolo.fr\/WordPress\/wp-json\/wp\/v2\/users\/1"}],"replies":[{"embeddable":true,"href":"https:\/\/frank-lovisolo.fr\/WordPress\/wp-json\/wp\/v2\/comments?post=37174"}],"version-history":[{"count":2,"href":"https:\/\/frank-lovisolo.fr\/WordPress\/wp-json\/wp\/v2\/posts\/37174\/revisions"}],"predecessor-version":[{"id":52269,"href":"https:\/\/frank-lovisolo.fr\/WordPress\/wp-json\/wp\/v2\/posts\/37174\/revisions\/52269"}],"wp:featuredmedia":[{"embeddable":true,"href":"https:\/\/frank-lovisolo.fr\/WordPress\/wp-json\/wp\/v2\/media\/52270"}],"wp:attachment":[{"href":"https:\/\/frank-lovisolo.fr\/WordPress\/wp-json\/wp\/v2\/media?parent=37174"}],"wp:term":[{"taxonomy":"category","embeddable":true,"href":"https:\/\/frank-lovisolo.fr\/WordPress\/wp-json\/wp\/v2\/categories?post=37174"},{"taxonomy":"post_tag","embeddable":true,"href":"https:\/\/frank-lovisolo.fr\/WordPress\/wp-json\/wp\/v2\/tags?post=37174"}],"curies":[{"name":"wp","href":"https:\/\/api.w.org\/{rel}","templated":true}]}}