{"id":33618,"date":"2020-04-30T15:00:58","date_gmt":"2020-04-30T13:00:58","guid":{"rendered":"https:\/\/frank-lovisolo.fr\/WordPress\/?p=33618"},"modified":"2025-12-19T08:10:47","modified_gmt":"2025-12-19T07:10:47","slug":"preuve-evolution-chap5-virus","status":"publish","type":"post","link":"https:\/\/frank-lovisolo.fr\/WordPress\/preuve-evolution-chap5-virus\/","title":{"rendered":"Une preuve d&rsquo;\u00e9volution &#8211; Chapitre 5 : Virus"},"content":{"rendered":"<span class=\"span-reading-time rt-reading-time\" style=\"display: block;\"><span class=\"rt-label rt-prefix\">Reading Time: <\/span> <span class=\"rt-time\"> 9<\/span> <span class=\"rt-label rt-postfix\">minutes<\/span><\/span><div><\/div>\n<table style=\"width: 100%;\" cellpadding=\"10\">\n<tbody>\n<tr>\n<td style=\"width: 40%; text-align: right; vertical-align: middle;\" colspan=\"3\">\n<div style=\"text-align: center;\"><strong><span style=\"font-size: 16px;\"><span style=\"font-size: 14px;\">Suggestion d&rsquo;\u00e9coute :<\/span><br \/>\n<span style=\"font-size: 14px;\"><a href=\"https:\/\/frank-lovisolo.fr\/WordPress\/de-rerum-natura-pour-lucrece\/\"><span style=\"vertical-align: inherit;\">De Rerum Natura<\/span><\/a><\/span><br \/>\n<\/span><\/strong><\/div>\n<\/td>\n<td style=\"width: 40%; text-align: right; vertical-align: middle;\">\n<div><a href=\"https:\/\/frankcesarlovisolo.bandcamp.com\/track\/de-rerum-natura\" target=\"_blank\" rel=\"noopener\"><img loading=\"lazy\" decoding=\"async\" class=\"aligncenter wp-image-51127\" src=\"https:\/\/frank-lovisolo.fr\/WordPress\/wp-content\/uploads\/2022\/11\/bandcamp-logotype-color-400-Frank.png\" alt=\"- - -\" width=\"303\" height=\"25\" title=\"-\" srcset=\"https:\/\/frank-lovisolo.fr\/WordPress\/wp-content\/uploads\/2022\/11\/bandcamp-logotype-color-400-Frank.png 400w, https:\/\/frank-lovisolo.fr\/WordPress\/wp-content\/uploads\/2022\/11\/bandcamp-logotype-color-400-Frank-250x21.png 250w, https:\/\/frank-lovisolo.fr\/WordPress\/wp-content\/uploads\/2022\/11\/bandcamp-logotype-color-400-Frank-150x12.png 150w\" sizes=\"auto, (max-width: 303px) 100vw, 303px\" \/><\/a><\/div>\n<\/td>\n<td style=\"width: 20%; text-align: left; vertical-align: middle;\"><a href=\"#com\"><span style=\"font-size: 20px;\"><img loading=\"lazy\" decoding=\"async\" class=\"alignnone wp-image-15068\" title=\"Osmophore - darwin - \u00e9volution - lovisolo\" src=\"https:\/\/frank-lovisolo.fr\/WordPress\/wp-content\/uploads\/2015\/06\/ComRouge.jpg\" alt=\"Frank-Cesar-Lovisolo\" width=\"250\" height=\"20\" \/><\/span><\/a><\/td>\n<\/tr>\n<\/tbody>\n<\/table>\n<div><\/div>\n<table style=\"width: 100%;\" cellpadding=\"10\">\n<tbody>\n<tr>\n<td>\n<div style=\"text-align: center;\"><span style=\"color: #00cc66; font-size: 16px; background-color: #193200;\"><b style=\"font-size: 16px; background-color: #193200;\">\u00a0 \u00a0Cette publication comporte 6 pages.\u00a0 \u00a0<\/b><\/span><\/div>\n<\/td>\n<\/tr>\n<tr>\n<td>\n<div style=\"text-align: justify;\"><span style=\"color: #000000; font-size: 16px;\"><b style=\"font-size: 16px;\"><img loading=\"lazy\" decoding=\"async\" class=\" wp-image-33660 alignleft\" src=\"https:\/\/frank-lovisolo.fr\/WordPress\/wp-content\/uploads\/2020\/05\/Covid19-460x460.png\" alt=\"virus\" width=\"37\" height=\"37\" title=\"-\" srcset=\"https:\/\/frank-lovisolo.fr\/WordPress\/wp-content\/uploads\/2020\/05\/Covid19-460x460.png 460w, https:\/\/frank-lovisolo.fr\/WordPress\/wp-content\/uploads\/2020\/05\/Covid19-150x150.png 150w, https:\/\/frank-lovisolo.fr\/WordPress\/wp-content\/uploads\/2020\/05\/Covid19-250x250.png 250w, https:\/\/frank-lovisolo.fr\/WordPress\/wp-content\/uploads\/2020\/05\/Covid19.png 606w\" sizes=\"auto, (max-width: 37px) 100vw, 37px\" \/><span style=\"font-family: arial, helvetica, sans-serif; font-size: 20px;\">Une accumulation, m\u00eame botanique, c\u2019est toujours d\u00e9sarmant&#8230;<\/span><\/b><\/span><\/div>\n<div style=\"text-align: justify;\">\n<div><span style=\"font-size: 20px; color: #000000; font-family: arial, helvetica, sans-serif;\"><b>Pour ce printemps 2020, je propose, pour la continuit\u00e9 de cette s\u00e9rie \u00e9volutionniste, quatre-vingt-quinze <\/b><b>clich\u00e9s.<\/b><\/span><\/div>\n<div><span style=\"font-family: arial, helvetica, sans-serif; font-size: 20px;\"><strong>\u00c0 cause de ce bidule confinant, je suis parti \u00e0 la chasse aux paysages miniatures principalement dans mon jardin et occasionnellement :<\/strong><\/span><\/div>\n<\/div>\n<div style=\"text-align: justify; padding-left: 80px;\"><span style=\"color: #320000; font-family: arial, helvetica, sans-serif; font-size: 20px;\"><span style=\"color: #320000;\"><span style=\"color: #cc0066;\"><em><span style=\"color: #cc0066;\"><b>Lors de d\u00e9placements brefs, dans la limite d&rsquo;une heure quotidienne et dans un rayon maximal d&rsquo;un kilom\u00e8tre <a href=\"#carte\">autour du domicile<\/a>, li\u00e9s soit \u00e0 l&rsquo;activit\u00e9 physique individuelle des personnes, \u00e0 l&rsquo;exclusion de toute pratique sportive collective et de toute proximit\u00e9 avec d&rsquo;autres personnes, soit \u00e0 la promenade avec les seules personnes regroup\u00e9es dans un m\u00eame domicile, soit aux besoins des animaux de compagnie*.\u00a0<\/b><\/span><\/em><\/span><\/span><\/span><\/div>\n<div style=\"text-align: justify;\"><span style=\"color: #000000; font-family: arial, helvetica, sans-serif; font-size: 20px;\"><strong>N\u2019ayant pas d\u2019animal de compagnie \u00e0 qui l\u2019on se doit de faire d\u00e9gourdir les pattes, j\u2019ai d\u00e9cid\u00e9, sportivement, de d\u00e9rouiller l\u2019obturateur de mon appareil photo et ainsi me muscler l\u2019index droit.<\/strong><\/span><\/div>\n<div><span style=\"color: #330066; font-size: 16px;\">*Si vous avez un chat, peu enclin \u00e0 la laisse, vous \u00eates feint\u00e9s \ud83d\ude42 !<\/span><\/div>\n<\/td>\n<\/tr>\n<tr>\n<td style=\"background-color: #fafaff; text-align: center;\"><span style=\"font-size: 28px;\"><div class=\"flagallerywraper\" style=\"text-align:center;\"><div class=\"flagallery flaslider_skin\" id=\"FlaGallery_sc1_280\" style=\"width:1024px;margin:0 auto;\"><script type=\"text\/javascript\">(function(){this['FlaGallery_sc1_280']={'settings':{\"sliderHeightRetio\":\"0.8\",\"sliderPreloaderColor\":\"#ffffff\",\"sliderBgColor\":\"rgb(255, 255, 255)\",\"sliderHeaderFooterBgColor\":\"rgb(255, 255, 255)\",\"sliderNavigationColor\":\"rgba(82, 82, 82, 0.81)\",\"sliderNavigationIconColor\":\"rgb(255, 255, 255)\",\"sliderItemDescriptionBlock\":\"0\",\"sliderItemTitleFontSize\":\"14\",\"sliderItemTitleTextColor\":\"#515151\",\"sliderItemDescriptionFontSize\":\"14\",\"sliderItemDescriptionTextColor\":\"#545454\",\"sliderThumbBarEnable\":\"1\",\"sliderThumbBarHoverColor\":\"#ffffff\",\"sliderThumbSubMenuBackgroundColor\":\"rgb(255, 255, 255)\",\"sliderThumbSubMenuBackgroundColorOver\":\"rgba(255,255,255,1)\",\"sliderThumbSubMenuIconColor\":\"rgb(0, 0, 0)\",\"sliderThumbSubMenuIconHoverColor\":\"rgba(0,0,0,1)\",\"sliderPlayButton\":\"1\",\"sliderZoomButton\":\"1\",\"sliderFullScreen\":\"1\",\"sliderInfoEnable\":\"1\",\"sliderItemDownload\":\"0\",\"sliderSocialShareEnabled\":\"0\",\"sliderLikesEnabled\":\"0\",\"sliderSlideshowEneble\":\"1\",\"slideshowDelay\":\"8\",\"slideshowProgressBarColor\":\"rgb(0, 0, 0)\",\"slideshowProgressBarBGColor\":\"rgb(137, 176, 255)\",\"modaBgColor\":\"rgba(0,0,0,0.9)\",\"modalInfoBoxBgColor\":\"rgb(255, 255, 255)\",\"modalInfoBoxTitleTextColor\":\"#000000\",\"shareTitlePlaceHolder\":\"Share\",\"modalInfoBoxTextColor\":\"#333333\",\"infoBarExifEnable\":\"0\",\"infoBarCountersEnable\":\"0\",\"infoBarDateInfoEnable\":\"0\",\"customCSS\":\"\",\"key\":\"2b91304c71a96bd3dd001bdb3bf4a76f\",\"name\":\"GRANDPackPlus\",\"galleryID\":\"sc1_280\",\"post_url\":\"https:\\\/\\\/frank-lovisolo.fr\\\/WordPress\\\/wp-json\\\/wp\\\/v2\\\/posts\\\/33618\",\"module_url\":\"https:\\\/\\\/frank-lovisolo.fr\\\/WordPress\\\/wp-content\\\/plugins\\\/flagallery-skins\\\/flaslider\\\/\"}, 'data':[{\"gallery\":{\"gid\":\"280\",\"name\":\"une-preuve-devolution-chapitre-5\",\"path\":\"https:\\\/\\\/frank-lovisolo.fr\\\/WordPress\\\/wp-content\\\/flagallery\\\/une-preuve-devolution-chapitre-5\",\"title\":\"Une preuve d&#039;\\u00e9volution - Chapitre 5\",\"galdesc\":\"\"},\"data\":[{\"pid\":\"23417\",\"filename\":\"n001-une-preuve-devolution-005-avril-2020-frank-lovisolo-guillard.jpg\",\"description\":\"<b>Meta Data<\\\/b><br><b>Aper\\u00e7u<\\\/b> F 8<br><b>Cam\\u00e9ra<\\\/b> Canon EOS 6D Mark II<br><b>Date\\\/Heure<\\\/b> 8 avril 2020 18 h 49 min<br><b>Distance Focale<\\\/b> 300min<br><b>ISO<\\\/b> 500<br><b>Vitesse de l'obturateur <\\\/b> 1\\\/640sec<br><b>Flash<\\\/b> Not fired<br><b>Image Width<\\\/b> 1440<br><b>Image Height<\\\/b> 960<br>\\r\\n<b>EXIF Data<\\\/b><br><b>Aper\\u00e7u<\\\/b> F 8<br><b>Date\\\/Heure<\\\/b> 8 avril 2020 18 h 49 min<br><b>Distance Focale<\\\/b> 300min<br><b>ISO<\\\/b> 500<br><b>Vitesse de l'obturateur <\\\/b> 1\\\/640sec<br><b>Flash<\\\/b> Not fired<br><b>Cam\\u00e9ra<\\\/b> Canon EOS 6D Mark II<br><b>Cr\\u00e9ation<\\\/b> Canon<br>\\r\\n<b>IPTC Data<\\\/b><br><b>Date de cr\\u00e9ation<\\\/b> 20200408<br><b>Heure de cr\\u00e9ation<\\\/b> 184918<br><b>Auteur<\\\/b> LOVISOLO-GUILLARD FRANK CESAR<br><b>Ville<\\\/b> Toulon<br><b>R\\u00e9gion\\\/D\\u00e9partement<\\\/b> Var<br><b>Code pays<\\\/b> FR<br><b>Pays<\\\/b> France<br>\\r\\n<b>XMP Data<\\\/b><br><b>Auteur<\\\/b> LOVISOLO-GUILLARD FRANK CESAR<br>\",\"alttext\":\"\",\"link\":\"\",\"imagedate\":\"2020-04-08 18:49:18\",\"hitcounter\":\"75\",\"total_value\":\"0\",\"total_votes\":\"0\",\"meta_data\":{\"aperture\":\"F 8\",\"credit\":false,\"camera\":\"Canon EOS 6D Mark II\",\"caption\":false,\"created_timestamp\":\"8 avril 2020 18 h 49 min\",\"copyright\":false,\"focal_length\":\"300min\",\"iso\":500,\"shutter_speed\":\"1\\\/640sec\",\"flash\":\"Not fired\",\"title\":false,\"keywords\":false,\"width\":1440,\"height\":960,\"saved\":true,\"thumbnail\":{\"width\":300,\"height\":200},\"webview\":{\"0\":1440,\"1\":960,\"2\":2,\"3\":\"width=\\\"1440\\\" height=\\\"960\\\"\",\"bits\":8,\"channels\":3,\"mime\":\"image\\\/jpeg\"}}},{\"pid\":\"23418\",\"filename\":\"n002-une-preuve-devolution-005-avril-2020-frank-lovisolo-guillard.jpg\",\"description\":\"<b>Meta Data<\\\/b><br><b>Aper\\u00e7u<\\\/b> F 8<br><b>Cam\\u00e9ra<\\\/b> Canon EOS 6D Mark II<br><b>Date\\\/Heure<\\\/b> 8 avril 2020 18 h 53 min<br><b>Distance Focale<\\\/b> 300min<br><b>ISO<\\\/b> 400<br><b>Vitesse de l'obturateur <\\\/b> 1\\\/800sec<br><b>Flash<\\\/b> Not fired<br><b>Image Width<\\\/b> 1440<br><b>Image Height<\\\/b> 960<br>\\r\\n<b>EXIF Data<\\\/b><br><b>Aper\\u00e7u<\\\/b> F 8<br><b>Date\\\/Heure<\\\/b> 8 avril 2020 18 h 53 min<br><b>Distance Focale<\\\/b> 300min<br><b>ISO<\\\/b> 400<br><b>Vitesse de l'obturateur <\\\/b> 1\\\/800sec<br><b>Flash<\\\/b> Not fired<br><b>Cam\\u00e9ra<\\\/b> Canon EOS 6D Mark II<br><b>Cr\\u00e9ation<\\\/b> Canon<br>\\r\\n<b>IPTC Data<\\\/b><br><b>Date de cr\\u00e9ation<\\\/b> 20200408<br><b>Heure de cr\\u00e9ation<\\\/b> 185304<br><b>Auteur<\\\/b> LOVISOLO-GUILLARD FRANK CESAR<br><b>Ville<\\\/b> Toulon<br><b>R\\u00e9gion\\\/D\\u00e9partement<\\\/b> Var<br><b>Code pays<\\\/b> FR<br><b>Pays<\\\/b> France<br>\\r\\n<b>XMP Data<\\\/b><br><b>Auteur<\\\/b> LOVISOLO-GUILLARD FRANK CESAR<br>\",\"alttext\":\"\",\"link\":\"\",\"imagedate\":\"2020-04-08 18:53:04\",\"hitcounter\":\"25\",\"total_value\":\"0\",\"total_votes\":\"0\",\"meta_data\":{\"aperture\":\"F 8\",\"credit\":false,\"camera\":\"Canon EOS 6D Mark II\",\"caption\":false,\"created_timestamp\":\"8 avril 2020 18 h 53 min\",\"copyright\":false,\"focal_length\":\"300min\",\"iso\":400,\"shutter_speed\":\"1\\\/800sec\",\"flash\":\"Not fired\",\"title\":false,\"keywords\":false,\"width\":1440,\"height\":960,\"saved\":true,\"thumbnail\":{\"width\":300,\"height\":200},\"webview\":{\"0\":1440,\"1\":960,\"2\":2,\"3\":\"width=\\\"1440\\\" height=\\\"960\\\"\",\"bits\":8,\"channels\":3,\"mime\":\"image\\\/jpeg\"}}},{\"pid\":\"23419\",\"filename\":\"n003-une-preuve-devolution-005-avril-2020-frank-lovisolo-guillard.jpg\",\"description\":\"<b>Meta Data<\\\/b><br><b>Aper\\u00e7u<\\\/b> F 8<br><b>Cam\\u00e9ra<\\\/b> Canon EOS 6D Mark II<br><b>Date\\\/Heure<\\\/b> 8 avril 2020 18 h 53 min<br><b>Distance Focale<\\\/b> 300min<br><b>ISO<\\\/b> 3200<br><b>Vitesse de l'obturateur <\\\/b> 1\\\/640sec<br><b>Flash<\\\/b> Not fired<br><b>Image Width<\\\/b> 1440<br><b>Image Height<\\\/b> 960<br>\\r\\n<b>EXIF Data<\\\/b><br><b>Aper\\u00e7u<\\\/b> F 8<br><b>Date\\\/Heure<\\\/b> 8 avril 2020 18 h 53 min<br><b>Distance Focale<\\\/b> 300min<br><b>ISO<\\\/b> 3200<br><b>Vitesse de l'obturateur <\\\/b> 1\\\/640sec<br><b>Flash<\\\/b> Not fired<br><b>Cam\\u00e9ra<\\\/b> Canon EOS 6D Mark II<br><b>Cr\\u00e9ation<\\\/b> Canon<br>\\r\\n<b>IPTC Data<\\\/b><br><b>Date de cr\\u00e9ation<\\\/b> 20200408<br><b>Heure de cr\\u00e9ation<\\\/b> 185331<br><b>Auteur<\\\/b> LOVISOLO-GUILLARD FRANK CESAR<br><b>Ville<\\\/b> Toulon<br><b>R\\u00e9gion\\\/D\\u00e9partement<\\\/b> Var<br><b>Code pays<\\\/b> FR<br><b>Pays<\\\/b> France<br>\\r\\n<b>XMP Data<\\\/b><br><b>Auteur<\\\/b> LOVISOLO-GUILLARD FRANK CESAR<br>\",\"alttext\":\"\",\"link\":\"\",\"imagedate\":\"2020-04-08 18:53:31\",\"hitcounter\":\"16\",\"total_value\":\"0\",\"total_votes\":\"0\",\"meta_data\":{\"aperture\":\"F 8\",\"credit\":false,\"camera\":\"Canon EOS 6D Mark II\",\"caption\":false,\"created_timestamp\":\"8 avril 2020 18 h 53 min\",\"copyright\":false,\"focal_length\":\"300min\",\"iso\":3200,\"shutter_speed\":\"1\\\/640sec\",\"flash\":\"Not fired\",\"title\":false,\"keywords\":false,\"width\":1440,\"height\":960,\"saved\":true,\"thumbnail\":{\"width\":300,\"height\":200},\"webview\":{\"0\":1440,\"1\":960,\"2\":2,\"3\":\"width=\\\"1440\\\" height=\\\"960\\\"\",\"bits\":8,\"channels\":3,\"mime\":\"image\\\/jpeg\"}}},{\"pid\":\"23420\",\"filename\":\"n004-une-preuve-devolution-005-avril-2020-frank-lovisolo-guillard.jpg\",\"description\":\"<b>Meta Data<\\\/b><br><b>Aper\\u00e7u<\\\/b> F 8<br><b>Cam\\u00e9ra<\\\/b> Canon EOS 6D Mark II<br><b>Date\\\/Heure<\\\/b> 8 avril 2020 18 h 53 min<br><b>Distance Focale<\\\/b> 300min<br><b>ISO<\\\/b> 2500<br><b>Vitesse de l'obturateur <\\\/b> 1\\\/800sec<br><b>Flash<\\\/b> Not fired<br><b>Image Width<\\\/b> 1440<br><b>Image Height<\\\/b> 960<br>\\r\\n<b>EXIF Data<\\\/b><br><b>Aper\\u00e7u<\\\/b> F 8<br><b>Date\\\/Heure<\\\/b> 8 avril 2020 18 h 53 min<br><b>Distance Focale<\\\/b> 300min<br><b>ISO<\\\/b> 2500<br><b>Vitesse de l'obturateur <\\\/b> 1\\\/800sec<br><b>Flash<\\\/b> Not fired<br><b>Cam\\u00e9ra<\\\/b> Canon EOS 6D Mark II<br><b>Cr\\u00e9ation<\\\/b> Canon<br>\\r\\n<b>IPTC Data<\\\/b><br><b>Date de cr\\u00e9ation<\\\/b> 20200408<br><b>Heure de cr\\u00e9ation<\\\/b> 185339<br><b>Auteur<\\\/b> LOVISOLO-GUILLARD FRANK CESAR<br><b>Ville<\\\/b> Toulon<br><b>R\\u00e9gion\\\/D\\u00e9partement<\\\/b> Var<br><b>Code pays<\\\/b> FR<br><b>Pays<\\\/b> France<br>\\r\\n<b>XMP Data<\\\/b><br><b>Auteur<\\\/b> LOVISOLO-GUILLARD FRANK CESAR<br>\",\"alttext\":\"\",\"link\":\"\",\"imagedate\":\"2020-04-08 18:53:39\",\"hitcounter\":\"16\",\"total_value\":\"0\",\"total_votes\":\"0\",\"meta_data\":{\"aperture\":\"F 8\",\"credit\":false,\"camera\":\"Canon EOS 6D Mark II\",\"caption\":false,\"created_timestamp\":\"8 avril 2020 18 h 53 min\",\"copyright\":false,\"focal_length\":\"300min\",\"iso\":2500,\"shutter_speed\":\"1\\\/800sec\",\"flash\":\"Not fired\",\"title\":false,\"keywords\":false,\"width\":1440,\"height\":960,\"saved\":true,\"thumbnail\":{\"width\":300,\"height\":200},\"webview\":{\"0\":1440,\"1\":960,\"2\":2,\"3\":\"width=\\\"1440\\\" height=\\\"960\\\"\",\"bits\":8,\"channels\":3,\"mime\":\"image\\\/jpeg\"}}},{\"pid\":\"23421\",\"filename\":\"n005-une-preuve-devolution-005-avril-2020-frank-lovisolo-guillard.jpg\",\"description\":\"<b>Meta Data<\\\/b><br><b>Aper\\u00e7u<\\\/b> F 8<br><b>Cam\\u00e9ra<\\\/b> Canon EOS 6D Mark II<br><b>Date\\\/Heure<\\\/b> 8 avril 2020 18 h 53 min<br><b>Distance Focale<\\\/b> 300min<br><b>ISO<\\\/b> 800<br><b>Vitesse de l'obturateur <\\\/b> 1\\\/800sec<br><b>Flash<\\\/b> Not fired<br><b>Image Width<\\\/b> 1440<br><b>Image Height<\\\/b> 960<br>\\r\\n<b>EXIF Data<\\\/b><br><b>Aper\\u00e7u<\\\/b> F 8<br><b>Date\\\/Heure<\\\/b> 8 avril 2020 18 h 53 min<br><b>Distance Focale<\\\/b> 300min<br><b>ISO<\\\/b> 800<br><b>Vitesse de l'obturateur <\\\/b> 1\\\/800sec<br><b>Flash<\\\/b> Not fired<br><b>Cam\\u00e9ra<\\\/b> Canon EOS 6D Mark II<br><b>Cr\\u00e9ation<\\\/b> Canon<br>\\r\\n<b>IPTC Data<\\\/b><br><b>Date de cr\\u00e9ation<\\\/b> 20200408<br><b>Heure de cr\\u00e9ation<\\\/b> 185354<br><b>Auteur<\\\/b> LOVISOLO-GUILLARD FRANK CESAR<br><b>Ville<\\\/b> Toulon<br><b>R\\u00e9gion\\\/D\\u00e9partement<\\\/b> Var<br><b>Code pays<\\\/b> FR<br><b>Pays<\\\/b> France<br>\\r\\n<b>XMP Data<\\\/b><br><b>Auteur<\\\/b> LOVISOLO-GUILLARD FRANK CESAR<br>\",\"alttext\":\"\",\"link\":\"\",\"imagedate\":\"2020-04-08 18:53:54\",\"hitcounter\":\"13\",\"total_value\":\"0\",\"total_votes\":\"0\",\"meta_data\":{\"aperture\":\"F 8\",\"credit\":false,\"camera\":\"Canon EOS 6D Mark II\",\"caption\":false,\"created_timestamp\":\"8 avril 2020 18 h 53 min\",\"copyright\":false,\"focal_length\":\"300min\",\"iso\":800,\"shutter_speed\":\"1\\\/800sec\",\"flash\":\"Not fired\",\"title\":false,\"keywords\":false,\"width\":1440,\"height\":960,\"saved\":true,\"thumbnail\":{\"width\":300,\"height\":200},\"webview\":{\"0\":1440,\"1\":960,\"2\":2,\"3\":\"width=\\\"1440\\\" height=\\\"960\\\"\",\"bits\":8,\"channels\":3,\"mime\":\"image\\\/jpeg\"}}},{\"pid\":\"23422\",\"filename\":\"n006-une-preuve-devolution-005-avril-2020-frank-lovisolo-guillard.jpg\",\"description\":\"<b>Meta Data<\\\/b><br><b>Aper\\u00e7u<\\\/b> F 5.6<br><b>Cam\\u00e9ra<\\\/b> Canon EOS 6D Mark II<br><b>Date\\\/Heure<\\\/b> 8 avril 2020 18 h 54 min<br><b>Distance Focale<\\\/b> 109min<br><b>ISO<\\\/b> 160<br><b>Vitesse de l'obturateur <\\\/b> 1\\\/320sec<br><b>Flash<\\\/b> Not fired<br><b>Image Width<\\\/b> 1440<br><b>Image Height<\\\/b> 960<br>\\r\\n<b>EXIF Data<\\\/b><br><b>Aper\\u00e7u<\\\/b> F 5.6<br><b>Date\\\/Heure<\\\/b> 8 avril 2020 18 h 54 min<br><b>Distance Focale<\\\/b> 109min<br><b>ISO<\\\/b> 160<br><b>Vitesse de l'obturateur <\\\/b> 1\\\/320sec<br><b>Flash<\\\/b> Not fired<br><b>Cam\\u00e9ra<\\\/b> Canon EOS 6D Mark II<br><b>Cr\\u00e9ation<\\\/b> Canon<br>\\r\\n<b>IPTC Data<\\\/b><br><b>Date de cr\\u00e9ation<\\\/b> 20200408<br><b>Heure de cr\\u00e9ation<\\\/b> 185433<br><b>Auteur<\\\/b> LOVISOLO-GUILLARD FRANK CESAR<br><b>Ville<\\\/b> Toulon<br><b>R\\u00e9gion\\\/D\\u00e9partement<\\\/b> Var<br><b>Code pays<\\\/b> FR<br><b>Pays<\\\/b> France<br>\\r\\n<b>XMP Data<\\\/b><br><b>Auteur<\\\/b> LOVISOLO-GUILLARD FRANK CESAR<br>\",\"alttext\":\"\",\"link\":\"\",\"imagedate\":\"2020-04-08 18:54:33\",\"hitcounter\":\"10\",\"total_value\":\"0\",\"total_votes\":\"0\",\"meta_data\":{\"aperture\":\"F 5.6\",\"credit\":false,\"camera\":\"Canon EOS 6D Mark II\",\"caption\":false,\"created_timestamp\":\"8 avril 2020 18 h 54 min\",\"copyright\":false,\"focal_length\":\"109min\",\"iso\":160,\"shutter_speed\":\"1\\\/320sec\",\"flash\":\"Not fired\",\"title\":false,\"keywords\":false,\"width\":1440,\"height\":960,\"saved\":true,\"thumbnail\":{\"width\":300,\"height\":200},\"webview\":{\"0\":1440,\"1\":960,\"2\":2,\"3\":\"width=\\\"1440\\\" height=\\\"960\\\"\",\"bits\":8,\"channels\":3,\"mime\":\"image\\\/jpeg\"}}},{\"pid\":\"23423\",\"filename\":\"n007-une-preuve-devolution-005-avril-2020-frank-lovisolo-guillard.jpg\",\"description\":\"<b>Meta Data<\\\/b><br><b>Aper\\u00e7u<\\\/b> F 8<br><b>Cam\\u00e9ra<\\\/b> Canon EOS 6D Mark II<br><b>Date\\\/Heure<\\\/b> 8 avril 2020 18 h 55 min<br><b>Distance Focale<\\\/b> 300min<br><b>ISO<\\\/b> 400<br><b>Vitesse de l'obturateur <\\\/b> 1\\\/640sec<br><b>Flash<\\\/b> Not fired<br><b>Image Width<\\\/b> 1440<br><b>Image Height<\\\/b> 960<br>\\r\\n<b>EXIF Data<\\\/b><br><b>Aper\\u00e7u<\\\/b> F 8<br><b>Date\\\/Heure<\\\/b> 8 avril 2020 18 h 55 min<br><b>Distance Focale<\\\/b> 300min<br><b>ISO<\\\/b> 400<br><b>Vitesse de l'obturateur <\\\/b> 1\\\/640sec<br><b>Flash<\\\/b> Not fired<br><b>Cam\\u00e9ra<\\\/b> Canon EOS 6D Mark II<br><b>Cr\\u00e9ation<\\\/b> Canon<br>\\r\\n<b>IPTC Data<\\\/b><br><b>Date de cr\\u00e9ation<\\\/b> 20200408<br><b>Heure de cr\\u00e9ation<\\\/b> 185504<br><b>Auteur<\\\/b> LOVISOLO-GUILLARD FRANK CESAR<br><b>Ville<\\\/b> Toulon<br><b>R\\u00e9gion\\\/D\\u00e9partement<\\\/b> Var<br><b>Code pays<\\\/b> FR<br><b>Pays<\\\/b> France<br>\\r\\n<b>XMP Data<\\\/b><br><b>Auteur<\\\/b> LOVISOLO-GUILLARD FRANK CESAR<br>\",\"alttext\":\"\",\"link\":\"\",\"imagedate\":\"2020-04-08 18:55:04\",\"hitcounter\":\"10\",\"total_value\":\"0\",\"total_votes\":\"0\",\"meta_data\":{\"aperture\":\"F 8\",\"credit\":false,\"camera\":\"Canon EOS 6D Mark II\",\"caption\":false,\"created_timestamp\":\"8 avril 2020 18 h 55 min\",\"copyright\":false,\"focal_length\":\"300min\",\"iso\":400,\"shutter_speed\":\"1\\\/640sec\",\"flash\":\"Not fired\",\"title\":false,\"keywords\":false,\"width\":1440,\"height\":960,\"saved\":true,\"thumbnail\":{\"width\":300,\"height\":200},\"webview\":{\"0\":1440,\"1\":960,\"2\":2,\"3\":\"width=\\\"1440\\\" height=\\\"960\\\"\",\"bits\":8,\"channels\":3,\"mime\":\"image\\\/jpeg\"}}},{\"pid\":\"23424\",\"filename\":\"n008-une-preuve-devolution-005-avril-2020-frank-lovisolo-guillard.jpg\",\"description\":\"<b>Meta Data<\\\/b><br><b>Aper\\u00e7u<\\\/b> F 8<br><b>Cam\\u00e9ra<\\\/b> Canon EOS 6D Mark II<br><b>Date\\\/Heure<\\\/b> 8 avril 2020 18 h 57 min<br><b>Distance Focale<\\\/b> 300min<br><b>ISO<\\\/b> 1250<br><b>Vitesse de l'obturateur <\\\/b> 1\\\/800sec<br><b>Flash<\\\/b> Not fired<br><b>Image Width<\\\/b> 1440<br><b>Image Height<\\\/b> 960<br>\\r\\n<b>EXIF Data<\\\/b><br><b>Aper\\u00e7u<\\\/b> F 8<br><b>Date\\\/Heure<\\\/b> 8 avril 2020 18 h 57 min<br><b>Distance Focale<\\\/b> 300min<br><b>ISO<\\\/b> 1250<br><b>Vitesse de l'obturateur <\\\/b> 1\\\/800sec<br><b>Flash<\\\/b> Not fired<br><b>Cam\\u00e9ra<\\\/b> Canon EOS 6D Mark II<br><b>Cr\\u00e9ation<\\\/b> Canon<br>\\r\\n<b>IPTC Data<\\\/b><br><b>Date de cr\\u00e9ation<\\\/b> 20200408<br><b>Heure de cr\\u00e9ation<\\\/b> 185708<br><b>Auteur<\\\/b> LOVISOLO-GUILLARD FRANK CESAR<br><b>Ville<\\\/b> Toulon<br><b>R\\u00e9gion\\\/D\\u00e9partement<\\\/b> Var<br><b>Code pays<\\\/b> FR<br><b>Pays<\\\/b> France<br>\\r\\n<b>XMP Data<\\\/b><br><b>Auteur<\\\/b> LOVISOLO-GUILLARD FRANK CESAR<br>\",\"alttext\":\"\",\"link\":\"\",\"imagedate\":\"2020-04-08 18:57:08\",\"hitcounter\":\"8\",\"total_value\":\"0\",\"total_votes\":\"0\",\"meta_data\":{\"aperture\":\"F 8\",\"credit\":false,\"camera\":\"Canon EOS 6D Mark II\",\"caption\":false,\"created_timestamp\":\"8 avril 2020 18 h 57 min\",\"copyright\":false,\"focal_length\":\"300min\",\"iso\":1250,\"shutter_speed\":\"1\\\/800sec\",\"flash\":\"Not fired\",\"title\":false,\"keywords\":false,\"width\":1440,\"height\":960,\"saved\":true,\"thumbnail\":{\"width\":300,\"height\":200},\"webview\":{\"0\":1440,\"1\":960,\"2\":2,\"3\":\"width=\\\"1440\\\" height=\\\"960\\\"\",\"bits\":8,\"channels\":3,\"mime\":\"image\\\/jpeg\"}}},{\"pid\":\"23425\",\"filename\":\"n009-une-preuve-devolution-005-avril-2020-frank-lovisolo-guillard.jpg\",\"description\":\"<b>Meta Data<\\\/b><br><b>Aper\\u00e7u<\\\/b> F 8<br><b>Cam\\u00e9ra<\\\/b> Canon EOS 6D Mark II<br><b>Date\\\/Heure<\\\/b> 8 avril 2020 18 h 59 min<br><b>Distance Focale<\\\/b> 300min<br><b>ISO<\\\/b> 3200<br><b>Vitesse de l'obturateur <\\\/b> 1\\\/640sec<br><b>Flash<\\\/b> Not fired<br><b>Image Width<\\\/b> 1440<br><b>Image Height<\\\/b> 960<br>\\r\\n<b>EXIF Data<\\\/b><br><b>Aper\\u00e7u<\\\/b> F 8<br><b>Date\\\/Heure<\\\/b> 8 avril 2020 18 h 59 min<br><b>Distance Focale<\\\/b> 300min<br><b>ISO<\\\/b> 3200<br><b>Vitesse de l'obturateur <\\\/b> 1\\\/640sec<br><b>Flash<\\\/b> Not fired<br><b>Cam\\u00e9ra<\\\/b> Canon EOS 6D Mark II<br><b>Cr\\u00e9ation<\\\/b> Canon<br>\\r\\n<b>IPTC Data<\\\/b><br><b>Date de cr\\u00e9ation<\\\/b> 20200408<br><b>Heure de cr\\u00e9ation<\\\/b> 185926<br><b>Auteur<\\\/b> LOVISOLO-GUILLARD FRANK CESAR<br><b>Ville<\\\/b> Toulon<br><b>R\\u00e9gion\\\/D\\u00e9partement<\\\/b> Var<br><b>Code pays<\\\/b> FR<br><b>Pays<\\\/b> France<br>\\r\\n<b>XMP Data<\\\/b><br><b>Auteur<\\\/b> LOVISOLO-GUILLARD FRANK CESAR<br>\",\"alttext\":\"\",\"link\":\"\",\"imagedate\":\"2020-04-08 18:59:26\",\"hitcounter\":\"6\",\"total_value\":\"0\",\"total_votes\":\"0\",\"meta_data\":{\"aperture\":\"F 8\",\"credit\":false,\"camera\":\"Canon EOS 6D Mark II\",\"caption\":false,\"created_timestamp\":\"8 avril 2020 18 h 59 min\",\"copyright\":false,\"focal_length\":\"300min\",\"iso\":3200,\"shutter_speed\":\"1\\\/640sec\",\"flash\":\"Not fired\",\"title\":false,\"keywords\":false,\"width\":1440,\"height\":960,\"saved\":true,\"thumbnail\":{\"width\":300,\"height\":200},\"webview\":{\"0\":1440,\"1\":960,\"2\":2,\"3\":\"width=\\\"1440\\\" height=\\\"960\\\"\",\"bits\":8,\"channels\":3,\"mime\":\"image\\\/jpeg\"}}},{\"pid\":\"23426\",\"filename\":\"n010-une-preuve-devolution-005-avril-2020-frank-lovisolo-guillard.jpg\",\"description\":\"<b>Meta Data<\\\/b><br><b>Aper\\u00e7u<\\\/b> F 8<br><b>Cam\\u00e9ra<\\\/b> Canon EOS 6D Mark II<br><b>Date\\\/Heure<\\\/b> 8 avril 2020 18 h 59 min<br><b>Distance Focale<\\\/b> 300min<br><b>ISO<\\\/b> 5000<br><b>Vitesse de l'obturateur <\\\/b> 1\\\/800sec<br><b>Flash<\\\/b> Not fired<br><b>Image Width<\\\/b> 1440<br><b>Image Height<\\\/b> 960<br>\\r\\n<b>EXIF Data<\\\/b><br><b>Aper\\u00e7u<\\\/b> F 8<br><b>Date\\\/Heure<\\\/b> 8 avril 2020 18 h 59 min<br><b>Distance Focale<\\\/b> 300min<br><b>ISO<\\\/b> 5000<br><b>Vitesse de l'obturateur <\\\/b> 1\\\/800sec<br><b>Flash<\\\/b> Not fired<br><b>Cam\\u00e9ra<\\\/b> Canon EOS 6D Mark II<br><b>Cr\\u00e9ation<\\\/b> Canon<br>\\r\\n<b>IPTC Data<\\\/b><br><b>Date de cr\\u00e9ation<\\\/b> 20200408<br><b>Heure de cr\\u00e9ation<\\\/b> 185956<br><b>Auteur<\\\/b> LOVISOLO-GUILLARD FRANK CESAR<br><b>Ville<\\\/b> Toulon<br><b>R\\u00e9gion\\\/D\\u00e9partement<\\\/b> Var<br><b>Code pays<\\\/b> FR<br><b>Pays<\\\/b> France<br>\\r\\n<b>XMP Data<\\\/b><br><b>Auteur<\\\/b> LOVISOLO-GUILLARD FRANK CESAR<br>\",\"alttext\":\"\",\"link\":\"\",\"imagedate\":\"2020-04-08 18:59:56\",\"hitcounter\":\"6\",\"total_value\":\"0\",\"total_votes\":\"0\",\"meta_data\":{\"aperture\":\"F 8\",\"credit\":false,\"camera\":\"Canon EOS 6D Mark II\",\"caption\":false,\"created_timestamp\":\"8 avril 2020 18 h 59 min\",\"copyright\":false,\"focal_length\":\"300min\",\"iso\":5000,\"shutter_speed\":\"1\\\/800sec\",\"flash\":\"Not fired\",\"title\":false,\"keywords\":false,\"width\":1440,\"height\":960,\"saved\":true,\"thumbnail\":{\"width\":300,\"height\":200},\"webview\":{\"0\":1440,\"1\":960,\"2\":2,\"3\":\"width=\\\"1440\\\" height=\\\"960\\\"\",\"bits\":8,\"channels\":3,\"mime\":\"image\\\/jpeg\"}}},{\"pid\":\"23427\",\"filename\":\"n011-une-preuve-devolution-005-avril-2020-frank-lovisolo-guillard.jpg\",\"description\":\"<b>Meta Data<\\\/b><br><b>Aper\\u00e7u<\\\/b> F 8<br><b>Cam\\u00e9ra<\\\/b> Canon EOS 6D Mark II<br><b>Date\\\/Heure<\\\/b> 8 avril 2020 19 h 00 min<br><b>Distance Focale<\\\/b> 300min<br><b>ISO<\\\/b> 1000<br><b>Vitesse de l'obturateur <\\\/b> 1\\\/640sec<br><b>Flash<\\\/b> Not fired<br><b>Image Width<\\\/b> 1440<br><b>Image Height<\\\/b> 960<br>\\r\\n<b>EXIF Data<\\\/b><br><b>Aper\\u00e7u<\\\/b> F 8<br><b>Date\\\/Heure<\\\/b> 8 avril 2020 19 h 00 min<br><b>Distance Focale<\\\/b> 300min<br><b>ISO<\\\/b> 1000<br><b>Vitesse de l'obturateur <\\\/b> 1\\\/640sec<br><b>Flash<\\\/b> Not fired<br><b>Cam\\u00e9ra<\\\/b> Canon EOS 6D Mark II<br><b>Cr\\u00e9ation<\\\/b> Canon<br>\\r\\n<b>IPTC Data<\\\/b><br><b>Date de cr\\u00e9ation<\\\/b> 20200408<br><b>Heure de cr\\u00e9ation<\\\/b> 190032<br><b>Auteur<\\\/b> LOVISOLO-GUILLARD FRANK CESAR<br><b>Ville<\\\/b> Toulon<br><b>R\\u00e9gion\\\/D\\u00e9partement<\\\/b> Var<br><b>Code pays<\\\/b> FR<br><b>Pays<\\\/b> France<br>\\r\\n<b>XMP Data<\\\/b><br><b>Auteur<\\\/b> LOVISOLO-GUILLARD FRANK CESAR<br>\",\"alttext\":\"\",\"link\":\"\",\"imagedate\":\"2020-04-08 19:00:32\",\"hitcounter\":\"7\",\"total_value\":\"0\",\"total_votes\":\"0\",\"meta_data\":{\"aperture\":\"F 8\",\"credit\":false,\"camera\":\"Canon EOS 6D Mark II\",\"caption\":false,\"created_timestamp\":\"8 avril 2020 19 h 00 min\",\"copyright\":false,\"focal_length\":\"300min\",\"iso\":1000,\"shutter_speed\":\"1\\\/640sec\",\"flash\":\"Not fired\",\"title\":false,\"keywords\":false,\"width\":1440,\"height\":960,\"saved\":true,\"thumbnail\":{\"width\":300,\"height\":200},\"webview\":{\"0\":1440,\"1\":960,\"2\":2,\"3\":\"width=\\\"1440\\\" height=\\\"960\\\"\",\"bits\":8,\"channels\":3,\"mime\":\"image\\\/jpeg\"}}},{\"pid\":\"23428\",\"filename\":\"n012-une-preuve-devolution-005-avril-2020-frank-lovisolo-guillard.jpg\",\"description\":\"<b>Meta Data<\\\/b><br><b>Aper\\u00e7u<\\\/b> F 16<br><b>Cam\\u00e9ra<\\\/b> Canon EOS 6D Mark II<br><b>Date\\\/Heure<\\\/b> 9 avril 2020 17 h 39 min<br><b>Distance Focale<\\\/b> 300min<br><b>ISO<\\\/b> 1000<br><b>Vitesse de l'obturateur <\\\/b> 1\\\/160sec<br><b>Flash<\\\/b> Not fired<br><b>Image Width<\\\/b> 1440<br><b>Image Height<\\\/b> 960<br>\\r\\n<b>EXIF Data<\\\/b><br><b>Aper\\u00e7u<\\\/b> F 16<br><b>Date\\\/Heure<\\\/b> 9 avril 2020 17 h 39 min<br><b>Distance Focale<\\\/b> 300min<br><b>ISO<\\\/b> 1000<br><b>Vitesse de l'obturateur <\\\/b> 1\\\/160sec<br><b>Flash<\\\/b> Not fired<br><b>Cam\\u00e9ra<\\\/b> Canon EOS 6D Mark II<br><b>Cr\\u00e9ation<\\\/b> Canon<br>\\r\\n<b>IPTC Data<\\\/b><br><b>Date de cr\\u00e9ation<\\\/b> 20200409<br><b>Heure de cr\\u00e9ation<\\\/b> 173907<br><b>Auteur<\\\/b> LOVISOLO-GUILLARD FRANK CESAR<br><b>Ville<\\\/b> Toulon<br><b>R\\u00e9gion\\\/D\\u00e9partement<\\\/b> Var<br><b>Code pays<\\\/b> FR<br><b>Pays<\\\/b> France<br>\\r\\n<b>XMP Data<\\\/b><br><b>Auteur<\\\/b> LOVISOLO-GUILLARD FRANK CESAR<br>\",\"alttext\":\"\",\"link\":\"\",\"imagedate\":\"2020-04-09 17:39:07\",\"hitcounter\":\"6\",\"total_value\":\"0\",\"total_votes\":\"0\",\"meta_data\":{\"aperture\":\"F 16\",\"credit\":false,\"camera\":\"Canon EOS 6D Mark II\",\"caption\":false,\"created_timestamp\":\"9 avril 2020 17 h 39 min\",\"copyright\":false,\"focal_length\":\"300min\",\"iso\":1000,\"shutter_speed\":\"1\\\/160sec\",\"flash\":\"Not fired\",\"title\":false,\"keywords\":false,\"width\":1440,\"height\":960,\"saved\":true,\"thumbnail\":{\"width\":300,\"height\":200},\"webview\":{\"0\":1440,\"1\":960,\"2\":2,\"3\":\"width=\\\"1440\\\" height=\\\"960\\\"\",\"bits\":8,\"channels\":3,\"mime\":\"image\\\/jpeg\"}}},{\"pid\":\"23429\",\"filename\":\"n013-une-preuve-devolution-005-avril-2020-frank-lovisolo-guillard.jpg\",\"description\":\"<b>Meta Data<\\\/b><br><b>Aper\\u00e7u<\\\/b> F 16<br><b>Cam\\u00e9ra<\\\/b> Canon EOS 6D Mark II<br><b>Date\\\/Heure<\\\/b> 9 avril 2020 17 h 39 min<br><b>Distance Focale<\\\/b> 300min<br><b>ISO<\\\/b> 1000<br><b>Vitesse de l'obturateur <\\\/b> 1\\\/200sec<br><b>Flash<\\\/b> Not fired<br><b>Image Width<\\\/b> 1440<br><b>Image Height<\\\/b> 960<br>\\r\\n<b>EXIF Data<\\\/b><br><b>Aper\\u00e7u<\\\/b> F 16<br><b>Date\\\/Heure<\\\/b> 9 avril 2020 17 h 39 min<br><b>Distance Focale<\\\/b> 300min<br><b>ISO<\\\/b> 1000<br><b>Vitesse de l'obturateur <\\\/b> 1\\\/200sec<br><b>Flash<\\\/b> Not fired<br><b>Cam\\u00e9ra<\\\/b> Canon EOS 6D Mark II<br><b>Cr\\u00e9ation<\\\/b> Canon<br>\\r\\n<b>IPTC Data<\\\/b><br><b>Date de cr\\u00e9ation<\\\/b> 20200409<br><b>Heure de cr\\u00e9ation<\\\/b> 173949<br><b>Auteur<\\\/b> LOVISOLO-GUILLARD FRANK CESAR<br><b>Ville<\\\/b> Toulon<br><b>R\\u00e9gion\\\/D\\u00e9partement<\\\/b> Var<br><b>Code pays<\\\/b> FR<br><b>Pays<\\\/b> France<br>\\r\\n<b>XMP Data<\\\/b><br><b>Auteur<\\\/b> LOVISOLO-GUILLARD FRANK CESAR<br>\",\"alttext\":\"\",\"link\":\"\",\"imagedate\":\"2020-04-09 17:39:49\",\"hitcounter\":\"6\",\"total_value\":\"0\",\"total_votes\":\"0\",\"meta_data\":{\"aperture\":\"F 16\",\"credit\":false,\"camera\":\"Canon EOS 6D Mark II\",\"caption\":false,\"created_timestamp\":\"9 avril 2020 17 h 39 min\",\"copyright\":false,\"focal_length\":\"300min\",\"iso\":1000,\"shutter_speed\":\"1\\\/200sec\",\"flash\":\"Not fired\",\"title\":false,\"keywords\":false,\"width\":1440,\"height\":960,\"saved\":true,\"thumbnail\":{\"width\":300,\"height\":200},\"webview\":{\"0\":1440,\"1\":960,\"2\":2,\"3\":\"width=\\\"1440\\\" height=\\\"960\\\"\",\"bits\":8,\"channels\":3,\"mime\":\"image\\\/jpeg\"}}},{\"pid\":\"23430\",\"filename\":\"n014-une-preuve-devolution-005-avril-2020-frank-lovisolo-guillard.jpg\",\"description\":\"<b>Meta Data<\\\/b><br><b>Aper\\u00e7u<\\\/b> F 6.3<br><b>Cam\\u00e9ra<\\\/b> Canon EOS 6D Mark II<br><b>Date\\\/Heure<\\\/b> 9 avril 2020 17 h 42 min<br><b>Distance Focale<\\\/b> 300min<br><b>ISO<\\\/b> 1000<br><b>Vitesse de l'obturateur <\\\/b> 1\\\/1250sec<br><b>Flash<\\\/b> Not fired<br><b>Image Width<\\\/b> 1440<br><b>Image Height<\\\/b> 960<br>\\r\\n<b>EXIF Data<\\\/b><br><b>Aper\\u00e7u<\\\/b> F 6.3<br><b>Date\\\/Heure<\\\/b> 9 avril 2020 17 h 42 min<br><b>Distance Focale<\\\/b> 300min<br><b>ISO<\\\/b> 1000<br><b>Vitesse de l'obturateur <\\\/b> 1\\\/1250sec<br><b>Flash<\\\/b> Not fired<br><b>Cam\\u00e9ra<\\\/b> Canon EOS 6D Mark II<br><b>Cr\\u00e9ation<\\\/b> Canon<br>\\r\\n<b>IPTC Data<\\\/b><br><b>Date de cr\\u00e9ation<\\\/b> 20200409<br><b>Heure de cr\\u00e9ation<\\\/b> 174232<br><b>Auteur<\\\/b> LOVISOLO-GUILLARD FRANK CESAR<br><b>Ville<\\\/b> Toulon<br><b>R\\u00e9gion\\\/D\\u00e9partement<\\\/b> Var<br><b>Code pays<\\\/b> FR<br><b>Pays<\\\/b> France<br>\\r\\n<b>XMP Data<\\\/b><br><b>Auteur<\\\/b> LOVISOLO-GUILLARD FRANK CESAR<br>\",\"alttext\":\"\",\"link\":\"\",\"imagedate\":\"2020-04-09 17:42:32\",\"hitcounter\":\"6\",\"total_value\":\"0\",\"total_votes\":\"0\",\"meta_data\":{\"aperture\":\"F 6.3\",\"credit\":false,\"camera\":\"Canon EOS 6D Mark II\",\"caption\":false,\"created_timestamp\":\"9 avril 2020 17 h 42 min\",\"copyright\":false,\"focal_length\":\"300min\",\"iso\":1000,\"shutter_speed\":\"1\\\/1250sec\",\"flash\":\"Not fired\",\"title\":false,\"keywords\":false,\"width\":1440,\"height\":960,\"saved\":true,\"thumbnail\":{\"width\":300,\"height\":200},\"webview\":{\"0\":1440,\"1\":960,\"2\":2,\"3\":\"width=\\\"1440\\\" height=\\\"960\\\"\",\"bits\":8,\"channels\":3,\"mime\":\"image\\\/jpeg\"}}},{\"pid\":\"23431\",\"filename\":\"n015-une-preuve-devolution-005-avril-2020-frank-lovisolo-guillard.jpg\",\"description\":\"<b>Meta Data<\\\/b><br><b>Aper\\u00e7u<\\\/b> F 6.3<br><b>Cam\\u00e9ra<\\\/b> Canon EOS 6D Mark II<br><b>Date\\\/Heure<\\\/b> 9 avril 2020 17 h 42 min<br><b>Distance Focale<\\\/b> 300min<br><b>ISO<\\\/b> 1000<br><b>Vitesse de l'obturateur <\\\/b> 1\\\/640sec<br><b>Flash<\\\/b> Not fired<br><b>Image Width<\\\/b> 1440<br><b>Image Height<\\\/b> 960<br>\\r\\n<b>EXIF Data<\\\/b><br><b>Aper\\u00e7u<\\\/b> F 6.3<br><b>Date\\\/Heure<\\\/b> 9 avril 2020 17 h 42 min<br><b>Distance Focale<\\\/b> 300min<br><b>ISO<\\\/b> 1000<br><b>Vitesse de l'obturateur <\\\/b> 1\\\/640sec<br><b>Flash<\\\/b> Not fired<br><b>Cam\\u00e9ra<\\\/b> Canon EOS 6D Mark II<br><b>Cr\\u00e9ation<\\\/b> Canon<br>\\r\\n<b>IPTC Data<\\\/b><br><b>Date de cr\\u00e9ation<\\\/b> 20200409<br><b>Heure de cr\\u00e9ation<\\\/b> 174246<br><b>Auteur<\\\/b> LOVISOLO-GUILLARD FRANK CESAR<br><b>Ville<\\\/b> Toulon<br><b>R\\u00e9gion\\\/D\\u00e9partement<\\\/b> Var<br><b>Code pays<\\\/b> FR<br><b>Pays<\\\/b> France<br>\\r\\n<b>XMP Data<\\\/b><br><b>Auteur<\\\/b> LOVISOLO-GUILLARD FRANK CESAR<br>\",\"alttext\":\"\",\"link\":\"\",\"imagedate\":\"2020-04-09 17:42:46\",\"hitcounter\":\"6\",\"total_value\":\"0\",\"total_votes\":\"0\",\"meta_data\":{\"aperture\":\"F 6.3\",\"credit\":false,\"camera\":\"Canon EOS 6D Mark II\",\"caption\":false,\"created_timestamp\":\"9 avril 2020 17 h 42 min\",\"copyright\":false,\"focal_length\":\"300min\",\"iso\":1000,\"shutter_speed\":\"1\\\/640sec\",\"flash\":\"Not fired\",\"title\":false,\"keywords\":false,\"width\":1440,\"height\":960,\"saved\":true,\"thumbnail\":{\"width\":300,\"height\":200},\"webview\":{\"0\":1440,\"1\":960,\"2\":2,\"3\":\"width=\\\"1440\\\" height=\\\"960\\\"\",\"bits\":8,\"channels\":3,\"mime\":\"image\\\/jpeg\"}}},{\"pid\":\"23432\",\"filename\":\"n016-une-preuve-devolution-005-avril-2020-frank-lovisolo-guillard.jpg\",\"description\":\"<b>Meta Data<\\\/b><br><b>Aper\\u00e7u<\\\/b> F 6.3<br><b>Cam\\u00e9ra<\\\/b> Canon EOS 6D Mark II<br><b>Date\\\/Heure<\\\/b> 9 avril 2020 17 h 45 min<br><b>Distance Focale<\\\/b> 249min<br><b>ISO<\\\/b> 1000<br><b>Vitesse de l'obturateur <\\\/b> 1\\\/3200sec<br><b>Flash<\\\/b> Not fired<br><b>Image Width<\\\/b> 1440<br><b>Image Height<\\\/b> 960<br>\\r\\n<b>EXIF Data<\\\/b><br><b>Aper\\u00e7u<\\\/b> F 6.3<br><b>Date\\\/Heure<\\\/b> 9 avril 2020 17 h 45 min<br><b>Distance Focale<\\\/b> 249min<br><b>ISO<\\\/b> 1000<br><b>Vitesse de l'obturateur <\\\/b> 1\\\/3200sec<br><b>Flash<\\\/b> Not fired<br><b>Cam\\u00e9ra<\\\/b> Canon EOS 6D Mark II<br><b>Cr\\u00e9ation<\\\/b> Canon<br>\\r\\n<b>IPTC Data<\\\/b><br><b>Date de cr\\u00e9ation<\\\/b> 20200409<br><b>Heure de cr\\u00e9ation<\\\/b> 174508<br><b>Auteur<\\\/b> LOVISOLO-GUILLARD FRANK CESAR<br><b>Ville<\\\/b> Toulon<br><b>R\\u00e9gion\\\/D\\u00e9partement<\\\/b> Var<br><b>Code pays<\\\/b> FR<br><b>Pays<\\\/b> France<br>\\r\\n<b>XMP Data<\\\/b><br><b>Auteur<\\\/b> LOVISOLO-GUILLARD FRANK CESAR<br>\",\"alttext\":\"\",\"link\":\"\",\"imagedate\":\"2020-04-09 17:45:08\",\"hitcounter\":\"5\",\"total_value\":\"0\",\"total_votes\":\"0\",\"meta_data\":{\"aperture\":\"F 6.3\",\"credit\":false,\"camera\":\"Canon EOS 6D Mark II\",\"caption\":false,\"created_timestamp\":\"9 avril 2020 17 h 45 min\",\"copyright\":false,\"focal_length\":\"249min\",\"iso\":1000,\"shutter_speed\":\"1\\\/3200sec\",\"flash\":\"Not fired\",\"title\":false,\"keywords\":false,\"width\":1440,\"height\":960,\"saved\":true,\"thumbnail\":{\"width\":300,\"height\":200},\"webview\":{\"0\":1440,\"1\":960,\"2\":2,\"3\":\"width=\\\"1440\\\" height=\\\"960\\\"\",\"bits\":8,\"channels\":3,\"mime\":\"image\\\/jpeg\"}}},{\"pid\":\"23433\",\"filename\":\"n017-une-preuve-devolution-005-avril-2020-frank-lovisolo-guillard.jpg\",\"description\":\"<b>Meta Data<\\\/b><br><b>Aper\\u00e7u<\\\/b> F 6.3<br><b>Cam\\u00e9ra<\\\/b> Canon EOS 6D Mark II<br><b>Date\\\/Heure<\\\/b> 9 avril 2020 17 h 45 min<br><b>Distance Focale<\\\/b> 249min<br><b>ISO<\\\/b> 1000<br><b>Vitesse de l'obturateur <\\\/b> 1\\\/1250sec<br><b>Flash<\\\/b> Not fired<br><b>Image Width<\\\/b> 1440<br><b>Image Height<\\\/b> 960<br>\\r\\n<b>EXIF Data<\\\/b><br><b>Aper\\u00e7u<\\\/b> F 6.3<br><b>Date\\\/Heure<\\\/b> 9 avril 2020 17 h 45 min<br><b>Distance Focale<\\\/b> 249min<br><b>ISO<\\\/b> 1000<br><b>Vitesse de l'obturateur <\\\/b> 1\\\/1250sec<br><b>Flash<\\\/b> Not fired<br><b>Cam\\u00e9ra<\\\/b> Canon EOS 6D Mark II<br><b>Cr\\u00e9ation<\\\/b> Canon<br>\\r\\n<b>IPTC Data<\\\/b><br><b>Date de cr\\u00e9ation<\\\/b> 20200409<br><b>Heure de cr\\u00e9ation<\\\/b> 174517<br><b>Auteur<\\\/b> LOVISOLO-GUILLARD FRANK CESAR<br><b>Ville<\\\/b> Toulon<br><b>R\\u00e9gion\\\/D\\u00e9partement<\\\/b> Var<br><b>Code pays<\\\/b> FR<br><b>Pays<\\\/b> France<br>\\r\\n<b>XMP Data<\\\/b><br><b>Auteur<\\\/b> LOVISOLO-GUILLARD FRANK CESAR<br>\",\"alttext\":\"\",\"link\":\"\",\"imagedate\":\"2020-04-09 17:45:17\",\"hitcounter\":\"5\",\"total_value\":\"0\",\"total_votes\":\"0\",\"meta_data\":{\"aperture\":\"F 6.3\",\"credit\":false,\"camera\":\"Canon EOS 6D Mark II\",\"caption\":false,\"created_timestamp\":\"9 avril 2020 17 h 45 min\",\"copyright\":false,\"focal_length\":\"249min\",\"iso\":1000,\"shutter_speed\":\"1\\\/1250sec\",\"flash\":\"Not fired\",\"title\":false,\"keywords\":false,\"width\":1440,\"height\":960,\"saved\":true,\"thumbnail\":{\"width\":300,\"height\":200},\"webview\":{\"0\":1440,\"1\":960,\"2\":2,\"3\":\"width=\\\"1440\\\" height=\\\"960\\\"\",\"bits\":8,\"channels\":3,\"mime\":\"image\\\/jpeg\"}}},{\"pid\":\"23434\",\"filename\":\"n018-une-preuve-devolution-005-avril-2020-frank-lovisolo-guillard.jpg\",\"description\":\"<b>Meta Data<\\\/b><br><b>Aper\\u00e7u<\\\/b> F 14<br><b>Cam\\u00e9ra<\\\/b> Canon EOS 6D Mark II<br><b>Date\\\/Heure<\\\/b> 9 avril 2020 17 h 47 min<br><b>Distance Focale<\\\/b> 300min<br><b>ISO<\\\/b> 1000<br><b>Vitesse de l'obturateur <\\\/b> 1\\\/130sec<br><b>Flash<\\\/b> Not fired<br><b>Image Width<\\\/b> 1440<br><b>Image Height<\\\/b> 960<br>\\r\\n<b>EXIF Data<\\\/b><br><b>Aper\\u00e7u<\\\/b> F 14<br><b>Date\\\/Heure<\\\/b> 9 avril 2020 17 h 47 min<br><b>Distance Focale<\\\/b> 300min<br><b>ISO<\\\/b> 1000<br><b>Vitesse de l'obturateur <\\\/b> 1\\\/130sec<br><b>Flash<\\\/b> Not fired<br><b>Cam\\u00e9ra<\\\/b> Canon EOS 6D Mark II<br><b>Cr\\u00e9ation<\\\/b> Canon<br>\\r\\n<b>IPTC Data<\\\/b><br><b>Date de cr\\u00e9ation<\\\/b> 20200409<br><b>Heure de cr\\u00e9ation<\\\/b> 174713<br><b>Auteur<\\\/b> LOVISOLO-GUILLARD FRANK CESAR<br><b>Ville<\\\/b> Toulon<br><b>R\\u00e9gion\\\/D\\u00e9partement<\\\/b> Var<br><b>Code pays<\\\/b> FR<br><b>Pays<\\\/b> France<br>\\r\\n<b>XMP Data<\\\/b><br><b>Auteur<\\\/b> LOVISOLO-GUILLARD FRANK CESAR<br>\",\"alttext\":\"\",\"link\":\"\",\"imagedate\":\"2020-04-09 17:47:13\",\"hitcounter\":\"5\",\"total_value\":\"0\",\"total_votes\":\"0\",\"meta_data\":{\"aperture\":\"F 14\",\"credit\":false,\"camera\":\"Canon EOS 6D Mark II\",\"caption\":false,\"created_timestamp\":\"9 avril 2020 17 h 47 min\",\"copyright\":false,\"focal_length\":\"300min\",\"iso\":1000,\"shutter_speed\":\"1\\\/130sec\",\"flash\":\"Not fired\",\"title\":false,\"keywords\":false,\"width\":1440,\"height\":960,\"saved\":true,\"thumbnail\":{\"width\":300,\"height\":200},\"webview\":{\"0\":1440,\"1\":960,\"2\":2,\"3\":\"width=\\\"1440\\\" height=\\\"960\\\"\",\"bits\":8,\"channels\":3,\"mime\":\"image\\\/jpeg\"}}},{\"pid\":\"23435\",\"filename\":\"n019-une-preuve-devolution-005-avril-2020-frank-lovisolo-guillard.jpg\",\"description\":\"<b>Meta Data<\\\/b><br><b>Aper\\u00e7u<\\\/b> F 6.3<br><b>Cam\\u00e9ra<\\\/b> Canon EOS 6D Mark II<br><b>Date\\\/Heure<\\\/b> 9 avril 2020 17 h 47 min<br><b>Distance Focale<\\\/b> 300min<br><b>ISO<\\\/b> 1000<br><b>Vitesse de l'obturateur <\\\/b> 1\\\/800sec<br><b>Flash<\\\/b> Not fired<br><b>Image Width<\\\/b> 1440<br><b>Image Height<\\\/b> 960<br>\\r\\n<b>EXIF Data<\\\/b><br><b>Aper\\u00e7u<\\\/b> F 6.3<br><b>Date\\\/Heure<\\\/b> 9 avril 2020 17 h 47 min<br><b>Distance Focale<\\\/b> 300min<br><b>ISO<\\\/b> 1000<br><b>Vitesse de l'obturateur <\\\/b> 1\\\/800sec<br><b>Flash<\\\/b> Not fired<br><b>Cam\\u00e9ra<\\\/b> Canon EOS 6D Mark II<br><b>Cr\\u00e9ation<\\\/b> Canon<br>\\r\\n<b>IPTC Data<\\\/b><br><b>Date de cr\\u00e9ation<\\\/b> 20200409<br><b>Heure de cr\\u00e9ation<\\\/b> 174756<br><b>Auteur<\\\/b> LOVISOLO-GUILLARD FRANK CESAR<br><b>Ville<\\\/b> Toulon<br><b>R\\u00e9gion\\\/D\\u00e9partement<\\\/b> Var<br><b>Code pays<\\\/b> FR<br><b>Pays<\\\/b> France<br>\\r\\n<b>XMP Data<\\\/b><br><b>Auteur<\\\/b> LOVISOLO-GUILLARD FRANK CESAR<br>\",\"alttext\":\"\",\"link\":\"\",\"imagedate\":\"2020-04-09 17:47:56\",\"hitcounter\":\"8\",\"total_value\":\"0\",\"total_votes\":\"0\",\"meta_data\":{\"aperture\":\"F 6.3\",\"credit\":false,\"camera\":\"Canon EOS 6D Mark II\",\"caption\":false,\"created_timestamp\":\"9 avril 2020 17 h 47 min\",\"copyright\":false,\"focal_length\":\"300min\",\"iso\":1000,\"shutter_speed\":\"1\\\/800sec\",\"flash\":\"Not fired\",\"title\":false,\"keywords\":false,\"width\":1440,\"height\":960,\"saved\":true,\"thumbnail\":{\"width\":300,\"height\":200},\"webview\":{\"0\":1440,\"1\":960,\"2\":2,\"3\":\"width=\\\"1440\\\" height=\\\"960\\\"\",\"bits\":8,\"channels\":3,\"mime\":\"image\\\/jpeg\"}}},{\"pid\":\"23436\",\"filename\":\"n020-une-preuve-devolution-005-avril-2020-frank-lovisolo-guillard.jpg\",\"description\":\"<b>Meta Data<\\\/b><br><b>Aper\\u00e7u<\\\/b> F 13<br><b>Cam\\u00e9ra<\\\/b> Canon EOS 6D Mark II<br><b>Date\\\/Heure<\\\/b> 9 avril 2020 17 h 57 min<br><b>Distance Focale<\\\/b> 50min<br><b>ISO<\\\/b> 400<br><b>Vitesse de l'obturateur <\\\/b> 1\\\/250sec<br><b>Flash<\\\/b> Not fired<br><b>Image Width<\\\/b> 1440<br><b>Image Height<\\\/b> 960<br>\\r\\n<b>EXIF Data<\\\/b><br><b>Aper\\u00e7u<\\\/b> F 13<br><b>Date\\\/Heure<\\\/b> 9 avril 2020 17 h 57 min<br><b>Distance Focale<\\\/b> 50min<br><b>ISO<\\\/b> 400<br><b>Vitesse de l'obturateur <\\\/b> 1\\\/250sec<br><b>Flash<\\\/b> Not fired<br><b>Cam\\u00e9ra<\\\/b> Canon EOS 6D Mark II<br><b>Cr\\u00e9ation<\\\/b> Canon<br>\\r\\n<b>IPTC Data<\\\/b><br><b>Date de cr\\u00e9ation<\\\/b> 20200409<br><b>Heure de cr\\u00e9ation<\\\/b> 175719<br><b>Auteur<\\\/b> LOVISOLO-GUILLARD FRANK CESAR<br><b>Ville<\\\/b> Toulon<br><b>R\\u00e9gion\\\/D\\u00e9partement<\\\/b> Var<br><b>Code pays<\\\/b> FR<br><b>Pays<\\\/b> France<br>\\r\\n<b>XMP Data<\\\/b><br><b>Auteur<\\\/b> LOVISOLO-GUILLARD FRANK CESAR<br>\",\"alttext\":\"\",\"link\":\"\",\"imagedate\":\"2020-04-09 17:57:19\",\"hitcounter\":\"5\",\"total_value\":\"0\",\"total_votes\":\"0\",\"meta_data\":{\"aperture\":\"F 13\",\"credit\":false,\"camera\":\"Canon EOS 6D Mark II\",\"caption\":false,\"created_timestamp\":\"9 avril 2020 17 h 57 min\",\"copyright\":false,\"focal_length\":\"50min\",\"iso\":400,\"shutter_speed\":\"1\\\/250sec\",\"flash\":\"Not fired\",\"title\":false,\"keywords\":false,\"width\":1440,\"height\":960,\"saved\":true,\"thumbnail\":{\"width\":300,\"height\":200},\"webview\":{\"0\":1440,\"1\":960,\"2\":2,\"3\":\"width=\\\"1440\\\" height=\\\"960\\\"\",\"bits\":8,\"channels\":3,\"mime\":\"image\\\/jpeg\"}}},{\"pid\":\"23437\",\"filename\":\"n021-une-preuve-devolution-005-avril-2020-frank-lovisolo-guillard.jpg\",\"description\":\"<b>Meta Data<\\\/b><br><b>Aper\\u00e7u<\\\/b> F 1.8<br><b>Cam\\u00e9ra<\\\/b> Canon EOS 6D Mark II<br><b>Date\\\/Heure<\\\/b> 9 avril 2020 17 h 58 min<br><b>Distance Focale<\\\/b> 50min<br><b>ISO<\\\/b> 400<br><b>Vitesse de l'obturateur <\\\/b> 1\\\/500sec<br><b>Flash<\\\/b> Not fired<br><b>Image Width<\\\/b> 1440<br><b>Image Height<\\\/b> 960<br>\\r\\n<b>EXIF Data<\\\/b><br><b>Aper\\u00e7u<\\\/b> F 1.8<br><b>Date\\\/Heure<\\\/b> 9 avril 2020 17 h 58 min<br><b>Distance Focale<\\\/b> 50min<br><b>ISO<\\\/b> 400<br><b>Vitesse de l'obturateur <\\\/b> 1\\\/500sec<br><b>Flash<\\\/b> Not fired<br><b>Cam\\u00e9ra<\\\/b> Canon EOS 6D Mark II<br><b>Cr\\u00e9ation<\\\/b> Canon<br>\\r\\n<b>IPTC Data<\\\/b><br><b>Date de cr\\u00e9ation<\\\/b> 20200409<br><b>Heure de cr\\u00e9ation<\\\/b> 175812<br><b>Auteur<\\\/b> LOVISOLO-GUILLARD FRANK CESAR<br><b>Ville<\\\/b> Toulon<br><b>R\\u00e9gion\\\/D\\u00e9partement<\\\/b> Var<br><b>Code pays<\\\/b> FR<br><b>Pays<\\\/b> France<br>\\r\\n<b>XMP Data<\\\/b><br><b>Auteur<\\\/b> LOVISOLO-GUILLARD FRANK CESAR<br>\",\"alttext\":\"\",\"link\":\"\",\"imagedate\":\"2020-04-09 17:58:12\",\"hitcounter\":\"5\",\"total_value\":\"0\",\"total_votes\":\"0\",\"meta_data\":{\"aperture\":\"F 1.8\",\"credit\":false,\"camera\":\"Canon EOS 6D Mark II\",\"caption\":false,\"created_timestamp\":\"9 avril 2020 17 h 58 min\",\"copyright\":false,\"focal_length\":\"50min\",\"iso\":400,\"shutter_speed\":\"1\\\/500sec\",\"flash\":\"Not fired\",\"title\":false,\"keywords\":false,\"width\":1440,\"height\":960,\"saved\":true,\"thumbnail\":{\"width\":300,\"height\":200},\"webview\":{\"0\":1440,\"1\":960,\"2\":2,\"3\":\"width=\\\"1440\\\" height=\\\"960\\\"\",\"bits\":8,\"channels\":3,\"mime\":\"image\\\/jpeg\"}}},{\"pid\":\"23438\",\"filename\":\"n022-une-preuve-devolution-005-avril-2020-frank-lovisolo-guillard.jpg\",\"description\":\"<b>Meta Data<\\\/b><br><b>Aper\\u00e7u<\\\/b> F 1.8<br><b>Cam\\u00e9ra<\\\/b> Canon EOS 6D Mark II<br><b>Date\\\/Heure<\\\/b> 9 avril 2020 17 h 58 min<br><b>Distance Focale<\\\/b> 50min<br><b>ISO<\\\/b> 400<br><b>Vitesse de l'obturateur <\\\/b> 1\\\/500sec<br><b>Flash<\\\/b> Not fired<br><b>Image Width<\\\/b> 1440<br><b>Image Height<\\\/b> 960<br>\\r\\n<b>EXIF Data<\\\/b><br><b>Aper\\u00e7u<\\\/b> F 1.8<br><b>Date\\\/Heure<\\\/b> 9 avril 2020 17 h 58 min<br><b>Distance Focale<\\\/b> 50min<br><b>ISO<\\\/b> 400<br><b>Vitesse de l'obturateur <\\\/b> 1\\\/500sec<br><b>Flash<\\\/b> Not fired<br><b>Cam\\u00e9ra<\\\/b> Canon EOS 6D Mark II<br><b>Cr\\u00e9ation<\\\/b> Canon<br>\\r\\n<b>IPTC Data<\\\/b><br><b>Date de cr\\u00e9ation<\\\/b> 20200409<br><b>Heure de cr\\u00e9ation<\\\/b> 175822<br><b>Auteur<\\\/b> LOVISOLO-GUILLARD FRANK CESAR<br><b>Ville<\\\/b> Toulon<br><b>R\\u00e9gion\\\/D\\u00e9partement<\\\/b> Var<br><b>Code pays<\\\/b> FR<br><b>Pays<\\\/b> France<br>\\r\\n<b>XMP Data<\\\/b><br><b>Auteur<\\\/b> LOVISOLO-GUILLARD FRANK CESAR<br>\",\"alttext\":\"\",\"link\":\"\",\"imagedate\":\"2020-04-09 17:58:22\",\"hitcounter\":\"5\",\"total_value\":\"0\",\"total_votes\":\"0\",\"meta_data\":{\"aperture\":\"F 1.8\",\"credit\":false,\"camera\":\"Canon EOS 6D Mark II\",\"caption\":false,\"created_timestamp\":\"9 avril 2020 17 h 58 min\",\"copyright\":false,\"focal_length\":\"50min\",\"iso\":400,\"shutter_speed\":\"1\\\/500sec\",\"flash\":\"Not fired\",\"title\":false,\"keywords\":false,\"width\":1440,\"height\":960,\"saved\":true,\"thumbnail\":{\"width\":300,\"height\":200},\"webview\":{\"0\":1440,\"1\":960,\"2\":2,\"3\":\"width=\\\"1440\\\" height=\\\"960\\\"\",\"bits\":8,\"channels\":3,\"mime\":\"image\\\/jpeg\"}}},{\"pid\":\"23439\",\"filename\":\"n023-une-preuve-devolution-005-avril-2020-frank-lovisolo-guillard.jpg\",\"description\":\"<b>Meta Data<\\\/b><br><b>Aper\\u00e7u<\\\/b> F 13<br><b>Cam\\u00e9ra<\\\/b> Canon EOS 6D Mark II<br><b>Date\\\/Heure<\\\/b> 10 avril 2020 15 h 43 min<br><b>Distance Focale<\\\/b> 600min<br><b>ISO<\\\/b> 4000<br><b>Vitesse de l'obturateur <\\\/b> 1\\\/4000sec<br><b>Flash<\\\/b> Not fired<br><b>Image Width<\\\/b> 1440<br><b>Image Height<\\\/b> 960<br>\\r\\n<b>EXIF Data<\\\/b><br><b>Aper\\u00e7u<\\\/b> F 13<br><b>Date\\\/Heure<\\\/b> 10 avril 2020 15 h 43 min<br><b>Distance Focale<\\\/b> 600min<br><b>ISO<\\\/b> 4000<br><b>Vitesse de l'obturateur <\\\/b> 1\\\/4000sec<br><b>Flash<\\\/b> Not fired<br><b>Cam\\u00e9ra<\\\/b> Canon EOS 6D Mark II<br><b>Cr\\u00e9ation<\\\/b> Canon<br>\\r\\n<b>IPTC Data<\\\/b><br><b>Date de cr\\u00e9ation<\\\/b> 20200410<br><b>Heure de cr\\u00e9ation<\\\/b> 154359<br><b>Auteur<\\\/b> LOVISOLO-GUILLARD FRANK CESAR<br><b>Ville<\\\/b> Toulon<br><b>R\\u00e9gion\\\/D\\u00e9partement<\\\/b> Var<br><b>Code pays<\\\/b> FR<br><b>Pays<\\\/b> France<br>\\r\\n<b>XMP Data<\\\/b><br><b>Auteur<\\\/b> LOVISOLO-GUILLARD FRANK CESAR<br>\",\"alttext\":\"\",\"link\":\"\",\"imagedate\":\"2020-04-10 15:43:59\",\"hitcounter\":\"8\",\"total_value\":\"0\",\"total_votes\":\"0\",\"meta_data\":{\"aperture\":\"F 13\",\"credit\":false,\"camera\":\"Canon EOS 6D Mark II\",\"caption\":false,\"created_timestamp\":\"10 avril 2020 15 h 43 min\",\"copyright\":false,\"focal_length\":\"600min\",\"iso\":4000,\"shutter_speed\":\"1\\\/4000sec\",\"flash\":\"Not fired\",\"title\":false,\"keywords\":false,\"width\":1440,\"height\":960,\"saved\":true,\"thumbnail\":{\"width\":300,\"height\":200},\"webview\":{\"0\":1440,\"1\":960,\"2\":2,\"3\":\"width=\\\"1440\\\" height=\\\"960\\\"\",\"bits\":8,\"channels\":3,\"mime\":\"image\\\/jpeg\"}}},{\"pid\":\"23440\",\"filename\":\"n024-une-preuve-devolution-005-avril-2020-frank-lovisolo-guillard.jpg\",\"description\":\"<b>Meta Data<\\\/b><br><b>Cam\\u00e9ra<\\\/b> Canon EOS 6D Mark II<br><b>Date\\\/Heure<\\\/b> 10 avril 2020 15 h 47 min<br><b>ISO<\\\/b> 4000<br><b>Vitesse de l'obturateur <\\\/b> 1\\\/4000sec<br><b>Flash<\\\/b> Not fired<br><b>Image Width<\\\/b> 1440<br><b>Image Height<\\\/b> 960<br>\\r\\n<b>EXIF Data<\\\/b><br><b>Date\\\/Heure<\\\/b> 10 avril 2020 15 h 47 min<br><b>ISO<\\\/b> 4000<br><b>Vitesse de l'obturateur <\\\/b> 1\\\/4000sec<br><b>Flash<\\\/b> Not fired<br><b>Cam\\u00e9ra<\\\/b> Canon EOS 6D Mark II<br><b>Cr\\u00e9ation<\\\/b> Canon<br>\\r\\n<b>IPTC Data<\\\/b><br><b>Date de cr\\u00e9ation<\\\/b> 20200410<br><b>Heure de cr\\u00e9ation<\\\/b> 154745<br><b>Auteur<\\\/b> LOVISOLO-GUILLARD FRANK CESAR<br><b>Ville<\\\/b> Toulon<br><b>R\\u00e9gion\\\/D\\u00e9partement<\\\/b> Var<br><b>Code pays<\\\/b> FR<br><b>Pays<\\\/b> France<br>\\r\\n<b>XMP Data<\\\/b><br><b>Auteur<\\\/b> LOVISOLO-GUILLARD FRANK CESAR<br>\",\"alttext\":\"\",\"link\":\"\",\"imagedate\":\"2020-04-10 15:47:45\",\"hitcounter\":\"5\",\"total_value\":\"0\",\"total_votes\":\"0\",\"meta_data\":{\"aperture\":false,\"credit\":false,\"camera\":\"Canon EOS 6D Mark II\",\"caption\":false,\"created_timestamp\":\"10 avril 2020 15 h 47 min\",\"copyright\":false,\"focal_length\":false,\"iso\":4000,\"shutter_speed\":\"1\\\/4000sec\",\"flash\":\"Not fired\",\"title\":false,\"keywords\":false,\"width\":1440,\"height\":960,\"saved\":true,\"thumbnail\":{\"width\":300,\"height\":200},\"webview\":{\"0\":1440,\"1\":960,\"2\":2,\"3\":\"width=\\\"1440\\\" height=\\\"960\\\"\",\"bits\":8,\"channels\":3,\"mime\":\"image\\\/jpeg\"}}},{\"pid\":\"23441\",\"filename\":\"n025-une-preuve-devolution-005-avril-2020-frank-lovisolo-guillard.jpg\",\"description\":\"<b>Meta Data<\\\/b><br><b>Cam\\u00e9ra<\\\/b> Canon EOS 6D Mark II<br><b>Date\\\/Heure<\\\/b> 10 avril 2020 15 h 49 min<br><b>ISO<\\\/b> 4000<br><b>Vitesse de l'obturateur <\\\/b> 1\\\/4000sec<br><b>Flash<\\\/b> Not fired<br><b>Image Width<\\\/b> 1440<br><b>Image Height<\\\/b> 960<br>\\r\\n<b>EXIF Data<\\\/b><br><b>Date\\\/Heure<\\\/b> 10 avril 2020 15 h 49 min<br><b>ISO<\\\/b> 4000<br><b>Vitesse de l'obturateur <\\\/b> 1\\\/4000sec<br><b>Flash<\\\/b> Not fired<br><b>Cam\\u00e9ra<\\\/b> Canon EOS 6D Mark II<br><b>Cr\\u00e9ation<\\\/b> Canon<br>\\r\\n<b>IPTC Data<\\\/b><br><b>Date de cr\\u00e9ation<\\\/b> 20200410<br><b>Heure de cr\\u00e9ation<\\\/b> 154913<br><b>Auteur<\\\/b> LOVISOLO-GUILLARD FRANK CESAR<br><b>Ville<\\\/b> Toulon<br><b>R\\u00e9gion\\\/D\\u00e9partement<\\\/b> Var<br><b>Code pays<\\\/b> FR<br><b>Pays<\\\/b> France<br>\\r\\n<b>XMP Data<\\\/b><br><b>Auteur<\\\/b> LOVISOLO-GUILLARD FRANK CESAR<br>\",\"alttext\":\"\",\"link\":\"\",\"imagedate\":\"2020-04-10 15:49:13\",\"hitcounter\":\"4\",\"total_value\":\"0\",\"total_votes\":\"0\",\"meta_data\":{\"aperture\":false,\"credit\":false,\"camera\":\"Canon EOS 6D Mark II\",\"caption\":false,\"created_timestamp\":\"10 avril 2020 15 h 49 min\",\"copyright\":false,\"focal_length\":false,\"iso\":4000,\"shutter_speed\":\"1\\\/4000sec\",\"flash\":\"Not fired\",\"title\":false,\"keywords\":false,\"width\":1440,\"height\":960,\"saved\":true,\"thumbnail\":{\"width\":300,\"height\":200},\"webview\":{\"0\":1440,\"1\":960,\"2\":2,\"3\":\"width=\\\"1440\\\" height=\\\"960\\\"\",\"bits\":8,\"channels\":3,\"mime\":\"image\\\/jpeg\"}}},{\"pid\":\"23442\",\"filename\":\"n026-une-preuve-devolution-005-avril-2020-frank-lovisolo-guillard.jpg\",\"description\":\"<b>Meta Data<\\\/b><br><b>Cam\\u00e9ra<\\\/b> Canon EOS 6D Mark II<br><b>Date\\\/Heure<\\\/b> 10 avril 2020 15 h 51 min<br><b>ISO<\\\/b> 4000<br><b>Vitesse de l'obturateur <\\\/b> 1\\\/4000sec<br><b>Flash<\\\/b> Not fired<br><b>Image Width<\\\/b> 1440<br><b>Image Height<\\\/b> 960<br>\\r\\n<b>EXIF Data<\\\/b><br><b>Date\\\/Heure<\\\/b> 10 avril 2020 15 h 51 min<br><b>ISO<\\\/b> 4000<br><b>Vitesse de l'obturateur <\\\/b> 1\\\/4000sec<br><b>Flash<\\\/b> Not fired<br><b>Cam\\u00e9ra<\\\/b> Canon EOS 6D Mark II<br><b>Cr\\u00e9ation<\\\/b> Canon<br>\\r\\n<b>IPTC Data<\\\/b><br><b>Date de cr\\u00e9ation<\\\/b> 20200410<br><b>Heure de cr\\u00e9ation<\\\/b> 155112<br><b>Auteur<\\\/b> LOVISOLO-GUILLARD FRANK CESAR<br><b>Ville<\\\/b> Toulon<br><b>R\\u00e9gion\\\/D\\u00e9partement<\\\/b> Var<br><b>Code pays<\\\/b> FR<br><b>Pays<\\\/b> France<br>\\r\\n<b>XMP Data<\\\/b><br><b>Auteur<\\\/b> LOVISOLO-GUILLARD FRANK CESAR<br>\",\"alttext\":\"\",\"link\":\"\",\"imagedate\":\"2020-04-10 15:51:12\",\"hitcounter\":\"4\",\"total_value\":\"0\",\"total_votes\":\"0\",\"meta_data\":{\"aperture\":false,\"credit\":false,\"camera\":\"Canon EOS 6D Mark II\",\"caption\":false,\"created_timestamp\":\"10 avril 2020 15 h 51 min\",\"copyright\":false,\"focal_length\":false,\"iso\":4000,\"shutter_speed\":\"1\\\/4000sec\",\"flash\":\"Not fired\",\"title\":false,\"keywords\":false,\"width\":1440,\"height\":960,\"saved\":true,\"thumbnail\":{\"width\":300,\"height\":200},\"webview\":{\"0\":1440,\"1\":960,\"2\":2,\"3\":\"width=\\\"1440\\\" height=\\\"960\\\"\",\"bits\":8,\"channels\":3,\"mime\":\"image\\\/jpeg\"}}},{\"pid\":\"23443\",\"filename\":\"n027-une-preuve-devolution-005-avril-2020-frank-lovisolo-guillard.jpg\",\"description\":\"<b>Meta Data<\\\/b><br><b>Aper\\u00e7u<\\\/b> F 22<br><b>Cam\\u00e9ra<\\\/b> Canon EOS 6D Mark II<br><b>Date\\\/Heure<\\\/b> 10 avril 2020 16 h 24 min<br><b>Distance Focale<\\\/b> 70min<br><b>ISO<\\\/b> 1600<br><b>Vitesse de l'obturateur <\\\/b> 1\\\/10sec<br><b>Flash<\\\/b> Not fired<br><b>Image Width<\\\/b> 1440<br><b>Image Height<\\\/b> 960<br>\\r\\n<b>EXIF Data<\\\/b><br><b>Aper\\u00e7u<\\\/b> F 22<br><b>Date\\\/Heure<\\\/b> 10 avril 2020 16 h 24 min<br><b>Distance Focale<\\\/b> 70min<br><b>ISO<\\\/b> 1600<br><b>Vitesse de l'obturateur <\\\/b> 1\\\/10sec<br><b>Flash<\\\/b> Not fired<br><b>Cam\\u00e9ra<\\\/b> Canon EOS 6D Mark II<br><b>Cr\\u00e9ation<\\\/b> Canon<br>\\r\\n<b>IPTC Data<\\\/b><br><b>Date de cr\\u00e9ation<\\\/b> 20200410<br><b>Heure de cr\\u00e9ation<\\\/b> 162439<br><b>Auteur<\\\/b> LOVISOLO-GUILLARD FRANK CESAR<br><b>Ville<\\\/b> Toulon<br><b>R\\u00e9gion\\\/D\\u00e9partement<\\\/b> Var<br><b>Code pays<\\\/b> FR<br><b>Pays<\\\/b> France<br>\\r\\n<b>XMP Data<\\\/b><br><b>Auteur<\\\/b> LOVISOLO-GUILLARD FRANK CESAR<br>\",\"alttext\":\"\",\"link\":\"\",\"imagedate\":\"2020-04-10 16:24:39\",\"hitcounter\":\"4\",\"total_value\":\"0\",\"total_votes\":\"0\",\"meta_data\":{\"aperture\":\"F 22\",\"credit\":false,\"camera\":\"Canon EOS 6D Mark II\",\"caption\":false,\"created_timestamp\":\"10 avril 2020 16 h 24 min\",\"copyright\":false,\"focal_length\":\"70min\",\"iso\":1600,\"shutter_speed\":\"1\\\/10sec\",\"flash\":\"Not fired\",\"title\":false,\"keywords\":false,\"width\":1440,\"height\":960,\"saved\":true,\"thumbnail\":{\"width\":300,\"height\":200},\"webview\":{\"0\":1440,\"1\":960,\"2\":2,\"3\":\"width=\\\"1440\\\" height=\\\"960\\\"\",\"bits\":8,\"channels\":3,\"mime\":\"image\\\/jpeg\"}}},{\"pid\":\"23444\",\"filename\":\"n028-une-preuve-devolution-005-avril-2020-frank-lovisolo-guillard.jpg\",\"description\":\"<b>Meta Data<\\\/b><br><b>Aper\\u00e7u<\\\/b> F 22<br><b>Cam\\u00e9ra<\\\/b> Canon EOS 6D Mark II<br><b>Date\\\/Heure<\\\/b> 10 avril 2020 16 h 27 min<br><b>Distance Focale<\\\/b> 184min<br><b>ISO<\\\/b> 1600<br><b>Vitesse de l'obturateur <\\\/b> 1\\\/20sec<br><b>Flash<\\\/b> Not fired<br><b>Image Width<\\\/b> 1440<br><b>Image Height<\\\/b> 960<br>\\r\\n<b>EXIF Data<\\\/b><br><b>Aper\\u00e7u<\\\/b> F 22<br><b>Date\\\/Heure<\\\/b> 10 avril 2020 16 h 27 min<br><b>Distance Focale<\\\/b> 184min<br><b>ISO<\\\/b> 1600<br><b>Vitesse de l'obturateur <\\\/b> 1\\\/20sec<br><b>Flash<\\\/b> Not fired<br><b>Cam\\u00e9ra<\\\/b> Canon EOS 6D Mark II<br><b>Cr\\u00e9ation<\\\/b> Canon<br>\\r\\n<b>IPTC Data<\\\/b><br><b>Date de cr\\u00e9ation<\\\/b> 20200410<br><b>Heure de cr\\u00e9ation<\\\/b> 162703<br><b>Auteur<\\\/b> LOVISOLO-GUILLARD FRANK CESAR<br><b>Ville<\\\/b> Toulon<br><b>R\\u00e9gion\\\/D\\u00e9partement<\\\/b> Var<br><b>Code pays<\\\/b> FR<br><b>Pays<\\\/b> France<br>\\r\\n<b>XMP Data<\\\/b><br><b>Auteur<\\\/b> LOVISOLO-GUILLARD FRANK CESAR<br>\",\"alttext\":\"\",\"link\":\"\",\"imagedate\":\"2020-04-10 16:27:03\",\"hitcounter\":\"4\",\"total_value\":\"0\",\"total_votes\":\"0\",\"meta_data\":{\"aperture\":\"F 22\",\"credit\":false,\"camera\":\"Canon EOS 6D Mark II\",\"caption\":false,\"created_timestamp\":\"10 avril 2020 16 h 27 min\",\"copyright\":false,\"focal_length\":\"184min\",\"iso\":1600,\"shutter_speed\":\"1\\\/20sec\",\"flash\":\"Not fired\",\"title\":false,\"keywords\":false,\"width\":1440,\"height\":960,\"saved\":true,\"thumbnail\":{\"width\":300,\"height\":200},\"webview\":{\"0\":1440,\"1\":960,\"2\":2,\"3\":\"width=\\\"1440\\\" height=\\\"960\\\"\",\"bits\":8,\"channels\":3,\"mime\":\"image\\\/jpeg\"}}},{\"pid\":\"23445\",\"filename\":\"n029-une-preuve-devolution-005-avril-2020-frank-lovisolo-guillard.jpg\",\"description\":\"<b>Meta Data<\\\/b><br><b>Aper\\u00e7u<\\\/b> F 22<br><b>Cam\\u00e9ra<\\\/b> Canon EOS 6D Mark II<br><b>Date\\\/Heure<\\\/b> 10 avril 2020 16 h 29 min<br><b>Distance Focale<\\\/b> 184min<br><b>ISO<\\\/b> 1600<br><b>Vitesse de l'obturateur <\\\/b> 1\\\/20sec<br><b>Flash<\\\/b> Not fired<br><b>Image Width<\\\/b> 1440<br><b>Image Height<\\\/b> 960<br>\\r\\n<b>EXIF Data<\\\/b><br><b>Aper\\u00e7u<\\\/b> F 22<br><b>Date\\\/Heure<\\\/b> 10 avril 2020 16 h 29 min<br><b>Distance Focale<\\\/b> 184min<br><b>ISO<\\\/b> 1600<br><b>Vitesse de l'obturateur <\\\/b> 1\\\/20sec<br><b>Flash<\\\/b> Not fired<br><b>Cam\\u00e9ra<\\\/b> Canon EOS 6D Mark II<br><b>Cr\\u00e9ation<\\\/b> Canon<br>\\r\\n<b>IPTC Data<\\\/b><br><b>Date de cr\\u00e9ation<\\\/b> 20200410<br><b>Heure de cr\\u00e9ation<\\\/b> 162930<br><b>Auteur<\\\/b> LOVISOLO-GUILLARD FRANK CESAR<br><b>Ville<\\\/b> Toulon<br><b>R\\u00e9gion\\\/D\\u00e9partement<\\\/b> Var<br><b>Code pays<\\\/b> FR<br><b>Pays<\\\/b> France<br>\\r\\n<b>XMP Data<\\\/b><br><b>Auteur<\\\/b> LOVISOLO-GUILLARD FRANK CESAR<br>\",\"alttext\":\"\",\"link\":\"\",\"imagedate\":\"2020-04-10 16:29:30\",\"hitcounter\":\"4\",\"total_value\":\"0\",\"total_votes\":\"0\",\"meta_data\":{\"aperture\":\"F 22\",\"credit\":false,\"camera\":\"Canon EOS 6D Mark II\",\"caption\":false,\"created_timestamp\":\"10 avril 2020 16 h 29 min\",\"copyright\":false,\"focal_length\":\"184min\",\"iso\":1600,\"shutter_speed\":\"1\\\/20sec\",\"flash\":\"Not fired\",\"title\":false,\"keywords\":false,\"width\":1440,\"height\":960,\"saved\":true,\"thumbnail\":{\"width\":300,\"height\":200},\"webview\":{\"0\":1440,\"1\":960,\"2\":2,\"3\":\"width=\\\"1440\\\" height=\\\"960\\\"\",\"bits\":8,\"channels\":3,\"mime\":\"image\\\/jpeg\"}}},{\"pid\":\"23446\",\"filename\":\"n030-une-preuve-devolution-005-avril-2020-frank-lovisolo-guillard.jpg\",\"description\":\"<b>Meta Data<\\\/b><br><b>Aper\\u00e7u<\\\/b> F 22<br><b>Cam\\u00e9ra<\\\/b> Canon EOS 6D Mark II<br><b>Date\\\/Heure<\\\/b> 10 avril 2020 16 h 32 min<br><b>Distance Focale<\\\/b> 135min<br><b>ISO<\\\/b> 1600<br><b>Vitesse de l'obturateur <\\\/b> 1\\\/400sec<br><b>Flash<\\\/b> Not fired<br><b>Image Width<\\\/b> 1440<br><b>Image Height<\\\/b> 960<br>\\r\\n<b>EXIF Data<\\\/b><br><b>Aper\\u00e7u<\\\/b> F 22<br><b>Date\\\/Heure<\\\/b> 10 avril 2020 16 h 32 min<br><b>Distance Focale<\\\/b> 135min<br><b>ISO<\\\/b> 1600<br><b>Vitesse de l'obturateur <\\\/b> 1\\\/400sec<br><b>Flash<\\\/b> Not fired<br><b>Cam\\u00e9ra<\\\/b> Canon EOS 6D Mark II<br><b>Cr\\u00e9ation<\\\/b> Canon<br>\\r\\n<b>IPTC Data<\\\/b><br><b>Date de cr\\u00e9ation<\\\/b> 20200410<br><b>Heure de cr\\u00e9ation<\\\/b> 163259<br><b>Auteur<\\\/b> LOVISOLO-GUILLARD FRANK CESAR<br><b>Ville<\\\/b> Toulon<br><b>R\\u00e9gion\\\/D\\u00e9partement<\\\/b> Var<br><b>Code pays<\\\/b> FR<br><b>Pays<\\\/b> France<br>\\r\\n<b>XMP Data<\\\/b><br><b>Auteur<\\\/b> LOVISOLO-GUILLARD FRANK CESAR<br>\",\"alttext\":\"\",\"link\":\"\",\"imagedate\":\"2020-04-10 16:32:59\",\"hitcounter\":\"4\",\"total_value\":\"0\",\"total_votes\":\"0\",\"meta_data\":{\"aperture\":\"F 22\",\"credit\":false,\"camera\":\"Canon EOS 6D Mark II\",\"caption\":false,\"created_timestamp\":\"10 avril 2020 16 h 32 min\",\"copyright\":false,\"focal_length\":\"135min\",\"iso\":1600,\"shutter_speed\":\"1\\\/400sec\",\"flash\":\"Not fired\",\"title\":false,\"keywords\":false,\"width\":1440,\"height\":960,\"saved\":true,\"thumbnail\":{\"width\":300,\"height\":200},\"webview\":{\"0\":1440,\"1\":960,\"2\":2,\"3\":\"width=\\\"1440\\\" height=\\\"960\\\"\",\"bits\":8,\"channels\":3,\"mime\":\"image\\\/jpeg\"}}},{\"pid\":\"23447\",\"filename\":\"n031-une-preuve-devolution-005-avril-2020-frank-lovisolo-guillard.jpg\",\"description\":\"<b>Meta Data<\\\/b><br><b>Aper\\u00e7u<\\\/b> F 6.3<br><b>Cam\\u00e9ra<\\\/b> Canon EOS 6D Mark II<br><b>Date\\\/Heure<\\\/b> 12 avril 2020 18 h 05 min<br><b>Distance Focale<\\\/b> 300min<br><b>ISO<\\\/b> 1000<br><b>Vitesse de l'obturateur <\\\/b> 1\\\/640sec<br><b>Flash<\\\/b> Not fired<br><b>Image Width<\\\/b> 1440<br><b>Image Height<\\\/b> 960<br>\\r\\n<b>EXIF Data<\\\/b><br><b>Aper\\u00e7u<\\\/b> F 6.3<br><b>Date\\\/Heure<\\\/b> 12 avril 2020 18 h 05 min<br><b>Distance Focale<\\\/b> 300min<br><b>ISO<\\\/b> 1000<br><b>Vitesse de l'obturateur <\\\/b> 1\\\/640sec<br><b>Flash<\\\/b> Not fired<br><b>Cam\\u00e9ra<\\\/b> Canon EOS 6D Mark II<br><b>Cr\\u00e9ation<\\\/b> Canon<br>\\r\\n<b>IPTC Data<\\\/b><br><b>Date de cr\\u00e9ation<\\\/b> 20200412<br><b>Heure de cr\\u00e9ation<\\\/b> 180503<br><b>Auteur<\\\/b> LOVISOLO-GUILLARD FRANK CESAR<br><b>Ville<\\\/b> Toulon<br><b>R\\u00e9gion\\\/D\\u00e9partement<\\\/b> Var<br><b>Code pays<\\\/b> FR<br><b>Pays<\\\/b> France<br>\\r\\n<b>XMP Data<\\\/b><br><b>Auteur<\\\/b> LOVISOLO-GUILLARD FRANK CESAR<br>\",\"alttext\":\"\",\"link\":\"\",\"imagedate\":\"2020-04-12 18:05:03\",\"hitcounter\":\"4\",\"total_value\":\"0\",\"total_votes\":\"0\",\"meta_data\":{\"aperture\":\"F 6.3\",\"credit\":false,\"camera\":\"Canon EOS 6D Mark II\",\"caption\":false,\"created_timestamp\":\"12 avril 2020 18 h 05 min\",\"copyright\":false,\"focal_length\":\"300min\",\"iso\":1000,\"shutter_speed\":\"1\\\/640sec\",\"flash\":\"Not fired\",\"title\":false,\"keywords\":false,\"width\":1440,\"height\":960,\"saved\":true,\"thumbnail\":{\"width\":300,\"height\":200},\"webview\":{\"0\":1440,\"1\":960,\"2\":2,\"3\":\"width=\\\"1440\\\" height=\\\"960\\\"\",\"bits\":8,\"channels\":3,\"mime\":\"image\\\/jpeg\"}}},{\"pid\":\"23448\",\"filename\":\"n032-une-preuve-devolution-005-avril-2020-frank-lovisolo-guillard.jpg\",\"description\":\"<b>Meta Data<\\\/b><br><b>Aper\\u00e7u<\\\/b> F 6.3<br><b>Cam\\u00e9ra<\\\/b> Canon EOS 6D Mark II<br><b>Date\\\/Heure<\\\/b> 12 avril 2020 18 h 05 min<br><b>Distance Focale<\\\/b> 300min<br><b>ISO<\\\/b> 1600<br><b>Vitesse de l'obturateur <\\\/b> 1\\\/4000sec<br><b>Flash<\\\/b> Not fired<br><b>Image Width<\\\/b> 1440<br><b>Image Height<\\\/b> 960<br>\\r\\n<b>EXIF Data<\\\/b><br><b>Aper\\u00e7u<\\\/b> F 6.3<br><b>Date\\\/Heure<\\\/b> 12 avril 2020 18 h 05 min<br><b>Distance Focale<\\\/b> 300min<br><b>ISO<\\\/b> 1600<br><b>Vitesse de l'obturateur <\\\/b> 1\\\/4000sec<br><b>Flash<\\\/b> Not fired<br><b>Cam\\u00e9ra<\\\/b> Canon EOS 6D Mark II<br><b>Cr\\u00e9ation<\\\/b> Canon<br>\\r\\n<b>IPTC Data<\\\/b><br><b>Date de cr\\u00e9ation<\\\/b> 20200412<br><b>Heure de cr\\u00e9ation<\\\/b> 180532<br><b>Auteur<\\\/b> LOVISOLO-GUILLARD FRANK CESAR<br><b>Ville<\\\/b> Toulon<br><b>R\\u00e9gion\\\/D\\u00e9partement<\\\/b> Var<br><b>Code pays<\\\/b> FR<br><b>Pays<\\\/b> France<br>\\r\\n<b>XMP Data<\\\/b><br><b>Auteur<\\\/b> LOVISOLO-GUILLARD FRANK CESAR<br>\",\"alttext\":\"\",\"link\":\"\",\"imagedate\":\"2020-04-12 18:05:32\",\"hitcounter\":\"4\",\"total_value\":\"0\",\"total_votes\":\"0\",\"meta_data\":{\"aperture\":\"F 6.3\",\"credit\":false,\"camera\":\"Canon EOS 6D Mark II\",\"caption\":false,\"created_timestamp\":\"12 avril 2020 18 h 05 min\",\"copyright\":false,\"focal_length\":\"300min\",\"iso\":1600,\"shutter_speed\":\"1\\\/4000sec\",\"flash\":\"Not fired\",\"title\":false,\"keywords\":false,\"width\":1440,\"height\":960,\"saved\":true,\"thumbnail\":{\"width\":300,\"height\":200},\"webview\":{\"0\":1440,\"1\":960,\"2\":2,\"3\":\"width=\\\"1440\\\" height=\\\"960\\\"\",\"bits\":8,\"channels\":3,\"mime\":\"image\\\/jpeg\"}}},{\"pid\":\"23449\",\"filename\":\"n033-une-preuve-devolution-005-avril-2020-frank-lovisolo-guillard.jpg\",\"description\":\"<b>Meta Data<\\\/b><br><b>Aper\\u00e7u<\\\/b> F 6.3<br><b>Cam\\u00e9ra<\\\/b> Canon EOS 6D Mark II<br><b>Date\\\/Heure<\\\/b> 12 avril 2020 18 h 07 min<br><b>Distance Focale<\\\/b> 300min<br><b>ISO<\\\/b> 1600<br><b>Vitesse de l'obturateur <\\\/b> 1\\\/2500sec<br><b>Flash<\\\/b> Not fired<br><b>Image Width<\\\/b> 1440<br><b>Image Height<\\\/b> 960<br>\\r\\n<b>EXIF Data<\\\/b><br><b>Aper\\u00e7u<\\\/b> F 6.3<br><b>Date\\\/Heure<\\\/b> 12 avril 2020 18 h 07 min<br><b>Distance Focale<\\\/b> 300min<br><b>ISO<\\\/b> 1600<br><b>Vitesse de l'obturateur <\\\/b> 1\\\/2500sec<br><b>Flash<\\\/b> Not fired<br><b>Cam\\u00e9ra<\\\/b> Canon EOS 6D Mark II<br><b>Cr\\u00e9ation<\\\/b> Canon<br>\\r\\n<b>IPTC Data<\\\/b><br><b>Date de cr\\u00e9ation<\\\/b> 20200412<br><b>Heure de cr\\u00e9ation<\\\/b> 180732<br><b>Auteur<\\\/b> LOVISOLO-GUILLARD FRANK CESAR<br><b>Ville<\\\/b> Toulon<br><b>R\\u00e9gion\\\/D\\u00e9partement<\\\/b> Var<br><b>Code pays<\\\/b> FR<br><b>Pays<\\\/b> France<br>\\r\\n<b>XMP Data<\\\/b><br><b>Auteur<\\\/b> LOVISOLO-GUILLARD FRANK CESAR<br>\",\"alttext\":\"\",\"link\":\"\",\"imagedate\":\"2020-04-12 18:07:32\",\"hitcounter\":\"3\",\"total_value\":\"0\",\"total_votes\":\"0\",\"meta_data\":{\"aperture\":\"F 6.3\",\"credit\":false,\"camera\":\"Canon EOS 6D Mark II\",\"caption\":false,\"created_timestamp\":\"12 avril 2020 18 h 07 min\",\"copyright\":false,\"focal_length\":\"300min\",\"iso\":1600,\"shutter_speed\":\"1\\\/2500sec\",\"flash\":\"Not fired\",\"title\":false,\"keywords\":false,\"width\":1440,\"height\":960,\"saved\":true,\"thumbnail\":{\"width\":300,\"height\":200},\"webview\":{\"0\":1440,\"1\":960,\"2\":2,\"3\":\"width=\\\"1440\\\" height=\\\"960\\\"\",\"bits\":8,\"channels\":3,\"mime\":\"image\\\/jpeg\"}}},{\"pid\":\"23450\",\"filename\":\"n034-une-preuve-devolution-005-avril-2020-frank-lovisolo-guillard.jpg\",\"description\":\"<b>Meta Data<\\\/b><br><b>Aper\\u00e7u<\\\/b> F 6.3<br><b>Cam\\u00e9ra<\\\/b> Canon EOS 6D Mark II<br><b>Date\\\/Heure<\\\/b> 12 avril 2020 18 h 09 min<br><b>Distance Focale<\\\/b> 300min<br><b>ISO<\\\/b> 1600<br><b>Vitesse de l'obturateur <\\\/b> 1\\\/1600sec<br><b>Flash<\\\/b> Not fired<br><b>Image Width<\\\/b> 1440<br><b>Image Height<\\\/b> 960<br>\\r\\n<b>EXIF Data<\\\/b><br><b>Aper\\u00e7u<\\\/b> F 6.3<br><b>Date\\\/Heure<\\\/b> 12 avril 2020 18 h 09 min<br><b>Distance Focale<\\\/b> 300min<br><b>ISO<\\\/b> 1600<br><b>Vitesse de l'obturateur <\\\/b> 1\\\/1600sec<br><b>Flash<\\\/b> Not fired<br><b>Cam\\u00e9ra<\\\/b> Canon EOS 6D Mark II<br><b>Cr\\u00e9ation<\\\/b> Canon<br>\\r\\n<b>IPTC Data<\\\/b><br><b>Date de cr\\u00e9ation<\\\/b> 20200412<br><b>Heure de cr\\u00e9ation<\\\/b> 180935<br><b>Auteur<\\\/b> LOVISOLO-GUILLARD FRANK CESAR<br><b>Ville<\\\/b> Toulon<br><b>R\\u00e9gion\\\/D\\u00e9partement<\\\/b> Var<br><b>Code pays<\\\/b> FR<br><b>Pays<\\\/b> France<br>\\r\\n<b>XMP Data<\\\/b><br><b>Auteur<\\\/b> LOVISOLO-GUILLARD FRANK CESAR<br>\",\"alttext\":\"\",\"link\":\"\",\"imagedate\":\"2020-04-12 18:09:35\",\"hitcounter\":\"3\",\"total_value\":\"0\",\"total_votes\":\"0\",\"meta_data\":{\"aperture\":\"F 6.3\",\"credit\":false,\"camera\":\"Canon EOS 6D Mark II\",\"caption\":false,\"created_timestamp\":\"12 avril 2020 18 h 09 min\",\"copyright\":false,\"focal_length\":\"300min\",\"iso\":1600,\"shutter_speed\":\"1\\\/1600sec\",\"flash\":\"Not fired\",\"title\":false,\"keywords\":false,\"width\":1440,\"height\":960,\"saved\":true,\"thumbnail\":{\"width\":300,\"height\":200},\"webview\":{\"0\":1440,\"1\":960,\"2\":2,\"3\":\"width=\\\"1440\\\" height=\\\"960\\\"\",\"bits\":8,\"channels\":3,\"mime\":\"image\\\/jpeg\"}}},{\"pid\":\"23451\",\"filename\":\"n035-une-preuve-devolution-005-avril-2020-frank-lovisolo-guillard.jpg\",\"description\":\"<b>Meta Data<\\\/b><br><b>Aper\\u00e7u<\\\/b> F 11<br><b>Cam\\u00e9ra<\\\/b> Canon EOS 6D Mark II<br><b>Date\\\/Heure<\\\/b> 14 avril 2020 16 h 08 min<br><b>Distance Focale<\\\/b> 300min<br><b>ISO<\\\/b> 1600<br><b>Vitesse de l'obturateur <\\\/b> 1\\\/800sec<br><b>Flash<\\\/b> Not fired<br><b>Image Width<\\\/b> 1440<br><b>Image Height<\\\/b> 960<br>\\r\\n<b>EXIF Data<\\\/b><br><b>Aper\\u00e7u<\\\/b> F 11<br><b>Date\\\/Heure<\\\/b> 14 avril 2020 16 h 08 min<br><b>Distance Focale<\\\/b> 300min<br><b>ISO<\\\/b> 1600<br><b>Vitesse de l'obturateur <\\\/b> 1\\\/800sec<br><b>Flash<\\\/b> Not fired<br><b>Cam\\u00e9ra<\\\/b> Canon EOS 6D Mark II<br><b>Cr\\u00e9ation<\\\/b> Canon<br>\\r\\n<b>IPTC Data<\\\/b><br><b>Date de cr\\u00e9ation<\\\/b> 20200414<br><b>Heure de cr\\u00e9ation<\\\/b> 160812<br><b>Auteur<\\\/b> LOVISOLO-GUILLARD FRANK CESAR<br><b>Ville<\\\/b> Toulon<br><b>R\\u00e9gion\\\/D\\u00e9partement<\\\/b> Var<br><b>Code pays<\\\/b> FR<br><b>Pays<\\\/b> France<br>\\r\\n<b>XMP Data<\\\/b><br><b>Auteur<\\\/b> LOVISOLO-GUILLARD FRANK CESAR<br>\",\"alttext\":\"\",\"link\":\"\",\"imagedate\":\"2020-04-14 16:08:12\",\"hitcounter\":\"3\",\"total_value\":\"0\",\"total_votes\":\"0\",\"meta_data\":{\"aperture\":\"F 11\",\"credit\":false,\"camera\":\"Canon EOS 6D Mark II\",\"caption\":false,\"created_timestamp\":\"14 avril 2020 16 h 08 min\",\"copyright\":false,\"focal_length\":\"300min\",\"iso\":1600,\"shutter_speed\":\"1\\\/800sec\",\"flash\":\"Not fired\",\"title\":false,\"keywords\":false,\"width\":1440,\"height\":960,\"saved\":true,\"thumbnail\":{\"width\":300,\"height\":200},\"webview\":{\"0\":1440,\"1\":960,\"2\":2,\"3\":\"width=\\\"1440\\\" height=\\\"960\\\"\",\"bits\":8,\"channels\":3,\"mime\":\"image\\\/jpeg\"}}},{\"pid\":\"23452\",\"filename\":\"n036-une-preuve-devolution-005-avril-2020-frank-lovisolo-guillard.jpg\",\"description\":\"<b>Meta Data<\\\/b><br><b>Aper\\u00e7u<\\\/b> F 11<br><b>Cam\\u00e9ra<\\\/b> Canon EOS 6D Mark II<br><b>Date\\\/Heure<\\\/b> 14 avril 2020 16 h 09 min<br><b>Distance Focale<\\\/b> 129min<br><b>ISO<\\\/b> 1600<br><b>Vitesse de l'obturateur <\\\/b> 1\\\/1250sec<br><b>Flash<\\\/b> Not fired<br><b>Image Width<\\\/b> 1440<br><b>Image Height<\\\/b> 960<br>\\r\\n<b>EXIF Data<\\\/b><br><b>Aper\\u00e7u<\\\/b> F 11<br><b>Date\\\/Heure<\\\/b> 14 avril 2020 16 h 09 min<br><b>Distance Focale<\\\/b> 129min<br><b>ISO<\\\/b> 1600<br><b>Vitesse de l'obturateur <\\\/b> 1\\\/1250sec<br><b>Flash<\\\/b> Not fired<br><b>Cam\\u00e9ra<\\\/b> Canon EOS 6D Mark II<br><b>Cr\\u00e9ation<\\\/b> Canon<br>\\r\\n<b>IPTC Data<\\\/b><br><b>Date de cr\\u00e9ation<\\\/b> 20200414<br><b>Heure de cr\\u00e9ation<\\\/b> 160904<br><b>Auteur<\\\/b> LOVISOLO-GUILLARD FRANK CESAR<br><b>Ville<\\\/b> Toulon<br><b>R\\u00e9gion\\\/D\\u00e9partement<\\\/b> Var<br><b>Code pays<\\\/b> FR<br><b>Pays<\\\/b> France<br>\\r\\n<b>XMP Data<\\\/b><br><b>Auteur<\\\/b> LOVISOLO-GUILLARD FRANK CESAR<br>\",\"alttext\":\"\",\"link\":\"\",\"imagedate\":\"2020-04-14 16:09:04\",\"hitcounter\":\"3\",\"total_value\":\"0\",\"total_votes\":\"0\",\"meta_data\":{\"aperture\":\"F 11\",\"credit\":false,\"camera\":\"Canon EOS 6D Mark II\",\"caption\":false,\"created_timestamp\":\"14 avril 2020 16 h 09 min\",\"copyright\":false,\"focal_length\":\"129min\",\"iso\":1600,\"shutter_speed\":\"1\\\/1250sec\",\"flash\":\"Not fired\",\"title\":false,\"keywords\":false,\"width\":1440,\"height\":960,\"saved\":true,\"thumbnail\":{\"width\":300,\"height\":200},\"webview\":{\"0\":1440,\"1\":960,\"2\":2,\"3\":\"width=\\\"1440\\\" height=\\\"960\\\"\",\"bits\":8,\"channels\":3,\"mime\":\"image\\\/jpeg\"}}},{\"pid\":\"23453\",\"filename\":\"n037-une-preuve-devolution-005-avril-2020-frank-lovisolo-guillard.jpg\",\"description\":\"<b>Meta Data<\\\/b><br><b>Aper\\u00e7u<\\\/b> F 11<br><b>Cam\\u00e9ra<\\\/b> Canon EOS 6D Mark II<br><b>Date\\\/Heure<\\\/b> 14 avril 2020 16 h 11 min<br><b>Distance Focale<\\\/b> 300min<br><b>ISO<\\\/b> 1600<br><b>Vitesse de l'obturateur <\\\/b> 1\\\/320sec<br><b>Flash<\\\/b> Not fired<br><b>Image Width<\\\/b> 1440<br><b>Image Height<\\\/b> 960<br>\\r\\n<b>EXIF Data<\\\/b><br><b>Aper\\u00e7u<\\\/b> F 11<br><b>Date\\\/Heure<\\\/b> 14 avril 2020 16 h 11 min<br><b>Distance Focale<\\\/b> 300min<br><b>ISO<\\\/b> 1600<br><b>Vitesse de l'obturateur <\\\/b> 1\\\/320sec<br><b>Flash<\\\/b> Not fired<br><b>Cam\\u00e9ra<\\\/b> Canon EOS 6D Mark II<br><b>Cr\\u00e9ation<\\\/b> Canon<br>\\r\\n<b>IPTC Data<\\\/b><br><b>Date de cr\\u00e9ation<\\\/b> 20200414<br><b>Heure de cr\\u00e9ation<\\\/b> 161157<br><b>Auteur<\\\/b> LOVISOLO-GUILLARD FRANK CESAR<br><b>Ville<\\\/b> Toulon<br><b>R\\u00e9gion\\\/D\\u00e9partement<\\\/b> Var<br><b>Code pays<\\\/b> FR<br><b>Pays<\\\/b> France<br>\\r\\n<b>XMP Data<\\\/b><br><b>Auteur<\\\/b> LOVISOLO-GUILLARD FRANK CESAR<br>\",\"alttext\":\"\",\"link\":\"\",\"imagedate\":\"2020-04-14 16:11:57\",\"hitcounter\":\"3\",\"total_value\":\"0\",\"total_votes\":\"0\",\"meta_data\":{\"aperture\":\"F 11\",\"credit\":false,\"camera\":\"Canon EOS 6D Mark II\",\"caption\":false,\"created_timestamp\":\"14 avril 2020 16 h 11 min\",\"copyright\":false,\"focal_length\":\"300min\",\"iso\":1600,\"shutter_speed\":\"1\\\/320sec\",\"flash\":\"Not fired\",\"title\":false,\"keywords\":false,\"width\":1440,\"height\":960,\"saved\":true,\"thumbnail\":{\"width\":300,\"height\":200},\"webview\":{\"0\":1440,\"1\":960,\"2\":2,\"3\":\"width=\\\"1440\\\" height=\\\"960\\\"\",\"bits\":8,\"channels\":3,\"mime\":\"image\\\/jpeg\"}}},{\"pid\":\"23454\",\"filename\":\"n038-une-preuve-devolution-005-avril-2020-frank-lovisolo-guillard.jpg\",\"description\":\"<b>Meta Data<\\\/b><br><b>Aper\\u00e7u<\\\/b> F 18<br><b>Cam\\u00e9ra<\\\/b> Canon EOS 6D Mark II<br><b>Date\\\/Heure<\\\/b> 14 avril 2020 16 h 56 min<br><b>Distance Focale<\\\/b> 50min<br><b>ISO<\\\/b> 1600<br><b>Vitesse de l'obturateur <\\\/b> 1\\\/800sec<br><b>Flash<\\\/b> Not fired<br><b>Image Width<\\\/b> 1440<br><b>Image Height<\\\/b> 960<br>\\r\\n<b>EXIF Data<\\\/b><br><b>Aper\\u00e7u<\\\/b> F 18<br><b>Date\\\/Heure<\\\/b> 14 avril 2020 16 h 56 min<br><b>Distance Focale<\\\/b> 50min<br><b>ISO<\\\/b> 1600<br><b>Vitesse de l'obturateur <\\\/b> 1\\\/800sec<br><b>Flash<\\\/b> Not fired<br><b>Cam\\u00e9ra<\\\/b> Canon EOS 6D Mark II<br><b>Cr\\u00e9ation<\\\/b> Canon<br>\\r\\n<b>IPTC Data<\\\/b><br><b>Date de cr\\u00e9ation<\\\/b> 20200414<br><b>Heure de cr\\u00e9ation<\\\/b> 165655<br><b>Auteur<\\\/b> LOVISOLO-GUILLARD FRANK CESAR<br><b>Ville<\\\/b> Toulon<br><b>R\\u00e9gion\\\/D\\u00e9partement<\\\/b> Var<br><b>Code pays<\\\/b> FR<br><b>Pays<\\\/b> France<br>\\r\\n<b>XMP Data<\\\/b><br><b>Auteur<\\\/b> LOVISOLO-GUILLARD FRANK CESAR<br>\",\"alttext\":\"\",\"link\":\"\",\"imagedate\":\"2020-04-14 16:56:55\",\"hitcounter\":\"3\",\"total_value\":\"0\",\"total_votes\":\"0\",\"meta_data\":{\"aperture\":\"F 18\",\"credit\":false,\"camera\":\"Canon EOS 6D Mark II\",\"caption\":false,\"created_timestamp\":\"14 avril 2020 16 h 56 min\",\"copyright\":false,\"focal_length\":\"50min\",\"iso\":1600,\"shutter_speed\":\"1\\\/800sec\",\"flash\":\"Not fired\",\"title\":false,\"keywords\":false,\"width\":1440,\"height\":960,\"saved\":true,\"thumbnail\":{\"width\":300,\"height\":200},\"webview\":{\"0\":1440,\"1\":960,\"2\":2,\"3\":\"width=\\\"1440\\\" height=\\\"960\\\"\",\"bits\":8,\"channels\":3,\"mime\":\"image\\\/jpeg\"}}},{\"pid\":\"23455\",\"filename\":\"n039-une-preuve-devolution-005-avril-2020-frank-lovisolo-guillard.jpg\",\"description\":\"<b>Meta Data<\\\/b><br><b>Aper\\u00e7u<\\\/b> F 13<br><b>Cam\\u00e9ra<\\\/b> Canon EOS 6D Mark II<br><b>Date\\\/Heure<\\\/b> 16 avril 2020 8 h 54 min<br><b>Distance Focale<\\\/b> 50min<br><b>ISO<\\\/b> 1600<br><b>Vitesse de l'obturateur <\\\/b> 1\\\/160sec<br><b>Flash<\\\/b> Not fired<br><b>Image Width<\\\/b> 1440<br><b>Image Height<\\\/b> 960<br>\\r\\n<b>EXIF Data<\\\/b><br><b>Aper\\u00e7u<\\\/b> F 13<br><b>Date\\\/Heure<\\\/b> 16 avril 2020 8 h 54 min<br><b>Distance Focale<\\\/b> 50min<br><b>ISO<\\\/b> 1600<br><b>Vitesse de l'obturateur <\\\/b> 1\\\/160sec<br><b>Flash<\\\/b> Not fired<br><b>Cam\\u00e9ra<\\\/b> Canon EOS 6D Mark II<br><b>Cr\\u00e9ation<\\\/b> Canon<br>\\r\\n<b>IPTC Data<\\\/b><br><b>Date de cr\\u00e9ation<\\\/b> 20200416<br><b>Heure de cr\\u00e9ation<\\\/b> 085420<br><b>Auteur<\\\/b> LOVISOLO-GUILLARD FRANK CESAR<br><b>Ville<\\\/b> Toulon<br><b>R\\u00e9gion\\\/D\\u00e9partement<\\\/b> Var<br><b>Code pays<\\\/b> FR<br><b>Pays<\\\/b> France<br>\\r\\n<b>XMP Data<\\\/b><br><b>Auteur<\\\/b> LOVISOLO-GUILLARD FRANK CESAR<br>\",\"alttext\":\"\",\"link\":\"\",\"imagedate\":\"2020-04-16 08:54:20\",\"hitcounter\":\"3\",\"total_value\":\"0\",\"total_votes\":\"0\",\"meta_data\":{\"aperture\":\"F 13\",\"credit\":false,\"camera\":\"Canon EOS 6D Mark II\",\"caption\":false,\"created_timestamp\":\"16 avril 2020 8 h 54 min\",\"copyright\":false,\"focal_length\":\"50min\",\"iso\":1600,\"shutter_speed\":\"1\\\/160sec\",\"flash\":\"Not fired\",\"title\":false,\"keywords\":false,\"width\":1440,\"height\":960,\"saved\":true,\"thumbnail\":{\"width\":300,\"height\":200},\"webview\":{\"0\":1440,\"1\":960,\"2\":2,\"3\":\"width=\\\"1440\\\" height=\\\"960\\\"\",\"bits\":8,\"channels\":3,\"mime\":\"image\\\/jpeg\"}}},{\"pid\":\"23456\",\"filename\":\"n040-une-preuve-devolution-005-avril-2020-frank-lovisolo-guillard.jpg\",\"description\":\"<b>Meta Data<\\\/b><br><b>Aper\\u00e7u<\\\/b> F 2.2<br><b>Cam\\u00e9ra<\\\/b> Canon EOS 6D Mark II<br><b>Date\\\/Heure<\\\/b> 16 avril 2020 16 h 25 min<br><b>Distance Focale<\\\/b> 50min<br><b>ISO<\\\/b> 160<br><b>Vitesse de l'obturateur <\\\/b> 1\\\/3200sec<br><b>Flash<\\\/b> Not fired<br><b>Image Width<\\\/b> 1440<br><b>Image Height<\\\/b> 960<br>\\r\\n<b>EXIF Data<\\\/b><br><b>Aper\\u00e7u<\\\/b> F 2.2<br><b>Date\\\/Heure<\\\/b> 16 avril 2020 16 h 25 min<br><b>Distance Focale<\\\/b> 50min<br><b>ISO<\\\/b> 160<br><b>Vitesse de l'obturateur <\\\/b> 1\\\/3200sec<br><b>Flash<\\\/b> Not fired<br><b>Cam\\u00e9ra<\\\/b> Canon EOS 6D Mark II<br><b>Cr\\u00e9ation<\\\/b> Canon<br>\\r\\n<b>IPTC Data<\\\/b><br><b>Date de cr\\u00e9ation<\\\/b> 20200416<br><b>Heure de cr\\u00e9ation<\\\/b> 162503<br><b>Auteur<\\\/b> LOVISOLO-GUILLARD FRANK CESAR<br><b>Ville<\\\/b> Toulon<br><b>R\\u00e9gion\\\/D\\u00e9partement<\\\/b> Var<br><b>Code pays<\\\/b> FR<br><b>Pays<\\\/b> France<br>\\r\\n<b>XMP Data<\\\/b><br><b>Auteur<\\\/b> LOVISOLO-GUILLARD FRANK CESAR<br>\",\"alttext\":\"\",\"link\":\"\",\"imagedate\":\"2020-04-16 16:25:03\",\"hitcounter\":\"3\",\"total_value\":\"0\",\"total_votes\":\"0\",\"meta_data\":{\"aperture\":\"F 2.2\",\"credit\":false,\"camera\":\"Canon EOS 6D Mark II\",\"caption\":false,\"created_timestamp\":\"16 avril 2020 16 h 25 min\",\"copyright\":false,\"focal_length\":\"50min\",\"iso\":160,\"shutter_speed\":\"1\\\/3200sec\",\"flash\":\"Not fired\",\"title\":false,\"keywords\":false,\"width\":1440,\"height\":960,\"saved\":true,\"thumbnail\":{\"width\":300,\"height\":200},\"webview\":{\"0\":1440,\"1\":960,\"2\":2,\"3\":\"width=\\\"1440\\\" height=\\\"960\\\"\",\"bits\":8,\"channels\":3,\"mime\":\"image\\\/jpeg\"}}},{\"pid\":\"23457\",\"filename\":\"n041-une-preuve-devolution-005-avril-2020-frank-lovisolo-guillard.jpg\",\"description\":\"<b>Meta Data<\\\/b><br><b>Aper\\u00e7u<\\\/b> F 2.2<br><b>Cam\\u00e9ra<\\\/b> Canon EOS 6D Mark II<br><b>Date\\\/Heure<\\\/b> 16 avril 2020 16 h 25 min<br><b>Distance Focale<\\\/b> 50min<br><b>ISO<\\\/b> 160<br><b>Vitesse de l'obturateur <\\\/b> 1\\\/4000sec<br><b>Flash<\\\/b> Not fired<br><b>Image Width<\\\/b> 1440<br><b>Image Height<\\\/b> 960<br>\\r\\n<b>EXIF Data<\\\/b><br><b>Aper\\u00e7u<\\\/b> F 2.2<br><b>Date\\\/Heure<\\\/b> 16 avril 2020 16 h 25 min<br><b>Distance Focale<\\\/b> 50min<br><b>ISO<\\\/b> 160<br><b>Vitesse de l'obturateur <\\\/b> 1\\\/4000sec<br><b>Flash<\\\/b> Not fired<br><b>Cam\\u00e9ra<\\\/b> Canon EOS 6D Mark II<br><b>Cr\\u00e9ation<\\\/b> Canon<br>\\r\\n<b>IPTC Data<\\\/b><br><b>Date de cr\\u00e9ation<\\\/b> 20200416<br><b>Heure de cr\\u00e9ation<\\\/b> 162521<br><b>Auteur<\\\/b> LOVISOLO-GUILLARD FRANK CESAR<br><b>Ville<\\\/b> Toulon<br><b>R\\u00e9gion\\\/D\\u00e9partement<\\\/b> Var<br><b>Code pays<\\\/b> FR<br><b>Pays<\\\/b> France<br>\\r\\n<b>XMP Data<\\\/b><br><b>Auteur<\\\/b> LOVISOLO-GUILLARD FRANK CESAR<br>\",\"alttext\":\"\",\"link\":\"\",\"imagedate\":\"2020-04-16 16:25:21\",\"hitcounter\":\"3\",\"total_value\":\"0\",\"total_votes\":\"0\",\"meta_data\":{\"aperture\":\"F 2.2\",\"credit\":false,\"camera\":\"Canon EOS 6D Mark II\",\"caption\":false,\"created_timestamp\":\"16 avril 2020 16 h 25 min\",\"copyright\":false,\"focal_length\":\"50min\",\"iso\":160,\"shutter_speed\":\"1\\\/4000sec\",\"flash\":\"Not fired\",\"title\":false,\"keywords\":false,\"width\":1440,\"height\":960,\"saved\":true,\"thumbnail\":{\"width\":300,\"height\":200},\"webview\":{\"0\":1440,\"1\":960,\"2\":2,\"3\":\"width=\\\"1440\\\" height=\\\"960\\\"\",\"bits\":8,\"channels\":3,\"mime\":\"image\\\/jpeg\"}}},{\"pid\":\"23458\",\"filename\":\"n042-une-preuve-devolution-005-avril-2020-frank-lovisolo-guillard.jpg\",\"description\":\"<b>Meta Data<\\\/b><br><b>Aper\\u00e7u<\\\/b> F 2.2<br><b>Cam\\u00e9ra<\\\/b> Canon EOS 6D Mark II<br><b>Date\\\/Heure<\\\/b> 16 avril 2020 16 h 25 min<br><b>Distance Focale<\\\/b> 50min<br><b>ISO<\\\/b> 160<br><b>Vitesse de l'obturateur <\\\/b> 1\\\/3200sec<br><b>Flash<\\\/b> Not fired<br><b>Image Width<\\\/b> 1440<br><b>Image Height<\\\/b> 960<br>\\r\\n<b>EXIF Data<\\\/b><br><b>Aper\\u00e7u<\\\/b> F 2.2<br><b>Date\\\/Heure<\\\/b> 16 avril 2020 16 h 25 min<br><b>Distance Focale<\\\/b> 50min<br><b>ISO<\\\/b> 160<br><b>Vitesse de l'obturateur <\\\/b> 1\\\/3200sec<br><b>Flash<\\\/b> Not fired<br><b>Cam\\u00e9ra<\\\/b> Canon EOS 6D Mark II<br><b>Cr\\u00e9ation<\\\/b> Canon<br>\\r\\n<b>IPTC Data<\\\/b><br><b>Date de cr\\u00e9ation<\\\/b> 20200416<br><b>Heure de cr\\u00e9ation<\\\/b> 162530<br><b>Auteur<\\\/b> LOVISOLO-GUILLARD FRANK CESAR<br><b>Ville<\\\/b> Toulon<br><b>R\\u00e9gion\\\/D\\u00e9partement<\\\/b> Var<br><b>Code pays<\\\/b> FR<br><b>Pays<\\\/b> France<br>\\r\\n<b>XMP Data<\\\/b><br><b>Auteur<\\\/b> LOVISOLO-GUILLARD FRANK CESAR<br>\",\"alttext\":\"\",\"link\":\"\",\"imagedate\":\"2020-04-16 16:25:30\",\"hitcounter\":\"3\",\"total_value\":\"0\",\"total_votes\":\"0\",\"meta_data\":{\"aperture\":\"F 2.2\",\"credit\":false,\"camera\":\"Canon EOS 6D Mark II\",\"caption\":false,\"created_timestamp\":\"16 avril 2020 16 h 25 min\",\"copyright\":false,\"focal_length\":\"50min\",\"iso\":160,\"shutter_speed\":\"1\\\/3200sec\",\"flash\":\"Not fired\",\"title\":false,\"keywords\":false,\"width\":1440,\"height\":960,\"saved\":true,\"thumbnail\":{\"width\":300,\"height\":200},\"webview\":{\"0\":1440,\"1\":960,\"2\":2,\"3\":\"width=\\\"1440\\\" height=\\\"960\\\"\",\"bits\":8,\"channels\":3,\"mime\":\"image\\\/jpeg\"}}},{\"pid\":\"23459\",\"filename\":\"n043-une-preuve-devolution-005-avril-2020-frank-lovisolo-guillard.jpg\",\"description\":\"<b>Meta Data<\\\/b><br><b>Aper\\u00e7u<\\\/b> F 2.2<br><b>Cam\\u00e9ra<\\\/b> Canon EOS 6D Mark II<br><b>Date\\\/Heure<\\\/b> 16 avril 2020 16 h 26 min<br><b>Distance Focale<\\\/b> 50min<br><b>ISO<\\\/b> 160<br><b>Vitesse de l'obturateur <\\\/b> 1\\\/1000sec<br><b>Flash<\\\/b> Not fired<br><b>Image Width<\\\/b> 1440<br><b>Image Height<\\\/b> 960<br>\\r\\n<b>EXIF Data<\\\/b><br><b>Aper\\u00e7u<\\\/b> F 2.2<br><b>Date\\\/Heure<\\\/b> 16 avril 2020 16 h 26 min<br><b>Distance Focale<\\\/b> 50min<br><b>ISO<\\\/b> 160<br><b>Vitesse de l'obturateur <\\\/b> 1\\\/1000sec<br><b>Flash<\\\/b> Not fired<br><b>Cam\\u00e9ra<\\\/b> Canon EOS 6D Mark II<br><b>Cr\\u00e9ation<\\\/b> Canon<br>\\r\\n<b>IPTC Data<\\\/b><br><b>Date de cr\\u00e9ation<\\\/b> 20200416<br><b>Heure de cr\\u00e9ation<\\\/b> 162631<br><b>Auteur<\\\/b> LOVISOLO-GUILLARD FRANK CESAR<br><b>Ville<\\\/b> Toulon<br><b>R\\u00e9gion\\\/D\\u00e9partement<\\\/b> Var<br><b>Code pays<\\\/b> FR<br><b>Pays<\\\/b> France<br>\\r\\n<b>XMP Data<\\\/b><br><b>Auteur<\\\/b> LOVISOLO-GUILLARD FRANK CESAR<br>\",\"alttext\":\"\",\"link\":\"\",\"imagedate\":\"2020-04-16 16:26:31\",\"hitcounter\":\"3\",\"total_value\":\"0\",\"total_votes\":\"0\",\"meta_data\":{\"aperture\":\"F 2.2\",\"credit\":false,\"camera\":\"Canon EOS 6D Mark II\",\"caption\":false,\"created_timestamp\":\"16 avril 2020 16 h 26 min\",\"copyright\":false,\"focal_length\":\"50min\",\"iso\":160,\"shutter_speed\":\"1\\\/1000sec\",\"flash\":\"Not fired\",\"title\":false,\"keywords\":false,\"width\":1440,\"height\":960,\"saved\":true,\"thumbnail\":{\"width\":300,\"height\":200},\"webview\":{\"0\":1440,\"1\":960,\"2\":2,\"3\":\"width=\\\"1440\\\" height=\\\"960\\\"\",\"bits\":8,\"channels\":3,\"mime\":\"image\\\/jpeg\"}}},{\"pid\":\"23460\",\"filename\":\"n044-une-preuve-devolution-005-avril-2020-frank-lovisolo-guillard.jpg\",\"description\":\"<b>Meta Data<\\\/b><br><b>Aper\\u00e7u<\\\/b> F 2.2<br><b>Cam\\u00e9ra<\\\/b> Canon EOS 6D Mark II<br><b>Date\\\/Heure<\\\/b> 16 avril 2020 16 h 26 min<br><b>Distance Focale<\\\/b> 50min<br><b>ISO<\\\/b> 160<br><b>Vitesse de l'obturateur <\\\/b> 1\\\/1250sec<br><b>Flash<\\\/b> Not fired<br><b>Image Width<\\\/b> 1440<br><b>Image Height<\\\/b> 960<br>\\r\\n<b>EXIF Data<\\\/b><br><b>Aper\\u00e7u<\\\/b> F 2.2<br><b>Date\\\/Heure<\\\/b> 16 avril 2020 16 h 26 min<br><b>Distance Focale<\\\/b> 50min<br><b>ISO<\\\/b> 160<br><b>Vitesse de l'obturateur <\\\/b> 1\\\/1250sec<br><b>Flash<\\\/b> Not fired<br><b>Cam\\u00e9ra<\\\/b> Canon EOS 6D Mark II<br><b>Cr\\u00e9ation<\\\/b> Canon<br>\\r\\n<b>IPTC Data<\\\/b><br><b>Date de cr\\u00e9ation<\\\/b> 20200416<br><b>Heure de cr\\u00e9ation<\\\/b> 162658<br><b>Auteur<\\\/b> LOVISOLO-GUILLARD FRANK CESAR<br><b>Ville<\\\/b> Toulon<br><b>R\\u00e9gion\\\/D\\u00e9partement<\\\/b> Var<br><b>Code pays<\\\/b> FR<br><b>Pays<\\\/b> France<br>\\r\\n<b>XMP Data<\\\/b><br><b>Auteur<\\\/b> LOVISOLO-GUILLARD FRANK CESAR<br>\",\"alttext\":\"\",\"link\":\"\",\"imagedate\":\"2020-04-16 16:26:58\",\"hitcounter\":\"3\",\"total_value\":\"0\",\"total_votes\":\"0\",\"meta_data\":{\"aperture\":\"F 2.2\",\"credit\":false,\"camera\":\"Canon EOS 6D Mark II\",\"caption\":false,\"created_timestamp\":\"16 avril 2020 16 h 26 min\",\"copyright\":false,\"focal_length\":\"50min\",\"iso\":160,\"shutter_speed\":\"1\\\/1250sec\",\"flash\":\"Not fired\",\"title\":false,\"keywords\":false,\"width\":1440,\"height\":960,\"saved\":true,\"thumbnail\":{\"width\":300,\"height\":200},\"webview\":{\"0\":1440,\"1\":960,\"2\":2,\"3\":\"width=\\\"1440\\\" height=\\\"960\\\"\",\"bits\":8,\"channels\":3,\"mime\":\"image\\\/jpeg\"}}},{\"pid\":\"23461\",\"filename\":\"n045-une-preuve-devolution-005-avril-2020-frank-lovisolo-guillard.jpg\",\"description\":\"<b>Meta Data<\\\/b><br><b>Aper\\u00e7u<\\\/b> F 22<br><b>Cam\\u00e9ra<\\\/b> Canon EOS 6D Mark II<br><b>Date\\\/Heure<\\\/b> 22 avril 2020 15 h 03 min<br><b>Distance Focale<\\\/b> 50min<br><b>ISO<\\\/b> 8000<br><b>Vitesse de l'obturateur <\\\/b> 1\\\/320sec<br><b>Flash<\\\/b> Not fired<br><b>Image Width<\\\/b> 1440<br><b>Image Height<\\\/b> 960<br>\\r\\n<b>EXIF Data<\\\/b><br><b>Aper\\u00e7u<\\\/b> F 22<br><b>Date\\\/Heure<\\\/b> 22 avril 2020 15 h 03 min<br><b>Distance Focale<\\\/b> 50min<br><b>ISO<\\\/b> 8000<br><b>Vitesse de l'obturateur <\\\/b> 1\\\/320sec<br><b>Flash<\\\/b> Not fired<br><b>Cam\\u00e9ra<\\\/b> Canon EOS 6D Mark II<br><b>Cr\\u00e9ation<\\\/b> Canon<br>\\r\\n<b>IPTC Data<\\\/b><br><b>Date de cr\\u00e9ation<\\\/b> 20200422<br><b>Heure de cr\\u00e9ation<\\\/b> 150357<br><b>Auteur<\\\/b> LOVISOLO-GUILLARD FRANK CESAR<br><b>Ville<\\\/b> Toulon<br><b>R\\u00e9gion\\\/D\\u00e9partement<\\\/b> Var<br><b>Code pays<\\\/b> FR<br><b>Pays<\\\/b> France<br>\\r\\n<b>XMP Data<\\\/b><br><b>Auteur<\\\/b> LOVISOLO-GUILLARD FRANK CESAR<br>\",\"alttext\":\"\",\"link\":\"\",\"imagedate\":\"2020-04-22 15:03:57\",\"hitcounter\":\"3\",\"total_value\":\"0\",\"total_votes\":\"0\",\"meta_data\":{\"aperture\":\"F 22\",\"credit\":false,\"camera\":\"Canon EOS 6D Mark II\",\"caption\":false,\"created_timestamp\":\"22 avril 2020 15 h 03 min\",\"copyright\":false,\"focal_length\":\"50min\",\"iso\":8000,\"shutter_speed\":\"1\\\/320sec\",\"flash\":\"Not fired\",\"title\":false,\"keywords\":false,\"width\":1440,\"height\":960,\"saved\":true,\"thumbnail\":{\"width\":300,\"height\":200},\"webview\":{\"0\":1440,\"1\":960,\"2\":2,\"3\":\"width=\\\"1440\\\" height=\\\"960\\\"\",\"bits\":8,\"channels\":3,\"mime\":\"image\\\/jpeg\"}}},{\"pid\":\"23462\",\"filename\":\"n046-une-preuve-devolution-005-avril-2020-frank-lovisolo-guillard.jpg\",\"description\":\"<b>Meta Data<\\\/b><br><b>Aper\\u00e7u<\\\/b> F 22<br><b>Cam\\u00e9ra<\\\/b> Canon EOS 6D Mark II<br><b>Date\\\/Heure<\\\/b> 22 avril 2020 15 h 04 min<br><b>Distance Focale<\\\/b> 50min<br><b>ISO<\\\/b> 8000<br><b>Vitesse de l'obturateur <\\\/b> 1\\\/160sec<br><b>Flash<\\\/b> Not fired<br><b>Image Width<\\\/b> 1440<br><b>Image Height<\\\/b> 960<br>\\r\\n<b>EXIF Data<\\\/b><br><b>Aper\\u00e7u<\\\/b> F 22<br><b>Date\\\/Heure<\\\/b> 22 avril 2020 15 h 04 min<br><b>Distance Focale<\\\/b> 50min<br><b>ISO<\\\/b> 8000<br><b>Vitesse de l'obturateur <\\\/b> 1\\\/160sec<br><b>Flash<\\\/b> Not fired<br><b>Cam\\u00e9ra<\\\/b> Canon EOS 6D Mark II<br><b>Cr\\u00e9ation<\\\/b> Canon<br>\\r\\n<b>IPTC Data<\\\/b><br><b>Date de cr\\u00e9ation<\\\/b> 20200422<br><b>Heure de cr\\u00e9ation<\\\/b> 150419<br><b>Auteur<\\\/b> LOVISOLO-GUILLARD FRANK CESAR<br><b>Ville<\\\/b> Toulon<br><b>R\\u00e9gion\\\/D\\u00e9partement<\\\/b> Var<br><b>Code pays<\\\/b> FR<br><b>Pays<\\\/b> France<br>\\r\\n<b>XMP Data<\\\/b><br><b>Auteur<\\\/b> LOVISOLO-GUILLARD FRANK CESAR<br>\",\"alttext\":\"\",\"link\":\"\",\"imagedate\":\"2020-04-22 15:04:19\",\"hitcounter\":\"3\",\"total_value\":\"0\",\"total_votes\":\"0\",\"meta_data\":{\"aperture\":\"F 22\",\"credit\":false,\"camera\":\"Canon EOS 6D Mark II\",\"caption\":false,\"created_timestamp\":\"22 avril 2020 15 h 04 min\",\"copyright\":false,\"focal_length\":\"50min\",\"iso\":8000,\"shutter_speed\":\"1\\\/160sec\",\"flash\":\"Not fired\",\"title\":false,\"keywords\":false,\"width\":1440,\"height\":960,\"saved\":true,\"thumbnail\":{\"width\":300,\"height\":200},\"webview\":{\"0\":1440,\"1\":960,\"2\":2,\"3\":\"width=\\\"1440\\\" height=\\\"960\\\"\",\"bits\":8,\"channels\":3,\"mime\":\"image\\\/jpeg\"}}},{\"pid\":\"23463\",\"filename\":\"n047-une-preuve-devolution-005-avril-2020-frank-lovisolo-guillard.jpg\",\"description\":\"<b>Meta Data<\\\/b><br><b>Aper\\u00e7u<\\\/b> F 16<br><b>Cam\\u00e9ra<\\\/b> Canon EOS 6D Mark II<br><b>Date\\\/Heure<\\\/b> 22 avril 2020 15 h 04 min<br><b>Distance Focale<\\\/b> 50min<br><b>ISO<\\\/b> 8000<br><b>Vitesse de l'obturateur <\\\/b> 1\\\/400sec<br><b>Flash<\\\/b> Not fired<br><b>Image Width<\\\/b> 1440<br><b>Image Height<\\\/b> 960<br>\\r\\n<b>EXIF Data<\\\/b><br><b>Aper\\u00e7u<\\\/b> F 16<br><b>Date\\\/Heure<\\\/b> 22 avril 2020 15 h 04 min<br><b>Distance Focale<\\\/b> 50min<br><b>ISO<\\\/b> 8000<br><b>Vitesse de l'obturateur <\\\/b> 1\\\/400sec<br><b>Flash<\\\/b> Not fired<br><b>Cam\\u00e9ra<\\\/b> Canon EOS 6D Mark II<br><b>Cr\\u00e9ation<\\\/b> Canon<br>\\r\\n<b>IPTC Data<\\\/b><br><b>Date de cr\\u00e9ation<\\\/b> 20200422<br><b>Heure de cr\\u00e9ation<\\\/b> 150445<br><b>Auteur<\\\/b> LOVISOLO-GUILLARD FRANK CESAR<br><b>Ville<\\\/b> Toulon<br><b>R\\u00e9gion\\\/D\\u00e9partement<\\\/b> Var<br><b>Code pays<\\\/b> FR<br><b>Pays<\\\/b> France<br>\\r\\n<b>XMP Data<\\\/b><br><b>Auteur<\\\/b> LOVISOLO-GUILLARD FRANK CESAR<br>\",\"alttext\":\"\",\"link\":\"\",\"imagedate\":\"2020-04-22 15:04:45\",\"hitcounter\":\"3\",\"total_value\":\"0\",\"total_votes\":\"0\",\"meta_data\":{\"aperture\":\"F 16\",\"credit\":false,\"camera\":\"Canon EOS 6D Mark II\",\"caption\":false,\"created_timestamp\":\"22 avril 2020 15 h 04 min\",\"copyright\":false,\"focal_length\":\"50min\",\"iso\":8000,\"shutter_speed\":\"1\\\/400sec\",\"flash\":\"Not fired\",\"title\":false,\"keywords\":false,\"width\":1440,\"height\":960,\"saved\":true,\"thumbnail\":{\"width\":300,\"height\":200},\"webview\":{\"0\":1440,\"1\":960,\"2\":2,\"3\":\"width=\\\"1440\\\" height=\\\"960\\\"\",\"bits\":8,\"channels\":3,\"mime\":\"image\\\/jpeg\"}}},{\"pid\":\"23464\",\"filename\":\"n048-une-preuve-devolution-005-avril-2020-frank-lovisolo-guillard.jpg\",\"description\":\"<b>Meta Data<\\\/b><br><b>Aper\\u00e7u<\\\/b> F 16<br><b>Cam\\u00e9ra<\\\/b> Canon EOS 6D Mark II<br><b>Date\\\/Heure<\\\/b> 22 avril 2020 15 h 05 min<br><b>Distance Focale<\\\/b> 50min<br><b>ISO<\\\/b> 8000<br><b>Vitesse de l'obturateur <\\\/b> 1\\\/640sec<br><b>Flash<\\\/b> Not fired<br><b>Image Width<\\\/b> 1440<br><b>Image Height<\\\/b> 960<br>\\r\\n<b>EXIF Data<\\\/b><br><b>Aper\\u00e7u<\\\/b> F 16<br><b>Date\\\/Heure<\\\/b> 22 avril 2020 15 h 05 min<br><b>Distance Focale<\\\/b> 50min<br><b>ISO<\\\/b> 8000<br><b>Vitesse de l'obturateur <\\\/b> 1\\\/640sec<br><b>Flash<\\\/b> Not fired<br><b>Cam\\u00e9ra<\\\/b> Canon EOS 6D Mark II<br><b>Cr\\u00e9ation<\\\/b> Canon<br>\\r\\n<b>IPTC Data<\\\/b><br><b>Date de cr\\u00e9ation<\\\/b> 20200422<br><b>Heure de cr\\u00e9ation<\\\/b> 150513<br><b>Auteur<\\\/b> LOVISOLO-GUILLARD FRANK CESAR<br><b>Ville<\\\/b> Toulon<br><b>R\\u00e9gion\\\/D\\u00e9partement<\\\/b> Var<br><b>Code pays<\\\/b> FR<br><b>Pays<\\\/b> France<br>\\r\\n<b>XMP Data<\\\/b><br><b>Auteur<\\\/b> LOVISOLO-GUILLARD FRANK CESAR<br>\",\"alttext\":\"\",\"link\":\"\",\"imagedate\":\"2020-04-22 15:05:13\",\"hitcounter\":\"3\",\"total_value\":\"0\",\"total_votes\":\"0\",\"meta_data\":{\"aperture\":\"F 16\",\"credit\":false,\"camera\":\"Canon EOS 6D Mark II\",\"caption\":false,\"created_timestamp\":\"22 avril 2020 15 h 05 min\",\"copyright\":false,\"focal_length\":\"50min\",\"iso\":8000,\"shutter_speed\":\"1\\\/640sec\",\"flash\":\"Not fired\",\"title\":false,\"keywords\":false,\"width\":1440,\"height\":960,\"saved\":true,\"thumbnail\":{\"width\":300,\"height\":200},\"webview\":{\"0\":1440,\"1\":960,\"2\":2,\"3\":\"width=\\\"1440\\\" height=\\\"960\\\"\",\"bits\":8,\"channels\":3,\"mime\":\"image\\\/jpeg\"}}},{\"pid\":\"23465\",\"filename\":\"n049-une-preuve-devolution-005-avril-2020-frank-lovisolo-guillard.jpg\",\"description\":\"<b>Meta Data<\\\/b><br><b>Aper\\u00e7u<\\\/b> F 16<br><b>Cam\\u00e9ra<\\\/b> Canon EOS 6D Mark II<br><b>Date\\\/Heure<\\\/b> 22 avril 2020 15 h 06 min<br><b>Distance Focale<\\\/b> 50min<br><b>ISO<\\\/b> 8000<br><b>Vitesse de l'obturateur <\\\/b> 1\\\/160sec<br><b>Flash<\\\/b> Not fired<br><b>Image Width<\\\/b> 1440<br><b>Image Height<\\\/b> 960<br>\\r\\n<b>EXIF Data<\\\/b><br><b>Aper\\u00e7u<\\\/b> F 16<br><b>Date\\\/Heure<\\\/b> 22 avril 2020 15 h 06 min<br><b>Distance Focale<\\\/b> 50min<br><b>ISO<\\\/b> 8000<br><b>Vitesse de l'obturateur <\\\/b> 1\\\/160sec<br><b>Flash<\\\/b> Not fired<br><b>Cam\\u00e9ra<\\\/b> Canon EOS 6D Mark II<br><b>Cr\\u00e9ation<\\\/b> Canon<br>\\r\\n<b>IPTC Data<\\\/b><br><b>Date de cr\\u00e9ation<\\\/b> 20200422<br><b>Heure de cr\\u00e9ation<\\\/b> 150656<br><b>Auteur<\\\/b> LOVISOLO-GUILLARD FRANK CESAR<br><b>Ville<\\\/b> Toulon<br><b>R\\u00e9gion\\\/D\\u00e9partement<\\\/b> Var<br><b>Code pays<\\\/b> FR<br><b>Pays<\\\/b> France<br>\\r\\n<b>XMP Data<\\\/b><br><b>Auteur<\\\/b> LOVISOLO-GUILLARD FRANK CESAR<br>\",\"alttext\":\"\",\"link\":\"\",\"imagedate\":\"2020-04-22 15:06:56\",\"hitcounter\":\"3\",\"total_value\":\"0\",\"total_votes\":\"0\",\"meta_data\":{\"aperture\":\"F 16\",\"credit\":false,\"camera\":\"Canon EOS 6D Mark II\",\"caption\":false,\"created_timestamp\":\"22 avril 2020 15 h 06 min\",\"copyright\":false,\"focal_length\":\"50min\",\"iso\":8000,\"shutter_speed\":\"1\\\/160sec\",\"flash\":\"Not fired\",\"title\":false,\"keywords\":false,\"width\":1440,\"height\":960,\"saved\":true,\"thumbnail\":{\"width\":300,\"height\":200},\"webview\":{\"0\":1440,\"1\":960,\"2\":2,\"3\":\"width=\\\"1440\\\" height=\\\"960\\\"\",\"bits\":8,\"channels\":3,\"mime\":\"image\\\/jpeg\"}}},{\"pid\":\"23466\",\"filename\":\"n050-une-preuve-devolution-005-avril-2020-frank-lovisolo-guillard.jpg\",\"description\":\"<b>Meta Data<\\\/b><br><b>Aper\\u00e7u<\\\/b> F 16<br><b>Cam\\u00e9ra<\\\/b> Canon EOS 6D Mark II<br><b>Date\\\/Heure<\\\/b> 22 avril 2020 15 h 07 min<br><b>Distance Focale<\\\/b> 50min<br><b>ISO<\\\/b> 8000<br><b>Vitesse de l'obturateur <\\\/b> 1\\\/130sec<br><b>Flash<\\\/b> Not fired<br><b>Image Width<\\\/b> 1440<br><b>Image Height<\\\/b> 960<br>\\r\\n<b>EXIF Data<\\\/b><br><b>Aper\\u00e7u<\\\/b> F 16<br><b>Date\\\/Heure<\\\/b> 22 avril 2020 15 h 07 min<br><b>Distance Focale<\\\/b> 50min<br><b>ISO<\\\/b> 8000<br><b>Vitesse de l'obturateur <\\\/b> 1\\\/130sec<br><b>Flash<\\\/b> Not fired<br><b>Cam\\u00e9ra<\\\/b> Canon EOS 6D Mark II<br><b>Cr\\u00e9ation<\\\/b> Canon<br>\\r\\n<b>IPTC Data<\\\/b><br><b>Date de cr\\u00e9ation<\\\/b> 20200422<br><b>Heure de cr\\u00e9ation<\\\/b> 150718<br><b>Auteur<\\\/b> LOVISOLO-GUILLARD FRANK CESAR<br><b>Ville<\\\/b> Toulon<br><b>R\\u00e9gion\\\/D\\u00e9partement<\\\/b> Var<br><b>Code pays<\\\/b> FR<br><b>Pays<\\\/b> France<br>\\r\\n<b>XMP Data<\\\/b><br><b>Auteur<\\\/b> LOVISOLO-GUILLARD FRANK CESAR<br>\",\"alttext\":\"\",\"link\":\"\",\"imagedate\":\"2020-04-22 15:07:18\",\"hitcounter\":\"3\",\"total_value\":\"0\",\"total_votes\":\"0\",\"meta_data\":{\"aperture\":\"F 16\",\"credit\":false,\"camera\":\"Canon EOS 6D Mark II\",\"caption\":false,\"created_timestamp\":\"22 avril 2020 15 h 07 min\",\"copyright\":false,\"focal_length\":\"50min\",\"iso\":8000,\"shutter_speed\":\"1\\\/130sec\",\"flash\":\"Not fired\",\"title\":false,\"keywords\":false,\"width\":1440,\"height\":960,\"saved\":true,\"thumbnail\":{\"width\":300,\"height\":200},\"webview\":{\"0\":1440,\"1\":960,\"2\":2,\"3\":\"width=\\\"1440\\\" height=\\\"960\\\"\",\"bits\":8,\"channels\":3,\"mime\":\"image\\\/jpeg\"}}},{\"pid\":\"23467\",\"filename\":\"n051-une-preuve-devolution-005-avril-2020-frank-lovisolo-guillard.jpg\",\"description\":\"<b>Meta Data<\\\/b><br><b>Aper\\u00e7u<\\\/b> F 16<br><b>Cam\\u00e9ra<\\\/b> Canon EOS 6D Mark II<br><b>Date\\\/Heure<\\\/b> 22 avril 2020 15 h 07 min<br><b>Distance Focale<\\\/b> 50min<br><b>ISO<\\\/b> 8000<br><b>Vitesse de l'obturateur <\\\/b> 1\\\/200sec<br><b>Flash<\\\/b> Not fired<br><b>Image Width<\\\/b> 1440<br><b>Image Height<\\\/b> 960<br>\\n<b>EXIF Data<\\\/b><br><b>Aper\\u00e7u<\\\/b> F 16<br><b>Date\\\/Heure<\\\/b> 22 avril 2020 15 h 07 min<br><b>Distance Focale<\\\/b> 50min<br><b>ISO<\\\/b> 8000<br><b>Vitesse de l'obturateur <\\\/b> 1\\\/200sec<br><b>Flash<\\\/b> Not fired<br><b>Cam\\u00e9ra<\\\/b> Canon EOS 6D Mark II<br><b>Cr\\u00e9ation<\\\/b> Canon<br>\\n<b>IPTC Data<\\\/b><br><b>Date de cr\\u00e9ation<\\\/b> 20200422<br><b>Heure de cr\\u00e9ation<\\\/b> 150733<br><b>Auteur<\\\/b> LOVISOLO-GUILLARD FRANK CESAR<br><b>Ville<\\\/b> Toulon<br><b>R\\u00e9gion\\\/D\\u00e9partement<\\\/b> Var<br><b>Code pays<\\\/b> FR<br><b>Pays<\\\/b> France<br>\\n<b>XMP Data<\\\/b><br><b>Auteur<\\\/b> LOVISOLO-GUILLARD FRANK CESAR<br>\",\"alttext\":\"\",\"link\":null,\"imagedate\":\"2020-04-22 15:07:33\",\"hitcounter\":\"3\",\"total_value\":\"0\",\"total_votes\":\"0\",\"meta_data\":{\"aperture\":\"F 16\",\"credit\":false,\"camera\":\"Canon EOS 6D Mark II\",\"caption\":false,\"created_timestamp\":\"22 avril 2020 15 h 07 min\",\"copyright\":false,\"focal_length\":\"50min\",\"iso\":8000,\"shutter_speed\":\"1\\\/200sec\",\"flash\":\"Not fired\",\"title\":false,\"keywords\":false,\"width\":1440,\"height\":960,\"saved\":true,\"thumbnail\":{\"width\":300,\"height\":200},\"webview\":{\"0\":1440,\"1\":960,\"2\":2,\"3\":\"width=\\\"1440\\\" height=\\\"960\\\"\",\"bits\":8,\"channels\":3,\"mime\":\"image\\\/jpeg\"}}},{\"pid\":\"23468\",\"filename\":\"n052-une-preuve-devolution-005-avril-2020-frank-lovisolo-guillard.jpg\",\"description\":\"<b>Meta Data<\\\/b><br><b>Aper\\u00e7u<\\\/b> F 16<br><b>Cam\\u00e9ra<\\\/b> Canon EOS 6D Mark II<br><b>Date\\\/Heure<\\\/b> 22 avril 2020 15 h 07 min<br><b>Distance Focale<\\\/b> 50min<br><b>ISO<\\\/b> 8000<br><b>Vitesse de l'obturateur <\\\/b> 1\\\/640sec<br><b>Flash<\\\/b> Not fired<br><b>Image Width<\\\/b> 1440<br><b>Image Height<\\\/b> 960<br>\\n<b>EXIF Data<\\\/b><br><b>Aper\\u00e7u<\\\/b> F 16<br><b>Date\\\/Heure<\\\/b> 22 avril 2020 15 h 07 min<br><b>Distance Focale<\\\/b> 50min<br><b>ISO<\\\/b> 8000<br><b>Vitesse de l'obturateur <\\\/b> 1\\\/640sec<br><b>Flash<\\\/b> Not fired<br><b>Cam\\u00e9ra<\\\/b> Canon EOS 6D Mark II<br><b>Cr\\u00e9ation<\\\/b> Canon<br>\\n<b>IPTC Data<\\\/b><br><b>Date de cr\\u00e9ation<\\\/b> 20200422<br><b>Heure de cr\\u00e9ation<\\\/b> 150746<br><b>Auteur<\\\/b> LOVISOLO-GUILLARD FRANK CESAR<br><b>Ville<\\\/b> Toulon<br><b>R\\u00e9gion\\\/D\\u00e9partement<\\\/b> Var<br><b>Code pays<\\\/b> FR<br><b>Pays<\\\/b> France<br>\\n<b>XMP Data<\\\/b><br><b>Auteur<\\\/b> LOVISOLO-GUILLARD FRANK CESAR<br>\",\"alttext\":\"\",\"link\":null,\"imagedate\":\"2020-04-22 15:07:46\",\"hitcounter\":\"3\",\"total_value\":\"0\",\"total_votes\":\"0\",\"meta_data\":{\"aperture\":\"F 16\",\"credit\":false,\"camera\":\"Canon EOS 6D Mark II\",\"caption\":false,\"created_timestamp\":\"22 avril 2020 15 h 07 min\",\"copyright\":false,\"focal_length\":\"50min\",\"iso\":8000,\"shutter_speed\":\"1\\\/640sec\",\"flash\":\"Not fired\",\"title\":false,\"keywords\":false,\"width\":1440,\"height\":960,\"saved\":true,\"thumbnail\":{\"width\":300,\"height\":200},\"webview\":{\"0\":1440,\"1\":960,\"2\":2,\"3\":\"width=\\\"1440\\\" height=\\\"960\\\"\",\"bits\":8,\"channels\":3,\"mime\":\"image\\\/jpeg\"}}},{\"pid\":\"23469\",\"filename\":\"n053-une-preuve-devolution-005-avril-2020-frank-lovisolo-guillard.jpg\",\"description\":\"<b>Meta Data<\\\/b><br><b>Aper\\u00e7u<\\\/b> F 22<br><b>Cam\\u00e9ra<\\\/b> Canon EOS 6D Mark II<br><b>Date\\\/Heure<\\\/b> 22 avril 2020 15 h 11 min<br><b>Distance Focale<\\\/b> 50min<br><b>ISO<\\\/b> 8000<br><b>Vitesse de l'obturateur <\\\/b> 1\\\/200sec<br><b>Flash<\\\/b> Not fired<br><b>Image Width<\\\/b> 1440<br><b>Image Height<\\\/b> 960<br>\\n<b>EXIF Data<\\\/b><br><b>Aper\\u00e7u<\\\/b> F 22<br><b>Date\\\/Heure<\\\/b> 22 avril 2020 15 h 11 min<br><b>Distance Focale<\\\/b> 50min<br><b>ISO<\\\/b> 8000<br><b>Vitesse de l'obturateur <\\\/b> 1\\\/200sec<br><b>Flash<\\\/b> Not fired<br><b>Cam\\u00e9ra<\\\/b> Canon EOS 6D Mark II<br><b>Cr\\u00e9ation<\\\/b> Canon<br>\\n<b>IPTC Data<\\\/b><br><b>Date de cr\\u00e9ation<\\\/b> 20200422<br><b>Heure de cr\\u00e9ation<\\\/b> 151146<br><b>Auteur<\\\/b> LOVISOLO-GUILLARD FRANK CESAR<br><b>Ville<\\\/b> Toulon<br><b>R\\u00e9gion\\\/D\\u00e9partement<\\\/b> Var<br><b>Code pays<\\\/b> FR<br><b>Pays<\\\/b> France<br>\\n<b>XMP Data<\\\/b><br><b>Auteur<\\\/b> LOVISOLO-GUILLARD FRANK CESAR<br>\",\"alttext\":\"\",\"link\":null,\"imagedate\":\"2020-04-22 15:11:46\",\"hitcounter\":\"3\",\"total_value\":\"0\",\"total_votes\":\"0\",\"meta_data\":{\"aperture\":\"F 22\",\"credit\":false,\"camera\":\"Canon EOS 6D Mark II\",\"caption\":false,\"created_timestamp\":\"22 avril 2020 15 h 11 min\",\"copyright\":false,\"focal_length\":\"50min\",\"iso\":8000,\"shutter_speed\":\"1\\\/200sec\",\"flash\":\"Not fired\",\"title\":false,\"keywords\":false,\"width\":1440,\"height\":960,\"saved\":true,\"thumbnail\":{\"width\":300,\"height\":200},\"webview\":{\"0\":1440,\"1\":960,\"2\":2,\"3\":\"width=\\\"1440\\\" height=\\\"960\\\"\",\"bits\":8,\"channels\":3,\"mime\":\"image\\\/jpeg\"}}},{\"pid\":\"23470\",\"filename\":\"n054-une-preuve-devolution-005-avril-2020-frank-lovisolo-guillard.jpg\",\"description\":\"<b>Meta Data<\\\/b><br><b>Aper\\u00e7u<\\\/b> F 22<br><b>Cam\\u00e9ra<\\\/b> Canon EOS 6D Mark II<br><b>Date\\\/Heure<\\\/b> 24 avril 2020 11 h 09 min<br><b>Distance Focale<\\\/b> 50min<br><b>ISO<\\\/b> 1600<br><b>Vitesse de l'obturateur <\\\/b> 1\\\/250sec<br><b>Flash<\\\/b> Not fired<br><b>Image Width<\\\/b> 1440<br><b>Image Height<\\\/b> 960<br>\\n<b>EXIF Data<\\\/b><br><b>Aper\\u00e7u<\\\/b> F 22<br><b>Date\\\/Heure<\\\/b> 24 avril 2020 11 h 09 min<br><b>Distance Focale<\\\/b> 50min<br><b>ISO<\\\/b> 1600<br><b>Vitesse de l'obturateur <\\\/b> 1\\\/250sec<br><b>Flash<\\\/b> Not fired<br><b>Cam\\u00e9ra<\\\/b> Canon EOS 6D Mark II<br><b>Cr\\u00e9ation<\\\/b> Canon<br>\\n<b>IPTC Data<\\\/b><br><b>Date de cr\\u00e9ation<\\\/b> 20200424<br><b>Heure de cr\\u00e9ation<\\\/b> 110913<br><b>Auteur<\\\/b> LOVISOLO-GUILLARD FRANK CESAR<br><b>Ville<\\\/b> Toulon<br><b>R\\u00e9gion\\\/D\\u00e9partement<\\\/b> Var<br><b>Code pays<\\\/b> FR<br><b>Pays<\\\/b> France<br>\\n<b>XMP Data<\\\/b><br><b>Auteur<\\\/b> LOVISOLO-GUILLARD FRANK CESAR<br>\",\"alttext\":\"\",\"link\":null,\"imagedate\":\"2020-04-24 11:09:13\",\"hitcounter\":\"3\",\"total_value\":\"0\",\"total_votes\":\"0\",\"meta_data\":{\"aperture\":\"F 22\",\"credit\":false,\"camera\":\"Canon EOS 6D Mark II\",\"caption\":false,\"created_timestamp\":\"24 avril 2020 11 h 09 min\",\"copyright\":false,\"focal_length\":\"50min\",\"iso\":1600,\"shutter_speed\":\"1\\\/250sec\",\"flash\":\"Not fired\",\"title\":false,\"keywords\":false,\"width\":1440,\"height\":960,\"saved\":true,\"thumbnail\":{\"width\":300,\"height\":200},\"webview\":{\"0\":1440,\"1\":960,\"2\":2,\"3\":\"width=\\\"1440\\\" height=\\\"960\\\"\",\"bits\":8,\"channels\":3,\"mime\":\"image\\\/jpeg\"}}},{\"pid\":\"23471\",\"filename\":\"n055-une-preuve-devolution-005-avril-2020-frank-lovisolo-guillard.jpg\",\"description\":\"<b>Meta Data<\\\/b><br><b>Aper\\u00e7u<\\\/b> F 22<br><b>Cam\\u00e9ra<\\\/b> Canon EOS 6D Mark II<br><b>Date\\\/Heure<\\\/b> 24 avril 2020 11 h 09 min<br><b>Distance Focale<\\\/b> 50min<br><b>ISO<\\\/b> 1600<br><b>Vitesse de l'obturateur <\\\/b> 1\\\/320sec<br><b>Flash<\\\/b> Not fired<br><b>Image Width<\\\/b> 1440<br><b>Image Height<\\\/b> 960<br>\\n<b>EXIF Data<\\\/b><br><b>Aper\\u00e7u<\\\/b> F 22<br><b>Date\\\/Heure<\\\/b> 24 avril 2020 11 h 09 min<br><b>Distance Focale<\\\/b> 50min<br><b>ISO<\\\/b> 1600<br><b>Vitesse de l'obturateur <\\\/b> 1\\\/320sec<br><b>Flash<\\\/b> Not fired<br><b>Cam\\u00e9ra<\\\/b> Canon EOS 6D Mark II<br><b>Cr\\u00e9ation<\\\/b> Canon<br>\\n<b>IPTC Data<\\\/b><br><b>Date de cr\\u00e9ation<\\\/b> 20200424<br><b>Heure de cr\\u00e9ation<\\\/b> 110924<br><b>Auteur<\\\/b> LOVISOLO-GUILLARD FRANK CESAR<br><b>Ville<\\\/b> Toulon<br><b>R\\u00e9gion\\\/D\\u00e9partement<\\\/b> Var<br><b>Code pays<\\\/b> FR<br><b>Pays<\\\/b> France<br>\\n<b>XMP Data<\\\/b><br><b>Auteur<\\\/b> LOVISOLO-GUILLARD FRANK CESAR<br>\",\"alttext\":\"\",\"link\":null,\"imagedate\":\"2020-04-24 11:09:24\",\"hitcounter\":\"3\",\"total_value\":\"0\",\"total_votes\":\"0\",\"meta_data\":{\"aperture\":\"F 22\",\"credit\":false,\"camera\":\"Canon EOS 6D Mark II\",\"caption\":false,\"created_timestamp\":\"24 avril 2020 11 h 09 min\",\"copyright\":false,\"focal_length\":\"50min\",\"iso\":1600,\"shutter_speed\":\"1\\\/320sec\",\"flash\":\"Not fired\",\"title\":false,\"keywords\":false,\"width\":1440,\"height\":960,\"saved\":true,\"thumbnail\":{\"width\":300,\"height\":200},\"webview\":{\"0\":1440,\"1\":960,\"2\":2,\"3\":\"width=\\\"1440\\\" height=\\\"960\\\"\",\"bits\":8,\"channels\":3,\"mime\":\"image\\\/jpeg\"}}},{\"pid\":\"23472\",\"filename\":\"n056-une-preuve-devolution-005-avril-2020-frank-lovisolo-guillard.jpg\",\"description\":\"<b>Meta Data<\\\/b><br><b>Aper\\u00e7u<\\\/b> F 22<br><b>Cam\\u00e9ra<\\\/b> Canon EOS 6D Mark II<br><b>Date\\\/Heure<\\\/b> 24 avril 2020 11 h 09 min<br><b>Distance Focale<\\\/b> 50min<br><b>ISO<\\\/b> 1600<br><b>Vitesse de l'obturateur <\\\/b> 1\\\/640sec<br><b>Flash<\\\/b> Not fired<br><b>Image Width<\\\/b> 1440<br><b>Image Height<\\\/b> 960<br>\\n<b>EXIF Data<\\\/b><br><b>Aper\\u00e7u<\\\/b> F 22<br><b>Date\\\/Heure<\\\/b> 24 avril 2020 11 h 09 min<br><b>Distance Focale<\\\/b> 50min<br><b>ISO<\\\/b> 1600<br><b>Vitesse de l'obturateur <\\\/b> 1\\\/640sec<br><b>Flash<\\\/b> Not fired<br><b>Cam\\u00e9ra<\\\/b> Canon EOS 6D Mark II<br><b>Cr\\u00e9ation<\\\/b> Canon<br>\\n<b>IPTC Data<\\\/b><br><b>Date de cr\\u00e9ation<\\\/b> 20200424<br><b>Heure de cr\\u00e9ation<\\\/b> 110933<br><b>Auteur<\\\/b> LOVISOLO-GUILLARD FRANK CESAR<br><b>Ville<\\\/b> Toulon<br><b>R\\u00e9gion\\\/D\\u00e9partement<\\\/b> Var<br><b>Code pays<\\\/b> FR<br><b>Pays<\\\/b> France<br>\\n<b>XMP Data<\\\/b><br><b>Auteur<\\\/b> LOVISOLO-GUILLARD FRANK CESAR<br>\",\"alttext\":\"\",\"link\":null,\"imagedate\":\"2020-04-24 11:09:33\",\"hitcounter\":\"3\",\"total_value\":\"0\",\"total_votes\":\"0\",\"meta_data\":{\"aperture\":\"F 22\",\"credit\":false,\"camera\":\"Canon EOS 6D Mark II\",\"caption\":false,\"created_timestamp\":\"24 avril 2020 11 h 09 min\",\"copyright\":false,\"focal_length\":\"50min\",\"iso\":1600,\"shutter_speed\":\"1\\\/640sec\",\"flash\":\"Not fired\",\"title\":false,\"keywords\":false,\"width\":1440,\"height\":960,\"saved\":true,\"thumbnail\":{\"width\":300,\"height\":200},\"webview\":{\"0\":1440,\"1\":960,\"2\":2,\"3\":\"width=\\\"1440\\\" height=\\\"960\\\"\",\"bits\":8,\"channels\":3,\"mime\":\"image\\\/jpeg\"}}},{\"pid\":\"23473\",\"filename\":\"n057-une-preuve-devolution-005-avril-2020-frank-lovisolo-guillard.jpg\",\"description\":\"<b>Meta Data<\\\/b><br><b>Aper\\u00e7u<\\\/b> F 22<br><b>Cam\\u00e9ra<\\\/b> Canon EOS 6D Mark II<br><b>Date\\\/Heure<\\\/b> 24 avril 2020 11 h 11 min<br><b>Distance Focale<\\\/b> 50min<br><b>ISO<\\\/b> 1600<br><b>Vitesse de l'obturateur <\\\/b> 1\\\/320sec<br><b>Flash<\\\/b> Not fired<br><b>Image Width<\\\/b> 1440<br><b>Image Height<\\\/b> 960<br>\\n<b>EXIF Data<\\\/b><br><b>Aper\\u00e7u<\\\/b> F 22<br><b>Date\\\/Heure<\\\/b> 24 avril 2020 11 h 11 min<br><b>Distance Focale<\\\/b> 50min<br><b>ISO<\\\/b> 1600<br><b>Vitesse de l'obturateur <\\\/b> 1\\\/320sec<br><b>Flash<\\\/b> Not fired<br><b>Cam\\u00e9ra<\\\/b> Canon EOS 6D Mark II<br><b>Cr\\u00e9ation<\\\/b> Canon<br>\\n<b>IPTC Data<\\\/b><br><b>Date de cr\\u00e9ation<\\\/b> 20200424<br><b>Heure de cr\\u00e9ation<\\\/b> 111139<br><b>Auteur<\\\/b> LOVISOLO-GUILLARD FRANK CESAR<br><b>Ville<\\\/b> Toulon<br><b>R\\u00e9gion\\\/D\\u00e9partement<\\\/b> Var<br><b>Code pays<\\\/b> FR<br><b>Pays<\\\/b> France<br>\\n<b>XMP Data<\\\/b><br><b>Auteur<\\\/b> LOVISOLO-GUILLARD FRANK CESAR<br>\",\"alttext\":\"\",\"link\":null,\"imagedate\":\"2020-04-24 11:11:39\",\"hitcounter\":\"4\",\"total_value\":\"0\",\"total_votes\":\"0\",\"meta_data\":{\"aperture\":\"F 22\",\"credit\":false,\"camera\":\"Canon EOS 6D Mark II\",\"caption\":false,\"created_timestamp\":\"24 avril 2020 11 h 11 min\",\"copyright\":false,\"focal_length\":\"50min\",\"iso\":1600,\"shutter_speed\":\"1\\\/320sec\",\"flash\":\"Not fired\",\"title\":false,\"keywords\":false,\"width\":1440,\"height\":960,\"saved\":true,\"thumbnail\":{\"width\":300,\"height\":200},\"webview\":{\"0\":1440,\"1\":960,\"2\":2,\"3\":\"width=\\\"1440\\\" height=\\\"960\\\"\",\"bits\":8,\"channels\":3,\"mime\":\"image\\\/jpeg\"}}},{\"pid\":\"23474\",\"filename\":\"n058-une-preuve-devolution-005-avril-2020-frank-lovisolo-guillard.jpg\",\"description\":\"<b>Meta Data<\\\/b><br><b>Aper\\u00e7u<\\\/b> F 9<br><b>Cam\\u00e9ra<\\\/b> Canon EOS 6D Mark II<br><b>Date\\\/Heure<\\\/b> 25 avril 2020 17 h 59 min<br><b>Distance Focale<\\\/b> 300min<br><b>ISO<\\\/b> 1600<br><b>Vitesse de l'obturateur <\\\/b> 1\\\/500sec<br><b>Flash<\\\/b> Not fired<br><b>Image Width<\\\/b> 1440<br><b>Image Height<\\\/b> 960<br>\\n<b>EXIF Data<\\\/b><br><b>Aper\\u00e7u<\\\/b> F 9<br><b>Date\\\/Heure<\\\/b> 25 avril 2020 17 h 59 min<br><b>Distance Focale<\\\/b> 300min<br><b>ISO<\\\/b> 1600<br><b>Vitesse de l'obturateur <\\\/b> 1\\\/500sec<br><b>Flash<\\\/b> Not fired<br><b>Cam\\u00e9ra<\\\/b> Canon EOS 6D Mark II<br><b>Cr\\u00e9ation<\\\/b> Canon<br>\\n<b>IPTC Data<\\\/b><br><b>Date de cr\\u00e9ation<\\\/b> 20200425<br><b>Heure de cr\\u00e9ation<\\\/b> 175904<br><b>Auteur<\\\/b> LOVISOLO-GUILLARD FRANK CESAR<br><b>Ville<\\\/b> Toulon<br><b>R\\u00e9gion\\\/D\\u00e9partement<\\\/b> Var<br><b>Code pays<\\\/b> FR<br><b>Pays<\\\/b> France<br>\\n<b>XMP Data<\\\/b><br><b>Auteur<\\\/b> LOVISOLO-GUILLARD FRANK CESAR<br>\",\"alttext\":\"\",\"link\":null,\"imagedate\":\"2020-04-25 17:59:04\",\"hitcounter\":\"3\",\"total_value\":\"0\",\"total_votes\":\"0\",\"meta_data\":{\"aperture\":\"F 9\",\"credit\":false,\"camera\":\"Canon EOS 6D Mark II\",\"caption\":false,\"created_timestamp\":\"25 avril 2020 17 h 59 min\",\"copyright\":false,\"focal_length\":\"300min\",\"iso\":1600,\"shutter_speed\":\"1\\\/500sec\",\"flash\":\"Not fired\",\"title\":false,\"keywords\":false,\"width\":1440,\"height\":960,\"saved\":true,\"thumbnail\":{\"width\":300,\"height\":200},\"webview\":{\"0\":1440,\"1\":960,\"2\":2,\"3\":\"width=\\\"1440\\\" height=\\\"960\\\"\",\"bits\":8,\"channels\":3,\"mime\":\"image\\\/jpeg\"}}},{\"pid\":\"23475\",\"filename\":\"n059-une-preuve-devolution-005-avril-2020-frank-lovisolo-guillard.jpg\",\"description\":\"<b>Meta Data<\\\/b><br><b>Aper\\u00e7u<\\\/b> F 9<br><b>Cam\\u00e9ra<\\\/b> Canon EOS 6D Mark II<br><b>Date\\\/Heure<\\\/b> 25 avril 2020 17 h 59 min<br><b>Distance Focale<\\\/b> 300min<br><b>ISO<\\\/b> 1600<br><b>Vitesse de l'obturateur <\\\/b> 1\\\/640sec<br><b>Flash<\\\/b> Not fired<br><b>Image Width<\\\/b> 1440<br><b>Image Height<\\\/b> 960<br>\\n<b>EXIF Data<\\\/b><br><b>Aper\\u00e7u<\\\/b> F 9<br><b>Date\\\/Heure<\\\/b> 25 avril 2020 17 h 59 min<br><b>Distance Focale<\\\/b> 300min<br><b>ISO<\\\/b> 1600<br><b>Vitesse de l'obturateur <\\\/b> 1\\\/640sec<br><b>Flash<\\\/b> Not fired<br><b>Cam\\u00e9ra<\\\/b> Canon EOS 6D Mark II<br><b>Cr\\u00e9ation<\\\/b> Canon<br>\\n<b>IPTC Data<\\\/b><br><b>Date de cr\\u00e9ation<\\\/b> 20200425<br><b>Heure de cr\\u00e9ation<\\\/b> 175931<br><b>Auteur<\\\/b> LOVISOLO-GUILLARD FRANK CESAR<br><b>Ville<\\\/b> Toulon<br><b>R\\u00e9gion\\\/D\\u00e9partement<\\\/b> Var<br><b>Code pays<\\\/b> FR<br><b>Pays<\\\/b> France<br>\\n<b>XMP Data<\\\/b><br><b>Auteur<\\\/b> LOVISOLO-GUILLARD FRANK CESAR<br>\",\"alttext\":\"\",\"link\":null,\"imagedate\":\"2020-04-25 17:59:31\",\"hitcounter\":\"3\",\"total_value\":\"0\",\"total_votes\":\"0\",\"meta_data\":{\"aperture\":\"F 9\",\"credit\":false,\"camera\":\"Canon EOS 6D Mark II\",\"caption\":false,\"created_timestamp\":\"25 avril 2020 17 h 59 min\",\"copyright\":false,\"focal_length\":\"300min\",\"iso\":1600,\"shutter_speed\":\"1\\\/640sec\",\"flash\":\"Not fired\",\"title\":false,\"keywords\":false,\"width\":1440,\"height\":960,\"saved\":true,\"thumbnail\":{\"width\":300,\"height\":200},\"webview\":{\"0\":1440,\"1\":960,\"2\":2,\"3\":\"width=\\\"1440\\\" height=\\\"960\\\"\",\"bits\":8,\"channels\":3,\"mime\":\"image\\\/jpeg\"}}},{\"pid\":\"23476\",\"filename\":\"n060-une-preuve-devolution-005-avril-2020-frank-lovisolo-guillard.jpg\",\"description\":\"<b>Meta Data<\\\/b><br><b>Aper\\u00e7u<\\\/b> F 9<br><b>Cam\\u00e9ra<\\\/b> Canon EOS 6D Mark II<br><b>Date\\\/Heure<\\\/b> 25 avril 2020 18 h 00 min<br><b>Distance Focale<\\\/b> 300min<br><b>ISO<\\\/b> 1600<br><b>Vitesse de l'obturateur <\\\/b> 1\\\/500sec<br><b>Flash<\\\/b> Not fired<br><b>Image Width<\\\/b> 1440<br><b>Image Height<\\\/b> 960<br>\\n<b>EXIF Data<\\\/b><br><b>Aper\\u00e7u<\\\/b> F 9<br><b>Date\\\/Heure<\\\/b> 25 avril 2020 18 h 00 min<br><b>Distance Focale<\\\/b> 300min<br><b>ISO<\\\/b> 1600<br><b>Vitesse de l'obturateur <\\\/b> 1\\\/500sec<br><b>Flash<\\\/b> Not fired<br><b>Cam\\u00e9ra<\\\/b> Canon EOS 6D Mark II<br><b>Cr\\u00e9ation<\\\/b> Canon<br>\\n<b>IPTC Data<\\\/b><br><b>Date de cr\\u00e9ation<\\\/b> 20200425<br><b>Heure de cr\\u00e9ation<\\\/b> 180044<br><b>Auteur<\\\/b> LOVISOLO-GUILLARD FRANK CESAR<br><b>Ville<\\\/b> Toulon<br><b>R\\u00e9gion\\\/D\\u00e9partement<\\\/b> Var<br><b>Code pays<\\\/b> FR<br><b>Pays<\\\/b> France<br>\\n<b>XMP Data<\\\/b><br><b>Auteur<\\\/b> LOVISOLO-GUILLARD FRANK CESAR<br>\",\"alttext\":\"\",\"link\":null,\"imagedate\":\"2020-04-25 18:00:44\",\"hitcounter\":\"4\",\"total_value\":\"0\",\"total_votes\":\"0\",\"meta_data\":{\"aperture\":\"F 9\",\"credit\":false,\"camera\":\"Canon EOS 6D Mark II\",\"caption\":false,\"created_timestamp\":\"25 avril 2020 18 h 00 min\",\"copyright\":false,\"focal_length\":\"300min\",\"iso\":1600,\"shutter_speed\":\"1\\\/500sec\",\"flash\":\"Not fired\",\"title\":false,\"keywords\":false,\"width\":1440,\"height\":960,\"saved\":true,\"thumbnail\":{\"width\":300,\"height\":200},\"webview\":{\"0\":1440,\"1\":960,\"2\":2,\"3\":\"width=\\\"1440\\\" height=\\\"960\\\"\",\"bits\":8,\"channels\":3,\"mime\":\"image\\\/jpeg\"}}},{\"pid\":\"23477\",\"filename\":\"n061-une-preuve-devolution-005-avril-2020-frank-lovisolo-guillard.jpg\",\"description\":\"<b>Meta Data<\\\/b><br><b>Aper\\u00e7u<\\\/b> F 9<br><b>Cam\\u00e9ra<\\\/b> Canon EOS 6D Mark II<br><b>Date\\\/Heure<\\\/b> 25 avril 2020 18 h 00 min<br><b>Distance Focale<\\\/b> 300min<br><b>ISO<\\\/b> 1600<br><b>Vitesse de l'obturateur <\\\/b> 1\\\/500sec<br><b>Flash<\\\/b> Not fired<br><b>Image Width<\\\/b> 1440<br><b>Image Height<\\\/b> 960<br>\\n<b>EXIF Data<\\\/b><br><b>Aper\\u00e7u<\\\/b> F 9<br><b>Date\\\/Heure<\\\/b> 25 avril 2020 18 h 00 min<br><b>Distance Focale<\\\/b> 300min<br><b>ISO<\\\/b> 1600<br><b>Vitesse de l'obturateur <\\\/b> 1\\\/500sec<br><b>Flash<\\\/b> Not fired<br><b>Cam\\u00e9ra<\\\/b> Canon EOS 6D Mark II<br><b>Cr\\u00e9ation<\\\/b> Canon<br>\\n<b>IPTC Data<\\\/b><br><b>Date de cr\\u00e9ation<\\\/b> 20200425<br><b>Heure de cr\\u00e9ation<\\\/b> 180052<br><b>Auteur<\\\/b> LOVISOLO-GUILLARD FRANK CESAR<br><b>Ville<\\\/b> Toulon<br><b>R\\u00e9gion\\\/D\\u00e9partement<\\\/b> Var<br><b>Code pays<\\\/b> FR<br><b>Pays<\\\/b> France<br>\\n<b>XMP Data<\\\/b><br><b>Auteur<\\\/b> LOVISOLO-GUILLARD FRANK CESAR<br>\",\"alttext\":\"\",\"link\":null,\"imagedate\":\"2020-04-25 18:00:52\",\"hitcounter\":\"3\",\"total_value\":\"0\",\"total_votes\":\"0\",\"meta_data\":{\"aperture\":\"F 9\",\"credit\":false,\"camera\":\"Canon EOS 6D Mark II\",\"caption\":false,\"created_timestamp\":\"25 avril 2020 18 h 00 min\",\"copyright\":false,\"focal_length\":\"300min\",\"iso\":1600,\"shutter_speed\":\"1\\\/500sec\",\"flash\":\"Not fired\",\"title\":false,\"keywords\":false,\"width\":1440,\"height\":960,\"saved\":true,\"thumbnail\":{\"width\":300,\"height\":200},\"webview\":{\"0\":1440,\"1\":960,\"2\":2,\"3\":\"width=\\\"1440\\\" height=\\\"960\\\"\",\"bits\":8,\"channels\":3,\"mime\":\"image\\\/jpeg\"}}},{\"pid\":\"23478\",\"filename\":\"n062-une-preuve-devolution-005-avril-2020-frank-lovisolo-guillard.jpg\",\"description\":\"<b>Meta Data<\\\/b><br><b>Aper\\u00e7u<\\\/b> F 20<br><b>Cam\\u00e9ra<\\\/b> Canon EOS 6D Mark II<br><b>Date\\\/Heure<\\\/b> 25 avril 2020 18 h 01 min<br><b>Distance Focale<\\\/b> 300min<br><b>ISO<\\\/b> 1600<br><b>Vitesse de l'obturateur <\\\/b> 1\\\/250sec<br><b>Flash<\\\/b> Not fired<br><b>Image Width<\\\/b> 1440<br><b>Image Height<\\\/b> 960<br>\\n<b>EXIF Data<\\\/b><br><b>Aper\\u00e7u<\\\/b> F 20<br><b>Date\\\/Heure<\\\/b> 25 avril 2020 18 h 01 min<br><b>Distance Focale<\\\/b> 300min<br><b>ISO<\\\/b> 1600<br><b>Vitesse de l'obturateur <\\\/b> 1\\\/250sec<br><b>Flash<\\\/b> Not fired<br><b>Cam\\u00e9ra<\\\/b> Canon EOS 6D Mark II<br><b>Cr\\u00e9ation<\\\/b> Canon<br>\\n<b>IPTC Data<\\\/b><br><b>Date de cr\\u00e9ation<\\\/b> 20200425<br><b>Heure de cr\\u00e9ation<\\\/b> 180126<br><b>Auteur<\\\/b> LOVISOLO-GUILLARD FRANK CESAR<br><b>Ville<\\\/b> Toulon<br><b>R\\u00e9gion\\\/D\\u00e9partement<\\\/b> Var<br><b>Code pays<\\\/b> FR<br><b>Pays<\\\/b> France<br>\\n<b>XMP Data<\\\/b><br><b>Auteur<\\\/b> LOVISOLO-GUILLARD FRANK CESAR<br>\",\"alttext\":\"\",\"link\":null,\"imagedate\":\"2020-04-25 18:01:26\",\"hitcounter\":\"3\",\"total_value\":\"0\",\"total_votes\":\"0\",\"meta_data\":{\"aperture\":\"F 20\",\"credit\":false,\"camera\":\"Canon EOS 6D Mark II\",\"caption\":false,\"created_timestamp\":\"25 avril 2020 18 h 01 min\",\"copyright\":false,\"focal_length\":\"300min\",\"iso\":1600,\"shutter_speed\":\"1\\\/250sec\",\"flash\":\"Not fired\",\"title\":false,\"keywords\":false,\"width\":1440,\"height\":960,\"saved\":true,\"thumbnail\":{\"width\":300,\"height\":200},\"webview\":{\"0\":1440,\"1\":960,\"2\":2,\"3\":\"width=\\\"1440\\\" height=\\\"960\\\"\",\"bits\":8,\"channels\":3,\"mime\":\"image\\\/jpeg\"}}},{\"pid\":\"23479\",\"filename\":\"n063-une-preuve-devolution-005-avril-2020-frank-lovisolo-guillard.jpg\",\"description\":\"<b>Meta Data<\\\/b><br><b>Aper\\u00e7u<\\\/b> F 20<br><b>Cam\\u00e9ra<\\\/b> Canon EOS 6D Mark II<br><b>Date\\\/Heure<\\\/b> 25 avril 2020 18 h 01 min<br><b>Distance Focale<\\\/b> 300min<br><b>ISO<\\\/b> 1600<br><b>Vitesse de l'obturateur <\\\/b> 1\\\/200sec<br><b>Flash<\\\/b> Not fired<br><b>Image Width<\\\/b> 1440<br><b>Image Height<\\\/b> 960<br>\\n<b>EXIF Data<\\\/b><br><b>Aper\\u00e7u<\\\/b> F 20<br><b>Date\\\/Heure<\\\/b> 25 avril 2020 18 h 01 min<br><b>Distance Focale<\\\/b> 300min<br><b>ISO<\\\/b> 1600<br><b>Vitesse de l'obturateur <\\\/b> 1\\\/200sec<br><b>Flash<\\\/b> Not fired<br><b>Cam\\u00e9ra<\\\/b> Canon EOS 6D Mark II<br><b>Cr\\u00e9ation<\\\/b> Canon<br>\\n<b>IPTC Data<\\\/b><br><b>Date de cr\\u00e9ation<\\\/b> 20200425<br><b>Heure de cr\\u00e9ation<\\\/b> 180134<br><b>Auteur<\\\/b> LOVISOLO-GUILLARD FRANK CESAR<br><b>Ville<\\\/b> Toulon<br><b>R\\u00e9gion\\\/D\\u00e9partement<\\\/b> Var<br><b>Code pays<\\\/b> FR<br><b>Pays<\\\/b> France<br>\\n<b>XMP Data<\\\/b><br><b>Auteur<\\\/b> LOVISOLO-GUILLARD FRANK CESAR<br>\",\"alttext\":\"\",\"link\":null,\"imagedate\":\"2020-04-25 18:01:34\",\"hitcounter\":\"3\",\"total_value\":\"0\",\"total_votes\":\"0\",\"meta_data\":{\"aperture\":\"F 20\",\"credit\":false,\"camera\":\"Canon EOS 6D Mark II\",\"caption\":false,\"created_timestamp\":\"25 avril 2020 18 h 01 min\",\"copyright\":false,\"focal_length\":\"300min\",\"iso\":1600,\"shutter_speed\":\"1\\\/200sec\",\"flash\":\"Not fired\",\"title\":false,\"keywords\":false,\"width\":1440,\"height\":960,\"saved\":true,\"thumbnail\":{\"width\":300,\"height\":200},\"webview\":{\"0\":1440,\"1\":960,\"2\":2,\"3\":\"width=\\\"1440\\\" height=\\\"960\\\"\",\"bits\":8,\"channels\":3,\"mime\":\"image\\\/jpeg\"}}},{\"pid\":\"23480\",\"filename\":\"n064-une-preuve-devolution-005-avril-2020-frank-lovisolo-guillard.jpg\",\"description\":\"<b>Meta Data<\\\/b><br><b>Aper\\u00e7u<\\\/b> F 11<br><b>Cam\\u00e9ra<\\\/b> Canon EOS 6D Mark II<br><b>Date\\\/Heure<\\\/b> 25 avril 2020 18 h 03 min<br><b>Distance Focale<\\\/b> 300min<br><b>ISO<\\\/b> 1600<br><b>Vitesse de l'obturateur <\\\/b> 1\\\/500sec<br><b>Flash<\\\/b> Not fired<br><b>Image Width<\\\/b> 1440<br><b>Image Height<\\\/b> 960<br>\\n<b>EXIF Data<\\\/b><br><b>Aper\\u00e7u<\\\/b> F 11<br><b>Date\\\/Heure<\\\/b> 25 avril 2020 18 h 03 min<br><b>Distance Focale<\\\/b> 300min<br><b>ISO<\\\/b> 1600<br><b>Vitesse de l'obturateur <\\\/b> 1\\\/500sec<br><b>Flash<\\\/b> Not fired<br><b>Cam\\u00e9ra<\\\/b> Canon EOS 6D Mark II<br><b>Cr\\u00e9ation<\\\/b> Canon<br>\\n<b>IPTC Data<\\\/b><br><b>Date de cr\\u00e9ation<\\\/b> 20200425<br><b>Heure de cr\\u00e9ation<\\\/b> 180305<br><b>Auteur<\\\/b> LOVISOLO-GUILLARD FRANK CESAR<br><b>Ville<\\\/b> Toulon<br><b>R\\u00e9gion\\\/D\\u00e9partement<\\\/b> Var<br><b>Code pays<\\\/b> FR<br><b>Pays<\\\/b> France<br>\\n<b>XMP Data<\\\/b><br><b>Auteur<\\\/b> LOVISOLO-GUILLARD FRANK CESAR<br>\",\"alttext\":\"\",\"link\":null,\"imagedate\":\"2020-04-25 18:03:05\",\"hitcounter\":\"3\",\"total_value\":\"0\",\"total_votes\":\"0\",\"meta_data\":{\"aperture\":\"F 11\",\"credit\":false,\"camera\":\"Canon EOS 6D Mark II\",\"caption\":false,\"created_timestamp\":\"25 avril 2020 18 h 03 min\",\"copyright\":false,\"focal_length\":\"300min\",\"iso\":1600,\"shutter_speed\":\"1\\\/500sec\",\"flash\":\"Not fired\",\"title\":false,\"keywords\":false,\"width\":1440,\"height\":960,\"saved\":true,\"thumbnail\":{\"width\":300,\"height\":200},\"webview\":{\"0\":1440,\"1\":960,\"2\":2,\"3\":\"width=\\\"1440\\\" height=\\\"960\\\"\",\"bits\":8,\"channels\":3,\"mime\":\"image\\\/jpeg\"}}},{\"pid\":\"23481\",\"filename\":\"n065-une-preuve-devolution-005-avril-2020-frank-lovisolo-guillard.jpg\",\"description\":\"<b>Meta Data<\\\/b><br><b>Aper\\u00e7u<\\\/b> F 16<br><b>Cam\\u00e9ra<\\\/b> Canon EOS 6D Mark II<br><b>Date\\\/Heure<\\\/b> 25 avril 2020 18 h 03 min<br><b>Distance Focale<\\\/b> 300min<br><b>ISO<\\\/b> 1600<br><b>Vitesse de l'obturateur <\\\/b> 1\\\/320sec<br><b>Flash<\\\/b> Not fired<br><b>Image Width<\\\/b> 1440<br><b>Image Height<\\\/b> 960<br>\\n<b>EXIF Data<\\\/b><br><b>Aper\\u00e7u<\\\/b> F 16<br><b>Date\\\/Heure<\\\/b> 25 avril 2020 18 h 03 min<br><b>Distance Focale<\\\/b> 300min<br><b>ISO<\\\/b> 1600<br><b>Vitesse de l'obturateur <\\\/b> 1\\\/320sec<br><b>Flash<\\\/b> Not fired<br><b>Cam\\u00e9ra<\\\/b> Canon EOS 6D Mark II<br><b>Cr\\u00e9ation<\\\/b> Canon<br>\\n<b>IPTC Data<\\\/b><br><b>Date de cr\\u00e9ation<\\\/b> 20200425<br><b>Heure de cr\\u00e9ation<\\\/b> 180337<br><b>Auteur<\\\/b> LOVISOLO-GUILLARD FRANK CESAR<br><b>Ville<\\\/b> Toulon<br><b>R\\u00e9gion\\\/D\\u00e9partement<\\\/b> Var<br><b>Code pays<\\\/b> FR<br><b>Pays<\\\/b> France<br>\\n<b>XMP Data<\\\/b><br><b>Auteur<\\\/b> LOVISOLO-GUILLARD FRANK CESAR<br>\",\"alttext\":\"\",\"link\":null,\"imagedate\":\"2020-04-25 18:03:37\",\"hitcounter\":\"3\",\"total_value\":\"0\",\"total_votes\":\"0\",\"meta_data\":{\"aperture\":\"F 16\",\"credit\":false,\"camera\":\"Canon EOS 6D Mark II\",\"caption\":false,\"created_timestamp\":\"25 avril 2020 18 h 03 min\",\"copyright\":false,\"focal_length\":\"300min\",\"iso\":1600,\"shutter_speed\":\"1\\\/320sec\",\"flash\":\"Not fired\",\"title\":false,\"keywords\":false,\"width\":1440,\"height\":960,\"saved\":true,\"thumbnail\":{\"width\":300,\"height\":200},\"webview\":{\"0\":1440,\"1\":960,\"2\":2,\"3\":\"width=\\\"1440\\\" height=\\\"960\\\"\",\"bits\":8,\"channels\":3,\"mime\":\"image\\\/jpeg\"}}},{\"pid\":\"23482\",\"filename\":\"n066-une-preuve-devolution-005-avril-2020-frank-lovisolo-guillard.jpg\",\"description\":\"<b>Meta Data<\\\/b><br><b>Aper\\u00e7u<\\\/b> F 20<br><b>Cam\\u00e9ra<\\\/b> Canon EOS 6D Mark II<br><b>Date\\\/Heure<\\\/b> 25 avril 2020 18 h 03 min<br><b>Distance Focale<\\\/b> 300min<br><b>ISO<\\\/b> 1600<br><b>Vitesse de l'obturateur <\\\/b> 1\\\/400sec<br><b>Flash<\\\/b> Not fired<br><b>Image Width<\\\/b> 1440<br><b>Image Height<\\\/b> 960<br>\\n<b>EXIF Data<\\\/b><br><b>Aper\\u00e7u<\\\/b> F 20<br><b>Date\\\/Heure<\\\/b> 25 avril 2020 18 h 03 min<br><b>Distance Focale<\\\/b> 300min<br><b>ISO<\\\/b> 1600<br><b>Vitesse de l'obturateur <\\\/b> 1\\\/400sec<br><b>Flash<\\\/b> Not fired<br><b>Cam\\u00e9ra<\\\/b> Canon EOS 6D Mark II<br><b>Cr\\u00e9ation<\\\/b> Canon<br>\\n<b>IPTC Data<\\\/b><br><b>Date de cr\\u00e9ation<\\\/b> 20200425<br><b>Heure de cr\\u00e9ation<\\\/b> 180349<br><b>Auteur<\\\/b> LOVISOLO-GUILLARD FRANK CESAR<br><b>Ville<\\\/b> Toulon<br><b>R\\u00e9gion\\\/D\\u00e9partement<\\\/b> Var<br><b>Code pays<\\\/b> FR<br><b>Pays<\\\/b> France<br>\\n<b>XMP Data<\\\/b><br><b>Auteur<\\\/b> LOVISOLO-GUILLARD FRANK CESAR<br>\",\"alttext\":\"\",\"link\":null,\"imagedate\":\"2020-04-25 18:03:49\",\"hitcounter\":\"3\",\"total_value\":\"0\",\"total_votes\":\"0\",\"meta_data\":{\"aperture\":\"F 20\",\"credit\":false,\"camera\":\"Canon EOS 6D Mark II\",\"caption\":false,\"created_timestamp\":\"25 avril 2020 18 h 03 min\",\"copyright\":false,\"focal_length\":\"300min\",\"iso\":1600,\"shutter_speed\":\"1\\\/400sec\",\"flash\":\"Not fired\",\"title\":false,\"keywords\":false,\"width\":1440,\"height\":960,\"saved\":true,\"thumbnail\":{\"width\":300,\"height\":200},\"webview\":{\"0\":1440,\"1\":960,\"2\":2,\"3\":\"width=\\\"1440\\\" height=\\\"960\\\"\",\"bits\":8,\"channels\":3,\"mime\":\"image\\\/jpeg\"}}},{\"pid\":\"23483\",\"filename\":\"n067-une-preuve-devolution-005-avril-2020-frank-lovisolo-guillard.jpg\",\"description\":\"<b>Meta Data<\\\/b><br><b>Aper\\u00e7u<\\\/b> F 6.3<br><b>Cam\\u00e9ra<\\\/b> Canon EOS 6D Mark II<br><b>Date\\\/Heure<\\\/b> 25 avril 2020 18 h 05 min<br><b>Distance Focale<\\\/b> 300min<br><b>ISO<\\\/b> 1600<br><b>Vitesse de l'obturateur <\\\/b> 1\\\/4000sec<br><b>Flash<\\\/b> Not fired<br><b>Image Width<\\\/b> 1440<br><b>Image Height<\\\/b> 960<br>\\n<b>EXIF Data<\\\/b><br><b>Aper\\u00e7u<\\\/b> F 6.3<br><b>Date\\\/Heure<\\\/b> 25 avril 2020 18 h 05 min<br><b>Distance Focale<\\\/b> 300min<br><b>ISO<\\\/b> 1600<br><b>Vitesse de l'obturateur <\\\/b> 1\\\/4000sec<br><b>Flash<\\\/b> Not fired<br><b>Cam\\u00e9ra<\\\/b> Canon EOS 6D Mark II<br><b>Cr\\u00e9ation<\\\/b> Canon<br>\\n<b>IPTC Data<\\\/b><br><b>Date de cr\\u00e9ation<\\\/b> 20200425<br><b>Heure de cr\\u00e9ation<\\\/b> 180519<br><b>Auteur<\\\/b> LOVISOLO-GUILLARD FRANK CESAR<br><b>Ville<\\\/b> Toulon<br><b>R\\u00e9gion\\\/D\\u00e9partement<\\\/b> Var<br><b>Code pays<\\\/b> FR<br><b>Pays<\\\/b> France<br>\\n<b>XMP Data<\\\/b><br><b>Auteur<\\\/b> LOVISOLO-GUILLARD FRANK CESAR<br>\",\"alttext\":\"\",\"link\":null,\"imagedate\":\"2020-04-25 18:05:19\",\"hitcounter\":\"3\",\"total_value\":\"0\",\"total_votes\":\"0\",\"meta_data\":{\"aperture\":\"F 6.3\",\"credit\":false,\"camera\":\"Canon EOS 6D Mark II\",\"caption\":false,\"created_timestamp\":\"25 avril 2020 18 h 05 min\",\"copyright\":false,\"focal_length\":\"300min\",\"iso\":1600,\"shutter_speed\":\"1\\\/4000sec\",\"flash\":\"Not fired\",\"title\":false,\"keywords\":false,\"width\":1440,\"height\":960,\"saved\":true,\"thumbnail\":{\"width\":300,\"height\":200},\"webview\":{\"0\":1440,\"1\":960,\"2\":2,\"3\":\"width=\\\"1440\\\" height=\\\"960\\\"\",\"bits\":8,\"channels\":3,\"mime\":\"image\\\/jpeg\"}}},{\"pid\":\"23484\",\"filename\":\"n068-une-preuve-devolution-005-avril-2020-frank-lovisolo-guillard.jpg\",\"description\":\"<b>Meta Data<\\\/b><br><b>Aper\\u00e7u<\\\/b> F 6.3<br><b>Cam\\u00e9ra<\\\/b> Canon EOS 6D Mark II<br><b>Date\\\/Heure<\\\/b> 25 avril 2020 18 h 06 min<br><b>Distance Focale<\\\/b> 300min<br><b>ISO<\\\/b> 1600<br><b>Vitesse de l'obturateur <\\\/b> 1\\\/2000sec<br><b>Flash<\\\/b> Not fired<br><b>Image Width<\\\/b> 1440<br><b>Image Height<\\\/b> 960<br>\\n<b>EXIF Data<\\\/b><br><b>Aper\\u00e7u<\\\/b> F 6.3<br><b>Date\\\/Heure<\\\/b> 25 avril 2020 18 h 06 min<br><b>Distance Focale<\\\/b> 300min<br><b>ISO<\\\/b> 1600<br><b>Vitesse de l'obturateur <\\\/b> 1\\\/2000sec<br><b>Flash<\\\/b> Not fired<br><b>Cam\\u00e9ra<\\\/b> Canon EOS 6D Mark II<br><b>Cr\\u00e9ation<\\\/b> Canon<br>\\n<b>IPTC Data<\\\/b><br><b>Date de cr\\u00e9ation<\\\/b> 20200425<br><b>Heure de cr\\u00e9ation<\\\/b> 180614<br><b>Auteur<\\\/b> LOVISOLO-GUILLARD FRANK CESAR<br><b>Ville<\\\/b> Toulon<br><b>R\\u00e9gion\\\/D\\u00e9partement<\\\/b> Var<br><b>Code pays<\\\/b> FR<br><b>Pays<\\\/b> France<br>\\n<b>XMP Data<\\\/b><br><b>Auteur<\\\/b> LOVISOLO-GUILLARD FRANK CESAR<br>\",\"alttext\":\"\",\"link\":null,\"imagedate\":\"2020-04-25 18:06:14\",\"hitcounter\":\"3\",\"total_value\":\"0\",\"total_votes\":\"0\",\"meta_data\":{\"aperture\":\"F 6.3\",\"credit\":false,\"camera\":\"Canon EOS 6D Mark II\",\"caption\":false,\"created_timestamp\":\"25 avril 2020 18 h 06 min\",\"copyright\":false,\"focal_length\":\"300min\",\"iso\":1600,\"shutter_speed\":\"1\\\/2000sec\",\"flash\":\"Not fired\",\"title\":false,\"keywords\":false,\"width\":1440,\"height\":960,\"saved\":true,\"thumbnail\":{\"width\":300,\"height\":200},\"webview\":{\"0\":1440,\"1\":960,\"2\":2,\"3\":\"width=\\\"1440\\\" height=\\\"960\\\"\",\"bits\":8,\"channels\":3,\"mime\":\"image\\\/jpeg\"}}},{\"pid\":\"23485\",\"filename\":\"n069-une-preuve-devolution-005-avril-2020-frank-lovisolo-guillard.jpg\",\"description\":\"<b>Meta Data<\\\/b><br><b>Aper\\u00e7u<\\\/b> F 6.3<br><b>Cam\\u00e9ra<\\\/b> Canon EOS 6D Mark II<br><b>Date\\\/Heure<\\\/b> 25 avril 2020 18 h 12 min<br><b>Distance Focale<\\\/b> 300min<br><b>ISO<\\\/b> 1600<br><b>Vitesse de l'obturateur <\\\/b> 1\\\/2500sec<br><b>Flash<\\\/b> Not fired<br><b>Image Width<\\\/b> 1440<br><b>Image Height<\\\/b> 960<br>\\n<b>EXIF Data<\\\/b><br><b>Aper\\u00e7u<\\\/b> F 6.3<br><b>Date\\\/Heure<\\\/b> 25 avril 2020 18 h 12 min<br><b>Distance Focale<\\\/b> 300min<br><b>ISO<\\\/b> 1600<br><b>Vitesse de l'obturateur <\\\/b> 1\\\/2500sec<br><b>Flash<\\\/b> Not fired<br><b>Cam\\u00e9ra<\\\/b> Canon EOS 6D Mark II<br><b>Cr\\u00e9ation<\\\/b> Canon<br>\\n<b>IPTC Data<\\\/b><br><b>Date de cr\\u00e9ation<\\\/b> 20200425<br><b>Heure de cr\\u00e9ation<\\\/b> 181243<br><b>Auteur<\\\/b> LOVISOLO-GUILLARD FRANK CESAR<br><b>Ville<\\\/b> Toulon<br><b>R\\u00e9gion\\\/D\\u00e9partement<\\\/b> Var<br><b>Code pays<\\\/b> FR<br><b>Pays<\\\/b> France<br>\\n<b>XMP Data<\\\/b><br><b>Auteur<\\\/b> LOVISOLO-GUILLARD FRANK CESAR<br>\",\"alttext\":\"\",\"link\":null,\"imagedate\":\"2020-04-25 18:12:43\",\"hitcounter\":\"4\",\"total_value\":\"0\",\"total_votes\":\"0\",\"meta_data\":{\"aperture\":\"F 6.3\",\"credit\":false,\"camera\":\"Canon EOS 6D Mark II\",\"caption\":false,\"created_timestamp\":\"25 avril 2020 18 h 12 min\",\"copyright\":false,\"focal_length\":\"300min\",\"iso\":1600,\"shutter_speed\":\"1\\\/2500sec\",\"flash\":\"Not fired\",\"title\":false,\"keywords\":false,\"width\":1440,\"height\":960,\"saved\":true,\"thumbnail\":{\"width\":300,\"height\":200},\"webview\":{\"0\":1440,\"1\":960,\"2\":2,\"3\":\"width=\\\"1440\\\" height=\\\"960\\\"\",\"bits\":8,\"channels\":3,\"mime\":\"image\\\/jpeg\"}}},{\"pid\":\"23486\",\"filename\":\"n070-une-preuve-devolution-005-avril-2020-frank-lovisolo-guillard.jpg\",\"description\":\"<b>Meta Data<\\\/b><br><b>Aper\\u00e7u<\\\/b> F 14<br><b>Cam\\u00e9ra<\\\/b> Canon EOS 6D Mark II<br><b>Date\\\/Heure<\\\/b> 25 avril 2020 18 h 14 min<br><b>Distance Focale<\\\/b> 300min<br><b>ISO<\\\/b> 1600<br><b>Vitesse de l'obturateur <\\\/b> 1\\\/400sec<br><b>Flash<\\\/b> Not fired<br><b>Image Width<\\\/b> 1440<br><b>Image Height<\\\/b> 960<br>\\n<b>EXIF Data<\\\/b><br><b>Aper\\u00e7u<\\\/b> F 14<br><b>Date\\\/Heure<\\\/b> 25 avril 2020 18 h 14 min<br><b>Distance Focale<\\\/b> 300min<br><b>ISO<\\\/b> 1600<br><b>Vitesse de l'obturateur <\\\/b> 1\\\/400sec<br><b>Flash<\\\/b> Not fired<br><b>Cam\\u00e9ra<\\\/b> Canon EOS 6D Mark II<br><b>Cr\\u00e9ation<\\\/b> Canon<br>\\n<b>IPTC Data<\\\/b><br><b>Date de cr\\u00e9ation<\\\/b> 20200425<br><b>Heure de cr\\u00e9ation<\\\/b> 181410<br><b>Auteur<\\\/b> LOVISOLO-GUILLARD FRANK CESAR<br><b>Ville<\\\/b> Toulon<br><b>R\\u00e9gion\\\/D\\u00e9partement<\\\/b> Var<br><b>Code pays<\\\/b> FR<br><b>Pays<\\\/b> France<br>\\n<b>XMP Data<\\\/b><br><b>Auteur<\\\/b> LOVISOLO-GUILLARD FRANK CESAR<br>\",\"alttext\":\"\",\"link\":null,\"imagedate\":\"2020-04-25 18:14:10\",\"hitcounter\":\"3\",\"total_value\":\"0\",\"total_votes\":\"0\",\"meta_data\":{\"aperture\":\"F 14\",\"credit\":false,\"camera\":\"Canon EOS 6D Mark II\",\"caption\":false,\"created_timestamp\":\"25 avril 2020 18 h 14 min\",\"copyright\":false,\"focal_length\":\"300min\",\"iso\":1600,\"shutter_speed\":\"1\\\/400sec\",\"flash\":\"Not fired\",\"title\":false,\"keywords\":false,\"width\":1440,\"height\":960,\"saved\":true,\"thumbnail\":{\"width\":300,\"height\":200},\"webview\":{\"0\":1440,\"1\":960,\"2\":2,\"3\":\"width=\\\"1440\\\" height=\\\"960\\\"\",\"bits\":8,\"channels\":3,\"mime\":\"image\\\/jpeg\"}}},{\"pid\":\"23487\",\"filename\":\"n071-une-preuve-devolution-005-avril-2020-frank-lovisolo-guillard.jpg\",\"description\":\"<b>Meta Data<\\\/b><br><b>Aper\\u00e7u<\\\/b> F 10<br><b>Cam\\u00e9ra<\\\/b> Canon EOS 6D Mark II<br><b>Date\\\/Heure<\\\/b> 25 avril 2020 18 h 23 min<br><b>Distance Focale<\\\/b> 300min<br><b>ISO<\\\/b> 1600<br><b>Vitesse de l'obturateur <\\\/b> 1\\\/200sec<br><b>Flash<\\\/b> Not fired<br><b>Image Width<\\\/b> 1440<br><b>Image Height<\\\/b> 960<br>\\n<b>EXIF Data<\\\/b><br><b>Aper\\u00e7u<\\\/b> F 10<br><b>Date\\\/Heure<\\\/b> 25 avril 2020 18 h 23 min<br><b>Distance Focale<\\\/b> 300min<br><b>ISO<\\\/b> 1600<br><b>Vitesse de l'obturateur <\\\/b> 1\\\/200sec<br><b>Flash<\\\/b> Not fired<br><b>Cam\\u00e9ra<\\\/b> Canon EOS 6D Mark II<br><b>Cr\\u00e9ation<\\\/b> Canon<br>\\n<b>IPTC Data<\\\/b><br><b>Date de cr\\u00e9ation<\\\/b> 20200425<br><b>Heure de cr\\u00e9ation<\\\/b> 182353<br><b>Auteur<\\\/b> LOVISOLO-GUILLARD FRANK CESAR<br><b>Ville<\\\/b> Toulon<br><b>R\\u00e9gion\\\/D\\u00e9partement<\\\/b> Var<br><b>Code pays<\\\/b> FR<br><b>Pays<\\\/b> France<br>\\n<b>XMP Data<\\\/b><br><b>Auteur<\\\/b> LOVISOLO-GUILLARD FRANK CESAR<br>\",\"alttext\":\"\",\"link\":null,\"imagedate\":\"2020-04-25 18:23:53\",\"hitcounter\":\"3\",\"total_value\":\"0\",\"total_votes\":\"0\",\"meta_data\":{\"aperture\":\"F 10\",\"credit\":false,\"camera\":\"Canon EOS 6D Mark II\",\"caption\":false,\"created_timestamp\":\"25 avril 2020 18 h 23 min\",\"copyright\":false,\"focal_length\":\"300min\",\"iso\":1600,\"shutter_speed\":\"1\\\/200sec\",\"flash\":\"Not fired\",\"title\":false,\"keywords\":false,\"width\":1440,\"height\":960,\"saved\":true,\"thumbnail\":{\"width\":300,\"height\":200},\"webview\":{\"0\":1440,\"1\":960,\"2\":2,\"3\":\"width=\\\"1440\\\" height=\\\"960\\\"\",\"bits\":8,\"channels\":3,\"mime\":\"image\\\/jpeg\"}}},{\"pid\":\"23488\",\"filename\":\"n072-une-preuve-devolution-005-avril-2020-frank-lovisolo-guillard.jpg\",\"description\":\"<b>Meta Data<\\\/b><br><b>Aper\\u00e7u<\\\/b> F 10<br><b>Cam\\u00e9ra<\\\/b> Canon EOS 6D Mark II<br><b>Date\\\/Heure<\\\/b> 25 avril 2020 18 h 24 min<br><b>Distance Focale<\\\/b> 300min<br><b>ISO<\\\/b> 1600<br><b>Vitesse de l'obturateur <\\\/b> 1\\\/400sec<br><b>Flash<\\\/b> Not fired<br><b>Image Width<\\\/b> 1440<br><b>Image Height<\\\/b> 960<br>\\n<b>EXIF Data<\\\/b><br><b>Aper\\u00e7u<\\\/b> F 10<br><b>Date\\\/Heure<\\\/b> 25 avril 2020 18 h 24 min<br><b>Distance Focale<\\\/b> 300min<br><b>ISO<\\\/b> 1600<br><b>Vitesse de l'obturateur <\\\/b> 1\\\/400sec<br><b>Flash<\\\/b> Not fired<br><b>Cam\\u00e9ra<\\\/b> Canon EOS 6D Mark II<br><b>Cr\\u00e9ation<\\\/b> Canon<br>\\n<b>IPTC Data<\\\/b><br><b>Date de cr\\u00e9ation<\\\/b> 20200425<br><b>Heure de cr\\u00e9ation<\\\/b> 182402<br><b>Auteur<\\\/b> LOVISOLO-GUILLARD FRANK CESAR<br><b>Ville<\\\/b> Toulon<br><b>R\\u00e9gion\\\/D\\u00e9partement<\\\/b> Var<br><b>Code pays<\\\/b> FR<br><b>Pays<\\\/b> France<br>\\n<b>XMP Data<\\\/b><br><b>Auteur<\\\/b> LOVISOLO-GUILLARD FRANK CESAR<br>\",\"alttext\":\"\",\"link\":null,\"imagedate\":\"2020-04-25 18:24:02\",\"hitcounter\":\"3\",\"total_value\":\"0\",\"total_votes\":\"0\",\"meta_data\":{\"aperture\":\"F 10\",\"credit\":false,\"camera\":\"Canon EOS 6D Mark II\",\"caption\":false,\"created_timestamp\":\"25 avril 2020 18 h 24 min\",\"copyright\":false,\"focal_length\":\"300min\",\"iso\":1600,\"shutter_speed\":\"1\\\/400sec\",\"flash\":\"Not fired\",\"title\":false,\"keywords\":false,\"width\":1440,\"height\":960,\"saved\":true,\"thumbnail\":{\"width\":300,\"height\":200},\"webview\":{\"0\":1440,\"1\":960,\"2\":2,\"3\":\"width=\\\"1440\\\" height=\\\"960\\\"\",\"bits\":8,\"channels\":3,\"mime\":\"image\\\/jpeg\"}}},{\"pid\":\"23489\",\"filename\":\"n073-une-preuve-devolution-005-avril-2020-frank-lovisolo-guillard.jpg\",\"description\":\"<b>Meta Data<\\\/b><br><b>Aper\\u00e7u<\\\/b> F 6.3<br><b>Cam\\u00e9ra<\\\/b> Canon EOS 6D Mark II<br><b>Date\\\/Heure<\\\/b> 25 avril 2020 18 h 25 min<br><b>Distance Focale<\\\/b> 300min<br><b>ISO<\\\/b> 1600<br><b>Vitesse de l'obturateur <\\\/b> 1\\\/1250sec<br><b>Flash<\\\/b> Not fired<br><b>Image Width<\\\/b> 1440<br><b>Image Height<\\\/b> 960<br>\\n<b>EXIF Data<\\\/b><br><b>Aper\\u00e7u<\\\/b> F 6.3<br><b>Date\\\/Heure<\\\/b> 25 avril 2020 18 h 25 min<br><b>Distance Focale<\\\/b> 300min<br><b>ISO<\\\/b> 1600<br><b>Vitesse de l'obturateur <\\\/b> 1\\\/1250sec<br><b>Flash<\\\/b> Not fired<br><b>Cam\\u00e9ra<\\\/b> Canon EOS 6D Mark II<br><b>Cr\\u00e9ation<\\\/b> Canon<br>\\n<b>IPTC Data<\\\/b><br><b>Date de cr\\u00e9ation<\\\/b> 20200425<br><b>Heure de cr\\u00e9ation<\\\/b> 182545<br><b>Auteur<\\\/b> LOVISOLO-GUILLARD FRANK CESAR<br><b>Ville<\\\/b> Toulon<br><b>R\\u00e9gion\\\/D\\u00e9partement<\\\/b> Var<br><b>Code pays<\\\/b> FR<br><b>Pays<\\\/b> France<br>\\n<b>XMP Data<\\\/b><br><b>Auteur<\\\/b> LOVISOLO-GUILLARD FRANK CESAR<br>\",\"alttext\":\"\",\"link\":null,\"imagedate\":\"2020-04-25 18:25:45\",\"hitcounter\":\"4\",\"total_value\":\"0\",\"total_votes\":\"0\",\"meta_data\":{\"aperture\":\"F 6.3\",\"credit\":false,\"camera\":\"Canon EOS 6D Mark II\",\"caption\":false,\"created_timestamp\":\"25 avril 2020 18 h 25 min\",\"copyright\":false,\"focal_length\":\"300min\",\"iso\":1600,\"shutter_speed\":\"1\\\/1250sec\",\"flash\":\"Not fired\",\"title\":false,\"keywords\":false,\"width\":1440,\"height\":960,\"saved\":true,\"thumbnail\":{\"width\":300,\"height\":200},\"webview\":{\"0\":1440,\"1\":960,\"2\":2,\"3\":\"width=\\\"1440\\\" height=\\\"960\\\"\",\"bits\":8,\"channels\":3,\"mime\":\"image\\\/jpeg\"}}},{\"pid\":\"23490\",\"filename\":\"n074-une-preuve-devolution-005-avril-2020-frank-lovisolo-guillard.jpg\",\"description\":\"<b>Meta Data<\\\/b><br><b>Aper\\u00e7u<\\\/b> F 6.3<br><b>Cam\\u00e9ra<\\\/b> Canon EOS 6D Mark II<br><b>Date\\\/Heure<\\\/b> 25 avril 2020 18 h 26 min<br><b>Distance Focale<\\\/b> 300min<br><b>ISO<\\\/b> 1600<br><b>Vitesse de l'obturateur <\\\/b> 1\\\/1250sec<br><b>Flash<\\\/b> Not fired<br><b>Image Width<\\\/b> 1440<br><b>Image Height<\\\/b> 960<br>\\n<b>EXIF Data<\\\/b><br><b>Aper\\u00e7u<\\\/b> F 6.3<br><b>Date\\\/Heure<\\\/b> 25 avril 2020 18 h 26 min<br><b>Distance Focale<\\\/b> 300min<br><b>ISO<\\\/b> 1600<br><b>Vitesse de l'obturateur <\\\/b> 1\\\/1250sec<br><b>Flash<\\\/b> Not fired<br><b>Cam\\u00e9ra<\\\/b> Canon EOS 6D Mark II<br><b>Cr\\u00e9ation<\\\/b> Canon<br>\\n<b>IPTC Data<\\\/b><br><b>Date de cr\\u00e9ation<\\\/b> 20200425<br><b>Heure de cr\\u00e9ation<\\\/b> 182657<br><b>Auteur<\\\/b> LOVISOLO-GUILLARD FRANK CESAR<br><b>Ville<\\\/b> Toulon<br><b>R\\u00e9gion\\\/D\\u00e9partement<\\\/b> Var<br><b>Code pays<\\\/b> FR<br><b>Pays<\\\/b> France<br>\\n<b>XMP Data<\\\/b><br><b>Auteur<\\\/b> LOVISOLO-GUILLARD FRANK CESAR<br>\",\"alttext\":\"\",\"link\":null,\"imagedate\":\"2020-04-25 18:26:57\",\"hitcounter\":\"4\",\"total_value\":\"0\",\"total_votes\":\"0\",\"meta_data\":{\"aperture\":\"F 6.3\",\"credit\":false,\"camera\":\"Canon EOS 6D Mark II\",\"caption\":false,\"created_timestamp\":\"25 avril 2020 18 h 26 min\",\"copyright\":false,\"focal_length\":\"300min\",\"iso\":1600,\"shutter_speed\":\"1\\\/1250sec\",\"flash\":\"Not fired\",\"title\":false,\"keywords\":false,\"width\":1440,\"height\":960,\"saved\":true,\"thumbnail\":{\"width\":300,\"height\":200},\"webview\":{\"0\":1440,\"1\":960,\"2\":2,\"3\":\"width=\\\"1440\\\" height=\\\"960\\\"\",\"bits\":8,\"channels\":3,\"mime\":\"image\\\/jpeg\"}}},{\"pid\":\"23491\",\"filename\":\"n075-une-preuve-devolution-005-avril-2020-frank-lovisolo-guillard.jpg\",\"description\":\"<b>Meta Data<\\\/b><br><b>Aper\\u00e7u<\\\/b> F 6.3<br><b>Cam\\u00e9ra<\\\/b> Canon EOS 6D Mark II<br><b>Date\\\/Heure<\\\/b> 25 avril 2020 18 h 27 min<br><b>Distance Focale<\\\/b> 300min<br><b>ISO<\\\/b> 1600<br><b>Vitesse de l'obturateur <\\\/b> 1\\\/1000sec<br><b>Flash<\\\/b> Not fired<br><b>Image Width<\\\/b> 1440<br><b>Image Height<\\\/b> 960<br>\\n<b>EXIF Data<\\\/b><br><b>Aper\\u00e7u<\\\/b> F 6.3<br><b>Date\\\/Heure<\\\/b> 25 avril 2020 18 h 27 min<br><b>Distance Focale<\\\/b> 300min<br><b>ISO<\\\/b> 1600<br><b>Vitesse de l'obturateur <\\\/b> 1\\\/1000sec<br><b>Flash<\\\/b> Not fired<br><b>Cam\\u00e9ra<\\\/b> Canon EOS 6D Mark II<br><b>Cr\\u00e9ation<\\\/b> Canon<br>\\n<b>IPTC Data<\\\/b><br><b>Date de cr\\u00e9ation<\\\/b> 20200425<br><b>Heure de cr\\u00e9ation<\\\/b> 182709<br><b>Auteur<\\\/b> LOVISOLO-GUILLARD FRANK CESAR<br><b>Ville<\\\/b> Toulon<br><b>R\\u00e9gion\\\/D\\u00e9partement<\\\/b> Var<br><b>Code pays<\\\/b> FR<br><b>Pays<\\\/b> France<br>\\n<b>XMP Data<\\\/b><br><b>Auteur<\\\/b> LOVISOLO-GUILLARD FRANK CESAR<br>\",\"alttext\":\"\",\"link\":null,\"imagedate\":\"2020-04-25 18:27:09\",\"hitcounter\":\"5\",\"total_value\":\"0\",\"total_votes\":\"0\",\"meta_data\":{\"aperture\":\"F 6.3\",\"credit\":false,\"camera\":\"Canon EOS 6D Mark II\",\"caption\":false,\"created_timestamp\":\"25 avril 2020 18 h 27 min\",\"copyright\":false,\"focal_length\":\"300min\",\"iso\":1600,\"shutter_speed\":\"1\\\/1000sec\",\"flash\":\"Not fired\",\"title\":false,\"keywords\":false,\"width\":1440,\"height\":960,\"saved\":true,\"thumbnail\":{\"width\":300,\"height\":200},\"webview\":{\"0\":1440,\"1\":960,\"2\":2,\"3\":\"width=\\\"1440\\\" height=\\\"960\\\"\",\"bits\":8,\"channels\":3,\"mime\":\"image\\\/jpeg\"}}},{\"pid\":\"23492\",\"filename\":\"n076-une-preuve-devolution-005-avril-2020-frank-lovisolo-guillard.jpg\",\"description\":\"<b>Meta Data<\\\/b><br><b>Aper\\u00e7u<\\\/b> F 6.3<br><b>Cam\\u00e9ra<\\\/b> Canon EOS 6D Mark II<br><b>Date\\\/Heure<\\\/b> 26 avril 2020 8 h 50 min<br><b>Distance Focale<\\\/b> 300min<br><b>ISO<\\\/b> 1250<br><b>Vitesse de l'obturateur <\\\/b> 1\\\/100sec<br><b>Flash<\\\/b> Not fired<br><b>Image Width<\\\/b> 1440<br><b>Image Height<\\\/b> 960<br>\\n<b>EXIF Data<\\\/b><br><b>Aper\\u00e7u<\\\/b> F 6.3<br><b>Date\\\/Heure<\\\/b> 26 avril 2020 8 h 50 min<br><b>Distance Focale<\\\/b> 300min<br><b>ISO<\\\/b> 1250<br><b>Vitesse de l'obturateur <\\\/b> 1\\\/100sec<br><b>Flash<\\\/b> Not fired<br><b>Cam\\u00e9ra<\\\/b> Canon EOS 6D Mark II<br><b>Cr\\u00e9ation<\\\/b> Canon<br>\\n<b>IPTC Data<\\\/b><br><b>Date de cr\\u00e9ation<\\\/b> 20200426<br><b>Heure de cr\\u00e9ation<\\\/b> 085028<br><b>Auteur<\\\/b> LOVISOLO-GUILLARD FRANK CESAR<br>\\n<b>XMP Data<\\\/b><br><b>Auteur<\\\/b> LOVISOLO-GUILLARD FRANK CESAR<br>\",\"alttext\":\"\",\"link\":null,\"imagedate\":\"2020-04-26 08:50:28\",\"hitcounter\":\"5\",\"total_value\":\"0\",\"total_votes\":\"0\",\"meta_data\":{\"aperture\":\"F 6.3\",\"credit\":false,\"camera\":\"Canon EOS 6D Mark II\",\"caption\":false,\"created_timestamp\":\"26 avril 2020 8 h 50 min\",\"copyright\":false,\"focal_length\":\"300min\",\"iso\":1250,\"shutter_speed\":\"1\\\/100sec\",\"flash\":\"Not fired\",\"title\":false,\"keywords\":false,\"width\":1440,\"height\":960,\"saved\":true,\"thumbnail\":{\"width\":300,\"height\":200},\"webview\":{\"0\":1440,\"1\":960,\"2\":2,\"3\":\"width=\\\"1440\\\" height=\\\"960\\\"\",\"bits\":8,\"channels\":3,\"mime\":\"image\\\/jpeg\"}}},{\"pid\":\"23493\",\"filename\":\"n077-une-preuve-devolution-005-avril-2020-frank-lovisolo-guillard.jpg\",\"description\":\"<b>Meta Data<\\\/b><br><b>Aper\\u00e7u<\\\/b> F 6.3<br><b>Cam\\u00e9ra<\\\/b> Canon EOS 6D Mark II<br><b>Date\\\/Heure<\\\/b> 26 avril 2020 8 h 50 min<br><b>Distance Focale<\\\/b> 300min<br><b>ISO<\\\/b> 1250<br><b>Vitesse de l'obturateur <\\\/b> 1\\\/160sec<br><b>Flash<\\\/b> Not fired<br><b>Image Width<\\\/b> 1440<br><b>Image Height<\\\/b> 960<br>\\n<b>EXIF Data<\\\/b><br><b>Aper\\u00e7u<\\\/b> F 6.3<br><b>Date\\\/Heure<\\\/b> 26 avril 2020 8 h 50 min<br><b>Distance Focale<\\\/b> 300min<br><b>ISO<\\\/b> 1250<br><b>Vitesse de l'obturateur <\\\/b> 1\\\/160sec<br><b>Flash<\\\/b> Not fired<br><b>Cam\\u00e9ra<\\\/b> Canon EOS 6D Mark II<br><b>Cr\\u00e9ation<\\\/b> Canon<br>\\n<b>IPTC Data<\\\/b><br><b>Date de cr\\u00e9ation<\\\/b> 20200426<br><b>Heure de cr\\u00e9ation<\\\/b> 085035<br><b>Auteur<\\\/b> LOVISOLO-GUILLARD FRANK CESAR<br>\\n<b>XMP Data<\\\/b><br><b>Auteur<\\\/b> LOVISOLO-GUILLARD FRANK CESAR<br>\",\"alttext\":\"\",\"link\":null,\"imagedate\":\"2020-04-26 08:50:35\",\"hitcounter\":\"5\",\"total_value\":\"0\",\"total_votes\":\"0\",\"meta_data\":{\"aperture\":\"F 6.3\",\"credit\":false,\"camera\":\"Canon EOS 6D Mark II\",\"caption\":false,\"created_timestamp\":\"26 avril 2020 8 h 50 min\",\"copyright\":false,\"focal_length\":\"300min\",\"iso\":1250,\"shutter_speed\":\"1\\\/160sec\",\"flash\":\"Not fired\",\"title\":false,\"keywords\":false,\"width\":1440,\"height\":960,\"saved\":true,\"thumbnail\":{\"width\":300,\"height\":200},\"webview\":{\"0\":1440,\"1\":960,\"2\":2,\"3\":\"width=\\\"1440\\\" height=\\\"960\\\"\",\"bits\":8,\"channels\":3,\"mime\":\"image\\\/jpeg\"}}},{\"pid\":\"23494\",\"filename\":\"n078-une-preuve-devolution-005-avril-2020-frank-lovisolo-guillard.jpg\",\"description\":\"<b>Meta Data<\\\/b><br><b>Aper\\u00e7u<\\\/b> F 6.3<br><b>Cam\\u00e9ra<\\\/b> Canon EOS 6D Mark II<br><b>Date\\\/Heure<\\\/b> 26 avril 2020 11 h 51 min<br><b>Distance Focale<\\\/b> 300min<br><b>ISO<\\\/b> 1000<br><b>Vitesse de l'obturateur <\\\/b> 1\\\/4000sec<br><b>Flash<\\\/b> Not fired<br><b>Image Width<\\\/b> 1440<br><b>Image Height<\\\/b> 960<br>\\n<b>EXIF Data<\\\/b><br><b>Aper\\u00e7u<\\\/b> F 6.3<br><b>Date\\\/Heure<\\\/b> 26 avril 2020 11 h 51 min<br><b>Distance Focale<\\\/b> 300min<br><b>ISO<\\\/b> 1000<br><b>Vitesse de l'obturateur <\\\/b> 1\\\/4000sec<br><b>Flash<\\\/b> Not fired<br><b>Cam\\u00e9ra<\\\/b> Canon EOS 6D Mark II<br><b>Cr\\u00e9ation<\\\/b> Canon<br>\\n<b>IPTC Data<\\\/b><br><b>Date de cr\\u00e9ation<\\\/b> 20200426<br><b>Heure de cr\\u00e9ation<\\\/b> 115119<br><b>Auteur<\\\/b> LOVISOLO-GUILLARD FRANK CESAR<br><b>Ville<\\\/b> Toulon<br><b>R\\u00e9gion\\\/D\\u00e9partement<\\\/b> Var<br><b>Code pays<\\\/b> FR<br><b>Pays<\\\/b> France<br>\\n<b>XMP Data<\\\/b><br><b>Auteur<\\\/b> LOVISOLO-GUILLARD FRANK CESAR<br>\",\"alttext\":\"\",\"link\":null,\"imagedate\":\"2020-04-26 11:51:19\",\"hitcounter\":\"5\",\"total_value\":\"0\",\"total_votes\":\"0\",\"meta_data\":{\"aperture\":\"F 6.3\",\"credit\":false,\"camera\":\"Canon EOS 6D Mark II\",\"caption\":false,\"created_timestamp\":\"26 avril 2020 11 h 51 min\",\"copyright\":false,\"focal_length\":\"300min\",\"iso\":1000,\"shutter_speed\":\"1\\\/4000sec\",\"flash\":\"Not fired\",\"title\":false,\"keywords\":false,\"width\":1440,\"height\":960,\"saved\":true,\"thumbnail\":{\"width\":300,\"height\":200},\"webview\":{\"0\":1440,\"1\":960,\"2\":2,\"3\":\"width=\\\"1440\\\" height=\\\"960\\\"\",\"bits\":8,\"channels\":3,\"mime\":\"image\\\/jpeg\"}}},{\"pid\":\"23495\",\"filename\":\"n079-une-preuve-devolution-005-avril-2020-frank-lovisolo-guillard.jpg\",\"description\":\"<b>Meta Data<\\\/b><br><b>Aper\\u00e7u<\\\/b> F 16<br><b>Cam\\u00e9ra<\\\/b> Canon EOS 6D Mark II<br><b>Date\\\/Heure<\\\/b> 26 avril 2020 11 h 51 min<br><b>Distance Focale<\\\/b> 300min<br><b>ISO<\\\/b> 1000<br><b>Vitesse de l'obturateur <\\\/b> 1\\\/100sec<br><b>Flash<\\\/b> Not fired<br><b>Image Width<\\\/b> 1440<br><b>Image Height<\\\/b> 960<br>\\n<b>EXIF Data<\\\/b><br><b>Aper\\u00e7u<\\\/b> F 16<br><b>Date\\\/Heure<\\\/b> 26 avril 2020 11 h 51 min<br><b>Distance Focale<\\\/b> 300min<br><b>ISO<\\\/b> 1000<br><b>Vitesse de l'obturateur <\\\/b> 1\\\/100sec<br><b>Flash<\\\/b> Not fired<br><b>Cam\\u00e9ra<\\\/b> Canon EOS 6D Mark II<br><b>Cr\\u00e9ation<\\\/b> Canon<br>\\n<b>IPTC Data<\\\/b><br><b>Date de cr\\u00e9ation<\\\/b> 20200426<br><b>Heure de cr\\u00e9ation<\\\/b> 115139<br><b>Auteur<\\\/b> LOVISOLO-GUILLARD FRANK CESAR<br><b>Ville<\\\/b> Toulon<br><b>R\\u00e9gion\\\/D\\u00e9partement<\\\/b> Var<br><b>Code pays<\\\/b> FR<br><b>Pays<\\\/b> France<br>\\n<b>XMP Data<\\\/b><br><b>Auteur<\\\/b> LOVISOLO-GUILLARD FRANK CESAR<br>\",\"alttext\":\"\",\"link\":null,\"imagedate\":\"2020-04-26 11:51:39\",\"hitcounter\":\"6\",\"total_value\":\"0\",\"total_votes\":\"0\",\"meta_data\":{\"aperture\":\"F 16\",\"credit\":false,\"camera\":\"Canon EOS 6D Mark II\",\"caption\":false,\"created_timestamp\":\"26 avril 2020 11 h 51 min\",\"copyright\":false,\"focal_length\":\"300min\",\"iso\":1000,\"shutter_speed\":\"1\\\/100sec\",\"flash\":\"Not fired\",\"title\":false,\"keywords\":false,\"width\":1440,\"height\":960,\"saved\":true,\"thumbnail\":{\"width\":300,\"height\":200},\"webview\":{\"0\":1440,\"1\":960,\"2\":2,\"3\":\"width=\\\"1440\\\" height=\\\"960\\\"\",\"bits\":8,\"channels\":3,\"mime\":\"image\\\/jpeg\"}}},{\"pid\":\"23496\",\"filename\":\"n080-une-preuve-devolution-005-avril-2020-frank-lovisolo-guillard.jpg\",\"description\":\"<b>Meta Data<\\\/b><br><b>Aper\\u00e7u<\\\/b> F 16<br><b>Cam\\u00e9ra<\\\/b> Canon EOS 6D Mark II<br><b>Date\\\/Heure<\\\/b> 26 avril 2020 11 h 51 min<br><b>Distance Focale<\\\/b> 300min<br><b>ISO<\\\/b> 1000<br><b>Vitesse de l'obturateur <\\\/b> 1\\\/320sec<br><b>Flash<\\\/b> Not fired<br><b>Image Width<\\\/b> 1440<br><b>Image Height<\\\/b> 960<br>\\n<b>EXIF Data<\\\/b><br><b>Aper\\u00e7u<\\\/b> F 16<br><b>Date\\\/Heure<\\\/b> 26 avril 2020 11 h 51 min<br><b>Distance Focale<\\\/b> 300min<br><b>ISO<\\\/b> 1000<br><b>Vitesse de l'obturateur <\\\/b> 1\\\/320sec<br><b>Flash<\\\/b> Not fired<br><b>Cam\\u00e9ra<\\\/b> Canon EOS 6D Mark II<br><b>Cr\\u00e9ation<\\\/b> Canon<br>\\n<b>IPTC Data<\\\/b><br><b>Date de cr\\u00e9ation<\\\/b> 20200426<br><b>Heure de cr\\u00e9ation<\\\/b> 115154<br><b>Auteur<\\\/b> LOVISOLO-GUILLARD FRANK CESAR<br><b>Ville<\\\/b> Toulon<br><b>R\\u00e9gion\\\/D\\u00e9partement<\\\/b> Var<br><b>Code pays<\\\/b> FR<br><b>Pays<\\\/b> France<br>\\n<b>XMP Data<\\\/b><br><b>Auteur<\\\/b> LOVISOLO-GUILLARD FRANK CESAR<br>\",\"alttext\":\"\",\"link\":null,\"imagedate\":\"2020-04-26 11:51:54\",\"hitcounter\":\"5\",\"total_value\":\"0\",\"total_votes\":\"0\",\"meta_data\":{\"aperture\":\"F 16\",\"credit\":false,\"camera\":\"Canon EOS 6D Mark II\",\"caption\":false,\"created_timestamp\":\"26 avril 2020 11 h 51 min\",\"copyright\":false,\"focal_length\":\"300min\",\"iso\":1000,\"shutter_speed\":\"1\\\/320sec\",\"flash\":\"Not fired\",\"title\":false,\"keywords\":false,\"width\":1440,\"height\":960,\"saved\":true,\"thumbnail\":{\"width\":300,\"height\":200},\"webview\":{\"0\":1440,\"1\":960,\"2\":2,\"3\":\"width=\\\"1440\\\" height=\\\"960\\\"\",\"bits\":8,\"channels\":3,\"mime\":\"image\\\/jpeg\"}}},{\"pid\":\"23497\",\"filename\":\"n081-une-preuve-devolution-005-avril-2020-frank-lovisolo-guillard.jpg\",\"description\":\"<b>Meta Data<\\\/b><br><b>Aper\\u00e7u<\\\/b> F 16<br><b>Cam\\u00e9ra<\\\/b> Canon EOS 6D Mark II<br><b>Date\\\/Heure<\\\/b> 26 avril 2020 11 h 51 min<br><b>Distance Focale<\\\/b> 300min<br><b>ISO<\\\/b> 1000<br><b>Vitesse de l'obturateur <\\\/b> 1\\\/500sec<br><b>Flash<\\\/b> Not fired<br><b>Image Width<\\\/b> 1440<br><b>Image Height<\\\/b> 960<br>\\n<b>EXIF Data<\\\/b><br><b>Aper\\u00e7u<\\\/b> F 16<br><b>Date\\\/Heure<\\\/b> 26 avril 2020 11 h 51 min<br><b>Distance Focale<\\\/b> 300min<br><b>ISO<\\\/b> 1000<br><b>Vitesse de l'obturateur <\\\/b> 1\\\/500sec<br><b>Flash<\\\/b> Not fired<br><b>Cam\\u00e9ra<\\\/b> Canon EOS 6D Mark II<br><b>Cr\\u00e9ation<\\\/b> Canon<br>\\n<b>IPTC Data<\\\/b><br><b>Date de cr\\u00e9ation<\\\/b> 20200426<br><b>Heure de cr\\u00e9ation<\\\/b> 115159<br><b>Auteur<\\\/b> LOVISOLO-GUILLARD FRANK CESAR<br><b>Ville<\\\/b> Toulon<br><b>R\\u00e9gion\\\/D\\u00e9partement<\\\/b> Var<br><b>Code pays<\\\/b> FR<br><b>Pays<\\\/b> France<br>\\n<b>XMP Data<\\\/b><br><b>Auteur<\\\/b> LOVISOLO-GUILLARD FRANK CESAR<br>\",\"alttext\":\"\",\"link\":null,\"imagedate\":\"2020-04-26 11:51:59\",\"hitcounter\":\"4\",\"total_value\":\"0\",\"total_votes\":\"0\",\"meta_data\":{\"aperture\":\"F 16\",\"credit\":false,\"camera\":\"Canon EOS 6D Mark II\",\"caption\":false,\"created_timestamp\":\"26 avril 2020 11 h 51 min\",\"copyright\":false,\"focal_length\":\"300min\",\"iso\":1000,\"shutter_speed\":\"1\\\/500sec\",\"flash\":\"Not fired\",\"title\":false,\"keywords\":false,\"width\":1440,\"height\":960,\"saved\":true,\"thumbnail\":{\"width\":300,\"height\":200},\"webview\":{\"0\":1440,\"1\":960,\"2\":2,\"3\":\"width=\\\"1440\\\" height=\\\"960\\\"\",\"bits\":8,\"channels\":3,\"mime\":\"image\\\/jpeg\"}}},{\"pid\":\"23498\",\"filename\":\"n082-une-preuve-devolution-005-avril-2020-frank-lovisolo-guillard.jpg\",\"description\":\"<b>Meta Data<\\\/b><br><b>Aper\\u00e7u<\\\/b> F 16<br><b>Cam\\u00e9ra<\\\/b> Canon EOS 6D Mark II<br><b>Date\\\/Heure<\\\/b> 26 avril 2020 11 h 52 min<br><b>Distance Focale<\\\/b> 300min<br><b>ISO<\\\/b> 1000<br><b>Vitesse de l'obturateur <\\\/b> 1\\\/500sec<br><b>Flash<\\\/b> Not fired<br><b>Image Width<\\\/b> 1440<br><b>Image Height<\\\/b> 960<br>\\n<b>EXIF Data<\\\/b><br><b>Aper\\u00e7u<\\\/b> F 16<br><b>Date\\\/Heure<\\\/b> 26 avril 2020 11 h 52 min<br><b>Distance Focale<\\\/b> 300min<br><b>ISO<\\\/b> 1000<br><b>Vitesse de l'obturateur <\\\/b> 1\\\/500sec<br><b>Flash<\\\/b> Not fired<br><b>Cam\\u00e9ra<\\\/b> Canon EOS 6D Mark II<br><b>Cr\\u00e9ation<\\\/b> Canon<br>\\n<b>IPTC Data<\\\/b><br><b>Date de cr\\u00e9ation<\\\/b> 20200426<br><b>Heure de cr\\u00e9ation<\\\/b> 115202<br><b>Auteur<\\\/b> LOVISOLO-GUILLARD FRANK CESAR<br><b>Ville<\\\/b> Toulon<br><b>R\\u00e9gion\\\/D\\u00e9partement<\\\/b> Var<br><b>Code pays<\\\/b> FR<br><b>Pays<\\\/b> France<br>\\n<b>XMP Data<\\\/b><br><b>Auteur<\\\/b> LOVISOLO-GUILLARD FRANK CESAR<br>\",\"alttext\":\"\",\"link\":null,\"imagedate\":\"2020-04-26 11:52:02\",\"hitcounter\":\"4\",\"total_value\":\"0\",\"total_votes\":\"0\",\"meta_data\":{\"aperture\":\"F 16\",\"credit\":false,\"camera\":\"Canon EOS 6D Mark II\",\"caption\":false,\"created_timestamp\":\"26 avril 2020 11 h 52 min\",\"copyright\":false,\"focal_length\":\"300min\",\"iso\":1000,\"shutter_speed\":\"1\\\/500sec\",\"flash\":\"Not fired\",\"title\":false,\"keywords\":false,\"width\":1440,\"height\":960,\"saved\":true,\"thumbnail\":{\"width\":300,\"height\":200},\"webview\":{\"0\":1440,\"1\":960,\"2\":2,\"3\":\"width=\\\"1440\\\" height=\\\"960\\\"\",\"bits\":8,\"channels\":3,\"mime\":\"image\\\/jpeg\"}}},{\"pid\":\"23499\",\"filename\":\"n083-une-preuve-devolution-005-avril-2020-frank-lovisolo-guillard.jpg\",\"description\":\"<b>Meta Data<\\\/b><br><b>Aper\\u00e7u<\\\/b> F 16<br><b>Cam\\u00e9ra<\\\/b> Canon EOS 6D Mark II<br><b>Date\\\/Heure<\\\/b> 26 avril 2020 11 h 52 min<br><b>Distance Focale<\\\/b> 300min<br><b>ISO<\\\/b> 1000<br><b>Vitesse de l'obturateur <\\\/b> 1\\\/400sec<br><b>Flash<\\\/b> Not fired<br><b>Image Width<\\\/b> 1440<br><b>Image Height<\\\/b> 960<br>\\n<b>EXIF Data<\\\/b><br><b>Aper\\u00e7u<\\\/b> F 16<br><b>Date\\\/Heure<\\\/b> 26 avril 2020 11 h 52 min<br><b>Distance Focale<\\\/b> 300min<br><b>ISO<\\\/b> 1000<br><b>Vitesse de l'obturateur <\\\/b> 1\\\/400sec<br><b>Flash<\\\/b> Not fired<br><b>Cam\\u00e9ra<\\\/b> Canon EOS 6D Mark II<br><b>Cr\\u00e9ation<\\\/b> Canon<br>\\n<b>IPTC Data<\\\/b><br><b>Date de cr\\u00e9ation<\\\/b> 20200426<br><b>Heure de cr\\u00e9ation<\\\/b> 115204<br><b>Auteur<\\\/b> LOVISOLO-GUILLARD FRANK CESAR<br><b>Ville<\\\/b> Toulon<br><b>R\\u00e9gion\\\/D\\u00e9partement<\\\/b> Var<br><b>Code pays<\\\/b> FR<br><b>Pays<\\\/b> France<br>\\n<b>XMP Data<\\\/b><br><b>Auteur<\\\/b> LOVISOLO-GUILLARD FRANK CESAR<br>\",\"alttext\":\"\",\"link\":null,\"imagedate\":\"2020-04-26 11:52:04\",\"hitcounter\":\"4\",\"total_value\":\"0\",\"total_votes\":\"0\",\"meta_data\":{\"aperture\":\"F 16\",\"credit\":false,\"camera\":\"Canon EOS 6D Mark II\",\"caption\":false,\"created_timestamp\":\"26 avril 2020 11 h 52 min\",\"copyright\":false,\"focal_length\":\"300min\",\"iso\":1000,\"shutter_speed\":\"1\\\/400sec\",\"flash\":\"Not fired\",\"title\":false,\"keywords\":false,\"width\":1440,\"height\":960,\"saved\":true,\"thumbnail\":{\"width\":300,\"height\":200},\"webview\":{\"0\":1440,\"1\":960,\"2\":2,\"3\":\"width=\\\"1440\\\" height=\\\"960\\\"\",\"bits\":8,\"channels\":3,\"mime\":\"image\\\/jpeg\"}}},{\"pid\":\"23500\",\"filename\":\"n084-une-preuve-devolution-005-avril-2020-frank-lovisolo-guillard.jpg\",\"description\":\"<b>Meta Data<\\\/b><br><b>Aper\\u00e7u<\\\/b> F 16<br><b>Cam\\u00e9ra<\\\/b> Canon EOS 6D Mark II<br><b>Date\\\/Heure<\\\/b> 26 avril 2020 11 h 52 min<br><b>Distance Focale<\\\/b> 300min<br><b>ISO<\\\/b> 1000<br><b>Vitesse de l'obturateur <\\\/b> 1\\\/400sec<br><b>Flash<\\\/b> Not fired<br><b>Image Width<\\\/b> 1440<br><b>Image Height<\\\/b> 960<br>\\n<b>EXIF Data<\\\/b><br><b>Aper\\u00e7u<\\\/b> F 16<br><b>Date\\\/Heure<\\\/b> 26 avril 2020 11 h 52 min<br><b>Distance Focale<\\\/b> 300min<br><b>ISO<\\\/b> 1000<br><b>Vitesse de l'obturateur <\\\/b> 1\\\/400sec<br><b>Flash<\\\/b> Not fired<br><b>Cam\\u00e9ra<\\\/b> Canon EOS 6D Mark II<br><b>Cr\\u00e9ation<\\\/b> Canon<br>\\n<b>IPTC Data<\\\/b><br><b>Date de cr\\u00e9ation<\\\/b> 20200426<br><b>Heure de cr\\u00e9ation<\\\/b> 115239<br><b>Auteur<\\\/b> LOVISOLO-GUILLARD FRANK CESAR<br><b>Ville<\\\/b> Toulon<br><b>R\\u00e9gion\\\/D\\u00e9partement<\\\/b> Var<br><b>Code pays<\\\/b> FR<br><b>Pays<\\\/b> France<br>\\n<b>XMP Data<\\\/b><br><b>Auteur<\\\/b> LOVISOLO-GUILLARD FRANK CESAR<br>\",\"alttext\":\"\",\"link\":null,\"imagedate\":\"2020-04-26 11:52:39\",\"hitcounter\":\"4\",\"total_value\":\"0\",\"total_votes\":\"0\",\"meta_data\":{\"aperture\":\"F 16\",\"credit\":false,\"camera\":\"Canon EOS 6D Mark II\",\"caption\":false,\"created_timestamp\":\"26 avril 2020 11 h 52 min\",\"copyright\":false,\"focal_length\":\"300min\",\"iso\":1000,\"shutter_speed\":\"1\\\/400sec\",\"flash\":\"Not fired\",\"title\":false,\"keywords\":false,\"width\":1440,\"height\":960,\"saved\":true,\"thumbnail\":{\"width\":300,\"height\":200},\"webview\":{\"0\":1440,\"1\":960,\"2\":2,\"3\":\"width=\\\"1440\\\" height=\\\"960\\\"\",\"bits\":8,\"channels\":3,\"mime\":\"image\\\/jpeg\"}}},{\"pid\":\"23501\",\"filename\":\"n085-une-preuve-devolution-005-avril-2020-frank-lovisolo-guillard.jpg\",\"description\":\"<b>Meta Data<\\\/b><br><b>Aper\\u00e7u<\\\/b> F 16<br><b>Cam\\u00e9ra<\\\/b> Canon EOS 6D Mark II<br><b>Date\\\/Heure<\\\/b> 26 avril 2020 11 h 53 min<br><b>Distance Focale<\\\/b> 300min<br><b>ISO<\\\/b> 1000<br><b>Vitesse de l'obturateur <\\\/b> 1\\\/320sec<br><b>Flash<\\\/b> Not fired<br><b>Image Width<\\\/b> 1440<br><b>Image Height<\\\/b> 960<br>\\n<b>EXIF Data<\\\/b><br><b>Aper\\u00e7u<\\\/b> F 16<br><b>Date\\\/Heure<\\\/b> 26 avril 2020 11 h 53 min<br><b>Distance Focale<\\\/b> 300min<br><b>ISO<\\\/b> 1000<br><b>Vitesse de l'obturateur <\\\/b> 1\\\/320sec<br><b>Flash<\\\/b> Not fired<br><b>Cam\\u00e9ra<\\\/b> Canon EOS 6D Mark II<br><b>Cr\\u00e9ation<\\\/b> Canon<br>\\n<b>IPTC Data<\\\/b><br><b>Date de cr\\u00e9ation<\\\/b> 20200426<br><b>Heure de cr\\u00e9ation<\\\/b> 115310<br><b>Auteur<\\\/b> LOVISOLO-GUILLARD FRANK CESAR<br><b>Ville<\\\/b> Toulon<br><b>R\\u00e9gion\\\/D\\u00e9partement<\\\/b> Var<br><b>Code pays<\\\/b> FR<br><b>Pays<\\\/b> France<br>\\n<b>XMP Data<\\\/b><br><b>Auteur<\\\/b> LOVISOLO-GUILLARD FRANK CESAR<br>\",\"alttext\":\"\",\"link\":null,\"imagedate\":\"2020-04-26 11:53:10\",\"hitcounter\":\"4\",\"total_value\":\"0\",\"total_votes\":\"0\",\"meta_data\":{\"aperture\":\"F 16\",\"credit\":false,\"camera\":\"Canon EOS 6D Mark II\",\"caption\":false,\"created_timestamp\":\"26 avril 2020 11 h 53 min\",\"copyright\":false,\"focal_length\":\"300min\",\"iso\":1000,\"shutter_speed\":\"1\\\/320sec\",\"flash\":\"Not fired\",\"title\":false,\"keywords\":false,\"width\":1440,\"height\":960,\"saved\":true,\"thumbnail\":{\"width\":300,\"height\":200},\"webview\":{\"0\":1440,\"1\":960,\"2\":2,\"3\":\"width=\\\"1440\\\" height=\\\"960\\\"\",\"bits\":8,\"channels\":3,\"mime\":\"image\\\/jpeg\"}}},{\"pid\":\"23502\",\"filename\":\"n086-une-preuve-devolution-005-avril-2020-frank-lovisolo-guillard.jpg\",\"description\":\"<b>Meta Data<\\\/b><br><b>Aper\\u00e7u<\\\/b> F 6.3<br><b>Cam\\u00e9ra<\\\/b> Canon EOS 6D Mark II<br><b>Date\\\/Heure<\\\/b> 26 avril 2020 11 h 53 min<br><b>Distance Focale<\\\/b> 300min<br><b>ISO<\\\/b> 1000<br><b>Vitesse de l'obturateur <\\\/b> 1\\\/250sec<br><b>Flash<\\\/b> Not fired<br><b>Image Width<\\\/b> 1440<br><b>Image Height<\\\/b> 960<br>\\n<b>EXIF Data<\\\/b><br><b>Aper\\u00e7u<\\\/b> F 6.3<br><b>Date\\\/Heure<\\\/b> 26 avril 2020 11 h 53 min<br><b>Distance Focale<\\\/b> 300min<br><b>ISO<\\\/b> 1000<br><b>Vitesse de l'obturateur <\\\/b> 1\\\/250sec<br><b>Flash<\\\/b> Not fired<br><b>Cam\\u00e9ra<\\\/b> Canon EOS 6D Mark II<br><b>Cr\\u00e9ation<\\\/b> Canon<br>\\n<b>IPTC Data<\\\/b><br><b>Date de cr\\u00e9ation<\\\/b> 20200426<br><b>Heure de cr\\u00e9ation<\\\/b> 115326<br><b>Auteur<\\\/b> LOVISOLO-GUILLARD FRANK CESAR<br><b>Ville<\\\/b> Toulon<br><b>R\\u00e9gion\\\/D\\u00e9partement<\\\/b> Var<br><b>Code pays<\\\/b> FR<br><b>Pays<\\\/b> France<br>\\n<b>XMP Data<\\\/b><br><b>Auteur<\\\/b> LOVISOLO-GUILLARD FRANK CESAR<br>\",\"alttext\":\"\",\"link\":null,\"imagedate\":\"2020-04-26 11:53:26\",\"hitcounter\":\"4\",\"total_value\":\"0\",\"total_votes\":\"0\",\"meta_data\":{\"aperture\":\"F 6.3\",\"credit\":false,\"camera\":\"Canon EOS 6D Mark II\",\"caption\":false,\"created_timestamp\":\"26 avril 2020 11 h 53 min\",\"copyright\":false,\"focal_length\":\"300min\",\"iso\":1000,\"shutter_speed\":\"1\\\/250sec\",\"flash\":\"Not fired\",\"title\":false,\"keywords\":false,\"width\":1440,\"height\":960,\"saved\":true,\"thumbnail\":{\"width\":300,\"height\":200},\"webview\":{\"0\":1440,\"1\":960,\"2\":2,\"3\":\"width=\\\"1440\\\" height=\\\"960\\\"\",\"bits\":8,\"channels\":3,\"mime\":\"image\\\/jpeg\"}}},{\"pid\":\"23503\",\"filename\":\"n087-une-preuve-devolution-005-avril-2020-frank-lovisolo-guillard.jpg\",\"description\":\"<b>Meta Data<\\\/b><br><b>Aper\\u00e7u<\\\/b> F 6.3<br><b>Cam\\u00e9ra<\\\/b> Canon EOS 6D Mark II<br><b>Date\\\/Heure<\\\/b> 28 avril 2020 18 h 02 min<br><b>Distance Focale<\\\/b> 300min<br><b>ISO<\\\/b> 500<br><b>Vitesse de l'obturateur <\\\/b> 1\\\/1000sec<br><b>Flash<\\\/b> Not fired<br><b>Image Width<\\\/b> 1440<br><b>Image Height<\\\/b> 960<br>\\n<b>EXIF Data<\\\/b><br><b>Aper\\u00e7u<\\\/b> F 6.3<br><b>Date\\\/Heure<\\\/b> 28 avril 2020 18 h 02 min<br><b>Distance Focale<\\\/b> 300min<br><b>ISO<\\\/b> 500<br><b>Vitesse de l'obturateur <\\\/b> 1\\\/1000sec<br><b>Flash<\\\/b> Not fired<br><b>Cam\\u00e9ra<\\\/b> Canon EOS 6D Mark II<br><b>Cr\\u00e9ation<\\\/b> Canon<br>\\n<b>IPTC Data<\\\/b><br><b>Date de cr\\u00e9ation<\\\/b> 20200428<br><b>Heure de cr\\u00e9ation<\\\/b> 180247<br><b>Auteur<\\\/b> LOVISOLO-GUILLARD FRANK CESAR<br><b>Ville<\\\/b> Toulon<br><b>R\\u00e9gion\\\/D\\u00e9partement<\\\/b> Var<br><b>Code pays<\\\/b> FR<br><b>Pays<\\\/b> France<br>\\n<b>XMP Data<\\\/b><br><b>Auteur<\\\/b> LOVISOLO-GUILLARD FRANK CESAR<br>\",\"alttext\":\"\",\"link\":null,\"imagedate\":\"2020-04-28 18:02:47\",\"hitcounter\":\"4\",\"total_value\":\"0\",\"total_votes\":\"0\",\"meta_data\":{\"aperture\":\"F 6.3\",\"credit\":false,\"camera\":\"Canon EOS 6D Mark II\",\"caption\":false,\"created_timestamp\":\"28 avril 2020 18 h 02 min\",\"copyright\":false,\"focal_length\":\"300min\",\"iso\":500,\"shutter_speed\":\"1\\\/1000sec\",\"flash\":\"Not fired\",\"title\":false,\"keywords\":false,\"width\":1440,\"height\":960,\"saved\":true,\"thumbnail\":{\"width\":300,\"height\":200},\"webview\":{\"0\":1440,\"1\":960,\"2\":2,\"3\":\"width=\\\"1440\\\" height=\\\"960\\\"\",\"bits\":8,\"channels\":3,\"mime\":\"image\\\/jpeg\"}}},{\"pid\":\"23504\",\"filename\":\"n088-une-preuve-devolution-005-avril-2020-frank-lovisolo-guillard.jpg\",\"description\":\"<b>Meta Data<\\\/b><br><b>Aper\\u00e7u<\\\/b> F 6.3<br><b>Cam\\u00e9ra<\\\/b> Canon EOS 6D Mark II<br><b>Date\\\/Heure<\\\/b> 28 avril 2020 18 h 12 min<br><b>Distance Focale<\\\/b> 300min<br><b>ISO<\\\/b> 1000<br><b>Vitesse de l'obturateur <\\\/b> 1\\\/100sec<br><b>Flash<\\\/b> Not fired<br><b>Image Width<\\\/b> 1440<br><b>Image Height<\\\/b> 960<br>\\n<b>EXIF Data<\\\/b><br><b>Aper\\u00e7u<\\\/b> F 6.3<br><b>Date\\\/Heure<\\\/b> 28 avril 2020 18 h 12 min<br><b>Distance Focale<\\\/b> 300min<br><b>ISO<\\\/b> 1000<br><b>Vitesse de l'obturateur <\\\/b> 1\\\/100sec<br><b>Flash<\\\/b> Not fired<br><b>Cam\\u00e9ra<\\\/b> Canon EOS 6D Mark II<br><b>Cr\\u00e9ation<\\\/b> Canon<br>\\n<b>IPTC Data<\\\/b><br><b>Date de cr\\u00e9ation<\\\/b> 20200428<br><b>Heure de cr\\u00e9ation<\\\/b> 181217<br><b>Auteur<\\\/b> LOVISOLO-GUILLARD FRANK CESAR<br><b>Ville<\\\/b> Toulon<br><b>R\\u00e9gion\\\/D\\u00e9partement<\\\/b> Var<br><b>Code pays<\\\/b> FR<br><b>Pays<\\\/b> France<br>\\n<b>XMP Data<\\\/b><br><b>Auteur<\\\/b> LOVISOLO-GUILLARD FRANK CESAR<br>\",\"alttext\":\"\",\"link\":null,\"imagedate\":\"2020-04-28 18:12:17\",\"hitcounter\":\"4\",\"total_value\":\"0\",\"total_votes\":\"0\",\"meta_data\":{\"aperture\":\"F 6.3\",\"credit\":false,\"camera\":\"Canon EOS 6D Mark II\",\"caption\":false,\"created_timestamp\":\"28 avril 2020 18 h 12 min\",\"copyright\":false,\"focal_length\":\"300min\",\"iso\":1000,\"shutter_speed\":\"1\\\/100sec\",\"flash\":\"Not fired\",\"title\":false,\"keywords\":false,\"width\":1440,\"height\":960,\"saved\":true,\"thumbnail\":{\"width\":300,\"height\":200},\"webview\":{\"0\":1440,\"1\":960,\"2\":2,\"3\":\"width=\\\"1440\\\" height=\\\"960\\\"\",\"bits\":8,\"channels\":3,\"mime\":\"image\\\/jpeg\"}}},{\"pid\":\"23505\",\"filename\":\"n089-une-preuve-devolution-005-avril-2020-frank-lovisolo-guillard.jpg\",\"description\":\"<b>Meta Data<\\\/b><br><b>Aper\\u00e7u<\\\/b> F 6.3<br><b>Cam\\u00e9ra<\\\/b> Canon EOS 6D Mark II<br><b>Date\\\/Heure<\\\/b> 28 avril 2020 18 h 15 min<br><b>Distance Focale<\\\/b> 300min<br><b>ISO<\\\/b> 1000<br><b>Vitesse de l'obturateur <\\\/b> 1\\\/4000sec<br><b>Flash<\\\/b> Not fired<br><b>Image Width<\\\/b> 1440<br><b>Image Height<\\\/b> 960<br>\\n<b>EXIF Data<\\\/b><br><b>Aper\\u00e7u<\\\/b> F 6.3<br><b>Date\\\/Heure<\\\/b> 28 avril 2020 18 h 15 min<br><b>Distance Focale<\\\/b> 300min<br><b>ISO<\\\/b> 1000<br><b>Vitesse de l'obturateur <\\\/b> 1\\\/4000sec<br><b>Flash<\\\/b> Not fired<br><b>Cam\\u00e9ra<\\\/b> Canon EOS 6D Mark II<br><b>Cr\\u00e9ation<\\\/b> Canon<br>\\n<b>IPTC Data<\\\/b><br><b>Date de cr\\u00e9ation<\\\/b> 20200428<br><b>Heure de cr\\u00e9ation<\\\/b> 181513<br><b>Auteur<\\\/b> LOVISOLO-GUILLARD FRANK CESAR<br><b>Ville<\\\/b> Toulon<br><b>R\\u00e9gion\\\/D\\u00e9partement<\\\/b> Var<br><b>Code pays<\\\/b> FR<br><b>Pays<\\\/b> France<br>\\n<b>XMP Data<\\\/b><br><b>Auteur<\\\/b> LOVISOLO-GUILLARD FRANK CESAR<br>\",\"alttext\":\"\",\"link\":null,\"imagedate\":\"2020-04-28 18:15:13\",\"hitcounter\":\"4\",\"total_value\":\"0\",\"total_votes\":\"0\",\"meta_data\":{\"aperture\":\"F 6.3\",\"credit\":false,\"camera\":\"Canon EOS 6D Mark II\",\"caption\":false,\"created_timestamp\":\"28 avril 2020 18 h 15 min\",\"copyright\":false,\"focal_length\":\"300min\",\"iso\":1000,\"shutter_speed\":\"1\\\/4000sec\",\"flash\":\"Not fired\",\"title\":false,\"keywords\":false,\"width\":1440,\"height\":960,\"saved\":true,\"thumbnail\":{\"width\":300,\"height\":200},\"webview\":{\"0\":1440,\"1\":960,\"2\":2,\"3\":\"width=\\\"1440\\\" height=\\\"960\\\"\",\"bits\":8,\"channels\":3,\"mime\":\"image\\\/jpeg\"}}},{\"pid\":\"23506\",\"filename\":\"n090-une-preuve-devolution-005-avril-2020-frank-lovisolo-guillard.jpg\",\"description\":\"<b>Meta Data<\\\/b><br><b>Aper\\u00e7u<\\\/b> F 6.3<br><b>Cam\\u00e9ra<\\\/b> Canon EOS 6D Mark II<br><b>Date\\\/Heure<\\\/b> 28 avril 2020 18 h 17 min<br><b>Distance Focale<\\\/b> 300min<br><b>ISO<\\\/b> 1000<br><b>Vitesse de l'obturateur <\\\/b> 1\\\/400sec<br><b>Flash<\\\/b> Not fired<br><b>Image Width<\\\/b> 1440<br><b>Image Height<\\\/b> 960<br>\\n<b>EXIF Data<\\\/b><br><b>Aper\\u00e7u<\\\/b> F 6.3<br><b>Date\\\/Heure<\\\/b> 28 avril 2020 18 h 17 min<br><b>Distance Focale<\\\/b> 300min<br><b>ISO<\\\/b> 1000<br><b>Vitesse de l'obturateur <\\\/b> 1\\\/400sec<br><b>Flash<\\\/b> Not fired<br><b>Cam\\u00e9ra<\\\/b> Canon EOS 6D Mark II<br><b>Cr\\u00e9ation<\\\/b> Canon<br>\\n<b>IPTC Data<\\\/b><br><b>Date de cr\\u00e9ation<\\\/b> 20200428<br><b>Heure de cr\\u00e9ation<\\\/b> 181713<br><b>Auteur<\\\/b> LOVISOLO-GUILLARD FRANK CESAR<br><b>Ville<\\\/b> Toulon<br><b>R\\u00e9gion\\\/D\\u00e9partement<\\\/b> Var<br><b>Code pays<\\\/b> FR<br><b>Pays<\\\/b> France<br>\\n<b>XMP Data<\\\/b><br><b>Auteur<\\\/b> LOVISOLO-GUILLARD FRANK CESAR<br>\",\"alttext\":\"\",\"link\":null,\"imagedate\":\"2020-04-28 18:17:13\",\"hitcounter\":\"4\",\"total_value\":\"0\",\"total_votes\":\"0\",\"meta_data\":{\"aperture\":\"F 6.3\",\"credit\":false,\"camera\":\"Canon EOS 6D Mark II\",\"caption\":false,\"created_timestamp\":\"28 avril 2020 18 h 17 min\",\"copyright\":false,\"focal_length\":\"300min\",\"iso\":1000,\"shutter_speed\":\"1\\\/400sec\",\"flash\":\"Not fired\",\"title\":false,\"keywords\":false,\"width\":1440,\"height\":960,\"saved\":true,\"thumbnail\":{\"width\":300,\"height\":200},\"webview\":{\"0\":1440,\"1\":960,\"2\":2,\"3\":\"width=\\\"1440\\\" height=\\\"960\\\"\",\"bits\":8,\"channels\":3,\"mime\":\"image\\\/jpeg\"}}},{\"pid\":\"23507\",\"filename\":\"n091-une-preuve-devolution-005-avril-2020-frank-lovisolo-guillard.jpg\",\"description\":\"<b>Meta Data<\\\/b><br><b>Aper\\u00e7u<\\\/b> F 6.3<br><b>Cam\\u00e9ra<\\\/b> Canon EOS 6D Mark II<br><b>Date\\\/Heure<\\\/b> 28 avril 2020 18 h 29 min<br><b>Distance Focale<\\\/b> 300min<br><b>ISO<\\\/b> 800<br><b>Vitesse de l'obturateur <\\\/b> 1\\\/4000sec<br><b>Flash<\\\/b> Not fired<br><b>Image Width<\\\/b> 1440<br><b>Image Height<\\\/b> 960<br>\\n<b>EXIF Data<\\\/b><br><b>Aper\\u00e7u<\\\/b> F 6.3<br><b>Date\\\/Heure<\\\/b> 28 avril 2020 18 h 29 min<br><b>Distance Focale<\\\/b> 300min<br><b>ISO<\\\/b> 800<br><b>Vitesse de l'obturateur <\\\/b> 1\\\/4000sec<br><b>Flash<\\\/b> Not fired<br><b>Cam\\u00e9ra<\\\/b> Canon EOS 6D Mark II<br><b>Cr\\u00e9ation<\\\/b> Canon<br>\\n<b>IPTC Data<\\\/b><br><b>Date de cr\\u00e9ation<\\\/b> 20200428<br><b>Heure de cr\\u00e9ation<\\\/b> 182907<br><b>Auteur<\\\/b> LOVISOLO-GUILLARD FRANK CESAR<br><b>Ville<\\\/b> Toulon<br><b>R\\u00e9gion\\\/D\\u00e9partement<\\\/b> Var<br><b>Code pays<\\\/b> FR<br><b>Pays<\\\/b> France<br>\\n<b>XMP Data<\\\/b><br><b>Auteur<\\\/b> LOVISOLO-GUILLARD FRANK CESAR<br>\",\"alttext\":\"\",\"link\":null,\"imagedate\":\"2020-04-28 18:29:07\",\"hitcounter\":\"5\",\"total_value\":\"0\",\"total_votes\":\"0\",\"meta_data\":{\"aperture\":\"F 6.3\",\"credit\":false,\"camera\":\"Canon EOS 6D Mark II\",\"caption\":false,\"created_timestamp\":\"28 avril 2020 18 h 29 min\",\"copyright\":false,\"focal_length\":\"300min\",\"iso\":800,\"shutter_speed\":\"1\\\/4000sec\",\"flash\":\"Not fired\",\"title\":false,\"keywords\":false,\"width\":1440,\"height\":960,\"saved\":true,\"thumbnail\":{\"width\":300,\"height\":200},\"webview\":{\"0\":1440,\"1\":960,\"2\":2,\"3\":\"width=\\\"1440\\\" height=\\\"960\\\"\",\"bits\":8,\"channels\":3,\"mime\":\"image\\\/jpeg\"}}},{\"pid\":\"23508\",\"filename\":\"n092-une-preuve-devolution-005-avril-2020-frank-lovisolo-guillard.jpg\",\"description\":\"<b>Meta Data<\\\/b><br><b>Aper\\u00e7u<\\\/b> F 6.3<br><b>Cam\\u00e9ra<\\\/b> Canon EOS 6D Mark II<br><b>Date\\\/Heure<\\\/b> 28 avril 2020 18 h 29 min<br><b>Distance Focale<\\\/b> 300min<br><b>ISO<\\\/b> 800<br><b>Vitesse de l'obturateur <\\\/b> 1\\\/2500sec<br><b>Flash<\\\/b> Not fired<br><b>Image Width<\\\/b> 1440<br><b>Image Height<\\\/b> 960<br>\\n<b>EXIF Data<\\\/b><br><b>Aper\\u00e7u<\\\/b> F 6.3<br><b>Date\\\/Heure<\\\/b> 28 avril 2020 18 h 29 min<br><b>Distance Focale<\\\/b> 300min<br><b>ISO<\\\/b> 800<br><b>Vitesse de l'obturateur <\\\/b> 1\\\/2500sec<br><b>Flash<\\\/b> Not fired<br><b>Cam\\u00e9ra<\\\/b> Canon EOS 6D Mark II<br><b>Cr\\u00e9ation<\\\/b> Canon<br>\\n<b>IPTC Data<\\\/b><br><b>Date de cr\\u00e9ation<\\\/b> 20200428<br><b>Heure de cr\\u00e9ation<\\\/b> 182947<br><b>Auteur<\\\/b> LOVISOLO-GUILLARD FRANK CESAR<br><b>Ville<\\\/b> Toulon<br><b>R\\u00e9gion\\\/D\\u00e9partement<\\\/b> Var<br><b>Code pays<\\\/b> FR<br><b>Pays<\\\/b> France<br>\\n<b>XMP Data<\\\/b><br><b>Auteur<\\\/b> LOVISOLO-GUILLARD FRANK CESAR<br>\",\"alttext\":\"\",\"link\":null,\"imagedate\":\"2020-04-28 18:29:47\",\"hitcounter\":\"5\",\"total_value\":\"0\",\"total_votes\":\"0\",\"meta_data\":{\"aperture\":\"F 6.3\",\"credit\":false,\"camera\":\"Canon EOS 6D Mark II\",\"caption\":false,\"created_timestamp\":\"28 avril 2020 18 h 29 min\",\"copyright\":false,\"focal_length\":\"300min\",\"iso\":800,\"shutter_speed\":\"1\\\/2500sec\",\"flash\":\"Not fired\",\"title\":false,\"keywords\":false,\"width\":1440,\"height\":960,\"saved\":true,\"thumbnail\":{\"width\":300,\"height\":200},\"webview\":{\"0\":1440,\"1\":960,\"2\":2,\"3\":\"width=\\\"1440\\\" height=\\\"960\\\"\",\"bits\":8,\"channels\":3,\"mime\":\"image\\\/jpeg\"}}},{\"pid\":\"23509\",\"filename\":\"n093-une-preuve-devolution-005-avril-2020-frank-lovisolo-guillard.jpg\",\"description\":\"<b>Meta Data<\\\/b><br><b>Aper\\u00e7u<\\\/b> F 6.3<br><b>Cam\\u00e9ra<\\\/b> Canon EOS 6D Mark II<br><b>Date\\\/Heure<\\\/b> 28 avril 2020 18 h 32 min<br><b>Distance Focale<\\\/b> 300min<br><b>ISO<\\\/b> 800<br><b>Vitesse de l'obturateur <\\\/b> 1\\\/2000sec<br><b>Flash<\\\/b> Not fired<br><b>Image Width<\\\/b> 1440<br><b>Image Height<\\\/b> 960<br>\\n<b>EXIF Data<\\\/b><br><b>Aper\\u00e7u<\\\/b> F 6.3<br><b>Date\\\/Heure<\\\/b> 28 avril 2020 18 h 32 min<br><b>Distance Focale<\\\/b> 300min<br><b>ISO<\\\/b> 800<br><b>Vitesse de l'obturateur <\\\/b> 1\\\/2000sec<br><b>Flash<\\\/b> Not fired<br><b>Cam\\u00e9ra<\\\/b> Canon EOS 6D Mark II<br><b>Cr\\u00e9ation<\\\/b> Canon<br>\\n<b>IPTC Data<\\\/b><br><b>Date de cr\\u00e9ation<\\\/b> 20200428<br><b>Heure de cr\\u00e9ation<\\\/b> 183207<br><b>Auteur<\\\/b> LOVISOLO-GUILLARD FRANK CESAR<br><b>Ville<\\\/b> Toulon<br><b>R\\u00e9gion\\\/D\\u00e9partement<\\\/b> Var<br><b>Code pays<\\\/b> FR<br><b>Pays<\\\/b> France<br>\\n<b>XMP Data<\\\/b><br><b>Auteur<\\\/b> LOVISOLO-GUILLARD FRANK CESAR<br>\",\"alttext\":\"\",\"link\":null,\"imagedate\":\"2020-04-28 18:32:07\",\"hitcounter\":\"6\",\"total_value\":\"0\",\"total_votes\":\"0\",\"meta_data\":{\"aperture\":\"F 6.3\",\"credit\":false,\"camera\":\"Canon EOS 6D Mark II\",\"caption\":false,\"created_timestamp\":\"28 avril 2020 18 h 32 min\",\"copyright\":false,\"focal_length\":\"300min\",\"iso\":800,\"shutter_speed\":\"1\\\/2000sec\",\"flash\":\"Not fired\",\"title\":false,\"keywords\":false,\"width\":1440,\"height\":960,\"saved\":true,\"thumbnail\":{\"width\":300,\"height\":200},\"webview\":{\"0\":1440,\"1\":960,\"2\":2,\"3\":\"width=\\\"1440\\\" height=\\\"960\\\"\",\"bits\":8,\"channels\":3,\"mime\":\"image\\\/jpeg\"}}},{\"pid\":\"23510\",\"filename\":\"n094-une-preuve-devolution-005-avril-2020-frank-lovisolo-guillard.jpg\",\"description\":\"<b>Meta Data<\\\/b><br><b>Aper\\u00e7u<\\\/b> F 6.3<br><b>Cam\\u00e9ra<\\\/b> Canon EOS 6D Mark II<br><b>Date\\\/Heure<\\\/b> 28 avril 2020 18 h 51 min<br><b>Distance Focale<\\\/b> 300min<br><b>ISO<\\\/b> 800<br><b>Vitesse de l'obturateur <\\\/b> 1\\\/160sec<br><b>Flash<\\\/b> Not fired<br><b>Image Width<\\\/b> 1440<br><b>Image Height<\\\/b> 960<br>\\n<b>EXIF Data<\\\/b><br><b>Aper\\u00e7u<\\\/b> F 6.3<br><b>Date\\\/Heure<\\\/b> 28 avril 2020 18 h 51 min<br><b>Distance Focale<\\\/b> 300min<br><b>ISO<\\\/b> 800<br><b>Vitesse de l'obturateur <\\\/b> 1\\\/160sec<br><b>Flash<\\\/b> Not fired<br><b>Cam\\u00e9ra<\\\/b> Canon EOS 6D Mark II<br><b>Cr\\u00e9ation<\\\/b> Canon<br>\\n<b>IPTC Data<\\\/b><br><b>Date de cr\\u00e9ation<\\\/b> 20200428<br><b>Heure de cr\\u00e9ation<\\\/b> 185101<br><b>Auteur<\\\/b> LOVISOLO-GUILLARD FRANK CESAR<br><b>Ville<\\\/b> Toulon<br><b>R\\u00e9gion\\\/D\\u00e9partement<\\\/b> Var<br><b>Code pays<\\\/b> FR<br><b>Pays<\\\/b> France<br>\\n<b>XMP Data<\\\/b><br><b>Auteur<\\\/b> LOVISOLO-GUILLARD FRANK CESAR<br>\",\"alttext\":\"\",\"link\":null,\"imagedate\":\"2020-04-28 18:51:01\",\"hitcounter\":\"6\",\"total_value\":\"0\",\"total_votes\":\"0\",\"meta_data\":{\"aperture\":\"F 6.3\",\"credit\":false,\"camera\":\"Canon EOS 6D Mark II\",\"caption\":false,\"created_timestamp\":\"28 avril 2020 18 h 51 min\",\"copyright\":false,\"focal_length\":\"300min\",\"iso\":800,\"shutter_speed\":\"1\\\/160sec\",\"flash\":\"Not fired\",\"title\":false,\"keywords\":false,\"width\":1440,\"height\":960,\"saved\":true,\"thumbnail\":{\"width\":300,\"height\":200},\"webview\":{\"0\":1440,\"1\":960,\"2\":2,\"3\":\"width=\\\"1440\\\" height=\\\"960\\\"\",\"bits\":8,\"channels\":3,\"mime\":\"image\\\/jpeg\"}}},{\"pid\":\"23511\",\"filename\":\"n095-une-preuve-devolution-005-avril-2020-frank-lovisolo-guillard.jpg\",\"description\":\"<b>Meta Data<\\\/b><br><b>Aper\\u00e7u<\\\/b> F 6.3<br><b>Cam\\u00e9ra<\\\/b> Canon EOS 6D Mark II<br><b>Date\\\/Heure<\\\/b> 28 avril 2020 18 h 51 min<br><b>Distance Focale<\\\/b> 300min<br><b>ISO<\\\/b> 800<br><b>Vitesse de l'obturateur <\\\/b> 1\\\/250sec<br><b>Flash<\\\/b> Not fired<br><b>Image Width<\\\/b> 1440<br><b>Image Height<\\\/b> 960<br>\\n<b>EXIF Data<\\\/b><br><b>Aper\\u00e7u<\\\/b> F 6.3<br><b>Date\\\/Heure<\\\/b> 28 avril 2020 18 h 51 min<br><b>Distance Focale<\\\/b> 300min<br><b>ISO<\\\/b> 800<br><b>Vitesse de l'obturateur <\\\/b> 1\\\/250sec<br><b>Flash<\\\/b> Not fired<br><b>Cam\\u00e9ra<\\\/b> Canon EOS 6D Mark II<br><b>Cr\\u00e9ation<\\\/b> Canon<br>\\n<b>IPTC Data<\\\/b><br><b>Date de cr\\u00e9ation<\\\/b> 20200428<br><b>Heure de cr\\u00e9ation<\\\/b> 185130<br><b>Auteur<\\\/b> LOVISOLO-GUILLARD FRANK CESAR<br><b>Ville<\\\/b> Toulon<br><b>R\\u00e9gion\\\/D\\u00e9partement<\\\/b> Var<br><b>Code pays<\\\/b> FR<br><b>Pays<\\\/b> France<br>\\n<b>XMP Data<\\\/b><br><b>Auteur<\\\/b> LOVISOLO-GUILLARD FRANK CESAR<br>\",\"alttext\":\"\",\"link\":null,\"imagedate\":\"2020-04-28 18:51:30\",\"hitcounter\":\"6\",\"total_value\":\"0\",\"total_votes\":\"0\",\"meta_data\":{\"aperture\":\"F 6.3\",\"credit\":false,\"camera\":\"Canon EOS 6D Mark II\",\"caption\":false,\"created_timestamp\":\"28 avril 2020 18 h 51 min\",\"copyright\":false,\"focal_length\":\"300min\",\"iso\":800,\"shutter_speed\":\"1\\\/250sec\",\"flash\":\"Not fired\",\"title\":false,\"keywords\":false,\"width\":1440,\"height\":960,\"saved\":true,\"thumbnail\":{\"width\":300,\"height\":200},\"webview\":{\"0\":1440,\"1\":960,\"2\":2,\"3\":\"width=\\\"1440\\\" height=\\\"960\\\"\",\"bits\":8,\"channels\":3,\"mime\":\"image\\\/jpeg\"}}}]}], };})();<\/script><\/div><\/div><noscript id=\"noscript_FlaGallery_sc1_280\"><img decoding=\"async\" class=\"skip-lazy no-lazyload noLazy\" data-lazy-src=\"\" src=\"https:\/\/frank-lovisolo.fr\/WordPress\/wp-content\/flagallery\/une-preuve-devolution-chapitre-5\/n001-une-preuve-devolution-005-avril-2020-frank-lovisolo-guillard.jpg\" alt=\"- - -\" title=\"-\"><img decoding=\"async\" class=\"skip-lazy no-lazyload noLazy\" data-lazy-src=\"\" src=\"https:\/\/frank-lovisolo.fr\/WordPress\/wp-content\/flagallery\/une-preuve-devolution-chapitre-5\/n002-une-preuve-devolution-005-avril-2020-frank-lovisolo-guillard.jpg\" alt=\"- - -\" title=\"-\"><img decoding=\"async\" class=\"skip-lazy no-lazyload noLazy\" data-lazy-src=\"\" src=\"https:\/\/frank-lovisolo.fr\/WordPress\/wp-content\/flagallery\/une-preuve-devolution-chapitre-5\/n003-une-preuve-devolution-005-avril-2020-frank-lovisolo-guillard.jpg\" alt=\"- - -\" title=\"-\"><img decoding=\"async\" class=\"skip-lazy no-lazyload noLazy\" data-lazy-src=\"\" src=\"https:\/\/frank-lovisolo.fr\/WordPress\/wp-content\/flagallery\/une-preuve-devolution-chapitre-5\/n004-une-preuve-devolution-005-avril-2020-frank-lovisolo-guillard.jpg\" alt=\"- - -\" title=\"-\"><img decoding=\"async\" class=\"skip-lazy no-lazyload noLazy\" data-lazy-src=\"\" src=\"https:\/\/frank-lovisolo.fr\/WordPress\/wp-content\/flagallery\/une-preuve-devolution-chapitre-5\/n005-une-preuve-devolution-005-avril-2020-frank-lovisolo-guillard.jpg\" alt=\"- - -\" title=\"-\"><img decoding=\"async\" class=\"skip-lazy no-lazyload noLazy\" data-lazy-src=\"\" src=\"https:\/\/frank-lovisolo.fr\/WordPress\/wp-content\/flagallery\/une-preuve-devolution-chapitre-5\/n006-une-preuve-devolution-005-avril-2020-frank-lovisolo-guillard.jpg\" alt=\"- - -\" title=\"-\"><img decoding=\"async\" class=\"skip-lazy no-lazyload noLazy\" data-lazy-src=\"\" src=\"https:\/\/frank-lovisolo.fr\/WordPress\/wp-content\/flagallery\/une-preuve-devolution-chapitre-5\/n007-une-preuve-devolution-005-avril-2020-frank-lovisolo-guillard.jpg\" alt=\"- - -\" title=\"-\"><img decoding=\"async\" class=\"skip-lazy no-lazyload noLazy\" data-lazy-src=\"\" src=\"https:\/\/frank-lovisolo.fr\/WordPress\/wp-content\/flagallery\/une-preuve-devolution-chapitre-5\/n008-une-preuve-devolution-005-avril-2020-frank-lovisolo-guillard.jpg\" alt=\"- - -\" title=\"-\"><img decoding=\"async\" class=\"skip-lazy no-lazyload noLazy\" data-lazy-src=\"\" src=\"https:\/\/frank-lovisolo.fr\/WordPress\/wp-content\/flagallery\/une-preuve-devolution-chapitre-5\/n009-une-preuve-devolution-005-avril-2020-frank-lovisolo-guillard.jpg\" alt=\"- - -\" title=\"-\"><img decoding=\"async\" class=\"skip-lazy no-lazyload noLazy\" data-lazy-src=\"\" src=\"https:\/\/frank-lovisolo.fr\/WordPress\/wp-content\/flagallery\/une-preuve-devolution-chapitre-5\/n010-une-preuve-devolution-005-avril-2020-frank-lovisolo-guillard.jpg\" alt=\"- - -\" title=\"-\"><img decoding=\"async\" class=\"skip-lazy no-lazyload noLazy\" data-lazy-src=\"\" src=\"https:\/\/frank-lovisolo.fr\/WordPress\/wp-content\/flagallery\/une-preuve-devolution-chapitre-5\/n011-une-preuve-devolution-005-avril-2020-frank-lovisolo-guillard.jpg\" alt=\"- - -\" title=\"-\"><img decoding=\"async\" class=\"skip-lazy no-lazyload noLazy\" data-lazy-src=\"\" src=\"https:\/\/frank-lovisolo.fr\/WordPress\/wp-content\/flagallery\/une-preuve-devolution-chapitre-5\/n012-une-preuve-devolution-005-avril-2020-frank-lovisolo-guillard.jpg\" alt=\"- - -\" title=\"-\"><img decoding=\"async\" class=\"skip-lazy no-lazyload noLazy\" data-lazy-src=\"\" src=\"https:\/\/frank-lovisolo.fr\/WordPress\/wp-content\/flagallery\/une-preuve-devolution-chapitre-5\/n013-une-preuve-devolution-005-avril-2020-frank-lovisolo-guillard.jpg\" alt=\"- - -\" title=\"-\"><img decoding=\"async\" class=\"skip-lazy no-lazyload noLazy\" data-lazy-src=\"\" src=\"https:\/\/frank-lovisolo.fr\/WordPress\/wp-content\/flagallery\/une-preuve-devolution-chapitre-5\/n014-une-preuve-devolution-005-avril-2020-frank-lovisolo-guillard.jpg\" alt=\"- - -\" title=\"-\"><img decoding=\"async\" class=\"skip-lazy no-lazyload noLazy\" data-lazy-src=\"\" src=\"https:\/\/frank-lovisolo.fr\/WordPress\/wp-content\/flagallery\/une-preuve-devolution-chapitre-5\/n015-une-preuve-devolution-005-avril-2020-frank-lovisolo-guillard.jpg\" alt=\"- - -\" title=\"-\"><img decoding=\"async\" class=\"skip-lazy no-lazyload noLazy\" data-lazy-src=\"\" src=\"https:\/\/frank-lovisolo.fr\/WordPress\/wp-content\/flagallery\/une-preuve-devolution-chapitre-5\/n016-une-preuve-devolution-005-avril-2020-frank-lovisolo-guillard.jpg\" alt=\"- - -\" title=\"-\"><img decoding=\"async\" class=\"skip-lazy no-lazyload noLazy\" data-lazy-src=\"\" src=\"https:\/\/frank-lovisolo.fr\/WordPress\/wp-content\/flagallery\/une-preuve-devolution-chapitre-5\/n017-une-preuve-devolution-005-avril-2020-frank-lovisolo-guillard.jpg\" alt=\"- - -\" title=\"-\"><img decoding=\"async\" class=\"skip-lazy no-lazyload noLazy\" data-lazy-src=\"\" src=\"https:\/\/frank-lovisolo.fr\/WordPress\/wp-content\/flagallery\/une-preuve-devolution-chapitre-5\/n018-une-preuve-devolution-005-avril-2020-frank-lovisolo-guillard.jpg\" alt=\"- - -\" title=\"-\"><img decoding=\"async\" class=\"skip-lazy no-lazyload noLazy\" data-lazy-src=\"\" src=\"https:\/\/frank-lovisolo.fr\/WordPress\/wp-content\/flagallery\/une-preuve-devolution-chapitre-5\/n019-une-preuve-devolution-005-avril-2020-frank-lovisolo-guillard.jpg\" alt=\"- - -\" title=\"-\"><img decoding=\"async\" class=\"skip-lazy no-lazyload noLazy\" data-lazy-src=\"\" src=\"https:\/\/frank-lovisolo.fr\/WordPress\/wp-content\/flagallery\/une-preuve-devolution-chapitre-5\/n020-une-preuve-devolution-005-avril-2020-frank-lovisolo-guillard.jpg\" alt=\"- - -\" title=\"-\"><img decoding=\"async\" class=\"skip-lazy no-lazyload noLazy\" data-lazy-src=\"\" src=\"https:\/\/frank-lovisolo.fr\/WordPress\/wp-content\/flagallery\/une-preuve-devolution-chapitre-5\/n021-une-preuve-devolution-005-avril-2020-frank-lovisolo-guillard.jpg\" alt=\"- - -\" title=\"-\"><img decoding=\"async\" class=\"skip-lazy no-lazyload noLazy\" data-lazy-src=\"\" src=\"https:\/\/frank-lovisolo.fr\/WordPress\/wp-content\/flagallery\/une-preuve-devolution-chapitre-5\/n022-une-preuve-devolution-005-avril-2020-frank-lovisolo-guillard.jpg\" alt=\"- - -\" title=\"-\"><img decoding=\"async\" class=\"skip-lazy no-lazyload noLazy\" data-lazy-src=\"\" src=\"https:\/\/frank-lovisolo.fr\/WordPress\/wp-content\/flagallery\/une-preuve-devolution-chapitre-5\/n023-une-preuve-devolution-005-avril-2020-frank-lovisolo-guillard.jpg\" alt=\"- - -\" title=\"-\"><img decoding=\"async\" class=\"skip-lazy no-lazyload noLazy\" data-lazy-src=\"\" src=\"https:\/\/frank-lovisolo.fr\/WordPress\/wp-content\/flagallery\/une-preuve-devolution-chapitre-5\/n024-une-preuve-devolution-005-avril-2020-frank-lovisolo-guillard.jpg\" alt=\"- - -\" title=\"-\"><img decoding=\"async\" class=\"skip-lazy no-lazyload noLazy\" data-lazy-src=\"\" src=\"https:\/\/frank-lovisolo.fr\/WordPress\/wp-content\/flagallery\/une-preuve-devolution-chapitre-5\/n025-une-preuve-devolution-005-avril-2020-frank-lovisolo-guillard.jpg\" alt=\"- - -\" title=\"-\"><img decoding=\"async\" class=\"skip-lazy no-lazyload noLazy\" data-lazy-src=\"\" src=\"https:\/\/frank-lovisolo.fr\/WordPress\/wp-content\/flagallery\/une-preuve-devolution-chapitre-5\/n026-une-preuve-devolution-005-avril-2020-frank-lovisolo-guillard.jpg\" alt=\"- - -\" title=\"-\"><img decoding=\"async\" class=\"skip-lazy no-lazyload noLazy\" data-lazy-src=\"\" src=\"https:\/\/frank-lovisolo.fr\/WordPress\/wp-content\/flagallery\/une-preuve-devolution-chapitre-5\/n027-une-preuve-devolution-005-avril-2020-frank-lovisolo-guillard.jpg\" alt=\"- - -\" title=\"-\"><img decoding=\"async\" class=\"skip-lazy no-lazyload noLazy\" data-lazy-src=\"\" src=\"https:\/\/frank-lovisolo.fr\/WordPress\/wp-content\/flagallery\/une-preuve-devolution-chapitre-5\/n028-une-preuve-devolution-005-avril-2020-frank-lovisolo-guillard.jpg\" alt=\"- - -\" title=\"-\"><img decoding=\"async\" class=\"skip-lazy no-lazyload noLazy\" data-lazy-src=\"\" src=\"https:\/\/frank-lovisolo.fr\/WordPress\/wp-content\/flagallery\/une-preuve-devolution-chapitre-5\/n029-une-preuve-devolution-005-avril-2020-frank-lovisolo-guillard.jpg\" alt=\"- - -\" title=\"-\"><img decoding=\"async\" class=\"skip-lazy no-lazyload noLazy\" data-lazy-src=\"\" src=\"https:\/\/frank-lovisolo.fr\/WordPress\/wp-content\/flagallery\/une-preuve-devolution-chapitre-5\/n030-une-preuve-devolution-005-avril-2020-frank-lovisolo-guillard.jpg\" alt=\"- - -\" title=\"-\"><img decoding=\"async\" class=\"skip-lazy no-lazyload noLazy\" data-lazy-src=\"\" src=\"https:\/\/frank-lovisolo.fr\/WordPress\/wp-content\/flagallery\/une-preuve-devolution-chapitre-5\/n031-une-preuve-devolution-005-avril-2020-frank-lovisolo-guillard.jpg\" alt=\"- - -\" title=\"-\"><img decoding=\"async\" class=\"skip-lazy no-lazyload noLazy\" data-lazy-src=\"\" src=\"https:\/\/frank-lovisolo.fr\/WordPress\/wp-content\/flagallery\/une-preuve-devolution-chapitre-5\/n032-une-preuve-devolution-005-avril-2020-frank-lovisolo-guillard.jpg\" alt=\"- - -\" title=\"-\"><img decoding=\"async\" class=\"skip-lazy no-lazyload noLazy\" data-lazy-src=\"\" src=\"https:\/\/frank-lovisolo.fr\/WordPress\/wp-content\/flagallery\/une-preuve-devolution-chapitre-5\/n033-une-preuve-devolution-005-avril-2020-frank-lovisolo-guillard.jpg\" alt=\"- - -\" title=\"-\"><img decoding=\"async\" class=\"skip-lazy no-lazyload noLazy\" data-lazy-src=\"\" src=\"https:\/\/frank-lovisolo.fr\/WordPress\/wp-content\/flagallery\/une-preuve-devolution-chapitre-5\/n034-une-preuve-devolution-005-avril-2020-frank-lovisolo-guillard.jpg\" alt=\"- - -\" title=\"-\"><img decoding=\"async\" class=\"skip-lazy no-lazyload noLazy\" data-lazy-src=\"\" src=\"https:\/\/frank-lovisolo.fr\/WordPress\/wp-content\/flagallery\/une-preuve-devolution-chapitre-5\/n035-une-preuve-devolution-005-avril-2020-frank-lovisolo-guillard.jpg\" alt=\"- - -\" title=\"-\"><img decoding=\"async\" class=\"skip-lazy no-lazyload noLazy\" data-lazy-src=\"\" src=\"https:\/\/frank-lovisolo.fr\/WordPress\/wp-content\/flagallery\/une-preuve-devolution-chapitre-5\/n036-une-preuve-devolution-005-avril-2020-frank-lovisolo-guillard.jpg\" alt=\"- - -\" title=\"-\"><img decoding=\"async\" class=\"skip-lazy no-lazyload noLazy\" data-lazy-src=\"\" src=\"https:\/\/frank-lovisolo.fr\/WordPress\/wp-content\/flagallery\/une-preuve-devolution-chapitre-5\/n037-une-preuve-devolution-005-avril-2020-frank-lovisolo-guillard.jpg\" alt=\"- - -\" title=\"-\"><img decoding=\"async\" class=\"skip-lazy no-lazyload noLazy\" data-lazy-src=\"\" src=\"https:\/\/frank-lovisolo.fr\/WordPress\/wp-content\/flagallery\/une-preuve-devolution-chapitre-5\/n038-une-preuve-devolution-005-avril-2020-frank-lovisolo-guillard.jpg\" alt=\"- - -\" title=\"-\"><img decoding=\"async\" class=\"skip-lazy no-lazyload noLazy\" data-lazy-src=\"\" src=\"https:\/\/frank-lovisolo.fr\/WordPress\/wp-content\/flagallery\/une-preuve-devolution-chapitre-5\/n039-une-preuve-devolution-005-avril-2020-frank-lovisolo-guillard.jpg\" alt=\"- - -\" title=\"-\"><img decoding=\"async\" class=\"skip-lazy no-lazyload noLazy\" data-lazy-src=\"\" src=\"https:\/\/frank-lovisolo.fr\/WordPress\/wp-content\/flagallery\/une-preuve-devolution-chapitre-5\/n040-une-preuve-devolution-005-avril-2020-frank-lovisolo-guillard.jpg\" alt=\"- - -\" title=\"-\"><img decoding=\"async\" class=\"skip-lazy no-lazyload noLazy\" data-lazy-src=\"\" src=\"https:\/\/frank-lovisolo.fr\/WordPress\/wp-content\/flagallery\/une-preuve-devolution-chapitre-5\/n041-une-preuve-devolution-005-avril-2020-frank-lovisolo-guillard.jpg\" alt=\"- - -\" title=\"-\"><img decoding=\"async\" class=\"skip-lazy no-lazyload noLazy\" data-lazy-src=\"\" src=\"https:\/\/frank-lovisolo.fr\/WordPress\/wp-content\/flagallery\/une-preuve-devolution-chapitre-5\/n042-une-preuve-devolution-005-avril-2020-frank-lovisolo-guillard.jpg\" alt=\"- - -\" title=\"-\"><img decoding=\"async\" class=\"skip-lazy no-lazyload noLazy\" data-lazy-src=\"\" src=\"https:\/\/frank-lovisolo.fr\/WordPress\/wp-content\/flagallery\/une-preuve-devolution-chapitre-5\/n043-une-preuve-devolution-005-avril-2020-frank-lovisolo-guillard.jpg\" alt=\"- - -\" title=\"-\"><img decoding=\"async\" class=\"skip-lazy no-lazyload noLazy\" data-lazy-src=\"\" src=\"https:\/\/frank-lovisolo.fr\/WordPress\/wp-content\/flagallery\/une-preuve-devolution-chapitre-5\/n044-une-preuve-devolution-005-avril-2020-frank-lovisolo-guillard.jpg\" alt=\"- - -\" title=\"-\"><img decoding=\"async\" class=\"skip-lazy no-lazyload noLazy\" data-lazy-src=\"\" src=\"https:\/\/frank-lovisolo.fr\/WordPress\/wp-content\/flagallery\/une-preuve-devolution-chapitre-5\/n045-une-preuve-devolution-005-avril-2020-frank-lovisolo-guillard.jpg\" alt=\"- - -\" title=\"-\"><img decoding=\"async\" class=\"skip-lazy no-lazyload noLazy\" data-lazy-src=\"\" src=\"https:\/\/frank-lovisolo.fr\/WordPress\/wp-content\/flagallery\/une-preuve-devolution-chapitre-5\/n046-une-preuve-devolution-005-avril-2020-frank-lovisolo-guillard.jpg\" alt=\"- - -\" title=\"-\"><img decoding=\"async\" class=\"skip-lazy no-lazyload noLazy\" data-lazy-src=\"\" src=\"https:\/\/frank-lovisolo.fr\/WordPress\/wp-content\/flagallery\/une-preuve-devolution-chapitre-5\/n047-une-preuve-devolution-005-avril-2020-frank-lovisolo-guillard.jpg\" alt=\"- - -\" title=\"-\"><img decoding=\"async\" class=\"skip-lazy no-lazyload noLazy\" data-lazy-src=\"\" src=\"https:\/\/frank-lovisolo.fr\/WordPress\/wp-content\/flagallery\/une-preuve-devolution-chapitre-5\/n048-une-preuve-devolution-005-avril-2020-frank-lovisolo-guillard.jpg\" alt=\"- - -\" title=\"-\"><img decoding=\"async\" class=\"skip-lazy no-lazyload noLazy\" data-lazy-src=\"\" src=\"https:\/\/frank-lovisolo.fr\/WordPress\/wp-content\/flagallery\/une-preuve-devolution-chapitre-5\/n049-une-preuve-devolution-005-avril-2020-frank-lovisolo-guillard.jpg\" alt=\"- - -\" title=\"-\"><img decoding=\"async\" class=\"skip-lazy no-lazyload noLazy\" data-lazy-src=\"\" src=\"https:\/\/frank-lovisolo.fr\/WordPress\/wp-content\/flagallery\/une-preuve-devolution-chapitre-5\/n050-une-preuve-devolution-005-avril-2020-frank-lovisolo-guillard.jpg\" alt=\"- - -\" title=\"-\"><img decoding=\"async\" class=\"skip-lazy no-lazyload noLazy\" data-lazy-src=\"\" src=\"https:\/\/frank-lovisolo.fr\/WordPress\/wp-content\/flagallery\/une-preuve-devolution-chapitre-5\/n051-une-preuve-devolution-005-avril-2020-frank-lovisolo-guillard.jpg\" alt=\"- - -\" title=\"-\"><img decoding=\"async\" class=\"skip-lazy no-lazyload noLazy\" data-lazy-src=\"\" src=\"https:\/\/frank-lovisolo.fr\/WordPress\/wp-content\/flagallery\/une-preuve-devolution-chapitre-5\/n052-une-preuve-devolution-005-avril-2020-frank-lovisolo-guillard.jpg\" alt=\"- - -\" title=\"-\"><img decoding=\"async\" class=\"skip-lazy no-lazyload noLazy\" data-lazy-src=\"\" src=\"https:\/\/frank-lovisolo.fr\/WordPress\/wp-content\/flagallery\/une-preuve-devolution-chapitre-5\/n053-une-preuve-devolution-005-avril-2020-frank-lovisolo-guillard.jpg\" alt=\"- - -\" title=\"-\"><img decoding=\"async\" class=\"skip-lazy no-lazyload noLazy\" data-lazy-src=\"\" src=\"https:\/\/frank-lovisolo.fr\/WordPress\/wp-content\/flagallery\/une-preuve-devolution-chapitre-5\/n054-une-preuve-devolution-005-avril-2020-frank-lovisolo-guillard.jpg\" alt=\"- - -\" title=\"-\"><img decoding=\"async\" class=\"skip-lazy no-lazyload noLazy\" data-lazy-src=\"\" src=\"https:\/\/frank-lovisolo.fr\/WordPress\/wp-content\/flagallery\/une-preuve-devolution-chapitre-5\/n055-une-preuve-devolution-005-avril-2020-frank-lovisolo-guillard.jpg\" alt=\"- - -\" title=\"-\"><img decoding=\"async\" class=\"skip-lazy no-lazyload noLazy\" data-lazy-src=\"\" src=\"https:\/\/frank-lovisolo.fr\/WordPress\/wp-content\/flagallery\/une-preuve-devolution-chapitre-5\/n056-une-preuve-devolution-005-avril-2020-frank-lovisolo-guillard.jpg\" alt=\"- - -\" title=\"-\"><img decoding=\"async\" class=\"skip-lazy no-lazyload noLazy\" data-lazy-src=\"\" src=\"https:\/\/frank-lovisolo.fr\/WordPress\/wp-content\/flagallery\/une-preuve-devolution-chapitre-5\/n057-une-preuve-devolution-005-avril-2020-frank-lovisolo-guillard.jpg\" alt=\"- - -\" title=\"-\"><img decoding=\"async\" class=\"skip-lazy no-lazyload noLazy\" data-lazy-src=\"\" src=\"https:\/\/frank-lovisolo.fr\/WordPress\/wp-content\/flagallery\/une-preuve-devolution-chapitre-5\/n058-une-preuve-devolution-005-avril-2020-frank-lovisolo-guillard.jpg\" alt=\"- - -\" title=\"-\"><img decoding=\"async\" class=\"skip-lazy no-lazyload noLazy\" data-lazy-src=\"\" src=\"https:\/\/frank-lovisolo.fr\/WordPress\/wp-content\/flagallery\/une-preuve-devolution-chapitre-5\/n059-une-preuve-devolution-005-avril-2020-frank-lovisolo-guillard.jpg\" alt=\"- - -\" title=\"-\"><img decoding=\"async\" class=\"skip-lazy no-lazyload noLazy\" data-lazy-src=\"\" src=\"https:\/\/frank-lovisolo.fr\/WordPress\/wp-content\/flagallery\/une-preuve-devolution-chapitre-5\/n060-une-preuve-devolution-005-avril-2020-frank-lovisolo-guillard.jpg\" alt=\"- - -\" title=\"-\"><img decoding=\"async\" class=\"skip-lazy no-lazyload noLazy\" data-lazy-src=\"\" src=\"https:\/\/frank-lovisolo.fr\/WordPress\/wp-content\/flagallery\/une-preuve-devolution-chapitre-5\/n061-une-preuve-devolution-005-avril-2020-frank-lovisolo-guillard.jpg\" alt=\"- - -\" title=\"-\"><img decoding=\"async\" class=\"skip-lazy no-lazyload noLazy\" data-lazy-src=\"\" src=\"https:\/\/frank-lovisolo.fr\/WordPress\/wp-content\/flagallery\/une-preuve-devolution-chapitre-5\/n062-une-preuve-devolution-005-avril-2020-frank-lovisolo-guillard.jpg\" alt=\"- - -\" title=\"-\"><img decoding=\"async\" class=\"skip-lazy no-lazyload noLazy\" data-lazy-src=\"\" src=\"https:\/\/frank-lovisolo.fr\/WordPress\/wp-content\/flagallery\/une-preuve-devolution-chapitre-5\/n063-une-preuve-devolution-005-avril-2020-frank-lovisolo-guillard.jpg\" alt=\"- - -\" title=\"-\"><img decoding=\"async\" class=\"skip-lazy no-lazyload noLazy\" data-lazy-src=\"\" src=\"https:\/\/frank-lovisolo.fr\/WordPress\/wp-content\/flagallery\/une-preuve-devolution-chapitre-5\/n064-une-preuve-devolution-005-avril-2020-frank-lovisolo-guillard.jpg\" alt=\"- - -\" title=\"-\"><img decoding=\"async\" class=\"skip-lazy no-lazyload noLazy\" data-lazy-src=\"\" src=\"https:\/\/frank-lovisolo.fr\/WordPress\/wp-content\/flagallery\/une-preuve-devolution-chapitre-5\/n065-une-preuve-devolution-005-avril-2020-frank-lovisolo-guillard.jpg\" alt=\"- - -\" title=\"-\"><img decoding=\"async\" class=\"skip-lazy no-lazyload noLazy\" data-lazy-src=\"\" src=\"https:\/\/frank-lovisolo.fr\/WordPress\/wp-content\/flagallery\/une-preuve-devolution-chapitre-5\/n066-une-preuve-devolution-005-avril-2020-frank-lovisolo-guillard.jpg\" alt=\"- - -\" title=\"-\"><img decoding=\"async\" class=\"skip-lazy no-lazyload noLazy\" data-lazy-src=\"\" src=\"https:\/\/frank-lovisolo.fr\/WordPress\/wp-content\/flagallery\/une-preuve-devolution-chapitre-5\/n067-une-preuve-devolution-005-avril-2020-frank-lovisolo-guillard.jpg\" alt=\"- - -\" title=\"-\"><img decoding=\"async\" class=\"skip-lazy no-lazyload noLazy\" data-lazy-src=\"\" src=\"https:\/\/frank-lovisolo.fr\/WordPress\/wp-content\/flagallery\/une-preuve-devolution-chapitre-5\/n068-une-preuve-devolution-005-avril-2020-frank-lovisolo-guillard.jpg\" alt=\"- - -\" title=\"-\"><img decoding=\"async\" class=\"skip-lazy no-lazyload noLazy\" data-lazy-src=\"\" src=\"https:\/\/frank-lovisolo.fr\/WordPress\/wp-content\/flagallery\/une-preuve-devolution-chapitre-5\/n069-une-preuve-devolution-005-avril-2020-frank-lovisolo-guillard.jpg\" alt=\"- - -\" title=\"-\"><img decoding=\"async\" class=\"skip-lazy no-lazyload noLazy\" data-lazy-src=\"\" src=\"https:\/\/frank-lovisolo.fr\/WordPress\/wp-content\/flagallery\/une-preuve-devolution-chapitre-5\/n070-une-preuve-devolution-005-avril-2020-frank-lovisolo-guillard.jpg\" alt=\"- - -\" title=\"-\"><img decoding=\"async\" class=\"skip-lazy no-lazyload noLazy\" data-lazy-src=\"\" src=\"https:\/\/frank-lovisolo.fr\/WordPress\/wp-content\/flagallery\/une-preuve-devolution-chapitre-5\/n071-une-preuve-devolution-005-avril-2020-frank-lovisolo-guillard.jpg\" alt=\"- - -\" title=\"-\"><img decoding=\"async\" class=\"skip-lazy no-lazyload noLazy\" data-lazy-src=\"\" src=\"https:\/\/frank-lovisolo.fr\/WordPress\/wp-content\/flagallery\/une-preuve-devolution-chapitre-5\/n072-une-preuve-devolution-005-avril-2020-frank-lovisolo-guillard.jpg\" alt=\"- - -\" title=\"-\"><img decoding=\"async\" class=\"skip-lazy no-lazyload noLazy\" data-lazy-src=\"\" src=\"https:\/\/frank-lovisolo.fr\/WordPress\/wp-content\/flagallery\/une-preuve-devolution-chapitre-5\/n073-une-preuve-devolution-005-avril-2020-frank-lovisolo-guillard.jpg\" alt=\"- - -\" title=\"-\"><img decoding=\"async\" class=\"skip-lazy no-lazyload noLazy\" data-lazy-src=\"\" src=\"https:\/\/frank-lovisolo.fr\/WordPress\/wp-content\/flagallery\/une-preuve-devolution-chapitre-5\/n074-une-preuve-devolution-005-avril-2020-frank-lovisolo-guillard.jpg\" alt=\"- - -\" title=\"-\"><img decoding=\"async\" class=\"skip-lazy no-lazyload noLazy\" data-lazy-src=\"\" src=\"https:\/\/frank-lovisolo.fr\/WordPress\/wp-content\/flagallery\/une-preuve-devolution-chapitre-5\/n075-une-preuve-devolution-005-avril-2020-frank-lovisolo-guillard.jpg\" alt=\"- - -\" title=\"-\"><img decoding=\"async\" class=\"skip-lazy no-lazyload noLazy\" data-lazy-src=\"\" src=\"https:\/\/frank-lovisolo.fr\/WordPress\/wp-content\/flagallery\/une-preuve-devolution-chapitre-5\/n076-une-preuve-devolution-005-avril-2020-frank-lovisolo-guillard.jpg\" alt=\"- - -\" title=\"-\"><img decoding=\"async\" class=\"skip-lazy no-lazyload noLazy\" data-lazy-src=\"\" src=\"https:\/\/frank-lovisolo.fr\/WordPress\/wp-content\/flagallery\/une-preuve-devolution-chapitre-5\/n077-une-preuve-devolution-005-avril-2020-frank-lovisolo-guillard.jpg\" alt=\"- - -\" title=\"-\"><img decoding=\"async\" class=\"skip-lazy no-lazyload noLazy\" data-lazy-src=\"\" src=\"https:\/\/frank-lovisolo.fr\/WordPress\/wp-content\/flagallery\/une-preuve-devolution-chapitre-5\/n078-une-preuve-devolution-005-avril-2020-frank-lovisolo-guillard.jpg\" alt=\"- - -\" title=\"-\"><img decoding=\"async\" class=\"skip-lazy no-lazyload noLazy\" data-lazy-src=\"\" src=\"https:\/\/frank-lovisolo.fr\/WordPress\/wp-content\/flagallery\/une-preuve-devolution-chapitre-5\/n079-une-preuve-devolution-005-avril-2020-frank-lovisolo-guillard.jpg\" alt=\"- - -\" title=\"-\"><img decoding=\"async\" class=\"skip-lazy no-lazyload noLazy\" data-lazy-src=\"\" src=\"https:\/\/frank-lovisolo.fr\/WordPress\/wp-content\/flagallery\/une-preuve-devolution-chapitre-5\/n080-une-preuve-devolution-005-avril-2020-frank-lovisolo-guillard.jpg\" alt=\"- - -\" title=\"-\"><img decoding=\"async\" class=\"skip-lazy no-lazyload noLazy\" data-lazy-src=\"\" src=\"https:\/\/frank-lovisolo.fr\/WordPress\/wp-content\/flagallery\/une-preuve-devolution-chapitre-5\/n081-une-preuve-devolution-005-avril-2020-frank-lovisolo-guillard.jpg\" alt=\"- - -\" title=\"-\"><img decoding=\"async\" class=\"skip-lazy no-lazyload noLazy\" data-lazy-src=\"\" src=\"https:\/\/frank-lovisolo.fr\/WordPress\/wp-content\/flagallery\/une-preuve-devolution-chapitre-5\/n082-une-preuve-devolution-005-avril-2020-frank-lovisolo-guillard.jpg\" alt=\"- - -\" title=\"-\"><img decoding=\"async\" class=\"skip-lazy no-lazyload noLazy\" data-lazy-src=\"\" src=\"https:\/\/frank-lovisolo.fr\/WordPress\/wp-content\/flagallery\/une-preuve-devolution-chapitre-5\/n083-une-preuve-devolution-005-avril-2020-frank-lovisolo-guillard.jpg\" alt=\"- - -\" title=\"-\"><img decoding=\"async\" class=\"skip-lazy no-lazyload noLazy\" data-lazy-src=\"\" src=\"https:\/\/frank-lovisolo.fr\/WordPress\/wp-content\/flagallery\/une-preuve-devolution-chapitre-5\/n084-une-preuve-devolution-005-avril-2020-frank-lovisolo-guillard.jpg\" alt=\"- - -\" title=\"-\"><img decoding=\"async\" class=\"skip-lazy no-lazyload noLazy\" data-lazy-src=\"\" src=\"https:\/\/frank-lovisolo.fr\/WordPress\/wp-content\/flagallery\/une-preuve-devolution-chapitre-5\/n085-une-preuve-devolution-005-avril-2020-frank-lovisolo-guillard.jpg\" alt=\"- - -\" title=\"-\"><img decoding=\"async\" class=\"skip-lazy no-lazyload noLazy\" data-lazy-src=\"\" src=\"https:\/\/frank-lovisolo.fr\/WordPress\/wp-content\/flagallery\/une-preuve-devolution-chapitre-5\/n086-une-preuve-devolution-005-avril-2020-frank-lovisolo-guillard.jpg\" alt=\"- - -\" title=\"-\"><img decoding=\"async\" class=\"skip-lazy no-lazyload noLazy\" data-lazy-src=\"\" src=\"https:\/\/frank-lovisolo.fr\/WordPress\/wp-content\/flagallery\/une-preuve-devolution-chapitre-5\/n087-une-preuve-devolution-005-avril-2020-frank-lovisolo-guillard.jpg\" alt=\"- - -\" title=\"-\"><img decoding=\"async\" class=\"skip-lazy no-lazyload noLazy\" data-lazy-src=\"\" src=\"https:\/\/frank-lovisolo.fr\/WordPress\/wp-content\/flagallery\/une-preuve-devolution-chapitre-5\/n088-une-preuve-devolution-005-avril-2020-frank-lovisolo-guillard.jpg\" alt=\"- - -\" title=\"-\"><img decoding=\"async\" class=\"skip-lazy no-lazyload noLazy\" data-lazy-src=\"\" src=\"https:\/\/frank-lovisolo.fr\/WordPress\/wp-content\/flagallery\/une-preuve-devolution-chapitre-5\/n089-une-preuve-devolution-005-avril-2020-frank-lovisolo-guillard.jpg\" alt=\"- - -\" title=\"-\"><img decoding=\"async\" class=\"skip-lazy no-lazyload noLazy\" data-lazy-src=\"\" src=\"https:\/\/frank-lovisolo.fr\/WordPress\/wp-content\/flagallery\/une-preuve-devolution-chapitre-5\/n090-une-preuve-devolution-005-avril-2020-frank-lovisolo-guillard.jpg\" alt=\"- - -\" title=\"-\"><img decoding=\"async\" class=\"skip-lazy no-lazyload noLazy\" data-lazy-src=\"\" src=\"https:\/\/frank-lovisolo.fr\/WordPress\/wp-content\/flagallery\/une-preuve-devolution-chapitre-5\/n091-une-preuve-devolution-005-avril-2020-frank-lovisolo-guillard.jpg\" alt=\"- - -\" title=\"-\"><img decoding=\"async\" class=\"skip-lazy no-lazyload noLazy\" data-lazy-src=\"\" src=\"https:\/\/frank-lovisolo.fr\/WordPress\/wp-content\/flagallery\/une-preuve-devolution-chapitre-5\/n092-une-preuve-devolution-005-avril-2020-frank-lovisolo-guillard.jpg\" alt=\"- - -\" title=\"-\"><img decoding=\"async\" class=\"skip-lazy no-lazyload noLazy\" data-lazy-src=\"\" src=\"https:\/\/frank-lovisolo.fr\/WordPress\/wp-content\/flagallery\/une-preuve-devolution-chapitre-5\/n093-une-preuve-devolution-005-avril-2020-frank-lovisolo-guillard.jpg\" alt=\"- - -\" title=\"-\"><img decoding=\"async\" class=\"skip-lazy no-lazyload noLazy\" data-lazy-src=\"\" src=\"https:\/\/frank-lovisolo.fr\/WordPress\/wp-content\/flagallery\/une-preuve-devolution-chapitre-5\/n094-une-preuve-devolution-005-avril-2020-frank-lovisolo-guillard.jpg\" alt=\"- - -\" title=\"-\"><img decoding=\"async\" class=\"skip-lazy no-lazyload noLazy\" data-lazy-src=\"\" src=\"https:\/\/frank-lovisolo.fr\/WordPress\/wp-content\/flagallery\/une-preuve-devolution-chapitre-5\/n095-une-preuve-devolution-005-avril-2020-frank-lovisolo-guillard.jpg\" alt=\"- - -\" title=\"-\"><\/noscript><\/span><\/td>\n<\/tr>\n<\/tbody>\n<\/table>\n<p><!--nextpage--><\/p>\n<table style=\"width: 100%; border-collapse: collapse; height: 1272px;\" cellpadding=\"10\">\n<tbody>\n<tr style=\"height: 657px;\">\n<td style=\"width: 50%; height: 657px;\" colspan=\"2\">\n<h3 style=\"text-align: justify;\"><span style=\"font-size: 24px;\">Pand\u00e9mie et autres plaies, pas m\u00eames \u00c9gyptiennes:<\/span><\/h3>\n<p><img loading=\"lazy\" decoding=\"async\" class=\" wp-image-33660 alignleft\" src=\"https:\/\/frank-lovisolo.fr\/WordPress\/wp-content\/uploads\/2020\/05\/Covid19-460x460.png\" alt=\"virus\" width=\"168\" height=\"168\" title=\"-\" srcset=\"https:\/\/frank-lovisolo.fr\/WordPress\/wp-content\/uploads\/2020\/05\/Covid19-460x460.png 460w, https:\/\/frank-lovisolo.fr\/WordPress\/wp-content\/uploads\/2020\/05\/Covid19-150x150.png 150w, https:\/\/frank-lovisolo.fr\/WordPress\/wp-content\/uploads\/2020\/05\/Covid19-250x250.png 250w, https:\/\/frank-lovisolo.fr\/WordPress\/wp-content\/uploads\/2020\/05\/Covid19.png 606w\" sizes=\"auto, (max-width: 168px) 100vw, 168px\" \/><span style=\"font-size: 20px;\">On devait s\u2019y attendre !<\/span><\/p>\n<div id=\"attachment_33622\" style=\"width: 611px\" class=\"wp-caption alignright\"><img loading=\"lazy\" decoding=\"async\" aria-describedby=\"caption-attachment-33622\" class=\"wp-image-33622\" src=\"https:\/\/frank-lovisolo.fr\/WordPress\/wp-content\/uploads\/2020\/05\/Michel_Serre-Peste-Cours_Belsunce-1024x735.jpg\" alt=\"pand\u00e9mie Michelv Serre - Peste-Cours Belsunce Marseille 1721\" width=\"601\" height=\"431\" title=\"-\" srcset=\"https:\/\/frank-lovisolo.fr\/WordPress\/wp-content\/uploads\/2020\/05\/Michel_Serre-Peste-Cours_Belsunce-1024x735.jpg 1024w, https:\/\/frank-lovisolo.fr\/WordPress\/wp-content\/uploads\/2020\/05\/Michel_Serre-Peste-Cours_Belsunce-460x330.jpg 460w, https:\/\/frank-lovisolo.fr\/WordPress\/wp-content\/uploads\/2020\/05\/Michel_Serre-Peste-Cours_Belsunce-768x551.jpg 768w, https:\/\/frank-lovisolo.fr\/WordPress\/wp-content\/uploads\/2020\/05\/Michel_Serre-Peste-Cours_Belsunce-209x150.jpg 209w, https:\/\/frank-lovisolo.fr\/WordPress\/wp-content\/uploads\/2020\/05\/Michel_Serre-Peste-Cours_Belsunce-150x108.jpg 150w, https:\/\/frank-lovisolo.fr\/WordPress\/wp-content\/uploads\/2020\/05\/Michel_Serre-Peste-Cours_Belsunce-1320x947.jpg 1320w, https:\/\/frank-lovisolo.fr\/WordPress\/wp-content\/uploads\/2020\/05\/Michel_Serre-Peste-Cours_Belsunce.jpg 1505w\" sizes=\"auto, (max-width: 601px) 100vw, 601px\" \/><p id=\"caption-attachment-33622\" class=\"wp-caption-text\"><span style=\"font-size: 12px;\"><a href=\"https:\/\/fr.wikipedia.org\/wiki\/Michel_Serre\" target=\"_blank\" rel=\"noopener noreferrer\">Michel Serre<\/a> &#8211; <a href=\"https:\/\/fr.wikipedia.org\/wiki\/Peste_de_Marseille_(1720)\" target=\"_blank\" rel=\"noopener noreferrer\">L&rsquo;\u00e9pid\u00e9mie de peste <\/a><a href=\"https:\/\/fr.wikipedia.org\/wiki\/Peste_de_Marseille_(1720)\" target=\"_blank\" rel=\"noopener noreferrer\">\u00e0 Marseille<\/a> sur le Cours Belsunce \u00a0&#8211; 1721<\/span><\/p><\/div>\n<p style=\"text-align: justify;\"><span style=\"font-size: 20px;\">D\u00e8s lors qu\u2019un minuscule montre le bout de son ARN ou ADN, depuis fort longtemps et toutes les sectes confondues, on voit les proph\u00e8tes et vaticinateurs prodiguer des sermons eschatologiques, des philippiques extr\u00e9mistes \u00e9loquentes et des logorrh\u00e9es mystiques et f\u00e9tichistes o\u00f9 la rationalit\u00e9 fait place \u00e0 l\u2019imb\u00e9cillit\u00e9 obscurantiste la plus d\u00e9brid\u00e9e.<\/span><\/p>\n<p style=\"text-align: justify;\"><span style=\"font-size: 20px;\">Bien s\u00fbr, on trouve m\u00eamement dans cette lugubre m\u00e9nagerie les in\u00e9luctables fanatiques du complot. Ceux-l\u00e0 gisent le plus souvent aux confins des axes politiques o\u00f9 se conjuguent les croyances et les passions tristes, passions d\u00e9j\u00e0 d\u00e9crites par Spinoza : la haine, la peur, la col\u00e8re, le mensonge, la violence et le fanatisme.<\/span><\/p>\n<p style=\"text-align: justify;\"><strong>Malheureusement, \u00e7a marche ! <\/strong><\/p>\n<p style=\"text-align: justify;\"><img loading=\"lazy\" decoding=\"async\" class=\"alignleft wp-image-33644\" src=\"https:\/\/frank-lovisolo.fr\/WordPress\/wp-content\/uploads\/2020\/05\/philippulus.jpg\" alt=\"Tintin, Virus, Pand\u00e9mie\" width=\"384\" height=\"162\" title=\"-\" srcset=\"https:\/\/frank-lovisolo.fr\/WordPress\/wp-content\/uploads\/2020\/05\/philippulus.jpg 1000w, https:\/\/frank-lovisolo.fr\/WordPress\/wp-content\/uploads\/2020\/05\/philippulus-460x194.jpg 460w, https:\/\/frank-lovisolo.fr\/WordPress\/wp-content\/uploads\/2020\/05\/philippulus-768x323.jpg 768w, https:\/\/frank-lovisolo.fr\/WordPress\/wp-content\/uploads\/2020\/05\/philippulus-250x105.jpg 250w, https:\/\/frank-lovisolo.fr\/WordPress\/wp-content\/uploads\/2020\/05\/philippulus-150x63.jpg 150w\" sizes=\"auto, (max-width: 384px) 100vw, 384px\" \/><span style=\"font-size: 20px;\">Beaucoup de gens pr\u00e9f\u00e8rent encore se r\u00e9fugier derri\u00e8re les l\u00e9gendes, faute de culture scientifique, de politique adapt\u00e9e et accessoirement de masques!\u00a0<\/span><\/p>\n<p style=\"text-align: justify;\"><span style=\"font-size: 20px;\">Somme toute, la pand\u00e9mie demeure un terrain de jeu, pour tous les gourous et leurs thurif\u00e9raires, tous \u00e0 l\u2019oppos\u00e9 du monde sensible.<\/span><\/p>\n<p style=\"text-align: justify;\"><span style=\"font-size: 20px;\">Les r\u00e8gles sont immuables et tous les \u00ab coups \u00bb sont permis, on accusera, les h\u00e9r\u00e9tiques, les femmes, les homosexuel.le.s, une ob\u00e9dience ennemie, les ath\u00e9es et autres m\u00e9cr\u00e9ant.e.s de provoquer la col\u00e8re divine et cons\u00e9quemment les vigoureux ch\u00e2timents d\u2019un dieu tol\u00e9rant, patriarcal et mis\u00e9ricordieux: S\u00e9v\u00e8re mais injuste!<\/span><\/p>\n<\/td>\n<\/tr>\n<tr style=\"height: 65px;\">\n<td style=\"width: 50%; height: 65px;\" colspan=\"2\">\n<p style=\"text-align: justify;\"><span style=\"font-size: 20px;\">Si, en Europe, les programmes scolaires enseignent l&rsquo;\u00e9volution\u00a0comme une\u00a0th\u00e9orie scientifique\u00a0reconnue, il existe aux \u00c9tats-Unis, depuis les\u00a0ann\u00e9es 1920, une vive opposition manifest\u00e9e par les tenants du cr\u00e9ationnisme litt\u00e9raliste, souvent d&rsquo;ob\u00e9dience religieuse.<\/span><\/p>\n<p style=\"text-align: justify;\"><span style=\"font-size: 20px;\">Et si l&rsquo;on regarde la vid\u00e9o ci-dessous il y a de quoi s\u2019inqui\u00e9ter !<\/span><\/p>\n<div style=\"width: 460px;\" class=\"wp-video\"><video class=\"wp-video-shortcode\" id=\"video-33618-1\" width=\"460\" height=\"400\" preload=\"metadata\" controls=\"controls\"><source type=\"video\/mp4\" src=\"https:\/\/frank-lovisolo.fr\/WordPress\/wp-content\/uploads\/2020\/05\/VID-20200318-WA0000_0.mp4?_=1\" \/><a href=\"https:\/\/frank-lovisolo.fr\/WordPress\/wp-content\/uploads\/2020\/05\/VID-20200318-WA0000_0.mp4\">https:\/\/frank-lovisolo.fr\/WordPress\/wp-content\/uploads\/2020\/05\/VID-20200318-WA0000_0.mp4<\/a><\/video><\/div>\n<div class=\"mceTemp\" style=\"text-align: center;\"><\/div>\n<p><div id=\"attachment_33643\" style=\"width: 470px\" class=\"wp-caption alignleft\"><img loading=\"lazy\" decoding=\"async\" aria-describedby=\"caption-attachment-33643\" class=\"wp-image-33643\" src=\"https:\/\/frank-lovisolo.fr\/WordPress\/wp-content\/uploads\/2020\/05\/Sans-titre-2-460x526.jpg\" alt=\"- - -\" width=\"460\" height=\"526\" title=\"-\" srcset=\"https:\/\/frank-lovisolo.fr\/WordPress\/wp-content\/uploads\/2020\/05\/Sans-titre-2-460x526.jpg 460w, https:\/\/frank-lovisolo.fr\/WordPress\/wp-content\/uploads\/2020\/05\/Sans-titre-2-131x150.jpg 131w, https:\/\/frank-lovisolo.fr\/WordPress\/wp-content\/uploads\/2020\/05\/Sans-titre-2.jpg 614w\" sizes=\"auto, (max-width: 460px) 100vw, 460px\" \/><p id=\"caption-attachment-33643\" class=\"wp-caption-text\">En 2011, l&rsquo;institut fran\u00e7ais IPSOS r\u00e9alise un sondage pour l&rsquo;agence de presse Reuters sur la position de la population de 24 pays sur le cr\u00e9ationnisme et l&rsquo;\u00e9volutionnisme.<em> <span style=\"font-size: 10px;\">[<a href=\"https:\/\/fr.wikipedia.org\/wiki\/Cr%C3%A9ationnisme\" target=\"_blank\" rel=\"noopener noreferrer\">source<\/a>]<\/span><\/em><\/p><\/div><\/td>\n<\/tr>\n<\/tbody>\n<\/table>\n<table style=\"height: 225px; width: 100%; border-collapse: collapse;\" cellpadding=\"10\">\n<tbody>\n<tr style=\"height: 153px;\">\n<td style=\"width: 100%;\">\n<h3><span style=\"font-size: 20px;\">Virus et \u00e9volution (car c&rsquo;est le propos) !<\/span><\/h3>\n<p style=\"text-align: justify;\"><span style=\"font-size: 20px;\">Extraits d&rsquo;articles instructifs.\u00a0<\/span><\/p>\n<\/td>\n<\/tr>\n<tr style=\"height: 24px;\">\n<td style=\"width: 100%; height: 24px;\">\n<h3><img loading=\"lazy\" decoding=\"async\" class=\"wp-image-33660 size-thumbnail alignleft\" src=\"https:\/\/frank-lovisolo.fr\/WordPress\/wp-content\/uploads\/2020\/05\/Covid19-150x150.png\" alt=\"virus\" width=\"150\" height=\"150\" title=\"-\" srcset=\"https:\/\/frank-lovisolo.fr\/WordPress\/wp-content\/uploads\/2020\/05\/Covid19-150x150.png 150w, https:\/\/frank-lovisolo.fr\/WordPress\/wp-content\/uploads\/2020\/05\/Covid19-460x460.png 460w, https:\/\/frank-lovisolo.fr\/WordPress\/wp-content\/uploads\/2020\/05\/Covid19-250x250.png 250w, https:\/\/frank-lovisolo.fr\/WordPress\/wp-content\/uploads\/2020\/05\/Covid19.png 606w\" sizes=\"auto, (max-width: 150px) 100vw, 150px\" \/><\/h3>\n<h3><span style=\"font-size: 20px;\">Ils comme moteurs de l\u2019\u00e9volution<\/span><\/h3>\n<p><span style=\"font-size: 20px;\">Par <a href=\"https:\/\/www.futura-sciences.com\/sante\/personnalites\/vie-ali-saib-757\/\" target=\"_blank\" rel=\"noopener noreferrer\">Ali Saib<\/a> enseignant chercheur virologie.<\/span><\/p>\n<p>&nbsp;<\/p>\n<div id=\"attachment_33693\" style=\"width: 470px\" class=\"wp-caption alignright\"><img loading=\"lazy\" decoding=\"async\" aria-describedby=\"caption-attachment-33693\" class=\"wp-image-33693 size-medium\" src=\"https:\/\/frank-lovisolo.fr\/WordPress\/wp-content\/uploads\/2020\/05\/Virion-460x422.png\" alt=\"Virus\" width=\"460\" height=\"422\" title=\"-\" srcset=\"https:\/\/frank-lovisolo.fr\/WordPress\/wp-content\/uploads\/2020\/05\/Virion-460x422.png 460w, https:\/\/frank-lovisolo.fr\/WordPress\/wp-content\/uploads\/2020\/05\/Virion-164x150.png 164w, https:\/\/frank-lovisolo.fr\/WordPress\/wp-content\/uploads\/2020\/05\/Virion-150x138.png 150w, https:\/\/frank-lovisolo.fr\/WordPress\/wp-content\/uploads\/2020\/05\/Virion.png 600w\" sizes=\"auto, (max-width: 460px) 100vw, 460px\" \/><p id=\"caption-attachment-33693\" class=\"wp-caption-text\"><span style=\"font-size: 14px;\">Structure de base d&rsquo;un virus<\/span><\/p>\n<p><span style=\"font-size: 14px;\">A. virus non <\/span><span style=\"font-size: 14px;\">envelopp\u00e9 , B. virus envelopp\u00e9.<\/span><\/p>\n<p><span style=\"font-size: 14px;\">1 &#8211; Capside<\/span><\/p>\n<p><span style=\"font-size: 14px;\">2 &#8211; Acide nucl\u00e9ique<\/span><\/p>\n<p><span style=\"font-size: 14px;\">3 &#8211; Capsom\u00e8re<\/span><\/p>\n<p><span style=\"font-size: 14px;\">4 &#8211; Nucl\u00e9ocapside<\/span><\/p>\n<p><span style=\"font-size: 14px;\">5 &#8211; Virion<\/span><\/p>\n<p><span style=\"font-size: 14px;\">6 &#8211; Enveloppe<\/span><\/p>\n<p><span style=\"font-size: 14px;\">7 &#8211; Spike (glycoprot\u00e9ines d&rsquo;enveloppe)<\/span><\/p><\/div>\n<p style=\"text-align: justify;\"><span style=\"color: #cc0066; font-size: 20px;\">Ils nous c\u00f4toient depuis des milliers d\u2019ann\u00e9es et nous nous sommes tellement bien adapt\u00e9s \u00e0 certains d\u2019entre eux, et r\u00e9ciproquement, que de nombreux virus nous infectent sans que nous nous en rendions compte. Mais limiter notre connaissance du monde des virus aux seuls virus pathog\u00e8nes serait une erreur. En effet, l\u2019\u00e9tude de la \u00ab virosph\u00e8re \u00bb pourrait nous renseigner sur l\u2019origine m\u00eame de la vie et l\u2019\u00e9mergence de la biodiversit\u00e9 sur notre plan\u00e8te.<\/span><\/p>\n<p class=\"zeta py0p5\" style=\"text-align: justify;\"><span style=\"font-size: 20px;\"><strong>O<\/strong>n estime qu&rsquo;il existe sur notre plan\u00e8te pr\u00e8s de 10<sup>31<\/sup>\u00a0particules virales diff\u00e9rentes,\u00a0une diversit\u00e9 infiniment sup\u00e9rieure \u00e0 celle cumul\u00e9e des organismes des trois r\u00e8gnes du vivant (Hamilton, 2006). Aujourd&rsquo;hui, nous en connaissons quelques 10000 diff\u00e9rents, c&rsquo;est dire notre ignorance \u00e0 leur \u00e9gard. Les milieux marins concentrent une grande majorit\u00e9 de ces\u00a0<a class=\"tooltip-link ng-scope tooltipstered\" style=\"box-sizing: border-box; color: #50c1d9; transition: all 0.2s ease-in-out 0s; text-decoration: underline; position: relative; cursor: pointer; font-weight: 400; display: inline;\" href=\"https:\/\/www.futura-sciences.com\/tech\/definitions\/informatique-virus-informatique-2434\/\" data-tooltip=\"\" data-color=\"bright-blue\" data-title=\"Virus informatique\" data-number=\"\" data-copy=\"Un virus informatique est un programme, g\u00e9n\u00e9ralement de petite ou tr\u00e8s petite taille, dot\u00e9 des propri\u00e9t\u00e9s suivantes : infection ; multiplication ; possession d&#039;une fonction nocive (payload).&lt;br \/&gt;La fonction d&#039;infection permet au virus de s&#039;introduire dans des fichiers de programme, dans des fichiers...\" data-url=\"\/tech\/definitions\/informatique-virus-informatique-2434\/\" data-more=\"Lire la suite\" target=\"_blank\" rel=\"noopener\"><span class=\"link-wrapper\">virus<\/span><\/a>,<\/span><\/p>\n<div id=\"attachment_33662\" style=\"width: 237px\" class=\"wp-caption alignleft\"><img loading=\"lazy\" decoding=\"async\" aria-describedby=\"caption-attachment-33662\" class=\" wp-image-33662\" src=\"https:\/\/frank-lovisolo.fr\/WordPress\/wp-content\/uploads\/2020\/05\/38158_IMG_18809_HR-e1588168216113-460x352.jpg\" alt=\"Bact\u00e9riophage\" width=\"227\" height=\"174\" title=\"-\" srcset=\"https:\/\/frank-lovisolo.fr\/WordPress\/wp-content\/uploads\/2020\/05\/38158_IMG_18809_HR-e1588168216113-460x352.jpg 460w, https:\/\/frank-lovisolo.fr\/WordPress\/wp-content\/uploads\/2020\/05\/38158_IMG_18809_HR-e1588168216113-196x150.jpg 196w, https:\/\/frank-lovisolo.fr\/WordPress\/wp-content\/uploads\/2020\/05\/38158_IMG_18809_HR-e1588168216113-150x115.jpg 150w, https:\/\/frank-lovisolo.fr\/WordPress\/wp-content\/uploads\/2020\/05\/38158_IMG_18809_HR-e1588168216113.jpg 604w\" sizes=\"auto, (max-width: 227px) 100vw, 227px\" \/><p id=\"caption-attachment-33662\" class=\"wp-caption-text\">Bact\u00e9riophage<\/p><\/div>\n<p class=\"zeta py0p5\" style=\"text-align: justify;\"><span style=\"font-size: 20px;\">principalement des\u00a0<a class=\"tooltip-link ng-scope tooltipstered\" href=\"https:\/\/www.futura-sciences.com\/sante\/definitions\/medecine-bacteriophage-102\/\" data-tooltip=\"\" data-color=\"pink\" data-title=\"Bact\u00e9riophage\" data-number=\"\" data-copy=\"Un bact\u00e9riophage, ou phage, est un virus qui infecte des bact\u00e9ries. Les phages ont \u00e9t\u00e9 mis en \u00e9vidence par le Britannique Frederick Twort en 1915 et le franco-canadien F\u00e9lix d\u2019H\u00e9relle en 1917. \u00c0 l\u2019\u00e9poque de cette d\u00e9couverte, il n\u2019\u00e9tait pas possible de voir le bact\u00e9riophage au microscope. Les...\" data-image=\"https:\/\/cdn.futura-sciences.com\/buildsv6\/images\/midioriginal\/0\/9\/6\/0968c56aa4_133803_bacteriophage-phage.jpg\" data-url=\"\/sante\/definitions\/medecine-bacteriophage-102\/\" data-more=\"Lire la suite\" target=\"_blank\" rel=\"noopener\"><span class=\"link-wrapper\">bact\u00e9riophages<\/span><\/a>, encore inconnus, qui semblent jouer un r\u00f4le crucial dans les \u00e9quilibres marins (Angly et al., 2006).<\/span><\/p>\n<p class=\"zeta py0p5\" style=\"text-align: justify;\"><span style=\"font-size: 20px;\">Parce que consid\u00e9r\u00e9s comme objets inertes, on pensait que les virus ne jouaient aucun r\u00f4le dans l&rsquo;\u00e9volution.\u00a0Aujourd&rsquo;hui, nous savons que les virus ont leur propre histoire \u00e9volutive remontant \u00e0 l&rsquo;origine m\u00eame de la vie.\u00a0<\/span><\/p>\n<p class=\"zeta py0p5\" style=\"text-align: justify;\"><span style=\"font-size: 20px;\">Certains scientifiques affirment que les virus pourraient \u00eatre \u00e0 l&rsquo;origine de l&rsquo;apparition de la\u00a0<a class=\"tooltip-link ng-scope tooltipstered\" style=\"box-sizing: border-box; color: #50c1d9; transition: all 0.2s ease-in-out 0s; text-decoration: underline; position: relative; cursor: pointer; font-weight: 400; display: inline;\" href=\"https:\/\/www.futura-sciences.com\/sciences\/definitions\/chimie-molecule-783\/\" data-tooltip=\"\" data-color=\"purple\" data-title=\"Mol\u00e9cule\" data-number=\"\" data-copy=\"Une mol\u00e9cule est un ensemble d\u2019atomes (au moins deux) identiques ou non, unis les uns aux autres par le biais de liaisons chimiques. Ces derni\u00e8res sont les r\u00e9sultats de la mise en commun d\u2019un certain nombre d\u2019\u00e9lectrons gravitant sur la couche externe des atomes.&lt;br \/&gt;La liaison dite covalente simple...\" data-image=\"https:\/\/cdn.futura-sciences.com\/buildsv6\/images\/midioriginal\/d\/0\/e\/d0e3dc7e1e_76472_molecule.jpg\" data-url=\"\/sciences\/definitions\/chimie-molecule-783\/\" data-more=\"Lire la suite\" target=\"_blank\" rel=\"noopener\"><span class=\"link-wrapper\">mol\u00e9cule<\/span><\/a> d&rsquo;ADN\u00a0(Forterre, 2006; Whitfield, 2006) et m\u00eame du noyau cellulaire (Pennisi, 2004).<\/span><\/p>\n<p class=\"zeta py0p5\" style=\"text-align: justify;\"><span style=\"font-size: 20px;\">Les virus inventent \u00e0 tout moment de nouveaux\u00a0<a class=\"tooltip-link ng-scope tooltipstered\" href=\"https:\/\/www.futura-sciences.com\/sante\/definitions\/genetique-gene-151\/\" data-tooltip=\"\" data-color=\"pink\" data-title=\"G\u00e8ne\" data-number=\"\" data-copy=\"Les g\u00e8nes sont l\u2019unit\u00e9 de base de l\u2019h\u00e9r\u00e9dit\u00e9. C\u2019est eux que vos parents vous ont transmis et qui font que vous leur ressemblez un tant soit peu. Ils sont responsables de vos traits physiques, du fonctionnement de vos cellules et aussi de certaines maladies. Dans les cellules humaines les g\u00e8nes...\" data-image=\"https:\/\/cdn.futura-sciences.com\/buildsv6\/images\/midioriginal\/f\/9\/1\/f9169c33f8_114375_chromosome-adn.jpg\" data-url=\"\/sante\/definitions\/genetique-gene-151\/\" data-more=\"Lire la suite\" target=\"_blank\" rel=\"noopener\"><span class=\"link-wrapper\">g\u00e8nes<\/span><\/a>, de nouvelles fonctions, dont nous n&rsquo;avons pas la moindre id\u00e9e, mais qui constituent une source d&rsquo;innovation\u00a0<a class=\"tooltip-link ng-scope tooltipstered\" href=\"https:\/\/www.futura-sciences.com\/sante\/definitions\/genetique-genetique-152\/\" data-tooltip=\"\" data-color=\"pink\" data-title=\"G\u00e9n\u00e9tique\" data-number=\"\" data-copy=\"La g\u00e9n\u00e9tique est la science de l&#039;h\u00e9r\u00e9dit\u00e9. Elle \u00e9tudie les caract\u00e8res h\u00e9r\u00e9ditaires des individus, leur transmission au fil des g\u00e9n\u00e9rations et leurs variations (mutations). C&#039;est l&#039;\u00e9tude de cette transmission h\u00e9r\u00e9ditaire qui a permis l&#039;\u00e9tablissement des lois de Mendel. La mise en \u00e9vidence de...\" data-image=\"https:\/\/cdn.futura-sciences.com\/buildsv6\/images\/midioriginal\/d\/c\/c\/dcc658ec5f_113677_adn-helice-03.jpg\" data-url=\"\/sante\/definitions\/genetique-genetique-152\/\" data-more=\"Lire la suite\" target=\"_blank\" rel=\"noopener\"><span class=\"link-wrapper\">g\u00e9n\u00e9tique<\/span><\/a>\u00a0extraordinaire.<\/span><\/p>\n<p class=\"zeta py0p5\" style=\"text-align: justify;\"><span style=\"font-size: 20px;\">A l&rsquo;image des\u00a0<a class=\"tooltip-link ng-scope tooltipstered\" href=\"https:\/\/www.futura-sciences.com\/sante\/definitions\/medecine-retrovirus-249\/\" data-tooltip=\"\" data-color=\"pink\" data-title=\"R\u00e9trovirus\" data-number=\"\" data-copy=\"Un r\u00e9trovirus est un virus dont le g\u00e9nome est constitu\u00e9 d\u2019ARN et dont le cycle viral comprend une \u00e9tape de r\u00e9trotranscription au cours de laquelle un ADN est produit \u00e0 partir de cet ARN. Un r\u00e9trovirus poss\u00e8de une enzyme appel\u00e9e transcriptase inverse, un ADN polym\u00e9rase qui permet la fabrication...\" data-image=\"https:\/\/cdn.futura-sciences.com\/buildsv6\/images\/midioriginal\/b\/e\/3\/be33fdd402_117668_retrovirus-cycle.jpg\" data-url=\"\/sante\/definitions\/medecine-retrovirus-249\/\" data-more=\"Lire la suite\" target=\"_blank\" rel=\"noopener\"><span class=\"link-wrapper\">r\u00e9trovirus<\/span><\/a>\u00a0endog\u00e8nes qui repr\u00e9sentent 10% de notre patrimoine g\u00e9n\u00e9tique et qui sont impliqu\u00e9s dans la formation de notre\u00a0<a class=\"tooltip-link ng-scope tooltipstered\" href=\"https:\/\/www.futura-sciences.com\/sante\/definitions\/medecine-placenta-5268\/\" data-tooltip=\"\" data-color=\"pink\" data-title=\"Placenta\" data-number=\"\" data-copy=\"Le placenta est un organe g\u00e9n\u00e9ralement arrondi ou ovalaire dont le diam\u00e8tre moyen est d&#039;environ 22 cm. Son poids est d&#039;environ 450 g, son \u00e9paisseur est d&#039;environ 2,5 cm au centre du disque placentaire. Un de ses r\u00f4les les plus fondamentaux est de permettre l\u2019\u00e9change des substances contenues dans...\" data-image=\"https:\/\/cdn.futura-sciences.com\/buildsv6\/images\/midioriginal\/7\/8\/3\/7835d62a21_50034905_placenta-240408-01.jpg\" data-url=\"\/sante\/definitions\/medecine-placenta-5268\/\" data-more=\"Lire la suite\" target=\"_blank\" rel=\"noopener\"><span class=\"link-wrapper\">placenta<\/span><\/a>\u00a0(de Parseval and Heidmann, 2005).\u00a0<\/span><\/p>\n<p class=\"zeta py0p5\" style=\"text-align: justify;\"><span style=\"font-size: 20px;\">Les g\u00e8nes viraux pourraient constituer une r\u00e9serve de g\u00e8nes susceptibles d&rsquo;enrichir les\u00a0<a class=\"tooltip-link ng-scope tooltipstered\" href=\"https:\/\/www.futura-sciences.com\/sante\/definitions\/genetique-genome-154\/\" data-tooltip=\"\" data-color=\"pink\" data-title=\"G\u00e9nome\" data-number=\"\" data-copy=\"Le g\u00e9nome est l\u2019ensemble du mat\u00e9riel g\u00e9n\u00e9tique d\u2019un organisme. Il contient \u00e0 la fois les s\u00e9quences codantes, c\u2019est-\u00e0-dire celles qui codent pour des prot\u00e9ines, et les s\u00e9quences non codantes. Chez la majorit\u00e9 des organismes, le g\u00e9nome correspond \u00e0 l\u2019ADN pr\u00e9sent dans les cellules. Cependant, chez...\" data-image=\"https:\/\/cdn.futura-sciences.com\/buildsv6\/images\/midioriginal\/3\/8\/3\/383e1febfb_47557_adn.jpg\" data-url=\"\/sante\/definitions\/genetique-genome-154\/\" data-more=\"Lire la suite\" target=\"_blank\" rel=\"noopener\"><span class=\"link-wrapper\">g\u00e9nomes<\/span><\/a>\u00a0des organismes des trois r\u00e8gnes du vivant,\u00a0alimentant leur propre \u00e9volution.<\/span><\/p>\n<p class=\"zeta py0p5\" style=\"text-align: justify;\"><span style=\"font-size: 20px;\">Le monde viral est extr\u00eamement complexe et se limiter \u00e0 l&rsquo;\u00e9tude des seuls virus\u00a0<a class=\"tooltip-link ng-scope tooltipstered\" href=\"https:\/\/www.futura-sciences.com\/sante\/definitions\/medecine-pathogene-5179\/\" data-tooltip=\"\" data-color=\"pink\" data-title=\"Pathog\u00e8ne\" data-number=\"\" data-copy=\"Se dit d\u2019un agent&amp;nbsp;(germe, bact\u00e9rie...)&amp;nbsp;qui engendre la maladie.\" data-url=\"\/sante\/definitions\/medecine-pathogene-5179\/\" data-more=\"Lire la d\u00e9finition\" target=\"_blank\" rel=\"noopener\"><span class=\"link-wrapper\">pathog\u00e8nes<\/span><\/a>\u00a0ne serait pas judicieux.\u00a0<\/span><\/p>\n<p class=\"zeta py0p5\" style=\"text-align: justify;\"><span style=\"font-size: 20px;\">L&rsquo;\u00e9tude de la \u00ab virosph\u00e8re \u00bb pourrait nous renseigner sur l&rsquo;origine m\u00eame de la vie et l&rsquo;<a class=\"tooltip-link ng-scope tooltipstered\" style=\"box-sizing: border-box; color: #50c1d9; transition: all 0.2s ease-in-out 0s; text-decoration: underline; position: relative; cursor: pointer; font-weight: 400; display: inline;\" href=\"https:\/\/www.futura-sciences.com\/planete\/definitions\/zoologie-emergence-8743\/\" data-tooltip=\"\" data-color=\"light-green\" data-title=\"\u00c9mergence\" data-number=\"\" data-copy=\"\u00c9mergence, \u00e9merger :&amp;nbsp;du latin&amp;nbsp;emergere&amp;nbsp;: sortir de l\u2019eau, d&#039;un liquide, d&#039;un syst\u00e8me, d&#039;un fluide.&lt;br \/&gt;Au sens figur\u00e9 : apparition soudaine&amp;nbsp;d&#039;une id\u00e9e,&amp;nbsp;d&#039;un fait social, \u00e9conomique, politique.&lt;br \/&gt;Le terme&amp;nbsp;\u00e9mergence st employ\u00e9 dans de nombreux domaines.&lt;br \/&gt;Physique&lt;br \/&gt;Sortie hors...\" data-image=\"https:\/\/cdn.futura-sciences.com\/buildsv6\/images\/midioriginal\/4\/e\/f\/4ef87a3a65_50036395_papillon-chrysalide-bernard-schmeltz.jpg\" data-url=\"\/planete\/definitions\/zoologie-emergence-8743\/\" data-more=\"Lire la suite\" target=\"_blank\" rel=\"noopener\"><span class=\"link-wrapper\">\u00e9mergence<\/span><\/a>\u00a0de la\u00a0<a class=\"tooltip-link ng-scope tooltipstered\" href=\"https:\/\/www.futura-sciences.com\/planete\/definitions\/nature-biodiversite-3625\/\" data-tooltip=\"\" data-color=\"light-green\" data-title=\"Biodiversit\u00e9\" data-number=\"\" data-copy=\"La biodiversit\u00e9, au sens \u00e9tymologique du terme, \u00e9voque la diversit\u00e9 du vivant, c\u2019est-\u00e0-dire tous les processus, les modes de vie ou les fonctions qui conduisent \u00e0 maintenir un organisme \u00e0 l\u2019\u00e9tat de vie. Ce terme est beaucoup trop large pour avoir une v\u00e9ritable connotation scientifique. En...\" data-image=\"https:\/\/cdn.futura-sciences.com\/buildsv6\/images\/midioriginal\/9\/5\/5\/955b9773e8_125191_biodiversite-marine.jpg\" data-url=\"\/planete\/definitions\/nature-biodiversite-3625\/\" data-more=\"Lire la suite\" target=\"_blank\" rel=\"noopener\"><span class=\"link-wrapper\">biodiversit\u00e9<\/span><\/a>\u00a0sur notre plan\u00e8te.<\/span><\/p>\n<p><span style=\"font-size: 20px;\"><a href=\"https:\/\/www.futura-sciences.com\/sante\/dossiers\/biologie-virus-amis-ennemis-840\/page\/5\/\" target=\"_blank\" rel=\"noopener\">L&rsquo;article et la suite &gt;&gt;&gt;&gt;&gt;<\/a><\/span><\/td>\n<\/tr>\n<\/tbody>\n<\/table>\n<p><!--nextpage--><\/p>\n<table class=\"wikitable\" style=\"width: 100%; background-color: #fcfffe;\" cellpadding=\"10\">\n<tbody>\n<tr>\n<td colspan=\"2\">\n<h3 style=\"text-align: justify;\">Encart pour d\u00e9mystifier l&rsquo;effrayante bestiole :<\/h3>\n<h3><img loading=\"lazy\" decoding=\"async\" class=\"wp-image-33660 alignleft\" src=\"https:\/\/frank-lovisolo.fr\/WordPress\/wp-content\/uploads\/2020\/05\/Covid19-150x150.png\" alt=\"virus\" width=\"80\" height=\"80\" title=\"-\" srcset=\"https:\/\/frank-lovisolo.fr\/WordPress\/wp-content\/uploads\/2020\/05\/Covid19-150x150.png 150w, https:\/\/frank-lovisolo.fr\/WordPress\/wp-content\/uploads\/2020\/05\/Covid19-460x460.png 460w, https:\/\/frank-lovisolo.fr\/WordPress\/wp-content\/uploads\/2020\/05\/Covid19-250x250.png 250w, https:\/\/frank-lovisolo.fr\/WordPress\/wp-content\/uploads\/2020\/05\/Covid19.png 606w\" sizes=\"auto, (max-width: 80px) 100vw, 80px\" \/><\/h3>\n<div style=\"text-align: justify;\"><span style=\"font-size: 20px;\">De nombreux virus sont entour\u00e9s d&rsquo;une enveloppe\u00a0(ou\u00a0<i>p\u00e9plos<\/i>) qui prend naissance au cours de la travers\u00e9e des membranes cellulaires.<\/span><\/div>\n<div style=\"text-align: justify;\"><span style=\"font-size: 20px;\">Sa constitution est complexe et pr\u00e9sente un m\u00e9lange d&rsquo;\u00e9l\u00e9ments cellulaires et d&rsquo;\u00e9l\u00e9ments d&rsquo;origine virale.<\/span><\/div>\n<div style=\"text-align: justify;\"><span style=\"font-size: 20px;\">On y trouve des\u00a0prot\u00e9ines, des\u00a0glucides\u00a0et des\u00a0lipides. Les virus poss\u00e9dant une enveloppe sont les\u00a0<i>virus envelopp\u00e9s<\/i>.<\/span><\/div>\n<div style=\"text-align: justify;\"><span style=\"font-size: 20px;\">Les virus ne poss\u00e9dant pas d&rsquo;enveloppe sont les\u00a0<i>virus nus<\/i>. Les virus nus sont en g\u00e9n\u00e9ral plus r\u00e9sistants.<\/span><\/div>\n<div><a href=\"https:\/\/fr.wikipedia.org\/wiki\/Virus\" target=\"_blank\" rel=\"noopener noreferrer\">La suite &gt;&gt;&gt;&gt;&gt;<\/a><\/div>\n<\/td>\n<\/tr>\n<tr>\n<td style=\"background-color: #ebfffa;\" colspan=\"2\" bgcolor=\"#dddddd\"><b>Virus icosa\u00e9driques<\/b><\/td>\n<\/tr>\n<tr>\n<td colspan=\"2\">\n<div class=\"center\">\n<div class=\"thumb tnone\">\n<div class=\"thumbinner\">\n<p><a class=\"image\" href=\"https:\/\/commons.wikimedia.org\/wiki\/File:Coronaviruses_004_lores.jpg?uselang=fr\" target=\"_blank\" rel=\"noopener\"><img loading=\"lazy\" decoding=\"async\" class=\"thumbimage alignleft\" src=\"https:\/\/upload.wikimedia.org\/wikipedia\/commons\/thumb\/7\/78\/Coronaviruses_004_lores.jpg\/200px-Coronaviruses_004_lores.jpg\" srcset=\"\/\/upload.wikimedia.org\/wikipedia\/commons\/thumb\/7\/78\/Coronaviruses_004_lores.jpg\/300px-Coronaviruses_004_lores.jpg 1.5x, \/\/upload.wikimedia.org\/wikipedia\/commons\/thumb\/7\/78\/Coronaviruses_004_lores.jpg\/400px-Coronaviruses_004_lores.jpg 2x\" alt=\"- - -\" width=\"200\" height=\"143\" data-file-width=\"1920\" data-file-height=\"1368\" title=\"-\"><\/a><\/p>\n<div class=\"thumbcaption\" style=\"text-align: justify;\"><span style=\"font-size: 20px;\">Virions icosa\u00e9driques au microscope \u00e9lectronique.<\/span><\/div>\n<\/div>\n<\/div>\n<\/div>\n<p style=\"text-align: justify;\"><span style=\"font-size: 20px;\">La capside icosa\u00e9drique entra\u00eene une apparence sph\u00e9rique du virus.<\/span><\/p>\n<p style=\"text-align: justify;\"><span style=\"font-size: 20px;\">Les protom\u00e8res sont organis\u00e9s en capsom\u00e8res, dispos\u00e9s de mani\u00e8re r\u00e9guli\u00e8re et g\u00e9om\u00e9trique. Un <a href=\"https:\/\/fr.wikipedia.org\/wiki\/Capsom%C3%A8re\" target=\"_blank\" rel=\"noopener noreferrer\">capsom\u00e8re<\/a> est compos\u00e9 de cinq ou six <a href=\"https:\/\/fr.wikipedia.org\/wiki\/Protom%C3%A8re\" target=\"_blank\" rel=\"noopener noreferrer\">protom\u00e8res<\/a>, appel\u00e9s pentons aux sommets et hexons au niveau des faces et des ar\u00eates.<\/span><\/p>\n<p style=\"text-align: justify;\"><span style=\"font-size: 20px;\">Parmi les virus icosa\u00e9driques, les\u00a0<a class=\"mw-redirect\" title=\"Parvovirus\" href=\"https:\/\/fr.wikipedia.org\/wiki\/Parvovirus\" target=\"_blank\" rel=\"noopener\">parvovirus<\/a>\u00a0ont une capside form\u00e9e de 12\u00a0capsom\u00e8res, les\u00a0<a title=\"Poliovirus\" href=\"https:\/\/fr.wikipedia.org\/wiki\/Poliovirus\" target=\"_blank\" rel=\"noopener\">poliovirus<\/a>\u00a032\u00a0capsom\u00e8res, les\u00a0<a title=\"Papillomavirus\" href=\"https:\/\/fr.wikipedia.org\/wiki\/Papillomavirus\" target=\"_blank\" rel=\"noopener\">papillomavirus<\/a>\u00a072\u00a0capsom\u00e8res, tandis que la capside des\u00a0<a title=\"Adenoviridae\" href=\"https:\/\/fr.wikipedia.org\/wiki\/Adenoviridae\" target=\"_blank\" rel=\"noopener\">ad\u00e9novirus<\/a>\u00a0est constitu\u00e9e de 252\u00a0capsom\u00e8res.<\/span><\/p>\n<\/td>\n<\/tr>\n<tr>\n<td style=\"background-color: #ebfffa;\" colspan=\"2\" bgcolor=\"#dddddd\"><span style=\"font-size: 20px;\"><b>Virus h\u00e9lico\u00efdaux<\/b><\/span><\/td>\n<\/tr>\n<tr>\n<td colspan=\"2\">\n<div class=\"center\">\n<div class=\"thumb tnone\">\n<div class=\"thumbinner\">\n<div class=\"thumbcaption\" style=\"text-align: left;\"><span style=\"font-size: 20px;\">Sch\u00e9ma d\u2019u<a class=\"image\" href=\"https:\/\/commons.wikimedia.org\/wiki\/File:TMV_structure_full.png?uselang=fr\" target=\"_blank\" rel=\"noopener\"><img loading=\"lazy\" decoding=\"async\" class=\"thumbimage alignright\" src=\"https:\/\/upload.wikimedia.org\/wikipedia\/commons\/thumb\/1\/1e\/TMV_structure_full.png\/200px-TMV_structure_full.png\" alt=\"- - -\" width=\"268\" height=\"143\" data-file-width=\"2638\" data-file-height=\"1417\" title=\"-\"><\/a>ne capside h\u00e9lico\u00efdale.<\/span><\/div>\n<\/div>\n<\/div>\n<\/div>\n<p style=\"text-align: justify;\"><span style=\"font-size: 20px;\">Ces virus sont de longs cylindres (<span class=\"nowrap\"><span title=\"3\u00a0000 \u00c5\">300<\/span>\u00a0\u00e0\u00a0<span title=\"4\u00a0000 \u00c5\">400<\/span>\u00a0<span title=\"nanom\u00e8tre\">nm<\/span><\/span>), creux, compos\u00e9s d\u2019un type de protom\u00e8re enroul\u00e9 en spirale h\u00e9lico\u00efdale formant des anneaux appel\u00e9s capsom\u00e8res. Ils peuvent \u00eatre rigides ou flexibles. <\/span><\/p>\n<p style=\"text-align: justify;\"><span style=\"font-size: 20px;\">Le mat\u00e9riel g\u00e9n\u00e9tique est log\u00e9 \u00e0 l\u2019int\u00e9rieur du tube.<\/span><\/p>\n<p><span style=\"font-size: 20px;\">Le virus de la\u00a0<a title=\"Virus de la mosa\u00efque du tabac\" href=\"https:\/\/fr.wikipedia.org\/wiki\/Virus_de_la_mosa%C3%AFque_du_tabac\" target=\"_blank\" rel=\"noopener\">mosa\u00efque du tabac<\/a> est un exemple h\u00e9lico\u00efdal tr\u00e8s \u00e9tudi\u00e9.<\/span><\/td>\n<\/tr>\n<tr>\n<td style=\"background-color: #ebfffa;\" colspan=\"2\" bgcolor=\"#dddddd\"><span style=\"font-size: 20px;\"><b>Virus envelopp\u00e9s<\/b><\/span><\/td>\n<\/tr>\n<tr>\n<td style=\"text-align: justify;\" colspan=\"2\">\n<div class=\"center\">\n<div class=\"thumb tnone\">\n<div class=\"thumbinner\">\n<p><a class=\"image\" href=\"https:\/\/commons.wikimedia.org\/wiki\/File:HI-Virion-en-2.png?uselang=fr\" target=\"_blank\" rel=\"noopener\"><img loading=\"lazy\" decoding=\"async\" class=\"thumbimage alignleft\" src=\"https:\/\/upload.wikimedia.org\/wikipedia\/commons\/thumb\/1\/1c\/HI-Virion-en-2.png\/200px-HI-Virion-en-2.png\" srcset=\"\/\/upload.wikimedia.org\/wikipedia\/commons\/thumb\/1\/1c\/HI-Virion-en-2.png\/300px-HI-Virion-en-2.png 1.5x, \/\/upload.wikimedia.org\/wikipedia\/commons\/thumb\/1\/1c\/HI-Virion-en-2.png\/400px-HI-Virion-en-2.png 2x\" alt=\"- - -\" width=\"200\" height=\"139\" data-file-width=\"1725\" data-file-height=\"1200\" title=\"-\"><\/a><\/p>\n<div class=\"thumbcaption\" style=\"text-align: justify;\"><span style=\"font-size: 20px;\">Sch\u00e9ma : le <a title=\"Virus de l&#039;immunod\u00e9ficience humaine\" href=\"https:\/\/fr.wikipedia.org\/wiki\/Virus_de_l%27immunod%C3%A9ficience_humaine\" target=\"_blank\" rel=\"noopener\">VIH<\/a>.<\/span><\/div>\n<\/div>\n<\/div>\n<\/div>\n<p><span style=\"font-size: 20px;\">En plus de la capside, certains sont capables de s\u2019entourer d\u2019une structure membranaire emprunt\u00e9e \u00e0 la cellule h\u00f4te. <\/span><\/p>\n<p><span style=\"font-size: 20px;\">Cette enveloppe membranaire est compos\u00e9e d\u2019une bicouche lipidique qui peut poss\u00e9der des prot\u00e9ines cod\u00e9es par le g\u00e9nome viral ou le g\u00e9nome de l\u2019h\u00f4te. Cette enveloppe donne quelques avantages aux virions par rapport \u00e0 ceux compos\u00e9s d\u2019une capside seule, comme la protection vis-\u00e0-vis d\u2019enzymes ou de compos\u00e9s chimiques. Les envelopp\u00e9s sont par contre plus fragiles dans l&rsquo;environnement ext\u00e9rieur, sensibles aux d\u00e9tergents et \u00e0 la dessiccation. Les <a title=\"Glycoprot\u00e9ine\" href=\"https:\/\/fr.wikipedia.org\/wiki\/Glycoprot%C3%A9ine\" target=\"_blank\" rel=\"noopener\">glycoprot\u00e9ines<\/a>, formant des spicules, fonctionnent comme des\u00a0<a title=\"R\u00e9cepteur (biochimie)\" href=\"https:\/\/fr.wikipedia.org\/wiki\/R%C3%A9cepteur_(biochimie)\" target=\"_blank\" rel=\"noopener\">r\u00e9cepteurs<\/a>\u00a0permettant de se fixer sur des cellules h\u00f4tes sp\u00e9cifiques.<\/span><\/p>\n<p style=\"text-align: justify;\"><span style=\"font-size: 20px;\">Celui<a title=\"Virus de la grippe\" href=\"https:\/\/fr.wikipedia.org\/wiki\/Virus_de_la_grippe\" target=\"_blank\" rel=\"noopener\">\u00a0de la grippe<\/a>\u00a0(famille des\u00a0<i><span class=\"lang-la\" lang=\"la\"><a title=\"Orthomyxoviridae\" href=\"https:\/\/fr.wikipedia.org\/wiki\/Orthomyxoviridae\" target=\"_blank\" rel=\"noopener\">Orthomyxoviridae<\/a><\/span><\/i>), le\u00a0<a title=\"Virus de l&#039;immunod\u00e9ficience humaine\" href=\"https:\/\/fr.wikipedia.org\/wiki\/Virus_de_l%27immunod%C3%A9ficience_humaine\" target=\"_blank\" rel=\"noopener\">VIH<\/a>\u00a0(famille des\u00a0<i><span class=\"lang-la\" lang=\"la\"><a title=\"Retroviridae\" href=\"https:\/\/fr.wikipedia.org\/wiki\/Retroviridae\" target=\"_blank\" rel=\"noopener\">Retroviridae<\/a><\/span><\/i>), sont des exemples de virus envelopp\u00e9s.<\/span><\/p>\n<\/td>\n<\/tr>\n<tr>\n<td style=\"background-color: #ebfffa;\" colspan=\"2\" bgcolor=\"#dddddd\"><span style=\"font-size: 20px;\"><b>Virus complexes<\/b><\/span><\/td>\n<\/tr>\n<tr>\n<td colspan=\"2\">\n<div class=\"center\">\n<div class=\"thumb tnone\">\n<div class=\"thumbinner\">\n<p><a class=\"image\" href=\"https:\/\/commons.wikimedia.org\/wiki\/File:Tevenphage.svg?uselang=fr\" target=\"_blank\" rel=\"noopener\"><img loading=\"lazy\" decoding=\"async\" class=\"thumbimage alignright\" src=\"https:\/\/upload.wikimedia.org\/wikipedia\/commons\/thumb\/5\/56\/Tevenphage.svg\/200px-Tevenphage.svg.png\" srcset=\"\/\/upload.wikimedia.org\/wikipedia\/commons\/thumb\/5\/56\/Tevenphage.svg\/300px-Tevenphage.svg.png 1.5x, \/\/upload.wikimedia.org\/wikipedia\/commons\/thumb\/5\/56\/Tevenphage.svg\/400px-Tevenphage.svg.png 2x\" alt=\"- - -\" width=\"200\" height=\"143\" data-file-width=\"1498\" data-file-height=\"1070\" title=\"-\"><\/a><\/p>\n<div class=\"thumbcaption\" style=\"text-align: justify;\"><span style=\"font-size: 20px;\">Sch\u00e9ma d\u2019un\u00a0<a title=\"Bact\u00e9riophage\" href=\"https:\/\/fr.wikipedia.org\/wiki\/Bact%C3%A9riophage\" target=\"_blank\" rel=\"noopener\">bact\u00e9riophage<\/a>.<\/span><\/div>\n<\/div>\n<\/div>\n<\/div>\n<p style=\"text-align: justify;\"><span style=\"font-size: 20px;\">Ces virus poss\u00e8dent une capside sym\u00e9trique qui n\u2019est ni h\u00e9lico\u00efdale, ni vraiment icosa\u00e9drique.<\/span><\/p>\n<p style=\"text-align: justify;\"><span style=\"font-size: 20px;\">Les\u00a0<a title=\"Bact\u00e9riophage\" href=\"https:\/\/fr.wikipedia.org\/wiki\/Bact%C3%A9riophage\" target=\"_blank\" rel=\"noopener\">bact\u00e9riophages<\/a>\u00a0comme le\u00a0<a title=\"Phage T4\" href=\"https:\/\/fr.wikipedia.org\/wiki\/Phage_T4\" target=\"_blank\" rel=\"noopener\">phage T4<\/a>\u00a0d\u2019<i><a title=\"Escherichia coli\" href=\"https:\/\/fr.wikipedia.org\/wiki\/Escherichia_coli\" target=\"_blank\" rel=\"noopener\">Escherichia coli<\/a><\/i> sont des virus complexes poss\u00e9dant une t\u00eate icosa\u00e9drique li\u00e9e \u00e0 une queue h\u00e9lico\u00efdale \u00e0 laquelle sont attach\u00e9s des poils et des fibres caudales.\u00a0<\/span><\/p>\n<div id=\"attachment_33692\" style=\"width: 409px\" class=\"wp-caption alignleft\"><img loading=\"lazy\" decoding=\"async\" aria-describedby=\"caption-attachment-33692\" class=\"wp-image-33692 \" src=\"https:\/\/frank-lovisolo.fr\/WordPress\/wp-content\/uploads\/2020\/05\/image-460x262.jpg\" alt=\"- - -\" width=\"399\" height=\"227\" title=\"-\" srcset=\"https:\/\/frank-lovisolo.fr\/WordPress\/wp-content\/uploads\/2020\/05\/image-460x262.jpg 460w, https:\/\/frank-lovisolo.fr\/WordPress\/wp-content\/uploads\/2020\/05\/image-1024x583.jpg 1024w, https:\/\/frank-lovisolo.fr\/WordPress\/wp-content\/uploads\/2020\/05\/image-768x437.jpg 768w, https:\/\/frank-lovisolo.fr\/WordPress\/wp-content\/uploads\/2020\/05\/image-250x142.jpg 250w, https:\/\/frank-lovisolo.fr\/WordPress\/wp-content\/uploads\/2020\/05\/image-150x85.jpg 150w, https:\/\/frank-lovisolo.fr\/WordPress\/wp-content\/uploads\/2020\/05\/image.jpg 1300w\" sizes=\"auto, (max-width: 399px) 100vw, 399px\" \/><p id=\"caption-attachment-33692\" class=\"wp-caption-text\"><span style=\"font-size: 10px;\">\u00a9 nobeastsofierce\/shutterstock.com<\/span><\/p><\/div>\n<p style=\"text-align: justify;\"><span style=\"font-size: 20px;\"><strong>Les bact\u00e9riophages<\/strong> (ou phages), les virus des bact\u00e9ries, attaquent leurs h\u00f4tes en injectant leur ADN \u00e0 travers leur membrane. <\/span><\/p>\n<p style=\"text-align: justify;\"><span style=\"font-size: 20px;\">Au fil de l\u2019\u00e9volution, ils ont d\u00e9velopp\u00e9 de multiples m\u00e9canismes qui leur permettent de parer les d\u00e9fenses des bact\u00e9ries, et dont trois ont \u00e9t\u00e9 d\u00e9couverts r\u00e9cemment.<\/span><\/p>\n<p><span style=\"font-size: 20px;\"><a href=\"https:\/\/www.pourlascience.fr\/sd\/microbiologie\/le-puissant-arsenal-de-guerre-des-bacteriophages-12523.php\" target=\"_blank\" rel=\"noopener noreferrer\">La suite de l&rsquo;article &gt;&gt;&gt;&gt;&gt;<\/a><\/span><\/p>\n<p><span style=\"color: #ffffff; font-size: 20px;\">&#8211;<\/span><\/p>\n<p><span style=\"color: #ffffff; font-size: 20px;\">&#8211;<\/span><\/p>\n<p>&nbsp;<\/p>\n<p><span style=\"font-size: 20px;\"><strong><em><span id=\"Agent_antibact\u00e9rien\" class=\"mw-headline\">Le bact\u00e9riophage Agent antibact\u00e9rien<\/span><\/em><\/strong><\/span><\/p>\n<p style=\"text-align: justify;\"><span style=\"font-size: 20px;\"><em>Principalement utilis\u00e9s dans l&rsquo;agroalimentaire puis en m\u00e9decine v\u00e9t\u00e9rinaire, les phages sont aussi \u00e9tudi\u00e9s en m\u00e9decine comme alternative \u00e0 la r\u00e9sistance aux antibiotiques. En Hollande est \u00e9galement commercialis\u00e9 un cocktail de phages pour lutter contre les contaminations de Listeria dans les produits alimentaires<\/em><\/span><\/p>\n<p style=\"text-align: justify;\"><span style=\"font-size: 20px;\"><em><strong>PHAGES<\/strong>. <\/em><\/span><\/p>\n<p style=\"text-align: justify;\"><span style=\"font-size: 20px;\"><em>Bien que mal connus, les bact\u00e9riophages \u00ab\u00a0repr\u00e9sentent la biomasse la plus importante de la plan\u00e8te\u00a0\u00bb : il y en aurait 10 \u00e0 100\u00a0fois plus que de bact\u00e9ries. Ils\u00a0seraient apparus sur terre avec les premi\u00e8res bact\u00e9ries il y a plusieurs milliards d&rsquo;ann\u00e9es\u00a0et repr\u00e9sentent la forme de vie la plus vari\u00e9e sur terre :\u00a0on en trouve\u00a0dans tous les \u00e9cosyst\u00e8mes, y compris dans des milieux aussi hostiles que les d\u00e9serts ou\u00a0la neige vierge. \u00ab\u00a0L&rsquo;esp\u00e8ce humaine h\u00e9berge elle aussi de nombreux phages : peau, muqueuses, et surtout tube digestif, dans lequel on a identifi\u00e9 plus de 100 phages diff\u00e9rents\u00a0\u00bb, expliquent les scientifiques dans la publication de 2015<br \/>\n<a href=\"https:\/\/www.sciencesetavenir.fr\/sante\/les-virus-phages-une-alternative-aux-antibiotiques_132284\" target=\"_blank\" rel=\"noopener noreferrer\">Sciences et avenir : les virus phages une alternative-aux-antibiotiques<\/a><\/em><\/span><\/p>\n<p>&nbsp;<\/p>\n<p style=\"text-align: justify;\"><span style=\"font-size: 20px;\">Le <a title=\"Poxviridae\" href=\"https:\/\/fr.wikipedia.org\/wiki\/Poxviridae\" target=\"_blank\" rel=\"noopener\">poxvirus<\/a>\u00a0(variole, vaccine) est aussi un exemple de virus complexe. C&rsquo;est le virus animal parmi les plus grands (<span class=\"nowrap\"><span title=\"2\u00a0500 \u00c5\">250<\/span>\u00a0\u00e0\u00a0<span title=\"3\u00a0500 \u00c5\">350<\/span>\u00a0<span title=\"nanom\u00e8tre\">nm<\/span><\/span>\u00a0de long sur\u00a0<span class=\"nowrap\"><span title=\"2\u00a0000 \u00c5\">200<\/span>\u00a0\u00e0\u00a0<span title=\"2\u00a0500 \u00c5\">250<\/span>\u00a0<span title=\"nanom\u00e8tre\">nm<\/span><\/span>\u00a0de large). <\/span><\/p>\n<p style=\"text-align: justify;\"><span style=\"font-size: 20px;\">Certains virus se pr\u00e9sentent sous formes bacillaires. C&rsquo;est le cas du virus de la\u00a0<a title=\"Rage (maladie)\" href=\"https:\/\/fr.wikipedia.org\/wiki\/Rage_(maladie)\" target=\"_blank\" rel=\"noopener\">rage<\/a>\u00a0(famille des\u00a0<i><span class=\"lang-la\" lang=\"la\"><a title=\"Rhabdoviridae\" href=\"https:\/\/fr.wikipedia.org\/wiki\/Rhabdoviridae\" target=\"_blank\" rel=\"noopener\">Rhabdoviridae<\/a><\/span><\/i>) et du\u00a0<a class=\"mw-redirect\" title=\"Ebolavirus\" href=\"https:\/\/fr.wikipedia.org\/wiki\/Ebolavirus\" target=\"_blank\" rel=\"noopener\">virus \u00c9bola<\/a>.<\/span><\/p>\n<p><a href=\"https:\/\/www.futura-sciences.com\/sante\/dossiers\/biologie-virus-amis-ennemis-840\/page\/5\/\" target=\"_blank\" rel=\"noopener\">L&rsquo;article et la suite &gt;&gt;&gt;&gt;&gt;<\/a><\/td>\n<\/tr>\n<\/tbody>\n<\/table>\n<p><!--nextpage--><\/p>\n<table style=\"width: 100%; border-collapse: collapse; height: 646px;\" cellpadding=\"10\">\n<tbody>\n<tr style=\"height: 574px;\">\n<td style=\"width: 100%; height: 574px;\">\n<h3><img loading=\"lazy\" decoding=\"async\" class=\"wp-image-33660 size-thumbnail alignleft\" src=\"https:\/\/frank-lovisolo.fr\/WordPress\/wp-content\/uploads\/2020\/05\/Covid19-150x150.png\" alt=\"virus\" width=\"150\" height=\"150\" title=\"-\" srcset=\"https:\/\/frank-lovisolo.fr\/WordPress\/wp-content\/uploads\/2020\/05\/Covid19-150x150.png 150w, https:\/\/frank-lovisolo.fr\/WordPress\/wp-content\/uploads\/2020\/05\/Covid19-460x460.png 460w, https:\/\/frank-lovisolo.fr\/WordPress\/wp-content\/uploads\/2020\/05\/Covid19-250x250.png 250w, https:\/\/frank-lovisolo.fr\/WordPress\/wp-content\/uploads\/2020\/05\/Covid19.png 606w\" sizes=\"auto, (max-width: 150px) 100vw, 150px\" \/><\/h3>\n<h3><span style=\"font-size: 24px;\">Le r\u00f4le des petite bestioles dans l&rsquo;\u00e9volution:<\/span><\/h3>\n<h5><span style=\"font-size: 20px;\">Des traces de virus dans notre ADN<\/span><\/h5>\n<div id=\"attachment_33668\" style=\"width: 710px\" class=\"wp-caption alignright\"><img loading=\"lazy\" decoding=\"async\" aria-describedby=\"caption-attachment-33668\" class=\"wp-image-33668 \" src=\"https:\/\/frank-lovisolo.fr\/WordPress\/wp-content\/uploads\/2020\/05\/Ebola_Virus_From_Mali_Blood_Sample_1.jpg\" alt=\"Virus Ebola\" width=\"700\" height=\"563\" title=\"-\" srcset=\"https:\/\/frank-lovisolo.fr\/WordPress\/wp-content\/uploads\/2020\/05\/Ebola_Virus_From_Mali_Blood_Sample_1.jpg 1024w, https:\/\/frank-lovisolo.fr\/WordPress\/wp-content\/uploads\/2020\/05\/Ebola_Virus_From_Mali_Blood_Sample_1-460x370.jpg 460w, https:\/\/frank-lovisolo.fr\/WordPress\/wp-content\/uploads\/2020\/05\/Ebola_Virus_From_Mali_Blood_Sample_1-768x618.jpg 768w, https:\/\/frank-lovisolo.fr\/WordPress\/wp-content\/uploads\/2020\/05\/Ebola_Virus_From_Mali_Blood_Sample_1-186x150.jpg 186w, https:\/\/frank-lovisolo.fr\/WordPress\/wp-content\/uploads\/2020\/05\/Ebola_Virus_From_Mali_Blood_Sample_1-150x121.jpg 150w\" sizes=\"auto, (max-width: 700px) 100vw, 700px\" \/><p id=\"caption-attachment-33668\" class=\"wp-caption-text\">Virus Ebola isol\u00e9, en novembre 2014, \u00e0 partir d&rsquo;\u00e9chantillons de sang d&rsquo;un patient au Mali. Le virus a \u00e9t\u00e9 isol\u00e9 sur des <a href=\"https:\/\/fr.wikipedia.org\/wiki\/Vero_(cellule)\" target=\"_blank\" rel=\"noopener noreferrer\">cellules Vero<\/a> (Image obtenue au <a href=\"https:\/\/fr.wikipedia.org\/wiki\/Microscope_%C3%A9lectronique\" target=\"_blank\" rel=\"noopener noreferrer\">microscope \u00e9lectronique<\/a>)<\/p><\/div>\n<p style=\"text-align: justify;\"><span style=\"font-size: 20px;\">Beaucoup de biologistes et de virologues parmi d&rsquo;autres chercheurs constatent que l&rsquo;on est incapable d\u2019expliquer l\u2019\u00e9volution des esp\u00e8ces autrement qu\u2019en faisant appel au principe philosophique de la \u00ab\u00a0s\u00e9lection naturelle\u00a0\u00bb.<\/span><\/p>\n<p style=\"text-align: justify;\"><span style=\"font-size: 20px;\">On parle d\u2019adaptation, de lutte pour la survie, mais personne ne peut prouver le ph\u00e9nom\u00e8ne en mettant le doigt sur le m\u00e9canisme biologique ou chimique ou sur l\u2019entit\u00e9 ayant d\u00e9clench\u00e9 ce ph\u00e9nom\u00e8ne (mutation ou autre), encore moins pr\u00e9dire cette \u00e9volution si ce n\u2019est \u00e0 travers l\u2019expression plus ou moins prolong\u00e9e des g\u00e8nes.<\/span><\/p>\n<p style=\"text-align: justify;\"><span style=\"font-size: 20px;\">M\u00eame les mod\u00e8les n\u00e9o-Darwiniens de l\u2019\u00e9volution insistant sur les mutations ponctuelles et les recombinaisons sexuelles des g\u00e8nes de l\u2019organisme h\u00f4te (celui abritant le parasite) ne peuvent expliquer l\u2019\u00e9volution des esp\u00e8ces.<\/span><\/p>\n<p style=\"text-align: justify;\"><span style=\"font-size: 20px;\">Cherchant plut\u00f4t une explication rationnelle \u00e0 l\u2019\u00e9volution des esp\u00e8ces, plusieurs \u00e9quipes de virologues ont recherch\u00e9 les traces originelles de ce ph\u00e9nom\u00e8ne dans le patrimoine g\u00e9n\u00e9tique des organismes et notamment chez les bact\u00e9ries et virus, sachant qu&rsquo;il s&rsquo;agit d\u2019organismes s&rsquo;adaptant plus facilement&#8230;<\/span><\/p>\n<p style=\"text-align: justify;\"><span style=\"font-size: 20px;\">Pourquoi \u00e9tudier les g\u00e8nes ? Car depuis les travaux d\u2019Oswald Avery (1944) et de sa d\u00e9monstration par Al Hershey (1946), nous savons que la mol\u00e9cule d\u2019ADN est porteuse d\u2019informations h\u00e9r\u00e9ditaires.<\/span><\/p>\n<p style=\"text-align: justify;\"><span style=\"font-size: 20px;\">Toutefois, ce n&rsquo;est que r\u00e9cemment, suite au projet de cartographie du g\u00e9nome humain (<a href=\"http:\/\/www.astrosurf.com\/luxorion\/bio-genome-genetique.htm\" target=\"_blank\" rel=\"noopener noreferrer\">Hugo<\/a>, etc) \u00a0que nous avons d\u00e9couvert que notre ADN contenait principalement des s\u00e9quences ne jouant a priori aucun r\u00f4le dans l\u2019expression des g\u00e8nes, le fameux ADN \u00ab\u00a0de rebut\u00a0\u00bb.<\/span><\/p>\n<p style=\"text-align: justify;\"><span style=\"font-size: 20px;\">Plus \u00e9tonnant encore, des milliers de s\u00e9quences contiennent des traces de virus inactifs. On estime qu&rsquo;entre 40 et 80% du g\u00e9nome humain seraient li\u00e9s \u00e0 d&rsquo;anciennes contaminations virales mais dont les vecteurs ont pour ainsi dire eu l&rsquo;intelligence ou en tout cas l&rsquo;opportunit\u00e9 de collaborer avec les cellules et les bact\u00e9ries pour le plus grand bien de l&rsquo;organisme.<\/span><\/p>\n<p style=\"text-align: justify;\"><span style=\"font-size: 20px;\">Que font-elles l\u00e0 et quel fut leur r\u00f4le le cas \u00e9ch\u00e9ant ? Pour l&rsquo;essentiel, c&rsquo;est encore la grande inconnue&#8230;<\/span><\/p>\n<div style=\"text-align: justify;\"><span style=\"font-size: 20px;\">Conform\u00e9ment \u00e0 la volont\u00e9 de l&rsquo;auteur,<span class=\"fwn fcg\"><span class=\"fwb fcg\" data-ft=\"{&quot;tn&quot;:&quot;;&quot;}\">\u00a0<\/span><\/span>la suite est par l\u00e0 &gt;&gt;&gt;&gt;&gt;&gt;<\/span><\/div>\n<div><a href=\"http:\/\/www.astrosurf.com\/luxorion\/bio-role-virus-evolution.htm\" target=\"_blank\" rel=\"noopener noreferrer\"><strong><span style=\"font-size: 14px;\">http:\/\/www.astrosurf.com\/luxorion\/bio-role-virus-evolution.htm<\/span><\/strong><\/a><\/div>\n<\/td>\n<\/tr>\n<\/tbody>\n<\/table>\n<p><span style=\"color: #ffffff;\">&#8211;<\/span><!--nextpage--><\/p>\n<table style=\"width: 100%; border-collapse: collapse;\" cellpadding=\"10\">\n<tbody>\n<tr>\n<td style=\"width: 100%;\">\n<div style=\"text-align: justify;\"><span style=\"font-size: 20px;\"><img loading=\"lazy\" decoding=\"async\" class=\"alignleft wp-image-33660\" src=\"https:\/\/frank-lovisolo.fr\/WordPress\/wp-content\/uploads\/2020\/05\/Covid19-150x150.png\" alt=\"virus\" width=\"62\" height=\"62\" title=\"-\" srcset=\"https:\/\/frank-lovisolo.fr\/WordPress\/wp-content\/uploads\/2020\/05\/Covid19-150x150.png 150w, https:\/\/frank-lovisolo.fr\/WordPress\/wp-content\/uploads\/2020\/05\/Covid19-460x460.png 460w, https:\/\/frank-lovisolo.fr\/WordPress\/wp-content\/uploads\/2020\/05\/Covid19-250x250.png 250w, https:\/\/frank-lovisolo.fr\/WordPress\/wp-content\/uploads\/2020\/05\/Covid19.png 606w\" sizes=\"auto, (max-width: 62px) 100vw, 62px\" \/><img loading=\"lazy\" decoding=\"async\" class=\"alignright wp-image-33696\" src=\"https:\/\/frank-lovisolo.fr\/WordPress\/wp-content\/uploads\/2020\/05\/nucl\u00e9aire-150x150.png\" alt=\"- - -\" width=\"84\" height=\"84\" title=\"-\" srcset=\"https:\/\/frank-lovisolo.fr\/WordPress\/wp-content\/uploads\/2020\/05\/nucl\u00e9aire-150x150.png 150w, https:\/\/frank-lovisolo.fr\/WordPress\/wp-content\/uploads\/2020\/05\/nucl\u00e9aire.png 220w\" sizes=\"auto, (max-width: 84px) 100vw, 84px\" \/>Il est fort probable que notre rencontre avec le <a href=\"https:\/\/fr.wikipedia.org\/wiki\/Pand%C3%A9mie_de_Covid-19\" target=\"_blank\" rel=\"noopener noreferrer\">Covid-19<\/a> aura des cons\u00e9quences sur notre \u00e9volution.<\/span><\/div>\n<div style=\"text-align: justify;\"><span style=\"font-size: 20px;\">\u00c0 l\u2019inverse des films de science-fiction, cette \u00e9volution ne sera pas spectaculaire, notre <a href=\"https:\/\/fr.wikipedia.org\/wiki\/Histoire_%C3%A9volutive_des_primates\" target=\"_blank\" rel=\"noopener noreferrer\">physionomie<\/a> ne changera pas avant plusieurs milliers d\u2019ann\u00e9es.\u00a0<\/span><\/div>\n<div style=\"text-align: justify;\"><span style=\"font-size: 20px;\">Sauf, peut-\u00eatre, si notre technologie, je pense aux incidents <a href=\"https:\/\/fr.wikipedia.org\/wiki\/Accident_nucl%C3%A9aire\" target=\"_blank\" rel=\"noopener noreferrer\">nucl\u00e9aires,<\/a> <a href=\"https:\/\/fr.wikipedia.org\/wiki\/Risque_biologique\" target=\"_blank\" rel=\"noopener noreferrer\">biologiques<\/a> et <a href=\"https:\/\/fr.wikipedia.org\/wiki\/Arme_chimique\" target=\"_blank\" rel=\"noopener noreferrer\">chimiques<\/a>, provoquait des mutations g\u00e9n\u00e9tiques importantes \u00e0 l\u2019\u00e9chelle mondiale.<\/span><\/div>\n<div style=\"text-align: justify;\"><span style=\"font-size: 20px;\">Lire l&rsquo;article de l\u2019<a href=\"https:\/\/www.irsn.fr\/FR\/Pages\/Home.aspx\" target=\"_blank\" rel=\"noopener noreferrer\">IRSN<\/a> : <a href=\"https:\/\/www.irsn.fr\/FR\/connaissances\/Installations_nucleaires\/Les-accidents-nucleaires\/accident-tchernobyl-1986\/consequences-homme-environnement\/Pages\/sommaire.aspx#.Xqp9W6gzaHs\" target=\"_blank\" rel=\"noopener noreferrer\">L\u2019accident de Tchernobyl et ses r\u00e9percussions pour l\u2019environnement et la sant\u00e9<\/a>.<\/span><\/div>\n<div style=\"text-align: justify;\"><span style=\"font-size: 20px;\">Le r\u00e9chauffement climatique nous reserve, immanquablement, de jolies surprise: des organismes, sous le <a href=\"https:\/\/fr.wikipedia.org\/wiki\/Perg%C3%A9lisol\" target=\"_blank\" rel=\"noopener noreferrer\">perg\u00e9lisol<\/a> (permafrost en anglais) et dans les glaciers, attendent en dormance depuis des centaines d&rsquo;ann\u00e9es&#8230;\u00a0<\/span><\/div>\n<div style=\"text-align: justify;\"><span style=\"font-size: 20px;\">En cons\u00e9quence, il est grand temps de prendre soin de notre plan\u00e8te. <\/span><\/div>\n<div style=\"text-align: justify;\"><span style=\"font-size: 20px;\">La <a href=\"https:\/\/fr.wikipedia.org\/wiki\/Extinction_des_esp%C3%A8ces\" target=\"_blank\" rel=\"noopener noreferrer\">disparition des esp\u00e8ces<\/a> me parait bien plus alarmante que les cons\u00e9quences de l\u2019actuelle pand\u00e9mie: <\/span><\/div>\n<blockquote>\n<div style=\"text-align: justify;\"><span style=\"font-size: 20px;\"><a href=\"https:\/\/fr.wikipedia.org\/wiki\/Extinction_des_esp%C3%A8ces\" target=\"_blank\" rel=\"noopener noreferrer\"><em>D&rsquo;apr\u00e8s un sondage fait en 1998 aupr\u00e8s de 400 biologistes par le Mus\u00e9um d&rsquo;histoire naturelle am\u00e9ricain de New-York, pr\u00e8s de 70 % des biologistes pensent que nous sommes actuellement au d\u00e9but d&rsquo;une extinction de masse caus\u00e9e par l&rsquo;homme, connue en tant qu&rsquo;extinction de l&rsquo;Holoc\u00e8ne.<\/em><\/a><\/span><\/div>\n<\/blockquote>\n<\/td>\n<\/tr>\n<tr>\n<td style=\"width: 100%;\">\n<h3 style=\"text-align: justify;\"><span style=\"font-size: 20px;\">Quant \u00e0 nous, dans un futur proche, rendez-vous \u00e0 l\u2019hypoth\u00e9tique 11 mai 2020 pour savoir comment, \u00e0 cause de cette virale pand\u00e9mie, nous avons \u00e9volu\u00e9s.\u00a0<\/span><\/h3>\n<\/td>\n<\/tr>\n<\/tbody>\n<\/table>\n<p><span style=\"color: #ffffff;\"><span style=\"color: #ffffff;\">..<\/span><\/span><!--nextpage--><\/p>\n<table style=\"border-collapse: collapse; width: 100%;\">\n<tbody>\n<tr>\n<td style=\"width: 33.3333%; vertical-align: middle;\"><img loading=\"lazy\" decoding=\"async\" class=\"wp-image-33673 aligncenter\" src=\"https:\/\/frank-lovisolo.fr\/WordPress\/wp-content\/uploads\/2020\/05\/9439268_n-460x610.jpg\" alt=\"- - -\" width=\"300\" height=\"398\" title=\"-\" srcset=\"https:\/\/frank-lovisolo.fr\/WordPress\/wp-content\/uploads\/2020\/05\/9439268_n-460x610.jpg 460w, https:\/\/frank-lovisolo.fr\/WordPress\/wp-content\/uploads\/2020\/05\/9439268_n-113x150.jpg 113w, https:\/\/frank-lovisolo.fr\/WordPress\/wp-content\/uploads\/2020\/05\/9439268_n.jpg 724w\" sizes=\"auto, (max-width: 300px) 100vw, 300px\" \/><\/td>\n<td style=\"width: 33.3333%;\">\n<p style=\"text-align: center;\"><strong>Un signe d&rsquo;\u00e9volution !\u00a0<\/strong><\/p>\n<p><img loading=\"lazy\" decoding=\"async\" class=\"aligncenter wp-image-33660\" src=\"https:\/\/frank-lovisolo.fr\/WordPress\/wp-content\/uploads\/2020\/05\/Covid19.png\" alt=\"virus\" width=\"51\" height=\"51\" title=\"-\" srcset=\"https:\/\/frank-lovisolo.fr\/WordPress\/wp-content\/uploads\/2020\/05\/Covid19.png 606w, https:\/\/frank-lovisolo.fr\/WordPress\/wp-content\/uploads\/2020\/05\/Covid19-460x460.png 460w, https:\/\/frank-lovisolo.fr\/WordPress\/wp-content\/uploads\/2020\/05\/Covid19-150x150.png 150w, https:\/\/frank-lovisolo.fr\/WordPress\/wp-content\/uploads\/2020\/05\/Covid19-250x250.png 250w\" sizes=\"auto, (max-width: 51px) 100vw, 51px\" \/><\/p>\n<p style=\"text-align: center;\"><span style=\"font-size: 24px;\">\u21d3\u21d3\u21d3\u21d3\u21d3\u21d3\u21d3\u21d3<\/span><\/p>\n<blockquote class=\"twitter-tweet\" data-width=\"550\" data-dnt=\"true\">\n<p lang=\"fr\" dir=\"ltr\">La r\u00e9ouverture du Mcdo de Lieusaint-Moissy <a href=\"https:\/\/twitter.com\/hashtag\/mcdo?src=hash&amp;ref_src=twsrc%5Etfw\" target=\"_blank\" rel=\"noopener\">#mcdo<\/a> <a href=\"https:\/\/t.co\/52keTxeLhD\">pic.twitter.com\/52keTxeLhD<\/a><\/p>\n<p>&mdash; DJ Sakti (@DJSakti_) <a href=\"https:\/\/twitter.com\/DJSakti_\/status\/1252349612720963590?ref_src=twsrc%5Etfw\" target=\"_blank\" rel=\"noopener\">April 20, 2020<\/a><\/p><\/blockquote>\n<p><script async src=\"https:\/\/platform.twitter.com\/widgets.js\" charset=\"utf-8\"><\/script><\/td>\n<td style=\"width: 33.3333%; vertical-align: middle;\"><img loading=\"lazy\" decoding=\"async\" class=\"wp-image-33672 aligncenter\" src=\"https:\/\/frank-lovisolo.fr\/WordPress\/wp-content\/uploads\/2020\/05\/01215jpg-460x466.jpg\" alt=\"- - -\" width=\"300\" height=\"304\" title=\"-\" srcset=\"https:\/\/frank-lovisolo.fr\/WordPress\/wp-content\/uploads\/2020\/05\/01215jpg-460x466.jpg 460w, https:\/\/frank-lovisolo.fr\/WordPress\/wp-content\/uploads\/2020\/05\/01215jpg-148x150.jpg 148w, https:\/\/frank-lovisolo.fr\/WordPress\/wp-content\/uploads\/2020\/05\/01215jpg.jpg 740w\" sizes=\"auto, (max-width: 300px) 100vw, 300px\" \/><\/td>\n<\/tr>\n<tr>\n<td style=\"width: 33.3333%; vertical-align: middle;\" colspan=\"3\">\n<p style=\"text-align: center;\"><span style=\"color: #ffffff;\">&#8230;<\/span><a id=\"carte\"><\/a><\/p>\n<div id=\"attachment_33700\" style=\"width: 1034px\" class=\"wp-caption aligncenter\"><img loading=\"lazy\" decoding=\"async\" aria-describedby=\"caption-attachment-33700\" class=\"size-full wp-image-33700\" src=\"https:\/\/frank-lovisolo.fr\/WordPress\/wp-content\/uploads\/2020\/05\/Relev\u00e91024.jpg\" alt=\"Le Mourillon - Toulon\" width=\"1024\" height=\"330\" title=\"-\" srcset=\"https:\/\/frank-lovisolo.fr\/WordPress\/wp-content\/uploads\/2020\/05\/Relev\u00e91024.jpg 1024w, https:\/\/frank-lovisolo.fr\/WordPress\/wp-content\/uploads\/2020\/05\/Relev\u00e91024-460x148.jpg 460w, https:\/\/frank-lovisolo.fr\/WordPress\/wp-content\/uploads\/2020\/05\/Relev\u00e91024-768x248.jpg 768w, https:\/\/frank-lovisolo.fr\/WordPress\/wp-content\/uploads\/2020\/05\/Relev\u00e91024-250x81.jpg 250w, https:\/\/frank-lovisolo.fr\/WordPress\/wp-content\/uploads\/2020\/05\/Relev\u00e91024-150x48.jpg 150w\" sizes=\"auto, (max-width: 1024px) 100vw, 1024px\" \/><p id=\"caption-attachment-33700\" class=\"wp-caption-text\">Carte des prises de vue \u00e0 Toulon, quartier du Mourillon<\/p><\/div>\n<p style=\"text-align: center;\">\n<\/td>\n<\/tr>\n<\/tbody>\n<\/table>\n<p><span style=\"color: #ffffff;\">.<\/span><a id=\"com\"><\/a><\/p>\n<p>&nbsp;<\/p>\n<div id=\"ez-toc-container\" class=\"ez-toc-v2_0_82_2 ez-toc-wrap-center counter-hierarchy ez-toc-counter ez-toc-light-blue ez-toc-container-direction\">\n<label for=\"ez-toc-cssicon-toggle-item-69edca0a24989\" class=\"ez-toc-cssicon-toggle-label\"><p class=\"ez-toc-title\" style=\"cursor:inherit\">Table des mati\u00e8res<\/p>\n<span class=\"ez-toc-cssicon\"><span class=\"eztoc-hide\" style=\"display:none;\">Toggle<\/span><span class=\"ez-toc-icon-toggle-span\"><svg style=\"fill: #999;color:#999\" xmlns=\"http:\/\/www.w3.org\/2000\/svg\" class=\"list-377408\" width=\"20px\" height=\"20px\" viewBox=\"0 0 24 24\" fill=\"none\"><path d=\"M6 6H4v2h2V6zm14 0H8v2h12V6zM4 11h2v2H4v-2zm16 0H8v2h12v-2zM4 16h2v2H4v-2zm16 0H8v2h12v-2z\" fill=\"currentColor\"><\/path><\/svg><svg style=\"fill: #999;color:#999\" class=\"arrow-unsorted-368013\" xmlns=\"http:\/\/www.w3.org\/2000\/svg\" width=\"10px\" height=\"10px\" viewBox=\"0 0 24 24\" version=\"1.2\" baseProfile=\"tiny\"><path d=\"M18.2 9.3l-6.2-6.3-6.2 6.3c-.2.2-.3.4-.3.7s.1.5.3.7c.2.2.4.3.7.3h11c.3 0 .5-.1.7-.3.2-.2.3-.5.3-.7s-.1-.5-.3-.7zM5.8 14.7l6.2 6.3 6.2-6.3c.2-.2.3-.5.3-.7s-.1-.5-.3-.7c-.2-.2-.4-.3-.7-.3h-11c-.3 0-.5.1-.7.3-.2.2-.3.5-.3.7s.1.5.3.7z\"\/><\/svg><\/span><\/span><\/label><input type=\"checkbox\"  id=\"ez-toc-cssicon-toggle-item-69edca0a24989\" checked \/><nav><ul class='ez-toc-list ez-toc-list-level-1 ' ><li class='ez-toc-page-1 ez-toc-heading-level-3'><a class=\"ez-toc-link ez-toc-heading-1\" href=\"https:\/\/frank-lovisolo.fr\/WordPress\/preuve-evolution-chap5-virus\/2\/#pandemie-et-autres-plaies-pas-memes-egyptiennes\" >Pand\u00e9mie et autres plaies, pas m\u00eames \u00c9gyptiennes:<\/a><\/li><li class='ez-toc-page-1 ez-toc-heading-level-3'><a class=\"ez-toc-link ez-toc-heading-2\" href=\"https:\/\/frank-lovisolo.fr\/WordPress\/preuve-evolution-chap5-virus\/2\/#virus-et-evolution-car-cest-le-propos\" >Virus et \u00e9volution (car c&rsquo;est le propos) !<\/a><\/li><li class='ez-toc-page-1 ez-toc-heading-level-3'><a class=\"ez-toc-link ez-toc-heading-3\" href=\"https:\/\/frank-lovisolo.fr\/WordPress\/preuve-evolution-chap5-virus\/2\/#ils-comme-moteurs-de-levolution\" >Ils comme moteurs de l\u2019\u00e9volution<\/a><\/li><li class='ez-toc-page-1 ez-toc-heading-level-3'><a class=\"ez-toc-link ez-toc-heading-4\" href=\"https:\/\/frank-lovisolo.fr\/WordPress\/preuve-evolution-chap5-virus\/4\/#le-role-des-petite-bestioles-dans-levolution\" >Le r\u00f4le des petite bestioles dans l&rsquo;\u00e9volution:<\/a><ul class='ez-toc-list-level-5' ><li class='ez-toc-heading-level-5'><ul class='ez-toc-list-level-5' ><li class='ez-toc-heading-level-5'><a class=\"ez-toc-link ez-toc-heading-5\" href=\"https:\/\/frank-lovisolo.fr\/WordPress\/preuve-evolution-chap5-virus\/4\/#des-traces-de-virus-dans-notre-adn\" >Des traces de virus dans notre ADN<\/a><\/li><\/ul><\/li><\/ul><\/li><\/ul><\/nav><\/div>\n","protected":false},"excerpt":{"rendered":"<p><span class=\"span-reading-time rt-reading-time\" style=\"display: block;\"><span class=\"rt-label rt-prefix\">Reading Time: <\/span> <span class=\"rt-time\"> 9<\/span> <span class=\"rt-label rt-postfix\">minutes<\/span><\/span>Une accumulation, m\u00eame botanique, c\u2019est toujours d\u00e9sarmant&#8230;<br \/>\nPour ce printemps 2020, je propose, pour la continuit\u00e9 de cette s\u00e9rie \u00e9volutionniste, quatre-vingt-quinze clich\u00e9s, suivie d&rsquo;une information relative aux virus moteurs de l&rsquo;\u00e9volution.<br \/>\n\u00c0 cause de ce Covid-19 confinant, je suis parti \u00e0 la chasse aux paysages miniatures principalement dans mon jardin et occasionnellement, lors de d\u00e9placements brefs, sanitaires et autoris\u00e9s. <a class=\"continue-reading-link\" href=\"https:\/\/frank-lovisolo.fr\/WordPress\/preuve-evolution-chap5-virus\/\">Suite &#8211; Continue reading<\/a><\/p>\n","protected":false},"author":1,"featured_media":33649,"comment_status":"open","ping_status":"open","sticky":false,"template":"","format":"standard","meta":{"footnotes":""},"categories":[4053,1,490,2108],"tags":[2649,2123,123,1260,1539,2663,479],"class_list":["post-33618","post","type-post","status-publish","format-standard","has-post-thumbnail","hentry","category-macrophotographie-une-preuve-evolution","category-tous-les-articles","category-information","category-photographies-libertaires","tag-coronavirus","tag-darwin","tag-evolution","tag-le-mourillon","tag-macrophotographie","tag-spinoza","tag-toulon"],"_links":{"self":[{"href":"https:\/\/frank-lovisolo.fr\/WordPress\/wp-json\/wp\/v2\/posts\/33618","targetHints":{"allow":["GET"]}}],"collection":[{"href":"https:\/\/frank-lovisolo.fr\/WordPress\/wp-json\/wp\/v2\/posts"}],"about":[{"href":"https:\/\/frank-lovisolo.fr\/WordPress\/wp-json\/wp\/v2\/types\/post"}],"author":[{"embeddable":true,"href":"https:\/\/frank-lovisolo.fr\/WordPress\/wp-json\/wp\/v2\/users\/1"}],"replies":[{"embeddable":true,"href":"https:\/\/frank-lovisolo.fr\/WordPress\/wp-json\/wp\/v2\/comments?post=33618"}],"version-history":[{"count":2,"href":"https:\/\/frank-lovisolo.fr\/WordPress\/wp-json\/wp\/v2\/posts\/33618\/revisions"}],"predecessor-version":[{"id":51662,"href":"https:\/\/frank-lovisolo.fr\/WordPress\/wp-json\/wp\/v2\/posts\/33618\/revisions\/51662"}],"wp:featuredmedia":[{"embeddable":true,"href":"https:\/\/frank-lovisolo.fr\/WordPress\/wp-json\/wp\/v2\/media\/33649"}],"wp:attachment":[{"href":"https:\/\/frank-lovisolo.fr\/WordPress\/wp-json\/wp\/v2\/media?parent=33618"}],"wp:term":[{"taxonomy":"category","embeddable":true,"href":"https:\/\/frank-lovisolo.fr\/WordPress\/wp-json\/wp\/v2\/categories?post=33618"},{"taxonomy":"post_tag","embeddable":true,"href":"https:\/\/frank-lovisolo.fr\/WordPress\/wp-json\/wp\/v2\/tags?post=33618"}],"curies":[{"name":"wp","href":"https:\/\/api.w.org\/{rel}","templated":true}]}}