{"id":3231,"date":"2011-09-10T08:17:12","date_gmt":"2011-09-10T06:17:12","guid":{"rendered":"http:\/\/f.lovisolojob.free.fr\/Blog\/?p=3231"},"modified":"2021-03-11T07:22:30","modified_gmt":"2021-03-11T06:22:30","slug":"les-secrets-du-jardin-de-paul-cezanne","status":"publish","type":"post","link":"https:\/\/frank-lovisolo.fr\/WordPress\/les-secrets-du-jardin-de-paul-cezanne\/","title":{"rendered":"Les secrets du Jardin de Paul C\u00e9zanne"},"content":{"rendered":"<span class=\"span-reading-time rt-reading-time\" style=\"display: block;\"><span class=\"rt-label rt-prefix\">Reading Time: <\/span> <span class=\"rt-time\"> 4<\/span> <span class=\"rt-label rt-postfix\">minutes<\/span><\/span><div><span style=\"color: #ffffff; font-size: 8px;\">Paul C\u00e9zanne audio ogg=\u00a0\u00bbhttp:\/\/frank-lovisolo.fr\/cat\/ogg\/LesSecretsDuJardinDeC\u00e9zanne.ogg\u00a0\u00bb mp3=\u00a0\u00bbhttp:\/\/frank-lovisolo.fr\/cat\/m3p\/Les secrets du Jardin de Cezanne.mp3&Prime; \u00a0autoplay=\u00a0\u00bbtrue\u00a0\u00bb preload=\u00a0\u00bbtrue\u00a0\u00bb width=\u00a0\u00bb460&Prime; height=\u00a0\u00bb40&Prime; &#8211; audio ogg=\u00a0\u00bbhttp:\/\/frank-lovisolo.fr\/cat\/ogg\/LesChemins DuJardinDeCezanne.ogg\u00a0\u00bb mp3=\u00a0\u00bbhttp:\/\/frank-lovisolo.fr\/cat\/m3p\/Les chemins \u00a0du Jardin de Cezanne.mp3&Prime; \u00a0preload=\u00a0\u00bbtrue\u00a0\u00bb width=\u00a0\u00bb460&Prime; height=\u00a0\u00bb40&Prime;<\/span><\/div>\n<table style=\"width: 100%;\">\n<tbody>\n<tr>\n<td style=\"width: 34%; text-align: right; vertical-align: top;\">\u00a0<\/td>\n<td style=\"width: 33%; text-align: center; vertical-align: top;\">\u00a0<\/td>\n<td style=\"width: 33%; text-align: left; vertical-align: top;\">\n<div><span style=\"font-size: 20px;\"><a href=\"#com\"><img decoding=\"async\" class=\"alignright wp-image-15068 size-full\" src=\"https:\/\/frank-lovisolo.fr\/WordPress\/wp-content\/uploads\/2015\/06\/ComBleu.jpg\" alt=\"ComGris\" height=\"20\" title=\"-\"><\/a><\/span><\/div>\n<\/td>\n<\/tr>\n<\/tbody>\n<\/table>\n<table style=\"width: 100%;\" cellpadding=\"10\">\n<tbody>\n<tr>\n<td style=\"width: 50%;\">\n<p>Les secrets du Jardin de C\u00e9zanne. <em>( Cezanne&rsquo;s Garden Secrets)<\/em><\/p>\n<p><div  style=\"display: block; margin: 0px auto;\"  id=\"_ytid_93379\"  width=\"330\" height=\"100\"  data-origwidth=\"330\" data-origheight=\"100\" data-facadesrc=\"https:\/\/www.youtube.com\/embed\/CPBnrYEjuhg?enablejsapi=1&autoplay=0&playsinline=1&cc_load_policy=0&cc_lang_pref=en&iv_load_policy=1&loop=0&rel=0&fs=1&autohide=2&hl=fr_FR&theme=dark&color=red&controls=1&disablekb=0&\" class=\"__youtube_prefs__ epyt-facade no-lazyload\" data-vol=\"90\"  data-epautoplay=\"1\" ><img decoding=\"async\" data-spai-excluded=\"true\" class=\"epyt-facade-poster skip-lazy\" loading=\"lazy\" alt=\"Les-screts-du-jardin-de-cezanne\" src=\"https:\/\/i.ytimg.com\/vi\/CPBnrYEjuhg\/maxresdefault.jpg\" title=\"-\"><button class=\"epyt-facade-play\" aria-label=\"Play\"><svg data-no-lazy=\"1\" height=\"100%\" version=\"1.1\" viewBox=\"0 0 68 48\" width=\"100%\"><path class=\"ytp-large-play-button-bg\" d=\"M66.52,7.74c-0.78-2.93-2.49-5.41-5.42-6.19C55.79,.13,34,0,34,0S12.21,.13,6.9,1.55 C3.97,2.33,2.27,4.81,1.48,7.74C0.06,13.05,0,24,0,24s0.06,10.95,1.48,16.26c0.78,2.93,2.49,5.41,5.42,6.19 C12.21,47.87,34,48,34,48s21.79-0.13,27.1-1.55c2.93-0.78,4.64-3.26,5.42-6.19C67.94,34.95,68,24,68,24S67.94,13.05,66.52,7.74z\" fill=\"#f00\"><\/path><path d=\"M 45,24 27,14 27,34\" fill=\"#fff\"><\/path><\/svg><\/button><\/div><\/td>\n<td style=\"width: 50%;\">\n<p>Les chemins du Jardin de C\u00e9zanne<sup><a href=\"#info1\">[1]<\/a><\/sup>. <em>( Cezanne&rsquo;s Garden Ways )<\/em><\/p>\n<p><div  style=\"display: block; margin: 0px auto;\"  id=\"_ytid_64888\"  width=\"330\" height=\"100\"  data-origwidth=\"330\" data-origheight=\"100\" data-facadesrc=\"https:\/\/www.youtube.com\/embed\/eeBQB3EVJI0?enablejsapi=1&autoplay=0&playsinline=1&cc_load_policy=0&cc_lang_pref=en&iv_load_policy=1&loop=0&rel=0&fs=1&autohide=2&hl=fr_FR&theme=dark&color=red&controls=1&disablekb=0&\" class=\"__youtube_prefs__ epyt-facade no-lazyload\" data-vol=\"90\"  data-epautoplay=\"1\" ><img decoding=\"async\" data-spai-excluded=\"true\" class=\"epyt-facade-poster skip-lazy\" loading=\"lazy\" alt=\"Les-chemins-du-jardin-de-cezanne\" src=\"https:\/\/i.ytimg.com\/vi\/eeBQB3EVJI0\/maxresdefault.jpg\" title=\"-\"><button class=\"epyt-facade-play\" aria-label=\"Play\"><svg data-no-lazy=\"1\" height=\"100%\" version=\"1.1\" viewBox=\"0 0 68 48\" width=\"100%\"><path class=\"ytp-large-play-button-bg\" d=\"M66.52,7.74c-0.78-2.93-2.49-5.41-5.42-6.19C55.79,.13,34,0,34,0S12.21,.13,6.9,1.55 C3.97,2.33,2.27,4.81,1.48,7.74C0.06,13.05,0,24,0,24s0.06,10.95,1.48,16.26c0.78,2.93,2.49,5.41,5.42,6.19 C12.21,47.87,34,48,34,48s21.79-0.13,27.1-1.55c2.93-0.78,4.64-3.26,5.42-6.19C67.94,34.95,68,24,68,24S67.94,13.05,66.52,7.74z\" fill=\"#f00\"><\/path><path d=\"M 45,24 27,14 27,34\" fill=\"#fff\"><\/path><\/svg><\/button><\/div><\/td>\n<\/tr>\n<tr>\n<td colspan=\"2\">\n<div style=\"text-align: center;\"><span style=\"font-size: 20px;\">\u00a0<\/span><\/div>\n<\/td>\n<\/tr>\n<tr>\n<td colspan=\"2\">\n<div style=\"text-align: center;\"><span style=\"font-size: 20px;\"><a href=\"https:\/\/frank-lovisolo.fr\/WordPress\/les-objets-de-cezanne\/\" target=\"_blank\" rel=\"noopener noreferrer\">Musiques pour l&rsquo;exposition \u00ab\u00a0Les objets de C\u00e9zanne\u00a0\u00bb dans l&rsquo;atelier du peintre en 2006&#8230;<\/a><\/span><\/div>\n<div style=\"text-align: center;\"><span style=\"font-size: 20px;\">Composition pour de multiples synth\u00e9tiseurs.<\/span><\/div>\n<\/td>\n<\/tr>\n<tr>\n<td style=\"vertical-align: middle;\"><img loading=\"lazy\" decoding=\"async\" class=\"alignleft wp-image-4728\" title=\"Paul C\u00e9zanne\" src=\"https:\/\/frank-lovisolo.fr\/WordPress\/wp-content\/uploads\/2011\/09\/Cezanne-garden-secrets.jpg\" alt=\"Paul C\u00e9zanne\" width=\"460\" height=\"311\" srcset=\"https:\/\/frank-lovisolo.fr\/WordPress\/wp-content\/uploads\/2011\/09\/Cezanne-garden-secrets.jpg 560w, https:\/\/frank-lovisolo.fr\/WordPress\/wp-content\/uploads\/2011\/09\/Cezanne-garden-secrets-222x150.jpg 222w, https:\/\/frank-lovisolo.fr\/WordPress\/wp-content\/uploads\/2011\/09\/Cezanne-garden-secrets-150x101.jpg 150w\" sizes=\"auto, (max-width: 460px) 100vw, 460px\" \/><\/td>\n<td style=\"vertical-align: middle;\">\n<p style=\"text-align: justify;\"><strong>\u00ab\u00a0Quand j&rsquo;\u00e9tais \u00e0 Aix, il me semblait que je serais mieux autre part, maintenant que je suis ici, je regrette Aix&#8230;<\/strong> <strong> Quand on est n\u00e9 l\u00e0-bas, c&rsquo;est foutu, rien ne vous dit plus\u00a0\u00bb.<\/strong> (Paul C\u00e9zanne : Lettre \u00e0 Philippe Solari, Talloires, 23 juillet 1896). \u00a0<\/p>\n<p>&nbsp;<\/p>\n<\/td>\n<\/tr>\n<tr>\n<td colspan=\"2\">\n<h4 style=\"text-align: right;\"><img loading=\"lazy\" decoding=\"async\" class=\"alignright\" title=\"Paul C\u00e9zanne\" src=\"https:\/\/frank-lovisolo.fr\/WordPress\/wp-content\/uploads\/2011\/09\/Paul_cezanne_1861.jpg\" alt=\"Paul C\u00e9zanne 1861\" width=\"213\" height=\"310\" \/>Biographie de Paul C\u00e9zanne ;\u00a0Vie et \u0153uvre du Ma\u00eetre d&rsquo;Aix<\/h4>\n<ul>\n<li>1839 19 janvier: naissance de Paul C\u00e9zanne, 28 rue de l\u2019Op\u00e9ra, \u00e0 Aix-en-Provence. 22 f\u00e9vrier: bapt\u00eame en l\u2019\u00e9glise de la Madeleine. Son p\u00e8re, Louis-Auguste C\u00e9zanne, est un n\u00e9gociant en chapeaux de feutre.<\/li>\n<li>1841 4 juillet: naissance de Marie C\u00e9zanne, soeur de l\u2019artiste, 55 cours Mirabeau.<\/li>\n<li>1844 29 janvier: mariage de Louis-Auguste C\u00e9zanne et Anne-Elisabeth Aubert, m\u00e8re de ses enfants.<\/li>\n<li>1844-1850 Paul C\u00e9zanne fr\u00e9quente l\u2019\u00e9cole primaire de la rue des Epineaux.<\/li>\n<li>1848 1er juin: cr\u00e9ation de la banque C\u00e9zanne et Cabassol.<\/li>\n<li>1850-1852 Paul C\u00e9zanne est \u00e9l\u00e8ve au pensionnat Saint-Joseph.<\/li>\n<li>1852-1858 Paul C\u00e9zanne, interne au coll\u00e8ge Bourbon, se lie d\u2019amiti\u00e9 avec Emile Zola et Baptistin Baille.<\/li>\n<li>1854 30 juin: naissance de Rose C\u00e9zanne, seconde soeur de l\u2019artiste, 14 rue Matheron.<\/li>\n<li>1857 Premi\u00e8re inscription \u00e0 l\u2019\u00e9cole municipale gratuite de dessin, actuel Mus\u00e9e Granet.<\/li>\n<li>1858 F\u00e9vrier: Zola quitte Aix pour Paris, mais reviendra y passer ses vacances d\u2019\u00e9t\u00e9. Juillet: C\u00e9zanne \u00e9choue au baccalaur\u00e9at. 12 novembre: il obtient son dipl\u00f4me avec la mention \u00ab\u00a0Assez Bien\u00a0\u00bb. De\u00a0novembre 1858\u00a0\u00e0\u00a0ao\u00fbt 1859: il suit avec assiduit\u00e9 les cours de l\u2019\u00e9cole municipale de dessin.<\/li>\n<li>1859 Paul C\u00e9zanne s\u2019inscrit \u00e0 la facult\u00e9 de droit d\u2019Aix. Son p\u00e8re acquiert le Jas de Bouffan. Zola passe de nouveau ses vacances \u00e0 Aix. De\u00a0novembre 1859\u00a0\u00e0\u00a0ao\u00fbt 1860: Paul C\u00e9zanne est toujours inscrit \u00e0 l\u2019\u00e9cole municipale de dessin. Il obtient un deuxi\u00e8me prix pour une \u00e9tude de figure peinte. Il r\u00eave de devenir peintre.<\/li>\n<li>1861 Il abandonne ses \u00e9tudes de droit. Il effectue son premier s\u00e9jour \u00e0 Paris o\u00f9 il retrouve Zola et rencontre Pissaro \u00e0 l&rsquo;Acad\u00e9mie Suisse; d\u00e9courag\u00e9 il retourne \u00e0 Aix et entre \u00e0 la banque paternelle tout en \u00e9tudiant \u00e0 l\u2019\u00e9cole municipale de dessin d\u2019Aix.<\/li>\n<li>1862 Il quitte la banque paternelle et retourne \u00e0 Paris (novembre).<\/li>\n<li>1863 Il expose au salon des Refus\u00e9s, il travaille \u00e0 l\u2019acad\u00e9mie Suisse o\u00f9 il rencontre souvent Pissaro, Guillaumin, Guillemet, et Oller et il copie au mus\u00e9e du Louvre.<\/li>\n<li>1864 Il est refus\u00e9 au Salon et le sera \u00e0 nouveau au cours des ann\u00e9es suivantes. Il s\u00e9journe \u00e0 l&rsquo;Estaque pr\u00e8s de Marseille.<\/li>\n<li>1865 Apr\u00e8s avoir pass\u00e9 l\u2019ann\u00e9e \u00e0 Paris o\u00f9 il a \u00e9t\u00e9 refus\u00e9 au Salon, il retourne l\u2019\u00e9t\u00e9 \u00e0 Aix o\u00f9 il se lie avec Valabr\u00e8gue, Marion et le musicien allemand Morstatt.<\/li>\n<li>1866 A Aix, en automne, C\u00e9zanne ex\u00e9cute au couteau toute une s\u00e9rie de peintures (natures mortes et portraits).<\/li>\n<li>1869 Il rencontre Hortense Fiquet \u00e0 l\u2019Acad\u00e9mie Suisse \u00e0 Paris, qui devient sa compagne.<\/li>\n<li>1870 Pendant la guerre Franco-Prussienne, il se r\u00e9fugie \u00e0 l&rsquo;Estaque.<\/li>\n<li>1872 Naissance de Paul, fils de l\u2019artiste et d\u2019Hortense.<\/li>\n<li>1874-77 Il participe \u00e0 la premi\u00e8re et \u00e0 la troisi\u00e8me exposition impressionniste.<\/li>\n<li>1882 Il est admis au Salon pour la seule fois de sa carri\u00e8re.<\/li>\n<li>1883 Il rencontre Monet et Renoir dans le Midi.<\/li>\n<li>\n<div id=\"attachment_17120\" style=\"width: 570px\" class=\"wp-caption alignright\"><img loading=\"lazy\" decoding=\"async\" aria-describedby=\"caption-attachment-17120\" class=\"wp-image-17120\" title=\"Paul C\u00e9zanne\" src=\"https:\/\/frank-lovisolo.fr\/WordPress\/wp-content\/uploads\/2011\/09\/cezanne.st-victoire-1885-560x394.jpg\" alt=\"Paul C\u00e9zanne - st-victoire-1885\" width=\"560\" height=\"394\" srcset=\"https:\/\/frank-lovisolo.fr\/WordPress\/wp-content\/uploads\/2011\/09\/cezanne.st-victoire-1885-560x394.jpg 560w, https:\/\/frank-lovisolo.fr\/WordPress\/wp-content\/uploads\/2011\/09\/cezanne.st-victoire-1885-1024x720.jpg 1024w, https:\/\/frank-lovisolo.fr\/WordPress\/wp-content\/uploads\/2011\/09\/cezanne.st-victoire-1885-213x150.jpg 213w, https:\/\/frank-lovisolo.fr\/WordPress\/wp-content\/uploads\/2011\/09\/cezanne.st-victoire-1885-150x105.jpg 150w, https:\/\/frank-lovisolo.fr\/WordPress\/wp-content\/uploads\/2011\/09\/cezanne.st-victoire-1885.jpg 1201w\" sizes=\"auto, (max-width: 560px) 100vw, 560px\" \/><p id=\"caption-attachment-17120\" class=\"wp-caption-text\">Huile sur toile, 1887. 67 x 92 cm Mont Sainte Victoire<\/p><\/div><br \/>\n1886 A la suite de la publication de &lsquo;L\u2019Oeuvre&rsquo; de Zola, C\u00e9zanne rompt avec son ancien camarade du coll\u00e8ge Bourbon. Il \u00e9pouse Hortense (avril). Mort du p\u00e8re de l\u2019artiste (octobre).<\/li>\n<li>1887 C\u00e9zanne loue une pi\u00e8ce au Ch\u00e2teau Noir dans la cour du pistachier.<\/li>\n<li>1895 Depuis Aix, C\u00e9zanne se rend \u00e0 la montagne Sainte Victoire et \u00e0 la carri\u00e8re Bib\u00e9mus o\u00f9 il loue un cabanon. Le marchand Vollard organise dans sa galerie la premi\u00e8re exposition individuelle consacr\u00e9e \u00e0 C\u00e9zanne (novembre).<\/li>\n<li>1897 C\u00e9zanne travaille au Tholonet et \u00e0 la carri\u00e8re Bib\u00e9mus. Mort de la m\u00e8re de l\u2019artiste (25 octobre).<\/li>\n<li>1899 Apr\u00e8s la vente du Jas de Bouffan, C\u00e9zanne ne parvient pas \u00e0 acqu\u00e9rir le domaine de Ch\u00e2teau Noir. Il expose des peintures au Salon des Ind\u00e9pendants. Il emm\u00e9nage au 23 de la rue Boulegon.<\/li>\n<li>1901 Le peintre ach\u00e8te un terrain sur le chemin des Lauves dominant Aix pour y \u00e9tablir son atelier.<\/li>\n<li>1902 Ambroise Vollard rend visite \u00e0 C\u00e9zanne \u00e0 Aix. Le peintre apprend avec tristesse la mort de Zola.<\/li>\n<li>1904 C\u00e9zanne re\u00e7oit \u00e0 Aix les visites d\u2019Emile Bernard et de Charles Camoin.<\/li>\n<li>1905 C\u00e9zanne expose des \u0153uvres au Salon d\u2019Automne.<\/li>\n<li>1906 C\u00e9zanne s\u2019\u00e9teint \u00e0 Aix\u00a0(23 octobre)\u00a0dans son appartement de la Rue Boulegon.<\/li>\n<li>1907 Le Salon d\u2019Automne consacre \u00e0 C\u00e9zanne une r\u00e9trospective posthume o\u00f9 sont pr\u00e9sent\u00e9es 56 \u0153uvres de l\u2019artiste.<\/li>\n<\/ul>\n<div>[Source : <a href=\"https:\/\/www.aixenprovencetourism.com\/\" target=\"_blank\" rel=\"noopener noreferrer\">Office du tourisme d&rsquo;Aix en Provence<\/a>] \u00a0<\/div>\n<div><a href=\"http:\/\/www.atelier-cezanne.com\/\" target=\"_blank\" rel=\"noopener noreferrer\">Atelier C\u00e9zanne<\/a><\/div>\n<\/td>\n<\/tr>\n<\/tbody>\n<\/table>\n<div style=\"text-align: left;\"><a id=\"info1\"><\/a>Cette composition est la version longue de\u00a0\u00ab<a href=\"https:\/\/frank-lovisolo.fr\/WordPress\/sainte-victoire-hiver\/\" target=\"_blank\" rel=\"noopener noreferrer\">Sainte Victoire Hiver<\/a>\u00bb<\/div>\n<div style=\"text-align: center;\">\u00a0<\/div>\n<div style=\"text-align: center;\"><span style=\"color: #ffffff;\">&#8230;<\/span><a id=\"com\"><\/a><\/div>\n","protected":false},"excerpt":{"rendered":"<p><span class=\"span-reading-time rt-reading-time\" style=\"display: block;\"><span class=\"rt-label rt-prefix\">Reading Time: <\/span> <span class=\"rt-time\"> 4<\/span> <span class=\"rt-label rt-postfix\">minutes<\/span><\/span>Musiques pour l&rsquo;exposition \u00ab\u00a0Les objets de C\u00e9zanne\u00a0\u00bb dans l&rsquo;atelier du peintre en 2006&#8230;<br \/>\nComposition pour de multiples synth\u00e9tiseurs. <a class=\"continue-reading-link\" href=\"https:\/\/frank-lovisolo.fr\/WordPress\/les-secrets-du-jardin-de-paul-cezanne\/\">Suite &#8211; Continue reading<\/a><\/p>\n","protected":false},"author":1,"featured_media":4728,"comment_status":"open","ping_status":"open","sticky":false,"template":"","format":"standard","meta":{"footnotes":""},"categories":[1,39,356,513,357],"tags":[24,184,72,426,73,796,1226,263],"class_list":["post-3231","post","type-post","status-publish","format-standard","has-post-thumbnail","hentry","category-tous-les-articles","category-art-contemporain","category-musique-pour-limage","category-music-compositions","category-musique-contemporaine","tag-aix-en-provence","tag-le-jardin-de-cezanne","tag-cezanne","tag-cezanne-work-shop","tag-cezannes-garden","tag-emile-zola","tag-mont-venturi","tag-sainte-victoire"],"_links":{"self":[{"href":"https:\/\/frank-lovisolo.fr\/WordPress\/wp-json\/wp\/v2\/posts\/3231","targetHints":{"allow":["GET"]}}],"collection":[{"href":"https:\/\/frank-lovisolo.fr\/WordPress\/wp-json\/wp\/v2\/posts"}],"about":[{"href":"https:\/\/frank-lovisolo.fr\/WordPress\/wp-json\/wp\/v2\/types\/post"}],"author":[{"embeddable":true,"href":"https:\/\/frank-lovisolo.fr\/WordPress\/wp-json\/wp\/v2\/users\/1"}],"replies":[{"embeddable":true,"href":"https:\/\/frank-lovisolo.fr\/WordPress\/wp-json\/wp\/v2\/comments?post=3231"}],"version-history":[{"count":0,"href":"https:\/\/frank-lovisolo.fr\/WordPress\/wp-json\/wp\/v2\/posts\/3231\/revisions"}],"wp:featuredmedia":[{"embeddable":true,"href":"https:\/\/frank-lovisolo.fr\/WordPress\/wp-json\/wp\/v2\/media\/4728"}],"wp:attachment":[{"href":"https:\/\/frank-lovisolo.fr\/WordPress\/wp-json\/wp\/v2\/media?parent=3231"}],"wp:term":[{"taxonomy":"category","embeddable":true,"href":"https:\/\/frank-lovisolo.fr\/WordPress\/wp-json\/wp\/v2\/categories?post=3231"},{"taxonomy":"post_tag","embeddable":true,"href":"https:\/\/frank-lovisolo.fr\/WordPress\/wp-json\/wp\/v2\/tags?post=3231"}],"curies":[{"name":"wp","href":"https:\/\/api.w.org\/{rel}","templated":true}]}}