{"id":31142,"date":"2019-06-22T10:30:30","date_gmt":"2019-06-22T08:30:30","guid":{"rendered":"https:\/\/frank-lovisolo.fr\/WordPress\/?p=31142"},"modified":"2025-07-22T11:50:59","modified_gmt":"2025-07-22T09:50:59","slug":"marianne-breslauer","status":"publish","type":"post","link":"https:\/\/frank-lovisolo.fr\/WordPress\/marianne-breslauer\/","title":{"rendered":"Marianne Breslauer"},"content":{"rendered":"<span class=\"span-reading-time rt-reading-time\" style=\"display: block;\"><span class=\"rt-label rt-prefix\">Reading Time: <\/span> <span class=\"rt-time\"> 3<\/span> <span class=\"rt-label rt-postfix\">minutes<\/span><\/span><div><span style=\"color: #ffffff;\">Marianne Breslauer <\/span><\/div>\n<table style=\"width: 100%;\">\n<tbody>\n<tr>\n<td style=\"width: 33.33%; text-align: right; vertical-align: top;\"><\/td>\n<td style=\"width: 33.33%; text-align: center; vertical-align: middle;\"><span style=\"font-family: helvetica, arial, sans-serif;\">\u00a0<\/span><\/td>\n<td style=\"width: 33.33%; text-align: right; vertical-align: middle;\"><span style=\"font-family: helvetica, arial, sans-serif;\"><a href=\"#com\"><img decoding=\"async\" class=\"alignright\" title=\"accumulation\" src=\"https:\/\/frank-lovisolo.fr\/WordPress\/wp-content\/uploads\/2015\/06\/ComRouge.jpg\" alt=\"accumulation\" \/><\/a><\/span><\/td>\n<\/tr>\n<\/tbody>\n<\/table>\n<div><span style=\"color: #ffffff; font-family: helvetica, arial, sans-serif;\">&#8211;<\/span><\/div>\n<div><span style=\"color: #ffffff;\"><strong><span style=\"font-family: helvetica, arial, sans-serif;\">&#8211;<\/span><\/strong><\/span><\/div>\n<table style=\"width: 100%; border-collapse: collapse;\">\n<tbody>\n<tr>\n<td style=\"width: 50%;\" colspan=\"2\">\n<h3><span style=\"font-size: 14px;\"><span style=\"font-size: 20px;\">Marianne Breslauer<\/span><\/span><\/h3>\n<\/td>\n<\/tr>\n<tr>\n<td style=\"width: 50%;\" colspan=\"2\"><img loading=\"lazy\" decoding=\"async\" class=\"size-full wp-image-31147 alignleft\" src=\"https:\/\/frank-lovisolo.fr\/WordPress\/wp-content\/uploads\/2019\/08\/portrait_marianne-breslauer.jpg\" alt=\"Marianne Breslauer\" width=\"394\" height=\"480\" title=\"-\" srcset=\"https:\/\/frank-lovisolo.fr\/WordPress\/wp-content\/uploads\/2019\/08\/portrait_marianne-breslauer.jpg 394w, https:\/\/frank-lovisolo.fr\/WordPress\/wp-content\/uploads\/2019\/08\/portrait_marianne-breslauer-123x150.jpg 123w\" sizes=\"auto, (max-width: 394px) 100vw, 394px\" \/><\/p>\n<p style=\"text-align: justify;\"><span style=\"font-size: 32px;\">M<\/span>arianne Breslauer (20 novembre 1909, Berlin &#8211; 7 f\u00e9vrier 2001, Zurich) \u00e9tait une photographe professionnelle allemande, portraitiste. Elle vivait et travaillait \u00e0 Berlin.<a href=\"https:\/\/fr.wikipedia.org\/wiki\/Marianne_Breslauer\" target=\"_blank\" rel=\"noopener noreferrer\"><sup>[1]<\/sup><\/a><\/p>\n<p style=\"text-align: justify;\">Elle suit les cours de la photographe entre 1927 et 1929, et se lie avec l\u2019avant-garde des artistes berlinois, tels Paul Citroen et Umbo, dont elle fait des portraits. En 1929, elle participe \u00e0 la grande exposition\u00a0<em>Film und Foto<\/em> de Stuttgart, puis, son dipl\u00f4me obtenu, s\u2019installe \u00e0 Paris o\u00f9 elle devint bri\u00e8vement l&rsquo;\u00e9l\u00e8ve de\u00a0<a title=\"Man Ray\" href=\"https:\/\/en.wikipedia.org\/wiki\/Man_Ray\" target=\"_blank\" rel=\"noopener\">Man Ray<\/a>. <a href=\"https:\/\/fr.wikipedia.org\/wiki\/Marianne_Breslauer\" target=\"_blank\" rel=\"noopener noreferrer\"><sup>[1]<\/sup><\/a> <sup><a href=\"https:\/\/en.wikipedia.org\/wiki\/Marianne_Breslauer\" target=\"_blank\" rel=\"noopener noreferrer\">[2]<\/a><\/sup><\/p>\n<p style=\"text-align: justify;\">Un an plus tard, elle a commenc\u00e9 \u00e0 travailler pour le studio photo Ullstein \u00e0 Berlin, dirig\u00e9 par Elsbeth Heddenhausen, o\u00f9 elle a ma\u00eetris\u00e9 le d\u00e9veloppement de photographies dans la chambre noire.Jusqu&rsquo;en 1934, ses photos \u00e9taient publi\u00e9es dans de nombreux grands magazines tels que Frankfurter Illustrierten, Der Querschnitt, Die Dame,\u00a0 Z\u00fcrcher Illustrierten et Das Magazin.<\/p>\n<div id=\"attachment_31160\" style=\"width: 292px\" class=\"wp-caption alignright\"><a href=\"https:\/\/en.wikipedia.org\/wiki\/Annemarie_Schwarzenbach\" target=\"_blank\" rel=\"noopener noreferrer\"><img loading=\"lazy\" decoding=\"async\" aria-describedby=\"caption-attachment-31160\" class=\"wp-image-31160\" src=\"https:\/\/frank-lovisolo.fr\/WordPress\/wp-content\/uploads\/2019\/08\/AnnemarieSchwarzenbach-560x792.jpg\" alt=\"Annemarie Schwarzenbach\" width=\"282\" height=\"399\" title=\"-\" srcset=\"https:\/\/frank-lovisolo.fr\/WordPress\/wp-content\/uploads\/2019\/08\/AnnemarieSchwarzenbach-560x792.jpg 560w, https:\/\/frank-lovisolo.fr\/WordPress\/wp-content\/uploads\/2019\/08\/AnnemarieSchwarzenbach-106x150.jpg 106w, https:\/\/frank-lovisolo.fr\/WordPress\/wp-content\/uploads\/2019\/08\/AnnemarieSchwarzenbach.jpg 640w\" sizes=\"auto, (max-width: 282px) 100vw, 282px\" \/><\/a><p id=\"caption-attachment-31160\" class=\"wp-caption-text\">Annemarie Schwarzenbach<\/p><\/div>\n<p style=\"text-align: justify;\">Marianne \u00e9tait une amie proche de l&rsquo;\u00e9crivaine, journaliste et photographe suisse\u00a0<a title=\"Annemarie Schwarzenbach\" href=\"https:\/\/en.wikipedia.org\/wiki\/Annemarie_Schwarzenbach\" target=\"_blank\" rel=\"noopener\">Annemarie Schwarzenbach<\/a>, qu&rsquo;elle a rencontr\u00e9 par le biais de Ruth Landshoff et qu&rsquo;elle a photographi\u00e9 \u00e0 plusieurs reprises.\u00a0Elle a d\u00e9crit Annemarie (d\u00e9c\u00e9d\u00e9e en 1942 \u00e0 l&rsquo;\u00e2ge de 34 ans) comme suit: \u00ab\u00a0Ni une femme ni un homme, mais un ange, un archange\u00a0\u00bb.<\/p>\n<p style=\"text-align: justify;\">En 1933, ils se rendirent ensemble dans les Pyr\u00e9n\u00e9es pour effectuer une mission photographique aupr\u00e8s de l&rsquo;agence photographique berlinoise Academia.\u00a0Cela a conduit Marianne \u00e0 se confronter aux pratiques antis\u00e9mites qui se manifestaient alors en Allemagne.\u00a0Ses employeurs voulaient qu\u2019elle publie ses photos sous un pseudonyme, afin de cacher le fait qu\u2019elle \u00e9tait juive.\u00a0Elle a refus\u00e9 de le faire et a quitt\u00e9 l&rsquo;Allemagne.\u00a0Cependant sa photo\u00a0<i>\u00e9coli\u00e8res<\/i>remporte le prix \u00ab\u00a0Photo de l&rsquo;ann\u00e9e\u00a0\u00bb au \u00ab\u00a0Salon international d&rsquo;art photographique\u00a0\u00bb \u00e0\u00a0<a title=\"Paris\" href=\"https:\/\/en.wikipedia.org\/wiki\/Paris\" target=\"_blank\" rel=\"noopener\">Paris<\/a>\u00a0en 1934.<sup><a href=\"https:\/\/en.wikipedia.org\/wiki\/Marianne_Breslauer\" target=\"_blank\" rel=\"noopener noreferrer\">[2]<\/a><\/sup><\/p>\n<p>En 1936, elle \u00e9migra \u00e0 Amsterdam o\u00f9 elle \u00e9pousa le marchand d&rsquo;art Walter Feilchenfeldt.<sup><a href=\"https:\/\/en.wikipedia.org\/wiki\/Marianne_Breslauer\" target=\"_blank\" rel=\"noopener noreferrer\">[2]<\/a><\/sup><\/p>\n<p style=\"text-align: justify;\">Auparavant, elle avait quitt\u00e9 l&rsquo;Allemagne apr\u00e8s avoir vu les nazis interrompre une vente aux ench\u00e8res d&rsquo;art moderne. Son premier enfant, Walter, est n\u00e9 ici. La vie de famille et le travail de marchand d\u2019art l&#8217;emp\u00eachent de travailler dans la photographie, qu\u2019elle abandonne pour se consacrer \u00e0 ses autres activit\u00e9s. En 1939, la famille s\u2019enfuit \u00e0 Zurich, o\u00f9 naquit son deuxi\u00e8me fils, Konrad.<sup><a href=\"https:\/\/en.wikipedia.org\/wiki\/Marianne_Breslauer\" target=\"_blank\" rel=\"noopener noreferrer\">[2]<\/a><\/sup><\/p>\n<p style=\"text-align: justify;\">Apr\u00e8s la guerre, en 1948, le couple cr\u00e9e une entreprise d&rsquo;art sp\u00e9cialis\u00e9e dans la peinture fran\u00e7aise et l&rsquo;art du XIXe si\u00e8cle. \u00c0 la mort de son mari en 1953, elle a repris l&rsquo;entreprise qu&rsquo;elle dirigeait avec son fils Walter de 1966 \u00e0 1990.<\/p>\n<p style=\"text-align: justify;\">Elle est d\u00e9c\u00e9d\u00e9e \u00e0 Zollikon , pr\u00e8s de Zurich.<sup><a href=\"https:\/\/en.wikipedia.org\/wiki\/Marianne_Breslauer\" target=\"_blank\" rel=\"noopener noreferrer\">[2]<\/a><\/sup><\/p>\n<\/td>\n<\/tr>\n<tr>\n<td style=\"width: 50%;\" colspan=\"2\">\n<ul>\n<li><span style=\"font-size: 12px;\"><a href=\"https:\/\/www.museunacional.cat\/en\/marianne-breslauer-photographs-1927-1938\" target=\"_blank\" rel=\"noopener noreferrer\">https:\/\/www.museunacional.cat\/en\/marianne-breslauer-photographs-1927-1938<\/a><\/span><\/li>\n<li><span style=\"font-size: 12px;\"><a href=\"https:\/\/de.wikipedia.org\/wiki\/Marianne_Breslauer\" target=\"_blank\" rel=\"noopener noreferrer\">https:\/\/de.wikipedia.org\/wiki\/Marianne_Breslauer<\/a><\/span><\/li>\n<li><span style=\"font-size: 12px;\"><a href=\"https:\/\/awarewomenartists.com\/artiste\/marianne-breslauer\/\" target=\"_blank\" rel=\"noopener noreferrer\">https:\/\/awarewomenartists.com\/artiste\/marianne-breslauer\/<\/a><\/span><\/li>\n<li><span style=\"font-size: 12px;\"><a href=\"https:\/\/www.facebook.com\/133542132386\/photos\/ruth-von-morgen\/205775142386\/\" target=\"_blank\" rel=\"noopener noreferrer\">https:\/\/www.facebook.com\/133542132386\/photos\/ruth-von-morgen\/205775142386\/<\/a><\/span><\/li>\n<\/ul>\n<\/td>\n<\/tr>\n<tr>\n<td style=\"width: 50%;\"><\/td>\n<td style=\"width: 50%;\"><\/td>\n<\/tr>\n<tr>\n<td style=\"width: 50%;\">\n<p><div id=\"attachment_31148\" style=\"width: 470px\" class=\"wp-caption aligncenter\"><img loading=\"lazy\" decoding=\"async\" aria-describedby=\"caption-attachment-31148\" class=\"wp-image-31148\" src=\"https:\/\/frank-lovisolo.fr\/WordPress\/wp-content\/uploads\/2019\/08\/marianne-breslauer-nu-560x758.jpg\" alt=\"Marianne Breslauer, Selfportrait, berlin 1933\u00a9Estate of Marianne Breslauer\" width=\"460\" height=\"623\" title=\"-\" srcset=\"https:\/\/frank-lovisolo.fr\/WordPress\/wp-content\/uploads\/2019\/08\/marianne-breslauer-nu-560x758.jpg 560w, https:\/\/frank-lovisolo.fr\/WordPress\/wp-content\/uploads\/2019\/08\/marianne-breslauer-nu-111x150.jpg 111w, https:\/\/frank-lovisolo.fr\/WordPress\/wp-content\/uploads\/2019\/08\/marianne-breslauer-nu.jpg 600w\" sizes=\"auto, (max-width: 460px) 100vw, 460px\" \/><p id=\"caption-attachment-31148\" class=\"wp-caption-text\">Marianne Breslauer, Selfportrait, berlin 1933 \u00a9 Estate of M. Breslauer<\/p><\/div><\/td>\n<td style=\"width: 50%; vertical-align: middle;\">\n<p><div id=\"attachment_31149\" style=\"width: 470px\" class=\"wp-caption aligncenter\"><img loading=\"lazy\" decoding=\"async\" aria-describedby=\"caption-attachment-31149\" class=\"wp-image-31149\" src=\"https:\/\/frank-lovisolo.fr\/WordPress\/wp-content\/uploads\/2019\/08\/marianne-breslauer_defense-dafficher_paris_vers-1936_aware_womenartists_artistesfemmes-560x407.jpg\" alt=\"Marianne Breslauer, \u00ab D\u00e9fense d\u2019afficher \u00bb, Paris, vers 1936, tirage argentique, 20,1 x 27,7 cm\" width=\"460\" height=\"334\" title=\"-\" srcset=\"https:\/\/frank-lovisolo.fr\/WordPress\/wp-content\/uploads\/2019\/08\/marianne-breslauer_defense-dafficher_paris_vers-1936_aware_womenartists_artistesfemmes-560x407.jpg 560w, https:\/\/frank-lovisolo.fr\/WordPress\/wp-content\/uploads\/2019\/08\/marianne-breslauer_defense-dafficher_paris_vers-1936_aware_womenartists_artistesfemmes-206x150.jpg 206w, https:\/\/frank-lovisolo.fr\/WordPress\/wp-content\/uploads\/2019\/08\/marianne-breslauer_defense-dafficher_paris_vers-1936_aware_womenartists_artistesfemmes-150x109.jpg 150w, https:\/\/frank-lovisolo.fr\/WordPress\/wp-content\/uploads\/2019\/08\/marianne-breslauer_defense-dafficher_paris_vers-1936_aware_womenartists_artistesfemmes.jpg 640w\" sizes=\"auto, (max-width: 460px) 100vw, 460px\" \/><p id=\"caption-attachment-31149\" class=\"wp-caption-text\">Marianne Breslauer \u00ab D\u00e9fense d\u2019afficher \u00bb Paris, vers 1936<\/p><\/div><\/td>\n<\/tr>\n<tr>\n<td style=\"width: 50%; vertical-align: middle;\">\n<p><div id=\"attachment_31151\" style=\"width: 470px\" class=\"wp-caption aligncenter\"><img loading=\"lazy\" decoding=\"async\" aria-describedby=\"caption-attachment-31151\" class=\"wp-image-31151\" src=\"https:\/\/frank-lovisolo.fr\/WordPress\/wp-content\/uploads\/2019\/08\/marianne-breslauer_sacrow_1934-560x416.jpg\" alt=\"Marianne Breslauer, Sacrow, 1934\" width=\"460\" height=\"341\" title=\"-\" srcset=\"https:\/\/frank-lovisolo.fr\/WordPress\/wp-content\/uploads\/2019\/08\/marianne-breslauer_sacrow_1934-560x416.jpg 560w, https:\/\/frank-lovisolo.fr\/WordPress\/wp-content\/uploads\/2019\/08\/marianne-breslauer_sacrow_1934-202x150.jpg 202w, https:\/\/frank-lovisolo.fr\/WordPress\/wp-content\/uploads\/2019\/08\/marianne-breslauer_sacrow_1934-150x111.jpg 150w, https:\/\/frank-lovisolo.fr\/WordPress\/wp-content\/uploads\/2019\/08\/marianne-breslauer_sacrow_1934.jpg 640w\" sizes=\"auto, (max-width: 460px) 100vw, 460px\" \/><p id=\"caption-attachment-31151\" class=\"wp-caption-text\">Marianne Breslauer, Sacrow, 1934<\/p><\/div><\/td>\n<td style=\"width: 50%;\">\n<p><div id=\"attachment_31150\" style=\"width: 470px\" class=\"wp-caption aligncenter\"><img loading=\"lazy\" decoding=\"async\" aria-describedby=\"caption-attachment-31150\" class=\"wp-image-31150\" src=\"https:\/\/frank-lovisolo.fr\/WordPress\/wp-content\/uploads\/2019\/08\/marianne-breslauer-zirkusjunge-1932.jpg\" alt=\"Marianne Breslauer Zirkus - Junge, 1932 \" width=\"460\" height=\"627\" title=\"-\" srcset=\"https:\/\/frank-lovisolo.fr\/WordPress\/wp-content\/uploads\/2019\/08\/marianne-breslauer-zirkusjunge-1932.jpg 345w, https:\/\/frank-lovisolo.fr\/WordPress\/wp-content\/uploads\/2019\/08\/marianne-breslauer-zirkusjunge-1932-110x150.jpg 110w\" sizes=\"auto, (max-width: 460px) 100vw, 460px\" \/><p id=\"caption-attachment-31150\" class=\"wp-caption-text\">Marianne Breslauer : Zirkus &#8211; Junge, 1932<\/p><\/div><\/td>\n<\/tr>\n<tr>\n<td style=\"width: 50%; vertical-align: middle;\">\n<div id=\"attachment_31154\" style=\"width: 470px\" class=\"wp-caption aligncenter\"><img loading=\"lazy\" decoding=\"async\" aria-describedby=\"caption-attachment-31154\" class=\"wp-image-31154\" title=\"Marianne Breslauer, Pont L\u00fctzowufer, Berlin, 1930\" src=\"https:\/\/frank-lovisolo.fr\/WordPress\/wp-content\/uploads\/2019\/08\/mariane_breslauer_pont_de_lutzowufer_berlin_1930.-560x776.jpg\" alt=\"Marianne Breslauer, Pont L\u00fctzowufer, Berlin, 1930\" width=\"460\" height=\"638\" srcset=\"https:\/\/frank-lovisolo.fr\/WordPress\/wp-content\/uploads\/2019\/08\/mariane_breslauer_pont_de_lutzowufer_berlin_1930.-560x776.jpg 560w, https:\/\/frank-lovisolo.fr\/WordPress\/wp-content\/uploads\/2019\/08\/mariane_breslauer_pont_de_lutzowufer_berlin_1930.-768x1065.jpg 768w, https:\/\/frank-lovisolo.fr\/WordPress\/wp-content\/uploads\/2019\/08\/mariane_breslauer_pont_de_lutzowufer_berlin_1930.-1024x1419.jpg 1024w, https:\/\/frank-lovisolo.fr\/WordPress\/wp-content\/uploads\/2019\/08\/mariane_breslauer_pont_de_lutzowufer_berlin_1930.-108x150.jpg 108w\" sizes=\"auto, (max-width: 460px) 100vw, 460px\" \/><p id=\"caption-attachment-31154\" class=\"wp-caption-text\">Marianne Breslauer, Pont L\u00fctzowufer, Berlin, 1930<\/p><\/div>\n<div class=\"mceTemp\"><\/div>\n<\/td>\n<td style=\"width: 50%; vertical-align: middle;\">\n<div class=\"mceTemp\"><\/div>\n<p><div id=\"attachment_31156\" style=\"width: 470px\" class=\"wp-caption aligncenter\"><img loading=\"lazy\" decoding=\"async\" aria-describedby=\"caption-attachment-31156\" class=\"wp-image-31156\" src=\"https:\/\/frank-lovisolo.fr\/WordPress\/wp-content\/uploads\/2019\/08\/mariane_breslauer-annemarie_schwarzenbach-560x444.jpg\" alt=\"Marianne Breslauer, (Annemarie Schwarzenbach dans sa voiture et un berger), Pyr\u00e9n\u00e9es, 1933 \" width=\"460\" height=\"364\" title=\"-\" srcset=\"https:\/\/frank-lovisolo.fr\/WordPress\/wp-content\/uploads\/2019\/08\/mariane_breslauer-annemarie_schwarzenbach-560x444.jpg 560w, https:\/\/frank-lovisolo.fr\/WordPress\/wp-content\/uploads\/2019\/08\/mariane_breslauer-annemarie_schwarzenbach-768x608.jpg 768w, https:\/\/frank-lovisolo.fr\/WordPress\/wp-content\/uploads\/2019\/08\/mariane_breslauer-annemarie_schwarzenbach-1024x811.jpg 1024w, https:\/\/frank-lovisolo.fr\/WordPress\/wp-content\/uploads\/2019\/08\/mariane_breslauer-annemarie_schwarzenbach-189x150.jpg 189w, https:\/\/frank-lovisolo.fr\/WordPress\/wp-content\/uploads\/2019\/08\/mariane_breslauer-annemarie_schwarzenbach-150x119.jpg 150w\" sizes=\"auto, (max-width: 460px) 100vw, 460px\" \/><p id=\"caption-attachment-31156\" class=\"wp-caption-text\">Marianne Breslauer, Annemarie Schwarzenbach dans sa voiture et un berger, Pyr\u00e9n\u00e9es, 1933<\/p><\/div><\/td>\n<\/tr>\n<tr>\n<td style=\"width: 50%; vertical-align: middle;\" colspan=\"2\">\n<div class=\"mceTemp\" style=\"text-align: center;\"><\/div>\n<div id=\"attachment_31155\" style=\"width: 470px\" class=\"wp-caption aligncenter\"><img loading=\"lazy\" decoding=\"async\" aria-describedby=\"caption-attachment-31155\" class=\"wp-image-31155\" title=\"Marianne Breslauer, Sans titre (Ruth von Morgen), Berlin, 1934 \" src=\"https:\/\/frank-lovisolo.fr\/WordPress\/wp-content\/uploads\/2019\/08\/mariane_breslauer_sin_tituloruth_von_morgen_berlin_1934-560x770.jpg\" alt=\"Marianne Breslauer, Sans titre (Ruth von Morgen), Berlin, 1934 \" width=\"460\" height=\"633\" srcset=\"https:\/\/frank-lovisolo.fr\/WordPress\/wp-content\/uploads\/2019\/08\/mariane_breslauer_sin_tituloruth_von_morgen_berlin_1934-560x770.jpg 560w, https:\/\/frank-lovisolo.fr\/WordPress\/wp-content\/uploads\/2019\/08\/mariane_breslauer_sin_tituloruth_von_morgen_berlin_1934-768x1057.jpg 768w, https:\/\/frank-lovisolo.fr\/WordPress\/wp-content\/uploads\/2019\/08\/mariane_breslauer_sin_tituloruth_von_morgen_berlin_1934-1024x1409.jpg 1024w, https:\/\/frank-lovisolo.fr\/WordPress\/wp-content\/uploads\/2019\/08\/mariane_breslauer_sin_tituloruth_von_morgen_berlin_1934-109x150.jpg 109w\" sizes=\"auto, (max-width: 460px) 100vw, 460px\" \/><p id=\"caption-attachment-31155\" class=\"wp-caption-text\">Marianne Breslauer, Sans titre (Ruth von Morgen), Berlin, 1934<\/p><\/div>\n<div class=\"mceTemp\"><\/div>\n<\/td>\n<\/tr>\n<\/tbody>\n<\/table>\n","protected":false},"excerpt":{"rendered":"<p><span class=\"span-reading-time rt-reading-time\" style=\"display: block;\"><span class=\"rt-label rt-prefix\">Reading Time: <\/span> <span class=\"rt-time\"> 3<\/span> <span class=\"rt-label rt-postfix\">minutes<\/span><\/span>Marianne Breslauer (20 novembre 1909, Berlin &#8211; 7 f\u00e9vrier 2001, Zurich) \u00e9tait une photographe professionnelle allemande, portraitiste. Elle vivait et travaillait \u00e0 Berlin.<br \/>\nElle suit les cours de la photographe entre 1927 et 1929, et se lie avec l\u2019avant-garde des artistes berlinois, tels Paul Citroen et Umbo, dont elle fait des portraits. En 1929, elle participe \u00e0 la grande exposition\u00a0Film und Foto de Stuttgart, puis, son dipl\u00f4me obtenu, s\u2019installe \u00e0 Paris o\u00f9 elle devint bri\u00e8vement l&rsquo;\u00e9l\u00e8ve de\u00a0Man Ray. <a class=\"continue-reading-link\" href=\"https:\/\/frank-lovisolo.fr\/WordPress\/marianne-breslauer\/\">Suite &#8211; Continue reading<\/a><\/p>\n","protected":false},"author":1,"featured_media":31147,"comment_status":"open","ping_status":"open","sticky":false,"template":"","format":"standard","meta":{"footnotes":""},"categories":[3977,1],"tags":[2492],"class_list":["post-31142","post","type-post","status-publish","format-standard","has-post-thumbnail","hentry","category-photographes","category-tous-les-articles","tag-marianne-breslauer"],"_links":{"self":[{"href":"https:\/\/frank-lovisolo.fr\/WordPress\/wp-json\/wp\/v2\/posts\/31142","targetHints":{"allow":["GET"]}}],"collection":[{"href":"https:\/\/frank-lovisolo.fr\/WordPress\/wp-json\/wp\/v2\/posts"}],"about":[{"href":"https:\/\/frank-lovisolo.fr\/WordPress\/wp-json\/wp\/v2\/types\/post"}],"author":[{"embeddable":true,"href":"https:\/\/frank-lovisolo.fr\/WordPress\/wp-json\/wp\/v2\/users\/1"}],"replies":[{"embeddable":true,"href":"https:\/\/frank-lovisolo.fr\/WordPress\/wp-json\/wp\/v2\/comments?post=31142"}],"version-history":[{"count":1,"href":"https:\/\/frank-lovisolo.fr\/WordPress\/wp-json\/wp\/v2\/posts\/31142\/revisions"}],"predecessor-version":[{"id":50704,"href":"https:\/\/frank-lovisolo.fr\/WordPress\/wp-json\/wp\/v2\/posts\/31142\/revisions\/50704"}],"wp:featuredmedia":[{"embeddable":true,"href":"https:\/\/frank-lovisolo.fr\/WordPress\/wp-json\/wp\/v2\/media\/31147"}],"wp:attachment":[{"href":"https:\/\/frank-lovisolo.fr\/WordPress\/wp-json\/wp\/v2\/media?parent=31142"}],"wp:term":[{"taxonomy":"category","embeddable":true,"href":"https:\/\/frank-lovisolo.fr\/WordPress\/wp-json\/wp\/v2\/categories?post=31142"},{"taxonomy":"post_tag","embeddable":true,"href":"https:\/\/frank-lovisolo.fr\/WordPress\/wp-json\/wp\/v2\/tags?post=31142"}],"curies":[{"name":"wp","href":"https:\/\/api.w.org\/{rel}","templated":true}]}}