{"id":30306,"date":"2019-04-29T20:00:03","date_gmt":"2019-04-29T18:00:03","guid":{"rendered":"https:\/\/frank-lovisolo.fr\/WordPress\/?p=30306"},"modified":"2026-01-30T07:24:48","modified_gmt":"2026-01-30T06:24:48","slug":"kama-citrons","status":"publish","type":"post","link":"https:\/\/frank-lovisolo.fr\/WordPress\/kama-citrons\/","title":{"rendered":"Kamacitrons &#8211; Photografruit \u00e9rotique avec mamelons et p\u00e9doncules distordus."},"content":{"rendered":"<span class=\"span-reading-time rt-reading-time\" style=\"display: block;\"><span class=\"rt-label rt-prefix\">Reading Time: <\/span> <span class=\"rt-time\"> 5<\/span> <span class=\"rt-label rt-postfix\">minutes<\/span><\/span><div><span style=\"color: #ffffff; font-size: 8px;\">citrons &#8211; citrons &#8211; citrons &#8211; citrons<\/span><\/div>\n<table style=\"width: 100%;\" cellpadding=\"10\">\n<tbody>\n<tr>\n<td style=\"width: 40%; text-align: right; vertical-align: middle;\" colspan=\"3\">\n<div style=\"text-align: center;\"><strong><span style=\"font-size: 16px;\"><span style=\"font-size: 14px;\">Suggestion d&rsquo;\u00e9coute :<\/span><br \/>\n<a href=\"https:\/\/frank-lovisolo.fr\/WordPress\/femmes-damnees\/\">Femmes Damn\u00e9es<\/a><br \/>\n<\/span><\/strong><\/div>\n<\/td>\n<td style=\"width: 40%; text-align: right; vertical-align: middle;\">\n<div><a href=\"https:\/\/frankcesarlovisolo.bandcamp.com\/track\/femmes-damn-es\" target=\"_blank\" rel=\"noopener\"><img loading=\"lazy\" decoding=\"async\" class=\"aligncenter wp-image-51127\" src=\"https:\/\/frank-lovisolo.fr\/WordPress\/wp-content\/uploads\/2022\/11\/bandcamp-logotype-color-400-Frank.png\" alt=\"- - -\" width=\"303\" height=\"25\" title=\"-\" srcset=\"https:\/\/frank-lovisolo.fr\/WordPress\/wp-content\/uploads\/2022\/11\/bandcamp-logotype-color-400-Frank.png 400w, https:\/\/frank-lovisolo.fr\/WordPress\/wp-content\/uploads\/2022\/11\/bandcamp-logotype-color-400-Frank-250x21.png 250w, https:\/\/frank-lovisolo.fr\/WordPress\/wp-content\/uploads\/2022\/11\/bandcamp-logotype-color-400-Frank-150x12.png 150w\" sizes=\"auto, (max-width: 303px) 100vw, 303px\" \/><\/a><\/div>\n<\/td>\n<td style=\"width: 20%; text-align: left; vertical-align: middle;\"><a href=\"#com\"><span style=\"font-size: 20px;\"><img loading=\"lazy\" decoding=\"async\" class=\"alignnone wp-image-15068\" title=\"Osmophore - darwin - \u00e9volution - lovisolo\" src=\"https:\/\/frank-lovisolo.fr\/WordPress\/wp-content\/uploads\/2015\/06\/ComJaune.jpg\" alt=\"Frank-Cesar-Lovisolo\" width=\"250\" height=\"20\" \/><\/span><\/a><\/td>\n<\/tr>\n<\/tbody>\n<\/table>\n<div><\/div>\n<div><\/div>\n<table style=\"border-collapse: collapse; width: 100%;\">\n<tbody>\n<tr>\n<td style=\"width: 100%; text-align: center;\">\n<h4><div class=\"flagallerywraper\" style=\"text-align:center;\"><div class=\"flagallery cicerone_skin\" id=\"FlaGallery_sc1_253\" style=\"width:1024px;margin:0 auto;\"><script type=\"text\/javascript\"> (function(){this['FlaGallery_sc1_253']={'settings':{\"gridType\":\"masonry\",\"thumbHieghtRation\":\"1\",\"collectionThumbRecomendedWidth\":\"180\",\"collectionThumbRecomendedHeight\":\"180\",\"collectionPreloaderColor\":\"#333333\",\"linkTargetWindow\":\"_blank\",\"thumbSpacing\":\"1\",\"infoBarTermsClickNewPageEnable\":\"0\",\"collectionBackButtonIconColor\":\"#000000\",\"collectionBackButtonBgColor\":\"#eeeeee\",\"collectionTitleColor\":\"#000000\",\"tagsFilter\":\"0\",\"tagCloudAll\":\"All\",\"tagsSortingByName\":\"0\",\"tagCloudTextColor\":\"#000000\",\"tagCloudBgColor\":\"#cccccc\",\"collectionThumbHoverColor\":\"rgba(0, 0, 0, .7)\",\"collectionThumbTitleShow\":\"0\",\"collectionThumbTitleColor\":\"#ffffff\",\"collectionThumbFontSize\":\"14\",\"collectionThumbSubMenuBackgroundColor\":\"rgba(0, 0, 0, 0)\",\"collectionThumbSubMenuBackgroundColorOver\":\"rgba(255, 255, 255, 1)\",\"collectionThumbSubMenuIconColor\":\"rgba(255, 255, 255, 1)\",\"collectionThumbSubMenuIconHoverColor\":\"rgba(0, 0, 0, 1)\",\"collectionInfoEnable\":\"1\",\"collectionItemDownload\":\"0\",\"collectionSocialShareEnabled\":\"0\",\"collectionLikesEnabled\":\"1\",\"modaBgColor\":\"rgba(0,0,0,0.9)\",\"modalInfoBoxBgColor\":\"rgba(255,255,255,1)\",\"modalInfoBoxTitleTextColor\":\"#000000\",\"shareTitlePlaceHolder\":\"Share\",\"modalInfoBoxTextColor\":\"#333333\",\"infoBarTermsEnable\":\"1\",\"infoBarTermsTitleColor\":\"#eeeeee\",\"infoBarTermsBackgroundColorAlbums\":\"#ff0000\",\"infoBarTermsBackgroundColorTags\":\"#00a000\",\"infoBarTermsBackgroundColorCategories\":\"#d3af0d\",\"infoBarExifEnable\":\"0\",\"infoBarCountersEnable\":\"1\",\"infoBarDateInfoEnable\":\"0\",\"lightBoxEnable\":\"1\",\"copyR_Alert\":\"Coucou! cette photo est \\u00e0 moi - Hello! this photo is mine: Frank Lovisolo :- ) !\",\"sliderPreloaderColor\":\"#c5c5c5\",\"sliderBgColor\":\"rgb(255, 255, 255)\",\"sliderHeaderFooterBgColor\":\"#b8b8b8\",\"sliderNavigationColor\":\"rgb(122, 121, 121)\",\"sliderNavigationIconColor\":\"rgba(255,255,255,1)\",\"sliderItemTitleFontSize\":\"20\",\"sliderItemTitleTextColor\":\"#000000\",\"sliderThumbBarEnable\":\"1\",\"sliderThumbBarHoverColor\":\"#ff0000\",\"sliderThumbSubMenuBackgroundColor\":\"rgba(0,0,0,1)\",\"sliderThumbSubMenuBackgroundColorOver\":\"rgba(255,255,255,1)\",\"sliderThumbSubMenuIconColor\":\"rgba(255,255,255,1)\",\"sliderThumbSubMenuIconHoverColor\":\"rgba(0,0,0,1)\",\"sliderInfoEnable\":\"1\",\"sliderItemDownload\":\"0\",\"sliderSocialShareEnabled\":\"0\",\"sliderLikesEnabled\":\"1\",\"customCSS\":\"\",\"modalInfoBoxBgColormodalInfoBoxBgColor\":\"\",\"key\":\"2b91304c71a96bd3dd001bdb3bf4a76f\",\"name\":\"GRANDPackPlus\",\"galleryID\":\"sc1_253\",\"post_url\":\"https:\\\/\\\/frank-lovisolo.fr\\\/WordPress\\\/wp-json\\\/wp\\\/v2\\\/posts\\\/30306\",\"module_url\":\"https:\\\/\\\/frank-lovisolo.fr\\\/WordPress\\\/wp-content\\\/plugins\\\/flagallery-skins\\\/cicerone\\\/\"}, 'data':[{\"gallery\":{\"gid\":\"253\",\"name\":\"kamacitrons\",\"path\":\"https:\\\/\\\/frank-lovisolo.fr\\\/WordPress\\\/wp-content\\\/flagallery\\\/kamacitrons\",\"title\":\"Kamacitrons\",\"galdesc\":\"\"},\"data\":[{\"pid\":\"21139\",\"filename\":\"kamacitrons-n001.jpg\",\"description\":\"<b>Meta Data<\\\/b><br><b>Aper\\u00e7u<\\\/b> F 29<br><b>Cam\\u00e9ra<\\\/b> Canon EOS 6D Mark II<br><b>Date\\\/Heure<\\\/b> 28 avril 2019 19 h 23 min<br><b>Distance Focale<\\\/b> 77min<br><b>ISO<\\\/b> 400<br><b>Vitesse de l'obturateur <\\\/b> 1\\\/0sec<br><b>Flash<\\\/b> Not fired<br><b>Image Width<\\\/b> 1140<br><b>Image Height<\\\/b> 760<br>\\r\\n<b>EXIF Data<\\\/b><br><b>Aper\\u00e7u<\\\/b> F 29<br><b>Date\\\/Heure<\\\/b> 28 avril 2019 19 h 23 min<br><b>Distance Focale<\\\/b> 77min<br><b>ISO<\\\/b> 400<br><b>Vitesse de l'obturateur <\\\/b> 1\\\/0sec<br><b>Flash<\\\/b> Not fired<br><b>Cam\\u00e9ra<\\\/b> Canon EOS 6D Mark II<br><b>Cr\\u00e9ation<\\\/b> Canon<br>\\r\\n<b>IPTC Data<\\\/b><br><b>Date de cr\\u00e9ation<\\\/b> 20190428<br><b>Heure de cr\\u00e9ation<\\\/b> 192316<br><b>Auteur<\\\/b> LOVISOLO-GUILLARD FRANK CESAR<br><b>Ville<\\\/b> Toulon<br><b>R\\u00e9gion\\\/D\\u00e9partement<\\\/b> Var<br><b>Code pays<\\\/b> FR<br><b>Pays<\\\/b> France<br>\\r\\n<b>XMP Data<\\\/b><br><b>Auteur<\\\/b> LOVISOLO-GUILLARD FRANK CESAR<br>\",\"alttext\":\"\",\"link\":\"\",\"imagedate\":\"2019-04-28 19:23:16\",\"hitcounter\":\"12\",\"total_value\":\"0\",\"total_votes\":\"0\",\"meta_data\":{\"aperture\":\"F 29\",\"credit\":false,\"camera\":\"Canon EOS 6D Mark II\",\"caption\":false,\"created_timestamp\":\"28 avril 2019 19 h 23 min\",\"copyright\":false,\"focal_length\":\"77min\",\"iso\":400,\"shutter_speed\":\"1\\\/0sec\",\"flash\":\"Not fired\",\"title\":false,\"keywords\":false,\"width\":1140,\"height\":760,\"saved\":true,\"thumbnail\":{\"width\":300,\"height\":200},\"webview\":{\"0\":1140,\"1\":760,\"2\":2,\"3\":\"width=\\\"1140\\\" height=\\\"760\\\"\",\"bits\":8,\"channels\":3,\"mime\":\"image\\\/jpeg\"}}},{\"pid\":\"21140\",\"filename\":\"kamacitrons-n002.jpg\",\"description\":\"<b>Meta Data<\\\/b><br><b>Aper\\u00e7u<\\\/b> F 29<br><b>Cam\\u00e9ra<\\\/b> Canon EOS 6D Mark II<br><b>Date\\\/Heure<\\\/b> 28 avril 2019 19 h 24 min<br><b>Distance Focale<\\\/b> 77min<br><b>ISO<\\\/b> 400<br><b>Vitesse de l'obturateur <\\\/b> 1\\\/0sec<br><b>Flash<\\\/b> Not fired<br><b>Image Width<\\\/b> 1140<br><b>Image Height<\\\/b> 760<br>\\r\\n<b>EXIF Data<\\\/b><br><b>Aper\\u00e7u<\\\/b> F 29<br><b>Date\\\/Heure<\\\/b> 28 avril 2019 19 h 24 min<br><b>Distance Focale<\\\/b> 77min<br><b>ISO<\\\/b> 400<br><b>Vitesse de l'obturateur <\\\/b> 1\\\/0sec<br><b>Flash<\\\/b> Not fired<br><b>Cam\\u00e9ra<\\\/b> Canon EOS 6D Mark II<br><b>Cr\\u00e9ation<\\\/b> Canon<br>\\r\\n<b>IPTC Data<\\\/b><br><b>Date de cr\\u00e9ation<\\\/b> 20190428<br><b>Heure de cr\\u00e9ation<\\\/b> 192419<br><b>Auteur<\\\/b> LOVISOLO-GUILLARD FRANK CESAR<br><b>Ville<\\\/b> Toulon<br><b>R\\u00e9gion\\\/D\\u00e9partement<\\\/b> Var<br><b>Code pays<\\\/b> FR<br><b>Pays<\\\/b> France<br>\\r\\n<b>XMP Data<\\\/b><br><b>Auteur<\\\/b> LOVISOLO-GUILLARD FRANK CESAR<br>\",\"alttext\":\"\",\"link\":\"\",\"imagedate\":\"2019-04-28 19:24:19\",\"hitcounter\":\"14\",\"total_value\":\"0\",\"total_votes\":\"0\",\"meta_data\":{\"aperture\":\"F 29\",\"credit\":false,\"camera\":\"Canon EOS 6D Mark II\",\"caption\":false,\"created_timestamp\":\"28 avril 2019 19 h 24 min\",\"copyright\":false,\"focal_length\":\"77min\",\"iso\":400,\"shutter_speed\":\"1\\\/0sec\",\"flash\":\"Not fired\",\"title\":false,\"keywords\":false,\"width\":1140,\"height\":760,\"saved\":true,\"thumbnail\":{\"width\":300,\"height\":200},\"webview\":{\"0\":1140,\"1\":760,\"2\":2,\"3\":\"width=\\\"1140\\\" height=\\\"760\\\"\",\"bits\":8,\"channels\":3,\"mime\":\"image\\\/jpeg\"}}},{\"pid\":\"21141\",\"filename\":\"kamacitrons-n003.jpg\",\"description\":\"<b>Meta Data<\\\/b><br><b>Aper\\u00e7u<\\\/b> F 29<br><b>Cam\\u00e9ra<\\\/b> Canon EOS 6D Mark II<br><b>Date\\\/Heure<\\\/b> 28 avril 2019 19 h 25 min<br><b>Distance Focale<\\\/b> 77min<br><b>ISO<\\\/b> 400<br><b>Vitesse de l'obturateur <\\\/b> 1\\\/0sec<br><b>Flash<\\\/b> Not fired<br><b>Image Width<\\\/b> 1140<br><b>Image Height<\\\/b> 760<br>\\r\\n<b>EXIF Data<\\\/b><br><b>Aper\\u00e7u<\\\/b> F 29<br><b>Date\\\/Heure<\\\/b> 28 avril 2019 19 h 25 min<br><b>Distance Focale<\\\/b> 77min<br><b>ISO<\\\/b> 400<br><b>Vitesse de l'obturateur <\\\/b> 1\\\/0sec<br><b>Flash<\\\/b> Not fired<br><b>Cam\\u00e9ra<\\\/b> Canon EOS 6D Mark II<br><b>Cr\\u00e9ation<\\\/b> Canon<br>\\r\\n<b>IPTC Data<\\\/b><br><b>Date de cr\\u00e9ation<\\\/b> 20190428<br><b>Heure de cr\\u00e9ation<\\\/b> 192520<br><b>Auteur<\\\/b> LOVISOLO-GUILLARD FRANK CESAR<br><b>Ville<\\\/b> Toulon<br><b>R\\u00e9gion\\\/D\\u00e9partement<\\\/b> Var<br><b>Code pays<\\\/b> FR<br><b>Pays<\\\/b> France<br>\\r\\n<b>XMP Data<\\\/b><br><b>Auteur<\\\/b> LOVISOLO-GUILLARD FRANK CESAR<br>\",\"alttext\":\"\",\"link\":\"\",\"imagedate\":\"2019-04-28 19:25:20\",\"hitcounter\":\"15\",\"total_value\":\"0\",\"total_votes\":\"0\",\"meta_data\":{\"aperture\":\"F 29\",\"credit\":false,\"camera\":\"Canon EOS 6D Mark II\",\"caption\":false,\"created_timestamp\":\"28 avril 2019 19 h 25 min\",\"copyright\":false,\"focal_length\":\"77min\",\"iso\":400,\"shutter_speed\":\"1\\\/0sec\",\"flash\":\"Not fired\",\"title\":false,\"keywords\":false,\"width\":1140,\"height\":760,\"saved\":true,\"thumbnail\":{\"width\":300,\"height\":200},\"webview\":{\"0\":1140,\"1\":760,\"2\":2,\"3\":\"width=\\\"1140\\\" height=\\\"760\\\"\",\"bits\":8,\"channels\":3,\"mime\":\"image\\\/jpeg\"}}},{\"pid\":\"21142\",\"filename\":\"kamacitrons-n004.jpg\",\"description\":\"<b>Meta Data<\\\/b><br><b>Aper\\u00e7u<\\\/b> F 29<br><b>Cam\\u00e9ra<\\\/b> Canon EOS 6D Mark II<br><b>Date\\\/Heure<\\\/b> 28 avril 2019 19 h 27 min<br><b>Distance Focale<\\\/b> 77min<br><b>ISO<\\\/b> 400<br><b>Vitesse de l'obturateur <\\\/b> 1\\\/0sec<br><b>Flash<\\\/b> Not fired<br><b>Image Width<\\\/b> 1140<br><b>Image Height<\\\/b> 760<br>\\r\\n<b>EXIF Data<\\\/b><br><b>Aper\\u00e7u<\\\/b> F 29<br><b>Date\\\/Heure<\\\/b> 28 avril 2019 19 h 27 min<br><b>Distance Focale<\\\/b> 77min<br><b>ISO<\\\/b> 400<br><b>Vitesse de l'obturateur <\\\/b> 1\\\/0sec<br><b>Flash<\\\/b> Not fired<br><b>Cam\\u00e9ra<\\\/b> Canon EOS 6D Mark II<br><b>Cr\\u00e9ation<\\\/b> Canon<br>\\r\\n<b>IPTC Data<\\\/b><br><b>Date de cr\\u00e9ation<\\\/b> 20190428<br><b>Heure de cr\\u00e9ation<\\\/b> 192749<br><b>Auteur<\\\/b> LOVISOLO-GUILLARD FRANK CESAR<br><b>Ville<\\\/b> Toulon<br><b>R\\u00e9gion\\\/D\\u00e9partement<\\\/b> Var<br><b>Code pays<\\\/b> FR<br><b>Pays<\\\/b> France<br>\\r\\n<b>XMP Data<\\\/b><br><b>Auteur<\\\/b> LOVISOLO-GUILLARD FRANK CESAR<br>\",\"alttext\":\"\",\"link\":\"\",\"imagedate\":\"2019-04-28 19:27:49\",\"hitcounter\":\"14\",\"total_value\":\"0\",\"total_votes\":\"0\",\"meta_data\":{\"aperture\":\"F 29\",\"credit\":false,\"camera\":\"Canon EOS 6D Mark II\",\"caption\":false,\"created_timestamp\":\"28 avril 2019 19 h 27 min\",\"copyright\":false,\"focal_length\":\"77min\",\"iso\":400,\"shutter_speed\":\"1\\\/0sec\",\"flash\":\"Not fired\",\"title\":false,\"keywords\":false,\"width\":1140,\"height\":760,\"saved\":true,\"thumbnail\":{\"width\":300,\"height\":200},\"webview\":{\"0\":1140,\"1\":760,\"2\":2,\"3\":\"width=\\\"1140\\\" height=\\\"760\\\"\",\"bits\":8,\"channels\":3,\"mime\":\"image\\\/jpeg\"}}},{\"pid\":\"21143\",\"filename\":\"kamacitrons-n005.jpg\",\"description\":\"<b>Meta Data<\\\/b><br><b>Aper\\u00e7u<\\\/b> F 29<br><b>Cam\\u00e9ra<\\\/b> Canon EOS 6D Mark II<br><b>Date\\\/Heure<\\\/b> 28 avril 2019 19 h 28 min<br><b>Distance Focale<\\\/b> 77min<br><b>ISO<\\\/b> 400<br><b>Vitesse de l'obturateur <\\\/b> 1\\\/0sec<br><b>Flash<\\\/b> Not fired<br><b>Image Width<\\\/b> 1140<br><b>Image Height<\\\/b> 760<br>\\r\\n<b>EXIF Data<\\\/b><br><b>Aper\\u00e7u<\\\/b> F 29<br><b>Date\\\/Heure<\\\/b> 28 avril 2019 19 h 28 min<br><b>Distance Focale<\\\/b> 77min<br><b>ISO<\\\/b> 400<br><b>Vitesse de l'obturateur <\\\/b> 1\\\/0sec<br><b>Flash<\\\/b> Not fired<br><b>Cam\\u00e9ra<\\\/b> Canon EOS 6D Mark II<br><b>Cr\\u00e9ation<\\\/b> Canon<br>\\r\\n<b>IPTC Data<\\\/b><br><b>Date de cr\\u00e9ation<\\\/b> 20190428<br><b>Heure de cr\\u00e9ation<\\\/b> 192808<br><b>Auteur<\\\/b> LOVISOLO-GUILLARD FRANK CESAR<br><b>Ville<\\\/b> Toulon<br><b>R\\u00e9gion\\\/D\\u00e9partement<\\\/b> Var<br><b>Code pays<\\\/b> FR<br><b>Pays<\\\/b> France<br>\\r\\n<b>XMP Data<\\\/b><br><b>Auteur<\\\/b> LOVISOLO-GUILLARD FRANK CESAR<br>\",\"alttext\":\"\",\"link\":\"\",\"imagedate\":\"2019-04-28 19:28:08\",\"hitcounter\":\"13\",\"total_value\":\"0\",\"total_votes\":\"0\",\"meta_data\":{\"aperture\":\"F 29\",\"credit\":false,\"camera\":\"Canon EOS 6D Mark II\",\"caption\":false,\"created_timestamp\":\"28 avril 2019 19 h 28 min\",\"copyright\":false,\"focal_length\":\"77min\",\"iso\":400,\"shutter_speed\":\"1\\\/0sec\",\"flash\":\"Not fired\",\"title\":false,\"keywords\":false,\"width\":1140,\"height\":760,\"saved\":true,\"thumbnail\":{\"width\":300,\"height\":200},\"webview\":{\"0\":1140,\"1\":760,\"2\":2,\"3\":\"width=\\\"1140\\\" height=\\\"760\\\"\",\"bits\":8,\"channels\":3,\"mime\":\"image\\\/jpeg\"}}},{\"pid\":\"21144\",\"filename\":\"kamacitrons-n006.jpg\",\"description\":\"<b>Meta Data<\\\/b><br><b>Aper\\u00e7u<\\\/b> F 29<br><b>Cam\\u00e9ra<\\\/b> Canon EOS 6D Mark II<br><b>Date\\\/Heure<\\\/b> 28 avril 2019 19 h 29 min<br><b>Distance Focale<\\\/b> 77min<br><b>ISO<\\\/b> 400<br><b>Vitesse de l'obturateur <\\\/b> 1\\\/0sec<br><b>Flash<\\\/b> Not fired<br><b>Image Width<\\\/b> 1140<br><b>Image Height<\\\/b> 760<br>\\r\\n<b>EXIF Data<\\\/b><br><b>Aper\\u00e7u<\\\/b> F 29<br><b>Date\\\/Heure<\\\/b> 28 avril 2019 19 h 29 min<br><b>Distance Focale<\\\/b> 77min<br><b>ISO<\\\/b> 400<br><b>Vitesse de l'obturateur <\\\/b> 1\\\/0sec<br><b>Flash<\\\/b> Not fired<br><b>Cam\\u00e9ra<\\\/b> Canon EOS 6D Mark II<br><b>Cr\\u00e9ation<\\\/b> Canon<br>\\r\\n<b>IPTC Data<\\\/b><br><b>Date de cr\\u00e9ation<\\\/b> 20190428<br><b>Heure de cr\\u00e9ation<\\\/b> 192900<br><b>Auteur<\\\/b> LOVISOLO-GUILLARD FRANK CESAR<br><b>Ville<\\\/b> Toulon<br><b>R\\u00e9gion\\\/D\\u00e9partement<\\\/b> Var<br><b>Code pays<\\\/b> FR<br><b>Pays<\\\/b> France<br>\\r\\n<b>XMP Data<\\\/b><br><b>Auteur<\\\/b> LOVISOLO-GUILLARD FRANK CESAR<br>\",\"alttext\":\"\",\"link\":\"\",\"imagedate\":\"2019-04-28 19:29:00\",\"hitcounter\":\"14\",\"total_value\":\"0\",\"total_votes\":\"0\",\"meta_data\":{\"aperture\":\"F 29\",\"credit\":false,\"camera\":\"Canon EOS 6D Mark II\",\"caption\":false,\"created_timestamp\":\"28 avril 2019 19 h 29 min\",\"copyright\":false,\"focal_length\":\"77min\",\"iso\":400,\"shutter_speed\":\"1\\\/0sec\",\"flash\":\"Not fired\",\"title\":false,\"keywords\":false,\"width\":1140,\"height\":760,\"saved\":true,\"thumbnail\":{\"width\":300,\"height\":200},\"webview\":{\"0\":1140,\"1\":760,\"2\":2,\"3\":\"width=\\\"1140\\\" height=\\\"760\\\"\",\"bits\":8,\"channels\":3,\"mime\":\"image\\\/jpeg\"}}},{\"pid\":\"21145\",\"filename\":\"kamacitrons-n007.jpg\",\"description\":\"<b>Meta Data<\\\/b><br><b>Aper\\u00e7u<\\\/b> F 29<br><b>Cam\\u00e9ra<\\\/b> Canon EOS 6D Mark II<br><b>Date\\\/Heure<\\\/b> 28 avril 2019 19 h 29 min<br><b>Distance Focale<\\\/b> 77min<br><b>ISO<\\\/b> 400<br><b>Vitesse de l'obturateur <\\\/b> 1\\\/0sec<br><b>Flash<\\\/b> Not fired<br><b>Image Width<\\\/b> 1140<br><b>Image Height<\\\/b> 760<br>\\r\\n<b>EXIF Data<\\\/b><br><b>Aper\\u00e7u<\\\/b> F 29<br><b>Date\\\/Heure<\\\/b> 28 avril 2019 19 h 29 min<br><b>Distance Focale<\\\/b> 77min<br><b>ISO<\\\/b> 400<br><b>Vitesse de l'obturateur <\\\/b> 1\\\/0sec<br><b>Flash<\\\/b> Not fired<br><b>Cam\\u00e9ra<\\\/b> Canon EOS 6D Mark II<br><b>Cr\\u00e9ation<\\\/b> Canon<br>\\r\\n<b>IPTC Data<\\\/b><br><b>Date de cr\\u00e9ation<\\\/b> 20190428<br><b>Heure de cr\\u00e9ation<\\\/b> 192930<br><b>Auteur<\\\/b> LOVISOLO-GUILLARD FRANK CESAR<br><b>Ville<\\\/b> Toulon<br><b>R\\u00e9gion\\\/D\\u00e9partement<\\\/b> Var<br><b>Code pays<\\\/b> FR<br><b>Pays<\\\/b> France<br>\\r\\n<b>XMP Data<\\\/b><br><b>Auteur<\\\/b> LOVISOLO-GUILLARD FRANK CESAR<br>\",\"alttext\":\"\",\"link\":\"\",\"imagedate\":\"2019-04-28 19:29:30\",\"hitcounter\":\"12\",\"total_value\":\"0\",\"total_votes\":\"0\",\"meta_data\":{\"aperture\":\"F 29\",\"credit\":false,\"camera\":\"Canon EOS 6D Mark II\",\"caption\":false,\"created_timestamp\":\"28 avril 2019 19 h 29 min\",\"copyright\":false,\"focal_length\":\"77min\",\"iso\":400,\"shutter_speed\":\"1\\\/0sec\",\"flash\":\"Not fired\",\"title\":false,\"keywords\":false,\"width\":1140,\"height\":760,\"saved\":true,\"thumbnail\":{\"width\":300,\"height\":200},\"webview\":{\"0\":1140,\"1\":760,\"2\":2,\"3\":\"width=\\\"1140\\\" height=\\\"760\\\"\",\"bits\":8,\"channels\":3,\"mime\":\"image\\\/jpeg\"}}},{\"pid\":\"21146\",\"filename\":\"kamacitrons-n008.jpg\",\"description\":\"<b>Meta Data<\\\/b><br><b>Aper\\u00e7u<\\\/b> F 29<br><b>Cam\\u00e9ra<\\\/b> Canon EOS 6D Mark II<br><b>Date\\\/Heure<\\\/b> 28 avril 2019 19 h 29 min<br><b>Distance Focale<\\\/b> 77min<br><b>ISO<\\\/b> 400<br><b>Vitesse de l'obturateur <\\\/b> 1\\\/0sec<br><b>Flash<\\\/b> Not fired<br><b>Image Width<\\\/b> 1140<br><b>Image Height<\\\/b> 760<br>\\r\\n<b>EXIF Data<\\\/b><br><b>Aper\\u00e7u<\\\/b> F 29<br><b>Date\\\/Heure<\\\/b> 28 avril 2019 19 h 29 min<br><b>Distance Focale<\\\/b> 77min<br><b>ISO<\\\/b> 400<br><b>Vitesse de l'obturateur <\\\/b> 1\\\/0sec<br><b>Flash<\\\/b> Not fired<br><b>Cam\\u00e9ra<\\\/b> Canon EOS 6D Mark II<br><b>Cr\\u00e9ation<\\\/b> Canon<br>\\r\\n<b>IPTC Data<\\\/b><br><b>Date de cr\\u00e9ation<\\\/b> 20190428<br><b>Heure de cr\\u00e9ation<\\\/b> 192947<br><b>Auteur<\\\/b> LOVISOLO-GUILLARD FRANK CESAR<br><b>Ville<\\\/b> Toulon<br><b>R\\u00e9gion\\\/D\\u00e9partement<\\\/b> Var<br><b>Code pays<\\\/b> FR<br><b>Pays<\\\/b> France<br>\\r\\n<b>XMP Data<\\\/b><br><b>Auteur<\\\/b> LOVISOLO-GUILLARD FRANK CESAR<br>\",\"alttext\":\"\",\"link\":\"\",\"imagedate\":\"2019-04-28 19:29:47\",\"hitcounter\":\"11\",\"total_value\":\"0\",\"total_votes\":\"0\",\"meta_data\":{\"aperture\":\"F 29\",\"credit\":false,\"camera\":\"Canon EOS 6D Mark II\",\"caption\":false,\"created_timestamp\":\"28 avril 2019 19 h 29 min\",\"copyright\":false,\"focal_length\":\"77min\",\"iso\":400,\"shutter_speed\":\"1\\\/0sec\",\"flash\":\"Not fired\",\"title\":false,\"keywords\":false,\"width\":1140,\"height\":760,\"saved\":true,\"thumbnail\":{\"width\":300,\"height\":200},\"webview\":{\"0\":1140,\"1\":760,\"2\":2,\"3\":\"width=\\\"1140\\\" height=\\\"760\\\"\",\"bits\":8,\"channels\":3,\"mime\":\"image\\\/jpeg\"}}},{\"pid\":\"21147\",\"filename\":\"kamacitrons-n009.jpg\",\"description\":\"<b>Meta Data<\\\/b><br><b>Aper\\u00e7u<\\\/b> F 29<br><b>Cam\\u00e9ra<\\\/b> Canon EOS 6D Mark II<br><b>Date\\\/Heure<\\\/b> 28 avril 2019 19 h 30 min<br><b>Distance Focale<\\\/b> 77min<br><b>ISO<\\\/b> 400<br><b>Vitesse de l'obturateur <\\\/b> 1\\\/0sec<br><b>Flash<\\\/b> Not fired<br><b>Image Width<\\\/b> 1140<br><b>Image Height<\\\/b> 760<br>\\r\\n<b>EXIF Data<\\\/b><br><b>Aper\\u00e7u<\\\/b> F 29<br><b>Date\\\/Heure<\\\/b> 28 avril 2019 19 h 30 min<br><b>Distance Focale<\\\/b> 77min<br><b>ISO<\\\/b> 400<br><b>Vitesse de l'obturateur <\\\/b> 1\\\/0sec<br><b>Flash<\\\/b> Not fired<br><b>Cam\\u00e9ra<\\\/b> Canon EOS 6D Mark II<br><b>Cr\\u00e9ation<\\\/b> Canon<br>\\r\\n<b>IPTC Data<\\\/b><br><b>Date de cr\\u00e9ation<\\\/b> 20190428<br><b>Heure de cr\\u00e9ation<\\\/b> 193012<br><b>Auteur<\\\/b> LOVISOLO-GUILLARD FRANK CESAR<br><b>Ville<\\\/b> Toulon<br><b>R\\u00e9gion\\\/D\\u00e9partement<\\\/b> Var<br><b>Code pays<\\\/b> FR<br><b>Pays<\\\/b> France<br>\\r\\n<b>XMP Data<\\\/b><br><b>Auteur<\\\/b> LOVISOLO-GUILLARD FRANK CESAR<br>\",\"alttext\":\"\",\"link\":\"\",\"imagedate\":\"2019-04-28 19:30:12\",\"hitcounter\":\"13\",\"total_value\":\"0\",\"total_votes\":\"0\",\"meta_data\":{\"aperture\":\"F 29\",\"credit\":false,\"camera\":\"Canon EOS 6D Mark II\",\"caption\":false,\"created_timestamp\":\"28 avril 2019 19 h 30 min\",\"copyright\":false,\"focal_length\":\"77min\",\"iso\":400,\"shutter_speed\":\"1\\\/0sec\",\"flash\":\"Not fired\",\"title\":false,\"keywords\":false,\"width\":1140,\"height\":760,\"saved\":true,\"thumbnail\":{\"width\":300,\"height\":200},\"webview\":{\"0\":1140,\"1\":760,\"2\":2,\"3\":\"width=\\\"1140\\\" height=\\\"760\\\"\",\"bits\":8,\"channels\":3,\"mime\":\"image\\\/jpeg\"}}},{\"pid\":\"21148\",\"filename\":\"kamacitrons-n010.jpg\",\"description\":\"<b>Meta Data<\\\/b><br><b>Aper\\u00e7u<\\\/b> F 29<br><b>Cam\\u00e9ra<\\\/b> Canon EOS 6D Mark II<br><b>Date\\\/Heure<\\\/b> 28 avril 2019 19 h 31 min<br><b>Distance Focale<\\\/b> 77min<br><b>ISO<\\\/b> 400<br><b>Vitesse de l'obturateur <\\\/b> 1\\\/0sec<br><b>Flash<\\\/b> Not fired<br><b>Image Width<\\\/b> 1140<br><b>Image Height<\\\/b> 760<br>\\r\\n<b>EXIF Data<\\\/b><br><b>Aper\\u00e7u<\\\/b> F 29<br><b>Date\\\/Heure<\\\/b> 28 avril 2019 19 h 31 min<br><b>Distance Focale<\\\/b> 77min<br><b>ISO<\\\/b> 400<br><b>Vitesse de l'obturateur <\\\/b> 1\\\/0sec<br><b>Flash<\\\/b> Not fired<br><b>Cam\\u00e9ra<\\\/b> Canon EOS 6D Mark II<br><b>Cr\\u00e9ation<\\\/b> Canon<br>\\r\\n<b>IPTC Data<\\\/b><br><b>Date de cr\\u00e9ation<\\\/b> 20190428<br><b>Heure de cr\\u00e9ation<\\\/b> 193135<br><b>Auteur<\\\/b> LOVISOLO-GUILLARD FRANK CESAR<br><b>Ville<\\\/b> Toulon<br><b>R\\u00e9gion\\\/D\\u00e9partement<\\\/b> Var<br><b>Code pays<\\\/b> FR<br><b>Pays<\\\/b> France<br>\\r\\n<b>XMP Data<\\\/b><br><b>Auteur<\\\/b> LOVISOLO-GUILLARD FRANK CESAR<br>\",\"alttext\":\"\",\"link\":\"\",\"imagedate\":\"2019-04-28 19:31:35\",\"hitcounter\":\"11\",\"total_value\":\"0\",\"total_votes\":\"0\",\"meta_data\":{\"aperture\":\"F 29\",\"credit\":false,\"camera\":\"Canon EOS 6D Mark II\",\"caption\":false,\"created_timestamp\":\"28 avril 2019 19 h 31 min\",\"copyright\":false,\"focal_length\":\"77min\",\"iso\":400,\"shutter_speed\":\"1\\\/0sec\",\"flash\":\"Not fired\",\"title\":false,\"keywords\":false,\"width\":1140,\"height\":760,\"saved\":true,\"thumbnail\":{\"width\":300,\"height\":200},\"webview\":{\"0\":1140,\"1\":760,\"2\":2,\"3\":\"width=\\\"1140\\\" height=\\\"760\\\"\",\"bits\":8,\"channels\":3,\"mime\":\"image\\\/jpeg\"}}},{\"pid\":\"21149\",\"filename\":\"kamacitrons-n011.jpg\",\"description\":\"<b>Meta Data<\\\/b><br><b>Aper\\u00e7u<\\\/b> F 29<br><b>Cam\\u00e9ra<\\\/b> Canon EOS 6D Mark II<br><b>Date\\\/Heure<\\\/b> 28 avril 2019 19 h 31 min<br><b>Distance Focale<\\\/b> 77min<br><b>ISO<\\\/b> 400<br><b>Vitesse de l'obturateur <\\\/b> 1\\\/0sec<br><b>Flash<\\\/b> Not fired<br><b>Image Width<\\\/b> 1140<br><b>Image Height<\\\/b> 760<br>\\r\\n<b>EXIF Data<\\\/b><br><b>Aper\\u00e7u<\\\/b> F 29<br><b>Date\\\/Heure<\\\/b> 28 avril 2019 19 h 31 min<br><b>Distance Focale<\\\/b> 77min<br><b>ISO<\\\/b> 400<br><b>Vitesse de l'obturateur <\\\/b> 1\\\/0sec<br><b>Flash<\\\/b> Not fired<br><b>Cam\\u00e9ra<\\\/b> Canon EOS 6D Mark II<br><b>Cr\\u00e9ation<\\\/b> Canon<br>\\r\\n<b>IPTC Data<\\\/b><br><b>Date de cr\\u00e9ation<\\\/b> 20190428<br><b>Heure de cr\\u00e9ation<\\\/b> 193159<br><b>Auteur<\\\/b> LOVISOLO-GUILLARD FRANK CESAR<br><b>Ville<\\\/b> Toulon<br><b>R\\u00e9gion\\\/D\\u00e9partement<\\\/b> Var<br><b>Code pays<\\\/b> FR<br><b>Pays<\\\/b> France<br>\\r\\n<b>XMP Data<\\\/b><br><b>Auteur<\\\/b> LOVISOLO-GUILLARD FRANK CESAR<br>\",\"alttext\":\"\",\"link\":\"\",\"imagedate\":\"2019-04-28 19:31:59\",\"hitcounter\":\"11\",\"total_value\":\"0\",\"total_votes\":\"0\",\"meta_data\":{\"aperture\":\"F 29\",\"credit\":false,\"camera\":\"Canon EOS 6D Mark II\",\"caption\":false,\"created_timestamp\":\"28 avril 2019 19 h 31 min\",\"copyright\":false,\"focal_length\":\"77min\",\"iso\":400,\"shutter_speed\":\"1\\\/0sec\",\"flash\":\"Not fired\",\"title\":false,\"keywords\":false,\"width\":1140,\"height\":760,\"saved\":true,\"thumbnail\":{\"width\":300,\"height\":200},\"webview\":{\"0\":1140,\"1\":760,\"2\":2,\"3\":\"width=\\\"1140\\\" height=\\\"760\\\"\",\"bits\":8,\"channels\":3,\"mime\":\"image\\\/jpeg\"}}},{\"pid\":\"21150\",\"filename\":\"kamacitrons-n012.jpg\",\"description\":\"<b>Meta Data<\\\/b><br><b>Aper\\u00e7u<\\\/b> F 29<br><b>Cam\\u00e9ra<\\\/b> Canon EOS 6D Mark II<br><b>Date\\\/Heure<\\\/b> 28 avril 2019 19 h 32 min<br><b>Distance Focale<\\\/b> 60min<br><b>ISO<\\\/b> 400<br><b>Vitesse de l'obturateur <\\\/b> 1\\\/0sec<br><b>Flash<\\\/b> Not fired<br><b>Image Width<\\\/b> 1140<br><b>Image Height<\\\/b> 760<br>\\r\\n<b>EXIF Data<\\\/b><br><b>Aper\\u00e7u<\\\/b> F 29<br><b>Date\\\/Heure<\\\/b> 28 avril 2019 19 h 32 min<br><b>Distance Focale<\\\/b> 60min<br><b>ISO<\\\/b> 400<br><b>Vitesse de l'obturateur <\\\/b> 1\\\/0sec<br><b>Flash<\\\/b> Not fired<br><b>Cam\\u00e9ra<\\\/b> Canon EOS 6D Mark II<br><b>Cr\\u00e9ation<\\\/b> Canon<br>\\r\\n<b>IPTC Data<\\\/b><br><b>Date de cr\\u00e9ation<\\\/b> 20190428<br><b>Heure de cr\\u00e9ation<\\\/b> 193244<br><b>Auteur<\\\/b> LOVISOLO-GUILLARD FRANK CESAR<br><b>Ville<\\\/b> Toulon<br><b>R\\u00e9gion\\\/D\\u00e9partement<\\\/b> Var<br><b>Code pays<\\\/b> FR<br><b>Pays<\\\/b> France<br>\\r\\n<b>XMP Data<\\\/b><br><b>Auteur<\\\/b> LOVISOLO-GUILLARD FRANK CESAR<br>\",\"alttext\":\"\",\"link\":\"\",\"imagedate\":\"2019-04-28 19:32:44\",\"hitcounter\":\"9\",\"total_value\":\"0\",\"total_votes\":\"0\",\"meta_data\":{\"aperture\":\"F 29\",\"credit\":false,\"camera\":\"Canon EOS 6D Mark II\",\"caption\":false,\"created_timestamp\":\"28 avril 2019 19 h 32 min\",\"copyright\":false,\"focal_length\":\"60min\",\"iso\":400,\"shutter_speed\":\"1\\\/0sec\",\"flash\":\"Not fired\",\"title\":false,\"keywords\":false,\"width\":1140,\"height\":760,\"saved\":true,\"thumbnail\":{\"width\":300,\"height\":200},\"webview\":{\"0\":1140,\"1\":760,\"2\":2,\"3\":\"width=\\\"1140\\\" height=\\\"760\\\"\",\"bits\":8,\"channels\":3,\"mime\":\"image\\\/jpeg\"}}},{\"pid\":\"21151\",\"filename\":\"kamacitrons-n013.jpg\",\"description\":\"<b>Meta Data<\\\/b><br><b>Aper\\u00e7u<\\\/b> F 29<br><b>Cam\\u00e9ra<\\\/b> Canon EOS 6D Mark II<br><b>Date\\\/Heure<\\\/b> 28 avril 2019 19 h 33 min<br><b>Distance Focale<\\\/b> 77min<br><b>ISO<\\\/b> 400<br><b>Vitesse de l'obturateur <\\\/b> 1sec<br><b>Flash<\\\/b> Not fired<br><b>Image Width<\\\/b> 1140<br><b>Image Height<\\\/b> 760<br>\\r\\n<b>EXIF Data<\\\/b><br><b>Aper\\u00e7u<\\\/b> F 29<br><b>Date\\\/Heure<\\\/b> 28 avril 2019 19 h 33 min<br><b>Distance Focale<\\\/b> 77min<br><b>ISO<\\\/b> 400<br><b>Vitesse de l'obturateur <\\\/b> 1sec<br><b>Flash<\\\/b> Not fired<br><b>Cam\\u00e9ra<\\\/b> Canon EOS 6D Mark II<br><b>Cr\\u00e9ation<\\\/b> Canon<br>\\r\\n<b>IPTC Data<\\\/b><br><b>Date de cr\\u00e9ation<\\\/b> 20190428<br><b>Heure de cr\\u00e9ation<\\\/b> 193337<br><b>Auteur<\\\/b> LOVISOLO-GUILLARD FRANK CESAR<br><b>Ville<\\\/b> Toulon<br><b>R\\u00e9gion\\\/D\\u00e9partement<\\\/b> Var<br><b>Code pays<\\\/b> FR<br><b>Pays<\\\/b> France<br>\\r\\n<b>XMP Data<\\\/b><br><b>Auteur<\\\/b> LOVISOLO-GUILLARD FRANK CESAR<br>\",\"alttext\":\"\",\"link\":\"\",\"imagedate\":\"2019-04-28 19:33:37\",\"hitcounter\":\"8\",\"total_value\":\"0\",\"total_votes\":\"0\",\"meta_data\":{\"aperture\":\"F 29\",\"credit\":false,\"camera\":\"Canon EOS 6D Mark II\",\"caption\":false,\"created_timestamp\":\"28 avril 2019 19 h 33 min\",\"copyright\":false,\"focal_length\":\"77min\",\"iso\":400,\"shutter_speed\":\"1sec\",\"flash\":\"Not fired\",\"title\":false,\"keywords\":false,\"width\":1140,\"height\":760,\"saved\":true,\"thumbnail\":{\"width\":300,\"height\":200},\"webview\":{\"0\":1140,\"1\":760,\"2\":2,\"3\":\"width=\\\"1140\\\" height=\\\"760\\\"\",\"bits\":8,\"channels\":3,\"mime\":\"image\\\/jpeg\"}}},{\"pid\":\"21152\",\"filename\":\"kamacitrons-n014.jpg\",\"description\":\"<b>Meta Data<\\\/b><br><b>Aper\\u00e7u<\\\/b> F 29<br><b>Cam\\u00e9ra<\\\/b> Canon EOS 6D Mark II<br><b>Date\\\/Heure<\\\/b> 28 avril 2019 19 h 34 min<br><b>Distance Focale<\\\/b> 77min<br><b>ISO<\\\/b> 400<br><b>Vitesse de l'obturateur <\\\/b> 1\\\/0sec<br><b>Flash<\\\/b> Not fired<br><b>Image Width<\\\/b> 1140<br><b>Image Height<\\\/b> 760<br>\\r\\n<b>EXIF Data<\\\/b><br><b>Aper\\u00e7u<\\\/b> F 29<br><b>Date\\\/Heure<\\\/b> 28 avril 2019 19 h 34 min<br><b>Distance Focale<\\\/b> 77min<br><b>ISO<\\\/b> 400<br><b>Vitesse de l'obturateur <\\\/b> 1\\\/0sec<br><b>Flash<\\\/b> Not fired<br><b>Cam\\u00e9ra<\\\/b> Canon EOS 6D Mark II<br><b>Cr\\u00e9ation<\\\/b> Canon<br>\\r\\n<b>IPTC Data<\\\/b><br><b>Date de cr\\u00e9ation<\\\/b> 20190428<br><b>Heure de cr\\u00e9ation<\\\/b> 193400<br><b>Auteur<\\\/b> LOVISOLO-GUILLARD FRANK CESAR<br><b>Ville<\\\/b> Toulon<br><b>R\\u00e9gion\\\/D\\u00e9partement<\\\/b> Var<br><b>Code pays<\\\/b> FR<br><b>Pays<\\\/b> France<br>\\r\\n<b>XMP Data<\\\/b><br><b>Auteur<\\\/b> LOVISOLO-GUILLARD FRANK CESAR<br>\",\"alttext\":\"\",\"link\":\"\",\"imagedate\":\"2019-04-28 19:34:00\",\"hitcounter\":\"9\",\"total_value\":\"0\",\"total_votes\":\"0\",\"meta_data\":{\"aperture\":\"F 29\",\"credit\":false,\"camera\":\"Canon EOS 6D Mark II\",\"caption\":false,\"created_timestamp\":\"28 avril 2019 19 h 34 min\",\"copyright\":false,\"focal_length\":\"77min\",\"iso\":400,\"shutter_speed\":\"1\\\/0sec\",\"flash\":\"Not fired\",\"title\":false,\"keywords\":false,\"width\":1140,\"height\":760,\"saved\":true,\"thumbnail\":{\"width\":300,\"height\":200},\"webview\":{\"0\":1140,\"1\":760,\"2\":2,\"3\":\"width=\\\"1140\\\" height=\\\"760\\\"\",\"bits\":8,\"channels\":3,\"mime\":\"image\\\/jpeg\"}}},{\"pid\":\"21153\",\"filename\":\"kamacitrons-n015.jpg\",\"description\":\"<b>Meta Data<\\\/b><br><b>Aper\\u00e7u<\\\/b> F 29<br><b>Cam\\u00e9ra<\\\/b> Canon EOS 6D Mark II<br><b>Date\\\/Heure<\\\/b> 28 avril 2019 19 h 34 min<br><b>Distance Focale<\\\/b> 77min<br><b>ISO<\\\/b> 400<br><b>Vitesse de l'obturateur <\\\/b> 1\\\/0sec<br><b>Flash<\\\/b> Not fired<br><b>Image Width<\\\/b> 1140<br><b>Image Height<\\\/b> 760<br>\\r\\n<b>EXIF Data<\\\/b><br><b>Aper\\u00e7u<\\\/b> F 29<br><b>Date\\\/Heure<\\\/b> 28 avril 2019 19 h 34 min<br><b>Distance Focale<\\\/b> 77min<br><b>ISO<\\\/b> 400<br><b>Vitesse de l'obturateur <\\\/b> 1\\\/0sec<br><b>Flash<\\\/b> Not fired<br><b>Cam\\u00e9ra<\\\/b> Canon EOS 6D Mark II<br><b>Cr\\u00e9ation<\\\/b> Canon<br>\\r\\n<b>IPTC Data<\\\/b><br><b>Date de cr\\u00e9ation<\\\/b> 20190428<br><b>Heure de cr\\u00e9ation<\\\/b> 193432<br><b>Auteur<\\\/b> LOVISOLO-GUILLARD FRANK CESAR<br><b>Ville<\\\/b> Toulon<br><b>R\\u00e9gion\\\/D\\u00e9partement<\\\/b> Var<br><b>Code pays<\\\/b> FR<br><b>Pays<\\\/b> France<br>\\r\\n<b>XMP Data<\\\/b><br><b>Auteur<\\\/b> LOVISOLO-GUILLARD FRANK CESAR<br>\",\"alttext\":\"\",\"link\":\"\",\"imagedate\":\"2019-04-28 19:34:32\",\"hitcounter\":\"9\",\"total_value\":\"0\",\"total_votes\":\"0\",\"meta_data\":{\"aperture\":\"F 29\",\"credit\":false,\"camera\":\"Canon EOS 6D Mark II\",\"caption\":false,\"created_timestamp\":\"28 avril 2019 19 h 34 min\",\"copyright\":false,\"focal_length\":\"77min\",\"iso\":400,\"shutter_speed\":\"1\\\/0sec\",\"flash\":\"Not fired\",\"title\":false,\"keywords\":false,\"width\":1140,\"height\":760,\"saved\":true,\"thumbnail\":{\"width\":300,\"height\":200},\"webview\":{\"0\":1140,\"1\":760,\"2\":2,\"3\":\"width=\\\"1140\\\" height=\\\"760\\\"\",\"bits\":8,\"channels\":3,\"mime\":\"image\\\/jpeg\"}}},{\"pid\":\"21154\",\"filename\":\"kamacitrons-n016.jpg\",\"description\":\"<b>Meta Data<\\\/b><br><b>Aper\\u00e7u<\\\/b> F 29<br><b>Cam\\u00e9ra<\\\/b> Canon EOS 6D Mark II<br><b>Date\\\/Heure<\\\/b> 28 avril 2019 19 h 35 min<br><b>Distance Focale<\\\/b> 77min<br><b>ISO<\\\/b> 400<br><b>Vitesse de l'obturateur <\\\/b> 1sec<br><b>Flash<\\\/b> Not fired<br><b>Image Width<\\\/b> 1140<br><b>Image Height<\\\/b> 760<br>\\r\\n<b>EXIF Data<\\\/b><br><b>Aper\\u00e7u<\\\/b> F 29<br><b>Date\\\/Heure<\\\/b> 28 avril 2019 19 h 35 min<br><b>Distance Focale<\\\/b> 77min<br><b>ISO<\\\/b> 400<br><b>Vitesse de l'obturateur <\\\/b> 1sec<br><b>Flash<\\\/b> Not fired<br><b>Cam\\u00e9ra<\\\/b> Canon EOS 6D Mark II<br><b>Cr\\u00e9ation<\\\/b> Canon<br>\\r\\n<b>IPTC Data<\\\/b><br><b>Date de cr\\u00e9ation<\\\/b> 20190428<br><b>Heure de cr\\u00e9ation<\\\/b> 193511<br><b>Auteur<\\\/b> LOVISOLO-GUILLARD FRANK CESAR<br><b>Ville<\\\/b> Toulon<br><b>R\\u00e9gion\\\/D\\u00e9partement<\\\/b> Var<br><b>Code pays<\\\/b> FR<br><b>Pays<\\\/b> France<br>\\r\\n<b>XMP Data<\\\/b><br><b>Auteur<\\\/b> LOVISOLO-GUILLARD FRANK CESAR<br>\",\"alttext\":\"\",\"link\":\"\",\"imagedate\":\"2019-04-28 19:35:11\",\"hitcounter\":\"8\",\"total_value\":\"0\",\"total_votes\":\"0\",\"meta_data\":{\"aperture\":\"F 29\",\"credit\":false,\"camera\":\"Canon EOS 6D Mark II\",\"caption\":false,\"created_timestamp\":\"28 avril 2019 19 h 35 min\",\"copyright\":false,\"focal_length\":\"77min\",\"iso\":400,\"shutter_speed\":\"1sec\",\"flash\":\"Not fired\",\"title\":false,\"keywords\":false,\"width\":1140,\"height\":760,\"saved\":true,\"thumbnail\":{\"width\":300,\"height\":200},\"webview\":{\"0\":1140,\"1\":760,\"2\":2,\"3\":\"width=\\\"1140\\\" height=\\\"760\\\"\",\"bits\":8,\"channels\":3,\"mime\":\"image\\\/jpeg\"}}},{\"pid\":\"21155\",\"filename\":\"kamacitrons-n017.jpg\",\"description\":\"<b>Meta Data<\\\/b><br><b>Aper\\u00e7u<\\\/b> F 29<br><b>Cam\\u00e9ra<\\\/b> Canon EOS 6D Mark II<br><b>Date\\\/Heure<\\\/b> 28 avril 2019 19 h 35 min<br><b>Distance Focale<\\\/b> 77min<br><b>ISO<\\\/b> 400<br><b>Vitesse de l'obturateur <\\\/b> 1sec<br><b>Flash<\\\/b> Not fired<br><b>Image Width<\\\/b> 1140<br><b>Image Height<\\\/b> 760<br>\\r\\n<b>EXIF Data<\\\/b><br><b>Aper\\u00e7u<\\\/b> F 29<br><b>Date\\\/Heure<\\\/b> 28 avril 2019 19 h 35 min<br><b>Distance Focale<\\\/b> 77min<br><b>ISO<\\\/b> 400<br><b>Vitesse de l'obturateur <\\\/b> 1sec<br><b>Flash<\\\/b> Not fired<br><b>Cam\\u00e9ra<\\\/b> Canon EOS 6D Mark II<br><b>Cr\\u00e9ation<\\\/b> Canon<br>\\r\\n<b>IPTC Data<\\\/b><br><b>Date de cr\\u00e9ation<\\\/b> 20190428<br><b>Heure de cr\\u00e9ation<\\\/b> 193551<br><b>Auteur<\\\/b> LOVISOLO-GUILLARD FRANK CESAR<br><b>Ville<\\\/b> Toulon<br><b>R\\u00e9gion\\\/D\\u00e9partement<\\\/b> Var<br><b>Code pays<\\\/b> FR<br><b>Pays<\\\/b> France<br>\\r\\n<b>XMP Data<\\\/b><br><b>Auteur<\\\/b> LOVISOLO-GUILLARD FRANK CESAR<br>\",\"alttext\":\"\",\"link\":\"\",\"imagedate\":\"2019-04-28 19:35:51\",\"hitcounter\":\"10\",\"total_value\":\"0\",\"total_votes\":\"0\",\"meta_data\":{\"aperture\":\"F 29\",\"credit\":false,\"camera\":\"Canon EOS 6D Mark II\",\"caption\":false,\"created_timestamp\":\"28 avril 2019 19 h 35 min\",\"copyright\":false,\"focal_length\":\"77min\",\"iso\":400,\"shutter_speed\":\"1sec\",\"flash\":\"Not fired\",\"title\":false,\"keywords\":false,\"width\":1140,\"height\":760,\"saved\":true,\"thumbnail\":{\"width\":300,\"height\":200},\"webview\":{\"0\":1140,\"1\":760,\"2\":2,\"3\":\"width=\\\"1140\\\" height=\\\"760\\\"\",\"bits\":8,\"channels\":3,\"mime\":\"image\\\/jpeg\"}}},{\"pid\":\"21156\",\"filename\":\"kamacitrons-n018.jpg\",\"description\":\"<b>Meta Data<\\\/b><br><b>Aper\\u00e7u<\\\/b> F 29<br><b>Cam\\u00e9ra<\\\/b> Canon EOS 6D Mark II<br><b>Date\\\/Heure<\\\/b> 28 avril 2019 19 h 36 min<br><b>Distance Focale<\\\/b> 77min<br><b>ISO<\\\/b> 400<br><b>Vitesse de l'obturateur <\\\/b> 1\\\/0sec<br><b>Flash<\\\/b> Not fired<br><b>Image Width<\\\/b> 1140<br><b>Image Height<\\\/b> 760<br>\\r\\n<b>EXIF Data<\\\/b><br><b>Aper\\u00e7u<\\\/b> F 29<br><b>Date\\\/Heure<\\\/b> 28 avril 2019 19 h 36 min<br><b>Distance Focale<\\\/b> 77min<br><b>ISO<\\\/b> 400<br><b>Vitesse de l'obturateur <\\\/b> 1\\\/0sec<br><b>Flash<\\\/b> Not fired<br><b>Cam\\u00e9ra<\\\/b> Canon EOS 6D Mark II<br><b>Cr\\u00e9ation<\\\/b> Canon<br>\\r\\n<b>IPTC Data<\\\/b><br><b>Date de cr\\u00e9ation<\\\/b> 20190428<br><b>Heure de cr\\u00e9ation<\\\/b> 193615<br><b>Auteur<\\\/b> LOVISOLO-GUILLARD FRANK CESAR<br><b>Ville<\\\/b> Toulon<br><b>R\\u00e9gion\\\/D\\u00e9partement<\\\/b> Var<br><b>Code pays<\\\/b> FR<br><b>Pays<\\\/b> France<br>\\r\\n<b>XMP Data<\\\/b><br><b>Auteur<\\\/b> LOVISOLO-GUILLARD FRANK CESAR<br>\",\"alttext\":\"\",\"link\":\"\",\"imagedate\":\"2019-04-28 19:36:15\",\"hitcounter\":\"11\",\"total_value\":\"0\",\"total_votes\":\"0\",\"meta_data\":{\"aperture\":\"F 29\",\"credit\":false,\"camera\":\"Canon EOS 6D Mark II\",\"caption\":false,\"created_timestamp\":\"28 avril 2019 19 h 36 min\",\"copyright\":false,\"focal_length\":\"77min\",\"iso\":400,\"shutter_speed\":\"1\\\/0sec\",\"flash\":\"Not fired\",\"title\":false,\"keywords\":false,\"width\":1140,\"height\":760,\"saved\":true,\"thumbnail\":{\"width\":300,\"height\":200},\"webview\":{\"0\":1140,\"1\":760,\"2\":2,\"3\":\"width=\\\"1140\\\" height=\\\"760\\\"\",\"bits\":8,\"channels\":3,\"mime\":\"image\\\/jpeg\"}}},{\"pid\":\"21157\",\"filename\":\"kamacitrons-n019.jpg\",\"description\":\"<b>Meta Data<\\\/b><br><b>Aper\\u00e7u<\\\/b> F 29<br><b>Cam\\u00e9ra<\\\/b> Canon EOS 6D Mark II<br><b>Date\\\/Heure<\\\/b> 28 avril 2019 19 h 37 min<br><b>Distance Focale<\\\/b> 77min<br><b>ISO<\\\/b> 400<br><b>Vitesse de l'obturateur <\\\/b> 1sec<br><b>Flash<\\\/b> Not fired<br><b>Image Width<\\\/b> 1140<br><b>Image Height<\\\/b> 760<br>\\r\\n<b>EXIF Data<\\\/b><br><b>Aper\\u00e7u<\\\/b> F 29<br><b>Date\\\/Heure<\\\/b> 28 avril 2019 19 h 37 min<br><b>Distance Focale<\\\/b> 77min<br><b>ISO<\\\/b> 400<br><b>Vitesse de l'obturateur <\\\/b> 1sec<br><b>Flash<\\\/b> Not fired<br><b>Cam\\u00e9ra<\\\/b> Canon EOS 6D Mark II<br><b>Cr\\u00e9ation<\\\/b> Canon<br>\\r\\n<b>IPTC Data<\\\/b><br><b>Date de cr\\u00e9ation<\\\/b> 20190428<br><b>Heure de cr\\u00e9ation<\\\/b> 193720<br><b>Auteur<\\\/b> LOVISOLO-GUILLARD FRANK CESAR<br><b>Ville<\\\/b> Toulon<br><b>R\\u00e9gion\\\/D\\u00e9partement<\\\/b> Var<br><b>Code pays<\\\/b> FR<br><b>Pays<\\\/b> France<br>\\r\\n<b>XMP Data<\\\/b><br><b>Auteur<\\\/b> LOVISOLO-GUILLARD FRANK CESAR<br>\",\"alttext\":\"\",\"link\":\"\",\"imagedate\":\"2019-04-28 19:37:20\",\"hitcounter\":\"8\",\"total_value\":\"0\",\"total_votes\":\"0\",\"meta_data\":{\"aperture\":\"F 29\",\"credit\":false,\"camera\":\"Canon EOS 6D Mark II\",\"caption\":false,\"created_timestamp\":\"28 avril 2019 19 h 37 min\",\"copyright\":false,\"focal_length\":\"77min\",\"iso\":400,\"shutter_speed\":\"1sec\",\"flash\":\"Not fired\",\"title\":false,\"keywords\":false,\"width\":1140,\"height\":760,\"saved\":true,\"thumbnail\":{\"width\":300,\"height\":200},\"webview\":{\"0\":1140,\"1\":760,\"2\":2,\"3\":\"width=\\\"1140\\\" height=\\\"760\\\"\",\"bits\":8,\"channels\":3,\"mime\":\"image\\\/jpeg\"}}},{\"pid\":\"21158\",\"filename\":\"kamacitrons-n020.jpg\",\"description\":\"<b>Meta Data<\\\/b><br><b>Aper\\u00e7u<\\\/b> F 29<br><b>Cam\\u00e9ra<\\\/b> Canon EOS 6D Mark II<br><b>Date\\\/Heure<\\\/b> 28 avril 2019 19 h 38 min<br><b>Distance Focale<\\\/b> 77min<br><b>ISO<\\\/b> 400<br><b>Vitesse de l'obturateur <\\\/b> 1\\\/0sec<br><b>Flash<\\\/b> Not fired<br><b>Image Width<\\\/b> 1140<br><b>Image Height<\\\/b> 760<br>\\r\\n<b>EXIF Data<\\\/b><br><b>Aper\\u00e7u<\\\/b> F 29<br><b>Date\\\/Heure<\\\/b> 28 avril 2019 19 h 38 min<br><b>Distance Focale<\\\/b> 77min<br><b>ISO<\\\/b> 400<br><b>Vitesse de l'obturateur <\\\/b> 1\\\/0sec<br><b>Flash<\\\/b> Not fired<br><b>Cam\\u00e9ra<\\\/b> Canon EOS 6D Mark II<br><b>Cr\\u00e9ation<\\\/b> Canon<br>\\r\\n<b>IPTC Data<\\\/b><br><b>Date de cr\\u00e9ation<\\\/b> 20190428<br><b>Heure de cr\\u00e9ation<\\\/b> 193801<br><b>Auteur<\\\/b> LOVISOLO-GUILLARD FRANK CESAR<br><b>Ville<\\\/b> Toulon<br><b>R\\u00e9gion\\\/D\\u00e9partement<\\\/b> Var<br><b>Code pays<\\\/b> FR<br><b>Pays<\\\/b> France<br>\\r\\n<b>XMP Data<\\\/b><br><b>Auteur<\\\/b> LOVISOLO-GUILLARD FRANK CESAR<br>\",\"alttext\":\"\",\"link\":\"\",\"imagedate\":\"2019-04-28 19:38:01\",\"hitcounter\":\"7\",\"total_value\":\"0\",\"total_votes\":\"0\",\"meta_data\":{\"aperture\":\"F 29\",\"credit\":false,\"camera\":\"Canon EOS 6D Mark II\",\"caption\":false,\"created_timestamp\":\"28 avril 2019 19 h 38 min\",\"copyright\":false,\"focal_length\":\"77min\",\"iso\":400,\"shutter_speed\":\"1\\\/0sec\",\"flash\":\"Not fired\",\"title\":false,\"keywords\":false,\"width\":1140,\"height\":760,\"saved\":true,\"thumbnail\":{\"width\":300,\"height\":200},\"webview\":{\"0\":1140,\"1\":760,\"2\":2,\"3\":\"width=\\\"1140\\\" height=\\\"760\\\"\",\"bits\":8,\"channels\":3,\"mime\":\"image\\\/jpeg\"}}},{\"pid\":\"21159\",\"filename\":\"kamacitrons-n021.jpg\",\"description\":\"<b>Meta Data<\\\/b><br><b>Aper\\u00e7u<\\\/b> F 29<br><b>Cam\\u00e9ra<\\\/b> Canon EOS 6D Mark II<br><b>Date\\\/Heure<\\\/b> 28 avril 2019 19 h 40 min<br><b>Distance Focale<\\\/b> 65min<br><b>ISO<\\\/b> 400<br><b>Vitesse de l'obturateur <\\\/b> 1\\\/0sec<br><b>Flash<\\\/b> Not fired<br><b>Image Width<\\\/b> 1140<br><b>Image Height<\\\/b> 760<br>\\r\\n<b>EXIF Data<\\\/b><br><b>Aper\\u00e7u<\\\/b> F 29<br><b>Date\\\/Heure<\\\/b> 28 avril 2019 19 h 40 min<br><b>Distance Focale<\\\/b> 65min<br><b>ISO<\\\/b> 400<br><b>Vitesse de l'obturateur <\\\/b> 1\\\/0sec<br><b>Flash<\\\/b> Not fired<br><b>Cam\\u00e9ra<\\\/b> Canon EOS 6D Mark II<br><b>Cr\\u00e9ation<\\\/b> Canon<br>\\r\\n<b>IPTC Data<\\\/b><br><b>Date de cr\\u00e9ation<\\\/b> 20190428<br><b>Heure de cr\\u00e9ation<\\\/b> 194004<br><b>Auteur<\\\/b> LOVISOLO-GUILLARD FRANK CESAR<br><b>Ville<\\\/b> Toulon<br><b>R\\u00e9gion\\\/D\\u00e9partement<\\\/b> Var<br><b>Code pays<\\\/b> FR<br><b>Pays<\\\/b> France<br>\\r\\n<b>XMP Data<\\\/b><br><b>Auteur<\\\/b> LOVISOLO-GUILLARD FRANK CESAR<br>\",\"alttext\":\"\",\"link\":\"\",\"imagedate\":\"2019-04-28 19:40:04\",\"hitcounter\":\"8\",\"total_value\":\"0\",\"total_votes\":\"0\",\"meta_data\":{\"aperture\":\"F 29\",\"credit\":false,\"camera\":\"Canon EOS 6D Mark II\",\"caption\":false,\"created_timestamp\":\"28 avril 2019 19 h 40 min\",\"copyright\":false,\"focal_length\":\"65min\",\"iso\":400,\"shutter_speed\":\"1\\\/0sec\",\"flash\":\"Not fired\",\"title\":false,\"keywords\":false,\"width\":1140,\"height\":760,\"saved\":true,\"thumbnail\":{\"width\":300,\"height\":200},\"webview\":{\"0\":1140,\"1\":760,\"2\":2,\"3\":\"width=\\\"1140\\\" height=\\\"760\\\"\",\"bits\":8,\"channels\":3,\"mime\":\"image\\\/jpeg\"}}},{\"pid\":\"21160\",\"filename\":\"kamacitrons-n022.jpg\",\"description\":\"<b>Meta Data<\\\/b><br><b>Aper\\u00e7u<\\\/b> F 29<br><b>Cam\\u00e9ra<\\\/b> Canon EOS 6D Mark II<br><b>Date\\\/Heure<\\\/b> 28 avril 2019 19 h 40 min<br><b>Distance Focale<\\\/b> 65min<br><b>ISO<\\\/b> 400<br><b>Vitesse de l'obturateur <\\\/b> 1\\\/0sec<br><b>Flash<\\\/b> Not fired<br><b>Image Width<\\\/b> 1140<br><b>Image Height<\\\/b> 760<br>\\r\\n<b>EXIF Data<\\\/b><br><b>Aper\\u00e7u<\\\/b> F 29<br><b>Date\\\/Heure<\\\/b> 28 avril 2019 19 h 40 min<br><b>Distance Focale<\\\/b> 65min<br><b>ISO<\\\/b> 400<br><b>Vitesse de l'obturateur <\\\/b> 1\\\/0sec<br><b>Flash<\\\/b> Not fired<br><b>Cam\\u00e9ra<\\\/b> Canon EOS 6D Mark II<br><b>Cr\\u00e9ation<\\\/b> Canon<br>\\r\\n<b>IPTC Data<\\\/b><br><b>Date de cr\\u00e9ation<\\\/b> 20190428<br><b>Heure de cr\\u00e9ation<\\\/b> 194056<br><b>Auteur<\\\/b> LOVISOLO-GUILLARD FRANK CESAR<br><b>Ville<\\\/b> Toulon<br><b>R\\u00e9gion\\\/D\\u00e9partement<\\\/b> Var<br><b>Code pays<\\\/b> FR<br><b>Pays<\\\/b> France<br>\\r\\n<b>XMP Data<\\\/b><br><b>Auteur<\\\/b> LOVISOLO-GUILLARD FRANK CESAR<br>\",\"alttext\":\"\",\"link\":\"\",\"imagedate\":\"2019-04-28 19:40:56\",\"hitcounter\":\"8\",\"total_value\":\"0\",\"total_votes\":\"0\",\"meta_data\":{\"aperture\":\"F 29\",\"credit\":false,\"camera\":\"Canon EOS 6D Mark II\",\"caption\":false,\"created_timestamp\":\"28 avril 2019 19 h 40 min\",\"copyright\":false,\"focal_length\":\"65min\",\"iso\":400,\"shutter_speed\":\"1\\\/0sec\",\"flash\":\"Not fired\",\"title\":false,\"keywords\":false,\"width\":1140,\"height\":760,\"saved\":true,\"thumbnail\":{\"width\":300,\"height\":200},\"webview\":{\"0\":1140,\"1\":760,\"2\":2,\"3\":\"width=\\\"1140\\\" height=\\\"760\\\"\",\"bits\":8,\"channels\":3,\"mime\":\"image\\\/jpeg\"}}},{\"pid\":\"21161\",\"filename\":\"kamacitrons-n023.jpg\",\"description\":\"<b>Meta Data<\\\/b><br><b>Aper\\u00e7u<\\\/b> F 29<br><b>Cam\\u00e9ra<\\\/b> Canon EOS 6D Mark II<br><b>Date\\\/Heure<\\\/b> 28 avril 2019 19 h 41 min<br><b>Distance Focale<\\\/b> 65min<br><b>ISO<\\\/b> 400<br><b>Vitesse de l'obturateur <\\\/b> 1\\\/0sec<br><b>Flash<\\\/b> Not fired<br><b>Image Width<\\\/b> 1140<br><b>Image Height<\\\/b> 760<br>\\r\\n<b>EXIF Data<\\\/b><br><b>Aper\\u00e7u<\\\/b> F 29<br><b>Date\\\/Heure<\\\/b> 28 avril 2019 19 h 41 min<br><b>Distance Focale<\\\/b> 65min<br><b>ISO<\\\/b> 400<br><b>Vitesse de l'obturateur <\\\/b> 1\\\/0sec<br><b>Flash<\\\/b> Not fired<br><b>Cam\\u00e9ra<\\\/b> Canon EOS 6D Mark II<br><b>Cr\\u00e9ation<\\\/b> Canon<br>\\r\\n<b>IPTC Data<\\\/b><br><b>Date de cr\\u00e9ation<\\\/b> 20190428<br><b>Heure de cr\\u00e9ation<\\\/b> 194122<br><b>Auteur<\\\/b> LOVISOLO-GUILLARD FRANK CESAR<br><b>Ville<\\\/b> Toulon<br><b>R\\u00e9gion\\\/D\\u00e9partement<\\\/b> Var<br><b>Code pays<\\\/b> FR<br><b>Pays<\\\/b> France<br>\\r\\n<b>XMP Data<\\\/b><br><b>Auteur<\\\/b> LOVISOLO-GUILLARD FRANK CESAR<br>\",\"alttext\":\"\",\"link\":\"\",\"imagedate\":\"2019-04-28 19:41:22\",\"hitcounter\":\"8\",\"total_value\":\"0\",\"total_votes\":\"0\",\"meta_data\":{\"aperture\":\"F 29\",\"credit\":false,\"camera\":\"Canon EOS 6D Mark II\",\"caption\":false,\"created_timestamp\":\"28 avril 2019 19 h 41 min\",\"copyright\":false,\"focal_length\":\"65min\",\"iso\":400,\"shutter_speed\":\"1\\\/0sec\",\"flash\":\"Not fired\",\"title\":false,\"keywords\":false,\"width\":1140,\"height\":760,\"saved\":true,\"thumbnail\":{\"width\":300,\"height\":200},\"webview\":{\"0\":1140,\"1\":760,\"2\":2,\"3\":\"width=\\\"1140\\\" height=\\\"760\\\"\",\"bits\":8,\"channels\":3,\"mime\":\"image\\\/jpeg\"}}},{\"pid\":\"21162\",\"filename\":\"kamacitrons-n024.jpg\",\"description\":\"<b>Meta Data<\\\/b><br><b>Aper\\u00e7u<\\\/b> F 29<br><b>Cam\\u00e9ra<\\\/b> Canon EOS 6D Mark II<br><b>Date\\\/Heure<\\\/b> 28 avril 2019 19 h 42 min<br><b>Distance Focale<\\\/b> 84min<br><b>ISO<\\\/b> 400<br><b>Vitesse de l'obturateur <\\\/b> 1sec<br><b>Flash<\\\/b> Not fired<br><b>Image Width<\\\/b> 1140<br><b>Image Height<\\\/b> 760<br>\\r\\n<b>EXIF Data<\\\/b><br><b>Aper\\u00e7u<\\\/b> F 29<br><b>Date\\\/Heure<\\\/b> 28 avril 2019 19 h 42 min<br><b>Distance Focale<\\\/b> 84min<br><b>ISO<\\\/b> 400<br><b>Vitesse de l'obturateur <\\\/b> 1sec<br><b>Flash<\\\/b> Not fired<br><b>Cam\\u00e9ra<\\\/b> Canon EOS 6D Mark II<br><b>Cr\\u00e9ation<\\\/b> Canon<br>\\r\\n<b>IPTC Data<\\\/b><br><b>Date de cr\\u00e9ation<\\\/b> 20190428<br><b>Heure de cr\\u00e9ation<\\\/b> 194211<br><b>Auteur<\\\/b> LOVISOLO-GUILLARD FRANK CESAR<br><b>Ville<\\\/b> Toulon<br><b>R\\u00e9gion\\\/D\\u00e9partement<\\\/b> Var<br><b>Code pays<\\\/b> FR<br><b>Pays<\\\/b> France<br>\\r\\n<b>XMP Data<\\\/b><br><b>Auteur<\\\/b> LOVISOLO-GUILLARD FRANK CESAR<br>\",\"alttext\":\"\",\"link\":\"\",\"imagedate\":\"2019-04-28 19:42:11\",\"hitcounter\":\"9\",\"total_value\":\"0\",\"total_votes\":\"0\",\"meta_data\":{\"aperture\":\"F 29\",\"credit\":false,\"camera\":\"Canon EOS 6D Mark II\",\"caption\":false,\"created_timestamp\":\"28 avril 2019 19 h 42 min\",\"copyright\":false,\"focal_length\":\"84min\",\"iso\":400,\"shutter_speed\":\"1sec\",\"flash\":\"Not fired\",\"title\":false,\"keywords\":false,\"width\":1140,\"height\":760,\"saved\":true,\"thumbnail\":{\"width\":300,\"height\":200},\"webview\":{\"0\":1140,\"1\":760,\"2\":2,\"3\":\"width=\\\"1140\\\" height=\\\"760\\\"\",\"bits\":8,\"channels\":3,\"mime\":\"image\\\/jpeg\"}}},{\"pid\":\"21163\",\"filename\":\"kamacitrons-n025.jpg\",\"description\":\"<b>Meta Data<\\\/b><br><b>Aper\\u00e7u<\\\/b> F 29<br><b>Cam\\u00e9ra<\\\/b> Canon EOS 6D Mark II<br><b>Date\\\/Heure<\\\/b> 28 avril 2019 19 h 42 min<br><b>Distance Focale<\\\/b> 84min<br><b>ISO<\\\/b> 400<br><b>Vitesse de l'obturateur <\\\/b> 1\\\/0sec<br><b>Flash<\\\/b> Not fired<br><b>Image Width<\\\/b> 1140<br><b>Image Height<\\\/b> 760<br>\\r\\n<b>EXIF Data<\\\/b><br><b>Aper\\u00e7u<\\\/b> F 29<br><b>Date\\\/Heure<\\\/b> 28 avril 2019 19 h 42 min<br><b>Distance Focale<\\\/b> 84min<br><b>ISO<\\\/b> 400<br><b>Vitesse de l'obturateur <\\\/b> 1\\\/0sec<br><b>Flash<\\\/b> Not fired<br><b>Cam\\u00e9ra<\\\/b> Canon EOS 6D Mark II<br><b>Cr\\u00e9ation<\\\/b> Canon<br>\\r\\n<b>IPTC Data<\\\/b><br><b>Date de cr\\u00e9ation<\\\/b> 20190428<br><b>Heure de cr\\u00e9ation<\\\/b> 194256<br><b>Auteur<\\\/b> LOVISOLO-GUILLARD FRANK CESAR<br><b>Ville<\\\/b> Toulon<br><b>R\\u00e9gion\\\/D\\u00e9partement<\\\/b> Var<br><b>Code pays<\\\/b> FR<br><b>Pays<\\\/b> France<br>\\r\\n<b>XMP Data<\\\/b><br><b>Auteur<\\\/b> LOVISOLO-GUILLARD FRANK CESAR<br>\",\"alttext\":\"\",\"link\":\"\",\"imagedate\":\"2019-04-28 19:42:56\",\"hitcounter\":\"8\",\"total_value\":\"0\",\"total_votes\":\"0\",\"meta_data\":{\"aperture\":\"F 29\",\"credit\":false,\"camera\":\"Canon EOS 6D Mark II\",\"caption\":false,\"created_timestamp\":\"28 avril 2019 19 h 42 min\",\"copyright\":false,\"focal_length\":\"84min\",\"iso\":400,\"shutter_speed\":\"1\\\/0sec\",\"flash\":\"Not fired\",\"title\":false,\"keywords\":false,\"width\":1140,\"height\":760,\"saved\":true,\"thumbnail\":{\"width\":300,\"height\":200},\"webview\":{\"0\":1140,\"1\":760,\"2\":2,\"3\":\"width=\\\"1140\\\" height=\\\"760\\\"\",\"bits\":8,\"channels\":3,\"mime\":\"image\\\/jpeg\"}}},{\"pid\":\"21164\",\"filename\":\"kamacitrons-n026.jpg\",\"description\":\"<b>Meta Data<\\\/b><br><b>Aper\\u00e7u<\\\/b> F 29<br><b>Cam\\u00e9ra<\\\/b> Canon EOS 6D Mark II<br><b>Date\\\/Heure<\\\/b> 28 avril 2019 19 h 43 min<br><b>Distance Focale<\\\/b> 84min<br><b>ISO<\\\/b> 400<br><b>Vitesse de l'obturateur <\\\/b> 1\\\/0sec<br><b>Flash<\\\/b> Not fired<br><b>Image Width<\\\/b> 1140<br><b>Image Height<\\\/b> 760<br>\\r\\n<b>EXIF Data<\\\/b><br><b>Aper\\u00e7u<\\\/b> F 29<br><b>Date\\\/Heure<\\\/b> 28 avril 2019 19 h 43 min<br><b>Distance Focale<\\\/b> 84min<br><b>ISO<\\\/b> 400<br><b>Vitesse de l'obturateur <\\\/b> 1\\\/0sec<br><b>Flash<\\\/b> Not fired<br><b>Cam\\u00e9ra<\\\/b> Canon EOS 6D Mark II<br><b>Cr\\u00e9ation<\\\/b> Canon<br>\\r\\n<b>IPTC Data<\\\/b><br><b>Date de cr\\u00e9ation<\\\/b> 20190428<br><b>Heure de cr\\u00e9ation<\\\/b> 194325<br><b>Auteur<\\\/b> LOVISOLO-GUILLARD FRANK CESAR<br><b>Ville<\\\/b> Toulon<br><b>R\\u00e9gion\\\/D\\u00e9partement<\\\/b> Var<br><b>Code pays<\\\/b> FR<br><b>Pays<\\\/b> France<br>\\r\\n<b>XMP Data<\\\/b><br><b>Auteur<\\\/b> LOVISOLO-GUILLARD FRANK CESAR<br>\",\"alttext\":\"\",\"link\":\"\",\"imagedate\":\"2019-04-28 19:43:25\",\"hitcounter\":\"8\",\"total_value\":\"0\",\"total_votes\":\"0\",\"meta_data\":{\"aperture\":\"F 29\",\"credit\":false,\"camera\":\"Canon EOS 6D Mark II\",\"caption\":false,\"created_timestamp\":\"28 avril 2019 19 h 43 min\",\"copyright\":false,\"focal_length\":\"84min\",\"iso\":400,\"shutter_speed\":\"1\\\/0sec\",\"flash\":\"Not fired\",\"title\":false,\"keywords\":false,\"width\":1140,\"height\":760,\"saved\":true,\"thumbnail\":{\"width\":300,\"height\":200},\"webview\":{\"0\":1140,\"1\":760,\"2\":2,\"3\":\"width=\\\"1140\\\" height=\\\"760\\\"\",\"bits\":8,\"channels\":3,\"mime\":\"image\\\/jpeg\"}}},{\"pid\":\"21165\",\"filename\":\"kamacitrons-n027.jpg\",\"description\":\"<b>Meta Data<\\\/b><br><b>Aper\\u00e7u<\\\/b> F 29<br><b>Cam\\u00e9ra<\\\/b> Canon EOS 6D Mark II<br><b>Date\\\/Heure<\\\/b> 28 avril 2019 19 h 43 min<br><b>Distance Focale<\\\/b> 84min<br><b>ISO<\\\/b> 400<br><b>Vitesse de l'obturateur <\\\/b> 1\\\/0sec<br><b>Flash<\\\/b> Not fired<br><b>Image Width<\\\/b> 1140<br><b>Image Height<\\\/b> 760<br>\\r\\n<b>EXIF Data<\\\/b><br><b>Aper\\u00e7u<\\\/b> F 29<br><b>Date\\\/Heure<\\\/b> 28 avril 2019 19 h 43 min<br><b>Distance Focale<\\\/b> 84min<br><b>ISO<\\\/b> 400<br><b>Vitesse de l'obturateur <\\\/b> 1\\\/0sec<br><b>Flash<\\\/b> Not fired<br><b>Cam\\u00e9ra<\\\/b> Canon EOS 6D Mark II<br><b>Cr\\u00e9ation<\\\/b> Canon<br>\\r\\n<b>IPTC Data<\\\/b><br><b>Date de cr\\u00e9ation<\\\/b> 20190428<br><b>Heure de cr\\u00e9ation<\\\/b> 194358<br><b>Auteur<\\\/b> LOVISOLO-GUILLARD FRANK CESAR<br><b>Ville<\\\/b> Toulon<br><b>R\\u00e9gion\\\/D\\u00e9partement<\\\/b> Var<br><b>Code pays<\\\/b> FR<br><b>Pays<\\\/b> France<br>\\r\\n<b>XMP Data<\\\/b><br><b>Auteur<\\\/b> LOVISOLO-GUILLARD FRANK CESAR<br>\",\"alttext\":\"\",\"link\":\"\",\"imagedate\":\"2019-04-28 19:43:58\",\"hitcounter\":\"10\",\"total_value\":\"0\",\"total_votes\":\"0\",\"meta_data\":{\"aperture\":\"F 29\",\"credit\":false,\"camera\":\"Canon EOS 6D Mark II\",\"caption\":false,\"created_timestamp\":\"28 avril 2019 19 h 43 min\",\"copyright\":false,\"focal_length\":\"84min\",\"iso\":400,\"shutter_speed\":\"1\\\/0sec\",\"flash\":\"Not fired\",\"title\":false,\"keywords\":false,\"width\":1140,\"height\":760,\"saved\":true,\"thumbnail\":{\"width\":300,\"height\":200},\"webview\":{\"0\":1140,\"1\":760,\"2\":2,\"3\":\"width=\\\"1140\\\" height=\\\"760\\\"\",\"bits\":8,\"channels\":3,\"mime\":\"image\\\/jpeg\"}}},{\"pid\":\"21166\",\"filename\":\"kamacitrons-n028.jpg\",\"description\":\"<b>Meta Data<\\\/b><br><b>Aper\\u00e7u<\\\/b> F 25<br><b>Cam\\u00e9ra<\\\/b> Canon EOS 6D Mark II<br><b>Date\\\/Heure<\\\/b> 28 avril 2019 19 h 45 min<br><b>Distance Focale<\\\/b> 50min<br><b>ISO<\\\/b> 400<br><b>Vitesse de l'obturateur <\\\/b> 1sec<br><b>Flash<\\\/b> Not fired<br><b>Image Width<\\\/b> 1140<br><b>Image Height<\\\/b> 760<br>\\r\\n<b>EXIF Data<\\\/b><br><b>Aper\\u00e7u<\\\/b> F 25<br><b>Date\\\/Heure<\\\/b> 28 avril 2019 19 h 45 min<br><b>Distance Focale<\\\/b> 50min<br><b>ISO<\\\/b> 400<br><b>Vitesse de l'obturateur <\\\/b> 1sec<br><b>Flash<\\\/b> Not fired<br><b>Cam\\u00e9ra<\\\/b> Canon EOS 6D Mark II<br><b>Cr\\u00e9ation<\\\/b> Canon<br>\\r\\n<b>IPTC Data<\\\/b><br><b>Date de cr\\u00e9ation<\\\/b> 20190428<br><b>Heure de cr\\u00e9ation<\\\/b> 194515<br><b>Auteur<\\\/b> LOVISOLO-GUILLARD FRANK CESAR<br><b>Ville<\\\/b> Toulon<br><b>R\\u00e9gion\\\/D\\u00e9partement<\\\/b> Var<br><b>Code pays<\\\/b> FR<br><b>Pays<\\\/b> France<br>\\r\\n<b>XMP Data<\\\/b><br><b>Auteur<\\\/b> LOVISOLO-GUILLARD FRANK CESAR<br>\",\"alttext\":\"\",\"link\":\"\",\"imagedate\":\"2019-04-28 19:45:15\",\"hitcounter\":\"6\",\"total_value\":\"0\",\"total_votes\":\"0\",\"meta_data\":{\"aperture\":\"F 25\",\"credit\":false,\"camera\":\"Canon EOS 6D Mark II\",\"caption\":false,\"created_timestamp\":\"28 avril 2019 19 h 45 min\",\"copyright\":false,\"focal_length\":\"50min\",\"iso\":400,\"shutter_speed\":\"1sec\",\"flash\":\"Not fired\",\"title\":false,\"keywords\":false,\"width\":1140,\"height\":760,\"saved\":true,\"thumbnail\":{\"width\":300,\"height\":200},\"webview\":{\"0\":1140,\"1\":760,\"2\":2,\"3\":\"width=\\\"1140\\\" height=\\\"760\\\"\",\"bits\":8,\"channels\":3,\"mime\":\"image\\\/jpeg\"}}},{\"pid\":\"21167\",\"filename\":\"kamacitrons-n029.jpg\",\"description\":\"<b>Meta Data<\\\/b><br><b>Aper\\u00e7u<\\\/b> F 25<br><b>Cam\\u00e9ra<\\\/b> Canon EOS 6D Mark II<br><b>Date\\\/Heure<\\\/b> 28 avril 2019 19 h 45 min<br><b>Distance Focale<\\\/b> 50min<br><b>ISO<\\\/b> 400<br><b>Vitesse de l'obturateur <\\\/b> 1\\\/0sec<br><b>Flash<\\\/b> Not fired<br><b>Image Width<\\\/b> 1140<br><b>Image Height<\\\/b> 760<br>\\r\\n<b>EXIF Data<\\\/b><br><b>Aper\\u00e7u<\\\/b> F 25<br><b>Date\\\/Heure<\\\/b> 28 avril 2019 19 h 45 min<br><b>Distance Focale<\\\/b> 50min<br><b>ISO<\\\/b> 400<br><b>Vitesse de l'obturateur <\\\/b> 1\\\/0sec<br><b>Flash<\\\/b> Not fired<br><b>Cam\\u00e9ra<\\\/b> Canon EOS 6D Mark II<br><b>Cr\\u00e9ation<\\\/b> Canon<br>\\r\\n<b>IPTC Data<\\\/b><br><b>Date de cr\\u00e9ation<\\\/b> 20190428<br><b>Heure de cr\\u00e9ation<\\\/b> 194541<br><b>Auteur<\\\/b> LOVISOLO-GUILLARD FRANK CESAR<br><b>Ville<\\\/b> Toulon<br><b>R\\u00e9gion\\\/D\\u00e9partement<\\\/b> Var<br><b>Code pays<\\\/b> FR<br><b>Pays<\\\/b> France<br>\\r\\n<b>XMP Data<\\\/b><br><b>Auteur<\\\/b> LOVISOLO-GUILLARD FRANK CESAR<br>\",\"alttext\":\"\",\"link\":\"\",\"imagedate\":\"2019-04-28 19:45:41\",\"hitcounter\":\"6\",\"total_value\":\"0\",\"total_votes\":\"0\",\"meta_data\":{\"aperture\":\"F 25\",\"credit\":false,\"camera\":\"Canon EOS 6D Mark II\",\"caption\":false,\"created_timestamp\":\"28 avril 2019 19 h 45 min\",\"copyright\":false,\"focal_length\":\"50min\",\"iso\":400,\"shutter_speed\":\"1\\\/0sec\",\"flash\":\"Not fired\",\"title\":false,\"keywords\":false,\"width\":1140,\"height\":760,\"saved\":true,\"thumbnail\":{\"width\":300,\"height\":200},\"webview\":{\"0\":1140,\"1\":760,\"2\":2,\"3\":\"width=\\\"1140\\\" height=\\\"760\\\"\",\"bits\":8,\"channels\":3,\"mime\":\"image\\\/jpeg\"}}},{\"pid\":\"21168\",\"filename\":\"kamacitrons-n030.jpg\",\"description\":\"<b>Meta Data<\\\/b><br><b>Aper\\u00e7u<\\\/b> F 29<br><b>Cam\\u00e9ra<\\\/b> Canon EOS 6D Mark II<br><b>Date\\\/Heure<\\\/b> 28 avril 2019 19 h 46 min<br><b>Distance Focale<\\\/b> 84min<br><b>ISO<\\\/b> 400<br><b>Vitesse de l'obturateur <\\\/b> 1\\\/0sec<br><b>Flash<\\\/b> Not fired<br><b>Image Width<\\\/b> 1140<br><b>Image Height<\\\/b> 760<br>\\r\\n<b>EXIF Data<\\\/b><br><b>Aper\\u00e7u<\\\/b> F 29<br><b>Date\\\/Heure<\\\/b> 28 avril 2019 19 h 46 min<br><b>Distance Focale<\\\/b> 84min<br><b>ISO<\\\/b> 400<br><b>Vitesse de l'obturateur <\\\/b> 1\\\/0sec<br><b>Flash<\\\/b> Not fired<br><b>Cam\\u00e9ra<\\\/b> Canon EOS 6D Mark II<br><b>Cr\\u00e9ation<\\\/b> Canon<br>\\r\\n<b>IPTC Data<\\\/b><br><b>Date de cr\\u00e9ation<\\\/b> 20190428<br><b>Heure de cr\\u00e9ation<\\\/b> 194613<br><b>Auteur<\\\/b> LOVISOLO-GUILLARD FRANK CESAR<br><b>Ville<\\\/b> Toulon<br><b>R\\u00e9gion\\\/D\\u00e9partement<\\\/b> Var<br><b>Code pays<\\\/b> FR<br><b>Pays<\\\/b> France<br>\\r\\n<b>XMP Data<\\\/b><br><b>Auteur<\\\/b> LOVISOLO-GUILLARD FRANK CESAR<br>\",\"alttext\":\"\",\"link\":\"\",\"imagedate\":\"2019-04-28 19:46:13\",\"hitcounter\":\"7\",\"total_value\":\"0\",\"total_votes\":\"0\",\"meta_data\":{\"aperture\":\"F 29\",\"credit\":false,\"camera\":\"Canon EOS 6D Mark II\",\"caption\":false,\"created_timestamp\":\"28 avril 2019 19 h 46 min\",\"copyright\":false,\"focal_length\":\"84min\",\"iso\":400,\"shutter_speed\":\"1\\\/0sec\",\"flash\":\"Not fired\",\"title\":false,\"keywords\":false,\"width\":1140,\"height\":760,\"saved\":true,\"thumbnail\":{\"width\":300,\"height\":200},\"webview\":{\"0\":1140,\"1\":760,\"2\":2,\"3\":\"width=\\\"1140\\\" height=\\\"760\\\"\",\"bits\":8,\"channels\":3,\"mime\":\"image\\\/jpeg\"}}},{\"pid\":\"21169\",\"filename\":\"kamacitrons-n031.jpg\",\"description\":\"<b>Meta Data<\\\/b><br><b>Aper\\u00e7u<\\\/b> F 29<br><b>Cam\\u00e9ra<\\\/b> Canon EOS 6D Mark II<br><b>Date\\\/Heure<\\\/b> 28 avril 2019 19 h 46 min<br><b>Distance Focale<\\\/b> 84min<br><b>ISO<\\\/b> 400<br><b>Vitesse de l'obturateur <\\\/b> 1\\\/0sec<br><b>Flash<\\\/b> Not fired<br><b>Image Width<\\\/b> 1140<br><b>Image Height<\\\/b> 760<br>\\r\\n<b>EXIF Data<\\\/b><br><b>Aper\\u00e7u<\\\/b> F 29<br><b>Date\\\/Heure<\\\/b> 28 avril 2019 19 h 46 min<br><b>Distance Focale<\\\/b> 84min<br><b>ISO<\\\/b> 400<br><b>Vitesse de l'obturateur <\\\/b> 1\\\/0sec<br><b>Flash<\\\/b> Not fired<br><b>Cam\\u00e9ra<\\\/b> Canon EOS 6D Mark II<br><b>Cr\\u00e9ation<\\\/b> Canon<br>\\r\\n<b>IPTC Data<\\\/b><br><b>Date de cr\\u00e9ation<\\\/b> 20190428<br><b>Heure de cr\\u00e9ation<\\\/b> 194637<br><b>Auteur<\\\/b> LOVISOLO-GUILLARD FRANK CESAR<br><b>Ville<\\\/b> Toulon<br><b>R\\u00e9gion\\\/D\\u00e9partement<\\\/b> Var<br><b>Code pays<\\\/b> FR<br><b>Pays<\\\/b> France<br>\\r\\n<b>XMP Data<\\\/b><br><b>Auteur<\\\/b> LOVISOLO-GUILLARD FRANK CESAR<br>\",\"alttext\":\"\",\"link\":\"\",\"imagedate\":\"2019-04-28 19:46:37\",\"hitcounter\":\"7\",\"total_value\":\"0\",\"total_votes\":\"0\",\"meta_data\":{\"aperture\":\"F 29\",\"credit\":false,\"camera\":\"Canon EOS 6D Mark II\",\"caption\":false,\"created_timestamp\":\"28 avril 2019 19 h 46 min\",\"copyright\":false,\"focal_length\":\"84min\",\"iso\":400,\"shutter_speed\":\"1\\\/0sec\",\"flash\":\"Not fired\",\"title\":false,\"keywords\":false,\"width\":1140,\"height\":760,\"saved\":true,\"thumbnail\":{\"width\":300,\"height\":200},\"webview\":{\"0\":1140,\"1\":760,\"2\":2,\"3\":\"width=\\\"1140\\\" height=\\\"760\\\"\",\"bits\":8,\"channels\":3,\"mime\":\"image\\\/jpeg\"}}},{\"pid\":\"21170\",\"filename\":\"kamacitrons-n032.jpg\",\"description\":\"<b>Meta Data<\\\/b><br><b>Aper\\u00e7u<\\\/b> F 29<br><b>Cam\\u00e9ra<\\\/b> Canon EOS 6D Mark II<br><b>Date\\\/Heure<\\\/b> 28 avril 2019 19 h 47 min<br><b>Distance Focale<\\\/b> 65min<br><b>ISO<\\\/b> 400<br><b>Vitesse de l'obturateur <\\\/b> 1\\\/0sec<br><b>Flash<\\\/b> Not fired<br><b>Image Width<\\\/b> 1140<br><b>Image Height<\\\/b> 760<br>\\r\\n<b>EXIF Data<\\\/b><br><b>Aper\\u00e7u<\\\/b> F 29<br><b>Date\\\/Heure<\\\/b> 28 avril 2019 19 h 47 min<br><b>Distance Focale<\\\/b> 65min<br><b>ISO<\\\/b> 400<br><b>Vitesse de l'obturateur <\\\/b> 1\\\/0sec<br><b>Flash<\\\/b> Not fired<br><b>Cam\\u00e9ra<\\\/b> Canon EOS 6D Mark II<br><b>Cr\\u00e9ation<\\\/b> Canon<br>\\r\\n<b>IPTC Data<\\\/b><br><b>Date de cr\\u00e9ation<\\\/b> 20190428<br><b>Heure de cr\\u00e9ation<\\\/b> 194711<br><b>Auteur<\\\/b> LOVISOLO-GUILLARD FRANK CESAR<br><b>Ville<\\\/b> Toulon<br><b>R\\u00e9gion\\\/D\\u00e9partement<\\\/b> Var<br><b>Code pays<\\\/b> FR<br><b>Pays<\\\/b> France<br>\\r\\n<b>XMP Data<\\\/b><br><b>Auteur<\\\/b> LOVISOLO-GUILLARD FRANK CESAR<br>\",\"alttext\":\"\",\"link\":\"\",\"imagedate\":\"2019-04-28 19:47:11\",\"hitcounter\":\"6\",\"total_value\":\"0\",\"total_votes\":\"0\",\"meta_data\":{\"aperture\":\"F 29\",\"credit\":false,\"camera\":\"Canon EOS 6D Mark II\",\"caption\":false,\"created_timestamp\":\"28 avril 2019 19 h 47 min\",\"copyright\":false,\"focal_length\":\"65min\",\"iso\":400,\"shutter_speed\":\"1\\\/0sec\",\"flash\":\"Not fired\",\"title\":false,\"keywords\":false,\"width\":1140,\"height\":760,\"saved\":true,\"thumbnail\":{\"width\":300,\"height\":200},\"webview\":{\"0\":1140,\"1\":760,\"2\":2,\"3\":\"width=\\\"1140\\\" height=\\\"760\\\"\",\"bits\":8,\"channels\":3,\"mime\":\"image\\\/jpeg\"}}},{\"pid\":\"21171\",\"filename\":\"kamacitrons-n033.jpg\",\"description\":\"<b>Meta Data<\\\/b><br><b>Aper\\u00e7u<\\\/b> F 29<br><b>Cam\\u00e9ra<\\\/b> Canon EOS 6D Mark II<br><b>Date\\\/Heure<\\\/b> 28 avril 2019 19 h 48 min<br><b>Distance Focale<\\\/b> 65min<br><b>ISO<\\\/b> 400<br><b>Vitesse de l'obturateur <\\\/b> 1sec<br><b>Flash<\\\/b> Not fired<br><b>Image Width<\\\/b> 1140<br><b>Image Height<\\\/b> 760<br>\\r\\n<b>EXIF Data<\\\/b><br><b>Aper\\u00e7u<\\\/b> F 29<br><b>Date\\\/Heure<\\\/b> 28 avril 2019 19 h 48 min<br><b>Distance Focale<\\\/b> 65min<br><b>ISO<\\\/b> 400<br><b>Vitesse de l'obturateur <\\\/b> 1sec<br><b>Flash<\\\/b> Not fired<br><b>Cam\\u00e9ra<\\\/b> Canon EOS 6D Mark II<br><b>Cr\\u00e9ation<\\\/b> Canon<br>\\r\\n<b>IPTC Data<\\\/b><br><b>Date de cr\\u00e9ation<\\\/b> 20190428<br><b>Heure de cr\\u00e9ation<\\\/b> 194852<br><b>Auteur<\\\/b> LOVISOLO-GUILLARD FRANK CESAR<br><b>Ville<\\\/b> Toulon<br><b>R\\u00e9gion\\\/D\\u00e9partement<\\\/b> Var<br><b>Code pays<\\\/b> FR<br><b>Pays<\\\/b> France<br>\\r\\n<b>XMP Data<\\\/b><br><b>Auteur<\\\/b> LOVISOLO-GUILLARD FRANK CESAR<br>\",\"alttext\":\"\",\"link\":\"\",\"imagedate\":\"2019-04-28 19:48:52\",\"hitcounter\":\"5\",\"total_value\":\"0\",\"total_votes\":\"0\",\"meta_data\":{\"aperture\":\"F 29\",\"credit\":false,\"camera\":\"Canon EOS 6D Mark II\",\"caption\":false,\"created_timestamp\":\"28 avril 2019 19 h 48 min\",\"copyright\":false,\"focal_length\":\"65min\",\"iso\":400,\"shutter_speed\":\"1sec\",\"flash\":\"Not fired\",\"title\":false,\"keywords\":false,\"width\":1140,\"height\":760,\"saved\":true,\"thumbnail\":{\"width\":300,\"height\":200},\"webview\":{\"0\":1140,\"1\":760,\"2\":2,\"3\":\"width=\\\"1140\\\" height=\\\"760\\\"\",\"bits\":8,\"channels\":3,\"mime\":\"image\\\/jpeg\"}}},{\"pid\":\"21172\",\"filename\":\"kamacitrons-n034.jpg\",\"description\":\"<b>Meta Data<\\\/b><br><b>Aper\\u00e7u<\\\/b> F 29<br><b>Cam\\u00e9ra<\\\/b> Canon EOS 6D Mark II<br><b>Date\\\/Heure<\\\/b> 28 avril 2019 19 h 49 min<br><b>Distance Focale<\\\/b> 109min<br><b>ISO<\\\/b> 400<br><b>Vitesse de l'obturateur <\\\/b> 1\\\/0sec<br><b>Flash<\\\/b> Not fired<br><b>Image Width<\\\/b> 1140<br><b>Image Height<\\\/b> 760<br>\\r\\n<b>EXIF Data<\\\/b><br><b>Aper\\u00e7u<\\\/b> F 29<br><b>Date\\\/Heure<\\\/b> 28 avril 2019 19 h 49 min<br><b>Distance Focale<\\\/b> 109min<br><b>ISO<\\\/b> 400<br><b>Vitesse de l'obturateur <\\\/b> 1\\\/0sec<br><b>Flash<\\\/b> Not fired<br><b>Cam\\u00e9ra<\\\/b> Canon EOS 6D Mark II<br><b>Cr\\u00e9ation<\\\/b> Canon<br>\\r\\n<b>IPTC Data<\\\/b><br><b>Date de cr\\u00e9ation<\\\/b> 20190428<br><b>Heure de cr\\u00e9ation<\\\/b> 194930<br><b>Auteur<\\\/b> LOVISOLO-GUILLARD FRANK CESAR<br><b>Ville<\\\/b> Toulon<br><b>R\\u00e9gion\\\/D\\u00e9partement<\\\/b> Var<br><b>Code pays<\\\/b> FR<br><b>Pays<\\\/b> France<br>\\r\\n<b>XMP Data<\\\/b><br><b>Auteur<\\\/b> LOVISOLO-GUILLARD FRANK CESAR<br>\",\"alttext\":\"\",\"link\":\"\",\"imagedate\":\"2019-04-28 19:49:30\",\"hitcounter\":\"7\",\"total_value\":\"0\",\"total_votes\":\"0\",\"meta_data\":{\"aperture\":\"F 29\",\"credit\":false,\"camera\":\"Canon EOS 6D Mark II\",\"caption\":false,\"created_timestamp\":\"28 avril 2019 19 h 49 min\",\"copyright\":false,\"focal_length\":\"109min\",\"iso\":400,\"shutter_speed\":\"1\\\/0sec\",\"flash\":\"Not fired\",\"title\":false,\"keywords\":false,\"width\":1140,\"height\":760,\"saved\":true,\"thumbnail\":{\"width\":300,\"height\":200},\"webview\":{\"0\":1140,\"1\":760,\"2\":2,\"3\":\"width=\\\"1140\\\" height=\\\"760\\\"\",\"bits\":8,\"channels\":3,\"mime\":\"image\\\/jpeg\"}}},{\"pid\":\"21173\",\"filename\":\"kamacitrons-n035.jpg\",\"description\":\"<b>Meta Data<\\\/b><br><b>Aper\\u00e7u<\\\/b> F 29<br><b>Cam\\u00e9ra<\\\/b> Canon EOS 6D Mark II<br><b>Date\\\/Heure<\\\/b> 28 avril 2019 19 h 51 min<br><b>Distance Focale<\\\/b> 92min<br><b>ISO<\\\/b> 400<br><b>Vitesse de l'obturateur <\\\/b> 1sec<br><b>Flash<\\\/b> Not fired<br><b>Image Width<\\\/b> 1140<br><b>Image Height<\\\/b> 760<br>\\r\\n<b>EXIF Data<\\\/b><br><b>Aper\\u00e7u<\\\/b> F 29<br><b>Date\\\/Heure<\\\/b> 28 avril 2019 19 h 51 min<br><b>Distance Focale<\\\/b> 92min<br><b>ISO<\\\/b> 400<br><b>Vitesse de l'obturateur <\\\/b> 1sec<br><b>Flash<\\\/b> Not fired<br><b>Cam\\u00e9ra<\\\/b> Canon EOS 6D Mark II<br><b>Cr\\u00e9ation<\\\/b> Canon<br>\\r\\n<b>IPTC Data<\\\/b><br><b>Date de cr\\u00e9ation<\\\/b> 20190428<br><b>Heure de cr\\u00e9ation<\\\/b> 195141<br><b>Auteur<\\\/b> LOVISOLO-GUILLARD FRANK CESAR<br><b>Ville<\\\/b> Toulon<br><b>R\\u00e9gion\\\/D\\u00e9partement<\\\/b> Var<br><b>Code pays<\\\/b> FR<br><b>Pays<\\\/b> France<br>\\r\\n<b>XMP Data<\\\/b><br><b>Auteur<\\\/b> LOVISOLO-GUILLARD FRANK CESAR<br>\",\"alttext\":\"\",\"link\":\"\",\"imagedate\":\"2019-04-28 19:51:41\",\"hitcounter\":\"7\",\"total_value\":\"0\",\"total_votes\":\"0\",\"meta_data\":{\"aperture\":\"F 29\",\"credit\":false,\"camera\":\"Canon EOS 6D Mark II\",\"caption\":false,\"created_timestamp\":\"28 avril 2019 19 h 51 min\",\"copyright\":false,\"focal_length\":\"92min\",\"iso\":400,\"shutter_speed\":\"1sec\",\"flash\":\"Not fired\",\"title\":false,\"keywords\":false,\"width\":1140,\"height\":760,\"saved\":true,\"thumbnail\":{\"width\":300,\"height\":200},\"webview\":{\"0\":1140,\"1\":760,\"2\":2,\"3\":\"width=\\\"1140\\\" height=\\\"760\\\"\",\"bits\":8,\"channels\":3,\"mime\":\"image\\\/jpeg\"}}},{\"pid\":\"21174\",\"filename\":\"kamacitrons-n036.jpg\",\"description\":\"<b>Meta Data<\\\/b><br><b>Aper\\u00e7u<\\\/b> F 29<br><b>Cam\\u00e9ra<\\\/b> Canon EOS 6D Mark II<br><b>Date\\\/Heure<\\\/b> 28 avril 2019 19 h 52 min<br><b>Distance Focale<\\\/b> 119min<br><b>ISO<\\\/b> 400<br><b>Vitesse de l'obturateur <\\\/b> 1\\\/0sec<br><b>Flash<\\\/b> Not fired<br><b>Image Width<\\\/b> 1140<br><b>Image Height<\\\/b> 760<br>\\r\\n<b>EXIF Data<\\\/b><br><b>Aper\\u00e7u<\\\/b> F 29<br><b>Date\\\/Heure<\\\/b> 28 avril 2019 19 h 52 min<br><b>Distance Focale<\\\/b> 119min<br><b>ISO<\\\/b> 400<br><b>Vitesse de l'obturateur <\\\/b> 1\\\/0sec<br><b>Flash<\\\/b> Not fired<br><b>Cam\\u00e9ra<\\\/b> Canon EOS 6D Mark II<br><b>Cr\\u00e9ation<\\\/b> Canon<br>\\r\\n<b>IPTC Data<\\\/b><br><b>Date de cr\\u00e9ation<\\\/b> 20190428<br><b>Heure de cr\\u00e9ation<\\\/b> 195214<br><b>Auteur<\\\/b> LOVISOLO-GUILLARD FRANK CESAR<br><b>Ville<\\\/b> Toulon<br><b>R\\u00e9gion\\\/D\\u00e9partement<\\\/b> Var<br><b>Code pays<\\\/b> FR<br><b>Pays<\\\/b> France<br>\\r\\n<b>XMP Data<\\\/b><br><b>Auteur<\\\/b> LOVISOLO-GUILLARD FRANK CESAR<br>\",\"alttext\":\"\",\"link\":\"\",\"imagedate\":\"2019-04-28 19:52:14\",\"hitcounter\":\"7\",\"total_value\":\"0\",\"total_votes\":\"0\",\"meta_data\":{\"aperture\":\"F 29\",\"credit\":false,\"camera\":\"Canon EOS 6D Mark II\",\"caption\":false,\"created_timestamp\":\"28 avril 2019 19 h 52 min\",\"copyright\":false,\"focal_length\":\"119min\",\"iso\":400,\"shutter_speed\":\"1\\\/0sec\",\"flash\":\"Not fired\",\"title\":false,\"keywords\":false,\"width\":1140,\"height\":760,\"saved\":true,\"thumbnail\":{\"width\":300,\"height\":200},\"webview\":{\"0\":1140,\"1\":760,\"2\":2,\"3\":\"width=\\\"1140\\\" height=\\\"760\\\"\",\"bits\":8,\"channels\":3,\"mime\":\"image\\\/jpeg\"}}},{\"pid\":\"21177\",\"filename\":\"kamacitrons-n039.jpg\",\"description\":\"<b>Meta Data<\\\/b><br><b>Aper\\u00e7u<\\\/b> F 29<br><b>Cam\\u00e9ra<\\\/b> Canon EOS 6D Mark II<br><b>Date\\\/Heure<\\\/b> 28 avril 2019 19 h 54 min<br><b>Distance Focale<\\\/b> 84min<br><b>ISO<\\\/b> 400<br><b>Vitesse de l'obturateur <\\\/b> 1\\\/0sec<br><b>Flash<\\\/b> Not fired<br><b>Image Width<\\\/b> 1140<br><b>Image Height<\\\/b> 760<br>\\r\\n<b>EXIF Data<\\\/b><br><b>Aper\\u00e7u<\\\/b> F 29<br><b>Date\\\/Heure<\\\/b> 28 avril 2019 19 h 54 min<br><b>Distance Focale<\\\/b> 84min<br><b>ISO<\\\/b> 400<br><b>Vitesse de l'obturateur <\\\/b> 1\\\/0sec<br><b>Flash<\\\/b> Not fired<br><b>Cam\\u00e9ra<\\\/b> Canon EOS 6D Mark II<br><b>Cr\\u00e9ation<\\\/b> Canon<br>\\r\\n<b>IPTC Data<\\\/b><br><b>Date de cr\\u00e9ation<\\\/b> 20190428<br><b>Heure de cr\\u00e9ation<\\\/b> 195405<br><b>Auteur<\\\/b> LOVISOLO-GUILLARD FRANK CESAR<br><b>Ville<\\\/b> Toulon<br><b>R\\u00e9gion\\\/D\\u00e9partement<\\\/b> Var<br><b>Code pays<\\\/b> FR<br><b>Pays<\\\/b> France<br>\\r\\n<b>XMP Data<\\\/b><br><b>Auteur<\\\/b> LOVISOLO-GUILLARD FRANK CESAR<br>\",\"alttext\":\"\",\"link\":\"\",\"imagedate\":\"2019-04-28 19:54:05\",\"hitcounter\":\"8\",\"total_value\":\"0\",\"total_votes\":\"0\",\"meta_data\":{\"aperture\":\"F 29\",\"credit\":false,\"camera\":\"Canon EOS 6D Mark II\",\"caption\":false,\"created_timestamp\":\"28 avril 2019 19 h 54 min\",\"copyright\":false,\"focal_length\":\"84min\",\"iso\":400,\"shutter_speed\":\"1\\\/0sec\",\"flash\":\"Not fired\",\"title\":false,\"keywords\":false,\"width\":1140,\"height\":760,\"saved\":true,\"thumbnail\":{\"width\":300,\"height\":200},\"webview\":{\"0\":1140,\"1\":760,\"2\":2,\"3\":\"width=\\\"1140\\\" height=\\\"760\\\"\",\"bits\":8,\"channels\":3,\"mime\":\"image\\\/jpeg\"}}},{\"pid\":\"21178\",\"filename\":\"kamacitrons-n040.jpg\",\"description\":\"<b>Meta Data<\\\/b><br><b>Aper\\u00e7u<\\\/b> F 29<br><b>Cam\\u00e9ra<\\\/b> Canon EOS 6D Mark II<br><b>Date\\\/Heure<\\\/b> 28 avril 2019 19 h 55 min<br><b>Distance Focale<\\\/b> 92min<br><b>ISO<\\\/b> 400<br><b>Vitesse de l'obturateur <\\\/b> 1\\\/0sec<br><b>Flash<\\\/b> Not fired<br><b>Image Width<\\\/b> 1140<br><b>Image Height<\\\/b> 760<br>\\r\\n<b>EXIF Data<\\\/b><br><b>Aper\\u00e7u<\\\/b> F 29<br><b>Date\\\/Heure<\\\/b> 28 avril 2019 19 h 55 min<br><b>Distance Focale<\\\/b> 92min<br><b>ISO<\\\/b> 400<br><b>Vitesse de l'obturateur <\\\/b> 1\\\/0sec<br><b>Flash<\\\/b> Not fired<br><b>Cam\\u00e9ra<\\\/b> Canon EOS 6D Mark II<br><b>Cr\\u00e9ation<\\\/b> Canon<br>\\r\\n<b>IPTC Data<\\\/b><br><b>Date de cr\\u00e9ation<\\\/b> 20190428<br><b>Heure de cr\\u00e9ation<\\\/b> 195512<br><b>Auteur<\\\/b> LOVISOLO-GUILLARD FRANK CESAR<br><b>Ville<\\\/b> Toulon<br><b>R\\u00e9gion\\\/D\\u00e9partement<\\\/b> Var<br><b>Code pays<\\\/b> FR<br><b>Pays<\\\/b> France<br>\\r\\n<b>XMP Data<\\\/b><br><b>Auteur<\\\/b> LOVISOLO-GUILLARD FRANK CESAR<br>\",\"alttext\":\"\",\"link\":\"\",\"imagedate\":\"2019-04-28 19:55:12\",\"hitcounter\":\"6\",\"total_value\":\"0\",\"total_votes\":\"0\",\"meta_data\":{\"aperture\":\"F 29\",\"credit\":false,\"camera\":\"Canon EOS 6D Mark II\",\"caption\":false,\"created_timestamp\":\"28 avril 2019 19 h 55 min\",\"copyright\":false,\"focal_length\":\"92min\",\"iso\":400,\"shutter_speed\":\"1\\\/0sec\",\"flash\":\"Not fired\",\"title\":false,\"keywords\":false,\"width\":1140,\"height\":760,\"saved\":true,\"thumbnail\":{\"width\":300,\"height\":200},\"webview\":{\"0\":1140,\"1\":760,\"2\":2,\"3\":\"width=\\\"1140\\\" height=\\\"760\\\"\",\"bits\":8,\"channels\":3,\"mime\":\"image\\\/jpeg\"}}},{\"pid\":\"21179\",\"filename\":\"kamacitrons-n041.jpg\",\"description\":\"<b>Meta Data<\\\/b><br><b>Aper\\u00e7u<\\\/b> F 29<br><b>Cam\\u00e9ra<\\\/b> Canon EOS 6D Mark II<br><b>Date\\\/Heure<\\\/b> 28 avril 2019 19 h 55 min<br><b>Distance Focale<\\\/b> 92min<br><b>ISO<\\\/b> 400<br><b>Vitesse de l'obturateur <\\\/b> 1\\\/0sec<br><b>Flash<\\\/b> Not fired<br><b>Image Width<\\\/b> 1140<br><b>Image Height<\\\/b> 760<br>\\r\\n<b>EXIF Data<\\\/b><br><b>Aper\\u00e7u<\\\/b> F 29<br><b>Date\\\/Heure<\\\/b> 28 avril 2019 19 h 55 min<br><b>Distance Focale<\\\/b> 92min<br><b>ISO<\\\/b> 400<br><b>Vitesse de l'obturateur <\\\/b> 1\\\/0sec<br><b>Flash<\\\/b> Not fired<br><b>Cam\\u00e9ra<\\\/b> Canon EOS 6D Mark II<br><b>Cr\\u00e9ation<\\\/b> Canon<br>\\r\\n<b>IPTC Data<\\\/b><br><b>Date de cr\\u00e9ation<\\\/b> 20190428<br><b>Heure de cr\\u00e9ation<\\\/b> 195556<br><b>Auteur<\\\/b> LOVISOLO-GUILLARD FRANK CESAR<br><b>Ville<\\\/b> Toulon<br><b>R\\u00e9gion\\\/D\\u00e9partement<\\\/b> Var<br><b>Code pays<\\\/b> FR<br><b>Pays<\\\/b> France<br>\\r\\n<b>XMP Data<\\\/b><br><b>Auteur<\\\/b> LOVISOLO-GUILLARD FRANK CESAR<br>\",\"alttext\":\"\",\"link\":\"\",\"imagedate\":\"2019-04-28 19:55:56\",\"hitcounter\":\"7\",\"total_value\":\"0\",\"total_votes\":\"0\",\"meta_data\":{\"aperture\":\"F 29\",\"credit\":false,\"camera\":\"Canon EOS 6D Mark II\",\"caption\":false,\"created_timestamp\":\"28 avril 2019 19 h 55 min\",\"copyright\":false,\"focal_length\":\"92min\",\"iso\":400,\"shutter_speed\":\"1\\\/0sec\",\"flash\":\"Not fired\",\"title\":false,\"keywords\":false,\"width\":1140,\"height\":760,\"saved\":true,\"thumbnail\":{\"width\":300,\"height\":200},\"webview\":{\"0\":1140,\"1\":760,\"2\":2,\"3\":\"width=\\\"1140\\\" height=\\\"760\\\"\",\"bits\":8,\"channels\":3,\"mime\":\"image\\\/jpeg\"}}},{\"pid\":\"21180\",\"filename\":\"kamacitrons-n042.jpg\",\"description\":\"<b>Meta Data<\\\/b><br><b>Aper\\u00e7u<\\\/b> F 29<br><b>Cam\\u00e9ra<\\\/b> Canon EOS 6D Mark II<br><b>Date\\\/Heure<\\\/b> 28 avril 2019 19 h 57 min<br><b>Distance Focale<\\\/b> 92min<br><b>ISO<\\\/b> 400<br><b>Vitesse de l'obturateur <\\\/b> 1\\\/0sec<br><b>Flash<\\\/b> Not fired<br><b>Image Width<\\\/b> 1140<br><b>Image Height<\\\/b> 760<br>\\r\\n<b>EXIF Data<\\\/b><br><b>Aper\\u00e7u<\\\/b> F 29<br><b>Date\\\/Heure<\\\/b> 28 avril 2019 19 h 57 min<br><b>Distance Focale<\\\/b> 92min<br><b>ISO<\\\/b> 400<br><b>Vitesse de l'obturateur <\\\/b> 1\\\/0sec<br><b>Flash<\\\/b> Not fired<br><b>Cam\\u00e9ra<\\\/b> Canon EOS 6D Mark II<br><b>Cr\\u00e9ation<\\\/b> Canon<br>\\r\\n<b>IPTC Data<\\\/b><br><b>Date de cr\\u00e9ation<\\\/b> 20190428<br><b>Heure de cr\\u00e9ation<\\\/b> 195720<br><b>Auteur<\\\/b> LOVISOLO-GUILLARD FRANK CESAR<br><b>Ville<\\\/b> Toulon<br><b>R\\u00e9gion\\\/D\\u00e9partement<\\\/b> Var<br><b>Code pays<\\\/b> FR<br><b>Pays<\\\/b> France<br>\\r\\n<b>XMP Data<\\\/b><br><b>Auteur<\\\/b> LOVISOLO-GUILLARD FRANK CESAR<br>\",\"alttext\":\"\",\"link\":\"\",\"imagedate\":\"2019-04-28 19:57:20\",\"hitcounter\":\"7\",\"total_value\":\"0\",\"total_votes\":\"0\",\"meta_data\":{\"aperture\":\"F 29\",\"credit\":false,\"camera\":\"Canon EOS 6D Mark II\",\"caption\":false,\"created_timestamp\":\"28 avril 2019 19 h 57 min\",\"copyright\":false,\"focal_length\":\"92min\",\"iso\":400,\"shutter_speed\":\"1\\\/0sec\",\"flash\":\"Not fired\",\"title\":false,\"keywords\":false,\"width\":1140,\"height\":760,\"saved\":true,\"thumbnail\":{\"width\":300,\"height\":200},\"webview\":{\"0\":1140,\"1\":760,\"2\":2,\"3\":\"width=\\\"1140\\\" height=\\\"760\\\"\",\"bits\":8,\"channels\":3,\"mime\":\"image\\\/jpeg\"}}},{\"pid\":\"21181\",\"filename\":\"kamacitrons-n043.jpg\",\"description\":\"<b>Meta Data<\\\/b><br><b>Aper\\u00e7u<\\\/b> F 29<br><b>Cam\\u00e9ra<\\\/b> Canon EOS 6D Mark II<br><b>Date\\\/Heure<\\\/b> 28 avril 2019 19 h 58 min<br><b>Distance Focale<\\\/b> 92min<br><b>ISO<\\\/b> 400<br><b>Vitesse de l'obturateur <\\\/b> 1\\\/0sec<br><b>Flash<\\\/b> Not fired<br><b>Image Width<\\\/b> 1140<br><b>Image Height<\\\/b> 760<br>\\r\\n<b>EXIF Data<\\\/b><br><b>Aper\\u00e7u<\\\/b> F 29<br><b>Date\\\/Heure<\\\/b> 28 avril 2019 19 h 58 min<br><b>Distance Focale<\\\/b> 92min<br><b>ISO<\\\/b> 400<br><b>Vitesse de l'obturateur <\\\/b> 1\\\/0sec<br><b>Flash<\\\/b> Not fired<br><b>Cam\\u00e9ra<\\\/b> Canon EOS 6D Mark II<br><b>Cr\\u00e9ation<\\\/b> Canon<br>\\r\\n<b>IPTC Data<\\\/b><br><b>Date de cr\\u00e9ation<\\\/b> 20190428<br><b>Heure de cr\\u00e9ation<\\\/b> 195800<br><b>Auteur<\\\/b> LOVISOLO-GUILLARD FRANK CESAR<br><b>Ville<\\\/b> Toulon<br><b>R\\u00e9gion\\\/D\\u00e9partement<\\\/b> Var<br><b>Code pays<\\\/b> FR<br><b>Pays<\\\/b> France<br>\\r\\n<b>XMP Data<\\\/b><br><b>Auteur<\\\/b> LOVISOLO-GUILLARD FRANK CESAR<br>\",\"alttext\":\"\",\"link\":\"\",\"imagedate\":\"2019-04-28 19:58:00\",\"hitcounter\":\"8\",\"total_value\":\"0\",\"total_votes\":\"0\",\"meta_data\":{\"aperture\":\"F 29\",\"credit\":false,\"camera\":\"Canon EOS 6D Mark II\",\"caption\":false,\"created_timestamp\":\"28 avril 2019 19 h 58 min\",\"copyright\":false,\"focal_length\":\"92min\",\"iso\":400,\"shutter_speed\":\"1\\\/0sec\",\"flash\":\"Not fired\",\"title\":false,\"keywords\":false,\"width\":1140,\"height\":760,\"saved\":true,\"thumbnail\":{\"width\":300,\"height\":200},\"webview\":{\"0\":1140,\"1\":760,\"2\":2,\"3\":\"width=\\\"1140\\\" height=\\\"760\\\"\",\"bits\":8,\"channels\":3,\"mime\":\"image\\\/jpeg\"}}},{\"pid\":\"21182\",\"filename\":\"kamacitrons-n044.jpg\",\"description\":\"<b>Meta Data<\\\/b><br><b>Aper\\u00e7u<\\\/b> F 29<br><b>Cam\\u00e9ra<\\\/b> Canon EOS 6D Mark II<br><b>Date\\\/Heure<\\\/b> 28 avril 2019 19 h 58 min<br><b>Distance Focale<\\\/b> 92min<br><b>ISO<\\\/b> 400<br><b>Vitesse de l'obturateur <\\\/b> 1sec<br><b>Flash<\\\/b> Not fired<br><b>Image Width<\\\/b> 1140<br><b>Image Height<\\\/b> 760<br>\\r\\n<b>EXIF Data<\\\/b><br><b>Aper\\u00e7u<\\\/b> F 29<br><b>Date\\\/Heure<\\\/b> 28 avril 2019 19 h 58 min<br><b>Distance Focale<\\\/b> 92min<br><b>ISO<\\\/b> 400<br><b>Vitesse de l'obturateur <\\\/b> 1sec<br><b>Flash<\\\/b> Not fired<br><b>Cam\\u00e9ra<\\\/b> Canon EOS 6D Mark II<br><b>Cr\\u00e9ation<\\\/b> Canon<br>\\r\\n<b>IPTC Data<\\\/b><br><b>Date de cr\\u00e9ation<\\\/b> 20190428<br><b>Heure de cr\\u00e9ation<\\\/b> 195824<br><b>Auteur<\\\/b> LOVISOLO-GUILLARD FRANK CESAR<br><b>Ville<\\\/b> Toulon<br><b>R\\u00e9gion\\\/D\\u00e9partement<\\\/b> Var<br><b>Code pays<\\\/b> FR<br><b>Pays<\\\/b> France<br>\\r\\n<b>XMP Data<\\\/b><br><b>Auteur<\\\/b> LOVISOLO-GUILLARD FRANK CESAR<br>\",\"alttext\":\"\",\"link\":\"\",\"imagedate\":\"2019-04-28 19:58:24\",\"hitcounter\":\"8\",\"total_value\":\"0\",\"total_votes\":\"0\",\"meta_data\":{\"aperture\":\"F 29\",\"credit\":false,\"camera\":\"Canon EOS 6D Mark II\",\"caption\":false,\"created_timestamp\":\"28 avril 2019 19 h 58 min\",\"copyright\":false,\"focal_length\":\"92min\",\"iso\":400,\"shutter_speed\":\"1sec\",\"flash\":\"Not fired\",\"title\":false,\"keywords\":false,\"width\":1140,\"height\":760,\"saved\":true,\"thumbnail\":{\"width\":300,\"height\":200},\"webview\":{\"0\":1140,\"1\":760,\"2\":2,\"3\":\"width=\\\"1140\\\" height=\\\"760\\\"\",\"bits\":8,\"channels\":3,\"mime\":\"image\\\/jpeg\"}}},{\"pid\":\"21183\",\"filename\":\"kamacitrons-n045.jpg\",\"description\":\"<b>Meta Data<\\\/b><br><b>Aper\\u00e7u<\\\/b> F 29<br><b>Cam\\u00e9ra<\\\/b> Canon EOS 6D Mark II<br><b>Date\\\/Heure<\\\/b> 28 avril 2019 20 h 03 min<br><b>Distance Focale<\\\/b> 92min<br><b>ISO<\\\/b> 400<br><b>Vitesse de l'obturateur <\\\/b> 1\\\/0sec<br><b>Flash<\\\/b> Not fired<br><b>Image Width<\\\/b> 1140<br><b>Image Height<\\\/b> 760<br>\\r\\n<b>EXIF Data<\\\/b><br><b>Aper\\u00e7u<\\\/b> F 29<br><b>Date\\\/Heure<\\\/b> 28 avril 2019 20 h 03 min<br><b>Distance Focale<\\\/b> 92min<br><b>ISO<\\\/b> 400<br><b>Vitesse de l'obturateur <\\\/b> 1\\\/0sec<br><b>Flash<\\\/b> Not fired<br><b>Cam\\u00e9ra<\\\/b> Canon EOS 6D Mark II<br><b>Cr\\u00e9ation<\\\/b> Canon<br>\\r\\n<b>IPTC Data<\\\/b><br><b>Date de cr\\u00e9ation<\\\/b> 20190428<br><b>Heure de cr\\u00e9ation<\\\/b> 200300<br><b>Auteur<\\\/b> LOVISOLO-GUILLARD FRANK CESAR<br><b>Ville<\\\/b> Toulon<br><b>R\\u00e9gion\\\/D\\u00e9partement<\\\/b> Var<br><b>Code pays<\\\/b> FR<br><b>Pays<\\\/b> France<br>\\r\\n<b>XMP Data<\\\/b><br><b>Auteur<\\\/b> LOVISOLO-GUILLARD FRANK CESAR<br>\",\"alttext\":\"\",\"link\":\"\",\"imagedate\":\"2019-04-28 20:03:00\",\"hitcounter\":\"8\",\"total_value\":\"0\",\"total_votes\":\"0\",\"meta_data\":{\"aperture\":\"F 29\",\"credit\":false,\"camera\":\"Canon EOS 6D Mark II\",\"caption\":false,\"created_timestamp\":\"28 avril 2019 20 h 03 min\",\"copyright\":false,\"focal_length\":\"92min\",\"iso\":400,\"shutter_speed\":\"1\\\/0sec\",\"flash\":\"Not fired\",\"title\":false,\"keywords\":false,\"width\":1140,\"height\":760,\"saved\":true,\"thumbnail\":{\"width\":300,\"height\":200},\"webview\":{\"0\":1140,\"1\":760,\"2\":2,\"3\":\"width=\\\"1140\\\" height=\\\"760\\\"\",\"bits\":8,\"channels\":3,\"mime\":\"image\\\/jpeg\"}}},{\"pid\":\"21184\",\"filename\":\"kamacitrons-n046.jpg\",\"description\":\"<b>Meta Data<\\\/b><br><b>Aper\\u00e7u<\\\/b> F 29<br><b>Cam\\u00e9ra<\\\/b> Canon EOS 6D Mark II<br><b>Date\\\/Heure<\\\/b> 28 avril 2019 20 h 03 min<br><b>Distance Focale<\\\/b> 92min<br><b>ISO<\\\/b> 400<br><b>Vitesse de l'obturateur <\\\/b> 1\\\/0sec<br><b>Flash<\\\/b> Not fired<br><b>Image Width<\\\/b> 1140<br><b>Image Height<\\\/b> 760<br>\\r\\n<b>EXIF Data<\\\/b><br><b>Aper\\u00e7u<\\\/b> F 29<br><b>Date\\\/Heure<\\\/b> 28 avril 2019 20 h 03 min<br><b>Distance Focale<\\\/b> 92min<br><b>ISO<\\\/b> 400<br><b>Vitesse de l'obturateur <\\\/b> 1\\\/0sec<br><b>Flash<\\\/b> Not fired<br><b>Cam\\u00e9ra<\\\/b> Canon EOS 6D Mark II<br><b>Cr\\u00e9ation<\\\/b> Canon<br>\\r\\n<b>IPTC Data<\\\/b><br><b>Date de cr\\u00e9ation<\\\/b> 20190428<br><b>Heure de cr\\u00e9ation<\\\/b> 200318<br><b>Auteur<\\\/b> LOVISOLO-GUILLARD FRANK CESAR<br><b>Ville<\\\/b> Toulon<br><b>R\\u00e9gion\\\/D\\u00e9partement<\\\/b> Var<br><b>Code pays<\\\/b> FR<br><b>Pays<\\\/b> France<br>\\r\\n<b>XMP Data<\\\/b><br><b>Auteur<\\\/b> LOVISOLO-GUILLARD FRANK CESAR<br>\",\"alttext\":\"\",\"link\":\"\",\"imagedate\":\"2019-04-28 20:03:18\",\"hitcounter\":\"7\",\"total_value\":\"0\",\"total_votes\":\"0\",\"meta_data\":{\"aperture\":\"F 29\",\"credit\":false,\"camera\":\"Canon EOS 6D Mark II\",\"caption\":false,\"created_timestamp\":\"28 avril 2019 20 h 03 min\",\"copyright\":false,\"focal_length\":\"92min\",\"iso\":400,\"shutter_speed\":\"1\\\/0sec\",\"flash\":\"Not fired\",\"title\":false,\"keywords\":false,\"width\":1140,\"height\":760,\"saved\":true,\"thumbnail\":{\"width\":300,\"height\":200},\"webview\":{\"0\":1140,\"1\":760,\"2\":2,\"3\":\"width=\\\"1140\\\" height=\\\"760\\\"\",\"bits\":8,\"channels\":3,\"mime\":\"image\\\/jpeg\"}}},{\"pid\":\"21185\",\"filename\":\"kamacitrons-n047.jpg\",\"description\":\"<b>Meta Data<\\\/b><br><b>Aper\\u00e7u<\\\/b> F 29<br><b>Cam\\u00e9ra<\\\/b> Canon EOS 6D Mark II<br><b>Date\\\/Heure<\\\/b> 28 avril 2019 20 h 04 min<br><b>Distance Focale<\\\/b> 92min<br><b>ISO<\\\/b> 400<br><b>Vitesse de l'obturateur <\\\/b> 1\\\/0sec<br><b>Flash<\\\/b> Not fired<br><b>Image Width<\\\/b> 1140<br><b>Image Height<\\\/b> 760<br>\\r\\n<b>EXIF Data<\\\/b><br><b>Aper\\u00e7u<\\\/b> F 29<br><b>Date\\\/Heure<\\\/b> 28 avril 2019 20 h 04 min<br><b>Distance Focale<\\\/b> 92min<br><b>ISO<\\\/b> 400<br><b>Vitesse de l'obturateur <\\\/b> 1\\\/0sec<br><b>Flash<\\\/b> Not fired<br><b>Cam\\u00e9ra<\\\/b> Canon EOS 6D Mark II<br><b>Cr\\u00e9ation<\\\/b> Canon<br>\\r\\n<b>IPTC Data<\\\/b><br><b>Date de cr\\u00e9ation<\\\/b> 20190428<br><b>Heure de cr\\u00e9ation<\\\/b> 200404<br><b>Auteur<\\\/b> LOVISOLO-GUILLARD FRANK CESAR<br><b>Ville<\\\/b> Toulon<br><b>R\\u00e9gion\\\/D\\u00e9partement<\\\/b> Var<br><b>Code pays<\\\/b> FR<br><b>Pays<\\\/b> France<br>\\r\\n<b>XMP Data<\\\/b><br><b>Auteur<\\\/b> LOVISOLO-GUILLARD FRANK CESAR<br>\",\"alttext\":\"\",\"link\":\"\",\"imagedate\":\"2019-04-28 20:04:04\",\"hitcounter\":\"9\",\"total_value\":\"0\",\"total_votes\":\"1\",\"meta_data\":{\"aperture\":\"F 29\",\"credit\":false,\"camera\":\"Canon EOS 6D Mark II\",\"caption\":false,\"created_timestamp\":\"28 avril 2019 20 h 04 min\",\"copyright\":false,\"focal_length\":\"92min\",\"iso\":400,\"shutter_speed\":\"1\\\/0sec\",\"flash\":\"Not fired\",\"title\":false,\"keywords\":false,\"width\":1140,\"height\":760,\"saved\":true,\"thumbnail\":{\"width\":300,\"height\":200},\"webview\":{\"0\":1140,\"1\":760,\"2\":2,\"3\":\"width=\\\"1140\\\" height=\\\"760\\\"\",\"bits\":8,\"channels\":3,\"mime\":\"image\\\/jpeg\"}}},{\"pid\":\"21186\",\"filename\":\"kamacitrons-n048.jpg\",\"description\":\"<b>Meta Data<\\\/b><br><b>Aper\\u00e7u<\\\/b> F 29<br><b>Cam\\u00e9ra<\\\/b> Canon EOS 6D Mark II<br><b>Date\\\/Heure<\\\/b> 28 avril 2019 20 h 05 min<br><b>Distance Focale<\\\/b> 92min<br><b>ISO<\\\/b> 400<br><b>Vitesse de l'obturateur <\\\/b> 1\\\/0sec<br><b>Flash<\\\/b> Not fired<br><b>Image Width<\\\/b> 1140<br><b>Image Height<\\\/b> 760<br>\\r\\n<b>EXIF Data<\\\/b><br><b>Aper\\u00e7u<\\\/b> F 29<br><b>Date\\\/Heure<\\\/b> 28 avril 2019 20 h 05 min<br><b>Distance Focale<\\\/b> 92min<br><b>ISO<\\\/b> 400<br><b>Vitesse de l'obturateur <\\\/b> 1\\\/0sec<br><b>Flash<\\\/b> Not fired<br><b>Cam\\u00e9ra<\\\/b> Canon EOS 6D Mark II<br><b>Cr\\u00e9ation<\\\/b> Canon<br>\\r\\n<b>IPTC Data<\\\/b><br><b>Date de cr\\u00e9ation<\\\/b> 20190428<br><b>Heure de cr\\u00e9ation<\\\/b> 200530<br><b>Auteur<\\\/b> LOVISOLO-GUILLARD FRANK CESAR<br><b>Ville<\\\/b> Toulon<br><b>R\\u00e9gion\\\/D\\u00e9partement<\\\/b> Var<br><b>Code pays<\\\/b> FR<br><b>Pays<\\\/b> France<br>\\r\\n<b>XMP Data<\\\/b><br><b>Auteur<\\\/b> LOVISOLO-GUILLARD FRANK CESAR<br>\",\"alttext\":\"\",\"link\":\"\",\"imagedate\":\"2019-04-28 20:05:30\",\"hitcounter\":\"6\",\"total_value\":\"0\",\"total_votes\":\"0\",\"meta_data\":{\"aperture\":\"F 29\",\"credit\":false,\"camera\":\"Canon EOS 6D Mark II\",\"caption\":false,\"created_timestamp\":\"28 avril 2019 20 h 05 min\",\"copyright\":false,\"focal_length\":\"92min\",\"iso\":400,\"shutter_speed\":\"1\\\/0sec\",\"flash\":\"Not fired\",\"title\":false,\"keywords\":false,\"width\":1140,\"height\":760,\"saved\":true,\"thumbnail\":{\"width\":300,\"height\":200},\"webview\":{\"0\":1140,\"1\":760,\"2\":2,\"3\":\"width=\\\"1140\\\" height=\\\"760\\\"\",\"bits\":8,\"channels\":3,\"mime\":\"image\\\/jpeg\"}}},{\"pid\":\"21187\",\"filename\":\"kamacitrons-n049.jpg\",\"description\":\"<b>Meta Data<\\\/b><br><b>Aper\\u00e7u<\\\/b> F 29<br><b>Cam\\u00e9ra<\\\/b> Canon EOS 6D Mark II<br><b>Date\\\/Heure<\\\/b> 28 avril 2019 20 h 07 min<br><b>Distance Focale<\\\/b> 109min<br><b>ISO<\\\/b> 400<br><b>Vitesse de l'obturateur <\\\/b> 1\\\/0sec<br><b>Flash<\\\/b> Not fired<br><b>Image Width<\\\/b> 1140<br><b>Image Height<\\\/b> 760<br>\\r\\n<b>EXIF Data<\\\/b><br><b>Aper\\u00e7u<\\\/b> F 29<br><b>Date\\\/Heure<\\\/b> 28 avril 2019 20 h 07 min<br><b>Distance Focale<\\\/b> 109min<br><b>ISO<\\\/b> 400<br><b>Vitesse de l'obturateur <\\\/b> 1\\\/0sec<br><b>Flash<\\\/b> Not fired<br><b>Cam\\u00e9ra<\\\/b> Canon EOS 6D Mark II<br><b>Cr\\u00e9ation<\\\/b> Canon<br>\\r\\n<b>IPTC Data<\\\/b><br><b>Date de cr\\u00e9ation<\\\/b> 20190428<br><b>Heure de cr\\u00e9ation<\\\/b> 200734<br><b>Auteur<\\\/b> LOVISOLO-GUILLARD FRANK CESAR<br><b>Ville<\\\/b> Toulon<br><b>R\\u00e9gion\\\/D\\u00e9partement<\\\/b> Var<br><b>Code pays<\\\/b> FR<br><b>Pays<\\\/b> France<br>\\r\\n<b>XMP Data<\\\/b><br><b>Auteur<\\\/b> LOVISOLO-GUILLARD FRANK CESAR<br>\",\"alttext\":\"\",\"link\":\"\",\"imagedate\":\"2019-04-28 20:07:34\",\"hitcounter\":\"5\",\"total_value\":\"0\",\"total_votes\":\"0\",\"meta_data\":{\"aperture\":\"F 29\",\"credit\":false,\"camera\":\"Canon EOS 6D Mark II\",\"caption\":false,\"created_timestamp\":\"28 avril 2019 20 h 07 min\",\"copyright\":false,\"focal_length\":\"109min\",\"iso\":400,\"shutter_speed\":\"1\\\/0sec\",\"flash\":\"Not fired\",\"title\":false,\"keywords\":false,\"width\":1140,\"height\":760,\"saved\":true,\"thumbnail\":{\"width\":300,\"height\":200},\"webview\":{\"0\":1140,\"1\":760,\"2\":2,\"3\":\"width=\\\"1140\\\" height=\\\"760\\\"\",\"bits\":8,\"channels\":3,\"mime\":\"image\\\/jpeg\"}}},{\"pid\":\"21188\",\"filename\":\"kamacitrons-n050.jpg\",\"description\":\"<b>Meta Data<\\\/b><br><b>Aper\\u00e7u<\\\/b> F 29<br><b>Cam\\u00e9ra<\\\/b> Canon EOS 6D Mark II<br><b>Date\\\/Heure<\\\/b> 28 avril 2019 20 h 08 min<br><b>Distance Focale<\\\/b> 109min<br><b>ISO<\\\/b> 400<br><b>Vitesse de l'obturateur <\\\/b> 1\\\/0sec<br><b>Flash<\\\/b> Not fired<br><b>Image Width<\\\/b> 1140<br><b>Image Height<\\\/b> 760<br>\\r\\n<b>EXIF Data<\\\/b><br><b>Aper\\u00e7u<\\\/b> F 29<br><b>Date\\\/Heure<\\\/b> 28 avril 2019 20 h 08 min<br><b>Distance Focale<\\\/b> 109min<br><b>ISO<\\\/b> 400<br><b>Vitesse de l'obturateur <\\\/b> 1\\\/0sec<br><b>Flash<\\\/b> Not fired<br><b>Cam\\u00e9ra<\\\/b> Canon EOS 6D Mark II<br><b>Cr\\u00e9ation<\\\/b> Canon<br>\\r\\n<b>IPTC Data<\\\/b><br><b>Date de cr\\u00e9ation<\\\/b> 20190428<br><b>Heure de cr\\u00e9ation<\\\/b> 200812<br><b>Auteur<\\\/b> LOVISOLO-GUILLARD FRANK CESAR<br><b>Ville<\\\/b> Toulon<br><b>R\\u00e9gion\\\/D\\u00e9partement<\\\/b> Var<br><b>Code pays<\\\/b> FR<br><b>Pays<\\\/b> France<br>\\r\\n<b>XMP Data<\\\/b><br><b>Auteur<\\\/b> LOVISOLO-GUILLARD FRANK CESAR<br>\",\"alttext\":\"\",\"link\":\"\",\"imagedate\":\"2019-04-28 20:08:12\",\"hitcounter\":\"5\",\"total_value\":\"0\",\"total_votes\":\"0\",\"meta_data\":{\"aperture\":\"F 29\",\"credit\":false,\"camera\":\"Canon EOS 6D Mark II\",\"caption\":false,\"created_timestamp\":\"28 avril 2019 20 h 08 min\",\"copyright\":false,\"focal_length\":\"109min\",\"iso\":400,\"shutter_speed\":\"1\\\/0sec\",\"flash\":\"Not fired\",\"title\":false,\"keywords\":false,\"width\":1140,\"height\":760,\"saved\":true,\"thumbnail\":{\"width\":300,\"height\":200},\"webview\":{\"0\":1140,\"1\":760,\"2\":2,\"3\":\"width=\\\"1140\\\" height=\\\"760\\\"\",\"bits\":8,\"channels\":3,\"mime\":\"image\\\/jpeg\"}}},{\"pid\":\"21189\",\"filename\":\"kamacitrons-n051.jpg\",\"description\":\"<b>Meta Data<\\\/b><br><b>Aper\\u00e7u<\\\/b> F 29<br><b>Cam\\u00e9ra<\\\/b> Canon EOS 6D Mark II<br><b>Date\\\/Heure<\\\/b> 28 avril 2019 20 h 10 min<br><b>Distance Focale<\\\/b> 92min<br><b>ISO<\\\/b> 400<br><b>Vitesse de l'obturateur <\\\/b> 1\\\/0sec<br><b>Flash<\\\/b> Not fired<br><b>Image Width<\\\/b> 1140<br><b>Image Height<\\\/b> 760<br>\\r\\n<b>EXIF Data<\\\/b><br><b>Aper\\u00e7u<\\\/b> F 29<br><b>Date\\\/Heure<\\\/b> 28 avril 2019 20 h 10 min<br><b>Distance Focale<\\\/b> 92min<br><b>ISO<\\\/b> 400<br><b>Vitesse de l'obturateur <\\\/b> 1\\\/0sec<br><b>Flash<\\\/b> Not fired<br><b>Cam\\u00e9ra<\\\/b> Canon EOS 6D Mark II<br><b>Cr\\u00e9ation<\\\/b> Canon<br>\\r\\n<b>IPTC Data<\\\/b><br><b>Date de cr\\u00e9ation<\\\/b> 20190428<br><b>Heure de cr\\u00e9ation<\\\/b> 201014<br><b>Auteur<\\\/b> LOVISOLO-GUILLARD FRANK CESAR<br><b>Ville<\\\/b> Toulon<br><b>R\\u00e9gion\\\/D\\u00e9partement<\\\/b> Var<br><b>Code pays<\\\/b> FR<br><b>Pays<\\\/b> France<br>\\r\\n<b>XMP Data<\\\/b><br><b>Auteur<\\\/b> LOVISOLO-GUILLARD FRANK CESAR<br>\",\"alttext\":\"\",\"link\":\"\",\"imagedate\":\"2019-04-28 20:10:14\",\"hitcounter\":\"6\",\"total_value\":\"0\",\"total_votes\":\"0\",\"meta_data\":{\"aperture\":\"F 29\",\"credit\":false,\"camera\":\"Canon EOS 6D Mark II\",\"caption\":false,\"created_timestamp\":\"28 avril 2019 20 h 10 min\",\"copyright\":false,\"focal_length\":\"92min\",\"iso\":400,\"shutter_speed\":\"1\\\/0sec\",\"flash\":\"Not fired\",\"title\":false,\"keywords\":false,\"width\":1140,\"height\":760,\"saved\":true,\"thumbnail\":{\"width\":300,\"height\":200},\"webview\":{\"0\":1140,\"1\":760,\"2\":2,\"3\":\"width=\\\"1140\\\" height=\\\"760\\\"\",\"bits\":8,\"channels\":3,\"mime\":\"image\\\/jpeg\"}}},{\"pid\":\"21190\",\"filename\":\"kamacitrons-n052.jpg\",\"description\":\"<b>Meta Data<\\\/b><br><b>Aper\\u00e7u<\\\/b> F 29<br><b>Cam\\u00e9ra<\\\/b> Canon EOS 6D Mark II<br><b>Date\\\/Heure<\\\/b> 28 avril 2019 20 h 11 min<br><b>Distance Focale<\\\/b> 100min<br><b>ISO<\\\/b> 400<br><b>Vitesse de l'obturateur <\\\/b> 1\\\/0sec<br><b>Flash<\\\/b> Not fired<br><b>Image Width<\\\/b> 1140<br><b>Image Height<\\\/b> 760<br>\\r\\n<b>EXIF Data<\\\/b><br><b>Aper\\u00e7u<\\\/b> F 29<br><b>Date\\\/Heure<\\\/b> 28 avril 2019 20 h 11 min<br><b>Distance Focale<\\\/b> 100min<br><b>ISO<\\\/b> 400<br><b>Vitesse de l'obturateur <\\\/b> 1\\\/0sec<br><b>Flash<\\\/b> Not fired<br><b>Cam\\u00e9ra<\\\/b> Canon EOS 6D Mark II<br><b>Cr\\u00e9ation<\\\/b> Canon<br>\\r\\n<b>IPTC Data<\\\/b><br><b>Date de cr\\u00e9ation<\\\/b> 20190428<br><b>Heure de cr\\u00e9ation<\\\/b> 201141<br><b>Auteur<\\\/b> LOVISOLO-GUILLARD FRANK CESAR<br><b>Ville<\\\/b> Toulon<br><b>R\\u00e9gion\\\/D\\u00e9partement<\\\/b> Var<br><b>Code pays<\\\/b> FR<br><b>Pays<\\\/b> France<br>\\r\\n<b>XMP Data<\\\/b><br><b>Auteur<\\\/b> LOVISOLO-GUILLARD FRANK CESAR<br>\",\"alttext\":\"\",\"link\":\"\",\"imagedate\":\"2019-04-28 20:11:41\",\"hitcounter\":\"4\",\"total_value\":\"0\",\"total_votes\":\"0\",\"meta_data\":{\"aperture\":\"F 29\",\"credit\":false,\"camera\":\"Canon EOS 6D Mark II\",\"caption\":false,\"created_timestamp\":\"28 avril 2019 20 h 11 min\",\"copyright\":false,\"focal_length\":\"100min\",\"iso\":400,\"shutter_speed\":\"1\\\/0sec\",\"flash\":\"Not fired\",\"title\":false,\"keywords\":false,\"width\":1140,\"height\":760,\"saved\":true,\"thumbnail\":{\"width\":300,\"height\":200},\"webview\":{\"0\":1140,\"1\":760,\"2\":2,\"3\":\"width=\\\"1140\\\" height=\\\"760\\\"\",\"bits\":8,\"channels\":3,\"mime\":\"image\\\/jpeg\"}}},{\"pid\":\"21191\",\"filename\":\"kamacitrons-n053.jpg\",\"description\":\"<b>Meta Data<\\\/b><br><b>Aper\\u00e7u<\\\/b> F 29<br><b>Cam\\u00e9ra<\\\/b> Canon EOS 6D Mark II<br><b>Date\\\/Heure<\\\/b> 28 avril 2019 20 h 12 min<br><b>Distance Focale<\\\/b> 65min<br><b>ISO<\\\/b> 400<br><b>Vitesse de l'obturateur <\\\/b> 1\\\/0sec<br><b>Flash<\\\/b> Not fired<br><b>Image Width<\\\/b> 1140<br><b>Image Height<\\\/b> 760<br>\\r\\n<b>EXIF Data<\\\/b><br><b>Aper\\u00e7u<\\\/b> F 29<br><b>Date\\\/Heure<\\\/b> 28 avril 2019 20 h 12 min<br><b>Distance Focale<\\\/b> 65min<br><b>ISO<\\\/b> 400<br><b>Vitesse de l'obturateur <\\\/b> 1\\\/0sec<br><b>Flash<\\\/b> Not fired<br><b>Cam\\u00e9ra<\\\/b> Canon EOS 6D Mark II<br><b>Cr\\u00e9ation<\\\/b> Canon<br>\\r\\n<b>IPTC Data<\\\/b><br><b>Date de cr\\u00e9ation<\\\/b> 20190428<br><b>Heure de cr\\u00e9ation<\\\/b> 201224<br><b>Auteur<\\\/b> LOVISOLO-GUILLARD FRANK CESAR<br><b>Ville<\\\/b> Toulon<br><b>R\\u00e9gion\\\/D\\u00e9partement<\\\/b> Var<br><b>Code pays<\\\/b> FR<br><b>Pays<\\\/b> France<br>\\r\\n<b>XMP Data<\\\/b><br><b>Auteur<\\\/b> LOVISOLO-GUILLARD FRANK CESAR<br>\",\"alttext\":\"\",\"link\":\"\",\"imagedate\":\"2019-04-28 20:12:24\",\"hitcounter\":\"4\",\"total_value\":\"0\",\"total_votes\":\"0\",\"meta_data\":{\"aperture\":\"F 29\",\"credit\":false,\"camera\":\"Canon EOS 6D Mark II\",\"caption\":false,\"created_timestamp\":\"28 avril 2019 20 h 12 min\",\"copyright\":false,\"focal_length\":\"65min\",\"iso\":400,\"shutter_speed\":\"1\\\/0sec\",\"flash\":\"Not fired\",\"title\":false,\"keywords\":false,\"width\":1140,\"height\":760,\"saved\":true,\"thumbnail\":{\"width\":300,\"height\":200},\"webview\":{\"0\":1140,\"1\":760,\"2\":2,\"3\":\"width=\\\"1140\\\" height=\\\"760\\\"\",\"bits\":8,\"channels\":3,\"mime\":\"image\\\/jpeg\"}}},{\"pid\":\"21192\",\"filename\":\"kamacitrons-n054.jpg\",\"description\":\"<b>Meta Data<\\\/b><br><b>Aper\\u00e7u<\\\/b> F 29<br><b>Cam\\u00e9ra<\\\/b> Canon EOS 6D Mark II<br><b>Date\\\/Heure<\\\/b> 28 avril 2019 20 h 13 min<br><b>Distance Focale<\\\/b> 65min<br><b>ISO<\\\/b> 400<br><b>Vitesse de l'obturateur <\\\/b> 1sec<br><b>Flash<\\\/b> Not fired<br><b>Image Width<\\\/b> 1140<br><b>Image Height<\\\/b> 760<br>\\r\\n<b>EXIF Data<\\\/b><br><b>Aper\\u00e7u<\\\/b> F 29<br><b>Date\\\/Heure<\\\/b> 28 avril 2019 20 h 13 min<br><b>Distance Focale<\\\/b> 65min<br><b>ISO<\\\/b> 400<br><b>Vitesse de l'obturateur <\\\/b> 1sec<br><b>Flash<\\\/b> Not fired<br><b>Cam\\u00e9ra<\\\/b> Canon EOS 6D Mark II<br><b>Cr\\u00e9ation<\\\/b> Canon<br>\\r\\n<b>IPTC Data<\\\/b><br><b>Date de cr\\u00e9ation<\\\/b> 20190428<br><b>Heure de cr\\u00e9ation<\\\/b> 201355<br><b>Auteur<\\\/b> LOVISOLO-GUILLARD FRANK CESAR<br><b>Ville<\\\/b> Toulon<br><b>R\\u00e9gion\\\/D\\u00e9partement<\\\/b> Var<br><b>Code pays<\\\/b> FR<br><b>Pays<\\\/b> France<br>\\r\\n<b>XMP Data<\\\/b><br><b>Auteur<\\\/b> LOVISOLO-GUILLARD FRANK CESAR<br>\",\"alttext\":\"\",\"link\":\"\",\"imagedate\":\"2019-04-28 20:13:55\",\"hitcounter\":\"4\",\"total_value\":\"0\",\"total_votes\":\"0\",\"meta_data\":{\"aperture\":\"F 29\",\"credit\":false,\"camera\":\"Canon EOS 6D Mark II\",\"caption\":false,\"created_timestamp\":\"28 avril 2019 20 h 13 min\",\"copyright\":false,\"focal_length\":\"65min\",\"iso\":400,\"shutter_speed\":\"1sec\",\"flash\":\"Not fired\",\"title\":false,\"keywords\":false,\"width\":1140,\"height\":760,\"saved\":true,\"thumbnail\":{\"width\":300,\"height\":200},\"webview\":{\"0\":1140,\"1\":760,\"2\":2,\"3\":\"width=\\\"1140\\\" height=\\\"760\\\"\",\"bits\":8,\"channels\":3,\"mime\":\"image\\\/jpeg\"}}},{\"pid\":\"21193\",\"filename\":\"kamacitrons-n055.jpg\",\"description\":\"<b>Meta Data<\\\/b><br><b>Aper\\u00e7u<\\\/b> F 29<br><b>Cam\\u00e9ra<\\\/b> Canon EOS 6D Mark II<br><b>Date\\\/Heure<\\\/b> 28 avril 2019 20 h 15 min<br><b>Distance Focale<\\\/b> 77min<br><b>ISO<\\\/b> 400<br><b>Vitesse de l'obturateur <\\\/b> 1\\\/0sec<br><b>Flash<\\\/b> Not fired<br><b>Image Width<\\\/b> 1140<br><b>Image Height<\\\/b> 760<br>\\r\\n<b>EXIF Data<\\\/b><br><b>Aper\\u00e7u<\\\/b> F 29<br><b>Date\\\/Heure<\\\/b> 28 avril 2019 20 h 15 min<br><b>Distance Focale<\\\/b> 77min<br><b>ISO<\\\/b> 400<br><b>Vitesse de l'obturateur <\\\/b> 1\\\/0sec<br><b>Flash<\\\/b> Not fired<br><b>Cam\\u00e9ra<\\\/b> Canon EOS 6D Mark II<br><b>Cr\\u00e9ation<\\\/b> Canon<br>\\r\\n<b>IPTC Data<\\\/b><br><b>Date de cr\\u00e9ation<\\\/b> 20190428<br><b>Heure de cr\\u00e9ation<\\\/b> 201535<br><b>Auteur<\\\/b> LOVISOLO-GUILLARD FRANK CESAR<br><b>Ville<\\\/b> Toulon<br><b>R\\u00e9gion\\\/D\\u00e9partement<\\\/b> Var<br><b>Code pays<\\\/b> FR<br><b>Pays<\\\/b> France<br>\\r\\n<b>XMP Data<\\\/b><br><b>Auteur<\\\/b> LOVISOLO-GUILLARD FRANK CESAR<br>\",\"alttext\":\"\",\"link\":\"\",\"imagedate\":\"2019-04-28 20:15:35\",\"hitcounter\":\"4\",\"total_value\":\"0\",\"total_votes\":\"0\",\"meta_data\":{\"aperture\":\"F 29\",\"credit\":false,\"camera\":\"Canon EOS 6D Mark II\",\"caption\":false,\"created_timestamp\":\"28 avril 2019 20 h 15 min\",\"copyright\":false,\"focal_length\":\"77min\",\"iso\":400,\"shutter_speed\":\"1\\\/0sec\",\"flash\":\"Not fired\",\"title\":false,\"keywords\":false,\"width\":1140,\"height\":760,\"saved\":true,\"thumbnail\":{\"width\":300,\"height\":200},\"webview\":{\"0\":1140,\"1\":760,\"2\":2,\"3\":\"width=\\\"1140\\\" height=\\\"760\\\"\",\"bits\":8,\"channels\":3,\"mime\":\"image\\\/jpeg\"}}},{\"pid\":\"21194\",\"filename\":\"kamacitrons-n056.jpg\",\"description\":\"<b>Meta Data<\\\/b><br><b>Aper\\u00e7u<\\\/b> F 29<br><b>Cam\\u00e9ra<\\\/b> Canon EOS 6D Mark II<br><b>Date\\\/Heure<\\\/b> 28 avril 2019 20 h 19 min<br><b>Distance Focale<\\\/b> 84min<br><b>ISO<\\\/b> 400<br><b>Vitesse de l'obturateur <\\\/b> 1\\\/0sec<br><b>Flash<\\\/b> Not fired<br><b>Image Width<\\\/b> 1140<br><b>Image Height<\\\/b> 760<br>\\r\\n<b>EXIF Data<\\\/b><br><b>Aper\\u00e7u<\\\/b> F 29<br><b>Date\\\/Heure<\\\/b> 28 avril 2019 20 h 19 min<br><b>Distance Focale<\\\/b> 84min<br><b>ISO<\\\/b> 400<br><b>Vitesse de l'obturateur <\\\/b> 1\\\/0sec<br><b>Flash<\\\/b> Not fired<br><b>Cam\\u00e9ra<\\\/b> Canon EOS 6D Mark II<br><b>Cr\\u00e9ation<\\\/b> Canon<br>\\r\\n<b>IPTC Data<\\\/b><br><b>Date de cr\\u00e9ation<\\\/b> 20190428<br><b>Heure de cr\\u00e9ation<\\\/b> 201954<br><b>Auteur<\\\/b> LOVISOLO-GUILLARD FRANK CESAR<br><b>Ville<\\\/b> Toulon<br><b>R\\u00e9gion\\\/D\\u00e9partement<\\\/b> Var<br><b>Code pays<\\\/b> FR<br><b>Pays<\\\/b> France<br>\\r\\n<b>XMP Data<\\\/b><br><b>Auteur<\\\/b> LOVISOLO-GUILLARD FRANK CESAR<br>\",\"alttext\":\"\",\"link\":\"\",\"imagedate\":\"2019-04-28 20:19:54\",\"hitcounter\":\"4\",\"total_value\":\"0\",\"total_votes\":\"0\",\"meta_data\":{\"aperture\":\"F 29\",\"credit\":false,\"camera\":\"Canon EOS 6D Mark II\",\"caption\":false,\"created_timestamp\":\"28 avril 2019 20 h 19 min\",\"copyright\":false,\"focal_length\":\"84min\",\"iso\":400,\"shutter_speed\":\"1\\\/0sec\",\"flash\":\"Not fired\",\"title\":false,\"keywords\":false,\"width\":1140,\"height\":760,\"saved\":true,\"thumbnail\":{\"width\":300,\"height\":200},\"webview\":{\"0\":1140,\"1\":760,\"2\":2,\"3\":\"width=\\\"1140\\\" height=\\\"760\\\"\",\"bits\":8,\"channels\":3,\"mime\":\"image\\\/jpeg\"}}},{\"pid\":\"21195\",\"filename\":\"kamacitrons-n057.jpg\",\"description\":\"<b>Meta Data<\\\/b><br><b>Aper\\u00e7u<\\\/b> F 29<br><b>Cam\\u00e9ra<\\\/b> Canon EOS 6D Mark II<br><b>Date\\\/Heure<\\\/b> 28 avril 2019 20 h 20 min<br><b>Distance Focale<\\\/b> 84min<br><b>ISO<\\\/b> 400<br><b>Vitesse de l'obturateur <\\\/b> 1\\\/0sec<br><b>Flash<\\\/b> Not fired<br><b>Image Width<\\\/b> 1140<br><b>Image Height<\\\/b> 760<br>\\r\\n<b>EXIF Data<\\\/b><br><b>Aper\\u00e7u<\\\/b> F 29<br><b>Date\\\/Heure<\\\/b> 28 avril 2019 20 h 20 min<br><b>Distance Focale<\\\/b> 84min<br><b>ISO<\\\/b> 400<br><b>Vitesse de l'obturateur <\\\/b> 1\\\/0sec<br><b>Flash<\\\/b> Not fired<br><b>Cam\\u00e9ra<\\\/b> Canon EOS 6D Mark II<br><b>Cr\\u00e9ation<\\\/b> Canon<br>\\r\\n<b>IPTC Data<\\\/b><br><b>Date de cr\\u00e9ation<\\\/b> 20190428<br><b>Heure de cr\\u00e9ation<\\\/b> 202031<br><b>Auteur<\\\/b> LOVISOLO-GUILLARD FRANK CESAR<br><b>Ville<\\\/b> Toulon<br><b>R\\u00e9gion\\\/D\\u00e9partement<\\\/b> Var<br><b>Code pays<\\\/b> FR<br><b>Pays<\\\/b> France<br>\\r\\n<b>XMP Data<\\\/b><br><b>Auteur<\\\/b> LOVISOLO-GUILLARD FRANK CESAR<br>\",\"alttext\":\"\",\"link\":\"\",\"imagedate\":\"2019-04-28 20:20:31\",\"hitcounter\":\"5\",\"total_value\":\"0\",\"total_votes\":\"0\",\"meta_data\":{\"aperture\":\"F 29\",\"credit\":false,\"camera\":\"Canon EOS 6D Mark II\",\"caption\":false,\"created_timestamp\":\"28 avril 2019 20 h 20 min\",\"copyright\":false,\"focal_length\":\"84min\",\"iso\":400,\"shutter_speed\":\"1\\\/0sec\",\"flash\":\"Not fired\",\"title\":false,\"keywords\":false,\"width\":1140,\"height\":760,\"saved\":true,\"thumbnail\":{\"width\":300,\"height\":200},\"webview\":{\"0\":1140,\"1\":760,\"2\":2,\"3\":\"width=\\\"1140\\\" height=\\\"760\\\"\",\"bits\":8,\"channels\":3,\"mime\":\"image\\\/jpeg\"}}},{\"pid\":\"21196\",\"filename\":\"kamacitrons-n058.jpg\",\"description\":\"<b>Meta Data<\\\/b><br><b>Aper\\u00e7u<\\\/b> F 29<br><b>Cam\\u00e9ra<\\\/b> Canon EOS 6D Mark II<br><b>Date\\\/Heure<\\\/b> 28 avril 2019 20 h 22 min<br><b>Distance Focale<\\\/b> 84min<br><b>ISO<\\\/b> 400<br><b>Vitesse de l'obturateur <\\\/b> 1sec<br><b>Flash<\\\/b> Not fired<br><b>Image Width<\\\/b> 1140<br><b>Image Height<\\\/b> 760<br>\\r\\n<b>EXIF Data<\\\/b><br><b>Aper\\u00e7u<\\\/b> F 29<br><b>Date\\\/Heure<\\\/b> 28 avril 2019 20 h 22 min<br><b>Distance Focale<\\\/b> 84min<br><b>ISO<\\\/b> 400<br><b>Vitesse de l'obturateur <\\\/b> 1sec<br><b>Flash<\\\/b> Not fired<br><b>Cam\\u00e9ra<\\\/b> Canon EOS 6D Mark II<br><b>Cr\\u00e9ation<\\\/b> Canon<br>\\r\\n<b>IPTC Data<\\\/b><br><b>Date de cr\\u00e9ation<\\\/b> 20190428<br><b>Heure de cr\\u00e9ation<\\\/b> 202227<br><b>Auteur<\\\/b> LOVISOLO-GUILLARD FRANK CESAR<br><b>Ville<\\\/b> Toulon<br><b>R\\u00e9gion\\\/D\\u00e9partement<\\\/b> Var<br><b>Code pays<\\\/b> FR<br><b>Pays<\\\/b> France<br>\\r\\n<b>XMP Data<\\\/b><br><b>Auteur<\\\/b> LOVISOLO-GUILLARD FRANK CESAR<br>\",\"alttext\":\"\",\"link\":\"\",\"imagedate\":\"2019-04-28 20:22:27\",\"hitcounter\":\"4\",\"total_value\":\"0\",\"total_votes\":\"0\",\"meta_data\":{\"aperture\":\"F 29\",\"credit\":false,\"camera\":\"Canon EOS 6D Mark II\",\"caption\":false,\"created_timestamp\":\"28 avril 2019 20 h 22 min\",\"copyright\":false,\"focal_length\":\"84min\",\"iso\":400,\"shutter_speed\":\"1sec\",\"flash\":\"Not fired\",\"title\":false,\"keywords\":false,\"width\":1140,\"height\":760,\"saved\":true,\"thumbnail\":{\"width\":300,\"height\":200},\"webview\":{\"0\":1140,\"1\":760,\"2\":2,\"3\":\"width=\\\"1140\\\" height=\\\"760\\\"\",\"bits\":8,\"channels\":3,\"mime\":\"image\\\/jpeg\"}}},{\"pid\":\"21197\",\"filename\":\"kamacitrons-n059.jpg\",\"description\":\"<b>Meta Data<\\\/b><br><b>Aper\\u00e7u<\\\/b> F 29<br><b>Cam\\u00e9ra<\\\/b> Canon EOS 6D Mark II<br><b>Date\\\/Heure<\\\/b> 28 avril 2019 20 h 23 min<br><b>Distance Focale<\\\/b> 119min<br><b>ISO<\\\/b> 400<br><b>Vitesse de l'obturateur <\\\/b> 1\\\/0sec<br><b>Flash<\\\/b> Not fired<br><b>Image Width<\\\/b> 1140<br><b>Image Height<\\\/b> 760<br>\\r\\n<b>EXIF Data<\\\/b><br><b>Aper\\u00e7u<\\\/b> F 29<br><b>Date\\\/Heure<\\\/b> 28 avril 2019 20 h 23 min<br><b>Distance Focale<\\\/b> 119min<br><b>ISO<\\\/b> 400<br><b>Vitesse de l'obturateur <\\\/b> 1\\\/0sec<br><b>Flash<\\\/b> Not fired<br><b>Cam\\u00e9ra<\\\/b> Canon EOS 6D Mark II<br><b>Cr\\u00e9ation<\\\/b> Canon<br>\\r\\n<b>IPTC Data<\\\/b><br><b>Date de cr\\u00e9ation<\\\/b> 20190428<br><b>Heure de cr\\u00e9ation<\\\/b> 202311<br><b>Auteur<\\\/b> LOVISOLO-GUILLARD FRANK CESAR<br><b>Ville<\\\/b> Toulon<br><b>R\\u00e9gion\\\/D\\u00e9partement<\\\/b> Var<br><b>Code pays<\\\/b> FR<br><b>Pays<\\\/b> France<br>\\r\\n<b>XMP Data<\\\/b><br><b>Auteur<\\\/b> LOVISOLO-GUILLARD FRANK CESAR<br>\",\"alttext\":\"\",\"link\":\"\",\"imagedate\":\"2019-04-28 20:23:11\",\"hitcounter\":\"4\",\"total_value\":\"0\",\"total_votes\":\"0\",\"meta_data\":{\"aperture\":\"F 29\",\"credit\":false,\"camera\":\"Canon EOS 6D Mark II\",\"caption\":false,\"created_timestamp\":\"28 avril 2019 20 h 23 min\",\"copyright\":false,\"focal_length\":\"119min\",\"iso\":400,\"shutter_speed\":\"1\\\/0sec\",\"flash\":\"Not fired\",\"title\":false,\"keywords\":false,\"width\":1140,\"height\":760,\"saved\":true,\"thumbnail\":{\"width\":300,\"height\":200},\"webview\":{\"0\":1140,\"1\":760,\"2\":2,\"3\":\"width=\\\"1140\\\" height=\\\"760\\\"\",\"bits\":8,\"channels\":3,\"mime\":\"image\\\/jpeg\"}}},{\"pid\":\"21198\",\"filename\":\"kamacitrons-n060.jpg\",\"description\":\"<b>Meta Data<\\\/b><br><b>Aper\\u00e7u<\\\/b> F 29<br><b>Cam\\u00e9ra<\\\/b> Canon EOS 6D Mark II<br><b>Date\\\/Heure<\\\/b> 28 avril 2019 20 h 24 min<br><b>Distance Focale<\\\/b> 100min<br><b>ISO<\\\/b> 400<br><b>Vitesse de l'obturateur <\\\/b> 1sec<br><b>Flash<\\\/b> Not fired<br><b>Image Width<\\\/b> 1140<br><b>Image Height<\\\/b> 760<br>\\r\\n<b>EXIF Data<\\\/b><br><b>Aper\\u00e7u<\\\/b> F 29<br><b>Date\\\/Heure<\\\/b> 28 avril 2019 20 h 24 min<br><b>Distance Focale<\\\/b> 100min<br><b>ISO<\\\/b> 400<br><b>Vitesse de l'obturateur <\\\/b> 1sec<br><b>Flash<\\\/b> Not fired<br><b>Cam\\u00e9ra<\\\/b> Canon EOS 6D Mark II<br><b>Cr\\u00e9ation<\\\/b> Canon<br>\\r\\n<b>IPTC Data<\\\/b><br><b>Date de cr\\u00e9ation<\\\/b> 20190428<br><b>Heure de cr\\u00e9ation<\\\/b> 202404<br><b>Auteur<\\\/b> LOVISOLO-GUILLARD FRANK CESAR<br><b>Ville<\\\/b> Toulon<br><b>R\\u00e9gion\\\/D\\u00e9partement<\\\/b> Var<br><b>Code pays<\\\/b> FR<br><b>Pays<\\\/b> France<br>\\r\\n<b>XMP Data<\\\/b><br><b>Auteur<\\\/b> LOVISOLO-GUILLARD FRANK CESAR<br>\",\"alttext\":\"\",\"link\":\"\",\"imagedate\":\"2019-04-28 20:24:04\",\"hitcounter\":\"4\",\"total_value\":\"0\",\"total_votes\":\"0\",\"meta_data\":{\"aperture\":\"F 29\",\"credit\":false,\"camera\":\"Canon EOS 6D Mark II\",\"caption\":false,\"created_timestamp\":\"28 avril 2019 20 h 24 min\",\"copyright\":false,\"focal_length\":\"100min\",\"iso\":400,\"shutter_speed\":\"1sec\",\"flash\":\"Not fired\",\"title\":false,\"keywords\":false,\"width\":1140,\"height\":760,\"saved\":true,\"thumbnail\":{\"width\":300,\"height\":200},\"webview\":{\"0\":1140,\"1\":760,\"2\":2,\"3\":\"width=\\\"1140\\\" height=\\\"760\\\"\",\"bits\":8,\"channels\":3,\"mime\":\"image\\\/jpeg\"}}},{\"pid\":\"21199\",\"filename\":\"kamacitrons-n061.jpg\",\"description\":\"<b>Meta Data<\\\/b><br><b>Aper\\u00e7u<\\\/b> F 29<br><b>Cam\\u00e9ra<\\\/b> Canon EOS 6D Mark II<br><b>Date\\\/Heure<\\\/b> 28 avril 2019 20 h 24 min<br><b>Distance Focale<\\\/b> 77min<br><b>ISO<\\\/b> 400<br><b>Vitesse de l'obturateur <\\\/b> 1\\\/0sec<br><b>Flash<\\\/b> Not fired<br><b>Image Width<\\\/b> 1140<br><b>Image Height<\\\/b> 760<br>\\r\\n<b>EXIF Data<\\\/b><br><b>Aper\\u00e7u<\\\/b> F 29<br><b>Date\\\/Heure<\\\/b> 28 avril 2019 20 h 24 min<br><b>Distance Focale<\\\/b> 77min<br><b>ISO<\\\/b> 400<br><b>Vitesse de l'obturateur <\\\/b> 1\\\/0sec<br><b>Flash<\\\/b> Not fired<br><b>Cam\\u00e9ra<\\\/b> Canon EOS 6D Mark II<br><b>Cr\\u00e9ation<\\\/b> Canon<br>\\r\\n<b>IPTC Data<\\\/b><br><b>Date de cr\\u00e9ation<\\\/b> 20190428<br><b>Heure de cr\\u00e9ation<\\\/b> 202457<br><b>Auteur<\\\/b> LOVISOLO-GUILLARD FRANK CESAR<br><b>Ville<\\\/b> Toulon<br><b>R\\u00e9gion\\\/D\\u00e9partement<\\\/b> Var<br><b>Code pays<\\\/b> FR<br><b>Pays<\\\/b> France<br>\\r\\n<b>XMP Data<\\\/b><br><b>Auteur<\\\/b> LOVISOLO-GUILLARD FRANK CESAR<br>\",\"alttext\":\"\",\"link\":\"\",\"imagedate\":\"2019-04-28 20:24:57\",\"hitcounter\":\"4\",\"total_value\":\"0\",\"total_votes\":\"0\",\"meta_data\":{\"aperture\":\"F 29\",\"credit\":false,\"camera\":\"Canon EOS 6D Mark II\",\"caption\":false,\"created_timestamp\":\"28 avril 2019 20 h 24 min\",\"copyright\":false,\"focal_length\":\"77min\",\"iso\":400,\"shutter_speed\":\"1\\\/0sec\",\"flash\":\"Not fired\",\"title\":false,\"keywords\":false,\"width\":1140,\"height\":760,\"saved\":true,\"thumbnail\":{\"width\":300,\"height\":200},\"webview\":{\"0\":1140,\"1\":760,\"2\":2,\"3\":\"width=\\\"1140\\\" height=\\\"760\\\"\",\"bits\":8,\"channels\":3,\"mime\":\"image\\\/jpeg\"}}},{\"pid\":\"21200\",\"filename\":\"kamacitrons-n062.jpg\",\"description\":\"<b>Meta Data<\\\/b><br><b>Aper\\u00e7u<\\\/b> F 29<br><b>Cam\\u00e9ra<\\\/b> Canon EOS 6D Mark II<br><b>Date\\\/Heure<\\\/b> 28 avril 2019 20 h 26 min<br><b>Distance Focale<\\\/b> 100min<br><b>ISO<\\\/b> 400<br><b>Vitesse de l'obturateur <\\\/b> 1\\\/0sec<br><b>Flash<\\\/b> Not fired<br><b>Image Width<\\\/b> 1140<br><b>Image Height<\\\/b> 760<br>\\r\\n<b>EXIF Data<\\\/b><br><b>Aper\\u00e7u<\\\/b> F 29<br><b>Date\\\/Heure<\\\/b> 28 avril 2019 20 h 26 min<br><b>Distance Focale<\\\/b> 100min<br><b>ISO<\\\/b> 400<br><b>Vitesse de l'obturateur <\\\/b> 1\\\/0sec<br><b>Flash<\\\/b> Not fired<br><b>Cam\\u00e9ra<\\\/b> Canon EOS 6D Mark II<br><b>Cr\\u00e9ation<\\\/b> Canon<br>\\r\\n<b>IPTC Data<\\\/b><br><b>Date de cr\\u00e9ation<\\\/b> 20190428<br><b>Heure de cr\\u00e9ation<\\\/b> 202603<br><b>Auteur<\\\/b> LOVISOLO-GUILLARD FRANK CESAR<br><b>Ville<\\\/b> Toulon<br><b>R\\u00e9gion\\\/D\\u00e9partement<\\\/b> Var<br><b>Code pays<\\\/b> FR<br><b>Pays<\\\/b> France<br>\\r\\n<b>XMP Data<\\\/b><br><b>Auteur<\\\/b> LOVISOLO-GUILLARD FRANK CESAR<br>\",\"alttext\":\"\",\"link\":\"\",\"imagedate\":\"2019-04-28 20:26:03\",\"hitcounter\":\"3\",\"total_value\":\"0\",\"total_votes\":\"0\",\"meta_data\":{\"aperture\":\"F 29\",\"credit\":false,\"camera\":\"Canon EOS 6D Mark II\",\"caption\":false,\"created_timestamp\":\"28 avril 2019 20 h 26 min\",\"copyright\":false,\"focal_length\":\"100min\",\"iso\":400,\"shutter_speed\":\"1\\\/0sec\",\"flash\":\"Not fired\",\"title\":false,\"keywords\":false,\"width\":1140,\"height\":760,\"saved\":true,\"thumbnail\":{\"width\":300,\"height\":200},\"webview\":{\"0\":1140,\"1\":760,\"2\":2,\"3\":\"width=\\\"1140\\\" height=\\\"760\\\"\",\"bits\":8,\"channels\":3,\"mime\":\"image\\\/jpeg\"}}}]}], }; })();<\/script><\/div><\/div><noscript id=\"noscript_FlaGallery_sc1_253\"><img decoding=\"async\" class=\"skip-lazy no-lazyload noLazy\" data-lazy-src=\"\" src=\"https:\/\/frank-lovisolo.fr\/WordPress\/wp-content\/flagallery\/kamacitrons\/kamacitrons-n001.jpg\" alt=\"- - -\" title=\"-\"><img decoding=\"async\" class=\"skip-lazy no-lazyload noLazy\" data-lazy-src=\"\" src=\"https:\/\/frank-lovisolo.fr\/WordPress\/wp-content\/flagallery\/kamacitrons\/kamacitrons-n002.jpg\" alt=\"- - -\" title=\"-\"><img decoding=\"async\" class=\"skip-lazy no-lazyload noLazy\" data-lazy-src=\"\" src=\"https:\/\/frank-lovisolo.fr\/WordPress\/wp-content\/flagallery\/kamacitrons\/kamacitrons-n003.jpg\" alt=\"- - -\" title=\"-\"><img decoding=\"async\" class=\"skip-lazy no-lazyload noLazy\" data-lazy-src=\"\" src=\"https:\/\/frank-lovisolo.fr\/WordPress\/wp-content\/flagallery\/kamacitrons\/kamacitrons-n004.jpg\" alt=\"- - -\" title=\"-\"><img decoding=\"async\" class=\"skip-lazy no-lazyload noLazy\" data-lazy-src=\"\" src=\"https:\/\/frank-lovisolo.fr\/WordPress\/wp-content\/flagallery\/kamacitrons\/kamacitrons-n005.jpg\" alt=\"- - -\" title=\"-\"><img decoding=\"async\" class=\"skip-lazy no-lazyload noLazy\" data-lazy-src=\"\" src=\"https:\/\/frank-lovisolo.fr\/WordPress\/wp-content\/flagallery\/kamacitrons\/kamacitrons-n006.jpg\" alt=\"- - -\" title=\"-\"><img decoding=\"async\" class=\"skip-lazy no-lazyload noLazy\" data-lazy-src=\"\" src=\"https:\/\/frank-lovisolo.fr\/WordPress\/wp-content\/flagallery\/kamacitrons\/kamacitrons-n007.jpg\" alt=\"- - -\" title=\"-\"><img decoding=\"async\" class=\"skip-lazy no-lazyload noLazy\" data-lazy-src=\"\" src=\"https:\/\/frank-lovisolo.fr\/WordPress\/wp-content\/flagallery\/kamacitrons\/kamacitrons-n008.jpg\" alt=\"- - -\" title=\"-\"><img decoding=\"async\" class=\"skip-lazy no-lazyload noLazy\" data-lazy-src=\"\" src=\"https:\/\/frank-lovisolo.fr\/WordPress\/wp-content\/flagallery\/kamacitrons\/kamacitrons-n009.jpg\" alt=\"- - -\" title=\"-\"><img decoding=\"async\" class=\"skip-lazy no-lazyload noLazy\" data-lazy-src=\"\" src=\"https:\/\/frank-lovisolo.fr\/WordPress\/wp-content\/flagallery\/kamacitrons\/kamacitrons-n010.jpg\" alt=\"- - -\" title=\"-\"><img decoding=\"async\" class=\"skip-lazy no-lazyload noLazy\" data-lazy-src=\"\" src=\"https:\/\/frank-lovisolo.fr\/WordPress\/wp-content\/flagallery\/kamacitrons\/kamacitrons-n011.jpg\" alt=\"- - -\" title=\"-\"><img decoding=\"async\" class=\"skip-lazy no-lazyload noLazy\" data-lazy-src=\"\" src=\"https:\/\/frank-lovisolo.fr\/WordPress\/wp-content\/flagallery\/kamacitrons\/kamacitrons-n012.jpg\" alt=\"- - -\" title=\"-\"><img decoding=\"async\" class=\"skip-lazy no-lazyload noLazy\" data-lazy-src=\"\" src=\"https:\/\/frank-lovisolo.fr\/WordPress\/wp-content\/flagallery\/kamacitrons\/kamacitrons-n013.jpg\" alt=\"- - -\" title=\"-\"><img decoding=\"async\" class=\"skip-lazy no-lazyload noLazy\" data-lazy-src=\"\" src=\"https:\/\/frank-lovisolo.fr\/WordPress\/wp-content\/flagallery\/kamacitrons\/kamacitrons-n014.jpg\" alt=\"- - -\" title=\"-\"><img decoding=\"async\" class=\"skip-lazy no-lazyload noLazy\" data-lazy-src=\"\" src=\"https:\/\/frank-lovisolo.fr\/WordPress\/wp-content\/flagallery\/kamacitrons\/kamacitrons-n015.jpg\" alt=\"- - -\" title=\"-\"><img decoding=\"async\" class=\"skip-lazy no-lazyload noLazy\" data-lazy-src=\"\" src=\"https:\/\/frank-lovisolo.fr\/WordPress\/wp-content\/flagallery\/kamacitrons\/kamacitrons-n016.jpg\" alt=\"- - -\" title=\"-\"><img decoding=\"async\" class=\"skip-lazy no-lazyload noLazy\" data-lazy-src=\"\" src=\"https:\/\/frank-lovisolo.fr\/WordPress\/wp-content\/flagallery\/kamacitrons\/kamacitrons-n017.jpg\" alt=\"- - -\" title=\"-\"><img decoding=\"async\" class=\"skip-lazy no-lazyload noLazy\" data-lazy-src=\"\" src=\"https:\/\/frank-lovisolo.fr\/WordPress\/wp-content\/flagallery\/kamacitrons\/kamacitrons-n018.jpg\" alt=\"- - -\" title=\"-\"><img decoding=\"async\" class=\"skip-lazy no-lazyload noLazy\" data-lazy-src=\"\" src=\"https:\/\/frank-lovisolo.fr\/WordPress\/wp-content\/flagallery\/kamacitrons\/kamacitrons-n019.jpg\" alt=\"- - -\" title=\"-\"><img decoding=\"async\" class=\"skip-lazy no-lazyload noLazy\" data-lazy-src=\"\" src=\"https:\/\/frank-lovisolo.fr\/WordPress\/wp-content\/flagallery\/kamacitrons\/kamacitrons-n020.jpg\" alt=\"- - -\" title=\"-\"><img decoding=\"async\" class=\"skip-lazy no-lazyload noLazy\" data-lazy-src=\"\" src=\"https:\/\/frank-lovisolo.fr\/WordPress\/wp-content\/flagallery\/kamacitrons\/kamacitrons-n021.jpg\" alt=\"- - -\" title=\"-\"><img decoding=\"async\" class=\"skip-lazy no-lazyload noLazy\" data-lazy-src=\"\" src=\"https:\/\/frank-lovisolo.fr\/WordPress\/wp-content\/flagallery\/kamacitrons\/kamacitrons-n022.jpg\" alt=\"- - -\" title=\"-\"><img decoding=\"async\" class=\"skip-lazy no-lazyload noLazy\" data-lazy-src=\"\" src=\"https:\/\/frank-lovisolo.fr\/WordPress\/wp-content\/flagallery\/kamacitrons\/kamacitrons-n023.jpg\" alt=\"- - -\" title=\"-\"><img decoding=\"async\" class=\"skip-lazy no-lazyload noLazy\" data-lazy-src=\"\" src=\"https:\/\/frank-lovisolo.fr\/WordPress\/wp-content\/flagallery\/kamacitrons\/kamacitrons-n024.jpg\" alt=\"- - -\" title=\"-\"><img decoding=\"async\" class=\"skip-lazy no-lazyload noLazy\" data-lazy-src=\"\" src=\"https:\/\/frank-lovisolo.fr\/WordPress\/wp-content\/flagallery\/kamacitrons\/kamacitrons-n025.jpg\" alt=\"- - -\" title=\"-\"><img decoding=\"async\" class=\"skip-lazy no-lazyload noLazy\" data-lazy-src=\"\" src=\"https:\/\/frank-lovisolo.fr\/WordPress\/wp-content\/flagallery\/kamacitrons\/kamacitrons-n026.jpg\" alt=\"- - -\" title=\"-\"><img decoding=\"async\" class=\"skip-lazy no-lazyload noLazy\" data-lazy-src=\"\" src=\"https:\/\/frank-lovisolo.fr\/WordPress\/wp-content\/flagallery\/kamacitrons\/kamacitrons-n027.jpg\" alt=\"- - -\" title=\"-\"><img decoding=\"async\" class=\"skip-lazy no-lazyload noLazy\" data-lazy-src=\"\" src=\"https:\/\/frank-lovisolo.fr\/WordPress\/wp-content\/flagallery\/kamacitrons\/kamacitrons-n028.jpg\" alt=\"- - -\" title=\"-\"><img decoding=\"async\" class=\"skip-lazy no-lazyload noLazy\" data-lazy-src=\"\" src=\"https:\/\/frank-lovisolo.fr\/WordPress\/wp-content\/flagallery\/kamacitrons\/kamacitrons-n029.jpg\" alt=\"- - -\" title=\"-\"><img decoding=\"async\" class=\"skip-lazy no-lazyload noLazy\" data-lazy-src=\"\" src=\"https:\/\/frank-lovisolo.fr\/WordPress\/wp-content\/flagallery\/kamacitrons\/kamacitrons-n030.jpg\" alt=\"- - -\" title=\"-\"><img decoding=\"async\" class=\"skip-lazy no-lazyload noLazy\" data-lazy-src=\"\" src=\"https:\/\/frank-lovisolo.fr\/WordPress\/wp-content\/flagallery\/kamacitrons\/kamacitrons-n031.jpg\" alt=\"- - -\" title=\"-\"><img decoding=\"async\" class=\"skip-lazy no-lazyload noLazy\" data-lazy-src=\"\" src=\"https:\/\/frank-lovisolo.fr\/WordPress\/wp-content\/flagallery\/kamacitrons\/kamacitrons-n032.jpg\" alt=\"- - -\" title=\"-\"><img decoding=\"async\" class=\"skip-lazy no-lazyload noLazy\" data-lazy-src=\"\" src=\"https:\/\/frank-lovisolo.fr\/WordPress\/wp-content\/flagallery\/kamacitrons\/kamacitrons-n033.jpg\" alt=\"- - -\" title=\"-\"><img decoding=\"async\" class=\"skip-lazy no-lazyload noLazy\" data-lazy-src=\"\" src=\"https:\/\/frank-lovisolo.fr\/WordPress\/wp-content\/flagallery\/kamacitrons\/kamacitrons-n034.jpg\" alt=\"- - -\" title=\"-\"><img decoding=\"async\" class=\"skip-lazy no-lazyload noLazy\" data-lazy-src=\"\" src=\"https:\/\/frank-lovisolo.fr\/WordPress\/wp-content\/flagallery\/kamacitrons\/kamacitrons-n035.jpg\" alt=\"- - -\" title=\"-\"><img decoding=\"async\" class=\"skip-lazy no-lazyload noLazy\" data-lazy-src=\"\" src=\"https:\/\/frank-lovisolo.fr\/WordPress\/wp-content\/flagallery\/kamacitrons\/kamacitrons-n036.jpg\" alt=\"- - -\" title=\"-\"><img decoding=\"async\" class=\"skip-lazy no-lazyload noLazy\" data-lazy-src=\"\" src=\"https:\/\/frank-lovisolo.fr\/WordPress\/wp-content\/flagallery\/kamacitrons\/kamacitrons-n039.jpg\" alt=\"- - -\" title=\"-\"><img decoding=\"async\" class=\"skip-lazy no-lazyload noLazy\" data-lazy-src=\"\" src=\"https:\/\/frank-lovisolo.fr\/WordPress\/wp-content\/flagallery\/kamacitrons\/kamacitrons-n040.jpg\" alt=\"- - -\" title=\"-\"><img decoding=\"async\" class=\"skip-lazy no-lazyload noLazy\" data-lazy-src=\"\" src=\"https:\/\/frank-lovisolo.fr\/WordPress\/wp-content\/flagallery\/kamacitrons\/kamacitrons-n041.jpg\" alt=\"- - -\" title=\"-\"><img decoding=\"async\" class=\"skip-lazy no-lazyload noLazy\" data-lazy-src=\"\" src=\"https:\/\/frank-lovisolo.fr\/WordPress\/wp-content\/flagallery\/kamacitrons\/kamacitrons-n042.jpg\" alt=\"- - -\" title=\"-\"><img decoding=\"async\" class=\"skip-lazy no-lazyload noLazy\" data-lazy-src=\"\" src=\"https:\/\/frank-lovisolo.fr\/WordPress\/wp-content\/flagallery\/kamacitrons\/kamacitrons-n043.jpg\" alt=\"- - -\" title=\"-\"><img decoding=\"async\" class=\"skip-lazy no-lazyload noLazy\" data-lazy-src=\"\" src=\"https:\/\/frank-lovisolo.fr\/WordPress\/wp-content\/flagallery\/kamacitrons\/kamacitrons-n044.jpg\" alt=\"- - -\" title=\"-\"><img decoding=\"async\" class=\"skip-lazy no-lazyload noLazy\" data-lazy-src=\"\" src=\"https:\/\/frank-lovisolo.fr\/WordPress\/wp-content\/flagallery\/kamacitrons\/kamacitrons-n045.jpg\" alt=\"- - -\" title=\"-\"><img decoding=\"async\" class=\"skip-lazy no-lazyload noLazy\" data-lazy-src=\"\" src=\"https:\/\/frank-lovisolo.fr\/WordPress\/wp-content\/flagallery\/kamacitrons\/kamacitrons-n046.jpg\" alt=\"- - -\" title=\"-\"><img decoding=\"async\" class=\"skip-lazy no-lazyload noLazy\" data-lazy-src=\"\" src=\"https:\/\/frank-lovisolo.fr\/WordPress\/wp-content\/flagallery\/kamacitrons\/kamacitrons-n047.jpg\" alt=\"- - -\" title=\"-\"><img decoding=\"async\" class=\"skip-lazy no-lazyload noLazy\" data-lazy-src=\"\" src=\"https:\/\/frank-lovisolo.fr\/WordPress\/wp-content\/flagallery\/kamacitrons\/kamacitrons-n048.jpg\" alt=\"- - -\" title=\"-\"><img decoding=\"async\" class=\"skip-lazy no-lazyload noLazy\" data-lazy-src=\"\" src=\"https:\/\/frank-lovisolo.fr\/WordPress\/wp-content\/flagallery\/kamacitrons\/kamacitrons-n049.jpg\" alt=\"- - -\" title=\"-\"><img decoding=\"async\" class=\"skip-lazy no-lazyload noLazy\" data-lazy-src=\"\" src=\"https:\/\/frank-lovisolo.fr\/WordPress\/wp-content\/flagallery\/kamacitrons\/kamacitrons-n050.jpg\" alt=\"- - -\" title=\"-\"><img decoding=\"async\" class=\"skip-lazy no-lazyload noLazy\" data-lazy-src=\"\" src=\"https:\/\/frank-lovisolo.fr\/WordPress\/wp-content\/flagallery\/kamacitrons\/kamacitrons-n051.jpg\" alt=\"- - -\" title=\"-\"><img decoding=\"async\" class=\"skip-lazy no-lazyload noLazy\" data-lazy-src=\"\" src=\"https:\/\/frank-lovisolo.fr\/WordPress\/wp-content\/flagallery\/kamacitrons\/kamacitrons-n052.jpg\" alt=\"- - -\" title=\"-\"><img decoding=\"async\" class=\"skip-lazy no-lazyload noLazy\" data-lazy-src=\"\" src=\"https:\/\/frank-lovisolo.fr\/WordPress\/wp-content\/flagallery\/kamacitrons\/kamacitrons-n053.jpg\" alt=\"- - -\" title=\"-\"><img decoding=\"async\" class=\"skip-lazy no-lazyload noLazy\" data-lazy-src=\"\" src=\"https:\/\/frank-lovisolo.fr\/WordPress\/wp-content\/flagallery\/kamacitrons\/kamacitrons-n054.jpg\" alt=\"- - -\" title=\"-\"><img decoding=\"async\" class=\"skip-lazy no-lazyload noLazy\" data-lazy-src=\"\" src=\"https:\/\/frank-lovisolo.fr\/WordPress\/wp-content\/flagallery\/kamacitrons\/kamacitrons-n055.jpg\" alt=\"- - -\" title=\"-\"><img decoding=\"async\" class=\"skip-lazy no-lazyload noLazy\" data-lazy-src=\"\" src=\"https:\/\/frank-lovisolo.fr\/WordPress\/wp-content\/flagallery\/kamacitrons\/kamacitrons-n056.jpg\" alt=\"- - -\" title=\"-\"><img decoding=\"async\" class=\"skip-lazy no-lazyload noLazy\" data-lazy-src=\"\" src=\"https:\/\/frank-lovisolo.fr\/WordPress\/wp-content\/flagallery\/kamacitrons\/kamacitrons-n057.jpg\" alt=\"- - -\" title=\"-\"><img decoding=\"async\" class=\"skip-lazy no-lazyload noLazy\" data-lazy-src=\"\" src=\"https:\/\/frank-lovisolo.fr\/WordPress\/wp-content\/flagallery\/kamacitrons\/kamacitrons-n058.jpg\" alt=\"- - -\" title=\"-\"><img decoding=\"async\" class=\"skip-lazy no-lazyload noLazy\" data-lazy-src=\"\" src=\"https:\/\/frank-lovisolo.fr\/WordPress\/wp-content\/flagallery\/kamacitrons\/kamacitrons-n059.jpg\" alt=\"- - -\" title=\"-\"><img decoding=\"async\" class=\"skip-lazy no-lazyload noLazy\" data-lazy-src=\"\" src=\"https:\/\/frank-lovisolo.fr\/WordPress\/wp-content\/flagallery\/kamacitrons\/kamacitrons-n060.jpg\" alt=\"- - -\" title=\"-\"><img decoding=\"async\" class=\"skip-lazy no-lazyload noLazy\" data-lazy-src=\"\" src=\"https:\/\/frank-lovisolo.fr\/WordPress\/wp-content\/flagallery\/kamacitrons\/kamacitrons-n061.jpg\" alt=\"- - -\" title=\"-\"><img decoding=\"async\" class=\"skip-lazy no-lazyload noLazy\" data-lazy-src=\"\" src=\"https:\/\/frank-lovisolo.fr\/WordPress\/wp-content\/flagallery\/kamacitrons\/kamacitrons-n062.jpg\" alt=\"- - -\" title=\"-\"><\/noscript><\/h4>\n<\/td>\n<\/tr>\n<\/tbody>\n<\/table>\n<h1><\/h1>\n<table style=\"width: 100%;\" cellpadding=\"10\">\n<tbody>\n<tr style=\"height: 24px;\">\n<td style=\"height: 24px; width: 1042px;\" colspan=\"2\"><div id=\"attachment_30317\" style=\"width: 421px\" class=\"wp-caption alignleft\"><a href=\"https:\/\/it.wikipedia.org\/wiki\/Eriophyes_sheldoni#\/media\/File:Rust_Mite,_Aceria_anthocoptes.jpg\" target=\"_blank\" rel=\"noopener noreferrer\"><img loading=\"lazy\" decoding=\"async\" aria-describedby=\"caption-attachment-30317\" class=\"wp-image-30317\" title=\"citrons\" src=\"https:\/\/frank-lovisolo.fr\/WordPress\/wp-content\/uploads\/2019\/08\/Rust_Mite_Aceria_anthocoptes-560x391.jpg\" alt=\"Aceria sheldoni - citrons\" width=\"411\" height=\"287\" srcset=\"https:\/\/frank-lovisolo.fr\/WordPress\/wp-content\/uploads\/2019\/08\/Rust_Mite_Aceria_anthocoptes-560x391.jpg 560w, https:\/\/frank-lovisolo.fr\/WordPress\/wp-content\/uploads\/2019\/08\/Rust_Mite_Aceria_anthocoptes-768x536.jpg 768w, https:\/\/frank-lovisolo.fr\/WordPress\/wp-content\/uploads\/2019\/08\/Rust_Mite_Aceria_anthocoptes-1024x715.jpg 1024w, https:\/\/frank-lovisolo.fr\/WordPress\/wp-content\/uploads\/2019\/08\/Rust_Mite_Aceria_anthocoptes-215x150.jpg 215w, https:\/\/frank-lovisolo.fr\/WordPress\/wp-content\/uploads\/2019\/08\/Rust_Mite_Aceria_anthocoptes-150x105.jpg 150w, https:\/\/frank-lovisolo.fr\/WordPress\/wp-content\/uploads\/2019\/08\/Rust_Mite_Aceria_anthocoptes.jpg 1280w\" sizes=\"auto, (max-width: 411px) 100vw, 411px\" \/><\/a><p id=\"caption-attachment-30317\" class=\"wp-caption-text\"><span style=\"font-size: 12px;\">Aceria sheldoni &#8211; n&rsquo;est-il pas trognon? <\/p>\n<p>[<a href=\"https:\/\/it.wikipedia.org\/wiki\/Eriophyes_sheldoni#\/media\/File:Rust_Mite,_Aceria_anthocoptes.jpg\" target=\"_blank\" rel=\"noopener noreferrer\">Photo by Eric Erbe; digital colorization by Chris Pooley<\/a>]<\/span><\/p><\/div><span style=\"font-size: 24px;\"><span style=\"font-size: 36px;\">Q<\/span>uelle chance !!! Si !<\/span><\/p>\n<p style=\"text-align: justify;\"><span style=\"font-size: 20px;\">Mon citronnier a rencontr\u00e9 <a href=\"https:\/\/it.wikipedia.org\/wiki\/Eriophyes_sheldoni\" target=\"_blank\" rel=\"noopener noreferrer\">Aceria Sheldoni.<\/a><\/span><\/p>\n<p style=\"text-align: justify;\"><span style=\"font-size: 20px;\">Commun\u00e9ment appel\u00e9 acarien des bourgeons d\u2019agrumes&#8230;<\/span><\/p>\n<p style=\"text-align: justify;\"><span style=\"font-size: 20px;\">Si bien rencontr\u00e9 que l\u2019acarien, bougre et farceur, a provoqu\u00e9 quelques changements dans l\u2019architecture ancestrale de mes citrons, le matin, fortement press\u00e9s et appr\u00e9ci\u00e9s&#8230;<\/span><\/p>\n<p style=\"text-align: justify;\"><span style=\"font-size: 20px;\"><img loading=\"lazy\" decoding=\"async\" class=\"alignright wp-image-30318\" title=\"citrons\" src=\"https:\/\/frank-lovisolo.fr\/WordPress\/wp-content\/uploads\/2019\/08\/Parties_du_citron-560x420.png\" alt=\"Parties des citrons\" width=\"355\" height=\"266\" \/>Spectaculairement distordus et bistourn\u00e9s, ces fruits sont, pour le photographe h\u00e9doniste et malicieux, l\u2019opportunit\u00e9 de les faire poser dans des postures qui s\u2019accordent tr\u00e8s peu avec la tr\u00e8s s\u00e9rieuse science de la botanique ((du\u00a0grec \u03b2\u03bf\u03c4\u03b1\u03bd\u03b9\u03ba\u03ae ; f\u00e9minin du mot \u03b2\u03bf\u03c4\u03b1\u03bd\u03b9\u03ba\u03cc\u03c2 qui signifie \u00ab qui concerne les herbes, les plantes \u00bb, qu&rsquo;on se le dise !).\u00a0<\/span><\/p>\n<p style=\"text-align: justify;\"><span style=\"font-size: 20px;\">Mais, entre citriques et cyprine j\u2019aime trouver une relation picturale empreinte de vitamine C (\u00a0<a title=\"Carbone\" href=\"https:\/\/fr.wikipedia.org\/wiki\/Carbone\" target=\"_blank\" rel=\"noopener\">C<\/a><sub>6<\/sub><a title=\"Hydrog\u00e8ne\" href=\"https:\/\/fr.wikipedia.org\/wiki\/Hydrog%C3%A8ne\" target=\"_blank\" rel=\"noopener\">H<\/a><sub>8<\/sub><a title=\"Oxyg\u00e8ne\" href=\"https:\/\/fr.wikipedia.org\/wiki\/Oxyg%C3%A8ne\" target=\"_blank\" rel=\"noopener\">O<\/a><sub>6<\/sub> \ud83d\ude42 ) avec les p\u00e9doncules et mamelons de mes \u00e9tranges citrons!\u00a0<\/span><\/p>\n<div id=\"attachment_30319\" style=\"width: 284px\" class=\"wp-caption alignleft\"><img loading=\"lazy\" decoding=\"async\" aria-describedby=\"caption-attachment-30319\" class=\"wp-image-30319\" src=\"https:\/\/frank-lovisolo.fr\/WordPress\/wp-content\/uploads\/2019\/08\/Giuseppe-Arcimboldo-560x804.jpg\" alt=\"Giuseppe Arcimboldo - citrons\" width=\"274\" height=\"393\" title=\"-\" srcset=\"https:\/\/frank-lovisolo.fr\/WordPress\/wp-content\/uploads\/2019\/08\/Giuseppe-Arcimboldo-560x804.jpg 560w, https:\/\/frank-lovisolo.fr\/WordPress\/wp-content\/uploads\/2019\/08\/Giuseppe-Arcimboldo-768x1102.jpg 768w, https:\/\/frank-lovisolo.fr\/WordPress\/wp-content\/uploads\/2019\/08\/Giuseppe-Arcimboldo-105x150.jpg 105w, https:\/\/frank-lovisolo.fr\/WordPress\/wp-content\/uploads\/2019\/08\/Giuseppe-Arcimboldo.jpg 800w\" sizes=\"auto, (max-width: 274px) 100vw, 274px\" \/><p id=\"caption-attachment-30319\" class=\"wp-caption-text\">Giuseppe Arcimboldo<\/p><\/div>\n<div style=\"text-align: justify;\"><span style=\"font-size: 20px;\">Il y aura certainement de citriques acides critiques prodig\u00e9es par quelques fielleux gastriques atteints de scorbut artistique peu sensibles \u00e0 la photografruit \u00e9rotique.<\/span><\/div>\n<div style=\"text-align: justify;\"><span style=\"font-size: 20px;\">Mais je m\u2019en fiche, je me suis bien amus\u00e9\u2009, ce qui demeure le principal dans un monde influenc\u00e9 par des imb\u00e9ciles !<\/span><\/div>\n<div id=\"attachment_30320\" style=\"width: 365px\" class=\"wp-caption alignright\"><img loading=\"lazy\" decoding=\"async\" aria-describedby=\"caption-attachment-30320\" class=\"wp-image-30320\" title=\"L'hiver - Giuseppe Arcimboldo - citrons\" src=\"https:\/\/frank-lovisolo.fr\/WordPress\/wp-content\/uploads\/2019\/08\/arcimboldo-hiver.jpg\" alt=\"L'hiver - Giuseppe Arcimboldo - citrons\" width=\"355\" height=\"433\" srcset=\"https:\/\/frank-lovisolo.fr\/WordPress\/wp-content\/uploads\/2019\/08\/arcimboldo-hiver.jpg 410w, https:\/\/frank-lovisolo.fr\/WordPress\/wp-content\/uploads\/2019\/08\/arcimboldo-hiver-123x150.jpg 123w\" sizes=\"auto, (max-width: 355px) 100vw, 355px\" \/><p id=\"caption-attachment-30320\" class=\"wp-caption-text\">L\u2019hiver \u2014 Giuseppe Arcimboldo (\u00a0avec un citron\u00a0)<\/p><\/div>\n<p style=\"text-align: justify;\"><span style=\"font-size: 20px;\">\u00a0Je dois citer, pour finir cet article, un l\u2019autre sp\u00e9cialiste des fruits\u00a0: <a href=\"https:\/\/fr.wikipedia.org\/wiki\/Giuseppe_Arcimboldo\" target=\"_blank\" rel=\"noopener noreferrer\"><strong>Giuseppe Arcimboldo<\/strong><\/a> dont les toiles regorgent des saveurs et couleurs d\u2019une botanique\u00a0 exub\u00e9rante et transcendante\u2009!<\/span><\/p>\n<p>&nbsp;<\/p>\n<p style=\"text-align: justify;\"><span style=\"font-size: 20px;\"><strong>Je vous laisse avec mon bestiaire lubrique pourtant phytologique et m\u2019en vais cueillir ailleurs d\u2019autres fruits acidul\u00e9s et butiner quelques fleurs de Cypris.<\/strong><\/span><\/p>\n<p>&nbsp;<\/td>\n<\/tr>\n<tr>\n<td style=\"text-align: center; width: 1042px;\" colspan=\"2\">Et du Japon :<\/p>\n<h2>Le Citron de <a href=\"https:\/\/fr.wikipedia.org\/wiki\/Motojir%C5%8D_Kajii\" target=\"_blank\" rel=\"noopener noreferrer\">Kajii Motojir\u00f4<\/a><\/h2>\n<p>\u00ab Pour tout dire, j&rsquo;aime les citrons. J&rsquo;aime leur couleur pure, comme celle de la peinture. \u00bb<\/td>\n<\/tr>\n<tr>\n<td style=\"width: 1042px;\" colspan=\"2\"><span style=\"color: #ffffff;\">&#8230;<\/span><a id=\"com\"><\/a><\/td>\n<\/tr>\n<\/tbody>\n<\/table>\n<p><!--nextpage--><\/p>\n<table style=\"width: 100%;\" cellpadding=\"10\">\n<tbody>\n<tr>\n<td style=\"text-align: center; width: 1042px;\" colspan=\"2\">Et du Japon :<\/p>\n<h2>Le Citron de <a href=\"https:\/\/fr.wikipedia.org\/wiki\/Motojir%C5%8D_Kajii\" target=\"_blank\" rel=\"noopener noreferrer\">Kajii Motojir\u00f4<\/a><\/h2>\n<p>\u00ab Pour tout dire, j&rsquo;aime les citrons. J&rsquo;aime leur couleur pure, comme celle de la peinture. \u00bb<\/td>\n<\/tr>\n<tr>\n<td style=\"width: 508px;\" colspan=\"2\"><img loading=\"lazy\" decoding=\"async\" class=\"alignleft wp-image-30343\" src=\"https:\/\/frank-lovisolo.fr\/WordPress\/wp-content\/uploads\/2019\/04\/0001027.jpg\" alt=\"Le Citron de Kajii Motojir\u00f4\" width=\"360\" height=\"568\" title=\"-\" srcset=\"https:\/\/frank-lovisolo.fr\/WordPress\/wp-content\/uploads\/2019\/04\/0001027.jpg 482w, https:\/\/frank-lovisolo.fr\/WordPress\/wp-content\/uploads\/2019\/04\/0001027-95x150.jpg 95w\" sizes=\"auto, (max-width: 360px) 100vw, 360px\" \/><\/p>\n<div id=\"attachment_30344\" style=\"width: 315px\" class=\"wp-caption alignright\"><img loading=\"lazy\" decoding=\"async\" aria-describedby=\"caption-attachment-30344\" class=\" wp-image-30344\" src=\"https:\/\/frank-lovisolo.fr\/WordPress\/wp-content\/uploads\/2019\/04\/Motojir\u014d_Kajii.jpg\" alt=\"Motojir\u014d Kajii\" width=\"305\" height=\"434\" title=\"-\" srcset=\"https:\/\/frank-lovisolo.fr\/WordPress\/wp-content\/uploads\/2019\/04\/Motojir\u014d_Kajii.jpg 330w, https:\/\/frank-lovisolo.fr\/WordPress\/wp-content\/uploads\/2019\/04\/Motojir\u014d_Kajii-105x150.jpg 105w\" sizes=\"auto, (max-width: 305px) 100vw, 305px\" \/><p id=\"caption-attachment-30344\" class=\"wp-caption-text\">Motojir\u014d Kajii<\/p><\/div>\n<p><span style=\"font-size: 20px;\">Il y a une connivence imm\u00e9diate entre Kajii et les choses. Regarder est pour lui \u00ab\u2009la seule mani\u00e8re vivante de vivre\u2009\u00bb. Kajii Motojir\u00f4 (\u00a01901-1932\u00a0) est l\u2019un des \u00e9crivains les plus attachants et les plus singuliers du Japon. Le Citron, recueil de nouvelles qui fit sa c\u00e9l\u00e9brit\u00e9, est tenu pour un classique de la prose po\u00e9tique. [NdE]<\/span><\/p>\n<p><span style=\"font-size: 20px;\">\u00ab\u00a0<em>L\u2019oreille du chat est vraiment une dr\u00f4le\u00a0<\/em><em>de chose. Mince et froide, elle est couverte de poils ras au-dehors et luisante au-dedans, comme la peau d\u2019une pousse de bambou. Elle est d\u2019une mati\u00e8re ind\u00e9finissable, \u00e0 la fois dure et tendre, tout \u00e0 fait particuli\u00e8re. Depuis mon enfance, j\u2019avais toujours eu une envie irr\u00e9sistible d\u2019y donner, clac, un coup de poin\u00e7onneuse \u00e0 tickets. Imagination cruelle\u00a0? Non. Elle \u00e9tait enti\u00e8rement due \u00e0 l\u2019\u00e9trange pouvoir de suggestion que poss\u00e8de cette oreille.<\/em>\u00a0\u00bb<\/span><\/p>\n<p>Le Citron de Kajii Motojir\u00f4 &#8211; Chapitre \u00ab\u00a0Caresses\u00a0\u00bb<a id=\"com\"><\/a><\/td>\n<\/tr>\n<\/tbody>\n<\/table>\n<p><!--nextpage--><\/p>\n<table class=\"wikitable centre\" style=\"width: 100%;\">\n<tbody>\n<tr>\n<td colspan=\"4\" align=\"center\" bgcolor=\"#ffff44\">\n<h5><span style=\"font-size: 20px;\"><a href=\"https:\/\/fr.wikipedia.org\/wiki\/Citron\" target=\"_blank\" rel=\"noopener noreferrer\"><b>Citrons crus sans peau<\/b><\/a><\/span><br \/>\n<span style=\"font-size: 20px;\"><small>(valeur nutritive pour 100\u00a0<abbr class=\"abbr\" title=\"gramme\">g<\/abbr>)<\/small><\/span><\/h5>\n<\/td>\n<\/tr>\n<tr>\n<td><span style=\"font-size: 20px;\"><a class=\"mw-redirect\" title=\"Eau (nutriment)\" href=\"https:\/\/fr.wikipedia.org\/wiki\/Eau_(nutriment)\" target=\"_blank\" rel=\"noopener\">eau<\/a>\u00a0: 88,98\u00a0<abbr class=\"abbr\" title=\"gramme\">g<\/abbr><\/span><\/td>\n<td><span style=\"font-size: 20px;\"><a title=\"Cendres totales\" href=\"https:\/\/fr.wikipedia.org\/wiki\/Cendres_totales\" target=\"_blank\" rel=\"noopener\">cendres totales<\/a>\u00a0: 0,30\u00a0<abbr class=\"abbr\" title=\"gramme\">g<\/abbr><\/span><\/td>\n<td><span style=\"font-size: 20px;\"><a title=\"Fibre alimentaire\" href=\"https:\/\/fr.wikipedia.org\/wiki\/Fibre_alimentaire\" target=\"_blank\" rel=\"noopener\">fibres<\/a>\u00a0: 2,8\u00a0<abbr class=\"abbr\" title=\"gramme\">g<\/abbr><\/span><\/td>\n<td><span style=\"font-size: 20px;\"><a title=\"Valeur \u00e9nerg\u00e9tique\" href=\"https:\/\/fr.wikipedia.org\/wiki\/Valeur_%C3%A9nerg%C3%A9tique\" target=\"_blank\" rel=\"noopener\">valeur \u00e9nerg\u00e9tique<\/a>\u00a0: 29 kcal<\/span><\/td>\n<\/tr>\n<tr>\n<td><span style=\"font-size: 20px;\"><a title=\"Prot\u00e9ine\" href=\"https:\/\/fr.wikipedia.org\/wiki\/Prot%C3%A9ine\" target=\"_blank\" rel=\"noopener\">prot\u00e9ines<\/a>\u00a0: 1,10\u00a0<abbr class=\"abbr\" title=\"gramme\">g<\/abbr><\/span><\/td>\n<td><span style=\"font-size: 20px;\"><a title=\"Lipide\" href=\"https:\/\/fr.wikipedia.org\/wiki\/Lipide\" target=\"_blank\" rel=\"noopener\">lipides<\/a>\u00a0: 0,30\u00a0<abbr class=\"abbr\" title=\"gramme\">g<\/abbr><\/span><\/td>\n<td><span style=\"font-size: 20px;\"><a title=\"Glucide\" href=\"https:\/\/fr.wikipedia.org\/wiki\/Glucide\" target=\"_blank\" rel=\"noopener\">glucides<\/a>\u00a0: 9,32\u00a0<abbr class=\"abbr\" title=\"gramme\">g<\/abbr><\/span><\/td>\n<td><span style=\"font-size: 20px;\"><a title=\"Sucre simple\" href=\"https:\/\/fr.wikipedia.org\/wiki\/Sucre_simple\" target=\"_blank\" rel=\"noopener\">sucres simples<\/a>\u00a0: 2,50\u00a0<abbr class=\"abbr\" title=\"gramme\">g<\/abbr><\/span><\/td>\n<\/tr>\n<tr>\n<td colspan=\"4\" align=\"center\" bgcolor=\"#ffff44\"><span style=\"font-size: 20px;\"><a title=\"Oligo-\u00e9l\u00e9ment\" href=\"https:\/\/fr.wikipedia.org\/wiki\/Oligo-%C3%A9l%C3%A9ment\" target=\"_blank\" rel=\"noopener\">oligo-\u00e9l\u00e9ments<\/a><\/span><\/td>\n<\/tr>\n<tr>\n<td><span style=\"font-size: 20px;\"><a class=\"mw-redirect\" title=\"Calcium (nutriment)\" href=\"https:\/\/fr.wikipedia.org\/wiki\/Calcium_(nutriment)\" target=\"_blank\" rel=\"noopener\">calcium<\/a>\u00a0: 26\u00a0<abbr class=\"abbr\" title=\"milligramme\">mg<\/abbr><\/span><\/td>\n<td><span style=\"font-size: 20px;\"><a class=\"mw-redirect\" title=\"Fer (nutriment)\" href=\"https:\/\/fr.wikipedia.org\/wiki\/Fer_(nutriment)\" target=\"_blank\" rel=\"noopener\">fer<\/a>\u00a0: 0,60\u00a0<abbr class=\"abbr\" title=\"milligramme\">mg<\/abbr><\/span><\/td>\n<td><span style=\"font-size: 20px;\"><a class=\"mw-redirect\" title=\"Magn\u00e9sium (nutriment)\" href=\"https:\/\/fr.wikipedia.org\/wiki\/Magn%C3%A9sium_(nutriment)\" target=\"_blank\" rel=\"noopener\">magn\u00e9sium<\/a>\u00a0: 8\u00a0<abbr class=\"abbr\" title=\"milligramme\">mg<\/abbr><\/span><\/td>\n<td><span style=\"font-size: 20px;\"><a class=\"mw-redirect\" title=\"Phosphore (nutriment)\" href=\"https:\/\/fr.wikipedia.org\/wiki\/Phosphore_(nutriment)\" target=\"_blank\" rel=\"noopener\">phosphore<\/a>\u00a0: 16\u00a0<abbr class=\"abbr\" title=\"milligramme\">mg<\/abbr><\/span><\/td>\n<\/tr>\n<tr>\n<td><span style=\"font-size: 20px;\"><a class=\"mw-redirect\" title=\"Potassium (nutriment)\" href=\"https:\/\/fr.wikipedia.org\/wiki\/Potassium_(nutriment)\" target=\"_blank\" rel=\"noopener\">potassium<\/a>\u00a0: 138\u00a0<abbr class=\"abbr\" title=\"milligramme\">mg<\/abbr><\/span><\/td>\n<td><span style=\"font-size: 20px;\"><a class=\"mw-redirect\" title=\"Cuivre (nutriment)\" href=\"https:\/\/fr.wikipedia.org\/wiki\/Cuivre_(nutriment)\" target=\"_blank\" rel=\"noopener\">cuivre<\/a>\u00a0: 0,037\u00a0<abbr class=\"abbr\" title=\"milligramme\">mg<\/abbr><\/span><\/td>\n<td><span style=\"font-size: 20px;\"><a class=\"mw-redirect\" title=\"Sodium (nutriment)\" href=\"https:\/\/fr.wikipedia.org\/wiki\/Sodium_(nutriment)\" target=\"_blank\" rel=\"noopener\">sodium<\/a>\u00a0: 2\u00a0<abbr class=\"abbr\" title=\"milligramme\">mg<\/abbr><\/span><\/td>\n<td><span style=\"font-size: 20px;\"><a title=\"Zinc (nutriment)\" href=\"https:\/\/fr.wikipedia.org\/wiki\/Zinc_(nutriment)\" target=\"_blank\" rel=\"noopener\">zinc<\/a>\u00a0: 0,06\u00a0<abbr class=\"abbr\" title=\"milligramme\">mg<\/abbr><\/span><\/td>\n<\/tr>\n<tr>\n<td colspan=\"4\" align=\"center\" bgcolor=\"#ffff44\"><span style=\"font-size: 20px;\"><a title=\"Vitamine\" href=\"https:\/\/fr.wikipedia.org\/wiki\/Vitamine\" target=\"_blank\" rel=\"noopener\">vitamines<\/a><\/span><\/td>\n<\/tr>\n<tr>\n<td><span style=\"font-size: 20px;\"><a title=\"Vitamine C\" href=\"https:\/\/fr.wikipedia.org\/wiki\/Vitamine_C\" target=\"_blank\" rel=\"noopener\">vitamine C<\/a>\u00a0: 53,0\u00a0<abbr class=\"abbr\" title=\"milligramme\">mg<\/abbr><\/span><\/td>\n<td><span style=\"font-size: 20px;\"><a title=\"Vitamine B1\" href=\"https:\/\/fr.wikipedia.org\/wiki\/Vitamine_B1\" target=\"_blank\" rel=\"noopener\">vitamine B1<\/a>\u00a0: 0,040\u00a0<abbr class=\"abbr\" title=\"milligramme\">mg<\/abbr><\/span><\/td>\n<td><span style=\"font-size: 20px;\"><a class=\"mw-redirect\" title=\"Vitamine B2\" href=\"https:\/\/fr.wikipedia.org\/wiki\/Vitamine_B2\" target=\"_blank\" rel=\"noopener\">vitamine B2<\/a>\u00a0: 0,020\u00a0<abbr class=\"abbr\" title=\"milligramme\">mg<\/abbr><\/span><\/td>\n<td><span style=\"font-size: 20px;\"><a title=\"Vitamine B3\" href=\"https:\/\/fr.wikipedia.org\/wiki\/Vitamine_B3\" target=\"_blank\" rel=\"noopener\">vitamine B3<\/a>\u00a0: 0,100\u00a0<abbr class=\"abbr\" title=\"milligramme\">mg<\/abbr><\/span><\/td>\n<\/tr>\n<tr>\n<td><span style=\"font-size: 20px;\"><a title=\"Vitamine B5\" href=\"https:\/\/fr.wikipedia.org\/wiki\/Vitamine_B5\" target=\"_blank\" rel=\"noopener\">vitamine B5<\/a>\u00a0: 0,190\u00a0<abbr class=\"abbr\" title=\"milligramme\">mg<\/abbr><\/span><\/td>\n<td><span style=\"font-size: 20px;\"><a title=\"Vitamine B6\" href=\"https:\/\/fr.wikipedia.org\/wiki\/Vitamine_B6\" target=\"_blank\" rel=\"noopener\">vitamine B6<\/a>\u00a0: 0,080\u00a0<abbr class=\"abbr\" title=\"milligramme\">mg<\/abbr><\/span><\/td>\n<td><span style=\"font-size: 20px;\"><a title=\"Vitamine B9\" href=\"https:\/\/fr.wikipedia.org\/wiki\/Vitamine_B9\" target=\"_blank\" rel=\"noopener\">vitamine B9<\/a>\u00a0: 0\u00a0<abbr class=\"abbr\" title=\"microgramme\">\u00b5g<\/abbr><\/span><\/td>\n<td><span style=\"font-size: 20px;\"><a title=\"Vitamine B12\" href=\"https:\/\/fr.wikipedia.org\/wiki\/Vitamine_B12\" target=\"_blank\" rel=\"noopener\">vitamine B12<\/a>\u00a0: 0,00\u00a0<abbr class=\"abbr\" title=\"microgramme\">\u00b5g<\/abbr><\/span><\/td>\n<\/tr>\n<tr>\n<td><span style=\"font-size: 20px;\"><a title=\"Vitamine A\" href=\"https:\/\/fr.wikipedia.org\/wiki\/Vitamine_A\" target=\"_blank\" rel=\"noopener\">vitamine A<\/a>\u00a0: 22 UI<\/span><\/td>\n<td><span style=\"font-size: 20px;\"><a title=\"R\u00e9tinol\" href=\"https:\/\/fr.wikipedia.org\/wiki\/R%C3%A9tinol\" target=\"_blank\" rel=\"noopener\">r\u00e9tinol<\/a>\u00a0: 0\u00a0<abbr class=\"abbr\" title=\"microgramme\">\u00b5g<\/abbr><\/span><\/td>\n<td><span style=\"font-size: 20px;\"><a title=\"Vitamine E\" href=\"https:\/\/fr.wikipedia.org\/wiki\/Vitamine_E\" target=\"_blank\" rel=\"noopener\">vitamine E<\/a>\u00a0: 0,15\u00a0<abbr class=\"abbr\" title=\"microgramme\">\u00b5g<\/abbr><\/span><\/td>\n<td><span style=\"font-size: 20px;\"><a title=\"Vitamine K\" href=\"https:\/\/fr.wikipedia.org\/wiki\/Vitamine_K\" target=\"_blank\" rel=\"noopener\">vitamine K<\/a>\u00a0: 0,0\u00a0<abbr class=\"abbr\" title=\"microgramme\">\u00b5g<\/abbr><\/span><\/td>\n<\/tr>\n<tr>\n<td colspan=\"4\" align=\"center\" bgcolor=\"#ffff44\"><span style=\"font-size: 20px;\"><a title=\"Acide gras\" href=\"https:\/\/fr.wikipedia.org\/wiki\/Acide_gras\" target=\"_blank\" rel=\"noopener\">acides gras<\/a><\/span><\/td>\n<\/tr>\n<tr>\n<td><span style=\"font-size: 20px;\"><a title=\"Acide gras satur\u00e9\" href=\"https:\/\/fr.wikipedia.org\/wiki\/Acide_gras_satur%C3%A9\" target=\"_blank\" rel=\"noopener\">satur\u00e9s<\/a>\u00a0: 0,039\u00a0<abbr class=\"abbr\" title=\"gramme\">g<\/abbr><\/span><\/td>\n<td><span style=\"font-size: 20px;\"><a class=\"mw-redirect\" title=\"Acide gras mono-insatur\u00e9\" href=\"https:\/\/fr.wikipedia.org\/wiki\/Acide_gras_mono-insatur%C3%A9\" target=\"_blank\" rel=\"noopener\">mono-insatur\u00e9s<\/a>\u00a0: 0,011\u00a0<abbr class=\"abbr\" title=\"gramme\">g<\/abbr><\/span><\/td>\n<td><span style=\"font-size: 20px;\"><a class=\"mw-redirect\" title=\"Acide gras poly-insatur\u00e9\" href=\"https:\/\/fr.wikipedia.org\/wiki\/Acide_gras_poly-insatur%C3%A9\" target=\"_blank\" rel=\"noopener\">poly-insatur\u00e9s<\/a>\u00a0: 0,089\u00a0<abbr class=\"abbr\" title=\"gramme\">g<\/abbr><\/span><\/td>\n<td><span style=\"font-size: 20px;\"><a title=\"Cholest\u00e9rol\" href=\"https:\/\/fr.wikipedia.org\/wiki\/Cholest%C3%A9rol\" target=\"_blank\" rel=\"noopener\">cholest\u00e9rol<\/a>\u00a0: 0\u00a0<abbr class=\"abbr\" title=\"milligramme\">mg<\/abbr><\/span><\/td>\n<\/tr>\n<\/tbody>\n<\/table>\n<table style=\"width: 100%;\">\n<tbody>\n<tr>\n<td>\n<h3><span id=\"Pour_la_sant\u00e9\" class=\"mw-headline\"><img loading=\"lazy\" decoding=\"async\" class=\" wp-image-30322 alignleft\" src=\"https:\/\/frank-lovisolo.fr\/WordPress\/wp-content\/uploads\/2019\/08\/Citron-004.jpg\" alt=\"Citrons\" width=\"349\" height=\"320\" title=\"-\" srcset=\"https:\/\/frank-lovisolo.fr\/WordPress\/wp-content\/uploads\/2019\/08\/Citron-004.jpg 830w, https:\/\/frank-lovisolo.fr\/WordPress\/wp-content\/uploads\/2019\/08\/Citron-004-560x513.jpg 560w, https:\/\/frank-lovisolo.fr\/WordPress\/wp-content\/uploads\/2019\/08\/Citron-004-768x703.jpg 768w, https:\/\/frank-lovisolo.fr\/WordPress\/wp-content\/uploads\/2019\/08\/Citron-004-164x150.jpg 164w, https:\/\/frank-lovisolo.fr\/WordPress\/wp-content\/uploads\/2019\/08\/Citron-004-150x137.jpg 150w\" sizes=\"auto, (max-width: 349px) 100vw, 349px\" \/>Pour la sant\u00e9<\/span><\/h3>\n<div class=\"thumb tright\">\n<div class=\"thumbinner\">\n<div class=\"thumbcaption\"><\/div>\n<\/div>\n<\/div>\n<p><span style=\"font-size: 20px;\"><em>Les publicit\u00e9s concernant les bienfaits du citron peuvent contenir des\u00a0<a title=\"All\u00e9gations nutritionnelles et de sant\u00e9\" href=\"https:\/\/fr.wikipedia.org\/wiki\/All%C3%A9gations_nutritionnelles_et_de_sant%C3%A9\" target=\"_blank\" rel=\"noopener\">all\u00e9gations sant\u00e9<\/a> fausses, ambig\u00fces ou trompeuses.<\/em><\/span><\/p>\n<p style=\"text-align: justify;\"><span style=\"font-size: 20px;\"><em>Ainsi, on pr\u00eate au citron toutes sortes de vertus\u00a0: fort en\u00a0<a title=\"Vitamine C\" href=\"https:\/\/fr.wikipedia.org\/wiki\/Vitamine_C\" target=\"_blank\" rel=\"noopener\">vitamine C<\/a>, il gommerait toute fatigue, favoriserait la digestion, rendrait les dents blanches, serait\u00a0<a title=\"Diur\u00e9tique\" href=\"https:\/\/fr.wikipedia.org\/wiki\/Diur%C3%A9tique\" target=\"_blank\" rel=\"noopener\">diur\u00e9tique<\/a>. En plus de ses propri\u00e9t\u00e9s anti-infectieuses,\u00a0<a title=\"Antiseptique\" href=\"https:\/\/fr.wikipedia.org\/wiki\/Antiseptique\" target=\"_blank\" rel=\"noopener\">antiseptiques<\/a>\u00a0et cicatrisantes, il r\u00e9duirait la cellulite (\u00a0aliment br\u00fble-graisse\u00a0), ralentirait le vieillissement et aiderait m\u00eame \u00e0 se prot\u00e9ger du cancer.<\/em><\/span><\/p>\n<p><span style=\"font-size: 20px;\"><em>La plupart de ces all\u00e9gations ne sont pas prouv\u00e9es scientifiquement.<\/em><\/span><\/p>\n<p style=\"text-align: justify;\"><span style=\"font-size: 20px;\"><em>Cependant sa richesse en vitamine C favorise les cicatrisations. L\u2019<a title=\"Acide citrique\" href=\"https:\/\/fr.wikipedia.org\/wiki\/Acide_citrique\" target=\"_blank\" rel=\"noopener\">acide citrique<\/a>\u00a0du jus est antiseptique, d\u2019o\u00f9 les gargarismes avec du jus coup\u00e9 d\u2019eau en cas de maux de gorge et l\u2019ajout de quelques gouttes de jus de citron dans les\u00a0<a class=\"mw-redirect\" title=\"Fruits de mer\" href=\"https:\/\/fr.wikipedia.org\/wiki\/Fruits_de_mer\" target=\"_blank\" rel=\"noopener\">fruits de mer<\/a>\u00a0consomm\u00e9s crus. Le citron frott\u00e9 sur les dents, au lieu de les blanchir (\u00a0\u00e9liminant les taches de th\u00e9, tabac\u00a0), attaque l\u2019\u00e9mail sur lequel l\u2019acidit\u00e9 r\u00e9p\u00e9t\u00e9e peut entra\u00eener la d\u00e9min\u00e9ralisation des dents et cr\u00e9er des micropores suffisants pour laisser entrer les bact\u00e9ries \u00e0 l\u2019origine de caries. Enfin, ce fruit reste int\u00e9ressant pour la sant\u00e9 en raison de sa richesse en vitamine C, en calcium, phosphore et potassium dont l\u2019assimilation est favoris\u00e9e par l\u2019<a title=\"Acide citrique\" href=\"https:\/\/fr.wikipedia.org\/wiki\/Acide_citrique\" target=\"_blank\" rel=\"noopener\">acide citrique<\/a><sup id=\"cite_ref-19\" class=\"reference\"><\/sup>.<\/em><\/span><\/p>\n<p><span style=\"font-size: 20px;\"><em>Le citron peut m\u00eame avoir des effets n\u00e9fastes importants.<\/em><\/span><\/p>\n<p style=\"text-align: justify;\"><span style=\"font-size: 20px;\"><em>Comme tous les agrumes sont riches en <a class=\"mw-redirect\" title=\"Furanocoumarine\" href=\"https:\/\/fr.wikipedia.org\/wiki\/Furanocoumarine\" target=\"_blank\" rel=\"noopener\">furanocoumarines<\/a>\u00a0(<a title=\"Psoral\u00e8ne\" href=\"https:\/\/fr.wikipedia.org\/wiki\/Psoral%C3%A8ne\" target=\"_blank\" rel=\"noopener\">\u00a0psoral\u00e8ne<\/a>, bergapt\u00e8ne surtout pr\u00e9sents dans la pulpe, ces composants \u00e9tant donc plus concentr\u00e9s dans les jus de fruits frais que dans les jus de fruits pasteuris\u00e9s\u00a0) qui peuvent entra\u00eener une\u00a0<a title=\"Photosensibilisation\" href=\"https:\/\/fr.wikipedia.org\/wiki\/Photosensibilisation\" target=\"_blank\" rel=\"noopener\">photosensibilisation<\/a>.<\/em><\/span><\/p>\n<p><span style=\"font-size: 20px;\"><em>Une consommation \u00e9lev\u00e9e d\u2019agrumes augmente de 30\u00a0% le risque de\u00a0<a title=\"M\u00e9lanome\" href=\"https:\/\/fr.wikipedia.org\/wiki\/M%C3%A9lanome\" target=\"_blank\" rel=\"noopener\">m\u00e9lanome<\/a>.<\/em><\/span><\/p>\n<p><span style=\"font-size: 20px;\"><em>Ainsi, la consommation fr\u00e9quente de jus de fruits frais permettrait de ralentir la progression de certains cancers, mais favoriserait celui de la peau pour les personnes qui ne se prot\u00e8gent pas du soleil.<\/em><\/span><\/p>\n<p><span style=\"font-size: 20px;\"><em><a href=\"https:\/\/fr.wikipedia.org\/wiki\/Citron\" target=\"_blank\" rel=\"noopener noreferrer\">La suite &gt;&gt;&gt;&gt;&gt;<\/a><\/em><\/span><\/td>\n<\/tr>\n<\/tbody>\n<\/table>\n<div><span style=\"color: #ffffff; font-size: 8px;\">audio ogg=\u00a0\u00bbhttp:\/\/frank-lovisolo.fr\/xxx\/ogg\/TroubleInALoveStory.ogg\u00a0\u00bb mp3=\u00a0\u00bbhttp:\/\/frank-lovisolo.fr\/xxx\/m3p\/Troubles in love story.mp3&Prime;\u00a0autoplay=\u00a0\u00bbtrue\u00a0\u00bb preload=\u00a0\u00bbtrue\u00a0\u00bb width=\u00a0\u00bb320&Prime; height=\u00a0\u00bb40&Prime;<\/span><\/div>\n<table style=\"height: 20px; width: 100%; border-collapse: collapse;\">\n<tbody>\n<tr>\n<td style=\"width: 100%; text-align: center;\"><span style=\"color: #ffff00;\"><a style=\"color: #ffff00;\" href=\"https:\/\/frank-lovisolo.fr\/WordPress\/report-a-problem\/\" target=\"_blank\" rel=\"noopener noreferrer\"><span style=\"background-color: #320000;\">\u00a0 Signaler un probl\u00e8me &#8211; Report a problem\u00a0\u00a0<\/span><\/a> <\/span><a id=\"com\"><\/a><\/td>\n<\/tr>\n<\/tbody>\n<\/table>\n<div id=\"ez-toc-container\" class=\"ez-toc-v2_0_82_2 ez-toc-wrap-center counter-hierarchy ez-toc-counter ez-toc-light-blue ez-toc-container-direction\">\n<label for=\"ez-toc-cssicon-toggle-item-69edaf9ca9afe\" class=\"ez-toc-cssicon-toggle-label\"><p class=\"ez-toc-title\" style=\"cursor:inherit\">Table des mati\u00e8res<\/p>\n<span class=\"ez-toc-cssicon\"><span class=\"eztoc-hide\" style=\"display:none;\">Toggle<\/span><span class=\"ez-toc-icon-toggle-span\"><svg style=\"fill: #999;color:#999\" xmlns=\"http:\/\/www.w3.org\/2000\/svg\" class=\"list-377408\" width=\"20px\" height=\"20px\" viewBox=\"0 0 24 24\" fill=\"none\"><path d=\"M6 6H4v2h2V6zm14 0H8v2h12V6zM4 11h2v2H4v-2zm16 0H8v2h12v-2zM4 16h2v2H4v-2zm16 0H8v2h12v-2z\" fill=\"currentColor\"><\/path><\/svg><svg style=\"fill: #999;color:#999\" class=\"arrow-unsorted-368013\" xmlns=\"http:\/\/www.w3.org\/2000\/svg\" width=\"10px\" height=\"10px\" viewBox=\"0 0 24 24\" version=\"1.2\" baseProfile=\"tiny\"><path d=\"M18.2 9.3l-6.2-6.3-6.2 6.3c-.2.2-.3.4-.3.7s.1.5.3.7c.2.2.4.3.7.3h11c.3 0 .5-.1.7-.3.2-.2.3-.5.3-.7s-.1-.5-.3-.7zM5.8 14.7l6.2 6.3 6.2-6.3c.2-.2.3-.5.3-.7s-.1-.5-.3-.7c-.2-.2-.4-.3-.7-.3h-11c-.3 0-.5.1-.7.3-.2.2-.3.5-.3.7s.1.5.3.7z\"\/><\/svg><\/span><\/span><\/label><input type=\"checkbox\"  id=\"ez-toc-cssicon-toggle-item-69edaf9ca9afe\" checked \/><nav><ul class='ez-toc-list ez-toc-list-level-1 ' ><ul class='ez-toc-list-level-5' ><li class='ez-toc-heading-level-5'><ul class='ez-toc-list-level-5' ><li class='ez-toc-heading-level-5'><a class=\"ez-toc-link ez-toc-heading-1\" href=\"https:\/\/frank-lovisolo.fr\/WordPress\/kama-citrons\/3\/#citrons-crus-sans-peau-valeur-nutritive-pour-100-g\" >Citrons crus sans peau \n(valeur nutritive pour 100\u00a0g)<\/a><\/li><\/ul><\/li><\/ul><\/li><li class='ez-toc-page-1 ez-toc-heading-level-3'><a class=\"ez-toc-link ez-toc-heading-2\" href=\"https:\/\/frank-lovisolo.fr\/WordPress\/kama-citrons\/3\/#pour-la-sante\" >Pour la sant\u00e9<\/a><\/li><\/ul><\/nav><\/div>\n","protected":false},"excerpt":{"rendered":"<p><span class=\"span-reading-time rt-reading-time\" style=\"display: block;\"><span class=\"rt-label rt-prefix\">Reading Time: <\/span> <span class=\"rt-time\"> 5<\/span> <span class=\"rt-label rt-postfix\">minutes<\/span><\/span>Photografruit \u00e9rotique !<br \/>\nMon citronnier a rencontr\u00e9 Aceria Sheldoni. Commun\u00e9ment appel\u00e9 acarien des bourgeons d\u2019agrumes&#8230;<br \/>\nSi bien rencontr\u00e9 que l\u2019acarien, bougre et farceur, a provoqu\u00e9 quelques changements dans l\u2019architecture ancestrale de mes citrons, le matin, fortement press\u00e9s et appr\u00e9ci\u00e9s&#8230;<br \/>\nSpectaculairement distordus et bistourn\u00e9s, ces fruits sont, pour le photographe h\u00e9doniste et malicieux, l\u2019aubaine de les faire poser dans des postures qui ne s\u2019accordent que tr\u00e8s peu avec la tr\u00e8s s\u00e9rieuse science de la botanique.\u00a0 <a class=\"continue-reading-link\" href=\"https:\/\/frank-lovisolo.fr\/WordPress\/kama-citrons\/\">Suite &#8211; Continue reading<\/a><\/p>\n","protected":false},"author":1,"featured_media":30316,"comment_status":"open","ping_status":"open","sticky":false,"template":"","format":"standard","meta":{"footnotes":""},"categories":[2084,1,2108],"tags":[2443,2444,1709,1566,2446,2445,2448,2449,479],"class_list":["post-30306","post","type-post","status-publish","format-standard","has-post-thumbnail","hentry","category-art-libertaire","category-tous-les-articles","category-photographies-libertaires","tag-aceria-sheldoni","tag-citrons","tag-cypris","tag-de-rerum-natura","tag-fruit","tag-giuseppe-arcimboldo","tag-kajii-motojiro","tag-le-citron-de-kajii-motojiro","tag-toulon"],"_links":{"self":[{"href":"https:\/\/frank-lovisolo.fr\/WordPress\/wp-json\/wp\/v2\/posts\/30306","targetHints":{"allow":["GET"]}}],"collection":[{"href":"https:\/\/frank-lovisolo.fr\/WordPress\/wp-json\/wp\/v2\/posts"}],"about":[{"href":"https:\/\/frank-lovisolo.fr\/WordPress\/wp-json\/wp\/v2\/types\/post"}],"author":[{"embeddable":true,"href":"https:\/\/frank-lovisolo.fr\/WordPress\/wp-json\/wp\/v2\/users\/1"}],"replies":[{"embeddable":true,"href":"https:\/\/frank-lovisolo.fr\/WordPress\/wp-json\/wp\/v2\/comments?post=30306"}],"version-history":[{"count":2,"href":"https:\/\/frank-lovisolo.fr\/WordPress\/wp-json\/wp\/v2\/posts\/30306\/revisions"}],"predecessor-version":[{"id":51855,"href":"https:\/\/frank-lovisolo.fr\/WordPress\/wp-json\/wp\/v2\/posts\/30306\/revisions\/51855"}],"wp:featuredmedia":[{"embeddable":true,"href":"https:\/\/frank-lovisolo.fr\/WordPress\/wp-json\/wp\/v2\/media\/30316"}],"wp:attachment":[{"href":"https:\/\/frank-lovisolo.fr\/WordPress\/wp-json\/wp\/v2\/media?parent=30306"}],"wp:term":[{"taxonomy":"category","embeddable":true,"href":"https:\/\/frank-lovisolo.fr\/WordPress\/wp-json\/wp\/v2\/categories?post=30306"},{"taxonomy":"post_tag","embeddable":true,"href":"https:\/\/frank-lovisolo.fr\/WordPress\/wp-json\/wp\/v2\/tags?post=30306"}],"curies":[{"name":"wp","href":"https:\/\/api.w.org\/{rel}","templated":true}]}}