{"id":22441,"date":"2017-02-24T18:30:01","date_gmt":"2017-02-24T17:30:01","guid":{"rendered":"https:\/\/frank-lovisolo.fr\/WordPress\/?p=22441"},"modified":"2026-02-28T07:09:46","modified_gmt":"2026-02-28T06:09:46","slug":"couleurs-jurassique-hiver","status":"publish","type":"post","link":"https:\/\/frank-lovisolo.fr\/WordPress\/couleurs-jurassique-hiver\/","title":{"rendered":"Couleurs du Jurassique en Hiver &#8211; Photographies &#038; Sons"},"content":{"rendered":"<span class=\"span-reading-time rt-reading-time\" style=\"display: block;\"><span class=\"rt-label rt-prefix\">Reading Time: <\/span> <span class=\"rt-time\"> 4<\/span> <span class=\"rt-label rt-postfix\">minutes<\/span><\/span><div><span style=\"font-size: 8px; color: #ffffff;\">jurassique<\/span><\/div>\n<table class=\" alignleft\" style=\"width: 100%;\">\n<tbody>\n<tr>\n<td style=\"width: 25%; vertical-align: top; text-align: left;\"><audio class=\"wp-audio-shortcode\" id=\"audio-22441-1\" loop autoplay preload=\"auto\" style=\"width: 100%;\" controls=\"controls\"><source type=\"audio\/mpeg\" src=\"https:\/\/frank-lovisolo.fr\/WordPress\/wp-content\/uploads\/2037\/02\/Verdon-Fev-2017-Son-001.mp3?_=1\" \/><a href=\"https:\/\/frank-lovisolo.fr\/WordPress\/wp-content\/uploads\/2037\/02\/Verdon-Fev-2017-Son-001.mp3\">https:\/\/frank-lovisolo.fr\/WordPress\/wp-content\/uploads\/2037\/02\/Verdon-Fev-2017-Son-001.mp3<\/a><\/audio><\/td>\n<td style=\"width: 50%; text-align: center; vertical-align: middle;\"><span style=\"font-size: 16px;\"><a href=\"#enr\">Enregistrement au lac de Sainte Croix<\/a><\/span><\/td>\n<td style=\"width: 25%; text-align: left; vertical-align: middle;\">\n<div><span style=\"font-size: 20px;\"><a href=\"#com\"><img decoding=\"async\" class=\"wp-image-15068 size-full alignright\" src=\"https:\/\/frank-lovisolo.fr\/WordPress\/wp-content\/uploads\/2015\/06\/ComBleu.jpg\" alt=\"ComBleu\" title=\"-\"><\/a><\/span><\/div>\n<\/td>\n<\/tr>\n<\/tbody>\n<\/table>\n<div><a href=\"https:\/\/frankcesarlovisolo.bandcamp.com\/\" target=\"_blank\" rel=\"noopener\"><img loading=\"lazy\" decoding=\"async\" class=\"size-full wp-image-51342 aligncenter\" src=\"https:\/\/frank-lovisolo.fr\/WordPress\/wp-content\/uploads\/2015\/09\/FollowMeOnBandCamp.jpg\" alt=\"- - -\" width=\"215\" height=\"25\" title=\"-\" srcset=\"https:\/\/frank-lovisolo.fr\/WordPress\/wp-content\/uploads\/2015\/09\/FollowMeOnBandCamp.jpg 215w, https:\/\/frank-lovisolo.fr\/WordPress\/wp-content\/uploads\/2015\/09\/FollowMeOnBandCamp-150x17.jpg 150w\" sizes=\"auto, (max-width: 215px) 100vw, 215px\" \/><\/a><\/div>\n<table class=\" alignleft\" style=\"width: 100%;\" cellpadding=\"10\">\n<tbody>\n<tr>\n<td style=\"text-align: center;\">\n<h4><span class=\"ez-toc-section\" id=\"promenade-dans-le-parc-naturel-regional-du-verdon\"><\/span><span style=\"font-size: 20px;\">Promenade dans le\u00a0Parc naturel r\u00e9gional du Verdon.<\/span><span class=\"ez-toc-section-end\"><\/span><\/h4>\n<h4><div class=\"flagallerywraper\" style=\"text-align:center;\"><div class=\"flagallery flaslider_skin\" id=\"FlaGallery_sc1_195\" style=\"width:1024px;margin:0 auto;\"><script type=\"text\/javascript\">(function(){this['FlaGallery_sc1_195']={'settings':{\"sliderHeightRetio\":\"0.8\",\"sliderPreloaderColor\":\"#ffffff\",\"sliderBgColor\":\"rgb(255, 255, 255)\",\"sliderHeaderFooterBgColor\":\"rgb(255, 255, 255)\",\"sliderNavigationColor\":\"rgba(82, 82, 82, 0.81)\",\"sliderNavigationIconColor\":\"rgb(255, 255, 255)\",\"sliderItemDescriptionBlock\":\"0\",\"sliderItemTitleFontSize\":\"14\",\"sliderItemTitleTextColor\":\"#515151\",\"sliderItemDescriptionFontSize\":\"14\",\"sliderItemDescriptionTextColor\":\"#545454\",\"sliderThumbBarEnable\":\"1\",\"sliderThumbBarHoverColor\":\"#ffffff\",\"sliderThumbSubMenuBackgroundColor\":\"rgb(255, 255, 255)\",\"sliderThumbSubMenuBackgroundColorOver\":\"rgba(255,255,255,1)\",\"sliderThumbSubMenuIconColor\":\"rgb(0, 0, 0)\",\"sliderThumbSubMenuIconHoverColor\":\"rgba(0,0,0,1)\",\"sliderPlayButton\":\"1\",\"sliderZoomButton\":\"1\",\"sliderFullScreen\":\"1\",\"sliderInfoEnable\":\"1\",\"sliderItemDownload\":\"0\",\"sliderSocialShareEnabled\":\"0\",\"sliderLikesEnabled\":\"0\",\"sliderSlideshowEneble\":\"1\",\"slideshowDelay\":\"8\",\"slideshowProgressBarColor\":\"rgb(0, 0, 0)\",\"slideshowProgressBarBGColor\":\"rgb(137, 176, 255)\",\"modaBgColor\":\"rgba(0,0,0,0.9)\",\"modalInfoBoxBgColor\":\"rgb(255, 255, 255)\",\"modalInfoBoxTitleTextColor\":\"#000000\",\"shareTitlePlaceHolder\":\"Share\",\"modalInfoBoxTextColor\":\"#333333\",\"infoBarExifEnable\":\"0\",\"infoBarCountersEnable\":\"0\",\"infoBarDateInfoEnable\":\"0\",\"customCSS\":\"\",\"key\":\"2b91304c71a96bd3dd001bdb3bf4a76f\",\"name\":\"GRANDPackPlus\",\"galleryID\":\"sc1_195\",\"post_url\":\"https:\\\/\\\/frank-lovisolo.fr\\\/WordPress\\\/wp-json\\\/wp\\\/v2\\\/posts\\\/22441\",\"module_url\":\"https:\\\/\\\/frank-lovisolo.fr\\\/WordPress\\\/wp-content\\\/plugins\\\/flagallery-skins\\\/flaslider\\\/\"}, 'data':[{\"gallery\":{\"gid\":\"195\",\"name\":\"couleurs-du-jurassique-en-hiver\",\"path\":\"https:\\\/\\\/frank-lovisolo.fr\\\/WordPress\\\/wp-content\\\/flagallery\\\/couleurs-du-jurassique-en-hiver\",\"title\":\"Couleurs du Jurassique en Hiver\",\"galdesc\":\"\"},\"data\":[{\"pid\":\"16006\",\"filename\":\"couleurs-du-jurassique-en-hiver-004.jpg\",\"description\":\"\",\"alttext\":\"\",\"link\":null,\"imagedate\":\"2017-02-23 09:52:59\",\"hitcounter\":\"297\",\"total_value\":\"0\",\"total_votes\":\"0\",\"meta_data\":{\"aperture\":\"F 22\",\"credit\":false,\"camera\":\"Canon EOS 70D\",\"caption\":false,\"created_timestamp\":\"23 f\\u00e9vrier 2017 9 h 52 min\",\"copyright\":false,\"focal_length\":\"18min\",\"iso\":1600,\"shutter_speed\":\"1\\\/800sec\",\"flash\":\"Not fired\",\"title\":false,\"keywords\":false,\"width\":1024,\"height\":683,\"saved\":true,\"thumbnail\":{\"width\":300,\"height\":200},\"webview\":{\"0\":1024,\"1\":683,\"2\":2,\"3\":\"width=\\\"1024\\\" height=\\\"683\\\"\",\"bits\":8,\"channels\":3,\"mime\":\"image\\\/jpeg\"}}},{\"pid\":\"16007\",\"filename\":\"couleurs-du-jurassique-en-hiver-005.jpg\",\"description\":\"\",\"alttext\":\"\",\"link\":null,\"imagedate\":\"2017-02-23 09:53:14\",\"hitcounter\":\"124\",\"total_value\":\"0\",\"total_votes\":\"0\",\"meta_data\":{\"aperture\":\"F 22\",\"credit\":false,\"camera\":\"Canon EOS 70D\",\"caption\":false,\"created_timestamp\":\"23 f\\u00e9vrier 2017 9 h 53 min\",\"copyright\":false,\"focal_length\":\"18min\",\"iso\":1600,\"shutter_speed\":\"1\\\/1250sec\",\"flash\":\"Not fired\",\"title\":false,\"keywords\":false,\"width\":1024,\"height\":683,\"saved\":true,\"thumbnail\":{\"width\":300,\"height\":200},\"webview\":{\"0\":1024,\"1\":683,\"2\":2,\"3\":\"width=\\\"1024\\\" height=\\\"683\\\"\",\"bits\":8,\"channels\":3,\"mime\":\"image\\\/jpeg\"}}},{\"pid\":\"16008\",\"filename\":\"couleurs-du-jurassique-en-hiver-006.jpg\",\"description\":\"\",\"alttext\":\"\",\"link\":null,\"imagedate\":\"2017-02-23 09:53:26\",\"hitcounter\":\"93\",\"total_value\":\"0\",\"total_votes\":\"0\",\"meta_data\":{\"aperture\":\"F 22\",\"credit\":false,\"camera\":\"Canon EOS 70D\",\"caption\":false,\"created_timestamp\":\"23 f\\u00e9vrier 2017 9 h 53 min\",\"copyright\":false,\"focal_length\":\"18min\",\"iso\":640,\"shutter_speed\":\"1\\\/130sec\",\"flash\":\"Not fired\",\"title\":false,\"keywords\":false,\"width\":1024,\"height\":683,\"saved\":true,\"thumbnail\":{\"width\":300,\"height\":200},\"webview\":{\"0\":1024,\"1\":683,\"2\":2,\"3\":\"width=\\\"1024\\\" height=\\\"683\\\"\",\"bits\":8,\"channels\":3,\"mime\":\"image\\\/jpeg\"}}},{\"pid\":\"16009\",\"filename\":\"couleurs-du-jurassique-en-hiver-007.jpg\",\"description\":\"\",\"alttext\":\"\",\"link\":null,\"imagedate\":\"2017-02-23 09:53:43\",\"hitcounter\":\"72\",\"total_value\":\"0\",\"total_votes\":\"0\",\"meta_data\":{\"aperture\":\"F 22\",\"credit\":false,\"camera\":\"Canon EOS 70D\",\"caption\":false,\"created_timestamp\":\"23 f\\u00e9vrier 2017 9 h 53 min\",\"copyright\":false,\"focal_length\":\"42min\",\"iso\":640,\"shutter_speed\":\"1\\\/400sec\",\"flash\":\"Not fired\",\"title\":false,\"keywords\":false,\"width\":1024,\"height\":683,\"saved\":true,\"thumbnail\":{\"width\":300,\"height\":200},\"webview\":{\"0\":1024,\"1\":683,\"2\":2,\"3\":\"width=\\\"1024\\\" height=\\\"683\\\"\",\"bits\":8,\"channels\":3,\"mime\":\"image\\\/jpeg\"}}},{\"pid\":\"16010\",\"filename\":\"couleurs-du-jurassique-en-hiver-008.jpg\",\"description\":\"\",\"alttext\":\"\",\"link\":null,\"imagedate\":\"2017-02-23 10:03:34\",\"hitcounter\":\"61\",\"total_value\":\"0\",\"total_votes\":\"0\",\"meta_data\":{\"aperture\":\"F 22\",\"credit\":false,\"camera\":\"Canon EOS 70D\",\"caption\":false,\"created_timestamp\":\"23 f\\u00e9vrier 2017 10 h 03 min\",\"copyright\":false,\"focal_length\":\"18min\",\"iso\":640,\"shutter_speed\":\"1\\\/250sec\",\"flash\":\"Not fired\",\"title\":false,\"keywords\":false,\"width\":1024,\"height\":683,\"saved\":true,\"thumbnail\":{\"width\":300,\"height\":200},\"webview\":{\"0\":1024,\"1\":683,\"2\":2,\"3\":\"width=\\\"1024\\\" height=\\\"683\\\"\",\"bits\":8,\"channels\":3,\"mime\":\"image\\\/jpeg\"}}},{\"pid\":\"16011\",\"filename\":\"couleurs-du-jurassique-en-hiver-009.jpg\",\"description\":\"\",\"alttext\":\"\",\"link\":null,\"imagedate\":\"2017-02-23 10:03:39\",\"hitcounter\":\"58\",\"total_value\":\"0\",\"total_votes\":\"0\",\"meta_data\":{\"aperture\":\"F 22\",\"credit\":false,\"camera\":\"Canon EOS 70D\",\"caption\":false,\"created_timestamp\":\"23 f\\u00e9vrier 2017 10 h 03 min\",\"copyright\":false,\"focal_length\":\"50min\",\"iso\":640,\"shutter_speed\":\"1\\\/250sec\",\"flash\":\"Not fired\",\"title\":false,\"keywords\":false,\"width\":1024,\"height\":683,\"saved\":true,\"thumbnail\":{\"width\":300,\"height\":200},\"webview\":{\"0\":1024,\"1\":683,\"2\":2,\"3\":\"width=\\\"1024\\\" height=\\\"683\\\"\",\"bits\":8,\"channels\":3,\"mime\":\"image\\\/jpeg\"}}},{\"pid\":\"16012\",\"filename\":\"couleurs-du-jurassique-en-hiver-010.jpg\",\"description\":\"\",\"alttext\":\"\",\"link\":null,\"imagedate\":\"2017-02-23 10:04:31\",\"hitcounter\":\"48\",\"total_value\":\"0\",\"total_votes\":\"0\",\"meta_data\":{\"aperture\":\"F 22\",\"credit\":false,\"camera\":\"Canon EOS 70D\",\"caption\":false,\"created_timestamp\":\"23 f\\u00e9vrier 2017 10 h 04 min\",\"copyright\":false,\"focal_length\":\"300min\",\"iso\":640,\"shutter_speed\":\"1\\\/320sec\",\"flash\":\"Not fired\",\"title\":false,\"keywords\":false,\"width\":1024,\"height\":683,\"saved\":true,\"thumbnail\":{\"width\":300,\"height\":200},\"webview\":{\"0\":1024,\"1\":683,\"2\":2,\"3\":\"width=\\\"1024\\\" height=\\\"683\\\"\",\"bits\":8,\"channels\":3,\"mime\":\"image\\\/jpeg\"}}},{\"pid\":\"16013\",\"filename\":\"couleurs-du-jurassique-en-hiver-011.jpg\",\"description\":\"\",\"alttext\":\"\",\"link\":null,\"imagedate\":\"2017-02-23 10:04:36\",\"hitcounter\":\"42\",\"total_value\":\"0\",\"total_votes\":\"0\",\"meta_data\":{\"aperture\":\"F 22\",\"credit\":false,\"camera\":\"Canon EOS 70D\",\"caption\":false,\"created_timestamp\":\"23 f\\u00e9vrier 2017 10 h 04 min\",\"copyright\":false,\"focal_length\":\"300min\",\"iso\":640,\"shutter_speed\":\"1\\\/320sec\",\"flash\":\"Not fired\",\"title\":false,\"keywords\":false,\"width\":1024,\"height\":683,\"saved\":true,\"thumbnail\":{\"width\":300,\"height\":200},\"webview\":{\"0\":1024,\"1\":683,\"2\":2,\"3\":\"width=\\\"1024\\\" height=\\\"683\\\"\",\"bits\":8,\"channels\":3,\"mime\":\"image\\\/jpeg\"}}},{\"pid\":\"16014\",\"filename\":\"couleurs-du-jurassique-en-hiver-012.jpg\",\"description\":\"\",\"alttext\":\"\",\"link\":null,\"imagedate\":\"2017-02-23 10:08:30\",\"hitcounter\":\"37\",\"total_value\":\"0\",\"total_votes\":\"0\",\"meta_data\":{\"aperture\":\"F 22\",\"credit\":false,\"camera\":\"Canon EOS 70D\",\"caption\":false,\"created_timestamp\":\"23 f\\u00e9vrier 2017 10 h 08 min\",\"copyright\":false,\"focal_length\":\"24min\",\"iso\":640,\"shutter_speed\":\"1\\\/200sec\",\"flash\":\"Not fired\",\"title\":false,\"keywords\":false,\"width\":1024,\"height\":683,\"saved\":true,\"thumbnail\":{\"width\":300,\"height\":200},\"webview\":{\"0\":1024,\"1\":683,\"2\":2,\"3\":\"width=\\\"1024\\\" height=\\\"683\\\"\",\"bits\":8,\"channels\":3,\"mime\":\"image\\\/jpeg\"}}},{\"pid\":\"16015\",\"filename\":\"couleurs-du-jurassique-en-hiver-013.jpg\",\"description\":\"\",\"alttext\":\"\",\"link\":null,\"imagedate\":\"2017-02-23 10:08:34\",\"hitcounter\":\"36\",\"total_value\":\"0\",\"total_votes\":\"0\",\"meta_data\":{\"aperture\":\"F 22\",\"credit\":false,\"camera\":\"Canon EOS 70D\",\"caption\":false,\"created_timestamp\":\"23 f\\u00e9vrier 2017 10 h 08 min\",\"copyright\":false,\"focal_length\":\"135min\",\"iso\":640,\"shutter_speed\":\"1\\\/130sec\",\"flash\":\"Not fired\",\"title\":false,\"keywords\":false,\"width\":1024,\"height\":683,\"saved\":true,\"thumbnail\":{\"width\":300,\"height\":200},\"webview\":{\"0\":1024,\"1\":683,\"2\":2,\"3\":\"width=\\\"1024\\\" height=\\\"683\\\"\",\"bits\":8,\"channels\":3,\"mime\":\"image\\\/jpeg\"}}},{\"pid\":\"16016\",\"filename\":\"couleurs-du-jurassique-en-hiver-014.jpg\",\"description\":\"\",\"alttext\":\"\",\"link\":null,\"imagedate\":\"2017-02-23 10:09:24\",\"hitcounter\":\"35\",\"total_value\":\"0\",\"total_votes\":\"0\",\"meta_data\":{\"aperture\":\"F 14\",\"credit\":false,\"camera\":\"Canon EOS 70D\",\"caption\":false,\"created_timestamp\":\"23 f\\u00e9vrier 2017 10 h 09 min\",\"copyright\":false,\"focal_length\":\"26min\",\"iso\":640,\"shutter_speed\":\"1\\\/640sec\",\"flash\":\"Not fired\",\"title\":false,\"keywords\":false,\"width\":1024,\"height\":683,\"saved\":true,\"thumbnail\":{\"width\":300,\"height\":200},\"webview\":{\"0\":1024,\"1\":683,\"2\":2,\"3\":\"width=\\\"1024\\\" height=\\\"683\\\"\",\"bits\":8,\"channels\":3,\"mime\":\"image\\\/jpeg\"}}},{\"pid\":\"16017\",\"filename\":\"couleurs-du-jurassique-en-hiver-015.jpg\",\"description\":\"\",\"alttext\":\"\",\"link\":null,\"imagedate\":\"2017-02-23 10:09:46\",\"hitcounter\":\"34\",\"total_value\":\"0\",\"total_votes\":\"0\",\"meta_data\":{\"aperture\":\"F 14\",\"credit\":false,\"camera\":\"Canon EOS 70D\",\"caption\":false,\"created_timestamp\":\"23 f\\u00e9vrier 2017 10 h 09 min\",\"copyright\":false,\"focal_length\":\"300min\",\"iso\":640,\"shutter_speed\":\"1\\\/160sec\",\"flash\":\"Not fired\",\"title\":false,\"keywords\":false,\"width\":1024,\"height\":683,\"saved\":true,\"thumbnail\":{\"width\":300,\"height\":200},\"webview\":{\"0\":1024,\"1\":683,\"2\":2,\"3\":\"width=\\\"1024\\\" height=\\\"683\\\"\",\"bits\":8,\"channels\":3,\"mime\":\"image\\\/jpeg\"}}},{\"pid\":\"16018\",\"filename\":\"couleurs-du-jurassique-en-hiver-016.jpg\",\"description\":\"\",\"alttext\":\"\",\"link\":null,\"imagedate\":\"2017-02-23 10:10:19\",\"hitcounter\":\"33\",\"total_value\":\"0\",\"total_votes\":\"0\",\"meta_data\":{\"aperture\":\"F 14\",\"credit\":false,\"camera\":\"Canon EOS 70D\",\"caption\":false,\"created_timestamp\":\"23 f\\u00e9vrier 2017 10 h 10 min\",\"copyright\":false,\"focal_length\":\"18min\",\"iso\":640,\"shutter_speed\":\"1\\\/250sec\",\"flash\":\"Not fired\",\"title\":false,\"keywords\":false,\"width\":1024,\"height\":683,\"saved\":true,\"thumbnail\":{\"width\":300,\"height\":200},\"webview\":{\"0\":1024,\"1\":683,\"2\":2,\"3\":\"width=\\\"1024\\\" height=\\\"683\\\"\",\"bits\":8,\"channels\":3,\"mime\":\"image\\\/jpeg\"}}},{\"pid\":\"16019\",\"filename\":\"couleurs-du-jurassique-en-hiver-017.jpg\",\"description\":\"\",\"alttext\":\"\",\"link\":null,\"imagedate\":\"2017-02-23 10:47:18\",\"hitcounter\":\"32\",\"total_value\":\"0\",\"total_votes\":\"0\",\"meta_data\":{\"aperture\":\"F 14\",\"credit\":false,\"camera\":\"Canon EOS 70D\",\"caption\":false,\"created_timestamp\":\"23 f\\u00e9vrier 2017 10 h 47 min\",\"copyright\":false,\"focal_length\":\"45min\",\"iso\":640,\"shutter_speed\":\"1\\\/640sec\",\"flash\":\"Not fired\",\"title\":false,\"keywords\":false,\"width\":1024,\"height\":683,\"saved\":true,\"thumbnail\":{\"width\":300,\"height\":200},\"webview\":{\"0\":1024,\"1\":683,\"2\":2,\"3\":\"width=\\\"1024\\\" height=\\\"683\\\"\",\"bits\":8,\"channels\":3,\"mime\":\"image\\\/jpeg\"}}},{\"pid\":\"16020\",\"filename\":\"couleurs-du-jurassique-en-hiver-018.jpg\",\"description\":\"\",\"alttext\":\"\",\"link\":null,\"imagedate\":\"2017-02-23 10:48:25\",\"hitcounter\":\"29\",\"total_value\":\"0\",\"total_votes\":\"0\",\"meta_data\":{\"aperture\":\"F 14\",\"credit\":false,\"camera\":\"Canon EOS 70D\",\"caption\":false,\"created_timestamp\":\"23 f\\u00e9vrier 2017 10 h 48 min\",\"copyright\":false,\"focal_length\":\"80min\",\"iso\":640,\"shutter_speed\":\"1\\\/800sec\",\"flash\":\"Not fired\",\"title\":false,\"keywords\":false,\"width\":1024,\"height\":683,\"saved\":true,\"thumbnail\":{\"width\":300,\"height\":200},\"webview\":{\"0\":1024,\"1\":683,\"2\":2,\"3\":\"width=\\\"1024\\\" height=\\\"683\\\"\",\"bits\":8,\"channels\":3,\"mime\":\"image\\\/jpeg\"}}},{\"pid\":\"16021\",\"filename\":\"couleurs-du-jurassique-en-hiver-019.jpg\",\"description\":\"\",\"alttext\":\"\",\"link\":null,\"imagedate\":\"2017-02-23 10:48:52\",\"hitcounter\":\"29\",\"total_value\":\"0\",\"total_votes\":\"0\",\"meta_data\":{\"aperture\":\"F 14\",\"credit\":false,\"camera\":\"Canon EOS 70D\",\"caption\":false,\"created_timestamp\":\"23 f\\u00e9vrier 2017 10 h 48 min\",\"copyright\":false,\"focal_length\":\"30min\",\"iso\":640,\"shutter_speed\":\"1\\\/500sec\",\"flash\":\"Not fired\",\"title\":false,\"keywords\":false,\"width\":1024,\"height\":683,\"saved\":true,\"thumbnail\":{\"width\":300,\"height\":200},\"webview\":{\"0\":1024,\"1\":683,\"2\":2,\"3\":\"width=\\\"1024\\\" height=\\\"683\\\"\",\"bits\":8,\"channels\":3,\"mime\":\"image\\\/jpeg\"}}},{\"pid\":\"16022\",\"filename\":\"couleurs-du-jurassique-en-hiver-020.jpg\",\"description\":\"\",\"alttext\":\"\",\"link\":null,\"imagedate\":\"2017-02-23 10:49:15\",\"hitcounter\":\"27\",\"total_value\":\"0\",\"total_votes\":\"0\",\"meta_data\":{\"aperture\":\"F 14\",\"credit\":false,\"camera\":\"Canon EOS 70D\",\"caption\":false,\"created_timestamp\":\"23 f\\u00e9vrier 2017 10 h 49 min\",\"copyright\":false,\"focal_length\":\"18min\",\"iso\":640,\"shutter_speed\":\"1\\\/640sec\",\"flash\":\"Not fired\",\"title\":false,\"keywords\":false,\"width\":1024,\"height\":683,\"saved\":true,\"thumbnail\":{\"width\":300,\"height\":200},\"webview\":{\"0\":1024,\"1\":683,\"2\":2,\"3\":\"width=\\\"1024\\\" height=\\\"683\\\"\",\"bits\":8,\"channels\":3,\"mime\":\"image\\\/jpeg\"}}},{\"pid\":\"16023\",\"filename\":\"couleurs-du-jurassique-en-hiver-021.jpg\",\"description\":\"\",\"alttext\":\"\",\"link\":null,\"imagedate\":\"2017-02-23 10:49:19\",\"hitcounter\":\"23\",\"total_value\":\"0\",\"total_votes\":\"0\",\"meta_data\":{\"aperture\":\"F 14\",\"credit\":false,\"camera\":\"Canon EOS 70D\",\"caption\":false,\"created_timestamp\":\"23 f\\u00e9vrier 2017 10 h 49 min\",\"copyright\":false,\"focal_length\":\"180min\",\"iso\":640,\"shutter_speed\":\"1\\\/1250sec\",\"flash\":\"Not fired\",\"title\":false,\"keywords\":false,\"width\":1024,\"height\":683,\"saved\":true,\"thumbnail\":{\"width\":300,\"height\":200},\"webview\":{\"0\":1024,\"1\":683,\"2\":2,\"3\":\"width=\\\"1024\\\" height=\\\"683\\\"\",\"bits\":8,\"channels\":3,\"mime\":\"image\\\/jpeg\"}}},{\"pid\":\"16024\",\"filename\":\"couleurs-du-jurassique-en-hiver-022.jpg\",\"description\":\"\",\"alttext\":\"\",\"link\":null,\"imagedate\":\"2017-02-23 10:49:27\",\"hitcounter\":\"23\",\"total_value\":\"0\",\"total_votes\":\"0\",\"meta_data\":{\"aperture\":\"F 14\",\"credit\":false,\"camera\":\"Canon EOS 70D\",\"caption\":false,\"created_timestamp\":\"23 f\\u00e9vrier 2017 10 h 49 min\",\"copyright\":false,\"focal_length\":\"53min\",\"iso\":640,\"shutter_speed\":\"1\\\/500sec\",\"flash\":\"Not fired\",\"title\":false,\"keywords\":false,\"width\":1024,\"height\":683,\"saved\":true,\"thumbnail\":{\"width\":300,\"height\":200},\"webview\":{\"0\":1024,\"1\":683,\"2\":2,\"3\":\"width=\\\"1024\\\" height=\\\"683\\\"\",\"bits\":8,\"channels\":3,\"mime\":\"image\\\/jpeg\"}}},{\"pid\":\"16025\",\"filename\":\"couleurs-du-jurassique-en-hiver-023.jpg\",\"description\":\"\",\"alttext\":\"\",\"link\":null,\"imagedate\":\"2017-02-23 10:49:30\",\"hitcounter\":\"23\",\"total_value\":\"0\",\"total_votes\":\"0\",\"meta_data\":{\"aperture\":\"F 14\",\"credit\":false,\"camera\":\"Canon EOS 70D\",\"caption\":false,\"created_timestamp\":\"23 f\\u00e9vrier 2017 10 h 49 min\",\"copyright\":false,\"focal_length\":\"90min\",\"iso\":640,\"shutter_speed\":\"1\\\/500sec\",\"flash\":\"Not fired\",\"title\":false,\"keywords\":false,\"width\":1024,\"height\":683,\"saved\":true,\"thumbnail\":{\"width\":300,\"height\":200},\"webview\":{\"0\":1024,\"1\":683,\"2\":2,\"3\":\"width=\\\"1024\\\" height=\\\"683\\\"\",\"bits\":8,\"channels\":3,\"mime\":\"image\\\/jpeg\"}}},{\"pid\":\"16026\",\"filename\":\"couleurs-du-jurassique-en-hiver-024.jpg\",\"description\":\"\",\"alttext\":\"\",\"link\":null,\"imagedate\":\"2017-02-23 10:49:36\",\"hitcounter\":\"23\",\"total_value\":\"0\",\"total_votes\":\"0\",\"meta_data\":{\"aperture\":\"F 14\",\"credit\":false,\"camera\":\"Canon EOS 70D\",\"caption\":false,\"created_timestamp\":\"23 f\\u00e9vrier 2017 10 h 49 min\",\"copyright\":false,\"focal_length\":\"18min\",\"iso\":640,\"shutter_speed\":\"1\\\/640sec\",\"flash\":\"Not fired\",\"title\":false,\"keywords\":false,\"width\":1024,\"height\":683,\"saved\":true,\"thumbnail\":{\"width\":300,\"height\":200},\"webview\":{\"0\":1024,\"1\":683,\"2\":2,\"3\":\"width=\\\"1024\\\" height=\\\"683\\\"\",\"bits\":8,\"channels\":3,\"mime\":\"image\\\/jpeg\"}}},{\"pid\":\"16027\",\"filename\":\"couleurs-du-jurassique-en-hiver-025.jpg\",\"description\":\"\",\"alttext\":\"\",\"link\":null,\"imagedate\":\"2017-02-23 10:50:14\",\"hitcounter\":\"21\",\"total_value\":\"0\",\"total_votes\":\"0\",\"meta_data\":{\"aperture\":\"F 14\",\"credit\":false,\"camera\":\"Canon EOS 70D\",\"caption\":false,\"created_timestamp\":\"23 f\\u00e9vrier 2017 10 h 50 min\",\"copyright\":false,\"focal_length\":\"119min\",\"iso\":640,\"shutter_speed\":\"1\\\/1000sec\",\"flash\":\"Not fired\",\"title\":false,\"keywords\":false,\"width\":1024,\"height\":683,\"saved\":true,\"thumbnail\":{\"width\":300,\"height\":200},\"webview\":{\"0\":1024,\"1\":683,\"2\":2,\"3\":\"width=\\\"1024\\\" height=\\\"683\\\"\",\"bits\":8,\"channels\":3,\"mime\":\"image\\\/jpeg\"}}},{\"pid\":\"16028\",\"filename\":\"couleurs-du-jurassique-en-hiver-026.jpg\",\"description\":\"\",\"alttext\":\"\",\"link\":null,\"imagedate\":\"2017-02-23 10:50:58\",\"hitcounter\":\"21\",\"total_value\":\"0\",\"total_votes\":\"0\",\"meta_data\":{\"aperture\":\"F 14\",\"credit\":false,\"camera\":\"Canon EOS 70D\",\"caption\":false,\"created_timestamp\":\"23 f\\u00e9vrier 2017 10 h 50 min\",\"copyright\":false,\"focal_length\":\"18min\",\"iso\":640,\"shutter_speed\":\"1\\\/1000sec\",\"flash\":\"Not fired\",\"title\":false,\"keywords\":false,\"width\":1024,\"height\":683,\"saved\":true,\"thumbnail\":{\"width\":300,\"height\":200},\"webview\":{\"0\":1024,\"1\":683,\"2\":2,\"3\":\"width=\\\"1024\\\" height=\\\"683\\\"\",\"bits\":8,\"channels\":3,\"mime\":\"image\\\/jpeg\"}}},{\"pid\":\"16029\",\"filename\":\"couleurs-du-jurassique-en-hiver-027.jpg\",\"description\":\"\",\"alttext\":\"\",\"link\":null,\"imagedate\":\"2017-02-23 10:51:38\",\"hitcounter\":\"21\",\"total_value\":\"0\",\"total_votes\":\"0\",\"meta_data\":{\"aperture\":\"F 14\",\"credit\":false,\"camera\":\"Canon EOS 70D\",\"caption\":false,\"created_timestamp\":\"23 f\\u00e9vrier 2017 10 h 51 min\",\"copyright\":false,\"focal_length\":\"28min\",\"iso\":640,\"shutter_speed\":\"1\\\/500sec\",\"flash\":\"Not fired\",\"title\":false,\"keywords\":false,\"width\":1024,\"height\":683,\"saved\":true,\"thumbnail\":{\"width\":300,\"height\":200},\"webview\":{\"0\":1024,\"1\":683,\"2\":2,\"3\":\"width=\\\"1024\\\" height=\\\"683\\\"\",\"bits\":8,\"channels\":3,\"mime\":\"image\\\/jpeg\"}}},{\"pid\":\"16030\",\"filename\":\"couleurs-du-jurassique-en-hiver-028.jpg\",\"description\":\"\",\"alttext\":\"\",\"link\":null,\"imagedate\":\"2017-02-23 10:53:24\",\"hitcounter\":\"21\",\"total_value\":\"0\",\"total_votes\":\"0\",\"meta_data\":{\"aperture\":\"F 14\",\"credit\":false,\"camera\":\"Canon EOS 70D\",\"caption\":false,\"created_timestamp\":\"23 f\\u00e9vrier 2017 10 h 53 min\",\"copyright\":false,\"focal_length\":\"210min\",\"iso\":640,\"shutter_speed\":\"1\\\/500sec\",\"flash\":\"Not fired\",\"title\":false,\"keywords\":false,\"width\":1024,\"height\":683,\"saved\":true,\"thumbnail\":{\"width\":300,\"height\":200},\"webview\":{\"0\":1024,\"1\":683,\"2\":2,\"3\":\"width=\\\"1024\\\" height=\\\"683\\\"\",\"bits\":8,\"channels\":3,\"mime\":\"image\\\/jpeg\"}}},{\"pid\":\"16031\",\"filename\":\"couleurs-du-jurassique-en-hiver-029.jpg\",\"description\":\"\",\"alttext\":\"\",\"link\":null,\"imagedate\":\"2017-02-23 11:04:40\",\"hitcounter\":\"19\",\"total_value\":\"0\",\"total_votes\":\"0\",\"meta_data\":{\"aperture\":\"F 14\",\"credit\":false,\"camera\":\"Canon EOS 70D\",\"caption\":false,\"created_timestamp\":\"23 f\\u00e9vrier 2017 11 h 04 min\",\"copyright\":false,\"focal_length\":\"18min\",\"iso\":640,\"shutter_speed\":\"1\\\/800sec\",\"flash\":\"Not fired\",\"title\":false,\"keywords\":false,\"width\":1024,\"height\":683,\"saved\":true,\"thumbnail\":{\"width\":300,\"height\":200},\"webview\":{\"0\":1024,\"1\":683,\"2\":2,\"3\":\"width=\\\"1024\\\" height=\\\"683\\\"\",\"bits\":8,\"channels\":3,\"mime\":\"image\\\/jpeg\"}}},{\"pid\":\"16032\",\"filename\":\"couleurs-du-jurassique-en-hiver-030.jpg\",\"description\":\"\",\"alttext\":\"\",\"link\":null,\"imagedate\":\"2017-02-23 11:04:43\",\"hitcounter\":\"18\",\"total_value\":\"0\",\"total_votes\":\"0\",\"meta_data\":{\"aperture\":\"F 14\",\"credit\":false,\"camera\":\"Canon EOS 70D\",\"caption\":false,\"created_timestamp\":\"23 f\\u00e9vrier 2017 11 h 04 min\",\"copyright\":false,\"focal_length\":\"45min\",\"iso\":640,\"shutter_speed\":\"1\\\/1000sec\",\"flash\":\"Not fired\",\"title\":false,\"keywords\":false,\"width\":1024,\"height\":683,\"saved\":true,\"thumbnail\":{\"width\":300,\"height\":200},\"webview\":{\"0\":1024,\"1\":683,\"2\":2,\"3\":\"width=\\\"1024\\\" height=\\\"683\\\"\",\"bits\":8,\"channels\":3,\"mime\":\"image\\\/jpeg\"}}},{\"pid\":\"16033\",\"filename\":\"couleurs-du-jurassique-en-hiver-031.jpg\",\"description\":\"\",\"alttext\":\"\",\"link\":null,\"imagedate\":\"2017-02-23 11:04:47\",\"hitcounter\":\"17\",\"total_value\":\"0\",\"total_votes\":\"0\",\"meta_data\":{\"aperture\":\"F 14\",\"credit\":false,\"camera\":\"Canon EOS 70D\",\"caption\":false,\"created_timestamp\":\"23 f\\u00e9vrier 2017 11 h 04 min\",\"copyright\":false,\"focal_length\":\"18min\",\"iso\":640,\"shutter_speed\":\"1\\\/160sec\",\"flash\":\"Not fired\",\"title\":false,\"keywords\":false,\"width\":1024,\"height\":683,\"saved\":true,\"thumbnail\":{\"width\":300,\"height\":200},\"webview\":{\"0\":1024,\"1\":683,\"2\":2,\"3\":\"width=\\\"1024\\\" height=\\\"683\\\"\",\"bits\":8,\"channels\":3,\"mime\":\"image\\\/jpeg\"}}},{\"pid\":\"16034\",\"filename\":\"couleurs-du-jurassique-en-hiver-032.jpg\",\"description\":\"\",\"alttext\":\"\",\"link\":null,\"imagedate\":\"2017-02-23 11:05:25\",\"hitcounter\":\"17\",\"total_value\":\"0\",\"total_votes\":\"0\",\"meta_data\":{\"aperture\":\"F 18\",\"credit\":false,\"camera\":\"Canon EOS 70D\",\"caption\":false,\"created_timestamp\":\"23 f\\u00e9vrier 2017 11 h 05 min\",\"copyright\":false,\"focal_length\":\"18min\",\"iso\":640,\"shutter_speed\":\"1\\\/320sec\",\"flash\":\"Not fired\",\"title\":false,\"keywords\":false,\"width\":1024,\"height\":683,\"saved\":true,\"thumbnail\":{\"width\":300,\"height\":200},\"webview\":{\"0\":1024,\"1\":683,\"2\":2,\"3\":\"width=\\\"1024\\\" height=\\\"683\\\"\",\"bits\":8,\"channels\":3,\"mime\":\"image\\\/jpeg\"}}},{\"pid\":\"16035\",\"filename\":\"couleurs-du-jurassique-en-hiver-033.jpg\",\"description\":\"\",\"alttext\":\"\",\"link\":null,\"imagedate\":\"2017-02-23 11:05:55\",\"hitcounter\":\"15\",\"total_value\":\"0\",\"total_votes\":\"0\",\"meta_data\":{\"aperture\":\"F 18\",\"credit\":false,\"camera\":\"Canon EOS 70D\",\"caption\":false,\"created_timestamp\":\"23 f\\u00e9vrier 2017 11 h 05 min\",\"copyright\":false,\"focal_length\":\"18min\",\"iso\":640,\"shutter_speed\":\"1\\\/100sec\",\"flash\":\"Not fired\",\"title\":false,\"keywords\":false,\"width\":1024,\"height\":683,\"saved\":true,\"thumbnail\":{\"width\":300,\"height\":200},\"webview\":{\"0\":1024,\"1\":683,\"2\":2,\"3\":\"width=\\\"1024\\\" height=\\\"683\\\"\",\"bits\":8,\"channels\":3,\"mime\":\"image\\\/jpeg\"}}},{\"pid\":\"16036\",\"filename\":\"couleurs-du-jurassique-en-hiver-034.jpg\",\"description\":\"\",\"alttext\":\"\",\"link\":null,\"imagedate\":\"2017-02-23 11:05:59\",\"hitcounter\":\"15\",\"total_value\":\"0\",\"total_votes\":\"0\",\"meta_data\":{\"aperture\":\"F 18\",\"credit\":false,\"camera\":\"Canon EOS 70D\",\"caption\":false,\"created_timestamp\":\"23 f\\u00e9vrier 2017 11 h 05 min\",\"copyright\":false,\"focal_length\":\"100min\",\"iso\":640,\"shutter_speed\":\"1\\\/160sec\",\"flash\":\"Not fired\",\"title\":false,\"keywords\":false,\"width\":1024,\"height\":683,\"saved\":true,\"thumbnail\":{\"width\":300,\"height\":200},\"webview\":{\"0\":1024,\"1\":683,\"2\":2,\"3\":\"width=\\\"1024\\\" height=\\\"683\\\"\",\"bits\":8,\"channels\":3,\"mime\":\"image\\\/jpeg\"}}},{\"pid\":\"16037\",\"filename\":\"couleurs-du-jurassique-en-hiver-035.jpg\",\"description\":\"\",\"alttext\":\"\",\"link\":null,\"imagedate\":\"2017-02-23 11:06:19\",\"hitcounter\":\"14\",\"total_value\":\"0\",\"total_votes\":\"0\",\"meta_data\":{\"aperture\":\"F 18\",\"credit\":false,\"camera\":\"Canon EOS 70D\",\"caption\":false,\"created_timestamp\":\"23 f\\u00e9vrier 2017 11 h 06 min\",\"copyright\":false,\"focal_length\":\"18min\",\"iso\":640,\"shutter_speed\":\"1\\\/250sec\",\"flash\":\"Not fired\",\"title\":false,\"keywords\":false,\"width\":1024,\"height\":683,\"saved\":true,\"thumbnail\":{\"width\":300,\"height\":200},\"webview\":{\"0\":1024,\"1\":683,\"2\":2,\"3\":\"width=\\\"1024\\\" height=\\\"683\\\"\",\"bits\":8,\"channels\":3,\"mime\":\"image\\\/jpeg\"}}},{\"pid\":\"16038\",\"filename\":\"couleurs-du-jurassique-en-hiver-036.jpg\",\"description\":\"\",\"alttext\":\"\",\"link\":null,\"imagedate\":\"2017-02-23 11:06:43\",\"hitcounter\":\"14\",\"total_value\":\"0\",\"total_votes\":\"0\",\"meta_data\":{\"aperture\":\"F 18\",\"credit\":false,\"camera\":\"Canon EOS 70D\",\"caption\":false,\"created_timestamp\":\"23 f\\u00e9vrier 2017 11 h 06 min\",\"copyright\":false,\"focal_length\":\"18min\",\"iso\":640,\"shutter_speed\":\"1\\\/320sec\",\"flash\":\"Not fired\",\"title\":false,\"keywords\":false,\"width\":1024,\"height\":683,\"saved\":true,\"thumbnail\":{\"width\":300,\"height\":200},\"webview\":{\"0\":1024,\"1\":683,\"2\":2,\"3\":\"width=\\\"1024\\\" height=\\\"683\\\"\",\"bits\":8,\"channels\":3,\"mime\":\"image\\\/jpeg\"}}},{\"pid\":\"16039\",\"filename\":\"couleurs-du-jurassique-en-hiver-037.jpg\",\"description\":\"\",\"alttext\":\"\",\"link\":null,\"imagedate\":\"2017-02-23 11:06:44\",\"hitcounter\":\"14\",\"total_value\":\"0\",\"total_votes\":\"0\",\"meta_data\":{\"aperture\":\"F 18\",\"credit\":false,\"camera\":\"Canon EOS 70D\",\"caption\":false,\"created_timestamp\":\"23 f\\u00e9vrier 2017 11 h 06 min\",\"copyright\":false,\"focal_length\":\"47min\",\"iso\":640,\"shutter_speed\":\"1\\\/200sec\",\"flash\":\"Not fired\",\"title\":false,\"keywords\":false,\"width\":1024,\"height\":683,\"saved\":true,\"thumbnail\":{\"width\":300,\"height\":200},\"webview\":{\"0\":1024,\"1\":683,\"2\":2,\"3\":\"width=\\\"1024\\\" height=\\\"683\\\"\",\"bits\":8,\"channels\":3,\"mime\":\"image\\\/jpeg\"}}},{\"pid\":\"16040\",\"filename\":\"couleurs-du-jurassique-en-hiver-038.jpg\",\"description\":\"\",\"alttext\":\"\",\"link\":null,\"imagedate\":\"2017-02-23 11:06:50\",\"hitcounter\":\"14\",\"total_value\":\"0\",\"total_votes\":\"0\",\"meta_data\":{\"aperture\":\"F 18\",\"credit\":false,\"camera\":\"Canon EOS 70D\",\"caption\":false,\"created_timestamp\":\"23 f\\u00e9vrier 2017 11 h 06 min\",\"copyright\":false,\"focal_length\":\"18min\",\"iso\":640,\"shutter_speed\":\"1\\\/130sec\",\"flash\":\"Not fired\",\"title\":false,\"keywords\":false,\"width\":683,\"height\":1024,\"saved\":true,\"thumbnail\":{\"width\":200,\"height\":300},\"webview\":{\"0\":683,\"1\":1024,\"2\":2,\"3\":\"width=\\\"683\\\" height=\\\"1024\\\"\",\"bits\":8,\"channels\":3,\"mime\":\"image\\\/jpeg\"}}},{\"pid\":\"16041\",\"filename\":\"couleurs-du-jurassique-en-hiver-039.jpg\",\"description\":\"\",\"alttext\":\"\",\"link\":null,\"imagedate\":\"2017-02-23 11:07:36\",\"hitcounter\":\"13\",\"total_value\":\"0\",\"total_votes\":\"0\",\"meta_data\":{\"aperture\":\"F 22\",\"credit\":false,\"camera\":\"Canon EOS 70D\",\"caption\":false,\"created_timestamp\":\"23 f\\u00e9vrier 2017 11 h 07 min\",\"copyright\":false,\"focal_length\":\"18min\",\"iso\":640,\"shutter_speed\":\"1\\\/320sec\",\"flash\":\"Not fired\",\"title\":false,\"keywords\":false,\"width\":1024,\"height\":683,\"saved\":true,\"thumbnail\":{\"width\":300,\"height\":200},\"webview\":{\"0\":1024,\"1\":683,\"2\":2,\"3\":\"width=\\\"1024\\\" height=\\\"683\\\"\",\"bits\":8,\"channels\":3,\"mime\":\"image\\\/jpeg\"}}},{\"pid\":\"16042\",\"filename\":\"couleurs-du-jurassique-en-hiver-040.jpg\",\"description\":\"\",\"alttext\":\"\",\"link\":null,\"imagedate\":\"2017-02-23 11:07:41\",\"hitcounter\":\"13\",\"total_value\":\"0\",\"total_votes\":\"0\",\"meta_data\":{\"aperture\":\"F 22\",\"credit\":false,\"camera\":\"Canon EOS 70D\",\"caption\":false,\"created_timestamp\":\"23 f\\u00e9vrier 2017 11 h 07 min\",\"copyright\":false,\"focal_length\":\"18min\",\"iso\":640,\"shutter_speed\":\"1\\\/320sec\",\"flash\":\"Not fired\",\"title\":false,\"keywords\":false,\"width\":1024,\"height\":683,\"saved\":true,\"thumbnail\":{\"width\":300,\"height\":200},\"webview\":{\"0\":1024,\"1\":683,\"2\":2,\"3\":\"width=\\\"1024\\\" height=\\\"683\\\"\",\"bits\":8,\"channels\":3,\"mime\":\"image\\\/jpeg\"}}},{\"pid\":\"16043\",\"filename\":\"couleurs-du-jurassique-en-hiver-041.jpg\",\"description\":\"\",\"alttext\":\"\",\"link\":null,\"imagedate\":\"2017-02-23 11:07:52\",\"hitcounter\":\"11\",\"total_value\":\"0\",\"total_votes\":\"0\",\"meta_data\":{\"aperture\":\"F 22\",\"credit\":false,\"camera\":\"Canon EOS 70D\",\"caption\":false,\"created_timestamp\":\"23 f\\u00e9vrier 2017 11 h 07 min\",\"copyright\":false,\"focal_length\":\"18min\",\"iso\":640,\"shutter_speed\":\"1\\\/320sec\",\"flash\":\"Not fired\",\"title\":false,\"keywords\":false,\"width\":1024,\"height\":683,\"saved\":true,\"thumbnail\":{\"width\":300,\"height\":200},\"webview\":{\"0\":1024,\"1\":683,\"2\":2,\"3\":\"width=\\\"1024\\\" height=\\\"683\\\"\",\"bits\":8,\"channels\":3,\"mime\":\"image\\\/jpeg\"}}},{\"pid\":\"16044\",\"filename\":\"couleurs-du-jurassique-en-hiver-042.jpg\",\"description\":\"\",\"alttext\":\"\",\"link\":null,\"imagedate\":\"2017-02-23 11:08:23\",\"hitcounter\":\"12\",\"total_value\":\"0\",\"total_votes\":\"0\",\"meta_data\":{\"aperture\":\"F 22\",\"credit\":false,\"camera\":\"Canon EOS 70D\",\"caption\":false,\"created_timestamp\":\"23 f\\u00e9vrier 2017 11 h 08 min\",\"copyright\":false,\"focal_length\":\"100min\",\"iso\":640,\"shutter_speed\":\"1\\\/500sec\",\"flash\":\"Not fired\",\"title\":false,\"keywords\":false,\"width\":1024,\"height\":683,\"saved\":true,\"thumbnail\":{\"width\":300,\"height\":200},\"webview\":{\"0\":1024,\"1\":683,\"2\":2,\"3\":\"width=\\\"1024\\\" height=\\\"683\\\"\",\"bits\":8,\"channels\":3,\"mime\":\"image\\\/jpeg\"}}},{\"pid\":\"16045\",\"filename\":\"couleurs-du-jurassique-en-hiver-043.jpg\",\"description\":\"\",\"alttext\":\"\",\"link\":null,\"imagedate\":\"2017-02-23 11:09:28\",\"hitcounter\":\"11\",\"total_value\":\"0\",\"total_votes\":\"0\",\"meta_data\":{\"aperture\":\"F 22\",\"credit\":false,\"camera\":\"Canon EOS 70D\",\"caption\":false,\"created_timestamp\":\"23 f\\u00e9vrier 2017 11 h 09 min\",\"copyright\":false,\"focal_length\":\"100min\",\"iso\":640,\"shutter_speed\":\"1\\\/160sec\",\"flash\":\"Not fired\",\"title\":false,\"keywords\":false,\"width\":1024,\"height\":683,\"saved\":true,\"thumbnail\":{\"width\":300,\"height\":200},\"webview\":{\"0\":1024,\"1\":683,\"2\":2,\"3\":\"width=\\\"1024\\\" height=\\\"683\\\"\",\"bits\":8,\"channels\":3,\"mime\":\"image\\\/jpeg\"}}},{\"pid\":\"16046\",\"filename\":\"couleurs-du-jurassique-en-hiver-044.jpg\",\"description\":\"\",\"alttext\":\"\",\"link\":null,\"imagedate\":\"2017-02-23 11:09:35\",\"hitcounter\":\"10\",\"total_value\":\"0\",\"total_votes\":\"0\",\"meta_data\":{\"aperture\":\"F 22\",\"credit\":false,\"camera\":\"Canon EOS 70D\",\"caption\":false,\"created_timestamp\":\"23 f\\u00e9vrier 2017 11 h 09 min\",\"copyright\":false,\"focal_length\":\"59min\",\"iso\":640,\"shutter_speed\":\"1\\\/200sec\",\"flash\":\"Not fired\",\"title\":false,\"keywords\":false,\"width\":1024,\"height\":683,\"saved\":true,\"thumbnail\":{\"width\":300,\"height\":200},\"webview\":{\"0\":1024,\"1\":683,\"2\":2,\"3\":\"width=\\\"1024\\\" height=\\\"683\\\"\",\"bits\":8,\"channels\":3,\"mime\":\"image\\\/jpeg\"}}},{\"pid\":\"16047\",\"filename\":\"couleurs-du-jurassique-en-hiver-045.jpg\",\"description\":\"\",\"alttext\":\"\",\"link\":null,\"imagedate\":\"2017-02-23 11:09:38\",\"hitcounter\":\"10\",\"total_value\":\"0\",\"total_votes\":\"0\",\"meta_data\":{\"aperture\":\"F 22\",\"credit\":false,\"camera\":\"Canon EOS 70D\",\"caption\":false,\"created_timestamp\":\"23 f\\u00e9vrier 2017 11 h 09 min\",\"copyright\":false,\"focal_length\":\"300min\",\"iso\":640,\"shutter_speed\":\"1\\\/130sec\",\"flash\":\"Not fired\",\"title\":false,\"keywords\":false,\"width\":1024,\"height\":683,\"saved\":true,\"thumbnail\":{\"width\":300,\"height\":200},\"webview\":{\"0\":1024,\"1\":683,\"2\":2,\"3\":\"width=\\\"1024\\\" height=\\\"683\\\"\",\"bits\":8,\"channels\":3,\"mime\":\"image\\\/jpeg\"}}},{\"pid\":\"16048\",\"filename\":\"couleurs-du-jurassique-en-hiver-046.jpg\",\"description\":\"\",\"alttext\":\"\",\"link\":null,\"imagedate\":\"2017-02-23 11:09:40\",\"hitcounter\":\"10\",\"total_value\":\"0\",\"total_votes\":\"0\",\"meta_data\":{\"aperture\":\"F 22\",\"credit\":false,\"camera\":\"Canon EOS 70D\",\"caption\":false,\"created_timestamp\":\"23 f\\u00e9vrier 2017 11 h 09 min\",\"copyright\":false,\"focal_length\":\"300min\",\"iso\":640,\"shutter_speed\":\"1\\\/130sec\",\"flash\":\"Not fired\",\"title\":false,\"keywords\":false,\"width\":1024,\"height\":683,\"saved\":true,\"thumbnail\":{\"width\":300,\"height\":200},\"webview\":{\"0\":1024,\"1\":683,\"2\":2,\"3\":\"width=\\\"1024\\\" height=\\\"683\\\"\",\"bits\":8,\"channels\":3,\"mime\":\"image\\\/jpeg\"}}},{\"pid\":\"16049\",\"filename\":\"couleurs-du-jurassique-en-hiver-047.jpg\",\"description\":\"\",\"alttext\":\"\",\"link\":null,\"imagedate\":\"2017-02-23 11:10:46\",\"hitcounter\":\"11\",\"total_value\":\"0\",\"total_votes\":\"0\",\"meta_data\":{\"aperture\":\"F 22\",\"credit\":false,\"camera\":\"Canon EOS 70D\",\"caption\":false,\"created_timestamp\":\"23 f\\u00e9vrier 2017 11 h 10 min\",\"copyright\":false,\"focal_length\":\"113min\",\"iso\":640,\"shutter_speed\":\"1\\\/160sec\",\"flash\":\"Not fired\",\"title\":false,\"keywords\":false,\"width\":1024,\"height\":683,\"saved\":true,\"thumbnail\":{\"width\":300,\"height\":200},\"webview\":{\"0\":1024,\"1\":683,\"2\":2,\"3\":\"width=\\\"1024\\\" height=\\\"683\\\"\",\"bits\":8,\"channels\":3,\"mime\":\"image\\\/jpeg\"}}},{\"pid\":\"16050\",\"filename\":\"couleurs-du-jurassique-en-hiver-048.jpg\",\"description\":\"\",\"alttext\":\"\",\"link\":null,\"imagedate\":\"2017-02-23 11:10:52\",\"hitcounter\":\"11\",\"total_value\":\"0\",\"total_votes\":\"0\",\"meta_data\":{\"aperture\":\"F 22\",\"credit\":false,\"camera\":\"Canon EOS 70D\",\"caption\":false,\"created_timestamp\":\"23 f\\u00e9vrier 2017 11 h 10 min\",\"copyright\":false,\"focal_length\":\"150min\",\"iso\":640,\"shutter_speed\":\"1\\\/400sec\",\"flash\":\"Not fired\",\"title\":false,\"keywords\":false,\"width\":1024,\"height\":683,\"saved\":true,\"thumbnail\":{\"width\":300,\"height\":200},\"webview\":{\"0\":1024,\"1\":683,\"2\":2,\"3\":\"width=\\\"1024\\\" height=\\\"683\\\"\",\"bits\":8,\"channels\":3,\"mime\":\"image\\\/jpeg\"}}},{\"pid\":\"16051\",\"filename\":\"couleurs-du-jurassique-en-hiver-049.jpg\",\"description\":\"\",\"alttext\":\"\",\"link\":null,\"imagedate\":\"2017-02-23 11:10:55\",\"hitcounter\":\"12\",\"total_value\":\"0\",\"total_votes\":\"0\",\"meta_data\":{\"aperture\":\"F 22\",\"credit\":false,\"camera\":\"Canon EOS 70D\",\"caption\":false,\"created_timestamp\":\"23 f\\u00e9vrier 2017 11 h 10 min\",\"copyright\":false,\"focal_length\":\"150min\",\"iso\":640,\"shutter_speed\":\"1\\\/320sec\",\"flash\":\"Not fired\",\"title\":false,\"keywords\":false,\"width\":1024,\"height\":683,\"saved\":true,\"thumbnail\":{\"width\":300,\"height\":200},\"webview\":{\"0\":1024,\"1\":683,\"2\":2,\"3\":\"width=\\\"1024\\\" height=\\\"683\\\"\",\"bits\":8,\"channels\":3,\"mime\":\"image\\\/jpeg\"}}},{\"pid\":\"16052\",\"filename\":\"couleurs-du-jurassique-en-hiver-050.jpg\",\"description\":\"\",\"alttext\":\"\",\"link\":null,\"imagedate\":\"2017-02-23 11:26:22\",\"hitcounter\":\"12\",\"total_value\":\"0\",\"total_votes\":\"0\",\"meta_data\":{\"aperture\":\"F 22\",\"credit\":false,\"camera\":\"Canon EOS 70D\",\"caption\":false,\"created_timestamp\":\"23 f\\u00e9vrier 2017 11 h 26 min\",\"copyright\":false,\"focal_length\":\"18min\",\"iso\":640,\"shutter_speed\":\"1\\\/320sec\",\"flash\":\"Not fired\",\"title\":false,\"keywords\":false,\"width\":1024,\"height\":683,\"saved\":true,\"thumbnail\":{\"width\":300,\"height\":200},\"webview\":{\"0\":1024,\"1\":683,\"2\":2,\"3\":\"width=\\\"1024\\\" height=\\\"683\\\"\",\"bits\":8,\"channels\":3,\"mime\":\"image\\\/jpeg\"}}},{\"pid\":\"16053\",\"filename\":\"couleurs-du-jurassique-en-hiver-051.jpg\",\"description\":\"\",\"alttext\":\"\",\"link\":null,\"imagedate\":\"2017-02-23 11:26:35\",\"hitcounter\":\"11\",\"total_value\":\"0\",\"total_votes\":\"0\",\"meta_data\":{\"aperture\":\"F 22\",\"credit\":false,\"camera\":\"Canon EOS 70D\",\"caption\":false,\"created_timestamp\":\"23 f\\u00e9vrier 2017 11 h 26 min\",\"copyright\":false,\"focal_length\":\"119min\",\"iso\":640,\"shutter_speed\":\"1\\\/500sec\",\"flash\":\"Not fired\",\"title\":false,\"keywords\":false,\"width\":1024,\"height\":683,\"saved\":true,\"thumbnail\":{\"width\":300,\"height\":200},\"webview\":{\"0\":1024,\"1\":683,\"2\":2,\"3\":\"width=\\\"1024\\\" height=\\\"683\\\"\",\"bits\":8,\"channels\":3,\"mime\":\"image\\\/jpeg\"}}},{\"pid\":\"16054\",\"filename\":\"couleurs-du-jurassique-en-hiver-052.jpg\",\"description\":\"\",\"alttext\":\"\",\"link\":null,\"imagedate\":\"2017-02-23 11:31:15\",\"hitcounter\":\"11\",\"total_value\":\"0\",\"total_votes\":\"0\",\"meta_data\":{\"aperture\":\"F 22\",\"credit\":false,\"camera\":\"Canon EOS 70D\",\"caption\":false,\"created_timestamp\":\"23 f\\u00e9vrier 2017 11 h 31 min\",\"copyright\":false,\"focal_length\":\"63min\",\"iso\":640,\"shutter_speed\":\"1\\\/250sec\",\"flash\":\"Not fired\",\"title\":false,\"keywords\":false,\"width\":1024,\"height\":683,\"saved\":true,\"thumbnail\":{\"width\":300,\"height\":200},\"webview\":{\"0\":1024,\"1\":683,\"2\":2,\"3\":\"width=\\\"1024\\\" height=\\\"683\\\"\",\"bits\":8,\"channels\":3,\"mime\":\"image\\\/jpeg\"}}},{\"pid\":\"16055\",\"filename\":\"couleurs-du-jurassique-en-hiver-053.jpg\",\"description\":\"\",\"alttext\":\"\",\"link\":null,\"imagedate\":\"2017-02-23 11:31:19\",\"hitcounter\":\"11\",\"total_value\":\"0\",\"total_votes\":\"0\",\"meta_data\":{\"aperture\":\"F 22\",\"credit\":false,\"camera\":\"Canon EOS 70D\",\"caption\":false,\"created_timestamp\":\"23 f\\u00e9vrier 2017 11 h 31 min\",\"copyright\":false,\"focal_length\":\"171min\",\"iso\":640,\"shutter_speed\":\"1\\\/160sec\",\"flash\":\"Not fired\",\"title\":false,\"keywords\":false,\"width\":1024,\"height\":683,\"saved\":true,\"thumbnail\":{\"width\":300,\"height\":200},\"webview\":{\"0\":1024,\"1\":683,\"2\":2,\"3\":\"width=\\\"1024\\\" height=\\\"683\\\"\",\"bits\":8,\"channels\":3,\"mime\":\"image\\\/jpeg\"}}},{\"pid\":\"16056\",\"filename\":\"couleurs-du-jurassique-en-hiver-054.jpg\",\"description\":\"\",\"alttext\":\"\",\"link\":null,\"imagedate\":\"2017-02-23 11:31:27\",\"hitcounter\":\"11\",\"total_value\":\"0\",\"total_votes\":\"0\",\"meta_data\":{\"aperture\":\"F 22\",\"credit\":false,\"camera\":\"Canon EOS 70D\",\"caption\":false,\"created_timestamp\":\"23 f\\u00e9vrier 2017 11 h 31 min\",\"copyright\":false,\"focal_length\":\"300min\",\"iso\":640,\"shutter_speed\":\"1\\\/250sec\",\"flash\":\"Not fired\",\"title\":false,\"keywords\":false,\"width\":1024,\"height\":683,\"saved\":true,\"thumbnail\":{\"width\":300,\"height\":200},\"webview\":{\"0\":1024,\"1\":683,\"2\":2,\"3\":\"width=\\\"1024\\\" height=\\\"683\\\"\",\"bits\":8,\"channels\":3,\"mime\":\"image\\\/jpeg\"}}},{\"pid\":\"16057\",\"filename\":\"couleurs-du-jurassique-en-hiver-055.jpg\",\"description\":\"\",\"alttext\":\"\",\"link\":null,\"imagedate\":\"2017-02-23 11:31:33\",\"hitcounter\":\"11\",\"total_value\":\"0\",\"total_votes\":\"0\",\"meta_data\":{\"aperture\":\"F 22\",\"credit\":false,\"camera\":\"Canon EOS 70D\",\"caption\":false,\"created_timestamp\":\"23 f\\u00e9vrier 2017 11 h 31 min\",\"copyright\":false,\"focal_length\":\"300min\",\"iso\":640,\"shutter_speed\":\"1\\\/400sec\",\"flash\":\"Not fired\",\"title\":false,\"keywords\":false,\"width\":1024,\"height\":683,\"saved\":true,\"thumbnail\":{\"width\":300,\"height\":200},\"webview\":{\"0\":1024,\"1\":683,\"2\":2,\"3\":\"width=\\\"1024\\\" height=\\\"683\\\"\",\"bits\":8,\"channels\":3,\"mime\":\"image\\\/jpeg\"}}},{\"pid\":\"16058\",\"filename\":\"couleurs-du-jurassique-en-hiver-056.jpg\",\"description\":\"\",\"alttext\":\"\",\"link\":null,\"imagedate\":\"2017-02-23 11:31:37\",\"hitcounter\":\"10\",\"total_value\":\"0\",\"total_votes\":\"0\",\"meta_data\":{\"aperture\":\"F 22\",\"credit\":false,\"camera\":\"Canon EOS 70D\",\"caption\":false,\"created_timestamp\":\"23 f\\u00e9vrier 2017 11 h 31 min\",\"copyright\":false,\"focal_length\":\"300min\",\"iso\":640,\"shutter_speed\":\"1\\\/320sec\",\"flash\":\"Not fired\",\"title\":false,\"keywords\":false,\"width\":1024,\"height\":683,\"saved\":true,\"thumbnail\":{\"width\":300,\"height\":200},\"webview\":{\"0\":1024,\"1\":683,\"2\":2,\"3\":\"width=\\\"1024\\\" height=\\\"683\\\"\",\"bits\":8,\"channels\":3,\"mime\":\"image\\\/jpeg\"}}},{\"pid\":\"16059\",\"filename\":\"couleurs-du-jurassique-en-hiver-057.jpg\",\"description\":\"\",\"alttext\":\"\",\"link\":null,\"imagedate\":\"2017-02-23 11:31:39\",\"hitcounter\":\"10\",\"total_value\":\"0\",\"total_votes\":\"0\",\"meta_data\":{\"aperture\":\"F 22\",\"credit\":false,\"camera\":\"Canon EOS 70D\",\"caption\":false,\"created_timestamp\":\"23 f\\u00e9vrier 2017 11 h 31 min\",\"copyright\":false,\"focal_length\":\"300min\",\"iso\":640,\"shutter_speed\":\"1\\\/320sec\",\"flash\":\"Not fired\",\"title\":false,\"keywords\":false,\"width\":1024,\"height\":683,\"saved\":true,\"thumbnail\":{\"width\":300,\"height\":200},\"webview\":{\"0\":1024,\"1\":683,\"2\":2,\"3\":\"width=\\\"1024\\\" height=\\\"683\\\"\",\"bits\":8,\"channels\":3,\"mime\":\"image\\\/jpeg\"}}},{\"pid\":\"16060\",\"filename\":\"couleurs-du-jurassique-en-hiver-058.jpg\",\"description\":\"\",\"alttext\":\"\",\"link\":null,\"imagedate\":\"2017-02-23 11:31:42\",\"hitcounter\":\"10\",\"total_value\":\"0\",\"total_votes\":\"0\",\"meta_data\":{\"aperture\":\"F 22\",\"credit\":false,\"camera\":\"Canon EOS 70D\",\"caption\":false,\"created_timestamp\":\"23 f\\u00e9vrier 2017 11 h 31 min\",\"copyright\":false,\"focal_length\":\"300min\",\"iso\":640,\"shutter_speed\":\"1\\\/320sec\",\"flash\":\"Not fired\",\"title\":false,\"keywords\":false,\"width\":1024,\"height\":683,\"saved\":true,\"thumbnail\":{\"width\":300,\"height\":200},\"webview\":{\"0\":1024,\"1\":683,\"2\":2,\"3\":\"width=\\\"1024\\\" height=\\\"683\\\"\",\"bits\":8,\"channels\":3,\"mime\":\"image\\\/jpeg\"}}},{\"pid\":\"16061\",\"filename\":\"couleurs-du-jurassique-en-hiver-059.jpg\",\"description\":\"\",\"alttext\":\"\",\"link\":null,\"imagedate\":\"2017-02-23 11:31:43\",\"hitcounter\":\"10\",\"total_value\":\"0\",\"total_votes\":\"0\",\"meta_data\":{\"aperture\":\"F 22\",\"credit\":false,\"camera\":\"Canon EOS 70D\",\"caption\":false,\"created_timestamp\":\"23 f\\u00e9vrier 2017 11 h 31 min\",\"copyright\":false,\"focal_length\":\"300min\",\"iso\":640,\"shutter_speed\":\"1\\\/320sec\",\"flash\":\"Not fired\",\"title\":false,\"keywords\":false,\"width\":1024,\"height\":683,\"saved\":true,\"thumbnail\":{\"width\":300,\"height\":200},\"webview\":{\"0\":1024,\"1\":683,\"2\":2,\"3\":\"width=\\\"1024\\\" height=\\\"683\\\"\",\"bits\":8,\"channels\":3,\"mime\":\"image\\\/jpeg\"}}},{\"pid\":\"16062\",\"filename\":\"couleurs-du-jurassique-en-hiver-060.jpg\",\"description\":\"\",\"alttext\":\"\",\"link\":null,\"imagedate\":\"2017-02-23 11:34:57\",\"hitcounter\":\"11\",\"total_value\":\"0\",\"total_votes\":\"0\",\"meta_data\":{\"aperture\":\"F 22\",\"credit\":false,\"camera\":\"Canon EOS 70D\",\"caption\":false,\"created_timestamp\":\"23 f\\u00e9vrier 2017 11 h 34 min\",\"copyright\":false,\"focal_length\":\"50min\",\"iso\":640,\"shutter_speed\":\"1\\\/250sec\",\"flash\":\"Not fired\",\"title\":false,\"keywords\":false,\"width\":1024,\"height\":683,\"saved\":true,\"thumbnail\":{\"width\":300,\"height\":200},\"webview\":{\"0\":1024,\"1\":683,\"2\":2,\"3\":\"width=\\\"1024\\\" height=\\\"683\\\"\",\"bits\":8,\"channels\":3,\"mime\":\"image\\\/jpeg\"}}},{\"pid\":\"16063\",\"filename\":\"couleurs-du-jurassique-en-hiver-061.jpg\",\"description\":\"\",\"alttext\":\"\",\"link\":null,\"imagedate\":\"2017-02-23 11:35:47\",\"hitcounter\":\"11\",\"total_value\":\"0\",\"total_votes\":\"0\",\"meta_data\":{\"aperture\":\"F 22\",\"credit\":false,\"camera\":\"Canon EOS 70D\",\"caption\":false,\"created_timestamp\":\"23 f\\u00e9vrier 2017 11 h 35 min\",\"copyright\":false,\"focal_length\":\"276min\",\"iso\":640,\"shutter_speed\":\"1\\\/320sec\",\"flash\":\"Not fired\",\"title\":false,\"keywords\":false,\"width\":1024,\"height\":683,\"saved\":true,\"thumbnail\":{\"width\":300,\"height\":200},\"webview\":{\"0\":1024,\"1\":683,\"2\":2,\"3\":\"width=\\\"1024\\\" height=\\\"683\\\"\",\"bits\":8,\"channels\":3,\"mime\":\"image\\\/jpeg\"}}},{\"pid\":\"16064\",\"filename\":\"couleurs-du-jurassique-en-hiver-062.jpg\",\"description\":\"\",\"alttext\":\"\",\"link\":null,\"imagedate\":\"2017-02-23 11:44:50\",\"hitcounter\":\"11\",\"total_value\":\"0\",\"total_votes\":\"0\",\"meta_data\":{\"aperture\":\"F 22\",\"credit\":false,\"camera\":\"Canon EOS 70D\",\"caption\":false,\"created_timestamp\":\"23 f\\u00e9vrier 2017 11 h 44 min\",\"copyright\":false,\"focal_length\":\"160min\",\"iso\":640,\"shutter_speed\":\"1\\\/80sec\",\"flash\":\"Not fired\",\"title\":false,\"keywords\":false,\"width\":1024,\"height\":683,\"saved\":true,\"thumbnail\":{\"width\":300,\"height\":200},\"webview\":{\"0\":1024,\"1\":683,\"2\":2,\"3\":\"width=\\\"1024\\\" height=\\\"683\\\"\",\"bits\":8,\"channels\":3,\"mime\":\"image\\\/jpeg\"}}},{\"pid\":\"16065\",\"filename\":\"couleurs-du-jurassique-en-hiver-063.jpg\",\"description\":\"\",\"alttext\":\"\",\"link\":null,\"imagedate\":\"2017-02-23 12:18:10\",\"hitcounter\":\"11\",\"total_value\":\"0\",\"total_votes\":\"0\",\"meta_data\":{\"aperture\":\"F 9\",\"credit\":false,\"camera\":\"Canon EOS 70D\",\"caption\":false,\"created_timestamp\":\"23 f\\u00e9vrier 2017 12 h 18 min\",\"copyright\":false,\"focal_length\":\"150min\",\"iso\":640,\"shutter_speed\":\"1\\\/3200sec\",\"flash\":\"Not fired\",\"title\":false,\"keywords\":false,\"width\":1024,\"height\":683,\"saved\":true,\"thumbnail\":{\"width\":300,\"height\":200},\"webview\":{\"0\":1024,\"1\":683,\"2\":2,\"3\":\"width=\\\"1024\\\" height=\\\"683\\\"\",\"bits\":8,\"channels\":3,\"mime\":\"image\\\/jpeg\"}}},{\"pid\":\"16066\",\"filename\":\"couleurs-du-jurassique-en-hiver-064.jpg\",\"description\":\"\",\"alttext\":\"\",\"link\":null,\"imagedate\":\"2017-02-23 12:18:34\",\"hitcounter\":\"14\",\"total_value\":\"0\",\"total_votes\":\"0\",\"meta_data\":{\"aperture\":\"F 18\",\"credit\":false,\"camera\":\"Canon EOS 70D\",\"caption\":false,\"created_timestamp\":\"23 f\\u00e9vrier 2017 12 h 18 min\",\"copyright\":false,\"focal_length\":\"53min\",\"iso\":640,\"shutter_speed\":\"1\\\/320sec\",\"flash\":\"Not fired\",\"title\":false,\"keywords\":false,\"width\":1024,\"height\":683,\"saved\":true,\"thumbnail\":{\"width\":300,\"height\":200},\"webview\":{\"0\":1024,\"1\":683,\"2\":2,\"3\":\"width=\\\"1024\\\" height=\\\"683\\\"\",\"bits\":8,\"channels\":3,\"mime\":\"image\\\/jpeg\"}}},{\"pid\":\"16067\",\"filename\":\"couleurs-du-jurassique-en-hiver-065.jpg\",\"description\":\"\",\"alttext\":\"\",\"link\":null,\"imagedate\":\"2017-02-23 12:18:39\",\"hitcounter\":\"11\",\"total_value\":\"0\",\"total_votes\":\"0\",\"meta_data\":{\"aperture\":\"F 18\",\"credit\":false,\"camera\":\"Canon EOS 70D\",\"caption\":false,\"created_timestamp\":\"23 f\\u00e9vrier 2017 12 h 18 min\",\"copyright\":false,\"focal_length\":\"18min\",\"iso\":640,\"shutter_speed\":\"1\\\/200sec\",\"flash\":\"Not fired\",\"title\":false,\"keywords\":false,\"width\":1024,\"height\":683,\"saved\":true,\"thumbnail\":{\"width\":300,\"height\":200},\"webview\":{\"0\":1024,\"1\":683,\"2\":2,\"3\":\"width=\\\"1024\\\" height=\\\"683\\\"\",\"bits\":8,\"channels\":3,\"mime\":\"image\\\/jpeg\"}}},{\"pid\":\"16068\",\"filename\":\"couleurs-du-jurassique-en-hiver-066.jpg\",\"description\":\"\",\"alttext\":\"\",\"link\":null,\"imagedate\":\"2017-02-23 12:36:46\",\"hitcounter\":\"11\",\"total_value\":\"0\",\"total_votes\":\"0\",\"meta_data\":{\"aperture\":\"F 16\",\"credit\":false,\"camera\":\"Canon EOS 70D\",\"caption\":false,\"created_timestamp\":\"23 f\\u00e9vrier 2017 12 h 36 min\",\"copyright\":false,\"focal_length\":\"32min\",\"iso\":640,\"shutter_speed\":\"1\\\/500sec\",\"flash\":\"Not fired\",\"title\":false,\"keywords\":false,\"width\":1024,\"height\":683,\"saved\":true,\"thumbnail\":{\"width\":300,\"height\":200},\"webview\":{\"0\":1024,\"1\":683,\"2\":2,\"3\":\"width=\\\"1024\\\" height=\\\"683\\\"\",\"bits\":8,\"channels\":3,\"mime\":\"image\\\/jpeg\"}}},{\"pid\":\"16069\",\"filename\":\"couleurs-du-jurassique-en-hiver-067.jpg\",\"description\":\"\",\"alttext\":\"\",\"link\":null,\"imagedate\":\"2017-02-23 12:37:13\",\"hitcounter\":\"11\",\"total_value\":\"0\",\"total_votes\":\"0\",\"meta_data\":{\"aperture\":\"F 8\",\"credit\":false,\"camera\":\"Canon EOS 70D\",\"caption\":false,\"created_timestamp\":\"23 f\\u00e9vrier 2017 12 h 37 min\",\"copyright\":false,\"focal_length\":\"119min\",\"iso\":640,\"shutter_speed\":\"1\\\/1600sec\",\"flash\":\"Not fired\",\"title\":false,\"keywords\":false,\"width\":1024,\"height\":683,\"saved\":true,\"thumbnail\":{\"width\":300,\"height\":200},\"webview\":{\"0\":1024,\"1\":683,\"2\":2,\"3\":\"width=\\\"1024\\\" height=\\\"683\\\"\",\"bits\":8,\"channels\":3,\"mime\":\"image\\\/jpeg\"}}},{\"pid\":\"16070\",\"filename\":\"couleurs-du-jurassique-en-hiver-068.jpg\",\"description\":\"\",\"alttext\":\"\",\"link\":null,\"imagedate\":\"2017-02-23 15:35:32\",\"hitcounter\":\"11\",\"total_value\":\"0\",\"total_votes\":\"0\",\"meta_data\":{\"aperture\":\"F 14\",\"credit\":false,\"camera\":\"Canon EOS 70D\",\"caption\":false,\"created_timestamp\":\"23 f\\u00e9vrier 2017 15 h 35 min\",\"copyright\":false,\"focal_length\":\"18min\",\"iso\":640,\"shutter_speed\":\"1\\\/1250sec\",\"flash\":\"Not fired\",\"title\":false,\"keywords\":false,\"width\":1024,\"height\":683,\"saved\":true,\"thumbnail\":{\"width\":300,\"height\":200},\"webview\":{\"0\":1024,\"1\":683,\"2\":2,\"3\":\"width=\\\"1024\\\" height=\\\"683\\\"\",\"bits\":8,\"channels\":3,\"mime\":\"image\\\/jpeg\"}}},{\"pid\":\"16071\",\"filename\":\"couleurs-du-jurassique-en-hiver-069.jpg\",\"description\":\"\",\"alttext\":\"\",\"link\":null,\"imagedate\":\"2017-02-23 15:36:09\",\"hitcounter\":\"13\",\"total_value\":\"0\",\"total_votes\":\"0\",\"meta_data\":{\"aperture\":\"F 14\",\"credit\":false,\"camera\":\"Canon EOS 70D\",\"caption\":false,\"created_timestamp\":\"23 f\\u00e9vrier 2017 15 h 36 min\",\"copyright\":false,\"focal_length\":\"18min\",\"iso\":640,\"shutter_speed\":\"1\\\/2500sec\",\"flash\":\"Not fired\",\"title\":false,\"keywords\":false,\"width\":1024,\"height\":683,\"saved\":true,\"thumbnail\":{\"width\":300,\"height\":200},\"webview\":{\"0\":1024,\"1\":683,\"2\":2,\"3\":\"width=\\\"1024\\\" height=\\\"683\\\"\",\"bits\":8,\"channels\":3,\"mime\":\"image\\\/jpeg\"}}}]}], };})();<\/script><\/div><\/div><noscript id=\"noscript_FlaGallery_sc1_195\"><img decoding=\"async\" class=\"skip-lazy no-lazyload noLazy\" data-lazy-src=\"\" src=\"https:\/\/frank-lovisolo.fr\/WordPress\/wp-content\/flagallery\/couleurs-du-jurassique-en-hiver\/couleurs-du-jurassique-en-hiver-004.jpg\" alt=\"- - -\" title=\"-\"><img decoding=\"async\" class=\"skip-lazy no-lazyload noLazy\" data-lazy-src=\"\" src=\"https:\/\/frank-lovisolo.fr\/WordPress\/wp-content\/flagallery\/couleurs-du-jurassique-en-hiver\/couleurs-du-jurassique-en-hiver-005.jpg\" alt=\"- - -\" title=\"-\"><img decoding=\"async\" class=\"skip-lazy no-lazyload noLazy\" data-lazy-src=\"\" src=\"https:\/\/frank-lovisolo.fr\/WordPress\/wp-content\/flagallery\/couleurs-du-jurassique-en-hiver\/couleurs-du-jurassique-en-hiver-006.jpg\" alt=\"- - -\" title=\"-\"><img decoding=\"async\" class=\"skip-lazy no-lazyload noLazy\" data-lazy-src=\"\" src=\"https:\/\/frank-lovisolo.fr\/WordPress\/wp-content\/flagallery\/couleurs-du-jurassique-en-hiver\/couleurs-du-jurassique-en-hiver-007.jpg\" alt=\"- - -\" title=\"-\"><img decoding=\"async\" class=\"skip-lazy no-lazyload noLazy\" data-lazy-src=\"\" src=\"https:\/\/frank-lovisolo.fr\/WordPress\/wp-content\/flagallery\/couleurs-du-jurassique-en-hiver\/couleurs-du-jurassique-en-hiver-008.jpg\" alt=\"- - -\" title=\"-\"><img decoding=\"async\" class=\"skip-lazy no-lazyload noLazy\" data-lazy-src=\"\" src=\"https:\/\/frank-lovisolo.fr\/WordPress\/wp-content\/flagallery\/couleurs-du-jurassique-en-hiver\/couleurs-du-jurassique-en-hiver-009.jpg\" alt=\"- - -\" title=\"-\"><img decoding=\"async\" class=\"skip-lazy no-lazyload noLazy\" data-lazy-src=\"\" src=\"https:\/\/frank-lovisolo.fr\/WordPress\/wp-content\/flagallery\/couleurs-du-jurassique-en-hiver\/couleurs-du-jurassique-en-hiver-010.jpg\" alt=\"- - -\" title=\"-\"><img decoding=\"async\" class=\"skip-lazy no-lazyload noLazy\" data-lazy-src=\"\" src=\"https:\/\/frank-lovisolo.fr\/WordPress\/wp-content\/flagallery\/couleurs-du-jurassique-en-hiver\/couleurs-du-jurassique-en-hiver-011.jpg\" alt=\"- - -\" title=\"-\"><img decoding=\"async\" class=\"skip-lazy no-lazyload noLazy\" data-lazy-src=\"\" src=\"https:\/\/frank-lovisolo.fr\/WordPress\/wp-content\/flagallery\/couleurs-du-jurassique-en-hiver\/couleurs-du-jurassique-en-hiver-012.jpg\" alt=\"- - -\" title=\"-\"><img decoding=\"async\" class=\"skip-lazy no-lazyload noLazy\" data-lazy-src=\"\" src=\"https:\/\/frank-lovisolo.fr\/WordPress\/wp-content\/flagallery\/couleurs-du-jurassique-en-hiver\/couleurs-du-jurassique-en-hiver-013.jpg\" alt=\"- - -\" title=\"-\"><img decoding=\"async\" class=\"skip-lazy no-lazyload noLazy\" data-lazy-src=\"\" src=\"https:\/\/frank-lovisolo.fr\/WordPress\/wp-content\/flagallery\/couleurs-du-jurassique-en-hiver\/couleurs-du-jurassique-en-hiver-014.jpg\" alt=\"- - -\" title=\"-\"><img decoding=\"async\" class=\"skip-lazy no-lazyload noLazy\" data-lazy-src=\"\" src=\"https:\/\/frank-lovisolo.fr\/WordPress\/wp-content\/flagallery\/couleurs-du-jurassique-en-hiver\/couleurs-du-jurassique-en-hiver-015.jpg\" alt=\"- - -\" title=\"-\"><img decoding=\"async\" class=\"skip-lazy no-lazyload noLazy\" data-lazy-src=\"\" src=\"https:\/\/frank-lovisolo.fr\/WordPress\/wp-content\/flagallery\/couleurs-du-jurassique-en-hiver\/couleurs-du-jurassique-en-hiver-016.jpg\" alt=\"- - -\" title=\"-\"><img decoding=\"async\" class=\"skip-lazy no-lazyload noLazy\" data-lazy-src=\"\" src=\"https:\/\/frank-lovisolo.fr\/WordPress\/wp-content\/flagallery\/couleurs-du-jurassique-en-hiver\/couleurs-du-jurassique-en-hiver-017.jpg\" alt=\"- - -\" title=\"-\"><img decoding=\"async\" class=\"skip-lazy no-lazyload noLazy\" data-lazy-src=\"\" src=\"https:\/\/frank-lovisolo.fr\/WordPress\/wp-content\/flagallery\/couleurs-du-jurassique-en-hiver\/couleurs-du-jurassique-en-hiver-018.jpg\" alt=\"- - -\" title=\"-\"><img decoding=\"async\" class=\"skip-lazy no-lazyload noLazy\" data-lazy-src=\"\" src=\"https:\/\/frank-lovisolo.fr\/WordPress\/wp-content\/flagallery\/couleurs-du-jurassique-en-hiver\/couleurs-du-jurassique-en-hiver-019.jpg\" alt=\"- - -\" title=\"-\"><img decoding=\"async\" class=\"skip-lazy no-lazyload noLazy\" data-lazy-src=\"\" src=\"https:\/\/frank-lovisolo.fr\/WordPress\/wp-content\/flagallery\/couleurs-du-jurassique-en-hiver\/couleurs-du-jurassique-en-hiver-020.jpg\" alt=\"- - -\" title=\"-\"><img decoding=\"async\" class=\"skip-lazy no-lazyload noLazy\" data-lazy-src=\"\" src=\"https:\/\/frank-lovisolo.fr\/WordPress\/wp-content\/flagallery\/couleurs-du-jurassique-en-hiver\/couleurs-du-jurassique-en-hiver-021.jpg\" alt=\"- - -\" title=\"-\"><img decoding=\"async\" class=\"skip-lazy no-lazyload noLazy\" data-lazy-src=\"\" src=\"https:\/\/frank-lovisolo.fr\/WordPress\/wp-content\/flagallery\/couleurs-du-jurassique-en-hiver\/couleurs-du-jurassique-en-hiver-022.jpg\" alt=\"- - -\" title=\"-\"><img decoding=\"async\" class=\"skip-lazy no-lazyload noLazy\" data-lazy-src=\"\" src=\"https:\/\/frank-lovisolo.fr\/WordPress\/wp-content\/flagallery\/couleurs-du-jurassique-en-hiver\/couleurs-du-jurassique-en-hiver-023.jpg\" alt=\"- - -\" title=\"-\"><img decoding=\"async\" class=\"skip-lazy no-lazyload noLazy\" data-lazy-src=\"\" src=\"https:\/\/frank-lovisolo.fr\/WordPress\/wp-content\/flagallery\/couleurs-du-jurassique-en-hiver\/couleurs-du-jurassique-en-hiver-024.jpg\" alt=\"- - -\" title=\"-\"><img decoding=\"async\" class=\"skip-lazy no-lazyload noLazy\" data-lazy-src=\"\" src=\"https:\/\/frank-lovisolo.fr\/WordPress\/wp-content\/flagallery\/couleurs-du-jurassique-en-hiver\/couleurs-du-jurassique-en-hiver-025.jpg\" alt=\"- - -\" title=\"-\"><img decoding=\"async\" class=\"skip-lazy no-lazyload noLazy\" data-lazy-src=\"\" src=\"https:\/\/frank-lovisolo.fr\/WordPress\/wp-content\/flagallery\/couleurs-du-jurassique-en-hiver\/couleurs-du-jurassique-en-hiver-026.jpg\" alt=\"- - -\" title=\"-\"><img decoding=\"async\" class=\"skip-lazy no-lazyload noLazy\" data-lazy-src=\"\" src=\"https:\/\/frank-lovisolo.fr\/WordPress\/wp-content\/flagallery\/couleurs-du-jurassique-en-hiver\/couleurs-du-jurassique-en-hiver-027.jpg\" alt=\"- - -\" title=\"-\"><img decoding=\"async\" class=\"skip-lazy no-lazyload noLazy\" data-lazy-src=\"\" src=\"https:\/\/frank-lovisolo.fr\/WordPress\/wp-content\/flagallery\/couleurs-du-jurassique-en-hiver\/couleurs-du-jurassique-en-hiver-028.jpg\" alt=\"- - -\" title=\"-\"><img decoding=\"async\" class=\"skip-lazy no-lazyload noLazy\" data-lazy-src=\"\" src=\"https:\/\/frank-lovisolo.fr\/WordPress\/wp-content\/flagallery\/couleurs-du-jurassique-en-hiver\/couleurs-du-jurassique-en-hiver-029.jpg\" alt=\"- - -\" title=\"-\"><img decoding=\"async\" class=\"skip-lazy no-lazyload noLazy\" data-lazy-src=\"\" src=\"https:\/\/frank-lovisolo.fr\/WordPress\/wp-content\/flagallery\/couleurs-du-jurassique-en-hiver\/couleurs-du-jurassique-en-hiver-030.jpg\" alt=\"- - -\" title=\"-\"><img decoding=\"async\" class=\"skip-lazy no-lazyload noLazy\" data-lazy-src=\"\" src=\"https:\/\/frank-lovisolo.fr\/WordPress\/wp-content\/flagallery\/couleurs-du-jurassique-en-hiver\/couleurs-du-jurassique-en-hiver-031.jpg\" alt=\"- - -\" title=\"-\"><img decoding=\"async\" class=\"skip-lazy no-lazyload noLazy\" data-lazy-src=\"\" src=\"https:\/\/frank-lovisolo.fr\/WordPress\/wp-content\/flagallery\/couleurs-du-jurassique-en-hiver\/couleurs-du-jurassique-en-hiver-032.jpg\" alt=\"- - -\" title=\"-\"><img decoding=\"async\" class=\"skip-lazy no-lazyload noLazy\" data-lazy-src=\"\" src=\"https:\/\/frank-lovisolo.fr\/WordPress\/wp-content\/flagallery\/couleurs-du-jurassique-en-hiver\/couleurs-du-jurassique-en-hiver-033.jpg\" alt=\"- - -\" title=\"-\"><img decoding=\"async\" class=\"skip-lazy no-lazyload noLazy\" data-lazy-src=\"\" src=\"https:\/\/frank-lovisolo.fr\/WordPress\/wp-content\/flagallery\/couleurs-du-jurassique-en-hiver\/couleurs-du-jurassique-en-hiver-034.jpg\" alt=\"- - -\" title=\"-\"><img decoding=\"async\" class=\"skip-lazy no-lazyload noLazy\" data-lazy-src=\"\" src=\"https:\/\/frank-lovisolo.fr\/WordPress\/wp-content\/flagallery\/couleurs-du-jurassique-en-hiver\/couleurs-du-jurassique-en-hiver-035.jpg\" alt=\"- - -\" title=\"-\"><img decoding=\"async\" class=\"skip-lazy no-lazyload noLazy\" data-lazy-src=\"\" src=\"https:\/\/frank-lovisolo.fr\/WordPress\/wp-content\/flagallery\/couleurs-du-jurassique-en-hiver\/couleurs-du-jurassique-en-hiver-036.jpg\" alt=\"- - -\" title=\"-\"><img decoding=\"async\" class=\"skip-lazy no-lazyload noLazy\" data-lazy-src=\"\" src=\"https:\/\/frank-lovisolo.fr\/WordPress\/wp-content\/flagallery\/couleurs-du-jurassique-en-hiver\/couleurs-du-jurassique-en-hiver-037.jpg\" alt=\"- - -\" title=\"-\"><img decoding=\"async\" class=\"skip-lazy no-lazyload noLazy\" data-lazy-src=\"\" src=\"https:\/\/frank-lovisolo.fr\/WordPress\/wp-content\/flagallery\/couleurs-du-jurassique-en-hiver\/couleurs-du-jurassique-en-hiver-038.jpg\" alt=\"- - -\" title=\"-\"><img decoding=\"async\" class=\"skip-lazy no-lazyload noLazy\" data-lazy-src=\"\" src=\"https:\/\/frank-lovisolo.fr\/WordPress\/wp-content\/flagallery\/couleurs-du-jurassique-en-hiver\/couleurs-du-jurassique-en-hiver-039.jpg\" alt=\"- - -\" title=\"-\"><img decoding=\"async\" class=\"skip-lazy no-lazyload noLazy\" data-lazy-src=\"\" src=\"https:\/\/frank-lovisolo.fr\/WordPress\/wp-content\/flagallery\/couleurs-du-jurassique-en-hiver\/couleurs-du-jurassique-en-hiver-040.jpg\" alt=\"- - -\" title=\"-\"><img decoding=\"async\" class=\"skip-lazy no-lazyload noLazy\" data-lazy-src=\"\" src=\"https:\/\/frank-lovisolo.fr\/WordPress\/wp-content\/flagallery\/couleurs-du-jurassique-en-hiver\/couleurs-du-jurassique-en-hiver-041.jpg\" alt=\"- - -\" title=\"-\"><img decoding=\"async\" class=\"skip-lazy no-lazyload noLazy\" data-lazy-src=\"\" src=\"https:\/\/frank-lovisolo.fr\/WordPress\/wp-content\/flagallery\/couleurs-du-jurassique-en-hiver\/couleurs-du-jurassique-en-hiver-042.jpg\" alt=\"- - -\" title=\"-\"><img decoding=\"async\" class=\"skip-lazy no-lazyload noLazy\" data-lazy-src=\"\" src=\"https:\/\/frank-lovisolo.fr\/WordPress\/wp-content\/flagallery\/couleurs-du-jurassique-en-hiver\/couleurs-du-jurassique-en-hiver-043.jpg\" alt=\"- - -\" title=\"-\"><img decoding=\"async\" class=\"skip-lazy no-lazyload noLazy\" data-lazy-src=\"\" src=\"https:\/\/frank-lovisolo.fr\/WordPress\/wp-content\/flagallery\/couleurs-du-jurassique-en-hiver\/couleurs-du-jurassique-en-hiver-044.jpg\" alt=\"- - -\" title=\"-\"><img decoding=\"async\" class=\"skip-lazy no-lazyload noLazy\" data-lazy-src=\"\" src=\"https:\/\/frank-lovisolo.fr\/WordPress\/wp-content\/flagallery\/couleurs-du-jurassique-en-hiver\/couleurs-du-jurassique-en-hiver-045.jpg\" alt=\"- - -\" title=\"-\"><img decoding=\"async\" class=\"skip-lazy no-lazyload noLazy\" data-lazy-src=\"\" src=\"https:\/\/frank-lovisolo.fr\/WordPress\/wp-content\/flagallery\/couleurs-du-jurassique-en-hiver\/couleurs-du-jurassique-en-hiver-046.jpg\" alt=\"- - -\" title=\"-\"><img decoding=\"async\" class=\"skip-lazy no-lazyload noLazy\" data-lazy-src=\"\" src=\"https:\/\/frank-lovisolo.fr\/WordPress\/wp-content\/flagallery\/couleurs-du-jurassique-en-hiver\/couleurs-du-jurassique-en-hiver-047.jpg\" alt=\"- - -\" title=\"-\"><img decoding=\"async\" class=\"skip-lazy no-lazyload noLazy\" data-lazy-src=\"\" src=\"https:\/\/frank-lovisolo.fr\/WordPress\/wp-content\/flagallery\/couleurs-du-jurassique-en-hiver\/couleurs-du-jurassique-en-hiver-048.jpg\" alt=\"- - -\" title=\"-\"><img decoding=\"async\" class=\"skip-lazy no-lazyload noLazy\" data-lazy-src=\"\" src=\"https:\/\/frank-lovisolo.fr\/WordPress\/wp-content\/flagallery\/couleurs-du-jurassique-en-hiver\/couleurs-du-jurassique-en-hiver-049.jpg\" alt=\"- - -\" title=\"-\"><img decoding=\"async\" class=\"skip-lazy no-lazyload noLazy\" data-lazy-src=\"\" src=\"https:\/\/frank-lovisolo.fr\/WordPress\/wp-content\/flagallery\/couleurs-du-jurassique-en-hiver\/couleurs-du-jurassique-en-hiver-050.jpg\" alt=\"- - -\" title=\"-\"><img decoding=\"async\" class=\"skip-lazy no-lazyload noLazy\" data-lazy-src=\"\" src=\"https:\/\/frank-lovisolo.fr\/WordPress\/wp-content\/flagallery\/couleurs-du-jurassique-en-hiver\/couleurs-du-jurassique-en-hiver-051.jpg\" alt=\"- - -\" title=\"-\"><img decoding=\"async\" class=\"skip-lazy no-lazyload noLazy\" data-lazy-src=\"\" src=\"https:\/\/frank-lovisolo.fr\/WordPress\/wp-content\/flagallery\/couleurs-du-jurassique-en-hiver\/couleurs-du-jurassique-en-hiver-052.jpg\" alt=\"- - -\" title=\"-\"><img decoding=\"async\" class=\"skip-lazy no-lazyload noLazy\" data-lazy-src=\"\" src=\"https:\/\/frank-lovisolo.fr\/WordPress\/wp-content\/flagallery\/couleurs-du-jurassique-en-hiver\/couleurs-du-jurassique-en-hiver-053.jpg\" alt=\"- - -\" title=\"-\"><img decoding=\"async\" class=\"skip-lazy no-lazyload noLazy\" data-lazy-src=\"\" src=\"https:\/\/frank-lovisolo.fr\/WordPress\/wp-content\/flagallery\/couleurs-du-jurassique-en-hiver\/couleurs-du-jurassique-en-hiver-054.jpg\" alt=\"- - -\" title=\"-\"><img decoding=\"async\" class=\"skip-lazy no-lazyload noLazy\" data-lazy-src=\"\" src=\"https:\/\/frank-lovisolo.fr\/WordPress\/wp-content\/flagallery\/couleurs-du-jurassique-en-hiver\/couleurs-du-jurassique-en-hiver-055.jpg\" alt=\"- - -\" title=\"-\"><img decoding=\"async\" class=\"skip-lazy no-lazyload noLazy\" data-lazy-src=\"\" src=\"https:\/\/frank-lovisolo.fr\/WordPress\/wp-content\/flagallery\/couleurs-du-jurassique-en-hiver\/couleurs-du-jurassique-en-hiver-056.jpg\" alt=\"- - -\" title=\"-\"><img decoding=\"async\" class=\"skip-lazy no-lazyload noLazy\" data-lazy-src=\"\" src=\"https:\/\/frank-lovisolo.fr\/WordPress\/wp-content\/flagallery\/couleurs-du-jurassique-en-hiver\/couleurs-du-jurassique-en-hiver-057.jpg\" alt=\"- - -\" title=\"-\"><img decoding=\"async\" class=\"skip-lazy no-lazyload noLazy\" data-lazy-src=\"\" src=\"https:\/\/frank-lovisolo.fr\/WordPress\/wp-content\/flagallery\/couleurs-du-jurassique-en-hiver\/couleurs-du-jurassique-en-hiver-058.jpg\" alt=\"- - -\" title=\"-\"><img decoding=\"async\" class=\"skip-lazy no-lazyload noLazy\" data-lazy-src=\"\" src=\"https:\/\/frank-lovisolo.fr\/WordPress\/wp-content\/flagallery\/couleurs-du-jurassique-en-hiver\/couleurs-du-jurassique-en-hiver-059.jpg\" alt=\"- - -\" title=\"-\"><img decoding=\"async\" class=\"skip-lazy no-lazyload noLazy\" data-lazy-src=\"\" src=\"https:\/\/frank-lovisolo.fr\/WordPress\/wp-content\/flagallery\/couleurs-du-jurassique-en-hiver\/couleurs-du-jurassique-en-hiver-060.jpg\" alt=\"- - -\" title=\"-\"><img decoding=\"async\" class=\"skip-lazy no-lazyload noLazy\" data-lazy-src=\"\" src=\"https:\/\/frank-lovisolo.fr\/WordPress\/wp-content\/flagallery\/couleurs-du-jurassique-en-hiver\/couleurs-du-jurassique-en-hiver-061.jpg\" alt=\"- - -\" title=\"-\"><img decoding=\"async\" class=\"skip-lazy no-lazyload noLazy\" data-lazy-src=\"\" src=\"https:\/\/frank-lovisolo.fr\/WordPress\/wp-content\/flagallery\/couleurs-du-jurassique-en-hiver\/couleurs-du-jurassique-en-hiver-062.jpg\" alt=\"- - -\" title=\"-\"><img decoding=\"async\" class=\"skip-lazy no-lazyload noLazy\" data-lazy-src=\"\" src=\"https:\/\/frank-lovisolo.fr\/WordPress\/wp-content\/flagallery\/couleurs-du-jurassique-en-hiver\/couleurs-du-jurassique-en-hiver-063.jpg\" alt=\"- - -\" title=\"-\"><img decoding=\"async\" class=\"skip-lazy no-lazyload noLazy\" data-lazy-src=\"\" src=\"https:\/\/frank-lovisolo.fr\/WordPress\/wp-content\/flagallery\/couleurs-du-jurassique-en-hiver\/couleurs-du-jurassique-en-hiver-064.jpg\" alt=\"- - -\" title=\"-\"><img decoding=\"async\" class=\"skip-lazy no-lazyload noLazy\" data-lazy-src=\"\" src=\"https:\/\/frank-lovisolo.fr\/WordPress\/wp-content\/flagallery\/couleurs-du-jurassique-en-hiver\/couleurs-du-jurassique-en-hiver-065.jpg\" alt=\"- - -\" title=\"-\"><img decoding=\"async\" class=\"skip-lazy no-lazyload noLazy\" data-lazy-src=\"\" src=\"https:\/\/frank-lovisolo.fr\/WordPress\/wp-content\/flagallery\/couleurs-du-jurassique-en-hiver\/couleurs-du-jurassique-en-hiver-066.jpg\" alt=\"- - -\" title=\"-\"><img decoding=\"async\" class=\"skip-lazy no-lazyload noLazy\" data-lazy-src=\"\" src=\"https:\/\/frank-lovisolo.fr\/WordPress\/wp-content\/flagallery\/couleurs-du-jurassique-en-hiver\/couleurs-du-jurassique-en-hiver-067.jpg\" alt=\"- - -\" title=\"-\"><img decoding=\"async\" class=\"skip-lazy no-lazyload noLazy\" data-lazy-src=\"\" src=\"https:\/\/frank-lovisolo.fr\/WordPress\/wp-content\/flagallery\/couleurs-du-jurassique-en-hiver\/couleurs-du-jurassique-en-hiver-068.jpg\" alt=\"- - -\" title=\"-\"><img decoding=\"async\" class=\"skip-lazy no-lazyload noLazy\" data-lazy-src=\"\" src=\"https:\/\/frank-lovisolo.fr\/WordPress\/wp-content\/flagallery\/couleurs-du-jurassique-en-hiver\/couleurs-du-jurassique-en-hiver-069.jpg\" alt=\"- - -\" title=\"-\"><\/noscript><\/h4>\n<\/td>\n<\/tr>\n<tr>\n<td>\n<div style=\"text-align: justify;\"><span style=\"font-size: 16px;\"><img loading=\"lazy\" decoding=\"async\" class=\"alignright size-medium wp-image-22451\" src=\"https:\/\/frank-lovisolo.fr\/WordPress\/wp-content\/uploads\/2037\/02\/Couleurs-du-Jurassique-en-hiver-067-560x374.jpg\" alt=\"- - -\" width=\"560\" height=\"374\" title=\"-\" srcset=\"https:\/\/frank-lovisolo.fr\/WordPress\/wp-content\/uploads\/2037\/02\/Couleurs-du-Jurassique-en-hiver-067-560x374.jpg 560w, https:\/\/frank-lovisolo.fr\/WordPress\/wp-content\/uploads\/2037\/02\/Couleurs-du-Jurassique-en-hiver-067-768x512.jpg 768w, https:\/\/frank-lovisolo.fr\/WordPress\/wp-content\/uploads\/2037\/02\/Couleurs-du-Jurassique-en-hiver-067.jpg 1024w, https:\/\/frank-lovisolo.fr\/WordPress\/wp-content\/uploads\/2037\/02\/Couleurs-du-Jurassique-en-hiver-067-225x150.jpg 225w, https:\/\/frank-lovisolo.fr\/WordPress\/wp-content\/uploads\/2037\/02\/Couleurs-du-Jurassique-en-hiver-067-150x100.jpg 150w, https:\/\/frank-lovisolo.fr\/WordPress\/wp-content\/uploads\/2037\/02\/Couleurs-du-Jurassique-en-hiver-067-301x201.jpg 301w\" sizes=\"auto, (max-width: 560px) 100vw, 560px\" \/><span style=\"font-size: 36px;\">E<\/span><span style=\"font-size: 20px;\">t bien non\u2009! <\/span><\/span><\/div>\n<div style=\"text-align: justify;\"><span style=\"font-size: 16px;\"><span style=\"font-size: 20px;\">Qu\u2019on se le dise, il n\u2019y aura pas de dinosaures en chair et en os, atrabilaires, insatiables, titanesques, \u00e0 l\u2019haleine vitriolique, cons\u00e9quemment Spielberg-Hollywoodien\u2009!<\/span><\/span><\/div>\n<div style=\"text-align: justify;\"><span style=\"font-size: 20px;\">Ici, il y a <a href=\"#temps\">quelques ann\u00e9es<\/a> c\u2019\u00e9tait la mer. Il y r\u00e9gnait tout de m\u00eame quelques bestioles \u00e0 la plaisanterie incisive qu\u2019il ne fallait pas contrarier.<\/span><\/div>\n<div style=\"text-align: justify;\"><span style=\"font-size: 20px;\">Sa biodiversit\u00e9 s\u2019est inscrite dans la roche. Ci et l\u00e0 des fossiles t\u00e9moignent du pass\u00e9, d\u2019une p\u00e9riode o\u00f9 l\u2019homme, malgr\u00e9 les divagations de\u00a0<a href=\"https:\/\/fr.wikipedia.org\/wiki\/Cr%C3%A9ationnisme\" target=\"_blank\" rel=\"noopener noreferrer\">cr\u00e9ationnistes<\/a> obtus d\u2019ignorance, \u00e9tait bien loin dans le futur.<\/span><\/div>\n<div style=\"text-align: justify;\"><span style=\"font-size: 20px;\">Mais rassurez-vous\u00a0: pas de g\u00e9ologie ni de pal\u00e9ontologie, bien que l\u2019observation d\u2019un synclinal et l\u2019\u00e9tude de la\u00a0biostratigraphie ne manquent pas de po\u00e9sie\u2009!<\/span><\/div>\n<div style=\"text-align: justify;\"><span style=\"font-size: 20px;\">Pour l\u2019instant, il s\u2019agit de paysages color\u00e9s\u00a0dans le\u00a0<a href=\"https:\/\/fr.wikipedia.org\/wiki\/Parc_naturel_r%C3%A9gional_du_Verdon\" target=\"_blank\" rel=\"noopener noreferrer\">Parc naturel r\u00e9gional du Verdon<\/a>.<\/span><\/div>\n<div style=\"text-align: justify;\"><span style=\"font-size: 20px;\">Le Trias, le Jurassique et le Cr\u00e9tac\u00e9 nous ont\u00a0donn\u00e9 ces roches. Le temps, par l\u2019eau et le vent a\u00a0sculpt\u00e9 et l\u2019homme, par son expansion, a particip\u00e9 \u00e0 cette constructive \u00e9rosion.<\/span><\/div>\n<div style=\"text-align: justify;\"><span style=\"font-size: 20px;\">Toute cette bataille temporelle prodigue ces paysages fantastiques qu\u2019il est bon de parcourir l\u2019hiver. <\/span><\/div>\n<div style=\"text-align: justify;\"><span style=\"font-size: 20px;\">Il y a peu de monde\u2026<\/span><\/div>\n<div style=\"text-align: justify;\"><span style=\"font-size: 20px;\">C\u2019est calmement sonore.<\/span><\/div>\n<div style=\"text-align: justify;\"><span style=\"font-size: 20px;\">C\u2019est gris, vert, ocre, bleu, illumin\u00e9 et enlumin\u00e9 de milliers d\u2019autres nuances.<\/span><\/div>\n<div style=\"text-align: justify;\"><span style=\"font-size: 20px;\">L\u2019hiver est une couleur.<\/span><\/div>\n<div style=\"text-align: justify;\">\n<p><span style=\"font-size: 20px;\">L\u2019hiver est sonore\u2026<\/span><\/p>\n<\/div>\n<\/td>\n<\/tr>\n<tr>\n<td>\n<div><span style=\"font-size: 24px;\"><img loading=\"lazy\" decoding=\"async\" class=\"alignleft wp-image-22445\" src=\"https:\/\/frank-lovisolo.fr\/WordPress\/wp-content\/uploads\/2037\/02\/Carte.png\" alt=\"jurassique\" width=\"296\" height=\"300\" title=\"-\" srcset=\"https:\/\/frank-lovisolo.fr\/WordPress\/wp-content\/uploads\/2037\/02\/Carte.png 543w, https:\/\/frank-lovisolo.fr\/WordPress\/wp-content\/uploads\/2037\/02\/Carte-148x150.png 148w, https:\/\/frank-lovisolo.fr\/WordPress\/wp-content\/uploads\/2037\/02\/Carte-150x152.png 150w\" sizes=\"auto, (max-width: 296px) 100vw, 296px\" \/><\/span><\/div>\n<div><span style=\"font-size: 28px;\"><a id=\"enr\"><\/a>A propos de la prise de son :\u00a0<\/span><\/div>\n<div><\/div>\n<div><span style=\"font-size: 20px;\">Vue du lieu de la prise de son dans le\u00a0<a href=\"https:\/\/fr.wikipedia.org\/wiki\/Parc_naturel_r%C3%A9gional_du_Verdon\" target=\"_blank\" rel=\"noopener noreferrer\">Parc naturel r\u00e9gional du Verdon<\/a>,\u00a0au Lac de Sainte Croix.<\/span><\/div>\n<div><span style=\"font-size: 20px;\">\u00a0<\/span><\/div>\n<div><span style=\"font-size: 20px;\">\u00a0<\/span><\/div>\n<div><span style=\"font-size: 20px;\">Position:<\/span><\/div>\n<div><span style=\"font-size: 20px;\"><a href=\"https:\/\/www.google.fr\/maps\/@43.7983995,6.2410255,172m\/data=!3m1!1e3?hl=fr\" target=\"_blank\" rel=\"noopener noreferrer\">43\u00b047&rsquo;54.01&Prime;N &#8211;\u00a0\u00a0 6\u00b014&rsquo;28.23&Prime;E<\/a><\/span><\/div>\n<div><span style=\"font-size: 20px;\">\u00a0<\/span><\/div>\n<div><span style=\"font-size: 20px;\">\u00a0<\/span><\/div>\n<div><span style=\"font-size: 20px;\">( <a href=\"https:\/\/fr.wikipedia.org\/wiki\/Captation_st%C3%A9r%C3%A9ophonique\" target=\"_blank\" rel=\"noopener noreferrer\">Captation st\u00e9r\u00e9ophonique<\/a> avec un couple XY )<\/span><\/div>\n<div><span style=\"font-size: 20px;\">\u00a0<\/span><\/div>\n<div><\/div>\n<\/td>\n<\/tr>\n<tr>\n<td>\n<h4><span class=\"ez-toc-section\" id=\"histoire-de-se-comprendre-ou-dans-le-temps-se-situe-cette-periode%e2%80%a6\"><\/span><span style=\"text-decoration: underline; font-size: 20px;\">Histoire de se comprendre o\u00f9, dans le temps, se situe cette p\u00e9riode&#8230;<\/span><span class=\"ez-toc-section-end\"><\/span><\/h4>\n<div style=\"text-align: justify;\"><span style=\"font-size: 20px;\"><em>Le\u00a0Verdon\u00a0prend sa\u00a0source\u00a0tout pr\u00e8s du\u00a0col d&rsquo;Allos, au pied de la\u00a0t\u00eate de la Sestri\u00e8re, dans le\u00a0massif des Trois-\u00c9v\u00each\u00e9s, au nord-nord-est des gorges, et se jette dans la\u00a0Durance, \u00e0 l&rsquo;ouest pr\u00e8s de\u00a0Vinon-sur-Verdon, apr\u00e8s avoir parcouru 166\u00a0kilom\u00e8tres. Tout au long de son cours, la rivi\u00e8re franchi diff\u00e9rentes\u00a0gorges\u00a0et d\u00e9fil\u00e9s, le canyon constituant les troisi\u00e8mes apr\u00e8s les deux\u00a0cluses\u00a0de la\u00a0porte de Saint-Jean\u00a0et de\u00a0Chasteuil\u00a0en amont et avant les\u00a0gorges de Baudinard\u00a0et les\u00a0basses gorges\u00a0en aval. Les gorges sont situ\u00e9es entre la\u00a0vall\u00e9e de la Durance\u00a0\u00e0 l&rsquo;ouest et la\u00a0mer M\u00e9diterran\u00e9e\u00a0au sud-est, \u00e0 25\u00a0kilom\u00e8tres au nord de\u00a0Draguignan, \u00e0 45\u00a0kilom\u00e8tres \u00e0 l&rsquo;ouest-nord-ouest de\u00a0Grasse, \u00e0 10\u00a0kilom\u00e8tres au sud-ouest de\u00a0Castellane, \u00e0 35\u00a0kilom\u00e8tres au sud de\u00a0Digne-les-Bains, \u00e0 5\u00a0kilom\u00e8tres au sud-est de\u00a0Moustiers-Sainte-Marie\u00a0et \u00e0 35\u00a0kilom\u00e8tres \u00e0 l&rsquo;est de\u00a0Manosque\u00a0; le\u00a0camp de Canjuers\u00a0s&rsquo;\u00e9tend au sud aux portes du canyon.<br \/>\nLes gorges du Verdon d\u00e9butent \u00e0 la clue de Carajuan et au pont de Carajuan, juste apr\u00e8s la confluence avec le Jabron. Tr\u00e8s vite, le Verdon s&rsquo;encaisse entre des reliefs qui d\u00e9passent les 1 500 m\u00e8tres d&rsquo;altitude alors que le lit de la rivi\u00e8re se trouve \u00e0 630 m\u00e8tres d&rsquo;altitude en amont et \u00e0 510 m\u00e8tres en aval. Son \u00e9troitesse et sa profondeur \u2014 de 250 \u00e0 700 m\u00e8tres de profondeur pour 6 \u00e0 100 m\u00e8tres de largeur dans le lit de la rivi\u00e8re et 200 \u00e0 1 500 m\u00e8tres de largeur d&rsquo;un versant \u00e0 l&rsquo;autre au sommet des gorges \u2014 ont fait la renomm\u00e9e internationale du canyon. Prenant une direction g\u00e9n\u00e9rale vers l&rsquo;ouest puis vers le sud et enfin vers le nord-ouest, la rivi\u00e8re est grossie par les eaux de diff\u00e9rentes sources mais aussi de l&rsquo;Artuby qui emprunte son propre canyon. La rivi\u00e8re d\u00e9bouche dans le lac de Sainte-Croix apr\u00e8s un parcours de 25 kilom\u00e8tres, traversant une derni\u00e8re cluse, celle de Galetas, franchie par le pont du m\u00eame nom.<span style=\"text-decoration: underline;\"><br \/>\n<\/span><\/em><\/span><\/div>\n<div style=\"text-align: left;\"><span style=\"font-size: 20px;\"><a href=\"https:\/\/fr.wikipedia.org\/wiki\/Gorges_du_Verdon\" target=\"_blank\" rel=\"noopener noreferrer\">La suite &gt;&gt;&gt;&gt;&gt;<\/a><\/span><\/div>\n<div><span style=\"color: #ffffff; font-size: 20px;\">&#8211;<\/span><\/div>\n<div style=\"text-align: justify;\"><span style=\"font-size: 20px;\"><em><span class=\"need_ref\" title=\"Ce passage n\u00e9cessite une r\u00e9f\u00e9rence.\"><a id=\"temps\"><\/a>Pendant la p\u00e9riode du Trias, la Provence s\u2019affaisse et la mer la recouvre, d\u00e9posant d\u2019\u00e9paisses couches de calcaires divers.<\/span><\/em><\/span><\/div>\n<div style=\"text-align: justify;\"><span style=\"font-size: 20px;\"><em><span class=\"need_ref\" title=\"Ce passage n\u00e9cessite une r\u00e9f\u00e9rence.\">Pendant la p\u00e9riode Jurassique, la Provence est recouverte d\u2019une mer chaude et peu profonde, facilitant la multiplication des coraux.<\/span><\/em><\/span><\/div>\n<div style=\"text-align: justify;\"><span style=\"font-size: 20px;\"><em><span class=\"need_ref\" title=\"Ce passage n\u00e9cessite une r\u00e9f\u00e9rence.\">Au Cr\u00e9tac\u00e9, la Basse Provence se rehausse et la mer atteint l\u2019emplacement actuel des Alpes.<\/span><\/em><\/span><\/div>\n<div style=\"text-align: justify;\"><span style=\"font-size: 20px;\"><em><span class=\"need_ref\" title=\"Ce passage n\u00e9cessite une r\u00e9f\u00e9rence.\">L\u2019\u00e8re Tertiaire voit l\u2019\u00e9dification des Alpes. C\u2019est \u00e0 cette \u00e9poque que le Verdon trace son cours.<\/span><\/em><\/span><\/div>\n<div><\/div>\n<div style=\"text-align: justify;\"><span style=\"font-size: 16px;\"><a href=\"https:\/\/fr.wikipedia.org\/wiki\/Gorges_du_Verdon\" target=\"_blank\" rel=\"noopener noreferrer\">La suite &gt;&gt;&gt;&gt;&gt;<\/a><\/span><\/div>\n<div style=\"text-align: left;\"><span style=\"font-size: 16px;\">source : <a href=\"https:\/\/fr.wikipedia.org\/wiki\/Gorges_du_Verdon\" target=\"_blank\" rel=\"noopener\">https:\/\/fr.wikipedia.org\/wiki\/Gorges_du_Verdon<\/a><\/span><\/div>\n<\/td>\n<\/tr>\n<tr>\n<td><img loading=\"lazy\" decoding=\"async\" class=\"aligncenter wp-image-22449 size-large\" src=\"https:\/\/frank-lovisolo.fr\/WordPress\/wp-content\/uploads\/2037\/02\/470599Geologicscale-1024x695.png\" alt=\"- - -\" width=\"1024\" height=\"695\" title=\"-\" srcset=\"https:\/\/frank-lovisolo.fr\/WordPress\/wp-content\/uploads\/2037\/02\/470599Geologicscale-1024x695.png 1024w, https:\/\/frank-lovisolo.fr\/WordPress\/wp-content\/uploads\/2037\/02\/470599Geologicscale-560x380.png 560w, https:\/\/frank-lovisolo.fr\/WordPress\/wp-content\/uploads\/2037\/02\/470599Geologicscale-768x521.png 768w, https:\/\/frank-lovisolo.fr\/WordPress\/wp-content\/uploads\/2037\/02\/470599Geologicscale-221x150.png 221w, https:\/\/frank-lovisolo.fr\/WordPress\/wp-content\/uploads\/2037\/02\/470599Geologicscale-150x102.png 150w, https:\/\/frank-lovisolo.fr\/WordPress\/wp-content\/uploads\/2037\/02\/470599Geologicscale.png 1123w\" sizes=\"auto, (max-width: 1024px) 100vw, 1024px\" \/><\/td>\n<\/tr>\n<tr>\n<td style=\"text-align: center;\">\n<h2><span class=\"ez-toc-section\" id=\"petit-rappel-pour-tout-le-monde\"><\/span><span style=\"color: #ff0000;\">Petit rappel pour\u00a0tout le monde :<\/span><span class=\"ez-toc-section-end\"><\/span><\/h2>\n<p><img loading=\"lazy\" decoding=\"async\" class=\"size-large wp-image-22458 aligncenter\" src=\"https:\/\/frank-lovisolo.fr\/WordPress\/wp-content\/uploads\/2017\/02\/Verdon-001-3-1024x683.jpg\" alt=\"- - -\" width=\"1024\" height=\"683\" title=\"-\" srcset=\"https:\/\/frank-lovisolo.fr\/WordPress\/wp-content\/uploads\/2017\/02\/Verdon-001-3.jpg 1024w, https:\/\/frank-lovisolo.fr\/WordPress\/wp-content\/uploads\/2017\/02\/Verdon-001-3-560x374.jpg 560w, https:\/\/frank-lovisolo.fr\/WordPress\/wp-content\/uploads\/2017\/02\/Verdon-001-3-768x512.jpg 768w, https:\/\/frank-lovisolo.fr\/WordPress\/wp-content\/uploads\/2017\/02\/Verdon-001-3-225x150.jpg 225w, https:\/\/frank-lovisolo.fr\/WordPress\/wp-content\/uploads\/2017\/02\/Verdon-001-3-150x100.jpg 150w, https:\/\/frank-lovisolo.fr\/WordPress\/wp-content\/uploads\/2017\/02\/Verdon-001-3-301x201.jpg 301w\" sizes=\"auto, (max-width: 1024px) 100vw, 1024px\" \/><\/p>\n<p><span style=\"font-size: 24px; color: #000000;\">Sans parler de toutes les saloperies chimiques et nucl\u00e9aires dont les dur\u00e9es de vie d\u00e9passent largement ce qui est inscrit sur l&rsquo;image&#8230;<\/span><\/td>\n<\/tr>\n<tr>\n<td style=\"background-color: #fbff00; text-align: center;\">\n<h2><span class=\"ez-toc-section\" id=\"-on-est-prie-de-ramasser-et-trier-ses-dechets-rogatons-et-autres-detritus%e2%80%89\"><\/span><span style=\"color: #ff0000;\"><span style=\"color: #ff0000; font-size: 36px;\">\u00a0On est pri\u00e9 de ramasser et trier ses d\u00e9chets,<br \/>\nrogatons et autres d\u00e9tritus\u2009!\u00a0<\/span><\/span><span class=\"ez-toc-section-end\"><\/span><\/h2>\n<\/td>\n<\/tr>\n<\/tbody>\n<\/table>\n<div><a href=\"https:\/\/frank-lovisolo.fr\/WordPress\/\" rel=\"sponsored\"><span style=\"color: #ffffff;\">&#8212;<\/span><\/a><a id=\"com\"><\/a><\/div>\n<div id=\"ez-toc-container\" class=\"ez-toc-v2_0_82_2 ez-toc-wrap-center counter-hierarchy ez-toc-counter ez-toc-light-blue ez-toc-container-direction\">\n<label for=\"ez-toc-cssicon-toggle-item-69edca0a17e0d\" class=\"ez-toc-cssicon-toggle-label\"><p class=\"ez-toc-title\" style=\"cursor:inherit\">Table des mati\u00e8res<\/p>\n<span class=\"ez-toc-cssicon\"><span class=\"eztoc-hide\" style=\"display:none;\">Toggle<\/span><span class=\"ez-toc-icon-toggle-span\"><svg style=\"fill: #999;color:#999\" xmlns=\"http:\/\/www.w3.org\/2000\/svg\" class=\"list-377408\" width=\"20px\" height=\"20px\" viewBox=\"0 0 24 24\" fill=\"none\"><path d=\"M6 6H4v2h2V6zm14 0H8v2h12V6zM4 11h2v2H4v-2zm16 0H8v2h12v-2zM4 16h2v2H4v-2zm16 0H8v2h12v-2z\" fill=\"currentColor\"><\/path><\/svg><svg style=\"fill: #999;color:#999\" class=\"arrow-unsorted-368013\" xmlns=\"http:\/\/www.w3.org\/2000\/svg\" width=\"10px\" height=\"10px\" viewBox=\"0 0 24 24\" version=\"1.2\" baseProfile=\"tiny\"><path d=\"M18.2 9.3l-6.2-6.3-6.2 6.3c-.2.2-.3.4-.3.7s.1.5.3.7c.2.2.4.3.7.3h11c.3 0 .5-.1.7-.3.2-.2.3-.5.3-.7s-.1-.5-.3-.7zM5.8 14.7l6.2 6.3 6.2-6.3c.2-.2.3-.5.3-.7s-.1-.5-.3-.7c-.2-.2-.4-.3-.7-.3h-11c-.3 0-.5.1-.7.3-.2.2-.3.5-.3.7s.1.5.3.7z\"\/><\/svg><\/span><\/span><\/label><input type=\"checkbox\"  id=\"ez-toc-cssicon-toggle-item-69edca0a17e0d\" checked \/><nav><ul class='ez-toc-list ez-toc-list-level-1 ' ><ul class='ez-toc-list-level-4' ><li class='ez-toc-heading-level-4'><ul class='ez-toc-list-level-4' ><li class='ez-toc-heading-level-4'><a class=\"ez-toc-link ez-toc-heading-1\" href=\"https:\/\/frank-lovisolo.fr\/WordPress\/couleurs-jurassique-hiver\/#promenade-dans-le-parc-naturel-regional-du-verdon\" >Promenade dans le\u00a0Parc naturel r\u00e9gional du Verdon.<\/a><\/li><li class='ez-toc-page-1 ez-toc-heading-level-4'><a class=\"ez-toc-link ez-toc-heading-2\" href=\"https:\/\/frank-lovisolo.fr\/WordPress\/couleurs-jurassique-hiver\/#histoire-de-se-comprendre-ou-dans-le-temps-se-situe-cette-periode%e2%80%a6\" >Histoire de se comprendre o\u00f9, dans le temps, se situe cette p\u00e9riode&#8230;<\/a><\/li><\/ul><\/li><\/ul><\/li><li class='ez-toc-page-1 ez-toc-heading-level-2'><a class=\"ez-toc-link ez-toc-heading-3\" href=\"https:\/\/frank-lovisolo.fr\/WordPress\/couleurs-jurassique-hiver\/#petit-rappel-pour-tout-le-monde\" >Petit rappel pour\u00a0tout le monde :<\/a><\/li><li class='ez-toc-page-1 ez-toc-heading-level-2'><a class=\"ez-toc-link ez-toc-heading-4\" href=\"https:\/\/frank-lovisolo.fr\/WordPress\/couleurs-jurassique-hiver\/#-on-est-prie-de-ramasser-et-trier-ses-dechets-rogatons-et-autres-detritus%e2%80%89\" >\u00a0On est pri\u00e9 de ramasser et trier ses d\u00e9chets, \nrogatons et autres d\u00e9tritus\u2009!\u00a0<\/a><\/li><\/ul><\/nav><\/div>\n","protected":false},"excerpt":{"rendered":"<p><span class=\"span-reading-time rt-reading-time\" style=\"display: block;\"><span class=\"rt-label rt-prefix\">Reading Time: <\/span> <span class=\"rt-time\"> 4<\/span> <span class=\"rt-label rt-postfix\">minutes<\/span><\/span>\u2026 <a class=\"continue-reading-link\" href=\"https:\/\/frank-lovisolo.fr\/WordPress\/couleurs-jurassique-hiver\/\">Suite &#8211; Continue reading<\/a><\/p>\n","protected":false},"author":1,"featured_media":49760,"comment_status":"open","ping_status":"open","sticky":false,"template":"","format":"standard","meta":{"footnotes":""},"categories":[2108,1,16],"tags":[661,463,2110,2112,1313,2113,2114,2111,2109],"class_list":["post-22441","post","type-post","status-publish","format-standard","has-post-thumbnail","hentry","category-photographies-libertaires","category-tous-les-articles","category-photographies","tag-charles-darwin","tag-couleur","tag-creationniste","tag-dinosaures","tag-eau","tag-fossiles","tag-hiver","tag-lac-de-sainte-croix","tag-parc-naturel-regional-du-verdon"],"_links":{"self":[{"href":"https:\/\/frank-lovisolo.fr\/WordPress\/wp-json\/wp\/v2\/posts\/22441","targetHints":{"allow":["GET"]}}],"collection":[{"href":"https:\/\/frank-lovisolo.fr\/WordPress\/wp-json\/wp\/v2\/posts"}],"about":[{"href":"https:\/\/frank-lovisolo.fr\/WordPress\/wp-json\/wp\/v2\/types\/post"}],"author":[{"embeddable":true,"href":"https:\/\/frank-lovisolo.fr\/WordPress\/wp-json\/wp\/v2\/users\/1"}],"replies":[{"embeddable":true,"href":"https:\/\/frank-lovisolo.fr\/WordPress\/wp-json\/wp\/v2\/comments?post=22441"}],"version-history":[{"count":2,"href":"https:\/\/frank-lovisolo.fr\/WordPress\/wp-json\/wp\/v2\/posts\/22441\/revisions"}],"predecessor-version":[{"id":52355,"href":"https:\/\/frank-lovisolo.fr\/WordPress\/wp-json\/wp\/v2\/posts\/22441\/revisions\/52355"}],"wp:featuredmedia":[{"embeddable":true,"href":"https:\/\/frank-lovisolo.fr\/WordPress\/wp-json\/wp\/v2\/media\/49760"}],"wp:attachment":[{"href":"https:\/\/frank-lovisolo.fr\/WordPress\/wp-json\/wp\/v2\/media?parent=22441"}],"wp:term":[{"taxonomy":"category","embeddable":true,"href":"https:\/\/frank-lovisolo.fr\/WordPress\/wp-json\/wp\/v2\/categories?post=22441"},{"taxonomy":"post_tag","embeddable":true,"href":"https:\/\/frank-lovisolo.fr\/WordPress\/wp-json\/wp\/v2\/tags?post=22441"}],"curies":[{"name":"wp","href":"https:\/\/api.w.org\/{rel}","templated":true}]}}