{"id":21793,"date":"2016-09-18T17:30:36","date_gmt":"2016-09-18T15:30:36","guid":{"rendered":"https:\/\/frank-lovisolo.fr\/WordPress\/?p=21793"},"modified":"2024-06-24T08:21:00","modified_gmt":"2024-06-24T06:21:00","slug":"brutalisme-bruitalisme-video","status":"publish","type":"post","link":"https:\/\/frank-lovisolo.fr\/WordPress\/brutalisme-bruitalisme-video\/","title":{"rendered":"Brutalisme, Bruitalisme &#8211; Vid\u00e9o musiqu\u00e9e"},"content":{"rendered":"<span class=\"span-reading-time rt-reading-time\" style=\"display: block;\"><span class=\"rt-label rt-prefix\">Reading Time: <\/span> <span class=\"rt-time\"> 7<\/span> <span class=\"rt-label rt-postfix\">minutes<\/span><\/span><div><span style=\"color: #ffffff; font-size: 8px;\">Bruitalisme<\/span><\/div>\n<table style=\"width: 100%;\" cellpadding=\"10\">\n<tbody>\n<tr>\n<td style=\"width: 420px; text-align: right; vertical-align: top;\">\n<div><span style=\"font-size: 20px;\"><a href=\"#com\"><img loading=\"lazy\" decoding=\"async\" width=\"250\" height=\"20\" class=\"alignright wp-image-15068 size-full\" title=\"Bruitalisme\" src=\"https:\/\/frank-lovisolo.fr\/WordPress\/wp-content\/uploads\/2015\/06\/ComGris.jpg\" alt=\"Bruitalisme\" srcset=\"https:\/\/frank-lovisolo.fr\/WordPress\/wp-content\/uploads\/2015\/06\/ComGris.jpg 250w, https:\/\/frank-lovisolo.fr\/WordPress\/wp-content\/uploads\/2015\/06\/ComGris-150x12.jpg 150w\" sizes=\"auto, (max-width: 250px) 100vw, 250px\" \/><\/a><\/span><\/div>\n<\/td>\n<\/tr>\n<\/tbody>\n<\/table>\n<table style=\"width: 100%;\" cellpadding=\"10\">\n<tbody>\n<tr>\n<td style=\"text-align: center;\" colspan=\"2\">\n<div style=\"text-align: justify;\"><span style=\"font-size: 20px; color: #3366ff;\">Dans cette confrontation du brutalisme au \u00ab\u2009bruitalisme\u2009\u00bb, il y a l\u00e0 d\u00e9n\u00e9gation d\u2019un univers cloisonn\u00e9 entre les envers et avers d\u2019une architecture o\u00f9 les lignes dextrogyres, d\u00e9limitant les espaces clos, nous revoient inexorablement au m\u00eame point de fuite. Sinon la suite devrait appara\u00eetre minimaliste\u2009!<\/span><\/div>\n<div><span style=\"font-size: 12px;\">( Et toc !)<\/span><\/div>\n<\/td>\n<\/tr>\n<tr>\n<td style=\"text-align: center;\" colspan=\"2\">\n<div style=\"text-align: justify;\"><span style=\"font-size: 20px; color: #000000;\">Note\u00a0:\u00a0<\/span><\/div>\n<div style=\"text-align: justify;\"><span style=\"font-size: 20px;\">Dans le titre j\u2019utilise l\u2019adjectif\u00a0\u00ab\u2009musiqu\u00e9e\u2009\u00bb. <\/span><\/div>\n<div style=\"text-align: justify;\"><span style=\"font-size: 20px;\">Le verbe existe <em>[<a href=\"https:\/\/www.cnrtl.fr\/definition\/musiquer\" target=\"_blank\" rel=\"noopener noreferrer\">http:\/\/www.cnrtl.fr\/definition\/musiquer<\/a>]. Cependant l\u2019utilisation de l\u2019adjectif semble plus que rare.\u00a0<\/em><\/span><\/div>\n<div style=\"text-align: justify;\"><span style=\"font-size: 20px;\">Il existe aussi\u00a0\u00ab\u2009Musicable\u2009\u00bb (<span class=\"tlf_cauteur\"><span class=\"tlf_smallcaps\">Schaeffer Pierre \u2013 \u00c0 la recherche d\u2019une musique concr\u00e8te \u2013 <\/span><\/span><span class=\"tlf_cdate\">1952<\/span>, p.146), ainsi que \u00ab\u2009Musicant, \u2013 ante\u2009\u00bb et \u00ab\u2009Musiquant, \u2013 ante\u2009\u00bb.<\/span><\/div>\n<div style=\"text-align: justify;\"><span style=\"font-size: 20px;\">J\u2019\u00e9cris ceci puisque l\u2019article fit l\u2019objet, quelques jours apr\u00e8s sa parution, d\u2019une remarque un peu acerbe (<a href=\"#com\">voir les commentaires<\/a>) sur l\u2019inexistence du mot. J\u2019ai donc conseill\u00e9 \u00e0 l\u2019individu d\u2019acheter un dictionnaire, de se m\u00e9fier des correcteurs automatiques et, \u00e9ventuellement, d\u2019aller se faire cuire un \u0153uf\u2026<\/span><\/div>\n<\/td>\n<\/tr>\n<tr>\n<td colspan=\"2\">&nbsp;<\/p>\n<div style=\"width: 1024px;\" class=\"wp-video\"><video class=\"wp-video-shortcode\" id=\"video-21793-1\" width=\"1024\" height=\"600\" poster=\"https:\/\/frank-lovisolo.fr\/WordPress\/wp-content\/uploads\/2026\/09\/Affiche-Bruitalisme.jpg\" controls=\"controls\"><source type=\"video\/mp4\" src=\"http:\/\/frank-lovisolo.fr\/soediv\/BrutalismeBruitalismeJuillet2019.mp4?_=1\" \/><a href=\"http:\/\/frank-lovisolo.fr\/soediv\/BrutalismeBruitalismeJuillet2019.mp4\">http:\/\/frank-lovisolo.fr\/soediv\/BrutalismeBruitalismeJuillet2019.mp4<\/a><\/video><\/div>\n<div><span style=\"color: #ffffff;\">R\u00e9vision du film Juillet 2019<\/span><\/div>\n<\/td>\n<\/tr>\n<tr>\n<td style=\"text-align: center; vertical-align: middle;\" colspan=\"2\">\n<div style=\"text-align: justify;\"><span style=\"color: #ffffff;\">&#8230;<\/span><\/div>\n<h4 style=\"text-align: justify;\"><span class=\"ez-toc-section\" id=\"bruitalisme-dependant-musical-du-brutalisme-architectural-illustre-la-video-du-meme-nom\"><\/span><span style=\"font-size: 20px;\"><strong>Bruitalisme: d\u00e9pendant musical du brutalisme architectural, illustre la vid\u00e9o du m\u00eame nom.<\/strong><\/span><span class=\"ez-toc-section-end\"><\/span><\/h4>\n<div style=\"text-align: justify;\"><span style=\"font-size: 20px;\">Le Bruitalisme est un terme, que je n\u2019ai, pour l\u2019instant, rencontr\u00e9 nulle part.<\/span><br \/>\n<span style=\"font-size: 20px;\">N\u2019ayant pu d\u00e9nicher, dans la grande armada des dictionnaires de langue fran\u00e7aise, aucun mot susceptible d\u2019interpr\u00e9ter \u00e9l\u00e9gamment mon propos, je me suis accord\u00e9 le droit de composer un n\u00e9ologisme initiant sa forme \u00e0 celle d\u2019un autre existant par l\u2019ajout d\u2019une simple voyelle sans pour autant risquer la double entente.<\/span><br \/>\n<span style=\"font-size: 20px;\">On trouvera sur le site de la SACEM la date de d\u00e9p\u00f4t de l\u2019\u0153uvre musicale \u00e0 mon nom comportant ce mot.<\/span><\/div>\n<hr \/>\n<\/td>\n<\/tr>\n<tr>\n<td colspan=\"2\">\n<div id=\"attachment_21827\" style=\"width: 190px\" class=\"wp-caption alignleft\"><img loading=\"lazy\" decoding=\"async\" aria-describedby=\"caption-attachment-21827\" class=\" wp-image-21827\" src=\"https:\/\/frank-lovisolo.fr\/WordPress\/wp-content\/uploads\/2026\/09\/aleatoire-001-560x533.jpg\" alt=\"Bruitalisme\" width=\"180\" height=\"172\" title=\"-\" srcset=\"https:\/\/frank-lovisolo.fr\/WordPress\/wp-content\/uploads\/2026\/09\/aleatoire-001-560x533.jpg 560w, https:\/\/frank-lovisolo.fr\/WordPress\/wp-content\/uploads\/2026\/09\/aleatoire-001-158x150.jpg 158w, https:\/\/frank-lovisolo.fr\/WordPress\/wp-content\/uploads\/2026\/09\/aleatoire-001-150x143.jpg 150w, https:\/\/frank-lovisolo.fr\/WordPress\/wp-content\/uploads\/2026\/09\/aleatoire-001.jpg 664w\" sizes=\"auto, (max-width: 180px) 100vw, 180px\" \/><p id=\"caption-attachment-21827\" class=\"wp-caption-text\"><span style=\"font-size: 10px;\">Al\u00e9atoire<\/span><\/p><\/div>\n<h4 style=\"text-align: justify;\"><span class=\"ez-toc-section\" id=\"il-en-est-souvent-ainsi%e2%80%a6-on-est-persuade-que-limage-induira-la-musique\"><\/span><span style=\"color: #000000;\"><a id=\"Med\"><\/a><span style=\"font-size: 20px;\">Il en est souvent ainsi&#8230; On est persuad\u00e9 que l&rsquo;image induira la\u00a0musique.<\/span><\/span><span class=\"ez-toc-section-end\"><\/span><\/h4>\n<h5 style=\"text-align: justify;\"><span class=\"ez-toc-section\" id=\"et-allons-bon-voila-que-le-contraire-se-produit-puis-linverse-dicelui-sinstalle-pour-sevanouir-dans-une-confusion-stochastique-graphique-et-sonore\"><\/span><span style=\"color: #000000; font-size: 20px;\">Et, allons bon, voil\u00e0 que le contraire se produit puis l&rsquo;inverse\u00a0d&rsquo;icelui s\u2019installe pour\u00a0s&rsquo;\u00e9vanouir dans une\u00a0confusion\u00a0stochastique\u00a0graphique et\u00a0sonore.\u00a0<\/span><span class=\"ez-toc-section-end\"><\/span><\/h5>\n<div style=\"text-align: justify;\"><span style=\"font-size: 20px;\">Rien n\u2019envisageait cette vid\u00e9o, un diaporama tout au plus&#8230;<\/span><\/div>\n<div style=\"text-align: justify;\"><span style=\"font-size: 20px;\">Mais en art libertaire tout est possible: point d&rsquo;obligation de faire o\u00f9 dire ce qui est \u00e9vident pour le public! Inutile, le \u00abchercher \u00e0 plaire \u00e0 tout prix\u00bb qui se manifeste par un art mou,\u00a0d\u00e9goulinant d&rsquo;une condescendance populiste, le tout orchestr\u00e9 par la \u00ab<a href=\"#002\">m\u00e9diocratie<\/a>\u00bb ambiante, pouah!<\/span><\/div>\n<div style=\"text-align: justify;\"><span style=\"color: #ffffff; font-size: 20px;\">&#8230;<\/span><\/div>\n<div style=\"text-align: justify;\"><span style=\"font-size: 20px;\"><em>\u00abNous vivons \u00e0 l\u2019\u00e8re de l\u2019industrie culturelle, qui vise l\u2019opinion de masse consensuelle\u00bb,<\/em><strong>\u00a0<\/strong>nous dit\u00a0<a href=\"https:\/\/fr.wikipedia.org\/wiki\/Paul_Ardenne\" target=\"_blank\" rel=\"noopener\">Paul Ardenne<\/a>, \u00e9crivain et historien de l\u2019art (lire l&rsquo;article sur <a href=\"https:\/\/www.liberation.fr\/evenements-libe\/2016\/09\/14\/nous-vivons-a-l-ere-de-l-industrie-culturelle-qui-vise-l-opinion-de-masse-consensuelle_1494718\" target=\"_blank\" rel=\"noopener noreferrer\">Lib\u00e9ration<\/a>).<\/span><\/div>\n<div><span style=\"color: #ffffff; font-size: 20px;\">&#8230;<\/span><\/div>\n<div><span style=\"font-size: 20px;\">Ergo, l&rsquo;article sis\u00a0ici\u00a0!<\/span><\/div>\n<div><span style=\"font-size: 20px;\">Soyez-en s\u00fbr, j&rsquo;y cache quelques malices critiquant tant dans le texte que dans l&rsquo;image et la musique.<\/span><\/div>\n<div><span style=\"font-size: 20px;\">En musique et en image ce qui est passionnant c&rsquo;est le hors-piste!<\/span><\/div>\n<div>\n<hr \/>\n<\/div>\n<\/td>\n<\/tr>\n<tr>\n<td colspan=\"2\">\n<h5 style=\"text-align: justify;\"><span class=\"ez-toc-section\" id=\"narrer-musicalement-une-architecture-dans-ce-quelle-revele-humainement-tant-dans-la-symbolique-que-dans-une-realite-est-un-drole-de-jeu-particulierement-quand-elle-saccorde-ostensiblement-a-un-courant-trop-meconnu-le-brutalisme-laffaire-pourtant-date-un-peu-et-cest-aux-anglais-alison-et-peter-smithson-que-lon-doit-la-creation-de-ce-neologisme-en-1954\"><\/span><span style=\"font-size: 32px;\">N<\/span>a<span style=\"font-size: 20px;\">rrer musicalement une architecture dans ce qu\u2019elle r\u00e9v\u00e8le humainement, tant dans la symbolique que dans une r\u00e9alit\u00e9, est un dr\u00f4le de jeu, particuli\u00e8rement quand elle s\u2019accorde ostensiblement \u00e0 un courant trop m\u00e9connu\u00a0: <a href=\"https:\/\/fr.wikipedia.org\/wiki\/Brutalisme\" target=\"_blank\" rel=\"noopener\">le brutalisme<\/a>. L\u2019affaire pourtant date un peu et c\u2019est\u00a0aux Anglais <a href=\"https:\/\/fr.wikipedia.org\/wiki\/Alison_et_Peter_Smithson\" target=\"_blank\" rel=\"noopener noreferrer\">Alison et Peter Smithson<\/a> que l\u2019on doit la cr\u00e9ation de ce n\u00e9ologisme en 1954.<\/span><span class=\"ez-toc-section-end\"><\/span><\/h5>\n<div style=\"text-align: justify;\"><span style=\"font-size: 20px;\">Iannis Xenakis<\/span><br \/>\n<span style=\"font-size: 20px;\">En France,\u00a0les principaux exemples d\u2019architecture brutaliste sont inspir\u00e9s des travaux de l\u2019architecte <a href=\"http:\/\/www.fondationlecorbusier.fr\/\" target=\"_blank\" rel=\"noopener noreferrer\">Le Corbusier<\/a>, concepteur de la\u00a0\u00ab\u2009Cit\u00e9 Radieuse\u2009\u00bb en 1952 dont la collaboration avec le compositeur et math\u00e9maticien <a href=\"http:\/\/www.iannis-xenakis.org\/\" target=\"_blank\" rel=\"noopener noreferrer\">Iannis Xenakis<\/a> fut quelque peu houleuse&#8230;<\/span><\/div>\n<div style=\"text-align: justify;\"><\/div>\n<div style=\"text-align: justify;\"><span style=\"font-size: 20px;\">I. T. <strong><span style=\"text-decoration: underline;\">Lisons ce qu&rsquo;en \u00e9crit I. T.:<\/span><\/strong><\/span><\/div>\n<div style=\"text-align: justify;\"><span style=\"color: #ffffff;\">&#8230;<\/span><\/div>\n<div style=\"text-align: justify;\">\n<div id=\"attachment_21875\" style=\"width: 262px\" class=\"wp-caption alignright\"><img loading=\"lazy\" decoding=\"async\" aria-describedby=\"caption-attachment-21875\" class=\"wp-image-21875\" src=\"https:\/\/frank-lovisolo.fr\/WordPress\/wp-content\/uploads\/2026\/09\/Iannis_Xenakis_1975-560x560.jpg\" alt=\"iannis_xenakis_1975\" width=\"252\" height=\"252\" title=\"-\" srcset=\"https:\/\/frank-lovisolo.fr\/WordPress\/wp-content\/uploads\/2026\/09\/Iannis_Xenakis_1975-560x560.jpg 560w, https:\/\/frank-lovisolo.fr\/WordPress\/wp-content\/uploads\/2026\/09\/Iannis_Xenakis_1975-150x150.jpg 150w, https:\/\/frank-lovisolo.fr\/WordPress\/wp-content\/uploads\/2026\/09\/Iannis_Xenakis_1975.jpg 637w\" sizes=\"auto, (max-width: 252px) 100vw, 252px\" \/><p id=\"caption-attachment-21875\" class=\"wp-caption-text\"><em><span style=\"font-size: 12px;\">Iannis X\u00e9nakis 1922-2001<\/span><\/em><\/p><\/div>\n<p><span style=\"font-size: 20px;\"><em>Iannis X\u00e9nakis 1922-2001<\/em><\/span><\/div>\n<div style=\"text-align: justify;\"><span style=\"font-size: 20px;\"><em>&#8230;est n\u00e9 en Roumanie de parents grecs. \u00c0 la mort de sa m\u00e8re en 1927, il rejoint la Gr\u00e8ce avec son p\u00e8re et \u00e9tudie les math\u00e9matiques pour lesquelles il a d\u00e9j\u00e0 une affection particuli\u00e8re, et d\u00e9couvre la musique. <\/em><\/span><\/div>\n<div style=\"text-align: justify;\"><span style=\"font-size: 20px;\"><em> Tr\u00e8s vite, il commence \u00e0 composer et passe en m\u00eame temps le concours d\u2019entr\u00e9e \u00e0 polytechnique. Les troupes de Mussolini ayant envahi la Gr\u00e8ce, Xenakis s\u2019engage dans la r\u00e9sistance. <\/em><\/span><br \/>\n<span style=\"font-size: 20px;\"><em> En 1947 il obtient son dipl\u00f4me d\u2019ing\u00e9nieur \u00e0 l\u2019\u00c9cole polytechnique, avec un m\u00e9moire de fin d\u2019\u00e9tudes sur le b\u00e9ton arm\u00e9.<\/em><\/span><\/div>\n<div style=\"text-align: justify;\"><span style=\"font-size: 20px;\"><em> Incarc\u00e9r\u00e9 \u00e0 plusieurs reprises, il est oblig\u00e9 de quitter la Gr\u00e8ce avec l\u2019intention de rejoindre les \u00c9tats-Unis. Son p\u00e9riple le m\u00e8ne \u00e0 Paris o\u00f9 il d\u00e9cide finalement de s\u2019installer. <\/em><\/span><br \/>\n<span style=\"font-size: 20px;\"><em> Gr\u00e2ce \u00e0 un ami commun, il rencontre l\u2019architecte Le Corbusier qui l\u2019engage tout d\u2019abord pour faire des calculs de r\u00e9sistance de mat\u00e9riaux, en particulier pour la cit\u00e9 radieuse \u00e0 Marseille. <\/em><\/span><\/div>\n<div style=\"text-align: justify;\"><span style=\"font-size: 20px;\"><em> En parall\u00e8le, il cherche \u00e0 \u00e9tudier la composition avec Arthur Honegger et Nadia Boulanger. Pour des raisons diff\u00e9rentes, il ne poursuivra pas avec ces deux compositeurs. Il va finalement suivre les cours d\u2019Olivier Messiaen, qui l\u2019encourage \u00e0 d\u00e9velopper son propre style. <\/em><\/span><\/div>\n<div style=\"text-align: justify;\"><span style=\"font-size: 20px;\"><em> Pendant cette p\u00e9riode, de nombreuses \u0153uvres musicales vont \u00eatre r\u00e9alis\u00e9es avec un lien \u00e9troit entre musique et architecture.<\/em><\/span><br \/>\n<span style=\"font-size: 20px;\"><em> Les plus c\u00e9l\u00e8bres sont les fa\u00e7ades de l\u2019\u00e9cole maternelle de l\u2019unit\u00e9 de Nantes avec les fen\u00eatres o\u00f9 l\u2019on reconna\u00eet les \u00ab\u2009neumes\u2009\u00bb, le couvent de la Tourette et le pavillon Philips.<\/em><\/span><\/div>\n<div><\/div>\n<div style=\"text-align: justify;\">\n<div id=\"attachment_21888\" style=\"width: 369px\" class=\"wp-caption alignleft\"><img loading=\"lazy\" decoding=\"async\" aria-describedby=\"caption-attachment-21888\" class=\" wp-image-21888\" src=\"https:\/\/frank-lovisolo.fr\/WordPress\/wp-content\/uploads\/2026\/09\/3L0B2312-560x373.jpg\" alt=\"Le couvent de la Tourette et les pans de verre ondulatoires\" width=\"359\" height=\"239\" title=\"-\" srcset=\"https:\/\/frank-lovisolo.fr\/WordPress\/wp-content\/uploads\/2026\/09\/3L0B2312-560x373.jpg 560w, https:\/\/frank-lovisolo.fr\/WordPress\/wp-content\/uploads\/2026\/09\/3L0B2312-768x512.jpg 768w, https:\/\/frank-lovisolo.fr\/WordPress\/wp-content\/uploads\/2026\/09\/3L0B2312-1024x683.jpg 1024w, https:\/\/frank-lovisolo.fr\/WordPress\/wp-content\/uploads\/2026\/09\/3L0B2312-225x150.jpg 225w, https:\/\/frank-lovisolo.fr\/WordPress\/wp-content\/uploads\/2026\/09\/3L0B2312-150x100.jpg 150w, https:\/\/frank-lovisolo.fr\/WordPress\/wp-content\/uploads\/2026\/09\/3L0B2312-301x201.jpg 301w, https:\/\/frank-lovisolo.fr\/WordPress\/wp-content\/uploads\/2026\/09\/3L0B2312.jpg 2048w\" sizes=\"auto, (max-width: 359px) 100vw, 359px\" \/><p id=\"caption-attachment-21888\" class=\"wp-caption-text\"><em><span style=\"font-size: 12px;\">Le couvent de la Tourette et les pans de verre ondulatoires<\/span><\/em><\/p><\/div>\n<p><span style=\"font-size: 20px;\"><em>D\u00e9sireux de s\u2019impliquer dans l\u2019architecture, Le Corbusier confie \u00e0 Xenakis le projet du couvent de la Tourette. Le compositeur r\u00e9alisera entre autres dans ce couvent aux textures brutalistes, la fa\u00e7ade aux pans de verre ondulatoires.<\/em><\/span><br \/>\n<span style=\"font-size: 20px;\"><em> Ce projet est une r\u00e9alisation commune m\u00ealant les id\u00e9es du compositeur et de celles de l\u2019architecte.<\/em><\/span><\/div>\n<div><\/div>\n<div style=\"text-align: justify;\">\n<div id=\"attachment_21890\" style=\"width: 410px\" class=\"wp-caption alignright\"><img loading=\"lazy\" decoding=\"async\" aria-describedby=\"caption-attachment-21890\" class=\"wp-image-21890\" src=\"https:\/\/frank-lovisolo.fr\/WordPress\/wp-content\/uploads\/2026\/09\/1024px-Expo58_building_Philips-560x499.jpg\" alt=\"1024px-expo58_building_philips\" width=\"400\" height=\"356\" title=\"-\" srcset=\"https:\/\/frank-lovisolo.fr\/WordPress\/wp-content\/uploads\/2026\/09\/1024px-Expo58_building_Philips-560x499.jpg 560w, https:\/\/frank-lovisolo.fr\/WordPress\/wp-content\/uploads\/2026\/09\/1024px-Expo58_building_Philips-768x685.jpg 768w, https:\/\/frank-lovisolo.fr\/WordPress\/wp-content\/uploads\/2026\/09\/1024px-Expo58_building_Philips.jpg 1024w, https:\/\/frank-lovisolo.fr\/WordPress\/wp-content\/uploads\/2026\/09\/1024px-Expo58_building_Philips-168x150.jpg 168w, https:\/\/frank-lovisolo.fr\/WordPress\/wp-content\/uploads\/2026\/09\/1024px-Expo58_building_Philips-150x134.jpg 150w\" sizes=\"auto, (max-width: 400px) 100vw, 400px\" \/><p id=\"caption-attachment-21890\" class=\"wp-caption-text\"><em>P<span style=\"font-size: 12px;\">avillon Philips, exposition internationale de 1958, Bruxelles <\/span><\/em><\/p>\n<p><em><span style=\"font-size: 12px;\"> Photo\u00a0: Wouter Hagens<\/span><\/em><\/p><\/div>\n<p><span style=\"font-size: 20px;\"><em>La m\u00e9sentente et la rupture va venir avec la commande de la firme Philips pour la construction d\u2019un pavillon lors de l\u2019exposition universelle de Bruxelles en 1958. Ce pavillon abritera un spectacle total son et lumi\u00e8re avec pour la partie sonore un po\u00e8me \u00e9lectronique de Var\u00e8se. <\/em><\/span><br \/>\n<span style=\"font-size: 20px;\"><em> Xenakis con\u00e7oit seul cet ouvrage et Le Corbusier va lui en refuser la paternit\u00e9. Le Corbusier acceptera finalement de mentionner le nom de Xenakis dans les publications. <\/em><\/span><br \/>\n<span style=\"font-size: 20px;\"><em> Cet \u00e9difice est construit selon des proc\u00e9d\u00e9s math\u00e9matiques qu\u2019il a pr\u00e9c\u00e9demment d\u00e9velopp\u00e9s dans son \u0153uvre pour grand orchestre\u00a0: M\u00e9tastaseis (cr\u00e9\u00e9e en octobre 1955 a\u0300 Donaueschingen, alors creuset de la musique s\u00e9rielle et qui fit naturellement scandale\u2009!). <\/em><\/span><br \/>\n<span style=\"font-size: 20px;\"><em> La premi\u00e8re partie et la coda de l\u2019\u0153uvre sont de longs glissandis aux cordes divis\u00e9es en 46\u00a0lignes. Pour r\u00e9aliser ce glissement massif des cordes, Xenakis utilise comme souvent par la suite du papier millim\u00e9tr\u00e9, transposant ensuite les deux dimensions hauteur et temps en notation solf\u00e9gique. <\/em><\/span><\/p>\n<div id=\"attachment_21891\" style=\"width: 485px\" class=\"wp-caption alignleft\"><img loading=\"lazy\" decoding=\"async\" aria-describedby=\"caption-attachment-21891\" class=\" wp-image-21891\" src=\"https:\/\/frank-lovisolo.fr\/WordPress\/wp-content\/uploads\/2026\/09\/p00tcy3k-560x315.jpg\" alt=\"A page of Xenakis&#039; score for Metastasis\" width=\"475\" height=\"267\" title=\"-\" srcset=\"https:\/\/frank-lovisolo.fr\/WordPress\/wp-content\/uploads\/2026\/09\/p00tcy3k-560x315.jpg 560w, https:\/\/frank-lovisolo.fr\/WordPress\/wp-content\/uploads\/2026\/09\/p00tcy3k-768x432.jpg 768w, https:\/\/frank-lovisolo.fr\/WordPress\/wp-content\/uploads\/2026\/09\/p00tcy3k-1024x576.jpg 1024w, https:\/\/frank-lovisolo.fr\/WordPress\/wp-content\/uploads\/2026\/09\/p00tcy3k-250x141.jpg 250w, https:\/\/frank-lovisolo.fr\/WordPress\/wp-content\/uploads\/2026\/09\/p00tcy3k-150x84.jpg 150w, https:\/\/frank-lovisolo.fr\/WordPress\/wp-content\/uploads\/2026\/09\/p00tcy3k.jpg 1200w\" sizes=\"auto, (max-width: 475px) 100vw, 475px\" \/><p id=\"caption-attachment-21891\" class=\"wp-caption-text\"><em><span style=\"font-size: 12px;\">Une page de la partition de Xenakis pour Metastasis<\/span><\/em><\/p><\/div>\n<p><span style=\"font-size: 20px;\"><em>Cette musique de masse, passage de l\u2019ordre au d\u00e9sordre, est une r\u00e9miniscence des ph\u00e9nom\u00e8nes sonores per\u00e7us par Xenakis lors des rassemblements de foule et de manifestations pendant la guerre. Il se rappelle l\u2019\u00e9volution de l\u2019onde sonore, de la clameur qui se propage du d\u00e9but \u00e0 la fin du cort\u00e8ge, \u00ab\u2009passage de l\u2019ordre parfait au d\u00e9sordre total d\u2019une mani\u00e8re continue ou explosive. Ce sont des lois stochastiques\u2009\u00bb.<\/em><\/span><br \/>\n<span style=\"font-size: 20px;\"><em> Il applique ce m\u00eame proc\u00e9d\u00e9 en architecture pour la construction du pavillon Philips et dessine des parabolo\u00efdes hyperboliques dont certains graphiques sont emprunt\u00e9s \u00e0 des glissandi de metastaseis.<\/em><\/span><\/div>\n<p><em>Sources\u00a0:<\/em><br \/>\n<em><a href=\"http:\/\/www.iannis-xenakis.org\" target=\"_blank\" rel=\"noopener noreferrer\">www.iannis-xenakis.org <\/a><\/em><br \/>\n<em>Thomopoulos_Stephanos_these.pdf\u00a0<\/em><\/p>\n<hr \/>\n<div style=\"text-align: justify;\"><\/div>\n<div style=\"text-align: justify;\">\n<div id=\"attachment_21874\" style=\"width: 152px\" class=\"wp-caption alignleft\"><img loading=\"lazy\" decoding=\"async\" aria-describedby=\"caption-attachment-21874\" class=\"wp-image-21874\" src=\"https:\/\/frank-lovisolo.fr\/WordPress\/wp-content\/uploads\/2026\/09\/Khan.jpg\" alt=\"khan\" width=\"142\" height=\"142\" title=\"-\" srcset=\"https:\/\/frank-lovisolo.fr\/WordPress\/wp-content\/uploads\/2026\/09\/Khan.jpg 447w, https:\/\/frank-lovisolo.fr\/WordPress\/wp-content\/uploads\/2026\/09\/Khan-150x150.jpg 150w\" sizes=\"auto, (max-width: 142px) 100vw, 142px\" \/><p id=\"caption-attachment-21874\" class=\"wp-caption-text\"><span style=\"font-size: 10px;\">Louis khan<\/span><\/p><\/div>\n<div id=\"attachment_21900\" style=\"width: 570px\" class=\"wp-caption alignright\"><img loading=\"lazy\" decoding=\"async\" aria-describedby=\"caption-attachment-21900\" class=\"wp-image-21900 size-medium\" title=\"The Salk Institute for Biological Studies, built in 1960\" src=\"https:\/\/frank-lovisolo.fr\/WordPress\/wp-content\/uploads\/2016\/09\/Salk_Institute2-560x420.jpg\" alt=\"The Salk Institute for Biological Studies, built in 1960\" width=\"560\" height=\"420\" srcset=\"https:\/\/frank-lovisolo.fr\/WordPress\/wp-content\/uploads\/2016\/09\/Salk_Institute2-560x420.jpg 560w, https:\/\/frank-lovisolo.fr\/WordPress\/wp-content\/uploads\/2016\/09\/Salk_Institute2-200x150.jpg 200w, https:\/\/frank-lovisolo.fr\/WordPress\/wp-content\/uploads\/2016\/09\/Salk_Institute2-150x112.jpg 150w, https:\/\/frank-lovisolo.fr\/WordPress\/wp-content\/uploads\/2016\/09\/Salk_Institute2.jpg 635w\" sizes=\"auto, (max-width: 560px) 100vw, 560px\" \/><p id=\"caption-attachment-21900\" class=\"wp-caption-text\">The Salk Institute for Biological Studies, built in 1960<\/p><\/div>\n<p><span style=\"font-size: 20px;\">Il me plait aussi de\u00a0citer aussi <a href=\"https:\/\/fr.wikipedia.org\/wiki\/Louis_Kahn_(architecte)\" target=\"_blank\" rel=\"noopener noreferrer\">Louis Khan<\/a>\u00a0qui\u00a0appartient \u00e0 la g\u00e9n\u00e9ration apr\u00e8s le mouvement\u00a0Moderne et apporte \u00e0 l\u2019architecture ce concept nouveau de\u00a0l\u2019opposition nette entre \u00ab\u2009le servant\u2009\u00bb et\u00a0\u00ab\u2009le servi\u2009\u00bb\u00a0: <\/span><\/div>\n<div style=\"text-align: justify;\"><span style=\"font-size: 20px;\">les espaces\u00a0de circulations (servants) se distinguent clairement des lieux de travail\u00a0(servis). <\/span><\/div>\n<div style=\"text-align: justify;\"><span style=\"font-size: 20px;\">Les\u00a0laboratoires de l\u2019universit\u00e9 de Pennsylvanie \u00e0 Philadelphie en sont un exemple.<\/span><\/div>\n<div><\/div>\n<div style=\"text-align: justify;\"><span style=\"font-size: 20px;\">La notion d\u2019architecture creuse lui est aussi due (par exemple un passage dans l\u2019\u00e9paisseur des murs).<\/span><\/div>\n<div style=\"text-align: justify;\"><a id=\"RT001\"><\/a><span style=\"font-size: 20px;\">Il existe un film sur la vie de l\u2019architecte<a href=\"#001\"><sup><span style=\"font-size: 14px;\">[2]<\/span><\/sup><\/a>\u00a0disparu, tragiquement seul, d\u2019une crise cardiaque dans les toilettes pour hommes de\u00a0la Penn Station \u00e0 Manhattan&#8230; \u00a0<\/span><\/div>\n<div><\/div>\n<div><\/div>\n<div style=\"text-align: justify;\"><\/div>\n<div style=\"text-align: justify;\">\n<hr \/>\n<\/div>\n<div style=\"text-align: justify;\"><img loading=\"lazy\" decoding=\"async\" class=\"size-medium wp-image-21786 alignleft\" src=\"https:\/\/frank-lovisolo.fr\/WordPress\/wp-content\/uploads\/2026\/09\/Bruitalisme-025-560x315.jpg\" alt=\"Bruitalisme\" width=\"560\" height=\"315\" title=\"-\" srcset=\"https:\/\/frank-lovisolo.fr\/WordPress\/wp-content\/uploads\/2026\/09\/Bruitalisme-025-560x315.jpg 560w, https:\/\/frank-lovisolo.fr\/WordPress\/wp-content\/uploads\/2026\/09\/Bruitalisme-025-768x432.jpg 768w, https:\/\/frank-lovisolo.fr\/WordPress\/wp-content\/uploads\/2026\/09\/Bruitalisme-025-1024x576.jpg 1024w, https:\/\/frank-lovisolo.fr\/WordPress\/wp-content\/uploads\/2026\/09\/Bruitalisme-025-250x141.jpg 250w, https:\/\/frank-lovisolo.fr\/WordPress\/wp-content\/uploads\/2026\/09\/Bruitalisme-025-150x84.jpg 150w, https:\/\/frank-lovisolo.fr\/WordPress\/wp-content\/uploads\/2026\/09\/Bruitalisme-025.jpg 1920w\" sizes=\"auto, (max-width: 560px) 100vw, 560px\" \/><span style=\"font-size: 20px;\">J\u2019ai longtemps arpent\u00e9 le quartier de la Rode \u00e0 Toulon, l\u2019appareil photo au poing, cherchant dans la g\u00e9om\u00e9trie du b\u00e9ton la rudesse d\u2019une po\u00e9sie improbable&#8230;\u00a0<\/span><\/div>\n<div><\/div>\n<div style=\"text-align: justify;\"><span style=\"font-size: 20px;\">Quand il n\u2019est pas peint, le\u00a0mortier laisse appara\u00eetre les\u00a0cernes et la <a title=\"Bois\" href=\"https:\/\/fr.wikipedia.org\/wiki\/Bois#Structure\" target=\"_blank\" rel=\"noopener\">structure du bois<\/a> qui l\u2019a moul\u00e9&#8230; Un fossile&#8230;<\/span><\/div>\n<div><\/div>\n<div style=\"text-align: justify;\"><span style=\"font-size: 20px;\">Il y a dans cette typologie g\u00e9om\u00e9trique une histoire humaine, celle de ceux qui croient dominer un\u00a0espace \u00e0 quatre dimensions. La derni\u00e8re n\u2019est pas la moindre\u00a0: le temps s\u2019acharne \u00e0 modifier aussi discr\u00e8tement qu\u2019in\u00e9luctablement le rectiligne des formes.\u00a0<\/span><\/div>\n<div style=\"text-align: justify;\"><span style=\"font-size: 20px;\">Que restera-t-il de toutes ces constructions g\u00e9om\u00e9triques et avides de sable dans dix mille ans\u2009?<\/span><\/div>\n<div style=\"text-align: justify;\"><\/div>\n<\/td>\n<\/tr>\n<tr>\n<td colspan=\"2\">\n<hr \/>\n<p><img loading=\"lazy\" decoding=\"async\" class=\"wp-image-21797 size-medium alignright\" src=\"https:\/\/frank-lovisolo.fr\/WordPress\/wp-content\/uploads\/2026\/09\/Affiche-Bruitalisme-560x312.jpg\" alt=\"Bruitalisme\" width=\"560\" height=\"312\" title=\"-\" srcset=\"https:\/\/frank-lovisolo.fr\/WordPress\/wp-content\/uploads\/2026\/09\/Affiche-Bruitalisme-560x312.jpg 560w, https:\/\/frank-lovisolo.fr\/WordPress\/wp-content\/uploads\/2026\/09\/Affiche-Bruitalisme-768x428.jpg 768w, https:\/\/frank-lovisolo.fr\/WordPress\/wp-content\/uploads\/2026\/09\/Affiche-Bruitalisme-1024x571.jpg 1024w, https:\/\/frank-lovisolo.fr\/WordPress\/wp-content\/uploads\/2026\/09\/Affiche-Bruitalisme-250x139.jpg 250w, https:\/\/frank-lovisolo.fr\/WordPress\/wp-content\/uploads\/2026\/09\/Affiche-Bruitalisme-150x84.jpg 150w, https:\/\/frank-lovisolo.fr\/WordPress\/wp-content\/uploads\/2026\/09\/Affiche-Bruitalisme.jpg 1200w\" sizes=\"auto, (max-width: 560px) 100vw, 560px\" \/><\/p>\n<h4><span class=\"ez-toc-section\" id=\"a-propos-de-la-composition-musicale\"><\/span><span style=\"font-size: 20px;\">A propos de la composition musicale :\u00a0<\/span><span class=\"ez-toc-section-end\"><\/span><\/h4>\n<h4><span class=\"ez-toc-section\" id=\"-voir-la-page-%3e%3e%3e\"><\/span><span style=\"font-size: 20px;\"><a href=\"https:\/\/frank-lovisolo.fr\/WordPress\/brutalisme-bruitalisme-composition\/\"><u>( Voir la page &gt;&gt;&gt; )<\/u><\/a><\/span><span class=\"ez-toc-section-end\"><\/span><\/h4>\n<ul>\n<li><span style=\"font-size: 20px;\">Cuivres ( trombonnes, trompettes, Cors Fran\u00e7ais )<\/span><\/li>\n<li><span style=\"font-size: 20px;\">Cordes ( Violons, Violoncelles, Contrebasses )<\/span><\/li>\n<li><span style=\"font-size: 20px;\">Percussions ( Tambour, Timbales, Gongs, Percussions m\u00e9talliques diverses: rampes d&rsquo;escaliers, Escalier en fer, statue en bronze, grilles de fours, enclumes et autres objets enregistr\u00e9s au hasard ! )<\/span><\/li>\n<li><span style=\"font-size: 20px;\">Voix: elles aussi enregistr\u00e9es aux\u00a0co\u00efncidences\u00a0des rencontres. Elles sont modifi\u00e9es \u00e0 loisir pour les rendre m\u00e9connaissables!<\/span><br \/>\n<hr \/>\n<\/li>\n<\/ul>\n<\/td>\n<\/tr>\n<tr>\n<td colspan=\"2\"><span style=\"text-decoration: underline;\"><em><span style=\"font-size: 20px;\">Et sur le m\u00eame sujet: Un article \u00a0photographique\u00a0\u00ab<a href=\"https:\/\/frank-lovisolo.fr\/WordPress\/brutalisme-les-boites-outils\/\">Brutalisme : les Bo\u00eetes \u00e0 Outils<\/a>\u00bb .<\/span><\/em><\/span><\/p>\n<hr \/>\n<\/td>\n<\/tr>\n<tr>\n<td colspan=\"2\">\n<div style=\"text-align: justify;\"><span style=\"text-decoration: underline; font-size: 16px;\">\u00a0Note de bas de page qui se trouve, comme il se doit et cela malgr\u00e9 un manque total d&rsquo;originalit\u00e9, au bas de la page&#8230;<\/span><\/div>\n<div style=\"text-align: justify;\"><\/div>\n<div style=\"text-align: justify;\"><span style=\"font-size: 16px;\">[1]<\/span><a id=\"002\"><\/a><span style=\"font-size: 16px;\">\u00a0<a href=\"https:\/\/fr.wikipedia.org\/wiki\/Alain_Deneault\" target=\"_blank\" rel=\"noopener noreferrer\">Alain Deneault<\/a> :\u00a0<a href=\"https:\/\/www.luxediteur.com\/catalogue\/la-mediocratie\/\" target=\"_blank\" rel=\"noopener noreferrer\">La m\u00e9diocratie<\/a>:\u00a0 <strong>Lux \u00c9diteur\u00a0<\/strong><a href=\"https:\/\/www.luxediteur.com\/catalogue\/categorie\/collections\/lettres-libres\/\" target=\"_blank\" rel=\"noopener\">Lettres libres<\/a>\u00a0<a href=\"#Med\">\u21d1<\/a><\/span><\/div>\n<div style=\"text-align: justify;\"><span style=\"font-size: 16px;\">\u00a0\u00ab Rangez ces ouvrages compliqu\u00e9s, les livres comptables feront l\u2019affaire. Ne soyez ni fier, ni spirituel, ni m\u00eame \u00e0 l\u2019aise, vous risqueriez de para\u00eetre arrogant. Att\u00e9nuez vos passions, elles font peur. Surtout, aucune \u201cbonne id\u00e9e\u201d, la d\u00e9chiqueteuse en est pleine. Ce regard per\u00e7ant qui inqui\u00e8te, dilatez-le, et d\u00e9contractez vos l\u00e8vres \u2013 il faut penser mou et le montrer, parler de son moi en le r\u00e9duisant \u00e0 peu de chose : on doit pouvoir vous caser. Les temps ont chang\u00e9. Il n\u2019y a eu aucune prise de la Bastille, rien de comparable \u00e0 l\u2019incendie du Reichstag, et l\u2019Aurore n\u2019a encore tir\u00e9 aucun coup de feu. Pourtant, l\u2019assaut a bel et bien \u00e9t\u00e9 lanc\u00e9 et couronn\u00e9 de succ\u00e8s : les m\u00e9diocres ont pris le pouvoir. \u00bb<\/span><\/div>\n<div style=\"text-align: justify;\"><span style=\"color: #ffffff; font-size: 16px;\">&#8230;<\/span><\/div>\n<div style=\"text-align: justify;\"><span style=\"font-size: 16px;\">[2]<\/span><a id=\"001\"><\/a><span style=\"font-size: 16px;\">Film avec Nathaniel et Louis Kahn,Vincent Scully, I.M. Pei, Frank O. Gehry, Robert A.M. Stern<\/span><br \/>\n<span style=\"font-size: 16px;\">OSCAR 2004, Nomination Meilleur Documentaire &#8211; Distribu\u00e9 par FILMS SANS FRONTIERES \u00a9 2003\u00a0<a href=\"#RT001\">\u21d1<\/a><\/span><\/div>\n<div style=\"text-align: justify;\"><\/div>\n<div style=\"text-align: justify;\"><\/div>\n<\/td>\n<\/tr>\n<\/tbody>\n<\/table>\n<h6 style=\"text-align: center;\"><span class=\"ez-toc-section\" id=\"bruitalisme-bruitalisme-bruitalisme-bruitalisme-bruitalisme-bruitalisme-bruitalisme-bruitalisme-bruitalisme-bruitalisme-bruitalisme-bruitalisme-bruitalisme%e2%80%a6\"><\/span><span style=\"color: #ffffff;\">Bruitalisme Bruitalisme Bruitalisme Bruitalisme Bruitalisme Bruitalisme Bruitalisme Bruitalisme Bruitalisme Bruitalisme Bruitalisme Bruitalisme Bruitalisme&#8230;<\/span><a id=\"com\"><\/a><span class=\"ez-toc-section-end\"><\/span><\/h6>\n<div id=\"ez-toc-container\" class=\"ez-toc-v2_0_82_2 ez-toc-wrap-center counter-hierarchy ez-toc-counter ez-toc-light-blue ez-toc-container-direction\">\n<label for=\"ez-toc-cssicon-toggle-item-69ef7d8eb1aeb\" class=\"ez-toc-cssicon-toggle-label\"><p class=\"ez-toc-title\" style=\"cursor:inherit\">Table des mati\u00e8res<\/p>\n<span class=\"ez-toc-cssicon\"><span class=\"eztoc-hide\" style=\"display:none;\">Toggle<\/span><span class=\"ez-toc-icon-toggle-span\"><svg style=\"fill: #999;color:#999\" xmlns=\"http:\/\/www.w3.org\/2000\/svg\" class=\"list-377408\" width=\"20px\" height=\"20px\" viewBox=\"0 0 24 24\" fill=\"none\"><path d=\"M6 6H4v2h2V6zm14 0H8v2h12V6zM4 11h2v2H4v-2zm16 0H8v2h12v-2zM4 16h2v2H4v-2zm16 0H8v2h12v-2z\" fill=\"currentColor\"><\/path><\/svg><svg style=\"fill: #999;color:#999\" class=\"arrow-unsorted-368013\" xmlns=\"http:\/\/www.w3.org\/2000\/svg\" width=\"10px\" height=\"10px\" viewBox=\"0 0 24 24\" version=\"1.2\" baseProfile=\"tiny\"><path d=\"M18.2 9.3l-6.2-6.3-6.2 6.3c-.2.2-.3.4-.3.7s.1.5.3.7c.2.2.4.3.7.3h11c.3 0 .5-.1.7-.3.2-.2.3-.5.3-.7s-.1-.5-.3-.7zM5.8 14.7l6.2 6.3 6.2-6.3c.2-.2.3-.5.3-.7s-.1-.5-.3-.7c-.2-.2-.4-.3-.7-.3h-11c-.3 0-.5.1-.7.3-.2.2-.3.5-.3.7s.1.5.3.7z\"\/><\/svg><\/span><\/span><\/label><input type=\"checkbox\"  id=\"ez-toc-cssicon-toggle-item-69ef7d8eb1aeb\" checked \/><nav><ul class='ez-toc-list ez-toc-list-level-1 ' ><li class='ez-toc-page-1 ez-toc-heading-level-4'><a class=\"ez-toc-link ez-toc-heading-1\" href=\"https:\/\/frank-lovisolo.fr\/WordPress\/brutalisme-bruitalisme-video\/#bruitalisme-dependant-musical-du-brutalisme-architectural-illustre-la-video-du-meme-nom\" >Bruitalisme: d\u00e9pendant musical du brutalisme architectural, illustre la vid\u00e9o du m\u00eame nom.<\/a><\/li><li class='ez-toc-page-1 ez-toc-heading-level-4'><a class=\"ez-toc-link ez-toc-heading-2\" href=\"https:\/\/frank-lovisolo.fr\/WordPress\/brutalisme-bruitalisme-video\/#il-en-est-souvent-ainsi%e2%80%a6-on-est-persuade-que-limage-induira-la-musique\" >Il en est souvent ainsi&#8230; On est persuad\u00e9 que l&rsquo;image induira la\u00a0musique.<\/a><ul class='ez-toc-list-level-5' ><li class='ez-toc-heading-level-5'><a class=\"ez-toc-link ez-toc-heading-3\" href=\"https:\/\/frank-lovisolo.fr\/WordPress\/brutalisme-bruitalisme-video\/#et-allons-bon-voila-que-le-contraire-se-produit-puis-linverse-dicelui-sinstalle-pour-sevanouir-dans-une-confusion-stochastique-graphique-et-sonore\" >Et, allons bon, voil\u00e0 que le contraire se produit puis l&rsquo;inverse\u00a0d&rsquo;icelui s\u2019installe pour\u00a0s&rsquo;\u00e9vanouir dans une\u00a0confusion\u00a0stochastique\u00a0graphique et\u00a0sonore.\u00a0<\/a><\/li><li class='ez-toc-page-1 ez-toc-heading-level-5'><a class=\"ez-toc-link ez-toc-heading-4\" href=\"https:\/\/frank-lovisolo.fr\/WordPress\/brutalisme-bruitalisme-video\/#narrer-musicalement-une-architecture-dans-ce-quelle-revele-humainement-tant-dans-la-symbolique-que-dans-une-realite-est-un-drole-de-jeu-particulierement-quand-elle-saccorde-ostensiblement-a-un-courant-trop-meconnu-le-brutalisme-laffaire-pourtant-date-un-peu-et-cest-aux-anglais-alison-et-peter-smithson-que-lon-doit-la-creation-de-ce-neologisme-en-1954\" >Narrer musicalement une architecture dans ce qu\u2019elle r\u00e9v\u00e8le humainement, tant dans la symbolique que dans une r\u00e9alit\u00e9, est un dr\u00f4le de jeu, particuli\u00e8rement quand elle s\u2019accorde ostensiblement \u00e0 un courant trop m\u00e9connu\u00a0: le brutalisme. L\u2019affaire pourtant date un peu et c\u2019est\u00a0aux Anglais Alison et Peter Smithson que l\u2019on doit la cr\u00e9ation de ce n\u00e9ologisme en 1954.<\/a><\/li><\/ul><\/li><li class='ez-toc-page-1 ez-toc-heading-level-4'><a class=\"ez-toc-link ez-toc-heading-5\" href=\"https:\/\/frank-lovisolo.fr\/WordPress\/brutalisme-bruitalisme-video\/#a-propos-de-la-composition-musicale\" >A propos de la composition musicale :\u00a0<\/a><\/li><li class='ez-toc-page-1 ez-toc-heading-level-4'><a class=\"ez-toc-link ez-toc-heading-6\" href=\"https:\/\/frank-lovisolo.fr\/WordPress\/brutalisme-bruitalisme-video\/#-voir-la-page-%3e%3e%3e\" >( Voir la page &gt;&gt;&gt; )<\/a><ul class='ez-toc-list-level-6' ><li class='ez-toc-heading-level-6'><ul class='ez-toc-list-level-6' ><li class='ez-toc-heading-level-6'><a class=\"ez-toc-link ez-toc-heading-7\" href=\"https:\/\/frank-lovisolo.fr\/WordPress\/brutalisme-bruitalisme-video\/#bruitalisme-bruitalisme-bruitalisme-bruitalisme-bruitalisme-bruitalisme-bruitalisme-bruitalisme-bruitalisme-bruitalisme-bruitalisme-bruitalisme-bruitalisme%e2%80%a6\" >Bruitalisme Bruitalisme Bruitalisme Bruitalisme Bruitalisme Bruitalisme Bruitalisme Bruitalisme Bruitalisme Bruitalisme Bruitalisme Bruitalisme Bruitalisme&#8230;<\/a><\/li><\/ul><\/li><\/ul><\/li><\/ul><\/nav><\/div>\n","protected":false},"excerpt":{"rendered":"<p><span class=\"span-reading-time rt-reading-time\" style=\"display: block;\"><span class=\"rt-label rt-prefix\">Reading Time: <\/span> <span class=\"rt-time\"> 7<\/span> <span class=\"rt-label rt-postfix\">minutes<\/span><\/span>Dans cette confrontation du brutalisme au \u00ab\u2009bruitalisme\u2009\u00bb, il y a l\u00e0 d\u00e9n\u00e9gation d\u2019un univers cloisonn\u00e9 entre les envers et avers d\u2019une architecture o\u00f9 les lignes dextrogyres, d\u00e9limitant les espaces clos, nous revoient inexorablement au m\u00eame point de fuite. Sinon la suite devrait appara\u00eetre minimaliste\u2009!<br \/>\n( Et toc !) <a class=\"continue-reading-link\" href=\"https:\/\/frank-lovisolo.fr\/WordPress\/brutalisme-bruitalisme-video\/\">Suite &#8211; Continue reading<\/a><\/p>\n","protected":false},"author":1,"featured_media":21797,"comment_status":"open","ping_status":"open","sticky":false,"template":"","format":"standard","meta":{"footnotes":""},"categories":[514,1],"tags":[1066,1060,1062,1071,2056,1068,1069,1070,1067,2052,1065,1061],"class_list":["post-21793","post","type-post","status-publish","format-standard","has-post-thumbnail","hentry","category-videos-compositions","category-tous-les-articles","tag-assemblee-nationale-du-bangladesh","tag-boite-a-outils","tag-brutalisme","tag-chandigarh","tag-iannis-xenakis","tag-kallmann-mckinnell","tag-knowles","tag-le-corbusier","tag-louis-kahn","tag-pop-art","tag-robin-hood-gardens","tag-urbanisme"],"_links":{"self":[{"href":"https:\/\/frank-lovisolo.fr\/WordPress\/wp-json\/wp\/v2\/posts\/21793","targetHints":{"allow":["GET"]}}],"collection":[{"href":"https:\/\/frank-lovisolo.fr\/WordPress\/wp-json\/wp\/v2\/posts"}],"about":[{"href":"https:\/\/frank-lovisolo.fr\/WordPress\/wp-json\/wp\/v2\/types\/post"}],"author":[{"embeddable":true,"href":"https:\/\/frank-lovisolo.fr\/WordPress\/wp-json\/wp\/v2\/users\/1"}],"replies":[{"embeddable":true,"href":"https:\/\/frank-lovisolo.fr\/WordPress\/wp-json\/wp\/v2\/comments?post=21793"}],"version-history":[{"count":0,"href":"https:\/\/frank-lovisolo.fr\/WordPress\/wp-json\/wp\/v2\/posts\/21793\/revisions"}],"wp:featuredmedia":[{"embeddable":true,"href":"https:\/\/frank-lovisolo.fr\/WordPress\/wp-json\/wp\/v2\/media\/21797"}],"wp:attachment":[{"href":"https:\/\/frank-lovisolo.fr\/WordPress\/wp-json\/wp\/v2\/media?parent=21793"}],"wp:term":[{"taxonomy":"category","embeddable":true,"href":"https:\/\/frank-lovisolo.fr\/WordPress\/wp-json\/wp\/v2\/categories?post=21793"},{"taxonomy":"post_tag","embeddable":true,"href":"https:\/\/frank-lovisolo.fr\/WordPress\/wp-json\/wp\/v2\/tags?post=21793"}],"curies":[{"name":"wp","href":"https:\/\/api.w.org\/{rel}","templated":true}]}}