{"id":2065,"date":"2010-05-27T03:11:12","date_gmt":"2010-05-27T01:11:12","guid":{"rendered":"http:\/\/f.lovisolojob.free.fr\/Blog\/?p=2065"},"modified":"2026-03-07T07:32:14","modified_gmt":"2026-03-07T06:32:14","slug":"charles-baudelaire-le-vampire","status":"publish","type":"post","link":"https:\/\/frank-lovisolo.fr\/WordPress\/charles-baudelaire-le-vampire\/","title":{"rendered":"Le Vampire &#8211; Charles Baudelaire"},"content":{"rendered":"<span class=\"span-reading-time rt-reading-time\" style=\"display: block;\"><span class=\"rt-label rt-prefix\">Reading Time: <\/span> <span class=\"rt-time\"> 5<\/span> <span class=\"rt-label rt-postfix\">minutes<\/span><\/span><div><span style=\"color: #ffffff; font-size: 8px;\">charles baudelaire le vampire &#8211; audio ogg=\u00a0\u00bbhttp:\/\/frank-lovisolo.fr\/xxx\/ogg\/LeVampire.ogg\u00a0\u00bb mp3=\u00a0\u00bbhttp:\/\/frank-lovisolo.fr\/xxx\/m3p\/LeVampire.mp3&Prime; autoplay=\u00a0\u00bbtrue\u00a0\u00bb preload=\u00a0\u00bbtrue\u00a0\u00bb width=\u00a0\u00bb1024&Prime; height=\u00a0\u00bb40&Prime;<\/span><\/div>\n<table style=\"width: 100%; border-collapse: collapse;\" cellpadding=\"10\">\n<tbody>\n<tr>\n<td style=\"width: 60%;\" colspan=\"2\">\n<div><span style=\"font-size: 20px;\"><a href=\"#com\"><img loading=\"lazy\" decoding=\"async\" class=\"wp-image-15068 size-full alignright\" src=\"https:\/\/frank-lovisolo.fr\/WordPress\/wp-content\/uploads\/2015\/06\/ComNoir.jpg\" alt=\"ComNoir\" width=\"250\" height=\"20\" title=\"-\"><\/a><\/span><\/div>\n<\/td>\n<\/tr>\n<tr>\n<td style=\"width: 60%;\" colspan=\"2\" rowspan=\"2\">\n<div><a href=\"https:\/\/frankcesarlovisolo.bandcamp.com\/track\/le-vampire\" target=\"_blank\" rel=\"noopener\"><img loading=\"lazy\" decoding=\"async\" class=\"size-full wp-image-51221 alignleft\" src=\"https:\/\/frank-lovisolo.fr\/WordPress\/wp-content\/uploads\/2025\/11\/bandcamp-logotype-color-400-FrankV2.png\" alt=\"- - -\" width=\"400\" height=\"33\" title=\"-\" srcset=\"https:\/\/frank-lovisolo.fr\/WordPress\/wp-content\/uploads\/2025\/11\/bandcamp-logotype-color-400-FrankV2.png 400w, https:\/\/frank-lovisolo.fr\/WordPress\/wp-content\/uploads\/2025\/11\/bandcamp-logotype-color-400-FrankV2-250x21.png 250w, https:\/\/frank-lovisolo.fr\/WordPress\/wp-content\/uploads\/2025\/11\/bandcamp-logotype-color-400-FrankV2-150x12.png 150w\" sizes=\"auto, (max-width: 400px) 100vw, 400px\" \/><\/a><\/div>\n<div><img loading=\"lazy\" decoding=\"async\" class=\"wp-image-51414 alignright\" src=\"https:\/\/frank-lovisolo.fr\/WordPress\/wp-content\/uploads\/2010\/05\/LeVampire-BC.jpg\" alt=\"- - -\" width=\"360\" height=\"360\" title=\"-\" srcset=\"https:\/\/frank-lovisolo.fr\/WordPress\/wp-content\/uploads\/2010\/05\/LeVampire-BC.jpg 1024w, https:\/\/frank-lovisolo.fr\/WordPress\/wp-content\/uploads\/2010\/05\/LeVampire-BC-460x460.jpg 460w, https:\/\/frank-lovisolo.fr\/WordPress\/wp-content\/uploads\/2010\/05\/LeVampire-BC-150x150.jpg 150w, https:\/\/frank-lovisolo.fr\/WordPress\/wp-content\/uploads\/2010\/05\/LeVampire-BC-768x768.jpg 768w\" sizes=\"auto, (max-width: 360px) 100vw, 360px\" \/><\/div>\n<div><\/div>\n<div><span style=\"color: #ffffff;\">&#8211;<\/span><\/div>\n<div><span style=\"color: #ffffff;\">&#8211;<\/span><\/div>\n<div><span style=\"color: #ffffff;\">&#8211;<\/span><\/div>\n<div class=\"poem__title\" style=\"text-align: justify;\"><span style=\"font-size: 22px;\"><strong>Composition pour :<\/strong><\/span><\/div>\n<div><span style=\"color: #ffffff; font-size: 22px;\">&#8211;<\/span><\/div>\n<p><span style=\"font-size: 22px;\"><strong style=\"text-align: justify;\"><img loading=\"lazy\" decoding=\"async\" class=\"alignleft wp-image-38910 \" src=\"https:\/\/frank-lovisolo.fr\/WordPress\/wp-content\/uploads\/2021\/03\/Charles-B-FB-150x150.jpg\" alt=\"Charles Baudelaire - Lovisolo\" width=\"112\" height=\"112\" title=\"-\" srcset=\"https:\/\/frank-lovisolo.fr\/WordPress\/wp-content\/uploads\/2021\/03\/Charles-B-FB-150x150.jpg 150w, https:\/\/frank-lovisolo.fr\/WordPress\/wp-content\/uploads\/2021\/03\/Charles-B-FB-250x250.jpg 250w\" sizes=\"auto, (max-width: 112px) 100vw, 112px\" \/><\/strong><\/span><\/p>\n<div class=\"poem__title\" style=\"text-align: justify;\"><span style=\"font-size: 20px;\">Chant,<br \/>\n<\/span><span style=\"font-size: 20px;\">Guitares,<br \/>\n<\/span><span style=\"font-size: 20px;\">Basses,<br \/>\n<\/span><span style=\"font-size: 20px;\">Batterie.\u00a0<\/span><\/div>\n<\/td>\n<\/tr>\n<\/tbody>\n<\/table>\n<div><\/div>\n<div>\n<table style=\"width: 100%;\" cellpadding=\"20\">\n<tbody>\n<tr>\n<td style=\"width: 49.7462%; vertical-align: top;\">\n<p style=\"text-align: center;\"><span style=\"font-size: 20px;\">Toi qui, comme un coup de couteau,<\/span><br \/>\n<span style=\"font-size: 20px;\"> Dans mon c\u0153ur plaintif es entr\u00e9e,<\/span><br \/>\n<span style=\"font-size: 20px;\"> Toi qui, comme un hideux troupeau<\/span><br \/>\n<span style=\"font-size: 20px;\"> De d\u00e9mons, vins, folle et par\u00e9e,<\/span><br \/>\n<span style=\"font-size: 20px;\"> De mon esprit humili\u00e9<\/span><\/p>\n<p style=\"text-align: center;\"><span style=\"font-size: 20px;\"> Faire ton lit et ton domaine,<\/span><br \/>\n<span style=\"font-size: 20px;\"> \u2014 Inf\u00e2me \u00e0 qui je suis li\u00e9<\/span><br \/>\n<span style=\"font-size: 20px;\"> Comme le for\u00e7at \u00e0 la cha\u00eene,<\/span><br \/>\n<span style=\"font-size: 20px;\"> Comme au jeu le joueur t\u00eatu,<\/span><br \/>\n<span style=\"font-size: 20px;\"> Comme \u00e0 la bouteille l&rsquo;ivrogne,<\/span><br \/>\n<span style=\"font-size: 20px;\"> Comme aux vermines la charogne,<\/span><\/p>\n<p style=\"text-align: center;\"><span style=\"font-size: 20px;\"> \u2014 Maudite, maudite sois-tu !<\/span><br \/>\n<span style=\"font-size: 20px;\"> J&rsquo;ai pri\u00e9 le glaive rapide<\/span><br \/>\n<span style=\"font-size: 20px;\"> De conqu\u00e9rir ma libert\u00e9,<\/span><br \/>\n<span style=\"font-size: 20px;\"> Et j&rsquo;ai dit au poison perfide<\/span><br \/>\n<span style=\"font-size: 20px;\"> De secourir ma l\u00e2chet\u00e9.<\/span><\/p>\n<p style=\"text-align: center;\"><span style=\"font-size: 20px;\">H\u00e9las ! le poison et le glaive<\/span><br \/>\n<span style=\"font-size: 20px;\"> M&rsquo;ont pris en d\u00e9dain et m&rsquo;ont dit :<\/span><br \/>\n<span style=\"font-size: 20px;\"> \u00ab Tu n&rsquo;es pas digne qu&rsquo;on t&rsquo;enl\u00e8ve<\/span><br \/>\n<span style=\"font-size: 20px;\"> A ton esclavage maudit,<\/span><\/p>\n<p style=\"text-align: center;\"><span style=\"font-size: 20px;\"> Imb\u00e9cile ! \u2014 de son empire<\/span><br \/>\n<span style=\"font-size: 20px;\"> Si nos efforts te d\u00e9livraient,<\/span><br \/>\n<span style=\"font-size: 20px;\"> Tes baisers ressusciteraient<\/span><br \/>\n<span style=\"font-size: 20px;\"> Le cadavre de ton vampire ! \u00bb\u00a0<\/span><\/p>\n<div style=\"text-align: center;\"><a href=\"https:\/\/fr.wikipedia.org\/wiki\/Charles_Baudelaire\" target=\"_blank\" rel=\"noopener noreferrer\">Charles Baudelaire<\/a> &#8211; <a href=\"https:\/\/fr.wikipedia.org\/wiki\/Les_Fleurs_du_mal\" target=\"_blank\" rel=\"noopener noreferrer\">Les Fleurs du Mal<\/a><\/div>\n<\/td>\n<\/tr>\n<tr>\n<td style=\"width: 49.7462%; vertical-align: top;\">\n<div><img loading=\"lazy\" decoding=\"async\" class=\"wp-image-10579 size-full aligncenter\" style=\"font-family: inherit; font-size: inherit;\" title=\"charles baudelaire le vampire - Edvard Munch - Lovisolo - Charles Baudelaire - les fleurs du mal\" src=\"https:\/\/frank-lovisolo.fr\/WordPress\/wp-content\/uploads\/2010\/05\/Le-Vampire.jpg\" alt=\"charles baudelaire le vampire - Edvard Munch - Lovisolo - Charles Baudelaire - les fleurs du mal\" width=\"1024\" height=\"838\" srcset=\"https:\/\/frank-lovisolo.fr\/WordPress\/wp-content\/uploads\/2010\/05\/Le-Vampire.jpg 1024w, https:\/\/frank-lovisolo.fr\/WordPress\/wp-content\/uploads\/2010\/05\/Le-Vampire-560x458.jpg 560w, https:\/\/frank-lovisolo.fr\/WordPress\/wp-content\/uploads\/2010\/05\/Le-Vampire-867x709.jpg 867w, https:\/\/frank-lovisolo.fr\/WordPress\/wp-content\/uploads\/2010\/05\/Le-Vampire-183x150.jpg 183w, https:\/\/frank-lovisolo.fr\/WordPress\/wp-content\/uploads\/2010\/05\/Le-Vampire-150x122.jpg 150w\" sizes=\"auto, (max-width: 1024px) 100vw, 1024px\" \/><\/div>\n<p style=\"text-align: center;\"><span style=\"font-size: 20px;\"><a href=\"https:\/\/fr.wikipedia.org\/wiki\/Edvard_Munch\" target=\"_blank\" rel=\"noopener\">Edvard Munch<\/a> &#8211; le Vampire (1893)<br \/>\n<\/span><\/p>\n<\/td>\n<\/tr>\n<tr style=\"height: 24px;\">\n<td style=\"width: 49.7462%; text-align: center; vertical-align: top;\">\n<div style=\"text-align: justify;\">\n<div id=\"attachment_41569\" style=\"width: 729px\" class=\"wp-caption aligncenter\"><img loading=\"lazy\" decoding=\"async\" aria-describedby=\"caption-attachment-41569\" class=\"wp-image-41569 size-full\" src=\"https:\/\/frank-lovisolo.fr\/WordPress\/wp-content\/uploads\/2010\/05\/Baudelaire-et-ApollonieThomas-Couture-1860.jpg\" alt=\"Baudelaire et Apollonie,Thomas Couture, 1860\" width=\"719\" height=\"900\" title=\"-\" srcset=\"https:\/\/frank-lovisolo.fr\/WordPress\/wp-content\/uploads\/2010\/05\/Baudelaire-et-ApollonieThomas-Couture-1860.jpg 719w, https:\/\/frank-lovisolo.fr\/WordPress\/wp-content\/uploads\/2010\/05\/Baudelaire-et-ApollonieThomas-Couture-1860-460x576.jpg 460w, https:\/\/frank-lovisolo.fr\/WordPress\/wp-content\/uploads\/2010\/05\/Baudelaire-et-ApollonieThomas-Couture-1860-120x150.jpg 120w\" sizes=\"auto, (max-width: 719px) 100vw, 719px\" \/><p id=\"caption-attachment-41569\" class=\"wp-caption-text\">Baudelaire et <a href=\"https:\/\/fr.wikipedia.org\/wiki\/Apollonie_Sabatier\" target=\"_blank\" rel=\"noopener\">Apollonie<\/a>,\u00a0 <a href=\"https:\/\/fr.wikipedia.org\/wiki\/Thomas_Couture\" target=\"_blank\" rel=\"noopener\">Thomas Couture<\/a>, 1860<\/p><\/div>\n<\/div>\n<div><\/div>\n<div style=\"text-align: justify;\"><span style=\"font-size: 20px;\"><em>Le rendez-vous charnel commence le soir, Baudelaire rencontre Apollonie et \u00e7a se termine quelques heures plus tard. Baudelaire fut amoureux fou d&rsquo;Apollonie Sabatier pendant cinq ans, lui \u00e9crivit des po\u00e8mes qu&rsquo;il lui envoyait par la poste, d&rsquo;une \u00e9criture d\u00e9guis\u00e9e.<br \/>\nC\u00e9line Debayle<\/em><\/span><\/div>\n<\/td>\n<\/tr>\n<tr>\n<td style=\"width: 49.7462%; text-align: center; vertical-align: top;\">\n<p style=\"text-align: justify;\" data-start=\"167\" data-end=\"403\"><span style=\"font-size: 20px;\">Dans <em data-start=\"172\" data-end=\"188\">\u00ab Le Vampire \u00bb<\/em>, Baudelaire d\u00e9crit une femme compar\u00e9e \u00e0 un monstre qui d\u00e9vore l\u2019\u00e2me du po\u00e8te. Cette figure f\u00e9minine devient un <strong data-start=\"300\" data-end=\"322\">vampire symbolique<\/strong>, incarnation du mal, de la d\u00e9pendance affective et de la souffrance amoureuse.<\/span><\/p>\n<p style=\"text-align: justify;\" data-start=\"405\" data-end=\"656\"><span style=\"font-size: 20px;\">Le po\u00e8me montre comment l\u2019amour peut devenir une <strong data-start=\"454\" data-end=\"476\">force destructrice<\/strong>, qui encha\u00eene l\u2019\u00eatre aim\u00e9 malgr\u00e9 la volont\u00e9 de s\u2019en lib\u00e9rer. Le ton oscille entre <strong data-start=\"559\" data-end=\"600\">d\u00e9sespoir, mal\u00e9diction et fascination<\/strong>, car le po\u00e8te reste attir\u00e9 par ce mal qui le d\u00e9truit.<\/span><\/p>\n<p style=\"text-align: justify;\" data-start=\"658\" data-end=\"802\"><span style=\"font-size: 20px;\">L&rsquo;enjeu essentiel : Baudelaire transforme la femme en <strong data-start=\"712\" data-end=\"732\">all\u00e9gorie du Mal<\/strong>, r\u00e9v\u00e9lant le pouvoir ravageur de la passion dans <em data-start=\"782\" data-end=\"801\">Les Fleurs du Mal<\/em>.<\/span><\/p>\n<div style=\"text-align: justify;\">\n<div class=\"mceTemp\" style=\"text-align: justify;\"><\/div>\n<\/div>\n<\/td>\n<\/tr>\n<tr>\n<td style=\"width: 49.7462%;\">\n<div style=\"text-align: center;\"><span style=\"font-size: 20px;\">You who, like the stab of a knife,<br \/>\nEntered my plaintive heart;<br \/>\nYou who, strong as a herd<br \/>\nOf demons, came, ardent and adorned,<\/span><\/div>\n<div style=\"text-align: center;\"><span style=\"font-size: 20px;\">To make your bed and your domain<\/span><br \/>\n<span style=\"font-size: 20px;\"> Of my humiliated mind<\/span><\/div>\n<div style=\"text-align: center;\"><span style=\"font-size: 20px;\"> \u2014 Infamous bitch to whom I&rsquo;m bound<\/span><br \/>\n<span style=\"font-size: 20px;\"> Like the convict to his chain,<\/span><br \/>\n<span style=\"font-size: 20px;\"> Like the stubborn gambler to the game,<\/span><br \/>\n<span style=\"font-size: 20px;\"> Like the drunkard to his wine,<\/span><br \/>\n<span style=\"font-size: 20px;\"> Like the maggots to the corpse,<\/span><\/div>\n<div style=\"text-align: center;\"><span style=\"font-size: 20px;\"> \u2014 Accurst, accurst be you!<\/span><br \/>\n<span style=\"font-size: 20px;\"> I begged the swift poniard<\/span><br \/>\n<span style=\"font-size: 20px;\"> To gain for me my liberty,<\/span><br \/>\n<span style=\"font-size: 20px;\"> I asked perfidious poison<\/span><br \/>\n<span style=\"font-size: 20px;\"> To give aid to my cowardice.<\/span><\/div>\n<div style=\"text-align: center;\"><span style=\"font-size: 20px;\"> Alas! both poison and the knife<\/span><br \/>\n<span style=\"font-size: 20px;\"> Contemptuously said to me:<\/span><br \/>\n<span style=\"font-size: 20px;\"> \u00ab\u00a0You do not deserve to be freed<\/span><br \/>\n<span style=\"font-size: 20px;\"> From your accursed slavery,<\/span><\/div>\n<div style=\"text-align: center;\"><span style=\"font-size: 20px;\"> Fool! \u2014 if from her domination<\/span><br \/>\n<span style=\"font-size: 20px;\"> Our efforts could deliver you,<\/span><br \/>\n<span style=\"font-size: 20px;\"> Your kisses would resuscitate<\/span><br \/>\n<span style=\"font-size: 20px;\"> The cadaver of your vampire!\u00a0\u00bb<\/span><\/div>\n<div style=\"text-align: center;\">\u00a0William Aggeler, <a href=\"https:\/\/en.wikisource.org\/wiki\/Author:Charles_Baudelaire\" target=\"_blank\" rel=\"noopener noreferrer\">The Flowers of Evil<\/a><\/div>\n<div style=\"text-align: center;\">(Fresno, CA: Academy Library Guild, 1954)<\/div>\n<\/td>\n<\/tr>\n<tr style=\"height: 0px;\">\n<td style=\"width: 49.7462%;\">\n<p style=\"text-align: center;\"><a href=\"https:\/\/baudelaireinabox.wordpress.com\/\" target=\"_blank\" rel=\"noopener noreferrer\">https:\/\/baudelaireinabox.wordpress.com\/<\/a><\/p>\n<\/td>\n<\/tr>\n<\/tbody>\n<\/table>\n<table style=\"width: 100%; border-collapse: collapse;\" cellpadding=\"10\">\n<tbody>\n<tr>\n<td style=\"width: 100%;\">lire :<\/p>\n<h5 class=\"product-title\"><span class=\"ez-toc-section\" id=\"anomie-vampirique-anemie-sociale-pour-une-sociologie-du-vampire-au-cinema\"><\/span><span style=\"font-size: 24px;\"><strong>Anomie vampirique, an\u00e9mie sociale. Pour une sociologie du vampire au cin\u00e9ma<\/strong><\/span><span class=\"ez-toc-section-end\"><\/span><\/h5>\n<p><span style=\"color: #ffffff;\">&#8211;<\/span><\/p>\n<p class=\"authors\"><a href=\"https:\/\/data.bnf.fr\/14433093\/nathalie_bilger\/\" target=\"_blank\" rel=\"noopener\">Nathalie Bilger<\/a> <a href=\"https:\/\/frank-lovisolo.fr\/WordPress\/wp-content\/uploads\/2011\/10\/9782747520744FS.gif\"><img loading=\"lazy\" decoding=\"async\" class=\" alignright wp-image-14177 size-full\" title=\"Nathalie Bilger - Anomie vampirique, an\u00e9mie sociale. Pour une sociologie du vampire au cin\u00e9ma\" src=\"https:\/\/frank-lovisolo.fr\/WordPress\/wp-content\/uploads\/2011\/10\/9782747520744FS.gif\" alt=\"Nathalie Bilger - Anomie vampirique, an\u00e9mie sociale. Pour une sociologie du vampire au cin\u00e9ma\" width=\"313\" height=\"500\" \/><\/a><\/p>\n<p class=\"authors\" style=\"text-align: justify;\">R\u00e9sum\u00e9 :<\/p>\n<div class=\"mceTemp\"><\/div>\n<p style=\"text-align: justify;\"><span style=\"font-size: 20px;\">La soci\u00e9t\u00e9 du XXe\u00a0si\u00e8cle, gr\u00e2ce \u00e0 un outil de recherche comme le cin\u00e9ma fantastique (en particulier les films de vampires, de 1922 \u00e0 nos jours), nous montre une \u00e9volution radicale dans diff\u00e9rents champs d\u2019analyse\u00a0: la violence, la sexualit\u00e9 et la religion. \u00c0 partir de mythes ancr\u00e9s au plus profond de l\u2019imaginaire collectif, le vampire principalement, le sang secondairement, nous constatons une anomie install\u00e9e dans la soci\u00e9t\u00e9. Le concept de Durkheim s\u2019applique \u00e0 l\u2019individu ainsi qu\u2019a la collectivit\u00e9 \u00ab\u2009prisonniers\u2009\u00bb tous deux dans une soci\u00e9t\u00e9 du regard.<\/span><\/p>\n<p style=\"text-align: justify;\"><span style=\"font-size: 20px;\">C\u2019est l\u2019image et les m\u00e9dias qui s\u2019y rapportent qui d\u00e9tiennent le pouvoir et ceux-ci peuvent s\u2019av\u00e9rer dangereux en proposant une information-spectacle qui entraine une confusion r\u00e9alit\u00e9\/fiction. C\u2019est le r\u00e9sultat d\u2019une soci\u00e9t\u00e9 technologique dans laquelle les progr\u00e8s sont constants. Cela am\u00e8ne l\u2019individu dans une soci\u00e9t\u00e9 exempte de tous rep\u00e8res, dans laquelle le lien social perd son sens, dans laquelle l\u2019\u00e9thique est remise en cause.<\/span><\/p>\n<p style=\"text-align: justify;\"><span style=\"font-size: 20px;\">\u00c0 ce stade, on s\u2019interroge sur le r\u00f4le du cin\u00e9ma fantastique\u00a0: l\u2019art par ses \u0153uvres peut-il avoir un effet de catharsis ou au contraire un effet d\u00e9vastateur dans les esprits\u2009? Il est in\u00e9luctable que la soci\u00e9t\u00e9 a besoin de mythes pour survivre et vaincre ses peurs existentielles. Le mythe du vampire, parce qu\u2019il reste un mythe envers et contre tout, peut participer \u00e0 cette victoire sur la condition humaine.<\/span><\/p>\n<div id=\"attachment_46141\" style=\"width: 470px\" class=\"wp-caption alignleft\"><img loading=\"lazy\" decoding=\"async\" aria-describedby=\"caption-attachment-46141\" class=\"size-medium wp-image-46141\" src=\"https:\/\/frank-lovisolo.fr\/WordPress\/wp-content\/uploads\/2010\/05\/dracula-03-1-460x314.jpg\" alt=\"- - -\" width=\"460\" height=\"314\" title=\"-\" srcset=\"https:\/\/frank-lovisolo.fr\/WordPress\/wp-content\/uploads\/2010\/05\/dracula-03-1-460x314.jpg 460w, https:\/\/frank-lovisolo.fr\/WordPress\/wp-content\/uploads\/2010\/05\/dracula-03-1-768x524.jpg 768w, https:\/\/frank-lovisolo.fr\/WordPress\/wp-content\/uploads\/2010\/05\/dracula-03-1-220x150.jpg 220w, https:\/\/frank-lovisolo.fr\/WordPress\/wp-content\/uploads\/2010\/05\/dracula-03-1-150x102.jpg 150w, https:\/\/frank-lovisolo.fr\/WordPress\/wp-content\/uploads\/2010\/05\/dracula-03-1.jpg 1024w\" sizes=\"auto, (max-width: 460px) 100vw, 460px\" \/><p id=\"caption-attachment-46141\" class=\"wp-caption-text\">Bram Stoker&rsquo;s Dracula<\/p><\/div>\n<p style=\"text-align: justify;\"><span style=\"font-size: 20px;\">La r\u00e9alit\u00e9 virtuelle peut elle aussi aider l\u2019individu, mais l\u00e0, le ph\u00e9nom\u00e8ne naissant peut nous laisser dubitatifs quant \u00e0 ses vertus.<\/span><\/p>\n<p style=\"text-align: justify;\"><span style=\"font-size: 20px;\">La violence associ\u00e9e \u00e0 une surench\u00e8re d\u2019images de sang, une sexualit\u00e9 d\u00e9brid\u00e9e, une perte de rep\u00e8res religieux, voil\u00e0 ce que nous apprend une \u00e9tude sociologique \u00e0 partir de l\u2019\u00e9volution des films de vampires tout au long du XXe\u00a0si\u00e8cle\u00a0: la soci\u00e9t\u00e9 en perp\u00e9tuel renouveau fait resurgir, gr\u00e2ce au cin\u00e9ma en l\u2019occurrence, un concept cher aux sociologues, celui d\u2019anomie.<\/span><\/p>\n<p style=\"text-align: justify;\"><span style=\"font-size: 20px;\">Ainsi, une question se pose\u00a0: se trouve-t-on dans une soci\u00e9t\u00e9 souffrant de pathologies ou tout simplement doit-on consid\u00e9rer l\u2019anomie comme une forme \u00ab\u2009normale\u2009\u00bb de la vie sociale\u2009? Cette \u00e9tude, qui prend pleinement sa place dans une recherche sur l\u2019art (riche d\u2019enseignements) et la soci\u00e9t\u00e9 repr\u00e9sente un pas de plus vers une meilleure compr\u00e9hension des m\u00e9canismes rattach\u00e9s \u00e0 notre soci\u00e9t\u00e9 par le biais d\u2019\u00e9v\u00e9nements touchant \u00e0 la violence grandissante, \u00e0 la sexualit\u00e9 montr\u00e9e et \u00e0 la perte du \u00ab\u2009pouvoir\u2009\u00bb du religieux, ce qui concerne chaque individu\u2026 Sommaire\u00a0:<\/span><\/p>\n<ul>\n<li style=\"text-align: justify;\"><span style=\"font-size: 20px;\">Vampire et sang\u00a0: des mythes et des images \u00e9troitement associ\u00e9es<\/span><\/li>\n<li style=\"text-align: justify;\"><span style=\"font-size: 20px;\">Le vampire \u00e0 l\u2019\u00e9cran\u00a0: un outil appropri\u00e9 d\u2019analyse sociologique<\/span><\/li>\n<li style=\"text-align: justify;\"><span style=\"font-size: 20px;\">\u00c9volution des images du sang dans les films de vampires de 1922 \u00e0 1993<\/span><\/li>\n<li style=\"text-align: justify;\"><span style=\"font-size: 20px;\">Les films de vampires r\u00e9v\u00e9lateurs et facteurs d\u2019anomie\u2009?<\/span><\/li>\n<li style=\"text-align: justify;\"><span style=\"font-size: 20px;\">Mythe du vampire et cin\u00e9ma fantastique dans une soci\u00e9t\u00e9 du regard<\/span><\/li>\n<\/ul>\n<p>_________________________________________________________________________________<\/p>\n<p style=\"text-align: justify;\"><strong><img loading=\"lazy\" decoding=\"async\" class=\"alignleft wp-image-14178\" title=\"Nathalie Bilger- Axelline - lovisolo\" src=\"https:\/\/frank-lovisolo.fr\/WordPress\/wp-content\/uploads\/2011\/10\/NatAxelline-2-200x300.jpg\" alt=\"Nathalie Bilger- Axelline - lovisolo\" width=\"109\" height=\"164\" srcset=\"https:\/\/frank-lovisolo.fr\/WordPress\/wp-content\/uploads\/2011\/10\/NatAxelline-2-200x300.jpg 200w, https:\/\/frank-lovisolo.fr\/WordPress\/wp-content\/uploads\/2011\/10\/NatAxelline-2-200x300-100x150.jpg 100w\" sizes=\"auto, (max-width: 109px) 100vw, 109px\" \/>Nathalie Bilger<\/strong><\/p>\n<p style=\"text-align: justify;\">est Docteur en Sociologie, membre du Laboratoire de Sociologie et d\u2019Anthropologie de l\u2019Universit\u00e9 de Franche-Comt\u00e9. Forte de son exp\u00e9rience, elle d\u00e9tient \u00e9galement une licence de psychologie et a r\u00e9dig\u00e9 plusieurs articles illustrant le cin\u00e9ma de genre fantastique. Le th\u00e8me de sa prochaine \u00e9tude se rapportera \u00e0 la musique \u00ab\u2009rock\u2009\u00bb qui passionne \u00e9galement notre captivante \u00ab\u2009Vampiro-Sociologue\u2009\u00bb qui y fera \u00e9tat de \u00ab\u2009la ma\u00eetrise de la violence collective trouvant sa source dans la relation public\/artiste\u2009\u00bb.<\/p>\n<p style=\"text-align: justify;\"><a href=\"http:\/\/www.morsure.net\/societe\/sociologiquement-vampirique\/\" target=\"_blank\" rel=\"noopener noreferrer\">&gt;&gt;&gt;&gt; [la suite]<\/a><\/p>\n<\/td>\n<\/tr>\n<\/tbody>\n<\/table>\n<h6><span class=\"ez-toc-section\" id=\"le-vampire-charles-baudelaire-le-vampire\"><\/span><span style=\"color: #ffffff;\">Le Vampire<\/span><a id=\"com\"><\/a>\u00a0\u00a0<span style=\"color: #ffffff;\">charles baudelaire le vampire<\/span><span class=\"ez-toc-section-end\"><\/span><\/h6>\n<\/div>\n<div id=\"ez-toc-container\" class=\"ez-toc-v2_0_82_2 ez-toc-wrap-center counter-hierarchy ez-toc-counter ez-toc-light-blue ez-toc-container-direction\">\n<label for=\"ez-toc-cssicon-toggle-item-69f04ba84c0da\" class=\"ez-toc-cssicon-toggle-label\"><p class=\"ez-toc-title\" style=\"cursor:inherit\">Table des mati\u00e8res<\/p>\n<span class=\"ez-toc-cssicon\"><span class=\"eztoc-hide\" style=\"display:none;\">Toggle<\/span><span class=\"ez-toc-icon-toggle-span\"><svg style=\"fill: #999;color:#999\" xmlns=\"http:\/\/www.w3.org\/2000\/svg\" class=\"list-377408\" width=\"20px\" height=\"20px\" viewBox=\"0 0 24 24\" fill=\"none\"><path d=\"M6 6H4v2h2V6zm14 0H8v2h12V6zM4 11h2v2H4v-2zm16 0H8v2h12v-2zM4 16h2v2H4v-2zm16 0H8v2h12v-2z\" fill=\"currentColor\"><\/path><\/svg><svg style=\"fill: #999;color:#999\" class=\"arrow-unsorted-368013\" xmlns=\"http:\/\/www.w3.org\/2000\/svg\" width=\"10px\" height=\"10px\" viewBox=\"0 0 24 24\" version=\"1.2\" baseProfile=\"tiny\"><path d=\"M18.2 9.3l-6.2-6.3-6.2 6.3c-.2.2-.3.4-.3.7s.1.5.3.7c.2.2.4.3.7.3h11c.3 0 .5-.1.7-.3.2-.2.3-.5.3-.7s-.1-.5-.3-.7zM5.8 14.7l6.2 6.3 6.2-6.3c.2-.2.3-.5.3-.7s-.1-.5-.3-.7c-.2-.2-.4-.3-.7-.3h-11c-.3 0-.5.1-.7.3-.2.2-.3.5-.3.7s.1.5.3.7z\"\/><\/svg><\/span><\/span><\/label><input type=\"checkbox\"  id=\"ez-toc-cssicon-toggle-item-69f04ba84c0da\" checked \/><nav><ul class='ez-toc-list ez-toc-list-level-1 ' ><li class='ez-toc-page-1 ez-toc-heading-level-5'><a class=\"ez-toc-link ez-toc-heading-1\" href=\"https:\/\/frank-lovisolo.fr\/WordPress\/charles-baudelaire-le-vampire\/#anomie-vampirique-anemie-sociale-pour-une-sociologie-du-vampire-au-cinema\" >Anomie vampirique, an\u00e9mie sociale. Pour une sociologie du vampire au cin\u00e9ma<\/a><ul class='ez-toc-list-level-6' ><li class='ez-toc-heading-level-6'><a class=\"ez-toc-link ez-toc-heading-2\" href=\"https:\/\/frank-lovisolo.fr\/WordPress\/charles-baudelaire-le-vampire\/#le-vampire-charles-baudelaire-le-vampire\" >Le Vampire\u00a0\u00a0charles baudelaire le vampire<\/a><\/li><\/ul><\/li><\/ul><\/nav><\/div>\n","protected":false},"excerpt":{"rendered":"<p><span class=\"span-reading-time rt-reading-time\" style=\"display: block;\"><span class=\"rt-label rt-prefix\">Reading Time: <\/span> <span class=\"rt-time\"> 5<\/span> <span class=\"rt-label rt-postfix\">minutes<\/span><\/span>\u2026 <a class=\"continue-reading-link\" href=\"https:\/\/frank-lovisolo.fr\/WordPress\/charles-baudelaire-le-vampire\/\">Suite &#8211; Continue reading<\/a><\/p>\n","protected":false},"author":1,"featured_media":47986,"comment_status":"open","ping_status":"open","sticky":false,"template":"","format":"standard","meta":{"footnotes":""},"categories":[1,359,10,513,18,355],"tags":[3224,3,415,1703,1690,12,244,1625,1702,3223,188],"class_list":["post-2065","post","type-post","status-publish","format-standard","has-post-thumbnail","hentry","category-tous-les-articles","category-charles-baudelaire-3","category-jazz","category-music-compositions","category-rock","category-musique-et-texte","tag-apollonie-sabatier","tag-charles-baudelaire","tag-charles-baudelaire-le-vampire","tag-edvard-munch","tag-les-fleurs-du-mal","tag-music-with-text","tag-poesie","tag-rock","tag-the-flowers-of-evil","tag-thomas-couture","tag-le-vampire"],"_links":{"self":[{"href":"https:\/\/frank-lovisolo.fr\/WordPress\/wp-json\/wp\/v2\/posts\/2065","targetHints":{"allow":["GET"]}}],"collection":[{"href":"https:\/\/frank-lovisolo.fr\/WordPress\/wp-json\/wp\/v2\/posts"}],"about":[{"href":"https:\/\/frank-lovisolo.fr\/WordPress\/wp-json\/wp\/v2\/types\/post"}],"author":[{"embeddable":true,"href":"https:\/\/frank-lovisolo.fr\/WordPress\/wp-json\/wp\/v2\/users\/1"}],"replies":[{"embeddable":true,"href":"https:\/\/frank-lovisolo.fr\/WordPress\/wp-json\/wp\/v2\/comments?post=2065"}],"version-history":[{"count":2,"href":"https:\/\/frank-lovisolo.fr\/WordPress\/wp-json\/wp\/v2\/posts\/2065\/revisions"}],"predecessor-version":[{"id":52417,"href":"https:\/\/frank-lovisolo.fr\/WordPress\/wp-json\/wp\/v2\/posts\/2065\/revisions\/52417"}],"wp:featuredmedia":[{"embeddable":true,"href":"https:\/\/frank-lovisolo.fr\/WordPress\/wp-json\/wp\/v2\/media\/47986"}],"wp:attachment":[{"href":"https:\/\/frank-lovisolo.fr\/WordPress\/wp-json\/wp\/v2\/media?parent=2065"}],"wp:term":[{"taxonomy":"category","embeddable":true,"href":"https:\/\/frank-lovisolo.fr\/WordPress\/wp-json\/wp\/v2\/categories?post=2065"},{"taxonomy":"post_tag","embeddable":true,"href":"https:\/\/frank-lovisolo.fr\/WordPress\/wp-json\/wp\/v2\/tags?post=2065"}],"curies":[{"name":"wp","href":"https:\/\/api.w.org\/{rel}","templated":true}]}}