{"id":20099,"date":"2016-05-19T09:30:42","date_gmt":"2016-05-19T07:30:42","guid":{"rendered":"https:\/\/frank-lovisolo.fr\/WordPress\/?page_id=20099"},"modified":"2020-07-22T23:27:06","modified_gmt":"2020-07-22T21:27:06","slug":"images-supprimees-de-facebook","status":"publish","type":"post","link":"https:\/\/frank-lovisolo.fr\/WordPress\/images-supprimees-de-facebook\/","title":{"rendered":"Images supprim\u00e9es de Facebook"},"content":{"rendered":"<span class=\"span-reading-time rt-reading-time\" style=\"display: block;\"><span class=\"rt-label rt-prefix\">Reading Time: <\/span> <span class=\"rt-time\"> 3<\/span> <span class=\"rt-label rt-postfix\">minutes<\/span><\/span><p><span style=\"color: #ffffff;\">Facebook<\/span><\/p>\n<table style=\"width: 100%;\">\n<tbody>\n<tr>\n<td style=\"width: 34%; text-align: right; vertical-align: top;\">\n<audio class=\"wp-audio-shortcode\" id=\"audio-20099-1\" loop autoplay style=\"width: 100%;\" controls=\"controls\"><source type=\"audio\/mpeg\" src=\"http:\/\/frank-lovisolo.fr\/cat\/m3p\/Nature%20Morte%203.mp3?_=1\" \/><a href=\"http:\/\/frank-lovisolo.fr\/cat\/m3p\/Nature%20Morte%203.mp3\">http:\/\/frank-lovisolo.fr\/cat\/m3p\/Nature%20Morte%203.mp3<\/a><\/audio>\n<\/td>\n<td style=\"width: 33%; text-align: center; vertical-align: top;\">\u00e0 l&rsquo;\u00e9coute :\u00a0<a href=\"https:\/\/frank-lovisolo.fr\/WordPress\/nature-morte-3-de-rerum-natura\/\">Nature Morte III<\/a><\/td>\n<td style=\"width: 33%; text-align: left; vertical-align: top;\">\n<div><span style=\"font-size: 20px;\"><a href=\"https:\/\/frank-lovisolo.fr\/WordPress\/images-supprimees-de-facebook\/#com\"><img loading=\"lazy\" decoding=\"async\" class=\"wp-image-15068 alignright\" src=\"https:\/\/frank-lovisolo.fr\/WordPress\/wp-content\/uploads\/2015\/06\/ComBleu.jpg\" alt=\"ComGris\" width=\"240\" height=\"20\" title=\"-\"><\/a><\/span><\/div>\n<\/td>\n<\/tr>\n<\/tbody>\n<\/table>\n<table style=\"width: 100%;\">\n<tbody>\n<tr style=\"height: 64px;\">\n<td style=\"height: 64px;\" colspan=\"2\">\n<blockquote>\n<div style=\"text-align: justify;\">Par prudence, j&rsquo;ai supprim\u00e9 beaucoup de mes images de ma page \u00abFacebook\u00bb. Des ambigu\u00eft\u00e9s dans le r\u00e8glement peut-\u00eatre, la grossi\u00e8ret\u00e9 de certains internautes,\u00a0certainement.\u00a0J&rsquo;ai trouv\u00e9, en\u00a0quelques endroits, mes photographies qui n&rsquo;avaient point \u00e0 y \u00eatre. \u00a0Il ne s&rsquo;agissait pas d&rsquo;un sympathique partage mais d&rsquo;une utilisation irr\u00e9v\u00e9rencieuse d&rsquo;icelles&#8230;<\/div>\n<\/blockquote>\n<\/td>\n<\/tr>\n<tr style=\"height: 121px;\">\n<td style=\"height: 121px; text-align: center;\" colspan=\"2\">\n<hr \/>\n<div style=\"text-align: center;\">\u00a0[Galerie  non trouv\u00e9e]<\/div>\n<div style=\"text-align: center;\">\n<hr \/>\n<\/div>\n<\/td>\n<\/tr>\n<tr style=\"height: 720px;\">\n<td style=\"width: 50%; text-align: justify; height: 720px;\" colspan=\"2\">\n<h4 style=\"text-align: left;\"><img loading=\"lazy\" decoding=\"async\" class=\"alignleft wp-image-20103 size-full\" title=\"Images Supprim\u00e9es de Facebook\" src=\"https:\/\/frank-lovisolo.fr\/WordPress\/wp-content\/uploads\/2016\/05\/FB-0330.jpg\" alt=\"Images Supprim\u00e9es de Facebook\" width=\"337\" height=\"600\" srcset=\"https:\/\/frank-lovisolo.fr\/WordPress\/wp-content\/uploads\/2016\/05\/FB-0330.jpg 337w, https:\/\/frank-lovisolo.fr\/WordPress\/wp-content\/uploads\/2016\/05\/FB-0330-84x150.jpg 84w, https:\/\/frank-lovisolo.fr\/WordPress\/wp-content\/uploads\/2016\/05\/FB-0330-150x267.jpg 150w\" sizes=\"auto, (max-width: 337px) 100vw, 337px\" \/><img loading=\"lazy\" decoding=\"async\" class=\"alignright wp-image-20105\" title=\"Images Supprim\u00e9es de Facebook\" src=\"https:\/\/frank-lovisolo.fr\/WordPress\/wp-content\/uploads\/2016\/05\/FB-0350.jpg\" alt=\"Images Supprim\u00e9es de Facebook\" width=\"368\" height=\"246\" srcset=\"https:\/\/frank-lovisolo.fr\/WordPress\/wp-content\/uploads\/2016\/05\/FB-0350.jpg 809w, https:\/\/frank-lovisolo.fr\/WordPress\/wp-content\/uploads\/2016\/05\/FB-0350-560x374.jpg 560w, https:\/\/frank-lovisolo.fr\/WordPress\/wp-content\/uploads\/2016\/05\/FB-0350-768x513.jpg 768w, https:\/\/frank-lovisolo.fr\/WordPress\/wp-content\/uploads\/2016\/05\/FB-0350-225x150.jpg 225w, https:\/\/frank-lovisolo.fr\/WordPress\/wp-content\/uploads\/2016\/05\/FB-0350-150x100.jpg 150w\" sizes=\"auto, (max-width: 368px) 100vw, 368px\" \/>Extrait du r\u00e8glement Facebook<\/h4>\n<p style=\"text-align: justify;\"><b>Partage de votre contenu et de vos informations<\/b><\/p>\n<p>Le contenu et les informations que vous publiez sur Facebook vous appartiennent, et vous pouvez contr\u00f4ler la fa\u00e7on dont nous partageons votre contenu gr\u00e2ce aux param\u00e8tres de <a href=\"https:\/\/www.facebook.com\/login.php?next=https%3A%2F%2Fwww.facebook.com%2Fads%2Fpreferences%2F%3Fentry_product%3Dad_settings_screen\" target=\"_blank\" rel=\"noopener\">confidentialit\u00e9<\/a> et des <a href=\"https:\/\/www.facebook.com\/login.php?next=https%3A%2F%2Fwww.facebook.com%2Fads%2Fpreferences%2F%3Fentry_product%3Dad_settings_screen\" target=\"_blank\" rel=\"noopener\">applications<\/a>. En outre\u00a0:<\/p>\n<ol>\n<li><span style=\"background-color: #ccffcc;\">Pour le contenu prot\u00e9g\u00e9 par les droits de propri\u00e9t\u00e9 intellectuelle, comme les photos ou vid\u00e9os, vous nous donnez sp\u00e9cifiquement la permission suivante, conform\u00e9ment \u00e0 vos <a style=\"background-color: #ccffcc;\" href=\"https:\/\/www.facebook.com\/\" target=\"_blank\" rel=\"noopener\">param\u00e8tres de confidentialit\u00e9<\/a> et des <a style=\"background-color: #ccffcc;\" href=\"https:\/\/www.facebook.com\/login.php?next=https%3A%2F%2Fwww.facebook.com%2Fads%2Fpreferences%2F%3Fentry_product%3Dad_settings_screen\" target=\"_blank\" rel=\"noopener\">applications<\/a>\u00a0: vous nous accordez une licence non exclusive, transf\u00e9rable, sous-licenciable, sans redevance et mondiale pour l\u2019utilisation des contenus de propri\u00e9t\u00e9 intellectuelle que vous publiez sur Facebook ou en relation avec Facebook (licence de propri\u00e9t\u00e9 intellectuelle). Cette licence de propri\u00e9t\u00e9 intellectuelle se termine lorsque vous supprimez vos contenus de propri\u00e9t\u00e9 intellectuelle ou votre compte, sauf si votre compte est partag\u00e9 avec d\u2019autres personnes qui ne l\u2019ont pas supprim\u00e9.<\/span><\/li>\n<li><span style=\"background-color: #ffff99;\">Lorsque vous supprimez votre contenu de propri\u00e9t\u00e9 intellectuelle, ce contenu est supprim\u00e9 d\u2019une mani\u00e8re similaire au vidage de corbeille sur un ordinateur. Cependant, vous comprenez que les contenus supprim\u00e9s peuvent persister dans des copies de sauvegarde pendant un certain temps (mais qu\u2019ils ne sont pas disponibles).<\/span><\/li>\n<li>Lorsque vous utilisez une application, celle-ci est susceptible de solliciter votre autorisation afin de pouvoir acc\u00e9der \u00e0 vos contenus et informations ainsi qu\u2019\u00e0 ceux que d\u2019autres personnes ont partag\u00e9s avec vous.\u00a0 Nous requ\u00e9rons des applications qu\u2019elles respectent la confidentialit\u00e9 de vos donn\u00e9es, et c\u2019est l\u2019accord que vous donnez \u00e0 une application qui d\u00e9termine dans quelle mesure celle-ci est libre d\u2019utiliser, de conserver et de transf\u00e9rer ces contenus et informations.\u00a0 (Pour obtenir plus d\u2019informations au sujet de la Plate-forme et apprendre notamment de quelle mani\u00e8re vous pouvez contr\u00f4ler les types d\u2019informations pouvant \u00eatre partag\u00e9s avec d\u2019autres personnes par le biais des applications, nous vous invitons \u00e0 consulter notre <a href=\"https:\/\/www.facebook.com\/about\/privacy\/\" target=\"_blank\" rel=\"noopener\">Politique d\u2019utilisation des donn\u00e9es<\/a> et la <a href=\"https:\/\/developers.facebook.com\/docs\/\" target=\"_blank\" rel=\"noopener\">Page Plate-forme<\/a>.)<\/li>\n<li>Lorsque vous publiez du contenu ou des informations avec le param\u00e8tre Public, cela signifie que vous permettez \u00e0 tout le monde, y compris aux personnes qui n\u2019utilisent pas Facebook, d\u2019acc\u00e9der \u00e0 ces informations et de les utiliser, mais aussi de les associer \u00e0 vous (c\u2019est-\u00e0-dire votre nom et votre photo de profil).<\/li>\n<li>Nous appr\u00e9cions vos commentaires et vos suggestions concernant Facebook. Cependant, veuillez noter que nous pouvons les utiliser sans aucune obligation de r\u00e9mun\u00e9ration (tout comme vous n\u2019avez aucune obligation de nous les communiquer).<\/li>\n<\/ol>\n<\/td>\n<\/tr>\n<\/tbody>\n<\/table>\n<div style=\"text-align: center;\"><span style=\"color: #ffffff;\">&#8230;<\/span><a id=\"com\"><\/a><\/div>\n","protected":false},"excerpt":{"rendered":"<p><span class=\"span-reading-time rt-reading-time\" style=\"display: block;\"><span class=\"rt-label rt-prefix\">Reading Time: <\/span> <span class=\"rt-time\"> 3<\/span> <span class=\"rt-label rt-postfix\">minutes<\/span><\/span>\u2026 <a class=\"continue-reading-link\" href=\"https:\/\/frank-lovisolo.fr\/WordPress\/images-supprimees-de-facebook\/\">Suite &#8211; Continue reading<\/a><\/p>\n","protected":false},"author":1,"featured_media":20103,"comment_status":"open","ping_status":"open","sticky":false,"template":"","format":"standard","meta":{"footnotes":""},"categories":[16,1,490],"tags":[1937],"class_list":["post-20099","post","type-post","status-publish","format-standard","has-post-thumbnail","hentry","category-photographies","category-tous-les-articles","category-information","tag-reglement-facebook"],"_links":{"self":[{"href":"https:\/\/frank-lovisolo.fr\/WordPress\/wp-json\/wp\/v2\/posts\/20099","targetHints":{"allow":["GET"]}}],"collection":[{"href":"https:\/\/frank-lovisolo.fr\/WordPress\/wp-json\/wp\/v2\/posts"}],"about":[{"href":"https:\/\/frank-lovisolo.fr\/WordPress\/wp-json\/wp\/v2\/types\/post"}],"author":[{"embeddable":true,"href":"https:\/\/frank-lovisolo.fr\/WordPress\/wp-json\/wp\/v2\/users\/1"}],"replies":[{"embeddable":true,"href":"https:\/\/frank-lovisolo.fr\/WordPress\/wp-json\/wp\/v2\/comments?post=20099"}],"version-history":[{"count":0,"href":"https:\/\/frank-lovisolo.fr\/WordPress\/wp-json\/wp\/v2\/posts\/20099\/revisions"}],"wp:featuredmedia":[{"embeddable":true,"href":"https:\/\/frank-lovisolo.fr\/WordPress\/wp-json\/wp\/v2\/media\/20103"}],"wp:attachment":[{"href":"https:\/\/frank-lovisolo.fr\/WordPress\/wp-json\/wp\/v2\/media?parent=20099"}],"wp:term":[{"taxonomy":"category","embeddable":true,"href":"https:\/\/frank-lovisolo.fr\/WordPress\/wp-json\/wp\/v2\/categories?post=20099"},{"taxonomy":"post_tag","embeddable":true,"href":"https:\/\/frank-lovisolo.fr\/WordPress\/wp-json\/wp\/v2\/tags?post=20099"}],"curies":[{"name":"wp","href":"https:\/\/api.w.org\/{rel}","templated":true}]}}