{"id":172,"date":"2010-01-10T12:40:25","date_gmt":"2010-01-10T11:40:25","guid":{"rendered":"http:\/\/f.lovisolojob.free.fr\/Blog\/?p=172"},"modified":"2021-09-07T09:07:32","modified_gmt":"2021-09-07T07:07:32","slug":"prelude-alphonse-de-lamartine-l-isolement","status":"publish","type":"post","link":"https:\/\/frank-lovisolo.fr\/WordPress\/prelude-alphonse-de-lamartine-l-isolement\/","title":{"rendered":"Pr\u00e9lude &#8211; Alphonse de Lamartine: L&rsquo;isolement"},"content":{"rendered":"<span class=\"span-reading-time rt-reading-time\" style=\"display: block;\"><span class=\"rt-label rt-prefix\">Reading Time: <\/span> <span class=\"rt-time\"> 3<\/span> <span class=\"rt-label rt-postfix\">minutes<\/span><\/span><p><span style=\"color: #ffffff; font-size: 8px;\">Alphonse de Lamartine &#8211; L&rsquo;isolement &#8211; po\u00e9sie francaise<\/span><\/p>\n<table style=\"width: 100%;\">\n<tbody>\n<tr style=\"height: 36px;\">\n<td style=\"height: 36px;\"><a href=\"#com\"><img loading=\"lazy\" decoding=\"async\" class=\"alignright wp-image-15068 size-full\" title=\"Alphonse de Lamartine: L'isolement\" src=\"https:\/\/frank-lovisolo.fr\/WordPress\/wp-content\/uploads\/2015\/06\/ComGris.jpg\" alt=\"Alphonse de Lamartine: L'isolement\" width=\"250\" height=\"20\" srcset=\"https:\/\/frank-lovisolo.fr\/WordPress\/wp-content\/uploads\/2015\/06\/ComGris.jpg 250w, https:\/\/frank-lovisolo.fr\/WordPress\/wp-content\/uploads\/2015\/06\/ComGris-150x12.jpg 150w\" sizes=\"auto, (max-width: 250px) 100vw, 250px\" \/><\/a><\/td>\n<\/tr>\n<tr style=\"height: 96px;\">\n<td style=\"text-align: center;\"><span style=\"color: #000000; font-size: 20px;\">Que me font ces vallons, ces palais, ces chaumi\u00e8res,<\/span><br \/>\n<span style=\"color: #000000; font-size: 20px;\"> Vains objets dont pour moi le charme est envol\u00e9 ?<\/span><br \/>\n<span style=\"color: #000000; font-size: 20px;\"> Fleuves, rochers, for\u00eats, solitudes si ch\u00e8res,<\/span><br \/>\n<span style=\"color: #000000; font-size: 20px;\"> Un seul \u00eatre vous manque, et tout est d\u00e9peupl\u00e9&#8230;.<\/span><\/td>\n<\/tr>\n<tr style=\"height: 24px;\">\n<td style=\"height: 24px;\">\n<audio class=\"wp-audio-shortcode\" id=\"audio-172-1\" autoplay style=\"width: 100%;\" controls=\"controls\"><source type=\"audio\/mpeg\" src=\"http:\/\/frank-lovisolo.fr\/cat\/m3p\/Prelude.mp3?_=1\" \/><source type=\"audio\/ogg\" src=\"http:\/\/frank-lovisolo.fr\/cat\/ogg\/Prelude.ogg?_=1\" \/><a href=\"http:\/\/frank-lovisolo.fr\/cat\/m3p\/Prelude.mp3\">http:\/\/frank-lovisolo.fr\/cat\/m3p\/Prelude.mp3<\/a><\/audio>\n<\/td>\n<\/tr>\n<tr style=\"height: 24px;\">\n<td style=\"text-align: center;\">\n<h6><span class=\"ez-toc-section\" id=\"pour-lillustration-du-poeme-de-alphonse-de-lamartine-lisolement-for-the-illustration-of-the-poem-of-alphonse-of-lamartine-lisolement-insulation\"><\/span><span style=\"color: #000000;\">Pour l&rsquo;illustration du po\u00e8me de <span style=\"color: #3366ff;\"><a style=\"color: #3366ff;\" href=\"https:\/\/fr.wikipedia.org\/wiki\/Alphonse_de_Lamartine\" target=\"_blank\" rel=\"noopener noreferrer\">Alphonse de Lamartine<\/a><\/span>: L&rsquo;isolement<\/span><br \/>\n<span style=\"color: #000000;\">For the illustration of the poem of Alphonse of Lamartine: L&rsquo;isolement (Insulation)<\/span><span class=\"ez-toc-section-end\"><\/span><\/h6>\n<\/td>\n<\/tr>\n<tr style=\"height: 24px;\">\n<td>\n<h6><img loading=\"lazy\" decoding=\"async\" class=\"aligncenter\" title=\"Alphonse de lamartine: L'isolement\" src=\"https:\/\/frank-lovisolo.fr\/WordPress\/wp-content\/uploads\/2010\/01\/Aix-28-mai-2007-27052007-0009.jpg\" alt=\"Alphonse de lamartine: L'isolement\" width=\"700\" height=\"818\" \/><\/h6>\n<\/td>\n<\/tr>\n<tr style=\"height: 24px;\">\n<td style=\"text-align: center;\">\n<h6><span class=\"ez-toc-section\" id=\"texte-integral\"><\/span>Texte int\u00e9gral :<span class=\"ez-toc-section-end\"><\/span><\/h6>\n<h2><span class=\"ez-toc-section\" id=\"alphonse-de-lamartine-lisolement\"><\/span>Alphonse de Lamartine: L&rsquo;isolement<span class=\"ez-toc-section-end\"><\/span><\/h2>\n<address>Souvent sur la montagne, \u00e0 l&rsquo;ombre du vieux ch\u00eane,<br \/>\nAu coucher du soleil, tristement je m&rsquo;assieds ;<br \/>\nJe prom\u00e8ne au hasard mes regards sur la plaine,<br \/>\nDont le tableau changeant se d\u00e9roule \u00e0 mes pieds.<\/address>\n<address>\u00a0<\/address>\n<address>Ici gronde le fleuve aux vagues \u00e9cumantes ;<br \/>\nIl serpente, et s&rsquo;enfonce en un lointain obscur ;<br \/>\nL\u00e0 le lac immobile \u00e9tend ses eaux dormantes<br \/>\nO\u00f9 l&rsquo;\u00e9toile du soir se l\u00e8ve dans l&rsquo;azur.<\/address>\n<address>\u00a0<\/address>\n<address>Au sommet de ces monts couronn\u00e9s de bois sombres,<br \/>\nLe cr\u00e9puscule encor jette un dernier rayon ;<br \/>\nEt le char vaporeux de la reine des ombres<br \/>\nMonte, et blanchit d\u00e9j\u00e0 les bords de l&rsquo;horizon.<\/address>\n<address>\u00a0<\/address>\n<address>Cependant, s&rsquo;\u00e9lan\u00e7ant de la fl\u00e8che gothique,<br \/>\nUn son religieux se r\u00e9pand dans les airs :<br \/>\nLe voyageur s&rsquo;arr\u00eate, et la cloche rustique<br \/>\nAux derniers bruits du jour m\u00eale de saints concerts.<\/address>\n<address>\u00a0<\/address>\n<address>Mais \u00e0 ces doux tableaux mon \u00e2me indiff\u00e9rente<br \/>\nN&rsquo;\u00e9prouve devant eux ni charme ni transports ;<br \/>\nJe contemple la terre ainsi qu&rsquo;une ombre errante<br \/>\nLe soleil des vivants n&rsquo;\u00e9chauffe plus les morts.<\/address>\n<address>\u00a0<\/address>\n<address>De colline en colline en vain portant ma vue,<br \/>\nDu sud \u00e0 l&rsquo;aquilon, de l&rsquo;aurore au couchant,<br \/>\nJe parcours tous les points de l&rsquo;immense \u00e9tendue,<br \/>\nEt je dis : \u00a0\u00bb Nulle part le bonheur ne m&rsquo;attend. \u00ab\u00a0<\/address>\n<address>\u00a0<\/address>\n<address>Que me font ces vallons, ces palais, ces chaumi\u00e8res,<br \/>\nVains objets dont pour moi le charme est envol\u00e9 ?<br \/>\nFleuves, rochers, for\u00eats, solitudes si ch\u00e8res,<br \/>\nUn seul \u00eatre vous manque, et tout est d\u00e9peupl\u00e9 !<\/address>\n<address>\u00a0<\/address>\n<address>Que le tour du soleil ou commence ou s&rsquo;ach\u00e8ve,<br \/>\nD&rsquo;un \u0153il indiff\u00e9rent je le suis dans son cours ;<br \/>\nEn un ciel sombre ou pur qu&rsquo;il se couche ou se l\u00e8ve,<br \/>\nQu&rsquo;importe le soleil ? je n&rsquo;attends rien des jours.<\/address>\n<address>\u00a0<\/address>\n<address>Quand je pourrais le suivre en sa vaste carri\u00e8re,<br \/>\nMes yeux verraient partout le vide et les d\u00e9serts :<br \/>\nJe ne d\u00e9sire rien de tout ce qu&rsquo;il \u00e9claire;<br \/>\nJe ne demande rien \u00e0 l&rsquo;immense univers.<\/address>\n<address>\u00a0<\/address>\n<address>Mais peut-\u00eatre au-del\u00e0 des bornes de sa sph\u00e8re,<br \/>\nLieux o\u00f9 le vrai soleil \u00e9claire d&rsquo;autres cieux,<br \/>\nSi je pouvais laisser ma d\u00e9pouille \u00e0 la terre,<br \/>\nCe que j&rsquo;ai tant r\u00eav\u00e9 para\u00eetrait \u00e0 mes yeux !<\/address>\n<address>\u00a0<\/address>\n<address>L\u00e0, je m&rsquo;enivrerais \u00e0 la source o\u00f9 j&rsquo;aspire ;<br \/>\nL\u00e0, je retrouverais et l&rsquo;espoir et l&rsquo;amour,<br \/>\nEt ce bien id\u00e9al que toute \u00e2me d\u00e9sire,<br \/>\nEt qui n&rsquo;a pas de nom au terrestre s\u00e9jour !<\/address>\n<address>\u00a0<\/address>\n<address>Que ne pu\u00ees-je, port\u00e9 sur le char de l&rsquo;Aurore,<br \/>\nVague objet de mes v\u0153ux, m&rsquo;\u00e9lancer jusqu&rsquo;\u00e0 toi !<br \/>\nSur la terre d&rsquo;exil pourquoi rest\u00e9-je encore ?<br \/>\nIl n&rsquo;est rien de commun entre la terre et moi.<\/address>\n<address>\u00a0<\/address>\n<address>Quand l\u00e0 feuille des bois tombe dans la prairie,<br \/>\nLe vent du soir s&rsquo;\u00e9l\u00e8ve et l&rsquo;arrache aux vallons ;<br \/>\nEt moi, je suis semblable \u00e0 la feuille fl\u00e9trie :<br \/>\nEmportez-moi comme elle, orageux aquilons !<\/address>\n<address>\u00a0<\/address>\n<address><a href=\"https:\/\/www.facebook.com\/remy.durand.106\" target=\"_blank\" rel=\"noopener\">(1790-1869)<\/a><\/address>\n<\/td>\n<\/tr>\n<tr style=\"height: 24px;\">\n<td>\n<div id=\"attachment_17160\" style=\"width: 345px\" class=\"wp-caption aligncenter\"><a href=\"http:\/\/www.assemblee-nationale.fr\/histoire\/Lamartine.asp\" target=\"_blank\" rel=\"noopener noreferrer\"><img loading=\"lazy\" decoding=\"async\" aria-describedby=\"caption-attachment-17160\" class=\"wp-image-17160 size-full\" title=\"Alphonse de Lamartine: L'isolement\" src=\"https:\/\/frank-lovisolo.fr\/WordPress\/wp-content\/uploads\/2010\/01\/lamartine.jpg\" alt=\"Alphonse de Lamartine: L'isolement\" width=\"335\" height=\"425\" srcset=\"https:\/\/frank-lovisolo.fr\/WordPress\/wp-content\/uploads\/2010\/01\/lamartine.jpg 335w, https:\/\/frank-lovisolo.fr\/WordPress\/wp-content\/uploads\/2010\/01\/lamartine-118x150.jpg 118w\" sizes=\"auto, (max-width: 335px) 100vw, 335px\" \/><\/a><p id=\"caption-attachment-17160\" class=\"wp-caption-text\"><span style=\"font-size: 12px;\">Alphonse, Marie, Louis DE LAMARTINE (1790 &#8211; 1869)<\/span><\/p><\/div>\n<\/td>\n<\/tr>\n<\/tbody>\n<\/table>\n<address><span style=\"color: #ffffff;\">Alphonse de Lamartine: L&rsquo;isolement Alphonse de Lamartine: L&rsquo;isolement Alphonse de Lamartine: L&rsquo;isolement Alphonse de Lamartine: L&rsquo;isolement Alphonse de Lamartine: L&rsquo;isolement Alphonse de Lamartine: L&rsquo;isolement Alphonse de Lamartine: L&rsquo;isolement Alphonse de Lamartine: L&rsquo;isolement Alphonse de Lamartine: L&rsquo;isolement\u00a0000<\/span><a id=\"com\"><\/a><\/address>\n<div id=\"ez-toc-container\" class=\"ez-toc-v2_0_82_2 ez-toc-wrap-center counter-hierarchy ez-toc-counter ez-toc-light-blue ez-toc-container-direction\">\n<label for=\"ez-toc-cssicon-toggle-item-69edaf785f140\" class=\"ez-toc-cssicon-toggle-label\"><p class=\"ez-toc-title\" style=\"cursor:inherit\">Table des mati\u00e8res<\/p>\n<span class=\"ez-toc-cssicon\"><span class=\"eztoc-hide\" style=\"display:none;\">Toggle<\/span><span class=\"ez-toc-icon-toggle-span\"><svg style=\"fill: #999;color:#999\" xmlns=\"http:\/\/www.w3.org\/2000\/svg\" class=\"list-377408\" width=\"20px\" height=\"20px\" viewBox=\"0 0 24 24\" fill=\"none\"><path d=\"M6 6H4v2h2V6zm14 0H8v2h12V6zM4 11h2v2H4v-2zm16 0H8v2h12v-2zM4 16h2v2H4v-2zm16 0H8v2h12v-2z\" fill=\"currentColor\"><\/path><\/svg><svg style=\"fill: #999;color:#999\" class=\"arrow-unsorted-368013\" xmlns=\"http:\/\/www.w3.org\/2000\/svg\" width=\"10px\" height=\"10px\" viewBox=\"0 0 24 24\" version=\"1.2\" baseProfile=\"tiny\"><path d=\"M18.2 9.3l-6.2-6.3-6.2 6.3c-.2.2-.3.4-.3.7s.1.5.3.7c.2.2.4.3.7.3h11c.3 0 .5-.1.7-.3.2-.2.3-.5.3-.7s-.1-.5-.3-.7zM5.8 14.7l6.2 6.3 6.2-6.3c.2-.2.3-.5.3-.7s-.1-.5-.3-.7c-.2-.2-.4-.3-.7-.3h-11c-.3 0-.5.1-.7.3-.2.2-.3.5-.3.7s.1.5.3.7z\"\/><\/svg><\/span><\/span><\/label><input type=\"checkbox\"  id=\"ez-toc-cssicon-toggle-item-69edaf785f140\" checked \/><nav><ul class='ez-toc-list ez-toc-list-level-1 ' ><ul class='ez-toc-list-level-6' ><li class='ez-toc-heading-level-6'><ul class='ez-toc-list-level-6' ><li class='ez-toc-heading-level-6'><ul class='ez-toc-list-level-6' ><li class='ez-toc-heading-level-6'><ul class='ez-toc-list-level-6' ><li class='ez-toc-heading-level-6'><a class=\"ez-toc-link ez-toc-heading-1\" href=\"https:\/\/frank-lovisolo.fr\/WordPress\/prelude-alphonse-de-lamartine-l-isolement\/#pour-lillustration-du-poeme-de-alphonse-de-lamartine-lisolement-for-the-illustration-of-the-poem-of-alphonse-of-lamartine-lisolement-insulation\" >Pour l&rsquo;illustration du po\u00e8me de Alphonse de Lamartine: L&rsquo;isolement \nFor the illustration of the poem of Alphonse of Lamartine: L&rsquo;isolement (Insulation)<\/a><\/li><li class='ez-toc-page-1 ez-toc-heading-level-6'><a class=\"ez-toc-link ez-toc-heading-2\" href=\"https:\/\/frank-lovisolo.fr\/WordPress\/prelude-alphonse-de-lamartine-l-isolement\/#texte-integral\" >Texte int\u00e9gral :<\/a><\/li><\/ul><\/li><\/ul><\/li><\/ul><\/li><\/ul><\/li><li class='ez-toc-page-1 ez-toc-heading-level-2'><a class=\"ez-toc-link ez-toc-heading-3\" href=\"https:\/\/frank-lovisolo.fr\/WordPress\/prelude-alphonse-de-lamartine-l-isolement\/#alphonse-de-lamartine-lisolement\" >Alphonse de Lamartine: L&rsquo;isolement<\/a><\/li><\/ul><\/nav><\/div>\n","protected":false},"excerpt":{"rendered":"<p><span class=\"span-reading-time rt-reading-time\" style=\"display: block;\"><span class=\"rt-label rt-prefix\">Reading Time: <\/span> <span class=\"rt-time\"> 3<\/span> <span class=\"rt-label rt-postfix\">minutes<\/span><\/span>\u2026 <a class=\"continue-reading-link\" href=\"https:\/\/frank-lovisolo.fr\/WordPress\/prelude-alphonse-de-lamartine-l-isolement\/\">Suite &#8211; Continue reading<\/a><\/p>\n","protected":false},"author":1,"featured_media":21165,"comment_status":"open","ping_status":"open","sticky":false,"template":"","format":"standard","meta":{"footnotes":""},"categories":[1,356,513,357],"tags":[27,177,243,244,423,260,594],"class_list":["post-172","post","type-post","status-publish","format-standard","has-post-thumbnail","hentry","category-tous-les-articles","category-musique-pour-limage","category-music-compositions","category-musique-contemporaine","tag-alphonse-de-lamartine","tag-lisolement","tag-poeme","tag-poesie","tag-prelude","tag-romantisme","tag-un-seul-etre-vous-manque-et-tout-est-depeuple"],"_links":{"self":[{"href":"https:\/\/frank-lovisolo.fr\/WordPress\/wp-json\/wp\/v2\/posts\/172","targetHints":{"allow":["GET"]}}],"collection":[{"href":"https:\/\/frank-lovisolo.fr\/WordPress\/wp-json\/wp\/v2\/posts"}],"about":[{"href":"https:\/\/frank-lovisolo.fr\/WordPress\/wp-json\/wp\/v2\/types\/post"}],"author":[{"embeddable":true,"href":"https:\/\/frank-lovisolo.fr\/WordPress\/wp-json\/wp\/v2\/users\/1"}],"replies":[{"embeddable":true,"href":"https:\/\/frank-lovisolo.fr\/WordPress\/wp-json\/wp\/v2\/comments?post=172"}],"version-history":[{"count":0,"href":"https:\/\/frank-lovisolo.fr\/WordPress\/wp-json\/wp\/v2\/posts\/172\/revisions"}],"wp:featuredmedia":[{"embeddable":true,"href":"https:\/\/frank-lovisolo.fr\/WordPress\/wp-json\/wp\/v2\/media\/21165"}],"wp:attachment":[{"href":"https:\/\/frank-lovisolo.fr\/WordPress\/wp-json\/wp\/v2\/media?parent=172"}],"wp:term":[{"taxonomy":"category","embeddable":true,"href":"https:\/\/frank-lovisolo.fr\/WordPress\/wp-json\/wp\/v2\/categories?post=172"},{"taxonomy":"post_tag","embeddable":true,"href":"https:\/\/frank-lovisolo.fr\/WordPress\/wp-json\/wp\/v2\/tags?post=172"}],"curies":[{"name":"wp","href":"https:\/\/api.w.org\/{rel}","templated":true}]}}