{"id":14674,"date":"2015-05-04T23:50:28","date_gmt":"2015-05-04T21:50:28","guid":{"rendered":"https:\/\/frank-lovisolo.fr\/WordPress\/?p=14674"},"modified":"2024-06-25T08:12:02","modified_gmt":"2024-06-25T06:12:02","slug":"katsushika-hokusai-cauchemar-mari-ama","status":"publish","type":"post","link":"https:\/\/frank-lovisolo.fr\/WordPress\/katsushika-hokusai-cauchemar-mari-ama\/","title":{"rendered":"Le cauchemar du mari de l&rsquo;Ama &#8211; \u00e0 Katsushika Hokusai"},"content":{"rendered":"<span class=\"span-reading-time rt-reading-time\" style=\"display: block;\"><span class=\"rt-label rt-prefix\">Reading Time: <\/span> <span class=\"rt-time\"> 4<\/span> <span class=\"rt-label rt-postfix\">minutes<\/span><\/span><div><span style=\"color: #ffffff; font-size: 8px;\">ama &#8211; \u00e0 Katsushika Hokusai &#8211; pieuvre &#8211; japon<\/span><\/div>\n<table style=\"width: 100%;\">\n<tbody>\n<tr>\n<td style=\"width: 50%; text-align: left;\">\n<h3><span class=\"ez-toc-section\" id=\"ama\"><\/span><span style=\"color: #ffffff;\">Ama<\/span><span class=\"ez-toc-section-end\"><\/span><\/h3>\n<\/td>\n<td style=\"width: 50%; text-align: right;\"><a href=\"#com\"><img decoding=\"async\" class=\"wp-image-15068 size-full alignright\" src=\"https:\/\/frank-lovisolo.fr\/WordPress\/wp-content\/uploads\/2015\/06\/ComVert.jpg\" alt=\"ComGris\" height=\"20\" title=\"-\"><\/a><\/td>\n<\/tr>\n<\/tbody>\n<\/table>\n<table style=\"width: 100%;\" cellpadding=\"12\">\n<tbody>\n<tr>\n<td style=\"text-align: center; vertical-align: top;\">\n<h5 style=\"text-align: left;\"><span class=\"ez-toc-section\" id=\"%e8%91%9b%e9%a3%be%e5%8c%97%e6%96%8e%e3%81%ab%e6%95%ac%e6%84%8f%e3%82%92%e8%a1%a8%e3%81%97%e3%81%be%e3%81%99-%e2%80%93-a-katsushika-hokusai\"><\/span><strong><span style=\"font-size: 22px;\">\u845b\u98fe\u5317\u658e\u306b\u656c\u610f\u3092\u8868\u3057\u307e\u3059 &#8211; \u00e0 Katsushika Hokusai<\/span><\/strong><span class=\"ez-toc-section-end\"><\/span><\/h5>\n<p><span style=\"color: #ffffff;\">&#8211;<\/span><\/td>\n<\/tr>\n<tr>\n<td style=\"text-align: center; vertical-align: top;\"><span style=\"color: #ffffff;\">&#8211;<\/span><\/p>\n<p><span style=\"font-size: 20px;\">Effectivement, si ma bonne amie fricotait avec un poulpe j\u2019aurais moult sueurs froides et, dans un premier temps, envie de griller l\u2019animal \u00e0 la grecque\u2009!<\/span><\/p>\n<p><span style=\"font-size: 20px;\">Toutefois, en y pensant bien, \u00e0 t\u00eate repos\u00e9e&#8230;<\/span><\/p>\n<p><span style=\"color: #ffffff;\">&#8211;<\/span><\/td>\n<\/tr>\n<tr>\n<td style=\"vertical-align: top;\">\n<p style=\"text-align: justify;\"><span style=\"color: #ffffff;\">\u00a0<a href=\"#Ama\"><img loading=\"lazy\" decoding=\"async\" class=\"alignleft wp-image-14682 size-medium\" title=\"L' Ama et le poulpe - lovisolo - Le cauchemar du mari de l'Ama\" src=\"https:\/\/frank-lovisolo.fr\/WordPress\/wp-content\/uploads\/2015\/05\/Tako_to_ama_retouched-560x391.jpg\" alt=\"L' Ama et le poulpe \" width=\"560\" height=\"391\" srcset=\"https:\/\/frank-lovisolo.fr\/WordPress\/wp-content\/uploads\/2015\/05\/Tako_to_ama_retouched-560x391.jpg 560w, https:\/\/frank-lovisolo.fr\/WordPress\/wp-content\/uploads\/2015\/05\/Tako_to_ama_retouched-1024x714.jpg 1024w, https:\/\/frank-lovisolo.fr\/WordPress\/wp-content\/uploads\/2015\/05\/Tako_to_ama_retouched-215x150.jpg 215w, https:\/\/frank-lovisolo.fr\/WordPress\/wp-content\/uploads\/2015\/05\/Tako_to_ama_retouched-150x105.jpg 150w, https:\/\/frank-lovisolo.fr\/WordPress\/wp-content\/uploads\/2015\/05\/Tako_to_ama_retouched.jpg 1600w\" sizes=\"auto, (max-width: 560px) 100vw, 560px\" \/><\/a><\/span><span style=\"font-size: 20px;\">Cette vid\u00e9o figure une extrapolation filmique d\u2019une <a href=\"https:\/\/fr.wikipedia.org\/wiki\/Vanit%C3%A9\" target=\"_blank\" rel=\"noopener\">Vanit\u00e9<\/a> par l\u2019\u00e9vocation, certes impertinente, du mari de l\u2019Ama. Au Japon, ces femmes sont des plongeuses, connues comme apn\u00e9istes et chercheuses de perles.<\/span><\/p>\n<div style=\"text-align: justify;\"><span style=\"font-size: 20px;\">L\u2019\u0153uvre,\u00a0 \u86f8\u3068\u6d77\u5973 ou \u00ab\u2009<a href=\"https:\/\/fr.wikipedia.org\/wiki\/Le_R%C3%AAve_de_la_femme_du_p%C3%AAcheur\" target=\"_blank\" rel=\"noopener noreferrer\">le r\u00eave de la femme du p\u00eacheur<\/a>\u2009\u00bb, appara\u00eet \u00eatre une composition majeure du \u00ab\u2009Fou de dessin\u2009\u00bb et, probablement, l\u2019estampe \u00e9rotique japonaise la plus rencontr\u00e9e dont les hypoth\u00e8ses et r\u00e9pliques sont innombrables.<\/span><\/div>\n<div style=\"text-align: justify;\"><span style=\"font-size: 20px;\">Une page <a href=\"https:\/\/www.facebook.com\/LeReveDeLaFemmeDuPecheur\" target=\"_blank\" rel=\"noopener noreferrer\">Facebook<\/a> lui est m\u00eame consacr\u00e9e.<\/span><\/div>\n<div style=\"text-align: justify;\"><span style=\"font-size: 20px;\">Laissons aux interpr\u00e8tes et copistes leurs choix artistiques et r\u00e9int\u00e9grons derechef notre propos !<\/span><\/div>\n<div style=\"text-align: justify;\"><span style=\"font-size: 20px;\">Il serait inconvenant d\u2019influencer le public quant \u00e0 la perception des images pr\u00e9sent\u00e9es.<\/span><\/div>\n<div style=\"text-align: justify;\"><span style=\"font-size: 20px;\">La conception de cette vid\u00e9o est un tantinet onirique.<\/span><\/div>\n<p style=\"text-align: justify;\"><span style=\"font-size: 20px;\"><span style=\"color: #ffffff;\"><a href=\"#vanit\u00e9\"><img loading=\"lazy\" decoding=\"async\" class=\"alignright wp-image-14688\" title=\"L&#039; Ama et le poulpe - lovisolo - Le cauchemar du mari de l&#039;Ama\" src=\"https:\/\/frank-lovisolo.fr\/WordPress\/wp-content\/uploads\/2015\/05\/IMG_2142-560x374.jpg\" alt=\"- - -\" width=\"273\" height=\"182\" srcset=\"https:\/\/frank-lovisolo.fr\/WordPress\/wp-content\/uploads\/2015\/05\/IMG_2142-560x374.jpg 560w, https:\/\/frank-lovisolo.fr\/WordPress\/wp-content\/uploads\/2015\/05\/IMG_2142.jpg 1024w, https:\/\/frank-lovisolo.fr\/WordPress\/wp-content\/uploads\/2015\/05\/IMG_2142-225x150.jpg 225w, https:\/\/frank-lovisolo.fr\/WordPress\/wp-content\/uploads\/2015\/05\/IMG_2142-150x100.jpg 150w\" sizes=\"auto, (max-width: 273px) 100vw, 273px\" \/><\/a><\/span>Andr\u00e9 Breton \u00e9crivit dans le premier Manifeste du surr\u00e9alisme il y aurait l\u00e0 un \u00ab\u2009automatisme psychique pur, par lequel on se propose d\u2019exprimer, soit verbalement, soit par \u00e9crit, soit de toute autre mani\u00e8re, le fonctionnement r\u00e9el de la pens\u00e9e. <\/span><\/p>\n<p style=\"text-align: justify;\"><span style=\"font-size: 20px;\">Dict\u00e9e de la pens\u00e9e, en l\u2019absence de tout contr\u00f4le exerc\u00e9 par la raison, en dehors de toute pr\u00e9occupation esth\u00e9tique ou morale&#8230;\u00bb.<\/span><\/p>\n<\/td>\n<\/tr>\n<tr>\n<td style=\"background-color: #ffffff;\"><div style=\"width: 1024px;\" class=\"wp-video\"><video class=\"wp-video-shortcode\" id=\"video-14674-1\" width=\"1024\" height=\"575\" poster=\"https:\/\/frank-lovisolo.fr\/WordPress\/wp-content\/uploads\/2015\/05\/AfficheAmaWP.jpg\" controls=\"controls\"><source type=\"video\/mp4\" src=\"http:\/\/frank-lovisolo.fr\/soediv\/Le%20cauchemar%20du%20mari%20de%20l&#039;Ama.mp4?_=1\" \/><a href=\"http:\/\/frank-lovisolo.fr\/soediv\/Le%20cauchemar%20du%20mari%20de%20l&#039;Ama.mp4\">http:\/\/frank-lovisolo.fr\/soediv\/Le%20cauchemar%20du%20mari%20de%20l&#039;Ama.mp4<\/a><\/video><\/div><\/td>\n<\/tr>\n<tr>\n<td style=\"text-align: center; vertical-align: top;\">\n<div id=\"attachment_31218\" style=\"width: 1034px\" class=\"wp-caption aligncenter\"><img loading=\"lazy\" decoding=\"async\" aria-describedby=\"caption-attachment-31218\" class=\"wp-image-31218 size-large\" title=\"La Grande Vague de Kanagawa\" src=\"https:\/\/frank-lovisolo.fr\/WordPress\/wp-content\/uploads\/2015\/05\/La-Grande-Vague-de-Kanagawa-1024x706.jpg\" alt=\"La Grande Vague de Kanagawa\" width=\"1024\" height=\"706\" srcset=\"https:\/\/frank-lovisolo.fr\/WordPress\/wp-content\/uploads\/2015\/05\/La-Grande-Vague-de-Kanagawa-1024x706.jpg 1024w, https:\/\/frank-lovisolo.fr\/WordPress\/wp-content\/uploads\/2015\/05\/La-Grande-Vague-de-Kanagawa-460x317.jpg 460w, https:\/\/frank-lovisolo.fr\/WordPress\/wp-content\/uploads\/2015\/05\/La-Grande-Vague-de-Kanagawa-768x530.jpg 768w, https:\/\/frank-lovisolo.fr\/WordPress\/wp-content\/uploads\/2015\/05\/La-Grande-Vague-de-Kanagawa-217x150.jpg 217w, https:\/\/frank-lovisolo.fr\/WordPress\/wp-content\/uploads\/2015\/05\/La-Grande-Vague-de-Kanagawa-150x103.jpg 150w, https:\/\/frank-lovisolo.fr\/WordPress\/wp-content\/uploads\/2015\/05\/La-Grande-Vague-de-Kanagawa.jpg 1280w\" sizes=\"auto, (max-width: 1024px) 100vw, 1024px\" \/><p id=\"caption-attachment-31218\" class=\"wp-caption-text\">La Grande Vague de Kanagawa<\/p><\/div>\n<div style=\"text-align: justify;\"><\/div>\n<\/td>\n<\/tr>\n<tr>\n<td style=\"text-align: justify;\">\n<h5><span class=\"ez-toc-section\" id=\"-a-propos-de-la-musique\"><\/span><span style=\"font-size: 16px;\">\u00a0<span style=\"font-size: 20px;\">A propos de la musique :<\/span><\/span><span class=\"ez-toc-section-end\"><\/span><\/h5>\n<p><span style=\"font-size: 20px;\">Compos\u00e9e et enregistr\u00e9e en 2007 initialement pour un reportage sur le <a href=\"https:\/\/fr.wikipedia.org\/wiki\/Hibou_grand-duc\" target=\"_blank\" rel=\"noopener\">Hibou grand-duc<\/a>,\u00a0<a href=\"https:\/\/frank-lovisolo.fr\/WordPress\/le-vol-dune-nuit\/\">Vol d&rsquo;une Nuit<\/a>, ne fut pas retenue, jug\u00e9e trop \u00abherm\u00e9tique\u00bb par les producteurs du film (On entend beaucoup de niaiseries musicales accompagnants les reportages animaliers, des illustrations musicales souvent \u00e0 l&rsquo;antipode de la qualit\u00e9 des images ).<\/span><\/p>\n<p><span style=\"font-size: 20px;\"><strong><a href=\"https:\/\/frank-lovisolo.fr\/WordPress\/le-vol-dune-nuit\/\">Vol d&rsquo;une Nuit<\/a><\/strong>\u00a0:\u00a0Musique pour une performance de contrebasse \u00e0 l&rsquo;archet \u2013 Sampler de Percussions &#8211; Synth\u00e9tiseurs \u2013\u00a0Sampler de Ch\u0153urs\u00a0&#8211; Improvisation de contrebasse pizzicatos \u00e9chantillonn\u00e9s &#8211; Sampler d&rsquo;orchestre.<\/span><\/p>\n<p>Composition, performance et enregistrement : Frank Lovisolo septembre 2007 ( Sacem)<\/td>\n<\/tr>\n<tr>\n<td>\u00a0<a id=\"vanit\u00e9\"><\/a><\/p>\n<p><div id=\"attachment_14688\" style=\"width: 1010px\" class=\"wp-caption aligncenter\"><img loading=\"lazy\" decoding=\"async\" aria-describedby=\"caption-attachment-14688\" class=\"wp-image-14688\" title=\"Lovisolo - Ama - Vanit\u00e9\" src=\"https:\/\/frank-lovisolo.fr\/WordPress\/wp-content\/uploads\/2015\/05\/IMG_2142-1024x683.jpg\" alt=\"Lovisolo \" width=\"1000\" height=\"667\" srcset=\"https:\/\/frank-lovisolo.fr\/WordPress\/wp-content\/uploads\/2015\/05\/IMG_2142.jpg 1024w, https:\/\/frank-lovisolo.fr\/WordPress\/wp-content\/uploads\/2015\/05\/IMG_2142-560x374.jpg 560w, https:\/\/frank-lovisolo.fr\/WordPress\/wp-content\/uploads\/2015\/05\/IMG_2142-225x150.jpg 225w, https:\/\/frank-lovisolo.fr\/WordPress\/wp-content\/uploads\/2015\/05\/IMG_2142-150x100.jpg 150w\" sizes=\"auto, (max-width: 1000px) 100vw, 1000px\" \/><p id=\"caption-attachment-14688\" class=\"wp-caption-text\">Frank Lovisolo &#8211; Vanit\u00e9 \u00e0 l&rsquo;encrier rouge &#8211; 2015 &#8211; Photographie<\/p><\/div><\/td>\n<\/tr>\n<tr>\n<td>&nbsp;<\/p>\n<p><div id=\"attachment_14682\" style=\"width: 1034px\" class=\"wp-caption aligncenter\"><img loading=\"lazy\" decoding=\"async\" aria-describedby=\"caption-attachment-14682\" class=\"wp-image-14682 size-large\" title=\"L' Ama et le poulpe\" src=\"https:\/\/frank-lovisolo.fr\/WordPress\/wp-content\/uploads\/2015\/05\/Tako_to_ama_retouched-1024x714.jpg\" alt=\"L' Ama et le poulpe\" width=\"1024\" height=\"714\" srcset=\"https:\/\/frank-lovisolo.fr\/WordPress\/wp-content\/uploads\/2015\/05\/Tako_to_ama_retouched-1024x714.jpg 1024w, https:\/\/frank-lovisolo.fr\/WordPress\/wp-content\/uploads\/2015\/05\/Tako_to_ama_retouched-560x391.jpg 560w, https:\/\/frank-lovisolo.fr\/WordPress\/wp-content\/uploads\/2015\/05\/Tako_to_ama_retouched-215x150.jpg 215w, https:\/\/frank-lovisolo.fr\/WordPress\/wp-content\/uploads\/2015\/05\/Tako_to_ama_retouched-150x105.jpg 150w, https:\/\/frank-lovisolo.fr\/WordPress\/wp-content\/uploads\/2015\/05\/Tako_to_ama_retouched.jpg 1600w\" sizes=\"auto, (max-width: 1024px) 100vw, 1024px\" \/><p id=\"caption-attachment-14682\" class=\"wp-caption-text\">Le R\u00eave de la femme du p\u00eacheur &#8211; Hokusai &#8211; 1814 &#8211; Ukiyo-e &#8211; Estampe<\/p><\/div><\/td>\n<\/tr>\n<\/tbody>\n<\/table>\n<p><span style=\"color: #ffffff;\">&#8230;<\/span><a id=\"com\"><\/a><\/p>\n<p><!--nextpage--><\/p>\n<table style=\"width: 100%;\" cellpadding=\"12\">\n<tbody>\n<tr>\n<td>\n<h5><span style=\"font-size: 24px;\"><a href=\"https:\/\/fr.wikipedia.org\/wiki\/Paul_le_poulpe\" target=\"_blank\" rel=\"noopener noreferrer\"><strong>Paul le poulpe :<\/strong><\/a><\/span><\/h5>\n<\/td>\n<\/tr>\n<tr>\n<td>\n<p style=\"text-align: justify;\"><img loading=\"lazy\" decoding=\"async\" class=\"alignleft wp-image-24852\" src=\"https:\/\/frank-lovisolo.fr\/WordPress\/wp-content\/uploads\/2015\/05\/Paul-le-poulpe-560x420.jpg\" alt=\"Paul le poulpe\" width=\"280\" height=\"210\" title=\"-\" srcset=\"https:\/\/frank-lovisolo.fr\/WordPress\/wp-content\/uploads\/2015\/05\/Paul-le-poulpe-560x420.jpg 560w, https:\/\/frank-lovisolo.fr\/WordPress\/wp-content\/uploads\/2015\/05\/Paul-le-poulpe-768x576.jpg 768w, https:\/\/frank-lovisolo.fr\/WordPress\/wp-content\/uploads\/2015\/05\/Paul-le-poulpe-1024x768.jpg 1024w, https:\/\/frank-lovisolo.fr\/WordPress\/wp-content\/uploads\/2015\/05\/Paul-le-poulpe-200x150.jpg 200w, https:\/\/frank-lovisolo.fr\/WordPress\/wp-content\/uploads\/2015\/05\/Paul-le-poulpe-150x113.jpg 150w, https:\/\/frank-lovisolo.fr\/WordPress\/wp-content\/uploads\/2015\/05\/Paul-le-poulpe.jpg 1280w\" sizes=\"auto, (max-width: 280px) 100vw, 280px\" \/><span style=\"font-size: 20px;\">Paul le poulpe aussi appel\u00e9 Paul la pieuvre, surnomm\u00e9 \u00ab l\u2019oracle d\u2019Oberhausen \u00bb (Weymouth, 26 janvier 2008 &#8211; Oberhausen, 26 octobre 2010) est une pieuvre commune m\u00e2le maintenue en captivit\u00e9 \u00e0 l\u2019aquarium Sea-Life d\u2019Oberhausen en Allemagne. Paul est renomm\u00e9 pour le spectacle de ses pr\u00e9dictions du r\u00e9sultat des matchs de l\u2019\u00e9quipe d&rsquo;Allemagne de football lors du Championnat d\u2019Europe 2008 et de la Coupe du monde 2010, dont il a \u00e9galement d\u00e9sign\u00e9 le vainqueur. Paul le poulpe faisait conna\u00eetre ses choix en ouvrant une bo\u00eete aux couleurs de l&rsquo;\u00e9quipe gagnante.<\/span><\/p>\n<p><span style=\"font-size: 20px;\">Sur 14 pr\u00e9dictions au total, 12 se sont r\u00e9v\u00e9l\u00e9es exactes, dont toutes celles \u00e9mises au cours de la Coupe du monde 2010 qui l&rsquo;aura fait acc\u00e9der \u00e0 la post\u00e9rit\u00e9.<\/span><\/p>\n<p><a href=\"https:\/\/fr.wikipedia.org\/wiki\/Paul_le_poulpe\" target=\"_blank\" rel=\"noopener noreferrer\">La suite &gt;&gt;&gt;&gt;&gt;<\/a><\/td>\n<\/tr>\n<tr>\n<td>\n<h5 class=\"mceTemp\" style=\"text-align: center;\"><span style=\"font-size: 24px;\">S\u00e9lection d&rsquo;\u0153uvres<\/span><\/h5>\n<\/td>\n<\/tr>\n<tr>\n<td>\n<div id=\"attachment_33099\" style=\"width: 1034px\" class=\"wp-caption aligncenter\"><img loading=\"lazy\" decoding=\"async\" aria-describedby=\"caption-attachment-33099\" class=\"wp-image-33099 size-large\" src=\"https:\/\/frank-lovisolo.fr\/WordPress\/wp-content\/uploads\/2015\/05\/1280px-Lake_Suwa_in_the_Shinano_province-1024x682.jpg\" alt=\"Hokusai- Le lac Suwa dans la province de Shinano\" width=\"1024\" height=\"682\" title=\"-\" srcset=\"https:\/\/frank-lovisolo.fr\/WordPress\/wp-content\/uploads\/2015\/05\/1280px-Lake_Suwa_in_the_Shinano_province-1024x682.jpg 1024w, https:\/\/frank-lovisolo.fr\/WordPress\/wp-content\/uploads\/2015\/05\/1280px-Lake_Suwa_in_the_Shinano_province-460x307.jpg 460w, https:\/\/frank-lovisolo.fr\/WordPress\/wp-content\/uploads\/2015\/05\/1280px-Lake_Suwa_in_the_Shinano_province-768x512.jpg 768w, https:\/\/frank-lovisolo.fr\/WordPress\/wp-content\/uploads\/2015\/05\/1280px-Lake_Suwa_in_the_Shinano_province-225x150.jpg 225w, https:\/\/frank-lovisolo.fr\/WordPress\/wp-content\/uploads\/2015\/05\/1280px-Lake_Suwa_in_the_Shinano_province-150x100.jpg 150w, https:\/\/frank-lovisolo.fr\/WordPress\/wp-content\/uploads\/2015\/05\/1280px-Lake_Suwa_in_the_Shinano_province.jpg 1280w\" sizes=\"auto, (max-width: 1024px) 100vw, 1024px\" \/><p id=\"caption-attachment-33099\" class=\"wp-caption-text\">Le lac Suwa dans la province de Shinano &#8211; \u6b66\u967d\u4f43\u5cf6<\/p><\/div>\n<div class=\"mceTemp\"><\/div>\n<\/td>\n<\/tr>\n<tr>\n<td>\n<div id=\"attachment_33100\" style=\"width: 1034px\" class=\"wp-caption aligncenter\"><img loading=\"lazy\" decoding=\"async\" aria-describedby=\"caption-attachment-33100\" class=\"size-large wp-image-33100\" src=\"https:\/\/frank-lovisolo.fr\/WordPress\/wp-content\/uploads\/2015\/05\/1280px-Sunset_across_the_Ryogoku_bridge_from_the_bank_of_the_Sumida_river_at_Onmagayashi-1024x691.jpg\" alt=\"Coucher de soleil \u00e0 travers le pont de Ry\u014dgoku depuis la rive de la Sumida \u00e0 Onmayagashi\" width=\"1024\" height=\"691\" title=\"-\" srcset=\"https:\/\/frank-lovisolo.fr\/WordPress\/wp-content\/uploads\/2015\/05\/1280px-Sunset_across_the_Ryogoku_bridge_from_the_bank_of_the_Sumida_river_at_Onmagayashi-1024x691.jpg 1024w, https:\/\/frank-lovisolo.fr\/WordPress\/wp-content\/uploads\/2015\/05\/1280px-Sunset_across_the_Ryogoku_bridge_from_the_bank_of_the_Sumida_river_at_Onmagayashi-460x311.jpg 460w, https:\/\/frank-lovisolo.fr\/WordPress\/wp-content\/uploads\/2015\/05\/1280px-Sunset_across_the_Ryogoku_bridge_from_the_bank_of_the_Sumida_river_at_Onmagayashi-768x518.jpg 768w, https:\/\/frank-lovisolo.fr\/WordPress\/wp-content\/uploads\/2015\/05\/1280px-Sunset_across_the_Ryogoku_bridge_from_the_bank_of_the_Sumida_river_at_Onmagayashi-222x150.jpg 222w, https:\/\/frank-lovisolo.fr\/WordPress\/wp-content\/uploads\/2015\/05\/1280px-Sunset_across_the_Ryogoku_bridge_from_the_bank_of_the_Sumida_river_at_Onmagayashi-150x101.jpg 150w, https:\/\/frank-lovisolo.fr\/WordPress\/wp-content\/uploads\/2015\/05\/1280px-Sunset_across_the_Ryogoku_bridge_from_the_bank_of_the_Sumida_river_at_Onmagayashi.jpg 1280w\" sizes=\"auto, (max-width: 1024px) 100vw, 1024px\" \/><p id=\"caption-attachment-33100\" class=\"wp-caption-text\">Coucher de soleil \u00e0 travers le pont de Ry\u014dgoku depuis la rive de la Sumida \u00e0 Onmayagashi &#8211; \u5fa1\u53a9\u5ddd\u5cb8\u3088\u308a\u4e21\u56fd\u6a4b\u5915\u967d\u898b<\/p><\/div>\n<div class=\"mceTemp\"><\/div>\n<\/td>\n<\/tr>\n<\/tbody>\n<\/table>\n<div>\u200b<\/div>\n<table style=\"width: 100%; border-collapse: collapse;\">\n<tbody>\n<tr>\n<td style=\"width: 50%;\">\n<p><div id=\"attachment_44500\" style=\"width: 470px\" class=\"wp-caption aligncenter\"><img loading=\"lazy\" decoding=\"async\" aria-describedby=\"caption-attachment-44500\" class=\"wp-image-44500 size-medium\" src=\"https:\/\/frank-lovisolo.fr\/WordPress\/wp-content\/uploads\/2015\/05\/Katsushika_Hokusai_001-460x676.jpg\" alt=\"- - -\" width=\"460\" height=\"676\" title=\"-\" srcset=\"https:\/\/frank-lovisolo.fr\/WordPress\/wp-content\/uploads\/2015\/05\/Katsushika_Hokusai_001-460x676.jpg 460w, https:\/\/frank-lovisolo.fr\/WordPress\/wp-content\/uploads\/2015\/05\/Katsushika_Hokusai_001-768x1129.jpg 768w, https:\/\/frank-lovisolo.fr\/WordPress\/wp-content\/uploads\/2015\/05\/Katsushika_Hokusai_001-102x150.jpg 102w, https:\/\/frank-lovisolo.fr\/WordPress\/wp-content\/uploads\/2015\/05\/Katsushika_Hokusai_001.jpg 800w\" sizes=\"auto, (max-width: 460px) 100vw, 460px\" \/><p id=\"caption-attachment-44500\" class=\"wp-caption-text\">La Cascade d&rsquo;Amida derri\u00e8re la rue Kiso British Museum<\/p><\/div><\/td>\n<\/tr>\n<tr>\n<td style=\"width: 50%;\">\n<div class=\"mceTemp\"><\/div>\n<p><div id=\"attachment_33101\" style=\"width: 368px\" class=\"wp-caption aligncenter\"><img loading=\"lazy\" decoding=\"async\" aria-describedby=\"caption-attachment-33101\" class=\"wp-image-33101\" src=\"https:\/\/frank-lovisolo.fr\/WordPress\/wp-content\/uploads\/2015\/05\/Hokusai_portrait-460x869.jpg\" alt=\"Hokusai - Autoportrait\" width=\"358\" height=\"676\" title=\"-\" srcset=\"https:\/\/frank-lovisolo.fr\/WordPress\/wp-content\/uploads\/2015\/05\/Hokusai_portrait-460x869.jpg 460w, https:\/\/frank-lovisolo.fr\/WordPress\/wp-content\/uploads\/2015\/05\/Hokusai_portrait-79x150.jpg 79w, https:\/\/frank-lovisolo.fr\/WordPress\/wp-content\/uploads\/2015\/05\/Hokusai_portrait.jpg 680w\" sizes=\"auto, (max-width: 358px) 100vw, 358px\" \/><p id=\"caption-attachment-33101\" class=\"wp-caption-text\">Hokusai &#8211; Autoportrait<\/p><\/div><\/td>\n<\/tr>\n<\/tbody>\n<\/table>\n<p><!--nextpage--><\/p>\n<table style=\"width: 100%; border-collapse: collapse;\" cellpadding=\"10\">\n<tbody>\n<tr>\n<td style=\"width: 100%;\">\n<h5><img loading=\"lazy\" decoding=\"async\" class=\"alignleft wp-image-44499\" style=\"font-family: inherit; font-size: inherit;\" src=\"https:\/\/frank-lovisolo.fr\/WordPress\/wp-content\/uploads\/2015\/05\/Hokusai-fuji-koryuu-1.png\" alt=\"- - -\" width=\"233\" height=\"600\" title=\"-\" srcset=\"https:\/\/frank-lovisolo.fr\/WordPress\/wp-content\/uploads\/2015\/05\/Hokusai-fuji-koryuu-1.png 335w, https:\/\/frank-lovisolo.fr\/WordPress\/wp-content\/uploads\/2015\/05\/Hokusai-fuji-koryuu-1-58x150.png 58w\" sizes=\"auto, (max-width: 233px) 100vw, 233px\" \/><a href=\"https:\/\/fr.wikipedia.org\/wiki\/Hokusai\" target=\"_blank\" rel=\"noopener\"><em><span style=\"font-size: 20px;\">Katsushika Hokusai ( \u845b\u98fe \u5317\u658e )<\/span><\/em><\/a><\/h5>\n<p><span style=\"color: #ffffff;\">&#8211;<\/span><\/p>\n<p style=\"text-align: justify;\"><em><span style=\"font-size: 20px;\">&#8230;est un peintre, dessinateur et graveur japonais du XVIIIe si\u00e8cle, sp\u00e9cialiste de l\u2019ukiyo-e, ainsi que l&rsquo;auteur d&rsquo;\u00e9crits populaires, surtout connu sous le nom de Hokusai (\u5317\u658e?), ou son surnom de Gaky\u014djin, litt\u00e9ralement \u00ab Vieux Fou de dessin \u00bb.<\/span><\/em><\/p>\n<p style=\"text-align: justify;\"><em><span style=\"font-size: 20px;\">Au cours de ses soixante-dix ans de carri\u00e8re, il a r\u00e9alis\u00e9 une \u0153uvre consid\u00e9rable de quelque 3 000 tirages couleur, des illustrations pour plus de 200 livres, des centaines de dessins et plus de 1 000 peintures. Il a rapidement abandonn\u00e9 le sujet \u00e9troit traditionnellement associ\u00e9 \u00e0 l&rsquo;\u00e9cole du \u00ab monde flottant \u00bb (ukiyo-e) dont il faisait partie, comme les images d&rsquo;acteurs populaires et de courtisanes2.<\/span><\/em><\/p>\n<p style=\"text-align: justify;\"><em><span style=\"font-size: 20px;\">Les Trente-six vues du mont Fuji (1831 \u2013 1833) comptant en r\u00e9alit\u00e9 46 estampes dont La Grande Vague de Kanagawa (1831) sont ses \u0153uvres les plus connues.<\/span><\/em><\/p>\n<p style=\"text-align: justify;\"><em><span style=\"font-size: 20px;\">Son \u0153uvre influen\u00e7a de nombreux artistes europ\u00e9ens, en particulier Paul Gauguin, Vincent van Gogh, Claude Monet et Alfred Sisley, et plus largement le mouvement artistique appel\u00e9 japonisme.<\/span><\/em><\/p>\n<p><em><span style=\"font-size: 20px;\"><a href=\"https:\/\/fr.wikipedia.org\/wiki\/Hokusai\" target=\"_blank\" rel=\"noopener\">La suite &gt;&gt;&gt;&gt;&gt;<\/a><\/span><\/em><\/p>\n<p>&nbsp;<\/p>\n<p>Dragon volant au-dessus du mont Fuji Obuse, Hokusai Museum.<\/td>\n<\/tr>\n<\/tbody>\n<\/table>\n<p><span style=\"color: #ffffff;\">&#8230;<\/span><a id=\"com\"><\/a><\/p>\n<div id=\"ez-toc-container\" class=\"ez-toc-v2_0_82_2 ez-toc-wrap-center counter-hierarchy ez-toc-counter ez-toc-light-blue ez-toc-container-direction\">\n<label for=\"ez-toc-cssicon-toggle-item-69f0065259e13\" class=\"ez-toc-cssicon-toggle-label\"><p class=\"ez-toc-title\" style=\"cursor:inherit\">Table des mati\u00e8res<\/p>\n<span class=\"ez-toc-cssicon\"><span class=\"eztoc-hide\" style=\"display:none;\">Toggle<\/span><span class=\"ez-toc-icon-toggle-span\"><svg style=\"fill: #999;color:#999\" xmlns=\"http:\/\/www.w3.org\/2000\/svg\" class=\"list-377408\" width=\"20px\" height=\"20px\" viewBox=\"0 0 24 24\" fill=\"none\"><path d=\"M6 6H4v2h2V6zm14 0H8v2h12V6zM4 11h2v2H4v-2zm16 0H8v2h12v-2zM4 16h2v2H4v-2zm16 0H8v2h12v-2z\" fill=\"currentColor\"><\/path><\/svg><svg style=\"fill: #999;color:#999\" class=\"arrow-unsorted-368013\" xmlns=\"http:\/\/www.w3.org\/2000\/svg\" width=\"10px\" height=\"10px\" viewBox=\"0 0 24 24\" version=\"1.2\" baseProfile=\"tiny\"><path d=\"M18.2 9.3l-6.2-6.3-6.2 6.3c-.2.2-.3.4-.3.7s.1.5.3.7c.2.2.4.3.7.3h11c.3 0 .5-.1.7-.3.2-.2.3-.5.3-.7s-.1-.5-.3-.7zM5.8 14.7l6.2 6.3 6.2-6.3c.2-.2.3-.5.3-.7s-.1-.5-.3-.7c-.2-.2-.4-.3-.7-.3h-11c-.3 0-.5.1-.7.3-.2.2-.3.5-.3.7s.1.5.3.7z\"\/><\/svg><\/span><\/span><\/label><input type=\"checkbox\"  id=\"ez-toc-cssicon-toggle-item-69f0065259e13\" checked \/><nav><ul class='ez-toc-list ez-toc-list-level-1 ' ><li class='ez-toc-page-1 ez-toc-heading-level-3'><a class=\"ez-toc-link ez-toc-heading-1\" href=\"https:\/\/frank-lovisolo.fr\/WordPress\/katsushika-hokusai-cauchemar-mari-ama\/#ama\" >Ama<\/a><ul class='ez-toc-list-level-5' ><li class='ez-toc-heading-level-5'><ul class='ez-toc-list-level-5' ><li class='ez-toc-heading-level-5'><a class=\"ez-toc-link ez-toc-heading-2\" href=\"https:\/\/frank-lovisolo.fr\/WordPress\/katsushika-hokusai-cauchemar-mari-ama\/#%e8%91%9b%e9%a3%be%e5%8c%97%e6%96%8e%e3%81%ab%e6%95%ac%e6%84%8f%e3%82%92%e8%a1%a8%e3%81%97%e3%81%be%e3%81%99-%e2%80%93-a-katsushika-hokusai\" >\u845b\u98fe\u5317\u658e\u306b\u656c\u610f\u3092\u8868\u3057\u307e\u3059 &#8211; \u00e0 Katsushika Hokusai<\/a><\/li><li class='ez-toc-page-1 ez-toc-heading-level-5'><a class=\"ez-toc-link ez-toc-heading-3\" href=\"https:\/\/frank-lovisolo.fr\/WordPress\/katsushika-hokusai-cauchemar-mari-ama\/#-a-propos-de-la-musique\" >\u00a0A propos de la musique :<\/a><\/li><li class='ez-toc-page-1 ez-toc-heading-level-5'><a class=\"ez-toc-link ez-toc-heading-4\" href=\"https:\/\/frank-lovisolo.fr\/WordPress\/katsushika-hokusai-cauchemar-mari-ama\/2\/#paul-le-poulpe\" >Paul le poulpe :<\/a><\/li><li class='ez-toc-page-1 ez-toc-heading-level-5'><a class=\"ez-toc-link ez-toc-heading-5\" href=\"https:\/\/frank-lovisolo.fr\/WordPress\/katsushika-hokusai-cauchemar-mari-ama\/2\/#selection-doeuvres\" >S\u00e9lection d&rsquo;\u0153uvres<\/a><\/li><\/ul><\/li><\/ul><\/li><\/ul><\/nav><\/div>\n","protected":false},"excerpt":{"rendered":"<p><span class=\"span-reading-time rt-reading-time\" style=\"display: block;\"><span class=\"rt-label rt-prefix\">Reading Time: <\/span> <span class=\"rt-time\"> 4<\/span> <span class=\"rt-label rt-postfix\">minutes<\/span><\/span>Cette vid\u00e9o figure une extrapolation filmique d\u2019une Vanit\u00e9 par l\u2019\u00e9vocation, certes impertinente, du mari de l\u2019Ama. Au Japon, les \u00ab\u2009Amas\u2009\u00bb sont des plongeuses, connues comme apn\u00e9istes et chercheuses de perles.<br \/>\nL\u2019\u0153uvre, \u00ab\u2009L\u2019Ama et le poulpe\u2009\u00bb (\u86f8\u3068\u6d77\u5973) ou \u00ab\u2009le r\u00eave de la femme du p\u00eacheur\u2009\u00bb, d\u2019Hokusai appara\u00eet \u00eatre une composition majeure du \u00ab\u2009Fou de dessin\u2009\u00bb et, probablement, l\u2019estampe \u00e9rotique japonaise la plus rencontr\u00e9e dont les hypoth\u00e8ses et r\u00e9pliques sont innombrables.<br \/>\nUne page Facebook lui est m\u00eame consacr\u00e9e.<br \/>\nLaissons aux interpr\u00e8tes et copistes leurs choix artistiques et r\u00e9int\u00e9grons derechef notre propos, le mari de l\u2019Ama. <a class=\"continue-reading-link\" href=\"https:\/\/frank-lovisolo.fr\/WordPress\/katsushika-hokusai-cauchemar-mari-ama\/\">Suite &#8211; Continue reading<\/a><\/p>\n","protected":false},"author":1,"featured_media":47737,"comment_status":"open","ping_status":"open","sticky":false,"template":"","format":"standard","meta":{"footnotes":""},"categories":[514,1,2084],"tags":[998,1554,1555,1560,1562,1557,1556],"class_list":["post-14674","post","type-post","status-publish","format-standard","has-post-thumbnail","hentry","category-videos-compositions","category-tous-les-articles","category-art-libertaire","tag-katsushika-hokusai","tag-lama-et-le-poulpe","tag-le-reve-de-la-femme-du-pecheur","tag-poulpe","tag-vanite","tag-1557","tag-1556"],"_links":{"self":[{"href":"https:\/\/frank-lovisolo.fr\/WordPress\/wp-json\/wp\/v2\/posts\/14674","targetHints":{"allow":["GET"]}}],"collection":[{"href":"https:\/\/frank-lovisolo.fr\/WordPress\/wp-json\/wp\/v2\/posts"}],"about":[{"href":"https:\/\/frank-lovisolo.fr\/WordPress\/wp-json\/wp\/v2\/types\/post"}],"author":[{"embeddable":true,"href":"https:\/\/frank-lovisolo.fr\/WordPress\/wp-json\/wp\/v2\/users\/1"}],"replies":[{"embeddable":true,"href":"https:\/\/frank-lovisolo.fr\/WordPress\/wp-json\/wp\/v2\/comments?post=14674"}],"version-history":[{"count":0,"href":"https:\/\/frank-lovisolo.fr\/WordPress\/wp-json\/wp\/v2\/posts\/14674\/revisions"}],"wp:featuredmedia":[{"embeddable":true,"href":"https:\/\/frank-lovisolo.fr\/WordPress\/wp-json\/wp\/v2\/media\/47737"}],"wp:attachment":[{"href":"https:\/\/frank-lovisolo.fr\/WordPress\/wp-json\/wp\/v2\/media?parent=14674"}],"wp:term":[{"taxonomy":"category","embeddable":true,"href":"https:\/\/frank-lovisolo.fr\/WordPress\/wp-json\/wp\/v2\/categories?post=14674"},{"taxonomy":"post_tag","embeddable":true,"href":"https:\/\/frank-lovisolo.fr\/WordPress\/wp-json\/wp\/v2\/tags?post=14674"}],"curies":[{"name":"wp","href":"https:\/\/api.w.org\/{rel}","templated":true}]}}