{"id":14307,"date":"2015-01-16T07:37:17","date_gmt":"2015-01-16T06:37:17","guid":{"rendered":"https:\/\/frank-lovisolo.fr\/WordPress\/?p=14307"},"modified":"2024-05-09T08:27:11","modified_gmt":"2024-05-09T06:27:11","slug":"le-13-bis","status":"publish","type":"post","link":"https:\/\/frank-lovisolo.fr\/WordPress\/le-13-bis\/","title":{"rendered":"Exposition \u00e0 la galerie Le 13 Bis &#8211; La Seyne sur Mer"},"content":{"rendered":"<span class=\"span-reading-time rt-reading-time\" style=\"display: block;\"><span class=\"rt-label rt-prefix\">Reading Time: <\/span> <span class=\"rt-time\"> 3<\/span> <span class=\"rt-label rt-postfix\">minutes<\/span><\/span><p><span style=\"color: #ffffff;\">13 Bis<\/span><\/p>\n<table style=\"width: 100%;\" cellpadding=\"10\">\n<tbody>\n<tr>\n<td style=\"text-align: justify;\"><a href=\"#com\"><span style=\"color: #333333;\"><span style=\"color: #ffffff;\"><img decoding=\"async\" class=\"wp-image-12747 alignright\" src=\"https:\/\/frank-lovisolo.fr\/WordPress\/wp-content\/uploads\/2015\/06\/ComBleu.jpg\" alt=\"LAISSER UN COMMENTAIRE\" title=\"-\"><\/span><\/span><\/a><\/td>\n<\/tr>\n<tr>\n<td style=\"text-align: justify;\"><span style=\"font-size: 24px;\"><a href=\"https:\/\/frank-lovisolo.fr\/WordPress\/le-13-bis\/\"><img loading=\"lazy\" decoding=\"async\" class=\"wp-image-14353 alignleft\" title=\"galerie Le 13 Bis - Le Vol dune nuit - lovisolo\" src=\"https:\/\/frank-lovisolo.fr\/WordPress\/wp-content\/uploads\/2015\/01\/IMG_7724-560x550.jpg\" alt=\"galerie Le 13 Bis - Le Vol dune nuit - lovisolo\" width=\"219\" height=\"214\" srcset=\"https:\/\/frank-lovisolo.fr\/WordPress\/wp-content\/uploads\/2015\/01\/IMG_7724-560x550.jpg 560w, https:\/\/frank-lovisolo.fr\/WordPress\/wp-content\/uploads\/2015\/01\/IMG_7724.jpg 1024w, https:\/\/frank-lovisolo.fr\/WordPress\/wp-content\/uploads\/2015\/01\/IMG_7724-153x150.jpg 153w, https:\/\/frank-lovisolo.fr\/WordPress\/wp-content\/uploads\/2015\/01\/IMG_7724-150x147.jpg 150w\" sizes=\"auto, (max-width: 219px) 100vw, 219px\" \/><\/a>Mes remerciements \u00e0 : Muriel Crail,\u00a0Jessica Pitou,\u00a0<a href=\"https:\/\/www.patentreger.com\/\" target=\"_blank\" rel=\"noopener\">Luc Patentreger<\/a>, Julien Delucis, toute l&rsquo;\u00e9quipe du 13 Bis ainsi qu&rsquo;\u00e0 Am\u00e9lie Lovisolo-Guillard, Ingrid Tedeschi assist\u00e9e de Capucine qui m&rsquo;ont aid\u00e9s \u00e0 l&rsquo;installation.\u00a0<\/span><br \/>\n<span style=\"font-size: 24px;\">Merci \u00e0 tous ceux qui se sont d\u00e9plac\u00e9s pour le vernissage malgr\u00e9 des conditions difficiles de circulation dues \u00e0 une m\u00e9t\u00e9o peu coop\u00e9rative. Merci aussi \u00e0 ceux qui, dans le futur, se d\u00e9placeront pour visiter cette exposition.<\/span><\/td>\n<\/tr>\n<tr>\n<td style=\"text-align: justify;\"><\/td>\n<\/tr>\n<tr>\n<td style=\"background-color: #ffffff;\"><a href=\"https:\/\/frank-lovisolo.fr\/WordPress\/le-13-bis\/\"><img loading=\"lazy\" decoding=\"async\" class=\" wp-image-14350 size-full aligncenter\" title=\"galerie Le 13 Bis - Le Vol dune nuit - lovisolo\" src=\"https:\/\/frank-lovisolo.fr\/WordPress\/wp-content\/uploads\/2015\/01\/13bis.jpg\" alt=\"galerie Le 13 Bis - Le Vol dune nuit - lovisolo\" width=\"1024\" height=\"379\" srcset=\"https:\/\/frank-lovisolo.fr\/WordPress\/wp-content\/uploads\/2015\/01\/13bis.jpg 1024w, https:\/\/frank-lovisolo.fr\/WordPress\/wp-content\/uploads\/2015\/01\/13bis-560x207.jpg 560w, https:\/\/frank-lovisolo.fr\/WordPress\/wp-content\/uploads\/2015\/01\/13bis-250x93.jpg 250w, https:\/\/frank-lovisolo.fr\/WordPress\/wp-content\/uploads\/2015\/01\/13bis-150x56.jpg 150w\" sizes=\"auto, (max-width: 1024px) 100vw, 1024px\" \/><\/a><\/td>\n<\/tr>\n<tr>\n<td style=\"background-color: #ffffff;\"><\/td>\n<\/tr>\n<tr>\n<td>\n<div style=\"text-align: center;\"><style>\n       .errordiv { padding:10px; margin:10px; border: 1px solid #555555;color: #000000;background-color: #f8f8f8; width:500px; }#advanced_iframe {visibility:visible;opacity:1;vertical-align:top;}.ai-info-bottom-iframe { position: fixed; z-index: 10000; bottom:0; left: 0; margin: 0px; text-align: center; width: 100%; background-color: #ff9999; padding-left: 5px;padding-bottom: 5px; border-top: 1px solid #aaa } a.ai-bold {font-weight: bold;}#ai-layer-div-advanced_iframe p {height:100%;margin:0;padding:0}<\/style><script type=\"text\/javascript\">var ai_iframe_width_advanced_iframe = 0;var ai_iframe_height_advanced_iframe = 0;var aiOnloadScrollTop=\"true\";var aiShowDebug=false;\n\t\tif (typeof aiReadyCallbacks === 'undefined') {\n\t\t\tvar aiReadyCallbacks = [];\n\t\t} else if (!(aiReadyCallbacks instanceof Array)) {\n\t\t\tvar aiReadyCallbacks = [];\n\t\t}    function aiShowIframeId(id_iframe) { jQuery(\"#\"+id_iframe).css(\"visibility\", \"visible\");    }    function aiResizeIframeHeight(height) { aiResizeIframeHeight(height,advanced_iframe); }    function aiResizeIframeHeightId(height,width,id) {aiResizeIframeHeightById(id,height);}<\/script><iframe id=\"advanced_iframe\"  name=\"advanced_iframe\"  src=\"\/\/www.youtube.com\/embed\/Uqoj2w-CHlY\"  width=\"450\"  height=\"350\"  frameborder=\"0\"  border=\"0\"  allowtransparency=\"true\"  loading=\"auto\"  style=\";border-width: 0px;;border: none;;width:450px;;height:350px;\"  allowfullscreen ><\/iframe><script type=\"text\/javascript\">var ifrm_advanced_iframe = document.getElementById(\"advanced_iframe\");var hiddenTabsDoneadvanced_iframe = false;\nfunction resizeCallbackadvanced_iframe() {}<\/script><script type=\"text\/javascript\"><\/script><\/div>\n<div style=\"text-align: center;\"><strong><a title=\"\" href=\"https:\/\/www.facebook.com\/13BisTV\/\" target=\"_blank\" rel=\"noopener noreferrer\">http:\/\/www.13bistv.info\/<\/a><\/strong><\/div>\n<\/td>\n<\/tr>\n<tr>\n<td><\/td>\n<\/tr>\n<tr>\n<td style=\"background-color: #ffffff;\">\n<h3 style=\"text-align: justify;\"><span style=\"font-size: 32px;\"><span style=\"color: #000000;\">\u00a0<a href=\"https:\/\/frank-lovisolo.fr\/WordPress\/le-13-bis\/\"><img loading=\"lazy\" decoding=\"async\" class=\" alignright wp-image-14330\" title=\"galerie Le 13 Bis - Le Vol dune nuit - lovisolo\" src=\"https:\/\/frank-lovisolo.fr\/WordPress\/wp-content\/uploads\/2015\/01\/10632606_1552121798338626_5589453147103282572_n.jpg\" alt=\"galerie Le 13 Bis - Le Vol dune nuit - lovisolo\" width=\"308\" height=\"530\" \/><\/a>Exposition Le Vol d\u2019une nuit \u00e0 la\u00a0<a href=\"https:\/\/www.facebook.com\/13BisTV\/\" target=\"_blank\" rel=\"noopener noreferrer\">Galerie Le 13 Bis<\/a>\u00a0&#8211;\u00a0La Seyne sur Mer<\/span><\/span><\/h3>\n<p>&nbsp;<\/p>\n<p><strong><a href=\"https:\/\/frank-lovisolo.fr\/WordPress\/le-vol-dune-nuit-exposition-virtuelle-video\/\" target=\"_blank\" rel=\"noopener noreferrer\">Voir L&rsquo;exposition Virtuelle &gt;&gt;&gt;&gt; Ici&#8230;.<\/a>\u00a0<span style=\"color: #000000;\">&amp;<\/span> La Vid\u00e9o&gt;&gt;&gt;&gt;l\u00e0<\/strong><\/p>\n<p>&nbsp;<\/p>\n<div style=\"text-align: justify;\"><span style=\"text-decoration: underline;\"><span style=\"color: #000000; font-size: 20px; text-decoration: underline;\">Installation Photos, Images et Vid\u00e9os<\/span><\/span><\/div>\n<div style=\"text-align: justify;\"><span style=\"color: #000000;\">\u00a0<\/span><\/div>\n<div style=\"text-align: justify;\"><span style=\"color: #000000;\"><strong>Sur l\u2019\u00e9bauche d\u2019une r\u00e9alit\u00e9\u00a0:<\/strong><\/span><\/div>\n<div style=\"text-align: justify;\"><\/div>\n<div style=\"text-align: justify;\"><span style=\"color: #000000; font-size: 20px;\">\u00a0Dans les th\u00e8mes expos\u00e9s la manipulation d\u2019images installe la repr\u00e9sentation d\u2019un instant immensurable.<\/span><\/div>\n<div style=\"text-align: justify;\"><span style=\"color: #000000; font-size: 20px;\">Il y a une scission entre le visible et le r\u00e9el.<\/span><\/div>\n<div style=\"text-align: justify;\"><\/div>\n<div style=\"text-align: justify;\"><span style=\"color: #000000; font-size: 20px;\">\u00a0Cet entre-temps fig\u00e9 peut \u00eatre invisible ou simplement cach\u00e9 par ce qu&rsquo;il nous laisse entrevoir.<\/span><\/div>\n<div style=\"text-align: justify;\"><\/div>\n<div style=\"text-align: justify;\"><span style=\"color: #000000; font-size: 20px;\">\u00a0Il semblerait que la r\u00e9alit\u00e9 ne soit que l\u2019interpr\u00e9tation que nous avons d\u2019elle : la mat\u00e9rialisation ordonn\u00e9e, artistique et quantique d\u2019un espace-temps transpos\u00e9.<\/span><\/div>\n<p style=\"text-align: justify;\"><span style=\"color: #000000; font-size: 20px;\"><strong><em>\u00a0<\/em><\/strong>Exposition du 21 janvier au 7 f\u00e9vrier 2015<\/span><\/p>\n<\/td>\n<\/tr>\n<tr>\n<td style=\"text-align: left;\"><span style=\"font-size: 20px;\">Galerie Le 13 Bis<\/span><br \/>\n<span style=\"font-size: 20px;\">7 Place Daniel Perrin &#8211; 83500 LA SEYNE SUR MER<\/span><br \/>\n<span style=\"font-size: 20px; background-color: #ffff00;\">\u00a0<span style=\"color: #000000;\">Ouvert du lundi au samedi, de\u00a09h00 \u00e0 12h00 &amp;\u00a014h00 \u00e0 18h00<\/span>\u00a0<\/span><br \/>\n<span style=\"font-size: 20px;\"><a href=\"https:\/\/www.facebook.com\/13BisTV\/\" target=\"_blank\" rel=\"noopener\">http:\/\/www.13bistv.info\/<\/a> &#8211; \u00a009 80 66 29 60.<\/span><\/p>\n<p style=\"text-align: center;\">Article paru dans Var-Matin.<a href=\"https:\/\/frank-lovisolo.fr\/WordPress\/wp-content\/uploads\/2015\/01\/var_matin_26Janvier2015.jpg\"><img loading=\"lazy\" decoding=\"async\" class=\"aligncenter wp-image-14365\" title=\"var_matin - lovisolo _26 Janvier 2015\" src=\"https:\/\/frank-lovisolo.fr\/WordPress\/wp-content\/uploads\/2015\/01\/var_matin_26Janvier2015-1024x542.jpg\" alt=\"var_matin - lovisolo _26 Janvier 2015\" width=\"1024\" height=\"542\" srcset=\"https:\/\/frank-lovisolo.fr\/WordPress\/wp-content\/uploads\/2015\/01\/var_matin_26Janvier2015-1024x542.jpg 1024w, https:\/\/frank-lovisolo.fr\/WordPress\/wp-content\/uploads\/2015\/01\/var_matin_26Janvier2015-460x244.jpg 460w, https:\/\/frank-lovisolo.fr\/WordPress\/wp-content\/uploads\/2015\/01\/var_matin_26Janvier2015-768x407.jpg 768w, https:\/\/frank-lovisolo.fr\/WordPress\/wp-content\/uploads\/2015\/01\/var_matin_26Janvier2015-1536x813.jpg 1536w, https:\/\/frank-lovisolo.fr\/WordPress\/wp-content\/uploads\/2015\/01\/var_matin_26Janvier2015-250x132.jpg 250w, https:\/\/frank-lovisolo.fr\/WordPress\/wp-content\/uploads\/2015\/01\/var_matin_26Janvier2015-150x79.jpg 150w, https:\/\/frank-lovisolo.fr\/WordPress\/wp-content\/uploads\/2015\/01\/var_matin_26Janvier2015-1320x699.jpg 1320w, https:\/\/frank-lovisolo.fr\/WordPress\/wp-content\/uploads\/2015\/01\/var_matin_26Janvier2015.jpg 2011w\" sizes=\"auto, (max-width: 1024px) 100vw, 1024px\" \/><\/a><\/p>\n<\/td>\n<\/tr>\n<tr>\n<td style=\"text-align: left;\"><\/td>\n<\/tr>\n<tr>\n<td style=\"text-align: center;\"><a href=\"https:\/\/frank-lovisolo.fr\/WordPress\/le-13-bis\/\"><img loading=\"lazy\" decoding=\"async\" class=\"aligncenter wp-image-14321 size-full\" title=\"galerie Le 13 Bis - Le Vol dune nuit - lovisolo\" src=\"https:\/\/frank-lovisolo.fr\/WordPress\/wp-content\/uploads\/2015\/01\/IMG_7718.jpg\" alt=\"galerie Le 13 Bis - Le Vol dune nuit - lovisolo\" width=\"843\" height=\"592\" srcset=\"https:\/\/frank-lovisolo.fr\/WordPress\/wp-content\/uploads\/2015\/01\/IMG_7718.jpg 843w, https:\/\/frank-lovisolo.fr\/WordPress\/wp-content\/uploads\/2015\/01\/IMG_7718-560x393.jpg 560w, https:\/\/frank-lovisolo.fr\/WordPress\/wp-content\/uploads\/2015\/01\/IMG_7718-214x150.jpg 214w, https:\/\/frank-lovisolo.fr\/WordPress\/wp-content\/uploads\/2015\/01\/IMG_7718-150x105.jpg 150w\" sizes=\"auto, (max-width: 843px) 100vw, 843px\" \/><\/a><\/p>\n<p><a href=\"https:\/\/frank-lovisolo.fr\/WordPress\/le-13-bis\/\"><img loading=\"lazy\" decoding=\"async\" class=\"aligncenter wp-image-14322 size-full\" title=\"galerie Le 13 Bis - Le Vol dune nuit - lovisolo\" src=\"https:\/\/frank-lovisolo.fr\/WordPress\/wp-content\/uploads\/2015\/01\/IMG_7672.jpg\" alt=\"galerie Le 13 Bis - Le Vol dune nuit - lovisolo\" width=\"843\" height=\"531\" srcset=\"https:\/\/frank-lovisolo.fr\/WordPress\/wp-content\/uploads\/2015\/01\/IMG_7672.jpg 843w, https:\/\/frank-lovisolo.fr\/WordPress\/wp-content\/uploads\/2015\/01\/IMG_7672-560x353.jpg 560w, https:\/\/frank-lovisolo.fr\/WordPress\/wp-content\/uploads\/2015\/01\/IMG_7672-238x150.jpg 238w, https:\/\/frank-lovisolo.fr\/WordPress\/wp-content\/uploads\/2015\/01\/IMG_7672-150x94.jpg 150w\" sizes=\"auto, (max-width: 843px) 100vw, 843px\" \/><\/a><a href=\"https:\/\/www.patentreger.com\/\" target=\"_blank\" rel=\"noopener noreferrer\"><img loading=\"lazy\" decoding=\"async\" class=\"aligncenter wp-image-14323 size-full\" title=\"galerie Le 13 Bis - Le Vol dune nuit - lovisolo - Luc Patentreger\" src=\"https:\/\/frank-lovisolo.fr\/WordPress\/wp-content\/uploads\/2015\/01\/IMG_7741.jpg\" alt=\"galerie Le 13 Bis - Le Vol dune nuit - lovisolo - Luc Patentreger\" width=\"843\" height=\"562\" srcset=\"https:\/\/frank-lovisolo.fr\/WordPress\/wp-content\/uploads\/2015\/01\/IMG_7741.jpg 843w, https:\/\/frank-lovisolo.fr\/WordPress\/wp-content\/uploads\/2015\/01\/IMG_7741-560x373.jpg 560w, https:\/\/frank-lovisolo.fr\/WordPress\/wp-content\/uploads\/2015\/01\/IMG_7741-225x150.jpg 225w, https:\/\/frank-lovisolo.fr\/WordPress\/wp-content\/uploads\/2015\/01\/IMG_7741-150x100.jpg 150w\" sizes=\"auto, (max-width: 843px) 100vw, 843px\" \/><\/a><\/p>\n<div>Au doigt et \u00e0 l&rsquo;oeil :\u00a0<a href=\"https:\/\/www.patentreger.com\/\" target=\"_blank\" rel=\"noopener noreferrer\">\u00a0Luc Patentreger<\/a><\/div>\n<div><\/div>\n<div><a href=\"https:\/\/frank-lovisolo.fr\/WordPress\/le-13-bis\/\"><img loading=\"lazy\" decoding=\"async\" class=\"aligncenter wp-image-14325 size-full\" title=\"galerie Le 13 Bis - Le Vol dune nuit - lovisolo\" src=\"https:\/\/frank-lovisolo.fr\/WordPress\/wp-content\/uploads\/2015\/01\/10896837_10204891962971870_2540379338470231419_n.jpg\" alt=\"galerie Le 13 Bis - Le Vol dune nuit - lovisolo\" width=\"843\" height=\"549\" srcset=\"https:\/\/frank-lovisolo.fr\/WordPress\/wp-content\/uploads\/2015\/01\/10896837_10204891962971870_2540379338470231419_n.jpg 843w, https:\/\/frank-lovisolo.fr\/WordPress\/wp-content\/uploads\/2015\/01\/10896837_10204891962971870_2540379338470231419_n-560x365.jpg 560w, https:\/\/frank-lovisolo.fr\/WordPress\/wp-content\/uploads\/2015\/01\/10896837_10204891962971870_2540379338470231419_n-230x150.jpg 230w, https:\/\/frank-lovisolo.fr\/WordPress\/wp-content\/uploads\/2015\/01\/10896837_10204891962971870_2540379338470231419_n-150x98.jpg 150w\" sizes=\"auto, (max-width: 843px) 100vw, 843px\" \/><\/a><\/div>\n<\/td>\n<\/tr>\n<tr>\n<td>\n<p style=\"text-align: center;\">Aller au<\/p>\n<p style=\"text-align: center;\">Le<strong> 13 Bis <\/strong>7 Place Daniel Perrin &#8211; 83500 LA SEYNE SUR MER<\/p>\n<p><img loading=\"lazy\" decoding=\"async\" class=\"aligncenter wp-image-14308\" title=\"galerie Le 13 Bis - Le Vol dune nuit - lovisolo\" src=\"https:\/\/frank-lovisolo.fr\/WordPress\/wp-content\/uploads\/2015\/01\/Capture.jpg\" alt=\"galerie Le 13 Bis - Le Vol dune nuit - lovisolo\" width=\"843\" height=\"485\" srcset=\"https:\/\/frank-lovisolo.fr\/WordPress\/wp-content\/uploads\/2015\/01\/Capture.jpg 842w, https:\/\/frank-lovisolo.fr\/WordPress\/wp-content\/uploads\/2015\/01\/Capture-560x322.jpg 560w, https:\/\/frank-lovisolo.fr\/WordPress\/wp-content\/uploads\/2015\/01\/Capture-250x144.jpg 250w, https:\/\/frank-lovisolo.fr\/WordPress\/wp-content\/uploads\/2015\/01\/Capture-150x86.jpg 150w\" sizes=\"auto, (max-width: 843px) 100vw, 843px\" \/><\/td>\n<\/tr>\n<\/tbody>\n<\/table>\n<p>BIs<a id=\"com\"><\/a><\/p>\n","protected":false},"excerpt":{"rendered":"<p><span class=\"span-reading-time rt-reading-time\" style=\"display: block;\"><span class=\"rt-label rt-prefix\">Reading Time: <\/span> <span class=\"rt-time\"> 3<\/span> <span class=\"rt-label rt-postfix\">minutes<\/span><\/span>\u2026 <a class=\"continue-reading-link\" href=\"https:\/\/frank-lovisolo.fr\/WordPress\/le-13-bis\/\">Suite &#8211; Continue reading<\/a><\/p>\n","protected":false},"author":1,"featured_media":14321,"comment_status":"open","ping_status":"open","sticky":false,"template":"","format":"standard","meta":{"footnotes":""},"categories":[3985,1,39],"tags":[1524,419,1527,1529,1530,1523,1525,1526,1528,1144],"class_list":["post-14307","post","type-post","status-publish","format-standard","has-post-thumbnail","hentry","category-evenements","category-tous-les-articles","category-art-contemporain","tag-13-bis","tag-amelie-lovisolo-guillard","tag-galerie-le-13-bis","tag-jessica-pitou","tag-julien-delucis","tag-la-seyne","tag-le-vol-dune-nuit","tag-luc-patentreger","tag-muriel-crail","tag-var-matin"],"_links":{"self":[{"href":"https:\/\/frank-lovisolo.fr\/WordPress\/wp-json\/wp\/v2\/posts\/14307","targetHints":{"allow":["GET"]}}],"collection":[{"href":"https:\/\/frank-lovisolo.fr\/WordPress\/wp-json\/wp\/v2\/posts"}],"about":[{"href":"https:\/\/frank-lovisolo.fr\/WordPress\/wp-json\/wp\/v2\/types\/post"}],"author":[{"embeddable":true,"href":"https:\/\/frank-lovisolo.fr\/WordPress\/wp-json\/wp\/v2\/users\/1"}],"replies":[{"embeddable":true,"href":"https:\/\/frank-lovisolo.fr\/WordPress\/wp-json\/wp\/v2\/comments?post=14307"}],"version-history":[{"count":0,"href":"https:\/\/frank-lovisolo.fr\/WordPress\/wp-json\/wp\/v2\/posts\/14307\/revisions"}],"wp:featuredmedia":[{"embeddable":true,"href":"https:\/\/frank-lovisolo.fr\/WordPress\/wp-json\/wp\/v2\/media\/14321"}],"wp:attachment":[{"href":"https:\/\/frank-lovisolo.fr\/WordPress\/wp-json\/wp\/v2\/media?parent=14307"}],"wp:term":[{"taxonomy":"category","embeddable":true,"href":"https:\/\/frank-lovisolo.fr\/WordPress\/wp-json\/wp\/v2\/categories?post=14307"},{"taxonomy":"post_tag","embeddable":true,"href":"https:\/\/frank-lovisolo.fr\/WordPress\/wp-json\/wp\/v2\/tags?post=14307"}],"curies":[{"name":"wp","href":"https:\/\/api.w.org\/{rel}","templated":true}]}}