{"id":10074,"date":"2013-11-26T18:58:43","date_gmt":"2013-11-26T17:58:43","guid":{"rendered":"https:\/\/frank-lovisolo.fr\/WordPress\/?page_id=10074"},"modified":"2025-06-24T07:52:17","modified_gmt":"2025-06-24T05:52:17","slug":"rythme-nycthemeral-grues-valette-malte","status":"publish","type":"post","link":"https:\/\/frank-lovisolo.fr\/WordPress\/rythme-nycthemeral-grues-valette-malte\/","title":{"rendered":"Rythme nycth\u00e9m\u00e9ral des Grues \u00e0 La Valette (Malte)"},"content":{"rendered":"<span class=\"span-reading-time rt-reading-time\" style=\"display: block;\"><span class=\"rt-label rt-prefix\">Reading Time: <\/span> <span class=\"rt-time\"> 2<\/span> <span class=\"rt-label rt-postfix\">minutes<\/span><\/span><div><span style=\"color: #ffffff;\">nycth\u00e9m\u00e9ral &#8211; Malte<\/span><\/div>\n<table style=\"width: 100%;\">\n<tbody>\n<tr>\n<td style=\"width: 34%; text-align: right; vertical-align: top;\"><audio class=\"wp-audio-shortcode\" id=\"audio-10074-1\" autoplay style=\"width: 100%;\" controls=\"controls\"><source type=\"audio\/mpeg\" src=\"http:\/\/frank-lovisolo.fr\/cat\/m3p\/Migration.mp3?_=1\" \/><source type=\"audio\/ogg\" src=\"http:\/\/frank-lovisolo.fr\/cat\/ogg\/Migration.ogg?_=1\" \/><a href=\"http:\/\/frank-lovisolo.fr\/cat\/m3p\/Migration.mp3\">http:\/\/frank-lovisolo.fr\/cat\/m3p\/Migration.mp3<\/a><\/audio><\/td>\n<td style=\"width: 33%; text-align: center; vertical-align: top;\">\u00e0 l&rsquo;\u00e9coute : <a href=\"https:\/\/frank-lovisolo.fr\/WordPress\/migration\/\" target=\"_blank\" rel=\"noopener\">Migration<\/a><\/td>\n<td style=\"width: 33%; text-align: left; vertical-align: top;\">\n<div><span style=\"font-size: 20px;\"><a href=\"#com\"><img decoding=\"async\" class=\"wp-image-15068 size-full alignright\" src=\"https:\/\/frank-lovisolo.fr\/WordPress\/wp-content\/uploads\/2015\/06\/ComGris.jpg\" alt=\"ComGris\" height=\"20\" title=\"-\" srcset=\"https:\/\/frank-lovisolo.fr\/WordPress\/wp-content\/uploads\/2015\/06\/ComGris.jpg 250w, https:\/\/frank-lovisolo.fr\/WordPress\/wp-content\/uploads\/2015\/06\/ComGris-150x12.jpg 150w\" sizes=\"(max-width: 250px) 100vw, 250px\" \/><\/a><\/span><\/div>\n<\/td>\n<\/tr>\n<\/tbody>\n<\/table>\n<table style=\"width: 100%;\" cellpadding=\"10\">\n<tbody>\n<tr>\n<td colspan=\"2\">\n<div style=\"text-align: center;\"><span style=\"font-size: 20px;\">La migration verticale des grues du port de La Valette \u00e0 Malte.<\/span><\/div>\n<div style=\"text-align: center;\">\n<div><span style=\"font-size: 20px;\">\u00a0Dans le sujet abord\u00e9, l&rsquo;adjectif <a href=\"https:\/\/www.cnrtl.fr\/definition\/nycth%C3%A9m%C3%A9ral\/adjectif\" target=\"_blank\" rel=\"noopener noreferrer\">\u00abnycth\u00e9m\u00e9ral\u00bb<\/a>, relatif \u00e0 la succession du jour et de la nuit, n&rsquo;est pr\u00e9texte qu&rsquo;\u00e0 la d\u00e9couverte\u00a0du mot et des\u00a0images.<\/span><\/div>\n<div><span style=\"font-size: 20px;\">Toutefois, la repr\u00e9sentation reste ici impartialement po\u00e9tique.<\/span><\/div>\n<\/div>\n<\/td>\n<\/tr>\n<tr>\n<td colspan=\"2\">\n<hr \/>\n<div style=\"text-align: center;\"><div class=\"flagallerywraper\" style=\"text-align:center;\"><div class=\"flagallery flaslider_skin\" id=\"FlaGallery_sc1_91\" style=\"width:1024px;margin:0 auto;\"><script type=\"text\/javascript\">(function(){this['FlaGallery_sc1_91']={'settings':{\"sliderHeightRetio\":\"0.8\",\"sliderPreloaderColor\":\"#ffffff\",\"sliderBgColor\":\"rgb(255, 255, 255)\",\"sliderHeaderFooterBgColor\":\"rgb(255, 255, 255)\",\"sliderNavigationColor\":\"rgba(82, 82, 82, 0.81)\",\"sliderNavigationIconColor\":\"rgb(255, 255, 255)\",\"sliderItemDescriptionBlock\":\"0\",\"sliderItemTitleFontSize\":\"14\",\"sliderItemTitleTextColor\":\"#515151\",\"sliderItemDescriptionFontSize\":\"14\",\"sliderItemDescriptionTextColor\":\"#545454\",\"sliderThumbBarEnable\":\"1\",\"sliderThumbBarHoverColor\":\"#ffffff\",\"sliderThumbSubMenuBackgroundColor\":\"rgb(255, 255, 255)\",\"sliderThumbSubMenuBackgroundColorOver\":\"rgba(255,255,255,1)\",\"sliderThumbSubMenuIconColor\":\"rgb(0, 0, 0)\",\"sliderThumbSubMenuIconHoverColor\":\"rgba(0,0,0,1)\",\"sliderPlayButton\":\"1\",\"sliderZoomButton\":\"1\",\"sliderFullScreen\":\"1\",\"sliderInfoEnable\":\"1\",\"sliderItemDownload\":\"0\",\"sliderSocialShareEnabled\":\"0\",\"sliderLikesEnabled\":\"0\",\"sliderSlideshowEneble\":\"1\",\"slideshowDelay\":\"8\",\"slideshowProgressBarColor\":\"rgb(0, 0, 0)\",\"slideshowProgressBarBGColor\":\"rgb(137, 176, 255)\",\"modaBgColor\":\"rgba(0,0,0,0.9)\",\"modalInfoBoxBgColor\":\"rgb(255, 255, 255)\",\"modalInfoBoxTitleTextColor\":\"#000000\",\"shareTitlePlaceHolder\":\"Share\",\"modalInfoBoxTextColor\":\"#333333\",\"infoBarExifEnable\":\"0\",\"infoBarCountersEnable\":\"0\",\"infoBarDateInfoEnable\":\"0\",\"customCSS\":\"\",\"key\":\"2b91304c71a96bd3dd001bdb3bf4a76f\",\"name\":\"GRANDPackPlus\",\"galleryID\":\"sc1_91\",\"post_url\":\"https:\\\/\\\/frank-lovisolo.fr\\\/WordPress\\\/wp-json\\\/wp\\\/v2\\\/posts\\\/10074\",\"module_url\":\"https:\\\/\\\/frank-lovisolo.fr\\\/WordPress\\\/wp-content\\\/plugins\\\/flagallery-skins\\\/flaslider\\\/\"}, 'data':[{\"gallery\":{\"gid\":\"91\",\"name\":\"migration-verticale\",\"path\":\"https:\\\/\\\/frank-lovisolo.fr\\\/WordPress\\\/wp-content\\\/flagallery\\\/migration-verticale\",\"title\":\"Migration verticale\",\"galdesc\":\"\"},\"data\":[{\"pid\":\"5029\",\"filename\":\"migration-001.jpg\",\"description\":\"\",\"alttext\":\"\",\"link\":null,\"imagedate\":\"2012-07-20 17:43:02\",\"hitcounter\":\"172\",\"total_value\":\"0\",\"total_votes\":\"0\",\"meta_data\":{\"aperture\":\"F 4.9\",\"credit\":false,\"camera\":\"DMC-TZ5\",\"caption\":false,\"created_timestamp\":\"20 juillet 2012 17 h 43 min\",\"copyright\":false,\"focal_length\":\"47min\",\"iso\":100,\"shutter_speed\":\"1\\\/800sec\",\"flash\":\"Not fired\",\"title\":false,\"keywords\":false,\"width\":358,\"height\":600,\"saved\":true,\"thumbnail\":{\"width\":179,\"height\":300},\"webview\":{\"0\":358,\"1\":600,\"2\":2,\"3\":\"width=\\\"358\\\" height=\\\"600\\\"\",\"bits\":8,\"channels\":3,\"mime\":\"image\\\/jpeg\"}}},{\"pid\":\"5030\",\"filename\":\"migration-002.jpg\",\"description\":\"\",\"alttext\":\"\",\"link\":null,\"imagedate\":\"2012-07-20 18:02:15\",\"hitcounter\":\"100\",\"total_value\":\"0\",\"total_votes\":\"0\",\"meta_data\":{\"aperture\":\"F 4.8\",\"credit\":false,\"camera\":\"DMC-TZ5\",\"caption\":false,\"created_timestamp\":\"20 juillet 2012 18 h 02 min\",\"copyright\":false,\"focal_length\":\"27.1min\",\"iso\":100,\"shutter_speed\":\"1\\\/500sec\",\"flash\":\"Not fired\",\"title\":false,\"keywords\":false,\"width\":704,\"height\":600,\"saved\":true,\"thumbnail\":{\"width\":300,\"height\":255},\"webview\":{\"0\":704,\"1\":600,\"2\":2,\"3\":\"width=\\\"704\\\" height=\\\"600\\\"\",\"bits\":8,\"channels\":3,\"mime\":\"image\\\/jpeg\"}}},{\"pid\":\"5031\",\"filename\":\"migration-003.jpg\",\"description\":\"\",\"alttext\":\"\",\"link\":null,\"imagedate\":\"2012-07-22 15:14:52\",\"hitcounter\":\"83\",\"total_value\":\"0\",\"total_votes\":\"0\",\"meta_data\":{\"aperture\":\"F 4.6\",\"credit\":false,\"camera\":\"DMC-TZ5\",\"caption\":false,\"created_timestamp\":\"22 juillet 2012 15 h 14 min\",\"copyright\":false,\"focal_length\":\"12.2min\",\"iso\":100,\"shutter_speed\":\"1\\\/1000sec\",\"flash\":\"Not fired\",\"title\":false,\"keywords\":false,\"width\":1024,\"height\":549,\"saved\":true,\"thumbnail\":{\"width\":300,\"height\":161},\"webview\":{\"0\":1024,\"1\":549,\"2\":2,\"3\":\"width=\\\"1024\\\" height=\\\"549\\\"\",\"bits\":8,\"channels\":3,\"mime\":\"image\\\/jpeg\"}}},{\"pid\":\"5032\",\"filename\":\"migration-004.jpg\",\"description\":\"\",\"alttext\":\"\",\"link\":null,\"imagedate\":\"2012-07-22 15:18:21\",\"hitcounter\":\"62\",\"total_value\":\"0\",\"total_votes\":\"0\",\"meta_data\":{\"aperture\":\"F 4.7\",\"credit\":false,\"camera\":\"DMC-TZ5\",\"caption\":false,\"created_timestamp\":\"22 juillet 2012 15 h 18 min\",\"copyright\":false,\"focal_length\":\"20.3min\",\"iso\":100,\"shutter_speed\":\"1\\\/1300sec\",\"flash\":\"Not fired\",\"title\":false,\"keywords\":false,\"width\":1024,\"height\":563,\"saved\":true,\"thumbnail\":{\"width\":300,\"height\":165},\"webview\":{\"0\":1024,\"1\":563,\"2\":2,\"3\":\"width=\\\"1024\\\" height=\\\"563\\\"\",\"bits\":8,\"channels\":3,\"mime\":\"image\\\/jpeg\"}}},{\"pid\":\"5033\",\"filename\":\"migration-005.jpg\",\"description\":\"\",\"alttext\":\"\",\"link\":null,\"imagedate\":\"2012-07-22 15:22:36\",\"hitcounter\":\"60\",\"total_value\":\"0\",\"total_votes\":\"0\",\"meta_data\":{\"aperture\":\"F 8\",\"credit\":false,\"camera\":\"DMC-TZ5\",\"caption\":false,\"created_timestamp\":\"22 juillet 2012 15 h 22 min\",\"copyright\":false,\"focal_length\":\"5min\",\"iso\":100,\"shutter_speed\":\"1\\\/640sec\",\"flash\":\"Not fired\",\"title\":false,\"keywords\":false,\"width\":969,\"height\":600,\"saved\":true,\"thumbnail\":{\"width\":300,\"height\":185},\"webview\":{\"0\":969,\"1\":600,\"2\":2,\"3\":\"width=\\\"969\\\" height=\\\"600\\\"\",\"bits\":8,\"channels\":3,\"mime\":\"image\\\/jpeg\"}}},{\"pid\":\"5034\",\"filename\":\"migration-006.jpg\",\"description\":\"\",\"alttext\":\"\",\"link\":null,\"imagedate\":\"2012-07-22 15:22:56\",\"hitcounter\":\"59\",\"total_value\":\"0\",\"total_votes\":\"0\",\"meta_data\":{\"aperture\":\"F 10\",\"credit\":false,\"camera\":\"DMC-TZ5\",\"caption\":false,\"created_timestamp\":\"22 juillet 2012 15 h 22 min\",\"copyright\":false,\"focal_length\":\"8min\",\"iso\":100,\"shutter_speed\":\"1\\\/400sec\",\"flash\":\"Not fired\",\"title\":false,\"keywords\":false,\"width\":423,\"height\":600,\"saved\":true,\"thumbnail\":{\"width\":211,\"height\":300},\"webview\":{\"0\":423,\"1\":600,\"2\":2,\"3\":\"width=\\\"423\\\" height=\\\"600\\\"\",\"bits\":8,\"channels\":3,\"mime\":\"image\\\/jpeg\"}}},{\"pid\":\"5035\",\"filename\":\"migration-007.jpg\",\"description\":\"\",\"alttext\":\"\",\"link\":null,\"imagedate\":\"2012-07-22 15:23:21\",\"hitcounter\":\"61\",\"total_value\":\"0\",\"total_votes\":\"0\",\"meta_data\":{\"aperture\":\"F 9\",\"credit\":false,\"camera\":\"DMC-TZ5\",\"caption\":false,\"created_timestamp\":\"22 juillet 2012 15 h 23 min\",\"copyright\":false,\"focal_length\":\"6.7min\",\"iso\":100,\"shutter_speed\":\"1\\\/320sec\",\"flash\":\"Not fired\",\"title\":false,\"keywords\":false,\"width\":507,\"height\":600,\"saved\":true,\"thumbnail\":{\"width\":253,\"height\":300},\"webview\":{\"0\":507,\"1\":600,\"2\":2,\"3\":\"width=\\\"507\\\" height=\\\"600\\\"\",\"bits\":8,\"channels\":3,\"mime\":\"image\\\/jpeg\"}}},{\"pid\":\"5036\",\"filename\":\"migration-008.jpg\",\"description\":\"\",\"alttext\":\"\",\"link\":null,\"imagedate\":\"2012-07-22 15:26:44\",\"hitcounter\":\"59\",\"total_value\":\"0\",\"total_votes\":\"0\",\"meta_data\":{\"aperture\":\"F 8\",\"credit\":false,\"camera\":\"DMC-TZ5\",\"caption\":false,\"created_timestamp\":\"22 juillet 2012 15 h 26 min\",\"copyright\":false,\"focal_length\":\"5min\",\"iso\":100,\"shutter_speed\":\"1\\\/320sec\",\"flash\":\"Not fired\",\"title\":false,\"keywords\":false,\"width\":890,\"height\":600,\"saved\":true,\"thumbnail\":{\"width\":300,\"height\":202},\"webview\":{\"0\":890,\"1\":600,\"2\":2,\"3\":\"width=\\\"890\\\" height=\\\"600\\\"\",\"bits\":8,\"channels\":3,\"mime\":\"image\\\/jpeg\"}}},{\"pid\":\"5037\",\"filename\":\"migration-009.jpg\",\"description\":\"\",\"alttext\":\"\",\"link\":null,\"imagedate\":\"2012-07-22 15:27:41\",\"hitcounter\":\"54\",\"total_value\":\"0\",\"total_votes\":\"0\",\"meta_data\":{\"aperture\":\"F 9\",\"credit\":false,\"camera\":\"DMC-TZ5\",\"caption\":false,\"created_timestamp\":\"22 juillet 2012 15 h 27 min\",\"copyright\":false,\"focal_length\":\"6.7min\",\"iso\":100,\"shutter_speed\":\"1\\\/320sec\",\"flash\":\"Not fired\",\"title\":false,\"keywords\":false,\"width\":398,\"height\":600,\"saved\":true,\"thumbnail\":{\"width\":199,\"height\":300},\"webview\":{\"0\":398,\"1\":600,\"2\":2,\"3\":\"width=\\\"398\\\" height=\\\"600\\\"\",\"bits\":8,\"channels\":3,\"mime\":\"image\\\/jpeg\"}}},{\"pid\":\"5038\",\"filename\":\"migration-010.jpg\",\"description\":\"\",\"alttext\":\"\",\"link\":null,\"imagedate\":\"2012-07-22 15:28:09\",\"hitcounter\":\"53\",\"total_value\":\"0\",\"total_votes\":\"0\",\"meta_data\":{\"aperture\":\"F 4.2\",\"credit\":false,\"camera\":\"DMC-TZ5\",\"caption\":false,\"created_timestamp\":\"22 juillet 2012 15 h 28 min\",\"copyright\":false,\"focal_length\":\"8.5min\",\"iso\":100,\"shutter_speed\":\"1\\\/1300sec\",\"flash\":\"Not fired\",\"title\":false,\"keywords\":false,\"width\":1024,\"height\":480,\"saved\":true,\"thumbnail\":{\"width\":300,\"height\":140},\"webview\":{\"0\":1024,\"1\":480,\"2\":2,\"3\":\"width=\\\"1024\\\" height=\\\"480\\\"\",\"bits\":8,\"channels\":3,\"mime\":\"image\\\/jpeg\"}}},{\"pid\":\"5039\",\"filename\":\"migration-011.jpg\",\"description\":\"\",\"alttext\":\"\",\"link\":null,\"imagedate\":\"2012-07-22 15:28:59\",\"hitcounter\":\"45\",\"total_value\":\"0\",\"total_votes\":\"0\",\"meta_data\":{\"aperture\":\"F 8\",\"credit\":false,\"camera\":\"DMC-TZ5\",\"caption\":false,\"created_timestamp\":\"22 juillet 2012 15 h 28 min\",\"copyright\":false,\"focal_length\":\"4.7min\",\"iso\":100,\"shutter_speed\":\"1\\\/250sec\",\"flash\":\"Not fired\",\"title\":false,\"keywords\":false,\"width\":901,\"height\":600,\"saved\":true,\"thumbnail\":{\"width\":300,\"height\":200},\"webview\":{\"0\":901,\"1\":600,\"2\":2,\"3\":\"width=\\\"901\\\" height=\\\"600\\\"\",\"bits\":8,\"channels\":3,\"mime\":\"image\\\/jpeg\"}}},{\"pid\":\"5040\",\"filename\":\"migration-012.jpg\",\"description\":\"\",\"alttext\":\"\",\"link\":null,\"imagedate\":\"2012-07-22 15:29:08\",\"hitcounter\":\"48\",\"total_value\":\"0\",\"total_votes\":\"0\",\"meta_data\":{\"aperture\":\"F 11\",\"credit\":false,\"camera\":\"DMC-TZ5\",\"caption\":false,\"created_timestamp\":\"22 juillet 2012 15 h 29 min\",\"copyright\":false,\"focal_length\":\"11.3min\",\"iso\":100,\"shutter_speed\":\"1\\\/250sec\",\"flash\":\"Not fired\",\"title\":false,\"keywords\":false,\"width\":240,\"height\":600,\"saved\":true,\"thumbnail\":{\"width\":120,\"height\":300},\"webview\":{\"0\":240,\"1\":600,\"2\":2,\"3\":\"width=\\\"240\\\" height=\\\"600\\\"\",\"bits\":8,\"channels\":3,\"mime\":\"image\\\/jpeg\"}}},{\"pid\":\"5041\",\"filename\":\"migration-013.jpg\",\"description\":\"\",\"alttext\":\"\",\"link\":null,\"imagedate\":\"2012-07-22 15:29:25\",\"hitcounter\":\"44\",\"total_value\":\"0\",\"total_votes\":\"0\",\"meta_data\":{\"aperture\":\"F 9\",\"credit\":false,\"camera\":\"DMC-TZ5\",\"caption\":false,\"created_timestamp\":\"22 juillet 2012 15 h 29 min\",\"copyright\":false,\"focal_length\":\"6.7min\",\"iso\":100,\"shutter_speed\":\"1\\\/400sec\",\"flash\":\"Not fired\",\"title\":false,\"keywords\":false,\"width\":253,\"height\":600,\"saved\":true,\"thumbnail\":{\"width\":126,\"height\":300},\"webview\":{\"0\":253,\"1\":600,\"2\":2,\"3\":\"width=\\\"253\\\" height=\\\"600\\\"\",\"bits\":8,\"channels\":3,\"mime\":\"image\\\/jpeg\"}}},{\"pid\":\"5042\",\"filename\":\"migration-014.jpg\",\"description\":\"\",\"alttext\":\"\",\"link\":null,\"imagedate\":\"2012-07-22 15:29:43\",\"hitcounter\":\"47\",\"total_value\":\"0\",\"total_votes\":\"0\",\"meta_data\":{\"aperture\":\"F 8\",\"credit\":false,\"camera\":\"DMC-TZ5\",\"caption\":false,\"created_timestamp\":\"22 juillet 2012 15 h 29 min\",\"copyright\":false,\"focal_length\":\"4.7min\",\"iso\":100,\"shutter_speed\":\"1\\\/500sec\",\"flash\":\"Not fired\",\"title\":false,\"keywords\":false,\"width\":361,\"height\":600,\"saved\":true,\"thumbnail\":{\"width\":180,\"height\":300},\"webview\":{\"0\":361,\"1\":600,\"2\":2,\"3\":\"width=\\\"361\\\" height=\\\"600\\\"\",\"bits\":8,\"channels\":3,\"mime\":\"image\\\/jpeg\"}}},{\"pid\":\"5043\",\"filename\":\"migration-015.jpg\",\"description\":\"\",\"alttext\":\"\",\"link\":null,\"imagedate\":\"2012-07-22 15:29:51\",\"hitcounter\":\"45\",\"total_value\":\"0\",\"total_votes\":\"0\",\"meta_data\":{\"aperture\":\"F 8\",\"credit\":false,\"camera\":\"DMC-TZ5\",\"caption\":false,\"created_timestamp\":\"22 juillet 2012 15 h 29 min\",\"copyright\":false,\"focal_length\":\"4.7min\",\"iso\":100,\"shutter_speed\":\"1\\\/500sec\",\"flash\":\"Not fired\",\"title\":false,\"keywords\":false,\"width\":362,\"height\":600,\"saved\":true,\"thumbnail\":{\"width\":181,\"height\":300},\"webview\":{\"0\":362,\"1\":600,\"2\":2,\"3\":\"width=\\\"362\\\" height=\\\"600\\\"\",\"bits\":8,\"channels\":3,\"mime\":\"image\\\/jpeg\"}}},{\"pid\":\"5044\",\"filename\":\"migration-016.jpg\",\"description\":\"\",\"alttext\":\"\",\"link\":null,\"imagedate\":\"2012-07-22 15:29:57\",\"hitcounter\":\"48\",\"total_value\":\"0\",\"total_votes\":\"0\",\"meta_data\":{\"aperture\":\"F 4.3\",\"credit\":false,\"camera\":\"DMC-TZ5\",\"caption\":false,\"created_timestamp\":\"22 juillet 2012 15 h 29 min\",\"copyright\":false,\"focal_length\":\"9.3min\",\"iso\":100,\"shutter_speed\":\"1\\\/1000sec\",\"flash\":\"Not fired\",\"title\":false,\"keywords\":false,\"width\":443,\"height\":600,\"saved\":true,\"thumbnail\":{\"width\":221,\"height\":300},\"webview\":{\"0\":443,\"1\":600,\"2\":2,\"3\":\"width=\\\"443\\\" height=\\\"600\\\"\",\"bits\":8,\"channels\":3,\"mime\":\"image\\\/jpeg\"}}},{\"pid\":\"5045\",\"filename\":\"migration-017.jpg\",\"description\":\"\",\"alttext\":\"\",\"link\":null,\"imagedate\":\"2012-07-22 15:30:05\",\"hitcounter\":\"49\",\"total_value\":\"0\",\"total_votes\":\"0\",\"meta_data\":{\"aperture\":\"F 8\",\"credit\":false,\"camera\":\"DMC-TZ5\",\"caption\":false,\"created_timestamp\":\"22 juillet 2012 15 h 30 min\",\"copyright\":false,\"focal_length\":\"4.7min\",\"iso\":100,\"shutter_speed\":\"1\\\/400sec\",\"flash\":\"Not fired\",\"title\":false,\"keywords\":false,\"width\":434,\"height\":600,\"saved\":true,\"thumbnail\":{\"width\":217,\"height\":300},\"webview\":{\"0\":434,\"1\":600,\"2\":2,\"3\":\"width=\\\"434\\\" height=\\\"600\\\"\",\"bits\":8,\"channels\":3,\"mime\":\"image\\\/jpeg\"}}},{\"pid\":\"5046\",\"filename\":\"migration-018.jpg\",\"description\":\"\",\"alttext\":\"\",\"link\":null,\"imagedate\":\"2012-07-22 15:30:18\",\"hitcounter\":\"48\",\"total_value\":\"0\",\"total_votes\":\"0\",\"meta_data\":{\"aperture\":\"F 8\",\"credit\":false,\"camera\":\"DMC-TZ5\",\"caption\":false,\"created_timestamp\":\"22 juillet 2012 15 h 30 min\",\"copyright\":false,\"focal_length\":\"5.3min\",\"iso\":100,\"shutter_speed\":\"1\\\/1300sec\",\"flash\":\"Not fired\",\"title\":false,\"keywords\":false,\"width\":569,\"height\":600,\"saved\":true,\"thumbnail\":{\"width\":284,\"height\":300},\"webview\":{\"0\":569,\"1\":600,\"2\":2,\"3\":\"width=\\\"569\\\" height=\\\"600\\\"\",\"bits\":8,\"channels\":3,\"mime\":\"image\\\/jpeg\"}}},{\"pid\":\"5047\",\"filename\":\"migration-019.jpg\",\"description\":\"\",\"alttext\":\"\",\"link\":null,\"imagedate\":\"2012-07-22 15:31:04\",\"hitcounter\":\"55\",\"total_value\":\"0\",\"total_votes\":\"0\",\"meta_data\":{\"aperture\":\"F 9\",\"credit\":false,\"camera\":\"DMC-TZ5\",\"caption\":false,\"created_timestamp\":\"22 juillet 2012 15 h 31 min\",\"copyright\":false,\"focal_length\":\"6.3min\",\"iso\":100,\"shutter_speed\":\"1\\\/640sec\",\"flash\":\"Not fired\",\"title\":false,\"keywords\":false,\"width\":274,\"height\":600,\"saved\":true,\"thumbnail\":{\"width\":137,\"height\":300},\"webview\":{\"0\":274,\"1\":600,\"2\":2,\"3\":\"width=\\\"274\\\" height=\\\"600\\\"\",\"bits\":8,\"channels\":3,\"mime\":\"image\\\/jpeg\"}}},{\"pid\":\"5048\",\"filename\":\"migration-020.jpg\",\"description\":\"\",\"alttext\":\"\",\"link\":null,\"imagedate\":\"2012-07-22 15:31:36\",\"hitcounter\":\"55\",\"total_value\":\"0\",\"total_votes\":\"0\",\"meta_data\":{\"aperture\":\"F 8\",\"credit\":false,\"camera\":\"DMC-TZ5\",\"caption\":false,\"created_timestamp\":\"22 juillet 2012 15 h 31 min\",\"copyright\":false,\"focal_length\":\"5min\",\"iso\":100,\"shutter_speed\":\"1\\\/1000sec\",\"flash\":\"Not fired\",\"title\":false,\"keywords\":false,\"width\":314,\"height\":600,\"saved\":true,\"thumbnail\":{\"width\":157,\"height\":300},\"webview\":{\"0\":314,\"1\":600,\"2\":2,\"3\":\"width=\\\"314\\\" height=\\\"600\\\"\",\"bits\":8,\"channels\":3,\"mime\":\"image\\\/jpeg\"}}},{\"pid\":\"5049\",\"filename\":\"migration-021.jpg\",\"description\":\"\",\"alttext\":\"\",\"link\":null,\"imagedate\":\"2012-07-22 15:32:46\",\"hitcounter\":\"65\",\"total_value\":\"0\",\"total_votes\":\"0\",\"meta_data\":{\"aperture\":\"F 8\",\"credit\":false,\"camera\":\"DMC-TZ5\",\"caption\":false,\"created_timestamp\":\"22 juillet 2012 15 h 32 min\",\"copyright\":false,\"focal_length\":\"5min\",\"iso\":100,\"shutter_speed\":\"1\\\/640sec\",\"flash\":\"Not fired\",\"title\":false,\"keywords\":false,\"width\":539,\"height\":600,\"saved\":true,\"thumbnail\":{\"width\":269,\"height\":300},\"webview\":{\"0\":539,\"1\":600,\"2\":2,\"3\":\"width=\\\"539\\\" height=\\\"600\\\"\",\"bits\":8,\"channels\":3,\"mime\":\"image\\\/jpeg\"}}},{\"pid\":\"5050\",\"filename\":\"migration-022.jpg\",\"description\":\"\",\"alttext\":\"\",\"link\":null,\"imagedate\":\"2012-07-22 15:33:38\",\"hitcounter\":\"69\",\"total_value\":\"0\",\"total_votes\":\"0\",\"meta_data\":{\"aperture\":\"F 9\",\"credit\":false,\"camera\":\"DMC-TZ5\",\"caption\":false,\"created_timestamp\":\"22 juillet 2012 15 h 33 min\",\"copyright\":false,\"focal_length\":\"5.6min\",\"iso\":100,\"shutter_speed\":\"1\\\/250sec\",\"flash\":\"Not fired\",\"title\":false,\"keywords\":false,\"width\":517,\"height\":600,\"saved\":true,\"thumbnail\":{\"width\":258,\"height\":300},\"webview\":{\"0\":517,\"1\":600,\"2\":2,\"3\":\"width=\\\"517\\\" height=\\\"600\\\"\",\"bits\":8,\"channels\":3,\"mime\":\"image\\\/jpeg\"}}},{\"pid\":\"5051\",\"filename\":\"migration-023.jpg\",\"description\":\"\",\"alttext\":\"\",\"link\":null,\"imagedate\":\"2012-07-22 15:34:27\",\"hitcounter\":\"80\",\"total_value\":\"0\",\"total_votes\":\"0\",\"meta_data\":{\"aperture\":\"F 8\",\"credit\":false,\"camera\":\"DMC-TZ5\",\"caption\":false,\"created_timestamp\":\"22 juillet 2012 15 h 34 min\",\"copyright\":false,\"focal_length\":\"4.7min\",\"iso\":100,\"shutter_speed\":\"1\\\/500sec\",\"flash\":\"Not fired\",\"title\":false,\"keywords\":false,\"width\":891,\"height\":600,\"saved\":true,\"thumbnail\":{\"width\":300,\"height\":202},\"webview\":{\"0\":891,\"1\":600,\"2\":2,\"3\":\"width=\\\"891\\\" height=\\\"600\\\"\",\"bits\":8,\"channels\":3,\"mime\":\"image\\\/jpeg\"}}},{\"pid\":\"5052\",\"filename\":\"migration-024.jpg\",\"description\":\"\",\"alttext\":\"\",\"link\":null,\"imagedate\":\"2012-07-22 15:35:06\",\"hitcounter\":\"90\",\"total_value\":\"0\",\"total_votes\":\"0\",\"meta_data\":{\"aperture\":\"F 11\",\"credit\":false,\"camera\":\"DMC-TZ5\",\"caption\":false,\"created_timestamp\":\"22 juillet 2012 15 h 35 min\",\"copyright\":false,\"focal_length\":\"25.2min\",\"iso\":100,\"shutter_speed\":\"1\\\/400sec\",\"flash\":\"Not fired\",\"title\":false,\"keywords\":false,\"width\":454,\"height\":600,\"saved\":true,\"thumbnail\":{\"width\":227,\"height\":300},\"webview\":{\"0\":454,\"1\":600,\"2\":2,\"3\":\"width=\\\"454\\\" height=\\\"600\\\"\",\"bits\":8,\"channels\":3,\"mime\":\"image\\\/jpeg\"}}},{\"pid\":\"5053\",\"filename\":\"migration-025.jpg\",\"description\":\"\",\"alttext\":\"\",\"link\":null,\"imagedate\":\"2012-07-22 15:35:47\",\"hitcounter\":\"108\",\"total_value\":\"0\",\"total_votes\":\"0\",\"meta_data\":{\"aperture\":\"F 4.8\",\"credit\":false,\"camera\":\"DMC-TZ5\",\"caption\":false,\"created_timestamp\":\"22 juillet 2012 15 h 35 min\",\"copyright\":false,\"focal_length\":\"30.5min\",\"iso\":100,\"shutter_speed\":\"1\\\/1300sec\",\"flash\":\"Not fired\",\"title\":false,\"keywords\":false,\"width\":829,\"height\":600,\"saved\":true,\"thumbnail\":{\"width\":300,\"height\":217},\"webview\":{\"0\":829,\"1\":600,\"2\":2,\"3\":\"width=\\\"829\\\" height=\\\"600\\\"\",\"bits\":8,\"channels\":3,\"mime\":\"image\\\/jpeg\"}}}]}], };})();<\/script><\/div><\/div><noscript id=\"noscript_FlaGallery_sc1_91\"><img decoding=\"async\" class=\"skip-lazy no-lazyload noLazy\" data-lazy-src=\"\" src=\"https:\/\/frank-lovisolo.fr\/WordPress\/wp-content\/flagallery\/migration-verticale\/migration-001.jpg\" alt=\"- - -\" title=\"-\"><img decoding=\"async\" class=\"skip-lazy no-lazyload noLazy\" data-lazy-src=\"\" src=\"https:\/\/frank-lovisolo.fr\/WordPress\/wp-content\/flagallery\/migration-verticale\/migration-002.jpg\" alt=\"- - -\" title=\"-\"><img decoding=\"async\" class=\"skip-lazy no-lazyload noLazy\" data-lazy-src=\"\" src=\"https:\/\/frank-lovisolo.fr\/WordPress\/wp-content\/flagallery\/migration-verticale\/migration-003.jpg\" alt=\"- - -\" title=\"-\"><img decoding=\"async\" class=\"skip-lazy no-lazyload noLazy\" data-lazy-src=\"\" src=\"https:\/\/frank-lovisolo.fr\/WordPress\/wp-content\/flagallery\/migration-verticale\/migration-004.jpg\" alt=\"- - -\" title=\"-\"><img decoding=\"async\" class=\"skip-lazy no-lazyload noLazy\" data-lazy-src=\"\" src=\"https:\/\/frank-lovisolo.fr\/WordPress\/wp-content\/flagallery\/migration-verticale\/migration-005.jpg\" alt=\"- - -\" title=\"-\"><img decoding=\"async\" class=\"skip-lazy no-lazyload noLazy\" data-lazy-src=\"\" src=\"https:\/\/frank-lovisolo.fr\/WordPress\/wp-content\/flagallery\/migration-verticale\/migration-006.jpg\" alt=\"- - -\" title=\"-\"><img decoding=\"async\" class=\"skip-lazy no-lazyload noLazy\" data-lazy-src=\"\" src=\"https:\/\/frank-lovisolo.fr\/WordPress\/wp-content\/flagallery\/migration-verticale\/migration-007.jpg\" alt=\"- - -\" title=\"-\"><img decoding=\"async\" class=\"skip-lazy no-lazyload noLazy\" data-lazy-src=\"\" src=\"https:\/\/frank-lovisolo.fr\/WordPress\/wp-content\/flagallery\/migration-verticale\/migration-008.jpg\" alt=\"- - -\" title=\"-\"><img decoding=\"async\" class=\"skip-lazy no-lazyload noLazy\" data-lazy-src=\"\" src=\"https:\/\/frank-lovisolo.fr\/WordPress\/wp-content\/flagallery\/migration-verticale\/migration-009.jpg\" alt=\"- - -\" title=\"-\"><img decoding=\"async\" class=\"skip-lazy no-lazyload noLazy\" data-lazy-src=\"\" src=\"https:\/\/frank-lovisolo.fr\/WordPress\/wp-content\/flagallery\/migration-verticale\/migration-010.jpg\" alt=\"- - -\" title=\"-\"><img decoding=\"async\" class=\"skip-lazy no-lazyload noLazy\" data-lazy-src=\"\" src=\"https:\/\/frank-lovisolo.fr\/WordPress\/wp-content\/flagallery\/migration-verticale\/migration-011.jpg\" alt=\"- - -\" title=\"-\"><img decoding=\"async\" class=\"skip-lazy no-lazyload noLazy\" data-lazy-src=\"\" src=\"https:\/\/frank-lovisolo.fr\/WordPress\/wp-content\/flagallery\/migration-verticale\/migration-012.jpg\" alt=\"- - -\" title=\"-\"><img decoding=\"async\" class=\"skip-lazy no-lazyload noLazy\" data-lazy-src=\"\" src=\"https:\/\/frank-lovisolo.fr\/WordPress\/wp-content\/flagallery\/migration-verticale\/migration-013.jpg\" alt=\"- - -\" title=\"-\"><img decoding=\"async\" class=\"skip-lazy no-lazyload noLazy\" data-lazy-src=\"\" src=\"https:\/\/frank-lovisolo.fr\/WordPress\/wp-content\/flagallery\/migration-verticale\/migration-014.jpg\" alt=\"- - -\" title=\"-\"><img decoding=\"async\" class=\"skip-lazy no-lazyload noLazy\" data-lazy-src=\"\" src=\"https:\/\/frank-lovisolo.fr\/WordPress\/wp-content\/flagallery\/migration-verticale\/migration-015.jpg\" alt=\"- - -\" title=\"-\"><img decoding=\"async\" class=\"skip-lazy no-lazyload noLazy\" data-lazy-src=\"\" src=\"https:\/\/frank-lovisolo.fr\/WordPress\/wp-content\/flagallery\/migration-verticale\/migration-016.jpg\" alt=\"- - -\" title=\"-\"><img decoding=\"async\" class=\"skip-lazy no-lazyload noLazy\" data-lazy-src=\"\" src=\"https:\/\/frank-lovisolo.fr\/WordPress\/wp-content\/flagallery\/migration-verticale\/migration-017.jpg\" alt=\"- - -\" title=\"-\"><img decoding=\"async\" class=\"skip-lazy no-lazyload noLazy\" data-lazy-src=\"\" src=\"https:\/\/frank-lovisolo.fr\/WordPress\/wp-content\/flagallery\/migration-verticale\/migration-018.jpg\" alt=\"- - -\" title=\"-\"><img decoding=\"async\" class=\"skip-lazy no-lazyload noLazy\" data-lazy-src=\"\" src=\"https:\/\/frank-lovisolo.fr\/WordPress\/wp-content\/flagallery\/migration-verticale\/migration-019.jpg\" alt=\"- - -\" title=\"-\"><img decoding=\"async\" class=\"skip-lazy no-lazyload noLazy\" data-lazy-src=\"\" src=\"https:\/\/frank-lovisolo.fr\/WordPress\/wp-content\/flagallery\/migration-verticale\/migration-020.jpg\" alt=\"- - -\" title=\"-\"><img decoding=\"async\" class=\"skip-lazy no-lazyload noLazy\" data-lazy-src=\"\" src=\"https:\/\/frank-lovisolo.fr\/WordPress\/wp-content\/flagallery\/migration-verticale\/migration-021.jpg\" alt=\"- - -\" title=\"-\"><img decoding=\"async\" class=\"skip-lazy no-lazyload noLazy\" data-lazy-src=\"\" src=\"https:\/\/frank-lovisolo.fr\/WordPress\/wp-content\/flagallery\/migration-verticale\/migration-022.jpg\" alt=\"- - -\" title=\"-\"><img decoding=\"async\" class=\"skip-lazy no-lazyload noLazy\" data-lazy-src=\"\" src=\"https:\/\/frank-lovisolo.fr\/WordPress\/wp-content\/flagallery\/migration-verticale\/migration-023.jpg\" alt=\"- - -\" title=\"-\"><img decoding=\"async\" class=\"skip-lazy no-lazyload noLazy\" data-lazy-src=\"\" src=\"https:\/\/frank-lovisolo.fr\/WordPress\/wp-content\/flagallery\/migration-verticale\/migration-024.jpg\" alt=\"- - -\" title=\"-\"><img decoding=\"async\" class=\"skip-lazy no-lazyload noLazy\" data-lazy-src=\"\" src=\"https:\/\/frank-lovisolo.fr\/WordPress\/wp-content\/flagallery\/migration-verticale\/migration-025.jpg\" alt=\"- - -\" title=\"-\"><\/noscript><\/div>\n<hr \/>\n<\/td>\n<\/tr>\n<tr>\n<td colspan=\"2\">\n<p style=\"text-align: justify;\"><span style=\"font-size: 28px;\"><img loading=\"lazy\" decoding=\"async\" class=\"alignleft wp-image-10079 size-medium\" title=\"Malte l'adjectif \u00abnycth\u00e9m\u00e9ral\u00bb, relatif \u00e0 la succession du jour et de la nuit, n'est pr\u00e9texte qu'\u00e0 la d\u00e9couverte du mot et des images\" src=\"https:\/\/frank-lovisolo.fr\/WordPress\/wp-content\/uploads\/2013\/11\/Migration-023-560x377.jpg\" alt=\"Malte l'adjectif \u00abnycth\u00e9m\u00e9ral\u00bb, relatif \u00e0 la succession du jour et de la nuit, n'est pr\u00e9texte qu'\u00e0 la d\u00e9couverte du mot et des images\" width=\"560\" height=\"377\" srcset=\"https:\/\/frank-lovisolo.fr\/WordPress\/wp-content\/uploads\/2013\/11\/Migration-023-560x377.jpg 560w, https:\/\/frank-lovisolo.fr\/WordPress\/wp-content\/uploads\/2013\/11\/Migration-023-867x583.jpg 867w, https:\/\/frank-lovisolo.fr\/WordPress\/wp-content\/uploads\/2013\/11\/Migration-023-222x150.jpg 222w, https:\/\/frank-lovisolo.fr\/WordPress\/wp-content\/uploads\/2013\/11\/Migration-023-150x101.jpg 150w, https:\/\/frank-lovisolo.fr\/WordPress\/wp-content\/uploads\/2013\/11\/Migration-023.jpg 891w\" sizes=\"auto, (max-width: 560px) 100vw, 560px\" \/>L<\/span><span style=\"font-size: 20px;\">e <b>nycth\u00e9m\u00e8re<\/b>, ou nyct\u00e9m\u00e8re, (du grec <i>nukth\u00eameron<\/i>, mot compos\u00e9 \u00e0 partir de nux, nuktos, \u00abnuit\u00bb, et h\u00eamera, \u00abjour\u00bb) est un terme technique utilis\u00e9 en pharmacie, physiologie, en m\u00e9decine, en science v\u00e9t\u00e9rinaire ou encore en \u00e9cologie pour d\u00e9signer une alternance d&rsquo;un jour et d&rsquo;une nuit correspondant \u00e0 un cycle biologique de 24 heures.<\/span><\/p>\n<p style=\"text-align: justify;\"><span style=\"font-size: 20px;\">On \u00e9vitera de confondre avec le\u00a0\u00ab\u00a0<em>niktamere<\/em>\u00a0\u00bb et ses cons\u00e9quences&#8230;<\/span><\/p>\n<p style=\"text-align: justify;\"><span style=\"font-size: 20px;\">Ce cycle inclut chez la plupart des esp\u00e8ces complexes une p\u00e9riode de veille et une p\u00e9riode de sommeil, ce qui correspond respectivement \u00e0 un jour et une nuit pour les esp\u00e8ces diurnes et \u00e0 l&rsquo;inverse pour les esp\u00e8ces strictement nocturnes.<\/span><\/p>\n<h4 style=\"text-align: justify;\"><span class=\"ez-toc-section\" id=\"ladjectif-en-rapport-est-nycthemeral\"><\/span><span style=\"font-size: 20px;\">L&rsquo;adjectif en rapport est <b>nycth\u00e9m\u00e9ral<\/b>.<\/span><span class=\"ez-toc-section-end\"><\/span><\/h4>\n<p style=\"text-align: justify;\"><span style=\"font-size: 20px;\">On parle pour les esp\u00e8ces vivantes de <i>rythme nycth\u00e9m\u00e9ral<\/i> et de <i>cycle nycth\u00e9m\u00e9ral<\/i>. Ces cycles sont r\u00e9gul\u00e9s par les variations rythmiques et naturelles de luminosit\u00e9 (intensit\u00e9, dur\u00e9e du jour), avec parfois une influence de la temp\u00e9rature.<\/span><\/p>\n<p style=\"text-align: justify;\"><span style=\"font-size: 20px;\">Le rythme nycth\u00e9m\u00e9ral ne doit pas \u00eatre confondu avec le rythme circadien, d&rsquo;approximativement 24h, qui est d\u00e9termin\u00e9 par des causes endog\u00e8nes (horloges biologiques). Le rythme circadien peut par exemple concerner des individus isol\u00e9s du monde ext\u00e9rieur, ou des esp\u00e8ces vivant dans les grandes profondeurs terrestres ou marines. <a href=\"https:\/\/fr.wikipedia.org\/wiki\/Rythme_nycth%C3%A9m%C3%A9ral\" target=\"_blank\" rel=\"noopener noreferrer\">La suite &gt;&gt;&gt;&gt;&gt;&gt;&gt;<\/a><\/span><\/p>\n<p><span style=\"text-decoration: underline; font-size: 20px;\"><i>La plupart des migrations animales suivent le rythme de l&rsquo;alternance des jours et des nuits\u00a0(<span class=\"tlf_cauteur\">J.-M. <span class=\"tlf_smallcaps\">P\u00e9r\u00e8s<\/span><\/span><span class=\"tlf_ctitre\">, <i>Vie oc\u00e9an<\/i><\/span><span class=\"tlf_cdate\">, 1966<\/span>, p.50)<\/i><\/span><\/td>\n<\/tr>\n<tr>\n<td colspan=\"2\">\n<h5><span class=\"ez-toc-section\" id=\"a-malte\"><\/span><span style=\"font-size: 20px;\">A Malte:<\/span><span class=\"ez-toc-section-end\"><\/span><\/h5>\n<div style=\"text-align: justify;\"><span style=\"font-size: 20px;\"><img loading=\"lazy\" decoding=\"async\" class=\"wp-image-20483 size-medium alignright\" title=\"Malte\" src=\"https:\/\/frank-lovisolo.fr\/WordPress\/wp-content\/uploads\/2013\/11\/P1240843-560x315.jpg\" alt=\"Malte\" width=\"560\" height=\"315\" srcset=\"https:\/\/frank-lovisolo.fr\/WordPress\/wp-content\/uploads\/2013\/11\/P1240843-560x315.jpg 560w, https:\/\/frank-lovisolo.fr\/WordPress\/wp-content\/uploads\/2013\/11\/P1240843-768x432.jpg 768w, https:\/\/frank-lovisolo.fr\/WordPress\/wp-content\/uploads\/2013\/11\/P1240843.jpg 1024w, https:\/\/frank-lovisolo.fr\/WordPress\/wp-content\/uploads\/2013\/11\/P1240843-250x141.jpg 250w, https:\/\/frank-lovisolo.fr\/WordPress\/wp-content\/uploads\/2013\/11\/P1240843-150x84.jpg 150w\" sizes=\"auto, (max-width: 560px) 100vw, 560px\" \/><em>La Valette, en maltais Il-Belt Valletta ou plus simplement Valletta, distingu\u00e9e par le titre de Citt\u00e0 Umilissima, est la capitale de la R\u00e9publique de Malte.<\/em><\/span><\/div>\n<div style=\"text-align: justify;\"><span style=\"font-size: 20px;\"><em>Situ\u00e9e sur la c\u00f4te nord-est de l&rsquo;\u00eele de Malte, peupl\u00e9e d&rsquo;environ 6 600 habitants, les Beltin (au singulier : masculin Belti, f\u00e9minin Beltija), c&rsquo;est le lieu d&rsquo;un conseil municipal (Kunsill Lokali) compris dans la r\u00e9gion (Re\u0121jun) Nofsinhar.<\/em><\/span><\/div>\n<div style=\"text-align: justify;\"><span style=\"font-size: 20px;\"><em>La Valette est construite \u00e0 partir de 1566 par la volont\u00e9 des grands ma\u00eetres de l&rsquo;ordre hospitalier de Saint-Jean de J\u00e9rusalem, ma\u00eetres de l&rsquo;archipel de 1530 \u00e0 1798. La ville comporte de nombreux b\u00e2timents de cette \u00e9poque : on y recense 320 monuments sur une superficie de 55 hectares, concentration exceptionnelle dans le monde. La ville est inscrite sur la liste du patrimoine mondial de l&rsquo;humanit\u00e9 (liste de l&rsquo;UNESCO) depuis 1980 et sera capitale europ\u00e9enne de la culture en 2018.<\/em><\/span><\/div>\n<div style=\"text-align: justify;\"><span style=\"font-size: 20px;\">[<a href=\"https:\/\/fr.wikipedia.org\/wiki\/La_Valette\" target=\"_blank\" rel=\"noopener noreferrer\">Source<\/a>]<\/span><\/div>\n<\/td>\n<\/tr>\n<\/tbody>\n<\/table>\n<div style=\"text-align: center;\"><span style=\"color: #ffffff;\">&#8230;<\/span><a id=\"com\"><\/a><\/div>\n<div id=\"ez-toc-container\" class=\"ez-toc-v2_0_82_2 ez-toc-wrap-center counter-hierarchy ez-toc-counter ez-toc-light-blue ez-toc-container-direction\">\n<label for=\"ez-toc-cssicon-toggle-item-69f166900bfcd\" class=\"ez-toc-cssicon-toggle-label\"><p class=\"ez-toc-title\" style=\"cursor:inherit\">Table des mati\u00e8res<\/p>\n<span class=\"ez-toc-cssicon\"><span class=\"eztoc-hide\" style=\"display:none;\">Toggle<\/span><span class=\"ez-toc-icon-toggle-span\"><svg style=\"fill: #999;color:#999\" xmlns=\"http:\/\/www.w3.org\/2000\/svg\" class=\"list-377408\" width=\"20px\" height=\"20px\" viewBox=\"0 0 24 24\" fill=\"none\"><path d=\"M6 6H4v2h2V6zm14 0H8v2h12V6zM4 11h2v2H4v-2zm16 0H8v2h12v-2zM4 16h2v2H4v-2zm16 0H8v2h12v-2z\" fill=\"currentColor\"><\/path><\/svg><svg style=\"fill: #999;color:#999\" class=\"arrow-unsorted-368013\" xmlns=\"http:\/\/www.w3.org\/2000\/svg\" width=\"10px\" height=\"10px\" viewBox=\"0 0 24 24\" version=\"1.2\" baseProfile=\"tiny\"><path d=\"M18.2 9.3l-6.2-6.3-6.2 6.3c-.2.2-.3.4-.3.7s.1.5.3.7c.2.2.4.3.7.3h11c.3 0 .5-.1.7-.3.2-.2.3-.5.3-.7s-.1-.5-.3-.7zM5.8 14.7l6.2 6.3 6.2-6.3c.2-.2.3-.5.3-.7s-.1-.5-.3-.7c-.2-.2-.4-.3-.7-.3h-11c-.3 0-.5.1-.7.3-.2.2-.3.5-.3.7s.1.5.3.7z\"\/><\/svg><\/span><\/span><\/label><input type=\"checkbox\"  id=\"ez-toc-cssicon-toggle-item-69f166900bfcd\" checked \/><nav><ul class='ez-toc-list ez-toc-list-level-1 ' ><li class='ez-toc-page-1 ez-toc-heading-level-4'><a class=\"ez-toc-link ez-toc-heading-1\" href=\"https:\/\/frank-lovisolo.fr\/WordPress\/rythme-nycthemeral-grues-valette-malte\/#ladjectif-en-rapport-est-nycthemeral\" >L&rsquo;adjectif en rapport est nycth\u00e9m\u00e9ral.<\/a><ul class='ez-toc-list-level-5' ><li class='ez-toc-heading-level-5'><a class=\"ez-toc-link ez-toc-heading-2\" href=\"https:\/\/frank-lovisolo.fr\/WordPress\/rythme-nycthemeral-grues-valette-malte\/#a-malte\" >A Malte:<\/a><\/li><\/ul><\/li><\/ul><\/nav><\/div>\n","protected":false},"excerpt":{"rendered":"<p><span class=\"span-reading-time rt-reading-time\" style=\"display: block;\"><span class=\"rt-label rt-prefix\">Reading Time: <\/span> <span class=\"rt-time\"> 2<\/span> <span class=\"rt-label rt-postfix\">minutes<\/span><\/span>\u2026 <a class=\"continue-reading-link\" href=\"https:\/\/frank-lovisolo.fr\/WordPress\/rythme-nycthemeral-grues-valette-malte\/\">Suite &#8211; Continue reading<\/a><\/p>\n","protected":false},"author":1,"featured_media":10079,"comment_status":"open","ping_status":"open","sticky":false,"template":"","format":"standard","meta":{"footnotes":""},"categories":[16,1],"tags":[1097,1094,1095,1629,1092,1954],"class_list":["post-10074","post","type-post","status-publish","format-standard","has-post-thumbnail","hentry","category-photographies","category-tous-les-articles","tag-cranes","tag-grues","tag-la-valette","tag-malta","tag-migration","tag-nycthemeral"],"_links":{"self":[{"href":"https:\/\/frank-lovisolo.fr\/WordPress\/wp-json\/wp\/v2\/posts\/10074","targetHints":{"allow":["GET"]}}],"collection":[{"href":"https:\/\/frank-lovisolo.fr\/WordPress\/wp-json\/wp\/v2\/posts"}],"about":[{"href":"https:\/\/frank-lovisolo.fr\/WordPress\/wp-json\/wp\/v2\/types\/post"}],"author":[{"embeddable":true,"href":"https:\/\/frank-lovisolo.fr\/WordPress\/wp-json\/wp\/v2\/users\/1"}],"replies":[{"embeddable":true,"href":"https:\/\/frank-lovisolo.fr\/WordPress\/wp-json\/wp\/v2\/comments?post=10074"}],"version-history":[{"count":2,"href":"https:\/\/frank-lovisolo.fr\/WordPress\/wp-json\/wp\/v2\/posts\/10074\/revisions"}],"predecessor-version":[{"id":50539,"href":"https:\/\/frank-lovisolo.fr\/WordPress\/wp-json\/wp\/v2\/posts\/10074\/revisions\/50539"}],"wp:featuredmedia":[{"embeddable":true,"href":"https:\/\/frank-lovisolo.fr\/WordPress\/wp-json\/wp\/v2\/media\/10079"}],"wp:attachment":[{"href":"https:\/\/frank-lovisolo.fr\/WordPress\/wp-json\/wp\/v2\/media?parent=10074"}],"wp:term":[{"taxonomy":"category","embeddable":true,"href":"https:\/\/frank-lovisolo.fr\/WordPress\/wp-json\/wp\/v2\/categories?post=10074"},{"taxonomy":"post_tag","embeddable":true,"href":"https:\/\/frank-lovisolo.fr\/WordPress\/wp-json\/wp\/v2\/tags?post=10074"}],"curies":[{"name":"wp","href":"https:\/\/api.w.org\/{rel}","templated":true}]}}