{"id":4013,"count":5,"description":"<table style=\"border-collapse: collapse;width: 100%\">\r\n<tbody>\r\n<tr>\r\n<td style=\"width: 100%\"><a href=\"https:\/\/frankcesarlovisolo.bandcamp.com\/album\/covered-passage\" target=\"_blank\" rel=\"noopener\"><img class=\"aligncenter wp-image-51222 size-full\" src=\"https:\/\/frank-lovisolo.fr\/WordPress\/wp-content\/uploads\/2025\/11\/bandcamp-logotype-color-512-FrankV2.png\" alt=\"\" width=\"512\" height=\"42\" \/><\/a>\r\n<h1 style=\"text-align: center\"><a href=\"#AREXT01\"><span style=\"font-size: 22px\">Articles &amp; extraits<\/span><\/a><\/h1>\r\n<img class=\"aligncenter wp-image-48391 size-large\" src=\"https:\/\/frank-lovisolo.fr\/WordPress\/wp-content\/uploads\/2024\/08\/Covered-Passage-IMA-1024x538.jpg\" alt=\"\" width=\"1024\" height=\"538\" \/>\r\n\r\n<img class=\"aligncenter size-medium wp-image-52977\" src=\"https:\/\/frank-lovisolo.fr\/WordPress\/wp-content\/uploads\/2026\/04\/separateur-par-2026-LR-460x20.png\" alt=\"\" width=\"460\" height=\"20\" \/><\/td>\r\n<\/tr>\r\n<tr>\r\n<td style=\"width: 100%\">\r\n<div style=\"text-align: center\"><span style=\"font-size: 24px\"><strong><span style=\"color: #320000\"><a id=\"AREXT01\"><\/a>Articles:<\/span><\/strong><\/span><\/div>\r\n<p style=\"text-align: center\"><span style=\"font-size: 20px\">1 - <a href=\"https:\/\/frank-lovisolo.fr\/WordPress\/primitive-ocean\/\" target=\"_blank\" rel=\"noopener\">PRIMITIVE OCEAN<\/a> - 8mn19<\/span>\r\n<span style=\"font-size: 20px\">2 - <a href=\"https:\/\/frank-lovisolo.fr\/WordPress\/de-triomf-van-de-dood\/\" target=\"_blank\" rel=\"noopener\">DE TRIOMPH VAN DE DOOD<\/a> - 14mn58<\/span>\r\n<span style=\"font-size: 20px\">3 - <a href=\"https:\/\/frank-lovisolo.fr\/WordPress\/le-mariage-dharmonie-et-cadmos\/\" target=\"_blank\" rel=\"noopener\">LE MARIAGE D'HARMONIE ET CADMOS<\/a> - 9mn58<\/span>\r\n<span style=\"font-size: 20px\">4 - <a href=\"https:\/\/frank-lovisolo.fr\/WordPress\/blanches-demeurent-les-tenebres\/\" target=\"_blank\" rel=\"noopener\">BLANCHES DEMEURENT LES TENEBRES<\/a> - 8mn09<\/span>\r\n<span style=\"font-size: 20px\">5 - <a href=\"https:\/\/frank-lovisolo.fr\/WordPress\/la-sima-de-los-huesos\/\" target=\"_blank\" rel=\"noopener\">LA SIMA DE LOS HUESOS<\/a> - 9mn31<\/span><\/p>\r\n<\/td>\r\n<\/tr>\r\n<\/tbody>\r\n<\/table>\r\n<div><span style=\"color: #ffffff\">-<img class=\"aligncenter size-medium wp-image-52977\" src=\"https:\/\/frank-lovisolo.fr\/WordPress\/wp-content\/uploads\/2026\/04\/separateur-par-2026-LR-460x20.png\" alt=\"\" width=\"460\" height=\"20\" \/><\/span><\/div>\r\n<div>\r\n<table class=\" alignright\" style=\"width: 100%;border-collapse: collapse\" cellpadding=\"20\">\r\n<tbody>\r\n<tr style=\"height: 48px\">\r\n<td style=\"background-color: #ffffff;text-align: center;vertical-align: middle;width: 33%\" rowspan=\"2\">\r\n<h3 style=\"text-align: center\"><span style=\"font-size: 24px\"><strong>Extraits<\/strong><\/span><\/h3>\r\n<\/td>\r\n<td style=\"width: 34%;height: 48px;background-color: #ffffff;text-align: center;vertical-align: middle\">\r\n<div style=\"text-align: center\"><span style=\"font-size: 14px\"><strong>1 - PRIMITIVE OCEAN<\/strong><\/span><\/div><\/td>\r\n<td style=\"width: 33%;height: 48px;background-color: #ffffff;text-align: center;vertical-align: middle\">\r\n<div style=\"text-align: center\"><span style=\"font-size: 14px\"><strong>2 - DE TRIOMPH VAN DE DOOD<\/strong><\/span><\/div><\/td>\r\n<\/tr>\r\n<tr>\r\n<td style=\"width: 25%;text-align: center;background-color: #000000\">\r\n<div style=\"text-align: center\">\r\n\r\n[audio mp3=\"https:\/\/frank-lovisolo.fr\/WordPress\/wp-content\/uploads\/2024\/08\/Primitive-Ocean.mp3\"][\/audio]\r\n\r\n<\/div><\/td>\r\n<td style=\"width: 50%;text-align: center;background-color: #000000\">\r\n<div style=\"text-align: center\">\r\n\r\n[audio mp3=\"https:\/\/frank-lovisolo.fr\/WordPress\/wp-content\/uploads\/2024\/08\/De-Triomf-Van-De-Dood.mp3\"][\/audio]\r\n\r\n<\/div><\/td>\r\n<\/tr>\r\n<\/tbody>\r\n<\/table>\r\n<\/div>\r\n<table style=\"width: 100%;border-collapse: collapse\" cellpadding=\"20\">\r\n<tbody>\r\n<tr style=\"height: 48px\">\r\n<td style=\"width: 33%;height: 48px;background-color: #ffffff;text-align: right;vertical-align: middle\">\r\n<div style=\"text-align: center\"><span style=\"font-size: 14px\"><strong>3 - LE MARIAGE D'HARMONIE ET CADMOS<\/strong><\/span><\/div><\/td>\r\n<td style=\"width: 34%;height: 48px;background-color: #ffffff;text-align: right;vertical-align: middle\">\r\n<div style=\"text-align: center\"><span style=\"font-size: 14px\"><strong>4 - BLANCHES DEMEURENT LES TENEBRES<\/strong><\/span><\/div><\/td>\r\n<td style=\"width: 33%;background-color: #ffffff;height: 48px;text-align: right;vertical-align: middle\">\r\n<div style=\"text-align: center\">\r\n<div style=\"text-align: center\"><span style=\"font-size: 14px\"><strong>5 - LA SIMA DE LOS HUESOS<\/strong><\/span><\/div>\r\n<\/div><\/td>\r\n<\/tr>\r\n<tr>\r\n<td style=\"width: 19.9855%;background-color: #000000\">\r\n<div style=\"text-align: center\">\r\n\r\n[audio mp3=\"https:\/\/frank-lovisolo.fr\/WordPress\/wp-content\/uploads\/2024\/08\/Le-Mariage-dHarmonie-et-Cadmos.mp3\"][\/audio]\r\n\r\n<\/div><\/td>\r\n<td style=\"width: 19.9855%;background-color: #000000\">\r\n<div style=\"text-align: center\">\r\n\r\n[audio mp3=\"https:\/\/frank-lovisolo.fr\/WordPress\/wp-content\/uploads\/2024\/08\/Blanches-demeurent-les-tenebres.mp3\"][\/audio]\r\n\r\n<\/div><\/td>\r\n<td style=\"width: 19.9855%;background-color: #000000\">\r\n<div style=\"text-align: center\">\r\n\r\n[audio mp3=\"https:\/\/frank-lovisolo.fr\/WordPress\/wp-content\/uploads\/2024\/08\/La-Sima-de-los-Huesos.mp3\"][\/audio]\r\n\r\n<\/div><\/td>\r\n<\/tr>\r\n<\/tbody>\r\n<\/table>\r\n<div style=\"text-align: center\">\r\n\r\n&nbsp;\r\n\r\n<\/div>\r\n<strong><span style=\"font-size: 22px\">\u00c9coute Int\u00e9grale :<\/span><\/strong>\r\n<h2 style=\"text-align: center\"><strong><span style=\"font-size: 22px\"><a href=\"https:\/\/frankcesarlovisolo.bandcamp.com\/album\/covered-passage\" target=\"_blank\" rel=\"noopener\"><img class=\"aligncenter wp-image-51127 size-full\" src=\"https:\/\/frank-lovisolo.fr\/WordPress\/wp-content\/uploads\/2022\/11\/bandcamp-logotype-color-400-Frank.png\" alt=\"\" width=\"400\" height=\"33\" \/><\/a><\/span><\/strong><\/h2>\r\n<p style=\"text-align: center\"><span style=\"font-size: 22px\"><strong><span style=\"text-decoration: underline\"><a href=\"#RES01\">Lire le r\u00e9sum\u00e9 des articles<\/a><\/span><\/strong><\/span><\/p>\r\n\r\n<div><\/div>\r\n<div><img class=\"aligncenter size-medium wp-image-52977\" src=\"https:\/\/frank-lovisolo.fr\/WordPress\/wp-content\/uploads\/2026\/04\/separateur-par-2026-LR-460x20.png\" alt=\"\" width=\"460\" height=\"20\" \/><\/div>\r\n<div><span style=\"color: #ffffff\">--<\/span><\/div>\r\n<table style=\"border-collapse: collapse;width: 100%\">\r\n<tbody>\r\n<tr>\r\n<td style=\"width: 100%;text-align: center\">\r\n<h3 style=\"text-align: center\"><strong><span style=\"font-size: 22px\">A propos de l'illustrations:<\/span><\/strong><\/h3>\r\n<span style=\"font-size: 20px\">Images non retenues, mais qui pr\u00e9sentent peut-\u00eatre un int\u00e9r\u00eat:\r\n<span style=\"color: #ffffff\">-<\/span><\/span><\/td>\r\n<\/tr>\r\n<tr>\r\n<td style=\"width: 100%;text-align: center\">[flagallery gid=345 w=1024\u00a0 skin=horizon align=center]\r\n<div><span style=\"font-size: 20px;background-color: #000032;color: #99ffcc\"><span style=\"font-size: 16px;background-color: #000032\">\u00a0 <span style=\"font-size: 15px\"><strong>Cliquez sur une photo pour acc\u00e9der au diaporama<\/strong><\/span>.\r\nClick on a photo to activate the slideshow.\u00a0<\/span><\/span>\r\n<span style=\"color: #ffffff\">-<\/span><\/div>\r\n<div><span style=\"font-size: 18px\">R\u00e9alis\u00e9es avec un algorithme d'intelligence artificielle, \u00e0 partir de mes photographies et cr\u00e9ations fractales.\r\n<span style=\"color: #ffffff\">-<\/span><\/span><\/div>\r\n<div><\/div>\r\n<div><span style=\"color: #ffffff\"><img class=\"aligncenter size-medium wp-image-52977\" src=\"https:\/\/frank-lovisolo.fr\/WordPress\/wp-content\/uploads\/2026\/04\/separateur-par-2026-LR-460x20.png\" alt=\"\" width=\"460\" height=\"20\" \/>-<\/span><\/div><\/td>\r\n<\/tr>\r\n<tr>\r\n<td style=\"width: 100%;text-align: center\"><span style=\"font-size: 20px\">Sous la verri\u00e8re d\u2019un passage couvert, la ville retient son souffle.<\/span>\r\n<span style=\"font-size: 20px\">La pluie y devient lumi\u00e8re, les pas s\u2019y font murmure.<\/span>\r\n<span style=\"font-size: 20px\">Entre le dehors bruyant et l\u2019intime secret, cet espace suspendu tisse un r\u00eave de verre et d\u2019ombre.<\/span>\r\n<span style=\"font-size: 20px\">On y marche comme dans une pens\u00e9e \u2014 \u00e0 la fois prot\u00e9g\u00e9 et ouvert,<\/span>\r\n<span style=\"font-size: 20px\">cherchant dans les reflets des vitrines le visage mouvant du monde.Le passage est un seuil : ni rue, ni maison, mais l\u2019entre-deux du regard.<\/span>\r\n<span style=\"font-size: 20px\">Il abrite les d\u00e9sirs qui errent, les songes en vitrine,<\/span>\r\n<span style=\"font-size: 20px\">et l\u2019\u00e9ternel fl\u00e2neur qui, sans le savoir, avance en lui-m\u00eame.<\/span>\r\n<span style=\"font-size: 20px\">Sous sa vo\u00fbte claire, le temps se plie, la ville se fait m\u00e9moire,<\/span>\r\n<span style=\"font-size: 20px\">et chaque pas devient une m\u00e9ditation,<\/span>\r\n<span style=\"font-size: 20px\">une travers\u00e9e douce entre le r\u00e9el et l\u2019imaginaire.<\/span><span style=\"color: #ffffff\">-<\/span>\r\n<img class=\"aligncenter wp-image-52977\" src=\"https:\/\/frank-lovisolo.fr\/WordPress\/wp-content\/uploads\/2026\/04\/separateur-par-2026-LR.png\" alt=\"\" width=\"494\" height=\"22\" \/><span style=\"color: #ffffff\">-<\/span><span style=\"font-size: 20px\">Beneath the glass canopy of a covered passage, the city holds its breath.<\/span>\r\n<span style=\"font-size: 20px\">Rain becomes light there; footsteps turn to whispers.<\/span>\r\n<span style=\"font-size: 20px\">Between the clamour outside and the secret within, this suspended space weaves a dream of glass and shadow.<\/span>\r\n<span style=\"font-size: 20px\">One walks through it as through a thought \u2014 at once sheltered and open,<\/span>\r\n<span style=\"font-size: 20px\">seeking in the shimmer of shop windows the shifting face of the world.The passage is a threshold: neither street nor home, but the in-between of sight.<\/span>\r\n<span style=\"font-size: 20px\">It shelters wandering desires, dreams displayed behind glass,<\/span>\r\n<span style=\"font-size: 20px\">and the eternal fl\u00e2neur who, unknowing, walks deeper into himself.<\/span>\r\n<span style=\"font-size: 20px\">Beneath its lucid vault, time bends, the city becomes memory,<\/span>\r\n<span style=\"font-size: 20px\">and every step is a meditation,<\/span>\r\n<span style=\"font-size: 20px\">a gentle crossing between the real and the imagined.<\/span><\/td>\r\n<\/tr>\r\n<\/tbody>\r\n<\/table>\r\n<span style=\"color: #ffffff\">...<\/span><a id=\"RES01\"><\/a>","link":"https:\/\/frank-lovisolo.fr\/WordPress\/covered-passage\/","name":"Covered Passage","slug":"covered-passage","taxonomy":"category","parent":0,"meta":[],"_links":{"self":[{"href":"https:\/\/frank-lovisolo.fr\/WordPress\/wp-json\/wp\/v2\/categories\/4013","targetHints":{"allow":["GET"]}}],"collection":[{"href":"https:\/\/frank-lovisolo.fr\/WordPress\/wp-json\/wp\/v2\/categories"}],"about":[{"href":"https:\/\/frank-lovisolo.fr\/WordPress\/wp-json\/wp\/v2\/taxonomies\/category"}],"wp:post_type":[{"href":"https:\/\/frank-lovisolo.fr\/WordPress\/wp-json\/wp\/v2\/posts?categories=4013"},{"href":"https:\/\/frank-lovisolo.fr\/WordPress\/wp-json\/wp\/v2\/pages?categories=4013"}],"curies":[{"name":"wp","href":"https:\/\/api.w.org\/{rel}","templated":true}]}}